{"id":3850,"date":"2020-01-12T20:15:06","date_gmt":"2020-01-12T20:15:06","guid":{"rendered":"http:\/\/www.eldigitaldeasturias.com\/radio\/?p=3850"},"modified":"2020-01-12T20:15:06","modified_gmt":"2020-01-12T20:15:06","slug":"jose-angel-palao-premiado-en-new-york-por-arttour-international-magazine","status":"publish","type":"post","link":"https:\/\/eldigitaldeasturias.com\/radio\/jose-angel-palao-premiado-en-new-york-por-arttour-international-magazine\/","title":{"rendered":"Jos\u00e9 \u00c1ngel Palao premiado en New York por ArtTour International Magazine"},"content":{"rendered":"<p><img fetchpriority=\"high\" decoding=\"async\" class=\"alignleft size-medium wp-image-3851\" src=\"http:\/\/www.eldigitaldeasturias.com\/radio\/wp-content\/uploads\/2020\/01\/1578656688_JOS_NGEL_PALAO._IMAGEN_2_Somos_naturaleza_cuid_monos_y_no_oscurezcamos_m_s_la_luz_de_vida_de_nuestro_mundo_-297x300.jpg\" alt=\"\" width=\"297\" height=\"300\" srcset=\"https:\/\/eldigitaldeasturias.com\/radio\/wp-content\/uploads\/2020\/01\/1578656688_JOS_NGEL_PALAO._IMAGEN_2_Somos_naturaleza_cuid_monos_y_no_oscurezcamos_m_s_la_luz_de_vida_de_nuestro_mundo_-297x300.jpg 297w, https:\/\/eldigitaldeasturias.com\/radio\/wp-content\/uploads\/2020\/01\/1578656688_JOS_NGEL_PALAO._IMAGEN_2_Somos_naturaleza_cuid_monos_y_no_oscurezcamos_m_s_la_luz_de_vida_de_nuestro_mundo_-768x776.jpg 768w, https:\/\/eldigitaldeasturias.com\/radio\/wp-content\/uploads\/2020\/01\/1578656688_JOS_NGEL_PALAO._IMAGEN_2_Somos_naturaleza_cuid_monos_y_no_oscurezcamos_m_s_la_luz_de_vida_de_nuestro_mundo_-100x100.jpg 100w, https:\/\/eldigitaldeasturias.com\/radio\/wp-content\/uploads\/2020\/01\/1578656688_JOS_NGEL_PALAO._IMAGEN_2_Somos_naturaleza_cuid_monos_y_no_oscurezcamos_m_s_la_luz_de_vida_de_nuestro_mundo_.jpg 1000w\" sizes=\"(max-width: 297px) 100vw, 297px\" \/>El fot\u00f3grafo murciano Jos\u00e9 \u00c1ngel Palao figura entre los artistas procedentes de m\u00e1s de veinte pa\u00edses premiados este a\u00f1o por la neoyorquina revista\u00a0<span style=\"color: #ff6600;\"><a style=\"color: #ff6600;\" href=\"https:\/\/www.arttourinternational.com\/\" target=\"_blank\" rel=\"nofollow noopener noreferrer\"><strong>ArtTour International Magazine<\/strong><\/a><\/span>\u00a0(ATIM) con el ARTYA Award al ser reconocido como ATIM Artivist of the Year 2019. La noticia la recibi\u00f3 a trav\u00e9s de Viviana Puello, Founder\/CEO y Editor-in-Chief de este magazine presente en m\u00e1s de doscientos pa\u00edses con una audiencia que supera los 2.1 millones de lectores. Fundada en 2011, ArtTour International, en su b\u00fasqueda por construir una plataforma de di\u00e1logo sobre el arte contempor\u00e1neo, se ha convertido en una marca ic\u00f3nica de arte y cultura visual.<\/p>\n<p>Los ARTYA constituyen un programa de premios de vanguardia para honrar a una serie de elegidos artistas del panorama internacional por su papel en la conservaci\u00f3n del medioambiente a trav\u00e9s del arte, consiguiendo con ello realizar un impacto en el mundo. En definitiva, un premio para agradecerles que, como mejores artistas ambientalistas del a\u00f1o, dediquen su trabajo para hacer de este globo terrestre un lugar mejor.<\/p>\n<p>Y respecto a la situaci\u00f3n global del entorno, el laureado fot\u00f3grafo, igualmente nombrado en la Gran Manzana miembro honorario de Artists for a Green Planet, declara: \u201cAmo a mi pa\u00eds, Espa\u00f1a. Amo a mi continente, Europa, amo a Am\u00e9rica y amo a la maravillosa Madre Tierra que nos sustenta rodeando amorosa con sus brazos sin fronteras el orbe por completo y, por tanto, como ciudadano del mundo digo que tenemos que amar much\u00edsimo m\u00e1s a todo nuestro planeta, a nuestro propio hogar planetario en su conjunto. Y lograremos este objetivo uniendo nuestras fuerzas, estoy convencido de eso, pero es urgente marcar la diferencia y aprender a caminar armoniosos sobre \u00e9l sin ensuciarlo ni herirlo. \u00a1Somos naturaleza, cuid\u00e9monos y no oscurezcamos m\u00e1s la luz de vida de nuestro mundo!\u201d Y a\u00f1ade: \u201cEn el fondo, ciertas l\u00edneas creativas de mi trabajo, seg\u00fan yo entiendo y practico la\u00a0<span style=\"color: #ff6600;\"><strong><a style=\"color: #ff6600;\" href=\"https:\/\/fdbconecta.es\/\" target=\"_blank\" rel=\"nofollow noopener noreferrer\">fotograf\u00eda art\u00edstica<\/a><\/strong><\/span>\u00a0fusionada con el arte contempor\u00e1neo digital, est\u00e1n dirigidas a ampliar la conciencia, sensibilidad, compromiso, responsabilidad y educaci\u00f3n ambiental, entre otros aspectos\u201d.<\/p>\n<p>Este a\u00f1o la ceremonia de los ARTYA Awards 2019 (The Artivist of the Year Awards), presentada por ArtTour International Magazine en colaboraci\u00f3n con Artists for a Green Planet y Manhattan Neighborhood Network El Barrio Firehouse, se llev\u00f3 a cabo en New York el pasado d\u00eda 13 de diciembre ante las c\u00e1maras del ArtTour International TV Show producido en los MNN Television Studios localizados en East Harlem.<\/p>\n<p>El artista murciano, al no haber podido viajar a los Estados Unidos para recoger en persona el galard\u00f3n, estuvo representado en la gala por Jorge P\u00e9rez Rodr\u00edguez, quien recibi\u00f3 el premio en su nombre, y por Leyre Oruetxebarria Garc\u00eda, miembros de la Secci\u00f3n Cultural del Consulado General de Espa\u00f1a en New York. Los premiados recibieron una escultura original, \u00fanica en color y forma, titulada \u00abSunset of Hope\u00bb (Crep\u00fasculo de esperanza) que, resguardada en su estuche y creada en bronce, representa una hoja de oto\u00f1o.<\/p>\n<p>Adelantar que Jos\u00e9 \u00c1ngel tambi\u00e9n ha sido en NYC seleccionado por ATIM como uno de los Artists of the Decade (Artistas de la D\u00e9cada), cuyos nombres ser\u00e1n hechos p\u00fablicos a finales de enero en la primera publicaci\u00f3n especial del a\u00f1o impresa y digital con car\u00e1cter de aniversario de ArtTour International Magazine; as\u00ed como en plataformas multimedia, redes sociales, suscriptores y en un episodio especial del programa de televisi\u00f3n de ArtTour titulado \u00abTop Artists To Watch This New Decade\u00bb, que est\u00e1 previsto que se grabe el d\u00eda 27 de febrero en New York y al que Jos\u00e9 \u00c1ngel Palao, sin que a d\u00eda de hoy est\u00e9 confirmada su presencia, ha sido invitado a participar junto a otros creadores para compartir con la audiencia sus mensajes art\u00edsticos.<\/p>\n<p>Sobre el porqu\u00e9 de la iniciativa de estos reconocimientos, Viviana Puello, editora jefa de este magazine estadounidense, concreta: \u201cAl reflexionar sobre los \u00faltimos diez a\u00f1os, me asombra el talento que he podido conocer. Esa es la raz\u00f3n por la que dedicamos el primer n\u00famero de la d\u00e9cada a artistas que han ayudado a definir el arte tal como lo conocemos\u201d.<\/p>\n","protected":false},"excerpt":{"rendered":"<p>El fot\u00f3grafo murciano Jos\u00e9 \u00c1ngel Palao figura entre los artistas procedentes de m\u00e1s de veinte pa\u00edses premiados este a\u00f1o por la neoyorquina revista\u00a0ArtTour International Magazine\u00a0(ATIM) con el ARTYA Award al ser reconocido como ATIM Artivist of the Year 2019. La noticia la recibi\u00f3 a trav\u00e9s de Viviana Puello, Founder\/CEO y Editor-in-Chief de este magazine presente<\/p>\n","protected":false},"author":1,"featured_media":3851,"comment_status":"closed","ping_status":"closed","sticky":false,"template":"","format":"standard","meta":{"footnotes":""},"categories":[1],"tags":[],"class_list":{"0":"post-3850","1":"post","2":"type-post","3":"status-publish","4":"format-standard","5":"has-post-thumbnail","7":"category-noticias"},"aioseo_notices":[],"aioseo_head":"\n\t\t<!-- All in One SEO Pro 4.9.6.2 - aioseo.com -->\n\t<meta name=\"description\" content=\"El fot\u00f3grafo murciano Jos\u00e9 \u00c1ngel Palao figura entre los artistas procedentes de m\u00e1s de veinte pa\u00edses premiados este a\u00f1o por la neoyorquina revista ArtTour International Magazine (ATIM) con el ARTYA Award al ser reconocido como ATIM Artivist of the Year 2019. La noticia la recibi\u00f3 a trav\u00e9s de Viviana Puello, Founder\/CEO y Editor-in-Chief de este magazine presente\" \/>\n\t<meta name=\"robots\" content=\"max-image-preview:large\" \/>\n\t<meta name=\"author\" content=\"NBAsturias\"\/>\n\t<meta name=\"google-site-verification\" content=\"UA-38556648-1\" \/>\n\t<meta name=\"keywords\" content=\"noticias\" \/>\n\t<link rel=\"canonical\" href=\"https:\/\/eldigitaldeasturias.com\/radio\/jose-angel-palao-premiado-en-new-york-por-arttour-international-magazine\/\" \/>\n\t<meta name=\"generator\" content=\"All in One SEO Pro (AIOSEO) 4.9.6.2\" \/>\n\t\t<meta property=\"og:locale\" content=\"es_ES\" \/>\n\t\t<meta property=\"og:site_name\" content=\"El Digital de Asturias | Diario de informaci\u00f3n y noticias\" \/>\n\t\t<meta property=\"og:type\" content=\"article\" \/>\n\t\t<meta property=\"og:title\" content=\"Jos\u00e9 \u00c1ngel Palao premiado en New York por ArtTour International Magazine | El Digital de Asturias\" \/>\n\t\t<meta property=\"og:description\" content=\"El fot\u00f3grafo murciano Jos\u00e9 \u00c1ngel Palao figura entre los artistas procedentes de m\u00e1s de veinte pa\u00edses premiados este a\u00f1o por la neoyorquina revista ArtTour International Magazine (ATIM) con el ARTYA Award al ser reconocido como ATIM Artivist of the Year 2019. La noticia la recibi\u00f3 a trav\u00e9s de Viviana Puello, Founder\/CEO y Editor-in-Chief de este magazine presente\" \/>\n\t\t<meta property=\"og:url\" content=\"https:\/\/eldigitaldeasturias.com\/radio\/jose-angel-palao-premiado-en-new-york-por-arttour-international-magazine\/\" \/>\n\t\t<meta property=\"og:image\" content=\"https:\/\/eldigitaldeasturias.com\/radio\/wp-content\/uploads\/2020\/01\/1578656688_JOS_NGEL_PALAO._IMAGEN_2_Somos_naturaleza_cuid_monos_y_no_oscurezcamos_m_s_la_luz_de_vida_de_nuestro_mundo_.jpg\" \/>\n\t\t<meta property=\"og:image:secure_url\" content=\"https:\/\/eldigitaldeasturias.com\/radio\/wp-content\/uploads\/2020\/01\/1578656688_JOS_NGEL_PALAO._IMAGEN_2_Somos_naturaleza_cuid_monos_y_no_oscurezcamos_m_s_la_luz_de_vida_de_nuestro_mundo_.jpg\" \/>\n\t\t<meta property=\"og:image:width\" content=\"1000\" \/>\n\t\t<meta property=\"og:image:height\" content=\"1011\" \/>\n\t\t<meta property=\"article:published_time\" content=\"2020-01-12T20:15:06+00:00\" \/>\n\t\t<meta property=\"article:modified_time\" content=\"2020-01-12T20:15:06+00:00\" \/>\n\t\t<meta name=\"twitter:card\" content=\"summary_large_image\" \/>\n\t\t<meta name=\"twitter:site\" content=\"@bercodi\" \/>\n\t\t<meta name=\"twitter:title\" content=\"Jos\u00e9 \u00c1ngel Palao premiado en New York por ArtTour International Magazine | El Digital de Asturias\" \/>\n\t\t<meta name=\"twitter:description\" content=\"El fot\u00f3grafo murciano Jos\u00e9 \u00c1ngel Palao figura entre los artistas procedentes de m\u00e1s de veinte pa\u00edses premiados este a\u00f1o por la neoyorquina revista ArtTour International Magazine (ATIM) con el ARTYA Award al ser reconocido como ATIM Artivist of the Year 2019. La noticia la recibi\u00f3 a trav\u00e9s de Viviana Puello, Founder\/CEO y Editor-in-Chief de este magazine presente\" \/>\n\t\t<meta name=\"twitter:creator\" content=\"@bercodi\" \/>\n\t\t<meta name=\"twitter:image\" content=\"https:\/\/eldigitaldeasturias.com\/radio\/wp-content\/uploads\/2020\/01\/1578656688_JOS_NGEL_PALAO._IMAGEN_2_Somos_naturaleza_cuid_monos_y_no_oscurezcamos_m_s_la_luz_de_vida_de_nuestro_mundo_.jpg\" \/>\n\t\t<script type=\"application\/ld+json\" class=\"aioseo-schema\">\n\t\t\t{\"@context\":\"https:\\\/\\\/schema.org\",\"@graph\":[{\"@type\":\"BreadcrumbList\",\"@id\":\"https:\\\/\\\/eldigitaldeasturias.com\\\/radio\\\/jose-angel-palao-premiado-en-new-york-por-arttour-international-magazine\\\/#breadcrumblist\",\"itemListElement\":[{\"@type\":\"ListItem\",\"@id\":\"https:\\\/\\\/eldigitaldeasturias.com\\\/radio#listItem\",\"position\":1,\"name\":\"Inicio\",\"item\":\"https:\\\/\\\/eldigitaldeasturias.com\\\/radio\",\"nextItem\":{\"@type\":\"ListItem\",\"@id\":\"https:\\\/\\\/eldigitaldeasturias.com\\\/radio\\\/category\\\/noticias\\\/#listItem\",\"name\":\"Noticias\"}},{\"@type\":\"ListItem\",\"@id\":\"https:\\\/\\\/eldigitaldeasturias.com\\\/radio\\\/category\\\/noticias\\\/#listItem\",\"position\":2,\"name\":\"Noticias\",\"item\":\"https:\\\/\\\/eldigitaldeasturias.com\\\/radio\\\/category\\\/noticias\\\/\",\"nextItem\":{\"@type\":\"ListItem\",\"@id\":\"https:\\\/\\\/eldigitaldeasturias.com\\\/radio\\\/jose-angel-palao-premiado-en-new-york-por-arttour-international-magazine\\\/#listItem\",\"name\":\"Jos\\u00e9 \\u00c1ngel Palao premiado en New York por ArtTour International Magazine\"},\"previousItem\":{\"@type\":\"ListItem\",\"@id\":\"https:\\\/\\\/eldigitaldeasturias.com\\\/radio#listItem\",\"name\":\"Inicio\"}},{\"@type\":\"ListItem\",\"@id\":\"https:\\\/\\\/eldigitaldeasturias.com\\\/radio\\\/jose-angel-palao-premiado-en-new-york-por-arttour-international-magazine\\\/#listItem\",\"position\":3,\"name\":\"Jos\\u00e9 \\u00c1ngel Palao premiado en New York por ArtTour International Magazine\",\"previousItem\":{\"@type\":\"ListItem\",\"@id\":\"https:\\\/\\\/eldigitaldeasturias.com\\\/radio\\\/category\\\/noticias\\\/#listItem\",\"name\":\"Noticias\"}}]},{\"@type\":\"NewsArticle\",\"@id\":\"https:\\\/\\\/eldigitaldeasturias.com\\\/radio\\\/jose-angel-palao-premiado-en-new-york-por-arttour-international-magazine\\\/#newsarticle\",\"name\":\"Jos\\u00e9 \\u00c1ngel Palao premiado en New York por ArtTour International Magazine | El Digital de Asturias\",\"headline\":\"Jos\\u00e9 \\u00c1ngel Palao premiado en New York por ArtTour International Magazine\",\"author\":{\"@id\":\"https:\\\/\\\/eldigitaldeasturias.com\\\/radio\\\/author\\\/nbasturias\\\/#author\"},\"publisher\":{\"@id\":\"https:\\\/\\\/eldigitaldeasturias.com\\\/radio\\\/#organization\"},\"image\":{\"@type\":\"ImageObject\",\"url\":\"https:\\\/\\\/eldigitaldeasturias.com\\\/radio\\\/wp-content\\\/uploads\\\/2020\\\/01\\\/1578656688_JOS_NGEL_PALAO._IMAGEN_2_Somos_naturaleza_cuid_monos_y_no_oscurezcamos_m_s_la_luz_de_vida_de_nuestro_mundo_.jpg\",\"width\":1000,\"height\":1011},\"datePublished\":\"2020-01-12T20:15:06+01:00\",\"dateModified\":\"2020-01-12T20:15:06+01:00\",\"inLanguage\":\"es-ES\",\"mainEntityOfPage\":{\"@id\":\"https:\\\/\\\/eldigitaldeasturias.com\\\/radio\\\/jose-angel-palao-premiado-en-new-york-por-arttour-international-magazine\\\/#webpage\"},\"isPartOf\":{\"@id\":\"https:\\\/\\\/eldigitaldeasturias.com\\\/radio\\\/jose-angel-palao-premiado-en-new-york-por-arttour-international-magazine\\\/#webpage\"},\"articleSection\":\"Noticias\",\"dateline\":\"Publicado el enero 12, 2020.\"},{\"@type\":\"Organization\",\"@id\":\"https:\\\/\\\/eldigitaldeasturias.com\\\/radio\\\/#organization\",\"name\":\"El digital de Asturias Radio\",\"description\":\"Diario de informaci\\u00f3n y noticias\",\"url\":\"https:\\\/\\\/eldigitaldeasturias.com\\\/radio\\\/\",\"telephone\":\"+34652131393\",\"logo\":{\"@type\":\"ImageObject\",\"url\":\"https:\\\/\\\/www.eldigitaldeasturias.com\\\/radio\\\/wp-content\\\/uploads\\\/2021\\\/03\\\/EDA.jpg\",\"@id\":\"https:\\\/\\\/eldigitaldeasturias.com\\\/radio\\\/jose-angel-palao-premiado-en-new-york-por-arttour-international-magazine\\\/#organizationLogo\"},\"image\":{\"@id\":\"https:\\\/\\\/eldigitaldeasturias.com\\\/radio\\\/jose-angel-palao-premiado-en-new-york-por-arttour-international-magazine\\\/#organizationLogo\"},\"sameAs\":[\"https:\\\/\\\/www.facebook.com\\\/\",\"https:\\\/\\\/x.com\\\/bercodi\",\"https:\\\/\\\/www.instagram.com\\\/\",\"https:\\\/\\\/www.youtube.com\\\/channel\\\/UCZP-2wLEB9Rv6erhFmqVnvg\"]},{\"@type\":\"Person\",\"@id\":\"https:\\\/\\\/eldigitaldeasturias.com\\\/radio\\\/author\\\/nbasturias\\\/#author\",\"url\":\"https:\\\/\\\/eldigitaldeasturias.com\\\/radio\\\/author\\\/nbasturias\\\/\",\"name\":\"NBAsturias\",\"image\":{\"@type\":\"ImageObject\",\"@id\":\"https:\\\/\\\/eldigitaldeasturias.com\\\/radio\\\/jose-angel-palao-premiado-en-new-york-por-arttour-international-magazine\\\/#authorImage\",\"url\":\"https:\\\/\\\/secure.gravatar.com\\\/avatar\\\/df2aeffc32bcd13f8d26072ef8a91b623d677766deac7f97ca815868cd41bf5e?s=96&d=mm&r=g\",\"width\":96,\"height\":96,\"caption\":\"NBAsturias\"}},{\"@type\":\"WebPage\",\"@id\":\"https:\\\/\\\/eldigitaldeasturias.com\\\/radio\\\/jose-angel-palao-premiado-en-new-york-por-arttour-international-magazine\\\/#webpage\",\"url\":\"https:\\\/\\\/eldigitaldeasturias.com\\\/radio\\\/jose-angel-palao-premiado-en-new-york-por-arttour-international-magazine\\\/\",\"name\":\"Jos\\u00e9 \\u00c1ngel Palao premiado en New York por ArtTour International Magazine | El Digital de Asturias\",\"description\":\"El fot\\u00f3grafo murciano Jos\\u00e9 \\u00c1ngel Palao figura entre los artistas procedentes de m\\u00e1s de veinte pa\\u00edses premiados este a\\u00f1o por la neoyorquina revista ArtTour International Magazine (ATIM) con el ARTYA Award al ser reconocido como ATIM Artivist of the Year 2019. La noticia la recibi\\u00f3 a trav\\u00e9s de Viviana Puello, Founder\\\/CEO y Editor-in-Chief de este magazine presente\",\"inLanguage\":\"es-ES\",\"isPartOf\":{\"@id\":\"https:\\\/\\\/eldigitaldeasturias.com\\\/radio\\\/#website\"},\"breadcrumb\":{\"@id\":\"https:\\\/\\\/eldigitaldeasturias.com\\\/radio\\\/jose-angel-palao-premiado-en-new-york-por-arttour-international-magazine\\\/#breadcrumblist\"},\"author\":{\"@id\":\"https:\\\/\\\/eldigitaldeasturias.com\\\/radio\\\/author\\\/nbasturias\\\/#author\"},\"creator\":{\"@id\":\"https:\\\/\\\/eldigitaldeasturias.com\\\/radio\\\/author\\\/nbasturias\\\/#author\"},\"image\":{\"@type\":\"ImageObject\",\"url\":\"https:\\\/\\\/eldigitaldeasturias.com\\\/radio\\\/wp-content\\\/uploads\\\/2020\\\/01\\\/1578656688_JOS_NGEL_PALAO._IMAGEN_2_Somos_naturaleza_cuid_monos_y_no_oscurezcamos_m_s_la_luz_de_vida_de_nuestro_mundo_.jpg\",\"@id\":\"https:\\\/\\\/eldigitaldeasturias.com\\\/radio\\\/jose-angel-palao-premiado-en-new-york-por-arttour-international-magazine\\\/#mainImage\",\"width\":1000,\"height\":1011},\"primaryImageOfPage\":{\"@id\":\"https:\\\/\\\/eldigitaldeasturias.com\\\/radio\\\/jose-angel-palao-premiado-en-new-york-por-arttour-international-magazine\\\/#mainImage\"},\"datePublished\":\"2020-01-12T20:15:06+01:00\",\"dateModified\":\"2020-01-12T20:15:06+01:00\"},{\"@type\":\"WebSite\",\"@id\":\"https:\\\/\\\/eldigitaldeasturias.com\\\/radio\\\/#website\",\"url\":\"https:\\\/\\\/eldigitaldeasturias.com\\\/radio\\\/\",\"name\":\"El Digital de Asturias\",\"description\":\"Diario de informaci\\u00f3n y noticias\",\"inLanguage\":\"es-ES\",\"publisher\":{\"@id\":\"https:\\\/\\\/eldigitaldeasturias.com\\\/radio\\\/#organization\"}}]}\n\t\t<\/script>\n\t\t<!-- All in One SEO Pro -->\r\n\t\t<title>Jos\u00e9 \u00c1ngel Palao premiado en New York por ArtTour International Magazine | El Digital de Asturias<\/title>\n\n","aioseo_head_json":{"title":"Jos\u00e9 \u00c1ngel Palao premiado en New York por ArtTour International Magazine | El Digital de Asturias","description":"El fot\u00f3grafo murciano Jos\u00e9 \u00c1ngel Palao figura entre los artistas procedentes de m\u00e1s de veinte pa\u00edses premiados este a\u00f1o por la neoyorquina revista ArtTour International Magazine (ATIM) con el ARTYA Award al ser reconocido como ATIM Artivist of the Year 2019. La noticia la recibi\u00f3 a trav\u00e9s de Viviana Puello, Founder\/CEO y Editor-in-Chief de este magazine presente","canonical_url":"https:\/\/eldigitaldeasturias.com\/radio\/jose-angel-palao-premiado-en-new-york-por-arttour-international-magazine\/","robots":"max-image-preview:large","keywords":"noticias","webmasterTools":{"google-site-verification":"UA-38556648-1","miscellaneous":""},"schema":{"@context":"https:\/\/schema.org","@graph":[{"@type":"BreadcrumbList","@id":"https:\/\/eldigitaldeasturias.com\/radio\/jose-angel-palao-premiado-en-new-york-por-arttour-international-magazine\/#breadcrumblist","itemListElement":[{"@type":"ListItem","@id":"https:\/\/eldigitaldeasturias.com\/radio#listItem","position":1,"name":"Inicio","item":"https:\/\/eldigitaldeasturias.com\/radio","nextItem":{"@type":"ListItem","@id":"https:\/\/eldigitaldeasturias.com\/radio\/category\/noticias\/#listItem","name":"Noticias"}},{"@type":"ListItem","@id":"https:\/\/eldigitaldeasturias.com\/radio\/category\/noticias\/#listItem","position":2,"name":"Noticias","item":"https:\/\/eldigitaldeasturias.com\/radio\/category\/noticias\/","nextItem":{"@type":"ListItem","@id":"https:\/\/eldigitaldeasturias.com\/radio\/jose-angel-palao-premiado-en-new-york-por-arttour-international-magazine\/#listItem","name":"Jos\u00e9 \u00c1ngel Palao premiado en New York por ArtTour International Magazine"},"previousItem":{"@type":"ListItem","@id":"https:\/\/eldigitaldeasturias.com\/radio#listItem","name":"Inicio"}},{"@type":"ListItem","@id":"https:\/\/eldigitaldeasturias.com\/radio\/jose-angel-palao-premiado-en-new-york-por-arttour-international-magazine\/#listItem","position":3,"name":"Jos\u00e9 \u00c1ngel Palao premiado en New York por ArtTour International Magazine","previousItem":{"@type":"ListItem","@id":"https:\/\/eldigitaldeasturias.com\/radio\/category\/noticias\/#listItem","name":"Noticias"}}]},{"@type":"NewsArticle","@id":"https:\/\/eldigitaldeasturias.com\/radio\/jose-angel-palao-premiado-en-new-york-por-arttour-international-magazine\/#newsarticle","name":"Jos\u00e9 \u00c1ngel Palao premiado en New York por ArtTour International Magazine | El Digital de Asturias","headline":"Jos\u00e9 \u00c1ngel Palao premiado en New York por ArtTour International Magazine","author":{"@id":"https:\/\/eldigitaldeasturias.com\/radio\/author\/nbasturias\/#author"},"publisher":{"@id":"https:\/\/eldigitaldeasturias.com\/radio\/#organization"},"image":{"@type":"ImageObject","url":"https:\/\/eldigitaldeasturias.com\/radio\/wp-content\/uploads\/2020\/01\/1578656688_JOS_NGEL_PALAO._IMAGEN_2_Somos_naturaleza_cuid_monos_y_no_oscurezcamos_m_s_la_luz_de_vida_de_nuestro_mundo_.jpg","width":1000,"height":1011},"datePublished":"2020-01-12T20:15:06+01:00","dateModified":"2020-01-12T20:15:06+01:00","inLanguage":"es-ES","mainEntityOfPage":{"@id":"https:\/\/eldigitaldeasturias.com\/radio\/jose-angel-palao-premiado-en-new-york-por-arttour-international-magazine\/#webpage"},"isPartOf":{"@id":"https:\/\/eldigitaldeasturias.com\/radio\/jose-angel-palao-premiado-en-new-york-por-arttour-international-magazine\/#webpage"},"articleSection":"Noticias","dateline":"Publicado el enero 12, 2020."},{"@type":"Organization","@id":"https:\/\/eldigitaldeasturias.com\/radio\/#organization","name":"El digital de Asturias Radio","description":"Diario de informaci\u00f3n y noticias","url":"https:\/\/eldigitaldeasturias.com\/radio\/","telephone":"+34652131393","logo":{"@type":"ImageObject","url":"https:\/\/www.eldigitaldeasturias.com\/radio\/wp-content\/uploads\/2021\/03\/EDA.jpg","@id":"https:\/\/eldigitaldeasturias.com\/radio\/jose-angel-palao-premiado-en-new-york-por-arttour-international-magazine\/#organizationLogo"},"image":{"@id":"https:\/\/eldigitaldeasturias.com\/radio\/jose-angel-palao-premiado-en-new-york-por-arttour-international-magazine\/#organizationLogo"},"sameAs":["https:\/\/www.facebook.com\/","https:\/\/x.com\/bercodi","https:\/\/www.instagram.com\/","https:\/\/www.youtube.com\/channel\/UCZP-2wLEB9Rv6erhFmqVnvg"]},{"@type":"Person","@id":"https:\/\/eldigitaldeasturias.com\/radio\/author\/nbasturias\/#author","url":"https:\/\/eldigitaldeasturias.com\/radio\/author\/nbasturias\/","name":"NBAsturias","image":{"@type":"ImageObject","@id":"https:\/\/eldigitaldeasturias.com\/radio\/jose-angel-palao-premiado-en-new-york-por-arttour-international-magazine\/#authorImage","url":"https:\/\/secure.gravatar.com\/avatar\/df2aeffc32bcd13f8d26072ef8a91b623d677766deac7f97ca815868cd41bf5e?s=96&d=mm&r=g","width":96,"height":96,"caption":"NBAsturias"}},{"@type":"WebPage","@id":"https:\/\/eldigitaldeasturias.com\/radio\/jose-angel-palao-premiado-en-new-york-por-arttour-international-magazine\/#webpage","url":"https:\/\/eldigitaldeasturias.com\/radio\/jose-angel-palao-premiado-en-new-york-por-arttour-international-magazine\/","name":"Jos\u00e9 \u00c1ngel Palao premiado en New York por ArtTour International Magazine | El Digital de Asturias","description":"El fot\u00f3grafo murciano Jos\u00e9 \u00c1ngel Palao figura entre los artistas procedentes de m\u00e1s de veinte pa\u00edses premiados este a\u00f1o por la neoyorquina revista ArtTour International Magazine (ATIM) con el ARTYA Award al ser reconocido como ATIM Artivist of the Year 2019. La noticia la recibi\u00f3 a trav\u00e9s de Viviana Puello, Founder\/CEO y Editor-in-Chief de este magazine presente","inLanguage":"es-ES","isPartOf":{"@id":"https:\/\/eldigitaldeasturias.com\/radio\/#website"},"breadcrumb":{"@id":"https:\/\/eldigitaldeasturias.com\/radio\/jose-angel-palao-premiado-en-new-york-por-arttour-international-magazine\/#breadcrumblist"},"author":{"@id":"https:\/\/eldigitaldeasturias.com\/radio\/author\/nbasturias\/#author"},"creator":{"@id":"https:\/\/eldigitaldeasturias.com\/radio\/author\/nbasturias\/#author"},"image":{"@type":"ImageObject","url":"https:\/\/eldigitaldeasturias.com\/radio\/wp-content\/uploads\/2020\/01\/1578656688_JOS_NGEL_PALAO._IMAGEN_2_Somos_naturaleza_cuid_monos_y_no_oscurezcamos_m_s_la_luz_de_vida_de_nuestro_mundo_.jpg","@id":"https:\/\/eldigitaldeasturias.com\/radio\/jose-angel-palao-premiado-en-new-york-por-arttour-international-magazine\/#mainImage","width":1000,"height":1011},"primaryImageOfPage":{"@id":"https:\/\/eldigitaldeasturias.com\/radio\/jose-angel-palao-premiado-en-new-york-por-arttour-international-magazine\/#mainImage"},"datePublished":"2020-01-12T20:15:06+01:00","dateModified":"2020-01-12T20:15:06+01:00"},{"@type":"WebSite","@id":"https:\/\/eldigitaldeasturias.com\/radio\/#website","url":"https:\/\/eldigitaldeasturias.com\/radio\/","name":"El Digital de Asturias","description":"Diario de informaci\u00f3n y noticias","inLanguage":"es-ES","publisher":{"@id":"https:\/\/eldigitaldeasturias.com\/radio\/#organization"}}]},"og:locale":"es_ES","og:site_name":"El Digital de Asturias | Diario de informaci\u00f3n y noticias","og:type":"article","og:title":"Jos\u00e9 \u00c1ngel Palao premiado en New York por ArtTour International Magazine | El Digital de Asturias","og:description":"El fot\u00f3grafo murciano Jos\u00e9 \u00c1ngel Palao figura entre los artistas procedentes de m\u00e1s de veinte pa\u00edses premiados este a\u00f1o por la neoyorquina revista ArtTour International Magazine (ATIM) con el ARTYA Award al ser reconocido como ATIM Artivist of the Year 2019. La noticia la recibi\u00f3 a trav\u00e9s de Viviana Puello, Founder\/CEO y Editor-in-Chief de este magazine presente","og:url":"https:\/\/eldigitaldeasturias.com\/radio\/jose-angel-palao-premiado-en-new-york-por-arttour-international-magazine\/","og:image":"https:\/\/eldigitaldeasturias.com\/radio\/wp-content\/uploads\/2020\/01\/1578656688_JOS_NGEL_PALAO._IMAGEN_2_Somos_naturaleza_cuid_monos_y_no_oscurezcamos_m_s_la_luz_de_vida_de_nuestro_mundo_.jpg","og:image:secure_url":"https:\/\/eldigitaldeasturias.com\/radio\/wp-content\/uploads\/2020\/01\/1578656688_JOS_NGEL_PALAO._IMAGEN_2_Somos_naturaleza_cuid_monos_y_no_oscurezcamos_m_s_la_luz_de_vida_de_nuestro_mundo_.jpg","og:image:width":1000,"og:image:height":1011,"article:published_time":"2020-01-12T20:15:06+00:00","article:modified_time":"2020-01-12T20:15:06+00:00","twitter:card":"summary_large_image","twitter:site":"@bercodi","twitter:title":"Jos\u00e9 \u00c1ngel Palao premiado en New York por ArtTour International Magazine | El Digital de Asturias","twitter:description":"El fot\u00f3grafo murciano Jos\u00e9 \u00c1ngel Palao figura entre los artistas procedentes de m\u00e1s de veinte pa\u00edses premiados este a\u00f1o por la neoyorquina revista ArtTour International Magazine (ATIM) con el ARTYA Award al ser reconocido como ATIM Artivist of the Year 2019. La noticia la recibi\u00f3 a trav\u00e9s de Viviana Puello, Founder\/CEO y Editor-in-Chief de este magazine presente","twitter:creator":"@bercodi","twitter:image":"https:\/\/eldigitaldeasturias.com\/radio\/wp-content\/uploads\/2020\/01\/1578656688_JOS_NGEL_PALAO._IMAGEN_2_Somos_naturaleza_cuid_monos_y_no_oscurezcamos_m_s_la_luz_de_vida_de_nuestro_mundo_.jpg"},"aioseo_meta_data":{"post_id":"3850","title":null,"description":null,"keywords":null,"keyphrases":null,"primary_term":null,"canonical_url":null,"og_title":null,"og_description":null,"og_object_type":"default","og_image_type":"default","og_image_url":null,"og_image_width":null,"og_image_height":null,"og_image_custom_url":null,"og_image_custom_fields":null,"og_video":null,"og_custom_url":null,"og_article_section":null,"og_article_tags":null,"twitter_use_og":false,"twitter_card":"default","twitter_image_type":"default","twitter_image_url":null,"twitter_image_custom_url":null,"twitter_image_custom_fields":null,"twitter_title":null,"twitter_description":null,"schema":{"blockGraphs":[],"customGraphs":[],"default":{"data":{"Article":[],"Course":[],"Dataset":[],"FAQPage":[],"Movie":[],"Person":[],"Product":[],"ProductReview":[],"Car":[],"Recipe":[],"Service":[],"SoftwareApplication":[],"WebPage":[]},"graphName":"","isEnabled":true},"graphs":[],"defaultGraph":"","defaultPostTypeGraph":""},"schema_type":null,"schema_type_options":null,"pillar_content":false,"robots_default":true,"robots_noindex":false,"robots_noarchive":false,"robots_nosnippet":false,"robots_nofollow":false,"robots_noimageindex":false,"robots_noodp":false,"robots_notranslate":false,"robots_max_snippet":null,"robots_max_videopreview":null,"robots_max_imagepreview":"large","priority":null,"frequency":null,"location":null,"local_seo":null,"seo_analyzer_scan_date":"2025-08-28 14:55:29","breadcrumb_settings":null,"limit_modified_date":false,"open_ai":null,"ai":null,"created":"2021-03-28 22:45:09","updated":"2025-08-28 14:55:29"},"aioseo_breadcrumb":"<div class=\"aioseo-breadcrumbs\"><span class=\"aioseo-breadcrumb\">\n\t<a href=\"https:\/\/eldigitaldeasturias.com\/radio\" title=\"Inicio\">Inicio<\/a>\n<\/span><span class=\"aioseo-breadcrumb-separator\">&ndash;<\/span><span class=\"aioseo-breadcrumb\">\n\t<a href=\"https:\/\/eldigitaldeasturias.com\/radio\/category\/noticias\/\" title=\"Noticias\">Noticias<\/a>\n<\/span><span class=\"aioseo-breadcrumb-separator\">&ndash;<\/span><span class=\"aioseo-breadcrumb\">\n\tJos\u00e9 \u00c1ngel Palao premiado en New York por ArtTour International Magazine\n<\/span><\/div>","aioseo_breadcrumb_json":[{"label":"Inicio","link":"https:\/\/eldigitaldeasturias.com\/radio"},{"label":"Noticias","link":"https:\/\/eldigitaldeasturias.com\/radio\/category\/noticias\/"},{"label":"Jos\u00e9 \u00c1ngel Palao premiado en New York por ArtTour International Magazine","link":"https:\/\/eldigitaldeasturias.com\/radio\/jose-angel-palao-premiado-en-new-york-por-arttour-international-magazine\/"}],"_links":{"self":[{"href":"https:\/\/eldigitaldeasturias.com\/radio\/wp-json\/wp\/v2\/posts\/3850","targetHints":{"allow":["GET"]}}],"collection":[{"href":"https:\/\/eldigitaldeasturias.com\/radio\/wp-json\/wp\/v2\/posts"}],"about":[{"href":"https:\/\/eldigitaldeasturias.com\/radio\/wp-json\/wp\/v2\/types\/post"}],"author":[{"embeddable":true,"href":"https:\/\/eldigitaldeasturias.com\/radio\/wp-json\/wp\/v2\/users\/1"}],"replies":[{"embeddable":true,"href":"https:\/\/eldigitaldeasturias.com\/radio\/wp-json\/wp\/v2\/comments?post=3850"}],"version-history":[{"count":0,"href":"https:\/\/eldigitaldeasturias.com\/radio\/wp-json\/wp\/v2\/posts\/3850\/revisions"}],"wp:featuredmedia":[{"embeddable":true,"href":"https:\/\/eldigitaldeasturias.com\/radio\/wp-json\/wp\/v2\/media\/3851"}],"wp:attachment":[{"href":"https:\/\/eldigitaldeasturias.com\/radio\/wp-json\/wp\/v2\/media?parent=3850"}],"wp:term":[{"taxonomy":"category","embeddable":true,"href":"https:\/\/eldigitaldeasturias.com\/radio\/wp-json\/wp\/v2\/categories?post=3850"},{"taxonomy":"post_tag","embeddable":true,"href":"https:\/\/eldigitaldeasturias.com\/radio\/wp-json\/wp\/v2\/tags?post=3850"}],"curies":[{"name":"wp","href":"https:\/\/api.w.org\/{rel}","templated":true}]}}