{"id":3820,"date":"2020-01-04T06:02:11","date_gmt":"2020-01-04T06:02:11","guid":{"rendered":"http:\/\/www.eldigitaldeasturias.com\/radio\/?p=3820"},"modified":"2020-01-04T06:02:11","modified_gmt":"2020-01-04T06:02:11","slug":"alemania-levanta-una-valla-contra-la-peste-porcina-en-la-frontera-con-polonia","status":"publish","type":"post","link":"https:\/\/eldigitaldeasturias.com\/radio\/alemania-levanta-una-valla-contra-la-peste-porcina-en-la-frontera-con-polonia\/","title":{"rendered":"Alemania levanta una valla contra la peste porcina en la frontera con Polonia"},"content":{"rendered":"<figure id=\"attachment_3821\" aria-describedby=\"caption-attachment-3821\" style=\"width: 360px\" class=\"wp-caption alignleft\"><img fetchpriority=\"high\" decoding=\"async\" class=\"size-medium wp-image-3821\" src=\"http:\/\/www.eldigitaldeasturias.com\/radio\/wp-content\/uploads\/2020\/01\/peste-porcina-valla-dpa-360x227.jpg\" alt=\"\" width=\"360\" height=\"227\" srcset=\"https:\/\/eldigitaldeasturias.com\/radio\/wp-content\/uploads\/2020\/01\/peste-porcina-valla-dpa-360x227.jpg 360w, https:\/\/eldigitaldeasturias.com\/radio\/wp-content\/uploads\/2020\/01\/peste-porcina-valla-dpa-1024x646.jpg 1024w, https:\/\/eldigitaldeasturias.com\/radio\/wp-content\/uploads\/2020\/01\/peste-porcina-valla-dpa-768x485.jpg 768w, https:\/\/eldigitaldeasturias.com\/radio\/wp-content\/uploads\/2020\/01\/peste-porcina-valla-dpa.jpg 1055w\" sizes=\"(max-width: 360px) 100vw, 360px\" \/><figcaption id=\"caption-attachment-3821\" class=\"wp-caption-text\">Foto: Patrick Pleul\/zb\/dpa<\/figcaption><\/figure>\n<p>Forst (Alemania), 3 ene (dpa) &#8211; Alemania est\u00e1 a punto de finalizar la instalaci\u00f3n de vallas el\u00e9ctricas port\u00e1tiles como medida preventiva contra la peste porcina africana en el estado federado de Brandeburgo.<\/p>\n<p>Seg\u00fan inform\u00f3 hoy un portavoz municipal del distrito de Spree-Neisse, al sureste de Brandeburgo, tan solo falta un tramo de cinco kil\u00f3metros que se terminar\u00e1 de montar previsiblemente el lunes.<\/p>\n<p>En total, las cercas el\u00e9ctricas port\u00e1tiles, provistas de sustancias repelentes para ahuyentar a los animales, se extender\u00e1n hacia el sur unos 120 kil\u00f3metros a lo largo de la frontera con Polonia partiendo desde Fr\u00e1ncfort del Oder.<\/p>\n<p>El jueves se supo que la peste porcina africana que se extiende en Polonia se hab\u00eda vuelto a acercar a la frontera alemana.<\/p>\n<p>Seg\u00fan el Ministerio alem\u00e1n de Agricultura, a solo 21 kil\u00f3metros de la frontera entre Alemania y Polonia, se hab\u00eda encontrado el cad\u00e1ver de un jabal\u00ed cuyo examen virol\u00f3gico dio positivo. El caso anterior de peste porcina cerca de esta frontera se hab\u00eda registrado a una distancia de 40 kil\u00f3metros.<\/p>\n<p>Seg\u00fan el instituto germano de salud veterinaria Friedrich L\u00f6effler, la peste porcina africana afecta actualmente a Polonia, los pa\u00edses b\u00e1lticos, B\u00e9lgica, Bulgaria, Ruman\u00eda y Ucrania, entre otros.<\/p>\n<p>La enfermedad fue introducida originariamente desde \u00c1frica a Europa. A menudo produce la muerte de jabal\u00edes y cerdos despu\u00e9s de una breve enfermedad.<\/p>\n<p>La peste porcina africana no es peligrosa para el ser humano. Sin embargo, los agricultores germanos est\u00e1n preocupados, ya que apenas se confirme un caso en un jabal\u00ed o en un cerdo, Alemania perder\u00eda su status de \u00abpa\u00eds libre de peste\u00bb, condici\u00f3n que pondr\u00eda en peligro las exportaciones de carne, por ejemplo a pa\u00edses asi\u00e1ticos.<\/p>\n<p>&nbsp;<\/p>\n","protected":false},"excerpt":{"rendered":"<p>Forst (Alemania), 3 ene (dpa) &#8211; Alemania est\u00e1 a punto de finalizar la instalaci\u00f3n de vallas el\u00e9ctricas port\u00e1tiles como medida preventiva contra la peste porcina africana en el estado federado de Brandeburgo. Seg\u00fan inform\u00f3 hoy un portavoz municipal del distrito de Spree-Neisse, al sureste de Brandeburgo, tan solo falta un tramo de cinco kil\u00f3metros que<\/p>\n","protected":false},"author":1,"featured_media":3821,"comment_status":"closed","ping_status":"closed","sticky":false,"template":"","format":"standard","meta":{"footnotes":""},"categories":[1],"tags":[],"class_list":{"0":"post-3820","1":"post","2":"type-post","3":"status-publish","4":"format-standard","5":"has-post-thumbnail","7":"category-noticias"},"aioseo_notices":[],"aioseo_head":"\n\t\t<!-- All in One SEO Pro 4.9.6.2 - aioseo.com -->\n\t<meta name=\"description\" content=\"Forst (Alemania), 3 ene (dpa) - Alemania est\u00e1 a punto de finalizar la instalaci\u00f3n de vallas el\u00e9ctricas port\u00e1tiles como medida preventiva contra la peste porcina africana en el estado federado de Brandeburgo. Seg\u00fan inform\u00f3 hoy un portavoz municipal del distrito de Spree-Neisse, al sureste de Brandeburgo, tan solo falta un tramo de cinco kil\u00f3metros que\" \/>\n\t<meta name=\"robots\" content=\"max-image-preview:large\" \/>\n\t<meta name=\"author\" content=\"NBAsturias\"\/>\n\t<meta name=\"google-site-verification\" content=\"UA-38556648-1\" \/>\n\t<meta name=\"keywords\" content=\"noticias\" \/>\n\t<link rel=\"canonical\" href=\"https:\/\/eldigitaldeasturias.com\/radio\/alemania-levanta-una-valla-contra-la-peste-porcina-en-la-frontera-con-polonia\/\" \/>\n\t<meta name=\"generator\" content=\"All in One SEO Pro (AIOSEO) 4.9.6.2\" \/>\n\t\t<meta property=\"og:locale\" content=\"es_ES\" \/>\n\t\t<meta property=\"og:site_name\" content=\"El Digital de Asturias | Diario de informaci\u00f3n y noticias\" \/>\n\t\t<meta property=\"og:type\" content=\"article\" \/>\n\t\t<meta property=\"og:title\" content=\"Alemania levanta una valla contra la peste porcina en la frontera con Polonia | El Digital de Asturias\" \/>\n\t\t<meta property=\"og:description\" content=\"Forst (Alemania), 3 ene (dpa) - Alemania est\u00e1 a punto de finalizar la instalaci\u00f3n de vallas el\u00e9ctricas port\u00e1tiles como medida preventiva contra la peste porcina africana en el estado federado de Brandeburgo. Seg\u00fan inform\u00f3 hoy un portavoz municipal del distrito de Spree-Neisse, al sureste de Brandeburgo, tan solo falta un tramo de cinco kil\u00f3metros que\" \/>\n\t\t<meta property=\"og:url\" content=\"https:\/\/eldigitaldeasturias.com\/radio\/alemania-levanta-una-valla-contra-la-peste-porcina-en-la-frontera-con-polonia\/\" \/>\n\t\t<meta property=\"og:image\" content=\"https:\/\/eldigitaldeasturias.com\/radio\/wp-content\/uploads\/2020\/01\/peste-porcina-valla-dpa.jpg\" \/>\n\t\t<meta property=\"og:image:secure_url\" content=\"https:\/\/eldigitaldeasturias.com\/radio\/wp-content\/uploads\/2020\/01\/peste-porcina-valla-dpa.jpg\" \/>\n\t\t<meta property=\"og:image:width\" content=\"1055\" \/>\n\t\t<meta property=\"og:image:height\" content=\"666\" \/>\n\t\t<meta property=\"article:published_time\" content=\"2020-01-04T06:02:11+00:00\" \/>\n\t\t<meta property=\"article:modified_time\" content=\"2020-01-04T06:02:11+00:00\" \/>\n\t\t<meta name=\"twitter:card\" content=\"summary_large_image\" \/>\n\t\t<meta name=\"twitter:site\" content=\"@bercodi\" \/>\n\t\t<meta name=\"twitter:title\" content=\"Alemania levanta una valla contra la peste porcina en la frontera con Polonia | El Digital de Asturias\" \/>\n\t\t<meta name=\"twitter:description\" content=\"Forst (Alemania), 3 ene (dpa) - Alemania est\u00e1 a punto de finalizar la instalaci\u00f3n de vallas el\u00e9ctricas port\u00e1tiles como medida preventiva contra la peste porcina africana en el estado federado de Brandeburgo. Seg\u00fan inform\u00f3 hoy un portavoz municipal del distrito de Spree-Neisse, al sureste de Brandeburgo, tan solo falta un tramo de cinco kil\u00f3metros que\" \/>\n\t\t<meta name=\"twitter:creator\" content=\"@bercodi\" \/>\n\t\t<meta name=\"twitter:image\" content=\"https:\/\/eldigitaldeasturias.com\/radio\/wp-content\/uploads\/2020\/01\/peste-porcina-valla-dpa.jpg\" \/>\n\t\t<script type=\"application\/ld+json\" class=\"aioseo-schema\">\n\t\t\t{\"@context\":\"https:\\\/\\\/schema.org\",\"@graph\":[{\"@type\":\"BreadcrumbList\",\"@id\":\"https:\\\/\\\/eldigitaldeasturias.com\\\/radio\\\/alemania-levanta-una-valla-contra-la-peste-porcina-en-la-frontera-con-polonia\\\/#breadcrumblist\",\"itemListElement\":[{\"@type\":\"ListItem\",\"@id\":\"https:\\\/\\\/eldigitaldeasturias.com\\\/radio#listItem\",\"position\":1,\"name\":\"Inicio\",\"item\":\"https:\\\/\\\/eldigitaldeasturias.com\\\/radio\",\"nextItem\":{\"@type\":\"ListItem\",\"@id\":\"https:\\\/\\\/eldigitaldeasturias.com\\\/radio\\\/category\\\/noticias\\\/#listItem\",\"name\":\"Noticias\"}},{\"@type\":\"ListItem\",\"@id\":\"https:\\\/\\\/eldigitaldeasturias.com\\\/radio\\\/category\\\/noticias\\\/#listItem\",\"position\":2,\"name\":\"Noticias\",\"item\":\"https:\\\/\\\/eldigitaldeasturias.com\\\/radio\\\/category\\\/noticias\\\/\",\"nextItem\":{\"@type\":\"ListItem\",\"@id\":\"https:\\\/\\\/eldigitaldeasturias.com\\\/radio\\\/alemania-levanta-una-valla-contra-la-peste-porcina-en-la-frontera-con-polonia\\\/#listItem\",\"name\":\"Alemania levanta una valla contra la peste porcina en la frontera con Polonia\"},\"previousItem\":{\"@type\":\"ListItem\",\"@id\":\"https:\\\/\\\/eldigitaldeasturias.com\\\/radio#listItem\",\"name\":\"Inicio\"}},{\"@type\":\"ListItem\",\"@id\":\"https:\\\/\\\/eldigitaldeasturias.com\\\/radio\\\/alemania-levanta-una-valla-contra-la-peste-porcina-en-la-frontera-con-polonia\\\/#listItem\",\"position\":3,\"name\":\"Alemania levanta una valla contra la peste porcina en la frontera con Polonia\",\"previousItem\":{\"@type\":\"ListItem\",\"@id\":\"https:\\\/\\\/eldigitaldeasturias.com\\\/radio\\\/category\\\/noticias\\\/#listItem\",\"name\":\"Noticias\"}}]},{\"@type\":\"NewsArticle\",\"@id\":\"https:\\\/\\\/eldigitaldeasturias.com\\\/radio\\\/alemania-levanta-una-valla-contra-la-peste-porcina-en-la-frontera-con-polonia\\\/#newsarticle\",\"name\":\"Alemania levanta una valla contra la peste porcina en la frontera con Polonia | El Digital de Asturias\",\"headline\":\"Alemania levanta una valla contra la peste porcina en la frontera con Polonia\",\"author\":{\"@id\":\"https:\\\/\\\/eldigitaldeasturias.com\\\/radio\\\/author\\\/nbasturias\\\/#author\"},\"publisher\":{\"@id\":\"https:\\\/\\\/eldigitaldeasturias.com\\\/radio\\\/#organization\"},\"image\":{\"@type\":\"ImageObject\",\"url\":\"https:\\\/\\\/eldigitaldeasturias.com\\\/radio\\\/wp-content\\\/uploads\\\/2020\\\/01\\\/peste-porcina-valla-dpa.jpg\",\"width\":1055,\"height\":666,\"caption\":\"Foto: Patrick Pleul\\\/zb\\\/dpa\"},\"datePublished\":\"2020-01-04T06:02:11+01:00\",\"dateModified\":\"2020-01-04T06:02:11+01:00\",\"inLanguage\":\"es-ES\",\"mainEntityOfPage\":{\"@id\":\"https:\\\/\\\/eldigitaldeasturias.com\\\/radio\\\/alemania-levanta-una-valla-contra-la-peste-porcina-en-la-frontera-con-polonia\\\/#webpage\"},\"isPartOf\":{\"@id\":\"https:\\\/\\\/eldigitaldeasturias.com\\\/radio\\\/alemania-levanta-una-valla-contra-la-peste-porcina-en-la-frontera-con-polonia\\\/#webpage\"},\"articleSection\":\"Noticias\",\"dateline\":\"Publicado el enero 4, 2020.\"},{\"@type\":\"Organization\",\"@id\":\"https:\\\/\\\/eldigitaldeasturias.com\\\/radio\\\/#organization\",\"name\":\"El digital de Asturias Radio\",\"description\":\"Diario de informaci\\u00f3n y noticias\",\"url\":\"https:\\\/\\\/eldigitaldeasturias.com\\\/radio\\\/\",\"telephone\":\"+34652131393\",\"logo\":{\"@type\":\"ImageObject\",\"url\":\"https:\\\/\\\/www.eldigitaldeasturias.com\\\/radio\\\/wp-content\\\/uploads\\\/2021\\\/03\\\/EDA.jpg\",\"@id\":\"https:\\\/\\\/eldigitaldeasturias.com\\\/radio\\\/alemania-levanta-una-valla-contra-la-peste-porcina-en-la-frontera-con-polonia\\\/#organizationLogo\"},\"image\":{\"@id\":\"https:\\\/\\\/eldigitaldeasturias.com\\\/radio\\\/alemania-levanta-una-valla-contra-la-peste-porcina-en-la-frontera-con-polonia\\\/#organizationLogo\"},\"sameAs\":[\"https:\\\/\\\/www.facebook.com\\\/\",\"https:\\\/\\\/x.com\\\/bercodi\",\"https:\\\/\\\/www.instagram.com\\\/\",\"https:\\\/\\\/www.youtube.com\\\/channel\\\/UCZP-2wLEB9Rv6erhFmqVnvg\"]},{\"@type\":\"Person\",\"@id\":\"https:\\\/\\\/eldigitaldeasturias.com\\\/radio\\\/author\\\/nbasturias\\\/#author\",\"url\":\"https:\\\/\\\/eldigitaldeasturias.com\\\/radio\\\/author\\\/nbasturias\\\/\",\"name\":\"NBAsturias\",\"image\":{\"@type\":\"ImageObject\",\"@id\":\"https:\\\/\\\/eldigitaldeasturias.com\\\/radio\\\/alemania-levanta-una-valla-contra-la-peste-porcina-en-la-frontera-con-polonia\\\/#authorImage\",\"url\":\"https:\\\/\\\/secure.gravatar.com\\\/avatar\\\/df2aeffc32bcd13f8d26072ef8a91b623d677766deac7f97ca815868cd41bf5e?s=96&d=mm&r=g\",\"width\":96,\"height\":96,\"caption\":\"NBAsturias\"}},{\"@type\":\"WebPage\",\"@id\":\"https:\\\/\\\/eldigitaldeasturias.com\\\/radio\\\/alemania-levanta-una-valla-contra-la-peste-porcina-en-la-frontera-con-polonia\\\/#webpage\",\"url\":\"https:\\\/\\\/eldigitaldeasturias.com\\\/radio\\\/alemania-levanta-una-valla-contra-la-peste-porcina-en-la-frontera-con-polonia\\\/\",\"name\":\"Alemania levanta una valla contra la peste porcina en la frontera con Polonia | El Digital de Asturias\",\"description\":\"Forst (Alemania), 3 ene (dpa) - Alemania est\\u00e1 a punto de finalizar la instalaci\\u00f3n de vallas el\\u00e9ctricas port\\u00e1tiles como medida preventiva contra la peste porcina africana en el estado federado de Brandeburgo. Seg\\u00fan inform\\u00f3 hoy un portavoz municipal del distrito de Spree-Neisse, al sureste de Brandeburgo, tan solo falta un tramo de cinco kil\\u00f3metros que\",\"inLanguage\":\"es-ES\",\"isPartOf\":{\"@id\":\"https:\\\/\\\/eldigitaldeasturias.com\\\/radio\\\/#website\"},\"breadcrumb\":{\"@id\":\"https:\\\/\\\/eldigitaldeasturias.com\\\/radio\\\/alemania-levanta-una-valla-contra-la-peste-porcina-en-la-frontera-con-polonia\\\/#breadcrumblist\"},\"author\":{\"@id\":\"https:\\\/\\\/eldigitaldeasturias.com\\\/radio\\\/author\\\/nbasturias\\\/#author\"},\"creator\":{\"@id\":\"https:\\\/\\\/eldigitaldeasturias.com\\\/radio\\\/author\\\/nbasturias\\\/#author\"},\"image\":{\"@type\":\"ImageObject\",\"url\":\"https:\\\/\\\/eldigitaldeasturias.com\\\/radio\\\/wp-content\\\/uploads\\\/2020\\\/01\\\/peste-porcina-valla-dpa.jpg\",\"@id\":\"https:\\\/\\\/eldigitaldeasturias.com\\\/radio\\\/alemania-levanta-una-valla-contra-la-peste-porcina-en-la-frontera-con-polonia\\\/#mainImage\",\"width\":1055,\"height\":666,\"caption\":\"Foto: Patrick Pleul\\\/zb\\\/dpa\"},\"primaryImageOfPage\":{\"@id\":\"https:\\\/\\\/eldigitaldeasturias.com\\\/radio\\\/alemania-levanta-una-valla-contra-la-peste-porcina-en-la-frontera-con-polonia\\\/#mainImage\"},\"datePublished\":\"2020-01-04T06:02:11+01:00\",\"dateModified\":\"2020-01-04T06:02:11+01:00\"},{\"@type\":\"WebSite\",\"@id\":\"https:\\\/\\\/eldigitaldeasturias.com\\\/radio\\\/#website\",\"url\":\"https:\\\/\\\/eldigitaldeasturias.com\\\/radio\\\/\",\"name\":\"El Digital de Asturias\",\"description\":\"Diario de informaci\\u00f3n y noticias\",\"inLanguage\":\"es-ES\",\"publisher\":{\"@id\":\"https:\\\/\\\/eldigitaldeasturias.com\\\/radio\\\/#organization\"}}]}\n\t\t<\/script>\n\t\t<!-- All in One SEO Pro -->\r\n\t\t<title>Alemania levanta una valla contra la peste porcina en la frontera con Polonia | El Digital de Asturias<\/title>\n\n","aioseo_head_json":{"title":"Alemania levanta una valla contra la peste porcina en la frontera con Polonia | El Digital de Asturias","description":"Forst (Alemania), 3 ene (dpa) - Alemania est\u00e1 a punto de finalizar la instalaci\u00f3n de vallas el\u00e9ctricas port\u00e1tiles como medida preventiva contra la peste porcina africana en el estado federado de Brandeburgo. Seg\u00fan inform\u00f3 hoy un portavoz municipal del distrito de Spree-Neisse, al sureste de Brandeburgo, tan solo falta un tramo de cinco kil\u00f3metros que","canonical_url":"https:\/\/eldigitaldeasturias.com\/radio\/alemania-levanta-una-valla-contra-la-peste-porcina-en-la-frontera-con-polonia\/","robots":"max-image-preview:large","keywords":"noticias","webmasterTools":{"google-site-verification":"UA-38556648-1","miscellaneous":""},"schema":{"@context":"https:\/\/schema.org","@graph":[{"@type":"BreadcrumbList","@id":"https:\/\/eldigitaldeasturias.com\/radio\/alemania-levanta-una-valla-contra-la-peste-porcina-en-la-frontera-con-polonia\/#breadcrumblist","itemListElement":[{"@type":"ListItem","@id":"https:\/\/eldigitaldeasturias.com\/radio#listItem","position":1,"name":"Inicio","item":"https:\/\/eldigitaldeasturias.com\/radio","nextItem":{"@type":"ListItem","@id":"https:\/\/eldigitaldeasturias.com\/radio\/category\/noticias\/#listItem","name":"Noticias"}},{"@type":"ListItem","@id":"https:\/\/eldigitaldeasturias.com\/radio\/category\/noticias\/#listItem","position":2,"name":"Noticias","item":"https:\/\/eldigitaldeasturias.com\/radio\/category\/noticias\/","nextItem":{"@type":"ListItem","@id":"https:\/\/eldigitaldeasturias.com\/radio\/alemania-levanta-una-valla-contra-la-peste-porcina-en-la-frontera-con-polonia\/#listItem","name":"Alemania levanta una valla contra la peste porcina en la frontera con Polonia"},"previousItem":{"@type":"ListItem","@id":"https:\/\/eldigitaldeasturias.com\/radio#listItem","name":"Inicio"}},{"@type":"ListItem","@id":"https:\/\/eldigitaldeasturias.com\/radio\/alemania-levanta-una-valla-contra-la-peste-porcina-en-la-frontera-con-polonia\/#listItem","position":3,"name":"Alemania levanta una valla contra la peste porcina en la frontera con Polonia","previousItem":{"@type":"ListItem","@id":"https:\/\/eldigitaldeasturias.com\/radio\/category\/noticias\/#listItem","name":"Noticias"}}]},{"@type":"NewsArticle","@id":"https:\/\/eldigitaldeasturias.com\/radio\/alemania-levanta-una-valla-contra-la-peste-porcina-en-la-frontera-con-polonia\/#newsarticle","name":"Alemania levanta una valla contra la peste porcina en la frontera con Polonia | El Digital de Asturias","headline":"Alemania levanta una valla contra la peste porcina en la frontera con Polonia","author":{"@id":"https:\/\/eldigitaldeasturias.com\/radio\/author\/nbasturias\/#author"},"publisher":{"@id":"https:\/\/eldigitaldeasturias.com\/radio\/#organization"},"image":{"@type":"ImageObject","url":"https:\/\/eldigitaldeasturias.com\/radio\/wp-content\/uploads\/2020\/01\/peste-porcina-valla-dpa.jpg","width":1055,"height":666,"caption":"Foto: Patrick Pleul\/zb\/dpa"},"datePublished":"2020-01-04T06:02:11+01:00","dateModified":"2020-01-04T06:02:11+01:00","inLanguage":"es-ES","mainEntityOfPage":{"@id":"https:\/\/eldigitaldeasturias.com\/radio\/alemania-levanta-una-valla-contra-la-peste-porcina-en-la-frontera-con-polonia\/#webpage"},"isPartOf":{"@id":"https:\/\/eldigitaldeasturias.com\/radio\/alemania-levanta-una-valla-contra-la-peste-porcina-en-la-frontera-con-polonia\/#webpage"},"articleSection":"Noticias","dateline":"Publicado el enero 4, 2020."},{"@type":"Organization","@id":"https:\/\/eldigitaldeasturias.com\/radio\/#organization","name":"El digital de Asturias Radio","description":"Diario de informaci\u00f3n y noticias","url":"https:\/\/eldigitaldeasturias.com\/radio\/","telephone":"+34652131393","logo":{"@type":"ImageObject","url":"https:\/\/www.eldigitaldeasturias.com\/radio\/wp-content\/uploads\/2021\/03\/EDA.jpg","@id":"https:\/\/eldigitaldeasturias.com\/radio\/alemania-levanta-una-valla-contra-la-peste-porcina-en-la-frontera-con-polonia\/#organizationLogo"},"image":{"@id":"https:\/\/eldigitaldeasturias.com\/radio\/alemania-levanta-una-valla-contra-la-peste-porcina-en-la-frontera-con-polonia\/#organizationLogo"},"sameAs":["https:\/\/www.facebook.com\/","https:\/\/x.com\/bercodi","https:\/\/www.instagram.com\/","https:\/\/www.youtube.com\/channel\/UCZP-2wLEB9Rv6erhFmqVnvg"]},{"@type":"Person","@id":"https:\/\/eldigitaldeasturias.com\/radio\/author\/nbasturias\/#author","url":"https:\/\/eldigitaldeasturias.com\/radio\/author\/nbasturias\/","name":"NBAsturias","image":{"@type":"ImageObject","@id":"https:\/\/eldigitaldeasturias.com\/radio\/alemania-levanta-una-valla-contra-la-peste-porcina-en-la-frontera-con-polonia\/#authorImage","url":"https:\/\/secure.gravatar.com\/avatar\/df2aeffc32bcd13f8d26072ef8a91b623d677766deac7f97ca815868cd41bf5e?s=96&d=mm&r=g","width":96,"height":96,"caption":"NBAsturias"}},{"@type":"WebPage","@id":"https:\/\/eldigitaldeasturias.com\/radio\/alemania-levanta-una-valla-contra-la-peste-porcina-en-la-frontera-con-polonia\/#webpage","url":"https:\/\/eldigitaldeasturias.com\/radio\/alemania-levanta-una-valla-contra-la-peste-porcina-en-la-frontera-con-polonia\/","name":"Alemania levanta una valla contra la peste porcina en la frontera con Polonia | El Digital de Asturias","description":"Forst (Alemania), 3 ene (dpa) - Alemania est\u00e1 a punto de finalizar la instalaci\u00f3n de vallas el\u00e9ctricas port\u00e1tiles como medida preventiva contra la peste porcina africana en el estado federado de Brandeburgo. Seg\u00fan inform\u00f3 hoy un portavoz municipal del distrito de Spree-Neisse, al sureste de Brandeburgo, tan solo falta un tramo de cinco kil\u00f3metros que","inLanguage":"es-ES","isPartOf":{"@id":"https:\/\/eldigitaldeasturias.com\/radio\/#website"},"breadcrumb":{"@id":"https:\/\/eldigitaldeasturias.com\/radio\/alemania-levanta-una-valla-contra-la-peste-porcina-en-la-frontera-con-polonia\/#breadcrumblist"},"author":{"@id":"https:\/\/eldigitaldeasturias.com\/radio\/author\/nbasturias\/#author"},"creator":{"@id":"https:\/\/eldigitaldeasturias.com\/radio\/author\/nbasturias\/#author"},"image":{"@type":"ImageObject","url":"https:\/\/eldigitaldeasturias.com\/radio\/wp-content\/uploads\/2020\/01\/peste-porcina-valla-dpa.jpg","@id":"https:\/\/eldigitaldeasturias.com\/radio\/alemania-levanta-una-valla-contra-la-peste-porcina-en-la-frontera-con-polonia\/#mainImage","width":1055,"height":666,"caption":"Foto: Patrick Pleul\/zb\/dpa"},"primaryImageOfPage":{"@id":"https:\/\/eldigitaldeasturias.com\/radio\/alemania-levanta-una-valla-contra-la-peste-porcina-en-la-frontera-con-polonia\/#mainImage"},"datePublished":"2020-01-04T06:02:11+01:00","dateModified":"2020-01-04T06:02:11+01:00"},{"@type":"WebSite","@id":"https:\/\/eldigitaldeasturias.com\/radio\/#website","url":"https:\/\/eldigitaldeasturias.com\/radio\/","name":"El Digital de Asturias","description":"Diario de informaci\u00f3n y noticias","inLanguage":"es-ES","publisher":{"@id":"https:\/\/eldigitaldeasturias.com\/radio\/#organization"}}]},"og:locale":"es_ES","og:site_name":"El Digital de Asturias | Diario de informaci\u00f3n y noticias","og:type":"article","og:title":"Alemania levanta una valla contra la peste porcina en la frontera con Polonia | El Digital de Asturias","og:description":"Forst (Alemania), 3 ene (dpa) - Alemania est\u00e1 a punto de finalizar la instalaci\u00f3n de vallas el\u00e9ctricas port\u00e1tiles como medida preventiva contra la peste porcina africana en el estado federado de Brandeburgo. Seg\u00fan inform\u00f3 hoy un portavoz municipal del distrito de Spree-Neisse, al sureste de Brandeburgo, tan solo falta un tramo de cinco kil\u00f3metros que","og:url":"https:\/\/eldigitaldeasturias.com\/radio\/alemania-levanta-una-valla-contra-la-peste-porcina-en-la-frontera-con-polonia\/","og:image":"https:\/\/eldigitaldeasturias.com\/radio\/wp-content\/uploads\/2020\/01\/peste-porcina-valla-dpa.jpg","og:image:secure_url":"https:\/\/eldigitaldeasturias.com\/radio\/wp-content\/uploads\/2020\/01\/peste-porcina-valla-dpa.jpg","og:image:width":1055,"og:image:height":666,"article:published_time":"2020-01-04T06:02:11+00:00","article:modified_time":"2020-01-04T06:02:11+00:00","twitter:card":"summary_large_image","twitter:site":"@bercodi","twitter:title":"Alemania levanta una valla contra la peste porcina en la frontera con Polonia | El Digital de Asturias","twitter:description":"Forst (Alemania), 3 ene (dpa) - Alemania est\u00e1 a punto de finalizar la instalaci\u00f3n de vallas el\u00e9ctricas port\u00e1tiles como medida preventiva contra la peste porcina africana en el estado federado de Brandeburgo. Seg\u00fan inform\u00f3 hoy un portavoz municipal del distrito de Spree-Neisse, al sureste de Brandeburgo, tan solo falta un tramo de cinco kil\u00f3metros que","twitter:creator":"@bercodi","twitter:image":"https:\/\/eldigitaldeasturias.com\/radio\/wp-content\/uploads\/2020\/01\/peste-porcina-valla-dpa.jpg"},"aioseo_meta_data":{"post_id":"3820","title":null,"description":null,"keywords":null,"keyphrases":null,"primary_term":null,"canonical_url":null,"og_title":null,"og_description":null,"og_object_type":"default","og_image_type":"default","og_image_url":null,"og_image_width":null,"og_image_height":null,"og_image_custom_url":null,"og_image_custom_fields":null,"og_video":null,"og_custom_url":null,"og_article_section":null,"og_article_tags":null,"twitter_use_og":false,"twitter_card":"default","twitter_image_type":"default","twitter_image_url":null,"twitter_image_custom_url":null,"twitter_image_custom_fields":null,"twitter_title":null,"twitter_description":null,"schema":{"blockGraphs":[],"customGraphs":[],"default":{"data":{"Article":[],"Course":[],"Dataset":[],"FAQPage":[],"Movie":[],"Person":[],"Product":[],"ProductReview":[],"Car":[],"Recipe":[],"Service":[],"SoftwareApplication":[],"WebPage":[]},"graphName":"","isEnabled":true},"graphs":[],"defaultGraph":"","defaultPostTypeGraph":""},"schema_type":null,"schema_type_options":null,"pillar_content":false,"robots_default":true,"robots_noindex":false,"robots_noarchive":false,"robots_nosnippet":false,"robots_nofollow":false,"robots_noimageindex":false,"robots_noodp":false,"robots_notranslate":false,"robots_max_snippet":null,"robots_max_videopreview":null,"robots_max_imagepreview":"large","priority":null,"frequency":null,"location":null,"local_seo":null,"seo_analyzer_scan_date":"2025-08-28 14:53:26","breadcrumb_settings":null,"limit_modified_date":false,"open_ai":null,"ai":null,"created":"2021-03-28 22:45:09","updated":"2025-08-28 14:53:26"},"aioseo_breadcrumb":"<div class=\"aioseo-breadcrumbs\"><span class=\"aioseo-breadcrumb\">\n\t<a href=\"https:\/\/eldigitaldeasturias.com\/radio\" title=\"Inicio\">Inicio<\/a>\n<\/span><span class=\"aioseo-breadcrumb-separator\">&ndash;<\/span><span class=\"aioseo-breadcrumb\">\n\t<a href=\"https:\/\/eldigitaldeasturias.com\/radio\/category\/noticias\/\" title=\"Noticias\">Noticias<\/a>\n<\/span><span class=\"aioseo-breadcrumb-separator\">&ndash;<\/span><span class=\"aioseo-breadcrumb\">\n\tAlemania levanta una valla contra la peste porcina en la frontera con Polonia\n<\/span><\/div>","aioseo_breadcrumb_json":[{"label":"Inicio","link":"https:\/\/eldigitaldeasturias.com\/radio"},{"label":"Noticias","link":"https:\/\/eldigitaldeasturias.com\/radio\/category\/noticias\/"},{"label":"Alemania levanta una valla contra la peste porcina en la frontera con Polonia","link":"https:\/\/eldigitaldeasturias.com\/radio\/alemania-levanta-una-valla-contra-la-peste-porcina-en-la-frontera-con-polonia\/"}],"_links":{"self":[{"href":"https:\/\/eldigitaldeasturias.com\/radio\/wp-json\/wp\/v2\/posts\/3820","targetHints":{"allow":["GET"]}}],"collection":[{"href":"https:\/\/eldigitaldeasturias.com\/radio\/wp-json\/wp\/v2\/posts"}],"about":[{"href":"https:\/\/eldigitaldeasturias.com\/radio\/wp-json\/wp\/v2\/types\/post"}],"author":[{"embeddable":true,"href":"https:\/\/eldigitaldeasturias.com\/radio\/wp-json\/wp\/v2\/users\/1"}],"replies":[{"embeddable":true,"href":"https:\/\/eldigitaldeasturias.com\/radio\/wp-json\/wp\/v2\/comments?post=3820"}],"version-history":[{"count":0,"href":"https:\/\/eldigitaldeasturias.com\/radio\/wp-json\/wp\/v2\/posts\/3820\/revisions"}],"wp:featuredmedia":[{"embeddable":true,"href":"https:\/\/eldigitaldeasturias.com\/radio\/wp-json\/wp\/v2\/media\/3821"}],"wp:attachment":[{"href":"https:\/\/eldigitaldeasturias.com\/radio\/wp-json\/wp\/v2\/media?parent=3820"}],"wp:term":[{"taxonomy":"category","embeddable":true,"href":"https:\/\/eldigitaldeasturias.com\/radio\/wp-json\/wp\/v2\/categories?post=3820"},{"taxonomy":"post_tag","embeddable":true,"href":"https:\/\/eldigitaldeasturias.com\/radio\/wp-json\/wp\/v2\/tags?post=3820"}],"curies":[{"name":"wp","href":"https:\/\/api.w.org\/{rel}","templated":true}]}}