{"id":3818,"date":"2020-01-04T05:57:44","date_gmt":"2020-01-04T05:57:44","guid":{"rendered":"http:\/\/www.eldigitaldeasturias.com\/radio\/?p=3818"},"modified":"2020-01-04T05:57:44","modified_gmt":"2020-01-04T05:57:44","slug":"patronal-alemana-critica-alarma-de-sindicato-sobre-horarios-laborales","status":"publish","type":"post","link":"https:\/\/eldigitaldeasturias.com\/radio\/patronal-alemana-critica-alarma-de-sindicato-sobre-horarios-laborales\/","title":{"rendered":"Patronal alemana critica alarma de sindicato sobre horarios laborales"},"content":{"rendered":"<p><img fetchpriority=\"high\" decoding=\"async\" class=\"alignleft size-medium wp-image-1352\" src=\"http:\/\/www.eldigitaldeasturias.com\/radio\/wp-content\/uploads\/2018\/10\/technology-785742_960_720-360x240.jpg\" alt=\"\" width=\"360\" height=\"240\" srcset=\"https:\/\/eldigitaldeasturias.com\/radio\/wp-content\/uploads\/2018\/10\/technology-785742_960_720-360x240.jpg 360w, https:\/\/eldigitaldeasturias.com\/radio\/wp-content\/uploads\/2018\/10\/technology-785742_960_720-768x512.jpg 768w, https:\/\/eldigitaldeasturias.com\/radio\/wp-content\/uploads\/2018\/10\/technology-785742_960_720.jpg 960w\" sizes=\"(max-width: 360px) 100vw, 360px\" \/>Berl\u00edn, 3 ene (dpa) &#8211; La patronal alemana reclam\u00f3 modelos de trabajo flexibles y consider\u00f3 infundadas las advertencias del sindicato Verdi sobre la prolongaci\u00f3n de la jornada laboral, seg\u00fan declaraciones de Steffen Kampeter, gerente de la Federaci\u00f3n de Empleadores Alemanes (BDA), publicadas hoy en el diario \u00abNeue Osnabr\u00fccker Zeitung\u00bb.<\/p>\n<p>\u00abPara nosotros es importante permitir acuerdos de trabajo flexibles, que permitan conciliar mejor la vida laboral con la familiar y que se ajusten a una forma moderna de cultura del horario de trabajo en el siglo XXI\u00bb, dijo Kampeter.<\/p>\n<p>\u00abLo que ciertamente no necesitamos son demandas de los sindicatos del siglo XX\u00bb, agreg\u00f3 el directivo de la BDA.<\/p>\n<p>Kampeter reaccion\u00f3 as\u00ed a las advertencias del presidente de Verdi, Frank Werneke, de que los trabajadores alemanes podr\u00edan tener que trabajar m\u00e1s horas en el futuro.<\/p>\n<p>Werneke hab\u00eda comentado en declaraciones a dpa que las asociaciones patronales quer\u00edan acortar los per\u00edodos de descanso bajo el pretexto de probar nuevos modelos de trabajo con los llamados espacios experimentales en empresas.<\/p>\n<p>Con estos espacios experimentales, el Ministerio de Trabajo de Alemania quiere probar nuevos modelos laborales con el fin, entre otras cosas, de conseguir una mayor flexibilidad en la jornada laboral y de reducir el tiempo presencial en la oficina.<\/p>\n<p>La cartera del ministro Hubertus Heil analiza tambi\u00e9n una reivindicaci\u00f3n legal del trabajo m\u00f3vil, por ejemplo, para homeoffice.<\/p>\n<p>\u00abSi pretenden que haya un derecho a homeoffice, es importante que sea de car\u00e1cter voluntario\u00bb, reclam\u00f3 Werneke, y subray\u00f3 que reglamentar el trabajo desde casa no deber\u00eda servir solo para que las empresas se ahorren los alquileres de oficinas en ciudades caras.<\/p>\n<p>Kampeter acogi\u00f3 con agrado la iniciativa del Ministerio de Trabajo. \u00abLa creaci\u00f3n de valor debe tener lugar en el futuro all\u00ed donde los empleados puedan cumplir sus deseos de flexibilidad dentro de un marco legalmente fiable\u00bb, indic\u00f3.<\/p>\n<p>Acot\u00f3, adem\u00e1s, que para los empleadores se trata en principio de crear espacios que sean compatibles con las expectativas de flexibilidad de los clientes y los empleados, \u00aby en colaboraci\u00f3n\u00bb.<\/p>\n","protected":false},"excerpt":{"rendered":"<p>Berl\u00edn, 3 ene (dpa) &#8211; La patronal alemana reclam\u00f3 modelos de trabajo flexibles y consider\u00f3 infundadas las advertencias del sindicato Verdi sobre la prolongaci\u00f3n de la jornada laboral, seg\u00fan declaraciones de Steffen Kampeter, gerente de la Federaci\u00f3n de Empleadores Alemanes (BDA), publicadas hoy en el diario \u00abNeue Osnabr\u00fccker Zeitung\u00bb. \u00abPara nosotros es importante permitir acuerdos<\/p>\n","protected":false},"author":1,"featured_media":242,"comment_status":"closed","ping_status":"closed","sticky":false,"template":"","format":"standard","meta":{"footnotes":""},"categories":[35],"tags":[],"class_list":{"0":"post-3818","1":"post","2":"type-post","3":"status-publish","4":"format-standard","5":"has-post-thumbnail","7":"category-negocios"},"aioseo_notices":[],"aioseo_head":"\n\t\t<!-- All in One SEO Pro 4.9.6.2 - aioseo.com -->\n\t<meta name=\"description\" content=\"Berl\u00edn, 3 ene (dpa) - La patronal alemana reclam\u00f3 modelos de trabajo flexibles y consider\u00f3 infundadas las advertencias del sindicato Verdi sobre la prolongaci\u00f3n de la jornada laboral, seg\u00fan declaraciones de Steffen Kampeter, gerente de la Federaci\u00f3n de Empleadores Alemanes (BDA), publicadas hoy en el diario &quot;Neue Osnabr\u00fccker Zeitung&quot;. &quot;Para nosotros es importante permitir acuerdos\" \/>\n\t<meta name=\"robots\" content=\"max-image-preview:large\" \/>\n\t<meta name=\"author\" content=\"NBAsturias\"\/>\n\t<meta name=\"google-site-verification\" content=\"UA-38556648-1\" \/>\n\t<meta name=\"keywords\" content=\"negocios\" \/>\n\t<link rel=\"canonical\" href=\"https:\/\/eldigitaldeasturias.com\/radio\/patronal-alemana-critica-alarma-de-sindicato-sobre-horarios-laborales\/\" \/>\n\t<meta name=\"generator\" content=\"All in One SEO Pro (AIOSEO) 4.9.6.2\" \/>\n\t\t<meta property=\"og:locale\" content=\"es_ES\" \/>\n\t\t<meta property=\"og:site_name\" content=\"El Digital de Asturias | Diario de informaci\u00f3n y noticias\" \/>\n\t\t<meta property=\"og:type\" content=\"article\" \/>\n\t\t<meta property=\"og:title\" content=\"Patronal alemana critica alarma de sindicato sobre horarios laborales | El Digital de Asturias\" \/>\n\t\t<meta property=\"og:description\" content=\"Berl\u00edn, 3 ene (dpa) - La patronal alemana reclam\u00f3 modelos de trabajo flexibles y consider\u00f3 infundadas las advertencias del sindicato Verdi sobre la prolongaci\u00f3n de la jornada laboral, seg\u00fan declaraciones de Steffen Kampeter, gerente de la Federaci\u00f3n de Empleadores Alemanes (BDA), publicadas hoy en el diario &quot;Neue Osnabr\u00fccker Zeitung&quot;. &quot;Para nosotros es importante permitir acuerdos\" \/>\n\t\t<meta property=\"og:url\" content=\"https:\/\/eldigitaldeasturias.com\/radio\/patronal-alemana-critica-alarma-de-sindicato-sobre-horarios-laborales\/\" \/>\n\t\t<meta property=\"og:image\" content=\"https:\/\/eldigitaldeasturias.com\/radio\/wp-content\/uploads\/2018\/03\/technology-785742_1280.jpg\" \/>\n\t\t<meta property=\"og:image:secure_url\" content=\"https:\/\/eldigitaldeasturias.com\/radio\/wp-content\/uploads\/2018\/03\/technology-785742_1280.jpg\" \/>\n\t\t<meta property=\"og:image:width\" content=\"1280\" \/>\n\t\t<meta property=\"og:image:height\" content=\"853\" \/>\n\t\t<meta property=\"article:published_time\" content=\"2020-01-04T05:57:44+00:00\" \/>\n\t\t<meta property=\"article:modified_time\" content=\"2020-01-04T05:57:44+00:00\" \/>\n\t\t<meta name=\"twitter:card\" content=\"summary_large_image\" \/>\n\t\t<meta name=\"twitter:site\" content=\"@bercodi\" \/>\n\t\t<meta name=\"twitter:title\" content=\"Patronal alemana critica alarma de sindicato sobre horarios laborales | El Digital de Asturias\" \/>\n\t\t<meta name=\"twitter:description\" content=\"Berl\u00edn, 3 ene (dpa) - La patronal alemana reclam\u00f3 modelos de trabajo flexibles y consider\u00f3 infundadas las advertencias del sindicato Verdi sobre la prolongaci\u00f3n de la jornada laboral, seg\u00fan declaraciones de Steffen Kampeter, gerente de la Federaci\u00f3n de Empleadores Alemanes (BDA), publicadas hoy en el diario &quot;Neue Osnabr\u00fccker Zeitung&quot;. &quot;Para nosotros es importante permitir acuerdos\" \/>\n\t\t<meta name=\"twitter:creator\" content=\"@bercodi\" \/>\n\t\t<meta name=\"twitter:image\" content=\"https:\/\/eldigitaldeasturias.com\/radio\/wp-content\/uploads\/2018\/03\/technology-785742_1280.jpg\" \/>\n\t\t<script type=\"application\/ld+json\" class=\"aioseo-schema\">\n\t\t\t{\"@context\":\"https:\\\/\\\/schema.org\",\"@graph\":[{\"@type\":\"BreadcrumbList\",\"@id\":\"https:\\\/\\\/eldigitaldeasturias.com\\\/radio\\\/patronal-alemana-critica-alarma-de-sindicato-sobre-horarios-laborales\\\/#breadcrumblist\",\"itemListElement\":[{\"@type\":\"ListItem\",\"@id\":\"https:\\\/\\\/eldigitaldeasturias.com\\\/radio#listItem\",\"position\":1,\"name\":\"Inicio\",\"item\":\"https:\\\/\\\/eldigitaldeasturias.com\\\/radio\",\"nextItem\":{\"@type\":\"ListItem\",\"@id\":\"https:\\\/\\\/eldigitaldeasturias.com\\\/radio\\\/category\\\/negocios\\\/#listItem\",\"name\":\"Negocios\"}},{\"@type\":\"ListItem\",\"@id\":\"https:\\\/\\\/eldigitaldeasturias.com\\\/radio\\\/category\\\/negocios\\\/#listItem\",\"position\":2,\"name\":\"Negocios\",\"item\":\"https:\\\/\\\/eldigitaldeasturias.com\\\/radio\\\/category\\\/negocios\\\/\",\"nextItem\":{\"@type\":\"ListItem\",\"@id\":\"https:\\\/\\\/eldigitaldeasturias.com\\\/radio\\\/patronal-alemana-critica-alarma-de-sindicato-sobre-horarios-laborales\\\/#listItem\",\"name\":\"Patronal alemana critica alarma de sindicato sobre horarios laborales\"},\"previousItem\":{\"@type\":\"ListItem\",\"@id\":\"https:\\\/\\\/eldigitaldeasturias.com\\\/radio#listItem\",\"name\":\"Inicio\"}},{\"@type\":\"ListItem\",\"@id\":\"https:\\\/\\\/eldigitaldeasturias.com\\\/radio\\\/patronal-alemana-critica-alarma-de-sindicato-sobre-horarios-laborales\\\/#listItem\",\"position\":3,\"name\":\"Patronal alemana critica alarma de sindicato sobre horarios laborales\",\"previousItem\":{\"@type\":\"ListItem\",\"@id\":\"https:\\\/\\\/eldigitaldeasturias.com\\\/radio\\\/category\\\/negocios\\\/#listItem\",\"name\":\"Negocios\"}}]},{\"@type\":\"NewsArticle\",\"@id\":\"https:\\\/\\\/eldigitaldeasturias.com\\\/radio\\\/patronal-alemana-critica-alarma-de-sindicato-sobre-horarios-laborales\\\/#newsarticle\",\"name\":\"Patronal alemana critica alarma de sindicato sobre horarios laborales | El Digital de Asturias\",\"headline\":\"Patronal alemana critica alarma de sindicato sobre horarios laborales\",\"author\":{\"@id\":\"https:\\\/\\\/eldigitaldeasturias.com\\\/radio\\\/author\\\/nbasturias\\\/#author\"},\"publisher\":{\"@id\":\"https:\\\/\\\/eldigitaldeasturias.com\\\/radio\\\/#organization\"},\"image\":{\"@type\":\"ImageObject\",\"url\":\"https:\\\/\\\/eldigitaldeasturias.com\\\/radio\\\/wp-content\\\/uploads\\\/2018\\\/03\\\/technology-785742_1280.jpg\",\"width\":1280,\"height\":853},\"datePublished\":\"2020-01-04T05:57:44+01:00\",\"dateModified\":\"2020-01-04T05:57:44+01:00\",\"inLanguage\":\"es-ES\",\"mainEntityOfPage\":{\"@id\":\"https:\\\/\\\/eldigitaldeasturias.com\\\/radio\\\/patronal-alemana-critica-alarma-de-sindicato-sobre-horarios-laborales\\\/#webpage\"},\"isPartOf\":{\"@id\":\"https:\\\/\\\/eldigitaldeasturias.com\\\/radio\\\/patronal-alemana-critica-alarma-de-sindicato-sobre-horarios-laborales\\\/#webpage\"},\"articleSection\":\"Negocios\",\"dateline\":\"Publicado el enero 4, 2020.\"},{\"@type\":\"Organization\",\"@id\":\"https:\\\/\\\/eldigitaldeasturias.com\\\/radio\\\/#organization\",\"name\":\"El digital de Asturias Radio\",\"description\":\"Diario de informaci\\u00f3n y noticias\",\"url\":\"https:\\\/\\\/eldigitaldeasturias.com\\\/radio\\\/\",\"telephone\":\"+34652131393\",\"logo\":{\"@type\":\"ImageObject\",\"url\":\"https:\\\/\\\/www.eldigitaldeasturias.com\\\/radio\\\/wp-content\\\/uploads\\\/2021\\\/03\\\/EDA.jpg\",\"@id\":\"https:\\\/\\\/eldigitaldeasturias.com\\\/radio\\\/patronal-alemana-critica-alarma-de-sindicato-sobre-horarios-laborales\\\/#organizationLogo\"},\"image\":{\"@id\":\"https:\\\/\\\/eldigitaldeasturias.com\\\/radio\\\/patronal-alemana-critica-alarma-de-sindicato-sobre-horarios-laborales\\\/#organizationLogo\"},\"sameAs\":[\"https:\\\/\\\/www.facebook.com\\\/\",\"https:\\\/\\\/x.com\\\/bercodi\",\"https:\\\/\\\/www.instagram.com\\\/\",\"https:\\\/\\\/www.youtube.com\\\/channel\\\/UCZP-2wLEB9Rv6erhFmqVnvg\"]},{\"@type\":\"Person\",\"@id\":\"https:\\\/\\\/eldigitaldeasturias.com\\\/radio\\\/author\\\/nbasturias\\\/#author\",\"url\":\"https:\\\/\\\/eldigitaldeasturias.com\\\/radio\\\/author\\\/nbasturias\\\/\",\"name\":\"NBAsturias\",\"image\":{\"@type\":\"ImageObject\",\"@id\":\"https:\\\/\\\/eldigitaldeasturias.com\\\/radio\\\/patronal-alemana-critica-alarma-de-sindicato-sobre-horarios-laborales\\\/#authorImage\",\"url\":\"https:\\\/\\\/secure.gravatar.com\\\/avatar\\\/df2aeffc32bcd13f8d26072ef8a91b623d677766deac7f97ca815868cd41bf5e?s=96&d=mm&r=g\",\"width\":96,\"height\":96,\"caption\":\"NBAsturias\"}},{\"@type\":\"WebPage\",\"@id\":\"https:\\\/\\\/eldigitaldeasturias.com\\\/radio\\\/patronal-alemana-critica-alarma-de-sindicato-sobre-horarios-laborales\\\/#webpage\",\"url\":\"https:\\\/\\\/eldigitaldeasturias.com\\\/radio\\\/patronal-alemana-critica-alarma-de-sindicato-sobre-horarios-laborales\\\/\",\"name\":\"Patronal alemana critica alarma de sindicato sobre horarios laborales | El Digital de Asturias\",\"description\":\"Berl\\u00edn, 3 ene (dpa) - La patronal alemana reclam\\u00f3 modelos de trabajo flexibles y consider\\u00f3 infundadas las advertencias del sindicato Verdi sobre la prolongaci\\u00f3n de la jornada laboral, seg\\u00fan declaraciones de Steffen Kampeter, gerente de la Federaci\\u00f3n de Empleadores Alemanes (BDA), publicadas hoy en el diario \\\"Neue Osnabr\\u00fccker Zeitung\\\". \\\"Para nosotros es importante permitir acuerdos\",\"inLanguage\":\"es-ES\",\"isPartOf\":{\"@id\":\"https:\\\/\\\/eldigitaldeasturias.com\\\/radio\\\/#website\"},\"breadcrumb\":{\"@id\":\"https:\\\/\\\/eldigitaldeasturias.com\\\/radio\\\/patronal-alemana-critica-alarma-de-sindicato-sobre-horarios-laborales\\\/#breadcrumblist\"},\"author\":{\"@id\":\"https:\\\/\\\/eldigitaldeasturias.com\\\/radio\\\/author\\\/nbasturias\\\/#author\"},\"creator\":{\"@id\":\"https:\\\/\\\/eldigitaldeasturias.com\\\/radio\\\/author\\\/nbasturias\\\/#author\"},\"image\":{\"@type\":\"ImageObject\",\"url\":\"https:\\\/\\\/eldigitaldeasturias.com\\\/radio\\\/wp-content\\\/uploads\\\/2018\\\/03\\\/technology-785742_1280.jpg\",\"@id\":\"https:\\\/\\\/eldigitaldeasturias.com\\\/radio\\\/patronal-alemana-critica-alarma-de-sindicato-sobre-horarios-laborales\\\/#mainImage\",\"width\":1280,\"height\":853},\"primaryImageOfPage\":{\"@id\":\"https:\\\/\\\/eldigitaldeasturias.com\\\/radio\\\/patronal-alemana-critica-alarma-de-sindicato-sobre-horarios-laborales\\\/#mainImage\"},\"datePublished\":\"2020-01-04T05:57:44+01:00\",\"dateModified\":\"2020-01-04T05:57:44+01:00\"},{\"@type\":\"WebSite\",\"@id\":\"https:\\\/\\\/eldigitaldeasturias.com\\\/radio\\\/#website\",\"url\":\"https:\\\/\\\/eldigitaldeasturias.com\\\/radio\\\/\",\"name\":\"El Digital de Asturias\",\"description\":\"Diario de informaci\\u00f3n y noticias\",\"inLanguage\":\"es-ES\",\"publisher\":{\"@id\":\"https:\\\/\\\/eldigitaldeasturias.com\\\/radio\\\/#organization\"}}]}\n\t\t<\/script>\n\t\t<!-- All in One SEO Pro -->\r\n\t\t<title>Patronal alemana critica alarma de sindicato sobre horarios laborales | El Digital de Asturias<\/title>\n\n","aioseo_head_json":{"title":"Patronal alemana critica alarma de sindicato sobre horarios laborales | El Digital de Asturias","description":"Berl\u00edn, 3 ene (dpa) - La patronal alemana reclam\u00f3 modelos de trabajo flexibles y consider\u00f3 infundadas las advertencias del sindicato Verdi sobre la prolongaci\u00f3n de la jornada laboral, seg\u00fan declaraciones de Steffen Kampeter, gerente de la Federaci\u00f3n de Empleadores Alemanes (BDA), publicadas hoy en el diario \"Neue Osnabr\u00fccker Zeitung\". \"Para nosotros es importante permitir acuerdos","canonical_url":"https:\/\/eldigitaldeasturias.com\/radio\/patronal-alemana-critica-alarma-de-sindicato-sobre-horarios-laborales\/","robots":"max-image-preview:large","keywords":"negocios","webmasterTools":{"google-site-verification":"UA-38556648-1","miscellaneous":""},"schema":{"@context":"https:\/\/schema.org","@graph":[{"@type":"BreadcrumbList","@id":"https:\/\/eldigitaldeasturias.com\/radio\/patronal-alemana-critica-alarma-de-sindicato-sobre-horarios-laborales\/#breadcrumblist","itemListElement":[{"@type":"ListItem","@id":"https:\/\/eldigitaldeasturias.com\/radio#listItem","position":1,"name":"Inicio","item":"https:\/\/eldigitaldeasturias.com\/radio","nextItem":{"@type":"ListItem","@id":"https:\/\/eldigitaldeasturias.com\/radio\/category\/negocios\/#listItem","name":"Negocios"}},{"@type":"ListItem","@id":"https:\/\/eldigitaldeasturias.com\/radio\/category\/negocios\/#listItem","position":2,"name":"Negocios","item":"https:\/\/eldigitaldeasturias.com\/radio\/category\/negocios\/","nextItem":{"@type":"ListItem","@id":"https:\/\/eldigitaldeasturias.com\/radio\/patronal-alemana-critica-alarma-de-sindicato-sobre-horarios-laborales\/#listItem","name":"Patronal alemana critica alarma de sindicato sobre horarios laborales"},"previousItem":{"@type":"ListItem","@id":"https:\/\/eldigitaldeasturias.com\/radio#listItem","name":"Inicio"}},{"@type":"ListItem","@id":"https:\/\/eldigitaldeasturias.com\/radio\/patronal-alemana-critica-alarma-de-sindicato-sobre-horarios-laborales\/#listItem","position":3,"name":"Patronal alemana critica alarma de sindicato sobre horarios laborales","previousItem":{"@type":"ListItem","@id":"https:\/\/eldigitaldeasturias.com\/radio\/category\/negocios\/#listItem","name":"Negocios"}}]},{"@type":"NewsArticle","@id":"https:\/\/eldigitaldeasturias.com\/radio\/patronal-alemana-critica-alarma-de-sindicato-sobre-horarios-laborales\/#newsarticle","name":"Patronal alemana critica alarma de sindicato sobre horarios laborales | El Digital de Asturias","headline":"Patronal alemana critica alarma de sindicato sobre horarios laborales","author":{"@id":"https:\/\/eldigitaldeasturias.com\/radio\/author\/nbasturias\/#author"},"publisher":{"@id":"https:\/\/eldigitaldeasturias.com\/radio\/#organization"},"image":{"@type":"ImageObject","url":"https:\/\/eldigitaldeasturias.com\/radio\/wp-content\/uploads\/2018\/03\/technology-785742_1280.jpg","width":1280,"height":853},"datePublished":"2020-01-04T05:57:44+01:00","dateModified":"2020-01-04T05:57:44+01:00","inLanguage":"es-ES","mainEntityOfPage":{"@id":"https:\/\/eldigitaldeasturias.com\/radio\/patronal-alemana-critica-alarma-de-sindicato-sobre-horarios-laborales\/#webpage"},"isPartOf":{"@id":"https:\/\/eldigitaldeasturias.com\/radio\/patronal-alemana-critica-alarma-de-sindicato-sobre-horarios-laborales\/#webpage"},"articleSection":"Negocios","dateline":"Publicado el enero 4, 2020."},{"@type":"Organization","@id":"https:\/\/eldigitaldeasturias.com\/radio\/#organization","name":"El digital de Asturias Radio","description":"Diario de informaci\u00f3n y noticias","url":"https:\/\/eldigitaldeasturias.com\/radio\/","telephone":"+34652131393","logo":{"@type":"ImageObject","url":"https:\/\/www.eldigitaldeasturias.com\/radio\/wp-content\/uploads\/2021\/03\/EDA.jpg","@id":"https:\/\/eldigitaldeasturias.com\/radio\/patronal-alemana-critica-alarma-de-sindicato-sobre-horarios-laborales\/#organizationLogo"},"image":{"@id":"https:\/\/eldigitaldeasturias.com\/radio\/patronal-alemana-critica-alarma-de-sindicato-sobre-horarios-laborales\/#organizationLogo"},"sameAs":["https:\/\/www.facebook.com\/","https:\/\/x.com\/bercodi","https:\/\/www.instagram.com\/","https:\/\/www.youtube.com\/channel\/UCZP-2wLEB9Rv6erhFmqVnvg"]},{"@type":"Person","@id":"https:\/\/eldigitaldeasturias.com\/radio\/author\/nbasturias\/#author","url":"https:\/\/eldigitaldeasturias.com\/radio\/author\/nbasturias\/","name":"NBAsturias","image":{"@type":"ImageObject","@id":"https:\/\/eldigitaldeasturias.com\/radio\/patronal-alemana-critica-alarma-de-sindicato-sobre-horarios-laborales\/#authorImage","url":"https:\/\/secure.gravatar.com\/avatar\/df2aeffc32bcd13f8d26072ef8a91b623d677766deac7f97ca815868cd41bf5e?s=96&d=mm&r=g","width":96,"height":96,"caption":"NBAsturias"}},{"@type":"WebPage","@id":"https:\/\/eldigitaldeasturias.com\/radio\/patronal-alemana-critica-alarma-de-sindicato-sobre-horarios-laborales\/#webpage","url":"https:\/\/eldigitaldeasturias.com\/radio\/patronal-alemana-critica-alarma-de-sindicato-sobre-horarios-laborales\/","name":"Patronal alemana critica alarma de sindicato sobre horarios laborales | El Digital de Asturias","description":"Berl\u00edn, 3 ene (dpa) - La patronal alemana reclam\u00f3 modelos de trabajo flexibles y consider\u00f3 infundadas las advertencias del sindicato Verdi sobre la prolongaci\u00f3n de la jornada laboral, seg\u00fan declaraciones de Steffen Kampeter, gerente de la Federaci\u00f3n de Empleadores Alemanes (BDA), publicadas hoy en el diario \"Neue Osnabr\u00fccker Zeitung\". \"Para nosotros es importante permitir acuerdos","inLanguage":"es-ES","isPartOf":{"@id":"https:\/\/eldigitaldeasturias.com\/radio\/#website"},"breadcrumb":{"@id":"https:\/\/eldigitaldeasturias.com\/radio\/patronal-alemana-critica-alarma-de-sindicato-sobre-horarios-laborales\/#breadcrumblist"},"author":{"@id":"https:\/\/eldigitaldeasturias.com\/radio\/author\/nbasturias\/#author"},"creator":{"@id":"https:\/\/eldigitaldeasturias.com\/radio\/author\/nbasturias\/#author"},"image":{"@type":"ImageObject","url":"https:\/\/eldigitaldeasturias.com\/radio\/wp-content\/uploads\/2018\/03\/technology-785742_1280.jpg","@id":"https:\/\/eldigitaldeasturias.com\/radio\/patronal-alemana-critica-alarma-de-sindicato-sobre-horarios-laborales\/#mainImage","width":1280,"height":853},"primaryImageOfPage":{"@id":"https:\/\/eldigitaldeasturias.com\/radio\/patronal-alemana-critica-alarma-de-sindicato-sobre-horarios-laborales\/#mainImage"},"datePublished":"2020-01-04T05:57:44+01:00","dateModified":"2020-01-04T05:57:44+01:00"},{"@type":"WebSite","@id":"https:\/\/eldigitaldeasturias.com\/radio\/#website","url":"https:\/\/eldigitaldeasturias.com\/radio\/","name":"El Digital de Asturias","description":"Diario de informaci\u00f3n y noticias","inLanguage":"es-ES","publisher":{"@id":"https:\/\/eldigitaldeasturias.com\/radio\/#organization"}}]},"og:locale":"es_ES","og:site_name":"El Digital de Asturias | Diario de informaci\u00f3n y noticias","og:type":"article","og:title":"Patronal alemana critica alarma de sindicato sobre horarios laborales | El Digital de Asturias","og:description":"Berl\u00edn, 3 ene (dpa) - La patronal alemana reclam\u00f3 modelos de trabajo flexibles y consider\u00f3 infundadas las advertencias del sindicato Verdi sobre la prolongaci\u00f3n de la jornada laboral, seg\u00fan declaraciones de Steffen Kampeter, gerente de la Federaci\u00f3n de Empleadores Alemanes (BDA), publicadas hoy en el diario &quot;Neue Osnabr\u00fccker Zeitung&quot;. &quot;Para nosotros es importante permitir acuerdos","og:url":"https:\/\/eldigitaldeasturias.com\/radio\/patronal-alemana-critica-alarma-de-sindicato-sobre-horarios-laborales\/","og:image":"https:\/\/eldigitaldeasturias.com\/radio\/wp-content\/uploads\/2018\/03\/technology-785742_1280.jpg","og:image:secure_url":"https:\/\/eldigitaldeasturias.com\/radio\/wp-content\/uploads\/2018\/03\/technology-785742_1280.jpg","og:image:width":1280,"og:image:height":853,"article:published_time":"2020-01-04T05:57:44+00:00","article:modified_time":"2020-01-04T05:57:44+00:00","twitter:card":"summary_large_image","twitter:site":"@bercodi","twitter:title":"Patronal alemana critica alarma de sindicato sobre horarios laborales | El Digital de Asturias","twitter:description":"Berl\u00edn, 3 ene (dpa) - La patronal alemana reclam\u00f3 modelos de trabajo flexibles y consider\u00f3 infundadas las advertencias del sindicato Verdi sobre la prolongaci\u00f3n de la jornada laboral, seg\u00fan declaraciones de Steffen Kampeter, gerente de la Federaci\u00f3n de Empleadores Alemanes (BDA), publicadas hoy en el diario &quot;Neue Osnabr\u00fccker Zeitung&quot;. &quot;Para nosotros es importante permitir acuerdos","twitter:creator":"@bercodi","twitter:image":"https:\/\/eldigitaldeasturias.com\/radio\/wp-content\/uploads\/2018\/03\/technology-785742_1280.jpg"},"aioseo_meta_data":{"post_id":"3818","title":null,"description":null,"keywords":null,"keyphrases":null,"primary_term":null,"canonical_url":null,"og_title":null,"og_description":null,"og_object_type":"default","og_image_type":"default","og_image_url":null,"og_image_width":null,"og_image_height":null,"og_image_custom_url":null,"og_image_custom_fields":null,"og_video":null,"og_custom_url":null,"og_article_section":null,"og_article_tags":null,"twitter_use_og":false,"twitter_card":"default","twitter_image_type":"default","twitter_image_url":null,"twitter_image_custom_url":null,"twitter_image_custom_fields":null,"twitter_title":null,"twitter_description":null,"schema":{"blockGraphs":[],"customGraphs":[],"default":{"data":{"Article":[],"Course":[],"Dataset":[],"FAQPage":[],"Movie":[],"Person":[],"Product":[],"ProductReview":[],"Car":[],"Recipe":[],"Service":[],"SoftwareApplication":[],"WebPage":[]},"graphName":"","isEnabled":true},"graphs":[],"defaultGraph":"","defaultPostTypeGraph":""},"schema_type":null,"schema_type_options":null,"pillar_content":false,"robots_default":true,"robots_noindex":false,"robots_noarchive":false,"robots_nosnippet":false,"robots_nofollow":false,"robots_noimageindex":false,"robots_noodp":false,"robots_notranslate":false,"robots_max_snippet":null,"robots_max_videopreview":null,"robots_max_imagepreview":"large","priority":null,"frequency":null,"location":null,"local_seo":null,"seo_analyzer_scan_date":"2025-08-28 14:51:33","breadcrumb_settings":null,"limit_modified_date":false,"open_ai":null,"ai":null,"created":"2021-03-25 20:43:02","updated":"2025-08-28 14:51:33"},"aioseo_breadcrumb":"<div class=\"aioseo-breadcrumbs\"><span class=\"aioseo-breadcrumb\">\n\t<a href=\"https:\/\/eldigitaldeasturias.com\/radio\" title=\"Inicio\">Inicio<\/a>\n<\/span><span class=\"aioseo-breadcrumb-separator\">&ndash;<\/span><span class=\"aioseo-breadcrumb\">\n\t<a href=\"https:\/\/eldigitaldeasturias.com\/radio\/category\/negocios\/\" title=\"Negocios\">Negocios<\/a>\n<\/span><span class=\"aioseo-breadcrumb-separator\">&ndash;<\/span><span class=\"aioseo-breadcrumb\">\n\tPatronal alemana critica alarma de sindicato sobre horarios laborales\n<\/span><\/div>","aioseo_breadcrumb_json":[{"label":"Inicio","link":"https:\/\/eldigitaldeasturias.com\/radio"},{"label":"Negocios","link":"https:\/\/eldigitaldeasturias.com\/radio\/category\/negocios\/"},{"label":"Patronal alemana critica alarma de sindicato sobre horarios laborales","link":"https:\/\/eldigitaldeasturias.com\/radio\/patronal-alemana-critica-alarma-de-sindicato-sobre-horarios-laborales\/"}],"_links":{"self":[{"href":"https:\/\/eldigitaldeasturias.com\/radio\/wp-json\/wp\/v2\/posts\/3818","targetHints":{"allow":["GET"]}}],"collection":[{"href":"https:\/\/eldigitaldeasturias.com\/radio\/wp-json\/wp\/v2\/posts"}],"about":[{"href":"https:\/\/eldigitaldeasturias.com\/radio\/wp-json\/wp\/v2\/types\/post"}],"author":[{"embeddable":true,"href":"https:\/\/eldigitaldeasturias.com\/radio\/wp-json\/wp\/v2\/users\/1"}],"replies":[{"embeddable":true,"href":"https:\/\/eldigitaldeasturias.com\/radio\/wp-json\/wp\/v2\/comments?post=3818"}],"version-history":[{"count":0,"href":"https:\/\/eldigitaldeasturias.com\/radio\/wp-json\/wp\/v2\/posts\/3818\/revisions"}],"wp:featuredmedia":[{"embeddable":true,"href":"https:\/\/eldigitaldeasturias.com\/radio\/wp-json\/wp\/v2\/media\/242"}],"wp:attachment":[{"href":"https:\/\/eldigitaldeasturias.com\/radio\/wp-json\/wp\/v2\/media?parent=3818"}],"wp:term":[{"taxonomy":"category","embeddable":true,"href":"https:\/\/eldigitaldeasturias.com\/radio\/wp-json\/wp\/v2\/categories?post=3818"},{"taxonomy":"post_tag","embeddable":true,"href":"https:\/\/eldigitaldeasturias.com\/radio\/wp-json\/wp\/v2\/tags?post=3818"}],"curies":[{"name":"wp","href":"https:\/\/api.w.org\/{rel}","templated":true}]}}