{"id":3816,"date":"2020-01-04T05:52:27","date_gmt":"2020-01-04T05:52:27","guid":{"rendered":"http:\/\/www.eldigitaldeasturias.com\/radio\/?p=3816"},"modified":"2020-01-04T05:52:27","modified_gmt":"2020-01-04T05:52:27","slug":"haaland-empieza-a-prepararse-con-el-dortmund","status":"publish","type":"post","link":"https:\/\/eldigitaldeasturias.com\/radio\/haaland-empieza-a-prepararse-con-el-dortmund\/","title":{"rendered":"Haaland empieza a prepararse con el Dortmund"},"content":{"rendered":"<p><img fetchpriority=\"high\" decoding=\"async\" class=\"alignleft size-medium wp-image-72\" src=\"http:\/\/www.eldigitaldeasturias.com\/radio\/wp-content\/uploads\/2018\/03\/football-1406106_1280-360x241.jpg\" alt=\"\" width=\"360\" height=\"241\" srcset=\"https:\/\/eldigitaldeasturias.com\/radio\/wp-content\/uploads\/2018\/03\/football-1406106_1280-360x241.jpg 360w, https:\/\/eldigitaldeasturias.com\/radio\/wp-content\/uploads\/2018\/03\/football-1406106_1280-1024x686.jpg 1024w, https:\/\/eldigitaldeasturias.com\/radio\/wp-content\/uploads\/2018\/03\/football-1406106_1280-768x514.jpg 768w, https:\/\/eldigitaldeasturias.com\/radio\/wp-content\/uploads\/2018\/03\/football-1406106_1280.jpg 1280w\" sizes=\"(max-width: 360px) 100vw, 360px\" \/>Dortmund (Alemania), 3 ene (dpa) &#8211; El noruego Erling Haaland comenz\u00f3 hoy a prepararse con su nuevo club, el Borussia Dortmund, de cara a la disputa de la segunda vuelta de la Bundesliga.<\/p>\n<p>El ex jugador del Salzburgo austriaco se present\u00f3 a las 8:21 en las instalaciones del Dortmund para pasar la prueba obligatoria del lactato.<\/p>\n<p>El goleador noruego de 19 a\u00f1os, que cost\u00f3 20 millones de euros (22,6 millones de d\u00f3lares), viajar\u00e1 el s\u00e1bado con el equipo germano a una concentraci\u00f3n de ocho d\u00edas en Marbella.<\/p>\n<p>A pesar de las recientes especulaciones sobre su posible salida del club, el espa\u00f1ol Paco Alc\u00e1cer tambi\u00e9n acudi\u00f3 a las pruebas. Las posibilidades del delantero espa\u00f1ol de tener continuidad en el equipo siguen disminuyendo tras el fichaje de Haaland. Sin embargo, seg\u00fan el director deportivo Michael Zorc, no hay ofertas de otros clubes por \u00e9l.<\/p>\n<p>Por otro lado, el fichaje de Julian Weigl por el Benfica de Lisboa es un hecho. As\u00ed lo confirm\u00f3 el club portugu\u00e9s tras el examen m\u00e9dico realizado al centrocampista, cuyo traspaso proporcionar\u00e1 al Dortmund unos 20 millones de euros.<\/p>\n<p>Adem\u00e1s de Haaland y Alc\u00e1cer, Marco Reus, Mats Hummels, Axel Witsel, Thomas Delaney, Marcel Schmelzer y Thorgan Hazard, hasta hace poco baja en el equipo, tambi\u00e9n viajar\u00e1n a Marbella, donde realizar\u00e1n un entrenamiento espec\u00edfico.<\/p>\n<p>En la lista de jugadores que se desplazar\u00e1n a Espa\u00f1a se incluyen asimismo los j\u00f3venes Giovanni Reyna, Immanuel Pherai y Chris F\u00fchrich.<\/p>\n","protected":false},"excerpt":{"rendered":"<p>Dortmund (Alemania), 3 ene (dpa) &#8211; El noruego Erling Haaland comenz\u00f3 hoy a prepararse con su nuevo club, el Borussia Dortmund, de cara a la disputa de la segunda vuelta de la Bundesliga. El ex jugador del Salzburgo austriaco se present\u00f3 a las 8:21 en las instalaciones del Dortmund para pasar la prueba obligatoria del<\/p>\n","protected":false},"author":1,"featured_media":72,"comment_status":"closed","ping_status":"closed","sticky":false,"template":"","format":"standard","meta":{"footnotes":""},"categories":[1],"tags":[],"class_list":{"0":"post-3816","1":"post","2":"type-post","3":"status-publish","4":"format-standard","5":"has-post-thumbnail","7":"category-noticias"},"aioseo_notices":[],"aioseo_head":"\n\t\t<!-- All in One SEO Pro 4.9.6.2 - aioseo.com -->\n\t<meta name=\"description\" content=\"Dortmund (Alemania), 3 ene (dpa) - El noruego Erling Haaland comenz\u00f3 hoy a prepararse con su nuevo club, el Borussia Dortmund, de cara a la disputa de la segunda vuelta de la Bundesliga. El ex jugador del Salzburgo austriaco se present\u00f3 a las 8:21 en las instalaciones del Dortmund para pasar la prueba obligatoria del\" \/>\n\t<meta name=\"robots\" content=\"max-image-preview:large\" \/>\n\t<meta name=\"author\" content=\"NBAsturias\"\/>\n\t<meta name=\"google-site-verification\" content=\"UA-38556648-1\" \/>\n\t<meta name=\"keywords\" content=\"noticias\" \/>\n\t<link rel=\"canonical\" href=\"https:\/\/eldigitaldeasturias.com\/radio\/haaland-empieza-a-prepararse-con-el-dortmund\/\" \/>\n\t<meta name=\"generator\" content=\"All in One SEO Pro (AIOSEO) 4.9.6.2\" \/>\n\t\t<meta property=\"og:locale\" content=\"es_ES\" \/>\n\t\t<meta property=\"og:site_name\" content=\"El Digital de Asturias | Diario de informaci\u00f3n y noticias\" \/>\n\t\t<meta property=\"og:type\" content=\"article\" \/>\n\t\t<meta property=\"og:title\" content=\"Haaland empieza a prepararse con el Dortmund | El Digital de Asturias\" \/>\n\t\t<meta property=\"og:description\" content=\"Dortmund (Alemania), 3 ene (dpa) - El noruego Erling Haaland comenz\u00f3 hoy a prepararse con su nuevo club, el Borussia Dortmund, de cara a la disputa de la segunda vuelta de la Bundesliga. El ex jugador del Salzburgo austriaco se present\u00f3 a las 8:21 en las instalaciones del Dortmund para pasar la prueba obligatoria del\" \/>\n\t\t<meta property=\"og:url\" content=\"https:\/\/eldigitaldeasturias.com\/radio\/haaland-empieza-a-prepararse-con-el-dortmund\/\" \/>\n\t\t<meta property=\"og:image\" content=\"https:\/\/eldigitaldeasturias.com\/radio\/wp-content\/uploads\/2018\/03\/football-1406106_1280.jpg\" \/>\n\t\t<meta property=\"og:image:secure_url\" content=\"https:\/\/eldigitaldeasturias.com\/radio\/wp-content\/uploads\/2018\/03\/football-1406106_1280.jpg\" \/>\n\t\t<meta property=\"og:image:width\" content=\"1280\" \/>\n\t\t<meta property=\"og:image:height\" content=\"857\" \/>\n\t\t<meta property=\"article:published_time\" content=\"2020-01-04T05:52:27+00:00\" \/>\n\t\t<meta property=\"article:modified_time\" content=\"2020-01-04T05:52:27+00:00\" \/>\n\t\t<meta name=\"twitter:card\" content=\"summary_large_image\" \/>\n\t\t<meta name=\"twitter:site\" content=\"@bercodi\" \/>\n\t\t<meta name=\"twitter:title\" content=\"Haaland empieza a prepararse con el Dortmund | El Digital de Asturias\" \/>\n\t\t<meta name=\"twitter:description\" content=\"Dortmund (Alemania), 3 ene (dpa) - El noruego Erling Haaland comenz\u00f3 hoy a prepararse con su nuevo club, el Borussia Dortmund, de cara a la disputa de la segunda vuelta de la Bundesliga. El ex jugador del Salzburgo austriaco se present\u00f3 a las 8:21 en las instalaciones del Dortmund para pasar la prueba obligatoria del\" \/>\n\t\t<meta name=\"twitter:creator\" content=\"@bercodi\" \/>\n\t\t<meta name=\"twitter:image\" content=\"https:\/\/eldigitaldeasturias.com\/radio\/wp-content\/uploads\/2018\/03\/football-1406106_1280.jpg\" \/>\n\t\t<script type=\"application\/ld+json\" class=\"aioseo-schema\">\n\t\t\t{\"@context\":\"https:\\\/\\\/schema.org\",\"@graph\":[{\"@type\":\"BreadcrumbList\",\"@id\":\"https:\\\/\\\/eldigitaldeasturias.com\\\/radio\\\/haaland-empieza-a-prepararse-con-el-dortmund\\\/#breadcrumblist\",\"itemListElement\":[{\"@type\":\"ListItem\",\"@id\":\"https:\\\/\\\/eldigitaldeasturias.com\\\/radio#listItem\",\"position\":1,\"name\":\"Inicio\",\"item\":\"https:\\\/\\\/eldigitaldeasturias.com\\\/radio\",\"nextItem\":{\"@type\":\"ListItem\",\"@id\":\"https:\\\/\\\/eldigitaldeasturias.com\\\/radio\\\/category\\\/noticias\\\/#listItem\",\"name\":\"Noticias\"}},{\"@type\":\"ListItem\",\"@id\":\"https:\\\/\\\/eldigitaldeasturias.com\\\/radio\\\/category\\\/noticias\\\/#listItem\",\"position\":2,\"name\":\"Noticias\",\"item\":\"https:\\\/\\\/eldigitaldeasturias.com\\\/radio\\\/category\\\/noticias\\\/\",\"nextItem\":{\"@type\":\"ListItem\",\"@id\":\"https:\\\/\\\/eldigitaldeasturias.com\\\/radio\\\/haaland-empieza-a-prepararse-con-el-dortmund\\\/#listItem\",\"name\":\"Haaland empieza a prepararse con el Dortmund\"},\"previousItem\":{\"@type\":\"ListItem\",\"@id\":\"https:\\\/\\\/eldigitaldeasturias.com\\\/radio#listItem\",\"name\":\"Inicio\"}},{\"@type\":\"ListItem\",\"@id\":\"https:\\\/\\\/eldigitaldeasturias.com\\\/radio\\\/haaland-empieza-a-prepararse-con-el-dortmund\\\/#listItem\",\"position\":3,\"name\":\"Haaland empieza a prepararse con el Dortmund\",\"previousItem\":{\"@type\":\"ListItem\",\"@id\":\"https:\\\/\\\/eldigitaldeasturias.com\\\/radio\\\/category\\\/noticias\\\/#listItem\",\"name\":\"Noticias\"}}]},{\"@type\":\"NewsArticle\",\"@id\":\"https:\\\/\\\/eldigitaldeasturias.com\\\/radio\\\/haaland-empieza-a-prepararse-con-el-dortmund\\\/#newsarticle\",\"name\":\"Haaland empieza a prepararse con el Dortmund | El Digital de Asturias\",\"headline\":\"Haaland empieza a prepararse con el Dortmund\",\"author\":{\"@id\":\"https:\\\/\\\/eldigitaldeasturias.com\\\/radio\\\/author\\\/nbasturias\\\/#author\"},\"publisher\":{\"@id\":\"https:\\\/\\\/eldigitaldeasturias.com\\\/radio\\\/#organization\"},\"image\":{\"@type\":\"ImageObject\",\"url\":\"https:\\\/\\\/eldigitaldeasturias.com\\\/radio\\\/wp-content\\\/uploads\\\/2018\\\/03\\\/football-1406106_1280.jpg\",\"width\":1280,\"height\":857},\"datePublished\":\"2020-01-04T05:52:27+01:00\",\"dateModified\":\"2020-01-04T05:52:27+01:00\",\"inLanguage\":\"es-ES\",\"mainEntityOfPage\":{\"@id\":\"https:\\\/\\\/eldigitaldeasturias.com\\\/radio\\\/haaland-empieza-a-prepararse-con-el-dortmund\\\/#webpage\"},\"isPartOf\":{\"@id\":\"https:\\\/\\\/eldigitaldeasturias.com\\\/radio\\\/haaland-empieza-a-prepararse-con-el-dortmund\\\/#webpage\"},\"articleSection\":\"Noticias\",\"dateline\":\"Publicado el enero 4, 2020.\"},{\"@type\":\"Organization\",\"@id\":\"https:\\\/\\\/eldigitaldeasturias.com\\\/radio\\\/#organization\",\"name\":\"El digital de Asturias Radio\",\"description\":\"Diario de informaci\\u00f3n y noticias\",\"url\":\"https:\\\/\\\/eldigitaldeasturias.com\\\/radio\\\/\",\"telephone\":\"+34652131393\",\"logo\":{\"@type\":\"ImageObject\",\"url\":\"https:\\\/\\\/www.eldigitaldeasturias.com\\\/radio\\\/wp-content\\\/uploads\\\/2021\\\/03\\\/EDA.jpg\",\"@id\":\"https:\\\/\\\/eldigitaldeasturias.com\\\/radio\\\/haaland-empieza-a-prepararse-con-el-dortmund\\\/#organizationLogo\"},\"image\":{\"@id\":\"https:\\\/\\\/eldigitaldeasturias.com\\\/radio\\\/haaland-empieza-a-prepararse-con-el-dortmund\\\/#organizationLogo\"},\"sameAs\":[\"https:\\\/\\\/www.facebook.com\\\/\",\"https:\\\/\\\/x.com\\\/bercodi\",\"https:\\\/\\\/www.instagram.com\\\/\",\"https:\\\/\\\/www.youtube.com\\\/channel\\\/UCZP-2wLEB9Rv6erhFmqVnvg\"]},{\"@type\":\"Person\",\"@id\":\"https:\\\/\\\/eldigitaldeasturias.com\\\/radio\\\/author\\\/nbasturias\\\/#author\",\"url\":\"https:\\\/\\\/eldigitaldeasturias.com\\\/radio\\\/author\\\/nbasturias\\\/\",\"name\":\"NBAsturias\",\"image\":{\"@type\":\"ImageObject\",\"@id\":\"https:\\\/\\\/eldigitaldeasturias.com\\\/radio\\\/haaland-empieza-a-prepararse-con-el-dortmund\\\/#authorImage\",\"url\":\"https:\\\/\\\/secure.gravatar.com\\\/avatar\\\/df2aeffc32bcd13f8d26072ef8a91b623d677766deac7f97ca815868cd41bf5e?s=96&d=mm&r=g\",\"width\":96,\"height\":96,\"caption\":\"NBAsturias\"}},{\"@type\":\"WebPage\",\"@id\":\"https:\\\/\\\/eldigitaldeasturias.com\\\/radio\\\/haaland-empieza-a-prepararse-con-el-dortmund\\\/#webpage\",\"url\":\"https:\\\/\\\/eldigitaldeasturias.com\\\/radio\\\/haaland-empieza-a-prepararse-con-el-dortmund\\\/\",\"name\":\"Haaland empieza a prepararse con el Dortmund | El Digital de Asturias\",\"description\":\"Dortmund (Alemania), 3 ene (dpa) - El noruego Erling Haaland comenz\\u00f3 hoy a prepararse con su nuevo club, el Borussia Dortmund, de cara a la disputa de la segunda vuelta de la Bundesliga. El ex jugador del Salzburgo austriaco se present\\u00f3 a las 8:21 en las instalaciones del Dortmund para pasar la prueba obligatoria del\",\"inLanguage\":\"es-ES\",\"isPartOf\":{\"@id\":\"https:\\\/\\\/eldigitaldeasturias.com\\\/radio\\\/#website\"},\"breadcrumb\":{\"@id\":\"https:\\\/\\\/eldigitaldeasturias.com\\\/radio\\\/haaland-empieza-a-prepararse-con-el-dortmund\\\/#breadcrumblist\"},\"author\":{\"@id\":\"https:\\\/\\\/eldigitaldeasturias.com\\\/radio\\\/author\\\/nbasturias\\\/#author\"},\"creator\":{\"@id\":\"https:\\\/\\\/eldigitaldeasturias.com\\\/radio\\\/author\\\/nbasturias\\\/#author\"},\"image\":{\"@type\":\"ImageObject\",\"url\":\"https:\\\/\\\/eldigitaldeasturias.com\\\/radio\\\/wp-content\\\/uploads\\\/2018\\\/03\\\/football-1406106_1280.jpg\",\"@id\":\"https:\\\/\\\/eldigitaldeasturias.com\\\/radio\\\/haaland-empieza-a-prepararse-con-el-dortmund\\\/#mainImage\",\"width\":1280,\"height\":857},\"primaryImageOfPage\":{\"@id\":\"https:\\\/\\\/eldigitaldeasturias.com\\\/radio\\\/haaland-empieza-a-prepararse-con-el-dortmund\\\/#mainImage\"},\"datePublished\":\"2020-01-04T05:52:27+01:00\",\"dateModified\":\"2020-01-04T05:52:27+01:00\"},{\"@type\":\"WebSite\",\"@id\":\"https:\\\/\\\/eldigitaldeasturias.com\\\/radio\\\/#website\",\"url\":\"https:\\\/\\\/eldigitaldeasturias.com\\\/radio\\\/\",\"name\":\"El Digital de Asturias\",\"description\":\"Diario de informaci\\u00f3n y noticias\",\"inLanguage\":\"es-ES\",\"publisher\":{\"@id\":\"https:\\\/\\\/eldigitaldeasturias.com\\\/radio\\\/#organization\"}}]}\n\t\t<\/script>\n\t\t<!-- All in One SEO Pro -->\r\n\t\t<title>Haaland empieza a prepararse con el Dortmund | El Digital de Asturias<\/title>\n\n","aioseo_head_json":{"title":"Haaland empieza a prepararse con el Dortmund | El Digital de Asturias","description":"Dortmund (Alemania), 3 ene (dpa) - El noruego Erling Haaland comenz\u00f3 hoy a prepararse con su nuevo club, el Borussia Dortmund, de cara a la disputa de la segunda vuelta de la Bundesliga. El ex jugador del Salzburgo austriaco se present\u00f3 a las 8:21 en las instalaciones del Dortmund para pasar la prueba obligatoria del","canonical_url":"https:\/\/eldigitaldeasturias.com\/radio\/haaland-empieza-a-prepararse-con-el-dortmund\/","robots":"max-image-preview:large","keywords":"noticias","webmasterTools":{"google-site-verification":"UA-38556648-1","miscellaneous":""},"schema":{"@context":"https:\/\/schema.org","@graph":[{"@type":"BreadcrumbList","@id":"https:\/\/eldigitaldeasturias.com\/radio\/haaland-empieza-a-prepararse-con-el-dortmund\/#breadcrumblist","itemListElement":[{"@type":"ListItem","@id":"https:\/\/eldigitaldeasturias.com\/radio#listItem","position":1,"name":"Inicio","item":"https:\/\/eldigitaldeasturias.com\/radio","nextItem":{"@type":"ListItem","@id":"https:\/\/eldigitaldeasturias.com\/radio\/category\/noticias\/#listItem","name":"Noticias"}},{"@type":"ListItem","@id":"https:\/\/eldigitaldeasturias.com\/radio\/category\/noticias\/#listItem","position":2,"name":"Noticias","item":"https:\/\/eldigitaldeasturias.com\/radio\/category\/noticias\/","nextItem":{"@type":"ListItem","@id":"https:\/\/eldigitaldeasturias.com\/radio\/haaland-empieza-a-prepararse-con-el-dortmund\/#listItem","name":"Haaland empieza a prepararse con el Dortmund"},"previousItem":{"@type":"ListItem","@id":"https:\/\/eldigitaldeasturias.com\/radio#listItem","name":"Inicio"}},{"@type":"ListItem","@id":"https:\/\/eldigitaldeasturias.com\/radio\/haaland-empieza-a-prepararse-con-el-dortmund\/#listItem","position":3,"name":"Haaland empieza a prepararse con el Dortmund","previousItem":{"@type":"ListItem","@id":"https:\/\/eldigitaldeasturias.com\/radio\/category\/noticias\/#listItem","name":"Noticias"}}]},{"@type":"NewsArticle","@id":"https:\/\/eldigitaldeasturias.com\/radio\/haaland-empieza-a-prepararse-con-el-dortmund\/#newsarticle","name":"Haaland empieza a prepararse con el Dortmund | El Digital de Asturias","headline":"Haaland empieza a prepararse con el Dortmund","author":{"@id":"https:\/\/eldigitaldeasturias.com\/radio\/author\/nbasturias\/#author"},"publisher":{"@id":"https:\/\/eldigitaldeasturias.com\/radio\/#organization"},"image":{"@type":"ImageObject","url":"https:\/\/eldigitaldeasturias.com\/radio\/wp-content\/uploads\/2018\/03\/football-1406106_1280.jpg","width":1280,"height":857},"datePublished":"2020-01-04T05:52:27+01:00","dateModified":"2020-01-04T05:52:27+01:00","inLanguage":"es-ES","mainEntityOfPage":{"@id":"https:\/\/eldigitaldeasturias.com\/radio\/haaland-empieza-a-prepararse-con-el-dortmund\/#webpage"},"isPartOf":{"@id":"https:\/\/eldigitaldeasturias.com\/radio\/haaland-empieza-a-prepararse-con-el-dortmund\/#webpage"},"articleSection":"Noticias","dateline":"Publicado el enero 4, 2020."},{"@type":"Organization","@id":"https:\/\/eldigitaldeasturias.com\/radio\/#organization","name":"El digital de Asturias Radio","description":"Diario de informaci\u00f3n y noticias","url":"https:\/\/eldigitaldeasturias.com\/radio\/","telephone":"+34652131393","logo":{"@type":"ImageObject","url":"https:\/\/www.eldigitaldeasturias.com\/radio\/wp-content\/uploads\/2021\/03\/EDA.jpg","@id":"https:\/\/eldigitaldeasturias.com\/radio\/haaland-empieza-a-prepararse-con-el-dortmund\/#organizationLogo"},"image":{"@id":"https:\/\/eldigitaldeasturias.com\/radio\/haaland-empieza-a-prepararse-con-el-dortmund\/#organizationLogo"},"sameAs":["https:\/\/www.facebook.com\/","https:\/\/x.com\/bercodi","https:\/\/www.instagram.com\/","https:\/\/www.youtube.com\/channel\/UCZP-2wLEB9Rv6erhFmqVnvg"]},{"@type":"Person","@id":"https:\/\/eldigitaldeasturias.com\/radio\/author\/nbasturias\/#author","url":"https:\/\/eldigitaldeasturias.com\/radio\/author\/nbasturias\/","name":"NBAsturias","image":{"@type":"ImageObject","@id":"https:\/\/eldigitaldeasturias.com\/radio\/haaland-empieza-a-prepararse-con-el-dortmund\/#authorImage","url":"https:\/\/secure.gravatar.com\/avatar\/df2aeffc32bcd13f8d26072ef8a91b623d677766deac7f97ca815868cd41bf5e?s=96&d=mm&r=g","width":96,"height":96,"caption":"NBAsturias"}},{"@type":"WebPage","@id":"https:\/\/eldigitaldeasturias.com\/radio\/haaland-empieza-a-prepararse-con-el-dortmund\/#webpage","url":"https:\/\/eldigitaldeasturias.com\/radio\/haaland-empieza-a-prepararse-con-el-dortmund\/","name":"Haaland empieza a prepararse con el Dortmund | El Digital de Asturias","description":"Dortmund (Alemania), 3 ene (dpa) - El noruego Erling Haaland comenz\u00f3 hoy a prepararse con su nuevo club, el Borussia Dortmund, de cara a la disputa de la segunda vuelta de la Bundesliga. El ex jugador del Salzburgo austriaco se present\u00f3 a las 8:21 en las instalaciones del Dortmund para pasar la prueba obligatoria del","inLanguage":"es-ES","isPartOf":{"@id":"https:\/\/eldigitaldeasturias.com\/radio\/#website"},"breadcrumb":{"@id":"https:\/\/eldigitaldeasturias.com\/radio\/haaland-empieza-a-prepararse-con-el-dortmund\/#breadcrumblist"},"author":{"@id":"https:\/\/eldigitaldeasturias.com\/radio\/author\/nbasturias\/#author"},"creator":{"@id":"https:\/\/eldigitaldeasturias.com\/radio\/author\/nbasturias\/#author"},"image":{"@type":"ImageObject","url":"https:\/\/eldigitaldeasturias.com\/radio\/wp-content\/uploads\/2018\/03\/football-1406106_1280.jpg","@id":"https:\/\/eldigitaldeasturias.com\/radio\/haaland-empieza-a-prepararse-con-el-dortmund\/#mainImage","width":1280,"height":857},"primaryImageOfPage":{"@id":"https:\/\/eldigitaldeasturias.com\/radio\/haaland-empieza-a-prepararse-con-el-dortmund\/#mainImage"},"datePublished":"2020-01-04T05:52:27+01:00","dateModified":"2020-01-04T05:52:27+01:00"},{"@type":"WebSite","@id":"https:\/\/eldigitaldeasturias.com\/radio\/#website","url":"https:\/\/eldigitaldeasturias.com\/radio\/","name":"El Digital de Asturias","description":"Diario de informaci\u00f3n y noticias","inLanguage":"es-ES","publisher":{"@id":"https:\/\/eldigitaldeasturias.com\/radio\/#organization"}}]},"og:locale":"es_ES","og:site_name":"El Digital de Asturias | Diario de informaci\u00f3n y noticias","og:type":"article","og:title":"Haaland empieza a prepararse con el Dortmund | El Digital de Asturias","og:description":"Dortmund (Alemania), 3 ene (dpa) - El noruego Erling Haaland comenz\u00f3 hoy a prepararse con su nuevo club, el Borussia Dortmund, de cara a la disputa de la segunda vuelta de la Bundesliga. El ex jugador del Salzburgo austriaco se present\u00f3 a las 8:21 en las instalaciones del Dortmund para pasar la prueba obligatoria del","og:url":"https:\/\/eldigitaldeasturias.com\/radio\/haaland-empieza-a-prepararse-con-el-dortmund\/","og:image":"https:\/\/eldigitaldeasturias.com\/radio\/wp-content\/uploads\/2018\/03\/football-1406106_1280.jpg","og:image:secure_url":"https:\/\/eldigitaldeasturias.com\/radio\/wp-content\/uploads\/2018\/03\/football-1406106_1280.jpg","og:image:width":1280,"og:image:height":857,"article:published_time":"2020-01-04T05:52:27+00:00","article:modified_time":"2020-01-04T05:52:27+00:00","twitter:card":"summary_large_image","twitter:site":"@bercodi","twitter:title":"Haaland empieza a prepararse con el Dortmund | El Digital de Asturias","twitter:description":"Dortmund (Alemania), 3 ene (dpa) - El noruego Erling Haaland comenz\u00f3 hoy a prepararse con su nuevo club, el Borussia Dortmund, de cara a la disputa de la segunda vuelta de la Bundesliga. El ex jugador del Salzburgo austriaco se present\u00f3 a las 8:21 en las instalaciones del Dortmund para pasar la prueba obligatoria del","twitter:creator":"@bercodi","twitter:image":"https:\/\/eldigitaldeasturias.com\/radio\/wp-content\/uploads\/2018\/03\/football-1406106_1280.jpg"},"aioseo_meta_data":{"post_id":"3816","title":null,"description":null,"keywords":null,"keyphrases":null,"primary_term":null,"canonical_url":null,"og_title":null,"og_description":null,"og_object_type":"default","og_image_type":"default","og_image_url":null,"og_image_width":null,"og_image_height":null,"og_image_custom_url":null,"og_image_custom_fields":null,"og_video":null,"og_custom_url":null,"og_article_section":null,"og_article_tags":null,"twitter_use_og":false,"twitter_card":"default","twitter_image_type":"default","twitter_image_url":null,"twitter_image_custom_url":null,"twitter_image_custom_fields":null,"twitter_title":null,"twitter_description":null,"schema":{"blockGraphs":[],"customGraphs":[],"default":{"data":{"Article":[],"Course":[],"Dataset":[],"FAQPage":[],"Movie":[],"Person":[],"Product":[],"ProductReview":[],"Car":[],"Recipe":[],"Service":[],"SoftwareApplication":[],"WebPage":[]},"graphName":"","isEnabled":true},"graphs":[],"defaultGraph":"","defaultPostTypeGraph":""},"schema_type":null,"schema_type_options":null,"pillar_content":false,"robots_default":true,"robots_noindex":false,"robots_noarchive":false,"robots_nosnippet":false,"robots_nofollow":false,"robots_noimageindex":false,"robots_noodp":false,"robots_notranslate":false,"robots_max_snippet":null,"robots_max_videopreview":null,"robots_max_imagepreview":"large","priority":null,"frequency":null,"location":null,"local_seo":null,"seo_analyzer_scan_date":"2025-08-28 14:51:32","breadcrumb_settings":null,"limit_modified_date":false,"open_ai":null,"ai":null,"created":"2021-03-27 03:00:48","updated":"2025-08-28 14:51:32"},"aioseo_breadcrumb":"<div class=\"aioseo-breadcrumbs\"><span class=\"aioseo-breadcrumb\">\n\t<a href=\"https:\/\/eldigitaldeasturias.com\/radio\" title=\"Inicio\">Inicio<\/a>\n<\/span><span class=\"aioseo-breadcrumb-separator\">&ndash;<\/span><span class=\"aioseo-breadcrumb\">\n\t<a href=\"https:\/\/eldigitaldeasturias.com\/radio\/category\/noticias\/\" title=\"Noticias\">Noticias<\/a>\n<\/span><span class=\"aioseo-breadcrumb-separator\">&ndash;<\/span><span class=\"aioseo-breadcrumb\">\n\tHaaland empieza a prepararse con el Dortmund\n<\/span><\/div>","aioseo_breadcrumb_json":[{"label":"Inicio","link":"https:\/\/eldigitaldeasturias.com\/radio"},{"label":"Noticias","link":"https:\/\/eldigitaldeasturias.com\/radio\/category\/noticias\/"},{"label":"Haaland empieza a prepararse con el Dortmund","link":"https:\/\/eldigitaldeasturias.com\/radio\/haaland-empieza-a-prepararse-con-el-dortmund\/"}],"_links":{"self":[{"href":"https:\/\/eldigitaldeasturias.com\/radio\/wp-json\/wp\/v2\/posts\/3816","targetHints":{"allow":["GET"]}}],"collection":[{"href":"https:\/\/eldigitaldeasturias.com\/radio\/wp-json\/wp\/v2\/posts"}],"about":[{"href":"https:\/\/eldigitaldeasturias.com\/radio\/wp-json\/wp\/v2\/types\/post"}],"author":[{"embeddable":true,"href":"https:\/\/eldigitaldeasturias.com\/radio\/wp-json\/wp\/v2\/users\/1"}],"replies":[{"embeddable":true,"href":"https:\/\/eldigitaldeasturias.com\/radio\/wp-json\/wp\/v2\/comments?post=3816"}],"version-history":[{"count":0,"href":"https:\/\/eldigitaldeasturias.com\/radio\/wp-json\/wp\/v2\/posts\/3816\/revisions"}],"wp:featuredmedia":[{"embeddable":true,"href":"https:\/\/eldigitaldeasturias.com\/radio\/wp-json\/wp\/v2\/media\/72"}],"wp:attachment":[{"href":"https:\/\/eldigitaldeasturias.com\/radio\/wp-json\/wp\/v2\/media?parent=3816"}],"wp:term":[{"taxonomy":"category","embeddable":true,"href":"https:\/\/eldigitaldeasturias.com\/radio\/wp-json\/wp\/v2\/categories?post=3816"},{"taxonomy":"post_tag","embeddable":true,"href":"https:\/\/eldigitaldeasturias.com\/radio\/wp-json\/wp\/v2\/tags?post=3816"}],"curies":[{"name":"wp","href":"https:\/\/api.w.org\/{rel}","templated":true}]}}