{"id":3814,"date":"2020-01-04T05:51:42","date_gmt":"2020-01-04T05:51:42","guid":{"rendered":"http:\/\/www.eldigitaldeasturias.com\/radio\/?p=3814"},"modified":"2020-01-04T05:51:42","modified_gmt":"2020-01-04T05:51:42","slug":"zverev-pierde-y-alemania-cae-derrotada-ante-australia-en-la-copa-atp","status":"publish","type":"post","link":"https:\/\/eldigitaldeasturias.com\/radio\/zverev-pierde-y-alemania-cae-derrotada-ante-australia-en-la-copa-atp\/","title":{"rendered":"Zverev pierde y Alemania cae derrotada ante Australia en la Copa ATP"},"content":{"rendered":"<p><img fetchpriority=\"high\" decoding=\"async\" class=\"alignleft size-medium wp-image-893\" src=\"http:\/\/www.eldigitaldeasturias.com\/radio\/wp-content\/uploads\/2018\/05\/tennis-923659_960_720-360x270.jpg\" alt=\"\" width=\"360\" height=\"270\" srcset=\"https:\/\/eldigitaldeasturias.com\/radio\/wp-content\/uploads\/2018\/05\/tennis-923659_960_720-360x270.jpg 360w, https:\/\/eldigitaldeasturias.com\/radio\/wp-content\/uploads\/2018\/05\/tennis-923659_960_720-768x576.jpg 768w, https:\/\/eldigitaldeasturias.com\/radio\/wp-content\/uploads\/2018\/05\/tennis-923659_960_720.jpg 960w\" sizes=\"(max-width: 360px) 100vw, 360px\" \/>Brisbane (Australia), 3 ene (dpa) \u2013 El equipo alem\u00e1n sell\u00f3 hoy con derrota su debut en la nueva competici\u00f3n ten\u00edstica por equipos, tras caer derrotado Alexander Zverev en su primer partido en la Copa ATP, contra el australiano Alex de Minaur por 4-6, 7-6 (7-3) y 6-2.<\/p>\n<p>Zverev pareci\u00f3 estar inseguro en la primera jornada de la Copa ATP frente a su rival y perdi\u00f3 una clara ventaja contra el n\u00famero 18 del mundo en Brisbane, tras ir ganando 4-2 el segundo set. Pero tambi\u00e9n tuvo problemas con su servicio, como la temporada pasada, y cometi\u00f3 14 dobles faltas.<\/p>\n<p>En los dos primeros sets el n\u00famero uno alem\u00e1n comenz\u00f3 de forma convincente, pero perdi\u00f3 su concentraci\u00f3n a medida que se acercaban los puntos decisivos. En el tercer set, incluso el capit\u00e1n del equipo alem\u00e1n, Boris Becker, y el director del equipo de Copa Davis, Michael Kohlmann, no pudieron ayudar a un frustrado Zverev a recuperarse.<\/p>\n<p>Junto a la derrota inicial de Jan-Lennard Struff frente al australiano Nick Kyrgios por 6-4 y 7-6 (7-4), para Alemania ser\u00e1 a\u00fan m\u00e1s dif\u00edcil clasificarse para los cuartos de final en los siguientes partidos de grupo, contra Grecia el domingo y Canad\u00e1 el martes.<\/p>\n<p>El cuadro est\u00e1 formado por seis grupos de cuatro equipos. Los primeros de cada grupo y los dos mejores segundos se clasificar\u00e1n para los cuartos de final.<\/p>\n<p>El partido de dobles siguiente, en el que los germanos Andreas Mies y Kevin Krawietz perdieron por 3-6 y 4-6 ante Chris Guccione y John Peers, cerr\u00f3 el programa de la primera jornada del torneo para el equipo alem\u00e1n y no hizo variar el resultado del enfrentamiento con Australia.<\/p>\n<p>Un total de 24 pa\u00edses participan en la nueva competici\u00f3n que reemplaza a la Copa Hopman. Se juega en Sydney, Perth y Brisbane y es considerada una preparaci\u00f3n para el Abierto de Australia, que comienza el 20 de enero.<\/p>\n","protected":false},"excerpt":{"rendered":"<p>Brisbane (Australia), 3 ene (dpa) \u2013 El equipo alem\u00e1n sell\u00f3 hoy con derrota su debut en la nueva competici\u00f3n ten\u00edstica por equipos, tras caer derrotado Alexander Zverev en su primer partido en la Copa ATP, contra el australiano Alex de Minaur por 4-6, 7-6 (7-3) y 6-2. Zverev pareci\u00f3 estar inseguro en la primera jornada<\/p>\n","protected":false},"author":1,"featured_media":893,"comment_status":"closed","ping_status":"closed","sticky":false,"template":"","format":"standard","meta":{"footnotes":""},"categories":[1],"tags":[],"class_list":{"0":"post-3814","1":"post","2":"type-post","3":"status-publish","4":"format-standard","5":"has-post-thumbnail","7":"category-noticias"},"aioseo_notices":[],"aioseo_head":"\n\t\t<!-- All in One SEO Pro 4.9.6.2 - aioseo.com -->\n\t<meta name=\"description\" content=\"Brisbane (Australia), 3 ene (dpa) \u2013 El equipo alem\u00e1n sell\u00f3 hoy con derrota su debut en la nueva competici\u00f3n ten\u00edstica por equipos, tras caer derrotado Alexander Zverev en su primer partido en la Copa ATP, contra el australiano Alex de Minaur por 4-6, 7-6 (7-3) y 6-2. Zverev pareci\u00f3 estar inseguro en la primera jornada\" \/>\n\t<meta name=\"robots\" content=\"max-image-preview:large\" \/>\n\t<meta name=\"author\" content=\"NBAsturias\"\/>\n\t<meta name=\"google-site-verification\" content=\"UA-38556648-1\" \/>\n\t<meta name=\"keywords\" content=\"noticias\" \/>\n\t<link rel=\"canonical\" href=\"https:\/\/eldigitaldeasturias.com\/radio\/zverev-pierde-y-alemania-cae-derrotada-ante-australia-en-la-copa-atp\/\" \/>\n\t<meta name=\"generator\" content=\"All in One SEO Pro (AIOSEO) 4.9.6.2\" \/>\n\t\t<meta property=\"og:locale\" content=\"es_ES\" \/>\n\t\t<meta property=\"og:site_name\" content=\"El Digital de Asturias | Diario de informaci\u00f3n y noticias\" \/>\n\t\t<meta property=\"og:type\" content=\"article\" \/>\n\t\t<meta property=\"og:title\" content=\"Zverev pierde y Alemania cae derrotada ante Australia en la Copa ATP | El Digital de Asturias\" \/>\n\t\t<meta property=\"og:description\" content=\"Brisbane (Australia), 3 ene (dpa) \u2013 El equipo alem\u00e1n sell\u00f3 hoy con derrota su debut en la nueva competici\u00f3n ten\u00edstica por equipos, tras caer derrotado Alexander Zverev en su primer partido en la Copa ATP, contra el australiano Alex de Minaur por 4-6, 7-6 (7-3) y 6-2. Zverev pareci\u00f3 estar inseguro en la primera jornada\" \/>\n\t\t<meta property=\"og:url\" content=\"https:\/\/eldigitaldeasturias.com\/radio\/zverev-pierde-y-alemania-cae-derrotada-ante-australia-en-la-copa-atp\/\" \/>\n\t\t<meta property=\"og:image\" content=\"https:\/\/eldigitaldeasturias.com\/radio\/wp-content\/uploads\/2018\/05\/tennis-923659_960_720.jpg\" \/>\n\t\t<meta property=\"og:image:secure_url\" content=\"https:\/\/eldigitaldeasturias.com\/radio\/wp-content\/uploads\/2018\/05\/tennis-923659_960_720.jpg\" \/>\n\t\t<meta property=\"og:image:width\" content=\"960\" \/>\n\t\t<meta property=\"og:image:height\" content=\"720\" \/>\n\t\t<meta property=\"article:published_time\" content=\"2020-01-04T05:51:42+00:00\" \/>\n\t\t<meta property=\"article:modified_time\" content=\"2020-01-04T05:51:42+00:00\" \/>\n\t\t<meta name=\"twitter:card\" content=\"summary_large_image\" \/>\n\t\t<meta name=\"twitter:site\" content=\"@bercodi\" \/>\n\t\t<meta name=\"twitter:title\" content=\"Zverev pierde y Alemania cae derrotada ante Australia en la Copa ATP | El Digital de Asturias\" \/>\n\t\t<meta name=\"twitter:description\" content=\"Brisbane (Australia), 3 ene (dpa) \u2013 El equipo alem\u00e1n sell\u00f3 hoy con derrota su debut en la nueva competici\u00f3n ten\u00edstica por equipos, tras caer derrotado Alexander Zverev en su primer partido en la Copa ATP, contra el australiano Alex de Minaur por 4-6, 7-6 (7-3) y 6-2. Zverev pareci\u00f3 estar inseguro en la primera jornada\" \/>\n\t\t<meta name=\"twitter:creator\" content=\"@bercodi\" \/>\n\t\t<meta name=\"twitter:image\" content=\"https:\/\/eldigitaldeasturias.com\/radio\/wp-content\/uploads\/2018\/05\/tennis-923659_960_720.jpg\" \/>\n\t\t<script type=\"application\/ld+json\" class=\"aioseo-schema\">\n\t\t\t{\"@context\":\"https:\\\/\\\/schema.org\",\"@graph\":[{\"@type\":\"BreadcrumbList\",\"@id\":\"https:\\\/\\\/eldigitaldeasturias.com\\\/radio\\\/zverev-pierde-y-alemania-cae-derrotada-ante-australia-en-la-copa-atp\\\/#breadcrumblist\",\"itemListElement\":[{\"@type\":\"ListItem\",\"@id\":\"https:\\\/\\\/eldigitaldeasturias.com\\\/radio#listItem\",\"position\":1,\"name\":\"Inicio\",\"item\":\"https:\\\/\\\/eldigitaldeasturias.com\\\/radio\",\"nextItem\":{\"@type\":\"ListItem\",\"@id\":\"https:\\\/\\\/eldigitaldeasturias.com\\\/radio\\\/category\\\/noticias\\\/#listItem\",\"name\":\"Noticias\"}},{\"@type\":\"ListItem\",\"@id\":\"https:\\\/\\\/eldigitaldeasturias.com\\\/radio\\\/category\\\/noticias\\\/#listItem\",\"position\":2,\"name\":\"Noticias\",\"item\":\"https:\\\/\\\/eldigitaldeasturias.com\\\/radio\\\/category\\\/noticias\\\/\",\"nextItem\":{\"@type\":\"ListItem\",\"@id\":\"https:\\\/\\\/eldigitaldeasturias.com\\\/radio\\\/zverev-pierde-y-alemania-cae-derrotada-ante-australia-en-la-copa-atp\\\/#listItem\",\"name\":\"Zverev pierde y Alemania cae derrotada ante Australia en la Copa ATP\"},\"previousItem\":{\"@type\":\"ListItem\",\"@id\":\"https:\\\/\\\/eldigitaldeasturias.com\\\/radio#listItem\",\"name\":\"Inicio\"}},{\"@type\":\"ListItem\",\"@id\":\"https:\\\/\\\/eldigitaldeasturias.com\\\/radio\\\/zverev-pierde-y-alemania-cae-derrotada-ante-australia-en-la-copa-atp\\\/#listItem\",\"position\":3,\"name\":\"Zverev pierde y Alemania cae derrotada ante Australia en la Copa ATP\",\"previousItem\":{\"@type\":\"ListItem\",\"@id\":\"https:\\\/\\\/eldigitaldeasturias.com\\\/radio\\\/category\\\/noticias\\\/#listItem\",\"name\":\"Noticias\"}}]},{\"@type\":\"NewsArticle\",\"@id\":\"https:\\\/\\\/eldigitaldeasturias.com\\\/radio\\\/zverev-pierde-y-alemania-cae-derrotada-ante-australia-en-la-copa-atp\\\/#newsarticle\",\"name\":\"Zverev pierde y Alemania cae derrotada ante Australia en la Copa ATP | El Digital de Asturias\",\"headline\":\"Zverev pierde y Alemania cae derrotada ante Australia en la Copa ATP\",\"author\":{\"@id\":\"https:\\\/\\\/eldigitaldeasturias.com\\\/radio\\\/author\\\/nbasturias\\\/#author\"},\"publisher\":{\"@id\":\"https:\\\/\\\/eldigitaldeasturias.com\\\/radio\\\/#organization\"},\"image\":{\"@type\":\"ImageObject\",\"url\":\"https:\\\/\\\/eldigitaldeasturias.com\\\/radio\\\/wp-content\\\/uploads\\\/2018\\\/05\\\/tennis-923659_960_720.jpg\",\"width\":960,\"height\":720},\"datePublished\":\"2020-01-04T05:51:42+01:00\",\"dateModified\":\"2020-01-04T05:51:42+01:00\",\"inLanguage\":\"es-ES\",\"mainEntityOfPage\":{\"@id\":\"https:\\\/\\\/eldigitaldeasturias.com\\\/radio\\\/zverev-pierde-y-alemania-cae-derrotada-ante-australia-en-la-copa-atp\\\/#webpage\"},\"isPartOf\":{\"@id\":\"https:\\\/\\\/eldigitaldeasturias.com\\\/radio\\\/zverev-pierde-y-alemania-cae-derrotada-ante-australia-en-la-copa-atp\\\/#webpage\"},\"articleSection\":\"Noticias\",\"dateline\":\"Publicado el enero 4, 2020.\"},{\"@type\":\"Organization\",\"@id\":\"https:\\\/\\\/eldigitaldeasturias.com\\\/radio\\\/#organization\",\"name\":\"El digital de Asturias Radio\",\"description\":\"Diario de informaci\\u00f3n y noticias\",\"url\":\"https:\\\/\\\/eldigitaldeasturias.com\\\/radio\\\/\",\"telephone\":\"+34652131393\",\"logo\":{\"@type\":\"ImageObject\",\"url\":\"https:\\\/\\\/www.eldigitaldeasturias.com\\\/radio\\\/wp-content\\\/uploads\\\/2021\\\/03\\\/EDA.jpg\",\"@id\":\"https:\\\/\\\/eldigitaldeasturias.com\\\/radio\\\/zverev-pierde-y-alemania-cae-derrotada-ante-australia-en-la-copa-atp\\\/#organizationLogo\"},\"image\":{\"@id\":\"https:\\\/\\\/eldigitaldeasturias.com\\\/radio\\\/zverev-pierde-y-alemania-cae-derrotada-ante-australia-en-la-copa-atp\\\/#organizationLogo\"},\"sameAs\":[\"https:\\\/\\\/www.facebook.com\\\/\",\"https:\\\/\\\/x.com\\\/bercodi\",\"https:\\\/\\\/www.instagram.com\\\/\",\"https:\\\/\\\/www.youtube.com\\\/channel\\\/UCZP-2wLEB9Rv6erhFmqVnvg\"]},{\"@type\":\"Person\",\"@id\":\"https:\\\/\\\/eldigitaldeasturias.com\\\/radio\\\/author\\\/nbasturias\\\/#author\",\"url\":\"https:\\\/\\\/eldigitaldeasturias.com\\\/radio\\\/author\\\/nbasturias\\\/\",\"name\":\"NBAsturias\",\"image\":{\"@type\":\"ImageObject\",\"@id\":\"https:\\\/\\\/eldigitaldeasturias.com\\\/radio\\\/zverev-pierde-y-alemania-cae-derrotada-ante-australia-en-la-copa-atp\\\/#authorImage\",\"url\":\"https:\\\/\\\/secure.gravatar.com\\\/avatar\\\/df2aeffc32bcd13f8d26072ef8a91b623d677766deac7f97ca815868cd41bf5e?s=96&d=mm&r=g\",\"width\":96,\"height\":96,\"caption\":\"NBAsturias\"}},{\"@type\":\"WebPage\",\"@id\":\"https:\\\/\\\/eldigitaldeasturias.com\\\/radio\\\/zverev-pierde-y-alemania-cae-derrotada-ante-australia-en-la-copa-atp\\\/#webpage\",\"url\":\"https:\\\/\\\/eldigitaldeasturias.com\\\/radio\\\/zverev-pierde-y-alemania-cae-derrotada-ante-australia-en-la-copa-atp\\\/\",\"name\":\"Zverev pierde y Alemania cae derrotada ante Australia en la Copa ATP | El Digital de Asturias\",\"description\":\"Brisbane (Australia), 3 ene (dpa) \\u2013 El equipo alem\\u00e1n sell\\u00f3 hoy con derrota su debut en la nueva competici\\u00f3n ten\\u00edstica por equipos, tras caer derrotado Alexander Zverev en su primer partido en la Copa ATP, contra el australiano Alex de Minaur por 4-6, 7-6 (7-3) y 6-2. Zverev pareci\\u00f3 estar inseguro en la primera jornada\",\"inLanguage\":\"es-ES\",\"isPartOf\":{\"@id\":\"https:\\\/\\\/eldigitaldeasturias.com\\\/radio\\\/#website\"},\"breadcrumb\":{\"@id\":\"https:\\\/\\\/eldigitaldeasturias.com\\\/radio\\\/zverev-pierde-y-alemania-cae-derrotada-ante-australia-en-la-copa-atp\\\/#breadcrumblist\"},\"author\":{\"@id\":\"https:\\\/\\\/eldigitaldeasturias.com\\\/radio\\\/author\\\/nbasturias\\\/#author\"},\"creator\":{\"@id\":\"https:\\\/\\\/eldigitaldeasturias.com\\\/radio\\\/author\\\/nbasturias\\\/#author\"},\"image\":{\"@type\":\"ImageObject\",\"url\":\"https:\\\/\\\/eldigitaldeasturias.com\\\/radio\\\/wp-content\\\/uploads\\\/2018\\\/05\\\/tennis-923659_960_720.jpg\",\"@id\":\"https:\\\/\\\/eldigitaldeasturias.com\\\/radio\\\/zverev-pierde-y-alemania-cae-derrotada-ante-australia-en-la-copa-atp\\\/#mainImage\",\"width\":960,\"height\":720},\"primaryImageOfPage\":{\"@id\":\"https:\\\/\\\/eldigitaldeasturias.com\\\/radio\\\/zverev-pierde-y-alemania-cae-derrotada-ante-australia-en-la-copa-atp\\\/#mainImage\"},\"datePublished\":\"2020-01-04T05:51:42+01:00\",\"dateModified\":\"2020-01-04T05:51:42+01:00\"},{\"@type\":\"WebSite\",\"@id\":\"https:\\\/\\\/eldigitaldeasturias.com\\\/radio\\\/#website\",\"url\":\"https:\\\/\\\/eldigitaldeasturias.com\\\/radio\\\/\",\"name\":\"El Digital de Asturias\",\"description\":\"Diario de informaci\\u00f3n y noticias\",\"inLanguage\":\"es-ES\",\"publisher\":{\"@id\":\"https:\\\/\\\/eldigitaldeasturias.com\\\/radio\\\/#organization\"}}]}\n\t\t<\/script>\n\t\t<!-- All in One SEO Pro -->\r\n\t\t<title>Zverev pierde y Alemania cae derrotada ante Australia en la Copa ATP | El Digital de Asturias<\/title>\n\n","aioseo_head_json":{"title":"Zverev pierde y Alemania cae derrotada ante Australia en la Copa ATP | El Digital de Asturias","description":"Brisbane (Australia), 3 ene (dpa) \u2013 El equipo alem\u00e1n sell\u00f3 hoy con derrota su debut en la nueva competici\u00f3n ten\u00edstica por equipos, tras caer derrotado Alexander Zverev en su primer partido en la Copa ATP, contra el australiano Alex de Minaur por 4-6, 7-6 (7-3) y 6-2. Zverev pareci\u00f3 estar inseguro en la primera jornada","canonical_url":"https:\/\/eldigitaldeasturias.com\/radio\/zverev-pierde-y-alemania-cae-derrotada-ante-australia-en-la-copa-atp\/","robots":"max-image-preview:large","keywords":"noticias","webmasterTools":{"google-site-verification":"UA-38556648-1","miscellaneous":""},"schema":{"@context":"https:\/\/schema.org","@graph":[{"@type":"BreadcrumbList","@id":"https:\/\/eldigitaldeasturias.com\/radio\/zverev-pierde-y-alemania-cae-derrotada-ante-australia-en-la-copa-atp\/#breadcrumblist","itemListElement":[{"@type":"ListItem","@id":"https:\/\/eldigitaldeasturias.com\/radio#listItem","position":1,"name":"Inicio","item":"https:\/\/eldigitaldeasturias.com\/radio","nextItem":{"@type":"ListItem","@id":"https:\/\/eldigitaldeasturias.com\/radio\/category\/noticias\/#listItem","name":"Noticias"}},{"@type":"ListItem","@id":"https:\/\/eldigitaldeasturias.com\/radio\/category\/noticias\/#listItem","position":2,"name":"Noticias","item":"https:\/\/eldigitaldeasturias.com\/radio\/category\/noticias\/","nextItem":{"@type":"ListItem","@id":"https:\/\/eldigitaldeasturias.com\/radio\/zverev-pierde-y-alemania-cae-derrotada-ante-australia-en-la-copa-atp\/#listItem","name":"Zverev pierde y Alemania cae derrotada ante Australia en la Copa ATP"},"previousItem":{"@type":"ListItem","@id":"https:\/\/eldigitaldeasturias.com\/radio#listItem","name":"Inicio"}},{"@type":"ListItem","@id":"https:\/\/eldigitaldeasturias.com\/radio\/zverev-pierde-y-alemania-cae-derrotada-ante-australia-en-la-copa-atp\/#listItem","position":3,"name":"Zverev pierde y Alemania cae derrotada ante Australia en la Copa ATP","previousItem":{"@type":"ListItem","@id":"https:\/\/eldigitaldeasturias.com\/radio\/category\/noticias\/#listItem","name":"Noticias"}}]},{"@type":"NewsArticle","@id":"https:\/\/eldigitaldeasturias.com\/radio\/zverev-pierde-y-alemania-cae-derrotada-ante-australia-en-la-copa-atp\/#newsarticle","name":"Zverev pierde y Alemania cae derrotada ante Australia en la Copa ATP | El Digital de Asturias","headline":"Zverev pierde y Alemania cae derrotada ante Australia en la Copa ATP","author":{"@id":"https:\/\/eldigitaldeasturias.com\/radio\/author\/nbasturias\/#author"},"publisher":{"@id":"https:\/\/eldigitaldeasturias.com\/radio\/#organization"},"image":{"@type":"ImageObject","url":"https:\/\/eldigitaldeasturias.com\/radio\/wp-content\/uploads\/2018\/05\/tennis-923659_960_720.jpg","width":960,"height":720},"datePublished":"2020-01-04T05:51:42+01:00","dateModified":"2020-01-04T05:51:42+01:00","inLanguage":"es-ES","mainEntityOfPage":{"@id":"https:\/\/eldigitaldeasturias.com\/radio\/zverev-pierde-y-alemania-cae-derrotada-ante-australia-en-la-copa-atp\/#webpage"},"isPartOf":{"@id":"https:\/\/eldigitaldeasturias.com\/radio\/zverev-pierde-y-alemania-cae-derrotada-ante-australia-en-la-copa-atp\/#webpage"},"articleSection":"Noticias","dateline":"Publicado el enero 4, 2020."},{"@type":"Organization","@id":"https:\/\/eldigitaldeasturias.com\/radio\/#organization","name":"El digital de Asturias Radio","description":"Diario de informaci\u00f3n y noticias","url":"https:\/\/eldigitaldeasturias.com\/radio\/","telephone":"+34652131393","logo":{"@type":"ImageObject","url":"https:\/\/www.eldigitaldeasturias.com\/radio\/wp-content\/uploads\/2021\/03\/EDA.jpg","@id":"https:\/\/eldigitaldeasturias.com\/radio\/zverev-pierde-y-alemania-cae-derrotada-ante-australia-en-la-copa-atp\/#organizationLogo"},"image":{"@id":"https:\/\/eldigitaldeasturias.com\/radio\/zverev-pierde-y-alemania-cae-derrotada-ante-australia-en-la-copa-atp\/#organizationLogo"},"sameAs":["https:\/\/www.facebook.com\/","https:\/\/x.com\/bercodi","https:\/\/www.instagram.com\/","https:\/\/www.youtube.com\/channel\/UCZP-2wLEB9Rv6erhFmqVnvg"]},{"@type":"Person","@id":"https:\/\/eldigitaldeasturias.com\/radio\/author\/nbasturias\/#author","url":"https:\/\/eldigitaldeasturias.com\/radio\/author\/nbasturias\/","name":"NBAsturias","image":{"@type":"ImageObject","@id":"https:\/\/eldigitaldeasturias.com\/radio\/zverev-pierde-y-alemania-cae-derrotada-ante-australia-en-la-copa-atp\/#authorImage","url":"https:\/\/secure.gravatar.com\/avatar\/df2aeffc32bcd13f8d26072ef8a91b623d677766deac7f97ca815868cd41bf5e?s=96&d=mm&r=g","width":96,"height":96,"caption":"NBAsturias"}},{"@type":"WebPage","@id":"https:\/\/eldigitaldeasturias.com\/radio\/zverev-pierde-y-alemania-cae-derrotada-ante-australia-en-la-copa-atp\/#webpage","url":"https:\/\/eldigitaldeasturias.com\/radio\/zverev-pierde-y-alemania-cae-derrotada-ante-australia-en-la-copa-atp\/","name":"Zverev pierde y Alemania cae derrotada ante Australia en la Copa ATP | El Digital de Asturias","description":"Brisbane (Australia), 3 ene (dpa) \u2013 El equipo alem\u00e1n sell\u00f3 hoy con derrota su debut en la nueva competici\u00f3n ten\u00edstica por equipos, tras caer derrotado Alexander Zverev en su primer partido en la Copa ATP, contra el australiano Alex de Minaur por 4-6, 7-6 (7-3) y 6-2. Zverev pareci\u00f3 estar inseguro en la primera jornada","inLanguage":"es-ES","isPartOf":{"@id":"https:\/\/eldigitaldeasturias.com\/radio\/#website"},"breadcrumb":{"@id":"https:\/\/eldigitaldeasturias.com\/radio\/zverev-pierde-y-alemania-cae-derrotada-ante-australia-en-la-copa-atp\/#breadcrumblist"},"author":{"@id":"https:\/\/eldigitaldeasturias.com\/radio\/author\/nbasturias\/#author"},"creator":{"@id":"https:\/\/eldigitaldeasturias.com\/radio\/author\/nbasturias\/#author"},"image":{"@type":"ImageObject","url":"https:\/\/eldigitaldeasturias.com\/radio\/wp-content\/uploads\/2018\/05\/tennis-923659_960_720.jpg","@id":"https:\/\/eldigitaldeasturias.com\/radio\/zverev-pierde-y-alemania-cae-derrotada-ante-australia-en-la-copa-atp\/#mainImage","width":960,"height":720},"primaryImageOfPage":{"@id":"https:\/\/eldigitaldeasturias.com\/radio\/zverev-pierde-y-alemania-cae-derrotada-ante-australia-en-la-copa-atp\/#mainImage"},"datePublished":"2020-01-04T05:51:42+01:00","dateModified":"2020-01-04T05:51:42+01:00"},{"@type":"WebSite","@id":"https:\/\/eldigitaldeasturias.com\/radio\/#website","url":"https:\/\/eldigitaldeasturias.com\/radio\/","name":"El Digital de Asturias","description":"Diario de informaci\u00f3n y noticias","inLanguage":"es-ES","publisher":{"@id":"https:\/\/eldigitaldeasturias.com\/radio\/#organization"}}]},"og:locale":"es_ES","og:site_name":"El Digital de Asturias | Diario de informaci\u00f3n y noticias","og:type":"article","og:title":"Zverev pierde y Alemania cae derrotada ante Australia en la Copa ATP | El Digital de Asturias","og:description":"Brisbane (Australia), 3 ene (dpa) \u2013 El equipo alem\u00e1n sell\u00f3 hoy con derrota su debut en la nueva competici\u00f3n ten\u00edstica por equipos, tras caer derrotado Alexander Zverev en su primer partido en la Copa ATP, contra el australiano Alex de Minaur por 4-6, 7-6 (7-3) y 6-2. Zverev pareci\u00f3 estar inseguro en la primera jornada","og:url":"https:\/\/eldigitaldeasturias.com\/radio\/zverev-pierde-y-alemania-cae-derrotada-ante-australia-en-la-copa-atp\/","og:image":"https:\/\/eldigitaldeasturias.com\/radio\/wp-content\/uploads\/2018\/05\/tennis-923659_960_720.jpg","og:image:secure_url":"https:\/\/eldigitaldeasturias.com\/radio\/wp-content\/uploads\/2018\/05\/tennis-923659_960_720.jpg","og:image:width":960,"og:image:height":720,"article:published_time":"2020-01-04T05:51:42+00:00","article:modified_time":"2020-01-04T05:51:42+00:00","twitter:card":"summary_large_image","twitter:site":"@bercodi","twitter:title":"Zverev pierde y Alemania cae derrotada ante Australia en la Copa ATP | El Digital de Asturias","twitter:description":"Brisbane (Australia), 3 ene (dpa) \u2013 El equipo alem\u00e1n sell\u00f3 hoy con derrota su debut en la nueva competici\u00f3n ten\u00edstica por equipos, tras caer derrotado Alexander Zverev en su primer partido en la Copa ATP, contra el australiano Alex de Minaur por 4-6, 7-6 (7-3) y 6-2. Zverev pareci\u00f3 estar inseguro en la primera jornada","twitter:creator":"@bercodi","twitter:image":"https:\/\/eldigitaldeasturias.com\/radio\/wp-content\/uploads\/2018\/05\/tennis-923659_960_720.jpg"},"aioseo_meta_data":{"post_id":"3814","title":null,"description":null,"keywords":null,"keyphrases":null,"primary_term":null,"canonical_url":null,"og_title":null,"og_description":null,"og_object_type":"default","og_image_type":"default","og_image_url":null,"og_image_width":null,"og_image_height":null,"og_image_custom_url":null,"og_image_custom_fields":null,"og_video":null,"og_custom_url":null,"og_article_section":null,"og_article_tags":null,"twitter_use_og":false,"twitter_card":"default","twitter_image_type":"default","twitter_image_url":null,"twitter_image_custom_url":null,"twitter_image_custom_fields":null,"twitter_title":null,"twitter_description":null,"schema":{"blockGraphs":[],"customGraphs":[],"default":{"data":{"Article":[],"Course":[],"Dataset":[],"FAQPage":[],"Movie":[],"Person":[],"Product":[],"ProductReview":[],"Car":[],"Recipe":[],"Service":[],"SoftwareApplication":[],"WebPage":[]},"graphName":"","isEnabled":true},"graphs":[],"defaultGraph":"","defaultPostTypeGraph":""},"schema_type":null,"schema_type_options":null,"pillar_content":false,"robots_default":true,"robots_noindex":false,"robots_noarchive":false,"robots_nosnippet":false,"robots_nofollow":false,"robots_noimageindex":false,"robots_noodp":false,"robots_notranslate":false,"robots_max_snippet":null,"robots_max_videopreview":null,"robots_max_imagepreview":"large","priority":null,"frequency":null,"location":null,"local_seo":null,"seo_analyzer_scan_date":"2025-08-28 14:51:31","breadcrumb_settings":null,"limit_modified_date":false,"open_ai":null,"ai":null,"created":"2021-03-29 02:06:17","updated":"2025-08-28 14:51:31"},"aioseo_breadcrumb":"<div class=\"aioseo-breadcrumbs\"><span class=\"aioseo-breadcrumb\">\n\t<a href=\"https:\/\/eldigitaldeasturias.com\/radio\" title=\"Inicio\">Inicio<\/a>\n<\/span><span class=\"aioseo-breadcrumb-separator\">&ndash;<\/span><span class=\"aioseo-breadcrumb\">\n\t<a href=\"https:\/\/eldigitaldeasturias.com\/radio\/category\/noticias\/\" title=\"Noticias\">Noticias<\/a>\n<\/span><span class=\"aioseo-breadcrumb-separator\">&ndash;<\/span><span class=\"aioseo-breadcrumb\">\n\tZverev pierde y Alemania cae derrotada ante Australia en la Copa ATP\n<\/span><\/div>","aioseo_breadcrumb_json":[{"label":"Inicio","link":"https:\/\/eldigitaldeasturias.com\/radio"},{"label":"Noticias","link":"https:\/\/eldigitaldeasturias.com\/radio\/category\/noticias\/"},{"label":"Zverev pierde y Alemania cae derrotada ante Australia en la Copa ATP","link":"https:\/\/eldigitaldeasturias.com\/radio\/zverev-pierde-y-alemania-cae-derrotada-ante-australia-en-la-copa-atp\/"}],"_links":{"self":[{"href":"https:\/\/eldigitaldeasturias.com\/radio\/wp-json\/wp\/v2\/posts\/3814","targetHints":{"allow":["GET"]}}],"collection":[{"href":"https:\/\/eldigitaldeasturias.com\/radio\/wp-json\/wp\/v2\/posts"}],"about":[{"href":"https:\/\/eldigitaldeasturias.com\/radio\/wp-json\/wp\/v2\/types\/post"}],"author":[{"embeddable":true,"href":"https:\/\/eldigitaldeasturias.com\/radio\/wp-json\/wp\/v2\/users\/1"}],"replies":[{"embeddable":true,"href":"https:\/\/eldigitaldeasturias.com\/radio\/wp-json\/wp\/v2\/comments?post=3814"}],"version-history":[{"count":0,"href":"https:\/\/eldigitaldeasturias.com\/radio\/wp-json\/wp\/v2\/posts\/3814\/revisions"}],"wp:featuredmedia":[{"embeddable":true,"href":"https:\/\/eldigitaldeasturias.com\/radio\/wp-json\/wp\/v2\/media\/893"}],"wp:attachment":[{"href":"https:\/\/eldigitaldeasturias.com\/radio\/wp-json\/wp\/v2\/media?parent=3814"}],"wp:term":[{"taxonomy":"category","embeddable":true,"href":"https:\/\/eldigitaldeasturias.com\/radio\/wp-json\/wp\/v2\/categories?post=3814"},{"taxonomy":"post_tag","embeddable":true,"href":"https:\/\/eldigitaldeasturias.com\/radio\/wp-json\/wp\/v2\/tags?post=3814"}],"curies":[{"name":"wp","href":"https:\/\/api.w.org\/{rel}","templated":true}]}}