{"id":3812,"date":"2020-01-04T05:50:15","date_gmt":"2020-01-04T05:50:15","guid":{"rendered":"http:\/\/www.eldigitaldeasturias.com\/radio\/?p=3812"},"modified":"2020-01-04T05:50:15","modified_gmt":"2020-01-04T05:50:15","slug":"alemania-aboga-por-una-desescalada-tras-la-muerte-de-soleimani-en-bagdad","status":"publish","type":"post","link":"https:\/\/eldigitaldeasturias.com\/radio\/alemania-aboga-por-una-desescalada-tras-la-muerte-de-soleimani-en-bagdad\/","title":{"rendered":"Alemania aboga por una \u00abdesescalada\u00bb tras la muerte de Soleimani en Bagdad"},"content":{"rendered":"<p><img fetchpriority=\"high\" decoding=\"async\" class=\"alignleft size-medium wp-image-1439\" src=\"http:\/\/www.eldigitaldeasturias.com\/radio\/wp-content\/uploads\/2018\/10\/berlin-76509_960_720-360x270.jpg\" alt=\"\" width=\"360\" height=\"270\" srcset=\"https:\/\/eldigitaldeasturias.com\/radio\/wp-content\/uploads\/2018\/10\/berlin-76509_960_720-360x270.jpg 360w, https:\/\/eldigitaldeasturias.com\/radio\/wp-content\/uploads\/2018\/10\/berlin-76509_960_720-768x576.jpg 768w, https:\/\/eldigitaldeasturias.com\/radio\/wp-content\/uploads\/2018\/10\/berlin-76509_960_720.jpg 960w\" sizes=\"(max-width: 360px) 100vw, 360px\" \/>Berl\u00edn, 3 ene (dpa) &#8211; El Gobierno alem\u00e1n abog\u00f3 hoy por una desescalada, tras la muerte del general iran\u00ed Qasem Soleimani en un ataque estadounidense en la capital iraqu\u00ed de Bagdad.<\/p>\n<p>\u00abTambi\u00e9n nosotros vemos las actividades de Ir\u00e1n en la regi\u00f3n con gran preocupaci\u00f3n\u00bb, se\u00f1al\u00f3 Ulrike Demmer, portavoz adjunta del Gobierno germano, en Berl\u00edn. \u00abNos encontramos en un peligroso punto de escalada y ahora es importante contribuir a una desescalada con prudencia y moderaci\u00f3n\u00bb, a\u00f1adi\u00f3.<\/p>\n<p>Al ser preguntada al respecto, Demmer evit\u00f3 las cr\u00edticas directas a las acciones del Gobierno de Estados Unidos. \u00abEl proceder estadounidense es una reacci\u00f3n a una serie de provocaciones militares de las que Ir\u00e1n es responsable\u00bb, adujo.<\/p>\n<p>\u00abMe permito recordar aqu\u00ed los ataques a los petroleros en el estrecho de Ormuz y a las instalaciones petroleras saud\u00edes\u00bb, indic\u00f3. \u00abLos conflictos regionales solo pueden resolverse por medios diplom\u00e1ticos, y estamos en comunicaci\u00f3n con nuestros aliados en esta cuesti\u00f3n\u00bb.<\/p>\n<p>Soleimani era comandante de las brigadas iran\u00edes de Al-Quds. La portavoz del Gobierno alem\u00e1n, as\u00ed como el Ministerio de Asuntos Exteriores y el Ministerio de Defensa germanos, se mostraron reacios a efectuar una clasificaci\u00f3n jur\u00eddica m\u00e1s precisa de su muerte.<\/p>\n<p>Un portavoz del Ministerio de Relaciones Exteriores sostuvo que la situaci\u00f3n actual tiene como antecedente acciones desestabilizadoras por parte de Ir\u00e1n. Acot\u00f3, adem\u00e1s, que Soleimani tambi\u00e9n fue incluido por la Uni\u00f3n Europea en una lista de terroristas.<\/p>\n<p>\u00abEsta acci\u00f3n, no viene de la nada. Sin embargo, en la situaci\u00f3n actual nos preocupa el riesgo de una mayor escalada\u00bb, dijo.<\/p>\n<p>No hubo hoy ning\u00fan llamamiento a los ciudadanos alemanes por parte de las autoridades para que abandonasen el pa\u00eds, Estados Unidos pidi\u00f3 a sus ciudadanos que abandonaran Iraq. Tampoco se dieron detalles sobre las posibles consecuencias para el trabajo de la embajada alemana en Bagdad.<\/p>\n","protected":false},"excerpt":{"rendered":"<p>Berl\u00edn, 3 ene (dpa) &#8211; El Gobierno alem\u00e1n abog\u00f3 hoy por una desescalada, tras la muerte del general iran\u00ed Qasem Soleimani en un ataque estadounidense en la capital iraqu\u00ed de Bagdad. \u00abTambi\u00e9n nosotros vemos las actividades de Ir\u00e1n en la regi\u00f3n con gran preocupaci\u00f3n\u00bb, se\u00f1al\u00f3 Ulrike Demmer, portavoz adjunta del Gobierno germano, en Berl\u00edn. \u00abNos<\/p>\n","protected":false},"author":1,"featured_media":1439,"comment_status":"closed","ping_status":"closed","sticky":false,"template":"","format":"standard","meta":{"footnotes":""},"categories":[1],"tags":[],"class_list":{"0":"post-3812","1":"post","2":"type-post","3":"status-publish","4":"format-standard","5":"has-post-thumbnail","7":"category-noticias"},"aioseo_notices":[],"aioseo_head":"\n\t\t<!-- All in One SEO Pro 4.9.6.2 - aioseo.com -->\n\t<meta name=\"description\" content=\"Berl\u00edn, 3 ene (dpa) - El Gobierno alem\u00e1n abog\u00f3 hoy por una desescalada, tras la muerte del general iran\u00ed Qasem Soleimani en un ataque estadounidense en la capital iraqu\u00ed de Bagdad. &quot;Tambi\u00e9n nosotros vemos las actividades de Ir\u00e1n en la regi\u00f3n con gran preocupaci\u00f3n&quot;, se\u00f1al\u00f3 Ulrike Demmer, portavoz adjunta del Gobierno germano, en Berl\u00edn. &quot;Nos\" \/>\n\t<meta name=\"robots\" content=\"max-image-preview:large\" \/>\n\t<meta name=\"author\" content=\"NBAsturias\"\/>\n\t<meta name=\"google-site-verification\" content=\"UA-38556648-1\" \/>\n\t<meta name=\"keywords\" content=\"noticias\" \/>\n\t<link rel=\"canonical\" href=\"https:\/\/eldigitaldeasturias.com\/radio\/alemania-aboga-por-una-desescalada-tras-la-muerte-de-soleimani-en-bagdad\/\" \/>\n\t<meta name=\"generator\" content=\"All in One SEO Pro (AIOSEO) 4.9.6.2\" \/>\n\t\t<meta property=\"og:locale\" content=\"es_ES\" \/>\n\t\t<meta property=\"og:site_name\" content=\"El Digital de Asturias | Diario de informaci\u00f3n y noticias\" \/>\n\t\t<meta property=\"og:type\" content=\"article\" \/>\n\t\t<meta property=\"og:title\" content=\"Alemania aboga por una \u00abdesescalada\u00bb tras la muerte de Soleimani en Bagdad | El Digital de Asturias\" \/>\n\t\t<meta property=\"og:description\" content=\"Berl\u00edn, 3 ene (dpa) - El Gobierno alem\u00e1n abog\u00f3 hoy por una desescalada, tras la muerte del general iran\u00ed Qasem Soleimani en un ataque estadounidense en la capital iraqu\u00ed de Bagdad. &quot;Tambi\u00e9n nosotros vemos las actividades de Ir\u00e1n en la regi\u00f3n con gran preocupaci\u00f3n&quot;, se\u00f1al\u00f3 Ulrike Demmer, portavoz adjunta del Gobierno germano, en Berl\u00edn. &quot;Nos\" \/>\n\t\t<meta property=\"og:url\" content=\"https:\/\/eldigitaldeasturias.com\/radio\/alemania-aboga-por-una-desescalada-tras-la-muerte-de-soleimani-en-bagdad\/\" \/>\n\t\t<meta property=\"og:image\" content=\"https:\/\/eldigitaldeasturias.com\/radio\/wp-content\/uploads\/2018\/10\/berlin-76509_960_720.jpg\" \/>\n\t\t<meta property=\"og:image:secure_url\" content=\"https:\/\/eldigitaldeasturias.com\/radio\/wp-content\/uploads\/2018\/10\/berlin-76509_960_720.jpg\" \/>\n\t\t<meta property=\"og:image:width\" content=\"960\" \/>\n\t\t<meta property=\"og:image:height\" content=\"720\" \/>\n\t\t<meta property=\"article:published_time\" content=\"2020-01-04T05:50:15+00:00\" \/>\n\t\t<meta property=\"article:modified_time\" content=\"2020-01-04T05:50:15+00:00\" \/>\n\t\t<meta name=\"twitter:card\" content=\"summary_large_image\" \/>\n\t\t<meta name=\"twitter:site\" content=\"@bercodi\" \/>\n\t\t<meta name=\"twitter:title\" content=\"Alemania aboga por una \u00abdesescalada\u00bb tras la muerte de Soleimani en Bagdad | El Digital de Asturias\" \/>\n\t\t<meta name=\"twitter:description\" content=\"Berl\u00edn, 3 ene (dpa) - El Gobierno alem\u00e1n abog\u00f3 hoy por una desescalada, tras la muerte del general iran\u00ed Qasem Soleimani en un ataque estadounidense en la capital iraqu\u00ed de Bagdad. &quot;Tambi\u00e9n nosotros vemos las actividades de Ir\u00e1n en la regi\u00f3n con gran preocupaci\u00f3n&quot;, se\u00f1al\u00f3 Ulrike Demmer, portavoz adjunta del Gobierno germano, en Berl\u00edn. &quot;Nos\" \/>\n\t\t<meta name=\"twitter:creator\" content=\"@bercodi\" \/>\n\t\t<meta name=\"twitter:image\" content=\"https:\/\/eldigitaldeasturias.com\/radio\/wp-content\/uploads\/2018\/10\/berlin-76509_960_720.jpg\" \/>\n\t\t<script type=\"application\/ld+json\" class=\"aioseo-schema\">\n\t\t\t{\"@context\":\"https:\\\/\\\/schema.org\",\"@graph\":[{\"@type\":\"BreadcrumbList\",\"@id\":\"https:\\\/\\\/eldigitaldeasturias.com\\\/radio\\\/alemania-aboga-por-una-desescalada-tras-la-muerte-de-soleimani-en-bagdad\\\/#breadcrumblist\",\"itemListElement\":[{\"@type\":\"ListItem\",\"@id\":\"https:\\\/\\\/eldigitaldeasturias.com\\\/radio#listItem\",\"position\":1,\"name\":\"Inicio\",\"item\":\"https:\\\/\\\/eldigitaldeasturias.com\\\/radio\",\"nextItem\":{\"@type\":\"ListItem\",\"@id\":\"https:\\\/\\\/eldigitaldeasturias.com\\\/radio\\\/category\\\/noticias\\\/#listItem\",\"name\":\"Noticias\"}},{\"@type\":\"ListItem\",\"@id\":\"https:\\\/\\\/eldigitaldeasturias.com\\\/radio\\\/category\\\/noticias\\\/#listItem\",\"position\":2,\"name\":\"Noticias\",\"item\":\"https:\\\/\\\/eldigitaldeasturias.com\\\/radio\\\/category\\\/noticias\\\/\",\"nextItem\":{\"@type\":\"ListItem\",\"@id\":\"https:\\\/\\\/eldigitaldeasturias.com\\\/radio\\\/alemania-aboga-por-una-desescalada-tras-la-muerte-de-soleimani-en-bagdad\\\/#listItem\",\"name\":\"Alemania aboga por una \\u00abdesescalada\\u00bb tras la muerte de Soleimani en Bagdad\"},\"previousItem\":{\"@type\":\"ListItem\",\"@id\":\"https:\\\/\\\/eldigitaldeasturias.com\\\/radio#listItem\",\"name\":\"Inicio\"}},{\"@type\":\"ListItem\",\"@id\":\"https:\\\/\\\/eldigitaldeasturias.com\\\/radio\\\/alemania-aboga-por-una-desescalada-tras-la-muerte-de-soleimani-en-bagdad\\\/#listItem\",\"position\":3,\"name\":\"Alemania aboga por una \\u00abdesescalada\\u00bb tras la muerte de Soleimani en Bagdad\",\"previousItem\":{\"@type\":\"ListItem\",\"@id\":\"https:\\\/\\\/eldigitaldeasturias.com\\\/radio\\\/category\\\/noticias\\\/#listItem\",\"name\":\"Noticias\"}}]},{\"@type\":\"NewsArticle\",\"@id\":\"https:\\\/\\\/eldigitaldeasturias.com\\\/radio\\\/alemania-aboga-por-una-desescalada-tras-la-muerte-de-soleimani-en-bagdad\\\/#newsarticle\",\"name\":\"Alemania aboga por una \\u00abdesescalada\\u00bb tras la muerte de Soleimani en Bagdad | El Digital de Asturias\",\"headline\":\"Alemania aboga por una \\u00abdesescalada\\u00bb tras la muerte de Soleimani en Bagdad\",\"author\":{\"@id\":\"https:\\\/\\\/eldigitaldeasturias.com\\\/radio\\\/author\\\/nbasturias\\\/#author\"},\"publisher\":{\"@id\":\"https:\\\/\\\/eldigitaldeasturias.com\\\/radio\\\/#organization\"},\"image\":{\"@type\":\"ImageObject\",\"url\":\"https:\\\/\\\/eldigitaldeasturias.com\\\/radio\\\/wp-content\\\/uploads\\\/2018\\\/10\\\/berlin-76509_960_720.jpg\",\"width\":960,\"height\":720},\"datePublished\":\"2020-01-04T05:50:15+01:00\",\"dateModified\":\"2020-01-04T05:50:15+01:00\",\"inLanguage\":\"es-ES\",\"mainEntityOfPage\":{\"@id\":\"https:\\\/\\\/eldigitaldeasturias.com\\\/radio\\\/alemania-aboga-por-una-desescalada-tras-la-muerte-de-soleimani-en-bagdad\\\/#webpage\"},\"isPartOf\":{\"@id\":\"https:\\\/\\\/eldigitaldeasturias.com\\\/radio\\\/alemania-aboga-por-una-desescalada-tras-la-muerte-de-soleimani-en-bagdad\\\/#webpage\"},\"articleSection\":\"Noticias\",\"dateline\":\"Publicado el enero 4, 2020.\"},{\"@type\":\"Organization\",\"@id\":\"https:\\\/\\\/eldigitaldeasturias.com\\\/radio\\\/#organization\",\"name\":\"El digital de Asturias Radio\",\"description\":\"Diario de informaci\\u00f3n y noticias\",\"url\":\"https:\\\/\\\/eldigitaldeasturias.com\\\/radio\\\/\",\"telephone\":\"+34652131393\",\"logo\":{\"@type\":\"ImageObject\",\"url\":\"https:\\\/\\\/www.eldigitaldeasturias.com\\\/radio\\\/wp-content\\\/uploads\\\/2021\\\/03\\\/EDA.jpg\",\"@id\":\"https:\\\/\\\/eldigitaldeasturias.com\\\/radio\\\/alemania-aboga-por-una-desescalada-tras-la-muerte-de-soleimani-en-bagdad\\\/#organizationLogo\"},\"image\":{\"@id\":\"https:\\\/\\\/eldigitaldeasturias.com\\\/radio\\\/alemania-aboga-por-una-desescalada-tras-la-muerte-de-soleimani-en-bagdad\\\/#organizationLogo\"},\"sameAs\":[\"https:\\\/\\\/www.facebook.com\\\/\",\"https:\\\/\\\/x.com\\\/bercodi\",\"https:\\\/\\\/www.instagram.com\\\/\",\"https:\\\/\\\/www.youtube.com\\\/channel\\\/UCZP-2wLEB9Rv6erhFmqVnvg\"]},{\"@type\":\"Person\",\"@id\":\"https:\\\/\\\/eldigitaldeasturias.com\\\/radio\\\/author\\\/nbasturias\\\/#author\",\"url\":\"https:\\\/\\\/eldigitaldeasturias.com\\\/radio\\\/author\\\/nbasturias\\\/\",\"name\":\"NBAsturias\",\"image\":{\"@type\":\"ImageObject\",\"@id\":\"https:\\\/\\\/eldigitaldeasturias.com\\\/radio\\\/alemania-aboga-por-una-desescalada-tras-la-muerte-de-soleimani-en-bagdad\\\/#authorImage\",\"url\":\"https:\\\/\\\/secure.gravatar.com\\\/avatar\\\/df2aeffc32bcd13f8d26072ef8a91b623d677766deac7f97ca815868cd41bf5e?s=96&d=mm&r=g\",\"width\":96,\"height\":96,\"caption\":\"NBAsturias\"}},{\"@type\":\"WebPage\",\"@id\":\"https:\\\/\\\/eldigitaldeasturias.com\\\/radio\\\/alemania-aboga-por-una-desescalada-tras-la-muerte-de-soleimani-en-bagdad\\\/#webpage\",\"url\":\"https:\\\/\\\/eldigitaldeasturias.com\\\/radio\\\/alemania-aboga-por-una-desescalada-tras-la-muerte-de-soleimani-en-bagdad\\\/\",\"name\":\"Alemania aboga por una \\u00abdesescalada\\u00bb tras la muerte de Soleimani en Bagdad | El Digital de Asturias\",\"description\":\"Berl\\u00edn, 3 ene (dpa) - El Gobierno alem\\u00e1n abog\\u00f3 hoy por una desescalada, tras la muerte del general iran\\u00ed Qasem Soleimani en un ataque estadounidense en la capital iraqu\\u00ed de Bagdad. \\\"Tambi\\u00e9n nosotros vemos las actividades de Ir\\u00e1n en la regi\\u00f3n con gran preocupaci\\u00f3n\\\", se\\u00f1al\\u00f3 Ulrike Demmer, portavoz adjunta del Gobierno germano, en Berl\\u00edn. \\\"Nos\",\"inLanguage\":\"es-ES\",\"isPartOf\":{\"@id\":\"https:\\\/\\\/eldigitaldeasturias.com\\\/radio\\\/#website\"},\"breadcrumb\":{\"@id\":\"https:\\\/\\\/eldigitaldeasturias.com\\\/radio\\\/alemania-aboga-por-una-desescalada-tras-la-muerte-de-soleimani-en-bagdad\\\/#breadcrumblist\"},\"author\":{\"@id\":\"https:\\\/\\\/eldigitaldeasturias.com\\\/radio\\\/author\\\/nbasturias\\\/#author\"},\"creator\":{\"@id\":\"https:\\\/\\\/eldigitaldeasturias.com\\\/radio\\\/author\\\/nbasturias\\\/#author\"},\"image\":{\"@type\":\"ImageObject\",\"url\":\"https:\\\/\\\/eldigitaldeasturias.com\\\/radio\\\/wp-content\\\/uploads\\\/2018\\\/10\\\/berlin-76509_960_720.jpg\",\"@id\":\"https:\\\/\\\/eldigitaldeasturias.com\\\/radio\\\/alemania-aboga-por-una-desescalada-tras-la-muerte-de-soleimani-en-bagdad\\\/#mainImage\",\"width\":960,\"height\":720},\"primaryImageOfPage\":{\"@id\":\"https:\\\/\\\/eldigitaldeasturias.com\\\/radio\\\/alemania-aboga-por-una-desescalada-tras-la-muerte-de-soleimani-en-bagdad\\\/#mainImage\"},\"datePublished\":\"2020-01-04T05:50:15+01:00\",\"dateModified\":\"2020-01-04T05:50:15+01:00\"},{\"@type\":\"WebSite\",\"@id\":\"https:\\\/\\\/eldigitaldeasturias.com\\\/radio\\\/#website\",\"url\":\"https:\\\/\\\/eldigitaldeasturias.com\\\/radio\\\/\",\"name\":\"El Digital de Asturias\",\"description\":\"Diario de informaci\\u00f3n y noticias\",\"inLanguage\":\"es-ES\",\"publisher\":{\"@id\":\"https:\\\/\\\/eldigitaldeasturias.com\\\/radio\\\/#organization\"}}]}\n\t\t<\/script>\n\t\t<!-- All in One SEO Pro -->\r\n\t\t<title>Alemania aboga por una \u00abdesescalada\u00bb tras la muerte de Soleimani en Bagdad | El Digital de Asturias<\/title>\n\n","aioseo_head_json":{"title":"Alemania aboga por una \u00abdesescalada\u00bb tras la muerte de Soleimani en Bagdad | El Digital de Asturias","description":"Berl\u00edn, 3 ene (dpa) - El Gobierno alem\u00e1n abog\u00f3 hoy por una desescalada, tras la muerte del general iran\u00ed Qasem Soleimani en un ataque estadounidense en la capital iraqu\u00ed de Bagdad. \"Tambi\u00e9n nosotros vemos las actividades de Ir\u00e1n en la regi\u00f3n con gran preocupaci\u00f3n\", se\u00f1al\u00f3 Ulrike Demmer, portavoz adjunta del Gobierno germano, en Berl\u00edn. \"Nos","canonical_url":"https:\/\/eldigitaldeasturias.com\/radio\/alemania-aboga-por-una-desescalada-tras-la-muerte-de-soleimani-en-bagdad\/","robots":"max-image-preview:large","keywords":"noticias","webmasterTools":{"google-site-verification":"UA-38556648-1","miscellaneous":""},"schema":{"@context":"https:\/\/schema.org","@graph":[{"@type":"BreadcrumbList","@id":"https:\/\/eldigitaldeasturias.com\/radio\/alemania-aboga-por-una-desescalada-tras-la-muerte-de-soleimani-en-bagdad\/#breadcrumblist","itemListElement":[{"@type":"ListItem","@id":"https:\/\/eldigitaldeasturias.com\/radio#listItem","position":1,"name":"Inicio","item":"https:\/\/eldigitaldeasturias.com\/radio","nextItem":{"@type":"ListItem","@id":"https:\/\/eldigitaldeasturias.com\/radio\/category\/noticias\/#listItem","name":"Noticias"}},{"@type":"ListItem","@id":"https:\/\/eldigitaldeasturias.com\/radio\/category\/noticias\/#listItem","position":2,"name":"Noticias","item":"https:\/\/eldigitaldeasturias.com\/radio\/category\/noticias\/","nextItem":{"@type":"ListItem","@id":"https:\/\/eldigitaldeasturias.com\/radio\/alemania-aboga-por-una-desescalada-tras-la-muerte-de-soleimani-en-bagdad\/#listItem","name":"Alemania aboga por una \u00abdesescalada\u00bb tras la muerte de Soleimani en Bagdad"},"previousItem":{"@type":"ListItem","@id":"https:\/\/eldigitaldeasturias.com\/radio#listItem","name":"Inicio"}},{"@type":"ListItem","@id":"https:\/\/eldigitaldeasturias.com\/radio\/alemania-aboga-por-una-desescalada-tras-la-muerte-de-soleimani-en-bagdad\/#listItem","position":3,"name":"Alemania aboga por una \u00abdesescalada\u00bb tras la muerte de Soleimani en Bagdad","previousItem":{"@type":"ListItem","@id":"https:\/\/eldigitaldeasturias.com\/radio\/category\/noticias\/#listItem","name":"Noticias"}}]},{"@type":"NewsArticle","@id":"https:\/\/eldigitaldeasturias.com\/radio\/alemania-aboga-por-una-desescalada-tras-la-muerte-de-soleimani-en-bagdad\/#newsarticle","name":"Alemania aboga por una \u00abdesescalada\u00bb tras la muerte de Soleimani en Bagdad | El Digital de Asturias","headline":"Alemania aboga por una \u00abdesescalada\u00bb tras la muerte de Soleimani en Bagdad","author":{"@id":"https:\/\/eldigitaldeasturias.com\/radio\/author\/nbasturias\/#author"},"publisher":{"@id":"https:\/\/eldigitaldeasturias.com\/radio\/#organization"},"image":{"@type":"ImageObject","url":"https:\/\/eldigitaldeasturias.com\/radio\/wp-content\/uploads\/2018\/10\/berlin-76509_960_720.jpg","width":960,"height":720},"datePublished":"2020-01-04T05:50:15+01:00","dateModified":"2020-01-04T05:50:15+01:00","inLanguage":"es-ES","mainEntityOfPage":{"@id":"https:\/\/eldigitaldeasturias.com\/radio\/alemania-aboga-por-una-desescalada-tras-la-muerte-de-soleimani-en-bagdad\/#webpage"},"isPartOf":{"@id":"https:\/\/eldigitaldeasturias.com\/radio\/alemania-aboga-por-una-desescalada-tras-la-muerte-de-soleimani-en-bagdad\/#webpage"},"articleSection":"Noticias","dateline":"Publicado el enero 4, 2020."},{"@type":"Organization","@id":"https:\/\/eldigitaldeasturias.com\/radio\/#organization","name":"El digital de Asturias Radio","description":"Diario de informaci\u00f3n y noticias","url":"https:\/\/eldigitaldeasturias.com\/radio\/","telephone":"+34652131393","logo":{"@type":"ImageObject","url":"https:\/\/www.eldigitaldeasturias.com\/radio\/wp-content\/uploads\/2021\/03\/EDA.jpg","@id":"https:\/\/eldigitaldeasturias.com\/radio\/alemania-aboga-por-una-desescalada-tras-la-muerte-de-soleimani-en-bagdad\/#organizationLogo"},"image":{"@id":"https:\/\/eldigitaldeasturias.com\/radio\/alemania-aboga-por-una-desescalada-tras-la-muerte-de-soleimani-en-bagdad\/#organizationLogo"},"sameAs":["https:\/\/www.facebook.com\/","https:\/\/x.com\/bercodi","https:\/\/www.instagram.com\/","https:\/\/www.youtube.com\/channel\/UCZP-2wLEB9Rv6erhFmqVnvg"]},{"@type":"Person","@id":"https:\/\/eldigitaldeasturias.com\/radio\/author\/nbasturias\/#author","url":"https:\/\/eldigitaldeasturias.com\/radio\/author\/nbasturias\/","name":"NBAsturias","image":{"@type":"ImageObject","@id":"https:\/\/eldigitaldeasturias.com\/radio\/alemania-aboga-por-una-desescalada-tras-la-muerte-de-soleimani-en-bagdad\/#authorImage","url":"https:\/\/secure.gravatar.com\/avatar\/df2aeffc32bcd13f8d26072ef8a91b623d677766deac7f97ca815868cd41bf5e?s=96&d=mm&r=g","width":96,"height":96,"caption":"NBAsturias"}},{"@type":"WebPage","@id":"https:\/\/eldigitaldeasturias.com\/radio\/alemania-aboga-por-una-desescalada-tras-la-muerte-de-soleimani-en-bagdad\/#webpage","url":"https:\/\/eldigitaldeasturias.com\/radio\/alemania-aboga-por-una-desescalada-tras-la-muerte-de-soleimani-en-bagdad\/","name":"Alemania aboga por una \u00abdesescalada\u00bb tras la muerte de Soleimani en Bagdad | El Digital de Asturias","description":"Berl\u00edn, 3 ene (dpa) - El Gobierno alem\u00e1n abog\u00f3 hoy por una desescalada, tras la muerte del general iran\u00ed Qasem Soleimani en un ataque estadounidense en la capital iraqu\u00ed de Bagdad. \"Tambi\u00e9n nosotros vemos las actividades de Ir\u00e1n en la regi\u00f3n con gran preocupaci\u00f3n\", se\u00f1al\u00f3 Ulrike Demmer, portavoz adjunta del Gobierno germano, en Berl\u00edn. \"Nos","inLanguage":"es-ES","isPartOf":{"@id":"https:\/\/eldigitaldeasturias.com\/radio\/#website"},"breadcrumb":{"@id":"https:\/\/eldigitaldeasturias.com\/radio\/alemania-aboga-por-una-desescalada-tras-la-muerte-de-soleimani-en-bagdad\/#breadcrumblist"},"author":{"@id":"https:\/\/eldigitaldeasturias.com\/radio\/author\/nbasturias\/#author"},"creator":{"@id":"https:\/\/eldigitaldeasturias.com\/radio\/author\/nbasturias\/#author"},"image":{"@type":"ImageObject","url":"https:\/\/eldigitaldeasturias.com\/radio\/wp-content\/uploads\/2018\/10\/berlin-76509_960_720.jpg","@id":"https:\/\/eldigitaldeasturias.com\/radio\/alemania-aboga-por-una-desescalada-tras-la-muerte-de-soleimani-en-bagdad\/#mainImage","width":960,"height":720},"primaryImageOfPage":{"@id":"https:\/\/eldigitaldeasturias.com\/radio\/alemania-aboga-por-una-desescalada-tras-la-muerte-de-soleimani-en-bagdad\/#mainImage"},"datePublished":"2020-01-04T05:50:15+01:00","dateModified":"2020-01-04T05:50:15+01:00"},{"@type":"WebSite","@id":"https:\/\/eldigitaldeasturias.com\/radio\/#website","url":"https:\/\/eldigitaldeasturias.com\/radio\/","name":"El Digital de Asturias","description":"Diario de informaci\u00f3n y noticias","inLanguage":"es-ES","publisher":{"@id":"https:\/\/eldigitaldeasturias.com\/radio\/#organization"}}]},"og:locale":"es_ES","og:site_name":"El Digital de Asturias | Diario de informaci\u00f3n y noticias","og:type":"article","og:title":"Alemania aboga por una \u00abdesescalada\u00bb tras la muerte de Soleimani en Bagdad | El Digital de Asturias","og:description":"Berl\u00edn, 3 ene (dpa) - El Gobierno alem\u00e1n abog\u00f3 hoy por una desescalada, tras la muerte del general iran\u00ed Qasem Soleimani en un ataque estadounidense en la capital iraqu\u00ed de Bagdad. &quot;Tambi\u00e9n nosotros vemos las actividades de Ir\u00e1n en la regi\u00f3n con gran preocupaci\u00f3n&quot;, se\u00f1al\u00f3 Ulrike Demmer, portavoz adjunta del Gobierno germano, en Berl\u00edn. &quot;Nos","og:url":"https:\/\/eldigitaldeasturias.com\/radio\/alemania-aboga-por-una-desescalada-tras-la-muerte-de-soleimani-en-bagdad\/","og:image":"https:\/\/eldigitaldeasturias.com\/radio\/wp-content\/uploads\/2018\/10\/berlin-76509_960_720.jpg","og:image:secure_url":"https:\/\/eldigitaldeasturias.com\/radio\/wp-content\/uploads\/2018\/10\/berlin-76509_960_720.jpg","og:image:width":960,"og:image:height":720,"article:published_time":"2020-01-04T05:50:15+00:00","article:modified_time":"2020-01-04T05:50:15+00:00","twitter:card":"summary_large_image","twitter:site":"@bercodi","twitter:title":"Alemania aboga por una \u00abdesescalada\u00bb tras la muerte de Soleimani en Bagdad | El Digital de Asturias","twitter:description":"Berl\u00edn, 3 ene (dpa) - El Gobierno alem\u00e1n abog\u00f3 hoy por una desescalada, tras la muerte del general iran\u00ed Qasem Soleimani en un ataque estadounidense en la capital iraqu\u00ed de Bagdad. &quot;Tambi\u00e9n nosotros vemos las actividades de Ir\u00e1n en la regi\u00f3n con gran preocupaci\u00f3n&quot;, se\u00f1al\u00f3 Ulrike Demmer, portavoz adjunta del Gobierno germano, en Berl\u00edn. &quot;Nos","twitter:creator":"@bercodi","twitter:image":"https:\/\/eldigitaldeasturias.com\/radio\/wp-content\/uploads\/2018\/10\/berlin-76509_960_720.jpg"},"aioseo_meta_data":{"post_id":"3812","title":null,"description":null,"keywords":null,"keyphrases":null,"primary_term":null,"canonical_url":null,"og_title":null,"og_description":null,"og_object_type":"default","og_image_type":"default","og_image_url":null,"og_image_width":null,"og_image_height":null,"og_image_custom_url":null,"og_image_custom_fields":null,"og_video":null,"og_custom_url":null,"og_article_section":null,"og_article_tags":null,"twitter_use_og":false,"twitter_card":"default","twitter_image_type":"default","twitter_image_url":null,"twitter_image_custom_url":null,"twitter_image_custom_fields":null,"twitter_title":null,"twitter_description":null,"schema":{"blockGraphs":[],"customGraphs":[],"default":{"data":{"Article":[],"Course":[],"Dataset":[],"FAQPage":[],"Movie":[],"Person":[],"Product":[],"ProductReview":[],"Car":[],"Recipe":[],"Service":[],"SoftwareApplication":[],"WebPage":[]},"graphName":"","isEnabled":true},"graphs":[],"defaultGraph":"","defaultPostTypeGraph":""},"schema_type":null,"schema_type_options":null,"pillar_content":false,"robots_default":true,"robots_noindex":false,"robots_noarchive":false,"robots_nosnippet":false,"robots_nofollow":false,"robots_noimageindex":false,"robots_noodp":false,"robots_notranslate":false,"robots_max_snippet":null,"robots_max_videopreview":null,"robots_max_imagepreview":"large","priority":null,"frequency":null,"location":null,"local_seo":null,"seo_analyzer_scan_date":"2025-08-28 14:51:30","breadcrumb_settings":null,"limit_modified_date":false,"open_ai":null,"ai":null,"created":"2021-03-28 07:18:59","updated":"2025-08-28 14:51:30"},"aioseo_breadcrumb":"<div class=\"aioseo-breadcrumbs\"><span class=\"aioseo-breadcrumb\">\n\t<a href=\"https:\/\/eldigitaldeasturias.com\/radio\" title=\"Inicio\">Inicio<\/a>\n<\/span><span class=\"aioseo-breadcrumb-separator\">&ndash;<\/span><span class=\"aioseo-breadcrumb\">\n\t<a href=\"https:\/\/eldigitaldeasturias.com\/radio\/category\/noticias\/\" title=\"Noticias\">Noticias<\/a>\n<\/span><span class=\"aioseo-breadcrumb-separator\">&ndash;<\/span><span class=\"aioseo-breadcrumb\">\n\tAlemania aboga por una \u00abdesescalada\u00bb tras la muerte de Soleimani en Bagdad\n<\/span><\/div>","aioseo_breadcrumb_json":[{"label":"Inicio","link":"https:\/\/eldigitaldeasturias.com\/radio"},{"label":"Noticias","link":"https:\/\/eldigitaldeasturias.com\/radio\/category\/noticias\/"},{"label":"Alemania aboga por una \u00abdesescalada\u00bb tras la muerte de Soleimani en Bagdad","link":"https:\/\/eldigitaldeasturias.com\/radio\/alemania-aboga-por-una-desescalada-tras-la-muerte-de-soleimani-en-bagdad\/"}],"_links":{"self":[{"href":"https:\/\/eldigitaldeasturias.com\/radio\/wp-json\/wp\/v2\/posts\/3812","targetHints":{"allow":["GET"]}}],"collection":[{"href":"https:\/\/eldigitaldeasturias.com\/radio\/wp-json\/wp\/v2\/posts"}],"about":[{"href":"https:\/\/eldigitaldeasturias.com\/radio\/wp-json\/wp\/v2\/types\/post"}],"author":[{"embeddable":true,"href":"https:\/\/eldigitaldeasturias.com\/radio\/wp-json\/wp\/v2\/users\/1"}],"replies":[{"embeddable":true,"href":"https:\/\/eldigitaldeasturias.com\/radio\/wp-json\/wp\/v2\/comments?post=3812"}],"version-history":[{"count":0,"href":"https:\/\/eldigitaldeasturias.com\/radio\/wp-json\/wp\/v2\/posts\/3812\/revisions"}],"wp:featuredmedia":[{"embeddable":true,"href":"https:\/\/eldigitaldeasturias.com\/radio\/wp-json\/wp\/v2\/media\/1439"}],"wp:attachment":[{"href":"https:\/\/eldigitaldeasturias.com\/radio\/wp-json\/wp\/v2\/media?parent=3812"}],"wp:term":[{"taxonomy":"category","embeddable":true,"href":"https:\/\/eldigitaldeasturias.com\/radio\/wp-json\/wp\/v2\/categories?post=3812"},{"taxonomy":"post_tag","embeddable":true,"href":"https:\/\/eldigitaldeasturias.com\/radio\/wp-json\/wp\/v2\/tags?post=3812"}],"curies":[{"name":"wp","href":"https:\/\/api.w.org\/{rel}","templated":true}]}}