{"id":3810,"date":"2020-01-04T05:48:51","date_gmt":"2020-01-04T05:48:51","guid":{"rendered":"http:\/\/www.eldigitaldeasturias.com\/radio\/?p=3810"},"modified":"2020-01-04T05:48:51","modified_gmt":"2020-01-04T05:48:51","slug":"daimler-vende-menos-camiones-en-2019","status":"publish","type":"post","link":"https:\/\/eldigitaldeasturias.com\/radio\/daimler-vende-menos-camiones-en-2019\/","title":{"rendered":"Daimler vende menos camiones en 2019"},"content":{"rendered":"<p><img fetchpriority=\"high\" decoding=\"async\" class=\"alignleft size-medium wp-image-791\" src=\"http:\/\/www.eldigitaldeasturias.com\/radio\/wp-content\/uploads\/2018\/04\/traffic-332857_960_720-360x240.jpg\" alt=\"\" width=\"360\" height=\"240\" srcset=\"https:\/\/eldigitaldeasturias.com\/radio\/wp-content\/uploads\/2018\/04\/traffic-332857_960_720-360x240.jpg 360w, https:\/\/eldigitaldeasturias.com\/radio\/wp-content\/uploads\/2018\/04\/traffic-332857_960_720-768x512.jpg 768w, https:\/\/eldigitaldeasturias.com\/radio\/wp-content\/uploads\/2018\/04\/traffic-332857_960_720.jpg 960w\" sizes=\"(max-width: 360px) 100vw, 360px\" \/>Stuttgart, 3 ene (dpa) \u2013 El negocio de camiones de la automotriz alemana Daimler experiment\u00f3 el a\u00f1o pasado una menor demanda, particularmente en Europa y Norteam\u00e9rica, tras un a\u00f1o de buenas ventas en 2018, inform\u00f3 hoy la empresa en Stuttgart.<\/p>\n<p>Seg\u00fan el anuncio, en 2019 se vendieron menos veh\u00edculos que en el a\u00f1o precedente. Sin datos sobre el a\u00f1o al completo, hasta finales de noviembre se constat\u00f3 que las ventas de unidades de Daimler Trucks estaban un cuatro por ciento por debajo del nivel de 2018.<\/p>\n<p>\u00abMercados importantes como Europa y Norteam\u00e9rica se debilitaron m\u00e1s r\u00e1pido de lo esperado en la segunda mitad del a\u00f1o\u00bb, explic\u00f3 Martin Daum, presidente ejecutivo de la divisi\u00f3n de camiones de Daimler, e indic\u00f3 que la producci\u00f3n se reajust\u00f3 consecuentemente a partir del verano.<\/p>\n<p>Hasta finales de noviembre de 2019, el n\u00famero de unidades vendidas fue de algo menos de 447.000 camiones, de los cuales unos 187.000 correspondieron al mercado m\u00e1s importante de la firma, el norteamericano.<\/p>\n<p>A diferencia de lo ocurrido en Europa o Asia, las ventas de camiones Daimler en Norteam\u00e9rica se mantuvieron durante la mayor parte del a\u00f1o, pero a partir de noviembre tambi\u00e9n disminuyeron considerablemente.<\/p>\n<p>Daum afirm\u00f3 que la compa\u00f1\u00eda \u00abno estaba en absoluto satisfecha\u00bb con el margen de beneficios previsto para 2019, de un seis por ciento.<\/p>\n<p>En 2020, este \u00edndice, que proporciona informaci\u00f3n sobre la rentabilidad del negocio, podr\u00eda caer a\u00fan m\u00e1s, hasta \u00abal menos un cinco por ciento\u00bb, seg\u00fan Daum.<\/p>\n<p>Junto a la ca\u00edda de ventas, Daimler tiene que asumir altos costos en inversiones para desarrollar y fabricar veh\u00edculos el\u00e9ctricos, as\u00ed como para automatizar y conectar en red camiones y autobuses.<\/p>\n<p>La divisi\u00f3n planea ahorrar alrededor de 550 millones de euros (612 millones de d\u00f3lares) hasta finales de 2022, e incrementar as\u00ed los beneficios hasta al menos un siete por ciento.<\/p>\n<p>La Daimler Truck AG, denominaci\u00f3n que recibe la divisi\u00f3n de camiones de la firma desde noviembre, anunciar\u00e1 las cifras completas correspondientes a 2019 en febrero.<\/p>\n","protected":false},"excerpt":{"rendered":"<p>Stuttgart, 3 ene (dpa) \u2013 El negocio de camiones de la automotriz alemana Daimler experiment\u00f3 el a\u00f1o pasado una menor demanda, particularmente en Europa y Norteam\u00e9rica, tras un a\u00f1o de buenas ventas en 2018, inform\u00f3 hoy la empresa en Stuttgart. Seg\u00fan el anuncio, en 2019 se vendieron menos veh\u00edculos que en el a\u00f1o precedente. Sin<\/p>\n","protected":false},"author":1,"featured_media":791,"comment_status":"closed","ping_status":"closed","sticky":false,"template":"","format":"standard","meta":{"footnotes":""},"categories":[35],"tags":[],"class_list":{"0":"post-3810","1":"post","2":"type-post","3":"status-publish","4":"format-standard","5":"has-post-thumbnail","7":"category-negocios"},"aioseo_notices":[],"aioseo_head":"\n\t\t<!-- All in One SEO Pro 4.9.6.2 - aioseo.com -->\n\t<meta name=\"description\" content=\"Stuttgart, 3 ene (dpa) \u2013 El negocio de camiones de la automotriz alemana Daimler experiment\u00f3 el a\u00f1o pasado una menor demanda, particularmente en Europa y Norteam\u00e9rica, tras un a\u00f1o de buenas ventas en 2018, inform\u00f3 hoy la empresa en Stuttgart. Seg\u00fan el anuncio, en 2019 se vendieron menos veh\u00edculos que en el a\u00f1o precedente. Sin\" \/>\n\t<meta name=\"robots\" content=\"max-image-preview:large\" \/>\n\t<meta name=\"author\" content=\"NBAsturias\"\/>\n\t<meta name=\"google-site-verification\" content=\"UA-38556648-1\" \/>\n\t<meta name=\"keywords\" content=\"negocios\" \/>\n\t<link rel=\"canonical\" href=\"https:\/\/eldigitaldeasturias.com\/radio\/daimler-vende-menos-camiones-en-2019\/\" \/>\n\t<meta name=\"generator\" content=\"All in One SEO Pro (AIOSEO) 4.9.6.2\" \/>\n\t\t<meta property=\"og:locale\" content=\"es_ES\" \/>\n\t\t<meta property=\"og:site_name\" content=\"El Digital de Asturias | Diario de informaci\u00f3n y noticias\" \/>\n\t\t<meta property=\"og:type\" content=\"article\" \/>\n\t\t<meta property=\"og:title\" content=\"Daimler vende menos camiones en 2019 | El Digital de Asturias\" \/>\n\t\t<meta property=\"og:description\" content=\"Stuttgart, 3 ene (dpa) \u2013 El negocio de camiones de la automotriz alemana Daimler experiment\u00f3 el a\u00f1o pasado una menor demanda, particularmente en Europa y Norteam\u00e9rica, tras un a\u00f1o de buenas ventas en 2018, inform\u00f3 hoy la empresa en Stuttgart. Seg\u00fan el anuncio, en 2019 se vendieron menos veh\u00edculos que en el a\u00f1o precedente. Sin\" \/>\n\t\t<meta property=\"og:url\" content=\"https:\/\/eldigitaldeasturias.com\/radio\/daimler-vende-menos-camiones-en-2019\/\" \/>\n\t\t<meta property=\"og:image\" content=\"https:\/\/eldigitaldeasturias.com\/radio\/wp-content\/uploads\/2018\/04\/traffic-332857_960_720.jpg\" \/>\n\t\t<meta property=\"og:image:secure_url\" content=\"https:\/\/eldigitaldeasturias.com\/radio\/wp-content\/uploads\/2018\/04\/traffic-332857_960_720.jpg\" \/>\n\t\t<meta property=\"og:image:width\" content=\"960\" \/>\n\t\t<meta property=\"og:image:height\" content=\"640\" \/>\n\t\t<meta property=\"article:published_time\" content=\"2020-01-04T05:48:51+00:00\" \/>\n\t\t<meta property=\"article:modified_time\" content=\"2020-01-04T05:48:51+00:00\" \/>\n\t\t<meta name=\"twitter:card\" content=\"summary_large_image\" \/>\n\t\t<meta name=\"twitter:site\" content=\"@bercodi\" \/>\n\t\t<meta name=\"twitter:title\" content=\"Daimler vende menos camiones en 2019 | El Digital de Asturias\" \/>\n\t\t<meta name=\"twitter:description\" content=\"Stuttgart, 3 ene (dpa) \u2013 El negocio de camiones de la automotriz alemana Daimler experiment\u00f3 el a\u00f1o pasado una menor demanda, particularmente en Europa y Norteam\u00e9rica, tras un a\u00f1o de buenas ventas en 2018, inform\u00f3 hoy la empresa en Stuttgart. Seg\u00fan el anuncio, en 2019 se vendieron menos veh\u00edculos que en el a\u00f1o precedente. Sin\" \/>\n\t\t<meta name=\"twitter:creator\" content=\"@bercodi\" \/>\n\t\t<meta name=\"twitter:image\" content=\"https:\/\/eldigitaldeasturias.com\/radio\/wp-content\/uploads\/2018\/04\/traffic-332857_960_720.jpg\" \/>\n\t\t<script type=\"application\/ld+json\" class=\"aioseo-schema\">\n\t\t\t{\"@context\":\"https:\\\/\\\/schema.org\",\"@graph\":[{\"@type\":\"BreadcrumbList\",\"@id\":\"https:\\\/\\\/eldigitaldeasturias.com\\\/radio\\\/daimler-vende-menos-camiones-en-2019\\\/#breadcrumblist\",\"itemListElement\":[{\"@type\":\"ListItem\",\"@id\":\"https:\\\/\\\/eldigitaldeasturias.com\\\/radio#listItem\",\"position\":1,\"name\":\"Inicio\",\"item\":\"https:\\\/\\\/eldigitaldeasturias.com\\\/radio\",\"nextItem\":{\"@type\":\"ListItem\",\"@id\":\"https:\\\/\\\/eldigitaldeasturias.com\\\/radio\\\/category\\\/negocios\\\/#listItem\",\"name\":\"Negocios\"}},{\"@type\":\"ListItem\",\"@id\":\"https:\\\/\\\/eldigitaldeasturias.com\\\/radio\\\/category\\\/negocios\\\/#listItem\",\"position\":2,\"name\":\"Negocios\",\"item\":\"https:\\\/\\\/eldigitaldeasturias.com\\\/radio\\\/category\\\/negocios\\\/\",\"nextItem\":{\"@type\":\"ListItem\",\"@id\":\"https:\\\/\\\/eldigitaldeasturias.com\\\/radio\\\/daimler-vende-menos-camiones-en-2019\\\/#listItem\",\"name\":\"Daimler vende menos camiones en 2019\"},\"previousItem\":{\"@type\":\"ListItem\",\"@id\":\"https:\\\/\\\/eldigitaldeasturias.com\\\/radio#listItem\",\"name\":\"Inicio\"}},{\"@type\":\"ListItem\",\"@id\":\"https:\\\/\\\/eldigitaldeasturias.com\\\/radio\\\/daimler-vende-menos-camiones-en-2019\\\/#listItem\",\"position\":3,\"name\":\"Daimler vende menos camiones en 2019\",\"previousItem\":{\"@type\":\"ListItem\",\"@id\":\"https:\\\/\\\/eldigitaldeasturias.com\\\/radio\\\/category\\\/negocios\\\/#listItem\",\"name\":\"Negocios\"}}]},{\"@type\":\"NewsArticle\",\"@id\":\"https:\\\/\\\/eldigitaldeasturias.com\\\/radio\\\/daimler-vende-menos-camiones-en-2019\\\/#newsarticle\",\"name\":\"Daimler vende menos camiones en 2019 | El Digital de Asturias\",\"headline\":\"Daimler vende menos camiones en 2019\",\"author\":{\"@id\":\"https:\\\/\\\/eldigitaldeasturias.com\\\/radio\\\/author\\\/nbasturias\\\/#author\"},\"publisher\":{\"@id\":\"https:\\\/\\\/eldigitaldeasturias.com\\\/radio\\\/#organization\"},\"image\":{\"@type\":\"ImageObject\",\"url\":\"https:\\\/\\\/eldigitaldeasturias.com\\\/radio\\\/wp-content\\\/uploads\\\/2018\\\/04\\\/traffic-332857_960_720.jpg\",\"width\":960,\"height\":640},\"datePublished\":\"2020-01-04T05:48:51+01:00\",\"dateModified\":\"2020-01-04T05:48:51+01:00\",\"inLanguage\":\"es-ES\",\"mainEntityOfPage\":{\"@id\":\"https:\\\/\\\/eldigitaldeasturias.com\\\/radio\\\/daimler-vende-menos-camiones-en-2019\\\/#webpage\"},\"isPartOf\":{\"@id\":\"https:\\\/\\\/eldigitaldeasturias.com\\\/radio\\\/daimler-vende-menos-camiones-en-2019\\\/#webpage\"},\"articleSection\":\"Negocios\",\"dateline\":\"Publicado el enero 4, 2020.\"},{\"@type\":\"Organization\",\"@id\":\"https:\\\/\\\/eldigitaldeasturias.com\\\/radio\\\/#organization\",\"name\":\"El digital de Asturias Radio\",\"description\":\"Diario de informaci\\u00f3n y noticias\",\"url\":\"https:\\\/\\\/eldigitaldeasturias.com\\\/radio\\\/\",\"telephone\":\"+34652131393\",\"logo\":{\"@type\":\"ImageObject\",\"url\":\"https:\\\/\\\/www.eldigitaldeasturias.com\\\/radio\\\/wp-content\\\/uploads\\\/2021\\\/03\\\/EDA.jpg\",\"@id\":\"https:\\\/\\\/eldigitaldeasturias.com\\\/radio\\\/daimler-vende-menos-camiones-en-2019\\\/#organizationLogo\"},\"image\":{\"@id\":\"https:\\\/\\\/eldigitaldeasturias.com\\\/radio\\\/daimler-vende-menos-camiones-en-2019\\\/#organizationLogo\"},\"sameAs\":[\"https:\\\/\\\/www.facebook.com\\\/\",\"https:\\\/\\\/x.com\\\/bercodi\",\"https:\\\/\\\/www.instagram.com\\\/\",\"https:\\\/\\\/www.youtube.com\\\/channel\\\/UCZP-2wLEB9Rv6erhFmqVnvg\"]},{\"@type\":\"Person\",\"@id\":\"https:\\\/\\\/eldigitaldeasturias.com\\\/radio\\\/author\\\/nbasturias\\\/#author\",\"url\":\"https:\\\/\\\/eldigitaldeasturias.com\\\/radio\\\/author\\\/nbasturias\\\/\",\"name\":\"NBAsturias\",\"image\":{\"@type\":\"ImageObject\",\"@id\":\"https:\\\/\\\/eldigitaldeasturias.com\\\/radio\\\/daimler-vende-menos-camiones-en-2019\\\/#authorImage\",\"url\":\"https:\\\/\\\/secure.gravatar.com\\\/avatar\\\/df2aeffc32bcd13f8d26072ef8a91b623d677766deac7f97ca815868cd41bf5e?s=96&d=mm&r=g\",\"width\":96,\"height\":96,\"caption\":\"NBAsturias\"}},{\"@type\":\"WebPage\",\"@id\":\"https:\\\/\\\/eldigitaldeasturias.com\\\/radio\\\/daimler-vende-menos-camiones-en-2019\\\/#webpage\",\"url\":\"https:\\\/\\\/eldigitaldeasturias.com\\\/radio\\\/daimler-vende-menos-camiones-en-2019\\\/\",\"name\":\"Daimler vende menos camiones en 2019 | El Digital de Asturias\",\"description\":\"Stuttgart, 3 ene (dpa) \\u2013 El negocio de camiones de la automotriz alemana Daimler experiment\\u00f3 el a\\u00f1o pasado una menor demanda, particularmente en Europa y Norteam\\u00e9rica, tras un a\\u00f1o de buenas ventas en 2018, inform\\u00f3 hoy la empresa en Stuttgart. Seg\\u00fan el anuncio, en 2019 se vendieron menos veh\\u00edculos que en el a\\u00f1o precedente. Sin\",\"inLanguage\":\"es-ES\",\"isPartOf\":{\"@id\":\"https:\\\/\\\/eldigitaldeasturias.com\\\/radio\\\/#website\"},\"breadcrumb\":{\"@id\":\"https:\\\/\\\/eldigitaldeasturias.com\\\/radio\\\/daimler-vende-menos-camiones-en-2019\\\/#breadcrumblist\"},\"author\":{\"@id\":\"https:\\\/\\\/eldigitaldeasturias.com\\\/radio\\\/author\\\/nbasturias\\\/#author\"},\"creator\":{\"@id\":\"https:\\\/\\\/eldigitaldeasturias.com\\\/radio\\\/author\\\/nbasturias\\\/#author\"},\"image\":{\"@type\":\"ImageObject\",\"url\":\"https:\\\/\\\/eldigitaldeasturias.com\\\/radio\\\/wp-content\\\/uploads\\\/2018\\\/04\\\/traffic-332857_960_720.jpg\",\"@id\":\"https:\\\/\\\/eldigitaldeasturias.com\\\/radio\\\/daimler-vende-menos-camiones-en-2019\\\/#mainImage\",\"width\":960,\"height\":640},\"primaryImageOfPage\":{\"@id\":\"https:\\\/\\\/eldigitaldeasturias.com\\\/radio\\\/daimler-vende-menos-camiones-en-2019\\\/#mainImage\"},\"datePublished\":\"2020-01-04T05:48:51+01:00\",\"dateModified\":\"2020-01-04T05:48:51+01:00\"},{\"@type\":\"WebSite\",\"@id\":\"https:\\\/\\\/eldigitaldeasturias.com\\\/radio\\\/#website\",\"url\":\"https:\\\/\\\/eldigitaldeasturias.com\\\/radio\\\/\",\"name\":\"El Digital de Asturias\",\"description\":\"Diario de informaci\\u00f3n y noticias\",\"inLanguage\":\"es-ES\",\"publisher\":{\"@id\":\"https:\\\/\\\/eldigitaldeasturias.com\\\/radio\\\/#organization\"}}]}\n\t\t<\/script>\n\t\t<!-- All in One SEO Pro -->\r\n\t\t<title>Daimler vende menos camiones en 2019 | El Digital de Asturias<\/title>\n\n","aioseo_head_json":{"title":"Daimler vende menos camiones en 2019 | El Digital de Asturias","description":"Stuttgart, 3 ene (dpa) \u2013 El negocio de camiones de la automotriz alemana Daimler experiment\u00f3 el a\u00f1o pasado una menor demanda, particularmente en Europa y Norteam\u00e9rica, tras un a\u00f1o de buenas ventas en 2018, inform\u00f3 hoy la empresa en Stuttgart. Seg\u00fan el anuncio, en 2019 se vendieron menos veh\u00edculos que en el a\u00f1o precedente. Sin","canonical_url":"https:\/\/eldigitaldeasturias.com\/radio\/daimler-vende-menos-camiones-en-2019\/","robots":"max-image-preview:large","keywords":"negocios","webmasterTools":{"google-site-verification":"UA-38556648-1","miscellaneous":""},"schema":{"@context":"https:\/\/schema.org","@graph":[{"@type":"BreadcrumbList","@id":"https:\/\/eldigitaldeasturias.com\/radio\/daimler-vende-menos-camiones-en-2019\/#breadcrumblist","itemListElement":[{"@type":"ListItem","@id":"https:\/\/eldigitaldeasturias.com\/radio#listItem","position":1,"name":"Inicio","item":"https:\/\/eldigitaldeasturias.com\/radio","nextItem":{"@type":"ListItem","@id":"https:\/\/eldigitaldeasturias.com\/radio\/category\/negocios\/#listItem","name":"Negocios"}},{"@type":"ListItem","@id":"https:\/\/eldigitaldeasturias.com\/radio\/category\/negocios\/#listItem","position":2,"name":"Negocios","item":"https:\/\/eldigitaldeasturias.com\/radio\/category\/negocios\/","nextItem":{"@type":"ListItem","@id":"https:\/\/eldigitaldeasturias.com\/radio\/daimler-vende-menos-camiones-en-2019\/#listItem","name":"Daimler vende menos camiones en 2019"},"previousItem":{"@type":"ListItem","@id":"https:\/\/eldigitaldeasturias.com\/radio#listItem","name":"Inicio"}},{"@type":"ListItem","@id":"https:\/\/eldigitaldeasturias.com\/radio\/daimler-vende-menos-camiones-en-2019\/#listItem","position":3,"name":"Daimler vende menos camiones en 2019","previousItem":{"@type":"ListItem","@id":"https:\/\/eldigitaldeasturias.com\/radio\/category\/negocios\/#listItem","name":"Negocios"}}]},{"@type":"NewsArticle","@id":"https:\/\/eldigitaldeasturias.com\/radio\/daimler-vende-menos-camiones-en-2019\/#newsarticle","name":"Daimler vende menos camiones en 2019 | El Digital de Asturias","headline":"Daimler vende menos camiones en 2019","author":{"@id":"https:\/\/eldigitaldeasturias.com\/radio\/author\/nbasturias\/#author"},"publisher":{"@id":"https:\/\/eldigitaldeasturias.com\/radio\/#organization"},"image":{"@type":"ImageObject","url":"https:\/\/eldigitaldeasturias.com\/radio\/wp-content\/uploads\/2018\/04\/traffic-332857_960_720.jpg","width":960,"height":640},"datePublished":"2020-01-04T05:48:51+01:00","dateModified":"2020-01-04T05:48:51+01:00","inLanguage":"es-ES","mainEntityOfPage":{"@id":"https:\/\/eldigitaldeasturias.com\/radio\/daimler-vende-menos-camiones-en-2019\/#webpage"},"isPartOf":{"@id":"https:\/\/eldigitaldeasturias.com\/radio\/daimler-vende-menos-camiones-en-2019\/#webpage"},"articleSection":"Negocios","dateline":"Publicado el enero 4, 2020."},{"@type":"Organization","@id":"https:\/\/eldigitaldeasturias.com\/radio\/#organization","name":"El digital de Asturias Radio","description":"Diario de informaci\u00f3n y noticias","url":"https:\/\/eldigitaldeasturias.com\/radio\/","telephone":"+34652131393","logo":{"@type":"ImageObject","url":"https:\/\/www.eldigitaldeasturias.com\/radio\/wp-content\/uploads\/2021\/03\/EDA.jpg","@id":"https:\/\/eldigitaldeasturias.com\/radio\/daimler-vende-menos-camiones-en-2019\/#organizationLogo"},"image":{"@id":"https:\/\/eldigitaldeasturias.com\/radio\/daimler-vende-menos-camiones-en-2019\/#organizationLogo"},"sameAs":["https:\/\/www.facebook.com\/","https:\/\/x.com\/bercodi","https:\/\/www.instagram.com\/","https:\/\/www.youtube.com\/channel\/UCZP-2wLEB9Rv6erhFmqVnvg"]},{"@type":"Person","@id":"https:\/\/eldigitaldeasturias.com\/radio\/author\/nbasturias\/#author","url":"https:\/\/eldigitaldeasturias.com\/radio\/author\/nbasturias\/","name":"NBAsturias","image":{"@type":"ImageObject","@id":"https:\/\/eldigitaldeasturias.com\/radio\/daimler-vende-menos-camiones-en-2019\/#authorImage","url":"https:\/\/secure.gravatar.com\/avatar\/df2aeffc32bcd13f8d26072ef8a91b623d677766deac7f97ca815868cd41bf5e?s=96&d=mm&r=g","width":96,"height":96,"caption":"NBAsturias"}},{"@type":"WebPage","@id":"https:\/\/eldigitaldeasturias.com\/radio\/daimler-vende-menos-camiones-en-2019\/#webpage","url":"https:\/\/eldigitaldeasturias.com\/radio\/daimler-vende-menos-camiones-en-2019\/","name":"Daimler vende menos camiones en 2019 | El Digital de Asturias","description":"Stuttgart, 3 ene (dpa) \u2013 El negocio de camiones de la automotriz alemana Daimler experiment\u00f3 el a\u00f1o pasado una menor demanda, particularmente en Europa y Norteam\u00e9rica, tras un a\u00f1o de buenas ventas en 2018, inform\u00f3 hoy la empresa en Stuttgart. Seg\u00fan el anuncio, en 2019 se vendieron menos veh\u00edculos que en el a\u00f1o precedente. Sin","inLanguage":"es-ES","isPartOf":{"@id":"https:\/\/eldigitaldeasturias.com\/radio\/#website"},"breadcrumb":{"@id":"https:\/\/eldigitaldeasturias.com\/radio\/daimler-vende-menos-camiones-en-2019\/#breadcrumblist"},"author":{"@id":"https:\/\/eldigitaldeasturias.com\/radio\/author\/nbasturias\/#author"},"creator":{"@id":"https:\/\/eldigitaldeasturias.com\/radio\/author\/nbasturias\/#author"},"image":{"@type":"ImageObject","url":"https:\/\/eldigitaldeasturias.com\/radio\/wp-content\/uploads\/2018\/04\/traffic-332857_960_720.jpg","@id":"https:\/\/eldigitaldeasturias.com\/radio\/daimler-vende-menos-camiones-en-2019\/#mainImage","width":960,"height":640},"primaryImageOfPage":{"@id":"https:\/\/eldigitaldeasturias.com\/radio\/daimler-vende-menos-camiones-en-2019\/#mainImage"},"datePublished":"2020-01-04T05:48:51+01:00","dateModified":"2020-01-04T05:48:51+01:00"},{"@type":"WebSite","@id":"https:\/\/eldigitaldeasturias.com\/radio\/#website","url":"https:\/\/eldigitaldeasturias.com\/radio\/","name":"El Digital de Asturias","description":"Diario de informaci\u00f3n y noticias","inLanguage":"es-ES","publisher":{"@id":"https:\/\/eldigitaldeasturias.com\/radio\/#organization"}}]},"og:locale":"es_ES","og:site_name":"El Digital de Asturias | Diario de informaci\u00f3n y noticias","og:type":"article","og:title":"Daimler vende menos camiones en 2019 | El Digital de Asturias","og:description":"Stuttgart, 3 ene (dpa) \u2013 El negocio de camiones de la automotriz alemana Daimler experiment\u00f3 el a\u00f1o pasado una menor demanda, particularmente en Europa y Norteam\u00e9rica, tras un a\u00f1o de buenas ventas en 2018, inform\u00f3 hoy la empresa en Stuttgart. Seg\u00fan el anuncio, en 2019 se vendieron menos veh\u00edculos que en el a\u00f1o precedente. Sin","og:url":"https:\/\/eldigitaldeasturias.com\/radio\/daimler-vende-menos-camiones-en-2019\/","og:image":"https:\/\/eldigitaldeasturias.com\/radio\/wp-content\/uploads\/2018\/04\/traffic-332857_960_720.jpg","og:image:secure_url":"https:\/\/eldigitaldeasturias.com\/radio\/wp-content\/uploads\/2018\/04\/traffic-332857_960_720.jpg","og:image:width":960,"og:image:height":640,"article:published_time":"2020-01-04T05:48:51+00:00","article:modified_time":"2020-01-04T05:48:51+00:00","twitter:card":"summary_large_image","twitter:site":"@bercodi","twitter:title":"Daimler vende menos camiones en 2019 | El Digital de Asturias","twitter:description":"Stuttgart, 3 ene (dpa) \u2013 El negocio de camiones de la automotriz alemana Daimler experiment\u00f3 el a\u00f1o pasado una menor demanda, particularmente en Europa y Norteam\u00e9rica, tras un a\u00f1o de buenas ventas en 2018, inform\u00f3 hoy la empresa en Stuttgart. Seg\u00fan el anuncio, en 2019 se vendieron menos veh\u00edculos que en el a\u00f1o precedente. Sin","twitter:creator":"@bercodi","twitter:image":"https:\/\/eldigitaldeasturias.com\/radio\/wp-content\/uploads\/2018\/04\/traffic-332857_960_720.jpg"},"aioseo_meta_data":{"post_id":"3810","title":null,"description":null,"keywords":null,"keyphrases":null,"primary_term":null,"canonical_url":null,"og_title":null,"og_description":null,"og_object_type":"default","og_image_type":"default","og_image_url":null,"og_image_width":null,"og_image_height":null,"og_image_custom_url":null,"og_image_custom_fields":null,"og_video":null,"og_custom_url":null,"og_article_section":null,"og_article_tags":null,"twitter_use_og":false,"twitter_card":"default","twitter_image_type":"default","twitter_image_url":null,"twitter_image_custom_url":null,"twitter_image_custom_fields":null,"twitter_title":null,"twitter_description":null,"schema":{"blockGraphs":[],"customGraphs":[],"default":{"data":{"Article":[],"Course":[],"Dataset":[],"FAQPage":[],"Movie":[],"Person":[],"Product":[],"ProductReview":[],"Car":[],"Recipe":[],"Service":[],"SoftwareApplication":[],"WebPage":[]},"graphName":"","isEnabled":true},"graphs":[],"defaultGraph":"","defaultPostTypeGraph":""},"schema_type":null,"schema_type_options":null,"pillar_content":false,"robots_default":true,"robots_noindex":false,"robots_noarchive":false,"robots_nosnippet":false,"robots_nofollow":false,"robots_noimageindex":false,"robots_noodp":false,"robots_notranslate":false,"robots_max_snippet":null,"robots_max_videopreview":null,"robots_max_imagepreview":"large","priority":null,"frequency":null,"location":null,"local_seo":null,"seo_analyzer_scan_date":"2025-08-28 14:51:28","breadcrumb_settings":null,"limit_modified_date":false,"open_ai":null,"ai":null,"created":"2021-03-25 20:33:52","updated":"2025-08-28 14:51:28"},"aioseo_breadcrumb":"<div class=\"aioseo-breadcrumbs\"><span class=\"aioseo-breadcrumb\">\n\t<a href=\"https:\/\/eldigitaldeasturias.com\/radio\" title=\"Inicio\">Inicio<\/a>\n<\/span><span class=\"aioseo-breadcrumb-separator\">&ndash;<\/span><span class=\"aioseo-breadcrumb\">\n\t<a href=\"https:\/\/eldigitaldeasturias.com\/radio\/category\/negocios\/\" title=\"Negocios\">Negocios<\/a>\n<\/span><span class=\"aioseo-breadcrumb-separator\">&ndash;<\/span><span class=\"aioseo-breadcrumb\">\n\tDaimler vende menos camiones en 2019\n<\/span><\/div>","aioseo_breadcrumb_json":[{"label":"Inicio","link":"https:\/\/eldigitaldeasturias.com\/radio"},{"label":"Negocios","link":"https:\/\/eldigitaldeasturias.com\/radio\/category\/negocios\/"},{"label":"Daimler vende menos camiones en 2019","link":"https:\/\/eldigitaldeasturias.com\/radio\/daimler-vende-menos-camiones-en-2019\/"}],"_links":{"self":[{"href":"https:\/\/eldigitaldeasturias.com\/radio\/wp-json\/wp\/v2\/posts\/3810","targetHints":{"allow":["GET"]}}],"collection":[{"href":"https:\/\/eldigitaldeasturias.com\/radio\/wp-json\/wp\/v2\/posts"}],"about":[{"href":"https:\/\/eldigitaldeasturias.com\/radio\/wp-json\/wp\/v2\/types\/post"}],"author":[{"embeddable":true,"href":"https:\/\/eldigitaldeasturias.com\/radio\/wp-json\/wp\/v2\/users\/1"}],"replies":[{"embeddable":true,"href":"https:\/\/eldigitaldeasturias.com\/radio\/wp-json\/wp\/v2\/comments?post=3810"}],"version-history":[{"count":0,"href":"https:\/\/eldigitaldeasturias.com\/radio\/wp-json\/wp\/v2\/posts\/3810\/revisions"}],"wp:featuredmedia":[{"embeddable":true,"href":"https:\/\/eldigitaldeasturias.com\/radio\/wp-json\/wp\/v2\/media\/791"}],"wp:attachment":[{"href":"https:\/\/eldigitaldeasturias.com\/radio\/wp-json\/wp\/v2\/media?parent=3810"}],"wp:term":[{"taxonomy":"category","embeddable":true,"href":"https:\/\/eldigitaldeasturias.com\/radio\/wp-json\/wp\/v2\/categories?post=3810"},{"taxonomy":"post_tag","embeddable":true,"href":"https:\/\/eldigitaldeasturias.com\/radio\/wp-json\/wp\/v2\/tags?post=3810"}],"curies":[{"name":"wp","href":"https:\/\/api.w.org\/{rel}","templated":true}]}}