{"id":3805,"date":"2020-01-04T05:25:49","date_gmt":"2020-01-04T05:25:49","guid":{"rendered":"http:\/\/www.eldigitaldeasturias.com\/radio\/?p=3805"},"modified":"2020-01-04T05:25:49","modified_gmt":"2020-01-04T05:25:49","slug":"empresas-alemanas-seguiran-tendencia-a-la-baja-en-2020","status":"publish","type":"post","link":"https:\/\/eldigitaldeasturias.com\/radio\/empresas-alemanas-seguiran-tendencia-a-la-baja-en-2020\/","title":{"rendered":"Empresas alemanas seguir\u00e1n tendencia a la baja en 2020"},"content":{"rendered":"<p><img fetchpriority=\"high\" decoding=\"async\" class=\"alignleft size-medium wp-image-1471\" src=\"http:\/\/www.eldigitaldeasturias.com\/radio\/wp-content\/uploads\/2018\/10\/money-1005477_960_720-360x240.jpg\" alt=\"\" width=\"360\" height=\"240\" srcset=\"https:\/\/eldigitaldeasturias.com\/radio\/wp-content\/uploads\/2018\/10\/money-1005477_960_720-360x240.jpg 360w, https:\/\/eldigitaldeasturias.com\/radio\/wp-content\/uploads\/2018\/10\/money-1005477_960_720-768x512.jpg 768w, https:\/\/eldigitaldeasturias.com\/radio\/wp-content\/uploads\/2018\/10\/money-1005477_960_720.jpg 960w\" sizes=\"(max-width: 360px) 100vw, 360px\" \/>Fr\u00e1ncfort, 3 ene (dpa) &#8211; Las principales empresas alemanas se enfrentaron a una coyuntura dif\u00edcil el a\u00f1o pasado y parece que en 2020 esta tendencia seguir\u00e1, seg\u00fan la empresa de consultor\u00eda y auditor\u00eda EY.<\/p>\n<p>El resultado operativo antes de intereses e impuestos (Ebit) de los 100 grupos m\u00e1s fuertes que cotizan en bolsa experiment\u00f3 entre enero y finales de septiembre de 2019 un claro decrecimiento en comparaci\u00f3n con el mismo per\u00edodo del a\u00f1o anterior.<\/p>\n<p>Se tratar\u00eda de una reducci\u00f3n del 19 por ciento, lo que supone alrededor de 81.000 millones de euros (90.245 millones de d\u00f3lares), seg\u00fan los c\u00e1lculos de EY. El a\u00f1o anterior ya se produjo un descenso del siete por ciento.<\/p>\n<p>Seg\u00fan las cifras, 53 empresas registraron una ca\u00edda en sus beneficios, aunque las ventas mostraron una mejora significativa. Seg\u00fan EY, los ingresos aumentaron un cuatro por ciento, hasta alcanzar casi 1,3 billones de euros. Y tres de cada cuatro empresas lograron un aumento de la facturaci\u00f3n.<\/p>\n<p>\u00abLa relajaci\u00f3n de los conflictos comerciales internacionales que se est\u00e1 produciendo en la actualidad podr\u00eda dar lugar a nuevos impulsos de crecimiento a partir del segundo semestre\u00bb, pronostica Mathieu Meyer, directivo de EY.<\/p>\n","protected":false},"excerpt":{"rendered":"<p>Fr\u00e1ncfort, 3 ene (dpa) &#8211; Las principales empresas alemanas se enfrentaron a una coyuntura dif\u00edcil el a\u00f1o pasado y parece que en 2020 esta tendencia seguir\u00e1, seg\u00fan la empresa de consultor\u00eda y auditor\u00eda EY. El resultado operativo antes de intereses e impuestos (Ebit) de los 100 grupos m\u00e1s fuertes que cotizan en bolsa experiment\u00f3 entre<\/p>\n","protected":false},"author":1,"featured_media":1471,"comment_status":"closed","ping_status":"closed","sticky":false,"template":"","format":"standard","meta":{"footnotes":""},"categories":[35],"tags":[],"class_list":{"0":"post-3805","1":"post","2":"type-post","3":"status-publish","4":"format-standard","5":"has-post-thumbnail","7":"category-negocios"},"aioseo_notices":[],"aioseo_head":"\n\t\t<!-- All in One SEO Pro 4.9.6.2 - aioseo.com -->\n\t<meta name=\"description\" content=\"Fr\u00e1ncfort, 3 ene (dpa) - Las principales empresas alemanas se enfrentaron a una coyuntura dif\u00edcil el a\u00f1o pasado y parece que en 2020 esta tendencia seguir\u00e1, seg\u00fan la empresa de consultor\u00eda y auditor\u00eda EY. El resultado operativo antes de intereses e impuestos (Ebit) de los 100 grupos m\u00e1s fuertes que cotizan en bolsa experiment\u00f3 entre\" \/>\n\t<meta name=\"robots\" content=\"max-image-preview:large\" \/>\n\t<meta name=\"author\" content=\"NBAsturias\"\/>\n\t<meta name=\"google-site-verification\" content=\"UA-38556648-1\" \/>\n\t<meta name=\"keywords\" content=\"negocios\" \/>\n\t<link rel=\"canonical\" href=\"https:\/\/eldigitaldeasturias.com\/radio\/empresas-alemanas-seguiran-tendencia-a-la-baja-en-2020\/\" \/>\n\t<meta name=\"generator\" content=\"All in One SEO Pro (AIOSEO) 4.9.6.2\" \/>\n\t\t<meta property=\"og:locale\" content=\"es_ES\" \/>\n\t\t<meta property=\"og:site_name\" content=\"El Digital de Asturias | Diario de informaci\u00f3n y noticias\" \/>\n\t\t<meta property=\"og:type\" content=\"article\" \/>\n\t\t<meta property=\"og:title\" content=\"Empresas alemanas seguir\u00e1n tendencia a la baja en 2020 | El Digital de Asturias\" \/>\n\t\t<meta property=\"og:description\" content=\"Fr\u00e1ncfort, 3 ene (dpa) - Las principales empresas alemanas se enfrentaron a una coyuntura dif\u00edcil el a\u00f1o pasado y parece que en 2020 esta tendencia seguir\u00e1, seg\u00fan la empresa de consultor\u00eda y auditor\u00eda EY. El resultado operativo antes de intereses e impuestos (Ebit) de los 100 grupos m\u00e1s fuertes que cotizan en bolsa experiment\u00f3 entre\" \/>\n\t\t<meta property=\"og:url\" content=\"https:\/\/eldigitaldeasturias.com\/radio\/empresas-alemanas-seguiran-tendencia-a-la-baja-en-2020\/\" \/>\n\t\t<meta property=\"og:image\" content=\"https:\/\/eldigitaldeasturias.com\/radio\/wp-content\/uploads\/2018\/10\/money-1005477_960_720.jpg\" \/>\n\t\t<meta property=\"og:image:secure_url\" content=\"https:\/\/eldigitaldeasturias.com\/radio\/wp-content\/uploads\/2018\/10\/money-1005477_960_720.jpg\" \/>\n\t\t<meta property=\"og:image:width\" content=\"960\" \/>\n\t\t<meta property=\"og:image:height\" content=\"640\" \/>\n\t\t<meta property=\"article:published_time\" content=\"2020-01-04T05:25:49+00:00\" \/>\n\t\t<meta property=\"article:modified_time\" content=\"2020-01-04T05:25:49+00:00\" \/>\n\t\t<meta name=\"twitter:card\" content=\"summary_large_image\" \/>\n\t\t<meta name=\"twitter:site\" content=\"@bercodi\" \/>\n\t\t<meta name=\"twitter:title\" content=\"Empresas alemanas seguir\u00e1n tendencia a la baja en 2020 | El Digital de Asturias\" \/>\n\t\t<meta name=\"twitter:description\" content=\"Fr\u00e1ncfort, 3 ene (dpa) - Las principales empresas alemanas se enfrentaron a una coyuntura dif\u00edcil el a\u00f1o pasado y parece que en 2020 esta tendencia seguir\u00e1, seg\u00fan la empresa de consultor\u00eda y auditor\u00eda EY. El resultado operativo antes de intereses e impuestos (Ebit) de los 100 grupos m\u00e1s fuertes que cotizan en bolsa experiment\u00f3 entre\" \/>\n\t\t<meta name=\"twitter:creator\" content=\"@bercodi\" \/>\n\t\t<meta name=\"twitter:image\" content=\"https:\/\/eldigitaldeasturias.com\/radio\/wp-content\/uploads\/2018\/10\/money-1005477_960_720.jpg\" \/>\n\t\t<script type=\"application\/ld+json\" class=\"aioseo-schema\">\n\t\t\t{\"@context\":\"https:\\\/\\\/schema.org\",\"@graph\":[{\"@type\":\"BreadcrumbList\",\"@id\":\"https:\\\/\\\/eldigitaldeasturias.com\\\/radio\\\/empresas-alemanas-seguiran-tendencia-a-la-baja-en-2020\\\/#breadcrumblist\",\"itemListElement\":[{\"@type\":\"ListItem\",\"@id\":\"https:\\\/\\\/eldigitaldeasturias.com\\\/radio#listItem\",\"position\":1,\"name\":\"Inicio\",\"item\":\"https:\\\/\\\/eldigitaldeasturias.com\\\/radio\",\"nextItem\":{\"@type\":\"ListItem\",\"@id\":\"https:\\\/\\\/eldigitaldeasturias.com\\\/radio\\\/category\\\/negocios\\\/#listItem\",\"name\":\"Negocios\"}},{\"@type\":\"ListItem\",\"@id\":\"https:\\\/\\\/eldigitaldeasturias.com\\\/radio\\\/category\\\/negocios\\\/#listItem\",\"position\":2,\"name\":\"Negocios\",\"item\":\"https:\\\/\\\/eldigitaldeasturias.com\\\/radio\\\/category\\\/negocios\\\/\",\"nextItem\":{\"@type\":\"ListItem\",\"@id\":\"https:\\\/\\\/eldigitaldeasturias.com\\\/radio\\\/empresas-alemanas-seguiran-tendencia-a-la-baja-en-2020\\\/#listItem\",\"name\":\"Empresas alemanas seguir\\u00e1n tendencia a la baja en 2020\"},\"previousItem\":{\"@type\":\"ListItem\",\"@id\":\"https:\\\/\\\/eldigitaldeasturias.com\\\/radio#listItem\",\"name\":\"Inicio\"}},{\"@type\":\"ListItem\",\"@id\":\"https:\\\/\\\/eldigitaldeasturias.com\\\/radio\\\/empresas-alemanas-seguiran-tendencia-a-la-baja-en-2020\\\/#listItem\",\"position\":3,\"name\":\"Empresas alemanas seguir\\u00e1n tendencia a la baja en 2020\",\"previousItem\":{\"@type\":\"ListItem\",\"@id\":\"https:\\\/\\\/eldigitaldeasturias.com\\\/radio\\\/category\\\/negocios\\\/#listItem\",\"name\":\"Negocios\"}}]},{\"@type\":\"NewsArticle\",\"@id\":\"https:\\\/\\\/eldigitaldeasturias.com\\\/radio\\\/empresas-alemanas-seguiran-tendencia-a-la-baja-en-2020\\\/#newsarticle\",\"name\":\"Empresas alemanas seguir\\u00e1n tendencia a la baja en 2020 | El Digital de Asturias\",\"headline\":\"Empresas alemanas seguir\\u00e1n tendencia a la baja en 2020\",\"author\":{\"@id\":\"https:\\\/\\\/eldigitaldeasturias.com\\\/radio\\\/author\\\/nbasturias\\\/#author\"},\"publisher\":{\"@id\":\"https:\\\/\\\/eldigitaldeasturias.com\\\/radio\\\/#organization\"},\"image\":{\"@type\":\"ImageObject\",\"url\":\"https:\\\/\\\/eldigitaldeasturias.com\\\/radio\\\/wp-content\\\/uploads\\\/2018\\\/10\\\/money-1005477_960_720.jpg\",\"width\":960,\"height\":640},\"datePublished\":\"2020-01-04T05:25:49+01:00\",\"dateModified\":\"2020-01-04T05:25:49+01:00\",\"inLanguage\":\"es-ES\",\"mainEntityOfPage\":{\"@id\":\"https:\\\/\\\/eldigitaldeasturias.com\\\/radio\\\/empresas-alemanas-seguiran-tendencia-a-la-baja-en-2020\\\/#webpage\"},\"isPartOf\":{\"@id\":\"https:\\\/\\\/eldigitaldeasturias.com\\\/radio\\\/empresas-alemanas-seguiran-tendencia-a-la-baja-en-2020\\\/#webpage\"},\"articleSection\":\"Negocios\",\"dateline\":\"Publicado el enero 4, 2020.\"},{\"@type\":\"Organization\",\"@id\":\"https:\\\/\\\/eldigitaldeasturias.com\\\/radio\\\/#organization\",\"name\":\"El digital de Asturias Radio\",\"description\":\"Diario de informaci\\u00f3n y noticias\",\"url\":\"https:\\\/\\\/eldigitaldeasturias.com\\\/radio\\\/\",\"telephone\":\"+34652131393\",\"logo\":{\"@type\":\"ImageObject\",\"url\":\"https:\\\/\\\/www.eldigitaldeasturias.com\\\/radio\\\/wp-content\\\/uploads\\\/2021\\\/03\\\/EDA.jpg\",\"@id\":\"https:\\\/\\\/eldigitaldeasturias.com\\\/radio\\\/empresas-alemanas-seguiran-tendencia-a-la-baja-en-2020\\\/#organizationLogo\"},\"image\":{\"@id\":\"https:\\\/\\\/eldigitaldeasturias.com\\\/radio\\\/empresas-alemanas-seguiran-tendencia-a-la-baja-en-2020\\\/#organizationLogo\"},\"sameAs\":[\"https:\\\/\\\/www.facebook.com\\\/\",\"https:\\\/\\\/x.com\\\/bercodi\",\"https:\\\/\\\/www.instagram.com\\\/\",\"https:\\\/\\\/www.youtube.com\\\/channel\\\/UCZP-2wLEB9Rv6erhFmqVnvg\"]},{\"@type\":\"Person\",\"@id\":\"https:\\\/\\\/eldigitaldeasturias.com\\\/radio\\\/author\\\/nbasturias\\\/#author\",\"url\":\"https:\\\/\\\/eldigitaldeasturias.com\\\/radio\\\/author\\\/nbasturias\\\/\",\"name\":\"NBAsturias\",\"image\":{\"@type\":\"ImageObject\",\"@id\":\"https:\\\/\\\/eldigitaldeasturias.com\\\/radio\\\/empresas-alemanas-seguiran-tendencia-a-la-baja-en-2020\\\/#authorImage\",\"url\":\"https:\\\/\\\/secure.gravatar.com\\\/avatar\\\/df2aeffc32bcd13f8d26072ef8a91b623d677766deac7f97ca815868cd41bf5e?s=96&d=mm&r=g\",\"width\":96,\"height\":96,\"caption\":\"NBAsturias\"}},{\"@type\":\"WebPage\",\"@id\":\"https:\\\/\\\/eldigitaldeasturias.com\\\/radio\\\/empresas-alemanas-seguiran-tendencia-a-la-baja-en-2020\\\/#webpage\",\"url\":\"https:\\\/\\\/eldigitaldeasturias.com\\\/radio\\\/empresas-alemanas-seguiran-tendencia-a-la-baja-en-2020\\\/\",\"name\":\"Empresas alemanas seguir\\u00e1n tendencia a la baja en 2020 | El Digital de Asturias\",\"description\":\"Fr\\u00e1ncfort, 3 ene (dpa) - Las principales empresas alemanas se enfrentaron a una coyuntura dif\\u00edcil el a\\u00f1o pasado y parece que en 2020 esta tendencia seguir\\u00e1, seg\\u00fan la empresa de consultor\\u00eda y auditor\\u00eda EY. El resultado operativo antes de intereses e impuestos (Ebit) de los 100 grupos m\\u00e1s fuertes que cotizan en bolsa experiment\\u00f3 entre\",\"inLanguage\":\"es-ES\",\"isPartOf\":{\"@id\":\"https:\\\/\\\/eldigitaldeasturias.com\\\/radio\\\/#website\"},\"breadcrumb\":{\"@id\":\"https:\\\/\\\/eldigitaldeasturias.com\\\/radio\\\/empresas-alemanas-seguiran-tendencia-a-la-baja-en-2020\\\/#breadcrumblist\"},\"author\":{\"@id\":\"https:\\\/\\\/eldigitaldeasturias.com\\\/radio\\\/author\\\/nbasturias\\\/#author\"},\"creator\":{\"@id\":\"https:\\\/\\\/eldigitaldeasturias.com\\\/radio\\\/author\\\/nbasturias\\\/#author\"},\"image\":{\"@type\":\"ImageObject\",\"url\":\"https:\\\/\\\/eldigitaldeasturias.com\\\/radio\\\/wp-content\\\/uploads\\\/2018\\\/10\\\/money-1005477_960_720.jpg\",\"@id\":\"https:\\\/\\\/eldigitaldeasturias.com\\\/radio\\\/empresas-alemanas-seguiran-tendencia-a-la-baja-en-2020\\\/#mainImage\",\"width\":960,\"height\":640},\"primaryImageOfPage\":{\"@id\":\"https:\\\/\\\/eldigitaldeasturias.com\\\/radio\\\/empresas-alemanas-seguiran-tendencia-a-la-baja-en-2020\\\/#mainImage\"},\"datePublished\":\"2020-01-04T05:25:49+01:00\",\"dateModified\":\"2020-01-04T05:25:49+01:00\"},{\"@type\":\"WebSite\",\"@id\":\"https:\\\/\\\/eldigitaldeasturias.com\\\/radio\\\/#website\",\"url\":\"https:\\\/\\\/eldigitaldeasturias.com\\\/radio\\\/\",\"name\":\"El Digital de Asturias\",\"description\":\"Diario de informaci\\u00f3n y noticias\",\"inLanguage\":\"es-ES\",\"publisher\":{\"@id\":\"https:\\\/\\\/eldigitaldeasturias.com\\\/radio\\\/#organization\"}}]}\n\t\t<\/script>\n\t\t<!-- All in One SEO Pro -->\r\n\t\t<title>Empresas alemanas seguir\u00e1n tendencia a la baja en 2020 | El Digital de Asturias<\/title>\n\n","aioseo_head_json":{"title":"Empresas alemanas seguir\u00e1n tendencia a la baja en 2020 | El Digital de Asturias","description":"Fr\u00e1ncfort, 3 ene (dpa) - Las principales empresas alemanas se enfrentaron a una coyuntura dif\u00edcil el a\u00f1o pasado y parece que en 2020 esta tendencia seguir\u00e1, seg\u00fan la empresa de consultor\u00eda y auditor\u00eda EY. El resultado operativo antes de intereses e impuestos (Ebit) de los 100 grupos m\u00e1s fuertes que cotizan en bolsa experiment\u00f3 entre","canonical_url":"https:\/\/eldigitaldeasturias.com\/radio\/empresas-alemanas-seguiran-tendencia-a-la-baja-en-2020\/","robots":"max-image-preview:large","keywords":"negocios","webmasterTools":{"google-site-verification":"UA-38556648-1","miscellaneous":""},"schema":{"@context":"https:\/\/schema.org","@graph":[{"@type":"BreadcrumbList","@id":"https:\/\/eldigitaldeasturias.com\/radio\/empresas-alemanas-seguiran-tendencia-a-la-baja-en-2020\/#breadcrumblist","itemListElement":[{"@type":"ListItem","@id":"https:\/\/eldigitaldeasturias.com\/radio#listItem","position":1,"name":"Inicio","item":"https:\/\/eldigitaldeasturias.com\/radio","nextItem":{"@type":"ListItem","@id":"https:\/\/eldigitaldeasturias.com\/radio\/category\/negocios\/#listItem","name":"Negocios"}},{"@type":"ListItem","@id":"https:\/\/eldigitaldeasturias.com\/radio\/category\/negocios\/#listItem","position":2,"name":"Negocios","item":"https:\/\/eldigitaldeasturias.com\/radio\/category\/negocios\/","nextItem":{"@type":"ListItem","@id":"https:\/\/eldigitaldeasturias.com\/radio\/empresas-alemanas-seguiran-tendencia-a-la-baja-en-2020\/#listItem","name":"Empresas alemanas seguir\u00e1n tendencia a la baja en 2020"},"previousItem":{"@type":"ListItem","@id":"https:\/\/eldigitaldeasturias.com\/radio#listItem","name":"Inicio"}},{"@type":"ListItem","@id":"https:\/\/eldigitaldeasturias.com\/radio\/empresas-alemanas-seguiran-tendencia-a-la-baja-en-2020\/#listItem","position":3,"name":"Empresas alemanas seguir\u00e1n tendencia a la baja en 2020","previousItem":{"@type":"ListItem","@id":"https:\/\/eldigitaldeasturias.com\/radio\/category\/negocios\/#listItem","name":"Negocios"}}]},{"@type":"NewsArticle","@id":"https:\/\/eldigitaldeasturias.com\/radio\/empresas-alemanas-seguiran-tendencia-a-la-baja-en-2020\/#newsarticle","name":"Empresas alemanas seguir\u00e1n tendencia a la baja en 2020 | El Digital de Asturias","headline":"Empresas alemanas seguir\u00e1n tendencia a la baja en 2020","author":{"@id":"https:\/\/eldigitaldeasturias.com\/radio\/author\/nbasturias\/#author"},"publisher":{"@id":"https:\/\/eldigitaldeasturias.com\/radio\/#organization"},"image":{"@type":"ImageObject","url":"https:\/\/eldigitaldeasturias.com\/radio\/wp-content\/uploads\/2018\/10\/money-1005477_960_720.jpg","width":960,"height":640},"datePublished":"2020-01-04T05:25:49+01:00","dateModified":"2020-01-04T05:25:49+01:00","inLanguage":"es-ES","mainEntityOfPage":{"@id":"https:\/\/eldigitaldeasturias.com\/radio\/empresas-alemanas-seguiran-tendencia-a-la-baja-en-2020\/#webpage"},"isPartOf":{"@id":"https:\/\/eldigitaldeasturias.com\/radio\/empresas-alemanas-seguiran-tendencia-a-la-baja-en-2020\/#webpage"},"articleSection":"Negocios","dateline":"Publicado el enero 4, 2020."},{"@type":"Organization","@id":"https:\/\/eldigitaldeasturias.com\/radio\/#organization","name":"El digital de Asturias Radio","description":"Diario de informaci\u00f3n y noticias","url":"https:\/\/eldigitaldeasturias.com\/radio\/","telephone":"+34652131393","logo":{"@type":"ImageObject","url":"https:\/\/www.eldigitaldeasturias.com\/radio\/wp-content\/uploads\/2021\/03\/EDA.jpg","@id":"https:\/\/eldigitaldeasturias.com\/radio\/empresas-alemanas-seguiran-tendencia-a-la-baja-en-2020\/#organizationLogo"},"image":{"@id":"https:\/\/eldigitaldeasturias.com\/radio\/empresas-alemanas-seguiran-tendencia-a-la-baja-en-2020\/#organizationLogo"},"sameAs":["https:\/\/www.facebook.com\/","https:\/\/x.com\/bercodi","https:\/\/www.instagram.com\/","https:\/\/www.youtube.com\/channel\/UCZP-2wLEB9Rv6erhFmqVnvg"]},{"@type":"Person","@id":"https:\/\/eldigitaldeasturias.com\/radio\/author\/nbasturias\/#author","url":"https:\/\/eldigitaldeasturias.com\/radio\/author\/nbasturias\/","name":"NBAsturias","image":{"@type":"ImageObject","@id":"https:\/\/eldigitaldeasturias.com\/radio\/empresas-alemanas-seguiran-tendencia-a-la-baja-en-2020\/#authorImage","url":"https:\/\/secure.gravatar.com\/avatar\/df2aeffc32bcd13f8d26072ef8a91b623d677766deac7f97ca815868cd41bf5e?s=96&d=mm&r=g","width":96,"height":96,"caption":"NBAsturias"}},{"@type":"WebPage","@id":"https:\/\/eldigitaldeasturias.com\/radio\/empresas-alemanas-seguiran-tendencia-a-la-baja-en-2020\/#webpage","url":"https:\/\/eldigitaldeasturias.com\/radio\/empresas-alemanas-seguiran-tendencia-a-la-baja-en-2020\/","name":"Empresas alemanas seguir\u00e1n tendencia a la baja en 2020 | El Digital de Asturias","description":"Fr\u00e1ncfort, 3 ene (dpa) - Las principales empresas alemanas se enfrentaron a una coyuntura dif\u00edcil el a\u00f1o pasado y parece que en 2020 esta tendencia seguir\u00e1, seg\u00fan la empresa de consultor\u00eda y auditor\u00eda EY. El resultado operativo antes de intereses e impuestos (Ebit) de los 100 grupos m\u00e1s fuertes que cotizan en bolsa experiment\u00f3 entre","inLanguage":"es-ES","isPartOf":{"@id":"https:\/\/eldigitaldeasturias.com\/radio\/#website"},"breadcrumb":{"@id":"https:\/\/eldigitaldeasturias.com\/radio\/empresas-alemanas-seguiran-tendencia-a-la-baja-en-2020\/#breadcrumblist"},"author":{"@id":"https:\/\/eldigitaldeasturias.com\/radio\/author\/nbasturias\/#author"},"creator":{"@id":"https:\/\/eldigitaldeasturias.com\/radio\/author\/nbasturias\/#author"},"image":{"@type":"ImageObject","url":"https:\/\/eldigitaldeasturias.com\/radio\/wp-content\/uploads\/2018\/10\/money-1005477_960_720.jpg","@id":"https:\/\/eldigitaldeasturias.com\/radio\/empresas-alemanas-seguiran-tendencia-a-la-baja-en-2020\/#mainImage","width":960,"height":640},"primaryImageOfPage":{"@id":"https:\/\/eldigitaldeasturias.com\/radio\/empresas-alemanas-seguiran-tendencia-a-la-baja-en-2020\/#mainImage"},"datePublished":"2020-01-04T05:25:49+01:00","dateModified":"2020-01-04T05:25:49+01:00"},{"@type":"WebSite","@id":"https:\/\/eldigitaldeasturias.com\/radio\/#website","url":"https:\/\/eldigitaldeasturias.com\/radio\/","name":"El Digital de Asturias","description":"Diario de informaci\u00f3n y noticias","inLanguage":"es-ES","publisher":{"@id":"https:\/\/eldigitaldeasturias.com\/radio\/#organization"}}]},"og:locale":"es_ES","og:site_name":"El Digital de Asturias | Diario de informaci\u00f3n y noticias","og:type":"article","og:title":"Empresas alemanas seguir\u00e1n tendencia a la baja en 2020 | El Digital de Asturias","og:description":"Fr\u00e1ncfort, 3 ene (dpa) - Las principales empresas alemanas se enfrentaron a una coyuntura dif\u00edcil el a\u00f1o pasado y parece que en 2020 esta tendencia seguir\u00e1, seg\u00fan la empresa de consultor\u00eda y auditor\u00eda EY. El resultado operativo antes de intereses e impuestos (Ebit) de los 100 grupos m\u00e1s fuertes que cotizan en bolsa experiment\u00f3 entre","og:url":"https:\/\/eldigitaldeasturias.com\/radio\/empresas-alemanas-seguiran-tendencia-a-la-baja-en-2020\/","og:image":"https:\/\/eldigitaldeasturias.com\/radio\/wp-content\/uploads\/2018\/10\/money-1005477_960_720.jpg","og:image:secure_url":"https:\/\/eldigitaldeasturias.com\/radio\/wp-content\/uploads\/2018\/10\/money-1005477_960_720.jpg","og:image:width":960,"og:image:height":640,"article:published_time":"2020-01-04T05:25:49+00:00","article:modified_time":"2020-01-04T05:25:49+00:00","twitter:card":"summary_large_image","twitter:site":"@bercodi","twitter:title":"Empresas alemanas seguir\u00e1n tendencia a la baja en 2020 | El Digital de Asturias","twitter:description":"Fr\u00e1ncfort, 3 ene (dpa) - Las principales empresas alemanas se enfrentaron a una coyuntura dif\u00edcil el a\u00f1o pasado y parece que en 2020 esta tendencia seguir\u00e1, seg\u00fan la empresa de consultor\u00eda y auditor\u00eda EY. El resultado operativo antes de intereses e impuestos (Ebit) de los 100 grupos m\u00e1s fuertes que cotizan en bolsa experiment\u00f3 entre","twitter:creator":"@bercodi","twitter:image":"https:\/\/eldigitaldeasturias.com\/radio\/wp-content\/uploads\/2018\/10\/money-1005477_960_720.jpg"},"aioseo_meta_data":{"post_id":"3805","title":null,"description":null,"keywords":null,"keyphrases":null,"primary_term":null,"canonical_url":null,"og_title":null,"og_description":null,"og_object_type":"default","og_image_type":"default","og_image_url":null,"og_image_width":null,"og_image_height":null,"og_image_custom_url":null,"og_image_custom_fields":null,"og_video":null,"og_custom_url":null,"og_article_section":null,"og_article_tags":null,"twitter_use_og":false,"twitter_card":"default","twitter_image_type":"default","twitter_image_url":null,"twitter_image_custom_url":null,"twitter_image_custom_fields":null,"twitter_title":null,"twitter_description":null,"schema":{"blockGraphs":[],"customGraphs":[],"default":{"data":{"Article":[],"Course":[],"Dataset":[],"FAQPage":[],"Movie":[],"Person":[],"Product":[],"ProductReview":[],"Car":[],"Recipe":[],"Service":[],"SoftwareApplication":[],"WebPage":[]},"graphName":"","isEnabled":true},"graphs":[]},"schema_type":null,"schema_type_options":null,"pillar_content":false,"robots_default":true,"robots_noindex":false,"robots_noarchive":false,"robots_nosnippet":false,"robots_nofollow":false,"robots_noimageindex":false,"robots_noodp":false,"robots_notranslate":false,"robots_max_snippet":null,"robots_max_videopreview":null,"robots_max_imagepreview":"large","priority":null,"frequency":null,"location":null,"local_seo":null,"seo_analyzer_scan_date":"2025-08-28 14:49:29","breadcrumb_settings":null,"limit_modified_date":false,"open_ai":null,"ai":null,"created":"2021-03-25 20:36:31","updated":"2025-08-28 14:49:29"},"aioseo_breadcrumb":"<div class=\"aioseo-breadcrumbs\"><span class=\"aioseo-breadcrumb\">\n\t<a href=\"https:\/\/eldigitaldeasturias.com\/radio\" title=\"Inicio\">Inicio<\/a>\n<\/span><span class=\"aioseo-breadcrumb-separator\">&ndash;<\/span><span class=\"aioseo-breadcrumb\">\n\t<a href=\"https:\/\/eldigitaldeasturias.com\/radio\/category\/negocios\/\" title=\"Negocios\">Negocios<\/a>\n<\/span><span class=\"aioseo-breadcrumb-separator\">&ndash;<\/span><span class=\"aioseo-breadcrumb\">\n\tEmpresas alemanas seguir\u00e1n tendencia a la baja en 2020\n<\/span><\/div>","aioseo_breadcrumb_json":[{"label":"Inicio","link":"https:\/\/eldigitaldeasturias.com\/radio"},{"label":"Negocios","link":"https:\/\/eldigitaldeasturias.com\/radio\/category\/negocios\/"},{"label":"Empresas alemanas seguir\u00e1n tendencia a la baja en 2020","link":"https:\/\/eldigitaldeasturias.com\/radio\/empresas-alemanas-seguiran-tendencia-a-la-baja-en-2020\/"}],"_links":{"self":[{"href":"https:\/\/eldigitaldeasturias.com\/radio\/wp-json\/wp\/v2\/posts\/3805","targetHints":{"allow":["GET"]}}],"collection":[{"href":"https:\/\/eldigitaldeasturias.com\/radio\/wp-json\/wp\/v2\/posts"}],"about":[{"href":"https:\/\/eldigitaldeasturias.com\/radio\/wp-json\/wp\/v2\/types\/post"}],"author":[{"embeddable":true,"href":"https:\/\/eldigitaldeasturias.com\/radio\/wp-json\/wp\/v2\/users\/1"}],"replies":[{"embeddable":true,"href":"https:\/\/eldigitaldeasturias.com\/radio\/wp-json\/wp\/v2\/comments?post=3805"}],"version-history":[{"count":0,"href":"https:\/\/eldigitaldeasturias.com\/radio\/wp-json\/wp\/v2\/posts\/3805\/revisions"}],"wp:featuredmedia":[{"embeddable":true,"href":"https:\/\/eldigitaldeasturias.com\/radio\/wp-json\/wp\/v2\/media\/1471"}],"wp:attachment":[{"href":"https:\/\/eldigitaldeasturias.com\/radio\/wp-json\/wp\/v2\/media?parent=3805"}],"wp:term":[{"taxonomy":"category","embeddable":true,"href":"https:\/\/eldigitaldeasturias.com\/radio\/wp-json\/wp\/v2\/categories?post=3805"},{"taxonomy":"post_tag","embeddable":true,"href":"https:\/\/eldigitaldeasturias.com\/radio\/wp-json\/wp\/v2\/tags?post=3805"}],"curies":[{"name":"wp","href":"https:\/\/api.w.org\/{rel}","templated":true}]}}