{"id":3802,"date":"2020-01-04T05:24:36","date_gmt":"2020-01-04T05:24:36","guid":{"rendered":"http:\/\/www.eldigitaldeasturias.com\/radio\/?p=3802"},"modified":"2020-01-04T05:24:36","modified_gmt":"2020-01-04T05:24:36","slug":"el-zoologico-de-krefeld-reabre-sus-puertas","status":"publish","type":"post","link":"https:\/\/eldigitaldeasturias.com\/radio\/el-zoologico-de-krefeld-reabre-sus-puertas\/","title":{"rendered":"El zool\u00f3gico de Krefeld reabre sus puertas"},"content":{"rendered":"<figure id=\"attachment_3803\" aria-describedby=\"caption-attachment-3803\" style=\"width: 360px\" class=\"wp-caption alignleft\"><img fetchpriority=\"high\" decoding=\"async\" class=\"size-medium wp-image-3803\" src=\"http:\/\/www.eldigitaldeasturias.com\/radio\/wp-content\/uploads\/2020\/01\/zoo-de-Krefeld-dpa-360x267.jpg\" alt=\"\" width=\"360\" height=\"267\" srcset=\"https:\/\/eldigitaldeasturias.com\/radio\/wp-content\/uploads\/2020\/01\/zoo-de-Krefeld-dpa-360x267.jpg 360w, https:\/\/eldigitaldeasturias.com\/radio\/wp-content\/uploads\/2020\/01\/zoo-de-Krefeld-dpa-768x569.jpg 768w, https:\/\/eldigitaldeasturias.com\/radio\/wp-content\/uploads\/2020\/01\/zoo-de-Krefeld-dpa.jpg 899w\" sizes=\"(max-width: 360px) 100vw, 360px\" \/><figcaption id=\"caption-attachment-3803\" class=\"wp-caption-text\">Foto: Roland Weihrauch\/dpa<\/figcaption><\/figure>\n<p>Krefeld (Alemania), 3 ene (dpa) &#8211; El zool\u00f3gico de Krefeld, en el noroeste de Alemania, reabri\u00f3 hoy sus puertas, dos d\u00edas despu\u00e9s del devastador incendio en el recinto de los monos.<\/p>\n<p>Varios visitantes esperaban ya frente al predio antes de que abriera a las 9 de la ma\u00f1ana y la gente continuaba encendiendo velas delante de la entrada del zool\u00f3gico en se\u00f1al de tristeza y consternaci\u00f3n, seg\u00fan inform\u00f3 un reportero de dpa.<\/p>\n<p>El incendio que se produjo en la madrugada de A\u00f1o Nuevo caus\u00f3 la muerte de m\u00e1s de 30 animales, entre ellos varios primates. La guarida de los monos result\u00f3 destruida y corre peligro de derrumbarse.<\/p>\n<p>De acuerdo con la Polic\u00eda, el incendio fue provocado por unos farolillos de papel que tres mujeres hab\u00edan lanzado al cielo. El fuego no fue intencionado, pero los da\u00f1os causados ascienden a millones de euros. Las mujeres se presentaron ya a la Polic\u00eda.<\/p>\n<p>Tras el devastador incendio, el zool\u00f3gico de Rostock tambi\u00e9n ofreci\u00f3 su ayuda. \u00abVeremos hasta qu\u00e9 punto podemos ayudar en la cr\u00eda de animales, por ejemplo, de los orangutanes\u00bb, dijo Udo Nagel, director de dicho zool\u00f3gico, al diario regional \u00abOstsee-Zeitung\u00bb.<\/p>\n<p>Seg\u00fan el zool\u00f3gico de Krefeld, inmediatamente despu\u00e9s del incendio, se recibieron miles de donaciones. Entre otros, el zool\u00f3gico de Karlsruhe hizo llegar sus condolencias. En este parque hubo tambi\u00e9n un incendio hace casi diez a\u00f1os en el que murieron numerosos animales.<\/p>\n<p>&nbsp;<\/p>\n","protected":false},"excerpt":{"rendered":"<p>Krefeld (Alemania), 3 ene (dpa) &#8211; El zool\u00f3gico de Krefeld, en el noroeste de Alemania, reabri\u00f3 hoy sus puertas, dos d\u00edas despu\u00e9s del devastador incendio en el recinto de los monos. Varios visitantes esperaban ya frente al predio antes de que abriera a las 9 de la ma\u00f1ana y la gente continuaba encendiendo velas delante<\/p>\n","protected":false},"author":1,"featured_media":3803,"comment_status":"closed","ping_status":"closed","sticky":false,"template":"","format":"standard","meta":{"footnotes":""},"categories":[1],"tags":[],"class_list":{"0":"post-3802","1":"post","2":"type-post","3":"status-publish","4":"format-standard","5":"has-post-thumbnail","7":"category-noticias"},"aioseo_notices":[],"aioseo_head":"\n\t\t<!-- All in One SEO Pro 4.9.6.2 - aioseo.com -->\n\t<meta name=\"description\" content=\"Krefeld (Alemania), 3 ene (dpa) - El zool\u00f3gico de Krefeld, en el noroeste de Alemania, reabri\u00f3 hoy sus puertas, dos d\u00edas despu\u00e9s del devastador incendio en el recinto de los monos. Varios visitantes esperaban ya frente al predio antes de que abriera a las 9 de la ma\u00f1ana y la gente continuaba encendiendo velas delante\" \/>\n\t<meta name=\"robots\" content=\"max-image-preview:large\" \/>\n\t<meta name=\"author\" content=\"NBAsturias\"\/>\n\t<meta name=\"google-site-verification\" content=\"UA-38556648-1\" \/>\n\t<meta name=\"keywords\" content=\"noticias\" \/>\n\t<link rel=\"canonical\" href=\"https:\/\/eldigitaldeasturias.com\/radio\/el-zoologico-de-krefeld-reabre-sus-puertas\/\" \/>\n\t<meta name=\"generator\" content=\"All in One SEO Pro (AIOSEO) 4.9.6.2\" \/>\n\t\t<meta property=\"og:locale\" content=\"es_ES\" \/>\n\t\t<meta property=\"og:site_name\" content=\"El Digital de Asturias | Diario de informaci\u00f3n y noticias\" \/>\n\t\t<meta property=\"og:type\" content=\"article\" \/>\n\t\t<meta property=\"og:title\" content=\"El zool\u00f3gico de Krefeld reabre sus puertas | El Digital de Asturias\" \/>\n\t\t<meta property=\"og:description\" content=\"Krefeld (Alemania), 3 ene (dpa) - El zool\u00f3gico de Krefeld, en el noroeste de Alemania, reabri\u00f3 hoy sus puertas, dos d\u00edas despu\u00e9s del devastador incendio en el recinto de los monos. Varios visitantes esperaban ya frente al predio antes de que abriera a las 9 de la ma\u00f1ana y la gente continuaba encendiendo velas delante\" \/>\n\t\t<meta property=\"og:url\" content=\"https:\/\/eldigitaldeasturias.com\/radio\/el-zoologico-de-krefeld-reabre-sus-puertas\/\" \/>\n\t\t<meta property=\"og:image\" content=\"https:\/\/eldigitaldeasturias.com\/radio\/wp-content\/uploads\/2020\/01\/zoo-de-Krefeld-dpa.jpg\" \/>\n\t\t<meta property=\"og:image:secure_url\" content=\"https:\/\/eldigitaldeasturias.com\/radio\/wp-content\/uploads\/2020\/01\/zoo-de-Krefeld-dpa.jpg\" \/>\n\t\t<meta property=\"og:image:width\" content=\"899\" \/>\n\t\t<meta property=\"og:image:height\" content=\"666\" \/>\n\t\t<meta property=\"article:published_time\" content=\"2020-01-04T05:24:36+00:00\" \/>\n\t\t<meta property=\"article:modified_time\" content=\"2020-01-04T05:24:36+00:00\" \/>\n\t\t<meta name=\"twitter:card\" content=\"summary_large_image\" \/>\n\t\t<meta name=\"twitter:site\" content=\"@bercodi\" \/>\n\t\t<meta name=\"twitter:title\" content=\"El zool\u00f3gico de Krefeld reabre sus puertas | El Digital de Asturias\" \/>\n\t\t<meta name=\"twitter:description\" content=\"Krefeld (Alemania), 3 ene (dpa) - El zool\u00f3gico de Krefeld, en el noroeste de Alemania, reabri\u00f3 hoy sus puertas, dos d\u00edas despu\u00e9s del devastador incendio en el recinto de los monos. Varios visitantes esperaban ya frente al predio antes de que abriera a las 9 de la ma\u00f1ana y la gente continuaba encendiendo velas delante\" \/>\n\t\t<meta name=\"twitter:creator\" content=\"@bercodi\" \/>\n\t\t<meta name=\"twitter:image\" content=\"https:\/\/eldigitaldeasturias.com\/radio\/wp-content\/uploads\/2020\/01\/zoo-de-Krefeld-dpa.jpg\" \/>\n\t\t<script type=\"application\/ld+json\" class=\"aioseo-schema\">\n\t\t\t{\"@context\":\"https:\\\/\\\/schema.org\",\"@graph\":[{\"@type\":\"BreadcrumbList\",\"@id\":\"https:\\\/\\\/eldigitaldeasturias.com\\\/radio\\\/el-zoologico-de-krefeld-reabre-sus-puertas\\\/#breadcrumblist\",\"itemListElement\":[{\"@type\":\"ListItem\",\"@id\":\"https:\\\/\\\/eldigitaldeasturias.com\\\/radio#listItem\",\"position\":1,\"name\":\"Inicio\",\"item\":\"https:\\\/\\\/eldigitaldeasturias.com\\\/radio\",\"nextItem\":{\"@type\":\"ListItem\",\"@id\":\"https:\\\/\\\/eldigitaldeasturias.com\\\/radio\\\/category\\\/noticias\\\/#listItem\",\"name\":\"Noticias\"}},{\"@type\":\"ListItem\",\"@id\":\"https:\\\/\\\/eldigitaldeasturias.com\\\/radio\\\/category\\\/noticias\\\/#listItem\",\"position\":2,\"name\":\"Noticias\",\"item\":\"https:\\\/\\\/eldigitaldeasturias.com\\\/radio\\\/category\\\/noticias\\\/\",\"nextItem\":{\"@type\":\"ListItem\",\"@id\":\"https:\\\/\\\/eldigitaldeasturias.com\\\/radio\\\/el-zoologico-de-krefeld-reabre-sus-puertas\\\/#listItem\",\"name\":\"El zool\\u00f3gico de Krefeld reabre sus puertas\"},\"previousItem\":{\"@type\":\"ListItem\",\"@id\":\"https:\\\/\\\/eldigitaldeasturias.com\\\/radio#listItem\",\"name\":\"Inicio\"}},{\"@type\":\"ListItem\",\"@id\":\"https:\\\/\\\/eldigitaldeasturias.com\\\/radio\\\/el-zoologico-de-krefeld-reabre-sus-puertas\\\/#listItem\",\"position\":3,\"name\":\"El zool\\u00f3gico de Krefeld reabre sus puertas\",\"previousItem\":{\"@type\":\"ListItem\",\"@id\":\"https:\\\/\\\/eldigitaldeasturias.com\\\/radio\\\/category\\\/noticias\\\/#listItem\",\"name\":\"Noticias\"}}]},{\"@type\":\"NewsArticle\",\"@id\":\"https:\\\/\\\/eldigitaldeasturias.com\\\/radio\\\/el-zoologico-de-krefeld-reabre-sus-puertas\\\/#newsarticle\",\"name\":\"El zool\\u00f3gico de Krefeld reabre sus puertas | El Digital de Asturias\",\"headline\":\"El zool\\u00f3gico de Krefeld reabre sus puertas\",\"author\":{\"@id\":\"https:\\\/\\\/eldigitaldeasturias.com\\\/radio\\\/author\\\/nbasturias\\\/#author\"},\"publisher\":{\"@id\":\"https:\\\/\\\/eldigitaldeasturias.com\\\/radio\\\/#organization\"},\"image\":{\"@type\":\"ImageObject\",\"url\":\"https:\\\/\\\/eldigitaldeasturias.com\\\/radio\\\/wp-content\\\/uploads\\\/2020\\\/01\\\/zoo-de-Krefeld-dpa.jpg\",\"width\":899,\"height\":666,\"caption\":\"Foto: Roland Weihrauch\\\/dpa\"},\"datePublished\":\"2020-01-04T05:24:36+01:00\",\"dateModified\":\"2020-01-04T05:24:36+01:00\",\"inLanguage\":\"es-ES\",\"mainEntityOfPage\":{\"@id\":\"https:\\\/\\\/eldigitaldeasturias.com\\\/radio\\\/el-zoologico-de-krefeld-reabre-sus-puertas\\\/#webpage\"},\"isPartOf\":{\"@id\":\"https:\\\/\\\/eldigitaldeasturias.com\\\/radio\\\/el-zoologico-de-krefeld-reabre-sus-puertas\\\/#webpage\"},\"articleSection\":\"Noticias\",\"dateline\":\"Publicado el enero 4, 2020.\"},{\"@type\":\"Organization\",\"@id\":\"https:\\\/\\\/eldigitaldeasturias.com\\\/radio\\\/#organization\",\"name\":\"El digital de Asturias Radio\",\"description\":\"Diario de informaci\\u00f3n y noticias\",\"url\":\"https:\\\/\\\/eldigitaldeasturias.com\\\/radio\\\/\",\"telephone\":\"+34652131393\",\"logo\":{\"@type\":\"ImageObject\",\"url\":\"https:\\\/\\\/www.eldigitaldeasturias.com\\\/radio\\\/wp-content\\\/uploads\\\/2021\\\/03\\\/EDA.jpg\",\"@id\":\"https:\\\/\\\/eldigitaldeasturias.com\\\/radio\\\/el-zoologico-de-krefeld-reabre-sus-puertas\\\/#organizationLogo\"},\"image\":{\"@id\":\"https:\\\/\\\/eldigitaldeasturias.com\\\/radio\\\/el-zoologico-de-krefeld-reabre-sus-puertas\\\/#organizationLogo\"},\"sameAs\":[\"https:\\\/\\\/www.facebook.com\\\/\",\"https:\\\/\\\/x.com\\\/bercodi\",\"https:\\\/\\\/www.instagram.com\\\/\",\"https:\\\/\\\/www.youtube.com\\\/channel\\\/UCZP-2wLEB9Rv6erhFmqVnvg\"]},{\"@type\":\"Person\",\"@id\":\"https:\\\/\\\/eldigitaldeasturias.com\\\/radio\\\/author\\\/nbasturias\\\/#author\",\"url\":\"https:\\\/\\\/eldigitaldeasturias.com\\\/radio\\\/author\\\/nbasturias\\\/\",\"name\":\"NBAsturias\",\"image\":{\"@type\":\"ImageObject\",\"@id\":\"https:\\\/\\\/eldigitaldeasturias.com\\\/radio\\\/el-zoologico-de-krefeld-reabre-sus-puertas\\\/#authorImage\",\"url\":\"https:\\\/\\\/secure.gravatar.com\\\/avatar\\\/df2aeffc32bcd13f8d26072ef8a91b623d677766deac7f97ca815868cd41bf5e?s=96&d=mm&r=g\",\"width\":96,\"height\":96,\"caption\":\"NBAsturias\"}},{\"@type\":\"WebPage\",\"@id\":\"https:\\\/\\\/eldigitaldeasturias.com\\\/radio\\\/el-zoologico-de-krefeld-reabre-sus-puertas\\\/#webpage\",\"url\":\"https:\\\/\\\/eldigitaldeasturias.com\\\/radio\\\/el-zoologico-de-krefeld-reabre-sus-puertas\\\/\",\"name\":\"El zool\\u00f3gico de Krefeld reabre sus puertas | El Digital de Asturias\",\"description\":\"Krefeld (Alemania), 3 ene (dpa) - El zool\\u00f3gico de Krefeld, en el noroeste de Alemania, reabri\\u00f3 hoy sus puertas, dos d\\u00edas despu\\u00e9s del devastador incendio en el recinto de los monos. Varios visitantes esperaban ya frente al predio antes de que abriera a las 9 de la ma\\u00f1ana y la gente continuaba encendiendo velas delante\",\"inLanguage\":\"es-ES\",\"isPartOf\":{\"@id\":\"https:\\\/\\\/eldigitaldeasturias.com\\\/radio\\\/#website\"},\"breadcrumb\":{\"@id\":\"https:\\\/\\\/eldigitaldeasturias.com\\\/radio\\\/el-zoologico-de-krefeld-reabre-sus-puertas\\\/#breadcrumblist\"},\"author\":{\"@id\":\"https:\\\/\\\/eldigitaldeasturias.com\\\/radio\\\/author\\\/nbasturias\\\/#author\"},\"creator\":{\"@id\":\"https:\\\/\\\/eldigitaldeasturias.com\\\/radio\\\/author\\\/nbasturias\\\/#author\"},\"image\":{\"@type\":\"ImageObject\",\"url\":\"https:\\\/\\\/eldigitaldeasturias.com\\\/radio\\\/wp-content\\\/uploads\\\/2020\\\/01\\\/zoo-de-Krefeld-dpa.jpg\",\"@id\":\"https:\\\/\\\/eldigitaldeasturias.com\\\/radio\\\/el-zoologico-de-krefeld-reabre-sus-puertas\\\/#mainImage\",\"width\":899,\"height\":666,\"caption\":\"Foto: Roland Weihrauch\\\/dpa\"},\"primaryImageOfPage\":{\"@id\":\"https:\\\/\\\/eldigitaldeasturias.com\\\/radio\\\/el-zoologico-de-krefeld-reabre-sus-puertas\\\/#mainImage\"},\"datePublished\":\"2020-01-04T05:24:36+01:00\",\"dateModified\":\"2020-01-04T05:24:36+01:00\"},{\"@type\":\"WebSite\",\"@id\":\"https:\\\/\\\/eldigitaldeasturias.com\\\/radio\\\/#website\",\"url\":\"https:\\\/\\\/eldigitaldeasturias.com\\\/radio\\\/\",\"name\":\"El Digital de Asturias\",\"description\":\"Diario de informaci\\u00f3n y noticias\",\"inLanguage\":\"es-ES\",\"publisher\":{\"@id\":\"https:\\\/\\\/eldigitaldeasturias.com\\\/radio\\\/#organization\"}}]}\n\t\t<\/script>\n\t\t<!-- All in One SEO Pro -->\r\n\t\t<title>El zool\u00f3gico de Krefeld reabre sus puertas | El Digital de Asturias<\/title>\n\n","aioseo_head_json":{"title":"El zool\u00f3gico de Krefeld reabre sus puertas | El Digital de Asturias","description":"Krefeld (Alemania), 3 ene (dpa) - El zool\u00f3gico de Krefeld, en el noroeste de Alemania, reabri\u00f3 hoy sus puertas, dos d\u00edas despu\u00e9s del devastador incendio en el recinto de los monos. Varios visitantes esperaban ya frente al predio antes de que abriera a las 9 de la ma\u00f1ana y la gente continuaba encendiendo velas delante","canonical_url":"https:\/\/eldigitaldeasturias.com\/radio\/el-zoologico-de-krefeld-reabre-sus-puertas\/","robots":"max-image-preview:large","keywords":"noticias","webmasterTools":{"google-site-verification":"UA-38556648-1","miscellaneous":""},"schema":{"@context":"https:\/\/schema.org","@graph":[{"@type":"BreadcrumbList","@id":"https:\/\/eldigitaldeasturias.com\/radio\/el-zoologico-de-krefeld-reabre-sus-puertas\/#breadcrumblist","itemListElement":[{"@type":"ListItem","@id":"https:\/\/eldigitaldeasturias.com\/radio#listItem","position":1,"name":"Inicio","item":"https:\/\/eldigitaldeasturias.com\/radio","nextItem":{"@type":"ListItem","@id":"https:\/\/eldigitaldeasturias.com\/radio\/category\/noticias\/#listItem","name":"Noticias"}},{"@type":"ListItem","@id":"https:\/\/eldigitaldeasturias.com\/radio\/category\/noticias\/#listItem","position":2,"name":"Noticias","item":"https:\/\/eldigitaldeasturias.com\/radio\/category\/noticias\/","nextItem":{"@type":"ListItem","@id":"https:\/\/eldigitaldeasturias.com\/radio\/el-zoologico-de-krefeld-reabre-sus-puertas\/#listItem","name":"El zool\u00f3gico de Krefeld reabre sus puertas"},"previousItem":{"@type":"ListItem","@id":"https:\/\/eldigitaldeasturias.com\/radio#listItem","name":"Inicio"}},{"@type":"ListItem","@id":"https:\/\/eldigitaldeasturias.com\/radio\/el-zoologico-de-krefeld-reabre-sus-puertas\/#listItem","position":3,"name":"El zool\u00f3gico de Krefeld reabre sus puertas","previousItem":{"@type":"ListItem","@id":"https:\/\/eldigitaldeasturias.com\/radio\/category\/noticias\/#listItem","name":"Noticias"}}]},{"@type":"NewsArticle","@id":"https:\/\/eldigitaldeasturias.com\/radio\/el-zoologico-de-krefeld-reabre-sus-puertas\/#newsarticle","name":"El zool\u00f3gico de Krefeld reabre sus puertas | El Digital de Asturias","headline":"El zool\u00f3gico de Krefeld reabre sus puertas","author":{"@id":"https:\/\/eldigitaldeasturias.com\/radio\/author\/nbasturias\/#author"},"publisher":{"@id":"https:\/\/eldigitaldeasturias.com\/radio\/#organization"},"image":{"@type":"ImageObject","url":"https:\/\/eldigitaldeasturias.com\/radio\/wp-content\/uploads\/2020\/01\/zoo-de-Krefeld-dpa.jpg","width":899,"height":666,"caption":"Foto: Roland Weihrauch\/dpa"},"datePublished":"2020-01-04T05:24:36+01:00","dateModified":"2020-01-04T05:24:36+01:00","inLanguage":"es-ES","mainEntityOfPage":{"@id":"https:\/\/eldigitaldeasturias.com\/radio\/el-zoologico-de-krefeld-reabre-sus-puertas\/#webpage"},"isPartOf":{"@id":"https:\/\/eldigitaldeasturias.com\/radio\/el-zoologico-de-krefeld-reabre-sus-puertas\/#webpage"},"articleSection":"Noticias","dateline":"Publicado el enero 4, 2020."},{"@type":"Organization","@id":"https:\/\/eldigitaldeasturias.com\/radio\/#organization","name":"El digital de Asturias Radio","description":"Diario de informaci\u00f3n y noticias","url":"https:\/\/eldigitaldeasturias.com\/radio\/","telephone":"+34652131393","logo":{"@type":"ImageObject","url":"https:\/\/www.eldigitaldeasturias.com\/radio\/wp-content\/uploads\/2021\/03\/EDA.jpg","@id":"https:\/\/eldigitaldeasturias.com\/radio\/el-zoologico-de-krefeld-reabre-sus-puertas\/#organizationLogo"},"image":{"@id":"https:\/\/eldigitaldeasturias.com\/radio\/el-zoologico-de-krefeld-reabre-sus-puertas\/#organizationLogo"},"sameAs":["https:\/\/www.facebook.com\/","https:\/\/x.com\/bercodi","https:\/\/www.instagram.com\/","https:\/\/www.youtube.com\/channel\/UCZP-2wLEB9Rv6erhFmqVnvg"]},{"@type":"Person","@id":"https:\/\/eldigitaldeasturias.com\/radio\/author\/nbasturias\/#author","url":"https:\/\/eldigitaldeasturias.com\/radio\/author\/nbasturias\/","name":"NBAsturias","image":{"@type":"ImageObject","@id":"https:\/\/eldigitaldeasturias.com\/radio\/el-zoologico-de-krefeld-reabre-sus-puertas\/#authorImage","url":"https:\/\/secure.gravatar.com\/avatar\/df2aeffc32bcd13f8d26072ef8a91b623d677766deac7f97ca815868cd41bf5e?s=96&d=mm&r=g","width":96,"height":96,"caption":"NBAsturias"}},{"@type":"WebPage","@id":"https:\/\/eldigitaldeasturias.com\/radio\/el-zoologico-de-krefeld-reabre-sus-puertas\/#webpage","url":"https:\/\/eldigitaldeasturias.com\/radio\/el-zoologico-de-krefeld-reabre-sus-puertas\/","name":"El zool\u00f3gico de Krefeld reabre sus puertas | El Digital de Asturias","description":"Krefeld (Alemania), 3 ene (dpa) - El zool\u00f3gico de Krefeld, en el noroeste de Alemania, reabri\u00f3 hoy sus puertas, dos d\u00edas despu\u00e9s del devastador incendio en el recinto de los monos. Varios visitantes esperaban ya frente al predio antes de que abriera a las 9 de la ma\u00f1ana y la gente continuaba encendiendo velas delante","inLanguage":"es-ES","isPartOf":{"@id":"https:\/\/eldigitaldeasturias.com\/radio\/#website"},"breadcrumb":{"@id":"https:\/\/eldigitaldeasturias.com\/radio\/el-zoologico-de-krefeld-reabre-sus-puertas\/#breadcrumblist"},"author":{"@id":"https:\/\/eldigitaldeasturias.com\/radio\/author\/nbasturias\/#author"},"creator":{"@id":"https:\/\/eldigitaldeasturias.com\/radio\/author\/nbasturias\/#author"},"image":{"@type":"ImageObject","url":"https:\/\/eldigitaldeasturias.com\/radio\/wp-content\/uploads\/2020\/01\/zoo-de-Krefeld-dpa.jpg","@id":"https:\/\/eldigitaldeasturias.com\/radio\/el-zoologico-de-krefeld-reabre-sus-puertas\/#mainImage","width":899,"height":666,"caption":"Foto: Roland Weihrauch\/dpa"},"primaryImageOfPage":{"@id":"https:\/\/eldigitaldeasturias.com\/radio\/el-zoologico-de-krefeld-reabre-sus-puertas\/#mainImage"},"datePublished":"2020-01-04T05:24:36+01:00","dateModified":"2020-01-04T05:24:36+01:00"},{"@type":"WebSite","@id":"https:\/\/eldigitaldeasturias.com\/radio\/#website","url":"https:\/\/eldigitaldeasturias.com\/radio\/","name":"El Digital de Asturias","description":"Diario de informaci\u00f3n y noticias","inLanguage":"es-ES","publisher":{"@id":"https:\/\/eldigitaldeasturias.com\/radio\/#organization"}}]},"og:locale":"es_ES","og:site_name":"El Digital de Asturias | Diario de informaci\u00f3n y noticias","og:type":"article","og:title":"El zool\u00f3gico de Krefeld reabre sus puertas | El Digital de Asturias","og:description":"Krefeld (Alemania), 3 ene (dpa) - El zool\u00f3gico de Krefeld, en el noroeste de Alemania, reabri\u00f3 hoy sus puertas, dos d\u00edas despu\u00e9s del devastador incendio en el recinto de los monos. Varios visitantes esperaban ya frente al predio antes de que abriera a las 9 de la ma\u00f1ana y la gente continuaba encendiendo velas delante","og:url":"https:\/\/eldigitaldeasturias.com\/radio\/el-zoologico-de-krefeld-reabre-sus-puertas\/","og:image":"https:\/\/eldigitaldeasturias.com\/radio\/wp-content\/uploads\/2020\/01\/zoo-de-Krefeld-dpa.jpg","og:image:secure_url":"https:\/\/eldigitaldeasturias.com\/radio\/wp-content\/uploads\/2020\/01\/zoo-de-Krefeld-dpa.jpg","og:image:width":899,"og:image:height":666,"article:published_time":"2020-01-04T05:24:36+00:00","article:modified_time":"2020-01-04T05:24:36+00:00","twitter:card":"summary_large_image","twitter:site":"@bercodi","twitter:title":"El zool\u00f3gico de Krefeld reabre sus puertas | El Digital de Asturias","twitter:description":"Krefeld (Alemania), 3 ene (dpa) - El zool\u00f3gico de Krefeld, en el noroeste de Alemania, reabri\u00f3 hoy sus puertas, dos d\u00edas despu\u00e9s del devastador incendio en el recinto de los monos. Varios visitantes esperaban ya frente al predio antes de que abriera a las 9 de la ma\u00f1ana y la gente continuaba encendiendo velas delante","twitter:creator":"@bercodi","twitter:image":"https:\/\/eldigitaldeasturias.com\/radio\/wp-content\/uploads\/2020\/01\/zoo-de-Krefeld-dpa.jpg"},"aioseo_meta_data":{"post_id":"3802","title":null,"description":null,"keywords":null,"keyphrases":null,"primary_term":null,"canonical_url":null,"og_title":null,"og_description":null,"og_object_type":"default","og_image_type":"default","og_image_url":null,"og_image_width":null,"og_image_height":null,"og_image_custom_url":null,"og_image_custom_fields":null,"og_video":null,"og_custom_url":null,"og_article_section":null,"og_article_tags":null,"twitter_use_og":false,"twitter_card":"default","twitter_image_type":"default","twitter_image_url":null,"twitter_image_custom_url":null,"twitter_image_custom_fields":null,"twitter_title":null,"twitter_description":null,"schema":{"blockGraphs":[],"customGraphs":[],"default":{"data":{"Article":[],"Course":[],"Dataset":[],"FAQPage":[],"Movie":[],"Person":[],"Product":[],"ProductReview":[],"Car":[],"Recipe":[],"Service":[],"SoftwareApplication":[],"WebPage":[]},"graphName":"","isEnabled":true},"graphs":[],"defaultGraph":"","defaultPostTypeGraph":""},"schema_type":null,"schema_type_options":null,"pillar_content":false,"robots_default":true,"robots_noindex":false,"robots_noarchive":false,"robots_nosnippet":false,"robots_nofollow":false,"robots_noimageindex":false,"robots_noodp":false,"robots_notranslate":false,"robots_max_snippet":null,"robots_max_videopreview":null,"robots_max_imagepreview":"large","priority":null,"frequency":null,"location":null,"local_seo":null,"seo_analyzer_scan_date":"2025-08-28 14:49:27","breadcrumb_settings":null,"limit_modified_date":false,"open_ai":null,"ai":null,"created":"2021-03-29 02:06:17","updated":"2025-08-28 14:49:27"},"aioseo_breadcrumb":"<div class=\"aioseo-breadcrumbs\"><span class=\"aioseo-breadcrumb\">\n\t<a href=\"https:\/\/eldigitaldeasturias.com\/radio\" title=\"Inicio\">Inicio<\/a>\n<\/span><span class=\"aioseo-breadcrumb-separator\">&ndash;<\/span><span class=\"aioseo-breadcrumb\">\n\t<a href=\"https:\/\/eldigitaldeasturias.com\/radio\/category\/noticias\/\" title=\"Noticias\">Noticias<\/a>\n<\/span><span class=\"aioseo-breadcrumb-separator\">&ndash;<\/span><span class=\"aioseo-breadcrumb\">\n\tEl zool\u00f3gico de Krefeld reabre sus puertas\n<\/span><\/div>","aioseo_breadcrumb_json":[{"label":"Inicio","link":"https:\/\/eldigitaldeasturias.com\/radio"},{"label":"Noticias","link":"https:\/\/eldigitaldeasturias.com\/radio\/category\/noticias\/"},{"label":"El zool\u00f3gico de Krefeld reabre sus puertas","link":"https:\/\/eldigitaldeasturias.com\/radio\/el-zoologico-de-krefeld-reabre-sus-puertas\/"}],"_links":{"self":[{"href":"https:\/\/eldigitaldeasturias.com\/radio\/wp-json\/wp\/v2\/posts\/3802","targetHints":{"allow":["GET"]}}],"collection":[{"href":"https:\/\/eldigitaldeasturias.com\/radio\/wp-json\/wp\/v2\/posts"}],"about":[{"href":"https:\/\/eldigitaldeasturias.com\/radio\/wp-json\/wp\/v2\/types\/post"}],"author":[{"embeddable":true,"href":"https:\/\/eldigitaldeasturias.com\/radio\/wp-json\/wp\/v2\/users\/1"}],"replies":[{"embeddable":true,"href":"https:\/\/eldigitaldeasturias.com\/radio\/wp-json\/wp\/v2\/comments?post=3802"}],"version-history":[{"count":0,"href":"https:\/\/eldigitaldeasturias.com\/radio\/wp-json\/wp\/v2\/posts\/3802\/revisions"}],"wp:featuredmedia":[{"embeddable":true,"href":"https:\/\/eldigitaldeasturias.com\/radio\/wp-json\/wp\/v2\/media\/3803"}],"wp:attachment":[{"href":"https:\/\/eldigitaldeasturias.com\/radio\/wp-json\/wp\/v2\/media?parent=3802"}],"wp:term":[{"taxonomy":"category","embeddable":true,"href":"https:\/\/eldigitaldeasturias.com\/radio\/wp-json\/wp\/v2\/categories?post=3802"},{"taxonomy":"post_tag","embeddable":true,"href":"https:\/\/eldigitaldeasturias.com\/radio\/wp-json\/wp\/v2\/tags?post=3802"}],"curies":[{"name":"wp","href":"https:\/\/api.w.org\/{rel}","templated":true}]}}