{"id":3800,"date":"2020-01-04T05:18:38","date_gmt":"2020-01-04T05:18:38","guid":{"rendered":"http:\/\/www.eldigitaldeasturias.com\/radio\/?p=3800"},"modified":"2020-01-04T05:18:38","modified_gmt":"2020-01-04T05:18:38","slug":"zidane-hazard-esta-cien-por-cien-descartado-para-la-supercopa","status":"publish","type":"post","link":"https:\/\/eldigitaldeasturias.com\/radio\/zidane-hazard-esta-cien-por-cien-descartado-para-la-supercopa\/","title":{"rendered":"Zidane: \u00abHazard est\u00e1 cien por cien descartado para la Supercopa\u00bb"},"content":{"rendered":"<p><img fetchpriority=\"high\" decoding=\"async\" class=\"alignleft size-medium wp-image-72\" src=\"http:\/\/www.eldigitaldeasturias.com\/radio\/wp-content\/uploads\/2018\/03\/football-1406106_1280-360x241.jpg\" alt=\"\" width=\"360\" height=\"241\" srcset=\"https:\/\/eldigitaldeasturias.com\/radio\/wp-content\/uploads\/2018\/03\/football-1406106_1280-360x241.jpg 360w, https:\/\/eldigitaldeasturias.com\/radio\/wp-content\/uploads\/2018\/03\/football-1406106_1280-1024x686.jpg 1024w, https:\/\/eldigitaldeasturias.com\/radio\/wp-content\/uploads\/2018\/03\/football-1406106_1280-768x514.jpg 768w, https:\/\/eldigitaldeasturias.com\/radio\/wp-content\/uploads\/2018\/03\/football-1406106_1280.jpg 1280w\" sizes=\"(max-width: 360px) 100vw, 360px\" \/>MADRID, 3 Ene. 2020 (Europa Press) &#8211;\u00a0El entrenador del Real Madrid, Zin\u00e9dine Zidane, confirm\u00f3 que el delantero belga Eden Hazard est\u00e1 \u00abdescartado cien por cien\u00bb y no viajar\u00e1 con el equipo a Arabia Saud\u00ed para jugar la Supercopa de Espa\u00f1a y espera tenerle de vuelta pronto despu\u00e9s de su \u00abproceso normal de recuperaci\u00f3n\u00bb, aunque destac\u00f3 el \u00abbuen estado f\u00edsico\u00bb del resto de sus jugadores para enfrentarse este s\u00e1bado al Getafe en el primer partido de 2020.<\/p>\n<p>\u00abHazard est\u00e1 descartado cien por cien para la Supercopa. No va a venir y de momento sigue su proceso normal de recuperaci\u00f3n. Espero que justo despu\u00e9s de la Supercopa veamos otra vez a Eden con nosotros. La lucha contin\u00faa, pero yo creo que m\u00e1s que la pelea es la motivaci\u00f3n que tenemos de jugar otra vez. Estamos de vuelta bien f\u00edsicamente y concentrados en lo que queremos hacer, y eso es lo m\u00e1s importante\u00bb, destac\u00f3 el t\u00e9cnico en rueda de prensa.<\/p>\n<p>El Real Madrid visitar\u00e1 este s\u00e1bado el Coliseum Alfonso P\u00e9rez para enfrentarse al Getafe en el primer encuentro del a\u00f1o para los blancos tras el par\u00f3n navide\u00f1o, que, seg\u00fan el franc\u00e9s, afrontar\u00e1n con \u00abmucha motivaci\u00f3n\u00bb. \u00abNo hemos hecho ning\u00fan trabajo espec\u00edfico estos d\u00edas. Lo importante era volver bien f\u00edsicamente, y mis jugadores est\u00e1n muy bien, tenemos muchas ganas de jugar\u00bb, reiter\u00f3.<\/p>\n<p>\u00abNos enfrentamos a un equipo de diez. Es un equipo que lo est\u00e1 dando todo en el campo. Est\u00e1n cerca de la &#8216;Champions&#8217;. Est\u00e1n haciendo una temporada fant\u00e1stica y con un entrenador, con un equipo y una plantilla muy buena. Rendir y estar arriba es complicado cada partido y lo est\u00e1n haciendo muy bien\u00bb, opin\u00f3.<\/p>\n<p>El t\u00e9cnico destac\u00f3 la importancia de \u00abdarlo todo\u00bb en cada partido y no consider\u00f3 \u00abun problema\u00bb la falta de gol de los \u00faltimos encuentros del a\u00f1o ante el Barcelona y el Athletic Club, ya que el verdadero fracaso es \u00abno intentarlo\u00bb. \u00abHay momentos y partidos donde puedes tener ocasiones y no terminarlas. Es lo que nos pas\u00f3 en los \u00faltimos partidos. Pero lo importante es el trabajo que hacemos para llegar a marcar\u00bb, destac\u00f3.<\/p>\n<p>\u00abEs una realidad que perdimos puntos, pero estamos tranquilos en este sentido. Tenemos un partido ma\u00f1ana para intentar hacer gol. El fracaso es no intentarlo. Lo importante es entrenar a tope cada d\u00eda, darlo todo en el campo en cada partido. Al final hay un equipo que gana LaLiga, otro que gana la &#8216;Champions&#8217;, \u00bfy los dem\u00e1s que son, tontos? No. Lo importante es darlo todo. Lo que queremos es intentar ganar cosas. Podemos estar contentos con el contenido que estamos haciendo\u00bb, sentenci\u00f3.<\/p>\n<p>En este sentido, el entrenador del conjunto blanco destac\u00f3 que espera para este a\u00f1o \u00abseguir mejorando y seguir trabajando con la misma din\u00e1mica\u00bb que en el 2019, a\u00f1o que \u00abtermin\u00f3 bien\u00bb a pesar de no haber ganado los \u00faltimos encuentros. \u00abHe dejado de pedir cosas en A\u00f1o Nuevo. A final de temporada se juega todo y es un proceso largo. El trabajo cotidiano es el m\u00e1s importante. Espero que podamos seguir mejorando\u00bb, se\u00f1al\u00f3.<\/p>\n<p>El preparador franc\u00e9s descart\u00f3 que tenga pensado pedir el fichaje de alg\u00fan jugador en el mercado de invierno y no se pronunci\u00f3 sobre las posibles cesiones, aunque \u00abhasta el 31 pueden pasar muchas cosas\u00bb. \u00abPara m\u00ed lo importante es hablar con cada uno de los jugadores. Hay algunos que no tienen minutos y puede ser un problema, pero se habla. Todos est\u00e1n aqu\u00ed por ahora. Veremos lo que pasa estos d\u00edas\u00bb, subray\u00f3.<\/p>\n<p>Adem\u00e1s, a\u00f1adi\u00f3 que por su forma de ver el f\u00fatbol contar\u00e1 \u00abcon todos los jugadores\u00bb, ya que considera que tiene una \u00abbuena plantilla con muchos recursos\u00bb, que va a utilizar. \u00abEl tema de la rotaci\u00f3n depende de los partidos, de muchas cosas. Lo que veo es solo el partido siguiente, en este caso, el de ma\u00f1ana. Tenemos dos o tres fuera y poco a poco todos los jugadores est\u00e1n casi listos. Eso es bueno para m\u00ed. Yo prefiero tener a todos mis jugadores\u00bb, explic\u00f3.<\/p>\n<p>Tampoco mostr\u00f3 inter\u00e9s por el delantero franc\u00e9s Paul Pogba, vinculado con el club blanco el pasado verano. \u00abNo te voy a contestar nada, Paul es un jugador de otro equipo. Adem\u00e1s, est\u00e1 lesionado. Espero que vuelva a jugar r\u00e1pidamente, le deseo lo mejor. Lo importante son mis jugadores y el partido de ma\u00f1ana\u00bb, reiter\u00f3.<\/p>\n<p>Por otro lado, confes\u00f3 que se siente \u00abidentificado\u00bb con el centrocampista Isco Alarc\u00f3n, por la posici\u00f3n que ocupa, adem\u00e1s de considerarlo un \u00abjugador importante\u00bb. \u00abEst\u00e1 demostrando que quiere estar aqu\u00ed, que quiere pelar su sitio, como todos. Me identifico con todos, pero con \u00e9l m\u00e1s, puede ser, por la posici\u00f3n\u00bb, se\u00f1al\u00f3.<\/p>\n<p>El t\u00e9cnico franc\u00e9s, que acumula tres Ligas de Campeones con el Real Madrid y una Liga, consider\u00f3 ambas competiciones igual de dif\u00edciles, aunque en la liguera hay \u00abmuchos partidos\u00bb que la hacen \u00abmuy complicada\u00bb. \u00abLa &#8216;Champions&#8217; tambi\u00e9n es muy dif\u00edcil porque son los mejores de Europa y cada vez que avanza es m\u00e1s dif\u00edcil\u00bb, a\u00f1adi\u00f3.<\/p>\n","protected":false},"excerpt":{"rendered":"<p>MADRID, 3 Ene. 2020 (Europa Press) &#8211;\u00a0El entrenador del Real Madrid, Zin\u00e9dine Zidane, confirm\u00f3 que el delantero belga Eden Hazard est\u00e1 \u00abdescartado cien por cien\u00bb y no viajar\u00e1 con el equipo a Arabia Saud\u00ed para jugar la Supercopa de Espa\u00f1a y espera tenerle de vuelta pronto despu\u00e9s de su \u00abproceso normal de recuperaci\u00f3n\u00bb, aunque destac\u00f3<\/p>\n","protected":false},"author":1,"featured_media":72,"comment_status":"closed","ping_status":"closed","sticky":false,"template":"","format":"standard","meta":{"footnotes":""},"categories":[1],"tags":[],"class_list":{"0":"post-3800","1":"post","2":"type-post","3":"status-publish","4":"format-standard","5":"has-post-thumbnail","7":"category-noticias"},"aioseo_notices":[],"aioseo_head":"\n\t\t<!-- All in One SEO Pro 4.9.6.2 - aioseo.com -->\n\t<meta name=\"description\" content=\"MADRID, 3 Ene. 2020 (Europa Press) - El entrenador del Real Madrid, Zin\u00e9dine Zidane, confirm\u00f3 que el delantero belga Eden Hazard est\u00e1 &quot;descartado cien por cien&quot; y no viajar\u00e1 con el equipo a Arabia Saud\u00ed para jugar la Supercopa de Espa\u00f1a y espera tenerle de vuelta pronto despu\u00e9s de su &quot;proceso normal de recuperaci\u00f3n&quot;, aunque destac\u00f3\" \/>\n\t<meta name=\"robots\" content=\"max-image-preview:large\" \/>\n\t<meta name=\"author\" content=\"NBAsturias\"\/>\n\t<meta name=\"google-site-verification\" content=\"UA-38556648-1\" \/>\n\t<meta name=\"keywords\" content=\"noticias\" \/>\n\t<link rel=\"canonical\" href=\"https:\/\/eldigitaldeasturias.com\/radio\/zidane-hazard-esta-cien-por-cien-descartado-para-la-supercopa\/\" \/>\n\t<meta name=\"generator\" content=\"All in One SEO Pro (AIOSEO) 4.9.6.2\" \/>\n\t\t<meta property=\"og:locale\" content=\"es_ES\" \/>\n\t\t<meta property=\"og:site_name\" content=\"El Digital de Asturias | Diario de informaci\u00f3n y noticias\" \/>\n\t\t<meta property=\"og:type\" content=\"article\" \/>\n\t\t<meta property=\"og:title\" content=\"Zidane: \u00abHazard est\u00e1 cien por cien descartado para la Supercopa\u00bb | El Digital de Asturias\" \/>\n\t\t<meta property=\"og:description\" content=\"MADRID, 3 Ene. 2020 (Europa Press) - El entrenador del Real Madrid, Zin\u00e9dine Zidane, confirm\u00f3 que el delantero belga Eden Hazard est\u00e1 &quot;descartado cien por cien&quot; y no viajar\u00e1 con el equipo a Arabia Saud\u00ed para jugar la Supercopa de Espa\u00f1a y espera tenerle de vuelta pronto despu\u00e9s de su &quot;proceso normal de recuperaci\u00f3n&quot;, aunque destac\u00f3\" \/>\n\t\t<meta property=\"og:url\" content=\"https:\/\/eldigitaldeasturias.com\/radio\/zidane-hazard-esta-cien-por-cien-descartado-para-la-supercopa\/\" \/>\n\t\t<meta property=\"og:image\" content=\"https:\/\/eldigitaldeasturias.com\/radio\/wp-content\/uploads\/2018\/03\/football-1406106_1280.jpg\" \/>\n\t\t<meta property=\"og:image:secure_url\" content=\"https:\/\/eldigitaldeasturias.com\/radio\/wp-content\/uploads\/2018\/03\/football-1406106_1280.jpg\" \/>\n\t\t<meta property=\"og:image:width\" content=\"1280\" \/>\n\t\t<meta property=\"og:image:height\" content=\"857\" \/>\n\t\t<meta property=\"article:published_time\" content=\"2020-01-04T05:18:38+00:00\" \/>\n\t\t<meta property=\"article:modified_time\" content=\"2020-01-04T05:18:38+00:00\" \/>\n\t\t<meta name=\"twitter:card\" content=\"summary_large_image\" \/>\n\t\t<meta name=\"twitter:site\" content=\"@bercodi\" \/>\n\t\t<meta name=\"twitter:title\" content=\"Zidane: \u00abHazard est\u00e1 cien por cien descartado para la Supercopa\u00bb | El Digital de Asturias\" \/>\n\t\t<meta name=\"twitter:description\" content=\"MADRID, 3 Ene. 2020 (Europa Press) - El entrenador del Real Madrid, Zin\u00e9dine Zidane, confirm\u00f3 que el delantero belga Eden Hazard est\u00e1 &quot;descartado cien por cien&quot; y no viajar\u00e1 con el equipo a Arabia Saud\u00ed para jugar la Supercopa de Espa\u00f1a y espera tenerle de vuelta pronto despu\u00e9s de su &quot;proceso normal de recuperaci\u00f3n&quot;, aunque destac\u00f3\" \/>\n\t\t<meta name=\"twitter:creator\" content=\"@bercodi\" \/>\n\t\t<meta name=\"twitter:image\" content=\"https:\/\/eldigitaldeasturias.com\/radio\/wp-content\/uploads\/2018\/03\/football-1406106_1280.jpg\" \/>\n\t\t<script type=\"application\/ld+json\" class=\"aioseo-schema\">\n\t\t\t{\"@context\":\"https:\\\/\\\/schema.org\",\"@graph\":[{\"@type\":\"BreadcrumbList\",\"@id\":\"https:\\\/\\\/eldigitaldeasturias.com\\\/radio\\\/zidane-hazard-esta-cien-por-cien-descartado-para-la-supercopa\\\/#breadcrumblist\",\"itemListElement\":[{\"@type\":\"ListItem\",\"@id\":\"https:\\\/\\\/eldigitaldeasturias.com\\\/radio#listItem\",\"position\":1,\"name\":\"Inicio\",\"item\":\"https:\\\/\\\/eldigitaldeasturias.com\\\/radio\",\"nextItem\":{\"@type\":\"ListItem\",\"@id\":\"https:\\\/\\\/eldigitaldeasturias.com\\\/radio\\\/category\\\/noticias\\\/#listItem\",\"name\":\"Noticias\"}},{\"@type\":\"ListItem\",\"@id\":\"https:\\\/\\\/eldigitaldeasturias.com\\\/radio\\\/category\\\/noticias\\\/#listItem\",\"position\":2,\"name\":\"Noticias\",\"item\":\"https:\\\/\\\/eldigitaldeasturias.com\\\/radio\\\/category\\\/noticias\\\/\",\"nextItem\":{\"@type\":\"ListItem\",\"@id\":\"https:\\\/\\\/eldigitaldeasturias.com\\\/radio\\\/zidane-hazard-esta-cien-por-cien-descartado-para-la-supercopa\\\/#listItem\",\"name\":\"Zidane: \\u00abHazard est\\u00e1 cien por cien descartado para la Supercopa\\u00bb\"},\"previousItem\":{\"@type\":\"ListItem\",\"@id\":\"https:\\\/\\\/eldigitaldeasturias.com\\\/radio#listItem\",\"name\":\"Inicio\"}},{\"@type\":\"ListItem\",\"@id\":\"https:\\\/\\\/eldigitaldeasturias.com\\\/radio\\\/zidane-hazard-esta-cien-por-cien-descartado-para-la-supercopa\\\/#listItem\",\"position\":3,\"name\":\"Zidane: \\u00abHazard est\\u00e1 cien por cien descartado para la Supercopa\\u00bb\",\"previousItem\":{\"@type\":\"ListItem\",\"@id\":\"https:\\\/\\\/eldigitaldeasturias.com\\\/radio\\\/category\\\/noticias\\\/#listItem\",\"name\":\"Noticias\"}}]},{\"@type\":\"NewsArticle\",\"@id\":\"https:\\\/\\\/eldigitaldeasturias.com\\\/radio\\\/zidane-hazard-esta-cien-por-cien-descartado-para-la-supercopa\\\/#newsarticle\",\"name\":\"Zidane: \\u00abHazard est\\u00e1 cien por cien descartado para la Supercopa\\u00bb | El Digital de Asturias\",\"headline\":\"Zidane: \\u00abHazard est\\u00e1 cien por cien descartado para la Supercopa\\u00bb\",\"author\":{\"@id\":\"https:\\\/\\\/eldigitaldeasturias.com\\\/radio\\\/author\\\/nbasturias\\\/#author\"},\"publisher\":{\"@id\":\"https:\\\/\\\/eldigitaldeasturias.com\\\/radio\\\/#organization\"},\"image\":{\"@type\":\"ImageObject\",\"url\":\"https:\\\/\\\/eldigitaldeasturias.com\\\/radio\\\/wp-content\\\/uploads\\\/2018\\\/03\\\/football-1406106_1280.jpg\",\"width\":1280,\"height\":857},\"datePublished\":\"2020-01-04T05:18:38+01:00\",\"dateModified\":\"2020-01-04T05:18:38+01:00\",\"inLanguage\":\"es-ES\",\"mainEntityOfPage\":{\"@id\":\"https:\\\/\\\/eldigitaldeasturias.com\\\/radio\\\/zidane-hazard-esta-cien-por-cien-descartado-para-la-supercopa\\\/#webpage\"},\"isPartOf\":{\"@id\":\"https:\\\/\\\/eldigitaldeasturias.com\\\/radio\\\/zidane-hazard-esta-cien-por-cien-descartado-para-la-supercopa\\\/#webpage\"},\"articleSection\":\"Noticias\",\"dateline\":\"Publicado el enero 4, 2020.\"},{\"@type\":\"Organization\",\"@id\":\"https:\\\/\\\/eldigitaldeasturias.com\\\/radio\\\/#organization\",\"name\":\"El digital de Asturias Radio\",\"description\":\"Diario de informaci\\u00f3n y noticias\",\"url\":\"https:\\\/\\\/eldigitaldeasturias.com\\\/radio\\\/\",\"telephone\":\"+34652131393\",\"logo\":{\"@type\":\"ImageObject\",\"url\":\"https:\\\/\\\/www.eldigitaldeasturias.com\\\/radio\\\/wp-content\\\/uploads\\\/2021\\\/03\\\/EDA.jpg\",\"@id\":\"https:\\\/\\\/eldigitaldeasturias.com\\\/radio\\\/zidane-hazard-esta-cien-por-cien-descartado-para-la-supercopa\\\/#organizationLogo\"},\"image\":{\"@id\":\"https:\\\/\\\/eldigitaldeasturias.com\\\/radio\\\/zidane-hazard-esta-cien-por-cien-descartado-para-la-supercopa\\\/#organizationLogo\"},\"sameAs\":[\"https:\\\/\\\/www.facebook.com\\\/\",\"https:\\\/\\\/x.com\\\/bercodi\",\"https:\\\/\\\/www.instagram.com\\\/\",\"https:\\\/\\\/www.youtube.com\\\/channel\\\/UCZP-2wLEB9Rv6erhFmqVnvg\"]},{\"@type\":\"Person\",\"@id\":\"https:\\\/\\\/eldigitaldeasturias.com\\\/radio\\\/author\\\/nbasturias\\\/#author\",\"url\":\"https:\\\/\\\/eldigitaldeasturias.com\\\/radio\\\/author\\\/nbasturias\\\/\",\"name\":\"NBAsturias\",\"image\":{\"@type\":\"ImageObject\",\"@id\":\"https:\\\/\\\/eldigitaldeasturias.com\\\/radio\\\/zidane-hazard-esta-cien-por-cien-descartado-para-la-supercopa\\\/#authorImage\",\"url\":\"https:\\\/\\\/secure.gravatar.com\\\/avatar\\\/df2aeffc32bcd13f8d26072ef8a91b623d677766deac7f97ca815868cd41bf5e?s=96&d=mm&r=g\",\"width\":96,\"height\":96,\"caption\":\"NBAsturias\"}},{\"@type\":\"WebPage\",\"@id\":\"https:\\\/\\\/eldigitaldeasturias.com\\\/radio\\\/zidane-hazard-esta-cien-por-cien-descartado-para-la-supercopa\\\/#webpage\",\"url\":\"https:\\\/\\\/eldigitaldeasturias.com\\\/radio\\\/zidane-hazard-esta-cien-por-cien-descartado-para-la-supercopa\\\/\",\"name\":\"Zidane: \\u00abHazard est\\u00e1 cien por cien descartado para la Supercopa\\u00bb | El Digital de Asturias\",\"description\":\"MADRID, 3 Ene. 2020 (Europa Press) - El entrenador del Real Madrid, Zin\\u00e9dine Zidane, confirm\\u00f3 que el delantero belga Eden Hazard est\\u00e1 \\\"descartado cien por cien\\\" y no viajar\\u00e1 con el equipo a Arabia Saud\\u00ed para jugar la Supercopa de Espa\\u00f1a y espera tenerle de vuelta pronto despu\\u00e9s de su \\\"proceso normal de recuperaci\\u00f3n\\\", aunque destac\\u00f3\",\"inLanguage\":\"es-ES\",\"isPartOf\":{\"@id\":\"https:\\\/\\\/eldigitaldeasturias.com\\\/radio\\\/#website\"},\"breadcrumb\":{\"@id\":\"https:\\\/\\\/eldigitaldeasturias.com\\\/radio\\\/zidane-hazard-esta-cien-por-cien-descartado-para-la-supercopa\\\/#breadcrumblist\"},\"author\":{\"@id\":\"https:\\\/\\\/eldigitaldeasturias.com\\\/radio\\\/author\\\/nbasturias\\\/#author\"},\"creator\":{\"@id\":\"https:\\\/\\\/eldigitaldeasturias.com\\\/radio\\\/author\\\/nbasturias\\\/#author\"},\"image\":{\"@type\":\"ImageObject\",\"url\":\"https:\\\/\\\/eldigitaldeasturias.com\\\/radio\\\/wp-content\\\/uploads\\\/2018\\\/03\\\/football-1406106_1280.jpg\",\"@id\":\"https:\\\/\\\/eldigitaldeasturias.com\\\/radio\\\/zidane-hazard-esta-cien-por-cien-descartado-para-la-supercopa\\\/#mainImage\",\"width\":1280,\"height\":857},\"primaryImageOfPage\":{\"@id\":\"https:\\\/\\\/eldigitaldeasturias.com\\\/radio\\\/zidane-hazard-esta-cien-por-cien-descartado-para-la-supercopa\\\/#mainImage\"},\"datePublished\":\"2020-01-04T05:18:38+01:00\",\"dateModified\":\"2020-01-04T05:18:38+01:00\"},{\"@type\":\"WebSite\",\"@id\":\"https:\\\/\\\/eldigitaldeasturias.com\\\/radio\\\/#website\",\"url\":\"https:\\\/\\\/eldigitaldeasturias.com\\\/radio\\\/\",\"name\":\"El Digital de Asturias\",\"description\":\"Diario de informaci\\u00f3n y noticias\",\"inLanguage\":\"es-ES\",\"publisher\":{\"@id\":\"https:\\\/\\\/eldigitaldeasturias.com\\\/radio\\\/#organization\"}}]}\n\t\t<\/script>\n\t\t<!-- All in One SEO Pro -->\r\n\t\t<title>Zidane: \u00abHazard est\u00e1 cien por cien descartado para la Supercopa\u00bb | El Digital de Asturias<\/title>\n\n","aioseo_head_json":{"title":"Zidane: \u00abHazard est\u00e1 cien por cien descartado para la Supercopa\u00bb | El Digital de Asturias","description":"MADRID, 3 Ene. 2020 (Europa Press) - El entrenador del Real Madrid, Zin\u00e9dine Zidane, confirm\u00f3 que el delantero belga Eden Hazard est\u00e1 \"descartado cien por cien\" y no viajar\u00e1 con el equipo a Arabia Saud\u00ed para jugar la Supercopa de Espa\u00f1a y espera tenerle de vuelta pronto despu\u00e9s de su \"proceso normal de recuperaci\u00f3n\", aunque destac\u00f3","canonical_url":"https:\/\/eldigitaldeasturias.com\/radio\/zidane-hazard-esta-cien-por-cien-descartado-para-la-supercopa\/","robots":"max-image-preview:large","keywords":"noticias","webmasterTools":{"google-site-verification":"UA-38556648-1","miscellaneous":""},"schema":{"@context":"https:\/\/schema.org","@graph":[{"@type":"BreadcrumbList","@id":"https:\/\/eldigitaldeasturias.com\/radio\/zidane-hazard-esta-cien-por-cien-descartado-para-la-supercopa\/#breadcrumblist","itemListElement":[{"@type":"ListItem","@id":"https:\/\/eldigitaldeasturias.com\/radio#listItem","position":1,"name":"Inicio","item":"https:\/\/eldigitaldeasturias.com\/radio","nextItem":{"@type":"ListItem","@id":"https:\/\/eldigitaldeasturias.com\/radio\/category\/noticias\/#listItem","name":"Noticias"}},{"@type":"ListItem","@id":"https:\/\/eldigitaldeasturias.com\/radio\/category\/noticias\/#listItem","position":2,"name":"Noticias","item":"https:\/\/eldigitaldeasturias.com\/radio\/category\/noticias\/","nextItem":{"@type":"ListItem","@id":"https:\/\/eldigitaldeasturias.com\/radio\/zidane-hazard-esta-cien-por-cien-descartado-para-la-supercopa\/#listItem","name":"Zidane: \u00abHazard est\u00e1 cien por cien descartado para la Supercopa\u00bb"},"previousItem":{"@type":"ListItem","@id":"https:\/\/eldigitaldeasturias.com\/radio#listItem","name":"Inicio"}},{"@type":"ListItem","@id":"https:\/\/eldigitaldeasturias.com\/radio\/zidane-hazard-esta-cien-por-cien-descartado-para-la-supercopa\/#listItem","position":3,"name":"Zidane: \u00abHazard est\u00e1 cien por cien descartado para la Supercopa\u00bb","previousItem":{"@type":"ListItem","@id":"https:\/\/eldigitaldeasturias.com\/radio\/category\/noticias\/#listItem","name":"Noticias"}}]},{"@type":"NewsArticle","@id":"https:\/\/eldigitaldeasturias.com\/radio\/zidane-hazard-esta-cien-por-cien-descartado-para-la-supercopa\/#newsarticle","name":"Zidane: \u00abHazard est\u00e1 cien por cien descartado para la Supercopa\u00bb | El Digital de Asturias","headline":"Zidane: \u00abHazard est\u00e1 cien por cien descartado para la Supercopa\u00bb","author":{"@id":"https:\/\/eldigitaldeasturias.com\/radio\/author\/nbasturias\/#author"},"publisher":{"@id":"https:\/\/eldigitaldeasturias.com\/radio\/#organization"},"image":{"@type":"ImageObject","url":"https:\/\/eldigitaldeasturias.com\/radio\/wp-content\/uploads\/2018\/03\/football-1406106_1280.jpg","width":1280,"height":857},"datePublished":"2020-01-04T05:18:38+01:00","dateModified":"2020-01-04T05:18:38+01:00","inLanguage":"es-ES","mainEntityOfPage":{"@id":"https:\/\/eldigitaldeasturias.com\/radio\/zidane-hazard-esta-cien-por-cien-descartado-para-la-supercopa\/#webpage"},"isPartOf":{"@id":"https:\/\/eldigitaldeasturias.com\/radio\/zidane-hazard-esta-cien-por-cien-descartado-para-la-supercopa\/#webpage"},"articleSection":"Noticias","dateline":"Publicado el enero 4, 2020."},{"@type":"Organization","@id":"https:\/\/eldigitaldeasturias.com\/radio\/#organization","name":"El digital de Asturias Radio","description":"Diario de informaci\u00f3n y noticias","url":"https:\/\/eldigitaldeasturias.com\/radio\/","telephone":"+34652131393","logo":{"@type":"ImageObject","url":"https:\/\/www.eldigitaldeasturias.com\/radio\/wp-content\/uploads\/2021\/03\/EDA.jpg","@id":"https:\/\/eldigitaldeasturias.com\/radio\/zidane-hazard-esta-cien-por-cien-descartado-para-la-supercopa\/#organizationLogo"},"image":{"@id":"https:\/\/eldigitaldeasturias.com\/radio\/zidane-hazard-esta-cien-por-cien-descartado-para-la-supercopa\/#organizationLogo"},"sameAs":["https:\/\/www.facebook.com\/","https:\/\/x.com\/bercodi","https:\/\/www.instagram.com\/","https:\/\/www.youtube.com\/channel\/UCZP-2wLEB9Rv6erhFmqVnvg"]},{"@type":"Person","@id":"https:\/\/eldigitaldeasturias.com\/radio\/author\/nbasturias\/#author","url":"https:\/\/eldigitaldeasturias.com\/radio\/author\/nbasturias\/","name":"NBAsturias","image":{"@type":"ImageObject","@id":"https:\/\/eldigitaldeasturias.com\/radio\/zidane-hazard-esta-cien-por-cien-descartado-para-la-supercopa\/#authorImage","url":"https:\/\/secure.gravatar.com\/avatar\/df2aeffc32bcd13f8d26072ef8a91b623d677766deac7f97ca815868cd41bf5e?s=96&d=mm&r=g","width":96,"height":96,"caption":"NBAsturias"}},{"@type":"WebPage","@id":"https:\/\/eldigitaldeasturias.com\/radio\/zidane-hazard-esta-cien-por-cien-descartado-para-la-supercopa\/#webpage","url":"https:\/\/eldigitaldeasturias.com\/radio\/zidane-hazard-esta-cien-por-cien-descartado-para-la-supercopa\/","name":"Zidane: \u00abHazard est\u00e1 cien por cien descartado para la Supercopa\u00bb | El Digital de Asturias","description":"MADRID, 3 Ene. 2020 (Europa Press) - El entrenador del Real Madrid, Zin\u00e9dine Zidane, confirm\u00f3 que el delantero belga Eden Hazard est\u00e1 \"descartado cien por cien\" y no viajar\u00e1 con el equipo a Arabia Saud\u00ed para jugar la Supercopa de Espa\u00f1a y espera tenerle de vuelta pronto despu\u00e9s de su \"proceso normal de recuperaci\u00f3n\", aunque destac\u00f3","inLanguage":"es-ES","isPartOf":{"@id":"https:\/\/eldigitaldeasturias.com\/radio\/#website"},"breadcrumb":{"@id":"https:\/\/eldigitaldeasturias.com\/radio\/zidane-hazard-esta-cien-por-cien-descartado-para-la-supercopa\/#breadcrumblist"},"author":{"@id":"https:\/\/eldigitaldeasturias.com\/radio\/author\/nbasturias\/#author"},"creator":{"@id":"https:\/\/eldigitaldeasturias.com\/radio\/author\/nbasturias\/#author"},"image":{"@type":"ImageObject","url":"https:\/\/eldigitaldeasturias.com\/radio\/wp-content\/uploads\/2018\/03\/football-1406106_1280.jpg","@id":"https:\/\/eldigitaldeasturias.com\/radio\/zidane-hazard-esta-cien-por-cien-descartado-para-la-supercopa\/#mainImage","width":1280,"height":857},"primaryImageOfPage":{"@id":"https:\/\/eldigitaldeasturias.com\/radio\/zidane-hazard-esta-cien-por-cien-descartado-para-la-supercopa\/#mainImage"},"datePublished":"2020-01-04T05:18:38+01:00","dateModified":"2020-01-04T05:18:38+01:00"},{"@type":"WebSite","@id":"https:\/\/eldigitaldeasturias.com\/radio\/#website","url":"https:\/\/eldigitaldeasturias.com\/radio\/","name":"El Digital de Asturias","description":"Diario de informaci\u00f3n y noticias","inLanguage":"es-ES","publisher":{"@id":"https:\/\/eldigitaldeasturias.com\/radio\/#organization"}}]},"og:locale":"es_ES","og:site_name":"El Digital de Asturias | Diario de informaci\u00f3n y noticias","og:type":"article","og:title":"Zidane: \u00abHazard est\u00e1 cien por cien descartado para la Supercopa\u00bb | El Digital de Asturias","og:description":"MADRID, 3 Ene. 2020 (Europa Press) - El entrenador del Real Madrid, Zin\u00e9dine Zidane, confirm\u00f3 que el delantero belga Eden Hazard est\u00e1 &quot;descartado cien por cien&quot; y no viajar\u00e1 con el equipo a Arabia Saud\u00ed para jugar la Supercopa de Espa\u00f1a y espera tenerle de vuelta pronto despu\u00e9s de su &quot;proceso normal de recuperaci\u00f3n&quot;, aunque destac\u00f3","og:url":"https:\/\/eldigitaldeasturias.com\/radio\/zidane-hazard-esta-cien-por-cien-descartado-para-la-supercopa\/","og:image":"https:\/\/eldigitaldeasturias.com\/radio\/wp-content\/uploads\/2018\/03\/football-1406106_1280.jpg","og:image:secure_url":"https:\/\/eldigitaldeasturias.com\/radio\/wp-content\/uploads\/2018\/03\/football-1406106_1280.jpg","og:image:width":1280,"og:image:height":857,"article:published_time":"2020-01-04T05:18:38+00:00","article:modified_time":"2020-01-04T05:18:38+00:00","twitter:card":"summary_large_image","twitter:site":"@bercodi","twitter:title":"Zidane: \u00abHazard est\u00e1 cien por cien descartado para la Supercopa\u00bb | El Digital de Asturias","twitter:description":"MADRID, 3 Ene. 2020 (Europa Press) - El entrenador del Real Madrid, Zin\u00e9dine Zidane, confirm\u00f3 que el delantero belga Eden Hazard est\u00e1 &quot;descartado cien por cien&quot; y no viajar\u00e1 con el equipo a Arabia Saud\u00ed para jugar la Supercopa de Espa\u00f1a y espera tenerle de vuelta pronto despu\u00e9s de su &quot;proceso normal de recuperaci\u00f3n&quot;, aunque destac\u00f3","twitter:creator":"@bercodi","twitter:image":"https:\/\/eldigitaldeasturias.com\/radio\/wp-content\/uploads\/2018\/03\/football-1406106_1280.jpg"},"aioseo_meta_data":{"post_id":"3800","title":null,"description":null,"keywords":null,"keyphrases":null,"primary_term":null,"canonical_url":null,"og_title":null,"og_description":null,"og_object_type":"default","og_image_type":"default","og_image_url":null,"og_image_width":null,"og_image_height":null,"og_image_custom_url":null,"og_image_custom_fields":null,"og_video":null,"og_custom_url":null,"og_article_section":null,"og_article_tags":null,"twitter_use_og":false,"twitter_card":"default","twitter_image_type":"default","twitter_image_url":null,"twitter_image_custom_url":null,"twitter_image_custom_fields":null,"twitter_title":null,"twitter_description":null,"schema":{"blockGraphs":[],"customGraphs":[],"default":{"data":{"Article":[],"Course":[],"Dataset":[],"FAQPage":[],"Movie":[],"Person":[],"Product":[],"ProductReview":[],"Car":[],"Recipe":[],"Service":[],"SoftwareApplication":[],"WebPage":[]},"graphName":"","isEnabled":true},"graphs":[],"defaultGraph":"","defaultPostTypeGraph":""},"schema_type":null,"schema_type_options":null,"pillar_content":false,"robots_default":true,"robots_noindex":false,"robots_noarchive":false,"robots_nosnippet":false,"robots_nofollow":false,"robots_noimageindex":false,"robots_noodp":false,"robots_notranslate":false,"robots_max_snippet":null,"robots_max_videopreview":null,"robots_max_imagepreview":"large","priority":null,"frequency":null,"location":null,"local_seo":null,"seo_analyzer_scan_date":"2025-08-28 14:49:25","breadcrumb_settings":null,"limit_modified_date":false,"open_ai":null,"ai":null,"created":"2021-03-27 05:56:46","updated":"2025-08-28 14:49:25"},"aioseo_breadcrumb":"<div class=\"aioseo-breadcrumbs\"><span class=\"aioseo-breadcrumb\">\n\t<a href=\"https:\/\/eldigitaldeasturias.com\/radio\" title=\"Inicio\">Inicio<\/a>\n<\/span><span class=\"aioseo-breadcrumb-separator\">&ndash;<\/span><span class=\"aioseo-breadcrumb\">\n\t<a href=\"https:\/\/eldigitaldeasturias.com\/radio\/category\/noticias\/\" title=\"Noticias\">Noticias<\/a>\n<\/span><span class=\"aioseo-breadcrumb-separator\">&ndash;<\/span><span class=\"aioseo-breadcrumb\">\n\tZidane: \u00abHazard est\u00e1 cien por cien descartado para la Supercopa\u00bb\n<\/span><\/div>","aioseo_breadcrumb_json":[{"label":"Inicio","link":"https:\/\/eldigitaldeasturias.com\/radio"},{"label":"Noticias","link":"https:\/\/eldigitaldeasturias.com\/radio\/category\/noticias\/"},{"label":"Zidane: \u00abHazard est\u00e1 cien por cien descartado para la Supercopa\u00bb","link":"https:\/\/eldigitaldeasturias.com\/radio\/zidane-hazard-esta-cien-por-cien-descartado-para-la-supercopa\/"}],"_links":{"self":[{"href":"https:\/\/eldigitaldeasturias.com\/radio\/wp-json\/wp\/v2\/posts\/3800","targetHints":{"allow":["GET"]}}],"collection":[{"href":"https:\/\/eldigitaldeasturias.com\/radio\/wp-json\/wp\/v2\/posts"}],"about":[{"href":"https:\/\/eldigitaldeasturias.com\/radio\/wp-json\/wp\/v2\/types\/post"}],"author":[{"embeddable":true,"href":"https:\/\/eldigitaldeasturias.com\/radio\/wp-json\/wp\/v2\/users\/1"}],"replies":[{"embeddable":true,"href":"https:\/\/eldigitaldeasturias.com\/radio\/wp-json\/wp\/v2\/comments?post=3800"}],"version-history":[{"count":0,"href":"https:\/\/eldigitaldeasturias.com\/radio\/wp-json\/wp\/v2\/posts\/3800\/revisions"}],"wp:featuredmedia":[{"embeddable":true,"href":"https:\/\/eldigitaldeasturias.com\/radio\/wp-json\/wp\/v2\/media\/72"}],"wp:attachment":[{"href":"https:\/\/eldigitaldeasturias.com\/radio\/wp-json\/wp\/v2\/media?parent=3800"}],"wp:term":[{"taxonomy":"category","embeddable":true,"href":"https:\/\/eldigitaldeasturias.com\/radio\/wp-json\/wp\/v2\/categories?post=3800"},{"taxonomy":"post_tag","embeddable":true,"href":"https:\/\/eldigitaldeasturias.com\/radio\/wp-json\/wp\/v2\/tags?post=3800"}],"curies":[{"name":"wp","href":"https:\/\/api.w.org\/{rel}","templated":true}]}}