{"id":3722,"date":"2019-12-21T18:10:13","date_gmt":"2019-12-21T18:10:13","guid":{"rendered":"http:\/\/www.eldigitaldeasturias.com\/radio\/?p=3722"},"modified":"2019-12-21T18:15:34","modified_gmt":"2019-12-21T18:15:34","slug":"vacaciones-de-verano-en-la-playa","status":"publish","type":"post","link":"https:\/\/eldigitaldeasturias.com\/radio\/vacaciones-de-verano-en-la-playa\/","title":{"rendered":"Vacaciones de verano en la playa"},"content":{"rendered":"<p><img fetchpriority=\"high\" decoding=\"async\" class=\"alignleft size-medium wp-image-3723\" src=\"http:\/\/www.eldigitaldeasturias.com\/radio\/wp-content\/uploads\/2019\/12\/valencia-playa-360x270.jpg\" alt=\"\" width=\"360\" height=\"270\" srcset=\"https:\/\/eldigitaldeasturias.com\/radio\/wp-content\/uploads\/2019\/12\/valencia-playa-360x270.jpg 360w, https:\/\/eldigitaldeasturias.com\/radio\/wp-content\/uploads\/2019\/12\/valencia-playa-768x576.jpg 768w, https:\/\/eldigitaldeasturias.com\/radio\/wp-content\/uploads\/2019\/12\/valencia-playa.jpg 960w\" sizes=\"(max-width: 360px) 100vw, 360px\" \/>El verano es el momento perfecto del a\u00f1o para acudir a la playa. Por esto, <em><strong>muchas familias de Espa\u00f1a y el mundo escogen ir al Mediterr\u00e1neo durante sus vacaciones de verano<\/strong><\/em>. En este sentido, la costa de Valencia, en especial Oropesa del mar, es uno de los destinos favoritos de millones de turistas cada a\u00f1o.<\/p>\n<p><em><strong>En Oropesa del Mar los turistas tienen acceso a una amplia oferta de playas paradisiacas de azules diversos y fina arena como la Playa de Les Amplaries, la Playa de Morro de Gos y la Playa de La Concha.<\/strong><\/em> Todas ellas cuentan con las mejores infraestructuras y condiciones para asegurar la tranquilidad y el disfrute de los viajeros. \u00a0Adem\u00e1s, Oropesa del Mar pone a tu disposici\u00f3n una oferta variada de diversi\u00f3n, ya que en esta localidad se encuentra la famosa zona tur\u00edstica de <a href=\"https:\/\/www.apartamentosmarina.com\/\" target=\"_blank\" rel=\"noopener noreferrer\"><span style=\"color: #ff6600;\"><strong>Marina D\u2019Or apartamentos<\/strong><\/span><\/a>. En Marina D\u2019Or se encuentra el Parque Acu\u00e1tico de Polinesia, el Parque Aventura D\u2019or y el Jard\u00edn Encantado, los cuales son peque\u00f1os ejemplos de lugares maravillosos donde podr\u00e1s pasarla bien en familia y disfrutar de nuevas experiencias.<\/p>\n<p>Por otro lado, esta \u00e1rea tur\u00edstica <em><strong>tiene hoteles de categor\u00edas 5, 4 y 3 estrellas, as\u00ed como 8 parques de ocio, un centro m\u00e9dico y un balneario de agua marina.<\/strong><\/em><\/p>\n<p>Ocupa una superficie aproximada de 1.400.000 metros cuadrados, de los cuales m\u00e1s de 500.000 metros est\u00e1n destinados a zonas verdes y \u00e1reas ajardinadas, adem\u00e1s de contar con <em><strong>varias dotaciones deportivas y recreativas propias del car\u00e1cter tur\u00edstico de la urbanizaci\u00f3n<\/strong><\/em>.<\/p>\n<p><strong><em>Marina d&#8217;Or se ha caracterizado por una intensa actividad publicitaria en los \u00faltimos a\u00f1os y por el patrocinio de concursos de belleza<\/em><\/strong>, como Miss Espa\u00f1a o diferentes eventos deportivos.<\/p>\n<p>En la misma l\u00ednea, no hay mejor opci\u00f3n en toda Espa\u00f1a que disfrutar de los deliciosos platos t\u00edpicos de la zona. <strong><em>En esta tierra marina destacan delicias culinarias de gran prestigio internacional como gambas, mejillones, d\u00e1tiles de mar y langostas<\/em><\/strong>.<\/p>\n<p>Igualmente, en esta \u00e1rea es muy recomendable degustar los sabrosos platos de zarzuela de mariscos o suquet de peix, pero tambi\u00e9n, es imprescindible disfrutar de una rica paella ya que nos encontramos en tierra valenciana. Y si se trata de reposter\u00eda, ning\u00fan turista puede perderse las oropesinas. Se trata de un irresistible postre de almendras que cautiva el paladar de cualquiera.<\/p>\n<p>Por \u00faltimo, <strong><em>te recomendamos tambi\u00e9n que visites el Poblado \u00edbero de Oropesa la Vella o las Torres vig\u00edas de la Corda y de la Colomera. Tambi\u00e9n, el Castillo de Oropesa del Mar, la Capilla Virgen de la Paciencia y el Faro de Oropesa del Mar<\/em><\/strong> son otros puntos de obligada visita dentro de la localidad.<\/p>\n<p>Como ves, la costa Valenciana es un para\u00edso del mediterr\u00e1neo que esconde innumerables maravillas para los amantes del verano en la playa. As\u00ed que planifica tus vacaciones con tiempo y no te pierdas la oportunidad de darte una escapada familiar a Oropesa del Mar.<\/p>\n","protected":false},"excerpt":{"rendered":"<p>El verano es el momento perfecto del a\u00f1o para acudir a la playa. Por esto, muchas familias de Espa\u00f1a y el mundo escogen ir al Mediterr\u00e1neo durante sus vacaciones de verano. En este sentido, la costa de Valencia, en especial Oropesa del mar, es uno de los destinos favoritos de millones de turistas cada a\u00f1o.<\/p>\n","protected":false},"author":1,"featured_media":3723,"comment_status":"closed","ping_status":"closed","sticky":false,"template":"","format":"standard","meta":{"footnotes":""},"categories":[34],"tags":[],"class_list":{"0":"post-3722","1":"post","2":"type-post","3":"status-publish","4":"format-standard","5":"has-post-thumbnail","7":"category-turismo"},"aioseo_notices":[],"aioseo_head":"\n\t\t<!-- All in One SEO Pro 4.9.6.2 - aioseo.com -->\n\t<meta name=\"description\" content=\"El verano es el momento perfecto del a\u00f1o para acudir a la playa. Por esto, muchas familias de Espa\u00f1a y el mundo escogen ir al Mediterr\u00e1neo durante sus vacaciones de verano. En este sentido, la costa de Valencia, en especial Oropesa del mar, es uno de los destinos favoritos de millones de turistas cada a\u00f1o.\" \/>\n\t<meta name=\"robots\" content=\"max-image-preview:large\" \/>\n\t<meta name=\"author\" content=\"NBAsturias\"\/>\n\t<meta name=\"google-site-verification\" content=\"UA-38556648-1\" \/>\n\t<meta name=\"keywords\" content=\"turismo\" \/>\n\t<link rel=\"canonical\" href=\"https:\/\/eldigitaldeasturias.com\/radio\/vacaciones-de-verano-en-la-playa\/\" \/>\n\t<meta name=\"generator\" content=\"All in One SEO Pro (AIOSEO) 4.9.6.2\" \/>\n\t\t<meta property=\"og:locale\" content=\"es_ES\" \/>\n\t\t<meta property=\"og:site_name\" content=\"El Digital de Asturias | Diario de informaci\u00f3n y noticias\" \/>\n\t\t<meta property=\"og:type\" content=\"article\" \/>\n\t\t<meta property=\"og:title\" content=\"Vacaciones de verano en la playa | El Digital de Asturias\" \/>\n\t\t<meta property=\"og:description\" content=\"El verano es el momento perfecto del a\u00f1o para acudir a la playa. Por esto, muchas familias de Espa\u00f1a y el mundo escogen ir al Mediterr\u00e1neo durante sus vacaciones de verano. En este sentido, la costa de Valencia, en especial Oropesa del mar, es uno de los destinos favoritos de millones de turistas cada a\u00f1o.\" \/>\n\t\t<meta property=\"og:url\" content=\"https:\/\/eldigitaldeasturias.com\/radio\/vacaciones-de-verano-en-la-playa\/\" \/>\n\t\t<meta property=\"og:image\" content=\"https:\/\/eldigitaldeasturias.com\/radio\/wp-content\/uploads\/2019\/12\/valencia-playa.jpg\" \/>\n\t\t<meta property=\"og:image:secure_url\" content=\"https:\/\/eldigitaldeasturias.com\/radio\/wp-content\/uploads\/2019\/12\/valencia-playa.jpg\" \/>\n\t\t<meta property=\"og:image:width\" content=\"960\" \/>\n\t\t<meta property=\"og:image:height\" content=\"720\" \/>\n\t\t<meta property=\"article:published_time\" content=\"2019-12-21T18:10:13+00:00\" \/>\n\t\t<meta property=\"article:modified_time\" content=\"2019-12-21T18:15:34+00:00\" \/>\n\t\t<meta name=\"twitter:card\" content=\"summary_large_image\" \/>\n\t\t<meta name=\"twitter:site\" content=\"@bercodi\" \/>\n\t\t<meta name=\"twitter:title\" content=\"Vacaciones de verano en la playa | El Digital de Asturias\" \/>\n\t\t<meta name=\"twitter:description\" content=\"El verano es el momento perfecto del a\u00f1o para acudir a la playa. Por esto, muchas familias de Espa\u00f1a y el mundo escogen ir al Mediterr\u00e1neo durante sus vacaciones de verano. En este sentido, la costa de Valencia, en especial Oropesa del mar, es uno de los destinos favoritos de millones de turistas cada a\u00f1o.\" \/>\n\t\t<meta name=\"twitter:creator\" content=\"@bercodi\" \/>\n\t\t<meta name=\"twitter:image\" content=\"https:\/\/eldigitaldeasturias.com\/radio\/wp-content\/uploads\/2019\/12\/valencia-playa.jpg\" \/>\n\t\t<script type=\"application\/ld+json\" class=\"aioseo-schema\">\n\t\t\t{\"@context\":\"https:\\\/\\\/schema.org\",\"@graph\":[{\"@type\":\"BreadcrumbList\",\"@id\":\"https:\\\/\\\/eldigitaldeasturias.com\\\/radio\\\/vacaciones-de-verano-en-la-playa\\\/#breadcrumblist\",\"itemListElement\":[{\"@type\":\"ListItem\",\"@id\":\"https:\\\/\\\/eldigitaldeasturias.com\\\/radio#listItem\",\"position\":1,\"name\":\"Inicio\",\"item\":\"https:\\\/\\\/eldigitaldeasturias.com\\\/radio\",\"nextItem\":{\"@type\":\"ListItem\",\"@id\":\"https:\\\/\\\/eldigitaldeasturias.com\\\/radio\\\/category\\\/turismo\\\/#listItem\",\"name\":\"Turismo\"}},{\"@type\":\"ListItem\",\"@id\":\"https:\\\/\\\/eldigitaldeasturias.com\\\/radio\\\/category\\\/turismo\\\/#listItem\",\"position\":2,\"name\":\"Turismo\",\"item\":\"https:\\\/\\\/eldigitaldeasturias.com\\\/radio\\\/category\\\/turismo\\\/\",\"nextItem\":{\"@type\":\"ListItem\",\"@id\":\"https:\\\/\\\/eldigitaldeasturias.com\\\/radio\\\/vacaciones-de-verano-en-la-playa\\\/#listItem\",\"name\":\"Vacaciones de verano en la playa\"},\"previousItem\":{\"@type\":\"ListItem\",\"@id\":\"https:\\\/\\\/eldigitaldeasturias.com\\\/radio#listItem\",\"name\":\"Inicio\"}},{\"@type\":\"ListItem\",\"@id\":\"https:\\\/\\\/eldigitaldeasturias.com\\\/radio\\\/vacaciones-de-verano-en-la-playa\\\/#listItem\",\"position\":3,\"name\":\"Vacaciones de verano en la playa\",\"previousItem\":{\"@type\":\"ListItem\",\"@id\":\"https:\\\/\\\/eldigitaldeasturias.com\\\/radio\\\/category\\\/turismo\\\/#listItem\",\"name\":\"Turismo\"}}]},{\"@type\":\"NewsArticle\",\"@id\":\"https:\\\/\\\/eldigitaldeasturias.com\\\/radio\\\/vacaciones-de-verano-en-la-playa\\\/#newsarticle\",\"name\":\"Vacaciones de verano en la playa | El Digital de Asturias\",\"headline\":\"Vacaciones de verano en la playa\",\"author\":{\"@id\":\"https:\\\/\\\/eldigitaldeasturias.com\\\/radio\\\/author\\\/nbasturias\\\/#author\"},\"publisher\":{\"@id\":\"https:\\\/\\\/eldigitaldeasturias.com\\\/radio\\\/#organization\"},\"image\":{\"@type\":\"ImageObject\",\"url\":\"https:\\\/\\\/eldigitaldeasturias.com\\\/radio\\\/wp-content\\\/uploads\\\/2019\\\/12\\\/valencia-playa.jpg\",\"width\":960,\"height\":720},\"datePublished\":\"2019-12-21T18:10:13+01:00\",\"dateModified\":\"2019-12-21T18:15:34+01:00\",\"inLanguage\":\"es-ES\",\"mainEntityOfPage\":{\"@id\":\"https:\\\/\\\/eldigitaldeasturias.com\\\/radio\\\/vacaciones-de-verano-en-la-playa\\\/#webpage\"},\"isPartOf\":{\"@id\":\"https:\\\/\\\/eldigitaldeasturias.com\\\/radio\\\/vacaciones-de-verano-en-la-playa\\\/#webpage\"},\"articleSection\":\"Turismo\",\"dateline\":\"Publicado el diciembre 21, 2019.\"},{\"@type\":\"Organization\",\"@id\":\"https:\\\/\\\/eldigitaldeasturias.com\\\/radio\\\/#organization\",\"name\":\"El digital de Asturias Radio\",\"description\":\"Diario de informaci\\u00f3n y noticias\",\"url\":\"https:\\\/\\\/eldigitaldeasturias.com\\\/radio\\\/\",\"telephone\":\"+34652131393\",\"logo\":{\"@type\":\"ImageObject\",\"url\":\"https:\\\/\\\/www.eldigitaldeasturias.com\\\/radio\\\/wp-content\\\/uploads\\\/2021\\\/03\\\/EDA.jpg\",\"@id\":\"https:\\\/\\\/eldigitaldeasturias.com\\\/radio\\\/vacaciones-de-verano-en-la-playa\\\/#organizationLogo\"},\"image\":{\"@id\":\"https:\\\/\\\/eldigitaldeasturias.com\\\/radio\\\/vacaciones-de-verano-en-la-playa\\\/#organizationLogo\"},\"sameAs\":[\"https:\\\/\\\/www.facebook.com\\\/\",\"https:\\\/\\\/x.com\\\/bercodi\",\"https:\\\/\\\/www.instagram.com\\\/\",\"https:\\\/\\\/www.youtube.com\\\/channel\\\/UCZP-2wLEB9Rv6erhFmqVnvg\"]},{\"@type\":\"Person\",\"@id\":\"https:\\\/\\\/eldigitaldeasturias.com\\\/radio\\\/author\\\/nbasturias\\\/#author\",\"url\":\"https:\\\/\\\/eldigitaldeasturias.com\\\/radio\\\/author\\\/nbasturias\\\/\",\"name\":\"NBAsturias\",\"image\":{\"@type\":\"ImageObject\",\"@id\":\"https:\\\/\\\/eldigitaldeasturias.com\\\/radio\\\/vacaciones-de-verano-en-la-playa\\\/#authorImage\",\"url\":\"https:\\\/\\\/secure.gravatar.com\\\/avatar\\\/df2aeffc32bcd13f8d26072ef8a91b623d677766deac7f97ca815868cd41bf5e?s=96&d=mm&r=g\",\"width\":96,\"height\":96,\"caption\":\"NBAsturias\"}},{\"@type\":\"WebPage\",\"@id\":\"https:\\\/\\\/eldigitaldeasturias.com\\\/radio\\\/vacaciones-de-verano-en-la-playa\\\/#webpage\",\"url\":\"https:\\\/\\\/eldigitaldeasturias.com\\\/radio\\\/vacaciones-de-verano-en-la-playa\\\/\",\"name\":\"Vacaciones de verano en la playa | El Digital de Asturias\",\"description\":\"El verano es el momento perfecto del a\\u00f1o para acudir a la playa. Por esto, muchas familias de Espa\\u00f1a y el mundo escogen ir al Mediterr\\u00e1neo durante sus vacaciones de verano. En este sentido, la costa de Valencia, en especial Oropesa del mar, es uno de los destinos favoritos de millones de turistas cada a\\u00f1o.\",\"inLanguage\":\"es-ES\",\"isPartOf\":{\"@id\":\"https:\\\/\\\/eldigitaldeasturias.com\\\/radio\\\/#website\"},\"breadcrumb\":{\"@id\":\"https:\\\/\\\/eldigitaldeasturias.com\\\/radio\\\/vacaciones-de-verano-en-la-playa\\\/#breadcrumblist\"},\"author\":{\"@id\":\"https:\\\/\\\/eldigitaldeasturias.com\\\/radio\\\/author\\\/nbasturias\\\/#author\"},\"creator\":{\"@id\":\"https:\\\/\\\/eldigitaldeasturias.com\\\/radio\\\/author\\\/nbasturias\\\/#author\"},\"image\":{\"@type\":\"ImageObject\",\"url\":\"https:\\\/\\\/eldigitaldeasturias.com\\\/radio\\\/wp-content\\\/uploads\\\/2019\\\/12\\\/valencia-playa.jpg\",\"@id\":\"https:\\\/\\\/eldigitaldeasturias.com\\\/radio\\\/vacaciones-de-verano-en-la-playa\\\/#mainImage\",\"width\":960,\"height\":720},\"primaryImageOfPage\":{\"@id\":\"https:\\\/\\\/eldigitaldeasturias.com\\\/radio\\\/vacaciones-de-verano-en-la-playa\\\/#mainImage\"},\"datePublished\":\"2019-12-21T18:10:13+01:00\",\"dateModified\":\"2019-12-21T18:15:34+01:00\"},{\"@type\":\"WebSite\",\"@id\":\"https:\\\/\\\/eldigitaldeasturias.com\\\/radio\\\/#website\",\"url\":\"https:\\\/\\\/eldigitaldeasturias.com\\\/radio\\\/\",\"name\":\"El Digital de Asturias\",\"description\":\"Diario de informaci\\u00f3n y noticias\",\"inLanguage\":\"es-ES\",\"publisher\":{\"@id\":\"https:\\\/\\\/eldigitaldeasturias.com\\\/radio\\\/#organization\"}}]}\n\t\t<\/script>\n\t\t<!-- All in One SEO Pro -->\r\n\t\t<title>Vacaciones de verano en la playa | El Digital de Asturias<\/title>\n\n","aioseo_head_json":{"title":"Vacaciones de verano en la playa | El Digital de Asturias","description":"El verano es el momento perfecto del a\u00f1o para acudir a la playa. Por esto, muchas familias de Espa\u00f1a y el mundo escogen ir al Mediterr\u00e1neo durante sus vacaciones de verano. En este sentido, la costa de Valencia, en especial Oropesa del mar, es uno de los destinos favoritos de millones de turistas cada a\u00f1o.","canonical_url":"https:\/\/eldigitaldeasturias.com\/radio\/vacaciones-de-verano-en-la-playa\/","robots":"max-image-preview:large","keywords":"turismo","webmasterTools":{"google-site-verification":"UA-38556648-1","miscellaneous":""},"schema":{"@context":"https:\/\/schema.org","@graph":[{"@type":"BreadcrumbList","@id":"https:\/\/eldigitaldeasturias.com\/radio\/vacaciones-de-verano-en-la-playa\/#breadcrumblist","itemListElement":[{"@type":"ListItem","@id":"https:\/\/eldigitaldeasturias.com\/radio#listItem","position":1,"name":"Inicio","item":"https:\/\/eldigitaldeasturias.com\/radio","nextItem":{"@type":"ListItem","@id":"https:\/\/eldigitaldeasturias.com\/radio\/category\/turismo\/#listItem","name":"Turismo"}},{"@type":"ListItem","@id":"https:\/\/eldigitaldeasturias.com\/radio\/category\/turismo\/#listItem","position":2,"name":"Turismo","item":"https:\/\/eldigitaldeasturias.com\/radio\/category\/turismo\/","nextItem":{"@type":"ListItem","@id":"https:\/\/eldigitaldeasturias.com\/radio\/vacaciones-de-verano-en-la-playa\/#listItem","name":"Vacaciones de verano en la playa"},"previousItem":{"@type":"ListItem","@id":"https:\/\/eldigitaldeasturias.com\/radio#listItem","name":"Inicio"}},{"@type":"ListItem","@id":"https:\/\/eldigitaldeasturias.com\/radio\/vacaciones-de-verano-en-la-playa\/#listItem","position":3,"name":"Vacaciones de verano en la playa","previousItem":{"@type":"ListItem","@id":"https:\/\/eldigitaldeasturias.com\/radio\/category\/turismo\/#listItem","name":"Turismo"}}]},{"@type":"NewsArticle","@id":"https:\/\/eldigitaldeasturias.com\/radio\/vacaciones-de-verano-en-la-playa\/#newsarticle","name":"Vacaciones de verano en la playa | El Digital de Asturias","headline":"Vacaciones de verano en la playa","author":{"@id":"https:\/\/eldigitaldeasturias.com\/radio\/author\/nbasturias\/#author"},"publisher":{"@id":"https:\/\/eldigitaldeasturias.com\/radio\/#organization"},"image":{"@type":"ImageObject","url":"https:\/\/eldigitaldeasturias.com\/radio\/wp-content\/uploads\/2019\/12\/valencia-playa.jpg","width":960,"height":720},"datePublished":"2019-12-21T18:10:13+01:00","dateModified":"2019-12-21T18:15:34+01:00","inLanguage":"es-ES","mainEntityOfPage":{"@id":"https:\/\/eldigitaldeasturias.com\/radio\/vacaciones-de-verano-en-la-playa\/#webpage"},"isPartOf":{"@id":"https:\/\/eldigitaldeasturias.com\/radio\/vacaciones-de-verano-en-la-playa\/#webpage"},"articleSection":"Turismo","dateline":"Publicado el diciembre 21, 2019."},{"@type":"Organization","@id":"https:\/\/eldigitaldeasturias.com\/radio\/#organization","name":"El digital de Asturias Radio","description":"Diario de informaci\u00f3n y noticias","url":"https:\/\/eldigitaldeasturias.com\/radio\/","telephone":"+34652131393","logo":{"@type":"ImageObject","url":"https:\/\/www.eldigitaldeasturias.com\/radio\/wp-content\/uploads\/2021\/03\/EDA.jpg","@id":"https:\/\/eldigitaldeasturias.com\/radio\/vacaciones-de-verano-en-la-playa\/#organizationLogo"},"image":{"@id":"https:\/\/eldigitaldeasturias.com\/radio\/vacaciones-de-verano-en-la-playa\/#organizationLogo"},"sameAs":["https:\/\/www.facebook.com\/","https:\/\/x.com\/bercodi","https:\/\/www.instagram.com\/","https:\/\/www.youtube.com\/channel\/UCZP-2wLEB9Rv6erhFmqVnvg"]},{"@type":"Person","@id":"https:\/\/eldigitaldeasturias.com\/radio\/author\/nbasturias\/#author","url":"https:\/\/eldigitaldeasturias.com\/radio\/author\/nbasturias\/","name":"NBAsturias","image":{"@type":"ImageObject","@id":"https:\/\/eldigitaldeasturias.com\/radio\/vacaciones-de-verano-en-la-playa\/#authorImage","url":"https:\/\/secure.gravatar.com\/avatar\/df2aeffc32bcd13f8d26072ef8a91b623d677766deac7f97ca815868cd41bf5e?s=96&d=mm&r=g","width":96,"height":96,"caption":"NBAsturias"}},{"@type":"WebPage","@id":"https:\/\/eldigitaldeasturias.com\/radio\/vacaciones-de-verano-en-la-playa\/#webpage","url":"https:\/\/eldigitaldeasturias.com\/radio\/vacaciones-de-verano-en-la-playa\/","name":"Vacaciones de verano en la playa | El Digital de Asturias","description":"El verano es el momento perfecto del a\u00f1o para acudir a la playa. Por esto, muchas familias de Espa\u00f1a y el mundo escogen ir al Mediterr\u00e1neo durante sus vacaciones de verano. En este sentido, la costa de Valencia, en especial Oropesa del mar, es uno de los destinos favoritos de millones de turistas cada a\u00f1o.","inLanguage":"es-ES","isPartOf":{"@id":"https:\/\/eldigitaldeasturias.com\/radio\/#website"},"breadcrumb":{"@id":"https:\/\/eldigitaldeasturias.com\/radio\/vacaciones-de-verano-en-la-playa\/#breadcrumblist"},"author":{"@id":"https:\/\/eldigitaldeasturias.com\/radio\/author\/nbasturias\/#author"},"creator":{"@id":"https:\/\/eldigitaldeasturias.com\/radio\/author\/nbasturias\/#author"},"image":{"@type":"ImageObject","url":"https:\/\/eldigitaldeasturias.com\/radio\/wp-content\/uploads\/2019\/12\/valencia-playa.jpg","@id":"https:\/\/eldigitaldeasturias.com\/radio\/vacaciones-de-verano-en-la-playa\/#mainImage","width":960,"height":720},"primaryImageOfPage":{"@id":"https:\/\/eldigitaldeasturias.com\/radio\/vacaciones-de-verano-en-la-playa\/#mainImage"},"datePublished":"2019-12-21T18:10:13+01:00","dateModified":"2019-12-21T18:15:34+01:00"},{"@type":"WebSite","@id":"https:\/\/eldigitaldeasturias.com\/radio\/#website","url":"https:\/\/eldigitaldeasturias.com\/radio\/","name":"El Digital de Asturias","description":"Diario de informaci\u00f3n y noticias","inLanguage":"es-ES","publisher":{"@id":"https:\/\/eldigitaldeasturias.com\/radio\/#organization"}}]},"og:locale":"es_ES","og:site_name":"El Digital de Asturias | Diario de informaci\u00f3n y noticias","og:type":"article","og:title":"Vacaciones de verano en la playa | El Digital de Asturias","og:description":"El verano es el momento perfecto del a\u00f1o para acudir a la playa. Por esto, muchas familias de Espa\u00f1a y el mundo escogen ir al Mediterr\u00e1neo durante sus vacaciones de verano. En este sentido, la costa de Valencia, en especial Oropesa del mar, es uno de los destinos favoritos de millones de turistas cada a\u00f1o.","og:url":"https:\/\/eldigitaldeasturias.com\/radio\/vacaciones-de-verano-en-la-playa\/","og:image":"https:\/\/eldigitaldeasturias.com\/radio\/wp-content\/uploads\/2019\/12\/valencia-playa.jpg","og:image:secure_url":"https:\/\/eldigitaldeasturias.com\/radio\/wp-content\/uploads\/2019\/12\/valencia-playa.jpg","og:image:width":960,"og:image:height":720,"article:published_time":"2019-12-21T18:10:13+00:00","article:modified_time":"2019-12-21T18:15:34+00:00","twitter:card":"summary_large_image","twitter:site":"@bercodi","twitter:title":"Vacaciones de verano en la playa | El Digital de Asturias","twitter:description":"El verano es el momento perfecto del a\u00f1o para acudir a la playa. Por esto, muchas familias de Espa\u00f1a y el mundo escogen ir al Mediterr\u00e1neo durante sus vacaciones de verano. En este sentido, la costa de Valencia, en especial Oropesa del mar, es uno de los destinos favoritos de millones de turistas cada a\u00f1o.","twitter:creator":"@bercodi","twitter:image":"https:\/\/eldigitaldeasturias.com\/radio\/wp-content\/uploads\/2019\/12\/valencia-playa.jpg"},"aioseo_meta_data":{"post_id":"3722","title":null,"description":null,"keywords":null,"keyphrases":null,"primary_term":null,"canonical_url":null,"og_title":null,"og_description":null,"og_object_type":"default","og_image_type":"default","og_image_url":null,"og_image_width":null,"og_image_height":null,"og_image_custom_url":null,"og_image_custom_fields":null,"og_video":null,"og_custom_url":null,"og_article_section":null,"og_article_tags":null,"twitter_use_og":false,"twitter_card":"default","twitter_image_type":"default","twitter_image_url":null,"twitter_image_custom_url":null,"twitter_image_custom_fields":null,"twitter_title":null,"twitter_description":null,"schema":{"blockGraphs":[],"customGraphs":[],"default":{"data":{"Article":[],"Course":[],"Dataset":[],"FAQPage":[],"Movie":[],"Person":[],"Product":[],"ProductReview":[],"Car":[],"Recipe":[],"Service":[],"SoftwareApplication":[],"WebPage":[]},"graphName":"","isEnabled":true},"graphs":[],"defaultGraph":"","defaultPostTypeGraph":""},"schema_type":null,"schema_type_options":null,"pillar_content":false,"robots_default":true,"robots_noindex":false,"robots_noarchive":false,"robots_nosnippet":false,"robots_nofollow":false,"robots_noimageindex":false,"robots_noodp":false,"robots_notranslate":false,"robots_max_snippet":null,"robots_max_videopreview":null,"robots_max_imagepreview":"large","priority":null,"frequency":null,"location":null,"local_seo":null,"seo_analyzer_scan_date":"2025-08-28 14:47:23","breadcrumb_settings":null,"limit_modified_date":false,"open_ai":null,"ai":null,"created":"2021-03-25 11:48:53","updated":"2025-08-28 14:47:23"},"aioseo_breadcrumb":"<div class=\"aioseo-breadcrumbs\"><span class=\"aioseo-breadcrumb\">\n\t<a href=\"https:\/\/eldigitaldeasturias.com\/radio\" title=\"Inicio\">Inicio<\/a>\n<\/span><span class=\"aioseo-breadcrumb-separator\">&ndash;<\/span><span class=\"aioseo-breadcrumb\">\n\t<a href=\"https:\/\/eldigitaldeasturias.com\/radio\/category\/turismo\/\" title=\"Turismo\">Turismo<\/a>\n<\/span><span class=\"aioseo-breadcrumb-separator\">&ndash;<\/span><span class=\"aioseo-breadcrumb\">\n\tVacaciones de verano en la playa\n<\/span><\/div>","aioseo_breadcrumb_json":[{"label":"Inicio","link":"https:\/\/eldigitaldeasturias.com\/radio"},{"label":"Turismo","link":"https:\/\/eldigitaldeasturias.com\/radio\/category\/turismo\/"},{"label":"Vacaciones de verano en la playa","link":"https:\/\/eldigitaldeasturias.com\/radio\/vacaciones-de-verano-en-la-playa\/"}],"_links":{"self":[{"href":"https:\/\/eldigitaldeasturias.com\/radio\/wp-json\/wp\/v2\/posts\/3722","targetHints":{"allow":["GET"]}}],"collection":[{"href":"https:\/\/eldigitaldeasturias.com\/radio\/wp-json\/wp\/v2\/posts"}],"about":[{"href":"https:\/\/eldigitaldeasturias.com\/radio\/wp-json\/wp\/v2\/types\/post"}],"author":[{"embeddable":true,"href":"https:\/\/eldigitaldeasturias.com\/radio\/wp-json\/wp\/v2\/users\/1"}],"replies":[{"embeddable":true,"href":"https:\/\/eldigitaldeasturias.com\/radio\/wp-json\/wp\/v2\/comments?post=3722"}],"version-history":[{"count":0,"href":"https:\/\/eldigitaldeasturias.com\/radio\/wp-json\/wp\/v2\/posts\/3722\/revisions"}],"wp:featuredmedia":[{"embeddable":true,"href":"https:\/\/eldigitaldeasturias.com\/radio\/wp-json\/wp\/v2\/media\/3723"}],"wp:attachment":[{"href":"https:\/\/eldigitaldeasturias.com\/radio\/wp-json\/wp\/v2\/media?parent=3722"}],"wp:term":[{"taxonomy":"category","embeddable":true,"href":"https:\/\/eldigitaldeasturias.com\/radio\/wp-json\/wp\/v2\/categories?post=3722"},{"taxonomy":"post_tag","embeddable":true,"href":"https:\/\/eldigitaldeasturias.com\/radio\/wp-json\/wp\/v2\/tags?post=3722"}],"curies":[{"name":"wp","href":"https:\/\/api.w.org\/{rel}","templated":true}]}}