{"id":3679,"date":"2019-12-19T14:23:37","date_gmt":"2019-12-19T14:23:37","guid":{"rendered":"http:\/\/www.eldigitaldeasturias.com\/radio\/?p=3679"},"modified":"2019-12-19T16:11:54","modified_gmt":"2019-12-19T16:11:54","slug":"alemania-recuerda-a-las-victimas-del-atentado-en-el-mercadillo-navideno","status":"publish","type":"post","link":"https:\/\/eldigitaldeasturias.com\/radio\/alemania-recuerda-a-las-victimas-del-atentado-en-el-mercadillo-navideno\/","title":{"rendered":"Alemania recuerda a las v\u00edctimas del atentado en el mercadillo navide\u00f1o"},"content":{"rendered":"<p>Berl\u00edn, 19 dic (dpa) &#8211; El presidente del Parlamento alem\u00e1n, Wolfgang Sch\u00e4uble, conmemor\u00f3 hoy a las doce v\u00edctimas mortales y numerosas personas heridas del atentado terrorista perpetrado hace tres a\u00f1os en un mercadillo navide\u00f1o en la <strong>c\u00e9ntrica plaza Breitscheidplatz en Berl\u00edn<\/strong>.<\/p>\n<p>\u00abTodas estas v\u00edctimas no han ca\u00eddo en el olvido. El crimen dej\u00f3 profundas heridas, duelo a los familiares de los difuntos, dolor y trauma a las personas afectadas y una herida incurable en nuestra sociedad. Porque vemos que la democracia liberal es vulnerable\u00bb, dijo Sch\u00e4uble.<\/p>\n<p>En su opini\u00f3n, el Estado no puede garantizar la seguridad por completo. <strong>\u00abPero en Alemania hacemos todo lo posible para proteger la libertad de cada individuo\u00bb<\/strong>, agreg\u00f3.<\/p>\n<p>Sch\u00e4uble se refiri\u00f3 al hecho de que una comisi\u00f3n especial del Bundestag se encarga de investigar el atentado y ya se aclararon las responsabilidades, se sacaron conclusiones y se eliminaron los puntos d\u00e9biles en la cooperaci\u00f3n de las autoridades a fin de luchar m\u00e1s eficazmente contra el terrorismo.<\/p>\n<p>\u00abPero, sobre todo, las v\u00edctimas de los atentados necesitan nuestra empat\u00eda, el reconocimiento de su sufrimiento irreparable\u00bb, recalc\u00f3 Sch\u00e4uble. \u00abLa humanidad de esta sociedad se mide por c\u00f3mo le hacemos justicia\u00bb, concluy\u00f3.<\/p>\n<p>El 19 de diciembre de 2016, el islamista tunecino Anis Amri embisti\u00f3 con un cami\u00f3n a los visitantes del mercado navide\u00f1o ubicado en la zona c\u00e9ntrica del oeste de Berl\u00edn.<\/p>\n<p>El ataque se cobr\u00f3 la vida de doce personas y dej\u00f3 heridas a unas 70. El atentado fue reivindicado por la milicia terrorista Estado Isl\u00e1mico. Amri fue ultimado a balazos por polic\u00edas italianos en Mil\u00e1n cuatro d\u00edas despu\u00e9s cuando era buscado en toda Europa.<\/p>\n<p>&nbsp;<\/p>\n<p>&nbsp;<\/p>\n","protected":false},"excerpt":{"rendered":"<p>Berl\u00edn, 19 dic (dpa) &#8211; El presidente del Parlamento alem\u00e1n, Wolfgang Sch\u00e4uble, conmemor\u00f3 hoy a las doce v\u00edctimas mortales y numerosas personas heridas del atentado terrorista perpetrado hace tres a\u00f1os en un mercadillo navide\u00f1o en la c\u00e9ntrica plaza Breitscheidplatz en Berl\u00edn. \u00abTodas estas v\u00edctimas no han ca\u00eddo en el olvido. El crimen dej\u00f3 profundas heridas,<\/p>\n","protected":false},"author":1,"featured_media":1352,"comment_status":"closed","ping_status":"closed","sticky":false,"template":"","format":"standard","meta":{"footnotes":""},"categories":[1],"tags":[],"class_list":{"0":"post-3679","1":"post","2":"type-post","3":"status-publish","4":"format-standard","5":"has-post-thumbnail","7":"category-noticias"},"aioseo_notices":[],"aioseo_head":"\n\t\t<!-- All in One SEO Pro 4.9.6.2 - aioseo.com -->\n\t<meta name=\"description\" content=\"Berl\u00edn, 19 dic (dpa) - El presidente del Parlamento alem\u00e1n, Wolfgang Sch\u00e4uble, conmemor\u00f3 hoy a las doce v\u00edctimas mortales y numerosas personas heridas del atentado terrorista perpetrado hace tres a\u00f1os en un mercadillo navide\u00f1o en la c\u00e9ntrica plaza Breitscheidplatz en Berl\u00edn. &quot;Todas estas v\u00edctimas no han ca\u00eddo en el olvido. El crimen dej\u00f3 profundas heridas,\" \/>\n\t<meta name=\"robots\" content=\"max-image-preview:large\" \/>\n\t<meta name=\"author\" content=\"NBAsturias\"\/>\n\t<meta name=\"google-site-verification\" content=\"UA-38556648-1\" \/>\n\t<meta name=\"keywords\" content=\"noticias\" \/>\n\t<link rel=\"canonical\" href=\"https:\/\/eldigitaldeasturias.com\/radio\/alemania-recuerda-a-las-victimas-del-atentado-en-el-mercadillo-navideno\/\" \/>\n\t<meta name=\"generator\" content=\"All in One SEO Pro (AIOSEO) 4.9.6.2\" \/>\n\t\t<meta property=\"og:locale\" content=\"es_ES\" \/>\n\t\t<meta property=\"og:site_name\" content=\"El Digital de Asturias | Diario de informaci\u00f3n y noticias\" \/>\n\t\t<meta property=\"og:type\" content=\"article\" \/>\n\t\t<meta property=\"og:title\" content=\"Alemania recuerda a las v\u00edctimas del atentado en el mercadillo navide\u00f1o | El Digital de Asturias\" \/>\n\t\t<meta property=\"og:description\" content=\"Berl\u00edn, 19 dic (dpa) - El presidente del Parlamento alem\u00e1n, Wolfgang Sch\u00e4uble, conmemor\u00f3 hoy a las doce v\u00edctimas mortales y numerosas personas heridas del atentado terrorista perpetrado hace tres a\u00f1os en un mercadillo navide\u00f1o en la c\u00e9ntrica plaza Breitscheidplatz en Berl\u00edn. &quot;Todas estas v\u00edctimas no han ca\u00eddo en el olvido. El crimen dej\u00f3 profundas heridas,\" \/>\n\t\t<meta property=\"og:url\" content=\"https:\/\/eldigitaldeasturias.com\/radio\/alemania-recuerda-a-las-victimas-del-atentado-en-el-mercadillo-navideno\/\" \/>\n\t\t<meta property=\"og:image\" content=\"https:\/\/eldigitaldeasturias.com\/radio\/wp-content\/uploads\/2018\/10\/technology-785742_960_720.jpg\" \/>\n\t\t<meta property=\"og:image:secure_url\" content=\"https:\/\/eldigitaldeasturias.com\/radio\/wp-content\/uploads\/2018\/10\/technology-785742_960_720.jpg\" \/>\n\t\t<meta property=\"og:image:width\" content=\"960\" \/>\n\t\t<meta property=\"og:image:height\" content=\"640\" \/>\n\t\t<meta property=\"article:published_time\" content=\"2019-12-19T14:23:37+00:00\" \/>\n\t\t<meta property=\"article:modified_time\" content=\"2019-12-19T16:11:54+00:00\" \/>\n\t\t<meta name=\"twitter:card\" content=\"summary_large_image\" \/>\n\t\t<meta name=\"twitter:site\" content=\"@bercodi\" \/>\n\t\t<meta name=\"twitter:title\" content=\"Alemania recuerda a las v\u00edctimas del atentado en el mercadillo navide\u00f1o | El Digital de Asturias\" \/>\n\t\t<meta name=\"twitter:description\" content=\"Berl\u00edn, 19 dic (dpa) - El presidente del Parlamento alem\u00e1n, Wolfgang Sch\u00e4uble, conmemor\u00f3 hoy a las doce v\u00edctimas mortales y numerosas personas heridas del atentado terrorista perpetrado hace tres a\u00f1os en un mercadillo navide\u00f1o en la c\u00e9ntrica plaza Breitscheidplatz en Berl\u00edn. &quot;Todas estas v\u00edctimas no han ca\u00eddo en el olvido. El crimen dej\u00f3 profundas heridas,\" \/>\n\t\t<meta name=\"twitter:creator\" content=\"@bercodi\" \/>\n\t\t<meta name=\"twitter:image\" content=\"https:\/\/eldigitaldeasturias.com\/radio\/wp-content\/uploads\/2018\/10\/technology-785742_960_720.jpg\" \/>\n\t\t<script type=\"application\/ld+json\" class=\"aioseo-schema\">\n\t\t\t{\"@context\":\"https:\\\/\\\/schema.org\",\"@graph\":[{\"@type\":\"BreadcrumbList\",\"@id\":\"https:\\\/\\\/eldigitaldeasturias.com\\\/radio\\\/alemania-recuerda-a-las-victimas-del-atentado-en-el-mercadillo-navideno\\\/#breadcrumblist\",\"itemListElement\":[{\"@type\":\"ListItem\",\"@id\":\"https:\\\/\\\/eldigitaldeasturias.com\\\/radio#listItem\",\"position\":1,\"name\":\"Inicio\",\"item\":\"https:\\\/\\\/eldigitaldeasturias.com\\\/radio\",\"nextItem\":{\"@type\":\"ListItem\",\"@id\":\"https:\\\/\\\/eldigitaldeasturias.com\\\/radio\\\/category\\\/noticias\\\/#listItem\",\"name\":\"Noticias\"}},{\"@type\":\"ListItem\",\"@id\":\"https:\\\/\\\/eldigitaldeasturias.com\\\/radio\\\/category\\\/noticias\\\/#listItem\",\"position\":2,\"name\":\"Noticias\",\"item\":\"https:\\\/\\\/eldigitaldeasturias.com\\\/radio\\\/category\\\/noticias\\\/\",\"nextItem\":{\"@type\":\"ListItem\",\"@id\":\"https:\\\/\\\/eldigitaldeasturias.com\\\/radio\\\/alemania-recuerda-a-las-victimas-del-atentado-en-el-mercadillo-navideno\\\/#listItem\",\"name\":\"Alemania recuerda a las v\\u00edctimas del atentado en el mercadillo navide\\u00f1o\"},\"previousItem\":{\"@type\":\"ListItem\",\"@id\":\"https:\\\/\\\/eldigitaldeasturias.com\\\/radio#listItem\",\"name\":\"Inicio\"}},{\"@type\":\"ListItem\",\"@id\":\"https:\\\/\\\/eldigitaldeasturias.com\\\/radio\\\/alemania-recuerda-a-las-victimas-del-atentado-en-el-mercadillo-navideno\\\/#listItem\",\"position\":3,\"name\":\"Alemania recuerda a las v\\u00edctimas del atentado en el mercadillo navide\\u00f1o\",\"previousItem\":{\"@type\":\"ListItem\",\"@id\":\"https:\\\/\\\/eldigitaldeasturias.com\\\/radio\\\/category\\\/noticias\\\/#listItem\",\"name\":\"Noticias\"}}]},{\"@type\":\"NewsArticle\",\"@id\":\"https:\\\/\\\/eldigitaldeasturias.com\\\/radio\\\/alemania-recuerda-a-las-victimas-del-atentado-en-el-mercadillo-navideno\\\/#newsarticle\",\"name\":\"Alemania recuerda a las v\\u00edctimas del atentado en el mercadillo navide\\u00f1o | El Digital de Asturias\",\"headline\":\"Alemania recuerda a las v\\u00edctimas del atentado en el mercadillo navide\\u00f1o\",\"author\":{\"@id\":\"https:\\\/\\\/eldigitaldeasturias.com\\\/radio\\\/author\\\/nbasturias\\\/#author\"},\"publisher\":{\"@id\":\"https:\\\/\\\/eldigitaldeasturias.com\\\/radio\\\/#organization\"},\"image\":{\"@type\":\"ImageObject\",\"url\":\"https:\\\/\\\/eldigitaldeasturias.com\\\/radio\\\/wp-content\\\/uploads\\\/2018\\\/10\\\/technology-785742_960_720.jpg\",\"width\":960,\"height\":640},\"datePublished\":\"2019-12-19T14:23:37+01:00\",\"dateModified\":\"2019-12-19T16:11:54+01:00\",\"inLanguage\":\"es-ES\",\"mainEntityOfPage\":{\"@id\":\"https:\\\/\\\/eldigitaldeasturias.com\\\/radio\\\/alemania-recuerda-a-las-victimas-del-atentado-en-el-mercadillo-navideno\\\/#webpage\"},\"isPartOf\":{\"@id\":\"https:\\\/\\\/eldigitaldeasturias.com\\\/radio\\\/alemania-recuerda-a-las-victimas-del-atentado-en-el-mercadillo-navideno\\\/#webpage\"},\"articleSection\":\"Noticias\",\"dateline\":\"Publicado el diciembre 19, 2019.\"},{\"@type\":\"Organization\",\"@id\":\"https:\\\/\\\/eldigitaldeasturias.com\\\/radio\\\/#organization\",\"name\":\"El digital de Asturias Radio\",\"description\":\"Diario de informaci\\u00f3n y noticias\",\"url\":\"https:\\\/\\\/eldigitaldeasturias.com\\\/radio\\\/\",\"telephone\":\"+34652131393\",\"logo\":{\"@type\":\"ImageObject\",\"url\":\"https:\\\/\\\/www.eldigitaldeasturias.com\\\/radio\\\/wp-content\\\/uploads\\\/2021\\\/03\\\/EDA.jpg\",\"@id\":\"https:\\\/\\\/eldigitaldeasturias.com\\\/radio\\\/alemania-recuerda-a-las-victimas-del-atentado-en-el-mercadillo-navideno\\\/#organizationLogo\"},\"image\":{\"@id\":\"https:\\\/\\\/eldigitaldeasturias.com\\\/radio\\\/alemania-recuerda-a-las-victimas-del-atentado-en-el-mercadillo-navideno\\\/#organizationLogo\"},\"sameAs\":[\"https:\\\/\\\/www.facebook.com\\\/\",\"https:\\\/\\\/x.com\\\/bercodi\",\"https:\\\/\\\/www.instagram.com\\\/\",\"https:\\\/\\\/www.youtube.com\\\/channel\\\/UCZP-2wLEB9Rv6erhFmqVnvg\"]},{\"@type\":\"Person\",\"@id\":\"https:\\\/\\\/eldigitaldeasturias.com\\\/radio\\\/author\\\/nbasturias\\\/#author\",\"url\":\"https:\\\/\\\/eldigitaldeasturias.com\\\/radio\\\/author\\\/nbasturias\\\/\",\"name\":\"NBAsturias\",\"image\":{\"@type\":\"ImageObject\",\"@id\":\"https:\\\/\\\/eldigitaldeasturias.com\\\/radio\\\/alemania-recuerda-a-las-victimas-del-atentado-en-el-mercadillo-navideno\\\/#authorImage\",\"url\":\"https:\\\/\\\/secure.gravatar.com\\\/avatar\\\/df2aeffc32bcd13f8d26072ef8a91b623d677766deac7f97ca815868cd41bf5e?s=96&d=mm&r=g\",\"width\":96,\"height\":96,\"caption\":\"NBAsturias\"}},{\"@type\":\"WebPage\",\"@id\":\"https:\\\/\\\/eldigitaldeasturias.com\\\/radio\\\/alemania-recuerda-a-las-victimas-del-atentado-en-el-mercadillo-navideno\\\/#webpage\",\"url\":\"https:\\\/\\\/eldigitaldeasturias.com\\\/radio\\\/alemania-recuerda-a-las-victimas-del-atentado-en-el-mercadillo-navideno\\\/\",\"name\":\"Alemania recuerda a las v\\u00edctimas del atentado en el mercadillo navide\\u00f1o | El Digital de Asturias\",\"description\":\"Berl\\u00edn, 19 dic (dpa) - El presidente del Parlamento alem\\u00e1n, Wolfgang Sch\\u00e4uble, conmemor\\u00f3 hoy a las doce v\\u00edctimas mortales y numerosas personas heridas del atentado terrorista perpetrado hace tres a\\u00f1os en un mercadillo navide\\u00f1o en la c\\u00e9ntrica plaza Breitscheidplatz en Berl\\u00edn. \\\"Todas estas v\\u00edctimas no han ca\\u00eddo en el olvido. El crimen dej\\u00f3 profundas heridas,\",\"inLanguage\":\"es-ES\",\"isPartOf\":{\"@id\":\"https:\\\/\\\/eldigitaldeasturias.com\\\/radio\\\/#website\"},\"breadcrumb\":{\"@id\":\"https:\\\/\\\/eldigitaldeasturias.com\\\/radio\\\/alemania-recuerda-a-las-victimas-del-atentado-en-el-mercadillo-navideno\\\/#breadcrumblist\"},\"author\":{\"@id\":\"https:\\\/\\\/eldigitaldeasturias.com\\\/radio\\\/author\\\/nbasturias\\\/#author\"},\"creator\":{\"@id\":\"https:\\\/\\\/eldigitaldeasturias.com\\\/radio\\\/author\\\/nbasturias\\\/#author\"},\"image\":{\"@type\":\"ImageObject\",\"url\":\"https:\\\/\\\/eldigitaldeasturias.com\\\/radio\\\/wp-content\\\/uploads\\\/2018\\\/10\\\/technology-785742_960_720.jpg\",\"@id\":\"https:\\\/\\\/eldigitaldeasturias.com\\\/radio\\\/alemania-recuerda-a-las-victimas-del-atentado-en-el-mercadillo-navideno\\\/#mainImage\",\"width\":960,\"height\":640},\"primaryImageOfPage\":{\"@id\":\"https:\\\/\\\/eldigitaldeasturias.com\\\/radio\\\/alemania-recuerda-a-las-victimas-del-atentado-en-el-mercadillo-navideno\\\/#mainImage\"},\"datePublished\":\"2019-12-19T14:23:37+01:00\",\"dateModified\":\"2019-12-19T16:11:54+01:00\"},{\"@type\":\"WebSite\",\"@id\":\"https:\\\/\\\/eldigitaldeasturias.com\\\/radio\\\/#website\",\"url\":\"https:\\\/\\\/eldigitaldeasturias.com\\\/radio\\\/\",\"name\":\"El Digital de Asturias\",\"description\":\"Diario de informaci\\u00f3n y noticias\",\"inLanguage\":\"es-ES\",\"publisher\":{\"@id\":\"https:\\\/\\\/eldigitaldeasturias.com\\\/radio\\\/#organization\"}}]}\n\t\t<\/script>\n\t\t<!-- All in One SEO Pro -->\r\n\t\t<title>Alemania recuerda a las v\u00edctimas del atentado en el mercadillo navide\u00f1o | El Digital de Asturias<\/title>\n\n","aioseo_head_json":{"title":"Alemania recuerda a las v\u00edctimas del atentado en el mercadillo navide\u00f1o | El Digital de Asturias","description":"Berl\u00edn, 19 dic (dpa) - El presidente del Parlamento alem\u00e1n, Wolfgang Sch\u00e4uble, conmemor\u00f3 hoy a las doce v\u00edctimas mortales y numerosas personas heridas del atentado terrorista perpetrado hace tres a\u00f1os en un mercadillo navide\u00f1o en la c\u00e9ntrica plaza Breitscheidplatz en Berl\u00edn. \"Todas estas v\u00edctimas no han ca\u00eddo en el olvido. El crimen dej\u00f3 profundas heridas,","canonical_url":"https:\/\/eldigitaldeasturias.com\/radio\/alemania-recuerda-a-las-victimas-del-atentado-en-el-mercadillo-navideno\/","robots":"max-image-preview:large","keywords":"noticias","webmasterTools":{"google-site-verification":"UA-38556648-1","miscellaneous":""},"schema":{"@context":"https:\/\/schema.org","@graph":[{"@type":"BreadcrumbList","@id":"https:\/\/eldigitaldeasturias.com\/radio\/alemania-recuerda-a-las-victimas-del-atentado-en-el-mercadillo-navideno\/#breadcrumblist","itemListElement":[{"@type":"ListItem","@id":"https:\/\/eldigitaldeasturias.com\/radio#listItem","position":1,"name":"Inicio","item":"https:\/\/eldigitaldeasturias.com\/radio","nextItem":{"@type":"ListItem","@id":"https:\/\/eldigitaldeasturias.com\/radio\/category\/noticias\/#listItem","name":"Noticias"}},{"@type":"ListItem","@id":"https:\/\/eldigitaldeasturias.com\/radio\/category\/noticias\/#listItem","position":2,"name":"Noticias","item":"https:\/\/eldigitaldeasturias.com\/radio\/category\/noticias\/","nextItem":{"@type":"ListItem","@id":"https:\/\/eldigitaldeasturias.com\/radio\/alemania-recuerda-a-las-victimas-del-atentado-en-el-mercadillo-navideno\/#listItem","name":"Alemania recuerda a las v\u00edctimas del atentado en el mercadillo navide\u00f1o"},"previousItem":{"@type":"ListItem","@id":"https:\/\/eldigitaldeasturias.com\/radio#listItem","name":"Inicio"}},{"@type":"ListItem","@id":"https:\/\/eldigitaldeasturias.com\/radio\/alemania-recuerda-a-las-victimas-del-atentado-en-el-mercadillo-navideno\/#listItem","position":3,"name":"Alemania recuerda a las v\u00edctimas del atentado en el mercadillo navide\u00f1o","previousItem":{"@type":"ListItem","@id":"https:\/\/eldigitaldeasturias.com\/radio\/category\/noticias\/#listItem","name":"Noticias"}}]},{"@type":"NewsArticle","@id":"https:\/\/eldigitaldeasturias.com\/radio\/alemania-recuerda-a-las-victimas-del-atentado-en-el-mercadillo-navideno\/#newsarticle","name":"Alemania recuerda a las v\u00edctimas del atentado en el mercadillo navide\u00f1o | El Digital de Asturias","headline":"Alemania recuerda a las v\u00edctimas del atentado en el mercadillo navide\u00f1o","author":{"@id":"https:\/\/eldigitaldeasturias.com\/radio\/author\/nbasturias\/#author"},"publisher":{"@id":"https:\/\/eldigitaldeasturias.com\/radio\/#organization"},"image":{"@type":"ImageObject","url":"https:\/\/eldigitaldeasturias.com\/radio\/wp-content\/uploads\/2018\/10\/technology-785742_960_720.jpg","width":960,"height":640},"datePublished":"2019-12-19T14:23:37+01:00","dateModified":"2019-12-19T16:11:54+01:00","inLanguage":"es-ES","mainEntityOfPage":{"@id":"https:\/\/eldigitaldeasturias.com\/radio\/alemania-recuerda-a-las-victimas-del-atentado-en-el-mercadillo-navideno\/#webpage"},"isPartOf":{"@id":"https:\/\/eldigitaldeasturias.com\/radio\/alemania-recuerda-a-las-victimas-del-atentado-en-el-mercadillo-navideno\/#webpage"},"articleSection":"Noticias","dateline":"Publicado el diciembre 19, 2019."},{"@type":"Organization","@id":"https:\/\/eldigitaldeasturias.com\/radio\/#organization","name":"El digital de Asturias Radio","description":"Diario de informaci\u00f3n y noticias","url":"https:\/\/eldigitaldeasturias.com\/radio\/","telephone":"+34652131393","logo":{"@type":"ImageObject","url":"https:\/\/www.eldigitaldeasturias.com\/radio\/wp-content\/uploads\/2021\/03\/EDA.jpg","@id":"https:\/\/eldigitaldeasturias.com\/radio\/alemania-recuerda-a-las-victimas-del-atentado-en-el-mercadillo-navideno\/#organizationLogo"},"image":{"@id":"https:\/\/eldigitaldeasturias.com\/radio\/alemania-recuerda-a-las-victimas-del-atentado-en-el-mercadillo-navideno\/#organizationLogo"},"sameAs":["https:\/\/www.facebook.com\/","https:\/\/x.com\/bercodi","https:\/\/www.instagram.com\/","https:\/\/www.youtube.com\/channel\/UCZP-2wLEB9Rv6erhFmqVnvg"]},{"@type":"Person","@id":"https:\/\/eldigitaldeasturias.com\/radio\/author\/nbasturias\/#author","url":"https:\/\/eldigitaldeasturias.com\/radio\/author\/nbasturias\/","name":"NBAsturias","image":{"@type":"ImageObject","@id":"https:\/\/eldigitaldeasturias.com\/radio\/alemania-recuerda-a-las-victimas-del-atentado-en-el-mercadillo-navideno\/#authorImage","url":"https:\/\/secure.gravatar.com\/avatar\/df2aeffc32bcd13f8d26072ef8a91b623d677766deac7f97ca815868cd41bf5e?s=96&d=mm&r=g","width":96,"height":96,"caption":"NBAsturias"}},{"@type":"WebPage","@id":"https:\/\/eldigitaldeasturias.com\/radio\/alemania-recuerda-a-las-victimas-del-atentado-en-el-mercadillo-navideno\/#webpage","url":"https:\/\/eldigitaldeasturias.com\/radio\/alemania-recuerda-a-las-victimas-del-atentado-en-el-mercadillo-navideno\/","name":"Alemania recuerda a las v\u00edctimas del atentado en el mercadillo navide\u00f1o | El Digital de Asturias","description":"Berl\u00edn, 19 dic (dpa) - El presidente del Parlamento alem\u00e1n, Wolfgang Sch\u00e4uble, conmemor\u00f3 hoy a las doce v\u00edctimas mortales y numerosas personas heridas del atentado terrorista perpetrado hace tres a\u00f1os en un mercadillo navide\u00f1o en la c\u00e9ntrica plaza Breitscheidplatz en Berl\u00edn. \"Todas estas v\u00edctimas no han ca\u00eddo en el olvido. El crimen dej\u00f3 profundas heridas,","inLanguage":"es-ES","isPartOf":{"@id":"https:\/\/eldigitaldeasturias.com\/radio\/#website"},"breadcrumb":{"@id":"https:\/\/eldigitaldeasturias.com\/radio\/alemania-recuerda-a-las-victimas-del-atentado-en-el-mercadillo-navideno\/#breadcrumblist"},"author":{"@id":"https:\/\/eldigitaldeasturias.com\/radio\/author\/nbasturias\/#author"},"creator":{"@id":"https:\/\/eldigitaldeasturias.com\/radio\/author\/nbasturias\/#author"},"image":{"@type":"ImageObject","url":"https:\/\/eldigitaldeasturias.com\/radio\/wp-content\/uploads\/2018\/10\/technology-785742_960_720.jpg","@id":"https:\/\/eldigitaldeasturias.com\/radio\/alemania-recuerda-a-las-victimas-del-atentado-en-el-mercadillo-navideno\/#mainImage","width":960,"height":640},"primaryImageOfPage":{"@id":"https:\/\/eldigitaldeasturias.com\/radio\/alemania-recuerda-a-las-victimas-del-atentado-en-el-mercadillo-navideno\/#mainImage"},"datePublished":"2019-12-19T14:23:37+01:00","dateModified":"2019-12-19T16:11:54+01:00"},{"@type":"WebSite","@id":"https:\/\/eldigitaldeasturias.com\/radio\/#website","url":"https:\/\/eldigitaldeasturias.com\/radio\/","name":"El Digital de Asturias","description":"Diario de informaci\u00f3n y noticias","inLanguage":"es-ES","publisher":{"@id":"https:\/\/eldigitaldeasturias.com\/radio\/#organization"}}]},"og:locale":"es_ES","og:site_name":"El Digital de Asturias | Diario de informaci\u00f3n y noticias","og:type":"article","og:title":"Alemania recuerda a las v\u00edctimas del atentado en el mercadillo navide\u00f1o | El Digital de Asturias","og:description":"Berl\u00edn, 19 dic (dpa) - El presidente del Parlamento alem\u00e1n, Wolfgang Sch\u00e4uble, conmemor\u00f3 hoy a las doce v\u00edctimas mortales y numerosas personas heridas del atentado terrorista perpetrado hace tres a\u00f1os en un mercadillo navide\u00f1o en la c\u00e9ntrica plaza Breitscheidplatz en Berl\u00edn. &quot;Todas estas v\u00edctimas no han ca\u00eddo en el olvido. El crimen dej\u00f3 profundas heridas,","og:url":"https:\/\/eldigitaldeasturias.com\/radio\/alemania-recuerda-a-las-victimas-del-atentado-en-el-mercadillo-navideno\/","og:image":"https:\/\/eldigitaldeasturias.com\/radio\/wp-content\/uploads\/2018\/10\/technology-785742_960_720.jpg","og:image:secure_url":"https:\/\/eldigitaldeasturias.com\/radio\/wp-content\/uploads\/2018\/10\/technology-785742_960_720.jpg","og:image:width":960,"og:image:height":640,"article:published_time":"2019-12-19T14:23:37+00:00","article:modified_time":"2019-12-19T16:11:54+00:00","twitter:card":"summary_large_image","twitter:site":"@bercodi","twitter:title":"Alemania recuerda a las v\u00edctimas del atentado en el mercadillo navide\u00f1o | El Digital de Asturias","twitter:description":"Berl\u00edn, 19 dic (dpa) - El presidente del Parlamento alem\u00e1n, Wolfgang Sch\u00e4uble, conmemor\u00f3 hoy a las doce v\u00edctimas mortales y numerosas personas heridas del atentado terrorista perpetrado hace tres a\u00f1os en un mercadillo navide\u00f1o en la c\u00e9ntrica plaza Breitscheidplatz en Berl\u00edn. &quot;Todas estas v\u00edctimas no han ca\u00eddo en el olvido. El crimen dej\u00f3 profundas heridas,","twitter:creator":"@bercodi","twitter:image":"https:\/\/eldigitaldeasturias.com\/radio\/wp-content\/uploads\/2018\/10\/technology-785742_960_720.jpg"},"aioseo_meta_data":{"post_id":"3679","title":null,"description":null,"keywords":null,"keyphrases":null,"primary_term":null,"canonical_url":null,"og_title":null,"og_description":null,"og_object_type":"default","og_image_type":"default","og_image_url":null,"og_image_width":null,"og_image_height":null,"og_image_custom_url":null,"og_image_custom_fields":null,"og_video":null,"og_custom_url":null,"og_article_section":null,"og_article_tags":null,"twitter_use_og":false,"twitter_card":"default","twitter_image_type":"default","twitter_image_url":null,"twitter_image_custom_url":null,"twitter_image_custom_fields":null,"twitter_title":null,"twitter_description":null,"schema":{"blockGraphs":[],"customGraphs":[],"default":{"data":{"Article":[],"Course":[],"Dataset":[],"FAQPage":[],"Movie":[],"Person":[],"Product":[],"ProductReview":[],"Car":[],"Recipe":[],"Service":[],"SoftwareApplication":[],"WebPage":[]},"graphName":"","isEnabled":true},"graphs":[],"defaultGraph":"","defaultPostTypeGraph":""},"schema_type":null,"schema_type_options":null,"pillar_content":false,"robots_default":true,"robots_noindex":false,"robots_noarchive":false,"robots_nosnippet":false,"robots_nofollow":false,"robots_noimageindex":false,"robots_noodp":false,"robots_notranslate":false,"robots_max_snippet":null,"robots_max_videopreview":null,"robots_max_imagepreview":"large","priority":null,"frequency":null,"location":null,"local_seo":null,"seo_analyzer_scan_date":"2025-08-28 14:40:23","breadcrumb_settings":null,"limit_modified_date":false,"open_ai":null,"ai":null,"created":"2021-03-27 07:40:03","updated":"2025-08-28 14:40:23"},"aioseo_breadcrumb":"<div class=\"aioseo-breadcrumbs\"><span class=\"aioseo-breadcrumb\">\n\t<a href=\"https:\/\/eldigitaldeasturias.com\/radio\" title=\"Inicio\">Inicio<\/a>\n<\/span><span class=\"aioseo-breadcrumb-separator\">&ndash;<\/span><span class=\"aioseo-breadcrumb\">\n\t<a href=\"https:\/\/eldigitaldeasturias.com\/radio\/category\/noticias\/\" title=\"Noticias\">Noticias<\/a>\n<\/span><span class=\"aioseo-breadcrumb-separator\">&ndash;<\/span><span class=\"aioseo-breadcrumb\">\n\tAlemania recuerda a las v\u00edctimas del atentado en el mercadillo navide\u00f1o\n<\/span><\/div>","aioseo_breadcrumb_json":[{"label":"Inicio","link":"https:\/\/eldigitaldeasturias.com\/radio"},{"label":"Noticias","link":"https:\/\/eldigitaldeasturias.com\/radio\/category\/noticias\/"},{"label":"Alemania recuerda a las v\u00edctimas del atentado en el mercadillo navide\u00f1o","link":"https:\/\/eldigitaldeasturias.com\/radio\/alemania-recuerda-a-las-victimas-del-atentado-en-el-mercadillo-navideno\/"}],"_links":{"self":[{"href":"https:\/\/eldigitaldeasturias.com\/radio\/wp-json\/wp\/v2\/posts\/3679","targetHints":{"allow":["GET"]}}],"collection":[{"href":"https:\/\/eldigitaldeasturias.com\/radio\/wp-json\/wp\/v2\/posts"}],"about":[{"href":"https:\/\/eldigitaldeasturias.com\/radio\/wp-json\/wp\/v2\/types\/post"}],"author":[{"embeddable":true,"href":"https:\/\/eldigitaldeasturias.com\/radio\/wp-json\/wp\/v2\/users\/1"}],"replies":[{"embeddable":true,"href":"https:\/\/eldigitaldeasturias.com\/radio\/wp-json\/wp\/v2\/comments?post=3679"}],"version-history":[{"count":0,"href":"https:\/\/eldigitaldeasturias.com\/radio\/wp-json\/wp\/v2\/posts\/3679\/revisions"}],"wp:featuredmedia":[{"embeddable":true,"href":"https:\/\/eldigitaldeasturias.com\/radio\/wp-json\/wp\/v2\/media\/1352"}],"wp:attachment":[{"href":"https:\/\/eldigitaldeasturias.com\/radio\/wp-json\/wp\/v2\/media?parent=3679"}],"wp:term":[{"taxonomy":"category","embeddable":true,"href":"https:\/\/eldigitaldeasturias.com\/radio\/wp-json\/wp\/v2\/categories?post=3679"},{"taxonomy":"post_tag","embeddable":true,"href":"https:\/\/eldigitaldeasturias.com\/radio\/wp-json\/wp\/v2\/tags?post=3679"}],"curies":[{"name":"wp","href":"https:\/\/api.w.org\/{rel}","templated":true}]}}