{"id":3677,"date":"2019-12-19T12:01:13","date_gmt":"2019-12-19T12:01:13","guid":{"rendered":"http:\/\/www.eldigitaldeasturias.com\/radio\/?p=3677"},"modified":"2019-12-19T12:01:13","modified_gmt":"2019-12-19T12:01:13","slug":"merkel-niega-presion-de-autoridades-chinas-por-huawei-en-5g","status":"publish","type":"post","link":"https:\/\/eldigitaldeasturias.com\/radio\/merkel-niega-presion-de-autoridades-chinas-por-huawei-en-5g\/","title":{"rendered":"Merkel niega presi\u00f3n de autoridades chinas por Huawei en 5G"},"content":{"rendered":"<p><img fetchpriority=\"high\" decoding=\"async\" class=\"alignleft size-medium wp-image-1439\" src=\"http:\/\/www.eldigitaldeasturias.com\/radio\/wp-content\/uploads\/2018\/10\/berlin-76509_960_720-360x270.jpg\" alt=\"\" width=\"360\" height=\"270\" srcset=\"https:\/\/eldigitaldeasturias.com\/radio\/wp-content\/uploads\/2018\/10\/berlin-76509_960_720-360x270.jpg 360w, https:\/\/eldigitaldeasturias.com\/radio\/wp-content\/uploads\/2018\/10\/berlin-76509_960_720-768x576.jpg 768w, https:\/\/eldigitaldeasturias.com\/radio\/wp-content\/uploads\/2018\/10\/berlin-76509_960_720.jpg 960w\" sizes=\"(max-width: 360px) 100vw, 360px\" \/>Berl\u00edn, 18 dic (dpa) &#8211; La canciller alemana, Angela Merkel, defendi\u00f3 hoy su postura de no excluir por principio la participaci\u00f3n del proveedor chino de telecomunicaciones Huawei en la introducci\u00f3n de la red ultrarr\u00e1pida de Internet 5G.<\/p>\n<p>\u00abEstoy contra la exclusi\u00f3n por principio de una empresa. Pero estoy a a favor de que hagamos todo por garantizar la seguridad\u00bb, afirm\u00f3 la pol\u00edtica de la Uni\u00f3n Dem\u00f3crata Cristiana (CDU) ante una pregunta en el Bundestag de una parlamentaria del SPD.<\/p>\n<p>Merkel manifest\u00f3 confiar en las autoridades de seguridad germanas. \u00abSi no lo hiciera, entonces ser\u00eda realmente malo\u00bb, asever\u00f3.<\/p>\n<p>La canciller explicit\u00f3 su posici\u00f3n al respecto: \u00abNo decir desde el comienzo sencillamente &#8216;una empresa est\u00e1 completamente fuera de discusi\u00f3n&#8217;. Pero por el otro lado no ser ciego, sino tambi\u00e9n tener en cuenta el aspecto de la confianza\u00bb.<\/p>\n<p>A la pregunta de si China amenaz\u00f3 con consecuencias econ\u00f3micas en caso de que Huawei fuera excluida, Merkel respondi\u00f3: \u00abNo se me ha informado sobre presi\u00f3n por parte de las autoridades estatales chinas\u00bb.<\/p>\n<p>Merkel explic\u00f3 que Huawei no solamente trabaj\u00f3 en Alemania, sino tambi\u00e9n en otros pa\u00edses de Europa para la implementaci\u00f3n de las redes 2G, 3G y 4G. De acuerdo con las empresas de telecomunicaciones germanas, no se registraron hasta ahora casos sospechosos en materia de seguridad.<\/p>\n<p>Al mismo tiempo, la canciller subray\u00f3 que hay un gran orgullo de que en Europa existan dos empresas, Ericsson y Nokia, que tambi\u00e9n ofrecen productos de alta calidad. Merkel coment\u00f3 que, para garantizar la seguridad, tambi\u00e9n resulta necesaria una diversificaci\u00f3n de las ofertas.<\/p>\n","protected":false},"excerpt":{"rendered":"<p>Berl\u00edn, 18 dic (dpa) &#8211; La canciller alemana, Angela Merkel, defendi\u00f3 hoy su postura de no excluir por principio la participaci\u00f3n del proveedor chino de telecomunicaciones Huawei en la introducci\u00f3n de la red ultrarr\u00e1pida de Internet 5G. \u00abEstoy contra la exclusi\u00f3n por principio de una empresa. Pero estoy a a favor de que hagamos todo<\/p>\n","protected":false},"author":1,"featured_media":1439,"comment_status":"closed","ping_status":"closed","sticky":false,"template":"","format":"standard","meta":{"footnotes":""},"categories":[1],"tags":[],"class_list":{"0":"post-3677","1":"post","2":"type-post","3":"status-publish","4":"format-standard","5":"has-post-thumbnail","7":"category-noticias"},"aioseo_notices":[],"aioseo_head":"\n\t\t<!-- All in One SEO Pro 4.9.6.2 - aioseo.com -->\n\t<meta name=\"description\" content=\"Berl\u00edn, 18 dic (dpa) - La canciller alemana, Angela Merkel, defendi\u00f3 hoy su postura de no excluir por principio la participaci\u00f3n del proveedor chino de telecomunicaciones Huawei en la introducci\u00f3n de la red ultrarr\u00e1pida de Internet 5G. &quot;Estoy contra la exclusi\u00f3n por principio de una empresa. Pero estoy a a favor de que hagamos todo\" \/>\n\t<meta name=\"robots\" content=\"max-image-preview:large\" \/>\n\t<meta name=\"author\" content=\"NBAsturias\"\/>\n\t<meta name=\"google-site-verification\" content=\"UA-38556648-1\" \/>\n\t<meta name=\"keywords\" content=\"noticias\" \/>\n\t<link rel=\"canonical\" href=\"https:\/\/eldigitaldeasturias.com\/radio\/merkel-niega-presion-de-autoridades-chinas-por-huawei-en-5g\/\" \/>\n\t<meta name=\"generator\" content=\"All in One SEO Pro (AIOSEO) 4.9.6.2\" \/>\n\t\t<meta property=\"og:locale\" content=\"es_ES\" \/>\n\t\t<meta property=\"og:site_name\" content=\"El Digital de Asturias | Diario de informaci\u00f3n y noticias\" \/>\n\t\t<meta property=\"og:type\" content=\"article\" \/>\n\t\t<meta property=\"og:title\" content=\"Merkel niega presi\u00f3n de autoridades chinas por Huawei en 5G | El Digital de Asturias\" \/>\n\t\t<meta property=\"og:description\" content=\"Berl\u00edn, 18 dic (dpa) - La canciller alemana, Angela Merkel, defendi\u00f3 hoy su postura de no excluir por principio la participaci\u00f3n del proveedor chino de telecomunicaciones Huawei en la introducci\u00f3n de la red ultrarr\u00e1pida de Internet 5G. &quot;Estoy contra la exclusi\u00f3n por principio de una empresa. Pero estoy a a favor de que hagamos todo\" \/>\n\t\t<meta property=\"og:url\" content=\"https:\/\/eldigitaldeasturias.com\/radio\/merkel-niega-presion-de-autoridades-chinas-por-huawei-en-5g\/\" \/>\n\t\t<meta property=\"og:image\" content=\"https:\/\/eldigitaldeasturias.com\/radio\/wp-content\/uploads\/2018\/10\/berlin-76509_960_720.jpg\" \/>\n\t\t<meta property=\"og:image:secure_url\" content=\"https:\/\/eldigitaldeasturias.com\/radio\/wp-content\/uploads\/2018\/10\/berlin-76509_960_720.jpg\" \/>\n\t\t<meta property=\"og:image:width\" content=\"960\" \/>\n\t\t<meta property=\"og:image:height\" content=\"720\" \/>\n\t\t<meta property=\"article:published_time\" content=\"2019-12-19T12:01:13+00:00\" \/>\n\t\t<meta property=\"article:modified_time\" content=\"2019-12-19T12:01:13+00:00\" \/>\n\t\t<meta name=\"twitter:card\" content=\"summary_large_image\" \/>\n\t\t<meta name=\"twitter:site\" content=\"@bercodi\" \/>\n\t\t<meta name=\"twitter:title\" content=\"Merkel niega presi\u00f3n de autoridades chinas por Huawei en 5G | El Digital de Asturias\" \/>\n\t\t<meta name=\"twitter:description\" content=\"Berl\u00edn, 18 dic (dpa) - La canciller alemana, Angela Merkel, defendi\u00f3 hoy su postura de no excluir por principio la participaci\u00f3n del proveedor chino de telecomunicaciones Huawei en la introducci\u00f3n de la red ultrarr\u00e1pida de Internet 5G. &quot;Estoy contra la exclusi\u00f3n por principio de una empresa. Pero estoy a a favor de que hagamos todo\" \/>\n\t\t<meta name=\"twitter:creator\" content=\"@bercodi\" \/>\n\t\t<meta name=\"twitter:image\" content=\"https:\/\/eldigitaldeasturias.com\/radio\/wp-content\/uploads\/2018\/10\/berlin-76509_960_720.jpg\" \/>\n\t\t<script type=\"application\/ld+json\" class=\"aioseo-schema\">\n\t\t\t{\"@context\":\"https:\\\/\\\/schema.org\",\"@graph\":[{\"@type\":\"BreadcrumbList\",\"@id\":\"https:\\\/\\\/eldigitaldeasturias.com\\\/radio\\\/merkel-niega-presion-de-autoridades-chinas-por-huawei-en-5g\\\/#breadcrumblist\",\"itemListElement\":[{\"@type\":\"ListItem\",\"@id\":\"https:\\\/\\\/eldigitaldeasturias.com\\\/radio#listItem\",\"position\":1,\"name\":\"Inicio\",\"item\":\"https:\\\/\\\/eldigitaldeasturias.com\\\/radio\",\"nextItem\":{\"@type\":\"ListItem\",\"@id\":\"https:\\\/\\\/eldigitaldeasturias.com\\\/radio\\\/category\\\/noticias\\\/#listItem\",\"name\":\"Noticias\"}},{\"@type\":\"ListItem\",\"@id\":\"https:\\\/\\\/eldigitaldeasturias.com\\\/radio\\\/category\\\/noticias\\\/#listItem\",\"position\":2,\"name\":\"Noticias\",\"item\":\"https:\\\/\\\/eldigitaldeasturias.com\\\/radio\\\/category\\\/noticias\\\/\",\"nextItem\":{\"@type\":\"ListItem\",\"@id\":\"https:\\\/\\\/eldigitaldeasturias.com\\\/radio\\\/merkel-niega-presion-de-autoridades-chinas-por-huawei-en-5g\\\/#listItem\",\"name\":\"Merkel niega presi\\u00f3n de autoridades chinas por Huawei en 5G\"},\"previousItem\":{\"@type\":\"ListItem\",\"@id\":\"https:\\\/\\\/eldigitaldeasturias.com\\\/radio#listItem\",\"name\":\"Inicio\"}},{\"@type\":\"ListItem\",\"@id\":\"https:\\\/\\\/eldigitaldeasturias.com\\\/radio\\\/merkel-niega-presion-de-autoridades-chinas-por-huawei-en-5g\\\/#listItem\",\"position\":3,\"name\":\"Merkel niega presi\\u00f3n de autoridades chinas por Huawei en 5G\",\"previousItem\":{\"@type\":\"ListItem\",\"@id\":\"https:\\\/\\\/eldigitaldeasturias.com\\\/radio\\\/category\\\/noticias\\\/#listItem\",\"name\":\"Noticias\"}}]},{\"@type\":\"NewsArticle\",\"@id\":\"https:\\\/\\\/eldigitaldeasturias.com\\\/radio\\\/merkel-niega-presion-de-autoridades-chinas-por-huawei-en-5g\\\/#newsarticle\",\"name\":\"Merkel niega presi\\u00f3n de autoridades chinas por Huawei en 5G | El Digital de Asturias\",\"headline\":\"Merkel niega presi\\u00f3n de autoridades chinas por Huawei en 5G\",\"author\":{\"@id\":\"https:\\\/\\\/eldigitaldeasturias.com\\\/radio\\\/author\\\/nbasturias\\\/#author\"},\"publisher\":{\"@id\":\"https:\\\/\\\/eldigitaldeasturias.com\\\/radio\\\/#organization\"},\"image\":{\"@type\":\"ImageObject\",\"url\":\"https:\\\/\\\/eldigitaldeasturias.com\\\/radio\\\/wp-content\\\/uploads\\\/2018\\\/10\\\/berlin-76509_960_720.jpg\",\"width\":960,\"height\":720},\"datePublished\":\"2019-12-19T12:01:13+01:00\",\"dateModified\":\"2019-12-19T12:01:13+01:00\",\"inLanguage\":\"es-ES\",\"mainEntityOfPage\":{\"@id\":\"https:\\\/\\\/eldigitaldeasturias.com\\\/radio\\\/merkel-niega-presion-de-autoridades-chinas-por-huawei-en-5g\\\/#webpage\"},\"isPartOf\":{\"@id\":\"https:\\\/\\\/eldigitaldeasturias.com\\\/radio\\\/merkel-niega-presion-de-autoridades-chinas-por-huawei-en-5g\\\/#webpage\"},\"articleSection\":\"Noticias\",\"dateline\":\"Publicado el diciembre 19, 2019.\"},{\"@type\":\"Organization\",\"@id\":\"https:\\\/\\\/eldigitaldeasturias.com\\\/radio\\\/#organization\",\"name\":\"El digital de Asturias Radio\",\"description\":\"Diario de informaci\\u00f3n y noticias\",\"url\":\"https:\\\/\\\/eldigitaldeasturias.com\\\/radio\\\/\",\"telephone\":\"+34652131393\",\"logo\":{\"@type\":\"ImageObject\",\"url\":\"https:\\\/\\\/www.eldigitaldeasturias.com\\\/radio\\\/wp-content\\\/uploads\\\/2021\\\/03\\\/EDA.jpg\",\"@id\":\"https:\\\/\\\/eldigitaldeasturias.com\\\/radio\\\/merkel-niega-presion-de-autoridades-chinas-por-huawei-en-5g\\\/#organizationLogo\"},\"image\":{\"@id\":\"https:\\\/\\\/eldigitaldeasturias.com\\\/radio\\\/merkel-niega-presion-de-autoridades-chinas-por-huawei-en-5g\\\/#organizationLogo\"},\"sameAs\":[\"https:\\\/\\\/www.facebook.com\\\/\",\"https:\\\/\\\/x.com\\\/bercodi\",\"https:\\\/\\\/www.instagram.com\\\/\",\"https:\\\/\\\/www.youtube.com\\\/channel\\\/UCZP-2wLEB9Rv6erhFmqVnvg\"]},{\"@type\":\"Person\",\"@id\":\"https:\\\/\\\/eldigitaldeasturias.com\\\/radio\\\/author\\\/nbasturias\\\/#author\",\"url\":\"https:\\\/\\\/eldigitaldeasturias.com\\\/radio\\\/author\\\/nbasturias\\\/\",\"name\":\"NBAsturias\",\"image\":{\"@type\":\"ImageObject\",\"@id\":\"https:\\\/\\\/eldigitaldeasturias.com\\\/radio\\\/merkel-niega-presion-de-autoridades-chinas-por-huawei-en-5g\\\/#authorImage\",\"url\":\"https:\\\/\\\/secure.gravatar.com\\\/avatar\\\/df2aeffc32bcd13f8d26072ef8a91b623d677766deac7f97ca815868cd41bf5e?s=96&d=mm&r=g\",\"width\":96,\"height\":96,\"caption\":\"NBAsturias\"}},{\"@type\":\"WebPage\",\"@id\":\"https:\\\/\\\/eldigitaldeasturias.com\\\/radio\\\/merkel-niega-presion-de-autoridades-chinas-por-huawei-en-5g\\\/#webpage\",\"url\":\"https:\\\/\\\/eldigitaldeasturias.com\\\/radio\\\/merkel-niega-presion-de-autoridades-chinas-por-huawei-en-5g\\\/\",\"name\":\"Merkel niega presi\\u00f3n de autoridades chinas por Huawei en 5G | El Digital de Asturias\",\"description\":\"Berl\\u00edn, 18 dic (dpa) - La canciller alemana, Angela Merkel, defendi\\u00f3 hoy su postura de no excluir por principio la participaci\\u00f3n del proveedor chino de telecomunicaciones Huawei en la introducci\\u00f3n de la red ultrarr\\u00e1pida de Internet 5G. \\\"Estoy contra la exclusi\\u00f3n por principio de una empresa. Pero estoy a a favor de que hagamos todo\",\"inLanguage\":\"es-ES\",\"isPartOf\":{\"@id\":\"https:\\\/\\\/eldigitaldeasturias.com\\\/radio\\\/#website\"},\"breadcrumb\":{\"@id\":\"https:\\\/\\\/eldigitaldeasturias.com\\\/radio\\\/merkel-niega-presion-de-autoridades-chinas-por-huawei-en-5g\\\/#breadcrumblist\"},\"author\":{\"@id\":\"https:\\\/\\\/eldigitaldeasturias.com\\\/radio\\\/author\\\/nbasturias\\\/#author\"},\"creator\":{\"@id\":\"https:\\\/\\\/eldigitaldeasturias.com\\\/radio\\\/author\\\/nbasturias\\\/#author\"},\"image\":{\"@type\":\"ImageObject\",\"url\":\"https:\\\/\\\/eldigitaldeasturias.com\\\/radio\\\/wp-content\\\/uploads\\\/2018\\\/10\\\/berlin-76509_960_720.jpg\",\"@id\":\"https:\\\/\\\/eldigitaldeasturias.com\\\/radio\\\/merkel-niega-presion-de-autoridades-chinas-por-huawei-en-5g\\\/#mainImage\",\"width\":960,\"height\":720},\"primaryImageOfPage\":{\"@id\":\"https:\\\/\\\/eldigitaldeasturias.com\\\/radio\\\/merkel-niega-presion-de-autoridades-chinas-por-huawei-en-5g\\\/#mainImage\"},\"datePublished\":\"2019-12-19T12:01:13+01:00\",\"dateModified\":\"2019-12-19T12:01:13+01:00\"},{\"@type\":\"WebSite\",\"@id\":\"https:\\\/\\\/eldigitaldeasturias.com\\\/radio\\\/#website\",\"url\":\"https:\\\/\\\/eldigitaldeasturias.com\\\/radio\\\/\",\"name\":\"El Digital de Asturias\",\"description\":\"Diario de informaci\\u00f3n y noticias\",\"inLanguage\":\"es-ES\",\"publisher\":{\"@id\":\"https:\\\/\\\/eldigitaldeasturias.com\\\/radio\\\/#organization\"}}]}\n\t\t<\/script>\n\t\t<!-- All in One SEO Pro -->\r\n\t\t<title>Merkel niega presi\u00f3n de autoridades chinas por Huawei en 5G | El Digital de Asturias<\/title>\n\n","aioseo_head_json":{"title":"Merkel niega presi\u00f3n de autoridades chinas por Huawei en 5G | El Digital de Asturias","description":"Berl\u00edn, 18 dic (dpa) - La canciller alemana, Angela Merkel, defendi\u00f3 hoy su postura de no excluir por principio la participaci\u00f3n del proveedor chino de telecomunicaciones Huawei en la introducci\u00f3n de la red ultrarr\u00e1pida de Internet 5G. \"Estoy contra la exclusi\u00f3n por principio de una empresa. Pero estoy a a favor de que hagamos todo","canonical_url":"https:\/\/eldigitaldeasturias.com\/radio\/merkel-niega-presion-de-autoridades-chinas-por-huawei-en-5g\/","robots":"max-image-preview:large","keywords":"noticias","webmasterTools":{"google-site-verification":"UA-38556648-1","miscellaneous":""},"schema":{"@context":"https:\/\/schema.org","@graph":[{"@type":"BreadcrumbList","@id":"https:\/\/eldigitaldeasturias.com\/radio\/merkel-niega-presion-de-autoridades-chinas-por-huawei-en-5g\/#breadcrumblist","itemListElement":[{"@type":"ListItem","@id":"https:\/\/eldigitaldeasturias.com\/radio#listItem","position":1,"name":"Inicio","item":"https:\/\/eldigitaldeasturias.com\/radio","nextItem":{"@type":"ListItem","@id":"https:\/\/eldigitaldeasturias.com\/radio\/category\/noticias\/#listItem","name":"Noticias"}},{"@type":"ListItem","@id":"https:\/\/eldigitaldeasturias.com\/radio\/category\/noticias\/#listItem","position":2,"name":"Noticias","item":"https:\/\/eldigitaldeasturias.com\/radio\/category\/noticias\/","nextItem":{"@type":"ListItem","@id":"https:\/\/eldigitaldeasturias.com\/radio\/merkel-niega-presion-de-autoridades-chinas-por-huawei-en-5g\/#listItem","name":"Merkel niega presi\u00f3n de autoridades chinas por Huawei en 5G"},"previousItem":{"@type":"ListItem","@id":"https:\/\/eldigitaldeasturias.com\/radio#listItem","name":"Inicio"}},{"@type":"ListItem","@id":"https:\/\/eldigitaldeasturias.com\/radio\/merkel-niega-presion-de-autoridades-chinas-por-huawei-en-5g\/#listItem","position":3,"name":"Merkel niega presi\u00f3n de autoridades chinas por Huawei en 5G","previousItem":{"@type":"ListItem","@id":"https:\/\/eldigitaldeasturias.com\/radio\/category\/noticias\/#listItem","name":"Noticias"}}]},{"@type":"NewsArticle","@id":"https:\/\/eldigitaldeasturias.com\/radio\/merkel-niega-presion-de-autoridades-chinas-por-huawei-en-5g\/#newsarticle","name":"Merkel niega presi\u00f3n de autoridades chinas por Huawei en 5G | El Digital de Asturias","headline":"Merkel niega presi\u00f3n de autoridades chinas por Huawei en 5G","author":{"@id":"https:\/\/eldigitaldeasturias.com\/radio\/author\/nbasturias\/#author"},"publisher":{"@id":"https:\/\/eldigitaldeasturias.com\/radio\/#organization"},"image":{"@type":"ImageObject","url":"https:\/\/eldigitaldeasturias.com\/radio\/wp-content\/uploads\/2018\/10\/berlin-76509_960_720.jpg","width":960,"height":720},"datePublished":"2019-12-19T12:01:13+01:00","dateModified":"2019-12-19T12:01:13+01:00","inLanguage":"es-ES","mainEntityOfPage":{"@id":"https:\/\/eldigitaldeasturias.com\/radio\/merkel-niega-presion-de-autoridades-chinas-por-huawei-en-5g\/#webpage"},"isPartOf":{"@id":"https:\/\/eldigitaldeasturias.com\/radio\/merkel-niega-presion-de-autoridades-chinas-por-huawei-en-5g\/#webpage"},"articleSection":"Noticias","dateline":"Publicado el diciembre 19, 2019."},{"@type":"Organization","@id":"https:\/\/eldigitaldeasturias.com\/radio\/#organization","name":"El digital de Asturias Radio","description":"Diario de informaci\u00f3n y noticias","url":"https:\/\/eldigitaldeasturias.com\/radio\/","telephone":"+34652131393","logo":{"@type":"ImageObject","url":"https:\/\/www.eldigitaldeasturias.com\/radio\/wp-content\/uploads\/2021\/03\/EDA.jpg","@id":"https:\/\/eldigitaldeasturias.com\/radio\/merkel-niega-presion-de-autoridades-chinas-por-huawei-en-5g\/#organizationLogo"},"image":{"@id":"https:\/\/eldigitaldeasturias.com\/radio\/merkel-niega-presion-de-autoridades-chinas-por-huawei-en-5g\/#organizationLogo"},"sameAs":["https:\/\/www.facebook.com\/","https:\/\/x.com\/bercodi","https:\/\/www.instagram.com\/","https:\/\/www.youtube.com\/channel\/UCZP-2wLEB9Rv6erhFmqVnvg"]},{"@type":"Person","@id":"https:\/\/eldigitaldeasturias.com\/radio\/author\/nbasturias\/#author","url":"https:\/\/eldigitaldeasturias.com\/radio\/author\/nbasturias\/","name":"NBAsturias","image":{"@type":"ImageObject","@id":"https:\/\/eldigitaldeasturias.com\/radio\/merkel-niega-presion-de-autoridades-chinas-por-huawei-en-5g\/#authorImage","url":"https:\/\/secure.gravatar.com\/avatar\/df2aeffc32bcd13f8d26072ef8a91b623d677766deac7f97ca815868cd41bf5e?s=96&d=mm&r=g","width":96,"height":96,"caption":"NBAsturias"}},{"@type":"WebPage","@id":"https:\/\/eldigitaldeasturias.com\/radio\/merkel-niega-presion-de-autoridades-chinas-por-huawei-en-5g\/#webpage","url":"https:\/\/eldigitaldeasturias.com\/radio\/merkel-niega-presion-de-autoridades-chinas-por-huawei-en-5g\/","name":"Merkel niega presi\u00f3n de autoridades chinas por Huawei en 5G | El Digital de Asturias","description":"Berl\u00edn, 18 dic (dpa) - La canciller alemana, Angela Merkel, defendi\u00f3 hoy su postura de no excluir por principio la participaci\u00f3n del proveedor chino de telecomunicaciones Huawei en la introducci\u00f3n de la red ultrarr\u00e1pida de Internet 5G. \"Estoy contra la exclusi\u00f3n por principio de una empresa. Pero estoy a a favor de que hagamos todo","inLanguage":"es-ES","isPartOf":{"@id":"https:\/\/eldigitaldeasturias.com\/radio\/#website"},"breadcrumb":{"@id":"https:\/\/eldigitaldeasturias.com\/radio\/merkel-niega-presion-de-autoridades-chinas-por-huawei-en-5g\/#breadcrumblist"},"author":{"@id":"https:\/\/eldigitaldeasturias.com\/radio\/author\/nbasturias\/#author"},"creator":{"@id":"https:\/\/eldigitaldeasturias.com\/radio\/author\/nbasturias\/#author"},"image":{"@type":"ImageObject","url":"https:\/\/eldigitaldeasturias.com\/radio\/wp-content\/uploads\/2018\/10\/berlin-76509_960_720.jpg","@id":"https:\/\/eldigitaldeasturias.com\/radio\/merkel-niega-presion-de-autoridades-chinas-por-huawei-en-5g\/#mainImage","width":960,"height":720},"primaryImageOfPage":{"@id":"https:\/\/eldigitaldeasturias.com\/radio\/merkel-niega-presion-de-autoridades-chinas-por-huawei-en-5g\/#mainImage"},"datePublished":"2019-12-19T12:01:13+01:00","dateModified":"2019-12-19T12:01:13+01:00"},{"@type":"WebSite","@id":"https:\/\/eldigitaldeasturias.com\/radio\/#website","url":"https:\/\/eldigitaldeasturias.com\/radio\/","name":"El Digital de Asturias","description":"Diario de informaci\u00f3n y noticias","inLanguage":"es-ES","publisher":{"@id":"https:\/\/eldigitaldeasturias.com\/radio\/#organization"}}]},"og:locale":"es_ES","og:site_name":"El Digital de Asturias | Diario de informaci\u00f3n y noticias","og:type":"article","og:title":"Merkel niega presi\u00f3n de autoridades chinas por Huawei en 5G | El Digital de Asturias","og:description":"Berl\u00edn, 18 dic (dpa) - La canciller alemana, Angela Merkel, defendi\u00f3 hoy su postura de no excluir por principio la participaci\u00f3n del proveedor chino de telecomunicaciones Huawei en la introducci\u00f3n de la red ultrarr\u00e1pida de Internet 5G. &quot;Estoy contra la exclusi\u00f3n por principio de una empresa. Pero estoy a a favor de que hagamos todo","og:url":"https:\/\/eldigitaldeasturias.com\/radio\/merkel-niega-presion-de-autoridades-chinas-por-huawei-en-5g\/","og:image":"https:\/\/eldigitaldeasturias.com\/radio\/wp-content\/uploads\/2018\/10\/berlin-76509_960_720.jpg","og:image:secure_url":"https:\/\/eldigitaldeasturias.com\/radio\/wp-content\/uploads\/2018\/10\/berlin-76509_960_720.jpg","og:image:width":960,"og:image:height":720,"article:published_time":"2019-12-19T12:01:13+00:00","article:modified_time":"2019-12-19T12:01:13+00:00","twitter:card":"summary_large_image","twitter:site":"@bercodi","twitter:title":"Merkel niega presi\u00f3n de autoridades chinas por Huawei en 5G | El Digital de Asturias","twitter:description":"Berl\u00edn, 18 dic (dpa) - La canciller alemana, Angela Merkel, defendi\u00f3 hoy su postura de no excluir por principio la participaci\u00f3n del proveedor chino de telecomunicaciones Huawei en la introducci\u00f3n de la red ultrarr\u00e1pida de Internet 5G. &quot;Estoy contra la exclusi\u00f3n por principio de una empresa. Pero estoy a a favor de que hagamos todo","twitter:creator":"@bercodi","twitter:image":"https:\/\/eldigitaldeasturias.com\/radio\/wp-content\/uploads\/2018\/10\/berlin-76509_960_720.jpg"},"aioseo_meta_data":{"post_id":"3677","title":null,"description":null,"keywords":null,"keyphrases":null,"primary_term":null,"canonical_url":null,"og_title":null,"og_description":null,"og_object_type":"default","og_image_type":"default","og_image_url":null,"og_image_width":null,"og_image_height":null,"og_image_custom_url":null,"og_image_custom_fields":null,"og_video":null,"og_custom_url":null,"og_article_section":null,"og_article_tags":null,"twitter_use_og":false,"twitter_card":"default","twitter_image_type":"default","twitter_image_url":null,"twitter_image_custom_url":null,"twitter_image_custom_fields":null,"twitter_title":null,"twitter_description":null,"schema":{"blockGraphs":[],"customGraphs":[],"default":{"data":{"Article":[],"Course":[],"Dataset":[],"FAQPage":[],"Movie":[],"Person":[],"Product":[],"ProductReview":[],"Car":[],"Recipe":[],"Service":[],"SoftwareApplication":[],"WebPage":[]},"graphName":"","isEnabled":true},"graphs":[],"defaultGraph":"","defaultPostTypeGraph":""},"schema_type":null,"schema_type_options":null,"pillar_content":false,"robots_default":true,"robots_noindex":false,"robots_noarchive":false,"robots_nosnippet":false,"robots_nofollow":false,"robots_noimageindex":false,"robots_noodp":false,"robots_notranslate":false,"robots_max_snippet":null,"robots_max_videopreview":null,"robots_max_imagepreview":"large","priority":null,"frequency":null,"location":null,"local_seo":null,"seo_analyzer_scan_date":"2025-08-28 14:40:22","breadcrumb_settings":null,"limit_modified_date":false,"open_ai":null,"ai":null,"created":"2021-03-27 21:57:20","updated":"2025-08-28 14:40:22"},"aioseo_breadcrumb":"<div class=\"aioseo-breadcrumbs\"><span class=\"aioseo-breadcrumb\">\n\t<a href=\"https:\/\/eldigitaldeasturias.com\/radio\" title=\"Inicio\">Inicio<\/a>\n<\/span><span class=\"aioseo-breadcrumb-separator\">&ndash;<\/span><span class=\"aioseo-breadcrumb\">\n\t<a href=\"https:\/\/eldigitaldeasturias.com\/radio\/category\/noticias\/\" title=\"Noticias\">Noticias<\/a>\n<\/span><span class=\"aioseo-breadcrumb-separator\">&ndash;<\/span><span class=\"aioseo-breadcrumb\">\n\tMerkel niega presi\u00f3n de autoridades chinas por Huawei en 5G\n<\/span><\/div>","aioseo_breadcrumb_json":[{"label":"Inicio","link":"https:\/\/eldigitaldeasturias.com\/radio"},{"label":"Noticias","link":"https:\/\/eldigitaldeasturias.com\/radio\/category\/noticias\/"},{"label":"Merkel niega presi\u00f3n de autoridades chinas por Huawei en 5G","link":"https:\/\/eldigitaldeasturias.com\/radio\/merkel-niega-presion-de-autoridades-chinas-por-huawei-en-5g\/"}],"_links":{"self":[{"href":"https:\/\/eldigitaldeasturias.com\/radio\/wp-json\/wp\/v2\/posts\/3677","targetHints":{"allow":["GET"]}}],"collection":[{"href":"https:\/\/eldigitaldeasturias.com\/radio\/wp-json\/wp\/v2\/posts"}],"about":[{"href":"https:\/\/eldigitaldeasturias.com\/radio\/wp-json\/wp\/v2\/types\/post"}],"author":[{"embeddable":true,"href":"https:\/\/eldigitaldeasturias.com\/radio\/wp-json\/wp\/v2\/users\/1"}],"replies":[{"embeddable":true,"href":"https:\/\/eldigitaldeasturias.com\/radio\/wp-json\/wp\/v2\/comments?post=3677"}],"version-history":[{"count":0,"href":"https:\/\/eldigitaldeasturias.com\/radio\/wp-json\/wp\/v2\/posts\/3677\/revisions"}],"wp:featuredmedia":[{"embeddable":true,"href":"https:\/\/eldigitaldeasturias.com\/radio\/wp-json\/wp\/v2\/media\/1439"}],"wp:attachment":[{"href":"https:\/\/eldigitaldeasturias.com\/radio\/wp-json\/wp\/v2\/media?parent=3677"}],"wp:term":[{"taxonomy":"category","embeddable":true,"href":"https:\/\/eldigitaldeasturias.com\/radio\/wp-json\/wp\/v2\/categories?post=3677"},{"taxonomy":"post_tag","embeddable":true,"href":"https:\/\/eldigitaldeasturias.com\/radio\/wp-json\/wp\/v2\/tags?post=3677"}],"curies":[{"name":"wp","href":"https:\/\/api.w.org\/{rel}","templated":true}]}}