{"id":3670,"date":"2019-12-19T11:51:14","date_gmt":"2019-12-19T11:51:14","guid":{"rendered":"http:\/\/www.eldigitaldeasturias.com\/radio\/?p=3670"},"modified":"2019-12-19T11:51:14","modified_gmt":"2019-12-19T11:51:14","slug":"merkel-defiende-su-decision-de-acoger-refugiados-en-2015","status":"publish","type":"post","link":"https:\/\/eldigitaldeasturias.com\/radio\/merkel-defiende-su-decision-de-acoger-refugiados-en-2015\/","title":{"rendered":"Merkel defiende su decisi\u00f3n de acoger refugiados en 2015"},"content":{"rendered":"<figure id=\"attachment_3671\" aria-describedby=\"caption-attachment-3671\" style=\"width: 360px\" class=\"wp-caption alignleft\"><img fetchpriority=\"high\" decoding=\"async\" class=\"size-medium wp-image-3671\" src=\"http:\/\/www.eldigitaldeasturias.com\/radio\/wp-content\/uploads\/2019\/12\/merkel-dpa-360x244.jpg\" alt=\"\" width=\"360\" height=\"244\" srcset=\"https:\/\/eldigitaldeasturias.com\/radio\/wp-content\/uploads\/2019\/12\/merkel-dpa-360x244.jpg 360w, https:\/\/eldigitaldeasturias.com\/radio\/wp-content\/uploads\/2019\/12\/merkel-dpa-768x521.jpg 768w, https:\/\/eldigitaldeasturias.com\/radio\/wp-content\/uploads\/2019\/12\/merkel-dpa.jpg 983w\" sizes=\"(max-width: 360px) 100vw, 360px\" \/><figcaption id=\"caption-attachment-3671\" class=\"wp-caption-text\">Foto: Bernd von Jutrczenka\/dpa<\/figcaption><\/figure>\n<p>Berl\u00edn, 18 dic (dpa) &#8211; La canciller alemana, Angela Merkel, defendi\u00f3 hoy una vez m\u00e1s su decisi\u00f3n de no cerrar las fronteras de Alemania en la crisis de los refugiados de 2015.<\/p>\n<p>\u00abCreo que Alemania ha ayudado a muchas personas necesitadas. Que la sociedad en su conjunto ha hecho un gran esfuerzo para lograrlo\u00bb, contest\u00f3 Merkel a Gottfried Curio, diputado de la ultraderechista Alternativa para Alemania (AfD).<\/p>\n<p>El diputado de la AfD hab\u00eda planteado ante el Bundestag (Parlamento alem\u00e1n) la cuesti\u00f3n de si Merkel reconoce la corresponsabilidad personal por m\u00e1s de 800.000 delitos de inmigrantes, esclarecidos entre 2014 y 2018, que seg\u00fan Curio se hubieran podido evitar con los controles fronterizos.<\/p>\n<p>La mandataria germana a\u00f1adi\u00f3 que el Gobierno alem\u00e1n ha trabajado en el orden y el control de la migraci\u00f3n y que seguir\u00e1 haci\u00e9ndolo. Las cifras tambi\u00e9n mostraron \u00abque este trabajo no es en vano, sino que ciertamente est\u00e1 dando sus frutos\u00bb, coment\u00f3, lo que fue aplaudido por su grupo parlamentario, entre otros.<\/p>\n<p>Merkel agreg\u00f3 que como canciller siempre fue corresponsable de los acontecimientos pol\u00edticos del pa\u00eds. \u00abTambi\u00e9n estoy orgullosa de que se me permita ocupar un cargo tan importante\u00bb, se\u00f1al\u00f3.<\/p>\n","protected":false},"excerpt":{"rendered":"<p>Berl\u00edn, 18 dic (dpa) &#8211; La canciller alemana, Angela Merkel, defendi\u00f3 hoy una vez m\u00e1s su decisi\u00f3n de no cerrar las fronteras de Alemania en la crisis de los refugiados de 2015. \u00abCreo que Alemania ha ayudado a muchas personas necesitadas. Que la sociedad en su conjunto ha hecho un gran esfuerzo para lograrlo\u00bb, contest\u00f3<\/p>\n","protected":false},"author":1,"featured_media":3671,"comment_status":"closed","ping_status":"closed","sticky":false,"template":"","format":"standard","meta":{"footnotes":""},"categories":[1],"tags":[],"class_list":{"0":"post-3670","1":"post","2":"type-post","3":"status-publish","4":"format-standard","5":"has-post-thumbnail","7":"category-noticias"},"aioseo_notices":[],"aioseo_head":"\n\t\t<!-- All in One SEO Pro 4.9.6.2 - aioseo.com -->\n\t<meta name=\"description\" content=\"Berl\u00edn, 18 dic (dpa) - La canciller alemana, Angela Merkel, defendi\u00f3 hoy una vez m\u00e1s su decisi\u00f3n de no cerrar las fronteras de Alemania en la crisis de los refugiados de 2015. &quot;Creo que Alemania ha ayudado a muchas personas necesitadas. Que la sociedad en su conjunto ha hecho un gran esfuerzo para lograrlo&quot;, contest\u00f3\" \/>\n\t<meta name=\"robots\" content=\"max-image-preview:large\" \/>\n\t<meta name=\"author\" content=\"NBAsturias\"\/>\n\t<meta name=\"google-site-verification\" content=\"UA-38556648-1\" \/>\n\t<meta name=\"keywords\" content=\"noticias\" \/>\n\t<link rel=\"canonical\" href=\"https:\/\/eldigitaldeasturias.com\/radio\/merkel-defiende-su-decision-de-acoger-refugiados-en-2015\/\" \/>\n\t<meta name=\"generator\" content=\"All in One SEO Pro (AIOSEO) 4.9.6.2\" \/>\n\t\t<meta property=\"og:locale\" content=\"es_ES\" \/>\n\t\t<meta property=\"og:site_name\" content=\"El Digital de Asturias | Diario de informaci\u00f3n y noticias\" \/>\n\t\t<meta property=\"og:type\" content=\"article\" \/>\n\t\t<meta property=\"og:title\" content=\"Merkel defiende su decisi\u00f3n de acoger refugiados en 2015 | El Digital de Asturias\" \/>\n\t\t<meta property=\"og:description\" content=\"Berl\u00edn, 18 dic (dpa) - La canciller alemana, Angela Merkel, defendi\u00f3 hoy una vez m\u00e1s su decisi\u00f3n de no cerrar las fronteras de Alemania en la crisis de los refugiados de 2015. &quot;Creo que Alemania ha ayudado a muchas personas necesitadas. Que la sociedad en su conjunto ha hecho un gran esfuerzo para lograrlo&quot;, contest\u00f3\" \/>\n\t\t<meta property=\"og:url\" content=\"https:\/\/eldigitaldeasturias.com\/radio\/merkel-defiende-su-decision-de-acoger-refugiados-en-2015\/\" \/>\n\t\t<meta property=\"og:image\" content=\"https:\/\/eldigitaldeasturias.com\/radio\/wp-content\/uploads\/2019\/12\/merkel-dpa.jpg\" \/>\n\t\t<meta property=\"og:image:secure_url\" content=\"https:\/\/eldigitaldeasturias.com\/radio\/wp-content\/uploads\/2019\/12\/merkel-dpa.jpg\" \/>\n\t\t<meta property=\"og:image:width\" content=\"983\" \/>\n\t\t<meta property=\"og:image:height\" content=\"667\" \/>\n\t\t<meta property=\"article:published_time\" content=\"2019-12-19T11:51:14+00:00\" \/>\n\t\t<meta property=\"article:modified_time\" content=\"2019-12-19T11:51:14+00:00\" \/>\n\t\t<meta name=\"twitter:card\" content=\"summary_large_image\" \/>\n\t\t<meta name=\"twitter:site\" content=\"@bercodi\" \/>\n\t\t<meta name=\"twitter:title\" content=\"Merkel defiende su decisi\u00f3n de acoger refugiados en 2015 | El Digital de Asturias\" \/>\n\t\t<meta name=\"twitter:description\" content=\"Berl\u00edn, 18 dic (dpa) - La canciller alemana, Angela Merkel, defendi\u00f3 hoy una vez m\u00e1s su decisi\u00f3n de no cerrar las fronteras de Alemania en la crisis de los refugiados de 2015. &quot;Creo que Alemania ha ayudado a muchas personas necesitadas. Que la sociedad en su conjunto ha hecho un gran esfuerzo para lograrlo&quot;, contest\u00f3\" \/>\n\t\t<meta name=\"twitter:creator\" content=\"@bercodi\" \/>\n\t\t<meta name=\"twitter:image\" content=\"https:\/\/eldigitaldeasturias.com\/radio\/wp-content\/uploads\/2019\/12\/merkel-dpa.jpg\" \/>\n\t\t<script type=\"application\/ld+json\" class=\"aioseo-schema\">\n\t\t\t{\"@context\":\"https:\\\/\\\/schema.org\",\"@graph\":[{\"@type\":\"BreadcrumbList\",\"@id\":\"https:\\\/\\\/eldigitaldeasturias.com\\\/radio\\\/merkel-defiende-su-decision-de-acoger-refugiados-en-2015\\\/#breadcrumblist\",\"itemListElement\":[{\"@type\":\"ListItem\",\"@id\":\"https:\\\/\\\/eldigitaldeasturias.com\\\/radio#listItem\",\"position\":1,\"name\":\"Inicio\",\"item\":\"https:\\\/\\\/eldigitaldeasturias.com\\\/radio\",\"nextItem\":{\"@type\":\"ListItem\",\"@id\":\"https:\\\/\\\/eldigitaldeasturias.com\\\/radio\\\/category\\\/noticias\\\/#listItem\",\"name\":\"Noticias\"}},{\"@type\":\"ListItem\",\"@id\":\"https:\\\/\\\/eldigitaldeasturias.com\\\/radio\\\/category\\\/noticias\\\/#listItem\",\"position\":2,\"name\":\"Noticias\",\"item\":\"https:\\\/\\\/eldigitaldeasturias.com\\\/radio\\\/category\\\/noticias\\\/\",\"nextItem\":{\"@type\":\"ListItem\",\"@id\":\"https:\\\/\\\/eldigitaldeasturias.com\\\/radio\\\/merkel-defiende-su-decision-de-acoger-refugiados-en-2015\\\/#listItem\",\"name\":\"Merkel defiende su decisi\\u00f3n de acoger refugiados en 2015\"},\"previousItem\":{\"@type\":\"ListItem\",\"@id\":\"https:\\\/\\\/eldigitaldeasturias.com\\\/radio#listItem\",\"name\":\"Inicio\"}},{\"@type\":\"ListItem\",\"@id\":\"https:\\\/\\\/eldigitaldeasturias.com\\\/radio\\\/merkel-defiende-su-decision-de-acoger-refugiados-en-2015\\\/#listItem\",\"position\":3,\"name\":\"Merkel defiende su decisi\\u00f3n de acoger refugiados en 2015\",\"previousItem\":{\"@type\":\"ListItem\",\"@id\":\"https:\\\/\\\/eldigitaldeasturias.com\\\/radio\\\/category\\\/noticias\\\/#listItem\",\"name\":\"Noticias\"}}]},{\"@type\":\"NewsArticle\",\"@id\":\"https:\\\/\\\/eldigitaldeasturias.com\\\/radio\\\/merkel-defiende-su-decision-de-acoger-refugiados-en-2015\\\/#newsarticle\",\"name\":\"Merkel defiende su decisi\\u00f3n de acoger refugiados en 2015 | El Digital de Asturias\",\"headline\":\"Merkel defiende su decisi\\u00f3n de acoger refugiados en 2015\",\"author\":{\"@id\":\"https:\\\/\\\/eldigitaldeasturias.com\\\/radio\\\/author\\\/nbasturias\\\/#author\"},\"publisher\":{\"@id\":\"https:\\\/\\\/eldigitaldeasturias.com\\\/radio\\\/#organization\"},\"image\":{\"@type\":\"ImageObject\",\"url\":\"https:\\\/\\\/eldigitaldeasturias.com\\\/radio\\\/wp-content\\\/uploads\\\/2019\\\/12\\\/merkel-dpa.jpg\",\"width\":983,\"height\":667,\"caption\":\"Foto: Bernd von Jutrczenka\\\/dpa\"},\"datePublished\":\"2019-12-19T11:51:14+01:00\",\"dateModified\":\"2019-12-19T11:51:14+01:00\",\"inLanguage\":\"es-ES\",\"mainEntityOfPage\":{\"@id\":\"https:\\\/\\\/eldigitaldeasturias.com\\\/radio\\\/merkel-defiende-su-decision-de-acoger-refugiados-en-2015\\\/#webpage\"},\"isPartOf\":{\"@id\":\"https:\\\/\\\/eldigitaldeasturias.com\\\/radio\\\/merkel-defiende-su-decision-de-acoger-refugiados-en-2015\\\/#webpage\"},\"articleSection\":\"Noticias\",\"dateline\":\"Publicado el diciembre 19, 2019.\"},{\"@type\":\"Organization\",\"@id\":\"https:\\\/\\\/eldigitaldeasturias.com\\\/radio\\\/#organization\",\"name\":\"El digital de Asturias Radio\",\"description\":\"Diario de informaci\\u00f3n y noticias\",\"url\":\"https:\\\/\\\/eldigitaldeasturias.com\\\/radio\\\/\",\"telephone\":\"+34652131393\",\"logo\":{\"@type\":\"ImageObject\",\"url\":\"https:\\\/\\\/www.eldigitaldeasturias.com\\\/radio\\\/wp-content\\\/uploads\\\/2021\\\/03\\\/EDA.jpg\",\"@id\":\"https:\\\/\\\/eldigitaldeasturias.com\\\/radio\\\/merkel-defiende-su-decision-de-acoger-refugiados-en-2015\\\/#organizationLogo\"},\"image\":{\"@id\":\"https:\\\/\\\/eldigitaldeasturias.com\\\/radio\\\/merkel-defiende-su-decision-de-acoger-refugiados-en-2015\\\/#organizationLogo\"},\"sameAs\":[\"https:\\\/\\\/www.facebook.com\\\/\",\"https:\\\/\\\/x.com\\\/bercodi\",\"https:\\\/\\\/www.instagram.com\\\/\",\"https:\\\/\\\/www.youtube.com\\\/channel\\\/UCZP-2wLEB9Rv6erhFmqVnvg\"]},{\"@type\":\"Person\",\"@id\":\"https:\\\/\\\/eldigitaldeasturias.com\\\/radio\\\/author\\\/nbasturias\\\/#author\",\"url\":\"https:\\\/\\\/eldigitaldeasturias.com\\\/radio\\\/author\\\/nbasturias\\\/\",\"name\":\"NBAsturias\",\"image\":{\"@type\":\"ImageObject\",\"@id\":\"https:\\\/\\\/eldigitaldeasturias.com\\\/radio\\\/merkel-defiende-su-decision-de-acoger-refugiados-en-2015\\\/#authorImage\",\"url\":\"https:\\\/\\\/secure.gravatar.com\\\/avatar\\\/df2aeffc32bcd13f8d26072ef8a91b623d677766deac7f97ca815868cd41bf5e?s=96&d=mm&r=g\",\"width\":96,\"height\":96,\"caption\":\"NBAsturias\"}},{\"@type\":\"WebPage\",\"@id\":\"https:\\\/\\\/eldigitaldeasturias.com\\\/radio\\\/merkel-defiende-su-decision-de-acoger-refugiados-en-2015\\\/#webpage\",\"url\":\"https:\\\/\\\/eldigitaldeasturias.com\\\/radio\\\/merkel-defiende-su-decision-de-acoger-refugiados-en-2015\\\/\",\"name\":\"Merkel defiende su decisi\\u00f3n de acoger refugiados en 2015 | El Digital de Asturias\",\"description\":\"Berl\\u00edn, 18 dic (dpa) - La canciller alemana, Angela Merkel, defendi\\u00f3 hoy una vez m\\u00e1s su decisi\\u00f3n de no cerrar las fronteras de Alemania en la crisis de los refugiados de 2015. \\\"Creo que Alemania ha ayudado a muchas personas necesitadas. Que la sociedad en su conjunto ha hecho un gran esfuerzo para lograrlo\\\", contest\\u00f3\",\"inLanguage\":\"es-ES\",\"isPartOf\":{\"@id\":\"https:\\\/\\\/eldigitaldeasturias.com\\\/radio\\\/#website\"},\"breadcrumb\":{\"@id\":\"https:\\\/\\\/eldigitaldeasturias.com\\\/radio\\\/merkel-defiende-su-decision-de-acoger-refugiados-en-2015\\\/#breadcrumblist\"},\"author\":{\"@id\":\"https:\\\/\\\/eldigitaldeasturias.com\\\/radio\\\/author\\\/nbasturias\\\/#author\"},\"creator\":{\"@id\":\"https:\\\/\\\/eldigitaldeasturias.com\\\/radio\\\/author\\\/nbasturias\\\/#author\"},\"image\":{\"@type\":\"ImageObject\",\"url\":\"https:\\\/\\\/eldigitaldeasturias.com\\\/radio\\\/wp-content\\\/uploads\\\/2019\\\/12\\\/merkel-dpa.jpg\",\"@id\":\"https:\\\/\\\/eldigitaldeasturias.com\\\/radio\\\/merkel-defiende-su-decision-de-acoger-refugiados-en-2015\\\/#mainImage\",\"width\":983,\"height\":667,\"caption\":\"Foto: Bernd von Jutrczenka\\\/dpa\"},\"primaryImageOfPage\":{\"@id\":\"https:\\\/\\\/eldigitaldeasturias.com\\\/radio\\\/merkel-defiende-su-decision-de-acoger-refugiados-en-2015\\\/#mainImage\"},\"datePublished\":\"2019-12-19T11:51:14+01:00\",\"dateModified\":\"2019-12-19T11:51:14+01:00\"},{\"@type\":\"WebSite\",\"@id\":\"https:\\\/\\\/eldigitaldeasturias.com\\\/radio\\\/#website\",\"url\":\"https:\\\/\\\/eldigitaldeasturias.com\\\/radio\\\/\",\"name\":\"El Digital de Asturias\",\"description\":\"Diario de informaci\\u00f3n y noticias\",\"inLanguage\":\"es-ES\",\"publisher\":{\"@id\":\"https:\\\/\\\/eldigitaldeasturias.com\\\/radio\\\/#organization\"}}]}\n\t\t<\/script>\n\t\t<!-- All in One SEO Pro -->\r\n\t\t<title>Merkel defiende su decisi\u00f3n de acoger refugiados en 2015 | El Digital de Asturias<\/title>\n\n","aioseo_head_json":{"title":"Merkel defiende su decisi\u00f3n de acoger refugiados en 2015 | El Digital de Asturias","description":"Berl\u00edn, 18 dic (dpa) - La canciller alemana, Angela Merkel, defendi\u00f3 hoy una vez m\u00e1s su decisi\u00f3n de no cerrar las fronteras de Alemania en la crisis de los refugiados de 2015. \"Creo que Alemania ha ayudado a muchas personas necesitadas. Que la sociedad en su conjunto ha hecho un gran esfuerzo para lograrlo\", contest\u00f3","canonical_url":"https:\/\/eldigitaldeasturias.com\/radio\/merkel-defiende-su-decision-de-acoger-refugiados-en-2015\/","robots":"max-image-preview:large","keywords":"noticias","webmasterTools":{"google-site-verification":"UA-38556648-1","miscellaneous":""},"schema":{"@context":"https:\/\/schema.org","@graph":[{"@type":"BreadcrumbList","@id":"https:\/\/eldigitaldeasturias.com\/radio\/merkel-defiende-su-decision-de-acoger-refugiados-en-2015\/#breadcrumblist","itemListElement":[{"@type":"ListItem","@id":"https:\/\/eldigitaldeasturias.com\/radio#listItem","position":1,"name":"Inicio","item":"https:\/\/eldigitaldeasturias.com\/radio","nextItem":{"@type":"ListItem","@id":"https:\/\/eldigitaldeasturias.com\/radio\/category\/noticias\/#listItem","name":"Noticias"}},{"@type":"ListItem","@id":"https:\/\/eldigitaldeasturias.com\/radio\/category\/noticias\/#listItem","position":2,"name":"Noticias","item":"https:\/\/eldigitaldeasturias.com\/radio\/category\/noticias\/","nextItem":{"@type":"ListItem","@id":"https:\/\/eldigitaldeasturias.com\/radio\/merkel-defiende-su-decision-de-acoger-refugiados-en-2015\/#listItem","name":"Merkel defiende su decisi\u00f3n de acoger refugiados en 2015"},"previousItem":{"@type":"ListItem","@id":"https:\/\/eldigitaldeasturias.com\/radio#listItem","name":"Inicio"}},{"@type":"ListItem","@id":"https:\/\/eldigitaldeasturias.com\/radio\/merkel-defiende-su-decision-de-acoger-refugiados-en-2015\/#listItem","position":3,"name":"Merkel defiende su decisi\u00f3n de acoger refugiados en 2015","previousItem":{"@type":"ListItem","@id":"https:\/\/eldigitaldeasturias.com\/radio\/category\/noticias\/#listItem","name":"Noticias"}}]},{"@type":"NewsArticle","@id":"https:\/\/eldigitaldeasturias.com\/radio\/merkel-defiende-su-decision-de-acoger-refugiados-en-2015\/#newsarticle","name":"Merkel defiende su decisi\u00f3n de acoger refugiados en 2015 | El Digital de Asturias","headline":"Merkel defiende su decisi\u00f3n de acoger refugiados en 2015","author":{"@id":"https:\/\/eldigitaldeasturias.com\/radio\/author\/nbasturias\/#author"},"publisher":{"@id":"https:\/\/eldigitaldeasturias.com\/radio\/#organization"},"image":{"@type":"ImageObject","url":"https:\/\/eldigitaldeasturias.com\/radio\/wp-content\/uploads\/2019\/12\/merkel-dpa.jpg","width":983,"height":667,"caption":"Foto: Bernd von Jutrczenka\/dpa"},"datePublished":"2019-12-19T11:51:14+01:00","dateModified":"2019-12-19T11:51:14+01:00","inLanguage":"es-ES","mainEntityOfPage":{"@id":"https:\/\/eldigitaldeasturias.com\/radio\/merkel-defiende-su-decision-de-acoger-refugiados-en-2015\/#webpage"},"isPartOf":{"@id":"https:\/\/eldigitaldeasturias.com\/radio\/merkel-defiende-su-decision-de-acoger-refugiados-en-2015\/#webpage"},"articleSection":"Noticias","dateline":"Publicado el diciembre 19, 2019."},{"@type":"Organization","@id":"https:\/\/eldigitaldeasturias.com\/radio\/#organization","name":"El digital de Asturias Radio","description":"Diario de informaci\u00f3n y noticias","url":"https:\/\/eldigitaldeasturias.com\/radio\/","telephone":"+34652131393","logo":{"@type":"ImageObject","url":"https:\/\/www.eldigitaldeasturias.com\/radio\/wp-content\/uploads\/2021\/03\/EDA.jpg","@id":"https:\/\/eldigitaldeasturias.com\/radio\/merkel-defiende-su-decision-de-acoger-refugiados-en-2015\/#organizationLogo"},"image":{"@id":"https:\/\/eldigitaldeasturias.com\/radio\/merkel-defiende-su-decision-de-acoger-refugiados-en-2015\/#organizationLogo"},"sameAs":["https:\/\/www.facebook.com\/","https:\/\/x.com\/bercodi","https:\/\/www.instagram.com\/","https:\/\/www.youtube.com\/channel\/UCZP-2wLEB9Rv6erhFmqVnvg"]},{"@type":"Person","@id":"https:\/\/eldigitaldeasturias.com\/radio\/author\/nbasturias\/#author","url":"https:\/\/eldigitaldeasturias.com\/radio\/author\/nbasturias\/","name":"NBAsturias","image":{"@type":"ImageObject","@id":"https:\/\/eldigitaldeasturias.com\/radio\/merkel-defiende-su-decision-de-acoger-refugiados-en-2015\/#authorImage","url":"https:\/\/secure.gravatar.com\/avatar\/df2aeffc32bcd13f8d26072ef8a91b623d677766deac7f97ca815868cd41bf5e?s=96&d=mm&r=g","width":96,"height":96,"caption":"NBAsturias"}},{"@type":"WebPage","@id":"https:\/\/eldigitaldeasturias.com\/radio\/merkel-defiende-su-decision-de-acoger-refugiados-en-2015\/#webpage","url":"https:\/\/eldigitaldeasturias.com\/radio\/merkel-defiende-su-decision-de-acoger-refugiados-en-2015\/","name":"Merkel defiende su decisi\u00f3n de acoger refugiados en 2015 | El Digital de Asturias","description":"Berl\u00edn, 18 dic (dpa) - La canciller alemana, Angela Merkel, defendi\u00f3 hoy una vez m\u00e1s su decisi\u00f3n de no cerrar las fronteras de Alemania en la crisis de los refugiados de 2015. \"Creo que Alemania ha ayudado a muchas personas necesitadas. Que la sociedad en su conjunto ha hecho un gran esfuerzo para lograrlo\", contest\u00f3","inLanguage":"es-ES","isPartOf":{"@id":"https:\/\/eldigitaldeasturias.com\/radio\/#website"},"breadcrumb":{"@id":"https:\/\/eldigitaldeasturias.com\/radio\/merkel-defiende-su-decision-de-acoger-refugiados-en-2015\/#breadcrumblist"},"author":{"@id":"https:\/\/eldigitaldeasturias.com\/radio\/author\/nbasturias\/#author"},"creator":{"@id":"https:\/\/eldigitaldeasturias.com\/radio\/author\/nbasturias\/#author"},"image":{"@type":"ImageObject","url":"https:\/\/eldigitaldeasturias.com\/radio\/wp-content\/uploads\/2019\/12\/merkel-dpa.jpg","@id":"https:\/\/eldigitaldeasturias.com\/radio\/merkel-defiende-su-decision-de-acoger-refugiados-en-2015\/#mainImage","width":983,"height":667,"caption":"Foto: Bernd von Jutrczenka\/dpa"},"primaryImageOfPage":{"@id":"https:\/\/eldigitaldeasturias.com\/radio\/merkel-defiende-su-decision-de-acoger-refugiados-en-2015\/#mainImage"},"datePublished":"2019-12-19T11:51:14+01:00","dateModified":"2019-12-19T11:51:14+01:00"},{"@type":"WebSite","@id":"https:\/\/eldigitaldeasturias.com\/radio\/#website","url":"https:\/\/eldigitaldeasturias.com\/radio\/","name":"El Digital de Asturias","description":"Diario de informaci\u00f3n y noticias","inLanguage":"es-ES","publisher":{"@id":"https:\/\/eldigitaldeasturias.com\/radio\/#organization"}}]},"og:locale":"es_ES","og:site_name":"El Digital de Asturias | Diario de informaci\u00f3n y noticias","og:type":"article","og:title":"Merkel defiende su decisi\u00f3n de acoger refugiados en 2015 | El Digital de Asturias","og:description":"Berl\u00edn, 18 dic (dpa) - La canciller alemana, Angela Merkel, defendi\u00f3 hoy una vez m\u00e1s su decisi\u00f3n de no cerrar las fronteras de Alemania en la crisis de los refugiados de 2015. &quot;Creo que Alemania ha ayudado a muchas personas necesitadas. Que la sociedad en su conjunto ha hecho un gran esfuerzo para lograrlo&quot;, contest\u00f3","og:url":"https:\/\/eldigitaldeasturias.com\/radio\/merkel-defiende-su-decision-de-acoger-refugiados-en-2015\/","og:image":"https:\/\/eldigitaldeasturias.com\/radio\/wp-content\/uploads\/2019\/12\/merkel-dpa.jpg","og:image:secure_url":"https:\/\/eldigitaldeasturias.com\/radio\/wp-content\/uploads\/2019\/12\/merkel-dpa.jpg","og:image:width":983,"og:image:height":667,"article:published_time":"2019-12-19T11:51:14+00:00","article:modified_time":"2019-12-19T11:51:14+00:00","twitter:card":"summary_large_image","twitter:site":"@bercodi","twitter:title":"Merkel defiende su decisi\u00f3n de acoger refugiados en 2015 | El Digital de Asturias","twitter:description":"Berl\u00edn, 18 dic (dpa) - La canciller alemana, Angela Merkel, defendi\u00f3 hoy una vez m\u00e1s su decisi\u00f3n de no cerrar las fronteras de Alemania en la crisis de los refugiados de 2015. &quot;Creo que Alemania ha ayudado a muchas personas necesitadas. Que la sociedad en su conjunto ha hecho un gran esfuerzo para lograrlo&quot;, contest\u00f3","twitter:creator":"@bercodi","twitter:image":"https:\/\/eldigitaldeasturias.com\/radio\/wp-content\/uploads\/2019\/12\/merkel-dpa.jpg"},"aioseo_meta_data":{"post_id":"3670","title":null,"description":null,"keywords":null,"keyphrases":null,"primary_term":null,"canonical_url":null,"og_title":null,"og_description":null,"og_object_type":"default","og_image_type":"default","og_image_url":null,"og_image_width":null,"og_image_height":null,"og_image_custom_url":null,"og_image_custom_fields":null,"og_video":null,"og_custom_url":null,"og_article_section":null,"og_article_tags":null,"twitter_use_og":false,"twitter_card":"default","twitter_image_type":"default","twitter_image_url":null,"twitter_image_custom_url":null,"twitter_image_custom_fields":null,"twitter_title":null,"twitter_description":null,"schema":{"blockGraphs":[],"customGraphs":[],"default":{"data":{"Article":[],"Course":[],"Dataset":[],"FAQPage":[],"Movie":[],"Person":[],"Product":[],"ProductReview":[],"Car":[],"Recipe":[],"Service":[],"SoftwareApplication":[],"WebPage":[]},"graphName":"","isEnabled":true},"graphs":[],"defaultGraph":"","defaultPostTypeGraph":""},"schema_type":null,"schema_type_options":null,"pillar_content":false,"robots_default":true,"robots_noindex":false,"robots_noarchive":false,"robots_nosnippet":false,"robots_nofollow":false,"robots_noimageindex":false,"robots_noodp":false,"robots_notranslate":false,"robots_max_snippet":null,"robots_max_videopreview":null,"robots_max_imagepreview":"large","priority":null,"frequency":null,"location":null,"local_seo":null,"seo_analyzer_scan_date":"2025-08-28 14:38:28","breadcrumb_settings":null,"limit_modified_date":false,"open_ai":null,"ai":null,"created":"2021-03-26 10:57:12","updated":"2025-08-28 14:38:28"},"aioseo_breadcrumb":"<div class=\"aioseo-breadcrumbs\"><span class=\"aioseo-breadcrumb\">\n\t<a href=\"https:\/\/eldigitaldeasturias.com\/radio\" title=\"Inicio\">Inicio<\/a>\n<\/span><span class=\"aioseo-breadcrumb-separator\">&ndash;<\/span><span class=\"aioseo-breadcrumb\">\n\t<a href=\"https:\/\/eldigitaldeasturias.com\/radio\/category\/noticias\/\" title=\"Noticias\">Noticias<\/a>\n<\/span><span class=\"aioseo-breadcrumb-separator\">&ndash;<\/span><span class=\"aioseo-breadcrumb\">\n\tMerkel defiende su decisi\u00f3n de acoger refugiados en 2015\n<\/span><\/div>","aioseo_breadcrumb_json":[{"label":"Inicio","link":"https:\/\/eldigitaldeasturias.com\/radio"},{"label":"Noticias","link":"https:\/\/eldigitaldeasturias.com\/radio\/category\/noticias\/"},{"label":"Merkel defiende su decisi\u00f3n de acoger refugiados en 2015","link":"https:\/\/eldigitaldeasturias.com\/radio\/merkel-defiende-su-decision-de-acoger-refugiados-en-2015\/"}],"_links":{"self":[{"href":"https:\/\/eldigitaldeasturias.com\/radio\/wp-json\/wp\/v2\/posts\/3670","targetHints":{"allow":["GET"]}}],"collection":[{"href":"https:\/\/eldigitaldeasturias.com\/radio\/wp-json\/wp\/v2\/posts"}],"about":[{"href":"https:\/\/eldigitaldeasturias.com\/radio\/wp-json\/wp\/v2\/types\/post"}],"author":[{"embeddable":true,"href":"https:\/\/eldigitaldeasturias.com\/radio\/wp-json\/wp\/v2\/users\/1"}],"replies":[{"embeddable":true,"href":"https:\/\/eldigitaldeasturias.com\/radio\/wp-json\/wp\/v2\/comments?post=3670"}],"version-history":[{"count":0,"href":"https:\/\/eldigitaldeasturias.com\/radio\/wp-json\/wp\/v2\/posts\/3670\/revisions"}],"wp:featuredmedia":[{"embeddable":true,"href":"https:\/\/eldigitaldeasturias.com\/radio\/wp-json\/wp\/v2\/media\/3671"}],"wp:attachment":[{"href":"https:\/\/eldigitaldeasturias.com\/radio\/wp-json\/wp\/v2\/media?parent=3670"}],"wp:term":[{"taxonomy":"category","embeddable":true,"href":"https:\/\/eldigitaldeasturias.com\/radio\/wp-json\/wp\/v2\/categories?post=3670"},{"taxonomy":"post_tag","embeddable":true,"href":"https:\/\/eldigitaldeasturias.com\/radio\/wp-json\/wp\/v2\/tags?post=3670"}],"curies":[{"name":"wp","href":"https:\/\/api.w.org\/{rel}","templated":true}]}}