{"id":3668,"date":"2019-12-19T09:46:59","date_gmt":"2019-12-19T09:46:59","guid":{"rendered":"http:\/\/www.eldigitaldeasturias.com\/radio\/?p=3668"},"modified":"2019-12-19T11:39:26","modified_gmt":"2019-12-19T11:39:26","slug":"mayoria-de-nuevos-empresarios-alemanes-son-hombres","status":"publish","type":"post","link":"https:\/\/eldigitaldeasturias.com\/radio\/mayoria-de-nuevos-empresarios-alemanes-son-hombres\/","title":{"rendered":"Mayor\u00eda de nuevos empresarios alemanes son hombres"},"content":{"rendered":"<p><img fetchpriority=\"high\" decoding=\"async\" class=\"alignleft size-medium wp-image-62\" src=\"http:\/\/www.eldigitaldeasturias.com\/radio\/wp-content\/uploads\/2018\/03\/macbook-577758_1280-360x239.jpg\" alt=\"\" width=\"360\" height=\"239\" srcset=\"https:\/\/eldigitaldeasturias.com\/radio\/wp-content\/uploads\/2018\/03\/macbook-577758_1280-360x239.jpg 360w, https:\/\/eldigitaldeasturias.com\/radio\/wp-content\/uploads\/2018\/03\/macbook-577758_1280-1024x680.jpg 1024w, https:\/\/eldigitaldeasturias.com\/radio\/wp-content\/uploads\/2018\/03\/macbook-577758_1280-768x510.jpg 768w, https:\/\/eldigitaldeasturias.com\/radio\/wp-content\/uploads\/2018\/03\/macbook-577758_1280.jpg 1280w\" sizes=\"(max-width: 360px) 100vw, 360px\" \/>M\u00fanich, 18 dic (dpa) &#8211; El fundador t\u00edpico de una empresa en Alemania es hombre, tiene estudios universitarios y se atreve a dar el paso al autoempleo con menos de 50.000 euros de capital inicial, revel\u00f3 un estudio presentado hoy por el Commerzbank en M\u00fanich.<\/p>\n<p>Seg\u00fan las personas encuestadas, el motivo principal para crear una empresa es ser el propio jefe. Las mujeres representan claramente a una minor\u00eda en este grupo, ya que solo el 22 por ciento de las nuevas empresas alemanas son mujeres.<\/p>\n<p>La mayor\u00eda de los fundadores tiene carreras universitarias, mientras que el 18 por ciento tiene menos de 30 a\u00f1os y el 22 por ciento es mayor de 50 a\u00f1os.<\/p>\n<p>El objetivo principal de los nuevos empresarios en el primer ejercicio fue ganar clientes. Cuatro de cada cinco fundadores inician su propio negocio con capital propio. Para la mitad de ellos el capital se agot\u00f3 despu\u00e9s de medio a\u00f1o.<\/p>\n<p>La financiaci\u00f3n y la captaci\u00f3n de clientes fueron uno de los mayores desaf\u00edos para el 23 por ciento. Un 45 por ciento indic\u00f3 que la burocracia es el mayor problema en Alemania.<\/p>\n<p>Para el estudio, el instituto de investigaci\u00f3n de mercado Ipsos consult\u00f3 a 3.000 empresarios que se hab\u00edan hecho aut\u00f3nomos en los \u00faltimos seis a\u00f1os en Alemania.<\/p>\n","protected":false},"excerpt":{"rendered":"<p>M\u00fanich, 18 dic (dpa) &#8211; El fundador t\u00edpico de una empresa en Alemania es hombre, tiene estudios universitarios y se atreve a dar el paso al autoempleo con menos de 50.000 euros de capital inicial, revel\u00f3 un estudio presentado hoy por el Commerzbank en M\u00fanich. Seg\u00fan las personas encuestadas, el motivo principal para crear una<\/p>\n","protected":false},"author":1,"featured_media":62,"comment_status":"closed","ping_status":"closed","sticky":false,"template":"","format":"standard","meta":{"footnotes":""},"categories":[35],"tags":[],"class_list":{"0":"post-3668","1":"post","2":"type-post","3":"status-publish","4":"format-standard","5":"has-post-thumbnail","7":"category-negocios"},"aioseo_notices":[],"aioseo_head":"\n\t\t<!-- All in One SEO Pro 4.9.6.2 - aioseo.com -->\n\t<meta name=\"description\" content=\"M\u00fanich, 18 dic (dpa) - El fundador t\u00edpico de una empresa en Alemania es hombre, tiene estudios universitarios y se atreve a dar el paso al autoempleo con menos de 50.000 euros de capital inicial, revel\u00f3 un estudio presentado hoy por el Commerzbank en M\u00fanich. Seg\u00fan las personas encuestadas, el motivo principal para crear una\" \/>\n\t<meta name=\"robots\" content=\"max-image-preview:large\" \/>\n\t<meta name=\"author\" content=\"NBAsturias\"\/>\n\t<meta name=\"google-site-verification\" content=\"UA-38556648-1\" \/>\n\t<meta name=\"keywords\" content=\"negocios\" \/>\n\t<link rel=\"canonical\" href=\"https:\/\/eldigitaldeasturias.com\/radio\/mayoria-de-nuevos-empresarios-alemanes-son-hombres\/\" \/>\n\t<meta name=\"generator\" content=\"All in One SEO Pro (AIOSEO) 4.9.6.2\" \/>\n\t\t<meta property=\"og:locale\" content=\"es_ES\" \/>\n\t\t<meta property=\"og:site_name\" content=\"El Digital de Asturias | Diario de informaci\u00f3n y noticias\" \/>\n\t\t<meta property=\"og:type\" content=\"article\" \/>\n\t\t<meta property=\"og:title\" content=\"Mayor\u00eda de nuevos empresarios alemanes son hombres | El Digital de Asturias\" \/>\n\t\t<meta property=\"og:description\" content=\"M\u00fanich, 18 dic (dpa) - El fundador t\u00edpico de una empresa en Alemania es hombre, tiene estudios universitarios y se atreve a dar el paso al autoempleo con menos de 50.000 euros de capital inicial, revel\u00f3 un estudio presentado hoy por el Commerzbank en M\u00fanich. Seg\u00fan las personas encuestadas, el motivo principal para crear una\" \/>\n\t\t<meta property=\"og:url\" content=\"https:\/\/eldigitaldeasturias.com\/radio\/mayoria-de-nuevos-empresarios-alemanes-son-hombres\/\" \/>\n\t\t<meta property=\"og:image\" content=\"https:\/\/eldigitaldeasturias.com\/radio\/wp-content\/uploads\/2018\/03\/macbook-577758_1280.jpg\" \/>\n\t\t<meta property=\"og:image:secure_url\" content=\"https:\/\/eldigitaldeasturias.com\/radio\/wp-content\/uploads\/2018\/03\/macbook-577758_1280.jpg\" \/>\n\t\t<meta property=\"og:image:width\" content=\"1280\" \/>\n\t\t<meta property=\"og:image:height\" content=\"850\" \/>\n\t\t<meta property=\"article:published_time\" content=\"2019-12-19T09:46:59+00:00\" \/>\n\t\t<meta property=\"article:modified_time\" content=\"2019-12-19T11:39:26+00:00\" \/>\n\t\t<meta name=\"twitter:card\" content=\"summary_large_image\" \/>\n\t\t<meta name=\"twitter:site\" content=\"@bercodi\" \/>\n\t\t<meta name=\"twitter:title\" content=\"Mayor\u00eda de nuevos empresarios alemanes son hombres | El Digital de Asturias\" \/>\n\t\t<meta name=\"twitter:description\" content=\"M\u00fanich, 18 dic (dpa) - El fundador t\u00edpico de una empresa en Alemania es hombre, tiene estudios universitarios y se atreve a dar el paso al autoempleo con menos de 50.000 euros de capital inicial, revel\u00f3 un estudio presentado hoy por el Commerzbank en M\u00fanich. Seg\u00fan las personas encuestadas, el motivo principal para crear una\" \/>\n\t\t<meta name=\"twitter:creator\" content=\"@bercodi\" \/>\n\t\t<meta name=\"twitter:image\" content=\"https:\/\/eldigitaldeasturias.com\/radio\/wp-content\/uploads\/2018\/03\/macbook-577758_1280.jpg\" \/>\n\t\t<script type=\"application\/ld+json\" class=\"aioseo-schema\">\n\t\t\t{\"@context\":\"https:\\\/\\\/schema.org\",\"@graph\":[{\"@type\":\"BreadcrumbList\",\"@id\":\"https:\\\/\\\/eldigitaldeasturias.com\\\/radio\\\/mayoria-de-nuevos-empresarios-alemanes-son-hombres\\\/#breadcrumblist\",\"itemListElement\":[{\"@type\":\"ListItem\",\"@id\":\"https:\\\/\\\/eldigitaldeasturias.com\\\/radio#listItem\",\"position\":1,\"name\":\"Inicio\",\"item\":\"https:\\\/\\\/eldigitaldeasturias.com\\\/radio\",\"nextItem\":{\"@type\":\"ListItem\",\"@id\":\"https:\\\/\\\/eldigitaldeasturias.com\\\/radio\\\/category\\\/negocios\\\/#listItem\",\"name\":\"Negocios\"}},{\"@type\":\"ListItem\",\"@id\":\"https:\\\/\\\/eldigitaldeasturias.com\\\/radio\\\/category\\\/negocios\\\/#listItem\",\"position\":2,\"name\":\"Negocios\",\"item\":\"https:\\\/\\\/eldigitaldeasturias.com\\\/radio\\\/category\\\/negocios\\\/\",\"nextItem\":{\"@type\":\"ListItem\",\"@id\":\"https:\\\/\\\/eldigitaldeasturias.com\\\/radio\\\/mayoria-de-nuevos-empresarios-alemanes-son-hombres\\\/#listItem\",\"name\":\"Mayor\\u00eda de nuevos empresarios alemanes son hombres\"},\"previousItem\":{\"@type\":\"ListItem\",\"@id\":\"https:\\\/\\\/eldigitaldeasturias.com\\\/radio#listItem\",\"name\":\"Inicio\"}},{\"@type\":\"ListItem\",\"@id\":\"https:\\\/\\\/eldigitaldeasturias.com\\\/radio\\\/mayoria-de-nuevos-empresarios-alemanes-son-hombres\\\/#listItem\",\"position\":3,\"name\":\"Mayor\\u00eda de nuevos empresarios alemanes son hombres\",\"previousItem\":{\"@type\":\"ListItem\",\"@id\":\"https:\\\/\\\/eldigitaldeasturias.com\\\/radio\\\/category\\\/negocios\\\/#listItem\",\"name\":\"Negocios\"}}]},{\"@type\":\"NewsArticle\",\"@id\":\"https:\\\/\\\/eldigitaldeasturias.com\\\/radio\\\/mayoria-de-nuevos-empresarios-alemanes-son-hombres\\\/#newsarticle\",\"name\":\"Mayor\\u00eda de nuevos empresarios alemanes son hombres | El Digital de Asturias\",\"headline\":\"Mayor\\u00eda de nuevos empresarios alemanes son hombres\",\"author\":{\"@id\":\"https:\\\/\\\/eldigitaldeasturias.com\\\/radio\\\/author\\\/nbasturias\\\/#author\"},\"publisher\":{\"@id\":\"https:\\\/\\\/eldigitaldeasturias.com\\\/radio\\\/#organization\"},\"image\":{\"@type\":\"ImageObject\",\"url\":\"https:\\\/\\\/eldigitaldeasturias.com\\\/radio\\\/wp-content\\\/uploads\\\/2018\\\/03\\\/macbook-577758_1280.jpg\",\"width\":1280,\"height\":850},\"datePublished\":\"2019-12-19T09:46:59+01:00\",\"dateModified\":\"2019-12-19T11:39:26+01:00\",\"inLanguage\":\"es-ES\",\"mainEntityOfPage\":{\"@id\":\"https:\\\/\\\/eldigitaldeasturias.com\\\/radio\\\/mayoria-de-nuevos-empresarios-alemanes-son-hombres\\\/#webpage\"},\"isPartOf\":{\"@id\":\"https:\\\/\\\/eldigitaldeasturias.com\\\/radio\\\/mayoria-de-nuevos-empresarios-alemanes-son-hombres\\\/#webpage\"},\"articleSection\":\"Negocios\",\"dateline\":\"Publicado el diciembre 19, 2019.\"},{\"@type\":\"Organization\",\"@id\":\"https:\\\/\\\/eldigitaldeasturias.com\\\/radio\\\/#organization\",\"name\":\"El digital de Asturias Radio\",\"description\":\"Diario de informaci\\u00f3n y noticias\",\"url\":\"https:\\\/\\\/eldigitaldeasturias.com\\\/radio\\\/\",\"telephone\":\"+34652131393\",\"logo\":{\"@type\":\"ImageObject\",\"url\":\"https:\\\/\\\/www.eldigitaldeasturias.com\\\/radio\\\/wp-content\\\/uploads\\\/2021\\\/03\\\/EDA.jpg\",\"@id\":\"https:\\\/\\\/eldigitaldeasturias.com\\\/radio\\\/mayoria-de-nuevos-empresarios-alemanes-son-hombres\\\/#organizationLogo\"},\"image\":{\"@id\":\"https:\\\/\\\/eldigitaldeasturias.com\\\/radio\\\/mayoria-de-nuevos-empresarios-alemanes-son-hombres\\\/#organizationLogo\"},\"sameAs\":[\"https:\\\/\\\/www.facebook.com\\\/\",\"https:\\\/\\\/x.com\\\/bercodi\",\"https:\\\/\\\/www.instagram.com\\\/\",\"https:\\\/\\\/www.youtube.com\\\/channel\\\/UCZP-2wLEB9Rv6erhFmqVnvg\"]},{\"@type\":\"Person\",\"@id\":\"https:\\\/\\\/eldigitaldeasturias.com\\\/radio\\\/author\\\/nbasturias\\\/#author\",\"url\":\"https:\\\/\\\/eldigitaldeasturias.com\\\/radio\\\/author\\\/nbasturias\\\/\",\"name\":\"NBAsturias\",\"image\":{\"@type\":\"ImageObject\",\"@id\":\"https:\\\/\\\/eldigitaldeasturias.com\\\/radio\\\/mayoria-de-nuevos-empresarios-alemanes-son-hombres\\\/#authorImage\",\"url\":\"https:\\\/\\\/secure.gravatar.com\\\/avatar\\\/df2aeffc32bcd13f8d26072ef8a91b623d677766deac7f97ca815868cd41bf5e?s=96&d=mm&r=g\",\"width\":96,\"height\":96,\"caption\":\"NBAsturias\"}},{\"@type\":\"WebPage\",\"@id\":\"https:\\\/\\\/eldigitaldeasturias.com\\\/radio\\\/mayoria-de-nuevos-empresarios-alemanes-son-hombres\\\/#webpage\",\"url\":\"https:\\\/\\\/eldigitaldeasturias.com\\\/radio\\\/mayoria-de-nuevos-empresarios-alemanes-son-hombres\\\/\",\"name\":\"Mayor\\u00eda de nuevos empresarios alemanes son hombres | El Digital de Asturias\",\"description\":\"M\\u00fanich, 18 dic (dpa) - El fundador t\\u00edpico de una empresa en Alemania es hombre, tiene estudios universitarios y se atreve a dar el paso al autoempleo con menos de 50.000 euros de capital inicial, revel\\u00f3 un estudio presentado hoy por el Commerzbank en M\\u00fanich. Seg\\u00fan las personas encuestadas, el motivo principal para crear una\",\"inLanguage\":\"es-ES\",\"isPartOf\":{\"@id\":\"https:\\\/\\\/eldigitaldeasturias.com\\\/radio\\\/#website\"},\"breadcrumb\":{\"@id\":\"https:\\\/\\\/eldigitaldeasturias.com\\\/radio\\\/mayoria-de-nuevos-empresarios-alemanes-son-hombres\\\/#breadcrumblist\"},\"author\":{\"@id\":\"https:\\\/\\\/eldigitaldeasturias.com\\\/radio\\\/author\\\/nbasturias\\\/#author\"},\"creator\":{\"@id\":\"https:\\\/\\\/eldigitaldeasturias.com\\\/radio\\\/author\\\/nbasturias\\\/#author\"},\"image\":{\"@type\":\"ImageObject\",\"url\":\"https:\\\/\\\/eldigitaldeasturias.com\\\/radio\\\/wp-content\\\/uploads\\\/2018\\\/03\\\/macbook-577758_1280.jpg\",\"@id\":\"https:\\\/\\\/eldigitaldeasturias.com\\\/radio\\\/mayoria-de-nuevos-empresarios-alemanes-son-hombres\\\/#mainImage\",\"width\":1280,\"height\":850},\"primaryImageOfPage\":{\"@id\":\"https:\\\/\\\/eldigitaldeasturias.com\\\/radio\\\/mayoria-de-nuevos-empresarios-alemanes-son-hombres\\\/#mainImage\"},\"datePublished\":\"2019-12-19T09:46:59+01:00\",\"dateModified\":\"2019-12-19T11:39:26+01:00\"},{\"@type\":\"WebSite\",\"@id\":\"https:\\\/\\\/eldigitaldeasturias.com\\\/radio\\\/#website\",\"url\":\"https:\\\/\\\/eldigitaldeasturias.com\\\/radio\\\/\",\"name\":\"El Digital de Asturias\",\"description\":\"Diario de informaci\\u00f3n y noticias\",\"inLanguage\":\"es-ES\",\"publisher\":{\"@id\":\"https:\\\/\\\/eldigitaldeasturias.com\\\/radio\\\/#organization\"}}]}\n\t\t<\/script>\n\t\t<!-- All in One SEO Pro -->\r\n\t\t<title>Mayor\u00eda de nuevos empresarios alemanes son hombres | El Digital de Asturias<\/title>\n\n","aioseo_head_json":{"title":"Mayor\u00eda de nuevos empresarios alemanes son hombres | El Digital de Asturias","description":"M\u00fanich, 18 dic (dpa) - El fundador t\u00edpico de una empresa en Alemania es hombre, tiene estudios universitarios y se atreve a dar el paso al autoempleo con menos de 50.000 euros de capital inicial, revel\u00f3 un estudio presentado hoy por el Commerzbank en M\u00fanich. Seg\u00fan las personas encuestadas, el motivo principal para crear una","canonical_url":"https:\/\/eldigitaldeasturias.com\/radio\/mayoria-de-nuevos-empresarios-alemanes-son-hombres\/","robots":"max-image-preview:large","keywords":"negocios","webmasterTools":{"google-site-verification":"UA-38556648-1","miscellaneous":""},"schema":{"@context":"https:\/\/schema.org","@graph":[{"@type":"BreadcrumbList","@id":"https:\/\/eldigitaldeasturias.com\/radio\/mayoria-de-nuevos-empresarios-alemanes-son-hombres\/#breadcrumblist","itemListElement":[{"@type":"ListItem","@id":"https:\/\/eldigitaldeasturias.com\/radio#listItem","position":1,"name":"Inicio","item":"https:\/\/eldigitaldeasturias.com\/radio","nextItem":{"@type":"ListItem","@id":"https:\/\/eldigitaldeasturias.com\/radio\/category\/negocios\/#listItem","name":"Negocios"}},{"@type":"ListItem","@id":"https:\/\/eldigitaldeasturias.com\/radio\/category\/negocios\/#listItem","position":2,"name":"Negocios","item":"https:\/\/eldigitaldeasturias.com\/radio\/category\/negocios\/","nextItem":{"@type":"ListItem","@id":"https:\/\/eldigitaldeasturias.com\/radio\/mayoria-de-nuevos-empresarios-alemanes-son-hombres\/#listItem","name":"Mayor\u00eda de nuevos empresarios alemanes son hombres"},"previousItem":{"@type":"ListItem","@id":"https:\/\/eldigitaldeasturias.com\/radio#listItem","name":"Inicio"}},{"@type":"ListItem","@id":"https:\/\/eldigitaldeasturias.com\/radio\/mayoria-de-nuevos-empresarios-alemanes-son-hombres\/#listItem","position":3,"name":"Mayor\u00eda de nuevos empresarios alemanes son hombres","previousItem":{"@type":"ListItem","@id":"https:\/\/eldigitaldeasturias.com\/radio\/category\/negocios\/#listItem","name":"Negocios"}}]},{"@type":"NewsArticle","@id":"https:\/\/eldigitaldeasturias.com\/radio\/mayoria-de-nuevos-empresarios-alemanes-son-hombres\/#newsarticle","name":"Mayor\u00eda de nuevos empresarios alemanes son hombres | El Digital de Asturias","headline":"Mayor\u00eda de nuevos empresarios alemanes son hombres","author":{"@id":"https:\/\/eldigitaldeasturias.com\/radio\/author\/nbasturias\/#author"},"publisher":{"@id":"https:\/\/eldigitaldeasturias.com\/radio\/#organization"},"image":{"@type":"ImageObject","url":"https:\/\/eldigitaldeasturias.com\/radio\/wp-content\/uploads\/2018\/03\/macbook-577758_1280.jpg","width":1280,"height":850},"datePublished":"2019-12-19T09:46:59+01:00","dateModified":"2019-12-19T11:39:26+01:00","inLanguage":"es-ES","mainEntityOfPage":{"@id":"https:\/\/eldigitaldeasturias.com\/radio\/mayoria-de-nuevos-empresarios-alemanes-son-hombres\/#webpage"},"isPartOf":{"@id":"https:\/\/eldigitaldeasturias.com\/radio\/mayoria-de-nuevos-empresarios-alemanes-son-hombres\/#webpage"},"articleSection":"Negocios","dateline":"Publicado el diciembre 19, 2019."},{"@type":"Organization","@id":"https:\/\/eldigitaldeasturias.com\/radio\/#organization","name":"El digital de Asturias Radio","description":"Diario de informaci\u00f3n y noticias","url":"https:\/\/eldigitaldeasturias.com\/radio\/","telephone":"+34652131393","logo":{"@type":"ImageObject","url":"https:\/\/www.eldigitaldeasturias.com\/radio\/wp-content\/uploads\/2021\/03\/EDA.jpg","@id":"https:\/\/eldigitaldeasturias.com\/radio\/mayoria-de-nuevos-empresarios-alemanes-son-hombres\/#organizationLogo"},"image":{"@id":"https:\/\/eldigitaldeasturias.com\/radio\/mayoria-de-nuevos-empresarios-alemanes-son-hombres\/#organizationLogo"},"sameAs":["https:\/\/www.facebook.com\/","https:\/\/x.com\/bercodi","https:\/\/www.instagram.com\/","https:\/\/www.youtube.com\/channel\/UCZP-2wLEB9Rv6erhFmqVnvg"]},{"@type":"Person","@id":"https:\/\/eldigitaldeasturias.com\/radio\/author\/nbasturias\/#author","url":"https:\/\/eldigitaldeasturias.com\/radio\/author\/nbasturias\/","name":"NBAsturias","image":{"@type":"ImageObject","@id":"https:\/\/eldigitaldeasturias.com\/radio\/mayoria-de-nuevos-empresarios-alemanes-son-hombres\/#authorImage","url":"https:\/\/secure.gravatar.com\/avatar\/df2aeffc32bcd13f8d26072ef8a91b623d677766deac7f97ca815868cd41bf5e?s=96&d=mm&r=g","width":96,"height":96,"caption":"NBAsturias"}},{"@type":"WebPage","@id":"https:\/\/eldigitaldeasturias.com\/radio\/mayoria-de-nuevos-empresarios-alemanes-son-hombres\/#webpage","url":"https:\/\/eldigitaldeasturias.com\/radio\/mayoria-de-nuevos-empresarios-alemanes-son-hombres\/","name":"Mayor\u00eda de nuevos empresarios alemanes son hombres | El Digital de Asturias","description":"M\u00fanich, 18 dic (dpa) - El fundador t\u00edpico de una empresa en Alemania es hombre, tiene estudios universitarios y se atreve a dar el paso al autoempleo con menos de 50.000 euros de capital inicial, revel\u00f3 un estudio presentado hoy por el Commerzbank en M\u00fanich. Seg\u00fan las personas encuestadas, el motivo principal para crear una","inLanguage":"es-ES","isPartOf":{"@id":"https:\/\/eldigitaldeasturias.com\/radio\/#website"},"breadcrumb":{"@id":"https:\/\/eldigitaldeasturias.com\/radio\/mayoria-de-nuevos-empresarios-alemanes-son-hombres\/#breadcrumblist"},"author":{"@id":"https:\/\/eldigitaldeasturias.com\/radio\/author\/nbasturias\/#author"},"creator":{"@id":"https:\/\/eldigitaldeasturias.com\/radio\/author\/nbasturias\/#author"},"image":{"@type":"ImageObject","url":"https:\/\/eldigitaldeasturias.com\/radio\/wp-content\/uploads\/2018\/03\/macbook-577758_1280.jpg","@id":"https:\/\/eldigitaldeasturias.com\/radio\/mayoria-de-nuevos-empresarios-alemanes-son-hombres\/#mainImage","width":1280,"height":850},"primaryImageOfPage":{"@id":"https:\/\/eldigitaldeasturias.com\/radio\/mayoria-de-nuevos-empresarios-alemanes-son-hombres\/#mainImage"},"datePublished":"2019-12-19T09:46:59+01:00","dateModified":"2019-12-19T11:39:26+01:00"},{"@type":"WebSite","@id":"https:\/\/eldigitaldeasturias.com\/radio\/#website","url":"https:\/\/eldigitaldeasturias.com\/radio\/","name":"El Digital de Asturias","description":"Diario de informaci\u00f3n y noticias","inLanguage":"es-ES","publisher":{"@id":"https:\/\/eldigitaldeasturias.com\/radio\/#organization"}}]},"og:locale":"es_ES","og:site_name":"El Digital de Asturias | Diario de informaci\u00f3n y noticias","og:type":"article","og:title":"Mayor\u00eda de nuevos empresarios alemanes son hombres | El Digital de Asturias","og:description":"M\u00fanich, 18 dic (dpa) - El fundador t\u00edpico de una empresa en Alemania es hombre, tiene estudios universitarios y se atreve a dar el paso al autoempleo con menos de 50.000 euros de capital inicial, revel\u00f3 un estudio presentado hoy por el Commerzbank en M\u00fanich. Seg\u00fan las personas encuestadas, el motivo principal para crear una","og:url":"https:\/\/eldigitaldeasturias.com\/radio\/mayoria-de-nuevos-empresarios-alemanes-son-hombres\/","og:image":"https:\/\/eldigitaldeasturias.com\/radio\/wp-content\/uploads\/2018\/03\/macbook-577758_1280.jpg","og:image:secure_url":"https:\/\/eldigitaldeasturias.com\/radio\/wp-content\/uploads\/2018\/03\/macbook-577758_1280.jpg","og:image:width":1280,"og:image:height":850,"article:published_time":"2019-12-19T09:46:59+00:00","article:modified_time":"2019-12-19T11:39:26+00:00","twitter:card":"summary_large_image","twitter:site":"@bercodi","twitter:title":"Mayor\u00eda de nuevos empresarios alemanes son hombres | El Digital de Asturias","twitter:description":"M\u00fanich, 18 dic (dpa) - El fundador t\u00edpico de una empresa en Alemania es hombre, tiene estudios universitarios y se atreve a dar el paso al autoempleo con menos de 50.000 euros de capital inicial, revel\u00f3 un estudio presentado hoy por el Commerzbank en M\u00fanich. Seg\u00fan las personas encuestadas, el motivo principal para crear una","twitter:creator":"@bercodi","twitter:image":"https:\/\/eldigitaldeasturias.com\/radio\/wp-content\/uploads\/2018\/03\/macbook-577758_1280.jpg"},"aioseo_meta_data":{"post_id":"3668","title":null,"description":null,"keywords":null,"keyphrases":null,"primary_term":null,"canonical_url":null,"og_title":null,"og_description":null,"og_object_type":"default","og_image_type":"default","og_image_url":null,"og_image_width":null,"og_image_height":null,"og_image_custom_url":null,"og_image_custom_fields":null,"og_video":null,"og_custom_url":null,"og_article_section":null,"og_article_tags":null,"twitter_use_og":false,"twitter_card":"default","twitter_image_type":"default","twitter_image_url":null,"twitter_image_custom_url":null,"twitter_image_custom_fields":null,"twitter_title":null,"twitter_description":null,"schema":{"blockGraphs":[],"customGraphs":[],"default":{"data":{"Article":[],"Course":[],"Dataset":[],"FAQPage":[],"Movie":[],"Person":[],"Product":[],"ProductReview":[],"Car":[],"Recipe":[],"Service":[],"SoftwareApplication":[],"WebPage":[]},"graphName":"","isEnabled":true},"graphs":[],"defaultGraph":"","defaultPostTypeGraph":""},"schema_type":null,"schema_type_options":null,"pillar_content":false,"robots_default":true,"robots_noindex":false,"robots_noarchive":false,"robots_nosnippet":false,"robots_nofollow":false,"robots_noimageindex":false,"robots_noodp":false,"robots_notranslate":false,"robots_max_snippet":null,"robots_max_videopreview":null,"robots_max_imagepreview":"large","priority":null,"frequency":null,"location":null,"local_seo":null,"seo_analyzer_scan_date":"2025-08-28 14:38:27","breadcrumb_settings":null,"limit_modified_date":false,"open_ai":null,"ai":null,"created":"2021-03-25 20:41:42","updated":"2025-08-28 14:38:27"},"aioseo_breadcrumb":"<div class=\"aioseo-breadcrumbs\"><span class=\"aioseo-breadcrumb\">\n\t<a href=\"https:\/\/eldigitaldeasturias.com\/radio\" title=\"Inicio\">Inicio<\/a>\n<\/span><span class=\"aioseo-breadcrumb-separator\">&ndash;<\/span><span class=\"aioseo-breadcrumb\">\n\t<a href=\"https:\/\/eldigitaldeasturias.com\/radio\/category\/negocios\/\" title=\"Negocios\">Negocios<\/a>\n<\/span><span class=\"aioseo-breadcrumb-separator\">&ndash;<\/span><span class=\"aioseo-breadcrumb\">\n\tMayor\u00eda de nuevos empresarios alemanes son hombres\n<\/span><\/div>","aioseo_breadcrumb_json":[{"label":"Inicio","link":"https:\/\/eldigitaldeasturias.com\/radio"},{"label":"Negocios","link":"https:\/\/eldigitaldeasturias.com\/radio\/category\/negocios\/"},{"label":"Mayor\u00eda de nuevos empresarios alemanes son hombres","link":"https:\/\/eldigitaldeasturias.com\/radio\/mayoria-de-nuevos-empresarios-alemanes-son-hombres\/"}],"_links":{"self":[{"href":"https:\/\/eldigitaldeasturias.com\/radio\/wp-json\/wp\/v2\/posts\/3668","targetHints":{"allow":["GET"]}}],"collection":[{"href":"https:\/\/eldigitaldeasturias.com\/radio\/wp-json\/wp\/v2\/posts"}],"about":[{"href":"https:\/\/eldigitaldeasturias.com\/radio\/wp-json\/wp\/v2\/types\/post"}],"author":[{"embeddable":true,"href":"https:\/\/eldigitaldeasturias.com\/radio\/wp-json\/wp\/v2\/users\/1"}],"replies":[{"embeddable":true,"href":"https:\/\/eldigitaldeasturias.com\/radio\/wp-json\/wp\/v2\/comments?post=3668"}],"version-history":[{"count":0,"href":"https:\/\/eldigitaldeasturias.com\/radio\/wp-json\/wp\/v2\/posts\/3668\/revisions"}],"wp:featuredmedia":[{"embeddable":true,"href":"https:\/\/eldigitaldeasturias.com\/radio\/wp-json\/wp\/v2\/media\/62"}],"wp:attachment":[{"href":"https:\/\/eldigitaldeasturias.com\/radio\/wp-json\/wp\/v2\/media?parent=3668"}],"wp:term":[{"taxonomy":"category","embeddable":true,"href":"https:\/\/eldigitaldeasturias.com\/radio\/wp-json\/wp\/v2\/categories?post=3668"},{"taxonomy":"post_tag","embeddable":true,"href":"https:\/\/eldigitaldeasturias.com\/radio\/wp-json\/wp\/v2\/tags?post=3668"}],"curies":[{"name":"wp","href":"https:\/\/api.w.org\/{rel}","templated":true}]}}