{"id":3665,"date":"2019-12-19T09:45:45","date_gmt":"2019-12-19T09:45:45","guid":{"rendered":"http:\/\/www.eldigitaldeasturias.com\/radio\/?p=3665"},"modified":"2019-12-19T09:45:45","modified_gmt":"2019-12-19T09:45:45","slug":"lufthansa-descarta-cancelaciones-de-vuelos-por-huelga-de-catering","status":"publish","type":"post","link":"https:\/\/eldigitaldeasturias.com\/radio\/lufthansa-descarta-cancelaciones-de-vuelos-por-huelga-de-catering\/","title":{"rendered":"Lufthansa descarta cancelaciones de vuelos por huelga de catering"},"content":{"rendered":"<figure id=\"attachment_3666\" aria-describedby=\"caption-attachment-3666\" style=\"width: 360px\" class=\"wp-caption alignleft\"><img fetchpriority=\"high\" decoding=\"async\" class=\"size-medium wp-image-3666\" src=\"http:\/\/www.eldigitaldeasturias.com\/radio\/wp-content\/uploads\/2019\/12\/comida-Lufthansa-360x215.jpg\" alt=\"\" width=\"360\" height=\"215\" srcset=\"https:\/\/eldigitaldeasturias.com\/radio\/wp-content\/uploads\/2019\/12\/comida-Lufthansa-360x215.jpg 360w, https:\/\/eldigitaldeasturias.com\/radio\/wp-content\/uploads\/2019\/12\/comida-Lufthansa-1024x612.jpg 1024w, https:\/\/eldigitaldeasturias.com\/radio\/wp-content\/uploads\/2019\/12\/comida-Lufthansa-768x459.jpg 768w, https:\/\/eldigitaldeasturias.com\/radio\/wp-content\/uploads\/2019\/12\/comida-Lufthansa.jpg 1111w\" sizes=\"(max-width: 360px) 100vw, 360px\" \/><figcaption id=\"caption-attachment-3666\" class=\"wp-caption-text\">Foto: Daniel Reinhardt\/dpa<\/figcaption><\/figure>\n<p>Fr\u00e1ncfort, 18 dic (dpa) &#8211; La aerol\u00ednea alemana Lufthansa descart\u00f3 hoy posibles cancelaciones de vuelos debido a la huelga de su servicio de catering a bordo, anunciada por el sindicato Verdi para ma\u00f1ana.<\/p>\n<p>Un portavoz de la compa\u00f1\u00eda anunci\u00f3 que a consecuencia de la huelga no se ofrecer\u00e1 ning\u00fan servicio de catering a bordo en vuelos nacionales alemanes y europeos hasta el s\u00e1bado.<\/p>\n<p>Asimismo, inform\u00f3 que en los vuelos de larga distancia con origen en Fr\u00e1ncfort y M\u00fanich los pasajeros dispondr\u00e1n de un n\u00famero reducido de comidas ya preparadas. En los vuelos a Alemania, por otro lado, no se producir\u00e1 ning\u00fan cambio, ya que la huelga no afecta a los aeropuertos extranjeros.<\/p>\n<p>El anuncio de la aerol\u00ednea se produce despu\u00e9s de que el sindicato Verdi anunciara una huelga de 24 horas para ma\u00f1ana por parte de los trabajadores de filial encargada del catering, LSG Sky Chefs, que est\u00e1 a punto de ser vendida a su competidor Gategroup.<\/p>\n<p>Los empleados temen que la venta suponga una reducci\u00f3n de sus salarios, as\u00ed como unas peores condiciones de trabajo.<\/p>\n","protected":false},"excerpt":{"rendered":"<p>Fr\u00e1ncfort, 18 dic (dpa) &#8211; La aerol\u00ednea alemana Lufthansa descart\u00f3 hoy posibles cancelaciones de vuelos debido a la huelga de su servicio de catering a bordo, anunciada por el sindicato Verdi para ma\u00f1ana. Un portavoz de la compa\u00f1\u00eda anunci\u00f3 que a consecuencia de la huelga no se ofrecer\u00e1 ning\u00fan servicio de catering a bordo en<\/p>\n","protected":false},"author":1,"featured_media":3666,"comment_status":"closed","ping_status":"closed","sticky":false,"template":"","format":"standard","meta":{"footnotes":""},"categories":[35],"tags":[],"class_list":{"0":"post-3665","1":"post","2":"type-post","3":"status-publish","4":"format-standard","5":"has-post-thumbnail","7":"category-negocios"},"aioseo_notices":[],"aioseo_head":"\n\t\t<!-- All in One SEO Pro 4.9.6.2 - aioseo.com -->\n\t<meta name=\"description\" content=\"Fr\u00e1ncfort, 18 dic (dpa) - La aerol\u00ednea alemana Lufthansa descart\u00f3 hoy posibles cancelaciones de vuelos debido a la huelga de su servicio de catering a bordo, anunciada por el sindicato Verdi para ma\u00f1ana. Un portavoz de la compa\u00f1\u00eda anunci\u00f3 que a consecuencia de la huelga no se ofrecer\u00e1 ning\u00fan servicio de catering a bordo en\" \/>\n\t<meta name=\"robots\" content=\"max-image-preview:large\" \/>\n\t<meta name=\"author\" content=\"NBAsturias\"\/>\n\t<meta name=\"google-site-verification\" content=\"UA-38556648-1\" \/>\n\t<meta name=\"keywords\" content=\"negocios\" \/>\n\t<link rel=\"canonical\" href=\"https:\/\/eldigitaldeasturias.com\/radio\/lufthansa-descarta-cancelaciones-de-vuelos-por-huelga-de-catering\/\" \/>\n\t<meta name=\"generator\" content=\"All in One SEO Pro (AIOSEO) 4.9.6.2\" \/>\n\t\t<meta property=\"og:locale\" content=\"es_ES\" \/>\n\t\t<meta property=\"og:site_name\" content=\"El Digital de Asturias | Diario de informaci\u00f3n y noticias\" \/>\n\t\t<meta property=\"og:type\" content=\"article\" \/>\n\t\t<meta property=\"og:title\" content=\"Lufthansa descarta cancelaciones de vuelos por huelga de catering | El Digital de Asturias\" \/>\n\t\t<meta property=\"og:description\" content=\"Fr\u00e1ncfort, 18 dic (dpa) - La aerol\u00ednea alemana Lufthansa descart\u00f3 hoy posibles cancelaciones de vuelos debido a la huelga de su servicio de catering a bordo, anunciada por el sindicato Verdi para ma\u00f1ana. Un portavoz de la compa\u00f1\u00eda anunci\u00f3 que a consecuencia de la huelga no se ofrecer\u00e1 ning\u00fan servicio de catering a bordo en\" \/>\n\t\t<meta property=\"og:url\" content=\"https:\/\/eldigitaldeasturias.com\/radio\/lufthansa-descarta-cancelaciones-de-vuelos-por-huelga-de-catering\/\" \/>\n\t\t<meta property=\"og:image\" content=\"https:\/\/eldigitaldeasturias.com\/radio\/wp-content\/uploads\/2019\/12\/comida-Lufthansa.jpg\" \/>\n\t\t<meta property=\"og:image:secure_url\" content=\"https:\/\/eldigitaldeasturias.com\/radio\/wp-content\/uploads\/2019\/12\/comida-Lufthansa.jpg\" \/>\n\t\t<meta property=\"og:image:width\" content=\"1111\" \/>\n\t\t<meta property=\"og:image:height\" content=\"664\" \/>\n\t\t<meta property=\"article:published_time\" content=\"2019-12-19T09:45:45+00:00\" \/>\n\t\t<meta property=\"article:modified_time\" content=\"2019-12-19T09:45:45+00:00\" \/>\n\t\t<meta name=\"twitter:card\" content=\"summary_large_image\" \/>\n\t\t<meta name=\"twitter:site\" content=\"@bercodi\" \/>\n\t\t<meta name=\"twitter:title\" content=\"Lufthansa descarta cancelaciones de vuelos por huelga de catering | El Digital de Asturias\" \/>\n\t\t<meta name=\"twitter:description\" content=\"Fr\u00e1ncfort, 18 dic (dpa) - La aerol\u00ednea alemana Lufthansa descart\u00f3 hoy posibles cancelaciones de vuelos debido a la huelga de su servicio de catering a bordo, anunciada por el sindicato Verdi para ma\u00f1ana. Un portavoz de la compa\u00f1\u00eda anunci\u00f3 que a consecuencia de la huelga no se ofrecer\u00e1 ning\u00fan servicio de catering a bordo en\" \/>\n\t\t<meta name=\"twitter:creator\" content=\"@bercodi\" \/>\n\t\t<meta name=\"twitter:image\" content=\"https:\/\/eldigitaldeasturias.com\/radio\/wp-content\/uploads\/2019\/12\/comida-Lufthansa.jpg\" \/>\n\t\t<script type=\"application\/ld+json\" class=\"aioseo-schema\">\n\t\t\t{\"@context\":\"https:\\\/\\\/schema.org\",\"@graph\":[{\"@type\":\"BreadcrumbList\",\"@id\":\"https:\\\/\\\/eldigitaldeasturias.com\\\/radio\\\/lufthansa-descarta-cancelaciones-de-vuelos-por-huelga-de-catering\\\/#breadcrumblist\",\"itemListElement\":[{\"@type\":\"ListItem\",\"@id\":\"https:\\\/\\\/eldigitaldeasturias.com\\\/radio#listItem\",\"position\":1,\"name\":\"Inicio\",\"item\":\"https:\\\/\\\/eldigitaldeasturias.com\\\/radio\",\"nextItem\":{\"@type\":\"ListItem\",\"@id\":\"https:\\\/\\\/eldigitaldeasturias.com\\\/radio\\\/category\\\/negocios\\\/#listItem\",\"name\":\"Negocios\"}},{\"@type\":\"ListItem\",\"@id\":\"https:\\\/\\\/eldigitaldeasturias.com\\\/radio\\\/category\\\/negocios\\\/#listItem\",\"position\":2,\"name\":\"Negocios\",\"item\":\"https:\\\/\\\/eldigitaldeasturias.com\\\/radio\\\/category\\\/negocios\\\/\",\"nextItem\":{\"@type\":\"ListItem\",\"@id\":\"https:\\\/\\\/eldigitaldeasturias.com\\\/radio\\\/lufthansa-descarta-cancelaciones-de-vuelos-por-huelga-de-catering\\\/#listItem\",\"name\":\"Lufthansa descarta cancelaciones de vuelos por huelga de catering\"},\"previousItem\":{\"@type\":\"ListItem\",\"@id\":\"https:\\\/\\\/eldigitaldeasturias.com\\\/radio#listItem\",\"name\":\"Inicio\"}},{\"@type\":\"ListItem\",\"@id\":\"https:\\\/\\\/eldigitaldeasturias.com\\\/radio\\\/lufthansa-descarta-cancelaciones-de-vuelos-por-huelga-de-catering\\\/#listItem\",\"position\":3,\"name\":\"Lufthansa descarta cancelaciones de vuelos por huelga de catering\",\"previousItem\":{\"@type\":\"ListItem\",\"@id\":\"https:\\\/\\\/eldigitaldeasturias.com\\\/radio\\\/category\\\/negocios\\\/#listItem\",\"name\":\"Negocios\"}}]},{\"@type\":\"NewsArticle\",\"@id\":\"https:\\\/\\\/eldigitaldeasturias.com\\\/radio\\\/lufthansa-descarta-cancelaciones-de-vuelos-por-huelga-de-catering\\\/#newsarticle\",\"name\":\"Lufthansa descarta cancelaciones de vuelos por huelga de catering | El Digital de Asturias\",\"headline\":\"Lufthansa descarta cancelaciones de vuelos por huelga de catering\",\"author\":{\"@id\":\"https:\\\/\\\/eldigitaldeasturias.com\\\/radio\\\/author\\\/nbasturias\\\/#author\"},\"publisher\":{\"@id\":\"https:\\\/\\\/eldigitaldeasturias.com\\\/radio\\\/#organization\"},\"image\":{\"@type\":\"ImageObject\",\"url\":\"https:\\\/\\\/eldigitaldeasturias.com\\\/radio\\\/wp-content\\\/uploads\\\/2019\\\/12\\\/comida-Lufthansa.jpg\",\"width\":1111,\"height\":664,\"caption\":\"Foto: Daniel Reinhardt\\\/dpa\"},\"datePublished\":\"2019-12-19T09:45:45+01:00\",\"dateModified\":\"2019-12-19T09:45:45+01:00\",\"inLanguage\":\"es-ES\",\"mainEntityOfPage\":{\"@id\":\"https:\\\/\\\/eldigitaldeasturias.com\\\/radio\\\/lufthansa-descarta-cancelaciones-de-vuelos-por-huelga-de-catering\\\/#webpage\"},\"isPartOf\":{\"@id\":\"https:\\\/\\\/eldigitaldeasturias.com\\\/radio\\\/lufthansa-descarta-cancelaciones-de-vuelos-por-huelga-de-catering\\\/#webpage\"},\"articleSection\":\"Negocios\",\"dateline\":\"Publicado el diciembre 19, 2019.\"},{\"@type\":\"Organization\",\"@id\":\"https:\\\/\\\/eldigitaldeasturias.com\\\/radio\\\/#organization\",\"name\":\"El digital de Asturias Radio\",\"description\":\"Diario de informaci\\u00f3n y noticias\",\"url\":\"https:\\\/\\\/eldigitaldeasturias.com\\\/radio\\\/\",\"telephone\":\"+34652131393\",\"logo\":{\"@type\":\"ImageObject\",\"url\":\"https:\\\/\\\/www.eldigitaldeasturias.com\\\/radio\\\/wp-content\\\/uploads\\\/2021\\\/03\\\/EDA.jpg\",\"@id\":\"https:\\\/\\\/eldigitaldeasturias.com\\\/radio\\\/lufthansa-descarta-cancelaciones-de-vuelos-por-huelga-de-catering\\\/#organizationLogo\"},\"image\":{\"@id\":\"https:\\\/\\\/eldigitaldeasturias.com\\\/radio\\\/lufthansa-descarta-cancelaciones-de-vuelos-por-huelga-de-catering\\\/#organizationLogo\"},\"sameAs\":[\"https:\\\/\\\/www.facebook.com\\\/\",\"https:\\\/\\\/x.com\\\/bercodi\",\"https:\\\/\\\/www.instagram.com\\\/\",\"https:\\\/\\\/www.youtube.com\\\/channel\\\/UCZP-2wLEB9Rv6erhFmqVnvg\"]},{\"@type\":\"Person\",\"@id\":\"https:\\\/\\\/eldigitaldeasturias.com\\\/radio\\\/author\\\/nbasturias\\\/#author\",\"url\":\"https:\\\/\\\/eldigitaldeasturias.com\\\/radio\\\/author\\\/nbasturias\\\/\",\"name\":\"NBAsturias\",\"image\":{\"@type\":\"ImageObject\",\"@id\":\"https:\\\/\\\/eldigitaldeasturias.com\\\/radio\\\/lufthansa-descarta-cancelaciones-de-vuelos-por-huelga-de-catering\\\/#authorImage\",\"url\":\"https:\\\/\\\/secure.gravatar.com\\\/avatar\\\/df2aeffc32bcd13f8d26072ef8a91b623d677766deac7f97ca815868cd41bf5e?s=96&d=mm&r=g\",\"width\":96,\"height\":96,\"caption\":\"NBAsturias\"}},{\"@type\":\"WebPage\",\"@id\":\"https:\\\/\\\/eldigitaldeasturias.com\\\/radio\\\/lufthansa-descarta-cancelaciones-de-vuelos-por-huelga-de-catering\\\/#webpage\",\"url\":\"https:\\\/\\\/eldigitaldeasturias.com\\\/radio\\\/lufthansa-descarta-cancelaciones-de-vuelos-por-huelga-de-catering\\\/\",\"name\":\"Lufthansa descarta cancelaciones de vuelos por huelga de catering | El Digital de Asturias\",\"description\":\"Fr\\u00e1ncfort, 18 dic (dpa) - La aerol\\u00ednea alemana Lufthansa descart\\u00f3 hoy posibles cancelaciones de vuelos debido a la huelga de su servicio de catering a bordo, anunciada por el sindicato Verdi para ma\\u00f1ana. Un portavoz de la compa\\u00f1\\u00eda anunci\\u00f3 que a consecuencia de la huelga no se ofrecer\\u00e1 ning\\u00fan servicio de catering a bordo en\",\"inLanguage\":\"es-ES\",\"isPartOf\":{\"@id\":\"https:\\\/\\\/eldigitaldeasturias.com\\\/radio\\\/#website\"},\"breadcrumb\":{\"@id\":\"https:\\\/\\\/eldigitaldeasturias.com\\\/radio\\\/lufthansa-descarta-cancelaciones-de-vuelos-por-huelga-de-catering\\\/#breadcrumblist\"},\"author\":{\"@id\":\"https:\\\/\\\/eldigitaldeasturias.com\\\/radio\\\/author\\\/nbasturias\\\/#author\"},\"creator\":{\"@id\":\"https:\\\/\\\/eldigitaldeasturias.com\\\/radio\\\/author\\\/nbasturias\\\/#author\"},\"image\":{\"@type\":\"ImageObject\",\"url\":\"https:\\\/\\\/eldigitaldeasturias.com\\\/radio\\\/wp-content\\\/uploads\\\/2019\\\/12\\\/comida-Lufthansa.jpg\",\"@id\":\"https:\\\/\\\/eldigitaldeasturias.com\\\/radio\\\/lufthansa-descarta-cancelaciones-de-vuelos-por-huelga-de-catering\\\/#mainImage\",\"width\":1111,\"height\":664,\"caption\":\"Foto: Daniel Reinhardt\\\/dpa\"},\"primaryImageOfPage\":{\"@id\":\"https:\\\/\\\/eldigitaldeasturias.com\\\/radio\\\/lufthansa-descarta-cancelaciones-de-vuelos-por-huelga-de-catering\\\/#mainImage\"},\"datePublished\":\"2019-12-19T09:45:45+01:00\",\"dateModified\":\"2019-12-19T09:45:45+01:00\"},{\"@type\":\"WebSite\",\"@id\":\"https:\\\/\\\/eldigitaldeasturias.com\\\/radio\\\/#website\",\"url\":\"https:\\\/\\\/eldigitaldeasturias.com\\\/radio\\\/\",\"name\":\"El Digital de Asturias\",\"description\":\"Diario de informaci\\u00f3n y noticias\",\"inLanguage\":\"es-ES\",\"publisher\":{\"@id\":\"https:\\\/\\\/eldigitaldeasturias.com\\\/radio\\\/#organization\"}}]}\n\t\t<\/script>\n\t\t<!-- All in One SEO Pro -->\r\n\t\t<title>Lufthansa descarta cancelaciones de vuelos por huelga de catering | El Digital de Asturias<\/title>\n\n","aioseo_head_json":{"title":"Lufthansa descarta cancelaciones de vuelos por huelga de catering | El Digital de Asturias","description":"Fr\u00e1ncfort, 18 dic (dpa) - La aerol\u00ednea alemana Lufthansa descart\u00f3 hoy posibles cancelaciones de vuelos debido a la huelga de su servicio de catering a bordo, anunciada por el sindicato Verdi para ma\u00f1ana. Un portavoz de la compa\u00f1\u00eda anunci\u00f3 que a consecuencia de la huelga no se ofrecer\u00e1 ning\u00fan servicio de catering a bordo en","canonical_url":"https:\/\/eldigitaldeasturias.com\/radio\/lufthansa-descarta-cancelaciones-de-vuelos-por-huelga-de-catering\/","robots":"max-image-preview:large","keywords":"negocios","webmasterTools":{"google-site-verification":"UA-38556648-1","miscellaneous":""},"schema":{"@context":"https:\/\/schema.org","@graph":[{"@type":"BreadcrumbList","@id":"https:\/\/eldigitaldeasturias.com\/radio\/lufthansa-descarta-cancelaciones-de-vuelos-por-huelga-de-catering\/#breadcrumblist","itemListElement":[{"@type":"ListItem","@id":"https:\/\/eldigitaldeasturias.com\/radio#listItem","position":1,"name":"Inicio","item":"https:\/\/eldigitaldeasturias.com\/radio","nextItem":{"@type":"ListItem","@id":"https:\/\/eldigitaldeasturias.com\/radio\/category\/negocios\/#listItem","name":"Negocios"}},{"@type":"ListItem","@id":"https:\/\/eldigitaldeasturias.com\/radio\/category\/negocios\/#listItem","position":2,"name":"Negocios","item":"https:\/\/eldigitaldeasturias.com\/radio\/category\/negocios\/","nextItem":{"@type":"ListItem","@id":"https:\/\/eldigitaldeasturias.com\/radio\/lufthansa-descarta-cancelaciones-de-vuelos-por-huelga-de-catering\/#listItem","name":"Lufthansa descarta cancelaciones de vuelos por huelga de catering"},"previousItem":{"@type":"ListItem","@id":"https:\/\/eldigitaldeasturias.com\/radio#listItem","name":"Inicio"}},{"@type":"ListItem","@id":"https:\/\/eldigitaldeasturias.com\/radio\/lufthansa-descarta-cancelaciones-de-vuelos-por-huelga-de-catering\/#listItem","position":3,"name":"Lufthansa descarta cancelaciones de vuelos por huelga de catering","previousItem":{"@type":"ListItem","@id":"https:\/\/eldigitaldeasturias.com\/radio\/category\/negocios\/#listItem","name":"Negocios"}}]},{"@type":"NewsArticle","@id":"https:\/\/eldigitaldeasturias.com\/radio\/lufthansa-descarta-cancelaciones-de-vuelos-por-huelga-de-catering\/#newsarticle","name":"Lufthansa descarta cancelaciones de vuelos por huelga de catering | El Digital de Asturias","headline":"Lufthansa descarta cancelaciones de vuelos por huelga de catering","author":{"@id":"https:\/\/eldigitaldeasturias.com\/radio\/author\/nbasturias\/#author"},"publisher":{"@id":"https:\/\/eldigitaldeasturias.com\/radio\/#organization"},"image":{"@type":"ImageObject","url":"https:\/\/eldigitaldeasturias.com\/radio\/wp-content\/uploads\/2019\/12\/comida-Lufthansa.jpg","width":1111,"height":664,"caption":"Foto: Daniel Reinhardt\/dpa"},"datePublished":"2019-12-19T09:45:45+01:00","dateModified":"2019-12-19T09:45:45+01:00","inLanguage":"es-ES","mainEntityOfPage":{"@id":"https:\/\/eldigitaldeasturias.com\/radio\/lufthansa-descarta-cancelaciones-de-vuelos-por-huelga-de-catering\/#webpage"},"isPartOf":{"@id":"https:\/\/eldigitaldeasturias.com\/radio\/lufthansa-descarta-cancelaciones-de-vuelos-por-huelga-de-catering\/#webpage"},"articleSection":"Negocios","dateline":"Publicado el diciembre 19, 2019."},{"@type":"Organization","@id":"https:\/\/eldigitaldeasturias.com\/radio\/#organization","name":"El digital de Asturias Radio","description":"Diario de informaci\u00f3n y noticias","url":"https:\/\/eldigitaldeasturias.com\/radio\/","telephone":"+34652131393","logo":{"@type":"ImageObject","url":"https:\/\/www.eldigitaldeasturias.com\/radio\/wp-content\/uploads\/2021\/03\/EDA.jpg","@id":"https:\/\/eldigitaldeasturias.com\/radio\/lufthansa-descarta-cancelaciones-de-vuelos-por-huelga-de-catering\/#organizationLogo"},"image":{"@id":"https:\/\/eldigitaldeasturias.com\/radio\/lufthansa-descarta-cancelaciones-de-vuelos-por-huelga-de-catering\/#organizationLogo"},"sameAs":["https:\/\/www.facebook.com\/","https:\/\/x.com\/bercodi","https:\/\/www.instagram.com\/","https:\/\/www.youtube.com\/channel\/UCZP-2wLEB9Rv6erhFmqVnvg"]},{"@type":"Person","@id":"https:\/\/eldigitaldeasturias.com\/radio\/author\/nbasturias\/#author","url":"https:\/\/eldigitaldeasturias.com\/radio\/author\/nbasturias\/","name":"NBAsturias","image":{"@type":"ImageObject","@id":"https:\/\/eldigitaldeasturias.com\/radio\/lufthansa-descarta-cancelaciones-de-vuelos-por-huelga-de-catering\/#authorImage","url":"https:\/\/secure.gravatar.com\/avatar\/df2aeffc32bcd13f8d26072ef8a91b623d677766deac7f97ca815868cd41bf5e?s=96&d=mm&r=g","width":96,"height":96,"caption":"NBAsturias"}},{"@type":"WebPage","@id":"https:\/\/eldigitaldeasturias.com\/radio\/lufthansa-descarta-cancelaciones-de-vuelos-por-huelga-de-catering\/#webpage","url":"https:\/\/eldigitaldeasturias.com\/radio\/lufthansa-descarta-cancelaciones-de-vuelos-por-huelga-de-catering\/","name":"Lufthansa descarta cancelaciones de vuelos por huelga de catering | El Digital de Asturias","description":"Fr\u00e1ncfort, 18 dic (dpa) - La aerol\u00ednea alemana Lufthansa descart\u00f3 hoy posibles cancelaciones de vuelos debido a la huelga de su servicio de catering a bordo, anunciada por el sindicato Verdi para ma\u00f1ana. Un portavoz de la compa\u00f1\u00eda anunci\u00f3 que a consecuencia de la huelga no se ofrecer\u00e1 ning\u00fan servicio de catering a bordo en","inLanguage":"es-ES","isPartOf":{"@id":"https:\/\/eldigitaldeasturias.com\/radio\/#website"},"breadcrumb":{"@id":"https:\/\/eldigitaldeasturias.com\/radio\/lufthansa-descarta-cancelaciones-de-vuelos-por-huelga-de-catering\/#breadcrumblist"},"author":{"@id":"https:\/\/eldigitaldeasturias.com\/radio\/author\/nbasturias\/#author"},"creator":{"@id":"https:\/\/eldigitaldeasturias.com\/radio\/author\/nbasturias\/#author"},"image":{"@type":"ImageObject","url":"https:\/\/eldigitaldeasturias.com\/radio\/wp-content\/uploads\/2019\/12\/comida-Lufthansa.jpg","@id":"https:\/\/eldigitaldeasturias.com\/radio\/lufthansa-descarta-cancelaciones-de-vuelos-por-huelga-de-catering\/#mainImage","width":1111,"height":664,"caption":"Foto: Daniel Reinhardt\/dpa"},"primaryImageOfPage":{"@id":"https:\/\/eldigitaldeasturias.com\/radio\/lufthansa-descarta-cancelaciones-de-vuelos-por-huelga-de-catering\/#mainImage"},"datePublished":"2019-12-19T09:45:45+01:00","dateModified":"2019-12-19T09:45:45+01:00"},{"@type":"WebSite","@id":"https:\/\/eldigitaldeasturias.com\/radio\/#website","url":"https:\/\/eldigitaldeasturias.com\/radio\/","name":"El Digital de Asturias","description":"Diario de informaci\u00f3n y noticias","inLanguage":"es-ES","publisher":{"@id":"https:\/\/eldigitaldeasturias.com\/radio\/#organization"}}]},"og:locale":"es_ES","og:site_name":"El Digital de Asturias | Diario de informaci\u00f3n y noticias","og:type":"article","og:title":"Lufthansa descarta cancelaciones de vuelos por huelga de catering | El Digital de Asturias","og:description":"Fr\u00e1ncfort, 18 dic (dpa) - La aerol\u00ednea alemana Lufthansa descart\u00f3 hoy posibles cancelaciones de vuelos debido a la huelga de su servicio de catering a bordo, anunciada por el sindicato Verdi para ma\u00f1ana. Un portavoz de la compa\u00f1\u00eda anunci\u00f3 que a consecuencia de la huelga no se ofrecer\u00e1 ning\u00fan servicio de catering a bordo en","og:url":"https:\/\/eldigitaldeasturias.com\/radio\/lufthansa-descarta-cancelaciones-de-vuelos-por-huelga-de-catering\/","og:image":"https:\/\/eldigitaldeasturias.com\/radio\/wp-content\/uploads\/2019\/12\/comida-Lufthansa.jpg","og:image:secure_url":"https:\/\/eldigitaldeasturias.com\/radio\/wp-content\/uploads\/2019\/12\/comida-Lufthansa.jpg","og:image:width":1111,"og:image:height":664,"article:published_time":"2019-12-19T09:45:45+00:00","article:modified_time":"2019-12-19T09:45:45+00:00","twitter:card":"summary_large_image","twitter:site":"@bercodi","twitter:title":"Lufthansa descarta cancelaciones de vuelos por huelga de catering | El Digital de Asturias","twitter:description":"Fr\u00e1ncfort, 18 dic (dpa) - La aerol\u00ednea alemana Lufthansa descart\u00f3 hoy posibles cancelaciones de vuelos debido a la huelga de su servicio de catering a bordo, anunciada por el sindicato Verdi para ma\u00f1ana. Un portavoz de la compa\u00f1\u00eda anunci\u00f3 que a consecuencia de la huelga no se ofrecer\u00e1 ning\u00fan servicio de catering a bordo en","twitter:creator":"@bercodi","twitter:image":"https:\/\/eldigitaldeasturias.com\/radio\/wp-content\/uploads\/2019\/12\/comida-Lufthansa.jpg"},"aioseo_meta_data":{"post_id":"3665","title":null,"description":null,"keywords":null,"keyphrases":null,"primary_term":null,"canonical_url":null,"og_title":null,"og_description":null,"og_object_type":"default","og_image_type":"default","og_image_url":null,"og_image_width":null,"og_image_height":null,"og_image_custom_url":null,"og_image_custom_fields":null,"og_video":null,"og_custom_url":null,"og_article_section":null,"og_article_tags":null,"twitter_use_og":false,"twitter_card":"default","twitter_image_type":"default","twitter_image_url":null,"twitter_image_custom_url":null,"twitter_image_custom_fields":null,"twitter_title":null,"twitter_description":null,"schema":{"blockGraphs":[],"customGraphs":[],"default":{"data":{"Article":[],"Course":[],"Dataset":[],"FAQPage":[],"Movie":[],"Person":[],"Product":[],"ProductReview":[],"Car":[],"Recipe":[],"Service":[],"SoftwareApplication":[],"WebPage":[]},"graphName":"","isEnabled":true},"graphs":[],"defaultGraph":"","defaultPostTypeGraph":""},"schema_type":null,"schema_type_options":null,"pillar_content":false,"robots_default":true,"robots_noindex":false,"robots_noarchive":false,"robots_nosnippet":false,"robots_nofollow":false,"robots_noimageindex":false,"robots_noodp":false,"robots_notranslate":false,"robots_max_snippet":null,"robots_max_videopreview":null,"robots_max_imagepreview":"large","priority":null,"frequency":null,"location":null,"local_seo":null,"seo_analyzer_scan_date":"2025-08-28 14:38:26","breadcrumb_settings":null,"limit_modified_date":false,"open_ai":null,"ai":null,"created":"2021-03-25 20:41:24","updated":"2025-08-28 14:38:26"},"aioseo_breadcrumb":"<div class=\"aioseo-breadcrumbs\"><span class=\"aioseo-breadcrumb\">\n\t<a href=\"https:\/\/eldigitaldeasturias.com\/radio\" title=\"Inicio\">Inicio<\/a>\n<\/span><span class=\"aioseo-breadcrumb-separator\">&ndash;<\/span><span class=\"aioseo-breadcrumb\">\n\t<a href=\"https:\/\/eldigitaldeasturias.com\/radio\/category\/negocios\/\" title=\"Negocios\">Negocios<\/a>\n<\/span><span class=\"aioseo-breadcrumb-separator\">&ndash;<\/span><span class=\"aioseo-breadcrumb\">\n\tLufthansa descarta cancelaciones de vuelos por huelga de catering\n<\/span><\/div>","aioseo_breadcrumb_json":[{"label":"Inicio","link":"https:\/\/eldigitaldeasturias.com\/radio"},{"label":"Negocios","link":"https:\/\/eldigitaldeasturias.com\/radio\/category\/negocios\/"},{"label":"Lufthansa descarta cancelaciones de vuelos por huelga de catering","link":"https:\/\/eldigitaldeasturias.com\/radio\/lufthansa-descarta-cancelaciones-de-vuelos-por-huelga-de-catering\/"}],"_links":{"self":[{"href":"https:\/\/eldigitaldeasturias.com\/radio\/wp-json\/wp\/v2\/posts\/3665","targetHints":{"allow":["GET"]}}],"collection":[{"href":"https:\/\/eldigitaldeasturias.com\/radio\/wp-json\/wp\/v2\/posts"}],"about":[{"href":"https:\/\/eldigitaldeasturias.com\/radio\/wp-json\/wp\/v2\/types\/post"}],"author":[{"embeddable":true,"href":"https:\/\/eldigitaldeasturias.com\/radio\/wp-json\/wp\/v2\/users\/1"}],"replies":[{"embeddable":true,"href":"https:\/\/eldigitaldeasturias.com\/radio\/wp-json\/wp\/v2\/comments?post=3665"}],"version-history":[{"count":0,"href":"https:\/\/eldigitaldeasturias.com\/radio\/wp-json\/wp\/v2\/posts\/3665\/revisions"}],"wp:featuredmedia":[{"embeddable":true,"href":"https:\/\/eldigitaldeasturias.com\/radio\/wp-json\/wp\/v2\/media\/3666"}],"wp:attachment":[{"href":"https:\/\/eldigitaldeasturias.com\/radio\/wp-json\/wp\/v2\/media?parent=3665"}],"wp:term":[{"taxonomy":"category","embeddable":true,"href":"https:\/\/eldigitaldeasturias.com\/radio\/wp-json\/wp\/v2\/categories?post=3665"},{"taxonomy":"post_tag","embeddable":true,"href":"https:\/\/eldigitaldeasturias.com\/radio\/wp-json\/wp\/v2\/tags?post=3665"}],"curies":[{"name":"wp","href":"https:\/\/api.w.org\/{rel}","templated":true}]}}