{"id":3663,"date":"2019-12-19T09:42:32","date_gmt":"2019-12-19T09:42:32","guid":{"rendered":"http:\/\/www.eldigitaldeasturias.com\/radio\/?p=3663"},"modified":"2019-12-19T09:42:32","modified_gmt":"2019-12-19T09:42:32","slug":"brexit-y-conflictos-comerciales-atenuan-las-ganas-de-viajar-de-los-alemanes","status":"publish","type":"post","link":"https:\/\/eldigitaldeasturias.com\/radio\/brexit-y-conflictos-comerciales-atenuan-las-ganas-de-viajar-de-los-alemanes\/","title":{"rendered":"Brexit y conflictos comerciales aten\u00faan las ganas de viajar de los alemanes"},"content":{"rendered":"<p><img fetchpriority=\"high\" decoding=\"async\" class=\"alignleft size-medium wp-image-1309\" src=\"http:\/\/www.eldigitaldeasturias.com\/radio\/wp-content\/uploads\/2018\/10\/brexit-1491370_960_720-360x270.jpg\" alt=\"\" width=\"360\" height=\"270\" srcset=\"https:\/\/eldigitaldeasturias.com\/radio\/wp-content\/uploads\/2018\/10\/brexit-1491370_960_720-360x270.jpg 360w, https:\/\/eldigitaldeasturias.com\/radio\/wp-content\/uploads\/2018\/10\/brexit-1491370_960_720-768x576.jpg 768w, https:\/\/eldigitaldeasturias.com\/radio\/wp-content\/uploads\/2018\/10\/brexit-1491370_960_720.jpg 960w\" sizes=\"(max-width: 360px) 100vw, 360px\" \/>Berl\u00edn, 18 dic (dpa) &#8211; La incertidumbre a causa del Brexit y los conflictos comerciales globales disminuyen las ganas de viajar de los ciudadanos alemanes, seg\u00fan revel\u00f3 una encuesta.<\/p>\n<p>De acuerdo con el estudio realizado por la Federaci\u00f3n de la Industria Alemana del Turismo (BTW), los ciudadanos alemanes planean para el a\u00f1o pr\u00f3ximo alrededor de un 0,5 por ciento m\u00e1s de d\u00edas de viaje que en 2019.<\/p>\n<p>El estudio puntualiza que, de esta manera, se debilita la din\u00e1mica en relaci\u00f3n a los a\u00f1os 2018\/2019, aunque sigue ubic\u00e1ndose en terreno positivo.<\/p>\n<p>Durante este a\u00f1o descendi\u00f3 la cifra de d\u00edas de viajes privados en un 0,5 por ciento en relaci\u00f3n al a\u00f1o anterior, a alrededor de 1.704 millones, seg\u00fan las primeras cifras.<\/p>\n<p>Si bien las personas emprendieron m\u00e1s viajes de varios d\u00edas (m\u00e1s dos por ciento), realizaron menos salidas de un d\u00eda (menos seis por ciento).<\/p>\n<p>Debido a la disminuci\u00f3n en el n\u00famero de viajes de un d\u00eda, por poco no se logr\u00f3 un nuevo a\u00f1o r\u00e9cord, explic\u00f3 el presidente de la BTW, Michael Frenzel. \u00abLa &#8216;verg\u00fcenza de volar o viajar en crucero&#8217;, de la que tanto se habla, no se refleja en la forma de viajar\u00bb, afirm\u00f3.<\/p>\n<p>De acuerdo con este an\u00e1lisis, las ganas de viajar reflejan el estado de \u00e1nimo general del consumidor. Tanto el Brexit (la salida del Reino Unido de la Uni\u00f3n Europea) como los conflictos comerciales internacionales generan inseguridad en Alemania, una naci\u00f3n exportadora.<\/p>\n<p>En cambio, tuvieron un efecto positivo sobre el \u00e1nimo la buena situaci\u00f3n que contin\u00faa registr\u00e1ndose en el mercado laboral, los ingresos crecientes y los bajos intereses.<\/p>\n<p>El \u00edndice de BTW comprende viajes cortos, recorridos en el d\u00eda y viajes de varios d\u00edas, ya sean desplazamientos para visitar familiares, vacaciones en la playa del Mediterr\u00e1neo o periplos en cruceros.<\/p>\n<p>El bar\u00f3metro se publica dos veces al a\u00f1o y se basa entre otros en la encuesta de clima de consumo GfK, para la cual son consultados unos 2.000 consumidores.<\/p>\n<p>El estudio eval\u00faa los datos de las agencias de viajes, los portales online de operadores tur\u00edsticos y los portales online especializados en paquetes tur\u00edsticos.<\/p>\n<p>Las turbulencias a causa de la bancarrota del gigante tur\u00edstico Thomas Cook en septiembre no se encuentran reflejadas en la encuesta. Sin embargo, los grandes operadores reportaron recientemente un incremento en las cifras de reserva para el invierno y la importante temporada veraniega 2020.<\/p>\n","protected":false},"excerpt":{"rendered":"<p>Berl\u00edn, 18 dic (dpa) &#8211; La incertidumbre a causa del Brexit y los conflictos comerciales globales disminuyen las ganas de viajar de los ciudadanos alemanes, seg\u00fan revel\u00f3 una encuesta. De acuerdo con el estudio realizado por la Federaci\u00f3n de la Industria Alemana del Turismo (BTW), los ciudadanos alemanes planean para el a\u00f1o pr\u00f3ximo alrededor de<\/p>\n","protected":false},"author":1,"featured_media":2067,"comment_status":"closed","ping_status":"closed","sticky":false,"template":"","format":"standard","meta":{"footnotes":""},"categories":[1],"tags":[],"class_list":{"0":"post-3663","1":"post","2":"type-post","3":"status-publish","4":"format-standard","5":"has-post-thumbnail","7":"category-noticias"},"aioseo_notices":[],"aioseo_head":"\n\t\t<!-- All in One SEO Pro 4.9.6.2 - aioseo.com -->\n\t<meta name=\"description\" content=\"Berl\u00edn, 18 dic (dpa) - La incertidumbre a causa del Brexit y los conflictos comerciales globales disminuyen las ganas de viajar de los ciudadanos alemanes, seg\u00fan revel\u00f3 una encuesta. De acuerdo con el estudio realizado por la Federaci\u00f3n de la Industria Alemana del Turismo (BTW), los ciudadanos alemanes planean para el a\u00f1o pr\u00f3ximo alrededor de\" \/>\n\t<meta name=\"robots\" content=\"max-image-preview:large\" \/>\n\t<meta name=\"author\" content=\"NBAsturias\"\/>\n\t<meta name=\"google-site-verification\" content=\"UA-38556648-1\" \/>\n\t<meta name=\"keywords\" content=\"noticias\" \/>\n\t<link rel=\"canonical\" href=\"https:\/\/eldigitaldeasturias.com\/radio\/brexit-y-conflictos-comerciales-atenuan-las-ganas-de-viajar-de-los-alemanes\/\" \/>\n\t<meta name=\"generator\" content=\"All in One SEO Pro (AIOSEO) 4.9.6.2\" \/>\n\t\t<meta property=\"og:locale\" content=\"es_ES\" \/>\n\t\t<meta property=\"og:site_name\" content=\"El Digital de Asturias | Diario de informaci\u00f3n y noticias\" \/>\n\t\t<meta property=\"og:type\" content=\"article\" \/>\n\t\t<meta property=\"og:title\" content=\"Brexit y conflictos comerciales aten\u00faan las ganas de viajar de los alemanes | El Digital de Asturias\" \/>\n\t\t<meta property=\"og:description\" content=\"Berl\u00edn, 18 dic (dpa) - La incertidumbre a causa del Brexit y los conflictos comerciales globales disminuyen las ganas de viajar de los ciudadanos alemanes, seg\u00fan revel\u00f3 una encuesta. De acuerdo con el estudio realizado por la Federaci\u00f3n de la Industria Alemana del Turismo (BTW), los ciudadanos alemanes planean para el a\u00f1o pr\u00f3ximo alrededor de\" \/>\n\t\t<meta property=\"og:url\" content=\"https:\/\/eldigitaldeasturias.com\/radio\/brexit-y-conflictos-comerciales-atenuan-las-ganas-de-viajar-de-los-alemanes\/\" \/>\n\t\t<meta property=\"og:image\" content=\"https:\/\/eldigitaldeasturias.com\/radio\/wp-content\/uploads\/2018\/11\/brexit-3707228_960_720.jpg\" \/>\n\t\t<meta property=\"og:image:secure_url\" content=\"https:\/\/eldigitaldeasturias.com\/radio\/wp-content\/uploads\/2018\/11\/brexit-3707228_960_720.jpg\" \/>\n\t\t<meta property=\"og:image:width\" content=\"960\" \/>\n\t\t<meta property=\"og:image:height\" content=\"640\" \/>\n\t\t<meta property=\"article:published_time\" content=\"2019-12-19T09:42:32+00:00\" \/>\n\t\t<meta property=\"article:modified_time\" content=\"2019-12-19T09:42:32+00:00\" \/>\n\t\t<meta name=\"twitter:card\" content=\"summary_large_image\" \/>\n\t\t<meta name=\"twitter:site\" content=\"@bercodi\" \/>\n\t\t<meta name=\"twitter:title\" content=\"Brexit y conflictos comerciales aten\u00faan las ganas de viajar de los alemanes | El Digital de Asturias\" \/>\n\t\t<meta name=\"twitter:description\" content=\"Berl\u00edn, 18 dic (dpa) - La incertidumbre a causa del Brexit y los conflictos comerciales globales disminuyen las ganas de viajar de los ciudadanos alemanes, seg\u00fan revel\u00f3 una encuesta. De acuerdo con el estudio realizado por la Federaci\u00f3n de la Industria Alemana del Turismo (BTW), los ciudadanos alemanes planean para el a\u00f1o pr\u00f3ximo alrededor de\" \/>\n\t\t<meta name=\"twitter:creator\" content=\"@bercodi\" \/>\n\t\t<meta name=\"twitter:image\" content=\"https:\/\/eldigitaldeasturias.com\/radio\/wp-content\/uploads\/2018\/11\/brexit-3707228_960_720.jpg\" \/>\n\t\t<script type=\"application\/ld+json\" class=\"aioseo-schema\">\n\t\t\t{\"@context\":\"https:\\\/\\\/schema.org\",\"@graph\":[{\"@type\":\"BreadcrumbList\",\"@id\":\"https:\\\/\\\/eldigitaldeasturias.com\\\/radio\\\/brexit-y-conflictos-comerciales-atenuan-las-ganas-de-viajar-de-los-alemanes\\\/#breadcrumblist\",\"itemListElement\":[{\"@type\":\"ListItem\",\"@id\":\"https:\\\/\\\/eldigitaldeasturias.com\\\/radio#listItem\",\"position\":1,\"name\":\"Inicio\",\"item\":\"https:\\\/\\\/eldigitaldeasturias.com\\\/radio\",\"nextItem\":{\"@type\":\"ListItem\",\"@id\":\"https:\\\/\\\/eldigitaldeasturias.com\\\/radio\\\/category\\\/noticias\\\/#listItem\",\"name\":\"Noticias\"}},{\"@type\":\"ListItem\",\"@id\":\"https:\\\/\\\/eldigitaldeasturias.com\\\/radio\\\/category\\\/noticias\\\/#listItem\",\"position\":2,\"name\":\"Noticias\",\"item\":\"https:\\\/\\\/eldigitaldeasturias.com\\\/radio\\\/category\\\/noticias\\\/\",\"nextItem\":{\"@type\":\"ListItem\",\"@id\":\"https:\\\/\\\/eldigitaldeasturias.com\\\/radio\\\/brexit-y-conflictos-comerciales-atenuan-las-ganas-de-viajar-de-los-alemanes\\\/#listItem\",\"name\":\"Brexit y conflictos comerciales aten\\u00faan las ganas de viajar de los alemanes\"},\"previousItem\":{\"@type\":\"ListItem\",\"@id\":\"https:\\\/\\\/eldigitaldeasturias.com\\\/radio#listItem\",\"name\":\"Inicio\"}},{\"@type\":\"ListItem\",\"@id\":\"https:\\\/\\\/eldigitaldeasturias.com\\\/radio\\\/brexit-y-conflictos-comerciales-atenuan-las-ganas-de-viajar-de-los-alemanes\\\/#listItem\",\"position\":3,\"name\":\"Brexit y conflictos comerciales aten\\u00faan las ganas de viajar de los alemanes\",\"previousItem\":{\"@type\":\"ListItem\",\"@id\":\"https:\\\/\\\/eldigitaldeasturias.com\\\/radio\\\/category\\\/noticias\\\/#listItem\",\"name\":\"Noticias\"}}]},{\"@type\":\"NewsArticle\",\"@id\":\"https:\\\/\\\/eldigitaldeasturias.com\\\/radio\\\/brexit-y-conflictos-comerciales-atenuan-las-ganas-de-viajar-de-los-alemanes\\\/#newsarticle\",\"name\":\"Brexit y conflictos comerciales aten\\u00faan las ganas de viajar de los alemanes | El Digital de Asturias\",\"headline\":\"Brexit y conflictos comerciales aten\\u00faan las ganas de viajar de los alemanes\",\"author\":{\"@id\":\"https:\\\/\\\/eldigitaldeasturias.com\\\/radio\\\/author\\\/nbasturias\\\/#author\"},\"publisher\":{\"@id\":\"https:\\\/\\\/eldigitaldeasturias.com\\\/radio\\\/#organization\"},\"image\":{\"@type\":\"ImageObject\",\"url\":\"https:\\\/\\\/eldigitaldeasturias.com\\\/radio\\\/wp-content\\\/uploads\\\/2018\\\/11\\\/brexit-3707228_960_720.jpg\",\"width\":960,\"height\":640},\"datePublished\":\"2019-12-19T09:42:32+01:00\",\"dateModified\":\"2019-12-19T09:42:32+01:00\",\"inLanguage\":\"es-ES\",\"mainEntityOfPage\":{\"@id\":\"https:\\\/\\\/eldigitaldeasturias.com\\\/radio\\\/brexit-y-conflictos-comerciales-atenuan-las-ganas-de-viajar-de-los-alemanes\\\/#webpage\"},\"isPartOf\":{\"@id\":\"https:\\\/\\\/eldigitaldeasturias.com\\\/radio\\\/brexit-y-conflictos-comerciales-atenuan-las-ganas-de-viajar-de-los-alemanes\\\/#webpage\"},\"articleSection\":\"Noticias\",\"dateline\":\"Publicado el diciembre 19, 2019.\"},{\"@type\":\"Organization\",\"@id\":\"https:\\\/\\\/eldigitaldeasturias.com\\\/radio\\\/#organization\",\"name\":\"El digital de Asturias Radio\",\"description\":\"Diario de informaci\\u00f3n y noticias\",\"url\":\"https:\\\/\\\/eldigitaldeasturias.com\\\/radio\\\/\",\"telephone\":\"+34652131393\",\"logo\":{\"@type\":\"ImageObject\",\"url\":\"https:\\\/\\\/www.eldigitaldeasturias.com\\\/radio\\\/wp-content\\\/uploads\\\/2021\\\/03\\\/EDA.jpg\",\"@id\":\"https:\\\/\\\/eldigitaldeasturias.com\\\/radio\\\/brexit-y-conflictos-comerciales-atenuan-las-ganas-de-viajar-de-los-alemanes\\\/#organizationLogo\"},\"image\":{\"@id\":\"https:\\\/\\\/eldigitaldeasturias.com\\\/radio\\\/brexit-y-conflictos-comerciales-atenuan-las-ganas-de-viajar-de-los-alemanes\\\/#organizationLogo\"},\"sameAs\":[\"https:\\\/\\\/www.facebook.com\\\/\",\"https:\\\/\\\/x.com\\\/bercodi\",\"https:\\\/\\\/www.instagram.com\\\/\",\"https:\\\/\\\/www.youtube.com\\\/channel\\\/UCZP-2wLEB9Rv6erhFmqVnvg\"]},{\"@type\":\"Person\",\"@id\":\"https:\\\/\\\/eldigitaldeasturias.com\\\/radio\\\/author\\\/nbasturias\\\/#author\",\"url\":\"https:\\\/\\\/eldigitaldeasturias.com\\\/radio\\\/author\\\/nbasturias\\\/\",\"name\":\"NBAsturias\",\"image\":{\"@type\":\"ImageObject\",\"@id\":\"https:\\\/\\\/eldigitaldeasturias.com\\\/radio\\\/brexit-y-conflictos-comerciales-atenuan-las-ganas-de-viajar-de-los-alemanes\\\/#authorImage\",\"url\":\"https:\\\/\\\/secure.gravatar.com\\\/avatar\\\/df2aeffc32bcd13f8d26072ef8a91b623d677766deac7f97ca815868cd41bf5e?s=96&d=mm&r=g\",\"width\":96,\"height\":96,\"caption\":\"NBAsturias\"}},{\"@type\":\"WebPage\",\"@id\":\"https:\\\/\\\/eldigitaldeasturias.com\\\/radio\\\/brexit-y-conflictos-comerciales-atenuan-las-ganas-de-viajar-de-los-alemanes\\\/#webpage\",\"url\":\"https:\\\/\\\/eldigitaldeasturias.com\\\/radio\\\/brexit-y-conflictos-comerciales-atenuan-las-ganas-de-viajar-de-los-alemanes\\\/\",\"name\":\"Brexit y conflictos comerciales aten\\u00faan las ganas de viajar de los alemanes | El Digital de Asturias\",\"description\":\"Berl\\u00edn, 18 dic (dpa) - La incertidumbre a causa del Brexit y los conflictos comerciales globales disminuyen las ganas de viajar de los ciudadanos alemanes, seg\\u00fan revel\\u00f3 una encuesta. De acuerdo con el estudio realizado por la Federaci\\u00f3n de la Industria Alemana del Turismo (BTW), los ciudadanos alemanes planean para el a\\u00f1o pr\\u00f3ximo alrededor de\",\"inLanguage\":\"es-ES\",\"isPartOf\":{\"@id\":\"https:\\\/\\\/eldigitaldeasturias.com\\\/radio\\\/#website\"},\"breadcrumb\":{\"@id\":\"https:\\\/\\\/eldigitaldeasturias.com\\\/radio\\\/brexit-y-conflictos-comerciales-atenuan-las-ganas-de-viajar-de-los-alemanes\\\/#breadcrumblist\"},\"author\":{\"@id\":\"https:\\\/\\\/eldigitaldeasturias.com\\\/radio\\\/author\\\/nbasturias\\\/#author\"},\"creator\":{\"@id\":\"https:\\\/\\\/eldigitaldeasturias.com\\\/radio\\\/author\\\/nbasturias\\\/#author\"},\"image\":{\"@type\":\"ImageObject\",\"url\":\"https:\\\/\\\/eldigitaldeasturias.com\\\/radio\\\/wp-content\\\/uploads\\\/2018\\\/11\\\/brexit-3707228_960_720.jpg\",\"@id\":\"https:\\\/\\\/eldigitaldeasturias.com\\\/radio\\\/brexit-y-conflictos-comerciales-atenuan-las-ganas-de-viajar-de-los-alemanes\\\/#mainImage\",\"width\":960,\"height\":640},\"primaryImageOfPage\":{\"@id\":\"https:\\\/\\\/eldigitaldeasturias.com\\\/radio\\\/brexit-y-conflictos-comerciales-atenuan-las-ganas-de-viajar-de-los-alemanes\\\/#mainImage\"},\"datePublished\":\"2019-12-19T09:42:32+01:00\",\"dateModified\":\"2019-12-19T09:42:32+01:00\"},{\"@type\":\"WebSite\",\"@id\":\"https:\\\/\\\/eldigitaldeasturias.com\\\/radio\\\/#website\",\"url\":\"https:\\\/\\\/eldigitaldeasturias.com\\\/radio\\\/\",\"name\":\"El Digital de Asturias\",\"description\":\"Diario de informaci\\u00f3n y noticias\",\"inLanguage\":\"es-ES\",\"publisher\":{\"@id\":\"https:\\\/\\\/eldigitaldeasturias.com\\\/radio\\\/#organization\"}}]}\n\t\t<\/script>\n\t\t<!-- All in One SEO Pro -->\r\n\t\t<title>Brexit y conflictos comerciales aten\u00faan las ganas de viajar de los alemanes | El Digital de Asturias<\/title>\n\n","aioseo_head_json":{"title":"Brexit y conflictos comerciales aten\u00faan las ganas de viajar de los alemanes | El Digital de Asturias","description":"Berl\u00edn, 18 dic (dpa) - La incertidumbre a causa del Brexit y los conflictos comerciales globales disminuyen las ganas de viajar de los ciudadanos alemanes, seg\u00fan revel\u00f3 una encuesta. De acuerdo con el estudio realizado por la Federaci\u00f3n de la Industria Alemana del Turismo (BTW), los ciudadanos alemanes planean para el a\u00f1o pr\u00f3ximo alrededor de","canonical_url":"https:\/\/eldigitaldeasturias.com\/radio\/brexit-y-conflictos-comerciales-atenuan-las-ganas-de-viajar-de-los-alemanes\/","robots":"max-image-preview:large","keywords":"noticias","webmasterTools":{"google-site-verification":"UA-38556648-1","miscellaneous":""},"schema":{"@context":"https:\/\/schema.org","@graph":[{"@type":"BreadcrumbList","@id":"https:\/\/eldigitaldeasturias.com\/radio\/brexit-y-conflictos-comerciales-atenuan-las-ganas-de-viajar-de-los-alemanes\/#breadcrumblist","itemListElement":[{"@type":"ListItem","@id":"https:\/\/eldigitaldeasturias.com\/radio#listItem","position":1,"name":"Inicio","item":"https:\/\/eldigitaldeasturias.com\/radio","nextItem":{"@type":"ListItem","@id":"https:\/\/eldigitaldeasturias.com\/radio\/category\/noticias\/#listItem","name":"Noticias"}},{"@type":"ListItem","@id":"https:\/\/eldigitaldeasturias.com\/radio\/category\/noticias\/#listItem","position":2,"name":"Noticias","item":"https:\/\/eldigitaldeasturias.com\/radio\/category\/noticias\/","nextItem":{"@type":"ListItem","@id":"https:\/\/eldigitaldeasturias.com\/radio\/brexit-y-conflictos-comerciales-atenuan-las-ganas-de-viajar-de-los-alemanes\/#listItem","name":"Brexit y conflictos comerciales aten\u00faan las ganas de viajar de los alemanes"},"previousItem":{"@type":"ListItem","@id":"https:\/\/eldigitaldeasturias.com\/radio#listItem","name":"Inicio"}},{"@type":"ListItem","@id":"https:\/\/eldigitaldeasturias.com\/radio\/brexit-y-conflictos-comerciales-atenuan-las-ganas-de-viajar-de-los-alemanes\/#listItem","position":3,"name":"Brexit y conflictos comerciales aten\u00faan las ganas de viajar de los alemanes","previousItem":{"@type":"ListItem","@id":"https:\/\/eldigitaldeasturias.com\/radio\/category\/noticias\/#listItem","name":"Noticias"}}]},{"@type":"NewsArticle","@id":"https:\/\/eldigitaldeasturias.com\/radio\/brexit-y-conflictos-comerciales-atenuan-las-ganas-de-viajar-de-los-alemanes\/#newsarticle","name":"Brexit y conflictos comerciales aten\u00faan las ganas de viajar de los alemanes | El Digital de Asturias","headline":"Brexit y conflictos comerciales aten\u00faan las ganas de viajar de los alemanes","author":{"@id":"https:\/\/eldigitaldeasturias.com\/radio\/author\/nbasturias\/#author"},"publisher":{"@id":"https:\/\/eldigitaldeasturias.com\/radio\/#organization"},"image":{"@type":"ImageObject","url":"https:\/\/eldigitaldeasturias.com\/radio\/wp-content\/uploads\/2018\/11\/brexit-3707228_960_720.jpg","width":960,"height":640},"datePublished":"2019-12-19T09:42:32+01:00","dateModified":"2019-12-19T09:42:32+01:00","inLanguage":"es-ES","mainEntityOfPage":{"@id":"https:\/\/eldigitaldeasturias.com\/radio\/brexit-y-conflictos-comerciales-atenuan-las-ganas-de-viajar-de-los-alemanes\/#webpage"},"isPartOf":{"@id":"https:\/\/eldigitaldeasturias.com\/radio\/brexit-y-conflictos-comerciales-atenuan-las-ganas-de-viajar-de-los-alemanes\/#webpage"},"articleSection":"Noticias","dateline":"Publicado el diciembre 19, 2019."},{"@type":"Organization","@id":"https:\/\/eldigitaldeasturias.com\/radio\/#organization","name":"El digital de Asturias Radio","description":"Diario de informaci\u00f3n y noticias","url":"https:\/\/eldigitaldeasturias.com\/radio\/","telephone":"+34652131393","logo":{"@type":"ImageObject","url":"https:\/\/www.eldigitaldeasturias.com\/radio\/wp-content\/uploads\/2021\/03\/EDA.jpg","@id":"https:\/\/eldigitaldeasturias.com\/radio\/brexit-y-conflictos-comerciales-atenuan-las-ganas-de-viajar-de-los-alemanes\/#organizationLogo"},"image":{"@id":"https:\/\/eldigitaldeasturias.com\/radio\/brexit-y-conflictos-comerciales-atenuan-las-ganas-de-viajar-de-los-alemanes\/#organizationLogo"},"sameAs":["https:\/\/www.facebook.com\/","https:\/\/x.com\/bercodi","https:\/\/www.instagram.com\/","https:\/\/www.youtube.com\/channel\/UCZP-2wLEB9Rv6erhFmqVnvg"]},{"@type":"Person","@id":"https:\/\/eldigitaldeasturias.com\/radio\/author\/nbasturias\/#author","url":"https:\/\/eldigitaldeasturias.com\/radio\/author\/nbasturias\/","name":"NBAsturias","image":{"@type":"ImageObject","@id":"https:\/\/eldigitaldeasturias.com\/radio\/brexit-y-conflictos-comerciales-atenuan-las-ganas-de-viajar-de-los-alemanes\/#authorImage","url":"https:\/\/secure.gravatar.com\/avatar\/df2aeffc32bcd13f8d26072ef8a91b623d677766deac7f97ca815868cd41bf5e?s=96&d=mm&r=g","width":96,"height":96,"caption":"NBAsturias"}},{"@type":"WebPage","@id":"https:\/\/eldigitaldeasturias.com\/radio\/brexit-y-conflictos-comerciales-atenuan-las-ganas-de-viajar-de-los-alemanes\/#webpage","url":"https:\/\/eldigitaldeasturias.com\/radio\/brexit-y-conflictos-comerciales-atenuan-las-ganas-de-viajar-de-los-alemanes\/","name":"Brexit y conflictos comerciales aten\u00faan las ganas de viajar de los alemanes | El Digital de Asturias","description":"Berl\u00edn, 18 dic (dpa) - La incertidumbre a causa del Brexit y los conflictos comerciales globales disminuyen las ganas de viajar de los ciudadanos alemanes, seg\u00fan revel\u00f3 una encuesta. De acuerdo con el estudio realizado por la Federaci\u00f3n de la Industria Alemana del Turismo (BTW), los ciudadanos alemanes planean para el a\u00f1o pr\u00f3ximo alrededor de","inLanguage":"es-ES","isPartOf":{"@id":"https:\/\/eldigitaldeasturias.com\/radio\/#website"},"breadcrumb":{"@id":"https:\/\/eldigitaldeasturias.com\/radio\/brexit-y-conflictos-comerciales-atenuan-las-ganas-de-viajar-de-los-alemanes\/#breadcrumblist"},"author":{"@id":"https:\/\/eldigitaldeasturias.com\/radio\/author\/nbasturias\/#author"},"creator":{"@id":"https:\/\/eldigitaldeasturias.com\/radio\/author\/nbasturias\/#author"},"image":{"@type":"ImageObject","url":"https:\/\/eldigitaldeasturias.com\/radio\/wp-content\/uploads\/2018\/11\/brexit-3707228_960_720.jpg","@id":"https:\/\/eldigitaldeasturias.com\/radio\/brexit-y-conflictos-comerciales-atenuan-las-ganas-de-viajar-de-los-alemanes\/#mainImage","width":960,"height":640},"primaryImageOfPage":{"@id":"https:\/\/eldigitaldeasturias.com\/radio\/brexit-y-conflictos-comerciales-atenuan-las-ganas-de-viajar-de-los-alemanes\/#mainImage"},"datePublished":"2019-12-19T09:42:32+01:00","dateModified":"2019-12-19T09:42:32+01:00"},{"@type":"WebSite","@id":"https:\/\/eldigitaldeasturias.com\/radio\/#website","url":"https:\/\/eldigitaldeasturias.com\/radio\/","name":"El Digital de Asturias","description":"Diario de informaci\u00f3n y noticias","inLanguage":"es-ES","publisher":{"@id":"https:\/\/eldigitaldeasturias.com\/radio\/#organization"}}]},"og:locale":"es_ES","og:site_name":"El Digital de Asturias | Diario de informaci\u00f3n y noticias","og:type":"article","og:title":"Brexit y conflictos comerciales aten\u00faan las ganas de viajar de los alemanes | El Digital de Asturias","og:description":"Berl\u00edn, 18 dic (dpa) - La incertidumbre a causa del Brexit y los conflictos comerciales globales disminuyen las ganas de viajar de los ciudadanos alemanes, seg\u00fan revel\u00f3 una encuesta. De acuerdo con el estudio realizado por la Federaci\u00f3n de la Industria Alemana del Turismo (BTW), los ciudadanos alemanes planean para el a\u00f1o pr\u00f3ximo alrededor de","og:url":"https:\/\/eldigitaldeasturias.com\/radio\/brexit-y-conflictos-comerciales-atenuan-las-ganas-de-viajar-de-los-alemanes\/","og:image":"https:\/\/eldigitaldeasturias.com\/radio\/wp-content\/uploads\/2018\/11\/brexit-3707228_960_720.jpg","og:image:secure_url":"https:\/\/eldigitaldeasturias.com\/radio\/wp-content\/uploads\/2018\/11\/brexit-3707228_960_720.jpg","og:image:width":960,"og:image:height":640,"article:published_time":"2019-12-19T09:42:32+00:00","article:modified_time":"2019-12-19T09:42:32+00:00","twitter:card":"summary_large_image","twitter:site":"@bercodi","twitter:title":"Brexit y conflictos comerciales aten\u00faan las ganas de viajar de los alemanes | El Digital de Asturias","twitter:description":"Berl\u00edn, 18 dic (dpa) - La incertidumbre a causa del Brexit y los conflictos comerciales globales disminuyen las ganas de viajar de los ciudadanos alemanes, seg\u00fan revel\u00f3 una encuesta. De acuerdo con el estudio realizado por la Federaci\u00f3n de la Industria Alemana del Turismo (BTW), los ciudadanos alemanes planean para el a\u00f1o pr\u00f3ximo alrededor de","twitter:creator":"@bercodi","twitter:image":"https:\/\/eldigitaldeasturias.com\/radio\/wp-content\/uploads\/2018\/11\/brexit-3707228_960_720.jpg"},"aioseo_meta_data":{"post_id":"3663","title":null,"description":null,"keywords":null,"keyphrases":null,"primary_term":null,"canonical_url":null,"og_title":null,"og_description":null,"og_object_type":"default","og_image_type":"default","og_image_url":null,"og_image_width":null,"og_image_height":null,"og_image_custom_url":null,"og_image_custom_fields":null,"og_video":null,"og_custom_url":null,"og_article_section":null,"og_article_tags":null,"twitter_use_og":false,"twitter_card":"default","twitter_image_type":"default","twitter_image_url":null,"twitter_image_custom_url":null,"twitter_image_custom_fields":null,"twitter_title":null,"twitter_description":null,"schema":{"blockGraphs":[],"customGraphs":[],"default":{"data":{"Article":[],"Course":[],"Dataset":[],"FAQPage":[],"Movie":[],"Person":[],"Product":[],"ProductReview":[],"Car":[],"Recipe":[],"Service":[],"SoftwareApplication":[],"WebPage":[]},"graphName":"","isEnabled":true},"graphs":[],"defaultGraph":"","defaultPostTypeGraph":""},"schema_type":null,"schema_type_options":null,"pillar_content":false,"robots_default":true,"robots_noindex":false,"robots_noarchive":false,"robots_nosnippet":false,"robots_nofollow":false,"robots_noimageindex":false,"robots_noodp":false,"robots_notranslate":false,"robots_max_snippet":null,"robots_max_videopreview":null,"robots_max_imagepreview":"large","priority":null,"frequency":null,"location":null,"local_seo":null,"seo_analyzer_scan_date":"2025-08-28 14:38:25","breadcrumb_settings":null,"limit_modified_date":false,"open_ai":null,"ai":null,"created":"2021-03-25 15:40:22","updated":"2025-08-28 14:38:25"},"aioseo_breadcrumb":"<div class=\"aioseo-breadcrumbs\"><span class=\"aioseo-breadcrumb\">\n\t<a href=\"https:\/\/eldigitaldeasturias.com\/radio\" title=\"Inicio\">Inicio<\/a>\n<\/span><span class=\"aioseo-breadcrumb-separator\">&ndash;<\/span><span class=\"aioseo-breadcrumb\">\n\t<a href=\"https:\/\/eldigitaldeasturias.com\/radio\/category\/noticias\/\" title=\"Noticias\">Noticias<\/a>\n<\/span><span class=\"aioseo-breadcrumb-separator\">&ndash;<\/span><span class=\"aioseo-breadcrumb\">\n\tBrexit y conflictos comerciales aten\u00faan las ganas de viajar de los alemanes\n<\/span><\/div>","aioseo_breadcrumb_json":[{"label":"Inicio","link":"https:\/\/eldigitaldeasturias.com\/radio"},{"label":"Noticias","link":"https:\/\/eldigitaldeasturias.com\/radio\/category\/noticias\/"},{"label":"Brexit y conflictos comerciales aten\u00faan las ganas de viajar de los alemanes","link":"https:\/\/eldigitaldeasturias.com\/radio\/brexit-y-conflictos-comerciales-atenuan-las-ganas-de-viajar-de-los-alemanes\/"}],"_links":{"self":[{"href":"https:\/\/eldigitaldeasturias.com\/radio\/wp-json\/wp\/v2\/posts\/3663","targetHints":{"allow":["GET"]}}],"collection":[{"href":"https:\/\/eldigitaldeasturias.com\/radio\/wp-json\/wp\/v2\/posts"}],"about":[{"href":"https:\/\/eldigitaldeasturias.com\/radio\/wp-json\/wp\/v2\/types\/post"}],"author":[{"embeddable":true,"href":"https:\/\/eldigitaldeasturias.com\/radio\/wp-json\/wp\/v2\/users\/1"}],"replies":[{"embeddable":true,"href":"https:\/\/eldigitaldeasturias.com\/radio\/wp-json\/wp\/v2\/comments?post=3663"}],"version-history":[{"count":0,"href":"https:\/\/eldigitaldeasturias.com\/radio\/wp-json\/wp\/v2\/posts\/3663\/revisions"}],"wp:featuredmedia":[{"embeddable":true,"href":"https:\/\/eldigitaldeasturias.com\/radio\/wp-json\/wp\/v2\/media\/2067"}],"wp:attachment":[{"href":"https:\/\/eldigitaldeasturias.com\/radio\/wp-json\/wp\/v2\/media?parent=3663"}],"wp:term":[{"taxonomy":"category","embeddable":true,"href":"https:\/\/eldigitaldeasturias.com\/radio\/wp-json\/wp\/v2\/categories?post=3663"},{"taxonomy":"post_tag","embeddable":true,"href":"https:\/\/eldigitaldeasturias.com\/radio\/wp-json\/wp\/v2\/tags?post=3663"}],"curies":[{"name":"wp","href":"https:\/\/api.w.org\/{rel}","templated":true}]}}