{"id":3660,"date":"2019-12-19T09:40:50","date_gmt":"2019-12-19T09:40:50","guid":{"rendered":"http:\/\/www.eldigitaldeasturias.com\/radio\/?p=3660"},"modified":"2019-12-19T09:40:50","modified_gmt":"2019-12-19T09:40:50","slug":"theis-se-compromete-a-jugar-la-preclasificacion-para-tokio-2020","status":"publish","type":"post","link":"https:\/\/eldigitaldeasturias.com\/radio\/theis-se-compromete-a-jugar-la-preclasificacion-para-tokio-2020\/","title":{"rendered":"Theis se compromete a jugar la preclasificaci\u00f3n para Tokio 2020"},"content":{"rendered":"<figure id=\"attachment_3661\" aria-describedby=\"caption-attachment-3661\" style=\"width: 360px\" class=\"wp-caption alignleft\"><img fetchpriority=\"high\" decoding=\"async\" class=\"size-medium wp-image-3661\" src=\"http:\/\/www.eldigitaldeasturias.com\/radio\/wp-content\/uploads\/2019\/12\/Daniel-Theis-360x240.jpg\" alt=\"\" width=\"360\" height=\"240\" srcset=\"https:\/\/eldigitaldeasturias.com\/radio\/wp-content\/uploads\/2019\/12\/Daniel-Theis-360x240.jpg 360w, https:\/\/eldigitaldeasturias.com\/radio\/wp-content\/uploads\/2019\/12\/Daniel-Theis-768x511.jpg 768w, https:\/\/eldigitaldeasturias.com\/radio\/wp-content\/uploads\/2019\/12\/Daniel-Theis.jpg 996w\" sizes=\"(max-width: 360px) 100vw, 360px\" \/><figcaption id=\"caption-attachment-3661\" class=\"wp-caption-text\">Foto: Swen Pf\u00f6rtner\/dpa<\/figcaption><\/figure>\n<p>Boston (EEUU), 18 dic (dpa) &#8211; El jugador alem\u00e1n de baloncesto Daniel Theis, de los Boston Celtics de la NBA, confirm\u00f3 hoy su intenci\u00f3n de disputar con la selecci\u00f3n alemana el torneo preclasificatorio para los Juegos Ol\u00edmpicos de Tokio 2020.<\/p>\n<p>\u00abMi idea hasta ahora es jugar\u00bb, declar\u00f3 Thies en una entrevista que publica hoy el portal spox.com.<\/p>\n<p>El jugador, de 27 a\u00f1os, se refiri\u00f3 tambi\u00e9n a la decepci\u00f3n que supuso el Mundial de China disputado en agosto, donde la selecci\u00f3n alemana qued\u00f3 eliminada en la primera fase de grupos y termin\u00f3 en la posici\u00f3n n\u00famero 18.<\/p>\n<p>\u00abLlegamos a la Copa del Mundo con grandes expectativas y luego la cagamos como equipo. En su mayor parte, jugamos muy mal y tenemos potencial para mejorar\u00bb, dijo Theis.<\/p>\n<p>En el torneo de preclasificaci\u00f3n ol\u00edmpico que se celebrar\u00e1 del 23 al 28 de junio de 2020 en la ciudad croata de Split, Alemania se enfrentar\u00e1 a M\u00e9xico y Rusia en la ronda preliminar. El ganador del torneo, con un total de seis equipos, se asegurar\u00e1 el pase para los Juegos Ol\u00edmpicos de Tokio.<\/p>\n<p>\u00abPara todos nosotros, el objetivo sigue siendo jugar los Juegos Ol\u00edmpicos y creo que la mayor\u00eda (de los jugadores) estar\u00e1 disponible de nuevo. Esta puede ser una oportunidad \u00fanica y quiero aprovecharla\u00bb, declar\u00f3 el ala-p\u00edvot nacido en Salzgitter.<\/p>\n","protected":false},"excerpt":{"rendered":"<p>Boston (EEUU), 18 dic (dpa) &#8211; El jugador alem\u00e1n de baloncesto Daniel Theis, de los Boston Celtics de la NBA, confirm\u00f3 hoy su intenci\u00f3n de disputar con la selecci\u00f3n alemana el torneo preclasificatorio para los Juegos Ol\u00edmpicos de Tokio 2020. \u00abMi idea hasta ahora es jugar\u00bb, declar\u00f3 Thies en una entrevista que publica hoy el<\/p>\n","protected":false},"author":1,"featured_media":3661,"comment_status":"closed","ping_status":"closed","sticky":false,"template":"","format":"standard","meta":{"footnotes":""},"categories":[1],"tags":[],"class_list":{"0":"post-3660","1":"post","2":"type-post","3":"status-publish","4":"format-standard","5":"has-post-thumbnail","7":"category-noticias"},"aioseo_notices":[],"aioseo_head":"\n\t\t<!-- All in One SEO Pro 4.9.6.2 - aioseo.com -->\n\t<meta name=\"description\" content=\"Boston (EEUU), 18 dic (dpa) - El jugador alem\u00e1n de baloncesto Daniel Theis, de los Boston Celtics de la NBA, confirm\u00f3 hoy su intenci\u00f3n de disputar con la selecci\u00f3n alemana el torneo preclasificatorio para los Juegos Ol\u00edmpicos de Tokio 2020. &quot;Mi idea hasta ahora es jugar&quot;, declar\u00f3 Thies en una entrevista que publica hoy el\" \/>\n\t<meta name=\"robots\" content=\"max-image-preview:large\" \/>\n\t<meta name=\"author\" content=\"NBAsturias\"\/>\n\t<meta name=\"google-site-verification\" content=\"UA-38556648-1\" \/>\n\t<meta name=\"keywords\" content=\"noticias\" \/>\n\t<link rel=\"canonical\" href=\"https:\/\/eldigitaldeasturias.com\/radio\/theis-se-compromete-a-jugar-la-preclasificacion-para-tokio-2020\/\" \/>\n\t<meta name=\"generator\" content=\"All in One SEO Pro (AIOSEO) 4.9.6.2\" \/>\n\t\t<meta property=\"og:locale\" content=\"es_ES\" \/>\n\t\t<meta property=\"og:site_name\" content=\"El Digital de Asturias | Diario de informaci\u00f3n y noticias\" \/>\n\t\t<meta property=\"og:type\" content=\"article\" \/>\n\t\t<meta property=\"og:title\" content=\"Theis se compromete a jugar la preclasificaci\u00f3n para Tokio 2020 | El Digital de Asturias\" \/>\n\t\t<meta property=\"og:description\" content=\"Boston (EEUU), 18 dic (dpa) - El jugador alem\u00e1n de baloncesto Daniel Theis, de los Boston Celtics de la NBA, confirm\u00f3 hoy su intenci\u00f3n de disputar con la selecci\u00f3n alemana el torneo preclasificatorio para los Juegos Ol\u00edmpicos de Tokio 2020. &quot;Mi idea hasta ahora es jugar&quot;, declar\u00f3 Thies en una entrevista que publica hoy el\" \/>\n\t\t<meta property=\"og:url\" content=\"https:\/\/eldigitaldeasturias.com\/radio\/theis-se-compromete-a-jugar-la-preclasificacion-para-tokio-2020\/\" \/>\n\t\t<meta property=\"og:image\" content=\"https:\/\/eldigitaldeasturias.com\/radio\/wp-content\/uploads\/2019\/12\/Daniel-Theis.jpg\" \/>\n\t\t<meta property=\"og:image:secure_url\" content=\"https:\/\/eldigitaldeasturias.com\/radio\/wp-content\/uploads\/2019\/12\/Daniel-Theis.jpg\" \/>\n\t\t<meta property=\"og:image:width\" content=\"996\" \/>\n\t\t<meta property=\"og:image:height\" content=\"663\" \/>\n\t\t<meta property=\"article:published_time\" content=\"2019-12-19T09:40:50+00:00\" \/>\n\t\t<meta property=\"article:modified_time\" content=\"2019-12-19T09:40:50+00:00\" \/>\n\t\t<meta name=\"twitter:card\" content=\"summary_large_image\" \/>\n\t\t<meta name=\"twitter:site\" content=\"@bercodi\" \/>\n\t\t<meta name=\"twitter:title\" content=\"Theis se compromete a jugar la preclasificaci\u00f3n para Tokio 2020 | El Digital de Asturias\" \/>\n\t\t<meta name=\"twitter:description\" content=\"Boston (EEUU), 18 dic (dpa) - El jugador alem\u00e1n de baloncesto Daniel Theis, de los Boston Celtics de la NBA, confirm\u00f3 hoy su intenci\u00f3n de disputar con la selecci\u00f3n alemana el torneo preclasificatorio para los Juegos Ol\u00edmpicos de Tokio 2020. &quot;Mi idea hasta ahora es jugar&quot;, declar\u00f3 Thies en una entrevista que publica hoy el\" \/>\n\t\t<meta name=\"twitter:creator\" content=\"@bercodi\" \/>\n\t\t<meta name=\"twitter:image\" content=\"https:\/\/eldigitaldeasturias.com\/radio\/wp-content\/uploads\/2019\/12\/Daniel-Theis.jpg\" \/>\n\t\t<script type=\"application\/ld+json\" class=\"aioseo-schema\">\n\t\t\t{\"@context\":\"https:\\\/\\\/schema.org\",\"@graph\":[{\"@type\":\"BreadcrumbList\",\"@id\":\"https:\\\/\\\/eldigitaldeasturias.com\\\/radio\\\/theis-se-compromete-a-jugar-la-preclasificacion-para-tokio-2020\\\/#breadcrumblist\",\"itemListElement\":[{\"@type\":\"ListItem\",\"@id\":\"https:\\\/\\\/eldigitaldeasturias.com\\\/radio#listItem\",\"position\":1,\"name\":\"Inicio\",\"item\":\"https:\\\/\\\/eldigitaldeasturias.com\\\/radio\",\"nextItem\":{\"@type\":\"ListItem\",\"@id\":\"https:\\\/\\\/eldigitaldeasturias.com\\\/radio\\\/category\\\/noticias\\\/#listItem\",\"name\":\"Noticias\"}},{\"@type\":\"ListItem\",\"@id\":\"https:\\\/\\\/eldigitaldeasturias.com\\\/radio\\\/category\\\/noticias\\\/#listItem\",\"position\":2,\"name\":\"Noticias\",\"item\":\"https:\\\/\\\/eldigitaldeasturias.com\\\/radio\\\/category\\\/noticias\\\/\",\"nextItem\":{\"@type\":\"ListItem\",\"@id\":\"https:\\\/\\\/eldigitaldeasturias.com\\\/radio\\\/theis-se-compromete-a-jugar-la-preclasificacion-para-tokio-2020\\\/#listItem\",\"name\":\"Theis se compromete a jugar la preclasificaci\\u00f3n para Tokio 2020\"},\"previousItem\":{\"@type\":\"ListItem\",\"@id\":\"https:\\\/\\\/eldigitaldeasturias.com\\\/radio#listItem\",\"name\":\"Inicio\"}},{\"@type\":\"ListItem\",\"@id\":\"https:\\\/\\\/eldigitaldeasturias.com\\\/radio\\\/theis-se-compromete-a-jugar-la-preclasificacion-para-tokio-2020\\\/#listItem\",\"position\":3,\"name\":\"Theis se compromete a jugar la preclasificaci\\u00f3n para Tokio 2020\",\"previousItem\":{\"@type\":\"ListItem\",\"@id\":\"https:\\\/\\\/eldigitaldeasturias.com\\\/radio\\\/category\\\/noticias\\\/#listItem\",\"name\":\"Noticias\"}}]},{\"@type\":\"NewsArticle\",\"@id\":\"https:\\\/\\\/eldigitaldeasturias.com\\\/radio\\\/theis-se-compromete-a-jugar-la-preclasificacion-para-tokio-2020\\\/#newsarticle\",\"name\":\"Theis se compromete a jugar la preclasificaci\\u00f3n para Tokio 2020 | El Digital de Asturias\",\"headline\":\"Theis se compromete a jugar la preclasificaci\\u00f3n para Tokio 2020\",\"author\":{\"@id\":\"https:\\\/\\\/eldigitaldeasturias.com\\\/radio\\\/author\\\/nbasturias\\\/#author\"},\"publisher\":{\"@id\":\"https:\\\/\\\/eldigitaldeasturias.com\\\/radio\\\/#organization\"},\"image\":{\"@type\":\"ImageObject\",\"url\":\"https:\\\/\\\/eldigitaldeasturias.com\\\/radio\\\/wp-content\\\/uploads\\\/2019\\\/12\\\/Daniel-Theis.jpg\",\"width\":996,\"height\":663,\"caption\":\"Foto: Swen Pf\\u00f6rtner\\\/dpa\"},\"datePublished\":\"2019-12-19T09:40:50+01:00\",\"dateModified\":\"2019-12-19T09:40:50+01:00\",\"inLanguage\":\"es-ES\",\"mainEntityOfPage\":{\"@id\":\"https:\\\/\\\/eldigitaldeasturias.com\\\/radio\\\/theis-se-compromete-a-jugar-la-preclasificacion-para-tokio-2020\\\/#webpage\"},\"isPartOf\":{\"@id\":\"https:\\\/\\\/eldigitaldeasturias.com\\\/radio\\\/theis-se-compromete-a-jugar-la-preclasificacion-para-tokio-2020\\\/#webpage\"},\"articleSection\":\"Noticias\",\"dateline\":\"Publicado el diciembre 19, 2019.\"},{\"@type\":\"Organization\",\"@id\":\"https:\\\/\\\/eldigitaldeasturias.com\\\/radio\\\/#organization\",\"name\":\"El digital de Asturias Radio\",\"description\":\"Diario de informaci\\u00f3n y noticias\",\"url\":\"https:\\\/\\\/eldigitaldeasturias.com\\\/radio\\\/\",\"telephone\":\"+34652131393\",\"logo\":{\"@type\":\"ImageObject\",\"url\":\"https:\\\/\\\/www.eldigitaldeasturias.com\\\/radio\\\/wp-content\\\/uploads\\\/2021\\\/03\\\/EDA.jpg\",\"@id\":\"https:\\\/\\\/eldigitaldeasturias.com\\\/radio\\\/theis-se-compromete-a-jugar-la-preclasificacion-para-tokio-2020\\\/#organizationLogo\"},\"image\":{\"@id\":\"https:\\\/\\\/eldigitaldeasturias.com\\\/radio\\\/theis-se-compromete-a-jugar-la-preclasificacion-para-tokio-2020\\\/#organizationLogo\"},\"sameAs\":[\"https:\\\/\\\/www.facebook.com\\\/\",\"https:\\\/\\\/x.com\\\/bercodi\",\"https:\\\/\\\/www.instagram.com\\\/\",\"https:\\\/\\\/www.youtube.com\\\/channel\\\/UCZP-2wLEB9Rv6erhFmqVnvg\"]},{\"@type\":\"Person\",\"@id\":\"https:\\\/\\\/eldigitaldeasturias.com\\\/radio\\\/author\\\/nbasturias\\\/#author\",\"url\":\"https:\\\/\\\/eldigitaldeasturias.com\\\/radio\\\/author\\\/nbasturias\\\/\",\"name\":\"NBAsturias\",\"image\":{\"@type\":\"ImageObject\",\"@id\":\"https:\\\/\\\/eldigitaldeasturias.com\\\/radio\\\/theis-se-compromete-a-jugar-la-preclasificacion-para-tokio-2020\\\/#authorImage\",\"url\":\"https:\\\/\\\/secure.gravatar.com\\\/avatar\\\/df2aeffc32bcd13f8d26072ef8a91b623d677766deac7f97ca815868cd41bf5e?s=96&d=mm&r=g\",\"width\":96,\"height\":96,\"caption\":\"NBAsturias\"}},{\"@type\":\"WebPage\",\"@id\":\"https:\\\/\\\/eldigitaldeasturias.com\\\/radio\\\/theis-se-compromete-a-jugar-la-preclasificacion-para-tokio-2020\\\/#webpage\",\"url\":\"https:\\\/\\\/eldigitaldeasturias.com\\\/radio\\\/theis-se-compromete-a-jugar-la-preclasificacion-para-tokio-2020\\\/\",\"name\":\"Theis se compromete a jugar la preclasificaci\\u00f3n para Tokio 2020 | El Digital de Asturias\",\"description\":\"Boston (EEUU), 18 dic (dpa) - El jugador alem\\u00e1n de baloncesto Daniel Theis, de los Boston Celtics de la NBA, confirm\\u00f3 hoy su intenci\\u00f3n de disputar con la selecci\\u00f3n alemana el torneo preclasificatorio para los Juegos Ol\\u00edmpicos de Tokio 2020. \\\"Mi idea hasta ahora es jugar\\\", declar\\u00f3 Thies en una entrevista que publica hoy el\",\"inLanguage\":\"es-ES\",\"isPartOf\":{\"@id\":\"https:\\\/\\\/eldigitaldeasturias.com\\\/radio\\\/#website\"},\"breadcrumb\":{\"@id\":\"https:\\\/\\\/eldigitaldeasturias.com\\\/radio\\\/theis-se-compromete-a-jugar-la-preclasificacion-para-tokio-2020\\\/#breadcrumblist\"},\"author\":{\"@id\":\"https:\\\/\\\/eldigitaldeasturias.com\\\/radio\\\/author\\\/nbasturias\\\/#author\"},\"creator\":{\"@id\":\"https:\\\/\\\/eldigitaldeasturias.com\\\/radio\\\/author\\\/nbasturias\\\/#author\"},\"image\":{\"@type\":\"ImageObject\",\"url\":\"https:\\\/\\\/eldigitaldeasturias.com\\\/radio\\\/wp-content\\\/uploads\\\/2019\\\/12\\\/Daniel-Theis.jpg\",\"@id\":\"https:\\\/\\\/eldigitaldeasturias.com\\\/radio\\\/theis-se-compromete-a-jugar-la-preclasificacion-para-tokio-2020\\\/#mainImage\",\"width\":996,\"height\":663,\"caption\":\"Foto: Swen Pf\\u00f6rtner\\\/dpa\"},\"primaryImageOfPage\":{\"@id\":\"https:\\\/\\\/eldigitaldeasturias.com\\\/radio\\\/theis-se-compromete-a-jugar-la-preclasificacion-para-tokio-2020\\\/#mainImage\"},\"datePublished\":\"2019-12-19T09:40:50+01:00\",\"dateModified\":\"2019-12-19T09:40:50+01:00\"},{\"@type\":\"WebSite\",\"@id\":\"https:\\\/\\\/eldigitaldeasturias.com\\\/radio\\\/#website\",\"url\":\"https:\\\/\\\/eldigitaldeasturias.com\\\/radio\\\/\",\"name\":\"El Digital de Asturias\",\"description\":\"Diario de informaci\\u00f3n y noticias\",\"inLanguage\":\"es-ES\",\"publisher\":{\"@id\":\"https:\\\/\\\/eldigitaldeasturias.com\\\/radio\\\/#organization\"}}]}\n\t\t<\/script>\n\t\t<!-- All in One SEO Pro -->\r\n\t\t<title>Theis se compromete a jugar la preclasificaci\u00f3n para Tokio 2020 | El Digital de Asturias<\/title>\n\n","aioseo_head_json":{"title":"Theis se compromete a jugar la preclasificaci\u00f3n para Tokio 2020 | El Digital de Asturias","description":"Boston (EEUU), 18 dic (dpa) - El jugador alem\u00e1n de baloncesto Daniel Theis, de los Boston Celtics de la NBA, confirm\u00f3 hoy su intenci\u00f3n de disputar con la selecci\u00f3n alemana el torneo preclasificatorio para los Juegos Ol\u00edmpicos de Tokio 2020. \"Mi idea hasta ahora es jugar\", declar\u00f3 Thies en una entrevista que publica hoy el","canonical_url":"https:\/\/eldigitaldeasturias.com\/radio\/theis-se-compromete-a-jugar-la-preclasificacion-para-tokio-2020\/","robots":"max-image-preview:large","keywords":"noticias","webmasterTools":{"google-site-verification":"UA-38556648-1","miscellaneous":""},"schema":{"@context":"https:\/\/schema.org","@graph":[{"@type":"BreadcrumbList","@id":"https:\/\/eldigitaldeasturias.com\/radio\/theis-se-compromete-a-jugar-la-preclasificacion-para-tokio-2020\/#breadcrumblist","itemListElement":[{"@type":"ListItem","@id":"https:\/\/eldigitaldeasturias.com\/radio#listItem","position":1,"name":"Inicio","item":"https:\/\/eldigitaldeasturias.com\/radio","nextItem":{"@type":"ListItem","@id":"https:\/\/eldigitaldeasturias.com\/radio\/category\/noticias\/#listItem","name":"Noticias"}},{"@type":"ListItem","@id":"https:\/\/eldigitaldeasturias.com\/radio\/category\/noticias\/#listItem","position":2,"name":"Noticias","item":"https:\/\/eldigitaldeasturias.com\/radio\/category\/noticias\/","nextItem":{"@type":"ListItem","@id":"https:\/\/eldigitaldeasturias.com\/radio\/theis-se-compromete-a-jugar-la-preclasificacion-para-tokio-2020\/#listItem","name":"Theis se compromete a jugar la preclasificaci\u00f3n para Tokio 2020"},"previousItem":{"@type":"ListItem","@id":"https:\/\/eldigitaldeasturias.com\/radio#listItem","name":"Inicio"}},{"@type":"ListItem","@id":"https:\/\/eldigitaldeasturias.com\/radio\/theis-se-compromete-a-jugar-la-preclasificacion-para-tokio-2020\/#listItem","position":3,"name":"Theis se compromete a jugar la preclasificaci\u00f3n para Tokio 2020","previousItem":{"@type":"ListItem","@id":"https:\/\/eldigitaldeasturias.com\/radio\/category\/noticias\/#listItem","name":"Noticias"}}]},{"@type":"NewsArticle","@id":"https:\/\/eldigitaldeasturias.com\/radio\/theis-se-compromete-a-jugar-la-preclasificacion-para-tokio-2020\/#newsarticle","name":"Theis se compromete a jugar la preclasificaci\u00f3n para Tokio 2020 | El Digital de Asturias","headline":"Theis se compromete a jugar la preclasificaci\u00f3n para Tokio 2020","author":{"@id":"https:\/\/eldigitaldeasturias.com\/radio\/author\/nbasturias\/#author"},"publisher":{"@id":"https:\/\/eldigitaldeasturias.com\/radio\/#organization"},"image":{"@type":"ImageObject","url":"https:\/\/eldigitaldeasturias.com\/radio\/wp-content\/uploads\/2019\/12\/Daniel-Theis.jpg","width":996,"height":663,"caption":"Foto: Swen Pf\u00f6rtner\/dpa"},"datePublished":"2019-12-19T09:40:50+01:00","dateModified":"2019-12-19T09:40:50+01:00","inLanguage":"es-ES","mainEntityOfPage":{"@id":"https:\/\/eldigitaldeasturias.com\/radio\/theis-se-compromete-a-jugar-la-preclasificacion-para-tokio-2020\/#webpage"},"isPartOf":{"@id":"https:\/\/eldigitaldeasturias.com\/radio\/theis-se-compromete-a-jugar-la-preclasificacion-para-tokio-2020\/#webpage"},"articleSection":"Noticias","dateline":"Publicado el diciembre 19, 2019."},{"@type":"Organization","@id":"https:\/\/eldigitaldeasturias.com\/radio\/#organization","name":"El digital de Asturias Radio","description":"Diario de informaci\u00f3n y noticias","url":"https:\/\/eldigitaldeasturias.com\/radio\/","telephone":"+34652131393","logo":{"@type":"ImageObject","url":"https:\/\/www.eldigitaldeasturias.com\/radio\/wp-content\/uploads\/2021\/03\/EDA.jpg","@id":"https:\/\/eldigitaldeasturias.com\/radio\/theis-se-compromete-a-jugar-la-preclasificacion-para-tokio-2020\/#organizationLogo"},"image":{"@id":"https:\/\/eldigitaldeasturias.com\/radio\/theis-se-compromete-a-jugar-la-preclasificacion-para-tokio-2020\/#organizationLogo"},"sameAs":["https:\/\/www.facebook.com\/","https:\/\/x.com\/bercodi","https:\/\/www.instagram.com\/","https:\/\/www.youtube.com\/channel\/UCZP-2wLEB9Rv6erhFmqVnvg"]},{"@type":"Person","@id":"https:\/\/eldigitaldeasturias.com\/radio\/author\/nbasturias\/#author","url":"https:\/\/eldigitaldeasturias.com\/radio\/author\/nbasturias\/","name":"NBAsturias","image":{"@type":"ImageObject","@id":"https:\/\/eldigitaldeasturias.com\/radio\/theis-se-compromete-a-jugar-la-preclasificacion-para-tokio-2020\/#authorImage","url":"https:\/\/secure.gravatar.com\/avatar\/df2aeffc32bcd13f8d26072ef8a91b623d677766deac7f97ca815868cd41bf5e?s=96&d=mm&r=g","width":96,"height":96,"caption":"NBAsturias"}},{"@type":"WebPage","@id":"https:\/\/eldigitaldeasturias.com\/radio\/theis-se-compromete-a-jugar-la-preclasificacion-para-tokio-2020\/#webpage","url":"https:\/\/eldigitaldeasturias.com\/radio\/theis-se-compromete-a-jugar-la-preclasificacion-para-tokio-2020\/","name":"Theis se compromete a jugar la preclasificaci\u00f3n para Tokio 2020 | El Digital de Asturias","description":"Boston (EEUU), 18 dic (dpa) - El jugador alem\u00e1n de baloncesto Daniel Theis, de los Boston Celtics de la NBA, confirm\u00f3 hoy su intenci\u00f3n de disputar con la selecci\u00f3n alemana el torneo preclasificatorio para los Juegos Ol\u00edmpicos de Tokio 2020. \"Mi idea hasta ahora es jugar\", declar\u00f3 Thies en una entrevista que publica hoy el","inLanguage":"es-ES","isPartOf":{"@id":"https:\/\/eldigitaldeasturias.com\/radio\/#website"},"breadcrumb":{"@id":"https:\/\/eldigitaldeasturias.com\/radio\/theis-se-compromete-a-jugar-la-preclasificacion-para-tokio-2020\/#breadcrumblist"},"author":{"@id":"https:\/\/eldigitaldeasturias.com\/radio\/author\/nbasturias\/#author"},"creator":{"@id":"https:\/\/eldigitaldeasturias.com\/radio\/author\/nbasturias\/#author"},"image":{"@type":"ImageObject","url":"https:\/\/eldigitaldeasturias.com\/radio\/wp-content\/uploads\/2019\/12\/Daniel-Theis.jpg","@id":"https:\/\/eldigitaldeasturias.com\/radio\/theis-se-compromete-a-jugar-la-preclasificacion-para-tokio-2020\/#mainImage","width":996,"height":663,"caption":"Foto: Swen Pf\u00f6rtner\/dpa"},"primaryImageOfPage":{"@id":"https:\/\/eldigitaldeasturias.com\/radio\/theis-se-compromete-a-jugar-la-preclasificacion-para-tokio-2020\/#mainImage"},"datePublished":"2019-12-19T09:40:50+01:00","dateModified":"2019-12-19T09:40:50+01:00"},{"@type":"WebSite","@id":"https:\/\/eldigitaldeasturias.com\/radio\/#website","url":"https:\/\/eldigitaldeasturias.com\/radio\/","name":"El Digital de Asturias","description":"Diario de informaci\u00f3n y noticias","inLanguage":"es-ES","publisher":{"@id":"https:\/\/eldigitaldeasturias.com\/radio\/#organization"}}]},"og:locale":"es_ES","og:site_name":"El Digital de Asturias | Diario de informaci\u00f3n y noticias","og:type":"article","og:title":"Theis se compromete a jugar la preclasificaci\u00f3n para Tokio 2020 | El Digital de Asturias","og:description":"Boston (EEUU), 18 dic (dpa) - El jugador alem\u00e1n de baloncesto Daniel Theis, de los Boston Celtics de la NBA, confirm\u00f3 hoy su intenci\u00f3n de disputar con la selecci\u00f3n alemana el torneo preclasificatorio para los Juegos Ol\u00edmpicos de Tokio 2020. &quot;Mi idea hasta ahora es jugar&quot;, declar\u00f3 Thies en una entrevista que publica hoy el","og:url":"https:\/\/eldigitaldeasturias.com\/radio\/theis-se-compromete-a-jugar-la-preclasificacion-para-tokio-2020\/","og:image":"https:\/\/eldigitaldeasturias.com\/radio\/wp-content\/uploads\/2019\/12\/Daniel-Theis.jpg","og:image:secure_url":"https:\/\/eldigitaldeasturias.com\/radio\/wp-content\/uploads\/2019\/12\/Daniel-Theis.jpg","og:image:width":996,"og:image:height":663,"article:published_time":"2019-12-19T09:40:50+00:00","article:modified_time":"2019-12-19T09:40:50+00:00","twitter:card":"summary_large_image","twitter:site":"@bercodi","twitter:title":"Theis se compromete a jugar la preclasificaci\u00f3n para Tokio 2020 | El Digital de Asturias","twitter:description":"Boston (EEUU), 18 dic (dpa) - El jugador alem\u00e1n de baloncesto Daniel Theis, de los Boston Celtics de la NBA, confirm\u00f3 hoy su intenci\u00f3n de disputar con la selecci\u00f3n alemana el torneo preclasificatorio para los Juegos Ol\u00edmpicos de Tokio 2020. &quot;Mi idea hasta ahora es jugar&quot;, declar\u00f3 Thies en una entrevista que publica hoy el","twitter:creator":"@bercodi","twitter:image":"https:\/\/eldigitaldeasturias.com\/radio\/wp-content\/uploads\/2019\/12\/Daniel-Theis.jpg"},"aioseo_meta_data":{"post_id":"3660","title":null,"description":null,"keywords":null,"keyphrases":null,"primary_term":null,"canonical_url":null,"og_title":null,"og_description":null,"og_object_type":"default","og_image_type":"default","og_image_url":null,"og_image_width":null,"og_image_height":null,"og_image_custom_url":null,"og_image_custom_fields":null,"og_video":null,"og_custom_url":null,"og_article_section":null,"og_article_tags":null,"twitter_use_og":false,"twitter_card":"default","twitter_image_type":"default","twitter_image_url":null,"twitter_image_custom_url":null,"twitter_image_custom_fields":null,"twitter_title":null,"twitter_description":null,"schema":{"blockGraphs":[],"customGraphs":[],"default":{"data":{"Article":[],"Course":[],"Dataset":[],"FAQPage":[],"Movie":[],"Person":[],"Product":[],"ProductReview":[],"Car":[],"Recipe":[],"Service":[],"SoftwareApplication":[],"WebPage":[]},"graphName":"","isEnabled":true},"graphs":[],"defaultGraph":"","defaultPostTypeGraph":""},"schema_type":null,"schema_type_options":null,"pillar_content":false,"robots_default":true,"robots_noindex":false,"robots_noarchive":false,"robots_nosnippet":false,"robots_nofollow":false,"robots_noimageindex":false,"robots_noodp":false,"robots_notranslate":false,"robots_max_snippet":null,"robots_max_videopreview":null,"robots_max_imagepreview":"large","priority":null,"frequency":null,"location":null,"local_seo":null,"seo_analyzer_scan_date":"2025-08-28 14:38:24","breadcrumb_settings":null,"limit_modified_date":false,"open_ai":null,"ai":null,"created":"2021-03-25 20:45:03","updated":"2025-08-28 14:38:24"},"aioseo_breadcrumb":"<div class=\"aioseo-breadcrumbs\"><span class=\"aioseo-breadcrumb\">\n\t<a href=\"https:\/\/eldigitaldeasturias.com\/radio\" title=\"Inicio\">Inicio<\/a>\n<\/span><span class=\"aioseo-breadcrumb-separator\">&ndash;<\/span><span class=\"aioseo-breadcrumb\">\n\t<a href=\"https:\/\/eldigitaldeasturias.com\/radio\/category\/noticias\/\" title=\"Noticias\">Noticias<\/a>\n<\/span><span class=\"aioseo-breadcrumb-separator\">&ndash;<\/span><span class=\"aioseo-breadcrumb\">\n\tTheis se compromete a jugar la preclasificaci\u00f3n para Tokio 2020\n<\/span><\/div>","aioseo_breadcrumb_json":[{"label":"Inicio","link":"https:\/\/eldigitaldeasturias.com\/radio"},{"label":"Noticias","link":"https:\/\/eldigitaldeasturias.com\/radio\/category\/noticias\/"},{"label":"Theis se compromete a jugar la preclasificaci\u00f3n para Tokio 2020","link":"https:\/\/eldigitaldeasturias.com\/radio\/theis-se-compromete-a-jugar-la-preclasificacion-para-tokio-2020\/"}],"_links":{"self":[{"href":"https:\/\/eldigitaldeasturias.com\/radio\/wp-json\/wp\/v2\/posts\/3660","targetHints":{"allow":["GET"]}}],"collection":[{"href":"https:\/\/eldigitaldeasturias.com\/radio\/wp-json\/wp\/v2\/posts"}],"about":[{"href":"https:\/\/eldigitaldeasturias.com\/radio\/wp-json\/wp\/v2\/types\/post"}],"author":[{"embeddable":true,"href":"https:\/\/eldigitaldeasturias.com\/radio\/wp-json\/wp\/v2\/users\/1"}],"replies":[{"embeddable":true,"href":"https:\/\/eldigitaldeasturias.com\/radio\/wp-json\/wp\/v2\/comments?post=3660"}],"version-history":[{"count":0,"href":"https:\/\/eldigitaldeasturias.com\/radio\/wp-json\/wp\/v2\/posts\/3660\/revisions"}],"wp:featuredmedia":[{"embeddable":true,"href":"https:\/\/eldigitaldeasturias.com\/radio\/wp-json\/wp\/v2\/media\/3661"}],"wp:attachment":[{"href":"https:\/\/eldigitaldeasturias.com\/radio\/wp-json\/wp\/v2\/media?parent=3660"}],"wp:term":[{"taxonomy":"category","embeddable":true,"href":"https:\/\/eldigitaldeasturias.com\/radio\/wp-json\/wp\/v2\/categories?post=3660"},{"taxonomy":"post_tag","embeddable":true,"href":"https:\/\/eldigitaldeasturias.com\/radio\/wp-json\/wp\/v2\/tags?post=3660"}],"curies":[{"name":"wp","href":"https:\/\/api.w.org\/{rel}","templated":true}]}}