{"id":3655,"date":"2019-12-19T09:27:53","date_gmt":"2019-12-19T09:27:53","guid":{"rendered":"http:\/\/www.eldigitaldeasturias.com\/radio\/?p=3655"},"modified":"2019-12-19T09:27:53","modified_gmt":"2019-12-19T09:27:53","slug":"jefe-del-bayern-munich-sobre-flick-hace-un-buen-trabajo","status":"publish","type":"post","link":"https:\/\/eldigitaldeasturias.com\/radio\/jefe-del-bayern-munich-sobre-flick-hace-un-buen-trabajo\/","title":{"rendered":"Jefe del Bayern M\u00fanich sobre Flick: \u00abHace un buen trabajo\u00bb"},"content":{"rendered":"<p><img fetchpriority=\"high\" decoding=\"async\" class=\"alignleft size-medium wp-image-72\" src=\"http:\/\/www.eldigitaldeasturias.com\/radio\/wp-content\/uploads\/2018\/03\/football-1406106_1280-360x241.jpg\" alt=\"\" width=\"360\" height=\"241\" srcset=\"https:\/\/eldigitaldeasturias.com\/radio\/wp-content\/uploads\/2018\/03\/football-1406106_1280-360x241.jpg 360w, https:\/\/eldigitaldeasturias.com\/radio\/wp-content\/uploads\/2018\/03\/football-1406106_1280-1024x686.jpg 1024w, https:\/\/eldigitaldeasturias.com\/radio\/wp-content\/uploads\/2018\/03\/football-1406106_1280-768x514.jpg 768w, https:\/\/eldigitaldeasturias.com\/radio\/wp-content\/uploads\/2018\/03\/football-1406106_1280.jpg 1280w\" sizes=\"(max-width: 360px) 100vw, 360px\" \/>M\u00fanich, 18 dic (dpa) &#8211; El presidente de la junta directiva del Bayern, Karl-Heinz Rummenigge, valor\u00f3 positivamente el trabajo del entrenador interino del club, Hansi Flick, del que dijo puede imaginarse que permanezca como t\u00e9cnico titular.<\/p>\n<p>\u00abHansi es un tipo diferente, pero creo que est\u00e1 haciendo un buen trabajo. Lo que necesitamos es un entrenador que represente el f\u00fatbol de posesi\u00f3n a la altura de van Gaal, Heynckes o Pep Guardiola. Esa es la filosof\u00eda del Bayern de M\u00fanich\u00bb, coment\u00f3 en declaraciones que publica hoy la revista \u00abSport Bild\u00bb.<\/p>\n<p>Rummenigge consider\u00f3 que lo m\u00e1s importante en el juego \u00abno es exclusivamente el mero resultado, sino la calidad del juego. Tienes que ver el car\u00e1cter de un entrenador\u00bb.<\/p>\n<p>\u00abY ese es de nuevo nuestro caso\u00bb, a\u00f1adi\u00f3.<\/p>\n<p>Al referirse a posibles sucesores en el banquillo del club b\u00e1varo, el directivo consider\u00f3 fundamental el dominio del alem\u00e1n. \u00abPor supuesto, esto es una ventaja. En los \u00faltimos diez a\u00f1os hemos tenido entrenadores de primera como Van Gaal, Heynckes o Guardiola. Fueron hitos que dejaron sus huellas como t\u00e9cnicos\u00bb, dijo.<\/p>\n<p>Los dirigentes del Bayern M\u00fanich se reunir\u00e1n el 21 de diciembre, una vez hayan jugado contra el Wolfsburgo el \u00faltimo partido de la Bundesliga antes del par\u00f3n invernal, con el objetivo de tomar una decisi\u00f3n sobre el futuro t\u00e9cnico.<\/p>\n<p>Flick, de 54 a\u00f1os, es el entrenador del Bayern desde que el club se desligara de Niko Kovac a principios de noviembre.<\/p>\n","protected":false},"excerpt":{"rendered":"<p>M\u00fanich, 18 dic (dpa) &#8211; El presidente de la junta directiva del Bayern, Karl-Heinz Rummenigge, valor\u00f3 positivamente el trabajo del entrenador interino del club, Hansi Flick, del que dijo puede imaginarse que permanezca como t\u00e9cnico titular. \u00abHansi es un tipo diferente, pero creo que est\u00e1 haciendo un buen trabajo. Lo que necesitamos es un entrenador<\/p>\n","protected":false},"author":1,"featured_media":72,"comment_status":"closed","ping_status":"closed","sticky":false,"template":"","format":"standard","meta":{"footnotes":""},"categories":[1],"tags":[],"class_list":{"0":"post-3655","1":"post","2":"type-post","3":"status-publish","4":"format-standard","5":"has-post-thumbnail","7":"category-noticias"},"aioseo_notices":[],"aioseo_head":"\n\t\t<!-- All in One SEO Pro 4.9.6.2 - aioseo.com -->\n\t<meta name=\"description\" content=\"M\u00fanich, 18 dic (dpa) - El presidente de la junta directiva del Bayern, Karl-Heinz Rummenigge, valor\u00f3 positivamente el trabajo del entrenador interino del club, Hansi Flick, del que dijo puede imaginarse que permanezca como t\u00e9cnico titular. &quot;Hansi es un tipo diferente, pero creo que est\u00e1 haciendo un buen trabajo. Lo que necesitamos es un entrenador\" \/>\n\t<meta name=\"robots\" content=\"max-image-preview:large\" \/>\n\t<meta name=\"author\" content=\"NBAsturias\"\/>\n\t<meta name=\"google-site-verification\" content=\"UA-38556648-1\" \/>\n\t<meta name=\"keywords\" content=\"noticias\" \/>\n\t<link rel=\"canonical\" href=\"https:\/\/eldigitaldeasturias.com\/radio\/jefe-del-bayern-munich-sobre-flick-hace-un-buen-trabajo\/\" \/>\n\t<meta name=\"generator\" content=\"All in One SEO Pro (AIOSEO) 4.9.6.2\" \/>\n\t\t<meta property=\"og:locale\" content=\"es_ES\" \/>\n\t\t<meta property=\"og:site_name\" content=\"El Digital de Asturias | Diario de informaci\u00f3n y noticias\" \/>\n\t\t<meta property=\"og:type\" content=\"article\" \/>\n\t\t<meta property=\"og:title\" content=\"Jefe del Bayern M\u00fanich sobre Flick: \u00abHace un buen trabajo\u00bb | El Digital de Asturias\" \/>\n\t\t<meta property=\"og:description\" content=\"M\u00fanich, 18 dic (dpa) - El presidente de la junta directiva del Bayern, Karl-Heinz Rummenigge, valor\u00f3 positivamente el trabajo del entrenador interino del club, Hansi Flick, del que dijo puede imaginarse que permanezca como t\u00e9cnico titular. &quot;Hansi es un tipo diferente, pero creo que est\u00e1 haciendo un buen trabajo. Lo que necesitamos es un entrenador\" \/>\n\t\t<meta property=\"og:url\" content=\"https:\/\/eldigitaldeasturias.com\/radio\/jefe-del-bayern-munich-sobre-flick-hace-un-buen-trabajo\/\" \/>\n\t\t<meta property=\"og:image\" content=\"https:\/\/eldigitaldeasturias.com\/radio\/wp-content\/uploads\/2018\/03\/football-1406106_1280.jpg\" \/>\n\t\t<meta property=\"og:image:secure_url\" content=\"https:\/\/eldigitaldeasturias.com\/radio\/wp-content\/uploads\/2018\/03\/football-1406106_1280.jpg\" \/>\n\t\t<meta property=\"og:image:width\" content=\"1280\" \/>\n\t\t<meta property=\"og:image:height\" content=\"857\" \/>\n\t\t<meta property=\"article:published_time\" content=\"2019-12-19T09:27:53+00:00\" \/>\n\t\t<meta property=\"article:modified_time\" content=\"2019-12-19T09:27:53+00:00\" \/>\n\t\t<meta name=\"twitter:card\" content=\"summary_large_image\" \/>\n\t\t<meta name=\"twitter:site\" content=\"@bercodi\" \/>\n\t\t<meta name=\"twitter:title\" content=\"Jefe del Bayern M\u00fanich sobre Flick: \u00abHace un buen trabajo\u00bb | El Digital de Asturias\" \/>\n\t\t<meta name=\"twitter:description\" content=\"M\u00fanich, 18 dic (dpa) - El presidente de la junta directiva del Bayern, Karl-Heinz Rummenigge, valor\u00f3 positivamente el trabajo del entrenador interino del club, Hansi Flick, del que dijo puede imaginarse que permanezca como t\u00e9cnico titular. &quot;Hansi es un tipo diferente, pero creo que est\u00e1 haciendo un buen trabajo. Lo que necesitamos es un entrenador\" \/>\n\t\t<meta name=\"twitter:creator\" content=\"@bercodi\" \/>\n\t\t<meta name=\"twitter:image\" content=\"https:\/\/eldigitaldeasturias.com\/radio\/wp-content\/uploads\/2018\/03\/football-1406106_1280.jpg\" \/>\n\t\t<script type=\"application\/ld+json\" class=\"aioseo-schema\">\n\t\t\t{\"@context\":\"https:\\\/\\\/schema.org\",\"@graph\":[{\"@type\":\"BreadcrumbList\",\"@id\":\"https:\\\/\\\/eldigitaldeasturias.com\\\/radio\\\/jefe-del-bayern-munich-sobre-flick-hace-un-buen-trabajo\\\/#breadcrumblist\",\"itemListElement\":[{\"@type\":\"ListItem\",\"@id\":\"https:\\\/\\\/eldigitaldeasturias.com\\\/radio#listItem\",\"position\":1,\"name\":\"Inicio\",\"item\":\"https:\\\/\\\/eldigitaldeasturias.com\\\/radio\",\"nextItem\":{\"@type\":\"ListItem\",\"@id\":\"https:\\\/\\\/eldigitaldeasturias.com\\\/radio\\\/category\\\/noticias\\\/#listItem\",\"name\":\"Noticias\"}},{\"@type\":\"ListItem\",\"@id\":\"https:\\\/\\\/eldigitaldeasturias.com\\\/radio\\\/category\\\/noticias\\\/#listItem\",\"position\":2,\"name\":\"Noticias\",\"item\":\"https:\\\/\\\/eldigitaldeasturias.com\\\/radio\\\/category\\\/noticias\\\/\",\"nextItem\":{\"@type\":\"ListItem\",\"@id\":\"https:\\\/\\\/eldigitaldeasturias.com\\\/radio\\\/jefe-del-bayern-munich-sobre-flick-hace-un-buen-trabajo\\\/#listItem\",\"name\":\"Jefe del Bayern M\\u00fanich sobre Flick: \\u00abHace un buen trabajo\\u00bb\"},\"previousItem\":{\"@type\":\"ListItem\",\"@id\":\"https:\\\/\\\/eldigitaldeasturias.com\\\/radio#listItem\",\"name\":\"Inicio\"}},{\"@type\":\"ListItem\",\"@id\":\"https:\\\/\\\/eldigitaldeasturias.com\\\/radio\\\/jefe-del-bayern-munich-sobre-flick-hace-un-buen-trabajo\\\/#listItem\",\"position\":3,\"name\":\"Jefe del Bayern M\\u00fanich sobre Flick: \\u00abHace un buen trabajo\\u00bb\",\"previousItem\":{\"@type\":\"ListItem\",\"@id\":\"https:\\\/\\\/eldigitaldeasturias.com\\\/radio\\\/category\\\/noticias\\\/#listItem\",\"name\":\"Noticias\"}}]},{\"@type\":\"NewsArticle\",\"@id\":\"https:\\\/\\\/eldigitaldeasturias.com\\\/radio\\\/jefe-del-bayern-munich-sobre-flick-hace-un-buen-trabajo\\\/#newsarticle\",\"name\":\"Jefe del Bayern M\\u00fanich sobre Flick: \\u00abHace un buen trabajo\\u00bb | El Digital de Asturias\",\"headline\":\"Jefe del Bayern M\\u00fanich sobre Flick: \\u00abHace un buen trabajo\\u00bb\",\"author\":{\"@id\":\"https:\\\/\\\/eldigitaldeasturias.com\\\/radio\\\/author\\\/nbasturias\\\/#author\"},\"publisher\":{\"@id\":\"https:\\\/\\\/eldigitaldeasturias.com\\\/radio\\\/#organization\"},\"image\":{\"@type\":\"ImageObject\",\"url\":\"https:\\\/\\\/eldigitaldeasturias.com\\\/radio\\\/wp-content\\\/uploads\\\/2018\\\/03\\\/football-1406106_1280.jpg\",\"width\":1280,\"height\":857},\"datePublished\":\"2019-12-19T09:27:53+01:00\",\"dateModified\":\"2019-12-19T09:27:53+01:00\",\"inLanguage\":\"es-ES\",\"mainEntityOfPage\":{\"@id\":\"https:\\\/\\\/eldigitaldeasturias.com\\\/radio\\\/jefe-del-bayern-munich-sobre-flick-hace-un-buen-trabajo\\\/#webpage\"},\"isPartOf\":{\"@id\":\"https:\\\/\\\/eldigitaldeasturias.com\\\/radio\\\/jefe-del-bayern-munich-sobre-flick-hace-un-buen-trabajo\\\/#webpage\"},\"articleSection\":\"Noticias\",\"dateline\":\"Publicado el diciembre 19, 2019.\"},{\"@type\":\"Organization\",\"@id\":\"https:\\\/\\\/eldigitaldeasturias.com\\\/radio\\\/#organization\",\"name\":\"El digital de Asturias Radio\",\"description\":\"Diario de informaci\\u00f3n y noticias\",\"url\":\"https:\\\/\\\/eldigitaldeasturias.com\\\/radio\\\/\",\"telephone\":\"+34652131393\",\"logo\":{\"@type\":\"ImageObject\",\"url\":\"https:\\\/\\\/www.eldigitaldeasturias.com\\\/radio\\\/wp-content\\\/uploads\\\/2021\\\/03\\\/EDA.jpg\",\"@id\":\"https:\\\/\\\/eldigitaldeasturias.com\\\/radio\\\/jefe-del-bayern-munich-sobre-flick-hace-un-buen-trabajo\\\/#organizationLogo\"},\"image\":{\"@id\":\"https:\\\/\\\/eldigitaldeasturias.com\\\/radio\\\/jefe-del-bayern-munich-sobre-flick-hace-un-buen-trabajo\\\/#organizationLogo\"},\"sameAs\":[\"https:\\\/\\\/www.facebook.com\\\/\",\"https:\\\/\\\/x.com\\\/bercodi\",\"https:\\\/\\\/www.instagram.com\\\/\",\"https:\\\/\\\/www.youtube.com\\\/channel\\\/UCZP-2wLEB9Rv6erhFmqVnvg\"]},{\"@type\":\"Person\",\"@id\":\"https:\\\/\\\/eldigitaldeasturias.com\\\/radio\\\/author\\\/nbasturias\\\/#author\",\"url\":\"https:\\\/\\\/eldigitaldeasturias.com\\\/radio\\\/author\\\/nbasturias\\\/\",\"name\":\"NBAsturias\",\"image\":{\"@type\":\"ImageObject\",\"@id\":\"https:\\\/\\\/eldigitaldeasturias.com\\\/radio\\\/jefe-del-bayern-munich-sobre-flick-hace-un-buen-trabajo\\\/#authorImage\",\"url\":\"https:\\\/\\\/secure.gravatar.com\\\/avatar\\\/df2aeffc32bcd13f8d26072ef8a91b623d677766deac7f97ca815868cd41bf5e?s=96&d=mm&r=g\",\"width\":96,\"height\":96,\"caption\":\"NBAsturias\"}},{\"@type\":\"WebPage\",\"@id\":\"https:\\\/\\\/eldigitaldeasturias.com\\\/radio\\\/jefe-del-bayern-munich-sobre-flick-hace-un-buen-trabajo\\\/#webpage\",\"url\":\"https:\\\/\\\/eldigitaldeasturias.com\\\/radio\\\/jefe-del-bayern-munich-sobre-flick-hace-un-buen-trabajo\\\/\",\"name\":\"Jefe del Bayern M\\u00fanich sobre Flick: \\u00abHace un buen trabajo\\u00bb | El Digital de Asturias\",\"description\":\"M\\u00fanich, 18 dic (dpa) - El presidente de la junta directiva del Bayern, Karl-Heinz Rummenigge, valor\\u00f3 positivamente el trabajo del entrenador interino del club, Hansi Flick, del que dijo puede imaginarse que permanezca como t\\u00e9cnico titular. \\\"Hansi es un tipo diferente, pero creo que est\\u00e1 haciendo un buen trabajo. Lo que necesitamos es un entrenador\",\"inLanguage\":\"es-ES\",\"isPartOf\":{\"@id\":\"https:\\\/\\\/eldigitaldeasturias.com\\\/radio\\\/#website\"},\"breadcrumb\":{\"@id\":\"https:\\\/\\\/eldigitaldeasturias.com\\\/radio\\\/jefe-del-bayern-munich-sobre-flick-hace-un-buen-trabajo\\\/#breadcrumblist\"},\"author\":{\"@id\":\"https:\\\/\\\/eldigitaldeasturias.com\\\/radio\\\/author\\\/nbasturias\\\/#author\"},\"creator\":{\"@id\":\"https:\\\/\\\/eldigitaldeasturias.com\\\/radio\\\/author\\\/nbasturias\\\/#author\"},\"image\":{\"@type\":\"ImageObject\",\"url\":\"https:\\\/\\\/eldigitaldeasturias.com\\\/radio\\\/wp-content\\\/uploads\\\/2018\\\/03\\\/football-1406106_1280.jpg\",\"@id\":\"https:\\\/\\\/eldigitaldeasturias.com\\\/radio\\\/jefe-del-bayern-munich-sobre-flick-hace-un-buen-trabajo\\\/#mainImage\",\"width\":1280,\"height\":857},\"primaryImageOfPage\":{\"@id\":\"https:\\\/\\\/eldigitaldeasturias.com\\\/radio\\\/jefe-del-bayern-munich-sobre-flick-hace-un-buen-trabajo\\\/#mainImage\"},\"datePublished\":\"2019-12-19T09:27:53+01:00\",\"dateModified\":\"2019-12-19T09:27:53+01:00\"},{\"@type\":\"WebSite\",\"@id\":\"https:\\\/\\\/eldigitaldeasturias.com\\\/radio\\\/#website\",\"url\":\"https:\\\/\\\/eldigitaldeasturias.com\\\/radio\\\/\",\"name\":\"El Digital de Asturias\",\"description\":\"Diario de informaci\\u00f3n y noticias\",\"inLanguage\":\"es-ES\",\"publisher\":{\"@id\":\"https:\\\/\\\/eldigitaldeasturias.com\\\/radio\\\/#organization\"}}]}\n\t\t<\/script>\n\t\t<!-- All in One SEO Pro -->\r\n\t\t<title>Jefe del Bayern M\u00fanich sobre Flick: \u00abHace un buen trabajo\u00bb | El Digital de Asturias<\/title>\n\n","aioseo_head_json":{"title":"Jefe del Bayern M\u00fanich sobre Flick: \u00abHace un buen trabajo\u00bb | El Digital de Asturias","description":"M\u00fanich, 18 dic (dpa) - El presidente de la junta directiva del Bayern, Karl-Heinz Rummenigge, valor\u00f3 positivamente el trabajo del entrenador interino del club, Hansi Flick, del que dijo puede imaginarse que permanezca como t\u00e9cnico titular. \"Hansi es un tipo diferente, pero creo que est\u00e1 haciendo un buen trabajo. Lo que necesitamos es un entrenador","canonical_url":"https:\/\/eldigitaldeasturias.com\/radio\/jefe-del-bayern-munich-sobre-flick-hace-un-buen-trabajo\/","robots":"max-image-preview:large","keywords":"noticias","webmasterTools":{"google-site-verification":"UA-38556648-1","miscellaneous":""},"schema":{"@context":"https:\/\/schema.org","@graph":[{"@type":"BreadcrumbList","@id":"https:\/\/eldigitaldeasturias.com\/radio\/jefe-del-bayern-munich-sobre-flick-hace-un-buen-trabajo\/#breadcrumblist","itemListElement":[{"@type":"ListItem","@id":"https:\/\/eldigitaldeasturias.com\/radio#listItem","position":1,"name":"Inicio","item":"https:\/\/eldigitaldeasturias.com\/radio","nextItem":{"@type":"ListItem","@id":"https:\/\/eldigitaldeasturias.com\/radio\/category\/noticias\/#listItem","name":"Noticias"}},{"@type":"ListItem","@id":"https:\/\/eldigitaldeasturias.com\/radio\/category\/noticias\/#listItem","position":2,"name":"Noticias","item":"https:\/\/eldigitaldeasturias.com\/radio\/category\/noticias\/","nextItem":{"@type":"ListItem","@id":"https:\/\/eldigitaldeasturias.com\/radio\/jefe-del-bayern-munich-sobre-flick-hace-un-buen-trabajo\/#listItem","name":"Jefe del Bayern M\u00fanich sobre Flick: \u00abHace un buen trabajo\u00bb"},"previousItem":{"@type":"ListItem","@id":"https:\/\/eldigitaldeasturias.com\/radio#listItem","name":"Inicio"}},{"@type":"ListItem","@id":"https:\/\/eldigitaldeasturias.com\/radio\/jefe-del-bayern-munich-sobre-flick-hace-un-buen-trabajo\/#listItem","position":3,"name":"Jefe del Bayern M\u00fanich sobre Flick: \u00abHace un buen trabajo\u00bb","previousItem":{"@type":"ListItem","@id":"https:\/\/eldigitaldeasturias.com\/radio\/category\/noticias\/#listItem","name":"Noticias"}}]},{"@type":"NewsArticle","@id":"https:\/\/eldigitaldeasturias.com\/radio\/jefe-del-bayern-munich-sobre-flick-hace-un-buen-trabajo\/#newsarticle","name":"Jefe del Bayern M\u00fanich sobre Flick: \u00abHace un buen trabajo\u00bb | El Digital de Asturias","headline":"Jefe del Bayern M\u00fanich sobre Flick: \u00abHace un buen trabajo\u00bb","author":{"@id":"https:\/\/eldigitaldeasturias.com\/radio\/author\/nbasturias\/#author"},"publisher":{"@id":"https:\/\/eldigitaldeasturias.com\/radio\/#organization"},"image":{"@type":"ImageObject","url":"https:\/\/eldigitaldeasturias.com\/radio\/wp-content\/uploads\/2018\/03\/football-1406106_1280.jpg","width":1280,"height":857},"datePublished":"2019-12-19T09:27:53+01:00","dateModified":"2019-12-19T09:27:53+01:00","inLanguage":"es-ES","mainEntityOfPage":{"@id":"https:\/\/eldigitaldeasturias.com\/radio\/jefe-del-bayern-munich-sobre-flick-hace-un-buen-trabajo\/#webpage"},"isPartOf":{"@id":"https:\/\/eldigitaldeasturias.com\/radio\/jefe-del-bayern-munich-sobre-flick-hace-un-buen-trabajo\/#webpage"},"articleSection":"Noticias","dateline":"Publicado el diciembre 19, 2019."},{"@type":"Organization","@id":"https:\/\/eldigitaldeasturias.com\/radio\/#organization","name":"El digital de Asturias Radio","description":"Diario de informaci\u00f3n y noticias","url":"https:\/\/eldigitaldeasturias.com\/radio\/","telephone":"+34652131393","logo":{"@type":"ImageObject","url":"https:\/\/www.eldigitaldeasturias.com\/radio\/wp-content\/uploads\/2021\/03\/EDA.jpg","@id":"https:\/\/eldigitaldeasturias.com\/radio\/jefe-del-bayern-munich-sobre-flick-hace-un-buen-trabajo\/#organizationLogo"},"image":{"@id":"https:\/\/eldigitaldeasturias.com\/radio\/jefe-del-bayern-munich-sobre-flick-hace-un-buen-trabajo\/#organizationLogo"},"sameAs":["https:\/\/www.facebook.com\/","https:\/\/x.com\/bercodi","https:\/\/www.instagram.com\/","https:\/\/www.youtube.com\/channel\/UCZP-2wLEB9Rv6erhFmqVnvg"]},{"@type":"Person","@id":"https:\/\/eldigitaldeasturias.com\/radio\/author\/nbasturias\/#author","url":"https:\/\/eldigitaldeasturias.com\/radio\/author\/nbasturias\/","name":"NBAsturias","image":{"@type":"ImageObject","@id":"https:\/\/eldigitaldeasturias.com\/radio\/jefe-del-bayern-munich-sobre-flick-hace-un-buen-trabajo\/#authorImage","url":"https:\/\/secure.gravatar.com\/avatar\/df2aeffc32bcd13f8d26072ef8a91b623d677766deac7f97ca815868cd41bf5e?s=96&d=mm&r=g","width":96,"height":96,"caption":"NBAsturias"}},{"@type":"WebPage","@id":"https:\/\/eldigitaldeasturias.com\/radio\/jefe-del-bayern-munich-sobre-flick-hace-un-buen-trabajo\/#webpage","url":"https:\/\/eldigitaldeasturias.com\/radio\/jefe-del-bayern-munich-sobre-flick-hace-un-buen-trabajo\/","name":"Jefe del Bayern M\u00fanich sobre Flick: \u00abHace un buen trabajo\u00bb | El Digital de Asturias","description":"M\u00fanich, 18 dic (dpa) - El presidente de la junta directiva del Bayern, Karl-Heinz Rummenigge, valor\u00f3 positivamente el trabajo del entrenador interino del club, Hansi Flick, del que dijo puede imaginarse que permanezca como t\u00e9cnico titular. \"Hansi es un tipo diferente, pero creo que est\u00e1 haciendo un buen trabajo. Lo que necesitamos es un entrenador","inLanguage":"es-ES","isPartOf":{"@id":"https:\/\/eldigitaldeasturias.com\/radio\/#website"},"breadcrumb":{"@id":"https:\/\/eldigitaldeasturias.com\/radio\/jefe-del-bayern-munich-sobre-flick-hace-un-buen-trabajo\/#breadcrumblist"},"author":{"@id":"https:\/\/eldigitaldeasturias.com\/radio\/author\/nbasturias\/#author"},"creator":{"@id":"https:\/\/eldigitaldeasturias.com\/radio\/author\/nbasturias\/#author"},"image":{"@type":"ImageObject","url":"https:\/\/eldigitaldeasturias.com\/radio\/wp-content\/uploads\/2018\/03\/football-1406106_1280.jpg","@id":"https:\/\/eldigitaldeasturias.com\/radio\/jefe-del-bayern-munich-sobre-flick-hace-un-buen-trabajo\/#mainImage","width":1280,"height":857},"primaryImageOfPage":{"@id":"https:\/\/eldigitaldeasturias.com\/radio\/jefe-del-bayern-munich-sobre-flick-hace-un-buen-trabajo\/#mainImage"},"datePublished":"2019-12-19T09:27:53+01:00","dateModified":"2019-12-19T09:27:53+01:00"},{"@type":"WebSite","@id":"https:\/\/eldigitaldeasturias.com\/radio\/#website","url":"https:\/\/eldigitaldeasturias.com\/radio\/","name":"El Digital de Asturias","description":"Diario de informaci\u00f3n y noticias","inLanguage":"es-ES","publisher":{"@id":"https:\/\/eldigitaldeasturias.com\/radio\/#organization"}}]},"og:locale":"es_ES","og:site_name":"El Digital de Asturias | Diario de informaci\u00f3n y noticias","og:type":"article","og:title":"Jefe del Bayern M\u00fanich sobre Flick: \u00abHace un buen trabajo\u00bb | El Digital de Asturias","og:description":"M\u00fanich, 18 dic (dpa) - El presidente de la junta directiva del Bayern, Karl-Heinz Rummenigge, valor\u00f3 positivamente el trabajo del entrenador interino del club, Hansi Flick, del que dijo puede imaginarse que permanezca como t\u00e9cnico titular. &quot;Hansi es un tipo diferente, pero creo que est\u00e1 haciendo un buen trabajo. Lo que necesitamos es un entrenador","og:url":"https:\/\/eldigitaldeasturias.com\/radio\/jefe-del-bayern-munich-sobre-flick-hace-un-buen-trabajo\/","og:image":"https:\/\/eldigitaldeasturias.com\/radio\/wp-content\/uploads\/2018\/03\/football-1406106_1280.jpg","og:image:secure_url":"https:\/\/eldigitaldeasturias.com\/radio\/wp-content\/uploads\/2018\/03\/football-1406106_1280.jpg","og:image:width":1280,"og:image:height":857,"article:published_time":"2019-12-19T09:27:53+00:00","article:modified_time":"2019-12-19T09:27:53+00:00","twitter:card":"summary_large_image","twitter:site":"@bercodi","twitter:title":"Jefe del Bayern M\u00fanich sobre Flick: \u00abHace un buen trabajo\u00bb | El Digital de Asturias","twitter:description":"M\u00fanich, 18 dic (dpa) - El presidente de la junta directiva del Bayern, Karl-Heinz Rummenigge, valor\u00f3 positivamente el trabajo del entrenador interino del club, Hansi Flick, del que dijo puede imaginarse que permanezca como t\u00e9cnico titular. &quot;Hansi es un tipo diferente, pero creo que est\u00e1 haciendo un buen trabajo. Lo que necesitamos es un entrenador","twitter:creator":"@bercodi","twitter:image":"https:\/\/eldigitaldeasturias.com\/radio\/wp-content\/uploads\/2018\/03\/football-1406106_1280.jpg"},"aioseo_meta_data":{"post_id":"3655","title":null,"description":null,"keywords":null,"keyphrases":null,"primary_term":null,"canonical_url":null,"og_title":null,"og_description":null,"og_object_type":"default","og_image_type":"default","og_image_url":null,"og_image_width":null,"og_image_height":null,"og_image_custom_url":null,"og_image_custom_fields":null,"og_video":null,"og_custom_url":null,"og_article_section":null,"og_article_tags":null,"twitter_use_og":false,"twitter_card":"default","twitter_image_type":"default","twitter_image_url":null,"twitter_image_custom_url":null,"twitter_image_custom_fields":null,"twitter_title":null,"twitter_description":null,"schema":{"blockGraphs":[],"customGraphs":[],"default":{"data":{"Article":[],"Course":[],"Dataset":[],"FAQPage":[],"Movie":[],"Person":[],"Product":[],"ProductReview":[],"Car":[],"Recipe":[],"Service":[],"SoftwareApplication":[],"WebPage":[]},"graphName":"","isEnabled":true},"graphs":[],"defaultGraph":"","defaultPostTypeGraph":""},"schema_type":null,"schema_type_options":null,"pillar_content":false,"robots_default":true,"robots_noindex":false,"robots_noarchive":false,"robots_nosnippet":false,"robots_nofollow":false,"robots_noimageindex":false,"robots_noodp":false,"robots_notranslate":false,"robots_max_snippet":null,"robots_max_videopreview":null,"robots_max_imagepreview":"large","priority":null,"frequency":null,"location":null,"local_seo":null,"seo_analyzer_scan_date":"2025-08-28 14:36:26","breadcrumb_settings":null,"limit_modified_date":false,"open_ai":null,"ai":null,"created":"2021-03-28 04:26:20","updated":"2025-08-28 14:36:26"},"aioseo_breadcrumb":"<div class=\"aioseo-breadcrumbs\"><span class=\"aioseo-breadcrumb\">\n\t<a href=\"https:\/\/eldigitaldeasturias.com\/radio\" title=\"Inicio\">Inicio<\/a>\n<\/span><span class=\"aioseo-breadcrumb-separator\">&ndash;<\/span><span class=\"aioseo-breadcrumb\">\n\t<a href=\"https:\/\/eldigitaldeasturias.com\/radio\/category\/noticias\/\" title=\"Noticias\">Noticias<\/a>\n<\/span><span class=\"aioseo-breadcrumb-separator\">&ndash;<\/span><span class=\"aioseo-breadcrumb\">\n\tJefe del Bayern M\u00fanich sobre Flick: \u00abHace un buen trabajo\u00bb\n<\/span><\/div>","aioseo_breadcrumb_json":[{"label":"Inicio","link":"https:\/\/eldigitaldeasturias.com\/radio"},{"label":"Noticias","link":"https:\/\/eldigitaldeasturias.com\/radio\/category\/noticias\/"},{"label":"Jefe del Bayern M\u00fanich sobre Flick: \u00abHace un buen trabajo\u00bb","link":"https:\/\/eldigitaldeasturias.com\/radio\/jefe-del-bayern-munich-sobre-flick-hace-un-buen-trabajo\/"}],"_links":{"self":[{"href":"https:\/\/eldigitaldeasturias.com\/radio\/wp-json\/wp\/v2\/posts\/3655","targetHints":{"allow":["GET"]}}],"collection":[{"href":"https:\/\/eldigitaldeasturias.com\/radio\/wp-json\/wp\/v2\/posts"}],"about":[{"href":"https:\/\/eldigitaldeasturias.com\/radio\/wp-json\/wp\/v2\/types\/post"}],"author":[{"embeddable":true,"href":"https:\/\/eldigitaldeasturias.com\/radio\/wp-json\/wp\/v2\/users\/1"}],"replies":[{"embeddable":true,"href":"https:\/\/eldigitaldeasturias.com\/radio\/wp-json\/wp\/v2\/comments?post=3655"}],"version-history":[{"count":0,"href":"https:\/\/eldigitaldeasturias.com\/radio\/wp-json\/wp\/v2\/posts\/3655\/revisions"}],"wp:featuredmedia":[{"embeddable":true,"href":"https:\/\/eldigitaldeasturias.com\/radio\/wp-json\/wp\/v2\/media\/72"}],"wp:attachment":[{"href":"https:\/\/eldigitaldeasturias.com\/radio\/wp-json\/wp\/v2\/media?parent=3655"}],"wp:term":[{"taxonomy":"category","embeddable":true,"href":"https:\/\/eldigitaldeasturias.com\/radio\/wp-json\/wp\/v2\/categories?post=3655"},{"taxonomy":"post_tag","embeddable":true,"href":"https:\/\/eldigitaldeasturias.com\/radio\/wp-json\/wp\/v2\/tags?post=3655"}],"curies":[{"name":"wp","href":"https:\/\/api.w.org\/{rel}","templated":true}]}}