{"id":3651,"date":"2019-12-19T09:25:35","date_gmt":"2019-12-19T09:25:35","guid":{"rendered":"http:\/\/www.eldigitaldeasturias.com\/radio\/?p=3651"},"modified":"2019-12-19T09:25:35","modified_gmt":"2019-12-19T09:25:35","slug":"leroy-sane-decidido-a-fichar-por-el-bayern-munich","status":"publish","type":"post","link":"https:\/\/eldigitaldeasturias.com\/radio\/leroy-sane-decidido-a-fichar-por-el-bayern-munich\/","title":{"rendered":"Leroy San\u00e9, decidido a fichar por el Bayern M\u00fanich"},"content":{"rendered":"<p><img fetchpriority=\"high\" decoding=\"async\" class=\"alignleft size-medium wp-image-812\" src=\"http:\/\/www.eldigitaldeasturias.com\/radio\/wp-content\/uploads\/2018\/04\/arena-1181668_960_720-360x240.jpg\" alt=\"\" width=\"360\" height=\"240\" srcset=\"https:\/\/eldigitaldeasturias.com\/radio\/wp-content\/uploads\/2018\/04\/arena-1181668_960_720-360x240.jpg 360w, https:\/\/eldigitaldeasturias.com\/radio\/wp-content\/uploads\/2018\/04\/arena-1181668_960_720-768x512.jpg 768w, https:\/\/eldigitaldeasturias.com\/radio\/wp-content\/uploads\/2018\/04\/arena-1181668_960_720.jpg 960w\" sizes=\"(max-width: 360px) 100vw, 360px\" \/>Berl\u00edn, 18 dic (dpa) &#8211; El jugador alem\u00e1n de f\u00fatbol Leroy San\u00e9 est\u00e1 decidido a cambiar su actual club, el Manchester City, por el actual campe\u00f3n de la Bundesliga, el Bayern M\u00fanich, seg\u00fan inform\u00f3 hoy la revista \u00abSport Bild\u00bb.<\/p>\n<p>El medio especializado sostiene, sin citar fuente alguna, que el delantero de 23 a\u00f1os preferir\u00eda abandonar el club ingl\u00e9s en este mismo mercado de invierno, a pesar de que su contrato se extiende hasta 2021.<\/p>\n<p>El club b\u00e1varo ya quiso fichar a San\u00e9 este verano, aunque el jugador se lesion\u00f3 el ligamento cruzado derecho a principios de agosto y tuvo que ser operado. Finalmente, el Bayern contrat\u00f3 al croata Ivan Perisic y logr\u00f3 la cesi\u00f3n de Philippe Coutinho.<\/p>\n<p>San\u00e9 anunci\u00f3 el lunes en un mensaje en Instagram su regreso al campo de entrenamiento, aunque su regreso oficial todav\u00eda est\u00e1 sin definir. Se apunta a que el City exigi\u00f3 por \u00e9l 150 millones de euros (167 millones de d\u00f3lares).<\/p>\n<p>Recientemente, el ex presidente Uli Hoeness hab\u00eda anunciado que el Bayern intentar\u00eda de nuevo su fichaje. \u00abDebemos esperar y ver c\u00f3mo se recupera. En enero o febrero, los nuevos responsables de la toma de decisiones se reunir\u00e1n y valorar\u00e1n\u00bb, dijo.<\/p>\n<p>Tambi\u00e9n el seleccionador alem\u00e1n, Joachim L\u00f6w, quien mantuvo abierta la posibilidad de que San\u00e9 participe en la pr\u00f3xima Eurocopa, ver\u00eda con buenos ojos la vuelta de San\u00e9 a la Bundesliga. \u00abTiene muchas virtudes, una estilo de juego propio. Ser\u00eda atracci\u00f3n para la Bundesliga\u00bb, declar\u00f3.<\/p>\n","protected":false},"excerpt":{"rendered":"<p>Berl\u00edn, 18 dic (dpa) &#8211; El jugador alem\u00e1n de f\u00fatbol Leroy San\u00e9 est\u00e1 decidido a cambiar su actual club, el Manchester City, por el actual campe\u00f3n de la Bundesliga, el Bayern M\u00fanich, seg\u00fan inform\u00f3 hoy la revista \u00abSport Bild\u00bb. El medio especializado sostiene, sin citar fuente alguna, que el delantero de 23 a\u00f1os preferir\u00eda abandonar<\/p>\n","protected":false},"author":1,"featured_media":812,"comment_status":"closed","ping_status":"closed","sticky":false,"template":"","format":"standard","meta":{"footnotes":""},"categories":[1],"tags":[],"class_list":{"0":"post-3651","1":"post","2":"type-post","3":"status-publish","4":"format-standard","5":"has-post-thumbnail","7":"category-noticias"},"aioseo_notices":[],"aioseo_head":"\n\t\t<!-- All in One SEO Pro 4.9.6.2 - aioseo.com -->\n\t<meta name=\"description\" content=\"Berl\u00edn, 18 dic (dpa) - El jugador alem\u00e1n de f\u00fatbol Leroy San\u00e9 est\u00e1 decidido a cambiar su actual club, el Manchester City, por el actual campe\u00f3n de la Bundesliga, el Bayern M\u00fanich, seg\u00fan inform\u00f3 hoy la revista &quot;Sport Bild&quot;. El medio especializado sostiene, sin citar fuente alguna, que el delantero de 23 a\u00f1os preferir\u00eda abandonar\" \/>\n\t<meta name=\"robots\" content=\"max-image-preview:large\" \/>\n\t<meta name=\"author\" content=\"NBAsturias\"\/>\n\t<meta name=\"google-site-verification\" content=\"UA-38556648-1\" \/>\n\t<meta name=\"keywords\" content=\"noticias\" \/>\n\t<link rel=\"canonical\" href=\"https:\/\/eldigitaldeasturias.com\/radio\/leroy-sane-decidido-a-fichar-por-el-bayern-munich\/\" \/>\n\t<meta name=\"generator\" content=\"All in One SEO Pro (AIOSEO) 4.9.6.2\" \/>\n\t\t<meta property=\"og:locale\" content=\"es_ES\" \/>\n\t\t<meta property=\"og:site_name\" content=\"El Digital de Asturias | Diario de informaci\u00f3n y noticias\" \/>\n\t\t<meta property=\"og:type\" content=\"article\" \/>\n\t\t<meta property=\"og:title\" content=\"Leroy San\u00e9, decidido a fichar por el Bayern M\u00fanich | El Digital de Asturias\" \/>\n\t\t<meta property=\"og:description\" content=\"Berl\u00edn, 18 dic (dpa) - El jugador alem\u00e1n de f\u00fatbol Leroy San\u00e9 est\u00e1 decidido a cambiar su actual club, el Manchester City, por el actual campe\u00f3n de la Bundesliga, el Bayern M\u00fanich, seg\u00fan inform\u00f3 hoy la revista &quot;Sport Bild&quot;. El medio especializado sostiene, sin citar fuente alguna, que el delantero de 23 a\u00f1os preferir\u00eda abandonar\" \/>\n\t\t<meta property=\"og:url\" content=\"https:\/\/eldigitaldeasturias.com\/radio\/leroy-sane-decidido-a-fichar-por-el-bayern-munich\/\" \/>\n\t\t<meta property=\"og:image\" content=\"https:\/\/eldigitaldeasturias.com\/radio\/wp-content\/uploads\/2018\/04\/arena-1181668_960_720.jpg\" \/>\n\t\t<meta property=\"og:image:secure_url\" content=\"https:\/\/eldigitaldeasturias.com\/radio\/wp-content\/uploads\/2018\/04\/arena-1181668_960_720.jpg\" \/>\n\t\t<meta property=\"og:image:width\" content=\"960\" \/>\n\t\t<meta property=\"og:image:height\" content=\"640\" \/>\n\t\t<meta property=\"article:published_time\" content=\"2019-12-19T09:25:35+00:00\" \/>\n\t\t<meta property=\"article:modified_time\" content=\"2019-12-19T09:25:35+00:00\" \/>\n\t\t<meta name=\"twitter:card\" content=\"summary_large_image\" \/>\n\t\t<meta name=\"twitter:site\" content=\"@bercodi\" \/>\n\t\t<meta name=\"twitter:title\" content=\"Leroy San\u00e9, decidido a fichar por el Bayern M\u00fanich | El Digital de Asturias\" \/>\n\t\t<meta name=\"twitter:description\" content=\"Berl\u00edn, 18 dic (dpa) - El jugador alem\u00e1n de f\u00fatbol Leroy San\u00e9 est\u00e1 decidido a cambiar su actual club, el Manchester City, por el actual campe\u00f3n de la Bundesliga, el Bayern M\u00fanich, seg\u00fan inform\u00f3 hoy la revista &quot;Sport Bild&quot;. El medio especializado sostiene, sin citar fuente alguna, que el delantero de 23 a\u00f1os preferir\u00eda abandonar\" \/>\n\t\t<meta name=\"twitter:creator\" content=\"@bercodi\" \/>\n\t\t<meta name=\"twitter:image\" content=\"https:\/\/eldigitaldeasturias.com\/radio\/wp-content\/uploads\/2018\/04\/arena-1181668_960_720.jpg\" \/>\n\t\t<script type=\"application\/ld+json\" class=\"aioseo-schema\">\n\t\t\t{\"@context\":\"https:\\\/\\\/schema.org\",\"@graph\":[{\"@type\":\"BreadcrumbList\",\"@id\":\"https:\\\/\\\/eldigitaldeasturias.com\\\/radio\\\/leroy-sane-decidido-a-fichar-por-el-bayern-munich\\\/#breadcrumblist\",\"itemListElement\":[{\"@type\":\"ListItem\",\"@id\":\"https:\\\/\\\/eldigitaldeasturias.com\\\/radio#listItem\",\"position\":1,\"name\":\"Inicio\",\"item\":\"https:\\\/\\\/eldigitaldeasturias.com\\\/radio\",\"nextItem\":{\"@type\":\"ListItem\",\"@id\":\"https:\\\/\\\/eldigitaldeasturias.com\\\/radio\\\/category\\\/noticias\\\/#listItem\",\"name\":\"Noticias\"}},{\"@type\":\"ListItem\",\"@id\":\"https:\\\/\\\/eldigitaldeasturias.com\\\/radio\\\/category\\\/noticias\\\/#listItem\",\"position\":2,\"name\":\"Noticias\",\"item\":\"https:\\\/\\\/eldigitaldeasturias.com\\\/radio\\\/category\\\/noticias\\\/\",\"nextItem\":{\"@type\":\"ListItem\",\"@id\":\"https:\\\/\\\/eldigitaldeasturias.com\\\/radio\\\/leroy-sane-decidido-a-fichar-por-el-bayern-munich\\\/#listItem\",\"name\":\"Leroy San\\u00e9, decidido a fichar por el Bayern M\\u00fanich\"},\"previousItem\":{\"@type\":\"ListItem\",\"@id\":\"https:\\\/\\\/eldigitaldeasturias.com\\\/radio#listItem\",\"name\":\"Inicio\"}},{\"@type\":\"ListItem\",\"@id\":\"https:\\\/\\\/eldigitaldeasturias.com\\\/radio\\\/leroy-sane-decidido-a-fichar-por-el-bayern-munich\\\/#listItem\",\"position\":3,\"name\":\"Leroy San\\u00e9, decidido a fichar por el Bayern M\\u00fanich\",\"previousItem\":{\"@type\":\"ListItem\",\"@id\":\"https:\\\/\\\/eldigitaldeasturias.com\\\/radio\\\/category\\\/noticias\\\/#listItem\",\"name\":\"Noticias\"}}]},{\"@type\":\"NewsArticle\",\"@id\":\"https:\\\/\\\/eldigitaldeasturias.com\\\/radio\\\/leroy-sane-decidido-a-fichar-por-el-bayern-munich\\\/#newsarticle\",\"name\":\"Leroy San\\u00e9, decidido a fichar por el Bayern M\\u00fanich | El Digital de Asturias\",\"headline\":\"Leroy San\\u00e9, decidido a fichar por el Bayern M\\u00fanich\",\"author\":{\"@id\":\"https:\\\/\\\/eldigitaldeasturias.com\\\/radio\\\/author\\\/nbasturias\\\/#author\"},\"publisher\":{\"@id\":\"https:\\\/\\\/eldigitaldeasturias.com\\\/radio\\\/#organization\"},\"image\":{\"@type\":\"ImageObject\",\"url\":\"https:\\\/\\\/eldigitaldeasturias.com\\\/radio\\\/wp-content\\\/uploads\\\/2018\\\/04\\\/arena-1181668_960_720.jpg\",\"width\":960,\"height\":640},\"datePublished\":\"2019-12-19T09:25:35+01:00\",\"dateModified\":\"2019-12-19T09:25:35+01:00\",\"inLanguage\":\"es-ES\",\"mainEntityOfPage\":{\"@id\":\"https:\\\/\\\/eldigitaldeasturias.com\\\/radio\\\/leroy-sane-decidido-a-fichar-por-el-bayern-munich\\\/#webpage\"},\"isPartOf\":{\"@id\":\"https:\\\/\\\/eldigitaldeasturias.com\\\/radio\\\/leroy-sane-decidido-a-fichar-por-el-bayern-munich\\\/#webpage\"},\"articleSection\":\"Noticias\",\"dateline\":\"Publicado el diciembre 19, 2019.\"},{\"@type\":\"Organization\",\"@id\":\"https:\\\/\\\/eldigitaldeasturias.com\\\/radio\\\/#organization\",\"name\":\"El digital de Asturias Radio\",\"description\":\"Diario de informaci\\u00f3n y noticias\",\"url\":\"https:\\\/\\\/eldigitaldeasturias.com\\\/radio\\\/\",\"telephone\":\"+34652131393\",\"logo\":{\"@type\":\"ImageObject\",\"url\":\"https:\\\/\\\/www.eldigitaldeasturias.com\\\/radio\\\/wp-content\\\/uploads\\\/2021\\\/03\\\/EDA.jpg\",\"@id\":\"https:\\\/\\\/eldigitaldeasturias.com\\\/radio\\\/leroy-sane-decidido-a-fichar-por-el-bayern-munich\\\/#organizationLogo\"},\"image\":{\"@id\":\"https:\\\/\\\/eldigitaldeasturias.com\\\/radio\\\/leroy-sane-decidido-a-fichar-por-el-bayern-munich\\\/#organizationLogo\"},\"sameAs\":[\"https:\\\/\\\/www.facebook.com\\\/\",\"https:\\\/\\\/x.com\\\/bercodi\",\"https:\\\/\\\/www.instagram.com\\\/\",\"https:\\\/\\\/www.youtube.com\\\/channel\\\/UCZP-2wLEB9Rv6erhFmqVnvg\"]},{\"@type\":\"Person\",\"@id\":\"https:\\\/\\\/eldigitaldeasturias.com\\\/radio\\\/author\\\/nbasturias\\\/#author\",\"url\":\"https:\\\/\\\/eldigitaldeasturias.com\\\/radio\\\/author\\\/nbasturias\\\/\",\"name\":\"NBAsturias\",\"image\":{\"@type\":\"ImageObject\",\"@id\":\"https:\\\/\\\/eldigitaldeasturias.com\\\/radio\\\/leroy-sane-decidido-a-fichar-por-el-bayern-munich\\\/#authorImage\",\"url\":\"https:\\\/\\\/secure.gravatar.com\\\/avatar\\\/df2aeffc32bcd13f8d26072ef8a91b623d677766deac7f97ca815868cd41bf5e?s=96&d=mm&r=g\",\"width\":96,\"height\":96,\"caption\":\"NBAsturias\"}},{\"@type\":\"WebPage\",\"@id\":\"https:\\\/\\\/eldigitaldeasturias.com\\\/radio\\\/leroy-sane-decidido-a-fichar-por-el-bayern-munich\\\/#webpage\",\"url\":\"https:\\\/\\\/eldigitaldeasturias.com\\\/radio\\\/leroy-sane-decidido-a-fichar-por-el-bayern-munich\\\/\",\"name\":\"Leroy San\\u00e9, decidido a fichar por el Bayern M\\u00fanich | El Digital de Asturias\",\"description\":\"Berl\\u00edn, 18 dic (dpa) - El jugador alem\\u00e1n de f\\u00fatbol Leroy San\\u00e9 est\\u00e1 decidido a cambiar su actual club, el Manchester City, por el actual campe\\u00f3n de la Bundesliga, el Bayern M\\u00fanich, seg\\u00fan inform\\u00f3 hoy la revista \\\"Sport Bild\\\". El medio especializado sostiene, sin citar fuente alguna, que el delantero de 23 a\\u00f1os preferir\\u00eda abandonar\",\"inLanguage\":\"es-ES\",\"isPartOf\":{\"@id\":\"https:\\\/\\\/eldigitaldeasturias.com\\\/radio\\\/#website\"},\"breadcrumb\":{\"@id\":\"https:\\\/\\\/eldigitaldeasturias.com\\\/radio\\\/leroy-sane-decidido-a-fichar-por-el-bayern-munich\\\/#breadcrumblist\"},\"author\":{\"@id\":\"https:\\\/\\\/eldigitaldeasturias.com\\\/radio\\\/author\\\/nbasturias\\\/#author\"},\"creator\":{\"@id\":\"https:\\\/\\\/eldigitaldeasturias.com\\\/radio\\\/author\\\/nbasturias\\\/#author\"},\"image\":{\"@type\":\"ImageObject\",\"url\":\"https:\\\/\\\/eldigitaldeasturias.com\\\/radio\\\/wp-content\\\/uploads\\\/2018\\\/04\\\/arena-1181668_960_720.jpg\",\"@id\":\"https:\\\/\\\/eldigitaldeasturias.com\\\/radio\\\/leroy-sane-decidido-a-fichar-por-el-bayern-munich\\\/#mainImage\",\"width\":960,\"height\":640},\"primaryImageOfPage\":{\"@id\":\"https:\\\/\\\/eldigitaldeasturias.com\\\/radio\\\/leroy-sane-decidido-a-fichar-por-el-bayern-munich\\\/#mainImage\"},\"datePublished\":\"2019-12-19T09:25:35+01:00\",\"dateModified\":\"2019-12-19T09:25:35+01:00\"},{\"@type\":\"WebSite\",\"@id\":\"https:\\\/\\\/eldigitaldeasturias.com\\\/radio\\\/#website\",\"url\":\"https:\\\/\\\/eldigitaldeasturias.com\\\/radio\\\/\",\"name\":\"El Digital de Asturias\",\"description\":\"Diario de informaci\\u00f3n y noticias\",\"inLanguage\":\"es-ES\",\"publisher\":{\"@id\":\"https:\\\/\\\/eldigitaldeasturias.com\\\/radio\\\/#organization\"}}]}\n\t\t<\/script>\n\t\t<!-- All in One SEO Pro -->\r\n\t\t<title>Leroy San\u00e9, decidido a fichar por el Bayern M\u00fanich | El Digital de Asturias<\/title>\n\n","aioseo_head_json":{"title":"Leroy San\u00e9, decidido a fichar por el Bayern M\u00fanich | El Digital de Asturias","description":"Berl\u00edn, 18 dic (dpa) - El jugador alem\u00e1n de f\u00fatbol Leroy San\u00e9 est\u00e1 decidido a cambiar su actual club, el Manchester City, por el actual campe\u00f3n de la Bundesliga, el Bayern M\u00fanich, seg\u00fan inform\u00f3 hoy la revista \"Sport Bild\". El medio especializado sostiene, sin citar fuente alguna, que el delantero de 23 a\u00f1os preferir\u00eda abandonar","canonical_url":"https:\/\/eldigitaldeasturias.com\/radio\/leroy-sane-decidido-a-fichar-por-el-bayern-munich\/","robots":"max-image-preview:large","keywords":"noticias","webmasterTools":{"google-site-verification":"UA-38556648-1","miscellaneous":""},"schema":{"@context":"https:\/\/schema.org","@graph":[{"@type":"BreadcrumbList","@id":"https:\/\/eldigitaldeasturias.com\/radio\/leroy-sane-decidido-a-fichar-por-el-bayern-munich\/#breadcrumblist","itemListElement":[{"@type":"ListItem","@id":"https:\/\/eldigitaldeasturias.com\/radio#listItem","position":1,"name":"Inicio","item":"https:\/\/eldigitaldeasturias.com\/radio","nextItem":{"@type":"ListItem","@id":"https:\/\/eldigitaldeasturias.com\/radio\/category\/noticias\/#listItem","name":"Noticias"}},{"@type":"ListItem","@id":"https:\/\/eldigitaldeasturias.com\/radio\/category\/noticias\/#listItem","position":2,"name":"Noticias","item":"https:\/\/eldigitaldeasturias.com\/radio\/category\/noticias\/","nextItem":{"@type":"ListItem","@id":"https:\/\/eldigitaldeasturias.com\/radio\/leroy-sane-decidido-a-fichar-por-el-bayern-munich\/#listItem","name":"Leroy San\u00e9, decidido a fichar por el Bayern M\u00fanich"},"previousItem":{"@type":"ListItem","@id":"https:\/\/eldigitaldeasturias.com\/radio#listItem","name":"Inicio"}},{"@type":"ListItem","@id":"https:\/\/eldigitaldeasturias.com\/radio\/leroy-sane-decidido-a-fichar-por-el-bayern-munich\/#listItem","position":3,"name":"Leroy San\u00e9, decidido a fichar por el Bayern M\u00fanich","previousItem":{"@type":"ListItem","@id":"https:\/\/eldigitaldeasturias.com\/radio\/category\/noticias\/#listItem","name":"Noticias"}}]},{"@type":"NewsArticle","@id":"https:\/\/eldigitaldeasturias.com\/radio\/leroy-sane-decidido-a-fichar-por-el-bayern-munich\/#newsarticle","name":"Leroy San\u00e9, decidido a fichar por el Bayern M\u00fanich | El Digital de Asturias","headline":"Leroy San\u00e9, decidido a fichar por el Bayern M\u00fanich","author":{"@id":"https:\/\/eldigitaldeasturias.com\/radio\/author\/nbasturias\/#author"},"publisher":{"@id":"https:\/\/eldigitaldeasturias.com\/radio\/#organization"},"image":{"@type":"ImageObject","url":"https:\/\/eldigitaldeasturias.com\/radio\/wp-content\/uploads\/2018\/04\/arena-1181668_960_720.jpg","width":960,"height":640},"datePublished":"2019-12-19T09:25:35+01:00","dateModified":"2019-12-19T09:25:35+01:00","inLanguage":"es-ES","mainEntityOfPage":{"@id":"https:\/\/eldigitaldeasturias.com\/radio\/leroy-sane-decidido-a-fichar-por-el-bayern-munich\/#webpage"},"isPartOf":{"@id":"https:\/\/eldigitaldeasturias.com\/radio\/leroy-sane-decidido-a-fichar-por-el-bayern-munich\/#webpage"},"articleSection":"Noticias","dateline":"Publicado el diciembre 19, 2019."},{"@type":"Organization","@id":"https:\/\/eldigitaldeasturias.com\/radio\/#organization","name":"El digital de Asturias Radio","description":"Diario de informaci\u00f3n y noticias","url":"https:\/\/eldigitaldeasturias.com\/radio\/","telephone":"+34652131393","logo":{"@type":"ImageObject","url":"https:\/\/www.eldigitaldeasturias.com\/radio\/wp-content\/uploads\/2021\/03\/EDA.jpg","@id":"https:\/\/eldigitaldeasturias.com\/radio\/leroy-sane-decidido-a-fichar-por-el-bayern-munich\/#organizationLogo"},"image":{"@id":"https:\/\/eldigitaldeasturias.com\/radio\/leroy-sane-decidido-a-fichar-por-el-bayern-munich\/#organizationLogo"},"sameAs":["https:\/\/www.facebook.com\/","https:\/\/x.com\/bercodi","https:\/\/www.instagram.com\/","https:\/\/www.youtube.com\/channel\/UCZP-2wLEB9Rv6erhFmqVnvg"]},{"@type":"Person","@id":"https:\/\/eldigitaldeasturias.com\/radio\/author\/nbasturias\/#author","url":"https:\/\/eldigitaldeasturias.com\/radio\/author\/nbasturias\/","name":"NBAsturias","image":{"@type":"ImageObject","@id":"https:\/\/eldigitaldeasturias.com\/radio\/leroy-sane-decidido-a-fichar-por-el-bayern-munich\/#authorImage","url":"https:\/\/secure.gravatar.com\/avatar\/df2aeffc32bcd13f8d26072ef8a91b623d677766deac7f97ca815868cd41bf5e?s=96&d=mm&r=g","width":96,"height":96,"caption":"NBAsturias"}},{"@type":"WebPage","@id":"https:\/\/eldigitaldeasturias.com\/radio\/leroy-sane-decidido-a-fichar-por-el-bayern-munich\/#webpage","url":"https:\/\/eldigitaldeasturias.com\/radio\/leroy-sane-decidido-a-fichar-por-el-bayern-munich\/","name":"Leroy San\u00e9, decidido a fichar por el Bayern M\u00fanich | El Digital de Asturias","description":"Berl\u00edn, 18 dic (dpa) - El jugador alem\u00e1n de f\u00fatbol Leroy San\u00e9 est\u00e1 decidido a cambiar su actual club, el Manchester City, por el actual campe\u00f3n de la Bundesliga, el Bayern M\u00fanich, seg\u00fan inform\u00f3 hoy la revista \"Sport Bild\". El medio especializado sostiene, sin citar fuente alguna, que el delantero de 23 a\u00f1os preferir\u00eda abandonar","inLanguage":"es-ES","isPartOf":{"@id":"https:\/\/eldigitaldeasturias.com\/radio\/#website"},"breadcrumb":{"@id":"https:\/\/eldigitaldeasturias.com\/radio\/leroy-sane-decidido-a-fichar-por-el-bayern-munich\/#breadcrumblist"},"author":{"@id":"https:\/\/eldigitaldeasturias.com\/radio\/author\/nbasturias\/#author"},"creator":{"@id":"https:\/\/eldigitaldeasturias.com\/radio\/author\/nbasturias\/#author"},"image":{"@type":"ImageObject","url":"https:\/\/eldigitaldeasturias.com\/radio\/wp-content\/uploads\/2018\/04\/arena-1181668_960_720.jpg","@id":"https:\/\/eldigitaldeasturias.com\/radio\/leroy-sane-decidido-a-fichar-por-el-bayern-munich\/#mainImage","width":960,"height":640},"primaryImageOfPage":{"@id":"https:\/\/eldigitaldeasturias.com\/radio\/leroy-sane-decidido-a-fichar-por-el-bayern-munich\/#mainImage"},"datePublished":"2019-12-19T09:25:35+01:00","dateModified":"2019-12-19T09:25:35+01:00"},{"@type":"WebSite","@id":"https:\/\/eldigitaldeasturias.com\/radio\/#website","url":"https:\/\/eldigitaldeasturias.com\/radio\/","name":"El Digital de Asturias","description":"Diario de informaci\u00f3n y noticias","inLanguage":"es-ES","publisher":{"@id":"https:\/\/eldigitaldeasturias.com\/radio\/#organization"}}]},"og:locale":"es_ES","og:site_name":"El Digital de Asturias | Diario de informaci\u00f3n y noticias","og:type":"article","og:title":"Leroy San\u00e9, decidido a fichar por el Bayern M\u00fanich | El Digital de Asturias","og:description":"Berl\u00edn, 18 dic (dpa) - El jugador alem\u00e1n de f\u00fatbol Leroy San\u00e9 est\u00e1 decidido a cambiar su actual club, el Manchester City, por el actual campe\u00f3n de la Bundesliga, el Bayern M\u00fanich, seg\u00fan inform\u00f3 hoy la revista &quot;Sport Bild&quot;. El medio especializado sostiene, sin citar fuente alguna, que el delantero de 23 a\u00f1os preferir\u00eda abandonar","og:url":"https:\/\/eldigitaldeasturias.com\/radio\/leroy-sane-decidido-a-fichar-por-el-bayern-munich\/","og:image":"https:\/\/eldigitaldeasturias.com\/radio\/wp-content\/uploads\/2018\/04\/arena-1181668_960_720.jpg","og:image:secure_url":"https:\/\/eldigitaldeasturias.com\/radio\/wp-content\/uploads\/2018\/04\/arena-1181668_960_720.jpg","og:image:width":960,"og:image:height":640,"article:published_time":"2019-12-19T09:25:35+00:00","article:modified_time":"2019-12-19T09:25:35+00:00","twitter:card":"summary_large_image","twitter:site":"@bercodi","twitter:title":"Leroy San\u00e9, decidido a fichar por el Bayern M\u00fanich | El Digital de Asturias","twitter:description":"Berl\u00edn, 18 dic (dpa) - El jugador alem\u00e1n de f\u00fatbol Leroy San\u00e9 est\u00e1 decidido a cambiar su actual club, el Manchester City, por el actual campe\u00f3n de la Bundesliga, el Bayern M\u00fanich, seg\u00fan inform\u00f3 hoy la revista &quot;Sport Bild&quot;. El medio especializado sostiene, sin citar fuente alguna, que el delantero de 23 a\u00f1os preferir\u00eda abandonar","twitter:creator":"@bercodi","twitter:image":"https:\/\/eldigitaldeasturias.com\/radio\/wp-content\/uploads\/2018\/04\/arena-1181668_960_720.jpg"},"aioseo_meta_data":{"post_id":"3651","title":null,"description":null,"keywords":null,"keyphrases":null,"primary_term":null,"canonical_url":null,"og_title":null,"og_description":null,"og_object_type":"default","og_image_type":"default","og_image_url":null,"og_image_width":null,"og_image_height":null,"og_image_custom_url":null,"og_image_custom_fields":null,"og_video":null,"og_custom_url":null,"og_article_section":null,"og_article_tags":null,"twitter_use_og":false,"twitter_card":"default","twitter_image_type":"default","twitter_image_url":null,"twitter_image_custom_url":null,"twitter_image_custom_fields":null,"twitter_title":null,"twitter_description":null,"schema":{"blockGraphs":[],"customGraphs":[],"default":{"data":{"Article":[],"Course":[],"Dataset":[],"FAQPage":[],"Movie":[],"Person":[],"Product":[],"ProductReview":[],"Car":[],"Recipe":[],"Service":[],"SoftwareApplication":[],"WebPage":[]},"graphName":"","isEnabled":true},"graphs":[],"defaultGraph":"","defaultPostTypeGraph":""},"schema_type":null,"schema_type_options":null,"pillar_content":false,"robots_default":true,"robots_noindex":false,"robots_noarchive":false,"robots_nosnippet":false,"robots_nofollow":false,"robots_noimageindex":false,"robots_noodp":false,"robots_notranslate":false,"robots_max_snippet":null,"robots_max_videopreview":null,"robots_max_imagepreview":"large","priority":null,"frequency":null,"location":null,"local_seo":null,"seo_analyzer_scan_date":"2025-08-28 14:36:24","breadcrumb_settings":null,"limit_modified_date":false,"open_ai":null,"ai":null,"created":"2021-03-27 09:13:00","updated":"2025-08-28 14:36:24"},"aioseo_breadcrumb":"<div class=\"aioseo-breadcrumbs\"><span class=\"aioseo-breadcrumb\">\n\t<a href=\"https:\/\/eldigitaldeasturias.com\/radio\" title=\"Inicio\">Inicio<\/a>\n<\/span><span class=\"aioseo-breadcrumb-separator\">&ndash;<\/span><span class=\"aioseo-breadcrumb\">\n\t<a href=\"https:\/\/eldigitaldeasturias.com\/radio\/category\/noticias\/\" title=\"Noticias\">Noticias<\/a>\n<\/span><span class=\"aioseo-breadcrumb-separator\">&ndash;<\/span><span class=\"aioseo-breadcrumb\">\n\tLeroy San\u00e9, decidido a fichar por el Bayern M\u00fanich\n<\/span><\/div>","aioseo_breadcrumb_json":[{"label":"Inicio","link":"https:\/\/eldigitaldeasturias.com\/radio"},{"label":"Noticias","link":"https:\/\/eldigitaldeasturias.com\/radio\/category\/noticias\/"},{"label":"Leroy San\u00e9, decidido a fichar por el Bayern M\u00fanich","link":"https:\/\/eldigitaldeasturias.com\/radio\/leroy-sane-decidido-a-fichar-por-el-bayern-munich\/"}],"_links":{"self":[{"href":"https:\/\/eldigitaldeasturias.com\/radio\/wp-json\/wp\/v2\/posts\/3651","targetHints":{"allow":["GET"]}}],"collection":[{"href":"https:\/\/eldigitaldeasturias.com\/radio\/wp-json\/wp\/v2\/posts"}],"about":[{"href":"https:\/\/eldigitaldeasturias.com\/radio\/wp-json\/wp\/v2\/types\/post"}],"author":[{"embeddable":true,"href":"https:\/\/eldigitaldeasturias.com\/radio\/wp-json\/wp\/v2\/users\/1"}],"replies":[{"embeddable":true,"href":"https:\/\/eldigitaldeasturias.com\/radio\/wp-json\/wp\/v2\/comments?post=3651"}],"version-history":[{"count":0,"href":"https:\/\/eldigitaldeasturias.com\/radio\/wp-json\/wp\/v2\/posts\/3651\/revisions"}],"wp:featuredmedia":[{"embeddable":true,"href":"https:\/\/eldigitaldeasturias.com\/radio\/wp-json\/wp\/v2\/media\/812"}],"wp:attachment":[{"href":"https:\/\/eldigitaldeasturias.com\/radio\/wp-json\/wp\/v2\/media?parent=3651"}],"wp:term":[{"taxonomy":"category","embeddable":true,"href":"https:\/\/eldigitaldeasturias.com\/radio\/wp-json\/wp\/v2\/categories?post=3651"},{"taxonomy":"post_tag","embeddable":true,"href":"https:\/\/eldigitaldeasturias.com\/radio\/wp-json\/wp\/v2\/tags?post=3651"}],"curies":[{"name":"wp","href":"https:\/\/api.w.org\/{rel}","templated":true}]}}