{"id":3649,"date":"2019-12-19T09:24:31","date_gmt":"2019-12-19T09:24:31","guid":{"rendered":"http:\/\/www.eldigitaldeasturias.com\/radio\/?p=3649"},"modified":"2019-12-19T09:24:31","modified_gmt":"2019-12-19T09:24:31","slug":"jefe-de-opel-fusion-de-psa-y-fiat-chrysler-ofrece-oportunidades","status":"publish","type":"post","link":"https:\/\/eldigitaldeasturias.com\/radio\/jefe-de-opel-fusion-de-psa-y-fiat-chrysler-ofrece-oportunidades\/","title":{"rendered":"Jefe de Opel: Fusi\u00f3n de PSA y Fiat Chrysler ofrece oportunidades"},"content":{"rendered":"<p><img fetchpriority=\"high\" decoding=\"async\" class=\"alignleft size-medium wp-image-791\" src=\"http:\/\/www.eldigitaldeasturias.com\/radio\/wp-content\/uploads\/2018\/04\/traffic-332857_960_720-360x240.jpg\" alt=\"\" width=\"360\" height=\"240\" srcset=\"https:\/\/eldigitaldeasturias.com\/radio\/wp-content\/uploads\/2018\/04\/traffic-332857_960_720-360x240.jpg 360w, https:\/\/eldigitaldeasturias.com\/radio\/wp-content\/uploads\/2018\/04\/traffic-332857_960_720-768x512.jpg 768w, https:\/\/eldigitaldeasturias.com\/radio\/wp-content\/uploads\/2018\/04\/traffic-332857_960_720.jpg 960w\" sizes=\"(max-width: 360px) 100vw, 360px\" \/>R\u00fcsselsheim (Alemania), 18 dic (dpa) &#8211; El presidente ejecutivo de la automotriz Opel, Michael Lohscheller, calific\u00f3 hoy de positiva la fusi\u00f3n de la empresa matriz PSA con Fiat Chrysler.<\/p>\n<p>En su opini\u00f3n, la uni\u00f3n permitir\u00e1 fortalecer a\u00fan m\u00e1s al grupo empresarial y ofrece muchas oportunidades a Opel. \u00abEn el nuevo grupo, a\u00fan m\u00e1s grande, seremos la \u00fanica marca alemana y representaremos a la ingenier\u00eda alemana\u00bb, coment\u00f3.<\/p>\n<p>Lohscheller dijo que Opel es rentable de manera sostenible. \u00abNos convertiremos en una empresa global que apuesta por la electromivilidad. Estamos invirtiendo en nuestras plantas\u00bb, agreg\u00f3 a la vez que dijo estar convencido de que Opel continuar\u00e1 su exitosa trayectoria.<\/p>\n<p>Tras semanas de negociaciones, la empresa matriz de Opel, PSA, y Fiat Chrysler, decidieron fusionarse. Las empresas quieren convertirse en el cuarto fabricante de autom\u00f3viles m\u00e1s grande del mundo por sus ventas.<\/p>\n","protected":false},"excerpt":{"rendered":"<p>R\u00fcsselsheim (Alemania), 18 dic (dpa) &#8211; El presidente ejecutivo de la automotriz Opel, Michael Lohscheller, calific\u00f3 hoy de positiva la fusi\u00f3n de la empresa matriz PSA con Fiat Chrysler. En su opini\u00f3n, la uni\u00f3n permitir\u00e1 fortalecer a\u00fan m\u00e1s al grupo empresarial y ofrece muchas oportunidades a Opel. \u00abEn el nuevo grupo, a\u00fan m\u00e1s grande, seremos<\/p>\n","protected":false},"author":1,"featured_media":791,"comment_status":"closed","ping_status":"closed","sticky":false,"template":"","format":"standard","meta":{"footnotes":""},"categories":[35],"tags":[],"class_list":{"0":"post-3649","1":"post","2":"type-post","3":"status-publish","4":"format-standard","5":"has-post-thumbnail","7":"category-negocios"},"aioseo_notices":[],"aioseo_head":"\n\t\t<!-- All in One SEO Pro 4.9.6.2 - aioseo.com -->\n\t<meta name=\"description\" content=\"R\u00fcsselsheim (Alemania), 18 dic (dpa) - El presidente ejecutivo de la automotriz Opel, Michael Lohscheller, calific\u00f3 hoy de positiva la fusi\u00f3n de la empresa matriz PSA con Fiat Chrysler. En su opini\u00f3n, la uni\u00f3n permitir\u00e1 fortalecer a\u00fan m\u00e1s al grupo empresarial y ofrece muchas oportunidades a Opel. &quot;En el nuevo grupo, a\u00fan m\u00e1s grande, seremos\" \/>\n\t<meta name=\"robots\" content=\"max-image-preview:large\" \/>\n\t<meta name=\"author\" content=\"NBAsturias\"\/>\n\t<meta name=\"google-site-verification\" content=\"UA-38556648-1\" \/>\n\t<meta name=\"keywords\" content=\"negocios\" \/>\n\t<link rel=\"canonical\" href=\"https:\/\/eldigitaldeasturias.com\/radio\/jefe-de-opel-fusion-de-psa-y-fiat-chrysler-ofrece-oportunidades\/\" \/>\n\t<meta name=\"generator\" content=\"All in One SEO Pro (AIOSEO) 4.9.6.2\" \/>\n\t\t<meta property=\"og:locale\" content=\"es_ES\" \/>\n\t\t<meta property=\"og:site_name\" content=\"El Digital de Asturias | Diario de informaci\u00f3n y noticias\" \/>\n\t\t<meta property=\"og:type\" content=\"article\" \/>\n\t\t<meta property=\"og:title\" content=\"Jefe de Opel: Fusi\u00f3n de PSA y Fiat Chrysler ofrece oportunidades | El Digital de Asturias\" \/>\n\t\t<meta property=\"og:description\" content=\"R\u00fcsselsheim (Alemania), 18 dic (dpa) - El presidente ejecutivo de la automotriz Opel, Michael Lohscheller, calific\u00f3 hoy de positiva la fusi\u00f3n de la empresa matriz PSA con Fiat Chrysler. En su opini\u00f3n, la uni\u00f3n permitir\u00e1 fortalecer a\u00fan m\u00e1s al grupo empresarial y ofrece muchas oportunidades a Opel. &quot;En el nuevo grupo, a\u00fan m\u00e1s grande, seremos\" \/>\n\t\t<meta property=\"og:url\" content=\"https:\/\/eldigitaldeasturias.com\/radio\/jefe-de-opel-fusion-de-psa-y-fiat-chrysler-ofrece-oportunidades\/\" \/>\n\t\t<meta property=\"og:image\" content=\"https:\/\/eldigitaldeasturias.com\/radio\/wp-content\/uploads\/2018\/04\/traffic-332857_960_720.jpg\" \/>\n\t\t<meta property=\"og:image:secure_url\" content=\"https:\/\/eldigitaldeasturias.com\/radio\/wp-content\/uploads\/2018\/04\/traffic-332857_960_720.jpg\" \/>\n\t\t<meta property=\"og:image:width\" content=\"960\" \/>\n\t\t<meta property=\"og:image:height\" content=\"640\" \/>\n\t\t<meta property=\"article:published_time\" content=\"2019-12-19T09:24:31+00:00\" \/>\n\t\t<meta property=\"article:modified_time\" content=\"2019-12-19T09:24:31+00:00\" \/>\n\t\t<meta name=\"twitter:card\" content=\"summary_large_image\" \/>\n\t\t<meta name=\"twitter:site\" content=\"@bercodi\" \/>\n\t\t<meta name=\"twitter:title\" content=\"Jefe de Opel: Fusi\u00f3n de PSA y Fiat Chrysler ofrece oportunidades | El Digital de Asturias\" \/>\n\t\t<meta name=\"twitter:description\" content=\"R\u00fcsselsheim (Alemania), 18 dic (dpa) - El presidente ejecutivo de la automotriz Opel, Michael Lohscheller, calific\u00f3 hoy de positiva la fusi\u00f3n de la empresa matriz PSA con Fiat Chrysler. En su opini\u00f3n, la uni\u00f3n permitir\u00e1 fortalecer a\u00fan m\u00e1s al grupo empresarial y ofrece muchas oportunidades a Opel. &quot;En el nuevo grupo, a\u00fan m\u00e1s grande, seremos\" \/>\n\t\t<meta name=\"twitter:creator\" content=\"@bercodi\" \/>\n\t\t<meta name=\"twitter:image\" content=\"https:\/\/eldigitaldeasturias.com\/radio\/wp-content\/uploads\/2018\/04\/traffic-332857_960_720.jpg\" \/>\n\t\t<script type=\"application\/ld+json\" class=\"aioseo-schema\">\n\t\t\t{\"@context\":\"https:\\\/\\\/schema.org\",\"@graph\":[{\"@type\":\"BreadcrumbList\",\"@id\":\"https:\\\/\\\/eldigitaldeasturias.com\\\/radio\\\/jefe-de-opel-fusion-de-psa-y-fiat-chrysler-ofrece-oportunidades\\\/#breadcrumblist\",\"itemListElement\":[{\"@type\":\"ListItem\",\"@id\":\"https:\\\/\\\/eldigitaldeasturias.com\\\/radio#listItem\",\"position\":1,\"name\":\"Inicio\",\"item\":\"https:\\\/\\\/eldigitaldeasturias.com\\\/radio\",\"nextItem\":{\"@type\":\"ListItem\",\"@id\":\"https:\\\/\\\/eldigitaldeasturias.com\\\/radio\\\/category\\\/negocios\\\/#listItem\",\"name\":\"Negocios\"}},{\"@type\":\"ListItem\",\"@id\":\"https:\\\/\\\/eldigitaldeasturias.com\\\/radio\\\/category\\\/negocios\\\/#listItem\",\"position\":2,\"name\":\"Negocios\",\"item\":\"https:\\\/\\\/eldigitaldeasturias.com\\\/radio\\\/category\\\/negocios\\\/\",\"nextItem\":{\"@type\":\"ListItem\",\"@id\":\"https:\\\/\\\/eldigitaldeasturias.com\\\/radio\\\/jefe-de-opel-fusion-de-psa-y-fiat-chrysler-ofrece-oportunidades\\\/#listItem\",\"name\":\"Jefe de Opel: Fusi\\u00f3n de PSA y Fiat Chrysler ofrece oportunidades\"},\"previousItem\":{\"@type\":\"ListItem\",\"@id\":\"https:\\\/\\\/eldigitaldeasturias.com\\\/radio#listItem\",\"name\":\"Inicio\"}},{\"@type\":\"ListItem\",\"@id\":\"https:\\\/\\\/eldigitaldeasturias.com\\\/radio\\\/jefe-de-opel-fusion-de-psa-y-fiat-chrysler-ofrece-oportunidades\\\/#listItem\",\"position\":3,\"name\":\"Jefe de Opel: Fusi\\u00f3n de PSA y Fiat Chrysler ofrece oportunidades\",\"previousItem\":{\"@type\":\"ListItem\",\"@id\":\"https:\\\/\\\/eldigitaldeasturias.com\\\/radio\\\/category\\\/negocios\\\/#listItem\",\"name\":\"Negocios\"}}]},{\"@type\":\"NewsArticle\",\"@id\":\"https:\\\/\\\/eldigitaldeasturias.com\\\/radio\\\/jefe-de-opel-fusion-de-psa-y-fiat-chrysler-ofrece-oportunidades\\\/#newsarticle\",\"name\":\"Jefe de Opel: Fusi\\u00f3n de PSA y Fiat Chrysler ofrece oportunidades | El Digital de Asturias\",\"headline\":\"Jefe de Opel: Fusi\\u00f3n de PSA y Fiat Chrysler ofrece oportunidades\",\"author\":{\"@id\":\"https:\\\/\\\/eldigitaldeasturias.com\\\/radio\\\/author\\\/nbasturias\\\/#author\"},\"publisher\":{\"@id\":\"https:\\\/\\\/eldigitaldeasturias.com\\\/radio\\\/#organization\"},\"image\":{\"@type\":\"ImageObject\",\"url\":\"https:\\\/\\\/eldigitaldeasturias.com\\\/radio\\\/wp-content\\\/uploads\\\/2018\\\/04\\\/traffic-332857_960_720.jpg\",\"width\":960,\"height\":640},\"datePublished\":\"2019-12-19T09:24:31+01:00\",\"dateModified\":\"2019-12-19T09:24:31+01:00\",\"inLanguage\":\"es-ES\",\"mainEntityOfPage\":{\"@id\":\"https:\\\/\\\/eldigitaldeasturias.com\\\/radio\\\/jefe-de-opel-fusion-de-psa-y-fiat-chrysler-ofrece-oportunidades\\\/#webpage\"},\"isPartOf\":{\"@id\":\"https:\\\/\\\/eldigitaldeasturias.com\\\/radio\\\/jefe-de-opel-fusion-de-psa-y-fiat-chrysler-ofrece-oportunidades\\\/#webpage\"},\"articleSection\":\"Negocios\",\"dateline\":\"Publicado el diciembre 19, 2019.\"},{\"@type\":\"Organization\",\"@id\":\"https:\\\/\\\/eldigitaldeasturias.com\\\/radio\\\/#organization\",\"name\":\"El digital de Asturias Radio\",\"description\":\"Diario de informaci\\u00f3n y noticias\",\"url\":\"https:\\\/\\\/eldigitaldeasturias.com\\\/radio\\\/\",\"telephone\":\"+34652131393\",\"logo\":{\"@type\":\"ImageObject\",\"url\":\"https:\\\/\\\/www.eldigitaldeasturias.com\\\/radio\\\/wp-content\\\/uploads\\\/2021\\\/03\\\/EDA.jpg\",\"@id\":\"https:\\\/\\\/eldigitaldeasturias.com\\\/radio\\\/jefe-de-opel-fusion-de-psa-y-fiat-chrysler-ofrece-oportunidades\\\/#organizationLogo\"},\"image\":{\"@id\":\"https:\\\/\\\/eldigitaldeasturias.com\\\/radio\\\/jefe-de-opel-fusion-de-psa-y-fiat-chrysler-ofrece-oportunidades\\\/#organizationLogo\"},\"sameAs\":[\"https:\\\/\\\/www.facebook.com\\\/\",\"https:\\\/\\\/x.com\\\/bercodi\",\"https:\\\/\\\/www.instagram.com\\\/\",\"https:\\\/\\\/www.youtube.com\\\/channel\\\/UCZP-2wLEB9Rv6erhFmqVnvg\"]},{\"@type\":\"Person\",\"@id\":\"https:\\\/\\\/eldigitaldeasturias.com\\\/radio\\\/author\\\/nbasturias\\\/#author\",\"url\":\"https:\\\/\\\/eldigitaldeasturias.com\\\/radio\\\/author\\\/nbasturias\\\/\",\"name\":\"NBAsturias\",\"image\":{\"@type\":\"ImageObject\",\"@id\":\"https:\\\/\\\/eldigitaldeasturias.com\\\/radio\\\/jefe-de-opel-fusion-de-psa-y-fiat-chrysler-ofrece-oportunidades\\\/#authorImage\",\"url\":\"https:\\\/\\\/secure.gravatar.com\\\/avatar\\\/df2aeffc32bcd13f8d26072ef8a91b623d677766deac7f97ca815868cd41bf5e?s=96&d=mm&r=g\",\"width\":96,\"height\":96,\"caption\":\"NBAsturias\"}},{\"@type\":\"WebPage\",\"@id\":\"https:\\\/\\\/eldigitaldeasturias.com\\\/radio\\\/jefe-de-opel-fusion-de-psa-y-fiat-chrysler-ofrece-oportunidades\\\/#webpage\",\"url\":\"https:\\\/\\\/eldigitaldeasturias.com\\\/radio\\\/jefe-de-opel-fusion-de-psa-y-fiat-chrysler-ofrece-oportunidades\\\/\",\"name\":\"Jefe de Opel: Fusi\\u00f3n de PSA y Fiat Chrysler ofrece oportunidades | El Digital de Asturias\",\"description\":\"R\\u00fcsselsheim (Alemania), 18 dic (dpa) - El presidente ejecutivo de la automotriz Opel, Michael Lohscheller, calific\\u00f3 hoy de positiva la fusi\\u00f3n de la empresa matriz PSA con Fiat Chrysler. En su opini\\u00f3n, la uni\\u00f3n permitir\\u00e1 fortalecer a\\u00fan m\\u00e1s al grupo empresarial y ofrece muchas oportunidades a Opel. \\\"En el nuevo grupo, a\\u00fan m\\u00e1s grande, seremos\",\"inLanguage\":\"es-ES\",\"isPartOf\":{\"@id\":\"https:\\\/\\\/eldigitaldeasturias.com\\\/radio\\\/#website\"},\"breadcrumb\":{\"@id\":\"https:\\\/\\\/eldigitaldeasturias.com\\\/radio\\\/jefe-de-opel-fusion-de-psa-y-fiat-chrysler-ofrece-oportunidades\\\/#breadcrumblist\"},\"author\":{\"@id\":\"https:\\\/\\\/eldigitaldeasturias.com\\\/radio\\\/author\\\/nbasturias\\\/#author\"},\"creator\":{\"@id\":\"https:\\\/\\\/eldigitaldeasturias.com\\\/radio\\\/author\\\/nbasturias\\\/#author\"},\"image\":{\"@type\":\"ImageObject\",\"url\":\"https:\\\/\\\/eldigitaldeasturias.com\\\/radio\\\/wp-content\\\/uploads\\\/2018\\\/04\\\/traffic-332857_960_720.jpg\",\"@id\":\"https:\\\/\\\/eldigitaldeasturias.com\\\/radio\\\/jefe-de-opel-fusion-de-psa-y-fiat-chrysler-ofrece-oportunidades\\\/#mainImage\",\"width\":960,\"height\":640},\"primaryImageOfPage\":{\"@id\":\"https:\\\/\\\/eldigitaldeasturias.com\\\/radio\\\/jefe-de-opel-fusion-de-psa-y-fiat-chrysler-ofrece-oportunidades\\\/#mainImage\"},\"datePublished\":\"2019-12-19T09:24:31+01:00\",\"dateModified\":\"2019-12-19T09:24:31+01:00\"},{\"@type\":\"WebSite\",\"@id\":\"https:\\\/\\\/eldigitaldeasturias.com\\\/radio\\\/#website\",\"url\":\"https:\\\/\\\/eldigitaldeasturias.com\\\/radio\\\/\",\"name\":\"El Digital de Asturias\",\"description\":\"Diario de informaci\\u00f3n y noticias\",\"inLanguage\":\"es-ES\",\"publisher\":{\"@id\":\"https:\\\/\\\/eldigitaldeasturias.com\\\/radio\\\/#organization\"}}]}\n\t\t<\/script>\n\t\t<!-- All in One SEO Pro -->\r\n\t\t<title>Jefe de Opel: Fusi\u00f3n de PSA y Fiat Chrysler ofrece oportunidades | El Digital de Asturias<\/title>\n\n","aioseo_head_json":{"title":"Jefe de Opel: Fusi\u00f3n de PSA y Fiat Chrysler ofrece oportunidades | El Digital de Asturias","description":"R\u00fcsselsheim (Alemania), 18 dic (dpa) - El presidente ejecutivo de la automotriz Opel, Michael Lohscheller, calific\u00f3 hoy de positiva la fusi\u00f3n de la empresa matriz PSA con Fiat Chrysler. En su opini\u00f3n, la uni\u00f3n permitir\u00e1 fortalecer a\u00fan m\u00e1s al grupo empresarial y ofrece muchas oportunidades a Opel. \"En el nuevo grupo, a\u00fan m\u00e1s grande, seremos","canonical_url":"https:\/\/eldigitaldeasturias.com\/radio\/jefe-de-opel-fusion-de-psa-y-fiat-chrysler-ofrece-oportunidades\/","robots":"max-image-preview:large","keywords":"negocios","webmasterTools":{"google-site-verification":"UA-38556648-1","miscellaneous":""},"schema":{"@context":"https:\/\/schema.org","@graph":[{"@type":"BreadcrumbList","@id":"https:\/\/eldigitaldeasturias.com\/radio\/jefe-de-opel-fusion-de-psa-y-fiat-chrysler-ofrece-oportunidades\/#breadcrumblist","itemListElement":[{"@type":"ListItem","@id":"https:\/\/eldigitaldeasturias.com\/radio#listItem","position":1,"name":"Inicio","item":"https:\/\/eldigitaldeasturias.com\/radio","nextItem":{"@type":"ListItem","@id":"https:\/\/eldigitaldeasturias.com\/radio\/category\/negocios\/#listItem","name":"Negocios"}},{"@type":"ListItem","@id":"https:\/\/eldigitaldeasturias.com\/radio\/category\/negocios\/#listItem","position":2,"name":"Negocios","item":"https:\/\/eldigitaldeasturias.com\/radio\/category\/negocios\/","nextItem":{"@type":"ListItem","@id":"https:\/\/eldigitaldeasturias.com\/radio\/jefe-de-opel-fusion-de-psa-y-fiat-chrysler-ofrece-oportunidades\/#listItem","name":"Jefe de Opel: Fusi\u00f3n de PSA y Fiat Chrysler ofrece oportunidades"},"previousItem":{"@type":"ListItem","@id":"https:\/\/eldigitaldeasturias.com\/radio#listItem","name":"Inicio"}},{"@type":"ListItem","@id":"https:\/\/eldigitaldeasturias.com\/radio\/jefe-de-opel-fusion-de-psa-y-fiat-chrysler-ofrece-oportunidades\/#listItem","position":3,"name":"Jefe de Opel: Fusi\u00f3n de PSA y Fiat Chrysler ofrece oportunidades","previousItem":{"@type":"ListItem","@id":"https:\/\/eldigitaldeasturias.com\/radio\/category\/negocios\/#listItem","name":"Negocios"}}]},{"@type":"NewsArticle","@id":"https:\/\/eldigitaldeasturias.com\/radio\/jefe-de-opel-fusion-de-psa-y-fiat-chrysler-ofrece-oportunidades\/#newsarticle","name":"Jefe de Opel: Fusi\u00f3n de PSA y Fiat Chrysler ofrece oportunidades | El Digital de Asturias","headline":"Jefe de Opel: Fusi\u00f3n de PSA y Fiat Chrysler ofrece oportunidades","author":{"@id":"https:\/\/eldigitaldeasturias.com\/radio\/author\/nbasturias\/#author"},"publisher":{"@id":"https:\/\/eldigitaldeasturias.com\/radio\/#organization"},"image":{"@type":"ImageObject","url":"https:\/\/eldigitaldeasturias.com\/radio\/wp-content\/uploads\/2018\/04\/traffic-332857_960_720.jpg","width":960,"height":640},"datePublished":"2019-12-19T09:24:31+01:00","dateModified":"2019-12-19T09:24:31+01:00","inLanguage":"es-ES","mainEntityOfPage":{"@id":"https:\/\/eldigitaldeasturias.com\/radio\/jefe-de-opel-fusion-de-psa-y-fiat-chrysler-ofrece-oportunidades\/#webpage"},"isPartOf":{"@id":"https:\/\/eldigitaldeasturias.com\/radio\/jefe-de-opel-fusion-de-psa-y-fiat-chrysler-ofrece-oportunidades\/#webpage"},"articleSection":"Negocios","dateline":"Publicado el diciembre 19, 2019."},{"@type":"Organization","@id":"https:\/\/eldigitaldeasturias.com\/radio\/#organization","name":"El digital de Asturias Radio","description":"Diario de informaci\u00f3n y noticias","url":"https:\/\/eldigitaldeasturias.com\/radio\/","telephone":"+34652131393","logo":{"@type":"ImageObject","url":"https:\/\/www.eldigitaldeasturias.com\/radio\/wp-content\/uploads\/2021\/03\/EDA.jpg","@id":"https:\/\/eldigitaldeasturias.com\/radio\/jefe-de-opel-fusion-de-psa-y-fiat-chrysler-ofrece-oportunidades\/#organizationLogo"},"image":{"@id":"https:\/\/eldigitaldeasturias.com\/radio\/jefe-de-opel-fusion-de-psa-y-fiat-chrysler-ofrece-oportunidades\/#organizationLogo"},"sameAs":["https:\/\/www.facebook.com\/","https:\/\/x.com\/bercodi","https:\/\/www.instagram.com\/","https:\/\/www.youtube.com\/channel\/UCZP-2wLEB9Rv6erhFmqVnvg"]},{"@type":"Person","@id":"https:\/\/eldigitaldeasturias.com\/radio\/author\/nbasturias\/#author","url":"https:\/\/eldigitaldeasturias.com\/radio\/author\/nbasturias\/","name":"NBAsturias","image":{"@type":"ImageObject","@id":"https:\/\/eldigitaldeasturias.com\/radio\/jefe-de-opel-fusion-de-psa-y-fiat-chrysler-ofrece-oportunidades\/#authorImage","url":"https:\/\/secure.gravatar.com\/avatar\/df2aeffc32bcd13f8d26072ef8a91b623d677766deac7f97ca815868cd41bf5e?s=96&d=mm&r=g","width":96,"height":96,"caption":"NBAsturias"}},{"@type":"WebPage","@id":"https:\/\/eldigitaldeasturias.com\/radio\/jefe-de-opel-fusion-de-psa-y-fiat-chrysler-ofrece-oportunidades\/#webpage","url":"https:\/\/eldigitaldeasturias.com\/radio\/jefe-de-opel-fusion-de-psa-y-fiat-chrysler-ofrece-oportunidades\/","name":"Jefe de Opel: Fusi\u00f3n de PSA y Fiat Chrysler ofrece oportunidades | El Digital de Asturias","description":"R\u00fcsselsheim (Alemania), 18 dic (dpa) - El presidente ejecutivo de la automotriz Opel, Michael Lohscheller, calific\u00f3 hoy de positiva la fusi\u00f3n de la empresa matriz PSA con Fiat Chrysler. En su opini\u00f3n, la uni\u00f3n permitir\u00e1 fortalecer a\u00fan m\u00e1s al grupo empresarial y ofrece muchas oportunidades a Opel. \"En el nuevo grupo, a\u00fan m\u00e1s grande, seremos","inLanguage":"es-ES","isPartOf":{"@id":"https:\/\/eldigitaldeasturias.com\/radio\/#website"},"breadcrumb":{"@id":"https:\/\/eldigitaldeasturias.com\/radio\/jefe-de-opel-fusion-de-psa-y-fiat-chrysler-ofrece-oportunidades\/#breadcrumblist"},"author":{"@id":"https:\/\/eldigitaldeasturias.com\/radio\/author\/nbasturias\/#author"},"creator":{"@id":"https:\/\/eldigitaldeasturias.com\/radio\/author\/nbasturias\/#author"},"image":{"@type":"ImageObject","url":"https:\/\/eldigitaldeasturias.com\/radio\/wp-content\/uploads\/2018\/04\/traffic-332857_960_720.jpg","@id":"https:\/\/eldigitaldeasturias.com\/radio\/jefe-de-opel-fusion-de-psa-y-fiat-chrysler-ofrece-oportunidades\/#mainImage","width":960,"height":640},"primaryImageOfPage":{"@id":"https:\/\/eldigitaldeasturias.com\/radio\/jefe-de-opel-fusion-de-psa-y-fiat-chrysler-ofrece-oportunidades\/#mainImage"},"datePublished":"2019-12-19T09:24:31+01:00","dateModified":"2019-12-19T09:24:31+01:00"},{"@type":"WebSite","@id":"https:\/\/eldigitaldeasturias.com\/radio\/#website","url":"https:\/\/eldigitaldeasturias.com\/radio\/","name":"El Digital de Asturias","description":"Diario de informaci\u00f3n y noticias","inLanguage":"es-ES","publisher":{"@id":"https:\/\/eldigitaldeasturias.com\/radio\/#organization"}}]},"og:locale":"es_ES","og:site_name":"El Digital de Asturias | Diario de informaci\u00f3n y noticias","og:type":"article","og:title":"Jefe de Opel: Fusi\u00f3n de PSA y Fiat Chrysler ofrece oportunidades | El Digital de Asturias","og:description":"R\u00fcsselsheim (Alemania), 18 dic (dpa) - El presidente ejecutivo de la automotriz Opel, Michael Lohscheller, calific\u00f3 hoy de positiva la fusi\u00f3n de la empresa matriz PSA con Fiat Chrysler. En su opini\u00f3n, la uni\u00f3n permitir\u00e1 fortalecer a\u00fan m\u00e1s al grupo empresarial y ofrece muchas oportunidades a Opel. &quot;En el nuevo grupo, a\u00fan m\u00e1s grande, seremos","og:url":"https:\/\/eldigitaldeasturias.com\/radio\/jefe-de-opel-fusion-de-psa-y-fiat-chrysler-ofrece-oportunidades\/","og:image":"https:\/\/eldigitaldeasturias.com\/radio\/wp-content\/uploads\/2018\/04\/traffic-332857_960_720.jpg","og:image:secure_url":"https:\/\/eldigitaldeasturias.com\/radio\/wp-content\/uploads\/2018\/04\/traffic-332857_960_720.jpg","og:image:width":960,"og:image:height":640,"article:published_time":"2019-12-19T09:24:31+00:00","article:modified_time":"2019-12-19T09:24:31+00:00","twitter:card":"summary_large_image","twitter:site":"@bercodi","twitter:title":"Jefe de Opel: Fusi\u00f3n de PSA y Fiat Chrysler ofrece oportunidades | El Digital de Asturias","twitter:description":"R\u00fcsselsheim (Alemania), 18 dic (dpa) - El presidente ejecutivo de la automotriz Opel, Michael Lohscheller, calific\u00f3 hoy de positiva la fusi\u00f3n de la empresa matriz PSA con Fiat Chrysler. En su opini\u00f3n, la uni\u00f3n permitir\u00e1 fortalecer a\u00fan m\u00e1s al grupo empresarial y ofrece muchas oportunidades a Opel. &quot;En el nuevo grupo, a\u00fan m\u00e1s grande, seremos","twitter:creator":"@bercodi","twitter:image":"https:\/\/eldigitaldeasturias.com\/radio\/wp-content\/uploads\/2018\/04\/traffic-332857_960_720.jpg"},"aioseo_meta_data":{"post_id":"3649","title":null,"description":null,"keywords":null,"keyphrases":null,"primary_term":null,"canonical_url":null,"og_title":null,"og_description":null,"og_object_type":"default","og_image_type":"default","og_image_url":null,"og_image_width":null,"og_image_height":null,"og_image_custom_url":null,"og_image_custom_fields":null,"og_video":null,"og_custom_url":null,"og_article_section":null,"og_article_tags":null,"twitter_use_og":false,"twitter_card":"default","twitter_image_type":"default","twitter_image_url":null,"twitter_image_custom_url":null,"twitter_image_custom_fields":null,"twitter_title":null,"twitter_description":null,"schema":{"blockGraphs":[],"customGraphs":[],"default":{"data":{"Article":[],"Course":[],"Dataset":[],"FAQPage":[],"Movie":[],"Person":[],"Product":[],"ProductReview":[],"Car":[],"Recipe":[],"Service":[],"SoftwareApplication":[],"WebPage":[]},"graphName":"","isEnabled":true},"graphs":[],"defaultGraph":"","defaultPostTypeGraph":""},"schema_type":null,"schema_type_options":null,"pillar_content":false,"robots_default":true,"robots_noindex":false,"robots_noarchive":false,"robots_nosnippet":false,"robots_nofollow":false,"robots_noimageindex":false,"robots_noodp":false,"robots_notranslate":false,"robots_max_snippet":null,"robots_max_videopreview":null,"robots_max_imagepreview":"large","priority":null,"frequency":null,"location":null,"local_seo":null,"seo_analyzer_scan_date":"2025-08-28 14:36:21","breadcrumb_settings":null,"limit_modified_date":false,"open_ai":null,"ai":null,"created":"2021-03-25 20:38:44","updated":"2025-08-28 14:36:21"},"aioseo_breadcrumb":"<div class=\"aioseo-breadcrumbs\"><span class=\"aioseo-breadcrumb\">\n\t<a href=\"https:\/\/eldigitaldeasturias.com\/radio\" title=\"Inicio\">Inicio<\/a>\n<\/span><span class=\"aioseo-breadcrumb-separator\">&ndash;<\/span><span class=\"aioseo-breadcrumb\">\n\t<a href=\"https:\/\/eldigitaldeasturias.com\/radio\/category\/negocios\/\" title=\"Negocios\">Negocios<\/a>\n<\/span><span class=\"aioseo-breadcrumb-separator\">&ndash;<\/span><span class=\"aioseo-breadcrumb\">\n\tJefe de Opel: Fusi\u00f3n de PSA y Fiat Chrysler ofrece oportunidades\n<\/span><\/div>","aioseo_breadcrumb_json":[{"label":"Inicio","link":"https:\/\/eldigitaldeasturias.com\/radio"},{"label":"Negocios","link":"https:\/\/eldigitaldeasturias.com\/radio\/category\/negocios\/"},{"label":"Jefe de Opel: Fusi\u00f3n de PSA y Fiat Chrysler ofrece oportunidades","link":"https:\/\/eldigitaldeasturias.com\/radio\/jefe-de-opel-fusion-de-psa-y-fiat-chrysler-ofrece-oportunidades\/"}],"_links":{"self":[{"href":"https:\/\/eldigitaldeasturias.com\/radio\/wp-json\/wp\/v2\/posts\/3649","targetHints":{"allow":["GET"]}}],"collection":[{"href":"https:\/\/eldigitaldeasturias.com\/radio\/wp-json\/wp\/v2\/posts"}],"about":[{"href":"https:\/\/eldigitaldeasturias.com\/radio\/wp-json\/wp\/v2\/types\/post"}],"author":[{"embeddable":true,"href":"https:\/\/eldigitaldeasturias.com\/radio\/wp-json\/wp\/v2\/users\/1"}],"replies":[{"embeddable":true,"href":"https:\/\/eldigitaldeasturias.com\/radio\/wp-json\/wp\/v2\/comments?post=3649"}],"version-history":[{"count":0,"href":"https:\/\/eldigitaldeasturias.com\/radio\/wp-json\/wp\/v2\/posts\/3649\/revisions"}],"wp:featuredmedia":[{"embeddable":true,"href":"https:\/\/eldigitaldeasturias.com\/radio\/wp-json\/wp\/v2\/media\/791"}],"wp:attachment":[{"href":"https:\/\/eldigitaldeasturias.com\/radio\/wp-json\/wp\/v2\/media?parent=3649"}],"wp:term":[{"taxonomy":"category","embeddable":true,"href":"https:\/\/eldigitaldeasturias.com\/radio\/wp-json\/wp\/v2\/categories?post=3649"},{"taxonomy":"post_tag","embeddable":true,"href":"https:\/\/eldigitaldeasturias.com\/radio\/wp-json\/wp\/v2\/tags?post=3649"}],"curies":[{"name":"wp","href":"https:\/\/api.w.org\/{rel}","templated":true}]}}