{"id":3643,"date":"2019-12-02T04:15:03","date_gmt":"2019-12-02T04:15:03","guid":{"rendered":"http:\/\/www.eldigitaldeasturias.com\/radio\/?p=3643"},"modified":"2019-12-02T04:15:03","modified_gmt":"2019-12-02T04:15:03","slug":"pafercom-prosigue-su-expansion-incorporando-a-3-nuevos-franquiciados-en-su-red","status":"publish","type":"post","link":"https:\/\/eldigitaldeasturias.com\/radio\/pafercom-prosigue-su-expansion-incorporando-a-3-nuevos-franquiciados-en-su-red\/","title":{"rendered":"PAFERCOM prosigue su expansi\u00f3n incorporando a 3 nuevos franquiciados en su red"},"content":{"rendered":"<p><img fetchpriority=\"high\" decoding=\"async\" class=\"alignleft size-medium wp-image-3644\" src=\"http:\/\/www.eldigitaldeasturias.com\/radio\/wp-content\/uploads\/2019\/12\/1575016504_pafercom1-360x228.jpg\" alt=\"\" width=\"360\" height=\"228\" srcset=\"https:\/\/eldigitaldeasturias.com\/radio\/wp-content\/uploads\/2019\/12\/1575016504_pafercom1-360x228.jpg 360w, https:\/\/eldigitaldeasturias.com\/radio\/wp-content\/uploads\/2019\/12\/1575016504_pafercom1.jpg 710w\" sizes=\"(max-width: 360px) 100vw, 360px\" \/>PAFERCOM franquicia referente en el sector de las telecomunicaciones, anuncia la incorporaci\u00f3n de 3 nuevos franquiciados. Estos nuevos integrantes, uno en Castell\u00f3n y dos en Valencia se adhieren a los ya existentes en la misma Valencia y Badajoz, afianzan su red de franquiciados como delegados comerciales para seguir con la expansi\u00f3n nacional y poder cubrir todo el territorio nacional.<\/p>\n<p>La\u00a0<span style=\"color: #ff6600;\"><strong><a style=\"color: #ff6600;\" href=\"https:\/\/www.franquiciashoy.es\/franquicias\/franquicias-de-consultoria-y-asesoria\/servicios-de-consultoria\/pafercom\" target=\"_blank\" rel=\"nofollow noopener noreferrer\">franquicia PAFERCOM<\/a><\/strong><\/span>, aporta un valor diferencial al franquiciado, debido a que los servicios que estos ofrecen al cliente final, son gratuitos y esto les asegura una mayor facilidad a la hora de comercializar. Un servicio gratis, de calidad y que brinda un ahorro, se transforma en fidelizaci\u00f3n del cliente, puesto que aumentar\u00e1n sus beneficios sin ning\u00fan desembolso ni inversi\u00f3n. Los clientes fidelizados, gracias a los servicios de telecomunicaciones, tienen la posibilidad de ampliar su contrataci\u00f3n de servicios con ellos: energ\u00eda, protecci\u00f3n de datos, seguros y marketing online. Para ello, la central de PAFERCOM da una formaci\u00f3n completa e integral al franquiciado, tanto en toda la parte t\u00e9cnica, operativa y \u00e1reas de gesti\u00f3n.<\/p>\n<p>Junto a estos nuevos franquiciados, PAFERCOM tiene previsto seguir creciendo junto a una red de delegados comerciales que puedan ocupar todo el territorio nacional, ya que los servicios ofrecidos se hacen todav\u00eda m\u00e1s fuerte con el volumen de productividad que estos realizan. Debido a que suman m\u00e1s empresas que conf\u00edan en su marca y eso conlleva a un mayor n\u00famero de l\u00edneas gestionadas. Esto, consigue que PAFERCOM les aport\u00e9 mejores condiciones retributivas para todos sus franquiciados.<\/p>\n<p>Este m\u00e9todo revolucionario y totalmente testado se pone al servicio de futuros franquiciados, presentando un modelo de negocio, en el que no es necesario tener un establecimiento f\u00edsico, se gestiona f\u00e1cilmente y adem\u00e1s se caracteriza por una creciente demanda, que ayudan a la seguridad y el \u00e9xito de dicha franquicia.<\/p>\n<p>Gracias a\u00a0<strong>PAFERCOM<\/strong>, los franquiciados podr\u00e1n beneficiarse del prestigio de su imagen y marca, con una estructura de costes m\u00ednima que conlleva una mayor rentabilidad. Los franquiciados recibir\u00e1n una formaci\u00f3n completa por parte de la Central.<\/p>\n<p>Las personas interesadas en montar una franquicia\u00a0<strong>PAFERCOM<\/strong>, deber\u00e1n ser emprendedoras, entusiastas, con buena capacidad de comunicaci\u00f3n y grandes dotes comerciales. No es necesario contar con experiencia en el sector para poder desarrollar este negocio.<\/p>\n<p>Por \u00faltimo, destacar que\u00a0<strong>PAFERCOM<\/strong>, s\u00f3lo requiere para empezar como inversi\u00f3n inicial, el pago de un Canon de Entrada de 6.000\u20ac, que le da derecho a una correcta implantaci\u00f3n y desarrollo en su zona.<\/p>\n<p>&nbsp;<\/p>\n","protected":false},"excerpt":{"rendered":"<p>PAFERCOM franquicia referente en el sector de las telecomunicaciones, anuncia la incorporaci\u00f3n de 3 nuevos franquiciados. Estos nuevos integrantes, uno en Castell\u00f3n y dos en Valencia se adhieren a los ya existentes en la misma Valencia y Badajoz, afianzan su red de franquiciados como delegados comerciales para seguir con la expansi\u00f3n nacional y poder cubrir<\/p>\n","protected":false},"author":1,"featured_media":3644,"comment_status":"closed","ping_status":"closed","sticky":false,"template":"","format":"standard","meta":{"footnotes":""},"categories":[35],"tags":[],"class_list":{"0":"post-3643","1":"post","2":"type-post","3":"status-publish","4":"format-standard","5":"has-post-thumbnail","7":"category-negocios"},"aioseo_notices":[],"aioseo_head":"\n\t\t<!-- All in One SEO Pro 4.9.6.2 - aioseo.com -->\n\t<meta name=\"description\" content=\"PAFERCOM franquicia referente en el sector de las telecomunicaciones, anuncia la incorporaci\u00f3n de 3 nuevos franquiciados. Estos nuevos integrantes, uno en Castell\u00f3n y dos en Valencia se adhieren a los ya existentes en la misma Valencia y Badajoz, afianzan su red de franquiciados como delegados comerciales para seguir con la expansi\u00f3n nacional y poder cubrir\" \/>\n\t<meta name=\"robots\" content=\"max-image-preview:large\" \/>\n\t<meta name=\"author\" content=\"NBAsturias\"\/>\n\t<meta name=\"google-site-verification\" content=\"UA-38556648-1\" \/>\n\t<meta name=\"keywords\" content=\"negocios\" \/>\n\t<link rel=\"canonical\" href=\"https:\/\/eldigitaldeasturias.com\/radio\/pafercom-prosigue-su-expansion-incorporando-a-3-nuevos-franquiciados-en-su-red\/\" \/>\n\t<meta name=\"generator\" content=\"All in One SEO Pro (AIOSEO) 4.9.6.2\" \/>\n\t\t<meta property=\"og:locale\" content=\"es_ES\" \/>\n\t\t<meta property=\"og:site_name\" content=\"El Digital de Asturias | Diario de informaci\u00f3n y noticias\" \/>\n\t\t<meta property=\"og:type\" content=\"article\" \/>\n\t\t<meta property=\"og:title\" content=\"PAFERCOM prosigue su expansi\u00f3n incorporando a 3 nuevos franquiciados en su red | El Digital de Asturias\" \/>\n\t\t<meta property=\"og:description\" content=\"PAFERCOM franquicia referente en el sector de las telecomunicaciones, anuncia la incorporaci\u00f3n de 3 nuevos franquiciados. Estos nuevos integrantes, uno en Castell\u00f3n y dos en Valencia se adhieren a los ya existentes en la misma Valencia y Badajoz, afianzan su red de franquiciados como delegados comerciales para seguir con la expansi\u00f3n nacional y poder cubrir\" \/>\n\t\t<meta property=\"og:url\" content=\"https:\/\/eldigitaldeasturias.com\/radio\/pafercom-prosigue-su-expansion-incorporando-a-3-nuevos-franquiciados-en-su-red\/\" \/>\n\t\t<meta property=\"og:image\" content=\"https:\/\/eldigitaldeasturias.com\/radio\/wp-content\/uploads\/2019\/12\/1575016504_pafercom1.jpg\" \/>\n\t\t<meta property=\"og:image:secure_url\" content=\"https:\/\/eldigitaldeasturias.com\/radio\/wp-content\/uploads\/2019\/12\/1575016504_pafercom1.jpg\" \/>\n\t\t<meta property=\"og:image:width\" content=\"710\" \/>\n\t\t<meta property=\"og:image:height\" content=\"450\" \/>\n\t\t<meta property=\"article:published_time\" content=\"2019-12-02T04:15:03+00:00\" \/>\n\t\t<meta property=\"article:modified_time\" content=\"2019-12-02T04:15:03+00:00\" \/>\n\t\t<meta name=\"twitter:card\" content=\"summary_large_image\" \/>\n\t\t<meta name=\"twitter:site\" content=\"@bercodi\" \/>\n\t\t<meta name=\"twitter:title\" content=\"PAFERCOM prosigue su expansi\u00f3n incorporando a 3 nuevos franquiciados en su red | El Digital de Asturias\" \/>\n\t\t<meta name=\"twitter:description\" content=\"PAFERCOM franquicia referente en el sector de las telecomunicaciones, anuncia la incorporaci\u00f3n de 3 nuevos franquiciados. Estos nuevos integrantes, uno en Castell\u00f3n y dos en Valencia se adhieren a los ya existentes en la misma Valencia y Badajoz, afianzan su red de franquiciados como delegados comerciales para seguir con la expansi\u00f3n nacional y poder cubrir\" \/>\n\t\t<meta name=\"twitter:creator\" content=\"@bercodi\" \/>\n\t\t<meta name=\"twitter:image\" content=\"https:\/\/eldigitaldeasturias.com\/radio\/wp-content\/uploads\/2019\/12\/1575016504_pafercom1.jpg\" \/>\n\t\t<script type=\"application\/ld+json\" class=\"aioseo-schema\">\n\t\t\t{\"@context\":\"https:\\\/\\\/schema.org\",\"@graph\":[{\"@type\":\"BreadcrumbList\",\"@id\":\"https:\\\/\\\/eldigitaldeasturias.com\\\/radio\\\/pafercom-prosigue-su-expansion-incorporando-a-3-nuevos-franquiciados-en-su-red\\\/#breadcrumblist\",\"itemListElement\":[{\"@type\":\"ListItem\",\"@id\":\"https:\\\/\\\/eldigitaldeasturias.com\\\/radio#listItem\",\"position\":1,\"name\":\"Inicio\",\"item\":\"https:\\\/\\\/eldigitaldeasturias.com\\\/radio\",\"nextItem\":{\"@type\":\"ListItem\",\"@id\":\"https:\\\/\\\/eldigitaldeasturias.com\\\/radio\\\/category\\\/negocios\\\/#listItem\",\"name\":\"Negocios\"}},{\"@type\":\"ListItem\",\"@id\":\"https:\\\/\\\/eldigitaldeasturias.com\\\/radio\\\/category\\\/negocios\\\/#listItem\",\"position\":2,\"name\":\"Negocios\",\"item\":\"https:\\\/\\\/eldigitaldeasturias.com\\\/radio\\\/category\\\/negocios\\\/\",\"nextItem\":{\"@type\":\"ListItem\",\"@id\":\"https:\\\/\\\/eldigitaldeasturias.com\\\/radio\\\/pafercom-prosigue-su-expansion-incorporando-a-3-nuevos-franquiciados-en-su-red\\\/#listItem\",\"name\":\"PAFERCOM prosigue su expansi\\u00f3n incorporando a 3 nuevos franquiciados en su red\"},\"previousItem\":{\"@type\":\"ListItem\",\"@id\":\"https:\\\/\\\/eldigitaldeasturias.com\\\/radio#listItem\",\"name\":\"Inicio\"}},{\"@type\":\"ListItem\",\"@id\":\"https:\\\/\\\/eldigitaldeasturias.com\\\/radio\\\/pafercom-prosigue-su-expansion-incorporando-a-3-nuevos-franquiciados-en-su-red\\\/#listItem\",\"position\":3,\"name\":\"PAFERCOM prosigue su expansi\\u00f3n incorporando a 3 nuevos franquiciados en su red\",\"previousItem\":{\"@type\":\"ListItem\",\"@id\":\"https:\\\/\\\/eldigitaldeasturias.com\\\/radio\\\/category\\\/negocios\\\/#listItem\",\"name\":\"Negocios\"}}]},{\"@type\":\"NewsArticle\",\"@id\":\"https:\\\/\\\/eldigitaldeasturias.com\\\/radio\\\/pafercom-prosigue-su-expansion-incorporando-a-3-nuevos-franquiciados-en-su-red\\\/#newsarticle\",\"name\":\"PAFERCOM prosigue su expansi\\u00f3n incorporando a 3 nuevos franquiciados en su red | El Digital de Asturias\",\"headline\":\"PAFERCOM prosigue su expansi\\u00f3n incorporando a 3 nuevos franquiciados en su red\",\"author\":{\"@id\":\"https:\\\/\\\/eldigitaldeasturias.com\\\/radio\\\/author\\\/nbasturias\\\/#author\"},\"publisher\":{\"@id\":\"https:\\\/\\\/eldigitaldeasturias.com\\\/radio\\\/#organization\"},\"image\":{\"@type\":\"ImageObject\",\"url\":\"https:\\\/\\\/eldigitaldeasturias.com\\\/radio\\\/wp-content\\\/uploads\\\/2019\\\/12\\\/1575016504_pafercom1.jpg\",\"width\":710,\"height\":450},\"datePublished\":\"2019-12-02T04:15:03+01:00\",\"dateModified\":\"2019-12-02T04:15:03+01:00\",\"inLanguage\":\"es-ES\",\"mainEntityOfPage\":{\"@id\":\"https:\\\/\\\/eldigitaldeasturias.com\\\/radio\\\/pafercom-prosigue-su-expansion-incorporando-a-3-nuevos-franquiciados-en-su-red\\\/#webpage\"},\"isPartOf\":{\"@id\":\"https:\\\/\\\/eldigitaldeasturias.com\\\/radio\\\/pafercom-prosigue-su-expansion-incorporando-a-3-nuevos-franquiciados-en-su-red\\\/#webpage\"},\"articleSection\":\"Negocios\",\"dateline\":\"Publicado el diciembre 2, 2019.\"},{\"@type\":\"Organization\",\"@id\":\"https:\\\/\\\/eldigitaldeasturias.com\\\/radio\\\/#organization\",\"name\":\"El digital de Asturias Radio\",\"description\":\"Diario de informaci\\u00f3n y noticias\",\"url\":\"https:\\\/\\\/eldigitaldeasturias.com\\\/radio\\\/\",\"telephone\":\"+34652131393\",\"logo\":{\"@type\":\"ImageObject\",\"url\":\"https:\\\/\\\/www.eldigitaldeasturias.com\\\/radio\\\/wp-content\\\/uploads\\\/2021\\\/03\\\/EDA.jpg\",\"@id\":\"https:\\\/\\\/eldigitaldeasturias.com\\\/radio\\\/pafercom-prosigue-su-expansion-incorporando-a-3-nuevos-franquiciados-en-su-red\\\/#organizationLogo\"},\"image\":{\"@id\":\"https:\\\/\\\/eldigitaldeasturias.com\\\/radio\\\/pafercom-prosigue-su-expansion-incorporando-a-3-nuevos-franquiciados-en-su-red\\\/#organizationLogo\"},\"sameAs\":[\"https:\\\/\\\/www.facebook.com\\\/\",\"https:\\\/\\\/x.com\\\/bercodi\",\"https:\\\/\\\/www.instagram.com\\\/\",\"https:\\\/\\\/www.youtube.com\\\/channel\\\/UCZP-2wLEB9Rv6erhFmqVnvg\"]},{\"@type\":\"Person\",\"@id\":\"https:\\\/\\\/eldigitaldeasturias.com\\\/radio\\\/author\\\/nbasturias\\\/#author\",\"url\":\"https:\\\/\\\/eldigitaldeasturias.com\\\/radio\\\/author\\\/nbasturias\\\/\",\"name\":\"NBAsturias\",\"image\":{\"@type\":\"ImageObject\",\"@id\":\"https:\\\/\\\/eldigitaldeasturias.com\\\/radio\\\/pafercom-prosigue-su-expansion-incorporando-a-3-nuevos-franquiciados-en-su-red\\\/#authorImage\",\"url\":\"https:\\\/\\\/secure.gravatar.com\\\/avatar\\\/df2aeffc32bcd13f8d26072ef8a91b623d677766deac7f97ca815868cd41bf5e?s=96&d=mm&r=g\",\"width\":96,\"height\":96,\"caption\":\"NBAsturias\"}},{\"@type\":\"WebPage\",\"@id\":\"https:\\\/\\\/eldigitaldeasturias.com\\\/radio\\\/pafercom-prosigue-su-expansion-incorporando-a-3-nuevos-franquiciados-en-su-red\\\/#webpage\",\"url\":\"https:\\\/\\\/eldigitaldeasturias.com\\\/radio\\\/pafercom-prosigue-su-expansion-incorporando-a-3-nuevos-franquiciados-en-su-red\\\/\",\"name\":\"PAFERCOM prosigue su expansi\\u00f3n incorporando a 3 nuevos franquiciados en su red | El Digital de Asturias\",\"description\":\"PAFERCOM franquicia referente en el sector de las telecomunicaciones, anuncia la incorporaci\\u00f3n de 3 nuevos franquiciados. Estos nuevos integrantes, uno en Castell\\u00f3n y dos en Valencia se adhieren a los ya existentes en la misma Valencia y Badajoz, afianzan su red de franquiciados como delegados comerciales para seguir con la expansi\\u00f3n nacional y poder cubrir\",\"inLanguage\":\"es-ES\",\"isPartOf\":{\"@id\":\"https:\\\/\\\/eldigitaldeasturias.com\\\/radio\\\/#website\"},\"breadcrumb\":{\"@id\":\"https:\\\/\\\/eldigitaldeasturias.com\\\/radio\\\/pafercom-prosigue-su-expansion-incorporando-a-3-nuevos-franquiciados-en-su-red\\\/#breadcrumblist\"},\"author\":{\"@id\":\"https:\\\/\\\/eldigitaldeasturias.com\\\/radio\\\/author\\\/nbasturias\\\/#author\"},\"creator\":{\"@id\":\"https:\\\/\\\/eldigitaldeasturias.com\\\/radio\\\/author\\\/nbasturias\\\/#author\"},\"image\":{\"@type\":\"ImageObject\",\"url\":\"https:\\\/\\\/eldigitaldeasturias.com\\\/radio\\\/wp-content\\\/uploads\\\/2019\\\/12\\\/1575016504_pafercom1.jpg\",\"@id\":\"https:\\\/\\\/eldigitaldeasturias.com\\\/radio\\\/pafercom-prosigue-su-expansion-incorporando-a-3-nuevos-franquiciados-en-su-red\\\/#mainImage\",\"width\":710,\"height\":450},\"primaryImageOfPage\":{\"@id\":\"https:\\\/\\\/eldigitaldeasturias.com\\\/radio\\\/pafercom-prosigue-su-expansion-incorporando-a-3-nuevos-franquiciados-en-su-red\\\/#mainImage\"},\"datePublished\":\"2019-12-02T04:15:03+01:00\",\"dateModified\":\"2019-12-02T04:15:03+01:00\"},{\"@type\":\"WebSite\",\"@id\":\"https:\\\/\\\/eldigitaldeasturias.com\\\/radio\\\/#website\",\"url\":\"https:\\\/\\\/eldigitaldeasturias.com\\\/radio\\\/\",\"name\":\"El Digital de Asturias\",\"description\":\"Diario de informaci\\u00f3n y noticias\",\"inLanguage\":\"es-ES\",\"publisher\":{\"@id\":\"https:\\\/\\\/eldigitaldeasturias.com\\\/radio\\\/#organization\"}}]}\n\t\t<\/script>\n\t\t<!-- All in One SEO Pro -->\r\n\t\t<title>PAFERCOM prosigue su expansi\u00f3n incorporando a 3 nuevos franquiciados en su red | El Digital de Asturias<\/title>\n\n","aioseo_head_json":{"title":"PAFERCOM prosigue su expansi\u00f3n incorporando a 3 nuevos franquiciados en su red | El Digital de Asturias","description":"PAFERCOM franquicia referente en el sector de las telecomunicaciones, anuncia la incorporaci\u00f3n de 3 nuevos franquiciados. Estos nuevos integrantes, uno en Castell\u00f3n y dos en Valencia se adhieren a los ya existentes en la misma Valencia y Badajoz, afianzan su red de franquiciados como delegados comerciales para seguir con la expansi\u00f3n nacional y poder cubrir","canonical_url":"https:\/\/eldigitaldeasturias.com\/radio\/pafercom-prosigue-su-expansion-incorporando-a-3-nuevos-franquiciados-en-su-red\/","robots":"max-image-preview:large","keywords":"negocios","webmasterTools":{"google-site-verification":"UA-38556648-1","miscellaneous":""},"schema":{"@context":"https:\/\/schema.org","@graph":[{"@type":"BreadcrumbList","@id":"https:\/\/eldigitaldeasturias.com\/radio\/pafercom-prosigue-su-expansion-incorporando-a-3-nuevos-franquiciados-en-su-red\/#breadcrumblist","itemListElement":[{"@type":"ListItem","@id":"https:\/\/eldigitaldeasturias.com\/radio#listItem","position":1,"name":"Inicio","item":"https:\/\/eldigitaldeasturias.com\/radio","nextItem":{"@type":"ListItem","@id":"https:\/\/eldigitaldeasturias.com\/radio\/category\/negocios\/#listItem","name":"Negocios"}},{"@type":"ListItem","@id":"https:\/\/eldigitaldeasturias.com\/radio\/category\/negocios\/#listItem","position":2,"name":"Negocios","item":"https:\/\/eldigitaldeasturias.com\/radio\/category\/negocios\/","nextItem":{"@type":"ListItem","@id":"https:\/\/eldigitaldeasturias.com\/radio\/pafercom-prosigue-su-expansion-incorporando-a-3-nuevos-franquiciados-en-su-red\/#listItem","name":"PAFERCOM prosigue su expansi\u00f3n incorporando a 3 nuevos franquiciados en su red"},"previousItem":{"@type":"ListItem","@id":"https:\/\/eldigitaldeasturias.com\/radio#listItem","name":"Inicio"}},{"@type":"ListItem","@id":"https:\/\/eldigitaldeasturias.com\/radio\/pafercom-prosigue-su-expansion-incorporando-a-3-nuevos-franquiciados-en-su-red\/#listItem","position":3,"name":"PAFERCOM prosigue su expansi\u00f3n incorporando a 3 nuevos franquiciados en su red","previousItem":{"@type":"ListItem","@id":"https:\/\/eldigitaldeasturias.com\/radio\/category\/negocios\/#listItem","name":"Negocios"}}]},{"@type":"NewsArticle","@id":"https:\/\/eldigitaldeasturias.com\/radio\/pafercom-prosigue-su-expansion-incorporando-a-3-nuevos-franquiciados-en-su-red\/#newsarticle","name":"PAFERCOM prosigue su expansi\u00f3n incorporando a 3 nuevos franquiciados en su red | El Digital de Asturias","headline":"PAFERCOM prosigue su expansi\u00f3n incorporando a 3 nuevos franquiciados en su red","author":{"@id":"https:\/\/eldigitaldeasturias.com\/radio\/author\/nbasturias\/#author"},"publisher":{"@id":"https:\/\/eldigitaldeasturias.com\/radio\/#organization"},"image":{"@type":"ImageObject","url":"https:\/\/eldigitaldeasturias.com\/radio\/wp-content\/uploads\/2019\/12\/1575016504_pafercom1.jpg","width":710,"height":450},"datePublished":"2019-12-02T04:15:03+01:00","dateModified":"2019-12-02T04:15:03+01:00","inLanguage":"es-ES","mainEntityOfPage":{"@id":"https:\/\/eldigitaldeasturias.com\/radio\/pafercom-prosigue-su-expansion-incorporando-a-3-nuevos-franquiciados-en-su-red\/#webpage"},"isPartOf":{"@id":"https:\/\/eldigitaldeasturias.com\/radio\/pafercom-prosigue-su-expansion-incorporando-a-3-nuevos-franquiciados-en-su-red\/#webpage"},"articleSection":"Negocios","dateline":"Publicado el diciembre 2, 2019."},{"@type":"Organization","@id":"https:\/\/eldigitaldeasturias.com\/radio\/#organization","name":"El digital de Asturias Radio","description":"Diario de informaci\u00f3n y noticias","url":"https:\/\/eldigitaldeasturias.com\/radio\/","telephone":"+34652131393","logo":{"@type":"ImageObject","url":"https:\/\/www.eldigitaldeasturias.com\/radio\/wp-content\/uploads\/2021\/03\/EDA.jpg","@id":"https:\/\/eldigitaldeasturias.com\/radio\/pafercom-prosigue-su-expansion-incorporando-a-3-nuevos-franquiciados-en-su-red\/#organizationLogo"},"image":{"@id":"https:\/\/eldigitaldeasturias.com\/radio\/pafercom-prosigue-su-expansion-incorporando-a-3-nuevos-franquiciados-en-su-red\/#organizationLogo"},"sameAs":["https:\/\/www.facebook.com\/","https:\/\/x.com\/bercodi","https:\/\/www.instagram.com\/","https:\/\/www.youtube.com\/channel\/UCZP-2wLEB9Rv6erhFmqVnvg"]},{"@type":"Person","@id":"https:\/\/eldigitaldeasturias.com\/radio\/author\/nbasturias\/#author","url":"https:\/\/eldigitaldeasturias.com\/radio\/author\/nbasturias\/","name":"NBAsturias","image":{"@type":"ImageObject","@id":"https:\/\/eldigitaldeasturias.com\/radio\/pafercom-prosigue-su-expansion-incorporando-a-3-nuevos-franquiciados-en-su-red\/#authorImage","url":"https:\/\/secure.gravatar.com\/avatar\/df2aeffc32bcd13f8d26072ef8a91b623d677766deac7f97ca815868cd41bf5e?s=96&d=mm&r=g","width":96,"height":96,"caption":"NBAsturias"}},{"@type":"WebPage","@id":"https:\/\/eldigitaldeasturias.com\/radio\/pafercom-prosigue-su-expansion-incorporando-a-3-nuevos-franquiciados-en-su-red\/#webpage","url":"https:\/\/eldigitaldeasturias.com\/radio\/pafercom-prosigue-su-expansion-incorporando-a-3-nuevos-franquiciados-en-su-red\/","name":"PAFERCOM prosigue su expansi\u00f3n incorporando a 3 nuevos franquiciados en su red | El Digital de Asturias","description":"PAFERCOM franquicia referente en el sector de las telecomunicaciones, anuncia la incorporaci\u00f3n de 3 nuevos franquiciados. Estos nuevos integrantes, uno en Castell\u00f3n y dos en Valencia se adhieren a los ya existentes en la misma Valencia y Badajoz, afianzan su red de franquiciados como delegados comerciales para seguir con la expansi\u00f3n nacional y poder cubrir","inLanguage":"es-ES","isPartOf":{"@id":"https:\/\/eldigitaldeasturias.com\/radio\/#website"},"breadcrumb":{"@id":"https:\/\/eldigitaldeasturias.com\/radio\/pafercom-prosigue-su-expansion-incorporando-a-3-nuevos-franquiciados-en-su-red\/#breadcrumblist"},"author":{"@id":"https:\/\/eldigitaldeasturias.com\/radio\/author\/nbasturias\/#author"},"creator":{"@id":"https:\/\/eldigitaldeasturias.com\/radio\/author\/nbasturias\/#author"},"image":{"@type":"ImageObject","url":"https:\/\/eldigitaldeasturias.com\/radio\/wp-content\/uploads\/2019\/12\/1575016504_pafercom1.jpg","@id":"https:\/\/eldigitaldeasturias.com\/radio\/pafercom-prosigue-su-expansion-incorporando-a-3-nuevos-franquiciados-en-su-red\/#mainImage","width":710,"height":450},"primaryImageOfPage":{"@id":"https:\/\/eldigitaldeasturias.com\/radio\/pafercom-prosigue-su-expansion-incorporando-a-3-nuevos-franquiciados-en-su-red\/#mainImage"},"datePublished":"2019-12-02T04:15:03+01:00","dateModified":"2019-12-02T04:15:03+01:00"},{"@type":"WebSite","@id":"https:\/\/eldigitaldeasturias.com\/radio\/#website","url":"https:\/\/eldigitaldeasturias.com\/radio\/","name":"El Digital de Asturias","description":"Diario de informaci\u00f3n y noticias","inLanguage":"es-ES","publisher":{"@id":"https:\/\/eldigitaldeasturias.com\/radio\/#organization"}}]},"og:locale":"es_ES","og:site_name":"El Digital de Asturias | Diario de informaci\u00f3n y noticias","og:type":"article","og:title":"PAFERCOM prosigue su expansi\u00f3n incorporando a 3 nuevos franquiciados en su red | El Digital de Asturias","og:description":"PAFERCOM franquicia referente en el sector de las telecomunicaciones, anuncia la incorporaci\u00f3n de 3 nuevos franquiciados. Estos nuevos integrantes, uno en Castell\u00f3n y dos en Valencia se adhieren a los ya existentes en la misma Valencia y Badajoz, afianzan su red de franquiciados como delegados comerciales para seguir con la expansi\u00f3n nacional y poder cubrir","og:url":"https:\/\/eldigitaldeasturias.com\/radio\/pafercom-prosigue-su-expansion-incorporando-a-3-nuevos-franquiciados-en-su-red\/","og:image":"https:\/\/eldigitaldeasturias.com\/radio\/wp-content\/uploads\/2019\/12\/1575016504_pafercom1.jpg","og:image:secure_url":"https:\/\/eldigitaldeasturias.com\/radio\/wp-content\/uploads\/2019\/12\/1575016504_pafercom1.jpg","og:image:width":710,"og:image:height":450,"article:published_time":"2019-12-02T04:15:03+00:00","article:modified_time":"2019-12-02T04:15:03+00:00","twitter:card":"summary_large_image","twitter:site":"@bercodi","twitter:title":"PAFERCOM prosigue su expansi\u00f3n incorporando a 3 nuevos franquiciados en su red | El Digital de Asturias","twitter:description":"PAFERCOM franquicia referente en el sector de las telecomunicaciones, anuncia la incorporaci\u00f3n de 3 nuevos franquiciados. Estos nuevos integrantes, uno en Castell\u00f3n y dos en Valencia se adhieren a los ya existentes en la misma Valencia y Badajoz, afianzan su red de franquiciados como delegados comerciales para seguir con la expansi\u00f3n nacional y poder cubrir","twitter:creator":"@bercodi","twitter:image":"https:\/\/eldigitaldeasturias.com\/radio\/wp-content\/uploads\/2019\/12\/1575016504_pafercom1.jpg"},"aioseo_meta_data":{"post_id":"3643","title":null,"description":null,"keywords":null,"keyphrases":null,"primary_term":null,"canonical_url":null,"og_title":null,"og_description":null,"og_object_type":"default","og_image_type":"default","og_image_url":null,"og_image_width":null,"og_image_height":null,"og_image_custom_url":null,"og_image_custom_fields":null,"og_video":null,"og_custom_url":null,"og_article_section":null,"og_article_tags":null,"twitter_use_og":false,"twitter_card":"default","twitter_image_type":"default","twitter_image_url":null,"twitter_image_custom_url":null,"twitter_image_custom_fields":null,"twitter_title":null,"twitter_description":null,"schema":{"blockGraphs":[],"customGraphs":[],"default":{"data":{"Article":[],"Course":[],"Dataset":[],"FAQPage":[],"Movie":[],"Person":[],"Product":[],"ProductReview":[],"Car":[],"Recipe":[],"Service":[],"SoftwareApplication":[],"WebPage":[]},"graphName":"","isEnabled":true},"graphs":[],"defaultGraph":"","defaultPostTypeGraph":""},"schema_type":null,"schema_type_options":null,"pillar_content":false,"robots_default":true,"robots_noindex":false,"robots_noarchive":false,"robots_nosnippet":false,"robots_nofollow":false,"robots_noimageindex":false,"robots_noodp":false,"robots_notranslate":false,"robots_max_snippet":null,"robots_max_videopreview":null,"robots_max_imagepreview":"large","priority":null,"frequency":null,"location":null,"local_seo":null,"seo_analyzer_scan_date":"2025-08-28 14:34:28","breadcrumb_settings":null,"limit_modified_date":false,"open_ai":null,"ai":null,"created":"2021-03-25 20:42:52","updated":"2025-08-28 14:34:28"},"aioseo_breadcrumb":"<div class=\"aioseo-breadcrumbs\"><span class=\"aioseo-breadcrumb\">\n\t<a href=\"https:\/\/eldigitaldeasturias.com\/radio\" title=\"Inicio\">Inicio<\/a>\n<\/span><span class=\"aioseo-breadcrumb-separator\">&ndash;<\/span><span class=\"aioseo-breadcrumb\">\n\t<a href=\"https:\/\/eldigitaldeasturias.com\/radio\/category\/negocios\/\" title=\"Negocios\">Negocios<\/a>\n<\/span><span class=\"aioseo-breadcrumb-separator\">&ndash;<\/span><span class=\"aioseo-breadcrumb\">\n\tPAFERCOM prosigue su expansi\u00f3n incorporando a 3 nuevos franquiciados en su red\n<\/span><\/div>","aioseo_breadcrumb_json":[{"label":"Inicio","link":"https:\/\/eldigitaldeasturias.com\/radio"},{"label":"Negocios","link":"https:\/\/eldigitaldeasturias.com\/radio\/category\/negocios\/"},{"label":"PAFERCOM prosigue su expansi\u00f3n incorporando a 3 nuevos franquiciados en su red","link":"https:\/\/eldigitaldeasturias.com\/radio\/pafercom-prosigue-su-expansion-incorporando-a-3-nuevos-franquiciados-en-su-red\/"}],"_links":{"self":[{"href":"https:\/\/eldigitaldeasturias.com\/radio\/wp-json\/wp\/v2\/posts\/3643","targetHints":{"allow":["GET"]}}],"collection":[{"href":"https:\/\/eldigitaldeasturias.com\/radio\/wp-json\/wp\/v2\/posts"}],"about":[{"href":"https:\/\/eldigitaldeasturias.com\/radio\/wp-json\/wp\/v2\/types\/post"}],"author":[{"embeddable":true,"href":"https:\/\/eldigitaldeasturias.com\/radio\/wp-json\/wp\/v2\/users\/1"}],"replies":[{"embeddable":true,"href":"https:\/\/eldigitaldeasturias.com\/radio\/wp-json\/wp\/v2\/comments?post=3643"}],"version-history":[{"count":0,"href":"https:\/\/eldigitaldeasturias.com\/radio\/wp-json\/wp\/v2\/posts\/3643\/revisions"}],"wp:featuredmedia":[{"embeddable":true,"href":"https:\/\/eldigitaldeasturias.com\/radio\/wp-json\/wp\/v2\/media\/3644"}],"wp:attachment":[{"href":"https:\/\/eldigitaldeasturias.com\/radio\/wp-json\/wp\/v2\/media?parent=3643"}],"wp:term":[{"taxonomy":"category","embeddable":true,"href":"https:\/\/eldigitaldeasturias.com\/radio\/wp-json\/wp\/v2\/categories?post=3643"},{"taxonomy":"post_tag","embeddable":true,"href":"https:\/\/eldigitaldeasturias.com\/radio\/wp-json\/wp\/v2\/tags?post=3643"}],"curies":[{"name":"wp","href":"https:\/\/api.w.org\/{rel}","templated":true}]}}