{"id":3640,"date":"2019-12-02T04:09:53","date_gmt":"2019-12-02T04:09:53","guid":{"rendered":"http:\/\/www.eldigitaldeasturias.com\/radio\/?p=3640"},"modified":"2019-12-02T04:09:53","modified_gmt":"2019-12-02T04:09:53","slug":"we-are-knitters-gana-el-accesit-de-internacionalizacion-concedido-por-confederacion-de-jovenes-empresarios","status":"publish","type":"post","link":"https:\/\/eldigitaldeasturias.com\/radio\/we-are-knitters-gana-el-accesit-de-internacionalizacion-concedido-por-confederacion-de-jovenes-empresarios\/","title":{"rendered":"We Are Knitters gana el acc\u00e9sit de Internacionalizaci\u00f3n concedido por Confederaci\u00f3n de J\u00f3venes Empresarios"},"content":{"rendered":"<p><img fetchpriority=\"high\" decoding=\"async\" class=\"alignleft size-medium wp-image-3641\" src=\"http:\/\/www.eldigitaldeasturias.com\/radio\/wp-content\/uploads\/2019\/12\/1575015652_PREMIOS_CEAJE_2-360x270.jpg\" alt=\"\" width=\"360\" height=\"270\" srcset=\"https:\/\/eldigitaldeasturias.com\/radio\/wp-content\/uploads\/2019\/12\/1575015652_PREMIOS_CEAJE_2-360x270.jpg 360w, https:\/\/eldigitaldeasturias.com\/radio\/wp-content\/uploads\/2019\/12\/1575015652_PREMIOS_CEAJE_2-1024x768.jpg 1024w, https:\/\/eldigitaldeasturias.com\/radio\/wp-content\/uploads\/2019\/12\/1575015652_PREMIOS_CEAJE_2-768x576.jpg 768w, https:\/\/eldigitaldeasturias.com\/radio\/wp-content\/uploads\/2019\/12\/1575015652_PREMIOS_CEAJE_2-1536x1152.jpg 1536w, https:\/\/eldigitaldeasturias.com\/radio\/wp-content\/uploads\/2019\/12\/1575015652_PREMIOS_CEAJE_2.jpg 2048w\" sizes=\"(max-width: 360px) 100vw, 360px\" \/>We Are Knitters, la empresa l\u00edder de venta online de kits para tejer ha sido premiada por la Confederaci\u00f3n Espa\u00f1ola de J\u00f3venes Empresarios con el acc\u00e9sit en la categor\u00eda de Internacionalizaci\u00f3n gracias a su expansi\u00f3n fuera de Espa\u00f1a. El premio fue entregado y recogido por sus dos fundadores, Pepita Mar\u00edn y Alberto Bravo, dos j\u00f3venes empresarios menores de 30 a\u00f1os que dejaron sus trabajos para crear WAK. La ceremonia cont\u00f3 con m\u00e1s de 700 asistentes y se celebr\u00f3 en el Palacio de Cibeles, sede del Ayuntamiento de Madrid.<\/p>\n<p>\u201cSignifica mucho para nosotros este reconocimiento tras a\u00f1os de trabajo y esfuerzo. No podemos estar m\u00e1s agradecidos y seguiremos esforz\u00e1ndonos para continuar creciendo\u201d han explicado Pepita Mar\u00edn y Alberto Bravo, fundadores de We Are Knitters.<\/p>\n<p>Seis acc\u00e9sits fueron concedidos en distintas categor\u00edas como innovaci\u00f3n, internacionalizaci\u00f3n empresarial, relevo generacional, compromiso social, empresario iberoamericano y empresario aut\u00f3nomo. La entrega de estos galardones permite a Confederaci\u00f3n Espa\u00f1ola de J\u00f3venes Empresarios (CEAJE) destacar el \u00e9xito de trayectorias de otros j\u00f3venes empresarios en diferentes facetas y actividades del panorama nacional.<\/p>\n<h2><strong>Sobre We Are Knitters<\/strong><\/h2>\n<p>We Are Knitters es una marca que reinventa el concepto tradicional de tejer, haciendo que sea un concepto moderno adaptado a todo tipo de p\u00fablico. En su p\u00e1gina web (<span style=\"color: #ff6600;\"><a style=\"color: #ff6600;\" href=\"http:\/\/weareknitters.es\/\" target=\"_blank\" rel=\"nofollow noopener noreferrer\"><strong>weareknitters.es<\/strong><\/a><\/span>) se pueden encontrar kits de tejer, que incluyen todos los materiales necesarios: las agujas de madera de haya, los ovillos de fibras naturales, el patr\u00f3n, la agujita lanera y la etiqueta de We Are Knitters para coser a la prenda terminada. Se pueden encontrar kits para mujer, hombre, ni\u00f1os, decoraci\u00f3n y accesorios; y est\u00e1n disponibles para todos los niveles (principiante, f\u00e1cil, intermedio y avanzado). Tambi\u00e9n ofrecen kits de crochet y petit point.<\/p>\n<p>&nbsp;<\/p>\n","protected":false},"excerpt":{"rendered":"<p>We Are Knitters, la empresa l\u00edder de venta online de kits para tejer ha sido premiada por la Confederaci\u00f3n Espa\u00f1ola de J\u00f3venes Empresarios con el acc\u00e9sit en la categor\u00eda de Internacionalizaci\u00f3n gracias a su expansi\u00f3n fuera de Espa\u00f1a. El premio fue entregado y recogido por sus dos fundadores, Pepita Mar\u00edn y Alberto Bravo, dos j\u00f3venes<\/p>\n","protected":false},"author":1,"featured_media":3641,"comment_status":"closed","ping_status":"closed","sticky":false,"template":"","format":"standard","meta":{"footnotes":""},"categories":[35],"tags":[],"class_list":{"0":"post-3640","1":"post","2":"type-post","3":"status-publish","4":"format-standard","5":"has-post-thumbnail","7":"category-negocios"},"aioseo_notices":[],"aioseo_head":"\n\t\t<!-- All in One SEO Pro 4.9.6.2 - aioseo.com -->\n\t<meta name=\"description\" content=\"We Are Knitters, la empresa l\u00edder de venta online de kits para tejer ha sido premiada por la Confederaci\u00f3n Espa\u00f1ola de J\u00f3venes Empresarios con el acc\u00e9sit en la categor\u00eda de Internacionalizaci\u00f3n gracias a su expansi\u00f3n fuera de Espa\u00f1a. El premio fue entregado y recogido por sus dos fundadores, Pepita Mar\u00edn y Alberto Bravo, dos j\u00f3venes\" \/>\n\t<meta name=\"robots\" content=\"max-image-preview:large\" \/>\n\t<meta name=\"author\" content=\"NBAsturias\"\/>\n\t<meta name=\"google-site-verification\" content=\"UA-38556648-1\" \/>\n\t<meta name=\"keywords\" content=\"negocios\" \/>\n\t<link rel=\"canonical\" href=\"https:\/\/eldigitaldeasturias.com\/radio\/we-are-knitters-gana-el-accesit-de-internacionalizacion-concedido-por-confederacion-de-jovenes-empresarios\/\" \/>\n\t<meta name=\"generator\" content=\"All in One SEO Pro (AIOSEO) 4.9.6.2\" \/>\n\t\t<meta property=\"og:locale\" content=\"es_ES\" \/>\n\t\t<meta property=\"og:site_name\" content=\"El Digital de Asturias | Diario de informaci\u00f3n y noticias\" \/>\n\t\t<meta property=\"og:type\" content=\"article\" \/>\n\t\t<meta property=\"og:title\" content=\"We Are Knitters gana el acc\u00e9sit de Internacionalizaci\u00f3n concedido por Confederaci\u00f3n de J\u00f3venes Empresarios | El Digital de Asturias\" \/>\n\t\t<meta property=\"og:description\" content=\"We Are Knitters, la empresa l\u00edder de venta online de kits para tejer ha sido premiada por la Confederaci\u00f3n Espa\u00f1ola de J\u00f3venes Empresarios con el acc\u00e9sit en la categor\u00eda de Internacionalizaci\u00f3n gracias a su expansi\u00f3n fuera de Espa\u00f1a. El premio fue entregado y recogido por sus dos fundadores, Pepita Mar\u00edn y Alberto Bravo, dos j\u00f3venes\" \/>\n\t\t<meta property=\"og:url\" content=\"https:\/\/eldigitaldeasturias.com\/radio\/we-are-knitters-gana-el-accesit-de-internacionalizacion-concedido-por-confederacion-de-jovenes-empresarios\/\" \/>\n\t\t<meta property=\"og:image\" content=\"https:\/\/eldigitaldeasturias.com\/radio\/wp-content\/uploads\/2019\/12\/1575015652_PREMIOS_CEAJE_2.jpg\" \/>\n\t\t<meta property=\"og:image:secure_url\" content=\"https:\/\/eldigitaldeasturias.com\/radio\/wp-content\/uploads\/2019\/12\/1575015652_PREMIOS_CEAJE_2.jpg\" \/>\n\t\t<meta property=\"og:image:width\" content=\"2048\" \/>\n\t\t<meta property=\"og:image:height\" content=\"1536\" \/>\n\t\t<meta property=\"article:published_time\" content=\"2019-12-02T04:09:53+00:00\" \/>\n\t\t<meta property=\"article:modified_time\" content=\"2019-12-02T04:09:53+00:00\" \/>\n\t\t<meta name=\"twitter:card\" content=\"summary_large_image\" \/>\n\t\t<meta name=\"twitter:site\" content=\"@bercodi\" \/>\n\t\t<meta name=\"twitter:title\" content=\"We Are Knitters gana el acc\u00e9sit de Internacionalizaci\u00f3n concedido por Confederaci\u00f3n de J\u00f3venes Empresarios | El Digital de Asturias\" \/>\n\t\t<meta name=\"twitter:description\" content=\"We Are Knitters, la empresa l\u00edder de venta online de kits para tejer ha sido premiada por la Confederaci\u00f3n Espa\u00f1ola de J\u00f3venes Empresarios con el acc\u00e9sit en la categor\u00eda de Internacionalizaci\u00f3n gracias a su expansi\u00f3n fuera de Espa\u00f1a. El premio fue entregado y recogido por sus dos fundadores, Pepita Mar\u00edn y Alberto Bravo, dos j\u00f3venes\" \/>\n\t\t<meta name=\"twitter:creator\" content=\"@bercodi\" \/>\n\t\t<meta name=\"twitter:image\" content=\"https:\/\/eldigitaldeasturias.com\/radio\/wp-content\/uploads\/2019\/12\/1575015652_PREMIOS_CEAJE_2.jpg\" \/>\n\t\t<script type=\"application\/ld+json\" class=\"aioseo-schema\">\n\t\t\t{\"@context\":\"https:\\\/\\\/schema.org\",\"@graph\":[{\"@type\":\"BreadcrumbList\",\"@id\":\"https:\\\/\\\/eldigitaldeasturias.com\\\/radio\\\/we-are-knitters-gana-el-accesit-de-internacionalizacion-concedido-por-confederacion-de-jovenes-empresarios\\\/#breadcrumblist\",\"itemListElement\":[{\"@type\":\"ListItem\",\"@id\":\"https:\\\/\\\/eldigitaldeasturias.com\\\/radio#listItem\",\"position\":1,\"name\":\"Inicio\",\"item\":\"https:\\\/\\\/eldigitaldeasturias.com\\\/radio\",\"nextItem\":{\"@type\":\"ListItem\",\"@id\":\"https:\\\/\\\/eldigitaldeasturias.com\\\/radio\\\/category\\\/negocios\\\/#listItem\",\"name\":\"Negocios\"}},{\"@type\":\"ListItem\",\"@id\":\"https:\\\/\\\/eldigitaldeasturias.com\\\/radio\\\/category\\\/negocios\\\/#listItem\",\"position\":2,\"name\":\"Negocios\",\"item\":\"https:\\\/\\\/eldigitaldeasturias.com\\\/radio\\\/category\\\/negocios\\\/\",\"nextItem\":{\"@type\":\"ListItem\",\"@id\":\"https:\\\/\\\/eldigitaldeasturias.com\\\/radio\\\/we-are-knitters-gana-el-accesit-de-internacionalizacion-concedido-por-confederacion-de-jovenes-empresarios\\\/#listItem\",\"name\":\"We Are Knitters gana el acc\\u00e9sit de Internacionalizaci\\u00f3n concedido por Confederaci\\u00f3n de J\\u00f3venes Empresarios\"},\"previousItem\":{\"@type\":\"ListItem\",\"@id\":\"https:\\\/\\\/eldigitaldeasturias.com\\\/radio#listItem\",\"name\":\"Inicio\"}},{\"@type\":\"ListItem\",\"@id\":\"https:\\\/\\\/eldigitaldeasturias.com\\\/radio\\\/we-are-knitters-gana-el-accesit-de-internacionalizacion-concedido-por-confederacion-de-jovenes-empresarios\\\/#listItem\",\"position\":3,\"name\":\"We Are Knitters gana el acc\\u00e9sit de Internacionalizaci\\u00f3n concedido por Confederaci\\u00f3n de J\\u00f3venes Empresarios\",\"previousItem\":{\"@type\":\"ListItem\",\"@id\":\"https:\\\/\\\/eldigitaldeasturias.com\\\/radio\\\/category\\\/negocios\\\/#listItem\",\"name\":\"Negocios\"}}]},{\"@type\":\"NewsArticle\",\"@id\":\"https:\\\/\\\/eldigitaldeasturias.com\\\/radio\\\/we-are-knitters-gana-el-accesit-de-internacionalizacion-concedido-por-confederacion-de-jovenes-empresarios\\\/#newsarticle\",\"name\":\"We Are Knitters gana el acc\\u00e9sit de Internacionalizaci\\u00f3n concedido por Confederaci\\u00f3n de J\\u00f3venes Empresarios | El Digital de Asturias\",\"headline\":\"We Are Knitters gana el acc\\u00e9sit de Internacionalizaci\\u00f3n concedido por Confederaci\\u00f3n de J\\u00f3venes Empresarios\",\"author\":{\"@id\":\"https:\\\/\\\/eldigitaldeasturias.com\\\/radio\\\/author\\\/nbasturias\\\/#author\"},\"publisher\":{\"@id\":\"https:\\\/\\\/eldigitaldeasturias.com\\\/radio\\\/#organization\"},\"image\":{\"@type\":\"ImageObject\",\"url\":\"https:\\\/\\\/eldigitaldeasturias.com\\\/radio\\\/wp-content\\\/uploads\\\/2019\\\/12\\\/1575015652_PREMIOS_CEAJE_2.jpg\",\"width\":2048,\"height\":1536},\"datePublished\":\"2019-12-02T04:09:53+01:00\",\"dateModified\":\"2019-12-02T04:09:53+01:00\",\"inLanguage\":\"es-ES\",\"mainEntityOfPage\":{\"@id\":\"https:\\\/\\\/eldigitaldeasturias.com\\\/radio\\\/we-are-knitters-gana-el-accesit-de-internacionalizacion-concedido-por-confederacion-de-jovenes-empresarios\\\/#webpage\"},\"isPartOf\":{\"@id\":\"https:\\\/\\\/eldigitaldeasturias.com\\\/radio\\\/we-are-knitters-gana-el-accesit-de-internacionalizacion-concedido-por-confederacion-de-jovenes-empresarios\\\/#webpage\"},\"articleSection\":\"Negocios\",\"dateline\":\"Publicado el diciembre 2, 2019.\"},{\"@type\":\"Organization\",\"@id\":\"https:\\\/\\\/eldigitaldeasturias.com\\\/radio\\\/#organization\",\"name\":\"El digital de Asturias Radio\",\"description\":\"Diario de informaci\\u00f3n y noticias\",\"url\":\"https:\\\/\\\/eldigitaldeasturias.com\\\/radio\\\/\",\"telephone\":\"+34652131393\",\"logo\":{\"@type\":\"ImageObject\",\"url\":\"https:\\\/\\\/www.eldigitaldeasturias.com\\\/radio\\\/wp-content\\\/uploads\\\/2021\\\/03\\\/EDA.jpg\",\"@id\":\"https:\\\/\\\/eldigitaldeasturias.com\\\/radio\\\/we-are-knitters-gana-el-accesit-de-internacionalizacion-concedido-por-confederacion-de-jovenes-empresarios\\\/#organizationLogo\"},\"image\":{\"@id\":\"https:\\\/\\\/eldigitaldeasturias.com\\\/radio\\\/we-are-knitters-gana-el-accesit-de-internacionalizacion-concedido-por-confederacion-de-jovenes-empresarios\\\/#organizationLogo\"},\"sameAs\":[\"https:\\\/\\\/www.facebook.com\\\/\",\"https:\\\/\\\/x.com\\\/bercodi\",\"https:\\\/\\\/www.instagram.com\\\/\",\"https:\\\/\\\/www.youtube.com\\\/channel\\\/UCZP-2wLEB9Rv6erhFmqVnvg\"]},{\"@type\":\"Person\",\"@id\":\"https:\\\/\\\/eldigitaldeasturias.com\\\/radio\\\/author\\\/nbasturias\\\/#author\",\"url\":\"https:\\\/\\\/eldigitaldeasturias.com\\\/radio\\\/author\\\/nbasturias\\\/\",\"name\":\"NBAsturias\",\"image\":{\"@type\":\"ImageObject\",\"@id\":\"https:\\\/\\\/eldigitaldeasturias.com\\\/radio\\\/we-are-knitters-gana-el-accesit-de-internacionalizacion-concedido-por-confederacion-de-jovenes-empresarios\\\/#authorImage\",\"url\":\"https:\\\/\\\/secure.gravatar.com\\\/avatar\\\/df2aeffc32bcd13f8d26072ef8a91b623d677766deac7f97ca815868cd41bf5e?s=96&d=mm&r=g\",\"width\":96,\"height\":96,\"caption\":\"NBAsturias\"}},{\"@type\":\"WebPage\",\"@id\":\"https:\\\/\\\/eldigitaldeasturias.com\\\/radio\\\/we-are-knitters-gana-el-accesit-de-internacionalizacion-concedido-por-confederacion-de-jovenes-empresarios\\\/#webpage\",\"url\":\"https:\\\/\\\/eldigitaldeasturias.com\\\/radio\\\/we-are-knitters-gana-el-accesit-de-internacionalizacion-concedido-por-confederacion-de-jovenes-empresarios\\\/\",\"name\":\"We Are Knitters gana el acc\\u00e9sit de Internacionalizaci\\u00f3n concedido por Confederaci\\u00f3n de J\\u00f3venes Empresarios | El Digital de Asturias\",\"description\":\"We Are Knitters, la empresa l\\u00edder de venta online de kits para tejer ha sido premiada por la Confederaci\\u00f3n Espa\\u00f1ola de J\\u00f3venes Empresarios con el acc\\u00e9sit en la categor\\u00eda de Internacionalizaci\\u00f3n gracias a su expansi\\u00f3n fuera de Espa\\u00f1a. El premio fue entregado y recogido por sus dos fundadores, Pepita Mar\\u00edn y Alberto Bravo, dos j\\u00f3venes\",\"inLanguage\":\"es-ES\",\"isPartOf\":{\"@id\":\"https:\\\/\\\/eldigitaldeasturias.com\\\/radio\\\/#website\"},\"breadcrumb\":{\"@id\":\"https:\\\/\\\/eldigitaldeasturias.com\\\/radio\\\/we-are-knitters-gana-el-accesit-de-internacionalizacion-concedido-por-confederacion-de-jovenes-empresarios\\\/#breadcrumblist\"},\"author\":{\"@id\":\"https:\\\/\\\/eldigitaldeasturias.com\\\/radio\\\/author\\\/nbasturias\\\/#author\"},\"creator\":{\"@id\":\"https:\\\/\\\/eldigitaldeasturias.com\\\/radio\\\/author\\\/nbasturias\\\/#author\"},\"image\":{\"@type\":\"ImageObject\",\"url\":\"https:\\\/\\\/eldigitaldeasturias.com\\\/radio\\\/wp-content\\\/uploads\\\/2019\\\/12\\\/1575015652_PREMIOS_CEAJE_2.jpg\",\"@id\":\"https:\\\/\\\/eldigitaldeasturias.com\\\/radio\\\/we-are-knitters-gana-el-accesit-de-internacionalizacion-concedido-por-confederacion-de-jovenes-empresarios\\\/#mainImage\",\"width\":2048,\"height\":1536},\"primaryImageOfPage\":{\"@id\":\"https:\\\/\\\/eldigitaldeasturias.com\\\/radio\\\/we-are-knitters-gana-el-accesit-de-internacionalizacion-concedido-por-confederacion-de-jovenes-empresarios\\\/#mainImage\"},\"datePublished\":\"2019-12-02T04:09:53+01:00\",\"dateModified\":\"2019-12-02T04:09:53+01:00\"},{\"@type\":\"WebSite\",\"@id\":\"https:\\\/\\\/eldigitaldeasturias.com\\\/radio\\\/#website\",\"url\":\"https:\\\/\\\/eldigitaldeasturias.com\\\/radio\\\/\",\"name\":\"El Digital de Asturias\",\"description\":\"Diario de informaci\\u00f3n y noticias\",\"inLanguage\":\"es-ES\",\"publisher\":{\"@id\":\"https:\\\/\\\/eldigitaldeasturias.com\\\/radio\\\/#organization\"}}]}\n\t\t<\/script>\n\t\t<!-- All in One SEO Pro -->\r\n\t\t<title>We Are Knitters gana el acc\u00e9sit de Internacionalizaci\u00f3n concedido por Confederaci\u00f3n de J\u00f3venes Empresarios | El Digital de Asturias<\/title>\n\n","aioseo_head_json":{"title":"We Are Knitters gana el acc\u00e9sit de Internacionalizaci\u00f3n concedido por Confederaci\u00f3n de J\u00f3venes Empresarios | El Digital de Asturias","description":"We Are Knitters, la empresa l\u00edder de venta online de kits para tejer ha sido premiada por la Confederaci\u00f3n Espa\u00f1ola de J\u00f3venes Empresarios con el acc\u00e9sit en la categor\u00eda de Internacionalizaci\u00f3n gracias a su expansi\u00f3n fuera de Espa\u00f1a. El premio fue entregado y recogido por sus dos fundadores, Pepita Mar\u00edn y Alberto Bravo, dos j\u00f3venes","canonical_url":"https:\/\/eldigitaldeasturias.com\/radio\/we-are-knitters-gana-el-accesit-de-internacionalizacion-concedido-por-confederacion-de-jovenes-empresarios\/","robots":"max-image-preview:large","keywords":"negocios","webmasterTools":{"google-site-verification":"UA-38556648-1","miscellaneous":""},"schema":{"@context":"https:\/\/schema.org","@graph":[{"@type":"BreadcrumbList","@id":"https:\/\/eldigitaldeasturias.com\/radio\/we-are-knitters-gana-el-accesit-de-internacionalizacion-concedido-por-confederacion-de-jovenes-empresarios\/#breadcrumblist","itemListElement":[{"@type":"ListItem","@id":"https:\/\/eldigitaldeasturias.com\/radio#listItem","position":1,"name":"Inicio","item":"https:\/\/eldigitaldeasturias.com\/radio","nextItem":{"@type":"ListItem","@id":"https:\/\/eldigitaldeasturias.com\/radio\/category\/negocios\/#listItem","name":"Negocios"}},{"@type":"ListItem","@id":"https:\/\/eldigitaldeasturias.com\/radio\/category\/negocios\/#listItem","position":2,"name":"Negocios","item":"https:\/\/eldigitaldeasturias.com\/radio\/category\/negocios\/","nextItem":{"@type":"ListItem","@id":"https:\/\/eldigitaldeasturias.com\/radio\/we-are-knitters-gana-el-accesit-de-internacionalizacion-concedido-por-confederacion-de-jovenes-empresarios\/#listItem","name":"We Are Knitters gana el acc\u00e9sit de Internacionalizaci\u00f3n concedido por Confederaci\u00f3n de J\u00f3venes Empresarios"},"previousItem":{"@type":"ListItem","@id":"https:\/\/eldigitaldeasturias.com\/radio#listItem","name":"Inicio"}},{"@type":"ListItem","@id":"https:\/\/eldigitaldeasturias.com\/radio\/we-are-knitters-gana-el-accesit-de-internacionalizacion-concedido-por-confederacion-de-jovenes-empresarios\/#listItem","position":3,"name":"We Are Knitters gana el acc\u00e9sit de Internacionalizaci\u00f3n concedido por Confederaci\u00f3n de J\u00f3venes Empresarios","previousItem":{"@type":"ListItem","@id":"https:\/\/eldigitaldeasturias.com\/radio\/category\/negocios\/#listItem","name":"Negocios"}}]},{"@type":"NewsArticle","@id":"https:\/\/eldigitaldeasturias.com\/radio\/we-are-knitters-gana-el-accesit-de-internacionalizacion-concedido-por-confederacion-de-jovenes-empresarios\/#newsarticle","name":"We Are Knitters gana el acc\u00e9sit de Internacionalizaci\u00f3n concedido por Confederaci\u00f3n de J\u00f3venes Empresarios | El Digital de Asturias","headline":"We Are Knitters gana el acc\u00e9sit de Internacionalizaci\u00f3n concedido por Confederaci\u00f3n de J\u00f3venes Empresarios","author":{"@id":"https:\/\/eldigitaldeasturias.com\/radio\/author\/nbasturias\/#author"},"publisher":{"@id":"https:\/\/eldigitaldeasturias.com\/radio\/#organization"},"image":{"@type":"ImageObject","url":"https:\/\/eldigitaldeasturias.com\/radio\/wp-content\/uploads\/2019\/12\/1575015652_PREMIOS_CEAJE_2.jpg","width":2048,"height":1536},"datePublished":"2019-12-02T04:09:53+01:00","dateModified":"2019-12-02T04:09:53+01:00","inLanguage":"es-ES","mainEntityOfPage":{"@id":"https:\/\/eldigitaldeasturias.com\/radio\/we-are-knitters-gana-el-accesit-de-internacionalizacion-concedido-por-confederacion-de-jovenes-empresarios\/#webpage"},"isPartOf":{"@id":"https:\/\/eldigitaldeasturias.com\/radio\/we-are-knitters-gana-el-accesit-de-internacionalizacion-concedido-por-confederacion-de-jovenes-empresarios\/#webpage"},"articleSection":"Negocios","dateline":"Publicado el diciembre 2, 2019."},{"@type":"Organization","@id":"https:\/\/eldigitaldeasturias.com\/radio\/#organization","name":"El digital de Asturias Radio","description":"Diario de informaci\u00f3n y noticias","url":"https:\/\/eldigitaldeasturias.com\/radio\/","telephone":"+34652131393","logo":{"@type":"ImageObject","url":"https:\/\/www.eldigitaldeasturias.com\/radio\/wp-content\/uploads\/2021\/03\/EDA.jpg","@id":"https:\/\/eldigitaldeasturias.com\/radio\/we-are-knitters-gana-el-accesit-de-internacionalizacion-concedido-por-confederacion-de-jovenes-empresarios\/#organizationLogo"},"image":{"@id":"https:\/\/eldigitaldeasturias.com\/radio\/we-are-knitters-gana-el-accesit-de-internacionalizacion-concedido-por-confederacion-de-jovenes-empresarios\/#organizationLogo"},"sameAs":["https:\/\/www.facebook.com\/","https:\/\/x.com\/bercodi","https:\/\/www.instagram.com\/","https:\/\/www.youtube.com\/channel\/UCZP-2wLEB9Rv6erhFmqVnvg"]},{"@type":"Person","@id":"https:\/\/eldigitaldeasturias.com\/radio\/author\/nbasturias\/#author","url":"https:\/\/eldigitaldeasturias.com\/radio\/author\/nbasturias\/","name":"NBAsturias","image":{"@type":"ImageObject","@id":"https:\/\/eldigitaldeasturias.com\/radio\/we-are-knitters-gana-el-accesit-de-internacionalizacion-concedido-por-confederacion-de-jovenes-empresarios\/#authorImage","url":"https:\/\/secure.gravatar.com\/avatar\/df2aeffc32bcd13f8d26072ef8a91b623d677766deac7f97ca815868cd41bf5e?s=96&d=mm&r=g","width":96,"height":96,"caption":"NBAsturias"}},{"@type":"WebPage","@id":"https:\/\/eldigitaldeasturias.com\/radio\/we-are-knitters-gana-el-accesit-de-internacionalizacion-concedido-por-confederacion-de-jovenes-empresarios\/#webpage","url":"https:\/\/eldigitaldeasturias.com\/radio\/we-are-knitters-gana-el-accesit-de-internacionalizacion-concedido-por-confederacion-de-jovenes-empresarios\/","name":"We Are Knitters gana el acc\u00e9sit de Internacionalizaci\u00f3n concedido por Confederaci\u00f3n de J\u00f3venes Empresarios | El Digital de Asturias","description":"We Are Knitters, la empresa l\u00edder de venta online de kits para tejer ha sido premiada por la Confederaci\u00f3n Espa\u00f1ola de J\u00f3venes Empresarios con el acc\u00e9sit en la categor\u00eda de Internacionalizaci\u00f3n gracias a su expansi\u00f3n fuera de Espa\u00f1a. El premio fue entregado y recogido por sus dos fundadores, Pepita Mar\u00edn y Alberto Bravo, dos j\u00f3venes","inLanguage":"es-ES","isPartOf":{"@id":"https:\/\/eldigitaldeasturias.com\/radio\/#website"},"breadcrumb":{"@id":"https:\/\/eldigitaldeasturias.com\/radio\/we-are-knitters-gana-el-accesit-de-internacionalizacion-concedido-por-confederacion-de-jovenes-empresarios\/#breadcrumblist"},"author":{"@id":"https:\/\/eldigitaldeasturias.com\/radio\/author\/nbasturias\/#author"},"creator":{"@id":"https:\/\/eldigitaldeasturias.com\/radio\/author\/nbasturias\/#author"},"image":{"@type":"ImageObject","url":"https:\/\/eldigitaldeasturias.com\/radio\/wp-content\/uploads\/2019\/12\/1575015652_PREMIOS_CEAJE_2.jpg","@id":"https:\/\/eldigitaldeasturias.com\/radio\/we-are-knitters-gana-el-accesit-de-internacionalizacion-concedido-por-confederacion-de-jovenes-empresarios\/#mainImage","width":2048,"height":1536},"primaryImageOfPage":{"@id":"https:\/\/eldigitaldeasturias.com\/radio\/we-are-knitters-gana-el-accesit-de-internacionalizacion-concedido-por-confederacion-de-jovenes-empresarios\/#mainImage"},"datePublished":"2019-12-02T04:09:53+01:00","dateModified":"2019-12-02T04:09:53+01:00"},{"@type":"WebSite","@id":"https:\/\/eldigitaldeasturias.com\/radio\/#website","url":"https:\/\/eldigitaldeasturias.com\/radio\/","name":"El Digital de Asturias","description":"Diario de informaci\u00f3n y noticias","inLanguage":"es-ES","publisher":{"@id":"https:\/\/eldigitaldeasturias.com\/radio\/#organization"}}]},"og:locale":"es_ES","og:site_name":"El Digital de Asturias | Diario de informaci\u00f3n y noticias","og:type":"article","og:title":"We Are Knitters gana el acc\u00e9sit de Internacionalizaci\u00f3n concedido por Confederaci\u00f3n de J\u00f3venes Empresarios | El Digital de Asturias","og:description":"We Are Knitters, la empresa l\u00edder de venta online de kits para tejer ha sido premiada por la Confederaci\u00f3n Espa\u00f1ola de J\u00f3venes Empresarios con el acc\u00e9sit en la categor\u00eda de Internacionalizaci\u00f3n gracias a su expansi\u00f3n fuera de Espa\u00f1a. El premio fue entregado y recogido por sus dos fundadores, Pepita Mar\u00edn y Alberto Bravo, dos j\u00f3venes","og:url":"https:\/\/eldigitaldeasturias.com\/radio\/we-are-knitters-gana-el-accesit-de-internacionalizacion-concedido-por-confederacion-de-jovenes-empresarios\/","og:image":"https:\/\/eldigitaldeasturias.com\/radio\/wp-content\/uploads\/2019\/12\/1575015652_PREMIOS_CEAJE_2.jpg","og:image:secure_url":"https:\/\/eldigitaldeasturias.com\/radio\/wp-content\/uploads\/2019\/12\/1575015652_PREMIOS_CEAJE_2.jpg","og:image:width":2048,"og:image:height":1536,"article:published_time":"2019-12-02T04:09:53+00:00","article:modified_time":"2019-12-02T04:09:53+00:00","twitter:card":"summary_large_image","twitter:site":"@bercodi","twitter:title":"We Are Knitters gana el acc\u00e9sit de Internacionalizaci\u00f3n concedido por Confederaci\u00f3n de J\u00f3venes Empresarios | El Digital de Asturias","twitter:description":"We Are Knitters, la empresa l\u00edder de venta online de kits para tejer ha sido premiada por la Confederaci\u00f3n Espa\u00f1ola de J\u00f3venes Empresarios con el acc\u00e9sit en la categor\u00eda de Internacionalizaci\u00f3n gracias a su expansi\u00f3n fuera de Espa\u00f1a. El premio fue entregado y recogido por sus dos fundadores, Pepita Mar\u00edn y Alberto Bravo, dos j\u00f3venes","twitter:creator":"@bercodi","twitter:image":"https:\/\/eldigitaldeasturias.com\/radio\/wp-content\/uploads\/2019\/12\/1575015652_PREMIOS_CEAJE_2.jpg"},"aioseo_meta_data":{"post_id":"3640","title":null,"description":null,"keywords":null,"keyphrases":null,"primary_term":null,"canonical_url":null,"og_title":null,"og_description":null,"og_object_type":"default","og_image_type":"default","og_image_url":null,"og_image_width":null,"og_image_height":null,"og_image_custom_url":null,"og_image_custom_fields":null,"og_video":null,"og_custom_url":null,"og_article_section":null,"og_article_tags":null,"twitter_use_og":false,"twitter_card":"default","twitter_image_type":"default","twitter_image_url":null,"twitter_image_custom_url":null,"twitter_image_custom_fields":null,"twitter_title":null,"twitter_description":null,"schema":{"blockGraphs":[],"customGraphs":[],"default":{"data":{"Article":[],"Course":[],"Dataset":[],"FAQPage":[],"Movie":[],"Person":[],"Product":[],"ProductReview":[],"Car":[],"Recipe":[],"Service":[],"SoftwareApplication":[],"WebPage":[]},"graphName":"","isEnabled":true},"graphs":[],"defaultGraph":"","defaultPostTypeGraph":""},"schema_type":null,"schema_type_options":null,"pillar_content":false,"robots_default":true,"robots_noindex":false,"robots_noarchive":false,"robots_nosnippet":false,"robots_nofollow":false,"robots_noimageindex":false,"robots_noodp":false,"robots_notranslate":false,"robots_max_snippet":null,"robots_max_videopreview":null,"robots_max_imagepreview":"large","priority":null,"frequency":null,"location":null,"local_seo":null,"seo_analyzer_scan_date":"2025-08-28 14:34:27","breadcrumb_settings":null,"limit_modified_date":false,"open_ai":null,"ai":null,"created":"2021-03-25 20:45:53","updated":"2025-08-28 14:34:27"},"aioseo_breadcrumb":"<div class=\"aioseo-breadcrumbs\"><span class=\"aioseo-breadcrumb\">\n\t<a href=\"https:\/\/eldigitaldeasturias.com\/radio\" title=\"Inicio\">Inicio<\/a>\n<\/span><span class=\"aioseo-breadcrumb-separator\">&ndash;<\/span><span class=\"aioseo-breadcrumb\">\n\t<a href=\"https:\/\/eldigitaldeasturias.com\/radio\/category\/negocios\/\" title=\"Negocios\">Negocios<\/a>\n<\/span><span class=\"aioseo-breadcrumb-separator\">&ndash;<\/span><span class=\"aioseo-breadcrumb\">\n\tWe Are Knitters gana el acc\u00e9sit de Internacionalizaci\u00f3n concedido por Confederaci\u00f3n de J\u00f3venes Empresarios\n<\/span><\/div>","aioseo_breadcrumb_json":[{"label":"Inicio","link":"https:\/\/eldigitaldeasturias.com\/radio"},{"label":"Negocios","link":"https:\/\/eldigitaldeasturias.com\/radio\/category\/negocios\/"},{"label":"We Are Knitters gana el acc\u00e9sit de Internacionalizaci\u00f3n concedido por Confederaci\u00f3n de J\u00f3venes Empresarios","link":"https:\/\/eldigitaldeasturias.com\/radio\/we-are-knitters-gana-el-accesit-de-internacionalizacion-concedido-por-confederacion-de-jovenes-empresarios\/"}],"_links":{"self":[{"href":"https:\/\/eldigitaldeasturias.com\/radio\/wp-json\/wp\/v2\/posts\/3640","targetHints":{"allow":["GET"]}}],"collection":[{"href":"https:\/\/eldigitaldeasturias.com\/radio\/wp-json\/wp\/v2\/posts"}],"about":[{"href":"https:\/\/eldigitaldeasturias.com\/radio\/wp-json\/wp\/v2\/types\/post"}],"author":[{"embeddable":true,"href":"https:\/\/eldigitaldeasturias.com\/radio\/wp-json\/wp\/v2\/users\/1"}],"replies":[{"embeddable":true,"href":"https:\/\/eldigitaldeasturias.com\/radio\/wp-json\/wp\/v2\/comments?post=3640"}],"version-history":[{"count":0,"href":"https:\/\/eldigitaldeasturias.com\/radio\/wp-json\/wp\/v2\/posts\/3640\/revisions"}],"wp:featuredmedia":[{"embeddable":true,"href":"https:\/\/eldigitaldeasturias.com\/radio\/wp-json\/wp\/v2\/media\/3641"}],"wp:attachment":[{"href":"https:\/\/eldigitaldeasturias.com\/radio\/wp-json\/wp\/v2\/media?parent=3640"}],"wp:term":[{"taxonomy":"category","embeddable":true,"href":"https:\/\/eldigitaldeasturias.com\/radio\/wp-json\/wp\/v2\/categories?post=3640"},{"taxonomy":"post_tag","embeddable":true,"href":"https:\/\/eldigitaldeasturias.com\/radio\/wp-json\/wp\/v2\/tags?post=3640"}],"curies":[{"name":"wp","href":"https:\/\/api.w.org\/{rel}","templated":true}]}}