{"id":3637,"date":"2019-12-02T04:03:08","date_gmt":"2019-12-02T04:03:08","guid":{"rendered":"http:\/\/www.eldigitaldeasturias.com\/radio\/?p=3637"},"modified":"2019-12-02T04:03:08","modified_gmt":"2019-12-02T04:03:08","slug":"magno-y-su-nuevo-single-dame-una-oportunidad","status":"publish","type":"post","link":"https:\/\/eldigitaldeasturias.com\/radio\/magno-y-su-nuevo-single-dame-una-oportunidad\/","title":{"rendered":"Magno y su nuevo single \u00abDame una oportunidad\u00bb"},"content":{"rendered":"<p>La historia de este joven artista madrile\u00f1o viene marcada por numerosas situaciones extremas. Durante su rebelde adolescencia, se vio envuelto en problemas con las drogas y la justicia. Nada hac\u00eda pensar que de ah\u00ed resurgiera un exitoso compositor, de ideas claras y luz propia.<\/p>\n<p><iframe src=\"https:\/\/www.youtube.com\/embed\/61nIfBrollg\" width=\"650\" height=\"398\" frameborder=\"0\" allowfullscreen=\"allowfullscreen\"><span data-mce-type=\"bookmark\" style=\"display: inline-block; width: 0px; overflow: hidden; line-height: 0;\" class=\"mce_SELRES_start\">\ufeff<\/span><\/iframe><\/p>\n<p>Tras unos video y unas canciones que resultaron ser \u00e9xitos en redes sociales este fen\u00f3meno viral y artista urbano llam\u00f3 la atenci\u00f3n a una discogr\u00e1fica y fich\u00f3 para Warner haciendo de \u00e9l un producto menos urbano y m\u00e1s Mainstream. Surgieron de esa \u00e9poca, varios proyectos musicales en los que el cantante no se sent\u00eda completamente identificado. Su periodo de introspecci\u00f3n, as\u00ed como su raz\u00f3n art\u00edstica dieron, en sus comienzos, lugar a un periodo de \u00e9xito y de euforia, que le llev\u00f3 a una profunda b\u00fasqueda real de su esencia.<\/p>\n<p>Hace un par a\u00f1os, tras sufrir un accidente con fuego en el cual casi pierde la vida, el artista decidi\u00f3 dar un giro de 180 grados; un cambio radical a su m\u00fasica y a su vida. El personaje \u201cMagic Magno\u201d qued\u00f3 atr\u00e1s para dar paso a la persona real, de carne y hueso, libre y sin dobleces,\u00a0reapareciendo bajo las siglas de su propio nombre \u201cAIR Magno\u201d con el deseo de convertirse en un referente de superaci\u00f3n, evoluci\u00f3n y positividad. Deporte, salud, alegr\u00eda, motivaci\u00f3n, amor son algunos de los ingredientes que este joven ha metido en la coctelera de la que salen temas originales, de mensajes reales y sinceros.<\/p>\n<p>Apoyado en sus propias vivencias como fuente de inspiraci\u00f3n, ser\u00eda dif\u00edcil encasillar a este artista en un solo estilo de m\u00fasica, que con ra\u00edces urbanas, sorprende ahora con sonidos de pop-rock atemporal. Air Magno se mueve como pez en el agua mientras pasa de un g\u00e9nero a otro, pero siempre fiel a su propio instinto que no necesita seguir ninguna corriente.<\/p>\n<p>Su capacidad para transmitir ha hecho que el nuevo \u201cAir Magno\u201d est\u00e9 cre\u00e1ndose un hueco dentro del sector que parec\u00eda que ning\u00fan artista hab\u00eda conseguido llenar. Con este cambio que marca un antes y un despu\u00e9s, su carrera no ha parado de crecer. La acogida que recibe tanto de sus fieles como de sus nuevos seguidores contin\u00faa generando millones de visitas, eventos deportivos, proyectos sociales, etc.\u00a0su mensaje de cambio y compromiso est\u00e1 m\u00e1s fuerte que nunca y no parece que esto tenga freno.<\/p>\n<p>Canciones como \u201cLo m\u00edo no es normal\u201d, \u201cVivo\u201d o \u201cTodo puede pasar\u201d, servir\u00e1n de herramienta para muchos j\u00f3venes y no tan j\u00f3venes, encontrando en ellas una ayuda para superar obst\u00e1culos.<\/p>\n<p>Con su nuevo tema \u201cDame una oportunidad\u201d bajo la producci\u00f3n de Nerso, mezclado y masterizado en los estudios OCG Sound. A tan solo unos d\u00edas de su reciente lanzamiento, el pasado 11 de Octubre de 2019, esta canci\u00f3n de amor atemporal que se aleja del g\u00e9nero urbano al que se est\u00e1 acostumbrado verle, se ha colado entre las playlist de Spotify m\u00e1s potentes del panorama nacional. Se trata de un proyecto m\u00e1s purista, con un sonido pop rock de los de toda la vida con una bater\u00eda presente y sin complejos. Sus letras son desenfadadas pero contundentes, y reflejan el cotidiano cercano del que todo el mundo puede sentirse identificado. Pura energ\u00eda que no dejar\u00e1\u00a0indiferente a nadie.<\/p>\n<p>El videoclip oficial ha sido dirigido y producido por el equipo de SBR Audiovisual.<\/p>\n<p>Su nueva propuesta \u00abLlagas en el coraz\u00f3n\u00bb con fecha de lanzamiento de este pasado 22 de Noviembre trae un sabor m\u00e1s urbano mel\u00f3dico.<\/p>\n<p><span style=\"color: #ff6600;\"><a style=\"color: #ff6600;\" href=\"https:\/\/www.youtube.com\/watch?v=61nIfBrollg\" target=\"_blank\" rel=\"nofollow noopener noreferrer\"><strong>Youtube<\/strong><\/a><\/span><br \/>\n<span style=\"color: #ff6600;\"><strong><a style=\"color: #ff6600;\" href=\"https:\/\/open.spotify.com\/artist\/1lhouf62e5nnvFhbjwLU3j?si=2kVQRQi0TtGogL6_dziefw\" target=\"_blank\" rel=\"nofollow noopener noreferrer\">Spotify<\/a><\/strong><\/span><\/p>\n","protected":false},"excerpt":{"rendered":"<p>La historia de este joven artista madrile\u00f1o viene marcada por numerosas situaciones extremas. Durante su rebelde adolescencia, se vio envuelto en problemas con las drogas y la justicia. Nada hac\u00eda pensar que de ah\u00ed resurgiera un exitoso compositor, de ideas claras y luz propia. \ufeff Tras unos video y unas canciones que resultaron ser \u00e9xitos<\/p>\n","protected":false},"author":1,"featured_media":3638,"comment_status":"closed","ping_status":"closed","sticky":false,"template":"","format":"standard","meta":{"footnotes":""},"categories":[1],"tags":[],"class_list":{"0":"post-3637","1":"post","2":"type-post","3":"status-publish","4":"format-standard","5":"has-post-thumbnail","7":"category-noticias"},"aioseo_notices":[],"aioseo_head":"\n\t\t<!-- All in One SEO Pro 4.9.6.2 - aioseo.com -->\n\t<meta name=\"description\" content=\"La historia de este joven artista madrile\u00f1o viene marcada por numerosas situaciones extremas. Durante su rebelde adolescencia, se vio envuelto en problemas con las drogas y la justicia. Nada hac\u00eda pensar que de ah\u00ed resurgiera un exitoso compositor, de ideas claras y luz propia. \ufeff Tras unos video y unas canciones que resultaron ser \u00e9xitos\" \/>\n\t<meta name=\"robots\" content=\"max-image-preview:large\" \/>\n\t<meta name=\"author\" content=\"NBAsturias\"\/>\n\t<meta name=\"google-site-verification\" content=\"UA-38556648-1\" \/>\n\t<meta name=\"keywords\" content=\"noticias\" \/>\n\t<link rel=\"canonical\" href=\"https:\/\/eldigitaldeasturias.com\/radio\/magno-y-su-nuevo-single-dame-una-oportunidad\/\" \/>\n\t<meta name=\"generator\" content=\"All in One SEO Pro (AIOSEO) 4.9.6.2\" \/>\n\t\t<meta property=\"og:locale\" content=\"es_ES\" \/>\n\t\t<meta property=\"og:site_name\" content=\"El Digital de Asturias | Diario de informaci\u00f3n y noticias\" \/>\n\t\t<meta property=\"og:type\" content=\"article\" \/>\n\t\t<meta property=\"og:title\" content=\"Magno y su nuevo single \u00abDame una oportunidad\u00bb | El Digital de Asturias\" \/>\n\t\t<meta property=\"og:description\" content=\"La historia de este joven artista madrile\u00f1o viene marcada por numerosas situaciones extremas. Durante su rebelde adolescencia, se vio envuelto en problemas con las drogas y la justicia. Nada hac\u00eda pensar que de ah\u00ed resurgiera un exitoso compositor, de ideas claras y luz propia. \ufeff Tras unos video y unas canciones que resultaron ser \u00e9xitos\" \/>\n\t\t<meta property=\"og:url\" content=\"https:\/\/eldigitaldeasturias.com\/radio\/magno-y-su-nuevo-single-dame-una-oportunidad\/\" \/>\n\t\t<meta property=\"og:image\" content=\"https:\/\/eldigitaldeasturias.com\/radio\/wp-content\/uploads\/2019\/12\/1573204633_DAME_UNA_OPORTUNIDAD_medium.jpg\" \/>\n\t\t<meta property=\"og:image:secure_url\" content=\"https:\/\/eldigitaldeasturias.com\/radio\/wp-content\/uploads\/2019\/12\/1573204633_DAME_UNA_OPORTUNIDAD_medium.jpg\" \/>\n\t\t<meta property=\"og:image:width\" content=\"1400\" \/>\n\t\t<meta property=\"og:image:height\" content=\"1400\" \/>\n\t\t<meta property=\"article:published_time\" content=\"2019-12-02T04:03:08+00:00\" \/>\n\t\t<meta property=\"article:modified_time\" content=\"2019-12-02T04:03:08+00:00\" \/>\n\t\t<meta name=\"twitter:card\" content=\"summary_large_image\" \/>\n\t\t<meta name=\"twitter:site\" content=\"@bercodi\" \/>\n\t\t<meta name=\"twitter:title\" content=\"Magno y su nuevo single \u00abDame una oportunidad\u00bb | El Digital de Asturias\" \/>\n\t\t<meta name=\"twitter:description\" content=\"La historia de este joven artista madrile\u00f1o viene marcada por numerosas situaciones extremas. Durante su rebelde adolescencia, se vio envuelto en problemas con las drogas y la justicia. Nada hac\u00eda pensar que de ah\u00ed resurgiera un exitoso compositor, de ideas claras y luz propia. \ufeff Tras unos video y unas canciones que resultaron ser \u00e9xitos\" \/>\n\t\t<meta name=\"twitter:creator\" content=\"@bercodi\" \/>\n\t\t<meta name=\"twitter:image\" content=\"https:\/\/eldigitaldeasturias.com\/radio\/wp-content\/uploads\/2019\/12\/1573204633_DAME_UNA_OPORTUNIDAD_medium.jpg\" \/>\n\t\t<script type=\"application\/ld+json\" class=\"aioseo-schema\">\n\t\t\t{\"@context\":\"https:\\\/\\\/schema.org\",\"@graph\":[{\"@type\":\"BreadcrumbList\",\"@id\":\"https:\\\/\\\/eldigitaldeasturias.com\\\/radio\\\/magno-y-su-nuevo-single-dame-una-oportunidad\\\/#breadcrumblist\",\"itemListElement\":[{\"@type\":\"ListItem\",\"@id\":\"https:\\\/\\\/eldigitaldeasturias.com\\\/radio#listItem\",\"position\":1,\"name\":\"Inicio\",\"item\":\"https:\\\/\\\/eldigitaldeasturias.com\\\/radio\",\"nextItem\":{\"@type\":\"ListItem\",\"@id\":\"https:\\\/\\\/eldigitaldeasturias.com\\\/radio\\\/category\\\/noticias\\\/#listItem\",\"name\":\"Noticias\"}},{\"@type\":\"ListItem\",\"@id\":\"https:\\\/\\\/eldigitaldeasturias.com\\\/radio\\\/category\\\/noticias\\\/#listItem\",\"position\":2,\"name\":\"Noticias\",\"item\":\"https:\\\/\\\/eldigitaldeasturias.com\\\/radio\\\/category\\\/noticias\\\/\",\"nextItem\":{\"@type\":\"ListItem\",\"@id\":\"https:\\\/\\\/eldigitaldeasturias.com\\\/radio\\\/magno-y-su-nuevo-single-dame-una-oportunidad\\\/#listItem\",\"name\":\"Magno y su nuevo single \\u00abDame una oportunidad\\u00bb\"},\"previousItem\":{\"@type\":\"ListItem\",\"@id\":\"https:\\\/\\\/eldigitaldeasturias.com\\\/radio#listItem\",\"name\":\"Inicio\"}},{\"@type\":\"ListItem\",\"@id\":\"https:\\\/\\\/eldigitaldeasturias.com\\\/radio\\\/magno-y-su-nuevo-single-dame-una-oportunidad\\\/#listItem\",\"position\":3,\"name\":\"Magno y su nuevo single \\u00abDame una oportunidad\\u00bb\",\"previousItem\":{\"@type\":\"ListItem\",\"@id\":\"https:\\\/\\\/eldigitaldeasturias.com\\\/radio\\\/category\\\/noticias\\\/#listItem\",\"name\":\"Noticias\"}}]},{\"@type\":\"NewsArticle\",\"@id\":\"https:\\\/\\\/eldigitaldeasturias.com\\\/radio\\\/magno-y-su-nuevo-single-dame-una-oportunidad\\\/#newsarticle\",\"name\":\"Magno y su nuevo single \\u00abDame una oportunidad\\u00bb | El Digital de Asturias\",\"headline\":\"Magno y su nuevo single \\u00abDame una oportunidad\\u00bb\",\"author\":{\"@id\":\"https:\\\/\\\/eldigitaldeasturias.com\\\/radio\\\/author\\\/nbasturias\\\/#author\"},\"publisher\":{\"@id\":\"https:\\\/\\\/eldigitaldeasturias.com\\\/radio\\\/#organization\"},\"image\":{\"@type\":\"ImageObject\",\"url\":\"https:\\\/\\\/eldigitaldeasturias.com\\\/radio\\\/wp-content\\\/uploads\\\/2019\\\/12\\\/1573204633_DAME_UNA_OPORTUNIDAD_medium.jpg\",\"width\":1400,\"height\":1400},\"datePublished\":\"2019-12-02T04:03:08+01:00\",\"dateModified\":\"2019-12-02T04:03:08+01:00\",\"inLanguage\":\"es-ES\",\"mainEntityOfPage\":{\"@id\":\"https:\\\/\\\/eldigitaldeasturias.com\\\/radio\\\/magno-y-su-nuevo-single-dame-una-oportunidad\\\/#webpage\"},\"isPartOf\":{\"@id\":\"https:\\\/\\\/eldigitaldeasturias.com\\\/radio\\\/magno-y-su-nuevo-single-dame-una-oportunidad\\\/#webpage\"},\"articleSection\":\"Noticias\",\"dateline\":\"Publicado el diciembre 2, 2019.\"},{\"@type\":\"Organization\",\"@id\":\"https:\\\/\\\/eldigitaldeasturias.com\\\/radio\\\/#organization\",\"name\":\"El digital de Asturias Radio\",\"description\":\"Diario de informaci\\u00f3n y noticias\",\"url\":\"https:\\\/\\\/eldigitaldeasturias.com\\\/radio\\\/\",\"telephone\":\"+34652131393\",\"logo\":{\"@type\":\"ImageObject\",\"url\":\"https:\\\/\\\/www.eldigitaldeasturias.com\\\/radio\\\/wp-content\\\/uploads\\\/2021\\\/03\\\/EDA.jpg\",\"@id\":\"https:\\\/\\\/eldigitaldeasturias.com\\\/radio\\\/magno-y-su-nuevo-single-dame-una-oportunidad\\\/#organizationLogo\"},\"image\":{\"@id\":\"https:\\\/\\\/eldigitaldeasturias.com\\\/radio\\\/magno-y-su-nuevo-single-dame-una-oportunidad\\\/#organizationLogo\"},\"sameAs\":[\"https:\\\/\\\/www.facebook.com\\\/\",\"https:\\\/\\\/x.com\\\/bercodi\",\"https:\\\/\\\/www.instagram.com\\\/\",\"https:\\\/\\\/www.youtube.com\\\/channel\\\/UCZP-2wLEB9Rv6erhFmqVnvg\"]},{\"@type\":\"Person\",\"@id\":\"https:\\\/\\\/eldigitaldeasturias.com\\\/radio\\\/author\\\/nbasturias\\\/#author\",\"url\":\"https:\\\/\\\/eldigitaldeasturias.com\\\/radio\\\/author\\\/nbasturias\\\/\",\"name\":\"NBAsturias\",\"image\":{\"@type\":\"ImageObject\",\"@id\":\"https:\\\/\\\/eldigitaldeasturias.com\\\/radio\\\/magno-y-su-nuevo-single-dame-una-oportunidad\\\/#authorImage\",\"url\":\"https:\\\/\\\/secure.gravatar.com\\\/avatar\\\/df2aeffc32bcd13f8d26072ef8a91b623d677766deac7f97ca815868cd41bf5e?s=96&d=mm&r=g\",\"width\":96,\"height\":96,\"caption\":\"NBAsturias\"}},{\"@type\":\"WebPage\",\"@id\":\"https:\\\/\\\/eldigitaldeasturias.com\\\/radio\\\/magno-y-su-nuevo-single-dame-una-oportunidad\\\/#webpage\",\"url\":\"https:\\\/\\\/eldigitaldeasturias.com\\\/radio\\\/magno-y-su-nuevo-single-dame-una-oportunidad\\\/\",\"name\":\"Magno y su nuevo single \\u00abDame una oportunidad\\u00bb | El Digital de Asturias\",\"description\":\"La historia de este joven artista madrile\\u00f1o viene marcada por numerosas situaciones extremas. Durante su rebelde adolescencia, se vio envuelto en problemas con las drogas y la justicia. Nada hac\\u00eda pensar que de ah\\u00ed resurgiera un exitoso compositor, de ideas claras y luz propia. \\ufeff Tras unos video y unas canciones que resultaron ser \\u00e9xitos\",\"inLanguage\":\"es-ES\",\"isPartOf\":{\"@id\":\"https:\\\/\\\/eldigitaldeasturias.com\\\/radio\\\/#website\"},\"breadcrumb\":{\"@id\":\"https:\\\/\\\/eldigitaldeasturias.com\\\/radio\\\/magno-y-su-nuevo-single-dame-una-oportunidad\\\/#breadcrumblist\"},\"author\":{\"@id\":\"https:\\\/\\\/eldigitaldeasturias.com\\\/radio\\\/author\\\/nbasturias\\\/#author\"},\"creator\":{\"@id\":\"https:\\\/\\\/eldigitaldeasturias.com\\\/radio\\\/author\\\/nbasturias\\\/#author\"},\"image\":{\"@type\":\"ImageObject\",\"url\":\"https:\\\/\\\/eldigitaldeasturias.com\\\/radio\\\/wp-content\\\/uploads\\\/2019\\\/12\\\/1573204633_DAME_UNA_OPORTUNIDAD_medium.jpg\",\"@id\":\"https:\\\/\\\/eldigitaldeasturias.com\\\/radio\\\/magno-y-su-nuevo-single-dame-una-oportunidad\\\/#mainImage\",\"width\":1400,\"height\":1400},\"primaryImageOfPage\":{\"@id\":\"https:\\\/\\\/eldigitaldeasturias.com\\\/radio\\\/magno-y-su-nuevo-single-dame-una-oportunidad\\\/#mainImage\"},\"datePublished\":\"2019-12-02T04:03:08+01:00\",\"dateModified\":\"2019-12-02T04:03:08+01:00\"},{\"@type\":\"WebSite\",\"@id\":\"https:\\\/\\\/eldigitaldeasturias.com\\\/radio\\\/#website\",\"url\":\"https:\\\/\\\/eldigitaldeasturias.com\\\/radio\\\/\",\"name\":\"El Digital de Asturias\",\"description\":\"Diario de informaci\\u00f3n y noticias\",\"inLanguage\":\"es-ES\",\"publisher\":{\"@id\":\"https:\\\/\\\/eldigitaldeasturias.com\\\/radio\\\/#organization\"}}]}\n\t\t<\/script>\n\t\t<!-- All in One SEO Pro -->\r\n\t\t<title>Magno y su nuevo single \u00abDame una oportunidad\u00bb | El Digital de Asturias<\/title>\n\n","aioseo_head_json":{"title":"Magno y su nuevo single \u00abDame una oportunidad\u00bb | El Digital de Asturias","description":"La historia de este joven artista madrile\u00f1o viene marcada por numerosas situaciones extremas. Durante su rebelde adolescencia, se vio envuelto en problemas con las drogas y la justicia. Nada hac\u00eda pensar que de ah\u00ed resurgiera un exitoso compositor, de ideas claras y luz propia. \ufeff Tras unos video y unas canciones que resultaron ser \u00e9xitos","canonical_url":"https:\/\/eldigitaldeasturias.com\/radio\/magno-y-su-nuevo-single-dame-una-oportunidad\/","robots":"max-image-preview:large","keywords":"noticias","webmasterTools":{"google-site-verification":"UA-38556648-1","miscellaneous":""},"schema":{"@context":"https:\/\/schema.org","@graph":[{"@type":"BreadcrumbList","@id":"https:\/\/eldigitaldeasturias.com\/radio\/magno-y-su-nuevo-single-dame-una-oportunidad\/#breadcrumblist","itemListElement":[{"@type":"ListItem","@id":"https:\/\/eldigitaldeasturias.com\/radio#listItem","position":1,"name":"Inicio","item":"https:\/\/eldigitaldeasturias.com\/radio","nextItem":{"@type":"ListItem","@id":"https:\/\/eldigitaldeasturias.com\/radio\/category\/noticias\/#listItem","name":"Noticias"}},{"@type":"ListItem","@id":"https:\/\/eldigitaldeasturias.com\/radio\/category\/noticias\/#listItem","position":2,"name":"Noticias","item":"https:\/\/eldigitaldeasturias.com\/radio\/category\/noticias\/","nextItem":{"@type":"ListItem","@id":"https:\/\/eldigitaldeasturias.com\/radio\/magno-y-su-nuevo-single-dame-una-oportunidad\/#listItem","name":"Magno y su nuevo single \u00abDame una oportunidad\u00bb"},"previousItem":{"@type":"ListItem","@id":"https:\/\/eldigitaldeasturias.com\/radio#listItem","name":"Inicio"}},{"@type":"ListItem","@id":"https:\/\/eldigitaldeasturias.com\/radio\/magno-y-su-nuevo-single-dame-una-oportunidad\/#listItem","position":3,"name":"Magno y su nuevo single \u00abDame una oportunidad\u00bb","previousItem":{"@type":"ListItem","@id":"https:\/\/eldigitaldeasturias.com\/radio\/category\/noticias\/#listItem","name":"Noticias"}}]},{"@type":"NewsArticle","@id":"https:\/\/eldigitaldeasturias.com\/radio\/magno-y-su-nuevo-single-dame-una-oportunidad\/#newsarticle","name":"Magno y su nuevo single \u00abDame una oportunidad\u00bb | El Digital de Asturias","headline":"Magno y su nuevo single \u00abDame una oportunidad\u00bb","author":{"@id":"https:\/\/eldigitaldeasturias.com\/radio\/author\/nbasturias\/#author"},"publisher":{"@id":"https:\/\/eldigitaldeasturias.com\/radio\/#organization"},"image":{"@type":"ImageObject","url":"https:\/\/eldigitaldeasturias.com\/radio\/wp-content\/uploads\/2019\/12\/1573204633_DAME_UNA_OPORTUNIDAD_medium.jpg","width":1400,"height":1400},"datePublished":"2019-12-02T04:03:08+01:00","dateModified":"2019-12-02T04:03:08+01:00","inLanguage":"es-ES","mainEntityOfPage":{"@id":"https:\/\/eldigitaldeasturias.com\/radio\/magno-y-su-nuevo-single-dame-una-oportunidad\/#webpage"},"isPartOf":{"@id":"https:\/\/eldigitaldeasturias.com\/radio\/magno-y-su-nuevo-single-dame-una-oportunidad\/#webpage"},"articleSection":"Noticias","dateline":"Publicado el diciembre 2, 2019."},{"@type":"Organization","@id":"https:\/\/eldigitaldeasturias.com\/radio\/#organization","name":"El digital de Asturias Radio","description":"Diario de informaci\u00f3n y noticias","url":"https:\/\/eldigitaldeasturias.com\/radio\/","telephone":"+34652131393","logo":{"@type":"ImageObject","url":"https:\/\/www.eldigitaldeasturias.com\/radio\/wp-content\/uploads\/2021\/03\/EDA.jpg","@id":"https:\/\/eldigitaldeasturias.com\/radio\/magno-y-su-nuevo-single-dame-una-oportunidad\/#organizationLogo"},"image":{"@id":"https:\/\/eldigitaldeasturias.com\/radio\/magno-y-su-nuevo-single-dame-una-oportunidad\/#organizationLogo"},"sameAs":["https:\/\/www.facebook.com\/","https:\/\/x.com\/bercodi","https:\/\/www.instagram.com\/","https:\/\/www.youtube.com\/channel\/UCZP-2wLEB9Rv6erhFmqVnvg"]},{"@type":"Person","@id":"https:\/\/eldigitaldeasturias.com\/radio\/author\/nbasturias\/#author","url":"https:\/\/eldigitaldeasturias.com\/radio\/author\/nbasturias\/","name":"NBAsturias","image":{"@type":"ImageObject","@id":"https:\/\/eldigitaldeasturias.com\/radio\/magno-y-su-nuevo-single-dame-una-oportunidad\/#authorImage","url":"https:\/\/secure.gravatar.com\/avatar\/df2aeffc32bcd13f8d26072ef8a91b623d677766deac7f97ca815868cd41bf5e?s=96&d=mm&r=g","width":96,"height":96,"caption":"NBAsturias"}},{"@type":"WebPage","@id":"https:\/\/eldigitaldeasturias.com\/radio\/magno-y-su-nuevo-single-dame-una-oportunidad\/#webpage","url":"https:\/\/eldigitaldeasturias.com\/radio\/magno-y-su-nuevo-single-dame-una-oportunidad\/","name":"Magno y su nuevo single \u00abDame una oportunidad\u00bb | El Digital de Asturias","description":"La historia de este joven artista madrile\u00f1o viene marcada por numerosas situaciones extremas. Durante su rebelde adolescencia, se vio envuelto en problemas con las drogas y la justicia. Nada hac\u00eda pensar que de ah\u00ed resurgiera un exitoso compositor, de ideas claras y luz propia. \ufeff Tras unos video y unas canciones que resultaron ser \u00e9xitos","inLanguage":"es-ES","isPartOf":{"@id":"https:\/\/eldigitaldeasturias.com\/radio\/#website"},"breadcrumb":{"@id":"https:\/\/eldigitaldeasturias.com\/radio\/magno-y-su-nuevo-single-dame-una-oportunidad\/#breadcrumblist"},"author":{"@id":"https:\/\/eldigitaldeasturias.com\/radio\/author\/nbasturias\/#author"},"creator":{"@id":"https:\/\/eldigitaldeasturias.com\/radio\/author\/nbasturias\/#author"},"image":{"@type":"ImageObject","url":"https:\/\/eldigitaldeasturias.com\/radio\/wp-content\/uploads\/2019\/12\/1573204633_DAME_UNA_OPORTUNIDAD_medium.jpg","@id":"https:\/\/eldigitaldeasturias.com\/radio\/magno-y-su-nuevo-single-dame-una-oportunidad\/#mainImage","width":1400,"height":1400},"primaryImageOfPage":{"@id":"https:\/\/eldigitaldeasturias.com\/radio\/magno-y-su-nuevo-single-dame-una-oportunidad\/#mainImage"},"datePublished":"2019-12-02T04:03:08+01:00","dateModified":"2019-12-02T04:03:08+01:00"},{"@type":"WebSite","@id":"https:\/\/eldigitaldeasturias.com\/radio\/#website","url":"https:\/\/eldigitaldeasturias.com\/radio\/","name":"El Digital de Asturias","description":"Diario de informaci\u00f3n y noticias","inLanguage":"es-ES","publisher":{"@id":"https:\/\/eldigitaldeasturias.com\/radio\/#organization"}}]},"og:locale":"es_ES","og:site_name":"El Digital de Asturias | Diario de informaci\u00f3n y noticias","og:type":"article","og:title":"Magno y su nuevo single \u00abDame una oportunidad\u00bb | El Digital de Asturias","og:description":"La historia de este joven artista madrile\u00f1o viene marcada por numerosas situaciones extremas. Durante su rebelde adolescencia, se vio envuelto en problemas con las drogas y la justicia. Nada hac\u00eda pensar que de ah\u00ed resurgiera un exitoso compositor, de ideas claras y luz propia. \ufeff Tras unos video y unas canciones que resultaron ser \u00e9xitos","og:url":"https:\/\/eldigitaldeasturias.com\/radio\/magno-y-su-nuevo-single-dame-una-oportunidad\/","og:image":"https:\/\/eldigitaldeasturias.com\/radio\/wp-content\/uploads\/2019\/12\/1573204633_DAME_UNA_OPORTUNIDAD_medium.jpg","og:image:secure_url":"https:\/\/eldigitaldeasturias.com\/radio\/wp-content\/uploads\/2019\/12\/1573204633_DAME_UNA_OPORTUNIDAD_medium.jpg","og:image:width":1400,"og:image:height":1400,"article:published_time":"2019-12-02T04:03:08+00:00","article:modified_time":"2019-12-02T04:03:08+00:00","twitter:card":"summary_large_image","twitter:site":"@bercodi","twitter:title":"Magno y su nuevo single \u00abDame una oportunidad\u00bb | El Digital de Asturias","twitter:description":"La historia de este joven artista madrile\u00f1o viene marcada por numerosas situaciones extremas. Durante su rebelde adolescencia, se vio envuelto en problemas con las drogas y la justicia. Nada hac\u00eda pensar que de ah\u00ed resurgiera un exitoso compositor, de ideas claras y luz propia. \ufeff Tras unos video y unas canciones que resultaron ser \u00e9xitos","twitter:creator":"@bercodi","twitter:image":"https:\/\/eldigitaldeasturias.com\/radio\/wp-content\/uploads\/2019\/12\/1573204633_DAME_UNA_OPORTUNIDAD_medium.jpg"},"aioseo_meta_data":{"post_id":"3637","title":null,"description":null,"keywords":null,"keyphrases":null,"primary_term":null,"canonical_url":null,"og_title":null,"og_description":null,"og_object_type":"default","og_image_type":"default","og_image_url":null,"og_image_width":null,"og_image_height":null,"og_image_custom_url":null,"og_image_custom_fields":null,"og_video":null,"og_custom_url":null,"og_article_section":null,"og_article_tags":null,"twitter_use_og":false,"twitter_card":"default","twitter_image_type":"default","twitter_image_url":null,"twitter_image_custom_url":null,"twitter_image_custom_fields":null,"twitter_title":null,"twitter_description":null,"schema":{"blockGraphs":[],"customGraphs":[],"default":{"data":{"Article":[],"Course":[],"Dataset":[],"FAQPage":[],"Movie":[],"Person":[],"Product":[],"ProductReview":[],"Car":[],"Recipe":[],"Service":[],"SoftwareApplication":[],"WebPage":[]},"graphName":"","isEnabled":true},"graphs":[],"defaultGraph":"","defaultPostTypeGraph":""},"schema_type":null,"schema_type_options":null,"pillar_content":false,"robots_default":true,"robots_noindex":false,"robots_noarchive":false,"robots_nosnippet":false,"robots_nofollow":false,"robots_noimageindex":false,"robots_noodp":false,"robots_notranslate":false,"robots_max_snippet":null,"robots_max_videopreview":null,"robots_max_imagepreview":"large","priority":null,"frequency":null,"location":null,"local_seo":null,"seo_analyzer_scan_date":"2025-08-28 14:34:26","breadcrumb_settings":null,"limit_modified_date":false,"open_ai":null,"ai":null,"created":"2021-03-26 14:30:45","updated":"2025-08-28 14:34:26"},"aioseo_breadcrumb":"<div class=\"aioseo-breadcrumbs\"><span class=\"aioseo-breadcrumb\">\n\t<a href=\"https:\/\/eldigitaldeasturias.com\/radio\" title=\"Inicio\">Inicio<\/a>\n<\/span><span class=\"aioseo-breadcrumb-separator\">&ndash;<\/span><span class=\"aioseo-breadcrumb\">\n\t<a href=\"https:\/\/eldigitaldeasturias.com\/radio\/category\/noticias\/\" title=\"Noticias\">Noticias<\/a>\n<\/span><span class=\"aioseo-breadcrumb-separator\">&ndash;<\/span><span class=\"aioseo-breadcrumb\">\n\tMagno y su nuevo single \u00abDame una oportunidad\u00bb\n<\/span><\/div>","aioseo_breadcrumb_json":[{"label":"Inicio","link":"https:\/\/eldigitaldeasturias.com\/radio"},{"label":"Noticias","link":"https:\/\/eldigitaldeasturias.com\/radio\/category\/noticias\/"},{"label":"Magno y su nuevo single \u00abDame una oportunidad\u00bb","link":"https:\/\/eldigitaldeasturias.com\/radio\/magno-y-su-nuevo-single-dame-una-oportunidad\/"}],"_links":{"self":[{"href":"https:\/\/eldigitaldeasturias.com\/radio\/wp-json\/wp\/v2\/posts\/3637","targetHints":{"allow":["GET"]}}],"collection":[{"href":"https:\/\/eldigitaldeasturias.com\/radio\/wp-json\/wp\/v2\/posts"}],"about":[{"href":"https:\/\/eldigitaldeasturias.com\/radio\/wp-json\/wp\/v2\/types\/post"}],"author":[{"embeddable":true,"href":"https:\/\/eldigitaldeasturias.com\/radio\/wp-json\/wp\/v2\/users\/1"}],"replies":[{"embeddable":true,"href":"https:\/\/eldigitaldeasturias.com\/radio\/wp-json\/wp\/v2\/comments?post=3637"}],"version-history":[{"count":0,"href":"https:\/\/eldigitaldeasturias.com\/radio\/wp-json\/wp\/v2\/posts\/3637\/revisions"}],"wp:featuredmedia":[{"embeddable":true,"href":"https:\/\/eldigitaldeasturias.com\/radio\/wp-json\/wp\/v2\/media\/3638"}],"wp:attachment":[{"href":"https:\/\/eldigitaldeasturias.com\/radio\/wp-json\/wp\/v2\/media?parent=3637"}],"wp:term":[{"taxonomy":"category","embeddable":true,"href":"https:\/\/eldigitaldeasturias.com\/radio\/wp-json\/wp\/v2\/categories?post=3637"},{"taxonomy":"post_tag","embeddable":true,"href":"https:\/\/eldigitaldeasturias.com\/radio\/wp-json\/wp\/v2\/tags?post=3637"}],"curies":[{"name":"wp","href":"https:\/\/api.w.org\/{rel}","templated":true}]}}