{"id":3616,"date":"2019-12-01T06:42:04","date_gmt":"2019-12-01T06:42:04","guid":{"rendered":"http:\/\/www.eldigitaldeasturias.com\/radio\/?p=3616"},"modified":"2019-12-01T06:42:04","modified_gmt":"2019-12-01T06:42:04","slug":"los-3-ciberataques-que-segun-vass-seguiran-siendo-motivo-de-preocupacion-en-2020","status":"publish","type":"post","link":"https:\/\/eldigitaldeasturias.com\/radio\/los-3-ciberataques-que-segun-vass-seguiran-siendo-motivo-de-preocupacion-en-2020\/","title":{"rendered":"Los 3 ciberataques que, seg\u00fan VASS, seguir\u00e1n siendo motivo de preocupaci\u00f3n en 2020"},"content":{"rendered":"<p><img fetchpriority=\"high\" decoding=\"async\" class=\"alignleft size-medium wp-image-3617\" src=\"http:\/\/www.eldigitaldeasturias.com\/radio\/wp-content\/uploads\/2019\/12\/1575040509_D_a_de_la_Seguridad_de_la_Informaci_n-360x240.jpg\" alt=\"\" width=\"360\" height=\"240\" srcset=\"https:\/\/eldigitaldeasturias.com\/radio\/wp-content\/uploads\/2019\/12\/1575040509_D_a_de_la_Seguridad_de_la_Informaci_n-360x240.jpg 360w, https:\/\/eldigitaldeasturias.com\/radio\/wp-content\/uploads\/2019\/12\/1575040509_D_a_de_la_Seguridad_de_la_Informaci_n-1024x683.jpg 1024w, https:\/\/eldigitaldeasturias.com\/radio\/wp-content\/uploads\/2019\/12\/1575040509_D_a_de_la_Seguridad_de_la_Informaci_n-768x512.jpg 768w, https:\/\/eldigitaldeasturias.com\/radio\/wp-content\/uploads\/2019\/12\/1575040509_D_a_de_la_Seguridad_de_la_Informaci_n-1536x1024.jpg 1536w, https:\/\/eldigitaldeasturias.com\/radio\/wp-content\/uploads\/2019\/12\/1575040509_D_a_de_la_Seguridad_de_la_Informaci_n-2048x1365.jpg 2048w\" sizes=\"(max-width: 360px) 100vw, 360px\" \/>Ser\u00a0<strong>v\u00edctima de un ciberataque sigue siendo una de las principales preocupaciones\u00a0<\/strong>de los directivos y ejecutivos de las empresas, en especial, de las empresas de inter\u00e9s estrat\u00e9gico que, junto a las entidades de la Administraci\u00f3n P\u00fablica, constituyen el principal foco de acci\u00f3n de los hackers.<\/p>\n<p>De hecho,\u00a0<strong>el a\u00f1o pasado, se registraron m\u00e1s de 33.000 incidentes relacionados con la ciberseguridad en nuestro pa\u00eds<\/strong>\u00a0<strong>en este tipo de organizaciones<\/strong>, suponiendo un aumento con respecto a 2017 del 25%, seg\u00fan el informe \u2018Incidentes de ciberseguridad industrial en servicios esenciales en Espa\u00f1a\u2019, elaborado por el Centro de Ciberseguridad Industrial (CCI) y Checkpoint.<\/p>\n<p>La\u00a0<strong>diversificaci\u00f3n de estos ataques inform\u00e1ticos y la continua aparici\u00f3n de nuevas formas de ciberdelitos<\/strong>\u00a0dificultan, cada vez m\u00e1s, su control y prevenci\u00f3n a los departamentos dedicados a la seguridad inform\u00e1tica.<\/p>\n<p>Por ello, y con motivo de la celebraci\u00f3n este s\u00e1bado 30 de diciembre del\u00a0<strong>D\u00eda Internacional de la Seguridad de la Informaci\u00f3n<\/strong>, la empresa l\u00edder en soluciones digitales<strong><span style=\"color: #ff6600;\"><a style=\"color: #ff6600;\" href=\"https:\/\/www.vass.es\/\" target=\"_blank\" rel=\"nofollow noopener noreferrer\">VASS<\/a><\/span>\u00a0quiere hacer repaso de los 3 principales ciberataques que han proliferado durante este a\u00f1o y a los que habr\u00e1 que seguir prestando mucha atenci\u00f3n en 2020<\/strong>. Estos han sido:<\/p>\n<p><strong>\u200b1.Malware\u00a0<\/strong><strong>o software malicioso<\/strong>. De estos ataques, hay varios tipos:<\/p>\n<ul>\n<li>Virus: Es un software que infecta los archivos del sistema. Es necesario ejecutarlo desde el lado de los usuarios.<\/li>\n<li>Troyanos: Es similar al virus, pero su funci\u00f3n es permitir el acceso a otros programas maliciosos a trav\u00e9s de puertas traseras.<\/li>\n<li>Spyware: Son programas esp\u00eda que buscan obtener informaci\u00f3n.<\/li>\n<li>Ransomware: Se trata de un secuestro de datos, encript\u00e1ndolos y solicitando un rescate por ellos.<\/li>\n<\/ul>\n<p><strong>2.Phising<\/strong>: es la obtenci\u00f3n de datos privados, como contrase\u00f1as o cuentas bancarias, para utilizarlos posteriormente.<\/p>\n<p><strong>3.Ataques DDos<\/strong>: son ataques de denegaci\u00f3n de servicio y consisten en realizar peticiones a un servidor para intentar colapsarlo.<br \/>\nLa pregunta ahora es, por tanto, \u00bfc\u00f3mo hacer frente a estos ciberataques? Seg\u00fan\u00a0<strong>Jos\u00e9 Manuel de la Puente, gerente de Seguridad en<\/strong>\u00a0<strong>VASS,<\/strong>\u00a0la mejor forma para evitarlos es seguir estos consejos:<\/p>\n<ul>\n<li>Contar siempre con\u00a0<strong>antivirus actualizados<\/strong>.<\/li>\n<li>Disponer de\u00a0<strong>software anti-malware y anti-spyware<\/strong>.<\/li>\n<li>Realizar una\u00a0<strong>actualizaci\u00f3n constante de los equipos<\/strong>.<\/li>\n<li>Contar con un\u00a0<strong>filtro anti-spam<\/strong>\u00a0para evitar la recepci\u00f3n de correos no deseados<\/li>\n<li>Usar\u00a0<strong>contrase\u00f1as seguras<\/strong>: lo ideal es impulsar dentro de la empresa una correcta pol\u00edtica de contrase\u00f1as, obligando a su renovaci\u00f3n de forma peri\u00f3dica, as\u00ed como a usar caracteres especiales, evitando cualquier relaci\u00f3n con informaci\u00f3n personal del usuario.<\/li>\n<li><strong>Sentido com\u00fan y paciencia<\/strong>: son dos pilares b\u00e1sicos de cualquier pol\u00edtica de seguridad. De hecho, las reglas b\u00e1sicas de la seguridad son actuar con cautela a la hora de publicar informaci\u00f3n, no aceptar correos electr\u00f3nicos de remitentes no conocidos y poner en conocimiento de los responsables de seguridad de la empresa cualquier sospecha que se tenga.<\/li>\n<li><strong>Formaci\u00f3n y concienciaci\u00f3n<\/strong>: la formaci\u00f3n y la concienciaci\u00f3n en seguridad deben estar incluidas en los planes de cultura empresarial, pol\u00edticas y normativas en general como parte de las normas de uso de la organizaci\u00f3n.<\/li>\n<li>Incremento de la\u00a0<strong>inversi\u00f3n en seguridad<\/strong>.<\/li>\n<\/ul>\n","protected":false},"excerpt":{"rendered":"<p>Ser\u00a0v\u00edctima de un ciberataque sigue siendo una de las principales preocupaciones\u00a0de los directivos y ejecutivos de las empresas, en especial, de las empresas de inter\u00e9s estrat\u00e9gico que, junto a las entidades de la Administraci\u00f3n P\u00fablica, constituyen el principal foco de acci\u00f3n de los hackers. De hecho,\u00a0el a\u00f1o pasado, se registraron m\u00e1s de 33.000 incidentes relacionados<\/p>\n","protected":false},"author":1,"featured_media":3617,"comment_status":"closed","ping_status":"closed","sticky":false,"template":"","format":"standard","meta":{"footnotes":""},"categories":[35],"tags":[],"class_list":{"0":"post-3616","1":"post","2":"type-post","3":"status-publish","4":"format-standard","5":"has-post-thumbnail","7":"category-negocios"},"aioseo_notices":[],"aioseo_head":"\n\t\t<!-- All in One SEO Pro 4.9.6.2 - aioseo.com -->\n\t<meta name=\"description\" content=\"Ser v\u00edctima de un ciberataque sigue siendo una de las principales preocupaciones de los directivos y ejecutivos de las empresas, en especial, de las empresas de inter\u00e9s estrat\u00e9gico que, junto a las entidades de la Administraci\u00f3n P\u00fablica, constituyen el principal foco de acci\u00f3n de los hackers. De hecho, el a\u00f1o pasado, se registraron m\u00e1s de 33.000 incidentes relacionados\" \/>\n\t<meta name=\"robots\" content=\"max-image-preview:large\" \/>\n\t<meta name=\"author\" content=\"NBAsturias\"\/>\n\t<meta name=\"google-site-verification\" content=\"UA-38556648-1\" \/>\n\t<meta name=\"keywords\" content=\"negocios\" \/>\n\t<link rel=\"canonical\" href=\"https:\/\/eldigitaldeasturias.com\/radio\/los-3-ciberataques-que-segun-vass-seguiran-siendo-motivo-de-preocupacion-en-2020\/\" \/>\n\t<meta name=\"generator\" content=\"All in One SEO Pro (AIOSEO) 4.9.6.2\" \/>\n\t\t<meta property=\"og:locale\" content=\"es_ES\" \/>\n\t\t<meta property=\"og:site_name\" content=\"El Digital de Asturias | Diario de informaci\u00f3n y noticias\" \/>\n\t\t<meta property=\"og:type\" content=\"article\" \/>\n\t\t<meta property=\"og:title\" content=\"Los 3 ciberataques que, seg\u00fan VASS, seguir\u00e1n siendo motivo de preocupaci\u00f3n en 2020 | El Digital de Asturias\" \/>\n\t\t<meta property=\"og:description\" content=\"Ser v\u00edctima de un ciberataque sigue siendo una de las principales preocupaciones de los directivos y ejecutivos de las empresas, en especial, de las empresas de inter\u00e9s estrat\u00e9gico que, junto a las entidades de la Administraci\u00f3n P\u00fablica, constituyen el principal foco de acci\u00f3n de los hackers. De hecho, el a\u00f1o pasado, se registraron m\u00e1s de 33.000 incidentes relacionados\" \/>\n\t\t<meta property=\"og:url\" content=\"https:\/\/eldigitaldeasturias.com\/radio\/los-3-ciberataques-que-segun-vass-seguiran-siendo-motivo-de-preocupacion-en-2020\/\" \/>\n\t\t<meta property=\"og:image\" content=\"https:\/\/eldigitaldeasturias.com\/radio\/wp-content\/uploads\/2019\/12\/1575040509_D_a_de_la_Seguridad_de_la_Informaci_n-scaled.jpg\" \/>\n\t\t<meta property=\"og:image:secure_url\" content=\"https:\/\/eldigitaldeasturias.com\/radio\/wp-content\/uploads\/2019\/12\/1575040509_D_a_de_la_Seguridad_de_la_Informaci_n-scaled.jpg\" \/>\n\t\t<meta property=\"og:image:width\" content=\"2560\" \/>\n\t\t<meta property=\"og:image:height\" content=\"1707\" \/>\n\t\t<meta property=\"article:published_time\" content=\"2019-12-01T06:42:04+00:00\" \/>\n\t\t<meta property=\"article:modified_time\" content=\"2019-12-01T06:42:04+00:00\" \/>\n\t\t<meta name=\"twitter:card\" content=\"summary_large_image\" \/>\n\t\t<meta name=\"twitter:site\" content=\"@bercodi\" \/>\n\t\t<meta name=\"twitter:title\" content=\"Los 3 ciberataques que, seg\u00fan VASS, seguir\u00e1n siendo motivo de preocupaci\u00f3n en 2020 | El Digital de Asturias\" \/>\n\t\t<meta name=\"twitter:description\" content=\"Ser v\u00edctima de un ciberataque sigue siendo una de las principales preocupaciones de los directivos y ejecutivos de las empresas, en especial, de las empresas de inter\u00e9s estrat\u00e9gico que, junto a las entidades de la Administraci\u00f3n P\u00fablica, constituyen el principal foco de acci\u00f3n de los hackers. De hecho, el a\u00f1o pasado, se registraron m\u00e1s de 33.000 incidentes relacionados\" \/>\n\t\t<meta name=\"twitter:creator\" content=\"@bercodi\" \/>\n\t\t<meta name=\"twitter:image\" content=\"https:\/\/eldigitaldeasturias.com\/radio\/wp-content\/uploads\/2019\/12\/1575040509_D_a_de_la_Seguridad_de_la_Informaci_n-scaled.jpg\" \/>\n\t\t<script type=\"application\/ld+json\" class=\"aioseo-schema\">\n\t\t\t{\"@context\":\"https:\\\/\\\/schema.org\",\"@graph\":[{\"@type\":\"BreadcrumbList\",\"@id\":\"https:\\\/\\\/eldigitaldeasturias.com\\\/radio\\\/los-3-ciberataques-que-segun-vass-seguiran-siendo-motivo-de-preocupacion-en-2020\\\/#breadcrumblist\",\"itemListElement\":[{\"@type\":\"ListItem\",\"@id\":\"https:\\\/\\\/eldigitaldeasturias.com\\\/radio#listItem\",\"position\":1,\"name\":\"Inicio\",\"item\":\"https:\\\/\\\/eldigitaldeasturias.com\\\/radio\",\"nextItem\":{\"@type\":\"ListItem\",\"@id\":\"https:\\\/\\\/eldigitaldeasturias.com\\\/radio\\\/category\\\/negocios\\\/#listItem\",\"name\":\"Negocios\"}},{\"@type\":\"ListItem\",\"@id\":\"https:\\\/\\\/eldigitaldeasturias.com\\\/radio\\\/category\\\/negocios\\\/#listItem\",\"position\":2,\"name\":\"Negocios\",\"item\":\"https:\\\/\\\/eldigitaldeasturias.com\\\/radio\\\/category\\\/negocios\\\/\",\"nextItem\":{\"@type\":\"ListItem\",\"@id\":\"https:\\\/\\\/eldigitaldeasturias.com\\\/radio\\\/los-3-ciberataques-que-segun-vass-seguiran-siendo-motivo-de-preocupacion-en-2020\\\/#listItem\",\"name\":\"Los 3 ciberataques que, seg\\u00fan VASS, seguir\\u00e1n siendo motivo de preocupaci\\u00f3n en 2020\"},\"previousItem\":{\"@type\":\"ListItem\",\"@id\":\"https:\\\/\\\/eldigitaldeasturias.com\\\/radio#listItem\",\"name\":\"Inicio\"}},{\"@type\":\"ListItem\",\"@id\":\"https:\\\/\\\/eldigitaldeasturias.com\\\/radio\\\/los-3-ciberataques-que-segun-vass-seguiran-siendo-motivo-de-preocupacion-en-2020\\\/#listItem\",\"position\":3,\"name\":\"Los 3 ciberataques que, seg\\u00fan VASS, seguir\\u00e1n siendo motivo de preocupaci\\u00f3n en 2020\",\"previousItem\":{\"@type\":\"ListItem\",\"@id\":\"https:\\\/\\\/eldigitaldeasturias.com\\\/radio\\\/category\\\/negocios\\\/#listItem\",\"name\":\"Negocios\"}}]},{\"@type\":\"NewsArticle\",\"@id\":\"https:\\\/\\\/eldigitaldeasturias.com\\\/radio\\\/los-3-ciberataques-que-segun-vass-seguiran-siendo-motivo-de-preocupacion-en-2020\\\/#newsarticle\",\"name\":\"Los 3 ciberataques que, seg\\u00fan VASS, seguir\\u00e1n siendo motivo de preocupaci\\u00f3n en 2020 | El Digital de Asturias\",\"headline\":\"Los 3 ciberataques que, seg\\u00fan VASS, seguir\\u00e1n siendo motivo de preocupaci\\u00f3n en 2020\",\"author\":{\"@id\":\"https:\\\/\\\/eldigitaldeasturias.com\\\/radio\\\/author\\\/nbasturias\\\/#author\"},\"publisher\":{\"@id\":\"https:\\\/\\\/eldigitaldeasturias.com\\\/radio\\\/#organization\"},\"image\":{\"@type\":\"ImageObject\",\"url\":\"https:\\\/\\\/eldigitaldeasturias.com\\\/radio\\\/wp-content\\\/uploads\\\/2019\\\/12\\\/1575040509_D_a_de_la_Seguridad_de_la_Informaci_n-scaled.jpg\",\"width\":2560,\"height\":1707},\"datePublished\":\"2019-12-01T06:42:04+01:00\",\"dateModified\":\"2019-12-01T06:42:04+01:00\",\"inLanguage\":\"es-ES\",\"mainEntityOfPage\":{\"@id\":\"https:\\\/\\\/eldigitaldeasturias.com\\\/radio\\\/los-3-ciberataques-que-segun-vass-seguiran-siendo-motivo-de-preocupacion-en-2020\\\/#webpage\"},\"isPartOf\":{\"@id\":\"https:\\\/\\\/eldigitaldeasturias.com\\\/radio\\\/los-3-ciberataques-que-segun-vass-seguiran-siendo-motivo-de-preocupacion-en-2020\\\/#webpage\"},\"articleSection\":\"Negocios\",\"dateline\":\"Publicado el diciembre 1, 2019.\"},{\"@type\":\"Organization\",\"@id\":\"https:\\\/\\\/eldigitaldeasturias.com\\\/radio\\\/#organization\",\"name\":\"El digital de Asturias Radio\",\"description\":\"Diario de informaci\\u00f3n y noticias\",\"url\":\"https:\\\/\\\/eldigitaldeasturias.com\\\/radio\\\/\",\"telephone\":\"+34652131393\",\"logo\":{\"@type\":\"ImageObject\",\"url\":\"https:\\\/\\\/www.eldigitaldeasturias.com\\\/radio\\\/wp-content\\\/uploads\\\/2021\\\/03\\\/EDA.jpg\",\"@id\":\"https:\\\/\\\/eldigitaldeasturias.com\\\/radio\\\/los-3-ciberataques-que-segun-vass-seguiran-siendo-motivo-de-preocupacion-en-2020\\\/#organizationLogo\"},\"image\":{\"@id\":\"https:\\\/\\\/eldigitaldeasturias.com\\\/radio\\\/los-3-ciberataques-que-segun-vass-seguiran-siendo-motivo-de-preocupacion-en-2020\\\/#organizationLogo\"},\"sameAs\":[\"https:\\\/\\\/www.facebook.com\\\/\",\"https:\\\/\\\/x.com\\\/bercodi\",\"https:\\\/\\\/www.instagram.com\\\/\",\"https:\\\/\\\/www.youtube.com\\\/channel\\\/UCZP-2wLEB9Rv6erhFmqVnvg\"]},{\"@type\":\"Person\",\"@id\":\"https:\\\/\\\/eldigitaldeasturias.com\\\/radio\\\/author\\\/nbasturias\\\/#author\",\"url\":\"https:\\\/\\\/eldigitaldeasturias.com\\\/radio\\\/author\\\/nbasturias\\\/\",\"name\":\"NBAsturias\",\"image\":{\"@type\":\"ImageObject\",\"@id\":\"https:\\\/\\\/eldigitaldeasturias.com\\\/radio\\\/los-3-ciberataques-que-segun-vass-seguiran-siendo-motivo-de-preocupacion-en-2020\\\/#authorImage\",\"url\":\"https:\\\/\\\/secure.gravatar.com\\\/avatar\\\/df2aeffc32bcd13f8d26072ef8a91b623d677766deac7f97ca815868cd41bf5e?s=96&d=mm&r=g\",\"width\":96,\"height\":96,\"caption\":\"NBAsturias\"}},{\"@type\":\"WebPage\",\"@id\":\"https:\\\/\\\/eldigitaldeasturias.com\\\/radio\\\/los-3-ciberataques-que-segun-vass-seguiran-siendo-motivo-de-preocupacion-en-2020\\\/#webpage\",\"url\":\"https:\\\/\\\/eldigitaldeasturias.com\\\/radio\\\/los-3-ciberataques-que-segun-vass-seguiran-siendo-motivo-de-preocupacion-en-2020\\\/\",\"name\":\"Los 3 ciberataques que, seg\\u00fan VASS, seguir\\u00e1n siendo motivo de preocupaci\\u00f3n en 2020 | El Digital de Asturias\",\"description\":\"Ser v\\u00edctima de un ciberataque sigue siendo una de las principales preocupaciones de los directivos y ejecutivos de las empresas, en especial, de las empresas de inter\\u00e9s estrat\\u00e9gico que, junto a las entidades de la Administraci\\u00f3n P\\u00fablica, constituyen el principal foco de acci\\u00f3n de los hackers. De hecho, el a\\u00f1o pasado, se registraron m\\u00e1s de 33.000 incidentes relacionados\",\"inLanguage\":\"es-ES\",\"isPartOf\":{\"@id\":\"https:\\\/\\\/eldigitaldeasturias.com\\\/radio\\\/#website\"},\"breadcrumb\":{\"@id\":\"https:\\\/\\\/eldigitaldeasturias.com\\\/radio\\\/los-3-ciberataques-que-segun-vass-seguiran-siendo-motivo-de-preocupacion-en-2020\\\/#breadcrumblist\"},\"author\":{\"@id\":\"https:\\\/\\\/eldigitaldeasturias.com\\\/radio\\\/author\\\/nbasturias\\\/#author\"},\"creator\":{\"@id\":\"https:\\\/\\\/eldigitaldeasturias.com\\\/radio\\\/author\\\/nbasturias\\\/#author\"},\"image\":{\"@type\":\"ImageObject\",\"url\":\"https:\\\/\\\/eldigitaldeasturias.com\\\/radio\\\/wp-content\\\/uploads\\\/2019\\\/12\\\/1575040509_D_a_de_la_Seguridad_de_la_Informaci_n-scaled.jpg\",\"@id\":\"https:\\\/\\\/eldigitaldeasturias.com\\\/radio\\\/los-3-ciberataques-que-segun-vass-seguiran-siendo-motivo-de-preocupacion-en-2020\\\/#mainImage\",\"width\":2560,\"height\":1707},\"primaryImageOfPage\":{\"@id\":\"https:\\\/\\\/eldigitaldeasturias.com\\\/radio\\\/los-3-ciberataques-que-segun-vass-seguiran-siendo-motivo-de-preocupacion-en-2020\\\/#mainImage\"},\"datePublished\":\"2019-12-01T06:42:04+01:00\",\"dateModified\":\"2019-12-01T06:42:04+01:00\"},{\"@type\":\"WebSite\",\"@id\":\"https:\\\/\\\/eldigitaldeasturias.com\\\/radio\\\/#website\",\"url\":\"https:\\\/\\\/eldigitaldeasturias.com\\\/radio\\\/\",\"name\":\"El Digital de Asturias\",\"description\":\"Diario de informaci\\u00f3n y noticias\",\"inLanguage\":\"es-ES\",\"publisher\":{\"@id\":\"https:\\\/\\\/eldigitaldeasturias.com\\\/radio\\\/#organization\"}}]}\n\t\t<\/script>\n\t\t<!-- All in One SEO Pro -->\r\n\t\t<title>Los 3 ciberataques que, seg\u00fan VASS, seguir\u00e1n siendo motivo de preocupaci\u00f3n en 2020 | El Digital de Asturias<\/title>\n\n","aioseo_head_json":{"title":"Los 3 ciberataques que, seg\u00fan VASS, seguir\u00e1n siendo motivo de preocupaci\u00f3n en 2020 | El Digital de Asturias","description":"Ser v\u00edctima de un ciberataque sigue siendo una de las principales preocupaciones de los directivos y ejecutivos de las empresas, en especial, de las empresas de inter\u00e9s estrat\u00e9gico que, junto a las entidades de la Administraci\u00f3n P\u00fablica, constituyen el principal foco de acci\u00f3n de los hackers. De hecho, el a\u00f1o pasado, se registraron m\u00e1s de 33.000 incidentes relacionados","canonical_url":"https:\/\/eldigitaldeasturias.com\/radio\/los-3-ciberataques-que-segun-vass-seguiran-siendo-motivo-de-preocupacion-en-2020\/","robots":"max-image-preview:large","keywords":"negocios","webmasterTools":{"google-site-verification":"UA-38556648-1","miscellaneous":""},"schema":{"@context":"https:\/\/schema.org","@graph":[{"@type":"BreadcrumbList","@id":"https:\/\/eldigitaldeasturias.com\/radio\/los-3-ciberataques-que-segun-vass-seguiran-siendo-motivo-de-preocupacion-en-2020\/#breadcrumblist","itemListElement":[{"@type":"ListItem","@id":"https:\/\/eldigitaldeasturias.com\/radio#listItem","position":1,"name":"Inicio","item":"https:\/\/eldigitaldeasturias.com\/radio","nextItem":{"@type":"ListItem","@id":"https:\/\/eldigitaldeasturias.com\/radio\/category\/negocios\/#listItem","name":"Negocios"}},{"@type":"ListItem","@id":"https:\/\/eldigitaldeasturias.com\/radio\/category\/negocios\/#listItem","position":2,"name":"Negocios","item":"https:\/\/eldigitaldeasturias.com\/radio\/category\/negocios\/","nextItem":{"@type":"ListItem","@id":"https:\/\/eldigitaldeasturias.com\/radio\/los-3-ciberataques-que-segun-vass-seguiran-siendo-motivo-de-preocupacion-en-2020\/#listItem","name":"Los 3 ciberataques que, seg\u00fan VASS, seguir\u00e1n siendo motivo de preocupaci\u00f3n en 2020"},"previousItem":{"@type":"ListItem","@id":"https:\/\/eldigitaldeasturias.com\/radio#listItem","name":"Inicio"}},{"@type":"ListItem","@id":"https:\/\/eldigitaldeasturias.com\/radio\/los-3-ciberataques-que-segun-vass-seguiran-siendo-motivo-de-preocupacion-en-2020\/#listItem","position":3,"name":"Los 3 ciberataques que, seg\u00fan VASS, seguir\u00e1n siendo motivo de preocupaci\u00f3n en 2020","previousItem":{"@type":"ListItem","@id":"https:\/\/eldigitaldeasturias.com\/radio\/category\/negocios\/#listItem","name":"Negocios"}}]},{"@type":"NewsArticle","@id":"https:\/\/eldigitaldeasturias.com\/radio\/los-3-ciberataques-que-segun-vass-seguiran-siendo-motivo-de-preocupacion-en-2020\/#newsarticle","name":"Los 3 ciberataques que, seg\u00fan VASS, seguir\u00e1n siendo motivo de preocupaci\u00f3n en 2020 | El Digital de Asturias","headline":"Los 3 ciberataques que, seg\u00fan VASS, seguir\u00e1n siendo motivo de preocupaci\u00f3n en 2020","author":{"@id":"https:\/\/eldigitaldeasturias.com\/radio\/author\/nbasturias\/#author"},"publisher":{"@id":"https:\/\/eldigitaldeasturias.com\/radio\/#organization"},"image":{"@type":"ImageObject","url":"https:\/\/eldigitaldeasturias.com\/radio\/wp-content\/uploads\/2019\/12\/1575040509_D_a_de_la_Seguridad_de_la_Informaci_n-scaled.jpg","width":2560,"height":1707},"datePublished":"2019-12-01T06:42:04+01:00","dateModified":"2019-12-01T06:42:04+01:00","inLanguage":"es-ES","mainEntityOfPage":{"@id":"https:\/\/eldigitaldeasturias.com\/radio\/los-3-ciberataques-que-segun-vass-seguiran-siendo-motivo-de-preocupacion-en-2020\/#webpage"},"isPartOf":{"@id":"https:\/\/eldigitaldeasturias.com\/radio\/los-3-ciberataques-que-segun-vass-seguiran-siendo-motivo-de-preocupacion-en-2020\/#webpage"},"articleSection":"Negocios","dateline":"Publicado el diciembre 1, 2019."},{"@type":"Organization","@id":"https:\/\/eldigitaldeasturias.com\/radio\/#organization","name":"El digital de Asturias Radio","description":"Diario de informaci\u00f3n y noticias","url":"https:\/\/eldigitaldeasturias.com\/radio\/","telephone":"+34652131393","logo":{"@type":"ImageObject","url":"https:\/\/www.eldigitaldeasturias.com\/radio\/wp-content\/uploads\/2021\/03\/EDA.jpg","@id":"https:\/\/eldigitaldeasturias.com\/radio\/los-3-ciberataques-que-segun-vass-seguiran-siendo-motivo-de-preocupacion-en-2020\/#organizationLogo"},"image":{"@id":"https:\/\/eldigitaldeasturias.com\/radio\/los-3-ciberataques-que-segun-vass-seguiran-siendo-motivo-de-preocupacion-en-2020\/#organizationLogo"},"sameAs":["https:\/\/www.facebook.com\/","https:\/\/x.com\/bercodi","https:\/\/www.instagram.com\/","https:\/\/www.youtube.com\/channel\/UCZP-2wLEB9Rv6erhFmqVnvg"]},{"@type":"Person","@id":"https:\/\/eldigitaldeasturias.com\/radio\/author\/nbasturias\/#author","url":"https:\/\/eldigitaldeasturias.com\/radio\/author\/nbasturias\/","name":"NBAsturias","image":{"@type":"ImageObject","@id":"https:\/\/eldigitaldeasturias.com\/radio\/los-3-ciberataques-que-segun-vass-seguiran-siendo-motivo-de-preocupacion-en-2020\/#authorImage","url":"https:\/\/secure.gravatar.com\/avatar\/df2aeffc32bcd13f8d26072ef8a91b623d677766deac7f97ca815868cd41bf5e?s=96&d=mm&r=g","width":96,"height":96,"caption":"NBAsturias"}},{"@type":"WebPage","@id":"https:\/\/eldigitaldeasturias.com\/radio\/los-3-ciberataques-que-segun-vass-seguiran-siendo-motivo-de-preocupacion-en-2020\/#webpage","url":"https:\/\/eldigitaldeasturias.com\/radio\/los-3-ciberataques-que-segun-vass-seguiran-siendo-motivo-de-preocupacion-en-2020\/","name":"Los 3 ciberataques que, seg\u00fan VASS, seguir\u00e1n siendo motivo de preocupaci\u00f3n en 2020 | El Digital de Asturias","description":"Ser v\u00edctima de un ciberataque sigue siendo una de las principales preocupaciones de los directivos y ejecutivos de las empresas, en especial, de las empresas de inter\u00e9s estrat\u00e9gico que, junto a las entidades de la Administraci\u00f3n P\u00fablica, constituyen el principal foco de acci\u00f3n de los hackers. De hecho, el a\u00f1o pasado, se registraron m\u00e1s de 33.000 incidentes relacionados","inLanguage":"es-ES","isPartOf":{"@id":"https:\/\/eldigitaldeasturias.com\/radio\/#website"},"breadcrumb":{"@id":"https:\/\/eldigitaldeasturias.com\/radio\/los-3-ciberataques-que-segun-vass-seguiran-siendo-motivo-de-preocupacion-en-2020\/#breadcrumblist"},"author":{"@id":"https:\/\/eldigitaldeasturias.com\/radio\/author\/nbasturias\/#author"},"creator":{"@id":"https:\/\/eldigitaldeasturias.com\/radio\/author\/nbasturias\/#author"},"image":{"@type":"ImageObject","url":"https:\/\/eldigitaldeasturias.com\/radio\/wp-content\/uploads\/2019\/12\/1575040509_D_a_de_la_Seguridad_de_la_Informaci_n-scaled.jpg","@id":"https:\/\/eldigitaldeasturias.com\/radio\/los-3-ciberataques-que-segun-vass-seguiran-siendo-motivo-de-preocupacion-en-2020\/#mainImage","width":2560,"height":1707},"primaryImageOfPage":{"@id":"https:\/\/eldigitaldeasturias.com\/radio\/los-3-ciberataques-que-segun-vass-seguiran-siendo-motivo-de-preocupacion-en-2020\/#mainImage"},"datePublished":"2019-12-01T06:42:04+01:00","dateModified":"2019-12-01T06:42:04+01:00"},{"@type":"WebSite","@id":"https:\/\/eldigitaldeasturias.com\/radio\/#website","url":"https:\/\/eldigitaldeasturias.com\/radio\/","name":"El Digital de Asturias","description":"Diario de informaci\u00f3n y noticias","inLanguage":"es-ES","publisher":{"@id":"https:\/\/eldigitaldeasturias.com\/radio\/#organization"}}]},"og:locale":"es_ES","og:site_name":"El Digital de Asturias | Diario de informaci\u00f3n y noticias","og:type":"article","og:title":"Los 3 ciberataques que, seg\u00fan VASS, seguir\u00e1n siendo motivo de preocupaci\u00f3n en 2020 | El Digital de Asturias","og:description":"Ser v\u00edctima de un ciberataque sigue siendo una de las principales preocupaciones de los directivos y ejecutivos de las empresas, en especial, de las empresas de inter\u00e9s estrat\u00e9gico que, junto a las entidades de la Administraci\u00f3n P\u00fablica, constituyen el principal foco de acci\u00f3n de los hackers. De hecho, el a\u00f1o pasado, se registraron m\u00e1s de 33.000 incidentes relacionados","og:url":"https:\/\/eldigitaldeasturias.com\/radio\/los-3-ciberataques-que-segun-vass-seguiran-siendo-motivo-de-preocupacion-en-2020\/","og:image":"https:\/\/eldigitaldeasturias.com\/radio\/wp-content\/uploads\/2019\/12\/1575040509_D_a_de_la_Seguridad_de_la_Informaci_n-scaled.jpg","og:image:secure_url":"https:\/\/eldigitaldeasturias.com\/radio\/wp-content\/uploads\/2019\/12\/1575040509_D_a_de_la_Seguridad_de_la_Informaci_n-scaled.jpg","og:image:width":2560,"og:image:height":1707,"article:published_time":"2019-12-01T06:42:04+00:00","article:modified_time":"2019-12-01T06:42:04+00:00","twitter:card":"summary_large_image","twitter:site":"@bercodi","twitter:title":"Los 3 ciberataques que, seg\u00fan VASS, seguir\u00e1n siendo motivo de preocupaci\u00f3n en 2020 | El Digital de Asturias","twitter:description":"Ser v\u00edctima de un ciberataque sigue siendo una de las principales preocupaciones de los directivos y ejecutivos de las empresas, en especial, de las empresas de inter\u00e9s estrat\u00e9gico que, junto a las entidades de la Administraci\u00f3n P\u00fablica, constituyen el principal foco de acci\u00f3n de los hackers. De hecho, el a\u00f1o pasado, se registraron m\u00e1s de 33.000 incidentes relacionados","twitter:creator":"@bercodi","twitter:image":"https:\/\/eldigitaldeasturias.com\/radio\/wp-content\/uploads\/2019\/12\/1575040509_D_a_de_la_Seguridad_de_la_Informaci_n-scaled.jpg"},"aioseo_meta_data":{"post_id":"3616","title":null,"description":null,"keywords":null,"keyphrases":null,"primary_term":null,"canonical_url":null,"og_title":null,"og_description":null,"og_object_type":"default","og_image_type":"default","og_image_url":null,"og_image_width":null,"og_image_height":null,"og_image_custom_url":null,"og_image_custom_fields":null,"og_video":null,"og_custom_url":null,"og_article_section":null,"og_article_tags":null,"twitter_use_og":false,"twitter_card":"default","twitter_image_type":"default","twitter_image_url":null,"twitter_image_custom_url":null,"twitter_image_custom_fields":null,"twitter_title":null,"twitter_description":null,"schema":{"blockGraphs":[],"customGraphs":[],"default":{"data":{"Article":[],"Course":[],"Dataset":[],"FAQPage":[],"Movie":[],"Person":[],"Product":[],"ProductReview":[],"Car":[],"Recipe":[],"Service":[],"SoftwareApplication":[],"WebPage":[]},"graphName":"","isEnabled":true},"graphs":[]},"schema_type":null,"schema_type_options":null,"pillar_content":false,"robots_default":true,"robots_noindex":false,"robots_noarchive":false,"robots_nosnippet":false,"robots_nofollow":false,"robots_noimageindex":false,"robots_noodp":false,"robots_notranslate":false,"robots_max_snippet":null,"robots_max_videopreview":null,"robots_max_imagepreview":"large","priority":null,"frequency":null,"location":null,"local_seo":null,"seo_analyzer_scan_date":"2025-08-28 14:30:26","breadcrumb_settings":null,"limit_modified_date":false,"open_ai":null,"ai":null,"created":"2021-03-25 20:40:42","updated":"2025-08-28 14:30:26"},"aioseo_breadcrumb":"<div class=\"aioseo-breadcrumbs\"><span class=\"aioseo-breadcrumb\">\n\t<a href=\"https:\/\/eldigitaldeasturias.com\/radio\" title=\"Inicio\">Inicio<\/a>\n<\/span><span class=\"aioseo-breadcrumb-separator\">&ndash;<\/span><span class=\"aioseo-breadcrumb\">\n\t<a href=\"https:\/\/eldigitaldeasturias.com\/radio\/category\/negocios\/\" title=\"Negocios\">Negocios<\/a>\n<\/span><span class=\"aioseo-breadcrumb-separator\">&ndash;<\/span><span class=\"aioseo-breadcrumb\">\n\tLos 3 ciberataques que, seg\u00fan VASS, seguir\u00e1n siendo motivo de preocupaci\u00f3n en 2020\n<\/span><\/div>","aioseo_breadcrumb_json":[{"label":"Inicio","link":"https:\/\/eldigitaldeasturias.com\/radio"},{"label":"Negocios","link":"https:\/\/eldigitaldeasturias.com\/radio\/category\/negocios\/"},{"label":"Los 3 ciberataques que, seg\u00fan VASS, seguir\u00e1n siendo motivo de preocupaci\u00f3n en 2020","link":"https:\/\/eldigitaldeasturias.com\/radio\/los-3-ciberataques-que-segun-vass-seguiran-siendo-motivo-de-preocupacion-en-2020\/"}],"_links":{"self":[{"href":"https:\/\/eldigitaldeasturias.com\/radio\/wp-json\/wp\/v2\/posts\/3616","targetHints":{"allow":["GET"]}}],"collection":[{"href":"https:\/\/eldigitaldeasturias.com\/radio\/wp-json\/wp\/v2\/posts"}],"about":[{"href":"https:\/\/eldigitaldeasturias.com\/radio\/wp-json\/wp\/v2\/types\/post"}],"author":[{"embeddable":true,"href":"https:\/\/eldigitaldeasturias.com\/radio\/wp-json\/wp\/v2\/users\/1"}],"replies":[{"embeddable":true,"href":"https:\/\/eldigitaldeasturias.com\/radio\/wp-json\/wp\/v2\/comments?post=3616"}],"version-history":[{"count":0,"href":"https:\/\/eldigitaldeasturias.com\/radio\/wp-json\/wp\/v2\/posts\/3616\/revisions"}],"wp:featuredmedia":[{"embeddable":true,"href":"https:\/\/eldigitaldeasturias.com\/radio\/wp-json\/wp\/v2\/media\/3617"}],"wp:attachment":[{"href":"https:\/\/eldigitaldeasturias.com\/radio\/wp-json\/wp\/v2\/media?parent=3616"}],"wp:term":[{"taxonomy":"category","embeddable":true,"href":"https:\/\/eldigitaldeasturias.com\/radio\/wp-json\/wp\/v2\/categories?post=3616"},{"taxonomy":"post_tag","embeddable":true,"href":"https:\/\/eldigitaldeasturias.com\/radio\/wp-json\/wp\/v2\/tags?post=3616"}],"curies":[{"name":"wp","href":"https:\/\/api.w.org\/{rel}","templated":true}]}}