{"id":3613,"date":"2019-11-27T02:21:10","date_gmt":"2019-11-27T02:21:10","guid":{"rendered":"http:\/\/www.eldigitaldeasturias.com\/radio\/?p=3613"},"modified":"2019-11-27T02:21:10","modified_gmt":"2019-11-27T02:21:10","slug":"el-ber-pone-a-prueba-sus-sistemas-de-facturacion","status":"publish","type":"post","link":"https:\/\/eldigitaldeasturias.com\/radio\/el-ber-pone-a-prueba-sus-sistemas-de-facturacion\/","title":{"rendered":"El BER pone a prueba sus sistemas de facturaci\u00f3n"},"content":{"rendered":"<figure id=\"attachment_3614\" aria-describedby=\"caption-attachment-3614\" style=\"width: 360px\" class=\"wp-caption alignleft\"><img fetchpriority=\"high\" decoding=\"async\" class=\"size-medium wp-image-3614\" src=\"http:\/\/www.eldigitaldeasturias.com\/radio\/wp-content\/uploads\/2019\/11\/Sistema-equipajes-BER-360x249.jpg\" alt=\"\" width=\"360\" height=\"249\" srcset=\"https:\/\/eldigitaldeasturias.com\/radio\/wp-content\/uploads\/2019\/11\/Sistema-equipajes-BER-360x249.jpg 360w, https:\/\/eldigitaldeasturias.com\/radio\/wp-content\/uploads\/2019\/11\/Sistema-equipajes-BER-768x531.jpg 768w, https:\/\/eldigitaldeasturias.com\/radio\/wp-content\/uploads\/2019\/11\/Sistema-equipajes-BER.jpg 976w\" sizes=\"(max-width: 360px) 100vw, 360px\" \/><figcaption id=\"caption-attachment-3614\" class=\"wp-caption-text\">Foto: Patrick Pleul\/dpa-Zentralbild\/dpa<\/figcaption><\/figure>\n<p>Sch\u00f6nefeld\/Berl\u00edn (Alemania), 25 nov (dpa) &#8211; Los operadores del aeropuerto BER est\u00e1n probando las operaciones de facturaci\u00f3n un a\u00f1o antes de la apertura del nuevo aeropuerto en la capital alemana prevista para 2020, inform\u00f3 hoy un portavoz de la empresa gestora.<\/p>\n<p>El vocero agreg\u00f3 que se han llevado cientos de maletas vac\u00edas a la terminal y ahora se encuentran en el vest\u00edbulo principal del aeropuerto para poner a prueba el sistema de transporte de equipajes.<\/p>\n<p>Asimismo, confirm\u00f3 que el viernes se anunciar\u00e1 la fecha de inauguraci\u00f3n. El plan es abrir el tercer aeropuerto m\u00e1s grande de Alemania en octubre de 2020, con un retraso de nueve a\u00f1os.<\/p>\n<p>El proyecto del aeropuerto BER caus\u00f3 revuelo en reiteradas ocasiones debido a los defectos de construcci\u00f3n y a la mala planificaci\u00f3n.<\/p>\n<p>Uno de los fallos fue eliminado en las \u00faltimas semanas: dos escaleras el\u00e9ctricas fueron sustituidas por otras porque eran muy cortas. De esta forma, los viajeros procedentes de la estaci\u00f3n de metro no tendr\u00e1n que subir a pie los \u00faltimos pelda\u00f1os para salir a la explanada.<\/p>\n<p>Seg\u00fan la empresa gestora, las visitas tur\u00edsticas a una de las obras alemanas m\u00e1s conocidas tienen sus d\u00edas contados. Poco antes de Navidad, se vendr\u00e1n los tickets para la \u00faltima visita de un grupo al recinto en obras.<\/p>\n","protected":false},"excerpt":{"rendered":"<p>Sch\u00f6nefeld\/Berl\u00edn (Alemania), 25 nov (dpa) &#8211; Los operadores del aeropuerto BER est\u00e1n probando las operaciones de facturaci\u00f3n un a\u00f1o antes de la apertura del nuevo aeropuerto en la capital alemana prevista para 2020, inform\u00f3 hoy un portavoz de la empresa gestora. El vocero agreg\u00f3 que se han llevado cientos de maletas vac\u00edas a la terminal<\/p>\n","protected":false},"author":1,"featured_media":3614,"comment_status":"closed","ping_status":"closed","sticky":false,"template":"","format":"standard","meta":{"footnotes":""},"categories":[34],"tags":[],"class_list":{"0":"post-3613","1":"post","2":"type-post","3":"status-publish","4":"format-standard","5":"has-post-thumbnail","7":"category-turismo"},"aioseo_notices":[],"aioseo_head":"\n\t\t<!-- All in One SEO Pro 4.9.6.2 - aioseo.com -->\n\t<meta name=\"description\" content=\"Sch\u00f6nefeld\/Berl\u00edn (Alemania), 25 nov (dpa) - Los operadores del aeropuerto BER est\u00e1n probando las operaciones de facturaci\u00f3n un a\u00f1o antes de la apertura del nuevo aeropuerto en la capital alemana prevista para 2020, inform\u00f3 hoy un portavoz de la empresa gestora. El vocero agreg\u00f3 que se han llevado cientos de maletas vac\u00edas a la terminal\" \/>\n\t<meta name=\"robots\" content=\"max-image-preview:large\" \/>\n\t<meta name=\"author\" content=\"NBAsturias\"\/>\n\t<meta name=\"google-site-verification\" content=\"UA-38556648-1\" \/>\n\t<meta name=\"keywords\" content=\"turismo\" \/>\n\t<link rel=\"canonical\" href=\"https:\/\/eldigitaldeasturias.com\/radio\/el-ber-pone-a-prueba-sus-sistemas-de-facturacion\/\" \/>\n\t<meta name=\"generator\" content=\"All in One SEO Pro (AIOSEO) 4.9.6.2\" \/>\n\t\t<meta property=\"og:locale\" content=\"es_ES\" \/>\n\t\t<meta property=\"og:site_name\" content=\"El Digital de Asturias | Diario de informaci\u00f3n y noticias\" \/>\n\t\t<meta property=\"og:type\" content=\"article\" \/>\n\t\t<meta property=\"og:title\" content=\"El BER pone a prueba sus sistemas de facturaci\u00f3n | El Digital de Asturias\" \/>\n\t\t<meta property=\"og:description\" content=\"Sch\u00f6nefeld\/Berl\u00edn (Alemania), 25 nov (dpa) - Los operadores del aeropuerto BER est\u00e1n probando las operaciones de facturaci\u00f3n un a\u00f1o antes de la apertura del nuevo aeropuerto en la capital alemana prevista para 2020, inform\u00f3 hoy un portavoz de la empresa gestora. El vocero agreg\u00f3 que se han llevado cientos de maletas vac\u00edas a la terminal\" \/>\n\t\t<meta property=\"og:url\" content=\"https:\/\/eldigitaldeasturias.com\/radio\/el-ber-pone-a-prueba-sus-sistemas-de-facturacion\/\" \/>\n\t\t<meta property=\"og:image\" content=\"https:\/\/eldigitaldeasturias.com\/radio\/wp-content\/uploads\/2019\/11\/Sistema-equipajes-BER.jpg\" \/>\n\t\t<meta property=\"og:image:secure_url\" content=\"https:\/\/eldigitaldeasturias.com\/radio\/wp-content\/uploads\/2019\/11\/Sistema-equipajes-BER.jpg\" \/>\n\t\t<meta property=\"og:image:width\" content=\"976\" \/>\n\t\t<meta property=\"og:image:height\" content=\"675\" \/>\n\t\t<meta property=\"article:published_time\" content=\"2019-11-27T02:21:10+00:00\" \/>\n\t\t<meta property=\"article:modified_time\" content=\"2019-11-27T02:21:10+00:00\" \/>\n\t\t<meta name=\"twitter:card\" content=\"summary_large_image\" \/>\n\t\t<meta name=\"twitter:site\" content=\"@bercodi\" \/>\n\t\t<meta name=\"twitter:title\" content=\"El BER pone a prueba sus sistemas de facturaci\u00f3n | El Digital de Asturias\" \/>\n\t\t<meta name=\"twitter:description\" content=\"Sch\u00f6nefeld\/Berl\u00edn (Alemania), 25 nov (dpa) - Los operadores del aeropuerto BER est\u00e1n probando las operaciones de facturaci\u00f3n un a\u00f1o antes de la apertura del nuevo aeropuerto en la capital alemana prevista para 2020, inform\u00f3 hoy un portavoz de la empresa gestora. El vocero agreg\u00f3 que se han llevado cientos de maletas vac\u00edas a la terminal\" \/>\n\t\t<meta name=\"twitter:creator\" content=\"@bercodi\" \/>\n\t\t<meta name=\"twitter:image\" content=\"https:\/\/eldigitaldeasturias.com\/radio\/wp-content\/uploads\/2019\/11\/Sistema-equipajes-BER.jpg\" \/>\n\t\t<script type=\"application\/ld+json\" class=\"aioseo-schema\">\n\t\t\t{\"@context\":\"https:\\\/\\\/schema.org\",\"@graph\":[{\"@type\":\"BreadcrumbList\",\"@id\":\"https:\\\/\\\/eldigitaldeasturias.com\\\/radio\\\/el-ber-pone-a-prueba-sus-sistemas-de-facturacion\\\/#breadcrumblist\",\"itemListElement\":[{\"@type\":\"ListItem\",\"@id\":\"https:\\\/\\\/eldigitaldeasturias.com\\\/radio#listItem\",\"position\":1,\"name\":\"Inicio\",\"item\":\"https:\\\/\\\/eldigitaldeasturias.com\\\/radio\",\"nextItem\":{\"@type\":\"ListItem\",\"@id\":\"https:\\\/\\\/eldigitaldeasturias.com\\\/radio\\\/category\\\/turismo\\\/#listItem\",\"name\":\"Turismo\"}},{\"@type\":\"ListItem\",\"@id\":\"https:\\\/\\\/eldigitaldeasturias.com\\\/radio\\\/category\\\/turismo\\\/#listItem\",\"position\":2,\"name\":\"Turismo\",\"item\":\"https:\\\/\\\/eldigitaldeasturias.com\\\/radio\\\/category\\\/turismo\\\/\",\"nextItem\":{\"@type\":\"ListItem\",\"@id\":\"https:\\\/\\\/eldigitaldeasturias.com\\\/radio\\\/el-ber-pone-a-prueba-sus-sistemas-de-facturacion\\\/#listItem\",\"name\":\"El BER pone a prueba sus sistemas de facturaci\\u00f3n\"},\"previousItem\":{\"@type\":\"ListItem\",\"@id\":\"https:\\\/\\\/eldigitaldeasturias.com\\\/radio#listItem\",\"name\":\"Inicio\"}},{\"@type\":\"ListItem\",\"@id\":\"https:\\\/\\\/eldigitaldeasturias.com\\\/radio\\\/el-ber-pone-a-prueba-sus-sistemas-de-facturacion\\\/#listItem\",\"position\":3,\"name\":\"El BER pone a prueba sus sistemas de facturaci\\u00f3n\",\"previousItem\":{\"@type\":\"ListItem\",\"@id\":\"https:\\\/\\\/eldigitaldeasturias.com\\\/radio\\\/category\\\/turismo\\\/#listItem\",\"name\":\"Turismo\"}}]},{\"@type\":\"NewsArticle\",\"@id\":\"https:\\\/\\\/eldigitaldeasturias.com\\\/radio\\\/el-ber-pone-a-prueba-sus-sistemas-de-facturacion\\\/#newsarticle\",\"name\":\"El BER pone a prueba sus sistemas de facturaci\\u00f3n | El Digital de Asturias\",\"headline\":\"El BER pone a prueba sus sistemas de facturaci\\u00f3n\",\"author\":{\"@id\":\"https:\\\/\\\/eldigitaldeasturias.com\\\/radio\\\/author\\\/nbasturias\\\/#author\"},\"publisher\":{\"@id\":\"https:\\\/\\\/eldigitaldeasturias.com\\\/radio\\\/#organization\"},\"image\":{\"@type\":\"ImageObject\",\"url\":\"https:\\\/\\\/eldigitaldeasturias.com\\\/radio\\\/wp-content\\\/uploads\\\/2019\\\/11\\\/Sistema-equipajes-BER.jpg\",\"width\":976,\"height\":675,\"caption\":\"Foto: Patrick Pleul\\\/dpa-Zentralbild\\\/dpa\"},\"datePublished\":\"2019-11-27T02:21:10+01:00\",\"dateModified\":\"2019-11-27T02:21:10+01:00\",\"inLanguage\":\"es-ES\",\"mainEntityOfPage\":{\"@id\":\"https:\\\/\\\/eldigitaldeasturias.com\\\/radio\\\/el-ber-pone-a-prueba-sus-sistemas-de-facturacion\\\/#webpage\"},\"isPartOf\":{\"@id\":\"https:\\\/\\\/eldigitaldeasturias.com\\\/radio\\\/el-ber-pone-a-prueba-sus-sistemas-de-facturacion\\\/#webpage\"},\"articleSection\":\"Turismo\",\"dateline\":\"Publicado el noviembre 27, 2019.\"},{\"@type\":\"Organization\",\"@id\":\"https:\\\/\\\/eldigitaldeasturias.com\\\/radio\\\/#organization\",\"name\":\"El digital de Asturias Radio\",\"description\":\"Diario de informaci\\u00f3n y noticias\",\"url\":\"https:\\\/\\\/eldigitaldeasturias.com\\\/radio\\\/\",\"telephone\":\"+34652131393\",\"logo\":{\"@type\":\"ImageObject\",\"url\":\"https:\\\/\\\/www.eldigitaldeasturias.com\\\/radio\\\/wp-content\\\/uploads\\\/2021\\\/03\\\/EDA.jpg\",\"@id\":\"https:\\\/\\\/eldigitaldeasturias.com\\\/radio\\\/el-ber-pone-a-prueba-sus-sistemas-de-facturacion\\\/#organizationLogo\"},\"image\":{\"@id\":\"https:\\\/\\\/eldigitaldeasturias.com\\\/radio\\\/el-ber-pone-a-prueba-sus-sistemas-de-facturacion\\\/#organizationLogo\"},\"sameAs\":[\"https:\\\/\\\/www.facebook.com\\\/\",\"https:\\\/\\\/x.com\\\/bercodi\",\"https:\\\/\\\/www.instagram.com\\\/\",\"https:\\\/\\\/www.youtube.com\\\/channel\\\/UCZP-2wLEB9Rv6erhFmqVnvg\"]},{\"@type\":\"Person\",\"@id\":\"https:\\\/\\\/eldigitaldeasturias.com\\\/radio\\\/author\\\/nbasturias\\\/#author\",\"url\":\"https:\\\/\\\/eldigitaldeasturias.com\\\/radio\\\/author\\\/nbasturias\\\/\",\"name\":\"NBAsturias\",\"image\":{\"@type\":\"ImageObject\",\"@id\":\"https:\\\/\\\/eldigitaldeasturias.com\\\/radio\\\/el-ber-pone-a-prueba-sus-sistemas-de-facturacion\\\/#authorImage\",\"url\":\"https:\\\/\\\/secure.gravatar.com\\\/avatar\\\/df2aeffc32bcd13f8d26072ef8a91b623d677766deac7f97ca815868cd41bf5e?s=96&d=mm&r=g\",\"width\":96,\"height\":96,\"caption\":\"NBAsturias\"}},{\"@type\":\"WebPage\",\"@id\":\"https:\\\/\\\/eldigitaldeasturias.com\\\/radio\\\/el-ber-pone-a-prueba-sus-sistemas-de-facturacion\\\/#webpage\",\"url\":\"https:\\\/\\\/eldigitaldeasturias.com\\\/radio\\\/el-ber-pone-a-prueba-sus-sistemas-de-facturacion\\\/\",\"name\":\"El BER pone a prueba sus sistemas de facturaci\\u00f3n | El Digital de Asturias\",\"description\":\"Sch\\u00f6nefeld\\\/Berl\\u00edn (Alemania), 25 nov (dpa) - Los operadores del aeropuerto BER est\\u00e1n probando las operaciones de facturaci\\u00f3n un a\\u00f1o antes de la apertura del nuevo aeropuerto en la capital alemana prevista para 2020, inform\\u00f3 hoy un portavoz de la empresa gestora. El vocero agreg\\u00f3 que se han llevado cientos de maletas vac\\u00edas a la terminal\",\"inLanguage\":\"es-ES\",\"isPartOf\":{\"@id\":\"https:\\\/\\\/eldigitaldeasturias.com\\\/radio\\\/#website\"},\"breadcrumb\":{\"@id\":\"https:\\\/\\\/eldigitaldeasturias.com\\\/radio\\\/el-ber-pone-a-prueba-sus-sistemas-de-facturacion\\\/#breadcrumblist\"},\"author\":{\"@id\":\"https:\\\/\\\/eldigitaldeasturias.com\\\/radio\\\/author\\\/nbasturias\\\/#author\"},\"creator\":{\"@id\":\"https:\\\/\\\/eldigitaldeasturias.com\\\/radio\\\/author\\\/nbasturias\\\/#author\"},\"image\":{\"@type\":\"ImageObject\",\"url\":\"https:\\\/\\\/eldigitaldeasturias.com\\\/radio\\\/wp-content\\\/uploads\\\/2019\\\/11\\\/Sistema-equipajes-BER.jpg\",\"@id\":\"https:\\\/\\\/eldigitaldeasturias.com\\\/radio\\\/el-ber-pone-a-prueba-sus-sistemas-de-facturacion\\\/#mainImage\",\"width\":976,\"height\":675,\"caption\":\"Foto: Patrick Pleul\\\/dpa-Zentralbild\\\/dpa\"},\"primaryImageOfPage\":{\"@id\":\"https:\\\/\\\/eldigitaldeasturias.com\\\/radio\\\/el-ber-pone-a-prueba-sus-sistemas-de-facturacion\\\/#mainImage\"},\"datePublished\":\"2019-11-27T02:21:10+01:00\",\"dateModified\":\"2019-11-27T02:21:10+01:00\"},{\"@type\":\"WebSite\",\"@id\":\"https:\\\/\\\/eldigitaldeasturias.com\\\/radio\\\/#website\",\"url\":\"https:\\\/\\\/eldigitaldeasturias.com\\\/radio\\\/\",\"name\":\"El Digital de Asturias\",\"description\":\"Diario de informaci\\u00f3n y noticias\",\"inLanguage\":\"es-ES\",\"publisher\":{\"@id\":\"https:\\\/\\\/eldigitaldeasturias.com\\\/radio\\\/#organization\"}}]}\n\t\t<\/script>\n\t\t<!-- All in One SEO Pro -->\r\n\t\t<title>El BER pone a prueba sus sistemas de facturaci\u00f3n | El Digital de Asturias<\/title>\n\n","aioseo_head_json":{"title":"El BER pone a prueba sus sistemas de facturaci\u00f3n | El Digital de Asturias","description":"Sch\u00f6nefeld\/Berl\u00edn (Alemania), 25 nov (dpa) - Los operadores del aeropuerto BER est\u00e1n probando las operaciones de facturaci\u00f3n un a\u00f1o antes de la apertura del nuevo aeropuerto en la capital alemana prevista para 2020, inform\u00f3 hoy un portavoz de la empresa gestora. El vocero agreg\u00f3 que se han llevado cientos de maletas vac\u00edas a la terminal","canonical_url":"https:\/\/eldigitaldeasturias.com\/radio\/el-ber-pone-a-prueba-sus-sistemas-de-facturacion\/","robots":"max-image-preview:large","keywords":"turismo","webmasterTools":{"google-site-verification":"UA-38556648-1","miscellaneous":""},"schema":{"@context":"https:\/\/schema.org","@graph":[{"@type":"BreadcrumbList","@id":"https:\/\/eldigitaldeasturias.com\/radio\/el-ber-pone-a-prueba-sus-sistemas-de-facturacion\/#breadcrumblist","itemListElement":[{"@type":"ListItem","@id":"https:\/\/eldigitaldeasturias.com\/radio#listItem","position":1,"name":"Inicio","item":"https:\/\/eldigitaldeasturias.com\/radio","nextItem":{"@type":"ListItem","@id":"https:\/\/eldigitaldeasturias.com\/radio\/category\/turismo\/#listItem","name":"Turismo"}},{"@type":"ListItem","@id":"https:\/\/eldigitaldeasturias.com\/radio\/category\/turismo\/#listItem","position":2,"name":"Turismo","item":"https:\/\/eldigitaldeasturias.com\/radio\/category\/turismo\/","nextItem":{"@type":"ListItem","@id":"https:\/\/eldigitaldeasturias.com\/radio\/el-ber-pone-a-prueba-sus-sistemas-de-facturacion\/#listItem","name":"El BER pone a prueba sus sistemas de facturaci\u00f3n"},"previousItem":{"@type":"ListItem","@id":"https:\/\/eldigitaldeasturias.com\/radio#listItem","name":"Inicio"}},{"@type":"ListItem","@id":"https:\/\/eldigitaldeasturias.com\/radio\/el-ber-pone-a-prueba-sus-sistemas-de-facturacion\/#listItem","position":3,"name":"El BER pone a prueba sus sistemas de facturaci\u00f3n","previousItem":{"@type":"ListItem","@id":"https:\/\/eldigitaldeasturias.com\/radio\/category\/turismo\/#listItem","name":"Turismo"}}]},{"@type":"NewsArticle","@id":"https:\/\/eldigitaldeasturias.com\/radio\/el-ber-pone-a-prueba-sus-sistemas-de-facturacion\/#newsarticle","name":"El BER pone a prueba sus sistemas de facturaci\u00f3n | El Digital de Asturias","headline":"El BER pone a prueba sus sistemas de facturaci\u00f3n","author":{"@id":"https:\/\/eldigitaldeasturias.com\/radio\/author\/nbasturias\/#author"},"publisher":{"@id":"https:\/\/eldigitaldeasturias.com\/radio\/#organization"},"image":{"@type":"ImageObject","url":"https:\/\/eldigitaldeasturias.com\/radio\/wp-content\/uploads\/2019\/11\/Sistema-equipajes-BER.jpg","width":976,"height":675,"caption":"Foto: Patrick Pleul\/dpa-Zentralbild\/dpa"},"datePublished":"2019-11-27T02:21:10+01:00","dateModified":"2019-11-27T02:21:10+01:00","inLanguage":"es-ES","mainEntityOfPage":{"@id":"https:\/\/eldigitaldeasturias.com\/radio\/el-ber-pone-a-prueba-sus-sistemas-de-facturacion\/#webpage"},"isPartOf":{"@id":"https:\/\/eldigitaldeasturias.com\/radio\/el-ber-pone-a-prueba-sus-sistemas-de-facturacion\/#webpage"},"articleSection":"Turismo","dateline":"Publicado el noviembre 27, 2019."},{"@type":"Organization","@id":"https:\/\/eldigitaldeasturias.com\/radio\/#organization","name":"El digital de Asturias Radio","description":"Diario de informaci\u00f3n y noticias","url":"https:\/\/eldigitaldeasturias.com\/radio\/","telephone":"+34652131393","logo":{"@type":"ImageObject","url":"https:\/\/www.eldigitaldeasturias.com\/radio\/wp-content\/uploads\/2021\/03\/EDA.jpg","@id":"https:\/\/eldigitaldeasturias.com\/radio\/el-ber-pone-a-prueba-sus-sistemas-de-facturacion\/#organizationLogo"},"image":{"@id":"https:\/\/eldigitaldeasturias.com\/radio\/el-ber-pone-a-prueba-sus-sistemas-de-facturacion\/#organizationLogo"},"sameAs":["https:\/\/www.facebook.com\/","https:\/\/x.com\/bercodi","https:\/\/www.instagram.com\/","https:\/\/www.youtube.com\/channel\/UCZP-2wLEB9Rv6erhFmqVnvg"]},{"@type":"Person","@id":"https:\/\/eldigitaldeasturias.com\/radio\/author\/nbasturias\/#author","url":"https:\/\/eldigitaldeasturias.com\/radio\/author\/nbasturias\/","name":"NBAsturias","image":{"@type":"ImageObject","@id":"https:\/\/eldigitaldeasturias.com\/radio\/el-ber-pone-a-prueba-sus-sistemas-de-facturacion\/#authorImage","url":"https:\/\/secure.gravatar.com\/avatar\/df2aeffc32bcd13f8d26072ef8a91b623d677766deac7f97ca815868cd41bf5e?s=96&d=mm&r=g","width":96,"height":96,"caption":"NBAsturias"}},{"@type":"WebPage","@id":"https:\/\/eldigitaldeasturias.com\/radio\/el-ber-pone-a-prueba-sus-sistemas-de-facturacion\/#webpage","url":"https:\/\/eldigitaldeasturias.com\/radio\/el-ber-pone-a-prueba-sus-sistemas-de-facturacion\/","name":"El BER pone a prueba sus sistemas de facturaci\u00f3n | El Digital de Asturias","description":"Sch\u00f6nefeld\/Berl\u00edn (Alemania), 25 nov (dpa) - Los operadores del aeropuerto BER est\u00e1n probando las operaciones de facturaci\u00f3n un a\u00f1o antes de la apertura del nuevo aeropuerto en la capital alemana prevista para 2020, inform\u00f3 hoy un portavoz de la empresa gestora. El vocero agreg\u00f3 que se han llevado cientos de maletas vac\u00edas a la terminal","inLanguage":"es-ES","isPartOf":{"@id":"https:\/\/eldigitaldeasturias.com\/radio\/#website"},"breadcrumb":{"@id":"https:\/\/eldigitaldeasturias.com\/radio\/el-ber-pone-a-prueba-sus-sistemas-de-facturacion\/#breadcrumblist"},"author":{"@id":"https:\/\/eldigitaldeasturias.com\/radio\/author\/nbasturias\/#author"},"creator":{"@id":"https:\/\/eldigitaldeasturias.com\/radio\/author\/nbasturias\/#author"},"image":{"@type":"ImageObject","url":"https:\/\/eldigitaldeasturias.com\/radio\/wp-content\/uploads\/2019\/11\/Sistema-equipajes-BER.jpg","@id":"https:\/\/eldigitaldeasturias.com\/radio\/el-ber-pone-a-prueba-sus-sistemas-de-facturacion\/#mainImage","width":976,"height":675,"caption":"Foto: Patrick Pleul\/dpa-Zentralbild\/dpa"},"primaryImageOfPage":{"@id":"https:\/\/eldigitaldeasturias.com\/radio\/el-ber-pone-a-prueba-sus-sistemas-de-facturacion\/#mainImage"},"datePublished":"2019-11-27T02:21:10+01:00","dateModified":"2019-11-27T02:21:10+01:00"},{"@type":"WebSite","@id":"https:\/\/eldigitaldeasturias.com\/radio\/#website","url":"https:\/\/eldigitaldeasturias.com\/radio\/","name":"El Digital de Asturias","description":"Diario de informaci\u00f3n y noticias","inLanguage":"es-ES","publisher":{"@id":"https:\/\/eldigitaldeasturias.com\/radio\/#organization"}}]},"og:locale":"es_ES","og:site_name":"El Digital de Asturias | Diario de informaci\u00f3n y noticias","og:type":"article","og:title":"El BER pone a prueba sus sistemas de facturaci\u00f3n | El Digital de Asturias","og:description":"Sch\u00f6nefeld\/Berl\u00edn (Alemania), 25 nov (dpa) - Los operadores del aeropuerto BER est\u00e1n probando las operaciones de facturaci\u00f3n un a\u00f1o antes de la apertura del nuevo aeropuerto en la capital alemana prevista para 2020, inform\u00f3 hoy un portavoz de la empresa gestora. El vocero agreg\u00f3 que se han llevado cientos de maletas vac\u00edas a la terminal","og:url":"https:\/\/eldigitaldeasturias.com\/radio\/el-ber-pone-a-prueba-sus-sistemas-de-facturacion\/","og:image":"https:\/\/eldigitaldeasturias.com\/radio\/wp-content\/uploads\/2019\/11\/Sistema-equipajes-BER.jpg","og:image:secure_url":"https:\/\/eldigitaldeasturias.com\/radio\/wp-content\/uploads\/2019\/11\/Sistema-equipajes-BER.jpg","og:image:width":976,"og:image:height":675,"article:published_time":"2019-11-27T02:21:10+00:00","article:modified_time":"2019-11-27T02:21:10+00:00","twitter:card":"summary_large_image","twitter:site":"@bercodi","twitter:title":"El BER pone a prueba sus sistemas de facturaci\u00f3n | El Digital de Asturias","twitter:description":"Sch\u00f6nefeld\/Berl\u00edn (Alemania), 25 nov (dpa) - Los operadores del aeropuerto BER est\u00e1n probando las operaciones de facturaci\u00f3n un a\u00f1o antes de la apertura del nuevo aeropuerto en la capital alemana prevista para 2020, inform\u00f3 hoy un portavoz de la empresa gestora. El vocero agreg\u00f3 que se han llevado cientos de maletas vac\u00edas a la terminal","twitter:creator":"@bercodi","twitter:image":"https:\/\/eldigitaldeasturias.com\/radio\/wp-content\/uploads\/2019\/11\/Sistema-equipajes-BER.jpg"},"aioseo_meta_data":{"post_id":"3613","title":null,"description":null,"keywords":null,"keyphrases":null,"primary_term":null,"canonical_url":null,"og_title":null,"og_description":null,"og_object_type":"default","og_image_type":"default","og_image_url":null,"og_image_width":null,"og_image_height":null,"og_image_custom_url":null,"og_image_custom_fields":null,"og_video":null,"og_custom_url":null,"og_article_section":null,"og_article_tags":null,"twitter_use_og":false,"twitter_card":"default","twitter_image_type":"default","twitter_image_url":null,"twitter_image_custom_url":null,"twitter_image_custom_fields":null,"twitter_title":null,"twitter_description":null,"schema":{"blockGraphs":[],"customGraphs":[],"default":{"data":{"Article":[],"Course":[],"Dataset":[],"FAQPage":[],"Movie":[],"Person":[],"Product":[],"ProductReview":[],"Car":[],"Recipe":[],"Service":[],"SoftwareApplication":[],"WebPage":[]},"graphName":"","isEnabled":true},"graphs":[],"defaultGraph":"","defaultPostTypeGraph":""},"schema_type":null,"schema_type_options":null,"pillar_content":false,"robots_default":true,"robots_noindex":false,"robots_noarchive":false,"robots_nosnippet":false,"robots_nofollow":false,"robots_noimageindex":false,"robots_noodp":false,"robots_notranslate":false,"robots_max_snippet":null,"robots_max_videopreview":null,"robots_max_imagepreview":"large","priority":null,"frequency":null,"location":null,"local_seo":null,"seo_analyzer_scan_date":"2025-08-28 14:30:24","breadcrumb_settings":null,"limit_modified_date":false,"open_ai":null,"ai":null,"created":"2021-03-25 12:41:54","updated":"2025-08-28 14:30:24"},"aioseo_breadcrumb":"<div class=\"aioseo-breadcrumbs\"><span class=\"aioseo-breadcrumb\">\n\t<a href=\"https:\/\/eldigitaldeasturias.com\/radio\" title=\"Inicio\">Inicio<\/a>\n<\/span><span class=\"aioseo-breadcrumb-separator\">&ndash;<\/span><span class=\"aioseo-breadcrumb\">\n\t<a href=\"https:\/\/eldigitaldeasturias.com\/radio\/category\/turismo\/\" title=\"Turismo\">Turismo<\/a>\n<\/span><span class=\"aioseo-breadcrumb-separator\">&ndash;<\/span><span class=\"aioseo-breadcrumb\">\n\tEl BER pone a prueba sus sistemas de facturaci\u00f3n\n<\/span><\/div>","aioseo_breadcrumb_json":[{"label":"Inicio","link":"https:\/\/eldigitaldeasturias.com\/radio"},{"label":"Turismo","link":"https:\/\/eldigitaldeasturias.com\/radio\/category\/turismo\/"},{"label":"El BER pone a prueba sus sistemas de facturaci\u00f3n","link":"https:\/\/eldigitaldeasturias.com\/radio\/el-ber-pone-a-prueba-sus-sistemas-de-facturacion\/"}],"_links":{"self":[{"href":"https:\/\/eldigitaldeasturias.com\/radio\/wp-json\/wp\/v2\/posts\/3613","targetHints":{"allow":["GET"]}}],"collection":[{"href":"https:\/\/eldigitaldeasturias.com\/radio\/wp-json\/wp\/v2\/posts"}],"about":[{"href":"https:\/\/eldigitaldeasturias.com\/radio\/wp-json\/wp\/v2\/types\/post"}],"author":[{"embeddable":true,"href":"https:\/\/eldigitaldeasturias.com\/radio\/wp-json\/wp\/v2\/users\/1"}],"replies":[{"embeddable":true,"href":"https:\/\/eldigitaldeasturias.com\/radio\/wp-json\/wp\/v2\/comments?post=3613"}],"version-history":[{"count":0,"href":"https:\/\/eldigitaldeasturias.com\/radio\/wp-json\/wp\/v2\/posts\/3613\/revisions"}],"wp:featuredmedia":[{"embeddable":true,"href":"https:\/\/eldigitaldeasturias.com\/radio\/wp-json\/wp\/v2\/media\/3614"}],"wp:attachment":[{"href":"https:\/\/eldigitaldeasturias.com\/radio\/wp-json\/wp\/v2\/media?parent=3613"}],"wp:term":[{"taxonomy":"category","embeddable":true,"href":"https:\/\/eldigitaldeasturias.com\/radio\/wp-json\/wp\/v2\/categories?post=3613"},{"taxonomy":"post_tag","embeddable":true,"href":"https:\/\/eldigitaldeasturias.com\/radio\/wp-json\/wp\/v2\/tags?post=3613"}],"curies":[{"name":"wp","href":"https:\/\/api.w.org\/{rel}","templated":true}]}}