{"id":3604,"date":"2019-11-27T01:45:20","date_gmt":"2019-11-27T01:45:20","guid":{"rendered":"http:\/\/www.eldigitaldeasturias.com\/radio\/?p=3604"},"modified":"2019-11-27T01:45:20","modified_gmt":"2019-11-27T01:45:20","slug":"ministra-alemana-exige-derecho-de-las-mujeres-golpeadas-a-un-refugio","status":"publish","type":"post","link":"https:\/\/eldigitaldeasturias.com\/radio\/ministra-alemana-exige-derecho-de-las-mujeres-golpeadas-a-un-refugio\/","title":{"rendered":"Ministra alemana exige derecho de las mujeres golpeadas a un refugio"},"content":{"rendered":"<p>Berl\u00edn, 25 nov (dpa) &#8211; Las mujeres afectadas por violencia de g\u00e9nero deber\u00edan tener en el futuro derecho legal a tener una plaza en un refugio, dijo hoy la ministra germana de Familia, Franziska Giffey, en una entrevista en el programa de la televisi\u00f3n alemana estatal ARD.<\/p>\n<p>\u00abEste ser\u00e1 un tema para el futuro\u00bb, dijo la pol\u00edtica socialdem\u00f3crata al destacar que por el momento no hay suficientes plazas.<\/p>\n<p>\u00abTodos deben involucrarse para que podamos tener una perspectiva en este reclamo legal\u00bb, se\u00f1al\u00f3 la Giffey, quien lanz\u00f3 este lunes una iniciativa a nivel nacional con motivo del D\u00eda Internacional de la Eliminaci\u00f3n de la Violencia contra la Mujer.<\/p>\n<p>Bajo el t\u00edtulo \u00abM\u00e1s fuerte que la violencia\u00bb se han unido varias organizaciones para ayudar a las mujeres afectadas.<\/p>\n<p>El Gobierno alem\u00e1n pondr\u00e1 a disposici\u00f3n unos 30 millones de euros (33 millones de d\u00f3lares) anuales en los pr\u00f3ximos cuatro a\u00f1os. <\/p>\n<p>\u00abEl dinero se destinar\u00e1 para la ampliaci\u00f3n de las plazas, es decir, para la ampliaci\u00f3n de los refugios para mujeres y la creaci\u00f3n de nuevos sitios\u00bb, dijo Giffey.<\/p>\n<p>En todo el pa\u00eds hay unos 350 refugios para mujeres afectadas por la violencia dom\u00e9stica.<\/p>\n<p>Seg\u00fan las estad\u00edsticas sobre violencia de g\u00e9nero de la Oficina Federal de Investigaci\u00f3n Criminal (BKA, seg\u00fan sus siglas en alem\u00e1n), 122 mujeres fueron asesinadas en 2018 por sus parejas o ex parejas.<\/p>\n<p>Asimismo, de acuerdo con el informe, 114.000 mujeres fueron v\u00edctimas de violencia dom\u00e9stica, amenazas o acoso por parte de sus maridos, parejas o ex parejas.<\/p>\n<p>Tambi\u00e9n hubo alrededor de 26.000 hombres que fueron amenazados, acosados o atacados por sus mujeres o ex mujeres.<\/p>\n<p>Giffey, que ya hab\u00eda exigido en marzo que las mujeres golpeadas tuvieran el derecho legal de acceder a un refugio, obtuvo el apoyo del Partido Verde.<\/p>\n","protected":false},"excerpt":{"rendered":"<p>Berl\u00edn, 25 nov (dpa) &#8211; Las mujeres afectadas por violencia de g\u00e9nero deber\u00edan tener en el futuro derecho legal a tener una plaza en un refugio, dijo hoy la ministra germana de Familia, Franziska Giffey, en una entrevista en el programa de la televisi\u00f3n alemana estatal ARD. \u00abEste ser\u00e1 un tema para el futuro\u00bb, dijo<\/p>\n","protected":false},"author":1,"featured_media":242,"comment_status":"closed","ping_status":"closed","sticky":false,"template":"","format":"standard","meta":{"footnotes":""},"categories":[1],"tags":[],"class_list":{"0":"post-3604","1":"post","2":"type-post","3":"status-publish","4":"format-standard","5":"has-post-thumbnail","7":"category-noticias"},"aioseo_notices":[],"aioseo_head":"\n\t\t<!-- All in One SEO Pro 4.9.6.2 - aioseo.com -->\n\t<meta name=\"description\" content=\"Berl\u00edn, 25 nov (dpa) - Las mujeres afectadas por violencia de g\u00e9nero deber\u00edan tener en el futuro derecho legal a tener una plaza en un refugio, dijo hoy la ministra germana de Familia, Franziska Giffey, en una entrevista en el programa de la televisi\u00f3n alemana estatal ARD. &quot;Este ser\u00e1 un tema para el futuro&quot;, dijo\" \/>\n\t<meta name=\"robots\" content=\"max-image-preview:large\" \/>\n\t<meta name=\"author\" content=\"NBAsturias\"\/>\n\t<meta name=\"google-site-verification\" content=\"UA-38556648-1\" \/>\n\t<meta name=\"keywords\" content=\"noticias\" \/>\n\t<link rel=\"canonical\" href=\"https:\/\/eldigitaldeasturias.com\/radio\/ministra-alemana-exige-derecho-de-las-mujeres-golpeadas-a-un-refugio\/\" \/>\n\t<meta name=\"generator\" content=\"All in One SEO Pro (AIOSEO) 4.9.6.2\" \/>\n\t\t<meta property=\"og:locale\" content=\"es_ES\" \/>\n\t\t<meta property=\"og:site_name\" content=\"El Digital de Asturias | Diario de informaci\u00f3n y noticias\" \/>\n\t\t<meta property=\"og:type\" content=\"article\" \/>\n\t\t<meta property=\"og:title\" content=\"Ministra alemana exige derecho de las mujeres golpeadas a un refugio | El Digital de Asturias\" \/>\n\t\t<meta property=\"og:description\" content=\"Berl\u00edn, 25 nov (dpa) - Las mujeres afectadas por violencia de g\u00e9nero deber\u00edan tener en el futuro derecho legal a tener una plaza en un refugio, dijo hoy la ministra germana de Familia, Franziska Giffey, en una entrevista en el programa de la televisi\u00f3n alemana estatal ARD. &quot;Este ser\u00e1 un tema para el futuro&quot;, dijo\" \/>\n\t\t<meta property=\"og:url\" content=\"https:\/\/eldigitaldeasturias.com\/radio\/ministra-alemana-exige-derecho-de-las-mujeres-golpeadas-a-un-refugio\/\" \/>\n\t\t<meta property=\"og:image\" content=\"https:\/\/eldigitaldeasturias.com\/radio\/wp-content\/uploads\/2018\/03\/technology-785742_1280.jpg\" \/>\n\t\t<meta property=\"og:image:secure_url\" content=\"https:\/\/eldigitaldeasturias.com\/radio\/wp-content\/uploads\/2018\/03\/technology-785742_1280.jpg\" \/>\n\t\t<meta property=\"og:image:width\" content=\"1280\" \/>\n\t\t<meta property=\"og:image:height\" content=\"853\" \/>\n\t\t<meta property=\"article:published_time\" content=\"2019-11-27T01:45:20+00:00\" \/>\n\t\t<meta property=\"article:modified_time\" content=\"2019-11-27T01:45:20+00:00\" \/>\n\t\t<meta name=\"twitter:card\" content=\"summary_large_image\" \/>\n\t\t<meta name=\"twitter:site\" content=\"@bercodi\" \/>\n\t\t<meta name=\"twitter:title\" content=\"Ministra alemana exige derecho de las mujeres golpeadas a un refugio | El Digital de Asturias\" \/>\n\t\t<meta name=\"twitter:description\" content=\"Berl\u00edn, 25 nov (dpa) - Las mujeres afectadas por violencia de g\u00e9nero deber\u00edan tener en el futuro derecho legal a tener una plaza en un refugio, dijo hoy la ministra germana de Familia, Franziska Giffey, en una entrevista en el programa de la televisi\u00f3n alemana estatal ARD. &quot;Este ser\u00e1 un tema para el futuro&quot;, dijo\" \/>\n\t\t<meta name=\"twitter:creator\" content=\"@bercodi\" \/>\n\t\t<meta name=\"twitter:image\" content=\"https:\/\/eldigitaldeasturias.com\/radio\/wp-content\/uploads\/2018\/03\/technology-785742_1280.jpg\" \/>\n\t\t<script type=\"application\/ld+json\" class=\"aioseo-schema\">\n\t\t\t{\"@context\":\"https:\\\/\\\/schema.org\",\"@graph\":[{\"@type\":\"BreadcrumbList\",\"@id\":\"https:\\\/\\\/eldigitaldeasturias.com\\\/radio\\\/ministra-alemana-exige-derecho-de-las-mujeres-golpeadas-a-un-refugio\\\/#breadcrumblist\",\"itemListElement\":[{\"@type\":\"ListItem\",\"@id\":\"https:\\\/\\\/eldigitaldeasturias.com\\\/radio#listItem\",\"position\":1,\"name\":\"Inicio\",\"item\":\"https:\\\/\\\/eldigitaldeasturias.com\\\/radio\",\"nextItem\":{\"@type\":\"ListItem\",\"@id\":\"https:\\\/\\\/eldigitaldeasturias.com\\\/radio\\\/category\\\/noticias\\\/#listItem\",\"name\":\"Noticias\"}},{\"@type\":\"ListItem\",\"@id\":\"https:\\\/\\\/eldigitaldeasturias.com\\\/radio\\\/category\\\/noticias\\\/#listItem\",\"position\":2,\"name\":\"Noticias\",\"item\":\"https:\\\/\\\/eldigitaldeasturias.com\\\/radio\\\/category\\\/noticias\\\/\",\"nextItem\":{\"@type\":\"ListItem\",\"@id\":\"https:\\\/\\\/eldigitaldeasturias.com\\\/radio\\\/ministra-alemana-exige-derecho-de-las-mujeres-golpeadas-a-un-refugio\\\/#listItem\",\"name\":\"Ministra alemana exige derecho de las mujeres golpeadas a un refugio\"},\"previousItem\":{\"@type\":\"ListItem\",\"@id\":\"https:\\\/\\\/eldigitaldeasturias.com\\\/radio#listItem\",\"name\":\"Inicio\"}},{\"@type\":\"ListItem\",\"@id\":\"https:\\\/\\\/eldigitaldeasturias.com\\\/radio\\\/ministra-alemana-exige-derecho-de-las-mujeres-golpeadas-a-un-refugio\\\/#listItem\",\"position\":3,\"name\":\"Ministra alemana exige derecho de las mujeres golpeadas a un refugio\",\"previousItem\":{\"@type\":\"ListItem\",\"@id\":\"https:\\\/\\\/eldigitaldeasturias.com\\\/radio\\\/category\\\/noticias\\\/#listItem\",\"name\":\"Noticias\"}}]},{\"@type\":\"NewsArticle\",\"@id\":\"https:\\\/\\\/eldigitaldeasturias.com\\\/radio\\\/ministra-alemana-exige-derecho-de-las-mujeres-golpeadas-a-un-refugio\\\/#newsarticle\",\"name\":\"Ministra alemana exige derecho de las mujeres golpeadas a un refugio | El Digital de Asturias\",\"headline\":\"Ministra alemana exige derecho de las mujeres golpeadas a un refugio\",\"author\":{\"@id\":\"https:\\\/\\\/eldigitaldeasturias.com\\\/radio\\\/author\\\/nbasturias\\\/#author\"},\"publisher\":{\"@id\":\"https:\\\/\\\/eldigitaldeasturias.com\\\/radio\\\/#organization\"},\"image\":{\"@type\":\"ImageObject\",\"url\":\"https:\\\/\\\/eldigitaldeasturias.com\\\/radio\\\/wp-content\\\/uploads\\\/2018\\\/03\\\/technology-785742_1280.jpg\",\"width\":1280,\"height\":853},\"datePublished\":\"2019-11-27T01:45:20+01:00\",\"dateModified\":\"2019-11-27T01:45:20+01:00\",\"inLanguage\":\"es-ES\",\"mainEntityOfPage\":{\"@id\":\"https:\\\/\\\/eldigitaldeasturias.com\\\/radio\\\/ministra-alemana-exige-derecho-de-las-mujeres-golpeadas-a-un-refugio\\\/#webpage\"},\"isPartOf\":{\"@id\":\"https:\\\/\\\/eldigitaldeasturias.com\\\/radio\\\/ministra-alemana-exige-derecho-de-las-mujeres-golpeadas-a-un-refugio\\\/#webpage\"},\"articleSection\":\"Noticias\",\"dateline\":\"Publicado el noviembre 27, 2019.\"},{\"@type\":\"Organization\",\"@id\":\"https:\\\/\\\/eldigitaldeasturias.com\\\/radio\\\/#organization\",\"name\":\"El digital de Asturias Radio\",\"description\":\"Diario de informaci\\u00f3n y noticias\",\"url\":\"https:\\\/\\\/eldigitaldeasturias.com\\\/radio\\\/\",\"telephone\":\"+34652131393\",\"logo\":{\"@type\":\"ImageObject\",\"url\":\"https:\\\/\\\/www.eldigitaldeasturias.com\\\/radio\\\/wp-content\\\/uploads\\\/2021\\\/03\\\/EDA.jpg\",\"@id\":\"https:\\\/\\\/eldigitaldeasturias.com\\\/radio\\\/ministra-alemana-exige-derecho-de-las-mujeres-golpeadas-a-un-refugio\\\/#organizationLogo\"},\"image\":{\"@id\":\"https:\\\/\\\/eldigitaldeasturias.com\\\/radio\\\/ministra-alemana-exige-derecho-de-las-mujeres-golpeadas-a-un-refugio\\\/#organizationLogo\"},\"sameAs\":[\"https:\\\/\\\/www.facebook.com\\\/\",\"https:\\\/\\\/x.com\\\/bercodi\",\"https:\\\/\\\/www.instagram.com\\\/\",\"https:\\\/\\\/www.youtube.com\\\/channel\\\/UCZP-2wLEB9Rv6erhFmqVnvg\"]},{\"@type\":\"Person\",\"@id\":\"https:\\\/\\\/eldigitaldeasturias.com\\\/radio\\\/author\\\/nbasturias\\\/#author\",\"url\":\"https:\\\/\\\/eldigitaldeasturias.com\\\/radio\\\/author\\\/nbasturias\\\/\",\"name\":\"NBAsturias\",\"image\":{\"@type\":\"ImageObject\",\"@id\":\"https:\\\/\\\/eldigitaldeasturias.com\\\/radio\\\/ministra-alemana-exige-derecho-de-las-mujeres-golpeadas-a-un-refugio\\\/#authorImage\",\"url\":\"https:\\\/\\\/secure.gravatar.com\\\/avatar\\\/df2aeffc32bcd13f8d26072ef8a91b623d677766deac7f97ca815868cd41bf5e?s=96&d=mm&r=g\",\"width\":96,\"height\":96,\"caption\":\"NBAsturias\"}},{\"@type\":\"WebPage\",\"@id\":\"https:\\\/\\\/eldigitaldeasturias.com\\\/radio\\\/ministra-alemana-exige-derecho-de-las-mujeres-golpeadas-a-un-refugio\\\/#webpage\",\"url\":\"https:\\\/\\\/eldigitaldeasturias.com\\\/radio\\\/ministra-alemana-exige-derecho-de-las-mujeres-golpeadas-a-un-refugio\\\/\",\"name\":\"Ministra alemana exige derecho de las mujeres golpeadas a un refugio | El Digital de Asturias\",\"description\":\"Berl\\u00edn, 25 nov (dpa) - Las mujeres afectadas por violencia de g\\u00e9nero deber\\u00edan tener en el futuro derecho legal a tener una plaza en un refugio, dijo hoy la ministra germana de Familia, Franziska Giffey, en una entrevista en el programa de la televisi\\u00f3n alemana estatal ARD. \\\"Este ser\\u00e1 un tema para el futuro\\\", dijo\",\"inLanguage\":\"es-ES\",\"isPartOf\":{\"@id\":\"https:\\\/\\\/eldigitaldeasturias.com\\\/radio\\\/#website\"},\"breadcrumb\":{\"@id\":\"https:\\\/\\\/eldigitaldeasturias.com\\\/radio\\\/ministra-alemana-exige-derecho-de-las-mujeres-golpeadas-a-un-refugio\\\/#breadcrumblist\"},\"author\":{\"@id\":\"https:\\\/\\\/eldigitaldeasturias.com\\\/radio\\\/author\\\/nbasturias\\\/#author\"},\"creator\":{\"@id\":\"https:\\\/\\\/eldigitaldeasturias.com\\\/radio\\\/author\\\/nbasturias\\\/#author\"},\"image\":{\"@type\":\"ImageObject\",\"url\":\"https:\\\/\\\/eldigitaldeasturias.com\\\/radio\\\/wp-content\\\/uploads\\\/2018\\\/03\\\/technology-785742_1280.jpg\",\"@id\":\"https:\\\/\\\/eldigitaldeasturias.com\\\/radio\\\/ministra-alemana-exige-derecho-de-las-mujeres-golpeadas-a-un-refugio\\\/#mainImage\",\"width\":1280,\"height\":853},\"primaryImageOfPage\":{\"@id\":\"https:\\\/\\\/eldigitaldeasturias.com\\\/radio\\\/ministra-alemana-exige-derecho-de-las-mujeres-golpeadas-a-un-refugio\\\/#mainImage\"},\"datePublished\":\"2019-11-27T01:45:20+01:00\",\"dateModified\":\"2019-11-27T01:45:20+01:00\"},{\"@type\":\"WebSite\",\"@id\":\"https:\\\/\\\/eldigitaldeasturias.com\\\/radio\\\/#website\",\"url\":\"https:\\\/\\\/eldigitaldeasturias.com\\\/radio\\\/\",\"name\":\"El Digital de Asturias\",\"description\":\"Diario de informaci\\u00f3n y noticias\",\"inLanguage\":\"es-ES\",\"publisher\":{\"@id\":\"https:\\\/\\\/eldigitaldeasturias.com\\\/radio\\\/#organization\"}}]}\n\t\t<\/script>\n\t\t<!-- All in One SEO Pro -->\r\n\t\t<title>Ministra alemana exige derecho de las mujeres golpeadas a un refugio | El Digital de Asturias<\/title>\n\n","aioseo_head_json":{"title":"Ministra alemana exige derecho de las mujeres golpeadas a un refugio | El Digital de Asturias","description":"Berl\u00edn, 25 nov (dpa) - Las mujeres afectadas por violencia de g\u00e9nero deber\u00edan tener en el futuro derecho legal a tener una plaza en un refugio, dijo hoy la ministra germana de Familia, Franziska Giffey, en una entrevista en el programa de la televisi\u00f3n alemana estatal ARD. \"Este ser\u00e1 un tema para el futuro\", dijo","canonical_url":"https:\/\/eldigitaldeasturias.com\/radio\/ministra-alemana-exige-derecho-de-las-mujeres-golpeadas-a-un-refugio\/","robots":"max-image-preview:large","keywords":"noticias","webmasterTools":{"google-site-verification":"UA-38556648-1","miscellaneous":""},"schema":{"@context":"https:\/\/schema.org","@graph":[{"@type":"BreadcrumbList","@id":"https:\/\/eldigitaldeasturias.com\/radio\/ministra-alemana-exige-derecho-de-las-mujeres-golpeadas-a-un-refugio\/#breadcrumblist","itemListElement":[{"@type":"ListItem","@id":"https:\/\/eldigitaldeasturias.com\/radio#listItem","position":1,"name":"Inicio","item":"https:\/\/eldigitaldeasturias.com\/radio","nextItem":{"@type":"ListItem","@id":"https:\/\/eldigitaldeasturias.com\/radio\/category\/noticias\/#listItem","name":"Noticias"}},{"@type":"ListItem","@id":"https:\/\/eldigitaldeasturias.com\/radio\/category\/noticias\/#listItem","position":2,"name":"Noticias","item":"https:\/\/eldigitaldeasturias.com\/radio\/category\/noticias\/","nextItem":{"@type":"ListItem","@id":"https:\/\/eldigitaldeasturias.com\/radio\/ministra-alemana-exige-derecho-de-las-mujeres-golpeadas-a-un-refugio\/#listItem","name":"Ministra alemana exige derecho de las mujeres golpeadas a un refugio"},"previousItem":{"@type":"ListItem","@id":"https:\/\/eldigitaldeasturias.com\/radio#listItem","name":"Inicio"}},{"@type":"ListItem","@id":"https:\/\/eldigitaldeasturias.com\/radio\/ministra-alemana-exige-derecho-de-las-mujeres-golpeadas-a-un-refugio\/#listItem","position":3,"name":"Ministra alemana exige derecho de las mujeres golpeadas a un refugio","previousItem":{"@type":"ListItem","@id":"https:\/\/eldigitaldeasturias.com\/radio\/category\/noticias\/#listItem","name":"Noticias"}}]},{"@type":"NewsArticle","@id":"https:\/\/eldigitaldeasturias.com\/radio\/ministra-alemana-exige-derecho-de-las-mujeres-golpeadas-a-un-refugio\/#newsarticle","name":"Ministra alemana exige derecho de las mujeres golpeadas a un refugio | El Digital de Asturias","headline":"Ministra alemana exige derecho de las mujeres golpeadas a un refugio","author":{"@id":"https:\/\/eldigitaldeasturias.com\/radio\/author\/nbasturias\/#author"},"publisher":{"@id":"https:\/\/eldigitaldeasturias.com\/radio\/#organization"},"image":{"@type":"ImageObject","url":"https:\/\/eldigitaldeasturias.com\/radio\/wp-content\/uploads\/2018\/03\/technology-785742_1280.jpg","width":1280,"height":853},"datePublished":"2019-11-27T01:45:20+01:00","dateModified":"2019-11-27T01:45:20+01:00","inLanguage":"es-ES","mainEntityOfPage":{"@id":"https:\/\/eldigitaldeasturias.com\/radio\/ministra-alemana-exige-derecho-de-las-mujeres-golpeadas-a-un-refugio\/#webpage"},"isPartOf":{"@id":"https:\/\/eldigitaldeasturias.com\/radio\/ministra-alemana-exige-derecho-de-las-mujeres-golpeadas-a-un-refugio\/#webpage"},"articleSection":"Noticias","dateline":"Publicado el noviembre 27, 2019."},{"@type":"Organization","@id":"https:\/\/eldigitaldeasturias.com\/radio\/#organization","name":"El digital de Asturias Radio","description":"Diario de informaci\u00f3n y noticias","url":"https:\/\/eldigitaldeasturias.com\/radio\/","telephone":"+34652131393","logo":{"@type":"ImageObject","url":"https:\/\/www.eldigitaldeasturias.com\/radio\/wp-content\/uploads\/2021\/03\/EDA.jpg","@id":"https:\/\/eldigitaldeasturias.com\/radio\/ministra-alemana-exige-derecho-de-las-mujeres-golpeadas-a-un-refugio\/#organizationLogo"},"image":{"@id":"https:\/\/eldigitaldeasturias.com\/radio\/ministra-alemana-exige-derecho-de-las-mujeres-golpeadas-a-un-refugio\/#organizationLogo"},"sameAs":["https:\/\/www.facebook.com\/","https:\/\/x.com\/bercodi","https:\/\/www.instagram.com\/","https:\/\/www.youtube.com\/channel\/UCZP-2wLEB9Rv6erhFmqVnvg"]},{"@type":"Person","@id":"https:\/\/eldigitaldeasturias.com\/radio\/author\/nbasturias\/#author","url":"https:\/\/eldigitaldeasturias.com\/radio\/author\/nbasturias\/","name":"NBAsturias","image":{"@type":"ImageObject","@id":"https:\/\/eldigitaldeasturias.com\/radio\/ministra-alemana-exige-derecho-de-las-mujeres-golpeadas-a-un-refugio\/#authorImage","url":"https:\/\/secure.gravatar.com\/avatar\/df2aeffc32bcd13f8d26072ef8a91b623d677766deac7f97ca815868cd41bf5e?s=96&d=mm&r=g","width":96,"height":96,"caption":"NBAsturias"}},{"@type":"WebPage","@id":"https:\/\/eldigitaldeasturias.com\/radio\/ministra-alemana-exige-derecho-de-las-mujeres-golpeadas-a-un-refugio\/#webpage","url":"https:\/\/eldigitaldeasturias.com\/radio\/ministra-alemana-exige-derecho-de-las-mujeres-golpeadas-a-un-refugio\/","name":"Ministra alemana exige derecho de las mujeres golpeadas a un refugio | El Digital de Asturias","description":"Berl\u00edn, 25 nov (dpa) - Las mujeres afectadas por violencia de g\u00e9nero deber\u00edan tener en el futuro derecho legal a tener una plaza en un refugio, dijo hoy la ministra germana de Familia, Franziska Giffey, en una entrevista en el programa de la televisi\u00f3n alemana estatal ARD. \"Este ser\u00e1 un tema para el futuro\", dijo","inLanguage":"es-ES","isPartOf":{"@id":"https:\/\/eldigitaldeasturias.com\/radio\/#website"},"breadcrumb":{"@id":"https:\/\/eldigitaldeasturias.com\/radio\/ministra-alemana-exige-derecho-de-las-mujeres-golpeadas-a-un-refugio\/#breadcrumblist"},"author":{"@id":"https:\/\/eldigitaldeasturias.com\/radio\/author\/nbasturias\/#author"},"creator":{"@id":"https:\/\/eldigitaldeasturias.com\/radio\/author\/nbasturias\/#author"},"image":{"@type":"ImageObject","url":"https:\/\/eldigitaldeasturias.com\/radio\/wp-content\/uploads\/2018\/03\/technology-785742_1280.jpg","@id":"https:\/\/eldigitaldeasturias.com\/radio\/ministra-alemana-exige-derecho-de-las-mujeres-golpeadas-a-un-refugio\/#mainImage","width":1280,"height":853},"primaryImageOfPage":{"@id":"https:\/\/eldigitaldeasturias.com\/radio\/ministra-alemana-exige-derecho-de-las-mujeres-golpeadas-a-un-refugio\/#mainImage"},"datePublished":"2019-11-27T01:45:20+01:00","dateModified":"2019-11-27T01:45:20+01:00"},{"@type":"WebSite","@id":"https:\/\/eldigitaldeasturias.com\/radio\/#website","url":"https:\/\/eldigitaldeasturias.com\/radio\/","name":"El Digital de Asturias","description":"Diario de informaci\u00f3n y noticias","inLanguage":"es-ES","publisher":{"@id":"https:\/\/eldigitaldeasturias.com\/radio\/#organization"}}]},"og:locale":"es_ES","og:site_name":"El Digital de Asturias | Diario de informaci\u00f3n y noticias","og:type":"article","og:title":"Ministra alemana exige derecho de las mujeres golpeadas a un refugio | El Digital de Asturias","og:description":"Berl\u00edn, 25 nov (dpa) - Las mujeres afectadas por violencia de g\u00e9nero deber\u00edan tener en el futuro derecho legal a tener una plaza en un refugio, dijo hoy la ministra germana de Familia, Franziska Giffey, en una entrevista en el programa de la televisi\u00f3n alemana estatal ARD. &quot;Este ser\u00e1 un tema para el futuro&quot;, dijo","og:url":"https:\/\/eldigitaldeasturias.com\/radio\/ministra-alemana-exige-derecho-de-las-mujeres-golpeadas-a-un-refugio\/","og:image":"https:\/\/eldigitaldeasturias.com\/radio\/wp-content\/uploads\/2018\/03\/technology-785742_1280.jpg","og:image:secure_url":"https:\/\/eldigitaldeasturias.com\/radio\/wp-content\/uploads\/2018\/03\/technology-785742_1280.jpg","og:image:width":1280,"og:image:height":853,"article:published_time":"2019-11-27T01:45:20+00:00","article:modified_time":"2019-11-27T01:45:20+00:00","twitter:card":"summary_large_image","twitter:site":"@bercodi","twitter:title":"Ministra alemana exige derecho de las mujeres golpeadas a un refugio | El Digital de Asturias","twitter:description":"Berl\u00edn, 25 nov (dpa) - Las mujeres afectadas por violencia de g\u00e9nero deber\u00edan tener en el futuro derecho legal a tener una plaza en un refugio, dijo hoy la ministra germana de Familia, Franziska Giffey, en una entrevista en el programa de la televisi\u00f3n alemana estatal ARD. &quot;Este ser\u00e1 un tema para el futuro&quot;, dijo","twitter:creator":"@bercodi","twitter:image":"https:\/\/eldigitaldeasturias.com\/radio\/wp-content\/uploads\/2018\/03\/technology-785742_1280.jpg"},"aioseo_meta_data":{"post_id":"3604","title":null,"description":null,"keywords":null,"keyphrases":null,"primary_term":null,"canonical_url":null,"og_title":null,"og_description":null,"og_object_type":"default","og_image_type":"default","og_image_url":null,"og_image_width":null,"og_image_height":null,"og_image_custom_url":null,"og_image_custom_fields":null,"og_video":null,"og_custom_url":null,"og_article_section":null,"og_article_tags":null,"twitter_use_og":false,"twitter_card":"default","twitter_image_type":"default","twitter_image_url":null,"twitter_image_custom_url":null,"twitter_image_custom_fields":null,"twitter_title":null,"twitter_description":null,"schema":{"blockGraphs":[],"customGraphs":[],"default":{"data":{"Article":[],"Course":[],"Dataset":[],"FAQPage":[],"Movie":[],"Person":[],"Product":[],"ProductReview":[],"Car":[],"Recipe":[],"Service":[],"SoftwareApplication":[],"WebPage":[]},"graphName":"","isEnabled":true},"graphs":[],"defaultGraph":"","defaultPostTypeGraph":""},"schema_type":null,"schema_type_options":null,"pillar_content":false,"robots_default":true,"robots_noindex":false,"robots_noarchive":false,"robots_nosnippet":false,"robots_nofollow":false,"robots_noimageindex":false,"robots_noodp":false,"robots_notranslate":false,"robots_max_snippet":null,"robots_max_videopreview":null,"robots_max_imagepreview":"large","priority":null,"frequency":null,"location":null,"local_seo":null,"seo_analyzer_scan_date":"2025-08-28 14:28:28","breadcrumb_settings":null,"limit_modified_date":false,"open_ai":null,"ai":null,"created":"2021-03-25 19:27:03","updated":"2025-08-28 14:28:28"},"aioseo_breadcrumb":"<div class=\"aioseo-breadcrumbs\"><span class=\"aioseo-breadcrumb\">\n\t<a href=\"https:\/\/eldigitaldeasturias.com\/radio\" title=\"Inicio\">Inicio<\/a>\n<\/span><span class=\"aioseo-breadcrumb-separator\">&ndash;<\/span><span class=\"aioseo-breadcrumb\">\n\t<a href=\"https:\/\/eldigitaldeasturias.com\/radio\/category\/noticias\/\" title=\"Noticias\">Noticias<\/a>\n<\/span><span class=\"aioseo-breadcrumb-separator\">&ndash;<\/span><span class=\"aioseo-breadcrumb\">\n\tMinistra alemana exige derecho de las mujeres golpeadas a un refugio\n<\/span><\/div>","aioseo_breadcrumb_json":[{"label":"Inicio","link":"https:\/\/eldigitaldeasturias.com\/radio"},{"label":"Noticias","link":"https:\/\/eldigitaldeasturias.com\/radio\/category\/noticias\/"},{"label":"Ministra alemana exige derecho de las mujeres golpeadas a un refugio","link":"https:\/\/eldigitaldeasturias.com\/radio\/ministra-alemana-exige-derecho-de-las-mujeres-golpeadas-a-un-refugio\/"}],"_links":{"self":[{"href":"https:\/\/eldigitaldeasturias.com\/radio\/wp-json\/wp\/v2\/posts\/3604","targetHints":{"allow":["GET"]}}],"collection":[{"href":"https:\/\/eldigitaldeasturias.com\/radio\/wp-json\/wp\/v2\/posts"}],"about":[{"href":"https:\/\/eldigitaldeasturias.com\/radio\/wp-json\/wp\/v2\/types\/post"}],"author":[{"embeddable":true,"href":"https:\/\/eldigitaldeasturias.com\/radio\/wp-json\/wp\/v2\/users\/1"}],"replies":[{"embeddable":true,"href":"https:\/\/eldigitaldeasturias.com\/radio\/wp-json\/wp\/v2\/comments?post=3604"}],"version-history":[{"count":0,"href":"https:\/\/eldigitaldeasturias.com\/radio\/wp-json\/wp\/v2\/posts\/3604\/revisions"}],"wp:featuredmedia":[{"embeddable":true,"href":"https:\/\/eldigitaldeasturias.com\/radio\/wp-json\/wp\/v2\/media\/242"}],"wp:attachment":[{"href":"https:\/\/eldigitaldeasturias.com\/radio\/wp-json\/wp\/v2\/media?parent=3604"}],"wp:term":[{"taxonomy":"category","embeddable":true,"href":"https:\/\/eldigitaldeasturias.com\/radio\/wp-json\/wp\/v2\/categories?post=3604"},{"taxonomy":"post_tag","embeddable":true,"href":"https:\/\/eldigitaldeasturias.com\/radio\/wp-json\/wp\/v2\/tags?post=3604"}],"curies":[{"name":"wp","href":"https:\/\/api.w.org\/{rel}","templated":true}]}}