{"id":3602,"date":"2019-11-27T01:43:31","date_gmt":"2019-11-27T01:43:31","guid":{"rendered":"http:\/\/www.eldigitaldeasturias.com\/radio\/?p=3602"},"modified":"2019-11-27T01:43:31","modified_gmt":"2019-11-27T01:43:31","slug":"alemania-muy-preocupada-por-persecucion-de-uigures-en-china","status":"publish","type":"post","link":"https:\/\/eldigitaldeasturias.com\/radio\/alemania-muy-preocupada-por-persecucion-de-uigures-en-china\/","title":{"rendered":"Alemania \u00abmuy preocupada\u00bb por persecuci\u00f3n de uigures en China"},"content":{"rendered":"<p><img fetchpriority=\"high\" decoding=\"async\" class=\"alignleft size-medium wp-image-1439\" src=\"http:\/\/www.eldigitaldeasturias.com\/radio\/wp-content\/uploads\/2018\/10\/berlin-76509_960_720-360x270.jpg\" alt=\"\" width=\"360\" height=\"270\" srcset=\"https:\/\/eldigitaldeasturias.com\/radio\/wp-content\/uploads\/2018\/10\/berlin-76509_960_720-360x270.jpg 360w, https:\/\/eldigitaldeasturias.com\/radio\/wp-content\/uploads\/2018\/10\/berlin-76509_960_720-768x576.jpg 768w, https:\/\/eldigitaldeasturias.com\/radio\/wp-content\/uploads\/2018\/10\/berlin-76509_960_720.jpg 960w\" sizes=\"(max-width: 360px) 100vw, 360px\" \/>Berl\u00edn, 25 nov (dpa) &#8211; El Gobierno alem\u00e1n reaccion\u00f3 \u00abcon gran preocupaci\u00f3n\u00bb ante las nuevas revelaciones sobre la persecuci\u00f3n de los uigures musulmanes en China, seg\u00fan inform\u00f3 hoy una portavoz del ministerio alem\u00e1n de Relaciones Exteriores en Berl\u00edn.<\/p>\n<p>La portavoz dijo que desde hace un tiempo se llevan a cabo \u00abconversaciones muy serias\u00bb con los l\u00edderes en China y agreg\u00f3 que se les ha exigido una mejora de la situaci\u00f3n de los derechos humanos y que los expertos internacionales tengan acceso a la regi\u00f3n poblada por los uigures.<\/p>\n<p>Sin embargo, la funcionaria germana dijo que no se prev\u00e9n sanciones contra el gigante asi\u00e1tico, ni que tampoco se influenciar\u00e1 a empresas alemanas que deseen invertir en la regi\u00f3n.<\/p>\n<p>El Consorcio Internacional de Periodistas de Investigaci\u00f3n (ICIJ, por sus siglas en ingl\u00e9s) public\u00f3 este domingo documentos confidenciales que provendr\u00edan del Partido Comunista de China y que contienen instrucciones para el internamiento masivo de la minor\u00eda musulmana en el noroeste de China.<\/p>\n<p>Los activistas de derechos humanos estiman que se ha enviado entre cientos de miles a un mill\u00f3n de uigures a esos campos de reeducaci\u00f3n.<\/p>\n<p>Los uigures, de confesi\u00f3n musulmana, son una minor\u00eda \u00e9tnica que residen en su mayor parte en la regi\u00f3n aut\u00f3noma de Sinkiang, en el noroeste de China.<\/p>\n<p>Esta comunidad, que se opone a lo que denomina \u00abpreponderancia cultural impuesta por el Partido Comunista de China\u00bb, ha sido sometida a duras represiones por parte de Pek\u00edn.<\/p>\n","protected":false},"excerpt":{"rendered":"<p>Berl\u00edn, 25 nov (dpa) &#8211; El Gobierno alem\u00e1n reaccion\u00f3 \u00abcon gran preocupaci\u00f3n\u00bb ante las nuevas revelaciones sobre la persecuci\u00f3n de los uigures musulmanes en China, seg\u00fan inform\u00f3 hoy una portavoz del ministerio alem\u00e1n de Relaciones Exteriores en Berl\u00edn. La portavoz dijo que desde hace un tiempo se llevan a cabo \u00abconversaciones muy serias\u00bb con los<\/p>\n","protected":false},"author":1,"featured_media":1439,"comment_status":"closed","ping_status":"closed","sticky":false,"template":"","format":"standard","meta":{"footnotes":""},"categories":[1],"tags":[],"class_list":{"0":"post-3602","1":"post","2":"type-post","3":"status-publish","4":"format-standard","5":"has-post-thumbnail","7":"category-noticias"},"aioseo_notices":[],"aioseo_head":"\n\t\t<!-- All in One SEO Pro 4.9.6.2 - aioseo.com -->\n\t<meta name=\"description\" content=\"Berl\u00edn, 25 nov (dpa) - El Gobierno alem\u00e1n reaccion\u00f3 &quot;con gran preocupaci\u00f3n&quot; ante las nuevas revelaciones sobre la persecuci\u00f3n de los uigures musulmanes en China, seg\u00fan inform\u00f3 hoy una portavoz del ministerio alem\u00e1n de Relaciones Exteriores en Berl\u00edn. La portavoz dijo que desde hace un tiempo se llevan a cabo &quot;conversaciones muy serias&quot; con los\" \/>\n\t<meta name=\"robots\" content=\"max-image-preview:large\" \/>\n\t<meta name=\"author\" content=\"NBAsturias\"\/>\n\t<meta name=\"google-site-verification\" content=\"UA-38556648-1\" \/>\n\t<meta name=\"keywords\" content=\"noticias\" \/>\n\t<link rel=\"canonical\" href=\"https:\/\/eldigitaldeasturias.com\/radio\/alemania-muy-preocupada-por-persecucion-de-uigures-en-china\/\" \/>\n\t<meta name=\"generator\" content=\"All in One SEO Pro (AIOSEO) 4.9.6.2\" \/>\n\t\t<meta property=\"og:locale\" content=\"es_ES\" \/>\n\t\t<meta property=\"og:site_name\" content=\"El Digital de Asturias | Diario de informaci\u00f3n y noticias\" \/>\n\t\t<meta property=\"og:type\" content=\"article\" \/>\n\t\t<meta property=\"og:title\" content=\"Alemania \u00abmuy preocupada\u00bb por persecuci\u00f3n de uigures en China | El Digital de Asturias\" \/>\n\t\t<meta property=\"og:description\" content=\"Berl\u00edn, 25 nov (dpa) - El Gobierno alem\u00e1n reaccion\u00f3 &quot;con gran preocupaci\u00f3n&quot; ante las nuevas revelaciones sobre la persecuci\u00f3n de los uigures musulmanes en China, seg\u00fan inform\u00f3 hoy una portavoz del ministerio alem\u00e1n de Relaciones Exteriores en Berl\u00edn. La portavoz dijo que desde hace un tiempo se llevan a cabo &quot;conversaciones muy serias&quot; con los\" \/>\n\t\t<meta property=\"og:url\" content=\"https:\/\/eldigitaldeasturias.com\/radio\/alemania-muy-preocupada-por-persecucion-de-uigures-en-china\/\" \/>\n\t\t<meta property=\"og:image\" content=\"https:\/\/eldigitaldeasturias.com\/radio\/wp-content\/uploads\/2018\/10\/berlin-76509_960_720.jpg\" \/>\n\t\t<meta property=\"og:image:secure_url\" content=\"https:\/\/eldigitaldeasturias.com\/radio\/wp-content\/uploads\/2018\/10\/berlin-76509_960_720.jpg\" \/>\n\t\t<meta property=\"og:image:width\" content=\"960\" \/>\n\t\t<meta property=\"og:image:height\" content=\"720\" \/>\n\t\t<meta property=\"article:published_time\" content=\"2019-11-27T01:43:31+00:00\" \/>\n\t\t<meta property=\"article:modified_time\" content=\"2019-11-27T01:43:31+00:00\" \/>\n\t\t<meta name=\"twitter:card\" content=\"summary_large_image\" \/>\n\t\t<meta name=\"twitter:site\" content=\"@bercodi\" \/>\n\t\t<meta name=\"twitter:title\" content=\"Alemania \u00abmuy preocupada\u00bb por persecuci\u00f3n de uigures en China | El Digital de Asturias\" \/>\n\t\t<meta name=\"twitter:description\" content=\"Berl\u00edn, 25 nov (dpa) - El Gobierno alem\u00e1n reaccion\u00f3 &quot;con gran preocupaci\u00f3n&quot; ante las nuevas revelaciones sobre la persecuci\u00f3n de los uigures musulmanes en China, seg\u00fan inform\u00f3 hoy una portavoz del ministerio alem\u00e1n de Relaciones Exteriores en Berl\u00edn. La portavoz dijo que desde hace un tiempo se llevan a cabo &quot;conversaciones muy serias&quot; con los\" \/>\n\t\t<meta name=\"twitter:creator\" content=\"@bercodi\" \/>\n\t\t<meta name=\"twitter:image\" content=\"https:\/\/eldigitaldeasturias.com\/radio\/wp-content\/uploads\/2018\/10\/berlin-76509_960_720.jpg\" \/>\n\t\t<script type=\"application\/ld+json\" class=\"aioseo-schema\">\n\t\t\t{\"@context\":\"https:\\\/\\\/schema.org\",\"@graph\":[{\"@type\":\"BreadcrumbList\",\"@id\":\"https:\\\/\\\/eldigitaldeasturias.com\\\/radio\\\/alemania-muy-preocupada-por-persecucion-de-uigures-en-china\\\/#breadcrumblist\",\"itemListElement\":[{\"@type\":\"ListItem\",\"@id\":\"https:\\\/\\\/eldigitaldeasturias.com\\\/radio#listItem\",\"position\":1,\"name\":\"Inicio\",\"item\":\"https:\\\/\\\/eldigitaldeasturias.com\\\/radio\",\"nextItem\":{\"@type\":\"ListItem\",\"@id\":\"https:\\\/\\\/eldigitaldeasturias.com\\\/radio\\\/category\\\/noticias\\\/#listItem\",\"name\":\"Noticias\"}},{\"@type\":\"ListItem\",\"@id\":\"https:\\\/\\\/eldigitaldeasturias.com\\\/radio\\\/category\\\/noticias\\\/#listItem\",\"position\":2,\"name\":\"Noticias\",\"item\":\"https:\\\/\\\/eldigitaldeasturias.com\\\/radio\\\/category\\\/noticias\\\/\",\"nextItem\":{\"@type\":\"ListItem\",\"@id\":\"https:\\\/\\\/eldigitaldeasturias.com\\\/radio\\\/alemania-muy-preocupada-por-persecucion-de-uigures-en-china\\\/#listItem\",\"name\":\"Alemania \\u00abmuy preocupada\\u00bb por persecuci\\u00f3n de uigures en China\"},\"previousItem\":{\"@type\":\"ListItem\",\"@id\":\"https:\\\/\\\/eldigitaldeasturias.com\\\/radio#listItem\",\"name\":\"Inicio\"}},{\"@type\":\"ListItem\",\"@id\":\"https:\\\/\\\/eldigitaldeasturias.com\\\/radio\\\/alemania-muy-preocupada-por-persecucion-de-uigures-en-china\\\/#listItem\",\"position\":3,\"name\":\"Alemania \\u00abmuy preocupada\\u00bb por persecuci\\u00f3n de uigures en China\",\"previousItem\":{\"@type\":\"ListItem\",\"@id\":\"https:\\\/\\\/eldigitaldeasturias.com\\\/radio\\\/category\\\/noticias\\\/#listItem\",\"name\":\"Noticias\"}}]},{\"@type\":\"NewsArticle\",\"@id\":\"https:\\\/\\\/eldigitaldeasturias.com\\\/radio\\\/alemania-muy-preocupada-por-persecucion-de-uigures-en-china\\\/#newsarticle\",\"name\":\"Alemania \\u00abmuy preocupada\\u00bb por persecuci\\u00f3n de uigures en China | El Digital de Asturias\",\"headline\":\"Alemania \\u00abmuy preocupada\\u00bb por persecuci\\u00f3n de uigures en China\",\"author\":{\"@id\":\"https:\\\/\\\/eldigitaldeasturias.com\\\/radio\\\/author\\\/nbasturias\\\/#author\"},\"publisher\":{\"@id\":\"https:\\\/\\\/eldigitaldeasturias.com\\\/radio\\\/#organization\"},\"image\":{\"@type\":\"ImageObject\",\"url\":\"https:\\\/\\\/eldigitaldeasturias.com\\\/radio\\\/wp-content\\\/uploads\\\/2018\\\/10\\\/berlin-76509_960_720.jpg\",\"width\":960,\"height\":720},\"datePublished\":\"2019-11-27T01:43:31+01:00\",\"dateModified\":\"2019-11-27T01:43:31+01:00\",\"inLanguage\":\"es-ES\",\"mainEntityOfPage\":{\"@id\":\"https:\\\/\\\/eldigitaldeasturias.com\\\/radio\\\/alemania-muy-preocupada-por-persecucion-de-uigures-en-china\\\/#webpage\"},\"isPartOf\":{\"@id\":\"https:\\\/\\\/eldigitaldeasturias.com\\\/radio\\\/alemania-muy-preocupada-por-persecucion-de-uigures-en-china\\\/#webpage\"},\"articleSection\":\"Noticias\",\"dateline\":\"Publicado el noviembre 27, 2019.\"},{\"@type\":\"Organization\",\"@id\":\"https:\\\/\\\/eldigitaldeasturias.com\\\/radio\\\/#organization\",\"name\":\"El digital de Asturias Radio\",\"description\":\"Diario de informaci\\u00f3n y noticias\",\"url\":\"https:\\\/\\\/eldigitaldeasturias.com\\\/radio\\\/\",\"telephone\":\"+34652131393\",\"logo\":{\"@type\":\"ImageObject\",\"url\":\"https:\\\/\\\/www.eldigitaldeasturias.com\\\/radio\\\/wp-content\\\/uploads\\\/2021\\\/03\\\/EDA.jpg\",\"@id\":\"https:\\\/\\\/eldigitaldeasturias.com\\\/radio\\\/alemania-muy-preocupada-por-persecucion-de-uigures-en-china\\\/#organizationLogo\"},\"image\":{\"@id\":\"https:\\\/\\\/eldigitaldeasturias.com\\\/radio\\\/alemania-muy-preocupada-por-persecucion-de-uigures-en-china\\\/#organizationLogo\"},\"sameAs\":[\"https:\\\/\\\/www.facebook.com\\\/\",\"https:\\\/\\\/x.com\\\/bercodi\",\"https:\\\/\\\/www.instagram.com\\\/\",\"https:\\\/\\\/www.youtube.com\\\/channel\\\/UCZP-2wLEB9Rv6erhFmqVnvg\"]},{\"@type\":\"Person\",\"@id\":\"https:\\\/\\\/eldigitaldeasturias.com\\\/radio\\\/author\\\/nbasturias\\\/#author\",\"url\":\"https:\\\/\\\/eldigitaldeasturias.com\\\/radio\\\/author\\\/nbasturias\\\/\",\"name\":\"NBAsturias\",\"image\":{\"@type\":\"ImageObject\",\"@id\":\"https:\\\/\\\/eldigitaldeasturias.com\\\/radio\\\/alemania-muy-preocupada-por-persecucion-de-uigures-en-china\\\/#authorImage\",\"url\":\"https:\\\/\\\/secure.gravatar.com\\\/avatar\\\/df2aeffc32bcd13f8d26072ef8a91b623d677766deac7f97ca815868cd41bf5e?s=96&d=mm&r=g\",\"width\":96,\"height\":96,\"caption\":\"NBAsturias\"}},{\"@type\":\"WebPage\",\"@id\":\"https:\\\/\\\/eldigitaldeasturias.com\\\/radio\\\/alemania-muy-preocupada-por-persecucion-de-uigures-en-china\\\/#webpage\",\"url\":\"https:\\\/\\\/eldigitaldeasturias.com\\\/radio\\\/alemania-muy-preocupada-por-persecucion-de-uigures-en-china\\\/\",\"name\":\"Alemania \\u00abmuy preocupada\\u00bb por persecuci\\u00f3n de uigures en China | El Digital de Asturias\",\"description\":\"Berl\\u00edn, 25 nov (dpa) - El Gobierno alem\\u00e1n reaccion\\u00f3 \\\"con gran preocupaci\\u00f3n\\\" ante las nuevas revelaciones sobre la persecuci\\u00f3n de los uigures musulmanes en China, seg\\u00fan inform\\u00f3 hoy una portavoz del ministerio alem\\u00e1n de Relaciones Exteriores en Berl\\u00edn. La portavoz dijo que desde hace un tiempo se llevan a cabo \\\"conversaciones muy serias\\\" con los\",\"inLanguage\":\"es-ES\",\"isPartOf\":{\"@id\":\"https:\\\/\\\/eldigitaldeasturias.com\\\/radio\\\/#website\"},\"breadcrumb\":{\"@id\":\"https:\\\/\\\/eldigitaldeasturias.com\\\/radio\\\/alemania-muy-preocupada-por-persecucion-de-uigures-en-china\\\/#breadcrumblist\"},\"author\":{\"@id\":\"https:\\\/\\\/eldigitaldeasturias.com\\\/radio\\\/author\\\/nbasturias\\\/#author\"},\"creator\":{\"@id\":\"https:\\\/\\\/eldigitaldeasturias.com\\\/radio\\\/author\\\/nbasturias\\\/#author\"},\"image\":{\"@type\":\"ImageObject\",\"url\":\"https:\\\/\\\/eldigitaldeasturias.com\\\/radio\\\/wp-content\\\/uploads\\\/2018\\\/10\\\/berlin-76509_960_720.jpg\",\"@id\":\"https:\\\/\\\/eldigitaldeasturias.com\\\/radio\\\/alemania-muy-preocupada-por-persecucion-de-uigures-en-china\\\/#mainImage\",\"width\":960,\"height\":720},\"primaryImageOfPage\":{\"@id\":\"https:\\\/\\\/eldigitaldeasturias.com\\\/radio\\\/alemania-muy-preocupada-por-persecucion-de-uigures-en-china\\\/#mainImage\"},\"datePublished\":\"2019-11-27T01:43:31+01:00\",\"dateModified\":\"2019-11-27T01:43:31+01:00\"},{\"@type\":\"WebSite\",\"@id\":\"https:\\\/\\\/eldigitaldeasturias.com\\\/radio\\\/#website\",\"url\":\"https:\\\/\\\/eldigitaldeasturias.com\\\/radio\\\/\",\"name\":\"El Digital de Asturias\",\"description\":\"Diario de informaci\\u00f3n y noticias\",\"inLanguage\":\"es-ES\",\"publisher\":{\"@id\":\"https:\\\/\\\/eldigitaldeasturias.com\\\/radio\\\/#organization\"}}]}\n\t\t<\/script>\n\t\t<!-- All in One SEO Pro -->\r\n\t\t<title>Alemania \u00abmuy preocupada\u00bb por persecuci\u00f3n de uigures en China | El Digital de Asturias<\/title>\n\n","aioseo_head_json":{"title":"Alemania \u00abmuy preocupada\u00bb por persecuci\u00f3n de uigures en China | El Digital de Asturias","description":"Berl\u00edn, 25 nov (dpa) - El Gobierno alem\u00e1n reaccion\u00f3 \"con gran preocupaci\u00f3n\" ante las nuevas revelaciones sobre la persecuci\u00f3n de los uigures musulmanes en China, seg\u00fan inform\u00f3 hoy una portavoz del ministerio alem\u00e1n de Relaciones Exteriores en Berl\u00edn. La portavoz dijo que desde hace un tiempo se llevan a cabo \"conversaciones muy serias\" con los","canonical_url":"https:\/\/eldigitaldeasturias.com\/radio\/alemania-muy-preocupada-por-persecucion-de-uigures-en-china\/","robots":"max-image-preview:large","keywords":"noticias","webmasterTools":{"google-site-verification":"UA-38556648-1","miscellaneous":""},"schema":{"@context":"https:\/\/schema.org","@graph":[{"@type":"BreadcrumbList","@id":"https:\/\/eldigitaldeasturias.com\/radio\/alemania-muy-preocupada-por-persecucion-de-uigures-en-china\/#breadcrumblist","itemListElement":[{"@type":"ListItem","@id":"https:\/\/eldigitaldeasturias.com\/radio#listItem","position":1,"name":"Inicio","item":"https:\/\/eldigitaldeasturias.com\/radio","nextItem":{"@type":"ListItem","@id":"https:\/\/eldigitaldeasturias.com\/radio\/category\/noticias\/#listItem","name":"Noticias"}},{"@type":"ListItem","@id":"https:\/\/eldigitaldeasturias.com\/radio\/category\/noticias\/#listItem","position":2,"name":"Noticias","item":"https:\/\/eldigitaldeasturias.com\/radio\/category\/noticias\/","nextItem":{"@type":"ListItem","@id":"https:\/\/eldigitaldeasturias.com\/radio\/alemania-muy-preocupada-por-persecucion-de-uigures-en-china\/#listItem","name":"Alemania \u00abmuy preocupada\u00bb por persecuci\u00f3n de uigures en China"},"previousItem":{"@type":"ListItem","@id":"https:\/\/eldigitaldeasturias.com\/radio#listItem","name":"Inicio"}},{"@type":"ListItem","@id":"https:\/\/eldigitaldeasturias.com\/radio\/alemania-muy-preocupada-por-persecucion-de-uigures-en-china\/#listItem","position":3,"name":"Alemania \u00abmuy preocupada\u00bb por persecuci\u00f3n de uigures en China","previousItem":{"@type":"ListItem","@id":"https:\/\/eldigitaldeasturias.com\/radio\/category\/noticias\/#listItem","name":"Noticias"}}]},{"@type":"NewsArticle","@id":"https:\/\/eldigitaldeasturias.com\/radio\/alemania-muy-preocupada-por-persecucion-de-uigures-en-china\/#newsarticle","name":"Alemania \u00abmuy preocupada\u00bb por persecuci\u00f3n de uigures en China | El Digital de Asturias","headline":"Alemania \u00abmuy preocupada\u00bb por persecuci\u00f3n de uigures en China","author":{"@id":"https:\/\/eldigitaldeasturias.com\/radio\/author\/nbasturias\/#author"},"publisher":{"@id":"https:\/\/eldigitaldeasturias.com\/radio\/#organization"},"image":{"@type":"ImageObject","url":"https:\/\/eldigitaldeasturias.com\/radio\/wp-content\/uploads\/2018\/10\/berlin-76509_960_720.jpg","width":960,"height":720},"datePublished":"2019-11-27T01:43:31+01:00","dateModified":"2019-11-27T01:43:31+01:00","inLanguage":"es-ES","mainEntityOfPage":{"@id":"https:\/\/eldigitaldeasturias.com\/radio\/alemania-muy-preocupada-por-persecucion-de-uigures-en-china\/#webpage"},"isPartOf":{"@id":"https:\/\/eldigitaldeasturias.com\/radio\/alemania-muy-preocupada-por-persecucion-de-uigures-en-china\/#webpage"},"articleSection":"Noticias","dateline":"Publicado el noviembre 27, 2019."},{"@type":"Organization","@id":"https:\/\/eldigitaldeasturias.com\/radio\/#organization","name":"El digital de Asturias Radio","description":"Diario de informaci\u00f3n y noticias","url":"https:\/\/eldigitaldeasturias.com\/radio\/","telephone":"+34652131393","logo":{"@type":"ImageObject","url":"https:\/\/www.eldigitaldeasturias.com\/radio\/wp-content\/uploads\/2021\/03\/EDA.jpg","@id":"https:\/\/eldigitaldeasturias.com\/radio\/alemania-muy-preocupada-por-persecucion-de-uigures-en-china\/#organizationLogo"},"image":{"@id":"https:\/\/eldigitaldeasturias.com\/radio\/alemania-muy-preocupada-por-persecucion-de-uigures-en-china\/#organizationLogo"},"sameAs":["https:\/\/www.facebook.com\/","https:\/\/x.com\/bercodi","https:\/\/www.instagram.com\/","https:\/\/www.youtube.com\/channel\/UCZP-2wLEB9Rv6erhFmqVnvg"]},{"@type":"Person","@id":"https:\/\/eldigitaldeasturias.com\/radio\/author\/nbasturias\/#author","url":"https:\/\/eldigitaldeasturias.com\/radio\/author\/nbasturias\/","name":"NBAsturias","image":{"@type":"ImageObject","@id":"https:\/\/eldigitaldeasturias.com\/radio\/alemania-muy-preocupada-por-persecucion-de-uigures-en-china\/#authorImage","url":"https:\/\/secure.gravatar.com\/avatar\/df2aeffc32bcd13f8d26072ef8a91b623d677766deac7f97ca815868cd41bf5e?s=96&d=mm&r=g","width":96,"height":96,"caption":"NBAsturias"}},{"@type":"WebPage","@id":"https:\/\/eldigitaldeasturias.com\/radio\/alemania-muy-preocupada-por-persecucion-de-uigures-en-china\/#webpage","url":"https:\/\/eldigitaldeasturias.com\/radio\/alemania-muy-preocupada-por-persecucion-de-uigures-en-china\/","name":"Alemania \u00abmuy preocupada\u00bb por persecuci\u00f3n de uigures en China | El Digital de Asturias","description":"Berl\u00edn, 25 nov (dpa) - El Gobierno alem\u00e1n reaccion\u00f3 \"con gran preocupaci\u00f3n\" ante las nuevas revelaciones sobre la persecuci\u00f3n de los uigures musulmanes en China, seg\u00fan inform\u00f3 hoy una portavoz del ministerio alem\u00e1n de Relaciones Exteriores en Berl\u00edn. La portavoz dijo que desde hace un tiempo se llevan a cabo \"conversaciones muy serias\" con los","inLanguage":"es-ES","isPartOf":{"@id":"https:\/\/eldigitaldeasturias.com\/radio\/#website"},"breadcrumb":{"@id":"https:\/\/eldigitaldeasturias.com\/radio\/alemania-muy-preocupada-por-persecucion-de-uigures-en-china\/#breadcrumblist"},"author":{"@id":"https:\/\/eldigitaldeasturias.com\/radio\/author\/nbasturias\/#author"},"creator":{"@id":"https:\/\/eldigitaldeasturias.com\/radio\/author\/nbasturias\/#author"},"image":{"@type":"ImageObject","url":"https:\/\/eldigitaldeasturias.com\/radio\/wp-content\/uploads\/2018\/10\/berlin-76509_960_720.jpg","@id":"https:\/\/eldigitaldeasturias.com\/radio\/alemania-muy-preocupada-por-persecucion-de-uigures-en-china\/#mainImage","width":960,"height":720},"primaryImageOfPage":{"@id":"https:\/\/eldigitaldeasturias.com\/radio\/alemania-muy-preocupada-por-persecucion-de-uigures-en-china\/#mainImage"},"datePublished":"2019-11-27T01:43:31+01:00","dateModified":"2019-11-27T01:43:31+01:00"},{"@type":"WebSite","@id":"https:\/\/eldigitaldeasturias.com\/radio\/#website","url":"https:\/\/eldigitaldeasturias.com\/radio\/","name":"El Digital de Asturias","description":"Diario de informaci\u00f3n y noticias","inLanguage":"es-ES","publisher":{"@id":"https:\/\/eldigitaldeasturias.com\/radio\/#organization"}}]},"og:locale":"es_ES","og:site_name":"El Digital de Asturias | Diario de informaci\u00f3n y noticias","og:type":"article","og:title":"Alemania \u00abmuy preocupada\u00bb por persecuci\u00f3n de uigures en China | El Digital de Asturias","og:description":"Berl\u00edn, 25 nov (dpa) - El Gobierno alem\u00e1n reaccion\u00f3 &quot;con gran preocupaci\u00f3n&quot; ante las nuevas revelaciones sobre la persecuci\u00f3n de los uigures musulmanes en China, seg\u00fan inform\u00f3 hoy una portavoz del ministerio alem\u00e1n de Relaciones Exteriores en Berl\u00edn. La portavoz dijo que desde hace un tiempo se llevan a cabo &quot;conversaciones muy serias&quot; con los","og:url":"https:\/\/eldigitaldeasturias.com\/radio\/alemania-muy-preocupada-por-persecucion-de-uigures-en-china\/","og:image":"https:\/\/eldigitaldeasturias.com\/radio\/wp-content\/uploads\/2018\/10\/berlin-76509_960_720.jpg","og:image:secure_url":"https:\/\/eldigitaldeasturias.com\/radio\/wp-content\/uploads\/2018\/10\/berlin-76509_960_720.jpg","og:image:width":960,"og:image:height":720,"article:published_time":"2019-11-27T01:43:31+00:00","article:modified_time":"2019-11-27T01:43:31+00:00","twitter:card":"summary_large_image","twitter:site":"@bercodi","twitter:title":"Alemania \u00abmuy preocupada\u00bb por persecuci\u00f3n de uigures en China | El Digital de Asturias","twitter:description":"Berl\u00edn, 25 nov (dpa) - El Gobierno alem\u00e1n reaccion\u00f3 &quot;con gran preocupaci\u00f3n&quot; ante las nuevas revelaciones sobre la persecuci\u00f3n de los uigures musulmanes en China, seg\u00fan inform\u00f3 hoy una portavoz del ministerio alem\u00e1n de Relaciones Exteriores en Berl\u00edn. La portavoz dijo que desde hace un tiempo se llevan a cabo &quot;conversaciones muy serias&quot; con los","twitter:creator":"@bercodi","twitter:image":"https:\/\/eldigitaldeasturias.com\/radio\/wp-content\/uploads\/2018\/10\/berlin-76509_960_720.jpg"},"aioseo_meta_data":{"post_id":"3602","title":null,"description":null,"keywords":null,"keyphrases":null,"primary_term":null,"canonical_url":null,"og_title":null,"og_description":null,"og_object_type":"default","og_image_type":"default","og_image_url":null,"og_image_width":null,"og_image_height":null,"og_image_custom_url":null,"og_image_custom_fields":null,"og_video":null,"og_custom_url":null,"og_article_section":null,"og_article_tags":null,"twitter_use_og":false,"twitter_card":"default","twitter_image_type":"default","twitter_image_url":null,"twitter_image_custom_url":null,"twitter_image_custom_fields":null,"twitter_title":null,"twitter_description":null,"schema":{"blockGraphs":[],"customGraphs":[],"default":{"data":{"Article":[],"Course":[],"Dataset":[],"FAQPage":[],"Movie":[],"Person":[],"Product":[],"ProductReview":[],"Car":[],"Recipe":[],"Service":[],"SoftwareApplication":[],"WebPage":[]},"graphName":"","isEnabled":true},"graphs":[],"defaultGraph":"","defaultPostTypeGraph":""},"schema_type":null,"schema_type_options":null,"pillar_content":false,"robots_default":true,"robots_noindex":false,"robots_noarchive":false,"robots_nosnippet":false,"robots_nofollow":false,"robots_noimageindex":false,"robots_noodp":false,"robots_notranslate":false,"robots_max_snippet":null,"robots_max_videopreview":null,"robots_max_imagepreview":"large","priority":null,"frequency":null,"location":null,"local_seo":null,"seo_analyzer_scan_date":"2025-08-28 14:28:27","breadcrumb_settings":null,"limit_modified_date":false,"open_ai":null,"ai":null,"created":"2021-03-26 11:00:15","updated":"2025-08-28 14:28:27"},"aioseo_breadcrumb":"<div class=\"aioseo-breadcrumbs\"><span class=\"aioseo-breadcrumb\">\n\t<a href=\"https:\/\/eldigitaldeasturias.com\/radio\" title=\"Inicio\">Inicio<\/a>\n<\/span><span class=\"aioseo-breadcrumb-separator\">&ndash;<\/span><span class=\"aioseo-breadcrumb\">\n\t<a href=\"https:\/\/eldigitaldeasturias.com\/radio\/category\/noticias\/\" title=\"Noticias\">Noticias<\/a>\n<\/span><span class=\"aioseo-breadcrumb-separator\">&ndash;<\/span><span class=\"aioseo-breadcrumb\">\n\tAlemania \u00abmuy preocupada\u00bb por persecuci\u00f3n de uigures en China\n<\/span><\/div>","aioseo_breadcrumb_json":[{"label":"Inicio","link":"https:\/\/eldigitaldeasturias.com\/radio"},{"label":"Noticias","link":"https:\/\/eldigitaldeasturias.com\/radio\/category\/noticias\/"},{"label":"Alemania \u00abmuy preocupada\u00bb por persecuci\u00f3n de uigures en China","link":"https:\/\/eldigitaldeasturias.com\/radio\/alemania-muy-preocupada-por-persecucion-de-uigures-en-china\/"}],"_links":{"self":[{"href":"https:\/\/eldigitaldeasturias.com\/radio\/wp-json\/wp\/v2\/posts\/3602","targetHints":{"allow":["GET"]}}],"collection":[{"href":"https:\/\/eldigitaldeasturias.com\/radio\/wp-json\/wp\/v2\/posts"}],"about":[{"href":"https:\/\/eldigitaldeasturias.com\/radio\/wp-json\/wp\/v2\/types\/post"}],"author":[{"embeddable":true,"href":"https:\/\/eldigitaldeasturias.com\/radio\/wp-json\/wp\/v2\/users\/1"}],"replies":[{"embeddable":true,"href":"https:\/\/eldigitaldeasturias.com\/radio\/wp-json\/wp\/v2\/comments?post=3602"}],"version-history":[{"count":0,"href":"https:\/\/eldigitaldeasturias.com\/radio\/wp-json\/wp\/v2\/posts\/3602\/revisions"}],"wp:featuredmedia":[{"embeddable":true,"href":"https:\/\/eldigitaldeasturias.com\/radio\/wp-json\/wp\/v2\/media\/1439"}],"wp:attachment":[{"href":"https:\/\/eldigitaldeasturias.com\/radio\/wp-json\/wp\/v2\/media?parent=3602"}],"wp:term":[{"taxonomy":"category","embeddable":true,"href":"https:\/\/eldigitaldeasturias.com\/radio\/wp-json\/wp\/v2\/categories?post=3602"},{"taxonomy":"post_tag","embeddable":true,"href":"https:\/\/eldigitaldeasturias.com\/radio\/wp-json\/wp\/v2\/tags?post=3602"}],"curies":[{"name":"wp","href":"https:\/\/api.w.org\/{rel}","templated":true}]}}