{"id":3599,"date":"2019-11-27T01:42:05","date_gmt":"2019-11-27T01:42:05","guid":{"rendered":"http:\/\/www.eldigitaldeasturias.com\/radio\/?p=3599"},"modified":"2019-11-27T01:42:05","modified_gmt":"2019-11-27T01:42:05","slug":"investigan-el-robo-en-la-boveda-verde","status":"publish","type":"post","link":"https:\/\/eldigitaldeasturias.com\/radio\/investigan-el-robo-en-la-boveda-verde\/","title":{"rendered":"Investigan el robo en la B\u00f3veda Verde"},"content":{"rendered":"<figure id=\"attachment_3600\" aria-describedby=\"caption-attachment-3600\" style=\"width: 360px\" class=\"wp-caption alignleft\"><img fetchpriority=\"high\" decoding=\"async\" class=\"size-medium wp-image-3600\" src=\"http:\/\/www.eldigitaldeasturias.com\/radio\/wp-content\/uploads\/2019\/11\/roban-joya-en-museo-360x238.jpg\" alt=\"\" width=\"360\" height=\"238\" srcset=\"https:\/\/eldigitaldeasturias.com\/radio\/wp-content\/uploads\/2019\/11\/roban-joya-en-museo-360x238.jpg 360w, https:\/\/eldigitaldeasturias.com\/radio\/wp-content\/uploads\/2019\/11\/roban-joya-en-museo-768x507.jpg 768w, https:\/\/eldigitaldeasturias.com\/radio\/wp-content\/uploads\/2019\/11\/roban-joya-en-museo.jpg 1011w\" sizes=\"(max-width: 360px) 100vw, 360px\" \/><figcaption id=\"caption-attachment-3600\" class=\"wp-caption-text\">Foto: Sebastian Kahnert\/zb\/dpa<\/figcaption><\/figure>\n<p>Dresde, 25 nov (dpa) &#8211; Un fabuloso robo en la B\u00f3veda Verde, la famosa c\u00e1mara del tesoro del Palacio de Dresde, fue reportado en la madrugada por el servicio de seguridad del museo, inform\u00f3 hoy el jefe de la Oficina de Investigaci\u00f3n Criminal de Dresde, J\u00f6rg Kubiessa, en una conferencia de prensa en la capital de Sajonia.<\/p>\n<p>Presumiblemente, dos de los autores entraron en el palacio rompiendo el vidrio de una ventana. Seg\u00fan las primeras conclusiones policiales, otros autores podr\u00edan haber estado implicados en el hecho delictivo. La Polic\u00eda a\u00f1adi\u00f3 que la pesquisa contin\u00faa sin resultados.<\/p>\n<p>Se supone que han sido sustra\u00eddos alrededor de 100 objetos de la colecci\u00f3n de joyas del legendario pr\u00edncipe elector de Sajonia Augusto el Fuerte (1670-1733).<\/p>\n<p>Los conjuntos de botones, hebillas, adornos de sombrero y medallas est\u00e1n decorados con diamantes, rub\u00edes, esmeraldas o zafiros.<\/p>\n<p>Marion Ackermann, directora general de las Colecciones Estatales de Arte de Dresde, dijo que el valor de los bienes robados no puede cuantificarse en una sola cifra, ya que el valor art\u00edstico del conjunto supera al material.<\/p>\n<p>El primer ministro de Sajonia, Michael Kretschmer, expres\u00f3 su horror. \u00abLos valores que acoge la B\u00f3veda Verde del Palacio de Dresde fueron ganados con el esfuerzo de todos los sajones durante el transcurso de muchos siglos\u00bb, enfatiz\u00f3 Kretschmer.<\/p>\n<p>El pol\u00edtico conservador se\u00f1al\u00f3 que \u00abno se puede entender la historia de Sajonia, sin la B\u00f3veda Verde y sin las Colecciones Estatales de Arte\u00bb.<\/p>\n<p>Las Colecciones Estatales de Arte de Dresde (SKD, por sus siglas en alem\u00e1n) gestionan 15 museos en la capital sajona del Este alem\u00e1n. Uno de ellos es el Palacio de Dresde. Las SKD constituyen uno de los conjuntos de museos m\u00e1s antiguos, grandes e importantes del mundo.<\/p>\n<p>El legendario pr\u00edncipe elector de Sajonia, Augusto el Fuerte (1670-1733), hizo construir la c\u00e1mara del tesoro entre 1723 y 1730 en el \u00abResidenzschloss\u00bb (Palacio de Dresde).<\/p>\n<p>El valioso tesoro se exhibe actualmente al p\u00fablico en dos secciones: la parte hist\u00f3rica se encuentra en la planta baja, en las salas recientemente restauradas a como eran originalmente, mientras que, en la planta alta del palacio en la B\u00f3veda Verde, se ubican las piezas especiales.<\/p>\n<p>Uno de los objetos m\u00e1s valiosos de la B\u00f3veda Verde se exhibe desde hoy en el Museo Metropolitano de Arte de Nueva York: el Diamante Verde.<\/p>\n<p>La joya, un diamante natural de 41 quilates, es considerada el pr\u00e9stamo m\u00e1s espectacular de la exposici\u00f3n \u00abMaking Marvels: Science and Splendor at the Courts of Europe\u00bb (Hacer maravillas: ciencia y esplendor en las Cortes de Europa) que presenta el museo neoyorkino desde el 25 de noviembre hasta el 1 de marzo 2020.<\/p>\n","protected":false},"excerpt":{"rendered":"<p>Dresde, 25 nov (dpa) &#8211; Un fabuloso robo en la B\u00f3veda Verde, la famosa c\u00e1mara del tesoro del Palacio de Dresde, fue reportado en la madrugada por el servicio de seguridad del museo, inform\u00f3 hoy el jefe de la Oficina de Investigaci\u00f3n Criminal de Dresde, J\u00f6rg Kubiessa, en una conferencia de prensa en la capital<\/p>\n","protected":false},"author":1,"featured_media":3600,"comment_status":"closed","ping_status":"closed","sticky":false,"template":"","format":"standard","meta":{"footnotes":""},"categories":[1],"tags":[],"class_list":{"0":"post-3599","1":"post","2":"type-post","3":"status-publish","4":"format-standard","5":"has-post-thumbnail","7":"category-noticias"},"aioseo_notices":[],"aioseo_head":"\n\t\t<!-- All in One SEO Pro 4.9.6.2 - aioseo.com -->\n\t<meta name=\"description\" content=\"Dresde, 25 nov (dpa) - Un fabuloso robo en la B\u00f3veda Verde, la famosa c\u00e1mara del tesoro del Palacio de Dresde, fue reportado en la madrugada por el servicio de seguridad del museo, inform\u00f3 hoy el jefe de la Oficina de Investigaci\u00f3n Criminal de Dresde, J\u00f6rg Kubiessa, en una conferencia de prensa en la capital\" \/>\n\t<meta name=\"robots\" content=\"max-image-preview:large\" \/>\n\t<meta name=\"author\" content=\"NBAsturias\"\/>\n\t<meta name=\"google-site-verification\" content=\"UA-38556648-1\" \/>\n\t<meta name=\"keywords\" content=\"noticias\" \/>\n\t<link rel=\"canonical\" href=\"https:\/\/eldigitaldeasturias.com\/radio\/investigan-el-robo-en-la-boveda-verde\/\" \/>\n\t<meta name=\"generator\" content=\"All in One SEO Pro (AIOSEO) 4.9.6.2\" \/>\n\t\t<meta property=\"og:locale\" content=\"es_ES\" \/>\n\t\t<meta property=\"og:site_name\" content=\"El Digital de Asturias | Diario de informaci\u00f3n y noticias\" \/>\n\t\t<meta property=\"og:type\" content=\"article\" \/>\n\t\t<meta property=\"og:title\" content=\"Investigan el robo en la B\u00f3veda Verde | El Digital de Asturias\" \/>\n\t\t<meta property=\"og:description\" content=\"Dresde, 25 nov (dpa) - Un fabuloso robo en la B\u00f3veda Verde, la famosa c\u00e1mara del tesoro del Palacio de Dresde, fue reportado en la madrugada por el servicio de seguridad del museo, inform\u00f3 hoy el jefe de la Oficina de Investigaci\u00f3n Criminal de Dresde, J\u00f6rg Kubiessa, en una conferencia de prensa en la capital\" \/>\n\t\t<meta property=\"og:url\" content=\"https:\/\/eldigitaldeasturias.com\/radio\/investigan-el-robo-en-la-boveda-verde\/\" \/>\n\t\t<meta property=\"og:image\" content=\"https:\/\/eldigitaldeasturias.com\/radio\/wp-content\/uploads\/2019\/11\/roban-joya-en-museo.jpg\" \/>\n\t\t<meta property=\"og:image:secure_url\" content=\"https:\/\/eldigitaldeasturias.com\/radio\/wp-content\/uploads\/2019\/11\/roban-joya-en-museo.jpg\" \/>\n\t\t<meta property=\"og:image:width\" content=\"1011\" \/>\n\t\t<meta property=\"og:image:height\" content=\"668\" \/>\n\t\t<meta property=\"article:published_time\" content=\"2019-11-27T01:42:05+00:00\" \/>\n\t\t<meta property=\"article:modified_time\" content=\"2019-11-27T01:42:05+00:00\" \/>\n\t\t<meta name=\"twitter:card\" content=\"summary_large_image\" \/>\n\t\t<meta name=\"twitter:site\" content=\"@bercodi\" \/>\n\t\t<meta name=\"twitter:title\" content=\"Investigan el robo en la B\u00f3veda Verde | El Digital de Asturias\" \/>\n\t\t<meta name=\"twitter:description\" content=\"Dresde, 25 nov (dpa) - Un fabuloso robo en la B\u00f3veda Verde, la famosa c\u00e1mara del tesoro del Palacio de Dresde, fue reportado en la madrugada por el servicio de seguridad del museo, inform\u00f3 hoy el jefe de la Oficina de Investigaci\u00f3n Criminal de Dresde, J\u00f6rg Kubiessa, en una conferencia de prensa en la capital\" \/>\n\t\t<meta name=\"twitter:creator\" content=\"@bercodi\" \/>\n\t\t<meta name=\"twitter:image\" content=\"https:\/\/eldigitaldeasturias.com\/radio\/wp-content\/uploads\/2019\/11\/roban-joya-en-museo.jpg\" \/>\n\t\t<script type=\"application\/ld+json\" class=\"aioseo-schema\">\n\t\t\t{\"@context\":\"https:\\\/\\\/schema.org\",\"@graph\":[{\"@type\":\"BreadcrumbList\",\"@id\":\"https:\\\/\\\/eldigitaldeasturias.com\\\/radio\\\/investigan-el-robo-en-la-boveda-verde\\\/#breadcrumblist\",\"itemListElement\":[{\"@type\":\"ListItem\",\"@id\":\"https:\\\/\\\/eldigitaldeasturias.com\\\/radio#listItem\",\"position\":1,\"name\":\"Inicio\",\"item\":\"https:\\\/\\\/eldigitaldeasturias.com\\\/radio\",\"nextItem\":{\"@type\":\"ListItem\",\"@id\":\"https:\\\/\\\/eldigitaldeasturias.com\\\/radio\\\/category\\\/noticias\\\/#listItem\",\"name\":\"Noticias\"}},{\"@type\":\"ListItem\",\"@id\":\"https:\\\/\\\/eldigitaldeasturias.com\\\/radio\\\/category\\\/noticias\\\/#listItem\",\"position\":2,\"name\":\"Noticias\",\"item\":\"https:\\\/\\\/eldigitaldeasturias.com\\\/radio\\\/category\\\/noticias\\\/\",\"nextItem\":{\"@type\":\"ListItem\",\"@id\":\"https:\\\/\\\/eldigitaldeasturias.com\\\/radio\\\/investigan-el-robo-en-la-boveda-verde\\\/#listItem\",\"name\":\"Investigan el robo en la B\\u00f3veda Verde\"},\"previousItem\":{\"@type\":\"ListItem\",\"@id\":\"https:\\\/\\\/eldigitaldeasturias.com\\\/radio#listItem\",\"name\":\"Inicio\"}},{\"@type\":\"ListItem\",\"@id\":\"https:\\\/\\\/eldigitaldeasturias.com\\\/radio\\\/investigan-el-robo-en-la-boveda-verde\\\/#listItem\",\"position\":3,\"name\":\"Investigan el robo en la B\\u00f3veda Verde\",\"previousItem\":{\"@type\":\"ListItem\",\"@id\":\"https:\\\/\\\/eldigitaldeasturias.com\\\/radio\\\/category\\\/noticias\\\/#listItem\",\"name\":\"Noticias\"}}]},{\"@type\":\"NewsArticle\",\"@id\":\"https:\\\/\\\/eldigitaldeasturias.com\\\/radio\\\/investigan-el-robo-en-la-boveda-verde\\\/#newsarticle\",\"name\":\"Investigan el robo en la B\\u00f3veda Verde | El Digital de Asturias\",\"headline\":\"Investigan el robo en la B\\u00f3veda Verde\",\"author\":{\"@id\":\"https:\\\/\\\/eldigitaldeasturias.com\\\/radio\\\/author\\\/nbasturias\\\/#author\"},\"publisher\":{\"@id\":\"https:\\\/\\\/eldigitaldeasturias.com\\\/radio\\\/#organization\"},\"image\":{\"@type\":\"ImageObject\",\"url\":\"https:\\\/\\\/eldigitaldeasturias.com\\\/radio\\\/wp-content\\\/uploads\\\/2019\\\/11\\\/roban-joya-en-museo.jpg\",\"width\":1011,\"height\":668,\"caption\":\"Foto: Sebastian Kahnert\\\/zb\\\/dpa\"},\"datePublished\":\"2019-11-27T01:42:05+01:00\",\"dateModified\":\"2019-11-27T01:42:05+01:00\",\"inLanguage\":\"es-ES\",\"mainEntityOfPage\":{\"@id\":\"https:\\\/\\\/eldigitaldeasturias.com\\\/radio\\\/investigan-el-robo-en-la-boveda-verde\\\/#webpage\"},\"isPartOf\":{\"@id\":\"https:\\\/\\\/eldigitaldeasturias.com\\\/radio\\\/investigan-el-robo-en-la-boveda-verde\\\/#webpage\"},\"articleSection\":\"Noticias\",\"dateline\":\"Publicado el noviembre 27, 2019.\"},{\"@type\":\"Organization\",\"@id\":\"https:\\\/\\\/eldigitaldeasturias.com\\\/radio\\\/#organization\",\"name\":\"El digital de Asturias Radio\",\"description\":\"Diario de informaci\\u00f3n y noticias\",\"url\":\"https:\\\/\\\/eldigitaldeasturias.com\\\/radio\\\/\",\"telephone\":\"+34652131393\",\"logo\":{\"@type\":\"ImageObject\",\"url\":\"https:\\\/\\\/www.eldigitaldeasturias.com\\\/radio\\\/wp-content\\\/uploads\\\/2021\\\/03\\\/EDA.jpg\",\"@id\":\"https:\\\/\\\/eldigitaldeasturias.com\\\/radio\\\/investigan-el-robo-en-la-boveda-verde\\\/#organizationLogo\"},\"image\":{\"@id\":\"https:\\\/\\\/eldigitaldeasturias.com\\\/radio\\\/investigan-el-robo-en-la-boveda-verde\\\/#organizationLogo\"},\"sameAs\":[\"https:\\\/\\\/www.facebook.com\\\/\",\"https:\\\/\\\/x.com\\\/bercodi\",\"https:\\\/\\\/www.instagram.com\\\/\",\"https:\\\/\\\/www.youtube.com\\\/channel\\\/UCZP-2wLEB9Rv6erhFmqVnvg\"]},{\"@type\":\"Person\",\"@id\":\"https:\\\/\\\/eldigitaldeasturias.com\\\/radio\\\/author\\\/nbasturias\\\/#author\",\"url\":\"https:\\\/\\\/eldigitaldeasturias.com\\\/radio\\\/author\\\/nbasturias\\\/\",\"name\":\"NBAsturias\",\"image\":{\"@type\":\"ImageObject\",\"@id\":\"https:\\\/\\\/eldigitaldeasturias.com\\\/radio\\\/investigan-el-robo-en-la-boveda-verde\\\/#authorImage\",\"url\":\"https:\\\/\\\/secure.gravatar.com\\\/avatar\\\/df2aeffc32bcd13f8d26072ef8a91b623d677766deac7f97ca815868cd41bf5e?s=96&d=mm&r=g\",\"width\":96,\"height\":96,\"caption\":\"NBAsturias\"}},{\"@type\":\"WebPage\",\"@id\":\"https:\\\/\\\/eldigitaldeasturias.com\\\/radio\\\/investigan-el-robo-en-la-boveda-verde\\\/#webpage\",\"url\":\"https:\\\/\\\/eldigitaldeasturias.com\\\/radio\\\/investigan-el-robo-en-la-boveda-verde\\\/\",\"name\":\"Investigan el robo en la B\\u00f3veda Verde | El Digital de Asturias\",\"description\":\"Dresde, 25 nov (dpa) - Un fabuloso robo en la B\\u00f3veda Verde, la famosa c\\u00e1mara del tesoro del Palacio de Dresde, fue reportado en la madrugada por el servicio de seguridad del museo, inform\\u00f3 hoy el jefe de la Oficina de Investigaci\\u00f3n Criminal de Dresde, J\\u00f6rg Kubiessa, en una conferencia de prensa en la capital\",\"inLanguage\":\"es-ES\",\"isPartOf\":{\"@id\":\"https:\\\/\\\/eldigitaldeasturias.com\\\/radio\\\/#website\"},\"breadcrumb\":{\"@id\":\"https:\\\/\\\/eldigitaldeasturias.com\\\/radio\\\/investigan-el-robo-en-la-boveda-verde\\\/#breadcrumblist\"},\"author\":{\"@id\":\"https:\\\/\\\/eldigitaldeasturias.com\\\/radio\\\/author\\\/nbasturias\\\/#author\"},\"creator\":{\"@id\":\"https:\\\/\\\/eldigitaldeasturias.com\\\/radio\\\/author\\\/nbasturias\\\/#author\"},\"image\":{\"@type\":\"ImageObject\",\"url\":\"https:\\\/\\\/eldigitaldeasturias.com\\\/radio\\\/wp-content\\\/uploads\\\/2019\\\/11\\\/roban-joya-en-museo.jpg\",\"@id\":\"https:\\\/\\\/eldigitaldeasturias.com\\\/radio\\\/investigan-el-robo-en-la-boveda-verde\\\/#mainImage\",\"width\":1011,\"height\":668,\"caption\":\"Foto: Sebastian Kahnert\\\/zb\\\/dpa\"},\"primaryImageOfPage\":{\"@id\":\"https:\\\/\\\/eldigitaldeasturias.com\\\/radio\\\/investigan-el-robo-en-la-boveda-verde\\\/#mainImage\"},\"datePublished\":\"2019-11-27T01:42:05+01:00\",\"dateModified\":\"2019-11-27T01:42:05+01:00\"},{\"@type\":\"WebSite\",\"@id\":\"https:\\\/\\\/eldigitaldeasturias.com\\\/radio\\\/#website\",\"url\":\"https:\\\/\\\/eldigitaldeasturias.com\\\/radio\\\/\",\"name\":\"El Digital de Asturias\",\"description\":\"Diario de informaci\\u00f3n y noticias\",\"inLanguage\":\"es-ES\",\"publisher\":{\"@id\":\"https:\\\/\\\/eldigitaldeasturias.com\\\/radio\\\/#organization\"}}]}\n\t\t<\/script>\n\t\t<!-- All in One SEO Pro -->\r\n\t\t<title>Investigan el robo en la B\u00f3veda Verde | El Digital de Asturias<\/title>\n\n","aioseo_head_json":{"title":"Investigan el robo en la B\u00f3veda Verde | El Digital de Asturias","description":"Dresde, 25 nov (dpa) - Un fabuloso robo en la B\u00f3veda Verde, la famosa c\u00e1mara del tesoro del Palacio de Dresde, fue reportado en la madrugada por el servicio de seguridad del museo, inform\u00f3 hoy el jefe de la Oficina de Investigaci\u00f3n Criminal de Dresde, J\u00f6rg Kubiessa, en una conferencia de prensa en la capital","canonical_url":"https:\/\/eldigitaldeasturias.com\/radio\/investigan-el-robo-en-la-boveda-verde\/","robots":"max-image-preview:large","keywords":"noticias","webmasterTools":{"google-site-verification":"UA-38556648-1","miscellaneous":""},"schema":{"@context":"https:\/\/schema.org","@graph":[{"@type":"BreadcrumbList","@id":"https:\/\/eldigitaldeasturias.com\/radio\/investigan-el-robo-en-la-boveda-verde\/#breadcrumblist","itemListElement":[{"@type":"ListItem","@id":"https:\/\/eldigitaldeasturias.com\/radio#listItem","position":1,"name":"Inicio","item":"https:\/\/eldigitaldeasturias.com\/radio","nextItem":{"@type":"ListItem","@id":"https:\/\/eldigitaldeasturias.com\/radio\/category\/noticias\/#listItem","name":"Noticias"}},{"@type":"ListItem","@id":"https:\/\/eldigitaldeasturias.com\/radio\/category\/noticias\/#listItem","position":2,"name":"Noticias","item":"https:\/\/eldigitaldeasturias.com\/radio\/category\/noticias\/","nextItem":{"@type":"ListItem","@id":"https:\/\/eldigitaldeasturias.com\/radio\/investigan-el-robo-en-la-boveda-verde\/#listItem","name":"Investigan el robo en la B\u00f3veda Verde"},"previousItem":{"@type":"ListItem","@id":"https:\/\/eldigitaldeasturias.com\/radio#listItem","name":"Inicio"}},{"@type":"ListItem","@id":"https:\/\/eldigitaldeasturias.com\/radio\/investigan-el-robo-en-la-boveda-verde\/#listItem","position":3,"name":"Investigan el robo en la B\u00f3veda Verde","previousItem":{"@type":"ListItem","@id":"https:\/\/eldigitaldeasturias.com\/radio\/category\/noticias\/#listItem","name":"Noticias"}}]},{"@type":"NewsArticle","@id":"https:\/\/eldigitaldeasturias.com\/radio\/investigan-el-robo-en-la-boveda-verde\/#newsarticle","name":"Investigan el robo en la B\u00f3veda Verde | El Digital de Asturias","headline":"Investigan el robo en la B\u00f3veda Verde","author":{"@id":"https:\/\/eldigitaldeasturias.com\/radio\/author\/nbasturias\/#author"},"publisher":{"@id":"https:\/\/eldigitaldeasturias.com\/radio\/#organization"},"image":{"@type":"ImageObject","url":"https:\/\/eldigitaldeasturias.com\/radio\/wp-content\/uploads\/2019\/11\/roban-joya-en-museo.jpg","width":1011,"height":668,"caption":"Foto: Sebastian Kahnert\/zb\/dpa"},"datePublished":"2019-11-27T01:42:05+01:00","dateModified":"2019-11-27T01:42:05+01:00","inLanguage":"es-ES","mainEntityOfPage":{"@id":"https:\/\/eldigitaldeasturias.com\/radio\/investigan-el-robo-en-la-boveda-verde\/#webpage"},"isPartOf":{"@id":"https:\/\/eldigitaldeasturias.com\/radio\/investigan-el-robo-en-la-boveda-verde\/#webpage"},"articleSection":"Noticias","dateline":"Publicado el noviembre 27, 2019."},{"@type":"Organization","@id":"https:\/\/eldigitaldeasturias.com\/radio\/#organization","name":"El digital de Asturias Radio","description":"Diario de informaci\u00f3n y noticias","url":"https:\/\/eldigitaldeasturias.com\/radio\/","telephone":"+34652131393","logo":{"@type":"ImageObject","url":"https:\/\/www.eldigitaldeasturias.com\/radio\/wp-content\/uploads\/2021\/03\/EDA.jpg","@id":"https:\/\/eldigitaldeasturias.com\/radio\/investigan-el-robo-en-la-boveda-verde\/#organizationLogo"},"image":{"@id":"https:\/\/eldigitaldeasturias.com\/radio\/investigan-el-robo-en-la-boveda-verde\/#organizationLogo"},"sameAs":["https:\/\/www.facebook.com\/","https:\/\/x.com\/bercodi","https:\/\/www.instagram.com\/","https:\/\/www.youtube.com\/channel\/UCZP-2wLEB9Rv6erhFmqVnvg"]},{"@type":"Person","@id":"https:\/\/eldigitaldeasturias.com\/radio\/author\/nbasturias\/#author","url":"https:\/\/eldigitaldeasturias.com\/radio\/author\/nbasturias\/","name":"NBAsturias","image":{"@type":"ImageObject","@id":"https:\/\/eldigitaldeasturias.com\/radio\/investigan-el-robo-en-la-boveda-verde\/#authorImage","url":"https:\/\/secure.gravatar.com\/avatar\/df2aeffc32bcd13f8d26072ef8a91b623d677766deac7f97ca815868cd41bf5e?s=96&d=mm&r=g","width":96,"height":96,"caption":"NBAsturias"}},{"@type":"WebPage","@id":"https:\/\/eldigitaldeasturias.com\/radio\/investigan-el-robo-en-la-boveda-verde\/#webpage","url":"https:\/\/eldigitaldeasturias.com\/radio\/investigan-el-robo-en-la-boveda-verde\/","name":"Investigan el robo en la B\u00f3veda Verde | El Digital de Asturias","description":"Dresde, 25 nov (dpa) - Un fabuloso robo en la B\u00f3veda Verde, la famosa c\u00e1mara del tesoro del Palacio de Dresde, fue reportado en la madrugada por el servicio de seguridad del museo, inform\u00f3 hoy el jefe de la Oficina de Investigaci\u00f3n Criminal de Dresde, J\u00f6rg Kubiessa, en una conferencia de prensa en la capital","inLanguage":"es-ES","isPartOf":{"@id":"https:\/\/eldigitaldeasturias.com\/radio\/#website"},"breadcrumb":{"@id":"https:\/\/eldigitaldeasturias.com\/radio\/investigan-el-robo-en-la-boveda-verde\/#breadcrumblist"},"author":{"@id":"https:\/\/eldigitaldeasturias.com\/radio\/author\/nbasturias\/#author"},"creator":{"@id":"https:\/\/eldigitaldeasturias.com\/radio\/author\/nbasturias\/#author"},"image":{"@type":"ImageObject","url":"https:\/\/eldigitaldeasturias.com\/radio\/wp-content\/uploads\/2019\/11\/roban-joya-en-museo.jpg","@id":"https:\/\/eldigitaldeasturias.com\/radio\/investigan-el-robo-en-la-boveda-verde\/#mainImage","width":1011,"height":668,"caption":"Foto: Sebastian Kahnert\/zb\/dpa"},"primaryImageOfPage":{"@id":"https:\/\/eldigitaldeasturias.com\/radio\/investigan-el-robo-en-la-boveda-verde\/#mainImage"},"datePublished":"2019-11-27T01:42:05+01:00","dateModified":"2019-11-27T01:42:05+01:00"},{"@type":"WebSite","@id":"https:\/\/eldigitaldeasturias.com\/radio\/#website","url":"https:\/\/eldigitaldeasturias.com\/radio\/","name":"El Digital de Asturias","description":"Diario de informaci\u00f3n y noticias","inLanguage":"es-ES","publisher":{"@id":"https:\/\/eldigitaldeasturias.com\/radio\/#organization"}}]},"og:locale":"es_ES","og:site_name":"El Digital de Asturias | Diario de informaci\u00f3n y noticias","og:type":"article","og:title":"Investigan el robo en la B\u00f3veda Verde | El Digital de Asturias","og:description":"Dresde, 25 nov (dpa) - Un fabuloso robo en la B\u00f3veda Verde, la famosa c\u00e1mara del tesoro del Palacio de Dresde, fue reportado en la madrugada por el servicio de seguridad del museo, inform\u00f3 hoy el jefe de la Oficina de Investigaci\u00f3n Criminal de Dresde, J\u00f6rg Kubiessa, en una conferencia de prensa en la capital","og:url":"https:\/\/eldigitaldeasturias.com\/radio\/investigan-el-robo-en-la-boveda-verde\/","og:image":"https:\/\/eldigitaldeasturias.com\/radio\/wp-content\/uploads\/2019\/11\/roban-joya-en-museo.jpg","og:image:secure_url":"https:\/\/eldigitaldeasturias.com\/radio\/wp-content\/uploads\/2019\/11\/roban-joya-en-museo.jpg","og:image:width":1011,"og:image:height":668,"article:published_time":"2019-11-27T01:42:05+00:00","article:modified_time":"2019-11-27T01:42:05+00:00","twitter:card":"summary_large_image","twitter:site":"@bercodi","twitter:title":"Investigan el robo en la B\u00f3veda Verde | El Digital de Asturias","twitter:description":"Dresde, 25 nov (dpa) - Un fabuloso robo en la B\u00f3veda Verde, la famosa c\u00e1mara del tesoro del Palacio de Dresde, fue reportado en la madrugada por el servicio de seguridad del museo, inform\u00f3 hoy el jefe de la Oficina de Investigaci\u00f3n Criminal de Dresde, J\u00f6rg Kubiessa, en una conferencia de prensa en la capital","twitter:creator":"@bercodi","twitter:image":"https:\/\/eldigitaldeasturias.com\/radio\/wp-content\/uploads\/2019\/11\/roban-joya-en-museo.jpg"},"aioseo_meta_data":{"post_id":"3599","title":null,"description":null,"keywords":null,"keyphrases":null,"primary_term":null,"canonical_url":null,"og_title":null,"og_description":null,"og_object_type":"default","og_image_type":"default","og_image_url":null,"og_image_width":null,"og_image_height":null,"og_image_custom_url":null,"og_image_custom_fields":null,"og_video":null,"og_custom_url":null,"og_article_section":null,"og_article_tags":null,"twitter_use_og":false,"twitter_card":"default","twitter_image_type":"default","twitter_image_url":null,"twitter_image_custom_url":null,"twitter_image_custom_fields":null,"twitter_title":null,"twitter_description":null,"schema":{"blockGraphs":[],"customGraphs":[],"default":{"data":{"Article":[],"Course":[],"Dataset":[],"FAQPage":[],"Movie":[],"Person":[],"Product":[],"ProductReview":[],"Car":[],"Recipe":[],"Service":[],"SoftwareApplication":[],"WebPage":[]},"graphName":"","isEnabled":true},"graphs":[]},"schema_type":null,"schema_type_options":null,"pillar_content":false,"robots_default":true,"robots_noindex":false,"robots_noarchive":false,"robots_nosnippet":false,"robots_nofollow":false,"robots_noimageindex":false,"robots_noodp":false,"robots_notranslate":false,"robots_max_snippet":null,"robots_max_videopreview":null,"robots_max_imagepreview":"large","priority":null,"frequency":null,"location":null,"local_seo":null,"seo_analyzer_scan_date":"2025-08-28 14:28:26","breadcrumb_settings":null,"limit_modified_date":false,"open_ai":null,"ai":null,"created":"2021-03-27 06:32:28","updated":"2025-08-28 14:28:26"},"aioseo_breadcrumb":"<div class=\"aioseo-breadcrumbs\"><span class=\"aioseo-breadcrumb\">\n\t<a href=\"https:\/\/eldigitaldeasturias.com\/radio\" title=\"Inicio\">Inicio<\/a>\n<\/span><span class=\"aioseo-breadcrumb-separator\">&ndash;<\/span><span class=\"aioseo-breadcrumb\">\n\t<a href=\"https:\/\/eldigitaldeasturias.com\/radio\/category\/noticias\/\" title=\"Noticias\">Noticias<\/a>\n<\/span><span class=\"aioseo-breadcrumb-separator\">&ndash;<\/span><span class=\"aioseo-breadcrumb\">\n\tInvestigan el robo en la B\u00f3veda Verde\n<\/span><\/div>","aioseo_breadcrumb_json":[{"label":"Inicio","link":"https:\/\/eldigitaldeasturias.com\/radio"},{"label":"Noticias","link":"https:\/\/eldigitaldeasturias.com\/radio\/category\/noticias\/"},{"label":"Investigan el robo en la B\u00f3veda Verde","link":"https:\/\/eldigitaldeasturias.com\/radio\/investigan-el-robo-en-la-boveda-verde\/"}],"_links":{"self":[{"href":"https:\/\/eldigitaldeasturias.com\/radio\/wp-json\/wp\/v2\/posts\/3599","targetHints":{"allow":["GET"]}}],"collection":[{"href":"https:\/\/eldigitaldeasturias.com\/radio\/wp-json\/wp\/v2\/posts"}],"about":[{"href":"https:\/\/eldigitaldeasturias.com\/radio\/wp-json\/wp\/v2\/types\/post"}],"author":[{"embeddable":true,"href":"https:\/\/eldigitaldeasturias.com\/radio\/wp-json\/wp\/v2\/users\/1"}],"replies":[{"embeddable":true,"href":"https:\/\/eldigitaldeasturias.com\/radio\/wp-json\/wp\/v2\/comments?post=3599"}],"version-history":[{"count":0,"href":"https:\/\/eldigitaldeasturias.com\/radio\/wp-json\/wp\/v2\/posts\/3599\/revisions"}],"wp:featuredmedia":[{"embeddable":true,"href":"https:\/\/eldigitaldeasturias.com\/radio\/wp-json\/wp\/v2\/media\/3600"}],"wp:attachment":[{"href":"https:\/\/eldigitaldeasturias.com\/radio\/wp-json\/wp\/v2\/media?parent=3599"}],"wp:term":[{"taxonomy":"category","embeddable":true,"href":"https:\/\/eldigitaldeasturias.com\/radio\/wp-json\/wp\/v2\/categories?post=3599"},{"taxonomy":"post_tag","embeddable":true,"href":"https:\/\/eldigitaldeasturias.com\/radio\/wp-json\/wp\/v2\/tags?post=3599"}],"curies":[{"name":"wp","href":"https:\/\/api.w.org\/{rel}","templated":true}]}}