{"id":3580,"date":"2019-11-25T03:55:47","date_gmt":"2019-11-25T03:55:47","guid":{"rendered":"http:\/\/www.eldigitaldeasturias.com\/radio\/?p=3580"},"modified":"2019-11-25T03:55:47","modified_gmt":"2019-11-25T03:55:47","slug":"copa-davis-alemania-enfrenta-a-bielorrusia-en-marzo","status":"publish","type":"post","link":"https:\/\/eldigitaldeasturias.com\/radio\/copa-davis-alemania-enfrenta-a-bielorrusia-en-marzo\/","title":{"rendered":"Copa Davis: Alemania enfrenta a Bielorrusia en marzo"},"content":{"rendered":"<p><img fetchpriority=\"high\" decoding=\"async\" class=\"alignleft wp-image-893 size-medium\" src=\"http:\/\/www.eldigitaldeasturias.com\/radio\/wp-content\/uploads\/2018\/05\/tennis-923659_960_720-360x270.jpg\" alt=\"\" width=\"360\" height=\"270\" srcset=\"https:\/\/eldigitaldeasturias.com\/radio\/wp-content\/uploads\/2018\/05\/tennis-923659_960_720-360x270.jpg 360w, https:\/\/eldigitaldeasturias.com\/radio\/wp-content\/uploads\/2018\/05\/tennis-923659_960_720-768x576.jpg 768w, https:\/\/eldigitaldeasturias.com\/radio\/wp-content\/uploads\/2018\/05\/tennis-923659_960_720.jpg 960w\" sizes=\"(max-width: 360px) 100vw, 360px\" \/>Madrid (dpa) &#8211; El equipo alem\u00e1n de Copa Davis enfrentar\u00e1 a Bielorrusia en la serie que se jugar\u00e1 en marzo para clasificar a la fase final de 2020, seg\u00fan el sorteo realizado hoy en Madrid.<\/p>\n<p>A\u00fan no se ha definido el lugar del encuentro el 6 y 7 de marzo ante los bielorrusos, cuyo mejor jugador es Yegor Gerasimov, ubicado en el puesto 98 del escalf\u00f3n mundial.<\/p>\n<p>Alemania cay\u00f3 ante Gran Breta\u00f1a en los cuartos de final de este a\u00f1o en Madrid.<\/p>\n<p>La Copa Davis cambi\u00f3 su formato tras 118 a\u00f1os de historia. Desde este a\u00f1o se juega con una ronda final de 18 pa\u00edses.<\/p>\n<p>Habr\u00e1 una fase de grupos con seis zonas de tres equipos y despu\u00e9s eliminatorias a partir de cuartos. Los seis ganadores del grupo m\u00e1s los dos mejores segundos, basados en el balance de sets y games ganados y perdidos, avanzar\u00e1n a los cuartos de final.<\/p>\n<p>De esos 18 equipos, 12 de ellos lograr\u00e1n su plaza en una clasificaci\u00f3n, que se desarrollar\u00e1 en marzo, otros cuatro ser\u00e1n los semifinalistas de la actual edici\u00f3n y los dos restantes ser\u00e1n dos invitados. Francia y Serbia recibieron la \u00abwild card\u00bb para el 2020.<\/p>\n<p>Todas las series se jugar\u00e1n con dos partidos de singles y uno de dobles, en el mismo d\u00eda y al mejor de tres sets, con tie breaks.<\/p>\n<p>Los semifinalistas de este a\u00f1o, Espa\u00f1a, Canad\u00e1, Rusia y Gran Breta\u00f1a, clasificaron autom\u00e1ticamente para la fase final de 2020, que se disputar\u00e1 de nuevo en Madrid a finales de noviembre.<\/p>\n<p>&nbsp;<\/p>\n","protected":false},"excerpt":{"rendered":"<p>Madrid (dpa) &#8211; El equipo alem\u00e1n de Copa Davis enfrentar\u00e1 a Bielorrusia en la serie que se jugar\u00e1 en marzo para clasificar a la fase final de 2020, seg\u00fan el sorteo realizado hoy en Madrid. A\u00fan no se ha definido el lugar del encuentro el 6 y 7 de marzo ante los bielorrusos, cuyo mejor<\/p>\n","protected":false},"author":1,"featured_media":893,"comment_status":"closed","ping_status":"closed","sticky":false,"template":"","format":"standard","meta":{"footnotes":""},"categories":[1],"tags":[],"class_list":{"0":"post-3580","1":"post","2":"type-post","3":"status-publish","4":"format-standard","5":"has-post-thumbnail","7":"category-noticias"},"aioseo_notices":[],"aioseo_head":"\n\t\t<!-- All in One SEO Pro 4.9.6.2 - aioseo.com -->\n\t<meta name=\"description\" content=\"Madrid (dpa) - El equipo alem\u00e1n de Copa Davis enfrentar\u00e1 a Bielorrusia en la serie que se jugar\u00e1 en marzo para clasificar a la fase final de 2020, seg\u00fan el sorteo realizado hoy en Madrid. A\u00fan no se ha definido el lugar del encuentro el 6 y 7 de marzo ante los bielorrusos, cuyo mejor\" \/>\n\t<meta name=\"robots\" content=\"max-image-preview:large\" \/>\n\t<meta name=\"author\" content=\"NBAsturias\"\/>\n\t<meta name=\"google-site-verification\" content=\"UA-38556648-1\" \/>\n\t<meta name=\"keywords\" content=\"noticias\" \/>\n\t<link rel=\"canonical\" href=\"https:\/\/eldigitaldeasturias.com\/radio\/copa-davis-alemania-enfrenta-a-bielorrusia-en-marzo\/\" \/>\n\t<meta name=\"generator\" content=\"All in One SEO Pro (AIOSEO) 4.9.6.2\" \/>\n\t\t<meta property=\"og:locale\" content=\"es_ES\" \/>\n\t\t<meta property=\"og:site_name\" content=\"El Digital de Asturias | Diario de informaci\u00f3n y noticias\" \/>\n\t\t<meta property=\"og:type\" content=\"article\" \/>\n\t\t<meta property=\"og:title\" content=\"Copa Davis: Alemania enfrenta a Bielorrusia en marzo | El Digital de Asturias\" \/>\n\t\t<meta property=\"og:description\" content=\"Madrid (dpa) - El equipo alem\u00e1n de Copa Davis enfrentar\u00e1 a Bielorrusia en la serie que se jugar\u00e1 en marzo para clasificar a la fase final de 2020, seg\u00fan el sorteo realizado hoy en Madrid. A\u00fan no se ha definido el lugar del encuentro el 6 y 7 de marzo ante los bielorrusos, cuyo mejor\" \/>\n\t\t<meta property=\"og:url\" content=\"https:\/\/eldigitaldeasturias.com\/radio\/copa-davis-alemania-enfrenta-a-bielorrusia-en-marzo\/\" \/>\n\t\t<meta property=\"og:image\" content=\"https:\/\/eldigitaldeasturias.com\/radio\/wp-content\/uploads\/2018\/05\/tennis-923659_960_720.jpg\" \/>\n\t\t<meta property=\"og:image:secure_url\" content=\"https:\/\/eldigitaldeasturias.com\/radio\/wp-content\/uploads\/2018\/05\/tennis-923659_960_720.jpg\" \/>\n\t\t<meta property=\"og:image:width\" content=\"960\" \/>\n\t\t<meta property=\"og:image:height\" content=\"720\" \/>\n\t\t<meta property=\"article:published_time\" content=\"2019-11-25T03:55:47+00:00\" \/>\n\t\t<meta property=\"article:modified_time\" content=\"2019-11-25T03:55:47+00:00\" \/>\n\t\t<meta name=\"twitter:card\" content=\"summary_large_image\" \/>\n\t\t<meta name=\"twitter:site\" content=\"@bercodi\" \/>\n\t\t<meta name=\"twitter:title\" content=\"Copa Davis: Alemania enfrenta a Bielorrusia en marzo | El Digital de Asturias\" \/>\n\t\t<meta name=\"twitter:description\" content=\"Madrid (dpa) - El equipo alem\u00e1n de Copa Davis enfrentar\u00e1 a Bielorrusia en la serie que se jugar\u00e1 en marzo para clasificar a la fase final de 2020, seg\u00fan el sorteo realizado hoy en Madrid. A\u00fan no se ha definido el lugar del encuentro el 6 y 7 de marzo ante los bielorrusos, cuyo mejor\" \/>\n\t\t<meta name=\"twitter:creator\" content=\"@bercodi\" \/>\n\t\t<meta name=\"twitter:image\" content=\"https:\/\/eldigitaldeasturias.com\/radio\/wp-content\/uploads\/2018\/05\/tennis-923659_960_720.jpg\" \/>\n\t\t<script type=\"application\/ld+json\" class=\"aioseo-schema\">\n\t\t\t{\"@context\":\"https:\\\/\\\/schema.org\",\"@graph\":[{\"@type\":\"BreadcrumbList\",\"@id\":\"https:\\\/\\\/eldigitaldeasturias.com\\\/radio\\\/copa-davis-alemania-enfrenta-a-bielorrusia-en-marzo\\\/#breadcrumblist\",\"itemListElement\":[{\"@type\":\"ListItem\",\"@id\":\"https:\\\/\\\/eldigitaldeasturias.com\\\/radio#listItem\",\"position\":1,\"name\":\"Inicio\",\"item\":\"https:\\\/\\\/eldigitaldeasturias.com\\\/radio\",\"nextItem\":{\"@type\":\"ListItem\",\"@id\":\"https:\\\/\\\/eldigitaldeasturias.com\\\/radio\\\/category\\\/noticias\\\/#listItem\",\"name\":\"Noticias\"}},{\"@type\":\"ListItem\",\"@id\":\"https:\\\/\\\/eldigitaldeasturias.com\\\/radio\\\/category\\\/noticias\\\/#listItem\",\"position\":2,\"name\":\"Noticias\",\"item\":\"https:\\\/\\\/eldigitaldeasturias.com\\\/radio\\\/category\\\/noticias\\\/\",\"nextItem\":{\"@type\":\"ListItem\",\"@id\":\"https:\\\/\\\/eldigitaldeasturias.com\\\/radio\\\/copa-davis-alemania-enfrenta-a-bielorrusia-en-marzo\\\/#listItem\",\"name\":\"Copa Davis: Alemania enfrenta a Bielorrusia en marzo\"},\"previousItem\":{\"@type\":\"ListItem\",\"@id\":\"https:\\\/\\\/eldigitaldeasturias.com\\\/radio#listItem\",\"name\":\"Inicio\"}},{\"@type\":\"ListItem\",\"@id\":\"https:\\\/\\\/eldigitaldeasturias.com\\\/radio\\\/copa-davis-alemania-enfrenta-a-bielorrusia-en-marzo\\\/#listItem\",\"position\":3,\"name\":\"Copa Davis: Alemania enfrenta a Bielorrusia en marzo\",\"previousItem\":{\"@type\":\"ListItem\",\"@id\":\"https:\\\/\\\/eldigitaldeasturias.com\\\/radio\\\/category\\\/noticias\\\/#listItem\",\"name\":\"Noticias\"}}]},{\"@type\":\"NewsArticle\",\"@id\":\"https:\\\/\\\/eldigitaldeasturias.com\\\/radio\\\/copa-davis-alemania-enfrenta-a-bielorrusia-en-marzo\\\/#newsarticle\",\"name\":\"Copa Davis: Alemania enfrenta a Bielorrusia en marzo | El Digital de Asturias\",\"headline\":\"Copa Davis: Alemania enfrenta a Bielorrusia en marzo\",\"author\":{\"@id\":\"https:\\\/\\\/eldigitaldeasturias.com\\\/radio\\\/author\\\/nbasturias\\\/#author\"},\"publisher\":{\"@id\":\"https:\\\/\\\/eldigitaldeasturias.com\\\/radio\\\/#organization\"},\"image\":{\"@type\":\"ImageObject\",\"url\":\"https:\\\/\\\/eldigitaldeasturias.com\\\/radio\\\/wp-content\\\/uploads\\\/2018\\\/05\\\/tennis-923659_960_720.jpg\",\"width\":960,\"height\":720},\"datePublished\":\"2019-11-25T03:55:47+01:00\",\"dateModified\":\"2019-11-25T03:55:47+01:00\",\"inLanguage\":\"es-ES\",\"mainEntityOfPage\":{\"@id\":\"https:\\\/\\\/eldigitaldeasturias.com\\\/radio\\\/copa-davis-alemania-enfrenta-a-bielorrusia-en-marzo\\\/#webpage\"},\"isPartOf\":{\"@id\":\"https:\\\/\\\/eldigitaldeasturias.com\\\/radio\\\/copa-davis-alemania-enfrenta-a-bielorrusia-en-marzo\\\/#webpage\"},\"articleSection\":\"Noticias\",\"dateline\":\"Publicado el noviembre 25, 2019.\"},{\"@type\":\"Organization\",\"@id\":\"https:\\\/\\\/eldigitaldeasturias.com\\\/radio\\\/#organization\",\"name\":\"El digital de Asturias Radio\",\"description\":\"Diario de informaci\\u00f3n y noticias\",\"url\":\"https:\\\/\\\/eldigitaldeasturias.com\\\/radio\\\/\",\"telephone\":\"+34652131393\",\"logo\":{\"@type\":\"ImageObject\",\"url\":\"https:\\\/\\\/www.eldigitaldeasturias.com\\\/radio\\\/wp-content\\\/uploads\\\/2021\\\/03\\\/EDA.jpg\",\"@id\":\"https:\\\/\\\/eldigitaldeasturias.com\\\/radio\\\/copa-davis-alemania-enfrenta-a-bielorrusia-en-marzo\\\/#organizationLogo\"},\"image\":{\"@id\":\"https:\\\/\\\/eldigitaldeasturias.com\\\/radio\\\/copa-davis-alemania-enfrenta-a-bielorrusia-en-marzo\\\/#organizationLogo\"},\"sameAs\":[\"https:\\\/\\\/www.facebook.com\\\/\",\"https:\\\/\\\/x.com\\\/bercodi\",\"https:\\\/\\\/www.instagram.com\\\/\",\"https:\\\/\\\/www.youtube.com\\\/channel\\\/UCZP-2wLEB9Rv6erhFmqVnvg\"]},{\"@type\":\"Person\",\"@id\":\"https:\\\/\\\/eldigitaldeasturias.com\\\/radio\\\/author\\\/nbasturias\\\/#author\",\"url\":\"https:\\\/\\\/eldigitaldeasturias.com\\\/radio\\\/author\\\/nbasturias\\\/\",\"name\":\"NBAsturias\",\"image\":{\"@type\":\"ImageObject\",\"@id\":\"https:\\\/\\\/eldigitaldeasturias.com\\\/radio\\\/copa-davis-alemania-enfrenta-a-bielorrusia-en-marzo\\\/#authorImage\",\"url\":\"https:\\\/\\\/secure.gravatar.com\\\/avatar\\\/df2aeffc32bcd13f8d26072ef8a91b623d677766deac7f97ca815868cd41bf5e?s=96&d=mm&r=g\",\"width\":96,\"height\":96,\"caption\":\"NBAsturias\"}},{\"@type\":\"WebPage\",\"@id\":\"https:\\\/\\\/eldigitaldeasturias.com\\\/radio\\\/copa-davis-alemania-enfrenta-a-bielorrusia-en-marzo\\\/#webpage\",\"url\":\"https:\\\/\\\/eldigitaldeasturias.com\\\/radio\\\/copa-davis-alemania-enfrenta-a-bielorrusia-en-marzo\\\/\",\"name\":\"Copa Davis: Alemania enfrenta a Bielorrusia en marzo | El Digital de Asturias\",\"description\":\"Madrid (dpa) - El equipo alem\\u00e1n de Copa Davis enfrentar\\u00e1 a Bielorrusia en la serie que se jugar\\u00e1 en marzo para clasificar a la fase final de 2020, seg\\u00fan el sorteo realizado hoy en Madrid. A\\u00fan no se ha definido el lugar del encuentro el 6 y 7 de marzo ante los bielorrusos, cuyo mejor\",\"inLanguage\":\"es-ES\",\"isPartOf\":{\"@id\":\"https:\\\/\\\/eldigitaldeasturias.com\\\/radio\\\/#website\"},\"breadcrumb\":{\"@id\":\"https:\\\/\\\/eldigitaldeasturias.com\\\/radio\\\/copa-davis-alemania-enfrenta-a-bielorrusia-en-marzo\\\/#breadcrumblist\"},\"author\":{\"@id\":\"https:\\\/\\\/eldigitaldeasturias.com\\\/radio\\\/author\\\/nbasturias\\\/#author\"},\"creator\":{\"@id\":\"https:\\\/\\\/eldigitaldeasturias.com\\\/radio\\\/author\\\/nbasturias\\\/#author\"},\"image\":{\"@type\":\"ImageObject\",\"url\":\"https:\\\/\\\/eldigitaldeasturias.com\\\/radio\\\/wp-content\\\/uploads\\\/2018\\\/05\\\/tennis-923659_960_720.jpg\",\"@id\":\"https:\\\/\\\/eldigitaldeasturias.com\\\/radio\\\/copa-davis-alemania-enfrenta-a-bielorrusia-en-marzo\\\/#mainImage\",\"width\":960,\"height\":720},\"primaryImageOfPage\":{\"@id\":\"https:\\\/\\\/eldigitaldeasturias.com\\\/radio\\\/copa-davis-alemania-enfrenta-a-bielorrusia-en-marzo\\\/#mainImage\"},\"datePublished\":\"2019-11-25T03:55:47+01:00\",\"dateModified\":\"2019-11-25T03:55:47+01:00\"},{\"@type\":\"WebSite\",\"@id\":\"https:\\\/\\\/eldigitaldeasturias.com\\\/radio\\\/#website\",\"url\":\"https:\\\/\\\/eldigitaldeasturias.com\\\/radio\\\/\",\"name\":\"El Digital de Asturias\",\"description\":\"Diario de informaci\\u00f3n y noticias\",\"inLanguage\":\"es-ES\",\"publisher\":{\"@id\":\"https:\\\/\\\/eldigitaldeasturias.com\\\/radio\\\/#organization\"}}]}\n\t\t<\/script>\n\t\t<!-- All in One SEO Pro -->\r\n\t\t<title>Copa Davis: Alemania enfrenta a Bielorrusia en marzo | El Digital de Asturias<\/title>\n\n","aioseo_head_json":{"title":"Copa Davis: Alemania enfrenta a Bielorrusia en marzo | El Digital de Asturias","description":"Madrid (dpa) - El equipo alem\u00e1n de Copa Davis enfrentar\u00e1 a Bielorrusia en la serie que se jugar\u00e1 en marzo para clasificar a la fase final de 2020, seg\u00fan el sorteo realizado hoy en Madrid. A\u00fan no se ha definido el lugar del encuentro el 6 y 7 de marzo ante los bielorrusos, cuyo mejor","canonical_url":"https:\/\/eldigitaldeasturias.com\/radio\/copa-davis-alemania-enfrenta-a-bielorrusia-en-marzo\/","robots":"max-image-preview:large","keywords":"noticias","webmasterTools":{"google-site-verification":"UA-38556648-1","miscellaneous":""},"schema":{"@context":"https:\/\/schema.org","@graph":[{"@type":"BreadcrumbList","@id":"https:\/\/eldigitaldeasturias.com\/radio\/copa-davis-alemania-enfrenta-a-bielorrusia-en-marzo\/#breadcrumblist","itemListElement":[{"@type":"ListItem","@id":"https:\/\/eldigitaldeasturias.com\/radio#listItem","position":1,"name":"Inicio","item":"https:\/\/eldigitaldeasturias.com\/radio","nextItem":{"@type":"ListItem","@id":"https:\/\/eldigitaldeasturias.com\/radio\/category\/noticias\/#listItem","name":"Noticias"}},{"@type":"ListItem","@id":"https:\/\/eldigitaldeasturias.com\/radio\/category\/noticias\/#listItem","position":2,"name":"Noticias","item":"https:\/\/eldigitaldeasturias.com\/radio\/category\/noticias\/","nextItem":{"@type":"ListItem","@id":"https:\/\/eldigitaldeasturias.com\/radio\/copa-davis-alemania-enfrenta-a-bielorrusia-en-marzo\/#listItem","name":"Copa Davis: Alemania enfrenta a Bielorrusia en marzo"},"previousItem":{"@type":"ListItem","@id":"https:\/\/eldigitaldeasturias.com\/radio#listItem","name":"Inicio"}},{"@type":"ListItem","@id":"https:\/\/eldigitaldeasturias.com\/radio\/copa-davis-alemania-enfrenta-a-bielorrusia-en-marzo\/#listItem","position":3,"name":"Copa Davis: Alemania enfrenta a Bielorrusia en marzo","previousItem":{"@type":"ListItem","@id":"https:\/\/eldigitaldeasturias.com\/radio\/category\/noticias\/#listItem","name":"Noticias"}}]},{"@type":"NewsArticle","@id":"https:\/\/eldigitaldeasturias.com\/radio\/copa-davis-alemania-enfrenta-a-bielorrusia-en-marzo\/#newsarticle","name":"Copa Davis: Alemania enfrenta a Bielorrusia en marzo | El Digital de Asturias","headline":"Copa Davis: Alemania enfrenta a Bielorrusia en marzo","author":{"@id":"https:\/\/eldigitaldeasturias.com\/radio\/author\/nbasturias\/#author"},"publisher":{"@id":"https:\/\/eldigitaldeasturias.com\/radio\/#organization"},"image":{"@type":"ImageObject","url":"https:\/\/eldigitaldeasturias.com\/radio\/wp-content\/uploads\/2018\/05\/tennis-923659_960_720.jpg","width":960,"height":720},"datePublished":"2019-11-25T03:55:47+01:00","dateModified":"2019-11-25T03:55:47+01:00","inLanguage":"es-ES","mainEntityOfPage":{"@id":"https:\/\/eldigitaldeasturias.com\/radio\/copa-davis-alemania-enfrenta-a-bielorrusia-en-marzo\/#webpage"},"isPartOf":{"@id":"https:\/\/eldigitaldeasturias.com\/radio\/copa-davis-alemania-enfrenta-a-bielorrusia-en-marzo\/#webpage"},"articleSection":"Noticias","dateline":"Publicado el noviembre 25, 2019."},{"@type":"Organization","@id":"https:\/\/eldigitaldeasturias.com\/radio\/#organization","name":"El digital de Asturias Radio","description":"Diario de informaci\u00f3n y noticias","url":"https:\/\/eldigitaldeasturias.com\/radio\/","telephone":"+34652131393","logo":{"@type":"ImageObject","url":"https:\/\/www.eldigitaldeasturias.com\/radio\/wp-content\/uploads\/2021\/03\/EDA.jpg","@id":"https:\/\/eldigitaldeasturias.com\/radio\/copa-davis-alemania-enfrenta-a-bielorrusia-en-marzo\/#organizationLogo"},"image":{"@id":"https:\/\/eldigitaldeasturias.com\/radio\/copa-davis-alemania-enfrenta-a-bielorrusia-en-marzo\/#organizationLogo"},"sameAs":["https:\/\/www.facebook.com\/","https:\/\/x.com\/bercodi","https:\/\/www.instagram.com\/","https:\/\/www.youtube.com\/channel\/UCZP-2wLEB9Rv6erhFmqVnvg"]},{"@type":"Person","@id":"https:\/\/eldigitaldeasturias.com\/radio\/author\/nbasturias\/#author","url":"https:\/\/eldigitaldeasturias.com\/radio\/author\/nbasturias\/","name":"NBAsturias","image":{"@type":"ImageObject","@id":"https:\/\/eldigitaldeasturias.com\/radio\/copa-davis-alemania-enfrenta-a-bielorrusia-en-marzo\/#authorImage","url":"https:\/\/secure.gravatar.com\/avatar\/df2aeffc32bcd13f8d26072ef8a91b623d677766deac7f97ca815868cd41bf5e?s=96&d=mm&r=g","width":96,"height":96,"caption":"NBAsturias"}},{"@type":"WebPage","@id":"https:\/\/eldigitaldeasturias.com\/radio\/copa-davis-alemania-enfrenta-a-bielorrusia-en-marzo\/#webpage","url":"https:\/\/eldigitaldeasturias.com\/radio\/copa-davis-alemania-enfrenta-a-bielorrusia-en-marzo\/","name":"Copa Davis: Alemania enfrenta a Bielorrusia en marzo | El Digital de Asturias","description":"Madrid (dpa) - El equipo alem\u00e1n de Copa Davis enfrentar\u00e1 a Bielorrusia en la serie que se jugar\u00e1 en marzo para clasificar a la fase final de 2020, seg\u00fan el sorteo realizado hoy en Madrid. A\u00fan no se ha definido el lugar del encuentro el 6 y 7 de marzo ante los bielorrusos, cuyo mejor","inLanguage":"es-ES","isPartOf":{"@id":"https:\/\/eldigitaldeasturias.com\/radio\/#website"},"breadcrumb":{"@id":"https:\/\/eldigitaldeasturias.com\/radio\/copa-davis-alemania-enfrenta-a-bielorrusia-en-marzo\/#breadcrumblist"},"author":{"@id":"https:\/\/eldigitaldeasturias.com\/radio\/author\/nbasturias\/#author"},"creator":{"@id":"https:\/\/eldigitaldeasturias.com\/radio\/author\/nbasturias\/#author"},"image":{"@type":"ImageObject","url":"https:\/\/eldigitaldeasturias.com\/radio\/wp-content\/uploads\/2018\/05\/tennis-923659_960_720.jpg","@id":"https:\/\/eldigitaldeasturias.com\/radio\/copa-davis-alemania-enfrenta-a-bielorrusia-en-marzo\/#mainImage","width":960,"height":720},"primaryImageOfPage":{"@id":"https:\/\/eldigitaldeasturias.com\/radio\/copa-davis-alemania-enfrenta-a-bielorrusia-en-marzo\/#mainImage"},"datePublished":"2019-11-25T03:55:47+01:00","dateModified":"2019-11-25T03:55:47+01:00"},{"@type":"WebSite","@id":"https:\/\/eldigitaldeasturias.com\/radio\/#website","url":"https:\/\/eldigitaldeasturias.com\/radio\/","name":"El Digital de Asturias","description":"Diario de informaci\u00f3n y noticias","inLanguage":"es-ES","publisher":{"@id":"https:\/\/eldigitaldeasturias.com\/radio\/#organization"}}]},"og:locale":"es_ES","og:site_name":"El Digital de Asturias | Diario de informaci\u00f3n y noticias","og:type":"article","og:title":"Copa Davis: Alemania enfrenta a Bielorrusia en marzo | El Digital de Asturias","og:description":"Madrid (dpa) - El equipo alem\u00e1n de Copa Davis enfrentar\u00e1 a Bielorrusia en la serie que se jugar\u00e1 en marzo para clasificar a la fase final de 2020, seg\u00fan el sorteo realizado hoy en Madrid. A\u00fan no se ha definido el lugar del encuentro el 6 y 7 de marzo ante los bielorrusos, cuyo mejor","og:url":"https:\/\/eldigitaldeasturias.com\/radio\/copa-davis-alemania-enfrenta-a-bielorrusia-en-marzo\/","og:image":"https:\/\/eldigitaldeasturias.com\/radio\/wp-content\/uploads\/2018\/05\/tennis-923659_960_720.jpg","og:image:secure_url":"https:\/\/eldigitaldeasturias.com\/radio\/wp-content\/uploads\/2018\/05\/tennis-923659_960_720.jpg","og:image:width":960,"og:image:height":720,"article:published_time":"2019-11-25T03:55:47+00:00","article:modified_time":"2019-11-25T03:55:47+00:00","twitter:card":"summary_large_image","twitter:site":"@bercodi","twitter:title":"Copa Davis: Alemania enfrenta a Bielorrusia en marzo | El Digital de Asturias","twitter:description":"Madrid (dpa) - El equipo alem\u00e1n de Copa Davis enfrentar\u00e1 a Bielorrusia en la serie que se jugar\u00e1 en marzo para clasificar a la fase final de 2020, seg\u00fan el sorteo realizado hoy en Madrid. A\u00fan no se ha definido el lugar del encuentro el 6 y 7 de marzo ante los bielorrusos, cuyo mejor","twitter:creator":"@bercodi","twitter:image":"https:\/\/eldigitaldeasturias.com\/radio\/wp-content\/uploads\/2018\/05\/tennis-923659_960_720.jpg"},"aioseo_meta_data":{"post_id":"3580","title":null,"description":null,"keywords":null,"keyphrases":null,"primary_term":null,"canonical_url":null,"og_title":null,"og_description":null,"og_object_type":"default","og_image_type":"default","og_image_url":null,"og_image_width":null,"og_image_height":null,"og_image_custom_url":null,"og_image_custom_fields":null,"og_video":null,"og_custom_url":null,"og_article_section":null,"og_article_tags":null,"twitter_use_og":false,"twitter_card":"default","twitter_image_type":"default","twitter_image_url":null,"twitter_image_custom_url":null,"twitter_image_custom_fields":null,"twitter_title":null,"twitter_description":null,"schema":{"blockGraphs":[],"customGraphs":[],"default":{"data":{"Article":[],"Course":[],"Dataset":[],"FAQPage":[],"Movie":[],"Person":[],"Product":[],"ProductReview":[],"Car":[],"Recipe":[],"Service":[],"SoftwareApplication":[],"WebPage":[]},"graphName":"","isEnabled":true},"graphs":[],"defaultGraph":"","defaultPostTypeGraph":""},"schema_type":null,"schema_type_options":null,"pillar_content":false,"robots_default":true,"robots_noindex":false,"robots_noarchive":false,"robots_nosnippet":false,"robots_nofollow":false,"robots_noimageindex":false,"robots_noodp":false,"robots_notranslate":false,"robots_max_snippet":null,"robots_max_videopreview":null,"robots_max_imagepreview":"large","priority":null,"frequency":null,"location":null,"local_seo":null,"seo_analyzer_scan_date":"2025-08-28 14:26:26","breadcrumb_settings":null,"limit_modified_date":false,"open_ai":null,"ai":null,"created":"2021-03-25 21:21:25","updated":"2025-08-28 14:26:26"},"aioseo_breadcrumb":"<div class=\"aioseo-breadcrumbs\"><span class=\"aioseo-breadcrumb\">\n\t<a href=\"https:\/\/eldigitaldeasturias.com\/radio\" title=\"Inicio\">Inicio<\/a>\n<\/span><span class=\"aioseo-breadcrumb-separator\">&ndash;<\/span><span class=\"aioseo-breadcrumb\">\n\t<a href=\"https:\/\/eldigitaldeasturias.com\/radio\/category\/noticias\/\" title=\"Noticias\">Noticias<\/a>\n<\/span><span class=\"aioseo-breadcrumb-separator\">&ndash;<\/span><span class=\"aioseo-breadcrumb\">\n\tCopa Davis: Alemania enfrenta a Bielorrusia en marzo\n<\/span><\/div>","aioseo_breadcrumb_json":[{"label":"Inicio","link":"https:\/\/eldigitaldeasturias.com\/radio"},{"label":"Noticias","link":"https:\/\/eldigitaldeasturias.com\/radio\/category\/noticias\/"},{"label":"Copa Davis: Alemania enfrenta a Bielorrusia en marzo","link":"https:\/\/eldigitaldeasturias.com\/radio\/copa-davis-alemania-enfrenta-a-bielorrusia-en-marzo\/"}],"_links":{"self":[{"href":"https:\/\/eldigitaldeasturias.com\/radio\/wp-json\/wp\/v2\/posts\/3580","targetHints":{"allow":["GET"]}}],"collection":[{"href":"https:\/\/eldigitaldeasturias.com\/radio\/wp-json\/wp\/v2\/posts"}],"about":[{"href":"https:\/\/eldigitaldeasturias.com\/radio\/wp-json\/wp\/v2\/types\/post"}],"author":[{"embeddable":true,"href":"https:\/\/eldigitaldeasturias.com\/radio\/wp-json\/wp\/v2\/users\/1"}],"replies":[{"embeddable":true,"href":"https:\/\/eldigitaldeasturias.com\/radio\/wp-json\/wp\/v2\/comments?post=3580"}],"version-history":[{"count":0,"href":"https:\/\/eldigitaldeasturias.com\/radio\/wp-json\/wp\/v2\/posts\/3580\/revisions"}],"wp:featuredmedia":[{"embeddable":true,"href":"https:\/\/eldigitaldeasturias.com\/radio\/wp-json\/wp\/v2\/media\/893"}],"wp:attachment":[{"href":"https:\/\/eldigitaldeasturias.com\/radio\/wp-json\/wp\/v2\/media?parent=3580"}],"wp:term":[{"taxonomy":"category","embeddable":true,"href":"https:\/\/eldigitaldeasturias.com\/radio\/wp-json\/wp\/v2\/categories?post=3580"},{"taxonomy":"post_tag","embeddable":true,"href":"https:\/\/eldigitaldeasturias.com\/radio\/wp-json\/wp\/v2\/tags?post=3580"}],"curies":[{"name":"wp","href":"https:\/\/api.w.org\/{rel}","templated":true}]}}