{"id":3578,"date":"2019-11-25T03:54:54","date_gmt":"2019-11-25T03:54:54","guid":{"rendered":"http:\/\/www.eldigitaldeasturias.com\/radio\/?p=3578"},"modified":"2019-11-25T03:54:54","modified_gmt":"2019-11-25T03:54:54","slug":"gobierno-regional-aleman-ofrece-programa-para-abandonar-el-extremismo","status":"publish","type":"post","link":"https:\/\/eldigitaldeasturias.com\/radio\/gobierno-regional-aleman-ofrece-programa-para-abandonar-el-extremismo\/","title":{"rendered":"Gobierno regional alem\u00e1n ofrece programa para abandonar el extremismo"},"content":{"rendered":"<p>D\u00fcsseldorf (Alemania), 24 nov (dpa) &#8211; El ministro del Interior del estado alem\u00e1n de Renania del Norte-Westfalia, Herbert Reul, recalc\u00f3 hoy la necesidad de mantener el programa para personas que quieren abandonar los grupos de extrema izquierda en Alemania.<\/p>\n<p>\u00abEl programa es incre\u00edblemente importante porque la escena extremista de izquierda en Renania del Norte-Westfalia se est\u00e1 volviendo cada vez m\u00e1s violenta\u00bb, se\u00f1al\u00f3 Reul a dpa en D\u00fcsseldorf.<\/p>\n<p>Desde que se implement\u00f3 el programa \u00abLeft\u00bb (izquierda) hace un a\u00f1o, este estado federado alem\u00e1n se ocupa de 30 personas que desean retirarse de esos grupos radicales.<\/p>\n<p>\u00abCada persona que sacamos de esta escena es un beneficio para la seguridad y la sociedad\u00bb, asegur\u00f3 Reul, a\u00f1adiendo sin embargo que a\u00fan no se pueden presentar los resultados.<\/p>\n<p>Actualmente 21 personas participan de forma activa en el programa.<\/p>\n<p>Los equipos interdisciplinarios, integrados por expertos de la Polic\u00eda, la protecci\u00f3n constitucional, la Justicia, el Islam, el derecho y la ciencia pol\u00edtica, la psicolog\u00eda, la educaci\u00f3n y el trabajo social, calculan que el proceso de salida se extiende de tres a cinco a\u00f1os.<\/p>\n<p>Seg\u00fan Reul, \u00abLeft\u00bb es el primer programa para personas que quieren salir de los grupos de extrema izquierda en Alemania.<\/p>\n<p>\u00abAs\u00ed cerramos una brecha y ofrecemos programas de salida para todas las \u00e1reas de extremismo en Renania del Norte-Westfalia\u00bb, acot\u00f3 el ministro del Interior de la regi\u00f3n.<\/p>\n<p>Reul destac\u00f3 que de esta manera los expertos acompa\u00f1an a los extremistas de izquierda y de derecha as\u00ed como a los islamistas en su camino de regreso a la sociedad.<\/p>\n<p>El trabajo se basa en dos pilares: el foco est\u00e1 puesto en reflexionar sobre la ideolog\u00eda extremista a fin de prevenir los actos criminales, y consolidar las estructuras sociales de forma paralela a la desradicalizaci\u00f3n.<\/p>\n<p>Para ello se ofrecen cursos contra la agresi\u00f3n y la violencia, como as\u00ed tambi\u00e9n ayuda para encontrar trabajo o vivienda tras el tiempo en prisi\u00f3n.<\/p>\n<p>El programa de salida est\u00e1 dirigido tanto para personas involucradas en grupos extremistas de izquierda alemanes, por ejemplo del espectro aut\u00f3nomo o militantes antifacistas (Antifa), as\u00ed como a miembros de grupos extranjeros como el PKK (Partido de los Trabajadores de Kurdist\u00e1n) o el DHKP-C turco(Partido-Frente Revolucionario de Liberaci\u00f3n del Pueblo).<\/p>\n<p>El informe anual 2018 del estado de Renania del Norte-Westfalia reflej\u00f3 un ligero aumento de delitos cometidos por extremistas de izquierda. Con un total de 1.394 casos registrados se llevaron a cabo 20 m\u00e1s que en el a\u00f1o 2017.<\/p>\n<p>Sin embargo, seg\u00fan el informe, el n\u00famero de delitos violentos aument\u00f3 dr\u00e1sticamente de 191 a 447, en especial severos ataques contra polic\u00edas en los enfrentamientos por la tala del bosque de Hambach.<\/p>\n<p>El bosque de Hambach se convirti\u00f3 el a\u00f1o pasado en un s\u00edmbolo de los movimientos ambientalistas germanos y de las protestas en pos de que Alemania abandone la generaci\u00f3n de energ\u00eda a partir del carb\u00f3n.<\/p>\n<p>De acuerdo con la informaci\u00f3n, se calcula que en el estado de Renania del Norte-Westfalia los partidos de extrema izquierda tienen unos 2.500 seguidores.<\/p>\n","protected":false},"excerpt":{"rendered":"<p>D\u00fcsseldorf (Alemania), 24 nov (dpa) &#8211; El ministro del Interior del estado alem\u00e1n de Renania del Norte-Westfalia, Herbert Reul, recalc\u00f3 hoy la necesidad de mantener el programa para personas que quieren abandonar los grupos de extrema izquierda en Alemania. \u00abEl programa es incre\u00edblemente importante porque la escena extremista de izquierda en Renania del Norte-Westfalia se<\/p>\n","protected":false},"author":1,"featured_media":1352,"comment_status":"closed","ping_status":"closed","sticky":false,"template":"","format":"standard","meta":{"footnotes":""},"categories":[1],"tags":[],"class_list":{"0":"post-3578","1":"post","2":"type-post","3":"status-publish","4":"format-standard","5":"has-post-thumbnail","7":"category-noticias"},"aioseo_notices":[],"aioseo_head":"\n\t\t<!-- All in One SEO Pro 4.9.6.2 - aioseo.com -->\n\t<meta name=\"description\" content=\"D\u00fcsseldorf (Alemania), 24 nov (dpa) - El ministro del Interior del estado alem\u00e1n de Renania del Norte-Westfalia, Herbert Reul, recalc\u00f3 hoy la necesidad de mantener el programa para personas que quieren abandonar los grupos de extrema izquierda en Alemania. &quot;El programa es incre\u00edblemente importante porque la escena extremista de izquierda en Renania del Norte-Westfalia se\" \/>\n\t<meta name=\"robots\" content=\"max-image-preview:large\" \/>\n\t<meta name=\"author\" content=\"NBAsturias\"\/>\n\t<meta name=\"google-site-verification\" content=\"UA-38556648-1\" \/>\n\t<meta name=\"keywords\" content=\"noticias\" \/>\n\t<link rel=\"canonical\" href=\"https:\/\/eldigitaldeasturias.com\/radio\/gobierno-regional-aleman-ofrece-programa-para-abandonar-el-extremismo\/\" \/>\n\t<meta name=\"generator\" content=\"All in One SEO Pro (AIOSEO) 4.9.6.2\" \/>\n\t\t<meta property=\"og:locale\" content=\"es_ES\" \/>\n\t\t<meta property=\"og:site_name\" content=\"El Digital de Asturias | Diario de informaci\u00f3n y noticias\" \/>\n\t\t<meta property=\"og:type\" content=\"article\" \/>\n\t\t<meta property=\"og:title\" content=\"Gobierno regional alem\u00e1n ofrece programa para abandonar el extremismo | El Digital de Asturias\" \/>\n\t\t<meta property=\"og:description\" content=\"D\u00fcsseldorf (Alemania), 24 nov (dpa) - El ministro del Interior del estado alem\u00e1n de Renania del Norte-Westfalia, Herbert Reul, recalc\u00f3 hoy la necesidad de mantener el programa para personas que quieren abandonar los grupos de extrema izquierda en Alemania. &quot;El programa es incre\u00edblemente importante porque la escena extremista de izquierda en Renania del Norte-Westfalia se\" \/>\n\t\t<meta property=\"og:url\" content=\"https:\/\/eldigitaldeasturias.com\/radio\/gobierno-regional-aleman-ofrece-programa-para-abandonar-el-extremismo\/\" \/>\n\t\t<meta property=\"og:image\" content=\"https:\/\/eldigitaldeasturias.com\/radio\/wp-content\/uploads\/2018\/10\/technology-785742_960_720.jpg\" \/>\n\t\t<meta property=\"og:image:secure_url\" content=\"https:\/\/eldigitaldeasturias.com\/radio\/wp-content\/uploads\/2018\/10\/technology-785742_960_720.jpg\" \/>\n\t\t<meta property=\"og:image:width\" content=\"960\" \/>\n\t\t<meta property=\"og:image:height\" content=\"640\" \/>\n\t\t<meta property=\"article:published_time\" content=\"2019-11-25T03:54:54+00:00\" \/>\n\t\t<meta property=\"article:modified_time\" content=\"2019-11-25T03:54:54+00:00\" \/>\n\t\t<meta name=\"twitter:card\" content=\"summary_large_image\" \/>\n\t\t<meta name=\"twitter:site\" content=\"@bercodi\" \/>\n\t\t<meta name=\"twitter:title\" content=\"Gobierno regional alem\u00e1n ofrece programa para abandonar el extremismo | El Digital de Asturias\" \/>\n\t\t<meta name=\"twitter:description\" content=\"D\u00fcsseldorf (Alemania), 24 nov (dpa) - El ministro del Interior del estado alem\u00e1n de Renania del Norte-Westfalia, Herbert Reul, recalc\u00f3 hoy la necesidad de mantener el programa para personas que quieren abandonar los grupos de extrema izquierda en Alemania. &quot;El programa es incre\u00edblemente importante porque la escena extremista de izquierda en Renania del Norte-Westfalia se\" \/>\n\t\t<meta name=\"twitter:creator\" content=\"@bercodi\" \/>\n\t\t<meta name=\"twitter:image\" content=\"https:\/\/eldigitaldeasturias.com\/radio\/wp-content\/uploads\/2018\/10\/technology-785742_960_720.jpg\" \/>\n\t\t<script type=\"application\/ld+json\" class=\"aioseo-schema\">\n\t\t\t{\"@context\":\"https:\\\/\\\/schema.org\",\"@graph\":[{\"@type\":\"BreadcrumbList\",\"@id\":\"https:\\\/\\\/eldigitaldeasturias.com\\\/radio\\\/gobierno-regional-aleman-ofrece-programa-para-abandonar-el-extremismo\\\/#breadcrumblist\",\"itemListElement\":[{\"@type\":\"ListItem\",\"@id\":\"https:\\\/\\\/eldigitaldeasturias.com\\\/radio#listItem\",\"position\":1,\"name\":\"Inicio\",\"item\":\"https:\\\/\\\/eldigitaldeasturias.com\\\/radio\",\"nextItem\":{\"@type\":\"ListItem\",\"@id\":\"https:\\\/\\\/eldigitaldeasturias.com\\\/radio\\\/category\\\/noticias\\\/#listItem\",\"name\":\"Noticias\"}},{\"@type\":\"ListItem\",\"@id\":\"https:\\\/\\\/eldigitaldeasturias.com\\\/radio\\\/category\\\/noticias\\\/#listItem\",\"position\":2,\"name\":\"Noticias\",\"item\":\"https:\\\/\\\/eldigitaldeasturias.com\\\/radio\\\/category\\\/noticias\\\/\",\"nextItem\":{\"@type\":\"ListItem\",\"@id\":\"https:\\\/\\\/eldigitaldeasturias.com\\\/radio\\\/gobierno-regional-aleman-ofrece-programa-para-abandonar-el-extremismo\\\/#listItem\",\"name\":\"Gobierno regional alem\\u00e1n ofrece programa para abandonar el extremismo\"},\"previousItem\":{\"@type\":\"ListItem\",\"@id\":\"https:\\\/\\\/eldigitaldeasturias.com\\\/radio#listItem\",\"name\":\"Inicio\"}},{\"@type\":\"ListItem\",\"@id\":\"https:\\\/\\\/eldigitaldeasturias.com\\\/radio\\\/gobierno-regional-aleman-ofrece-programa-para-abandonar-el-extremismo\\\/#listItem\",\"position\":3,\"name\":\"Gobierno regional alem\\u00e1n ofrece programa para abandonar el extremismo\",\"previousItem\":{\"@type\":\"ListItem\",\"@id\":\"https:\\\/\\\/eldigitaldeasturias.com\\\/radio\\\/category\\\/noticias\\\/#listItem\",\"name\":\"Noticias\"}}]},{\"@type\":\"NewsArticle\",\"@id\":\"https:\\\/\\\/eldigitaldeasturias.com\\\/radio\\\/gobierno-regional-aleman-ofrece-programa-para-abandonar-el-extremismo\\\/#newsarticle\",\"name\":\"Gobierno regional alem\\u00e1n ofrece programa para abandonar el extremismo | El Digital de Asturias\",\"headline\":\"Gobierno regional alem\\u00e1n ofrece programa para abandonar el extremismo\",\"author\":{\"@id\":\"https:\\\/\\\/eldigitaldeasturias.com\\\/radio\\\/author\\\/nbasturias\\\/#author\"},\"publisher\":{\"@id\":\"https:\\\/\\\/eldigitaldeasturias.com\\\/radio\\\/#organization\"},\"image\":{\"@type\":\"ImageObject\",\"url\":\"https:\\\/\\\/eldigitaldeasturias.com\\\/radio\\\/wp-content\\\/uploads\\\/2018\\\/10\\\/technology-785742_960_720.jpg\",\"width\":960,\"height\":640},\"datePublished\":\"2019-11-25T03:54:54+01:00\",\"dateModified\":\"2019-11-25T03:54:54+01:00\",\"inLanguage\":\"es-ES\",\"mainEntityOfPage\":{\"@id\":\"https:\\\/\\\/eldigitaldeasturias.com\\\/radio\\\/gobierno-regional-aleman-ofrece-programa-para-abandonar-el-extremismo\\\/#webpage\"},\"isPartOf\":{\"@id\":\"https:\\\/\\\/eldigitaldeasturias.com\\\/radio\\\/gobierno-regional-aleman-ofrece-programa-para-abandonar-el-extremismo\\\/#webpage\"},\"articleSection\":\"Noticias\",\"dateline\":\"Publicado el noviembre 25, 2019.\"},{\"@type\":\"Organization\",\"@id\":\"https:\\\/\\\/eldigitaldeasturias.com\\\/radio\\\/#organization\",\"name\":\"El digital de Asturias Radio\",\"description\":\"Diario de informaci\\u00f3n y noticias\",\"url\":\"https:\\\/\\\/eldigitaldeasturias.com\\\/radio\\\/\",\"telephone\":\"+34652131393\",\"logo\":{\"@type\":\"ImageObject\",\"url\":\"https:\\\/\\\/www.eldigitaldeasturias.com\\\/radio\\\/wp-content\\\/uploads\\\/2021\\\/03\\\/EDA.jpg\",\"@id\":\"https:\\\/\\\/eldigitaldeasturias.com\\\/radio\\\/gobierno-regional-aleman-ofrece-programa-para-abandonar-el-extremismo\\\/#organizationLogo\"},\"image\":{\"@id\":\"https:\\\/\\\/eldigitaldeasturias.com\\\/radio\\\/gobierno-regional-aleman-ofrece-programa-para-abandonar-el-extremismo\\\/#organizationLogo\"},\"sameAs\":[\"https:\\\/\\\/www.facebook.com\\\/\",\"https:\\\/\\\/x.com\\\/bercodi\",\"https:\\\/\\\/www.instagram.com\\\/\",\"https:\\\/\\\/www.youtube.com\\\/channel\\\/UCZP-2wLEB9Rv6erhFmqVnvg\"]},{\"@type\":\"Person\",\"@id\":\"https:\\\/\\\/eldigitaldeasturias.com\\\/radio\\\/author\\\/nbasturias\\\/#author\",\"url\":\"https:\\\/\\\/eldigitaldeasturias.com\\\/radio\\\/author\\\/nbasturias\\\/\",\"name\":\"NBAsturias\",\"image\":{\"@type\":\"ImageObject\",\"@id\":\"https:\\\/\\\/eldigitaldeasturias.com\\\/radio\\\/gobierno-regional-aleman-ofrece-programa-para-abandonar-el-extremismo\\\/#authorImage\",\"url\":\"https:\\\/\\\/secure.gravatar.com\\\/avatar\\\/df2aeffc32bcd13f8d26072ef8a91b623d677766deac7f97ca815868cd41bf5e?s=96&d=mm&r=g\",\"width\":96,\"height\":96,\"caption\":\"NBAsturias\"}},{\"@type\":\"WebPage\",\"@id\":\"https:\\\/\\\/eldigitaldeasturias.com\\\/radio\\\/gobierno-regional-aleman-ofrece-programa-para-abandonar-el-extremismo\\\/#webpage\",\"url\":\"https:\\\/\\\/eldigitaldeasturias.com\\\/radio\\\/gobierno-regional-aleman-ofrece-programa-para-abandonar-el-extremismo\\\/\",\"name\":\"Gobierno regional alem\\u00e1n ofrece programa para abandonar el extremismo | El Digital de Asturias\",\"description\":\"D\\u00fcsseldorf (Alemania), 24 nov (dpa) - El ministro del Interior del estado alem\\u00e1n de Renania del Norte-Westfalia, Herbert Reul, recalc\\u00f3 hoy la necesidad de mantener el programa para personas que quieren abandonar los grupos de extrema izquierda en Alemania. \\\"El programa es incre\\u00edblemente importante porque la escena extremista de izquierda en Renania del Norte-Westfalia se\",\"inLanguage\":\"es-ES\",\"isPartOf\":{\"@id\":\"https:\\\/\\\/eldigitaldeasturias.com\\\/radio\\\/#website\"},\"breadcrumb\":{\"@id\":\"https:\\\/\\\/eldigitaldeasturias.com\\\/radio\\\/gobierno-regional-aleman-ofrece-programa-para-abandonar-el-extremismo\\\/#breadcrumblist\"},\"author\":{\"@id\":\"https:\\\/\\\/eldigitaldeasturias.com\\\/radio\\\/author\\\/nbasturias\\\/#author\"},\"creator\":{\"@id\":\"https:\\\/\\\/eldigitaldeasturias.com\\\/radio\\\/author\\\/nbasturias\\\/#author\"},\"image\":{\"@type\":\"ImageObject\",\"url\":\"https:\\\/\\\/eldigitaldeasturias.com\\\/radio\\\/wp-content\\\/uploads\\\/2018\\\/10\\\/technology-785742_960_720.jpg\",\"@id\":\"https:\\\/\\\/eldigitaldeasturias.com\\\/radio\\\/gobierno-regional-aleman-ofrece-programa-para-abandonar-el-extremismo\\\/#mainImage\",\"width\":960,\"height\":640},\"primaryImageOfPage\":{\"@id\":\"https:\\\/\\\/eldigitaldeasturias.com\\\/radio\\\/gobierno-regional-aleman-ofrece-programa-para-abandonar-el-extremismo\\\/#mainImage\"},\"datePublished\":\"2019-11-25T03:54:54+01:00\",\"dateModified\":\"2019-11-25T03:54:54+01:00\"},{\"@type\":\"WebSite\",\"@id\":\"https:\\\/\\\/eldigitaldeasturias.com\\\/radio\\\/#website\",\"url\":\"https:\\\/\\\/eldigitaldeasturias.com\\\/radio\\\/\",\"name\":\"El Digital de Asturias\",\"description\":\"Diario de informaci\\u00f3n y noticias\",\"inLanguage\":\"es-ES\",\"publisher\":{\"@id\":\"https:\\\/\\\/eldigitaldeasturias.com\\\/radio\\\/#organization\"}}]}\n\t\t<\/script>\n\t\t<!-- All in One SEO Pro -->\r\n\t\t<title>Gobierno regional alem\u00e1n ofrece programa para abandonar el extremismo | El Digital de Asturias<\/title>\n\n","aioseo_head_json":{"title":"Gobierno regional alem\u00e1n ofrece programa para abandonar el extremismo | El Digital de Asturias","description":"D\u00fcsseldorf (Alemania), 24 nov (dpa) - El ministro del Interior del estado alem\u00e1n de Renania del Norte-Westfalia, Herbert Reul, recalc\u00f3 hoy la necesidad de mantener el programa para personas que quieren abandonar los grupos de extrema izquierda en Alemania. \"El programa es incre\u00edblemente importante porque la escena extremista de izquierda en Renania del Norte-Westfalia se","canonical_url":"https:\/\/eldigitaldeasturias.com\/radio\/gobierno-regional-aleman-ofrece-programa-para-abandonar-el-extremismo\/","robots":"max-image-preview:large","keywords":"noticias","webmasterTools":{"google-site-verification":"UA-38556648-1","miscellaneous":""},"schema":{"@context":"https:\/\/schema.org","@graph":[{"@type":"BreadcrumbList","@id":"https:\/\/eldigitaldeasturias.com\/radio\/gobierno-regional-aleman-ofrece-programa-para-abandonar-el-extremismo\/#breadcrumblist","itemListElement":[{"@type":"ListItem","@id":"https:\/\/eldigitaldeasturias.com\/radio#listItem","position":1,"name":"Inicio","item":"https:\/\/eldigitaldeasturias.com\/radio","nextItem":{"@type":"ListItem","@id":"https:\/\/eldigitaldeasturias.com\/radio\/category\/noticias\/#listItem","name":"Noticias"}},{"@type":"ListItem","@id":"https:\/\/eldigitaldeasturias.com\/radio\/category\/noticias\/#listItem","position":2,"name":"Noticias","item":"https:\/\/eldigitaldeasturias.com\/radio\/category\/noticias\/","nextItem":{"@type":"ListItem","@id":"https:\/\/eldigitaldeasturias.com\/radio\/gobierno-regional-aleman-ofrece-programa-para-abandonar-el-extremismo\/#listItem","name":"Gobierno regional alem\u00e1n ofrece programa para abandonar el extremismo"},"previousItem":{"@type":"ListItem","@id":"https:\/\/eldigitaldeasturias.com\/radio#listItem","name":"Inicio"}},{"@type":"ListItem","@id":"https:\/\/eldigitaldeasturias.com\/radio\/gobierno-regional-aleman-ofrece-programa-para-abandonar-el-extremismo\/#listItem","position":3,"name":"Gobierno regional alem\u00e1n ofrece programa para abandonar el extremismo","previousItem":{"@type":"ListItem","@id":"https:\/\/eldigitaldeasturias.com\/radio\/category\/noticias\/#listItem","name":"Noticias"}}]},{"@type":"NewsArticle","@id":"https:\/\/eldigitaldeasturias.com\/radio\/gobierno-regional-aleman-ofrece-programa-para-abandonar-el-extremismo\/#newsarticle","name":"Gobierno regional alem\u00e1n ofrece programa para abandonar el extremismo | El Digital de Asturias","headline":"Gobierno regional alem\u00e1n ofrece programa para abandonar el extremismo","author":{"@id":"https:\/\/eldigitaldeasturias.com\/radio\/author\/nbasturias\/#author"},"publisher":{"@id":"https:\/\/eldigitaldeasturias.com\/radio\/#organization"},"image":{"@type":"ImageObject","url":"https:\/\/eldigitaldeasturias.com\/radio\/wp-content\/uploads\/2018\/10\/technology-785742_960_720.jpg","width":960,"height":640},"datePublished":"2019-11-25T03:54:54+01:00","dateModified":"2019-11-25T03:54:54+01:00","inLanguage":"es-ES","mainEntityOfPage":{"@id":"https:\/\/eldigitaldeasturias.com\/radio\/gobierno-regional-aleman-ofrece-programa-para-abandonar-el-extremismo\/#webpage"},"isPartOf":{"@id":"https:\/\/eldigitaldeasturias.com\/radio\/gobierno-regional-aleman-ofrece-programa-para-abandonar-el-extremismo\/#webpage"},"articleSection":"Noticias","dateline":"Publicado el noviembre 25, 2019."},{"@type":"Organization","@id":"https:\/\/eldigitaldeasturias.com\/radio\/#organization","name":"El digital de Asturias Radio","description":"Diario de informaci\u00f3n y noticias","url":"https:\/\/eldigitaldeasturias.com\/radio\/","telephone":"+34652131393","logo":{"@type":"ImageObject","url":"https:\/\/www.eldigitaldeasturias.com\/radio\/wp-content\/uploads\/2021\/03\/EDA.jpg","@id":"https:\/\/eldigitaldeasturias.com\/radio\/gobierno-regional-aleman-ofrece-programa-para-abandonar-el-extremismo\/#organizationLogo"},"image":{"@id":"https:\/\/eldigitaldeasturias.com\/radio\/gobierno-regional-aleman-ofrece-programa-para-abandonar-el-extremismo\/#organizationLogo"},"sameAs":["https:\/\/www.facebook.com\/","https:\/\/x.com\/bercodi","https:\/\/www.instagram.com\/","https:\/\/www.youtube.com\/channel\/UCZP-2wLEB9Rv6erhFmqVnvg"]},{"@type":"Person","@id":"https:\/\/eldigitaldeasturias.com\/radio\/author\/nbasturias\/#author","url":"https:\/\/eldigitaldeasturias.com\/radio\/author\/nbasturias\/","name":"NBAsturias","image":{"@type":"ImageObject","@id":"https:\/\/eldigitaldeasturias.com\/radio\/gobierno-regional-aleman-ofrece-programa-para-abandonar-el-extremismo\/#authorImage","url":"https:\/\/secure.gravatar.com\/avatar\/df2aeffc32bcd13f8d26072ef8a91b623d677766deac7f97ca815868cd41bf5e?s=96&d=mm&r=g","width":96,"height":96,"caption":"NBAsturias"}},{"@type":"WebPage","@id":"https:\/\/eldigitaldeasturias.com\/radio\/gobierno-regional-aleman-ofrece-programa-para-abandonar-el-extremismo\/#webpage","url":"https:\/\/eldigitaldeasturias.com\/radio\/gobierno-regional-aleman-ofrece-programa-para-abandonar-el-extremismo\/","name":"Gobierno regional alem\u00e1n ofrece programa para abandonar el extremismo | El Digital de Asturias","description":"D\u00fcsseldorf (Alemania), 24 nov (dpa) - El ministro del Interior del estado alem\u00e1n de Renania del Norte-Westfalia, Herbert Reul, recalc\u00f3 hoy la necesidad de mantener el programa para personas que quieren abandonar los grupos de extrema izquierda en Alemania. \"El programa es incre\u00edblemente importante porque la escena extremista de izquierda en Renania del Norte-Westfalia se","inLanguage":"es-ES","isPartOf":{"@id":"https:\/\/eldigitaldeasturias.com\/radio\/#website"},"breadcrumb":{"@id":"https:\/\/eldigitaldeasturias.com\/radio\/gobierno-regional-aleman-ofrece-programa-para-abandonar-el-extremismo\/#breadcrumblist"},"author":{"@id":"https:\/\/eldigitaldeasturias.com\/radio\/author\/nbasturias\/#author"},"creator":{"@id":"https:\/\/eldigitaldeasturias.com\/radio\/author\/nbasturias\/#author"},"image":{"@type":"ImageObject","url":"https:\/\/eldigitaldeasturias.com\/radio\/wp-content\/uploads\/2018\/10\/technology-785742_960_720.jpg","@id":"https:\/\/eldigitaldeasturias.com\/radio\/gobierno-regional-aleman-ofrece-programa-para-abandonar-el-extremismo\/#mainImage","width":960,"height":640},"primaryImageOfPage":{"@id":"https:\/\/eldigitaldeasturias.com\/radio\/gobierno-regional-aleman-ofrece-programa-para-abandonar-el-extremismo\/#mainImage"},"datePublished":"2019-11-25T03:54:54+01:00","dateModified":"2019-11-25T03:54:54+01:00"},{"@type":"WebSite","@id":"https:\/\/eldigitaldeasturias.com\/radio\/#website","url":"https:\/\/eldigitaldeasturias.com\/radio\/","name":"El Digital de Asturias","description":"Diario de informaci\u00f3n y noticias","inLanguage":"es-ES","publisher":{"@id":"https:\/\/eldigitaldeasturias.com\/radio\/#organization"}}]},"og:locale":"es_ES","og:site_name":"El Digital de Asturias | Diario de informaci\u00f3n y noticias","og:type":"article","og:title":"Gobierno regional alem\u00e1n ofrece programa para abandonar el extremismo | El Digital de Asturias","og:description":"D\u00fcsseldorf (Alemania), 24 nov (dpa) - El ministro del Interior del estado alem\u00e1n de Renania del Norte-Westfalia, Herbert Reul, recalc\u00f3 hoy la necesidad de mantener el programa para personas que quieren abandonar los grupos de extrema izquierda en Alemania. &quot;El programa es incre\u00edblemente importante porque la escena extremista de izquierda en Renania del Norte-Westfalia se","og:url":"https:\/\/eldigitaldeasturias.com\/radio\/gobierno-regional-aleman-ofrece-programa-para-abandonar-el-extremismo\/","og:image":"https:\/\/eldigitaldeasturias.com\/radio\/wp-content\/uploads\/2018\/10\/technology-785742_960_720.jpg","og:image:secure_url":"https:\/\/eldigitaldeasturias.com\/radio\/wp-content\/uploads\/2018\/10\/technology-785742_960_720.jpg","og:image:width":960,"og:image:height":640,"article:published_time":"2019-11-25T03:54:54+00:00","article:modified_time":"2019-11-25T03:54:54+00:00","twitter:card":"summary_large_image","twitter:site":"@bercodi","twitter:title":"Gobierno regional alem\u00e1n ofrece programa para abandonar el extremismo | El Digital de Asturias","twitter:description":"D\u00fcsseldorf (Alemania), 24 nov (dpa) - El ministro del Interior del estado alem\u00e1n de Renania del Norte-Westfalia, Herbert Reul, recalc\u00f3 hoy la necesidad de mantener el programa para personas que quieren abandonar los grupos de extrema izquierda en Alemania. &quot;El programa es incre\u00edblemente importante porque la escena extremista de izquierda en Renania del Norte-Westfalia se","twitter:creator":"@bercodi","twitter:image":"https:\/\/eldigitaldeasturias.com\/radio\/wp-content\/uploads\/2018\/10\/technology-785742_960_720.jpg"},"aioseo_meta_data":{"post_id":"3578","title":null,"description":null,"keywords":null,"keyphrases":null,"primary_term":null,"canonical_url":null,"og_title":null,"og_description":null,"og_object_type":"default","og_image_type":"default","og_image_url":null,"og_image_width":null,"og_image_height":null,"og_image_custom_url":null,"og_image_custom_fields":null,"og_video":null,"og_custom_url":null,"og_article_section":null,"og_article_tags":null,"twitter_use_og":false,"twitter_card":"default","twitter_image_type":"default","twitter_image_url":null,"twitter_image_custom_url":null,"twitter_image_custom_fields":null,"twitter_title":null,"twitter_description":null,"schema":{"blockGraphs":[],"customGraphs":[],"default":{"data":{"Article":[],"Course":[],"Dataset":[],"FAQPage":[],"Movie":[],"Person":[],"Product":[],"ProductReview":[],"Car":[],"Recipe":[],"Service":[],"SoftwareApplication":[],"WebPage":[]},"graphName":"","isEnabled":true},"graphs":[],"defaultGraph":"","defaultPostTypeGraph":""},"schema_type":null,"schema_type_options":null,"pillar_content":false,"robots_default":true,"robots_noindex":false,"robots_noarchive":false,"robots_nosnippet":false,"robots_nofollow":false,"robots_noimageindex":false,"robots_noodp":false,"robots_notranslate":false,"robots_max_snippet":null,"robots_max_videopreview":null,"robots_max_imagepreview":"large","priority":null,"frequency":null,"location":null,"local_seo":null,"seo_analyzer_scan_date":"2025-08-28 14:26:25","breadcrumb_settings":null,"limit_modified_date":false,"open_ai":null,"ai":null,"created":"2021-03-27 17:29:30","updated":"2025-08-28 14:26:25"},"aioseo_breadcrumb":"<div class=\"aioseo-breadcrumbs\"><span class=\"aioseo-breadcrumb\">\n\t<a href=\"https:\/\/eldigitaldeasturias.com\/radio\" title=\"Inicio\">Inicio<\/a>\n<\/span><span class=\"aioseo-breadcrumb-separator\">&ndash;<\/span><span class=\"aioseo-breadcrumb\">\n\t<a href=\"https:\/\/eldigitaldeasturias.com\/radio\/category\/noticias\/\" title=\"Noticias\">Noticias<\/a>\n<\/span><span class=\"aioseo-breadcrumb-separator\">&ndash;<\/span><span class=\"aioseo-breadcrumb\">\n\tGobierno regional alem\u00e1n ofrece programa para abandonar el extremismo\n<\/span><\/div>","aioseo_breadcrumb_json":[{"label":"Inicio","link":"https:\/\/eldigitaldeasturias.com\/radio"},{"label":"Noticias","link":"https:\/\/eldigitaldeasturias.com\/radio\/category\/noticias\/"},{"label":"Gobierno regional alem\u00e1n ofrece programa para abandonar el extremismo","link":"https:\/\/eldigitaldeasturias.com\/radio\/gobierno-regional-aleman-ofrece-programa-para-abandonar-el-extremismo\/"}],"_links":{"self":[{"href":"https:\/\/eldigitaldeasturias.com\/radio\/wp-json\/wp\/v2\/posts\/3578","targetHints":{"allow":["GET"]}}],"collection":[{"href":"https:\/\/eldigitaldeasturias.com\/radio\/wp-json\/wp\/v2\/posts"}],"about":[{"href":"https:\/\/eldigitaldeasturias.com\/radio\/wp-json\/wp\/v2\/types\/post"}],"author":[{"embeddable":true,"href":"https:\/\/eldigitaldeasturias.com\/radio\/wp-json\/wp\/v2\/users\/1"}],"replies":[{"embeddable":true,"href":"https:\/\/eldigitaldeasturias.com\/radio\/wp-json\/wp\/v2\/comments?post=3578"}],"version-history":[{"count":0,"href":"https:\/\/eldigitaldeasturias.com\/radio\/wp-json\/wp\/v2\/posts\/3578\/revisions"}],"wp:featuredmedia":[{"embeddable":true,"href":"https:\/\/eldigitaldeasturias.com\/radio\/wp-json\/wp\/v2\/media\/1352"}],"wp:attachment":[{"href":"https:\/\/eldigitaldeasturias.com\/radio\/wp-json\/wp\/v2\/media?parent=3578"}],"wp:term":[{"taxonomy":"category","embeddable":true,"href":"https:\/\/eldigitaldeasturias.com\/radio\/wp-json\/wp\/v2\/categories?post=3578"},{"taxonomy":"post_tag","embeddable":true,"href":"https:\/\/eldigitaldeasturias.com\/radio\/wp-json\/wp\/v2\/tags?post=3578"}],"curies":[{"name":"wp","href":"https:\/\/api.w.org\/{rel}","templated":true}]}}