{"id":3576,"date":"2019-11-25T03:50:15","date_gmt":"2019-11-25T03:50:15","guid":{"rendered":"http:\/\/www.eldigitaldeasturias.com\/radio\/?p=3576"},"modified":"2019-11-25T03:50:15","modified_gmt":"2019-11-25T03:50:15","slug":"medicos-alemanes-advierten-sobre-una-mayor-presion-economica-en-las-clinicas","status":"publish","type":"post","link":"https:\/\/eldigitaldeasturias.com\/radio\/medicos-alemanes-advierten-sobre-una-mayor-presion-economica-en-las-clinicas\/","title":{"rendered":"M\u00e9dicos alemanes advierten sobre una mayor presi\u00f3n econ\u00f3mica en las cl\u00ednicas"},"content":{"rendered":"<p>Berl\u00edn, 24 nov (dpa) &#8211; El presidente de la Asociaci\u00f3n Alemana de M\u00e9dicos, Klaus Reinhardt, advirti\u00f3 sobre la creciente presi\u00f3n econ\u00f3mica que pesa sobre el tratamiento de pacientes, seg\u00fan declar\u00f3 hoy a la agencia dpa.<\/p>\n<p>\u00abQueremos tener un sistema de salud humano que no est\u00e9 tan economizado como una empresa industrial\u00bb, se\u00f1al\u00f3 Reinhardt.<\/p>\n<p>\u00abEsto es inapropiado para el cuidado de los enfermos y no es compatible con la \u00e9tica m\u00e9dica\u00bb, a\u00f1adi\u00f3, haciendo referencia a las condiciones cada vez m\u00e1s problem\u00e1ticas en los hospitales, que conducen a una \u00abeficiencia bajo presi\u00f3n\u00bb.<\/p>\n<p>Reinhardt a\u00f1adi\u00f3 que tambi\u00e9n est\u00e1 aumentando la tendencia hacia la comercializaci\u00f3n de las instituciones m\u00e9dicas debido a la actividad de inversores financieros, que consideran a las cl\u00ednicas y hospitales como sitios para invertir capital.<\/p>\n<p>\u00abNo cabe duda, las estructuras del sistema de salud deben basarse en criterios econ\u00f3micos\u00bb, observ\u00f3 Reinhardt.<\/p>\n<p>\u00abPero es necesario tambi\u00e9n satisfacer la leg\u00edtima demanda de los pacientes de ser tratados adecuadamente en un pa\u00eds como Alemania. No solo desde el punto de vista tecnol\u00f3gico, sino tambi\u00e9n humano\u00bb enfatiz\u00f3.<\/p>\n","protected":false},"excerpt":{"rendered":"<p>Berl\u00edn, 24 nov (dpa) &#8211; El presidente de la Asociaci\u00f3n Alemana de M\u00e9dicos, Klaus Reinhardt, advirti\u00f3 sobre la creciente presi\u00f3n econ\u00f3mica que pesa sobre el tratamiento de pacientes, seg\u00fan declar\u00f3 hoy a la agencia dpa. \u00abQueremos tener un sistema de salud humano que no est\u00e9 tan economizado como una empresa industrial\u00bb, se\u00f1al\u00f3 Reinhardt. \u00abEsto es<\/p>\n","protected":false},"author":1,"featured_media":1471,"comment_status":"closed","ping_status":"closed","sticky":false,"template":"","format":"standard","meta":{"footnotes":""},"categories":[1],"tags":[],"class_list":{"0":"post-3576","1":"post","2":"type-post","3":"status-publish","4":"format-standard","5":"has-post-thumbnail","7":"category-noticias"},"aioseo_notices":[],"aioseo_head":"\n\t\t<!-- All in One SEO Pro 4.9.6.2 - aioseo.com -->\n\t<meta name=\"description\" content=\"Berl\u00edn, 24 nov (dpa) - El presidente de la Asociaci\u00f3n Alemana de M\u00e9dicos, Klaus Reinhardt, advirti\u00f3 sobre la creciente presi\u00f3n econ\u00f3mica que pesa sobre el tratamiento de pacientes, seg\u00fan declar\u00f3 hoy a la agencia dpa. &quot;Queremos tener un sistema de salud humano que no est\u00e9 tan economizado como una empresa industrial&quot;, se\u00f1al\u00f3 Reinhardt. &quot;Esto es\" \/>\n\t<meta name=\"robots\" content=\"max-image-preview:large\" \/>\n\t<meta name=\"author\" content=\"NBAsturias\"\/>\n\t<meta name=\"google-site-verification\" content=\"UA-38556648-1\" \/>\n\t<meta name=\"keywords\" content=\"noticias\" \/>\n\t<link rel=\"canonical\" href=\"https:\/\/eldigitaldeasturias.com\/radio\/medicos-alemanes-advierten-sobre-una-mayor-presion-economica-en-las-clinicas\/\" \/>\n\t<meta name=\"generator\" content=\"All in One SEO Pro (AIOSEO) 4.9.6.2\" \/>\n\t\t<meta property=\"og:locale\" content=\"es_ES\" \/>\n\t\t<meta property=\"og:site_name\" content=\"El Digital de Asturias | Diario de informaci\u00f3n y noticias\" \/>\n\t\t<meta property=\"og:type\" content=\"article\" \/>\n\t\t<meta property=\"og:title\" content=\"M\u00e9dicos alemanes advierten sobre una mayor presi\u00f3n econ\u00f3mica en las cl\u00ednicas | El Digital de Asturias\" \/>\n\t\t<meta property=\"og:description\" content=\"Berl\u00edn, 24 nov (dpa) - El presidente de la Asociaci\u00f3n Alemana de M\u00e9dicos, Klaus Reinhardt, advirti\u00f3 sobre la creciente presi\u00f3n econ\u00f3mica que pesa sobre el tratamiento de pacientes, seg\u00fan declar\u00f3 hoy a la agencia dpa. &quot;Queremos tener un sistema de salud humano que no est\u00e9 tan economizado como una empresa industrial&quot;, se\u00f1al\u00f3 Reinhardt. &quot;Esto es\" \/>\n\t\t<meta property=\"og:url\" content=\"https:\/\/eldigitaldeasturias.com\/radio\/medicos-alemanes-advierten-sobre-una-mayor-presion-economica-en-las-clinicas\/\" \/>\n\t\t<meta property=\"og:image\" content=\"https:\/\/eldigitaldeasturias.com\/radio\/wp-content\/uploads\/2018\/10\/money-1005477_960_720.jpg\" \/>\n\t\t<meta property=\"og:image:secure_url\" content=\"https:\/\/eldigitaldeasturias.com\/radio\/wp-content\/uploads\/2018\/10\/money-1005477_960_720.jpg\" \/>\n\t\t<meta property=\"og:image:width\" content=\"960\" \/>\n\t\t<meta property=\"og:image:height\" content=\"640\" \/>\n\t\t<meta property=\"article:published_time\" content=\"2019-11-25T03:50:15+00:00\" \/>\n\t\t<meta property=\"article:modified_time\" content=\"2019-11-25T03:50:15+00:00\" \/>\n\t\t<meta name=\"twitter:card\" content=\"summary_large_image\" \/>\n\t\t<meta name=\"twitter:site\" content=\"@bercodi\" \/>\n\t\t<meta name=\"twitter:title\" content=\"M\u00e9dicos alemanes advierten sobre una mayor presi\u00f3n econ\u00f3mica en las cl\u00ednicas | El Digital de Asturias\" \/>\n\t\t<meta name=\"twitter:description\" content=\"Berl\u00edn, 24 nov (dpa) - El presidente de la Asociaci\u00f3n Alemana de M\u00e9dicos, Klaus Reinhardt, advirti\u00f3 sobre la creciente presi\u00f3n econ\u00f3mica que pesa sobre el tratamiento de pacientes, seg\u00fan declar\u00f3 hoy a la agencia dpa. &quot;Queremos tener un sistema de salud humano que no est\u00e9 tan economizado como una empresa industrial&quot;, se\u00f1al\u00f3 Reinhardt. &quot;Esto es\" \/>\n\t\t<meta name=\"twitter:creator\" content=\"@bercodi\" \/>\n\t\t<meta name=\"twitter:image\" content=\"https:\/\/eldigitaldeasturias.com\/radio\/wp-content\/uploads\/2018\/10\/money-1005477_960_720.jpg\" \/>\n\t\t<script type=\"application\/ld+json\" class=\"aioseo-schema\">\n\t\t\t{\"@context\":\"https:\\\/\\\/schema.org\",\"@graph\":[{\"@type\":\"BreadcrumbList\",\"@id\":\"https:\\\/\\\/eldigitaldeasturias.com\\\/radio\\\/medicos-alemanes-advierten-sobre-una-mayor-presion-economica-en-las-clinicas\\\/#breadcrumblist\",\"itemListElement\":[{\"@type\":\"ListItem\",\"@id\":\"https:\\\/\\\/eldigitaldeasturias.com\\\/radio#listItem\",\"position\":1,\"name\":\"Inicio\",\"item\":\"https:\\\/\\\/eldigitaldeasturias.com\\\/radio\",\"nextItem\":{\"@type\":\"ListItem\",\"@id\":\"https:\\\/\\\/eldigitaldeasturias.com\\\/radio\\\/category\\\/noticias\\\/#listItem\",\"name\":\"Noticias\"}},{\"@type\":\"ListItem\",\"@id\":\"https:\\\/\\\/eldigitaldeasturias.com\\\/radio\\\/category\\\/noticias\\\/#listItem\",\"position\":2,\"name\":\"Noticias\",\"item\":\"https:\\\/\\\/eldigitaldeasturias.com\\\/radio\\\/category\\\/noticias\\\/\",\"nextItem\":{\"@type\":\"ListItem\",\"@id\":\"https:\\\/\\\/eldigitaldeasturias.com\\\/radio\\\/medicos-alemanes-advierten-sobre-una-mayor-presion-economica-en-las-clinicas\\\/#listItem\",\"name\":\"M\\u00e9dicos alemanes advierten sobre una mayor presi\\u00f3n econ\\u00f3mica en las cl\\u00ednicas\"},\"previousItem\":{\"@type\":\"ListItem\",\"@id\":\"https:\\\/\\\/eldigitaldeasturias.com\\\/radio#listItem\",\"name\":\"Inicio\"}},{\"@type\":\"ListItem\",\"@id\":\"https:\\\/\\\/eldigitaldeasturias.com\\\/radio\\\/medicos-alemanes-advierten-sobre-una-mayor-presion-economica-en-las-clinicas\\\/#listItem\",\"position\":3,\"name\":\"M\\u00e9dicos alemanes advierten sobre una mayor presi\\u00f3n econ\\u00f3mica en las cl\\u00ednicas\",\"previousItem\":{\"@type\":\"ListItem\",\"@id\":\"https:\\\/\\\/eldigitaldeasturias.com\\\/radio\\\/category\\\/noticias\\\/#listItem\",\"name\":\"Noticias\"}}]},{\"@type\":\"NewsArticle\",\"@id\":\"https:\\\/\\\/eldigitaldeasturias.com\\\/radio\\\/medicos-alemanes-advierten-sobre-una-mayor-presion-economica-en-las-clinicas\\\/#newsarticle\",\"name\":\"M\\u00e9dicos alemanes advierten sobre una mayor presi\\u00f3n econ\\u00f3mica en las cl\\u00ednicas | El Digital de Asturias\",\"headline\":\"M\\u00e9dicos alemanes advierten sobre una mayor presi\\u00f3n econ\\u00f3mica en las cl\\u00ednicas\",\"author\":{\"@id\":\"https:\\\/\\\/eldigitaldeasturias.com\\\/radio\\\/author\\\/nbasturias\\\/#author\"},\"publisher\":{\"@id\":\"https:\\\/\\\/eldigitaldeasturias.com\\\/radio\\\/#organization\"},\"image\":{\"@type\":\"ImageObject\",\"url\":\"https:\\\/\\\/eldigitaldeasturias.com\\\/radio\\\/wp-content\\\/uploads\\\/2018\\\/10\\\/money-1005477_960_720.jpg\",\"width\":960,\"height\":640},\"datePublished\":\"2019-11-25T03:50:15+01:00\",\"dateModified\":\"2019-11-25T03:50:15+01:00\",\"inLanguage\":\"es-ES\",\"mainEntityOfPage\":{\"@id\":\"https:\\\/\\\/eldigitaldeasturias.com\\\/radio\\\/medicos-alemanes-advierten-sobre-una-mayor-presion-economica-en-las-clinicas\\\/#webpage\"},\"isPartOf\":{\"@id\":\"https:\\\/\\\/eldigitaldeasturias.com\\\/radio\\\/medicos-alemanes-advierten-sobre-una-mayor-presion-economica-en-las-clinicas\\\/#webpage\"},\"articleSection\":\"Noticias\",\"dateline\":\"Publicado el noviembre 25, 2019.\"},{\"@type\":\"Organization\",\"@id\":\"https:\\\/\\\/eldigitaldeasturias.com\\\/radio\\\/#organization\",\"name\":\"El digital de Asturias Radio\",\"description\":\"Diario de informaci\\u00f3n y noticias\",\"url\":\"https:\\\/\\\/eldigitaldeasturias.com\\\/radio\\\/\",\"telephone\":\"+34652131393\",\"logo\":{\"@type\":\"ImageObject\",\"url\":\"https:\\\/\\\/www.eldigitaldeasturias.com\\\/radio\\\/wp-content\\\/uploads\\\/2021\\\/03\\\/EDA.jpg\",\"@id\":\"https:\\\/\\\/eldigitaldeasturias.com\\\/radio\\\/medicos-alemanes-advierten-sobre-una-mayor-presion-economica-en-las-clinicas\\\/#organizationLogo\"},\"image\":{\"@id\":\"https:\\\/\\\/eldigitaldeasturias.com\\\/radio\\\/medicos-alemanes-advierten-sobre-una-mayor-presion-economica-en-las-clinicas\\\/#organizationLogo\"},\"sameAs\":[\"https:\\\/\\\/www.facebook.com\\\/\",\"https:\\\/\\\/x.com\\\/bercodi\",\"https:\\\/\\\/www.instagram.com\\\/\",\"https:\\\/\\\/www.youtube.com\\\/channel\\\/UCZP-2wLEB9Rv6erhFmqVnvg\"]},{\"@type\":\"Person\",\"@id\":\"https:\\\/\\\/eldigitaldeasturias.com\\\/radio\\\/author\\\/nbasturias\\\/#author\",\"url\":\"https:\\\/\\\/eldigitaldeasturias.com\\\/radio\\\/author\\\/nbasturias\\\/\",\"name\":\"NBAsturias\",\"image\":{\"@type\":\"ImageObject\",\"@id\":\"https:\\\/\\\/eldigitaldeasturias.com\\\/radio\\\/medicos-alemanes-advierten-sobre-una-mayor-presion-economica-en-las-clinicas\\\/#authorImage\",\"url\":\"https:\\\/\\\/secure.gravatar.com\\\/avatar\\\/df2aeffc32bcd13f8d26072ef8a91b623d677766deac7f97ca815868cd41bf5e?s=96&d=mm&r=g\",\"width\":96,\"height\":96,\"caption\":\"NBAsturias\"}},{\"@type\":\"WebPage\",\"@id\":\"https:\\\/\\\/eldigitaldeasturias.com\\\/radio\\\/medicos-alemanes-advierten-sobre-una-mayor-presion-economica-en-las-clinicas\\\/#webpage\",\"url\":\"https:\\\/\\\/eldigitaldeasturias.com\\\/radio\\\/medicos-alemanes-advierten-sobre-una-mayor-presion-economica-en-las-clinicas\\\/\",\"name\":\"M\\u00e9dicos alemanes advierten sobre una mayor presi\\u00f3n econ\\u00f3mica en las cl\\u00ednicas | El Digital de Asturias\",\"description\":\"Berl\\u00edn, 24 nov (dpa) - El presidente de la Asociaci\\u00f3n Alemana de M\\u00e9dicos, Klaus Reinhardt, advirti\\u00f3 sobre la creciente presi\\u00f3n econ\\u00f3mica que pesa sobre el tratamiento de pacientes, seg\\u00fan declar\\u00f3 hoy a la agencia dpa. \\\"Queremos tener un sistema de salud humano que no est\\u00e9 tan economizado como una empresa industrial\\\", se\\u00f1al\\u00f3 Reinhardt. \\\"Esto es\",\"inLanguage\":\"es-ES\",\"isPartOf\":{\"@id\":\"https:\\\/\\\/eldigitaldeasturias.com\\\/radio\\\/#website\"},\"breadcrumb\":{\"@id\":\"https:\\\/\\\/eldigitaldeasturias.com\\\/radio\\\/medicos-alemanes-advierten-sobre-una-mayor-presion-economica-en-las-clinicas\\\/#breadcrumblist\"},\"author\":{\"@id\":\"https:\\\/\\\/eldigitaldeasturias.com\\\/radio\\\/author\\\/nbasturias\\\/#author\"},\"creator\":{\"@id\":\"https:\\\/\\\/eldigitaldeasturias.com\\\/radio\\\/author\\\/nbasturias\\\/#author\"},\"image\":{\"@type\":\"ImageObject\",\"url\":\"https:\\\/\\\/eldigitaldeasturias.com\\\/radio\\\/wp-content\\\/uploads\\\/2018\\\/10\\\/money-1005477_960_720.jpg\",\"@id\":\"https:\\\/\\\/eldigitaldeasturias.com\\\/radio\\\/medicos-alemanes-advierten-sobre-una-mayor-presion-economica-en-las-clinicas\\\/#mainImage\",\"width\":960,\"height\":640},\"primaryImageOfPage\":{\"@id\":\"https:\\\/\\\/eldigitaldeasturias.com\\\/radio\\\/medicos-alemanes-advierten-sobre-una-mayor-presion-economica-en-las-clinicas\\\/#mainImage\"},\"datePublished\":\"2019-11-25T03:50:15+01:00\",\"dateModified\":\"2019-11-25T03:50:15+01:00\"},{\"@type\":\"WebSite\",\"@id\":\"https:\\\/\\\/eldigitaldeasturias.com\\\/radio\\\/#website\",\"url\":\"https:\\\/\\\/eldigitaldeasturias.com\\\/radio\\\/\",\"name\":\"El Digital de Asturias\",\"description\":\"Diario de informaci\\u00f3n y noticias\",\"inLanguage\":\"es-ES\",\"publisher\":{\"@id\":\"https:\\\/\\\/eldigitaldeasturias.com\\\/radio\\\/#organization\"}}]}\n\t\t<\/script>\n\t\t<!-- All in One SEO Pro -->\r\n\t\t<title>M\u00e9dicos alemanes advierten sobre una mayor presi\u00f3n econ\u00f3mica en las cl\u00ednicas | El Digital de Asturias<\/title>\n\n","aioseo_head_json":{"title":"M\u00e9dicos alemanes advierten sobre una mayor presi\u00f3n econ\u00f3mica en las cl\u00ednicas | El Digital de Asturias","description":"Berl\u00edn, 24 nov (dpa) - El presidente de la Asociaci\u00f3n Alemana de M\u00e9dicos, Klaus Reinhardt, advirti\u00f3 sobre la creciente presi\u00f3n econ\u00f3mica que pesa sobre el tratamiento de pacientes, seg\u00fan declar\u00f3 hoy a la agencia dpa. \"Queremos tener un sistema de salud humano que no est\u00e9 tan economizado como una empresa industrial\", se\u00f1al\u00f3 Reinhardt. \"Esto es","canonical_url":"https:\/\/eldigitaldeasturias.com\/radio\/medicos-alemanes-advierten-sobre-una-mayor-presion-economica-en-las-clinicas\/","robots":"max-image-preview:large","keywords":"noticias","webmasterTools":{"google-site-verification":"UA-38556648-1","miscellaneous":""},"schema":{"@context":"https:\/\/schema.org","@graph":[{"@type":"BreadcrumbList","@id":"https:\/\/eldigitaldeasturias.com\/radio\/medicos-alemanes-advierten-sobre-una-mayor-presion-economica-en-las-clinicas\/#breadcrumblist","itemListElement":[{"@type":"ListItem","@id":"https:\/\/eldigitaldeasturias.com\/radio#listItem","position":1,"name":"Inicio","item":"https:\/\/eldigitaldeasturias.com\/radio","nextItem":{"@type":"ListItem","@id":"https:\/\/eldigitaldeasturias.com\/radio\/category\/noticias\/#listItem","name":"Noticias"}},{"@type":"ListItem","@id":"https:\/\/eldigitaldeasturias.com\/radio\/category\/noticias\/#listItem","position":2,"name":"Noticias","item":"https:\/\/eldigitaldeasturias.com\/radio\/category\/noticias\/","nextItem":{"@type":"ListItem","@id":"https:\/\/eldigitaldeasturias.com\/radio\/medicos-alemanes-advierten-sobre-una-mayor-presion-economica-en-las-clinicas\/#listItem","name":"M\u00e9dicos alemanes advierten sobre una mayor presi\u00f3n econ\u00f3mica en las cl\u00ednicas"},"previousItem":{"@type":"ListItem","@id":"https:\/\/eldigitaldeasturias.com\/radio#listItem","name":"Inicio"}},{"@type":"ListItem","@id":"https:\/\/eldigitaldeasturias.com\/radio\/medicos-alemanes-advierten-sobre-una-mayor-presion-economica-en-las-clinicas\/#listItem","position":3,"name":"M\u00e9dicos alemanes advierten sobre una mayor presi\u00f3n econ\u00f3mica en las cl\u00ednicas","previousItem":{"@type":"ListItem","@id":"https:\/\/eldigitaldeasturias.com\/radio\/category\/noticias\/#listItem","name":"Noticias"}}]},{"@type":"NewsArticle","@id":"https:\/\/eldigitaldeasturias.com\/radio\/medicos-alemanes-advierten-sobre-una-mayor-presion-economica-en-las-clinicas\/#newsarticle","name":"M\u00e9dicos alemanes advierten sobre una mayor presi\u00f3n econ\u00f3mica en las cl\u00ednicas | El Digital de Asturias","headline":"M\u00e9dicos alemanes advierten sobre una mayor presi\u00f3n econ\u00f3mica en las cl\u00ednicas","author":{"@id":"https:\/\/eldigitaldeasturias.com\/radio\/author\/nbasturias\/#author"},"publisher":{"@id":"https:\/\/eldigitaldeasturias.com\/radio\/#organization"},"image":{"@type":"ImageObject","url":"https:\/\/eldigitaldeasturias.com\/radio\/wp-content\/uploads\/2018\/10\/money-1005477_960_720.jpg","width":960,"height":640},"datePublished":"2019-11-25T03:50:15+01:00","dateModified":"2019-11-25T03:50:15+01:00","inLanguage":"es-ES","mainEntityOfPage":{"@id":"https:\/\/eldigitaldeasturias.com\/radio\/medicos-alemanes-advierten-sobre-una-mayor-presion-economica-en-las-clinicas\/#webpage"},"isPartOf":{"@id":"https:\/\/eldigitaldeasturias.com\/radio\/medicos-alemanes-advierten-sobre-una-mayor-presion-economica-en-las-clinicas\/#webpage"},"articleSection":"Noticias","dateline":"Publicado el noviembre 25, 2019."},{"@type":"Organization","@id":"https:\/\/eldigitaldeasturias.com\/radio\/#organization","name":"El digital de Asturias Radio","description":"Diario de informaci\u00f3n y noticias","url":"https:\/\/eldigitaldeasturias.com\/radio\/","telephone":"+34652131393","logo":{"@type":"ImageObject","url":"https:\/\/www.eldigitaldeasturias.com\/radio\/wp-content\/uploads\/2021\/03\/EDA.jpg","@id":"https:\/\/eldigitaldeasturias.com\/radio\/medicos-alemanes-advierten-sobre-una-mayor-presion-economica-en-las-clinicas\/#organizationLogo"},"image":{"@id":"https:\/\/eldigitaldeasturias.com\/radio\/medicos-alemanes-advierten-sobre-una-mayor-presion-economica-en-las-clinicas\/#organizationLogo"},"sameAs":["https:\/\/www.facebook.com\/","https:\/\/x.com\/bercodi","https:\/\/www.instagram.com\/","https:\/\/www.youtube.com\/channel\/UCZP-2wLEB9Rv6erhFmqVnvg"]},{"@type":"Person","@id":"https:\/\/eldigitaldeasturias.com\/radio\/author\/nbasturias\/#author","url":"https:\/\/eldigitaldeasturias.com\/radio\/author\/nbasturias\/","name":"NBAsturias","image":{"@type":"ImageObject","@id":"https:\/\/eldigitaldeasturias.com\/radio\/medicos-alemanes-advierten-sobre-una-mayor-presion-economica-en-las-clinicas\/#authorImage","url":"https:\/\/secure.gravatar.com\/avatar\/df2aeffc32bcd13f8d26072ef8a91b623d677766deac7f97ca815868cd41bf5e?s=96&d=mm&r=g","width":96,"height":96,"caption":"NBAsturias"}},{"@type":"WebPage","@id":"https:\/\/eldigitaldeasturias.com\/radio\/medicos-alemanes-advierten-sobre-una-mayor-presion-economica-en-las-clinicas\/#webpage","url":"https:\/\/eldigitaldeasturias.com\/radio\/medicos-alemanes-advierten-sobre-una-mayor-presion-economica-en-las-clinicas\/","name":"M\u00e9dicos alemanes advierten sobre una mayor presi\u00f3n econ\u00f3mica en las cl\u00ednicas | El Digital de Asturias","description":"Berl\u00edn, 24 nov (dpa) - El presidente de la Asociaci\u00f3n Alemana de M\u00e9dicos, Klaus Reinhardt, advirti\u00f3 sobre la creciente presi\u00f3n econ\u00f3mica que pesa sobre el tratamiento de pacientes, seg\u00fan declar\u00f3 hoy a la agencia dpa. \"Queremos tener un sistema de salud humano que no est\u00e9 tan economizado como una empresa industrial\", se\u00f1al\u00f3 Reinhardt. \"Esto es","inLanguage":"es-ES","isPartOf":{"@id":"https:\/\/eldigitaldeasturias.com\/radio\/#website"},"breadcrumb":{"@id":"https:\/\/eldigitaldeasturias.com\/radio\/medicos-alemanes-advierten-sobre-una-mayor-presion-economica-en-las-clinicas\/#breadcrumblist"},"author":{"@id":"https:\/\/eldigitaldeasturias.com\/radio\/author\/nbasturias\/#author"},"creator":{"@id":"https:\/\/eldigitaldeasturias.com\/radio\/author\/nbasturias\/#author"},"image":{"@type":"ImageObject","url":"https:\/\/eldigitaldeasturias.com\/radio\/wp-content\/uploads\/2018\/10\/money-1005477_960_720.jpg","@id":"https:\/\/eldigitaldeasturias.com\/radio\/medicos-alemanes-advierten-sobre-una-mayor-presion-economica-en-las-clinicas\/#mainImage","width":960,"height":640},"primaryImageOfPage":{"@id":"https:\/\/eldigitaldeasturias.com\/radio\/medicos-alemanes-advierten-sobre-una-mayor-presion-economica-en-las-clinicas\/#mainImage"},"datePublished":"2019-11-25T03:50:15+01:00","dateModified":"2019-11-25T03:50:15+01:00"},{"@type":"WebSite","@id":"https:\/\/eldigitaldeasturias.com\/radio\/#website","url":"https:\/\/eldigitaldeasturias.com\/radio\/","name":"El Digital de Asturias","description":"Diario de informaci\u00f3n y noticias","inLanguage":"es-ES","publisher":{"@id":"https:\/\/eldigitaldeasturias.com\/radio\/#organization"}}]},"og:locale":"es_ES","og:site_name":"El Digital de Asturias | Diario de informaci\u00f3n y noticias","og:type":"article","og:title":"M\u00e9dicos alemanes advierten sobre una mayor presi\u00f3n econ\u00f3mica en las cl\u00ednicas | El Digital de Asturias","og:description":"Berl\u00edn, 24 nov (dpa) - El presidente de la Asociaci\u00f3n Alemana de M\u00e9dicos, Klaus Reinhardt, advirti\u00f3 sobre la creciente presi\u00f3n econ\u00f3mica que pesa sobre el tratamiento de pacientes, seg\u00fan declar\u00f3 hoy a la agencia dpa. &quot;Queremos tener un sistema de salud humano que no est\u00e9 tan economizado como una empresa industrial&quot;, se\u00f1al\u00f3 Reinhardt. &quot;Esto es","og:url":"https:\/\/eldigitaldeasturias.com\/radio\/medicos-alemanes-advierten-sobre-una-mayor-presion-economica-en-las-clinicas\/","og:image":"https:\/\/eldigitaldeasturias.com\/radio\/wp-content\/uploads\/2018\/10\/money-1005477_960_720.jpg","og:image:secure_url":"https:\/\/eldigitaldeasturias.com\/radio\/wp-content\/uploads\/2018\/10\/money-1005477_960_720.jpg","og:image:width":960,"og:image:height":640,"article:published_time":"2019-11-25T03:50:15+00:00","article:modified_time":"2019-11-25T03:50:15+00:00","twitter:card":"summary_large_image","twitter:site":"@bercodi","twitter:title":"M\u00e9dicos alemanes advierten sobre una mayor presi\u00f3n econ\u00f3mica en las cl\u00ednicas | El Digital de Asturias","twitter:description":"Berl\u00edn, 24 nov (dpa) - El presidente de la Asociaci\u00f3n Alemana de M\u00e9dicos, Klaus Reinhardt, advirti\u00f3 sobre la creciente presi\u00f3n econ\u00f3mica que pesa sobre el tratamiento de pacientes, seg\u00fan declar\u00f3 hoy a la agencia dpa. &quot;Queremos tener un sistema de salud humano que no est\u00e9 tan economizado como una empresa industrial&quot;, se\u00f1al\u00f3 Reinhardt. &quot;Esto es","twitter:creator":"@bercodi","twitter:image":"https:\/\/eldigitaldeasturias.com\/radio\/wp-content\/uploads\/2018\/10\/money-1005477_960_720.jpg"},"aioseo_meta_data":{"post_id":"3576","title":null,"description":null,"keywords":null,"keyphrases":null,"primary_term":null,"canonical_url":null,"og_title":null,"og_description":null,"og_object_type":"default","og_image_type":"default","og_image_url":null,"og_image_width":null,"og_image_height":null,"og_image_custom_url":null,"og_image_custom_fields":null,"og_video":null,"og_custom_url":null,"og_article_section":null,"og_article_tags":null,"twitter_use_og":false,"twitter_card":"default","twitter_image_type":"default","twitter_image_url":null,"twitter_image_custom_url":null,"twitter_image_custom_fields":null,"twitter_title":null,"twitter_description":null,"schema":{"blockGraphs":[],"customGraphs":[],"default":{"data":{"Article":[],"Course":[],"Dataset":[],"FAQPage":[],"Movie":[],"Person":[],"Product":[],"ProductReview":[],"Car":[],"Recipe":[],"Service":[],"SoftwareApplication":[],"WebPage":[]},"graphName":"","isEnabled":true},"graphs":[],"defaultGraph":"","defaultPostTypeGraph":""},"schema_type":null,"schema_type_options":null,"pillar_content":false,"robots_default":true,"robots_noindex":false,"robots_noarchive":false,"robots_nosnippet":false,"robots_nofollow":false,"robots_noimageindex":false,"robots_noodp":false,"robots_notranslate":false,"robots_max_snippet":null,"robots_max_videopreview":null,"robots_max_imagepreview":"large","priority":null,"frequency":null,"location":null,"local_seo":null,"seo_analyzer_scan_date":"2025-08-28 14:26:24","breadcrumb_settings":null,"limit_modified_date":false,"open_ai":null,"ai":null,"created":"2021-03-29 17:41:17","updated":"2025-08-28 14:26:24"},"aioseo_breadcrumb":"<div class=\"aioseo-breadcrumbs\"><span class=\"aioseo-breadcrumb\">\n\t<a href=\"https:\/\/eldigitaldeasturias.com\/radio\" title=\"Inicio\">Inicio<\/a>\n<\/span><span class=\"aioseo-breadcrumb-separator\">&ndash;<\/span><span class=\"aioseo-breadcrumb\">\n\t<a href=\"https:\/\/eldigitaldeasturias.com\/radio\/category\/noticias\/\" title=\"Noticias\">Noticias<\/a>\n<\/span><span class=\"aioseo-breadcrumb-separator\">&ndash;<\/span><span class=\"aioseo-breadcrumb\">\n\tM\u00e9dicos alemanes advierten sobre una mayor presi\u00f3n econ\u00f3mica en las cl\u00ednicas\n<\/span><\/div>","aioseo_breadcrumb_json":[{"label":"Inicio","link":"https:\/\/eldigitaldeasturias.com\/radio"},{"label":"Noticias","link":"https:\/\/eldigitaldeasturias.com\/radio\/category\/noticias\/"},{"label":"M\u00e9dicos alemanes advierten sobre una mayor presi\u00f3n econ\u00f3mica en las cl\u00ednicas","link":"https:\/\/eldigitaldeasturias.com\/radio\/medicos-alemanes-advierten-sobre-una-mayor-presion-economica-en-las-clinicas\/"}],"_links":{"self":[{"href":"https:\/\/eldigitaldeasturias.com\/radio\/wp-json\/wp\/v2\/posts\/3576","targetHints":{"allow":["GET"]}}],"collection":[{"href":"https:\/\/eldigitaldeasturias.com\/radio\/wp-json\/wp\/v2\/posts"}],"about":[{"href":"https:\/\/eldigitaldeasturias.com\/radio\/wp-json\/wp\/v2\/types\/post"}],"author":[{"embeddable":true,"href":"https:\/\/eldigitaldeasturias.com\/radio\/wp-json\/wp\/v2\/users\/1"}],"replies":[{"embeddable":true,"href":"https:\/\/eldigitaldeasturias.com\/radio\/wp-json\/wp\/v2\/comments?post=3576"}],"version-history":[{"count":0,"href":"https:\/\/eldigitaldeasturias.com\/radio\/wp-json\/wp\/v2\/posts\/3576\/revisions"}],"wp:featuredmedia":[{"embeddable":true,"href":"https:\/\/eldigitaldeasturias.com\/radio\/wp-json\/wp\/v2\/media\/1471"}],"wp:attachment":[{"href":"https:\/\/eldigitaldeasturias.com\/radio\/wp-json\/wp\/v2\/media?parent=3576"}],"wp:term":[{"taxonomy":"category","embeddable":true,"href":"https:\/\/eldigitaldeasturias.com\/radio\/wp-json\/wp\/v2\/categories?post=3576"},{"taxonomy":"post_tag","embeddable":true,"href":"https:\/\/eldigitaldeasturias.com\/radio\/wp-json\/wp\/v2\/tags?post=3576"}],"curies":[{"name":"wp","href":"https:\/\/api.w.org\/{rel}","templated":true}]}}