{"id":3573,"date":"2019-11-24T15:45:45","date_gmt":"2019-11-24T15:45:45","guid":{"rendered":"http:\/\/www.eldigitaldeasturias.com\/radio\/?p=3573"},"modified":"2019-11-24T15:45:45","modified_gmt":"2019-11-24T15:45:45","slug":"mack-se-defiende-de-las-acusaciones-de-fraude","status":"publish","type":"post","link":"https:\/\/eldigitaldeasturias.com\/radio\/mack-se-defiende-de-las-acusaciones-de-fraude\/","title":{"rendered":"Mack se defiende de las acusaciones de fraude"},"content":{"rendered":"<figure id=\"attachment_3574\" aria-describedby=\"caption-attachment-3574\" style=\"width: 360px\" class=\"wp-caption alignleft\"><img fetchpriority=\"high\" decoding=\"async\" class=\"size-medium wp-image-3574\" src=\"http:\/\/www.eldigitaldeasturias.com\/radio\/wp-content\/uploads\/2019\/11\/Heinz-Mack-360x236.jpg\" alt=\"\" width=\"360\" height=\"236\" srcset=\"https:\/\/eldigitaldeasturias.com\/radio\/wp-content\/uploads\/2019\/11\/Heinz-Mack-360x236.jpg 360w, https:\/\/eldigitaldeasturias.com\/radio\/wp-content\/uploads\/2019\/11\/Heinz-Mack-768x504.jpg 768w, https:\/\/eldigitaldeasturias.com\/radio\/wp-content\/uploads\/2019\/11\/Heinz-Mack.jpg 1011w\" sizes=\"(max-width: 360px) 100vw, 360px\" \/><figcaption id=\"caption-attachment-3574\" class=\"wp-caption-text\">El artista alem\u00e1n Heinz Mack Foto: Oliver Berg\/dpa<\/figcaption><\/figure>\n<p>D\u00fcsseldorf (Alemania), 23 nov (dpa) \u2013 El renombrado artista pl\u00e1stico alem\u00e1n Heinz Mack, creador del grupo Zero, reconoci\u00f3 hoy por primera vez haber cometido errores en el manejo de las obras que fueron da\u00f1adas en un incendio que hace 35 a\u00f1os afect\u00f3 a su atelier.<\/p>\n<p>En aquel incendio, las llamas da\u00f1aron obras de Mack y de artistas conocidos mundialmente. Por primera vez, el artista de 88 a\u00f1os reconoci\u00f3 en declaraciones a la agencia dpa que cometi\u00f3 errores en el manejo de las obras, que luego \u00e9l restaur\u00f3 personalmente y quiso vender.<\/p>\n<p>\u00abPersonalmente, no tengo nada de qu\u00e9 culparme, pero si comet\u00ed un error, fue porque no tom\u00e9 nota del trabajo de restauraci\u00f3n de las obras\u00bb, coment\u00f3 Mack a dpa. \u00abHoy lamento profundamente esto. Eso fue simplemente irreflexivo e ingenuo\u00bb, declar\u00f3.<\/p>\n<p>Anteriormente, el consultor de arte Helge Achenbach, condenado por fraude millonario, y el renombrado galerista Rudolf Zwirner hab\u00edan acusado a Mack de fraude. Achenbach hab\u00eda comprado a finales de los a\u00f1os 80 algunas de las obras de Mack, pero luego se las devolvi\u00f3 debido a las dudas sobre su autenticidad.<\/p>\n<p>Mack dijo que restaur\u00f3 seis de las obras de Yves Klein, Joseph Beuys, Max Bill y Arman que hab\u00edan sido da\u00f1adas por el fuego, y que lo hizo \u00aben di\u00e1logo\u00bb con dos reconocidos restauradores.<\/p>\n<p>Achenbach le compr\u00f3 los objetos restaurados y otras siete obras. Mack subray\u00f3 que hab\u00eda \u00abinformado a Achenbach sobre las restauraciones desde el principio\u00bb. Sin embargo, Achenbach declar\u00f3 que fue informado por primera vez de las intervenciones por un restaurador.<\/p>\n<p>Mack acept\u00f3 la devoluci\u00f3n de seis obras restauradas, ante la presi\u00f3n de Achenbach, y las quem\u00f3, seg\u00fan dijo. \u00abEn aquel momento lo document\u00e9 fotogr\u00e1ficamente, pero lamentablemente esas fotos no pueden ser halladas hoy\u00bb, explic\u00f3 el artista.<\/p>\n<p>Al mismo tiempo, Mack rechaz\u00f3 las sospechas de que obras creadas posteriormente fueron datadas como realizadas antes, en los a\u00f1os 60 a 70. El arte del grupo Zero de aquella \u00e9poca se cotiza a altos precios en el mercado.<\/p>\n<p>\u00abCada peque\u00f1o cambio\u00bb en las obras son anotados sin excepci\u00f3n en las obras o en el archivo interno, sostuvo el artista. \u00abNo cometo errores por segunda vez\u00bb, declar\u00f3.<\/p>\n<p>&nbsp;<\/p>\n","protected":false},"excerpt":{"rendered":"<p>D\u00fcsseldorf (Alemania), 23 nov (dpa) \u2013 El renombrado artista pl\u00e1stico alem\u00e1n Heinz Mack, creador del grupo Zero, reconoci\u00f3 hoy por primera vez haber cometido errores en el manejo de las obras que fueron da\u00f1adas en un incendio que hace 35 a\u00f1os afect\u00f3 a su atelier. En aquel incendio, las llamas da\u00f1aron obras de Mack y<\/p>\n","protected":false},"author":1,"featured_media":3574,"comment_status":"closed","ping_status":"closed","sticky":false,"template":"","format":"standard","meta":{"footnotes":""},"categories":[1],"tags":[],"class_list":{"0":"post-3573","1":"post","2":"type-post","3":"status-publish","4":"format-standard","5":"has-post-thumbnail","7":"category-noticias"},"aioseo_notices":[],"aioseo_head":"\n\t\t<!-- All in One SEO Pro 4.9.6.2 - aioseo.com -->\n\t<meta name=\"description\" content=\"D\u00fcsseldorf (Alemania), 23 nov (dpa) \u2013 El renombrado artista pl\u00e1stico alem\u00e1n Heinz Mack, creador del grupo Zero, reconoci\u00f3 hoy por primera vez haber cometido errores en el manejo de las obras que fueron da\u00f1adas en un incendio que hace 35 a\u00f1os afect\u00f3 a su atelier. En aquel incendio, las llamas da\u00f1aron obras de Mack y\" \/>\n\t<meta name=\"robots\" content=\"max-image-preview:large\" \/>\n\t<meta name=\"author\" content=\"NBAsturias\"\/>\n\t<meta name=\"google-site-verification\" content=\"UA-38556648-1\" \/>\n\t<meta name=\"keywords\" content=\"noticias\" \/>\n\t<link rel=\"canonical\" href=\"https:\/\/eldigitaldeasturias.com\/radio\/mack-se-defiende-de-las-acusaciones-de-fraude\/\" \/>\n\t<meta name=\"generator\" content=\"All in One SEO Pro (AIOSEO) 4.9.6.2\" \/>\n\t\t<meta property=\"og:locale\" content=\"es_ES\" \/>\n\t\t<meta property=\"og:site_name\" content=\"El Digital de Asturias | Diario de informaci\u00f3n y noticias\" \/>\n\t\t<meta property=\"og:type\" content=\"article\" \/>\n\t\t<meta property=\"og:title\" content=\"Mack se defiende de las acusaciones de fraude | El Digital de Asturias\" \/>\n\t\t<meta property=\"og:description\" content=\"D\u00fcsseldorf (Alemania), 23 nov (dpa) \u2013 El renombrado artista pl\u00e1stico alem\u00e1n Heinz Mack, creador del grupo Zero, reconoci\u00f3 hoy por primera vez haber cometido errores en el manejo de las obras que fueron da\u00f1adas en un incendio que hace 35 a\u00f1os afect\u00f3 a su atelier. En aquel incendio, las llamas da\u00f1aron obras de Mack y\" \/>\n\t\t<meta property=\"og:url\" content=\"https:\/\/eldigitaldeasturias.com\/radio\/mack-se-defiende-de-las-acusaciones-de-fraude\/\" \/>\n\t\t<meta property=\"og:image\" content=\"https:\/\/eldigitaldeasturias.com\/radio\/wp-content\/uploads\/2019\/11\/Heinz-Mack.jpg\" \/>\n\t\t<meta property=\"og:image:secure_url\" content=\"https:\/\/eldigitaldeasturias.com\/radio\/wp-content\/uploads\/2019\/11\/Heinz-Mack.jpg\" \/>\n\t\t<meta property=\"og:image:width\" content=\"1011\" \/>\n\t\t<meta property=\"og:image:height\" content=\"663\" \/>\n\t\t<meta property=\"article:published_time\" content=\"2019-11-24T15:45:45+00:00\" \/>\n\t\t<meta property=\"article:modified_time\" content=\"2019-11-24T15:45:45+00:00\" \/>\n\t\t<meta name=\"twitter:card\" content=\"summary_large_image\" \/>\n\t\t<meta name=\"twitter:site\" content=\"@bercodi\" \/>\n\t\t<meta name=\"twitter:title\" content=\"Mack se defiende de las acusaciones de fraude | El Digital de Asturias\" \/>\n\t\t<meta name=\"twitter:description\" content=\"D\u00fcsseldorf (Alemania), 23 nov (dpa) \u2013 El renombrado artista pl\u00e1stico alem\u00e1n Heinz Mack, creador del grupo Zero, reconoci\u00f3 hoy por primera vez haber cometido errores en el manejo de las obras que fueron da\u00f1adas en un incendio que hace 35 a\u00f1os afect\u00f3 a su atelier. En aquel incendio, las llamas da\u00f1aron obras de Mack y\" \/>\n\t\t<meta name=\"twitter:creator\" content=\"@bercodi\" \/>\n\t\t<meta name=\"twitter:image\" content=\"https:\/\/eldigitaldeasturias.com\/radio\/wp-content\/uploads\/2019\/11\/Heinz-Mack.jpg\" \/>\n\t\t<script type=\"application\/ld+json\" class=\"aioseo-schema\">\n\t\t\t{\"@context\":\"https:\\\/\\\/schema.org\",\"@graph\":[{\"@type\":\"BreadcrumbList\",\"@id\":\"https:\\\/\\\/eldigitaldeasturias.com\\\/radio\\\/mack-se-defiende-de-las-acusaciones-de-fraude\\\/#breadcrumblist\",\"itemListElement\":[{\"@type\":\"ListItem\",\"@id\":\"https:\\\/\\\/eldigitaldeasturias.com\\\/radio#listItem\",\"position\":1,\"name\":\"Inicio\",\"item\":\"https:\\\/\\\/eldigitaldeasturias.com\\\/radio\",\"nextItem\":{\"@type\":\"ListItem\",\"@id\":\"https:\\\/\\\/eldigitaldeasturias.com\\\/radio\\\/category\\\/noticias\\\/#listItem\",\"name\":\"Noticias\"}},{\"@type\":\"ListItem\",\"@id\":\"https:\\\/\\\/eldigitaldeasturias.com\\\/radio\\\/category\\\/noticias\\\/#listItem\",\"position\":2,\"name\":\"Noticias\",\"item\":\"https:\\\/\\\/eldigitaldeasturias.com\\\/radio\\\/category\\\/noticias\\\/\",\"nextItem\":{\"@type\":\"ListItem\",\"@id\":\"https:\\\/\\\/eldigitaldeasturias.com\\\/radio\\\/mack-se-defiende-de-las-acusaciones-de-fraude\\\/#listItem\",\"name\":\"Mack se defiende de las acusaciones de fraude\"},\"previousItem\":{\"@type\":\"ListItem\",\"@id\":\"https:\\\/\\\/eldigitaldeasturias.com\\\/radio#listItem\",\"name\":\"Inicio\"}},{\"@type\":\"ListItem\",\"@id\":\"https:\\\/\\\/eldigitaldeasturias.com\\\/radio\\\/mack-se-defiende-de-las-acusaciones-de-fraude\\\/#listItem\",\"position\":3,\"name\":\"Mack se defiende de las acusaciones de fraude\",\"previousItem\":{\"@type\":\"ListItem\",\"@id\":\"https:\\\/\\\/eldigitaldeasturias.com\\\/radio\\\/category\\\/noticias\\\/#listItem\",\"name\":\"Noticias\"}}]},{\"@type\":\"NewsArticle\",\"@id\":\"https:\\\/\\\/eldigitaldeasturias.com\\\/radio\\\/mack-se-defiende-de-las-acusaciones-de-fraude\\\/#newsarticle\",\"name\":\"Mack se defiende de las acusaciones de fraude | El Digital de Asturias\",\"headline\":\"Mack se defiende de las acusaciones de fraude\",\"author\":{\"@id\":\"https:\\\/\\\/eldigitaldeasturias.com\\\/radio\\\/author\\\/nbasturias\\\/#author\"},\"publisher\":{\"@id\":\"https:\\\/\\\/eldigitaldeasturias.com\\\/radio\\\/#organization\"},\"image\":{\"@type\":\"ImageObject\",\"url\":\"https:\\\/\\\/eldigitaldeasturias.com\\\/radio\\\/wp-content\\\/uploads\\\/2019\\\/11\\\/Heinz-Mack.jpg\",\"width\":1011,\"height\":663,\"caption\":\"El artista alem\\u00e1n Heinz Mack Foto: Oliver Berg\\\/dpa\"},\"datePublished\":\"2019-11-24T15:45:45+01:00\",\"dateModified\":\"2019-11-24T15:45:45+01:00\",\"inLanguage\":\"es-ES\",\"mainEntityOfPage\":{\"@id\":\"https:\\\/\\\/eldigitaldeasturias.com\\\/radio\\\/mack-se-defiende-de-las-acusaciones-de-fraude\\\/#webpage\"},\"isPartOf\":{\"@id\":\"https:\\\/\\\/eldigitaldeasturias.com\\\/radio\\\/mack-se-defiende-de-las-acusaciones-de-fraude\\\/#webpage\"},\"articleSection\":\"Noticias\",\"dateline\":\"Publicado el noviembre 24, 2019.\"},{\"@type\":\"Organization\",\"@id\":\"https:\\\/\\\/eldigitaldeasturias.com\\\/radio\\\/#organization\",\"name\":\"El digital de Asturias Radio\",\"description\":\"Diario de informaci\\u00f3n y noticias\",\"url\":\"https:\\\/\\\/eldigitaldeasturias.com\\\/radio\\\/\",\"telephone\":\"+34652131393\",\"logo\":{\"@type\":\"ImageObject\",\"url\":\"https:\\\/\\\/www.eldigitaldeasturias.com\\\/radio\\\/wp-content\\\/uploads\\\/2021\\\/03\\\/EDA.jpg\",\"@id\":\"https:\\\/\\\/eldigitaldeasturias.com\\\/radio\\\/mack-se-defiende-de-las-acusaciones-de-fraude\\\/#organizationLogo\"},\"image\":{\"@id\":\"https:\\\/\\\/eldigitaldeasturias.com\\\/radio\\\/mack-se-defiende-de-las-acusaciones-de-fraude\\\/#organizationLogo\"},\"sameAs\":[\"https:\\\/\\\/www.facebook.com\\\/\",\"https:\\\/\\\/x.com\\\/bercodi\",\"https:\\\/\\\/www.instagram.com\\\/\",\"https:\\\/\\\/www.youtube.com\\\/channel\\\/UCZP-2wLEB9Rv6erhFmqVnvg\"]},{\"@type\":\"Person\",\"@id\":\"https:\\\/\\\/eldigitaldeasturias.com\\\/radio\\\/author\\\/nbasturias\\\/#author\",\"url\":\"https:\\\/\\\/eldigitaldeasturias.com\\\/radio\\\/author\\\/nbasturias\\\/\",\"name\":\"NBAsturias\",\"image\":{\"@type\":\"ImageObject\",\"@id\":\"https:\\\/\\\/eldigitaldeasturias.com\\\/radio\\\/mack-se-defiende-de-las-acusaciones-de-fraude\\\/#authorImage\",\"url\":\"https:\\\/\\\/secure.gravatar.com\\\/avatar\\\/df2aeffc32bcd13f8d26072ef8a91b623d677766deac7f97ca815868cd41bf5e?s=96&d=mm&r=g\",\"width\":96,\"height\":96,\"caption\":\"NBAsturias\"}},{\"@type\":\"WebPage\",\"@id\":\"https:\\\/\\\/eldigitaldeasturias.com\\\/radio\\\/mack-se-defiende-de-las-acusaciones-de-fraude\\\/#webpage\",\"url\":\"https:\\\/\\\/eldigitaldeasturias.com\\\/radio\\\/mack-se-defiende-de-las-acusaciones-de-fraude\\\/\",\"name\":\"Mack se defiende de las acusaciones de fraude | El Digital de Asturias\",\"description\":\"D\\u00fcsseldorf (Alemania), 23 nov (dpa) \\u2013 El renombrado artista pl\\u00e1stico alem\\u00e1n Heinz Mack, creador del grupo Zero, reconoci\\u00f3 hoy por primera vez haber cometido errores en el manejo de las obras que fueron da\\u00f1adas en un incendio que hace 35 a\\u00f1os afect\\u00f3 a su atelier. En aquel incendio, las llamas da\\u00f1aron obras de Mack y\",\"inLanguage\":\"es-ES\",\"isPartOf\":{\"@id\":\"https:\\\/\\\/eldigitaldeasturias.com\\\/radio\\\/#website\"},\"breadcrumb\":{\"@id\":\"https:\\\/\\\/eldigitaldeasturias.com\\\/radio\\\/mack-se-defiende-de-las-acusaciones-de-fraude\\\/#breadcrumblist\"},\"author\":{\"@id\":\"https:\\\/\\\/eldigitaldeasturias.com\\\/radio\\\/author\\\/nbasturias\\\/#author\"},\"creator\":{\"@id\":\"https:\\\/\\\/eldigitaldeasturias.com\\\/radio\\\/author\\\/nbasturias\\\/#author\"},\"image\":{\"@type\":\"ImageObject\",\"url\":\"https:\\\/\\\/eldigitaldeasturias.com\\\/radio\\\/wp-content\\\/uploads\\\/2019\\\/11\\\/Heinz-Mack.jpg\",\"@id\":\"https:\\\/\\\/eldigitaldeasturias.com\\\/radio\\\/mack-se-defiende-de-las-acusaciones-de-fraude\\\/#mainImage\",\"width\":1011,\"height\":663,\"caption\":\"El artista alem\\u00e1n Heinz Mack Foto: Oliver Berg\\\/dpa\"},\"primaryImageOfPage\":{\"@id\":\"https:\\\/\\\/eldigitaldeasturias.com\\\/radio\\\/mack-se-defiende-de-las-acusaciones-de-fraude\\\/#mainImage\"},\"datePublished\":\"2019-11-24T15:45:45+01:00\",\"dateModified\":\"2019-11-24T15:45:45+01:00\"},{\"@type\":\"WebSite\",\"@id\":\"https:\\\/\\\/eldigitaldeasturias.com\\\/radio\\\/#website\",\"url\":\"https:\\\/\\\/eldigitaldeasturias.com\\\/radio\\\/\",\"name\":\"El Digital de Asturias\",\"description\":\"Diario de informaci\\u00f3n y noticias\",\"inLanguage\":\"es-ES\",\"publisher\":{\"@id\":\"https:\\\/\\\/eldigitaldeasturias.com\\\/radio\\\/#organization\"}}]}\n\t\t<\/script>\n\t\t<!-- All in One SEO Pro -->\r\n\t\t<title>Mack se defiende de las acusaciones de fraude | El Digital de Asturias<\/title>\n\n","aioseo_head_json":{"title":"Mack se defiende de las acusaciones de fraude | El Digital de Asturias","description":"D\u00fcsseldorf (Alemania), 23 nov (dpa) \u2013 El renombrado artista pl\u00e1stico alem\u00e1n Heinz Mack, creador del grupo Zero, reconoci\u00f3 hoy por primera vez haber cometido errores en el manejo de las obras que fueron da\u00f1adas en un incendio que hace 35 a\u00f1os afect\u00f3 a su atelier. En aquel incendio, las llamas da\u00f1aron obras de Mack y","canonical_url":"https:\/\/eldigitaldeasturias.com\/radio\/mack-se-defiende-de-las-acusaciones-de-fraude\/","robots":"max-image-preview:large","keywords":"noticias","webmasterTools":{"google-site-verification":"UA-38556648-1","miscellaneous":""},"schema":{"@context":"https:\/\/schema.org","@graph":[{"@type":"BreadcrumbList","@id":"https:\/\/eldigitaldeasturias.com\/radio\/mack-se-defiende-de-las-acusaciones-de-fraude\/#breadcrumblist","itemListElement":[{"@type":"ListItem","@id":"https:\/\/eldigitaldeasturias.com\/radio#listItem","position":1,"name":"Inicio","item":"https:\/\/eldigitaldeasturias.com\/radio","nextItem":{"@type":"ListItem","@id":"https:\/\/eldigitaldeasturias.com\/radio\/category\/noticias\/#listItem","name":"Noticias"}},{"@type":"ListItem","@id":"https:\/\/eldigitaldeasturias.com\/radio\/category\/noticias\/#listItem","position":2,"name":"Noticias","item":"https:\/\/eldigitaldeasturias.com\/radio\/category\/noticias\/","nextItem":{"@type":"ListItem","@id":"https:\/\/eldigitaldeasturias.com\/radio\/mack-se-defiende-de-las-acusaciones-de-fraude\/#listItem","name":"Mack se defiende de las acusaciones de fraude"},"previousItem":{"@type":"ListItem","@id":"https:\/\/eldigitaldeasturias.com\/radio#listItem","name":"Inicio"}},{"@type":"ListItem","@id":"https:\/\/eldigitaldeasturias.com\/radio\/mack-se-defiende-de-las-acusaciones-de-fraude\/#listItem","position":3,"name":"Mack se defiende de las acusaciones de fraude","previousItem":{"@type":"ListItem","@id":"https:\/\/eldigitaldeasturias.com\/radio\/category\/noticias\/#listItem","name":"Noticias"}}]},{"@type":"NewsArticle","@id":"https:\/\/eldigitaldeasturias.com\/radio\/mack-se-defiende-de-las-acusaciones-de-fraude\/#newsarticle","name":"Mack se defiende de las acusaciones de fraude | El Digital de Asturias","headline":"Mack se defiende de las acusaciones de fraude","author":{"@id":"https:\/\/eldigitaldeasturias.com\/radio\/author\/nbasturias\/#author"},"publisher":{"@id":"https:\/\/eldigitaldeasturias.com\/radio\/#organization"},"image":{"@type":"ImageObject","url":"https:\/\/eldigitaldeasturias.com\/radio\/wp-content\/uploads\/2019\/11\/Heinz-Mack.jpg","width":1011,"height":663,"caption":"El artista alem\u00e1n Heinz Mack Foto: Oliver Berg\/dpa"},"datePublished":"2019-11-24T15:45:45+01:00","dateModified":"2019-11-24T15:45:45+01:00","inLanguage":"es-ES","mainEntityOfPage":{"@id":"https:\/\/eldigitaldeasturias.com\/radio\/mack-se-defiende-de-las-acusaciones-de-fraude\/#webpage"},"isPartOf":{"@id":"https:\/\/eldigitaldeasturias.com\/radio\/mack-se-defiende-de-las-acusaciones-de-fraude\/#webpage"},"articleSection":"Noticias","dateline":"Publicado el noviembre 24, 2019."},{"@type":"Organization","@id":"https:\/\/eldigitaldeasturias.com\/radio\/#organization","name":"El digital de Asturias Radio","description":"Diario de informaci\u00f3n y noticias","url":"https:\/\/eldigitaldeasturias.com\/radio\/","telephone":"+34652131393","logo":{"@type":"ImageObject","url":"https:\/\/www.eldigitaldeasturias.com\/radio\/wp-content\/uploads\/2021\/03\/EDA.jpg","@id":"https:\/\/eldigitaldeasturias.com\/radio\/mack-se-defiende-de-las-acusaciones-de-fraude\/#organizationLogo"},"image":{"@id":"https:\/\/eldigitaldeasturias.com\/radio\/mack-se-defiende-de-las-acusaciones-de-fraude\/#organizationLogo"},"sameAs":["https:\/\/www.facebook.com\/","https:\/\/x.com\/bercodi","https:\/\/www.instagram.com\/","https:\/\/www.youtube.com\/channel\/UCZP-2wLEB9Rv6erhFmqVnvg"]},{"@type":"Person","@id":"https:\/\/eldigitaldeasturias.com\/radio\/author\/nbasturias\/#author","url":"https:\/\/eldigitaldeasturias.com\/radio\/author\/nbasturias\/","name":"NBAsturias","image":{"@type":"ImageObject","@id":"https:\/\/eldigitaldeasturias.com\/radio\/mack-se-defiende-de-las-acusaciones-de-fraude\/#authorImage","url":"https:\/\/secure.gravatar.com\/avatar\/df2aeffc32bcd13f8d26072ef8a91b623d677766deac7f97ca815868cd41bf5e?s=96&d=mm&r=g","width":96,"height":96,"caption":"NBAsturias"}},{"@type":"WebPage","@id":"https:\/\/eldigitaldeasturias.com\/radio\/mack-se-defiende-de-las-acusaciones-de-fraude\/#webpage","url":"https:\/\/eldigitaldeasturias.com\/radio\/mack-se-defiende-de-las-acusaciones-de-fraude\/","name":"Mack se defiende de las acusaciones de fraude | El Digital de Asturias","description":"D\u00fcsseldorf (Alemania), 23 nov (dpa) \u2013 El renombrado artista pl\u00e1stico alem\u00e1n Heinz Mack, creador del grupo Zero, reconoci\u00f3 hoy por primera vez haber cometido errores en el manejo de las obras que fueron da\u00f1adas en un incendio que hace 35 a\u00f1os afect\u00f3 a su atelier. En aquel incendio, las llamas da\u00f1aron obras de Mack y","inLanguage":"es-ES","isPartOf":{"@id":"https:\/\/eldigitaldeasturias.com\/radio\/#website"},"breadcrumb":{"@id":"https:\/\/eldigitaldeasturias.com\/radio\/mack-se-defiende-de-las-acusaciones-de-fraude\/#breadcrumblist"},"author":{"@id":"https:\/\/eldigitaldeasturias.com\/radio\/author\/nbasturias\/#author"},"creator":{"@id":"https:\/\/eldigitaldeasturias.com\/radio\/author\/nbasturias\/#author"},"image":{"@type":"ImageObject","url":"https:\/\/eldigitaldeasturias.com\/radio\/wp-content\/uploads\/2019\/11\/Heinz-Mack.jpg","@id":"https:\/\/eldigitaldeasturias.com\/radio\/mack-se-defiende-de-las-acusaciones-de-fraude\/#mainImage","width":1011,"height":663,"caption":"El artista alem\u00e1n Heinz Mack Foto: Oliver Berg\/dpa"},"primaryImageOfPage":{"@id":"https:\/\/eldigitaldeasturias.com\/radio\/mack-se-defiende-de-las-acusaciones-de-fraude\/#mainImage"},"datePublished":"2019-11-24T15:45:45+01:00","dateModified":"2019-11-24T15:45:45+01:00"},{"@type":"WebSite","@id":"https:\/\/eldigitaldeasturias.com\/radio\/#website","url":"https:\/\/eldigitaldeasturias.com\/radio\/","name":"El Digital de Asturias","description":"Diario de informaci\u00f3n y noticias","inLanguage":"es-ES","publisher":{"@id":"https:\/\/eldigitaldeasturias.com\/radio\/#organization"}}]},"og:locale":"es_ES","og:site_name":"El Digital de Asturias | Diario de informaci\u00f3n y noticias","og:type":"article","og:title":"Mack se defiende de las acusaciones de fraude | El Digital de Asturias","og:description":"D\u00fcsseldorf (Alemania), 23 nov (dpa) \u2013 El renombrado artista pl\u00e1stico alem\u00e1n Heinz Mack, creador del grupo Zero, reconoci\u00f3 hoy por primera vez haber cometido errores en el manejo de las obras que fueron da\u00f1adas en un incendio que hace 35 a\u00f1os afect\u00f3 a su atelier. En aquel incendio, las llamas da\u00f1aron obras de Mack y","og:url":"https:\/\/eldigitaldeasturias.com\/radio\/mack-se-defiende-de-las-acusaciones-de-fraude\/","og:image":"https:\/\/eldigitaldeasturias.com\/radio\/wp-content\/uploads\/2019\/11\/Heinz-Mack.jpg","og:image:secure_url":"https:\/\/eldigitaldeasturias.com\/radio\/wp-content\/uploads\/2019\/11\/Heinz-Mack.jpg","og:image:width":1011,"og:image:height":663,"article:published_time":"2019-11-24T15:45:45+00:00","article:modified_time":"2019-11-24T15:45:45+00:00","twitter:card":"summary_large_image","twitter:site":"@bercodi","twitter:title":"Mack se defiende de las acusaciones de fraude | El Digital de Asturias","twitter:description":"D\u00fcsseldorf (Alemania), 23 nov (dpa) \u2013 El renombrado artista pl\u00e1stico alem\u00e1n Heinz Mack, creador del grupo Zero, reconoci\u00f3 hoy por primera vez haber cometido errores en el manejo de las obras que fueron da\u00f1adas en un incendio que hace 35 a\u00f1os afect\u00f3 a su atelier. En aquel incendio, las llamas da\u00f1aron obras de Mack y","twitter:creator":"@bercodi","twitter:image":"https:\/\/eldigitaldeasturias.com\/radio\/wp-content\/uploads\/2019\/11\/Heinz-Mack.jpg"},"aioseo_meta_data":{"post_id":"3573","title":null,"description":null,"keywords":null,"keyphrases":null,"primary_term":null,"canonical_url":null,"og_title":null,"og_description":null,"og_object_type":"default","og_image_type":"default","og_image_url":null,"og_image_width":null,"og_image_height":null,"og_image_custom_url":null,"og_image_custom_fields":null,"og_video":null,"og_custom_url":null,"og_article_section":null,"og_article_tags":null,"twitter_use_og":false,"twitter_card":"default","twitter_image_type":"default","twitter_image_url":null,"twitter_image_custom_url":null,"twitter_image_custom_fields":null,"twitter_title":null,"twitter_description":null,"schema":{"blockGraphs":[],"customGraphs":[],"default":{"data":{"Article":[],"Course":[],"Dataset":[],"FAQPage":[],"Movie":[],"Person":[],"Product":[],"ProductReview":[],"Car":[],"Recipe":[],"Service":[],"SoftwareApplication":[],"WebPage":[]},"graphName":"","isEnabled":true},"graphs":[],"defaultGraph":"","defaultPostTypeGraph":""},"schema_type":null,"schema_type_options":null,"pillar_content":false,"robots_default":true,"robots_noindex":false,"robots_noarchive":false,"robots_nosnippet":false,"robots_nofollow":false,"robots_noimageindex":false,"robots_noodp":false,"robots_notranslate":false,"robots_max_snippet":null,"robots_max_videopreview":null,"robots_max_imagepreview":"large","priority":null,"frequency":null,"location":null,"local_seo":null,"seo_analyzer_scan_date":"2025-08-28 14:24:29","breadcrumb_settings":null,"limit_modified_date":false,"open_ai":null,"ai":null,"created":"2021-03-29 23:55:06","updated":"2025-08-28 14:24:29"},"aioseo_breadcrumb":"<div class=\"aioseo-breadcrumbs\"><span class=\"aioseo-breadcrumb\">\n\t<a href=\"https:\/\/eldigitaldeasturias.com\/radio\" title=\"Inicio\">Inicio<\/a>\n<\/span><span class=\"aioseo-breadcrumb-separator\">&ndash;<\/span><span class=\"aioseo-breadcrumb\">\n\t<a href=\"https:\/\/eldigitaldeasturias.com\/radio\/category\/noticias\/\" title=\"Noticias\">Noticias<\/a>\n<\/span><span class=\"aioseo-breadcrumb-separator\">&ndash;<\/span><span class=\"aioseo-breadcrumb\">\n\tMack se defiende de las acusaciones de fraude\n<\/span><\/div>","aioseo_breadcrumb_json":[{"label":"Inicio","link":"https:\/\/eldigitaldeasturias.com\/radio"},{"label":"Noticias","link":"https:\/\/eldigitaldeasturias.com\/radio\/category\/noticias\/"},{"label":"Mack se defiende de las acusaciones de fraude","link":"https:\/\/eldigitaldeasturias.com\/radio\/mack-se-defiende-de-las-acusaciones-de-fraude\/"}],"_links":{"self":[{"href":"https:\/\/eldigitaldeasturias.com\/radio\/wp-json\/wp\/v2\/posts\/3573","targetHints":{"allow":["GET"]}}],"collection":[{"href":"https:\/\/eldigitaldeasturias.com\/radio\/wp-json\/wp\/v2\/posts"}],"about":[{"href":"https:\/\/eldigitaldeasturias.com\/radio\/wp-json\/wp\/v2\/types\/post"}],"author":[{"embeddable":true,"href":"https:\/\/eldigitaldeasturias.com\/radio\/wp-json\/wp\/v2\/users\/1"}],"replies":[{"embeddable":true,"href":"https:\/\/eldigitaldeasturias.com\/radio\/wp-json\/wp\/v2\/comments?post=3573"}],"version-history":[{"count":0,"href":"https:\/\/eldigitaldeasturias.com\/radio\/wp-json\/wp\/v2\/posts\/3573\/revisions"}],"wp:featuredmedia":[{"embeddable":true,"href":"https:\/\/eldigitaldeasturias.com\/radio\/wp-json\/wp\/v2\/media\/3574"}],"wp:attachment":[{"href":"https:\/\/eldigitaldeasturias.com\/radio\/wp-json\/wp\/v2\/media?parent=3573"}],"wp:term":[{"taxonomy":"category","embeddable":true,"href":"https:\/\/eldigitaldeasturias.com\/radio\/wp-json\/wp\/v2\/categories?post=3573"},{"taxonomy":"post_tag","embeddable":true,"href":"https:\/\/eldigitaldeasturias.com\/radio\/wp-json\/wp\/v2\/tags?post=3573"}],"curies":[{"name":"wp","href":"https:\/\/api.w.org\/{rel}","templated":true}]}}