{"id":3571,"date":"2019-11-24T15:41:25","date_gmt":"2019-11-24T15:41:25","guid":{"rendered":"http:\/\/www.eldigitaldeasturias.com\/radio\/?p=3571"},"modified":"2019-11-24T15:41:25","modified_gmt":"2019-11-24T15:41:25","slug":"manifestacion-en-hannover-a-favor-de-la-libertad-de-prensa","status":"publish","type":"post","link":"https:\/\/eldigitaldeasturias.com\/radio\/manifestacion-en-hannover-a-favor-de-la-libertad-de-prensa\/","title":{"rendered":"Manifestaci\u00f3n en Hannover a favor de la libertad de prensa"},"content":{"rendered":"<p>Hannover (Alemania), 23 nov (dpa) &#8211; Unas 7.000 personas acudieron hoy a una marcha en la ciudad alemana de Hannover para manifestarse a favor de la libertad de prensa y repudiar las amenazas a periodistas.<\/p>\n<p>La protesta fue convocada para contrarrestar una manifestaci\u00f3n del ultraderechista Partido Nacional Democr\u00e1tico (NPD) en contra de periodistas cr\u00edticos, y a la que, seg\u00fan inform\u00f3 la Polic\u00eda, asistieron unos 110 participantes.<\/p>\n<p>El socialdem\u00f3crata Stephan Weil, primer ministro del estado federado de Baja Sajonia, se uni\u00f3 a los manifestantes en pro de la libertad de los medios de comunicaci\u00f3n. Belit Onay, el nuevo alcalde de Hannover de origen turco afiliado a Los Verdes, tambi\u00e9n defendi\u00f3 esta postura.<\/p>\n<p>La jefatura de Polic\u00eda de Hannover hab\u00eda prohibido inicialmente la convocatoria del NPD porque supon\u00eda un peligro inminente para la seguridad p\u00fablica. Pero el partido ultraderechista recurri\u00f3 con \u00e9xito la decisi\u00f3n y consigui\u00f3 que su manifestaci\u00f3n no se prohibiera.<\/p>\n<p>Seg\u00fan la Polic\u00eda, las protestas contra la marcha del NPD fueron en gran parte pac\u00edficas.<\/p>\n<p>Asimismo, indic\u00f3 que varias personas que hab\u00edan intentado cruzar las barreras a lo largo del recorrido de la manifestaci\u00f3n fueron retenidas y que hubo cuatro arrestos.<\/p>\n","protected":false},"excerpt":{"rendered":"<p>Hannover (Alemania), 23 nov (dpa) &#8211; Unas 7.000 personas acudieron hoy a una marcha en la ciudad alemana de Hannover para manifestarse a favor de la libertad de prensa y repudiar las amenazas a periodistas. La protesta fue convocada para contrarrestar una manifestaci\u00f3n del ultraderechista Partido Nacional Democr\u00e1tico (NPD) en contra de periodistas cr\u00edticos, y<\/p>\n","protected":false},"author":1,"featured_media":62,"comment_status":"closed","ping_status":"closed","sticky":false,"template":"","format":"standard","meta":{"footnotes":""},"categories":[1],"tags":[],"class_list":{"0":"post-3571","1":"post","2":"type-post","3":"status-publish","4":"format-standard","5":"has-post-thumbnail","7":"category-noticias"},"aioseo_notices":[],"aioseo_head":"\n\t\t<!-- All in One SEO Pro 4.9.6.2 - aioseo.com -->\n\t<meta name=\"description\" content=\"Hannover (Alemania), 23 nov (dpa) - Unas 7.000 personas acudieron hoy a una marcha en la ciudad alemana de Hannover para manifestarse a favor de la libertad de prensa y repudiar las amenazas a periodistas. La protesta fue convocada para contrarrestar una manifestaci\u00f3n del ultraderechista Partido Nacional Democr\u00e1tico (NPD) en contra de periodistas cr\u00edticos, y\" \/>\n\t<meta name=\"robots\" content=\"max-image-preview:large\" \/>\n\t<meta name=\"author\" content=\"NBAsturias\"\/>\n\t<meta name=\"google-site-verification\" content=\"UA-38556648-1\" \/>\n\t<meta name=\"keywords\" content=\"noticias\" \/>\n\t<link rel=\"canonical\" href=\"https:\/\/eldigitaldeasturias.com\/radio\/manifestacion-en-hannover-a-favor-de-la-libertad-de-prensa\/\" \/>\n\t<meta name=\"generator\" content=\"All in One SEO Pro (AIOSEO) 4.9.6.2\" \/>\n\t\t<meta property=\"og:locale\" content=\"es_ES\" \/>\n\t\t<meta property=\"og:site_name\" content=\"El Digital de Asturias | Diario de informaci\u00f3n y noticias\" \/>\n\t\t<meta property=\"og:type\" content=\"article\" \/>\n\t\t<meta property=\"og:title\" content=\"Manifestaci\u00f3n en Hannover a favor de la libertad de prensa | El Digital de Asturias\" \/>\n\t\t<meta property=\"og:description\" content=\"Hannover (Alemania), 23 nov (dpa) - Unas 7.000 personas acudieron hoy a una marcha en la ciudad alemana de Hannover para manifestarse a favor de la libertad de prensa y repudiar las amenazas a periodistas. La protesta fue convocada para contrarrestar una manifestaci\u00f3n del ultraderechista Partido Nacional Democr\u00e1tico (NPD) en contra de periodistas cr\u00edticos, y\" \/>\n\t\t<meta property=\"og:url\" content=\"https:\/\/eldigitaldeasturias.com\/radio\/manifestacion-en-hannover-a-favor-de-la-libertad-de-prensa\/\" \/>\n\t\t<meta property=\"og:image\" content=\"https:\/\/eldigitaldeasturias.com\/radio\/wp-content\/uploads\/2018\/03\/macbook-577758_1280.jpg\" \/>\n\t\t<meta property=\"og:image:secure_url\" content=\"https:\/\/eldigitaldeasturias.com\/radio\/wp-content\/uploads\/2018\/03\/macbook-577758_1280.jpg\" \/>\n\t\t<meta property=\"og:image:width\" content=\"1280\" \/>\n\t\t<meta property=\"og:image:height\" content=\"850\" \/>\n\t\t<meta property=\"article:published_time\" content=\"2019-11-24T15:41:25+00:00\" \/>\n\t\t<meta property=\"article:modified_time\" content=\"2019-11-24T15:41:25+00:00\" \/>\n\t\t<meta name=\"twitter:card\" content=\"summary_large_image\" \/>\n\t\t<meta name=\"twitter:site\" content=\"@bercodi\" \/>\n\t\t<meta name=\"twitter:title\" content=\"Manifestaci\u00f3n en Hannover a favor de la libertad de prensa | El Digital de Asturias\" \/>\n\t\t<meta name=\"twitter:description\" content=\"Hannover (Alemania), 23 nov (dpa) - Unas 7.000 personas acudieron hoy a una marcha en la ciudad alemana de Hannover para manifestarse a favor de la libertad de prensa y repudiar las amenazas a periodistas. La protesta fue convocada para contrarrestar una manifestaci\u00f3n del ultraderechista Partido Nacional Democr\u00e1tico (NPD) en contra de periodistas cr\u00edticos, y\" \/>\n\t\t<meta name=\"twitter:creator\" content=\"@bercodi\" \/>\n\t\t<meta name=\"twitter:image\" content=\"https:\/\/eldigitaldeasturias.com\/radio\/wp-content\/uploads\/2018\/03\/macbook-577758_1280.jpg\" \/>\n\t\t<script type=\"application\/ld+json\" class=\"aioseo-schema\">\n\t\t\t{\"@context\":\"https:\\\/\\\/schema.org\",\"@graph\":[{\"@type\":\"BreadcrumbList\",\"@id\":\"https:\\\/\\\/eldigitaldeasturias.com\\\/radio\\\/manifestacion-en-hannover-a-favor-de-la-libertad-de-prensa\\\/#breadcrumblist\",\"itemListElement\":[{\"@type\":\"ListItem\",\"@id\":\"https:\\\/\\\/eldigitaldeasturias.com\\\/radio#listItem\",\"position\":1,\"name\":\"Inicio\",\"item\":\"https:\\\/\\\/eldigitaldeasturias.com\\\/radio\",\"nextItem\":{\"@type\":\"ListItem\",\"@id\":\"https:\\\/\\\/eldigitaldeasturias.com\\\/radio\\\/category\\\/noticias\\\/#listItem\",\"name\":\"Noticias\"}},{\"@type\":\"ListItem\",\"@id\":\"https:\\\/\\\/eldigitaldeasturias.com\\\/radio\\\/category\\\/noticias\\\/#listItem\",\"position\":2,\"name\":\"Noticias\",\"item\":\"https:\\\/\\\/eldigitaldeasturias.com\\\/radio\\\/category\\\/noticias\\\/\",\"nextItem\":{\"@type\":\"ListItem\",\"@id\":\"https:\\\/\\\/eldigitaldeasturias.com\\\/radio\\\/manifestacion-en-hannover-a-favor-de-la-libertad-de-prensa\\\/#listItem\",\"name\":\"Manifestaci\\u00f3n en Hannover a favor de la libertad de prensa\"},\"previousItem\":{\"@type\":\"ListItem\",\"@id\":\"https:\\\/\\\/eldigitaldeasturias.com\\\/radio#listItem\",\"name\":\"Inicio\"}},{\"@type\":\"ListItem\",\"@id\":\"https:\\\/\\\/eldigitaldeasturias.com\\\/radio\\\/manifestacion-en-hannover-a-favor-de-la-libertad-de-prensa\\\/#listItem\",\"position\":3,\"name\":\"Manifestaci\\u00f3n en Hannover a favor de la libertad de prensa\",\"previousItem\":{\"@type\":\"ListItem\",\"@id\":\"https:\\\/\\\/eldigitaldeasturias.com\\\/radio\\\/category\\\/noticias\\\/#listItem\",\"name\":\"Noticias\"}}]},{\"@type\":\"NewsArticle\",\"@id\":\"https:\\\/\\\/eldigitaldeasturias.com\\\/radio\\\/manifestacion-en-hannover-a-favor-de-la-libertad-de-prensa\\\/#newsarticle\",\"name\":\"Manifestaci\\u00f3n en Hannover a favor de la libertad de prensa | El Digital de Asturias\",\"headline\":\"Manifestaci\\u00f3n en Hannover a favor de la libertad de prensa\",\"author\":{\"@id\":\"https:\\\/\\\/eldigitaldeasturias.com\\\/radio\\\/author\\\/nbasturias\\\/#author\"},\"publisher\":{\"@id\":\"https:\\\/\\\/eldigitaldeasturias.com\\\/radio\\\/#organization\"},\"image\":{\"@type\":\"ImageObject\",\"url\":\"https:\\\/\\\/eldigitaldeasturias.com\\\/radio\\\/wp-content\\\/uploads\\\/2018\\\/03\\\/macbook-577758_1280.jpg\",\"width\":1280,\"height\":850},\"datePublished\":\"2019-11-24T15:41:25+01:00\",\"dateModified\":\"2019-11-24T15:41:25+01:00\",\"inLanguage\":\"es-ES\",\"mainEntityOfPage\":{\"@id\":\"https:\\\/\\\/eldigitaldeasturias.com\\\/radio\\\/manifestacion-en-hannover-a-favor-de-la-libertad-de-prensa\\\/#webpage\"},\"isPartOf\":{\"@id\":\"https:\\\/\\\/eldigitaldeasturias.com\\\/radio\\\/manifestacion-en-hannover-a-favor-de-la-libertad-de-prensa\\\/#webpage\"},\"articleSection\":\"Noticias\",\"dateline\":\"Publicado el noviembre 24, 2019.\"},{\"@type\":\"Organization\",\"@id\":\"https:\\\/\\\/eldigitaldeasturias.com\\\/radio\\\/#organization\",\"name\":\"El digital de Asturias Radio\",\"description\":\"Diario de informaci\\u00f3n y noticias\",\"url\":\"https:\\\/\\\/eldigitaldeasturias.com\\\/radio\\\/\",\"telephone\":\"+34652131393\",\"logo\":{\"@type\":\"ImageObject\",\"url\":\"https:\\\/\\\/www.eldigitaldeasturias.com\\\/radio\\\/wp-content\\\/uploads\\\/2021\\\/03\\\/EDA.jpg\",\"@id\":\"https:\\\/\\\/eldigitaldeasturias.com\\\/radio\\\/manifestacion-en-hannover-a-favor-de-la-libertad-de-prensa\\\/#organizationLogo\"},\"image\":{\"@id\":\"https:\\\/\\\/eldigitaldeasturias.com\\\/radio\\\/manifestacion-en-hannover-a-favor-de-la-libertad-de-prensa\\\/#organizationLogo\"},\"sameAs\":[\"https:\\\/\\\/www.facebook.com\\\/\",\"https:\\\/\\\/x.com\\\/bercodi\",\"https:\\\/\\\/www.instagram.com\\\/\",\"https:\\\/\\\/www.youtube.com\\\/channel\\\/UCZP-2wLEB9Rv6erhFmqVnvg\"]},{\"@type\":\"Person\",\"@id\":\"https:\\\/\\\/eldigitaldeasturias.com\\\/radio\\\/author\\\/nbasturias\\\/#author\",\"url\":\"https:\\\/\\\/eldigitaldeasturias.com\\\/radio\\\/author\\\/nbasturias\\\/\",\"name\":\"NBAsturias\",\"image\":{\"@type\":\"ImageObject\",\"@id\":\"https:\\\/\\\/eldigitaldeasturias.com\\\/radio\\\/manifestacion-en-hannover-a-favor-de-la-libertad-de-prensa\\\/#authorImage\",\"url\":\"https:\\\/\\\/secure.gravatar.com\\\/avatar\\\/df2aeffc32bcd13f8d26072ef8a91b623d677766deac7f97ca815868cd41bf5e?s=96&d=mm&r=g\",\"width\":96,\"height\":96,\"caption\":\"NBAsturias\"}},{\"@type\":\"WebPage\",\"@id\":\"https:\\\/\\\/eldigitaldeasturias.com\\\/radio\\\/manifestacion-en-hannover-a-favor-de-la-libertad-de-prensa\\\/#webpage\",\"url\":\"https:\\\/\\\/eldigitaldeasturias.com\\\/radio\\\/manifestacion-en-hannover-a-favor-de-la-libertad-de-prensa\\\/\",\"name\":\"Manifestaci\\u00f3n en Hannover a favor de la libertad de prensa | El Digital de Asturias\",\"description\":\"Hannover (Alemania), 23 nov (dpa) - Unas 7.000 personas acudieron hoy a una marcha en la ciudad alemana de Hannover para manifestarse a favor de la libertad de prensa y repudiar las amenazas a periodistas. La protesta fue convocada para contrarrestar una manifestaci\\u00f3n del ultraderechista Partido Nacional Democr\\u00e1tico (NPD) en contra de periodistas cr\\u00edticos, y\",\"inLanguage\":\"es-ES\",\"isPartOf\":{\"@id\":\"https:\\\/\\\/eldigitaldeasturias.com\\\/radio\\\/#website\"},\"breadcrumb\":{\"@id\":\"https:\\\/\\\/eldigitaldeasturias.com\\\/radio\\\/manifestacion-en-hannover-a-favor-de-la-libertad-de-prensa\\\/#breadcrumblist\"},\"author\":{\"@id\":\"https:\\\/\\\/eldigitaldeasturias.com\\\/radio\\\/author\\\/nbasturias\\\/#author\"},\"creator\":{\"@id\":\"https:\\\/\\\/eldigitaldeasturias.com\\\/radio\\\/author\\\/nbasturias\\\/#author\"},\"image\":{\"@type\":\"ImageObject\",\"url\":\"https:\\\/\\\/eldigitaldeasturias.com\\\/radio\\\/wp-content\\\/uploads\\\/2018\\\/03\\\/macbook-577758_1280.jpg\",\"@id\":\"https:\\\/\\\/eldigitaldeasturias.com\\\/radio\\\/manifestacion-en-hannover-a-favor-de-la-libertad-de-prensa\\\/#mainImage\",\"width\":1280,\"height\":850},\"primaryImageOfPage\":{\"@id\":\"https:\\\/\\\/eldigitaldeasturias.com\\\/radio\\\/manifestacion-en-hannover-a-favor-de-la-libertad-de-prensa\\\/#mainImage\"},\"datePublished\":\"2019-11-24T15:41:25+01:00\",\"dateModified\":\"2019-11-24T15:41:25+01:00\"},{\"@type\":\"WebSite\",\"@id\":\"https:\\\/\\\/eldigitaldeasturias.com\\\/radio\\\/#website\",\"url\":\"https:\\\/\\\/eldigitaldeasturias.com\\\/radio\\\/\",\"name\":\"El Digital de Asturias\",\"description\":\"Diario de informaci\\u00f3n y noticias\",\"inLanguage\":\"es-ES\",\"publisher\":{\"@id\":\"https:\\\/\\\/eldigitaldeasturias.com\\\/radio\\\/#organization\"}}]}\n\t\t<\/script>\n\t\t<!-- All in One SEO Pro -->\r\n\t\t<title>Manifestaci\u00f3n en Hannover a favor de la libertad de prensa | El Digital de Asturias<\/title>\n\n","aioseo_head_json":{"title":"Manifestaci\u00f3n en Hannover a favor de la libertad de prensa | El Digital de Asturias","description":"Hannover (Alemania), 23 nov (dpa) - Unas 7.000 personas acudieron hoy a una marcha en la ciudad alemana de Hannover para manifestarse a favor de la libertad de prensa y repudiar las amenazas a periodistas. La protesta fue convocada para contrarrestar una manifestaci\u00f3n del ultraderechista Partido Nacional Democr\u00e1tico (NPD) en contra de periodistas cr\u00edticos, y","canonical_url":"https:\/\/eldigitaldeasturias.com\/radio\/manifestacion-en-hannover-a-favor-de-la-libertad-de-prensa\/","robots":"max-image-preview:large","keywords":"noticias","webmasterTools":{"google-site-verification":"UA-38556648-1","miscellaneous":""},"schema":{"@context":"https:\/\/schema.org","@graph":[{"@type":"BreadcrumbList","@id":"https:\/\/eldigitaldeasturias.com\/radio\/manifestacion-en-hannover-a-favor-de-la-libertad-de-prensa\/#breadcrumblist","itemListElement":[{"@type":"ListItem","@id":"https:\/\/eldigitaldeasturias.com\/radio#listItem","position":1,"name":"Inicio","item":"https:\/\/eldigitaldeasturias.com\/radio","nextItem":{"@type":"ListItem","@id":"https:\/\/eldigitaldeasturias.com\/radio\/category\/noticias\/#listItem","name":"Noticias"}},{"@type":"ListItem","@id":"https:\/\/eldigitaldeasturias.com\/radio\/category\/noticias\/#listItem","position":2,"name":"Noticias","item":"https:\/\/eldigitaldeasturias.com\/radio\/category\/noticias\/","nextItem":{"@type":"ListItem","@id":"https:\/\/eldigitaldeasturias.com\/radio\/manifestacion-en-hannover-a-favor-de-la-libertad-de-prensa\/#listItem","name":"Manifestaci\u00f3n en Hannover a favor de la libertad de prensa"},"previousItem":{"@type":"ListItem","@id":"https:\/\/eldigitaldeasturias.com\/radio#listItem","name":"Inicio"}},{"@type":"ListItem","@id":"https:\/\/eldigitaldeasturias.com\/radio\/manifestacion-en-hannover-a-favor-de-la-libertad-de-prensa\/#listItem","position":3,"name":"Manifestaci\u00f3n en Hannover a favor de la libertad de prensa","previousItem":{"@type":"ListItem","@id":"https:\/\/eldigitaldeasturias.com\/radio\/category\/noticias\/#listItem","name":"Noticias"}}]},{"@type":"NewsArticle","@id":"https:\/\/eldigitaldeasturias.com\/radio\/manifestacion-en-hannover-a-favor-de-la-libertad-de-prensa\/#newsarticle","name":"Manifestaci\u00f3n en Hannover a favor de la libertad de prensa | El Digital de Asturias","headline":"Manifestaci\u00f3n en Hannover a favor de la libertad de prensa","author":{"@id":"https:\/\/eldigitaldeasturias.com\/radio\/author\/nbasturias\/#author"},"publisher":{"@id":"https:\/\/eldigitaldeasturias.com\/radio\/#organization"},"image":{"@type":"ImageObject","url":"https:\/\/eldigitaldeasturias.com\/radio\/wp-content\/uploads\/2018\/03\/macbook-577758_1280.jpg","width":1280,"height":850},"datePublished":"2019-11-24T15:41:25+01:00","dateModified":"2019-11-24T15:41:25+01:00","inLanguage":"es-ES","mainEntityOfPage":{"@id":"https:\/\/eldigitaldeasturias.com\/radio\/manifestacion-en-hannover-a-favor-de-la-libertad-de-prensa\/#webpage"},"isPartOf":{"@id":"https:\/\/eldigitaldeasturias.com\/radio\/manifestacion-en-hannover-a-favor-de-la-libertad-de-prensa\/#webpage"},"articleSection":"Noticias","dateline":"Publicado el noviembre 24, 2019."},{"@type":"Organization","@id":"https:\/\/eldigitaldeasturias.com\/radio\/#organization","name":"El digital de Asturias Radio","description":"Diario de informaci\u00f3n y noticias","url":"https:\/\/eldigitaldeasturias.com\/radio\/","telephone":"+34652131393","logo":{"@type":"ImageObject","url":"https:\/\/www.eldigitaldeasturias.com\/radio\/wp-content\/uploads\/2021\/03\/EDA.jpg","@id":"https:\/\/eldigitaldeasturias.com\/radio\/manifestacion-en-hannover-a-favor-de-la-libertad-de-prensa\/#organizationLogo"},"image":{"@id":"https:\/\/eldigitaldeasturias.com\/radio\/manifestacion-en-hannover-a-favor-de-la-libertad-de-prensa\/#organizationLogo"},"sameAs":["https:\/\/www.facebook.com\/","https:\/\/x.com\/bercodi","https:\/\/www.instagram.com\/","https:\/\/www.youtube.com\/channel\/UCZP-2wLEB9Rv6erhFmqVnvg"]},{"@type":"Person","@id":"https:\/\/eldigitaldeasturias.com\/radio\/author\/nbasturias\/#author","url":"https:\/\/eldigitaldeasturias.com\/radio\/author\/nbasturias\/","name":"NBAsturias","image":{"@type":"ImageObject","@id":"https:\/\/eldigitaldeasturias.com\/radio\/manifestacion-en-hannover-a-favor-de-la-libertad-de-prensa\/#authorImage","url":"https:\/\/secure.gravatar.com\/avatar\/df2aeffc32bcd13f8d26072ef8a91b623d677766deac7f97ca815868cd41bf5e?s=96&d=mm&r=g","width":96,"height":96,"caption":"NBAsturias"}},{"@type":"WebPage","@id":"https:\/\/eldigitaldeasturias.com\/radio\/manifestacion-en-hannover-a-favor-de-la-libertad-de-prensa\/#webpage","url":"https:\/\/eldigitaldeasturias.com\/radio\/manifestacion-en-hannover-a-favor-de-la-libertad-de-prensa\/","name":"Manifestaci\u00f3n en Hannover a favor de la libertad de prensa | El Digital de Asturias","description":"Hannover (Alemania), 23 nov (dpa) - Unas 7.000 personas acudieron hoy a una marcha en la ciudad alemana de Hannover para manifestarse a favor de la libertad de prensa y repudiar las amenazas a periodistas. La protesta fue convocada para contrarrestar una manifestaci\u00f3n del ultraderechista Partido Nacional Democr\u00e1tico (NPD) en contra de periodistas cr\u00edticos, y","inLanguage":"es-ES","isPartOf":{"@id":"https:\/\/eldigitaldeasturias.com\/radio\/#website"},"breadcrumb":{"@id":"https:\/\/eldigitaldeasturias.com\/radio\/manifestacion-en-hannover-a-favor-de-la-libertad-de-prensa\/#breadcrumblist"},"author":{"@id":"https:\/\/eldigitaldeasturias.com\/radio\/author\/nbasturias\/#author"},"creator":{"@id":"https:\/\/eldigitaldeasturias.com\/radio\/author\/nbasturias\/#author"},"image":{"@type":"ImageObject","url":"https:\/\/eldigitaldeasturias.com\/radio\/wp-content\/uploads\/2018\/03\/macbook-577758_1280.jpg","@id":"https:\/\/eldigitaldeasturias.com\/radio\/manifestacion-en-hannover-a-favor-de-la-libertad-de-prensa\/#mainImage","width":1280,"height":850},"primaryImageOfPage":{"@id":"https:\/\/eldigitaldeasturias.com\/radio\/manifestacion-en-hannover-a-favor-de-la-libertad-de-prensa\/#mainImage"},"datePublished":"2019-11-24T15:41:25+01:00","dateModified":"2019-11-24T15:41:25+01:00"},{"@type":"WebSite","@id":"https:\/\/eldigitaldeasturias.com\/radio\/#website","url":"https:\/\/eldigitaldeasturias.com\/radio\/","name":"El Digital de Asturias","description":"Diario de informaci\u00f3n y noticias","inLanguage":"es-ES","publisher":{"@id":"https:\/\/eldigitaldeasturias.com\/radio\/#organization"}}]},"og:locale":"es_ES","og:site_name":"El Digital de Asturias | Diario de informaci\u00f3n y noticias","og:type":"article","og:title":"Manifestaci\u00f3n en Hannover a favor de la libertad de prensa | El Digital de Asturias","og:description":"Hannover (Alemania), 23 nov (dpa) - Unas 7.000 personas acudieron hoy a una marcha en la ciudad alemana de Hannover para manifestarse a favor de la libertad de prensa y repudiar las amenazas a periodistas. La protesta fue convocada para contrarrestar una manifestaci\u00f3n del ultraderechista Partido Nacional Democr\u00e1tico (NPD) en contra de periodistas cr\u00edticos, y","og:url":"https:\/\/eldigitaldeasturias.com\/radio\/manifestacion-en-hannover-a-favor-de-la-libertad-de-prensa\/","og:image":"https:\/\/eldigitaldeasturias.com\/radio\/wp-content\/uploads\/2018\/03\/macbook-577758_1280.jpg","og:image:secure_url":"https:\/\/eldigitaldeasturias.com\/radio\/wp-content\/uploads\/2018\/03\/macbook-577758_1280.jpg","og:image:width":1280,"og:image:height":850,"article:published_time":"2019-11-24T15:41:25+00:00","article:modified_time":"2019-11-24T15:41:25+00:00","twitter:card":"summary_large_image","twitter:site":"@bercodi","twitter:title":"Manifestaci\u00f3n en Hannover a favor de la libertad de prensa | El Digital de Asturias","twitter:description":"Hannover (Alemania), 23 nov (dpa) - Unas 7.000 personas acudieron hoy a una marcha en la ciudad alemana de Hannover para manifestarse a favor de la libertad de prensa y repudiar las amenazas a periodistas. La protesta fue convocada para contrarrestar una manifestaci\u00f3n del ultraderechista Partido Nacional Democr\u00e1tico (NPD) en contra de periodistas cr\u00edticos, y","twitter:creator":"@bercodi","twitter:image":"https:\/\/eldigitaldeasturias.com\/radio\/wp-content\/uploads\/2018\/03\/macbook-577758_1280.jpg"},"aioseo_meta_data":{"post_id":"3571","title":null,"description":null,"keywords":null,"keyphrases":null,"primary_term":null,"canonical_url":null,"og_title":null,"og_description":null,"og_object_type":"default","og_image_type":"default","og_image_url":null,"og_image_width":null,"og_image_height":null,"og_image_custom_url":null,"og_image_custom_fields":null,"og_video":null,"og_custom_url":null,"og_article_section":null,"og_article_tags":null,"twitter_use_og":false,"twitter_card":"default","twitter_image_type":"default","twitter_image_url":null,"twitter_image_custom_url":null,"twitter_image_custom_fields":null,"twitter_title":null,"twitter_description":null,"schema":{"blockGraphs":[],"customGraphs":[],"default":{"data":{"Article":[],"Course":[],"Dataset":[],"FAQPage":[],"Movie":[],"Person":[],"Product":[],"ProductReview":[],"Car":[],"Recipe":[],"Service":[],"SoftwareApplication":[],"WebPage":[]},"graphName":"","isEnabled":true},"graphs":[]},"schema_type":null,"schema_type_options":null,"pillar_content":false,"robots_default":true,"robots_noindex":false,"robots_noarchive":false,"robots_nosnippet":false,"robots_nofollow":false,"robots_noimageindex":false,"robots_noodp":false,"robots_notranslate":false,"robots_max_snippet":null,"robots_max_videopreview":null,"robots_max_imagepreview":"large","priority":null,"frequency":null,"location":null,"local_seo":null,"seo_analyzer_scan_date":"2025-08-28 14:24:27","breadcrumb_settings":null,"limit_modified_date":false,"open_ai":null,"ai":null,"created":"2021-03-26 21:23:37","updated":"2025-08-28 14:24:27"},"aioseo_breadcrumb":"<div class=\"aioseo-breadcrumbs\"><span class=\"aioseo-breadcrumb\">\n\t<a href=\"https:\/\/eldigitaldeasturias.com\/radio\" title=\"Inicio\">Inicio<\/a>\n<\/span><span class=\"aioseo-breadcrumb-separator\">&ndash;<\/span><span class=\"aioseo-breadcrumb\">\n\t<a href=\"https:\/\/eldigitaldeasturias.com\/radio\/category\/noticias\/\" title=\"Noticias\">Noticias<\/a>\n<\/span><span class=\"aioseo-breadcrumb-separator\">&ndash;<\/span><span class=\"aioseo-breadcrumb\">\n\tManifestaci\u00f3n en Hannover a favor de la libertad de prensa\n<\/span><\/div>","aioseo_breadcrumb_json":[{"label":"Inicio","link":"https:\/\/eldigitaldeasturias.com\/radio"},{"label":"Noticias","link":"https:\/\/eldigitaldeasturias.com\/radio\/category\/noticias\/"},{"label":"Manifestaci\u00f3n en Hannover a favor de la libertad de prensa","link":"https:\/\/eldigitaldeasturias.com\/radio\/manifestacion-en-hannover-a-favor-de-la-libertad-de-prensa\/"}],"_links":{"self":[{"href":"https:\/\/eldigitaldeasturias.com\/radio\/wp-json\/wp\/v2\/posts\/3571","targetHints":{"allow":["GET"]}}],"collection":[{"href":"https:\/\/eldigitaldeasturias.com\/radio\/wp-json\/wp\/v2\/posts"}],"about":[{"href":"https:\/\/eldigitaldeasturias.com\/radio\/wp-json\/wp\/v2\/types\/post"}],"author":[{"embeddable":true,"href":"https:\/\/eldigitaldeasturias.com\/radio\/wp-json\/wp\/v2\/users\/1"}],"replies":[{"embeddable":true,"href":"https:\/\/eldigitaldeasturias.com\/radio\/wp-json\/wp\/v2\/comments?post=3571"}],"version-history":[{"count":0,"href":"https:\/\/eldigitaldeasturias.com\/radio\/wp-json\/wp\/v2\/posts\/3571\/revisions"}],"wp:featuredmedia":[{"embeddable":true,"href":"https:\/\/eldigitaldeasturias.com\/radio\/wp-json\/wp\/v2\/media\/62"}],"wp:attachment":[{"href":"https:\/\/eldigitaldeasturias.com\/radio\/wp-json\/wp\/v2\/media?parent=3571"}],"wp:term":[{"taxonomy":"category","embeddable":true,"href":"https:\/\/eldigitaldeasturias.com\/radio\/wp-json\/wp\/v2\/categories?post=3571"},{"taxonomy":"post_tag","embeddable":true,"href":"https:\/\/eldigitaldeasturias.com\/radio\/wp-json\/wp\/v2\/tags?post=3571"}],"curies":[{"name":"wp","href":"https:\/\/api.w.org\/{rel}","templated":true}]}}