{"id":3569,"date":"2019-11-24T15:40:40","date_gmt":"2019-11-24T15:40:40","guid":{"rendered":"http:\/\/www.eldigitaldeasturias.com\/radio\/?p=3569"},"modified":"2019-11-24T15:40:40","modified_gmt":"2019-11-24T15:40:40","slug":"monchengladbach-cae-2-0-ante-union-berlin","status":"publish","type":"post","link":"https:\/\/eldigitaldeasturias.com\/radio\/monchengladbach-cae-2-0-ante-union-berlin\/","title":{"rendered":"M\u00f6nchengladbach cae 2-0 ante Union Berl\u00edn"},"content":{"rendered":"<p><img fetchpriority=\"high\" decoding=\"async\" class=\"alignleft size-medium wp-image-72\" src=\"http:\/\/www.eldigitaldeasturias.com\/radio\/wp-content\/uploads\/2018\/03\/football-1406106_1280-360x241.jpg\" alt=\"\" width=\"360\" height=\"241\" srcset=\"https:\/\/eldigitaldeasturias.com\/radio\/wp-content\/uploads\/2018\/03\/football-1406106_1280-360x241.jpg 360w, https:\/\/eldigitaldeasturias.com\/radio\/wp-content\/uploads\/2018\/03\/football-1406106_1280-1024x686.jpg 1024w, https:\/\/eldigitaldeasturias.com\/radio\/wp-content\/uploads\/2018\/03\/football-1406106_1280-768x514.jpg 768w, https:\/\/eldigitaldeasturias.com\/radio\/wp-content\/uploads\/2018\/03\/football-1406106_1280.jpg 1280w\" sizes=\"(max-width: 360px) 100vw, 360px\" \/>Berl\u00edn, 23 nov (dpa) &#8211; El Borussia M\u00f6nchengladbach sufri\u00f3 hoy un duro rev\u00e9s al caer por 2-0 ante el Uni\u00f3n Berl\u00edn, una derrota que pone en vilo su liderazgo en la Bundesliga, la primera divisi\u00f3n del f\u00fatbol alem\u00e1n.<\/p>\n<p>El conjunto dirigido por Marco Rose perdi\u00f3 luego de tres triunfos consecutivos y redujo su ventaja a solo un punto sobre su m\u00e1s cercano competidor en la tabla, el actual campe\u00f3n alem\u00e1n Bayern M\u00fanich, que gole\u00f3 4-0 al Fortuna D\u00fcsseldorf.<\/p>\n<p>Gracias a los goles de Anthony Ujah, a los 15 minutos, y Sebastian Andersson, a los 91&#8242;, el Uni\u00f3n Berl\u00edn sum\u00f3 puntos clave para alejarse de la zona de descenso al subir al und\u00e9cimo puesto. Y demostr\u00f3 una vez m\u00e1s, como ya lo hizo ante el Borussia Dortmund, el Freiburg y el Hertha, que se hace fuerte de local.<\/p>\n<p>El Uni\u00f3n Berl\u00edn celebr\u00f3 adem\u00e1s hoy ante unos 22.012 espectadores en el estadio An der Alten F\u00f6rsterei su cuarta victoria consecutiva en partidos oficiales, un hito que hasta ahora no se hab\u00eda logrado bajo la direcci\u00f3n de Urs Fischer.<\/p>\n","protected":false},"excerpt":{"rendered":"<p>Berl\u00edn, 23 nov (dpa) &#8211; El Borussia M\u00f6nchengladbach sufri\u00f3 hoy un duro rev\u00e9s al caer por 2-0 ante el Uni\u00f3n Berl\u00edn, una derrota que pone en vilo su liderazgo en la Bundesliga, la primera divisi\u00f3n del f\u00fatbol alem\u00e1n. El conjunto dirigido por Marco Rose perdi\u00f3 luego de tres triunfos consecutivos y redujo su ventaja a<\/p>\n","protected":false},"author":1,"featured_media":72,"comment_status":"closed","ping_status":"closed","sticky":false,"template":"","format":"standard","meta":{"footnotes":""},"categories":[1],"tags":[],"class_list":{"0":"post-3569","1":"post","2":"type-post","3":"status-publish","4":"format-standard","5":"has-post-thumbnail","7":"category-noticias"},"aioseo_notices":[],"aioseo_head":"\n\t\t<!-- All in One SEO Pro 4.9.6.2 - aioseo.com -->\n\t<meta name=\"description\" content=\"Berl\u00edn, 23 nov (dpa) - El Borussia M\u00f6nchengladbach sufri\u00f3 hoy un duro rev\u00e9s al caer por 2-0 ante el Uni\u00f3n Berl\u00edn, una derrota que pone en vilo su liderazgo en la Bundesliga, la primera divisi\u00f3n del f\u00fatbol alem\u00e1n. El conjunto dirigido por Marco Rose perdi\u00f3 luego de tres triunfos consecutivos y redujo su ventaja a\" \/>\n\t<meta name=\"robots\" content=\"max-image-preview:large\" \/>\n\t<meta name=\"author\" content=\"NBAsturias\"\/>\n\t<meta name=\"google-site-verification\" content=\"UA-38556648-1\" \/>\n\t<meta name=\"keywords\" content=\"noticias\" \/>\n\t<link rel=\"canonical\" href=\"https:\/\/eldigitaldeasturias.com\/radio\/monchengladbach-cae-2-0-ante-union-berlin\/\" \/>\n\t<meta name=\"generator\" content=\"All in One SEO Pro (AIOSEO) 4.9.6.2\" \/>\n\t\t<meta property=\"og:locale\" content=\"es_ES\" \/>\n\t\t<meta property=\"og:site_name\" content=\"El Digital de Asturias | Diario de informaci\u00f3n y noticias\" \/>\n\t\t<meta property=\"og:type\" content=\"article\" \/>\n\t\t<meta property=\"og:title\" content=\"M\u00f6nchengladbach cae 2-0 ante Union Berl\u00edn | El Digital de Asturias\" \/>\n\t\t<meta property=\"og:description\" content=\"Berl\u00edn, 23 nov (dpa) - El Borussia M\u00f6nchengladbach sufri\u00f3 hoy un duro rev\u00e9s al caer por 2-0 ante el Uni\u00f3n Berl\u00edn, una derrota que pone en vilo su liderazgo en la Bundesliga, la primera divisi\u00f3n del f\u00fatbol alem\u00e1n. El conjunto dirigido por Marco Rose perdi\u00f3 luego de tres triunfos consecutivos y redujo su ventaja a\" \/>\n\t\t<meta property=\"og:url\" content=\"https:\/\/eldigitaldeasturias.com\/radio\/monchengladbach-cae-2-0-ante-union-berlin\/\" \/>\n\t\t<meta property=\"og:image\" content=\"https:\/\/eldigitaldeasturias.com\/radio\/wp-content\/uploads\/2018\/03\/football-1406106_1280.jpg\" \/>\n\t\t<meta property=\"og:image:secure_url\" content=\"https:\/\/eldigitaldeasturias.com\/radio\/wp-content\/uploads\/2018\/03\/football-1406106_1280.jpg\" \/>\n\t\t<meta property=\"og:image:width\" content=\"1280\" \/>\n\t\t<meta property=\"og:image:height\" content=\"857\" \/>\n\t\t<meta property=\"article:published_time\" content=\"2019-11-24T15:40:40+00:00\" \/>\n\t\t<meta property=\"article:modified_time\" content=\"2019-11-24T15:40:40+00:00\" \/>\n\t\t<meta name=\"twitter:card\" content=\"summary_large_image\" \/>\n\t\t<meta name=\"twitter:site\" content=\"@bercodi\" \/>\n\t\t<meta name=\"twitter:title\" content=\"M\u00f6nchengladbach cae 2-0 ante Union Berl\u00edn | El Digital de Asturias\" \/>\n\t\t<meta name=\"twitter:description\" content=\"Berl\u00edn, 23 nov (dpa) - El Borussia M\u00f6nchengladbach sufri\u00f3 hoy un duro rev\u00e9s al caer por 2-0 ante el Uni\u00f3n Berl\u00edn, una derrota que pone en vilo su liderazgo en la Bundesliga, la primera divisi\u00f3n del f\u00fatbol alem\u00e1n. El conjunto dirigido por Marco Rose perdi\u00f3 luego de tres triunfos consecutivos y redujo su ventaja a\" \/>\n\t\t<meta name=\"twitter:creator\" content=\"@bercodi\" \/>\n\t\t<meta name=\"twitter:image\" content=\"https:\/\/eldigitaldeasturias.com\/radio\/wp-content\/uploads\/2018\/03\/football-1406106_1280.jpg\" \/>\n\t\t<script type=\"application\/ld+json\" class=\"aioseo-schema\">\n\t\t\t{\"@context\":\"https:\\\/\\\/schema.org\",\"@graph\":[{\"@type\":\"BreadcrumbList\",\"@id\":\"https:\\\/\\\/eldigitaldeasturias.com\\\/radio\\\/monchengladbach-cae-2-0-ante-union-berlin\\\/#breadcrumblist\",\"itemListElement\":[{\"@type\":\"ListItem\",\"@id\":\"https:\\\/\\\/eldigitaldeasturias.com\\\/radio#listItem\",\"position\":1,\"name\":\"Inicio\",\"item\":\"https:\\\/\\\/eldigitaldeasturias.com\\\/radio\",\"nextItem\":{\"@type\":\"ListItem\",\"@id\":\"https:\\\/\\\/eldigitaldeasturias.com\\\/radio\\\/category\\\/noticias\\\/#listItem\",\"name\":\"Noticias\"}},{\"@type\":\"ListItem\",\"@id\":\"https:\\\/\\\/eldigitaldeasturias.com\\\/radio\\\/category\\\/noticias\\\/#listItem\",\"position\":2,\"name\":\"Noticias\",\"item\":\"https:\\\/\\\/eldigitaldeasturias.com\\\/radio\\\/category\\\/noticias\\\/\",\"nextItem\":{\"@type\":\"ListItem\",\"@id\":\"https:\\\/\\\/eldigitaldeasturias.com\\\/radio\\\/monchengladbach-cae-2-0-ante-union-berlin\\\/#listItem\",\"name\":\"M\\u00f6nchengladbach cae 2-0 ante Union Berl\\u00edn\"},\"previousItem\":{\"@type\":\"ListItem\",\"@id\":\"https:\\\/\\\/eldigitaldeasturias.com\\\/radio#listItem\",\"name\":\"Inicio\"}},{\"@type\":\"ListItem\",\"@id\":\"https:\\\/\\\/eldigitaldeasturias.com\\\/radio\\\/monchengladbach-cae-2-0-ante-union-berlin\\\/#listItem\",\"position\":3,\"name\":\"M\\u00f6nchengladbach cae 2-0 ante Union Berl\\u00edn\",\"previousItem\":{\"@type\":\"ListItem\",\"@id\":\"https:\\\/\\\/eldigitaldeasturias.com\\\/radio\\\/category\\\/noticias\\\/#listItem\",\"name\":\"Noticias\"}}]},{\"@type\":\"NewsArticle\",\"@id\":\"https:\\\/\\\/eldigitaldeasturias.com\\\/radio\\\/monchengladbach-cae-2-0-ante-union-berlin\\\/#newsarticle\",\"name\":\"M\\u00f6nchengladbach cae 2-0 ante Union Berl\\u00edn | El Digital de Asturias\",\"headline\":\"M\\u00f6nchengladbach cae 2-0 ante Union Berl\\u00edn\",\"author\":{\"@id\":\"https:\\\/\\\/eldigitaldeasturias.com\\\/radio\\\/author\\\/nbasturias\\\/#author\"},\"publisher\":{\"@id\":\"https:\\\/\\\/eldigitaldeasturias.com\\\/radio\\\/#organization\"},\"image\":{\"@type\":\"ImageObject\",\"url\":\"https:\\\/\\\/eldigitaldeasturias.com\\\/radio\\\/wp-content\\\/uploads\\\/2018\\\/03\\\/football-1406106_1280.jpg\",\"width\":1280,\"height\":857},\"datePublished\":\"2019-11-24T15:40:40+01:00\",\"dateModified\":\"2019-11-24T15:40:40+01:00\",\"inLanguage\":\"es-ES\",\"mainEntityOfPage\":{\"@id\":\"https:\\\/\\\/eldigitaldeasturias.com\\\/radio\\\/monchengladbach-cae-2-0-ante-union-berlin\\\/#webpage\"},\"isPartOf\":{\"@id\":\"https:\\\/\\\/eldigitaldeasturias.com\\\/radio\\\/monchengladbach-cae-2-0-ante-union-berlin\\\/#webpage\"},\"articleSection\":\"Noticias\",\"dateline\":\"Publicado el noviembre 24, 2019.\"},{\"@type\":\"Organization\",\"@id\":\"https:\\\/\\\/eldigitaldeasturias.com\\\/radio\\\/#organization\",\"name\":\"El digital de Asturias Radio\",\"description\":\"Diario de informaci\\u00f3n y noticias\",\"url\":\"https:\\\/\\\/eldigitaldeasturias.com\\\/radio\\\/\",\"telephone\":\"+34652131393\",\"logo\":{\"@type\":\"ImageObject\",\"url\":\"https:\\\/\\\/www.eldigitaldeasturias.com\\\/radio\\\/wp-content\\\/uploads\\\/2021\\\/03\\\/EDA.jpg\",\"@id\":\"https:\\\/\\\/eldigitaldeasturias.com\\\/radio\\\/monchengladbach-cae-2-0-ante-union-berlin\\\/#organizationLogo\"},\"image\":{\"@id\":\"https:\\\/\\\/eldigitaldeasturias.com\\\/radio\\\/monchengladbach-cae-2-0-ante-union-berlin\\\/#organizationLogo\"},\"sameAs\":[\"https:\\\/\\\/www.facebook.com\\\/\",\"https:\\\/\\\/x.com\\\/bercodi\",\"https:\\\/\\\/www.instagram.com\\\/\",\"https:\\\/\\\/www.youtube.com\\\/channel\\\/UCZP-2wLEB9Rv6erhFmqVnvg\"]},{\"@type\":\"Person\",\"@id\":\"https:\\\/\\\/eldigitaldeasturias.com\\\/radio\\\/author\\\/nbasturias\\\/#author\",\"url\":\"https:\\\/\\\/eldigitaldeasturias.com\\\/radio\\\/author\\\/nbasturias\\\/\",\"name\":\"NBAsturias\",\"image\":{\"@type\":\"ImageObject\",\"@id\":\"https:\\\/\\\/eldigitaldeasturias.com\\\/radio\\\/monchengladbach-cae-2-0-ante-union-berlin\\\/#authorImage\",\"url\":\"https:\\\/\\\/secure.gravatar.com\\\/avatar\\\/df2aeffc32bcd13f8d26072ef8a91b623d677766deac7f97ca815868cd41bf5e?s=96&d=mm&r=g\",\"width\":96,\"height\":96,\"caption\":\"NBAsturias\"}},{\"@type\":\"WebPage\",\"@id\":\"https:\\\/\\\/eldigitaldeasturias.com\\\/radio\\\/monchengladbach-cae-2-0-ante-union-berlin\\\/#webpage\",\"url\":\"https:\\\/\\\/eldigitaldeasturias.com\\\/radio\\\/monchengladbach-cae-2-0-ante-union-berlin\\\/\",\"name\":\"M\\u00f6nchengladbach cae 2-0 ante Union Berl\\u00edn | El Digital de Asturias\",\"description\":\"Berl\\u00edn, 23 nov (dpa) - El Borussia M\\u00f6nchengladbach sufri\\u00f3 hoy un duro rev\\u00e9s al caer por 2-0 ante el Uni\\u00f3n Berl\\u00edn, una derrota que pone en vilo su liderazgo en la Bundesliga, la primera divisi\\u00f3n del f\\u00fatbol alem\\u00e1n. El conjunto dirigido por Marco Rose perdi\\u00f3 luego de tres triunfos consecutivos y redujo su ventaja a\",\"inLanguage\":\"es-ES\",\"isPartOf\":{\"@id\":\"https:\\\/\\\/eldigitaldeasturias.com\\\/radio\\\/#website\"},\"breadcrumb\":{\"@id\":\"https:\\\/\\\/eldigitaldeasturias.com\\\/radio\\\/monchengladbach-cae-2-0-ante-union-berlin\\\/#breadcrumblist\"},\"author\":{\"@id\":\"https:\\\/\\\/eldigitaldeasturias.com\\\/radio\\\/author\\\/nbasturias\\\/#author\"},\"creator\":{\"@id\":\"https:\\\/\\\/eldigitaldeasturias.com\\\/radio\\\/author\\\/nbasturias\\\/#author\"},\"image\":{\"@type\":\"ImageObject\",\"url\":\"https:\\\/\\\/eldigitaldeasturias.com\\\/radio\\\/wp-content\\\/uploads\\\/2018\\\/03\\\/football-1406106_1280.jpg\",\"@id\":\"https:\\\/\\\/eldigitaldeasturias.com\\\/radio\\\/monchengladbach-cae-2-0-ante-union-berlin\\\/#mainImage\",\"width\":1280,\"height\":857},\"primaryImageOfPage\":{\"@id\":\"https:\\\/\\\/eldigitaldeasturias.com\\\/radio\\\/monchengladbach-cae-2-0-ante-union-berlin\\\/#mainImage\"},\"datePublished\":\"2019-11-24T15:40:40+01:00\",\"dateModified\":\"2019-11-24T15:40:40+01:00\"},{\"@type\":\"WebSite\",\"@id\":\"https:\\\/\\\/eldigitaldeasturias.com\\\/radio\\\/#website\",\"url\":\"https:\\\/\\\/eldigitaldeasturias.com\\\/radio\\\/\",\"name\":\"El Digital de Asturias\",\"description\":\"Diario de informaci\\u00f3n y noticias\",\"inLanguage\":\"es-ES\",\"publisher\":{\"@id\":\"https:\\\/\\\/eldigitaldeasturias.com\\\/radio\\\/#organization\"}}]}\n\t\t<\/script>\n\t\t<!-- All in One SEO Pro -->\r\n\t\t<title>M\u00f6nchengladbach cae 2-0 ante Union Berl\u00edn | El Digital de Asturias<\/title>\n\n","aioseo_head_json":{"title":"M\u00f6nchengladbach cae 2-0 ante Union Berl\u00edn | El Digital de Asturias","description":"Berl\u00edn, 23 nov (dpa) - El Borussia M\u00f6nchengladbach sufri\u00f3 hoy un duro rev\u00e9s al caer por 2-0 ante el Uni\u00f3n Berl\u00edn, una derrota que pone en vilo su liderazgo en la Bundesliga, la primera divisi\u00f3n del f\u00fatbol alem\u00e1n. El conjunto dirigido por Marco Rose perdi\u00f3 luego de tres triunfos consecutivos y redujo su ventaja a","canonical_url":"https:\/\/eldigitaldeasturias.com\/radio\/monchengladbach-cae-2-0-ante-union-berlin\/","robots":"max-image-preview:large","keywords":"noticias","webmasterTools":{"google-site-verification":"UA-38556648-1","miscellaneous":""},"schema":{"@context":"https:\/\/schema.org","@graph":[{"@type":"BreadcrumbList","@id":"https:\/\/eldigitaldeasturias.com\/radio\/monchengladbach-cae-2-0-ante-union-berlin\/#breadcrumblist","itemListElement":[{"@type":"ListItem","@id":"https:\/\/eldigitaldeasturias.com\/radio#listItem","position":1,"name":"Inicio","item":"https:\/\/eldigitaldeasturias.com\/radio","nextItem":{"@type":"ListItem","@id":"https:\/\/eldigitaldeasturias.com\/radio\/category\/noticias\/#listItem","name":"Noticias"}},{"@type":"ListItem","@id":"https:\/\/eldigitaldeasturias.com\/radio\/category\/noticias\/#listItem","position":2,"name":"Noticias","item":"https:\/\/eldigitaldeasturias.com\/radio\/category\/noticias\/","nextItem":{"@type":"ListItem","@id":"https:\/\/eldigitaldeasturias.com\/radio\/monchengladbach-cae-2-0-ante-union-berlin\/#listItem","name":"M\u00f6nchengladbach cae 2-0 ante Union Berl\u00edn"},"previousItem":{"@type":"ListItem","@id":"https:\/\/eldigitaldeasturias.com\/radio#listItem","name":"Inicio"}},{"@type":"ListItem","@id":"https:\/\/eldigitaldeasturias.com\/radio\/monchengladbach-cae-2-0-ante-union-berlin\/#listItem","position":3,"name":"M\u00f6nchengladbach cae 2-0 ante Union Berl\u00edn","previousItem":{"@type":"ListItem","@id":"https:\/\/eldigitaldeasturias.com\/radio\/category\/noticias\/#listItem","name":"Noticias"}}]},{"@type":"NewsArticle","@id":"https:\/\/eldigitaldeasturias.com\/radio\/monchengladbach-cae-2-0-ante-union-berlin\/#newsarticle","name":"M\u00f6nchengladbach cae 2-0 ante Union Berl\u00edn | El Digital de Asturias","headline":"M\u00f6nchengladbach cae 2-0 ante Union Berl\u00edn","author":{"@id":"https:\/\/eldigitaldeasturias.com\/radio\/author\/nbasturias\/#author"},"publisher":{"@id":"https:\/\/eldigitaldeasturias.com\/radio\/#organization"},"image":{"@type":"ImageObject","url":"https:\/\/eldigitaldeasturias.com\/radio\/wp-content\/uploads\/2018\/03\/football-1406106_1280.jpg","width":1280,"height":857},"datePublished":"2019-11-24T15:40:40+01:00","dateModified":"2019-11-24T15:40:40+01:00","inLanguage":"es-ES","mainEntityOfPage":{"@id":"https:\/\/eldigitaldeasturias.com\/radio\/monchengladbach-cae-2-0-ante-union-berlin\/#webpage"},"isPartOf":{"@id":"https:\/\/eldigitaldeasturias.com\/radio\/monchengladbach-cae-2-0-ante-union-berlin\/#webpage"},"articleSection":"Noticias","dateline":"Publicado el noviembre 24, 2019."},{"@type":"Organization","@id":"https:\/\/eldigitaldeasturias.com\/radio\/#organization","name":"El digital de Asturias Radio","description":"Diario de informaci\u00f3n y noticias","url":"https:\/\/eldigitaldeasturias.com\/radio\/","telephone":"+34652131393","logo":{"@type":"ImageObject","url":"https:\/\/www.eldigitaldeasturias.com\/radio\/wp-content\/uploads\/2021\/03\/EDA.jpg","@id":"https:\/\/eldigitaldeasturias.com\/radio\/monchengladbach-cae-2-0-ante-union-berlin\/#organizationLogo"},"image":{"@id":"https:\/\/eldigitaldeasturias.com\/radio\/monchengladbach-cae-2-0-ante-union-berlin\/#organizationLogo"},"sameAs":["https:\/\/www.facebook.com\/","https:\/\/x.com\/bercodi","https:\/\/www.instagram.com\/","https:\/\/www.youtube.com\/channel\/UCZP-2wLEB9Rv6erhFmqVnvg"]},{"@type":"Person","@id":"https:\/\/eldigitaldeasturias.com\/radio\/author\/nbasturias\/#author","url":"https:\/\/eldigitaldeasturias.com\/radio\/author\/nbasturias\/","name":"NBAsturias","image":{"@type":"ImageObject","@id":"https:\/\/eldigitaldeasturias.com\/radio\/monchengladbach-cae-2-0-ante-union-berlin\/#authorImage","url":"https:\/\/secure.gravatar.com\/avatar\/df2aeffc32bcd13f8d26072ef8a91b623d677766deac7f97ca815868cd41bf5e?s=96&d=mm&r=g","width":96,"height":96,"caption":"NBAsturias"}},{"@type":"WebPage","@id":"https:\/\/eldigitaldeasturias.com\/radio\/monchengladbach-cae-2-0-ante-union-berlin\/#webpage","url":"https:\/\/eldigitaldeasturias.com\/radio\/monchengladbach-cae-2-0-ante-union-berlin\/","name":"M\u00f6nchengladbach cae 2-0 ante Union Berl\u00edn | El Digital de Asturias","description":"Berl\u00edn, 23 nov (dpa) - El Borussia M\u00f6nchengladbach sufri\u00f3 hoy un duro rev\u00e9s al caer por 2-0 ante el Uni\u00f3n Berl\u00edn, una derrota que pone en vilo su liderazgo en la Bundesliga, la primera divisi\u00f3n del f\u00fatbol alem\u00e1n. El conjunto dirigido por Marco Rose perdi\u00f3 luego de tres triunfos consecutivos y redujo su ventaja a","inLanguage":"es-ES","isPartOf":{"@id":"https:\/\/eldigitaldeasturias.com\/radio\/#website"},"breadcrumb":{"@id":"https:\/\/eldigitaldeasturias.com\/radio\/monchengladbach-cae-2-0-ante-union-berlin\/#breadcrumblist"},"author":{"@id":"https:\/\/eldigitaldeasturias.com\/radio\/author\/nbasturias\/#author"},"creator":{"@id":"https:\/\/eldigitaldeasturias.com\/radio\/author\/nbasturias\/#author"},"image":{"@type":"ImageObject","url":"https:\/\/eldigitaldeasturias.com\/radio\/wp-content\/uploads\/2018\/03\/football-1406106_1280.jpg","@id":"https:\/\/eldigitaldeasturias.com\/radio\/monchengladbach-cae-2-0-ante-union-berlin\/#mainImage","width":1280,"height":857},"primaryImageOfPage":{"@id":"https:\/\/eldigitaldeasturias.com\/radio\/monchengladbach-cae-2-0-ante-union-berlin\/#mainImage"},"datePublished":"2019-11-24T15:40:40+01:00","dateModified":"2019-11-24T15:40:40+01:00"},{"@type":"WebSite","@id":"https:\/\/eldigitaldeasturias.com\/radio\/#website","url":"https:\/\/eldigitaldeasturias.com\/radio\/","name":"El Digital de Asturias","description":"Diario de informaci\u00f3n y noticias","inLanguage":"es-ES","publisher":{"@id":"https:\/\/eldigitaldeasturias.com\/radio\/#organization"}}]},"og:locale":"es_ES","og:site_name":"El Digital de Asturias | Diario de informaci\u00f3n y noticias","og:type":"article","og:title":"M\u00f6nchengladbach cae 2-0 ante Union Berl\u00edn | El Digital de Asturias","og:description":"Berl\u00edn, 23 nov (dpa) - El Borussia M\u00f6nchengladbach sufri\u00f3 hoy un duro rev\u00e9s al caer por 2-0 ante el Uni\u00f3n Berl\u00edn, una derrota que pone en vilo su liderazgo en la Bundesliga, la primera divisi\u00f3n del f\u00fatbol alem\u00e1n. El conjunto dirigido por Marco Rose perdi\u00f3 luego de tres triunfos consecutivos y redujo su ventaja a","og:url":"https:\/\/eldigitaldeasturias.com\/radio\/monchengladbach-cae-2-0-ante-union-berlin\/","og:image":"https:\/\/eldigitaldeasturias.com\/radio\/wp-content\/uploads\/2018\/03\/football-1406106_1280.jpg","og:image:secure_url":"https:\/\/eldigitaldeasturias.com\/radio\/wp-content\/uploads\/2018\/03\/football-1406106_1280.jpg","og:image:width":1280,"og:image:height":857,"article:published_time":"2019-11-24T15:40:40+00:00","article:modified_time":"2019-11-24T15:40:40+00:00","twitter:card":"summary_large_image","twitter:site":"@bercodi","twitter:title":"M\u00f6nchengladbach cae 2-0 ante Union Berl\u00edn | El Digital de Asturias","twitter:description":"Berl\u00edn, 23 nov (dpa) - El Borussia M\u00f6nchengladbach sufri\u00f3 hoy un duro rev\u00e9s al caer por 2-0 ante el Uni\u00f3n Berl\u00edn, una derrota que pone en vilo su liderazgo en la Bundesliga, la primera divisi\u00f3n del f\u00fatbol alem\u00e1n. El conjunto dirigido por Marco Rose perdi\u00f3 luego de tres triunfos consecutivos y redujo su ventaja a","twitter:creator":"@bercodi","twitter:image":"https:\/\/eldigitaldeasturias.com\/radio\/wp-content\/uploads\/2018\/03\/football-1406106_1280.jpg"},"aioseo_meta_data":{"post_id":"3569","title":null,"description":null,"keywords":null,"keyphrases":null,"primary_term":null,"canonical_url":null,"og_title":null,"og_description":null,"og_object_type":"default","og_image_type":"default","og_image_url":null,"og_image_width":null,"og_image_height":null,"og_image_custom_url":null,"og_image_custom_fields":null,"og_video":null,"og_custom_url":null,"og_article_section":null,"og_article_tags":null,"twitter_use_og":false,"twitter_card":"default","twitter_image_type":"default","twitter_image_url":null,"twitter_image_custom_url":null,"twitter_image_custom_fields":null,"twitter_title":null,"twitter_description":null,"schema":{"blockGraphs":[],"customGraphs":[],"default":{"data":{"Article":[],"Course":[],"Dataset":[],"FAQPage":[],"Movie":[],"Person":[],"Product":[],"ProductReview":[],"Car":[],"Recipe":[],"Service":[],"SoftwareApplication":[],"WebPage":[]},"graphName":"","isEnabled":true},"graphs":[],"defaultGraph":"","defaultPostTypeGraph":""},"schema_type":null,"schema_type_options":null,"pillar_content":false,"robots_default":true,"robots_noindex":false,"robots_noarchive":false,"robots_nosnippet":false,"robots_nofollow":false,"robots_noimageindex":false,"robots_noodp":false,"robots_notranslate":false,"robots_max_snippet":null,"robots_max_videopreview":null,"robots_max_imagepreview":"large","priority":null,"frequency":null,"location":null,"local_seo":null,"seo_analyzer_scan_date":"2025-08-28 14:24:27","breadcrumb_settings":null,"limit_modified_date":false,"open_ai":null,"ai":null,"created":"2021-03-26 21:23:37","updated":"2025-08-28 14:24:27"},"aioseo_breadcrumb":"<div class=\"aioseo-breadcrumbs\"><span class=\"aioseo-breadcrumb\">\n\t<a href=\"https:\/\/eldigitaldeasturias.com\/radio\" title=\"Inicio\">Inicio<\/a>\n<\/span><span class=\"aioseo-breadcrumb-separator\">&ndash;<\/span><span class=\"aioseo-breadcrumb\">\n\t<a href=\"https:\/\/eldigitaldeasturias.com\/radio\/category\/noticias\/\" title=\"Noticias\">Noticias<\/a>\n<\/span><span class=\"aioseo-breadcrumb-separator\">&ndash;<\/span><span class=\"aioseo-breadcrumb\">\n\tM\u00f6nchengladbach cae 2-0 ante Union Berl\u00edn\n<\/span><\/div>","aioseo_breadcrumb_json":[{"label":"Inicio","link":"https:\/\/eldigitaldeasturias.com\/radio"},{"label":"Noticias","link":"https:\/\/eldigitaldeasturias.com\/radio\/category\/noticias\/"},{"label":"M\u00f6nchengladbach cae 2-0 ante Union Berl\u00edn","link":"https:\/\/eldigitaldeasturias.com\/radio\/monchengladbach-cae-2-0-ante-union-berlin\/"}],"_links":{"self":[{"href":"https:\/\/eldigitaldeasturias.com\/radio\/wp-json\/wp\/v2\/posts\/3569","targetHints":{"allow":["GET"]}}],"collection":[{"href":"https:\/\/eldigitaldeasturias.com\/radio\/wp-json\/wp\/v2\/posts"}],"about":[{"href":"https:\/\/eldigitaldeasturias.com\/radio\/wp-json\/wp\/v2\/types\/post"}],"author":[{"embeddable":true,"href":"https:\/\/eldigitaldeasturias.com\/radio\/wp-json\/wp\/v2\/users\/1"}],"replies":[{"embeddable":true,"href":"https:\/\/eldigitaldeasturias.com\/radio\/wp-json\/wp\/v2\/comments?post=3569"}],"version-history":[{"count":0,"href":"https:\/\/eldigitaldeasturias.com\/radio\/wp-json\/wp\/v2\/posts\/3569\/revisions"}],"wp:featuredmedia":[{"embeddable":true,"href":"https:\/\/eldigitaldeasturias.com\/radio\/wp-json\/wp\/v2\/media\/72"}],"wp:attachment":[{"href":"https:\/\/eldigitaldeasturias.com\/radio\/wp-json\/wp\/v2\/media?parent=3569"}],"wp:term":[{"taxonomy":"category","embeddable":true,"href":"https:\/\/eldigitaldeasturias.com\/radio\/wp-json\/wp\/v2\/categories?post=3569"},{"taxonomy":"post_tag","embeddable":true,"href":"https:\/\/eldigitaldeasturias.com\/radio\/wp-json\/wp\/v2\/tags?post=3569"}],"curies":[{"name":"wp","href":"https:\/\/api.w.org\/{rel}","templated":true}]}}