{"id":3567,"date":"2019-11-24T15:39:05","date_gmt":"2019-11-24T15:39:05","guid":{"rendered":"http:\/\/www.eldigitaldeasturias.com\/radio\/?p=3567"},"modified":"2019-11-24T15:39:05","modified_gmt":"2019-11-24T15:39:05","slug":"economistas-desestiman-una-recuperacion-rapida-de-la-coyuntura-alemana","status":"publish","type":"post","link":"https:\/\/eldigitaldeasturias.com\/radio\/economistas-desestiman-una-recuperacion-rapida-de-la-coyuntura-alemana\/","title":{"rendered":"Economistas desestiman una recuperaci\u00f3n r\u00e1pida de la coyuntura alemana"},"content":{"rendered":"<p><img fetchpriority=\"high\" decoding=\"async\" class=\"alignleft size-medium wp-image-1471\" src=\"http:\/\/www.eldigitaldeasturias.com\/radio\/wp-content\/uploads\/2018\/10\/money-1005477_960_720-360x240.jpg\" alt=\"\" width=\"360\" height=\"240\" srcset=\"https:\/\/eldigitaldeasturias.com\/radio\/wp-content\/uploads\/2018\/10\/money-1005477_960_720-360x240.jpg 360w, https:\/\/eldigitaldeasturias.com\/radio\/wp-content\/uploads\/2018\/10\/money-1005477_960_720-768x512.jpg 768w, https:\/\/eldigitaldeasturias.com\/radio\/wp-content\/uploads\/2018\/10\/money-1005477_960_720.jpg 960w\" sizes=\"(max-width: 360px) 100vw, 360px\" \/>N\u00faremberg (Alemania), 23 nov (dpa) &#8211; Economistas de las principales entidades financieras de Alemania no creen que la coyuntura germana se recupere r\u00e1pidamente, seg\u00fan se\u00f1alaron hoy.<\/p>\n<p>\u00abNo hay motivo de j\u00fabilo porque creemos que 2020 no ser\u00e1 mejor que 2019\u00bb, coment\u00f3 Katharina Uterm\u00f6hl, del grupo Allianz.<\/p>\n<p>Tambi\u00e9n Martin M\u00fcller, experto del banco estatal de desarrollo KfW, se mostr\u00f3 pesimista. \u00abLa econom\u00eda alemana no saldr\u00e1 tan r\u00e1pido de la depresi\u00f3n econ\u00f3mica\u00bb, indic\u00f3 el experto en mercado laboral.<\/p>\n<p>La Agencia Federal de Empleo dar\u00e1 a conocer el pr\u00f3ximo viernes las cifras de empleo para el mes de noviembre. M\u00fcller parte de que el n\u00famero de desempleados volver\u00e1 a aumentar el pr\u00f3ximo a\u00f1o a 2,34 millones y alcanzar\u00e1 as\u00ed el nivel de 2018.<\/p>\n<p>En su opini\u00f3n, la escasez de trabajadores cualificados sigue siendo uno de los principales problemas de la mayor econom\u00eda de Europa y un freno porque inhibe la demanda interna.<\/p>\n<p>\u00abPara muchas empresas del sector de la construcci\u00f3n, ya es algo usual que un puesto vacante quede seis meses o m\u00e1s sin cubrir\u00bb, explic\u00f3 M\u00fcller.<\/p>\n","protected":false},"excerpt":{"rendered":"<p>N\u00faremberg (Alemania), 23 nov (dpa) &#8211; Economistas de las principales entidades financieras de Alemania no creen que la coyuntura germana se recupere r\u00e1pidamente, seg\u00fan se\u00f1alaron hoy. \u00abNo hay motivo de j\u00fabilo porque creemos que 2020 no ser\u00e1 mejor que 2019\u00bb, coment\u00f3 Katharina Uterm\u00f6hl, del grupo Allianz. Tambi\u00e9n Martin M\u00fcller, experto del banco estatal de desarrollo<\/p>\n","protected":false},"author":1,"featured_media":1471,"comment_status":"closed","ping_status":"closed","sticky":false,"template":"","format":"standard","meta":{"footnotes":""},"categories":[1],"tags":[],"class_list":{"0":"post-3567","1":"post","2":"type-post","3":"status-publish","4":"format-standard","5":"has-post-thumbnail","7":"category-noticias"},"aioseo_notices":[],"aioseo_head":"\n\t\t<!-- All in One SEO Pro 4.9.6.2 - aioseo.com -->\n\t<meta name=\"description\" content=\"N\u00faremberg (Alemania), 23 nov (dpa) - Economistas de las principales entidades financieras de Alemania no creen que la coyuntura germana se recupere r\u00e1pidamente, seg\u00fan se\u00f1alaron hoy. &quot;No hay motivo de j\u00fabilo porque creemos que 2020 no ser\u00e1 mejor que 2019&quot;, coment\u00f3 Katharina Uterm\u00f6hl, del grupo Allianz. Tambi\u00e9n Martin M\u00fcller, experto del banco estatal de desarrollo\" \/>\n\t<meta name=\"robots\" content=\"max-image-preview:large\" \/>\n\t<meta name=\"author\" content=\"NBAsturias\"\/>\n\t<meta name=\"google-site-verification\" content=\"UA-38556648-1\" \/>\n\t<meta name=\"keywords\" content=\"noticias\" \/>\n\t<link rel=\"canonical\" href=\"https:\/\/eldigitaldeasturias.com\/radio\/economistas-desestiman-una-recuperacion-rapida-de-la-coyuntura-alemana\/\" \/>\n\t<meta name=\"generator\" content=\"All in One SEO Pro (AIOSEO) 4.9.6.2\" \/>\n\t\t<meta property=\"og:locale\" content=\"es_ES\" \/>\n\t\t<meta property=\"og:site_name\" content=\"El Digital de Asturias | Diario de informaci\u00f3n y noticias\" \/>\n\t\t<meta property=\"og:type\" content=\"article\" \/>\n\t\t<meta property=\"og:title\" content=\"Economistas desestiman una recuperaci\u00f3n r\u00e1pida de la coyuntura alemana | El Digital de Asturias\" \/>\n\t\t<meta property=\"og:description\" content=\"N\u00faremberg (Alemania), 23 nov (dpa) - Economistas de las principales entidades financieras de Alemania no creen que la coyuntura germana se recupere r\u00e1pidamente, seg\u00fan se\u00f1alaron hoy. &quot;No hay motivo de j\u00fabilo porque creemos que 2020 no ser\u00e1 mejor que 2019&quot;, coment\u00f3 Katharina Uterm\u00f6hl, del grupo Allianz. Tambi\u00e9n Martin M\u00fcller, experto del banco estatal de desarrollo\" \/>\n\t\t<meta property=\"og:url\" content=\"https:\/\/eldigitaldeasturias.com\/radio\/economistas-desestiman-una-recuperacion-rapida-de-la-coyuntura-alemana\/\" \/>\n\t\t<meta property=\"og:image\" content=\"https:\/\/eldigitaldeasturias.com\/radio\/wp-content\/uploads\/2018\/10\/money-1005477_960_720.jpg\" \/>\n\t\t<meta property=\"og:image:secure_url\" content=\"https:\/\/eldigitaldeasturias.com\/radio\/wp-content\/uploads\/2018\/10\/money-1005477_960_720.jpg\" \/>\n\t\t<meta property=\"og:image:width\" content=\"960\" \/>\n\t\t<meta property=\"og:image:height\" content=\"640\" \/>\n\t\t<meta property=\"article:published_time\" content=\"2019-11-24T15:39:05+00:00\" \/>\n\t\t<meta property=\"article:modified_time\" content=\"2019-11-24T15:39:05+00:00\" \/>\n\t\t<meta name=\"twitter:card\" content=\"summary_large_image\" \/>\n\t\t<meta name=\"twitter:site\" content=\"@bercodi\" \/>\n\t\t<meta name=\"twitter:title\" content=\"Economistas desestiman una recuperaci\u00f3n r\u00e1pida de la coyuntura alemana | El Digital de Asturias\" \/>\n\t\t<meta name=\"twitter:description\" content=\"N\u00faremberg (Alemania), 23 nov (dpa) - Economistas de las principales entidades financieras de Alemania no creen que la coyuntura germana se recupere r\u00e1pidamente, seg\u00fan se\u00f1alaron hoy. &quot;No hay motivo de j\u00fabilo porque creemos que 2020 no ser\u00e1 mejor que 2019&quot;, coment\u00f3 Katharina Uterm\u00f6hl, del grupo Allianz. Tambi\u00e9n Martin M\u00fcller, experto del banco estatal de desarrollo\" \/>\n\t\t<meta name=\"twitter:creator\" content=\"@bercodi\" \/>\n\t\t<meta name=\"twitter:image\" content=\"https:\/\/eldigitaldeasturias.com\/radio\/wp-content\/uploads\/2018\/10\/money-1005477_960_720.jpg\" \/>\n\t\t<script type=\"application\/ld+json\" class=\"aioseo-schema\">\n\t\t\t{\"@context\":\"https:\\\/\\\/schema.org\",\"@graph\":[{\"@type\":\"BreadcrumbList\",\"@id\":\"https:\\\/\\\/eldigitaldeasturias.com\\\/radio\\\/economistas-desestiman-una-recuperacion-rapida-de-la-coyuntura-alemana\\\/#breadcrumblist\",\"itemListElement\":[{\"@type\":\"ListItem\",\"@id\":\"https:\\\/\\\/eldigitaldeasturias.com\\\/radio#listItem\",\"position\":1,\"name\":\"Inicio\",\"item\":\"https:\\\/\\\/eldigitaldeasturias.com\\\/radio\",\"nextItem\":{\"@type\":\"ListItem\",\"@id\":\"https:\\\/\\\/eldigitaldeasturias.com\\\/radio\\\/category\\\/noticias\\\/#listItem\",\"name\":\"Noticias\"}},{\"@type\":\"ListItem\",\"@id\":\"https:\\\/\\\/eldigitaldeasturias.com\\\/radio\\\/category\\\/noticias\\\/#listItem\",\"position\":2,\"name\":\"Noticias\",\"item\":\"https:\\\/\\\/eldigitaldeasturias.com\\\/radio\\\/category\\\/noticias\\\/\",\"nextItem\":{\"@type\":\"ListItem\",\"@id\":\"https:\\\/\\\/eldigitaldeasturias.com\\\/radio\\\/economistas-desestiman-una-recuperacion-rapida-de-la-coyuntura-alemana\\\/#listItem\",\"name\":\"Economistas desestiman una recuperaci\\u00f3n r\\u00e1pida de la coyuntura alemana\"},\"previousItem\":{\"@type\":\"ListItem\",\"@id\":\"https:\\\/\\\/eldigitaldeasturias.com\\\/radio#listItem\",\"name\":\"Inicio\"}},{\"@type\":\"ListItem\",\"@id\":\"https:\\\/\\\/eldigitaldeasturias.com\\\/radio\\\/economistas-desestiman-una-recuperacion-rapida-de-la-coyuntura-alemana\\\/#listItem\",\"position\":3,\"name\":\"Economistas desestiman una recuperaci\\u00f3n r\\u00e1pida de la coyuntura alemana\",\"previousItem\":{\"@type\":\"ListItem\",\"@id\":\"https:\\\/\\\/eldigitaldeasturias.com\\\/radio\\\/category\\\/noticias\\\/#listItem\",\"name\":\"Noticias\"}}]},{\"@type\":\"NewsArticle\",\"@id\":\"https:\\\/\\\/eldigitaldeasturias.com\\\/radio\\\/economistas-desestiman-una-recuperacion-rapida-de-la-coyuntura-alemana\\\/#newsarticle\",\"name\":\"Economistas desestiman una recuperaci\\u00f3n r\\u00e1pida de la coyuntura alemana | El Digital de Asturias\",\"headline\":\"Economistas desestiman una recuperaci\\u00f3n r\\u00e1pida de la coyuntura alemana\",\"author\":{\"@id\":\"https:\\\/\\\/eldigitaldeasturias.com\\\/radio\\\/author\\\/nbasturias\\\/#author\"},\"publisher\":{\"@id\":\"https:\\\/\\\/eldigitaldeasturias.com\\\/radio\\\/#organization\"},\"image\":{\"@type\":\"ImageObject\",\"url\":\"https:\\\/\\\/eldigitaldeasturias.com\\\/radio\\\/wp-content\\\/uploads\\\/2018\\\/10\\\/money-1005477_960_720.jpg\",\"width\":960,\"height\":640},\"datePublished\":\"2019-11-24T15:39:05+01:00\",\"dateModified\":\"2019-11-24T15:39:05+01:00\",\"inLanguage\":\"es-ES\",\"mainEntityOfPage\":{\"@id\":\"https:\\\/\\\/eldigitaldeasturias.com\\\/radio\\\/economistas-desestiman-una-recuperacion-rapida-de-la-coyuntura-alemana\\\/#webpage\"},\"isPartOf\":{\"@id\":\"https:\\\/\\\/eldigitaldeasturias.com\\\/radio\\\/economistas-desestiman-una-recuperacion-rapida-de-la-coyuntura-alemana\\\/#webpage\"},\"articleSection\":\"Noticias\",\"dateline\":\"Publicado el noviembre 24, 2019.\"},{\"@type\":\"Organization\",\"@id\":\"https:\\\/\\\/eldigitaldeasturias.com\\\/radio\\\/#organization\",\"name\":\"El digital de Asturias Radio\",\"description\":\"Diario de informaci\\u00f3n y noticias\",\"url\":\"https:\\\/\\\/eldigitaldeasturias.com\\\/radio\\\/\",\"telephone\":\"+34652131393\",\"logo\":{\"@type\":\"ImageObject\",\"url\":\"https:\\\/\\\/www.eldigitaldeasturias.com\\\/radio\\\/wp-content\\\/uploads\\\/2021\\\/03\\\/EDA.jpg\",\"@id\":\"https:\\\/\\\/eldigitaldeasturias.com\\\/radio\\\/economistas-desestiman-una-recuperacion-rapida-de-la-coyuntura-alemana\\\/#organizationLogo\"},\"image\":{\"@id\":\"https:\\\/\\\/eldigitaldeasturias.com\\\/radio\\\/economistas-desestiman-una-recuperacion-rapida-de-la-coyuntura-alemana\\\/#organizationLogo\"},\"sameAs\":[\"https:\\\/\\\/www.facebook.com\\\/\",\"https:\\\/\\\/x.com\\\/bercodi\",\"https:\\\/\\\/www.instagram.com\\\/\",\"https:\\\/\\\/www.youtube.com\\\/channel\\\/UCZP-2wLEB9Rv6erhFmqVnvg\"]},{\"@type\":\"Person\",\"@id\":\"https:\\\/\\\/eldigitaldeasturias.com\\\/radio\\\/author\\\/nbasturias\\\/#author\",\"url\":\"https:\\\/\\\/eldigitaldeasturias.com\\\/radio\\\/author\\\/nbasturias\\\/\",\"name\":\"NBAsturias\",\"image\":{\"@type\":\"ImageObject\",\"@id\":\"https:\\\/\\\/eldigitaldeasturias.com\\\/radio\\\/economistas-desestiman-una-recuperacion-rapida-de-la-coyuntura-alemana\\\/#authorImage\",\"url\":\"https:\\\/\\\/secure.gravatar.com\\\/avatar\\\/df2aeffc32bcd13f8d26072ef8a91b623d677766deac7f97ca815868cd41bf5e?s=96&d=mm&r=g\",\"width\":96,\"height\":96,\"caption\":\"NBAsturias\"}},{\"@type\":\"WebPage\",\"@id\":\"https:\\\/\\\/eldigitaldeasturias.com\\\/radio\\\/economistas-desestiman-una-recuperacion-rapida-de-la-coyuntura-alemana\\\/#webpage\",\"url\":\"https:\\\/\\\/eldigitaldeasturias.com\\\/radio\\\/economistas-desestiman-una-recuperacion-rapida-de-la-coyuntura-alemana\\\/\",\"name\":\"Economistas desestiman una recuperaci\\u00f3n r\\u00e1pida de la coyuntura alemana | El Digital de Asturias\",\"description\":\"N\\u00faremberg (Alemania), 23 nov (dpa) - Economistas de las principales entidades financieras de Alemania no creen que la coyuntura germana se recupere r\\u00e1pidamente, seg\\u00fan se\\u00f1alaron hoy. \\\"No hay motivo de j\\u00fabilo porque creemos que 2020 no ser\\u00e1 mejor que 2019\\\", coment\\u00f3 Katharina Uterm\\u00f6hl, del grupo Allianz. Tambi\\u00e9n Martin M\\u00fcller, experto del banco estatal de desarrollo\",\"inLanguage\":\"es-ES\",\"isPartOf\":{\"@id\":\"https:\\\/\\\/eldigitaldeasturias.com\\\/radio\\\/#website\"},\"breadcrumb\":{\"@id\":\"https:\\\/\\\/eldigitaldeasturias.com\\\/radio\\\/economistas-desestiman-una-recuperacion-rapida-de-la-coyuntura-alemana\\\/#breadcrumblist\"},\"author\":{\"@id\":\"https:\\\/\\\/eldigitaldeasturias.com\\\/radio\\\/author\\\/nbasturias\\\/#author\"},\"creator\":{\"@id\":\"https:\\\/\\\/eldigitaldeasturias.com\\\/radio\\\/author\\\/nbasturias\\\/#author\"},\"image\":{\"@type\":\"ImageObject\",\"url\":\"https:\\\/\\\/eldigitaldeasturias.com\\\/radio\\\/wp-content\\\/uploads\\\/2018\\\/10\\\/money-1005477_960_720.jpg\",\"@id\":\"https:\\\/\\\/eldigitaldeasturias.com\\\/radio\\\/economistas-desestiman-una-recuperacion-rapida-de-la-coyuntura-alemana\\\/#mainImage\",\"width\":960,\"height\":640},\"primaryImageOfPage\":{\"@id\":\"https:\\\/\\\/eldigitaldeasturias.com\\\/radio\\\/economistas-desestiman-una-recuperacion-rapida-de-la-coyuntura-alemana\\\/#mainImage\"},\"datePublished\":\"2019-11-24T15:39:05+01:00\",\"dateModified\":\"2019-11-24T15:39:05+01:00\"},{\"@type\":\"WebSite\",\"@id\":\"https:\\\/\\\/eldigitaldeasturias.com\\\/radio\\\/#website\",\"url\":\"https:\\\/\\\/eldigitaldeasturias.com\\\/radio\\\/\",\"name\":\"El Digital de Asturias\",\"description\":\"Diario de informaci\\u00f3n y noticias\",\"inLanguage\":\"es-ES\",\"publisher\":{\"@id\":\"https:\\\/\\\/eldigitaldeasturias.com\\\/radio\\\/#organization\"}}]}\n\t\t<\/script>\n\t\t<!-- All in One SEO Pro -->\r\n\t\t<title>Economistas desestiman una recuperaci\u00f3n r\u00e1pida de la coyuntura alemana | El Digital de Asturias<\/title>\n\n","aioseo_head_json":{"title":"Economistas desestiman una recuperaci\u00f3n r\u00e1pida de la coyuntura alemana | El Digital de Asturias","description":"N\u00faremberg (Alemania), 23 nov (dpa) - Economistas de las principales entidades financieras de Alemania no creen que la coyuntura germana se recupere r\u00e1pidamente, seg\u00fan se\u00f1alaron hoy. \"No hay motivo de j\u00fabilo porque creemos que 2020 no ser\u00e1 mejor que 2019\", coment\u00f3 Katharina Uterm\u00f6hl, del grupo Allianz. Tambi\u00e9n Martin M\u00fcller, experto del banco estatal de desarrollo","canonical_url":"https:\/\/eldigitaldeasturias.com\/radio\/economistas-desestiman-una-recuperacion-rapida-de-la-coyuntura-alemana\/","robots":"max-image-preview:large","keywords":"noticias","webmasterTools":{"google-site-verification":"UA-38556648-1","miscellaneous":""},"schema":{"@context":"https:\/\/schema.org","@graph":[{"@type":"BreadcrumbList","@id":"https:\/\/eldigitaldeasturias.com\/radio\/economistas-desestiman-una-recuperacion-rapida-de-la-coyuntura-alemana\/#breadcrumblist","itemListElement":[{"@type":"ListItem","@id":"https:\/\/eldigitaldeasturias.com\/radio#listItem","position":1,"name":"Inicio","item":"https:\/\/eldigitaldeasturias.com\/radio","nextItem":{"@type":"ListItem","@id":"https:\/\/eldigitaldeasturias.com\/radio\/category\/noticias\/#listItem","name":"Noticias"}},{"@type":"ListItem","@id":"https:\/\/eldigitaldeasturias.com\/radio\/category\/noticias\/#listItem","position":2,"name":"Noticias","item":"https:\/\/eldigitaldeasturias.com\/radio\/category\/noticias\/","nextItem":{"@type":"ListItem","@id":"https:\/\/eldigitaldeasturias.com\/radio\/economistas-desestiman-una-recuperacion-rapida-de-la-coyuntura-alemana\/#listItem","name":"Economistas desestiman una recuperaci\u00f3n r\u00e1pida de la coyuntura alemana"},"previousItem":{"@type":"ListItem","@id":"https:\/\/eldigitaldeasturias.com\/radio#listItem","name":"Inicio"}},{"@type":"ListItem","@id":"https:\/\/eldigitaldeasturias.com\/radio\/economistas-desestiman-una-recuperacion-rapida-de-la-coyuntura-alemana\/#listItem","position":3,"name":"Economistas desestiman una recuperaci\u00f3n r\u00e1pida de la coyuntura alemana","previousItem":{"@type":"ListItem","@id":"https:\/\/eldigitaldeasturias.com\/radio\/category\/noticias\/#listItem","name":"Noticias"}}]},{"@type":"NewsArticle","@id":"https:\/\/eldigitaldeasturias.com\/radio\/economistas-desestiman-una-recuperacion-rapida-de-la-coyuntura-alemana\/#newsarticle","name":"Economistas desestiman una recuperaci\u00f3n r\u00e1pida de la coyuntura alemana | El Digital de Asturias","headline":"Economistas desestiman una recuperaci\u00f3n r\u00e1pida de la coyuntura alemana","author":{"@id":"https:\/\/eldigitaldeasturias.com\/radio\/author\/nbasturias\/#author"},"publisher":{"@id":"https:\/\/eldigitaldeasturias.com\/radio\/#organization"},"image":{"@type":"ImageObject","url":"https:\/\/eldigitaldeasturias.com\/radio\/wp-content\/uploads\/2018\/10\/money-1005477_960_720.jpg","width":960,"height":640},"datePublished":"2019-11-24T15:39:05+01:00","dateModified":"2019-11-24T15:39:05+01:00","inLanguage":"es-ES","mainEntityOfPage":{"@id":"https:\/\/eldigitaldeasturias.com\/radio\/economistas-desestiman-una-recuperacion-rapida-de-la-coyuntura-alemana\/#webpage"},"isPartOf":{"@id":"https:\/\/eldigitaldeasturias.com\/radio\/economistas-desestiman-una-recuperacion-rapida-de-la-coyuntura-alemana\/#webpage"},"articleSection":"Noticias","dateline":"Publicado el noviembre 24, 2019."},{"@type":"Organization","@id":"https:\/\/eldigitaldeasturias.com\/radio\/#organization","name":"El digital de Asturias Radio","description":"Diario de informaci\u00f3n y noticias","url":"https:\/\/eldigitaldeasturias.com\/radio\/","telephone":"+34652131393","logo":{"@type":"ImageObject","url":"https:\/\/www.eldigitaldeasturias.com\/radio\/wp-content\/uploads\/2021\/03\/EDA.jpg","@id":"https:\/\/eldigitaldeasturias.com\/radio\/economistas-desestiman-una-recuperacion-rapida-de-la-coyuntura-alemana\/#organizationLogo"},"image":{"@id":"https:\/\/eldigitaldeasturias.com\/radio\/economistas-desestiman-una-recuperacion-rapida-de-la-coyuntura-alemana\/#organizationLogo"},"sameAs":["https:\/\/www.facebook.com\/","https:\/\/x.com\/bercodi","https:\/\/www.instagram.com\/","https:\/\/www.youtube.com\/channel\/UCZP-2wLEB9Rv6erhFmqVnvg"]},{"@type":"Person","@id":"https:\/\/eldigitaldeasturias.com\/radio\/author\/nbasturias\/#author","url":"https:\/\/eldigitaldeasturias.com\/radio\/author\/nbasturias\/","name":"NBAsturias","image":{"@type":"ImageObject","@id":"https:\/\/eldigitaldeasturias.com\/radio\/economistas-desestiman-una-recuperacion-rapida-de-la-coyuntura-alemana\/#authorImage","url":"https:\/\/secure.gravatar.com\/avatar\/df2aeffc32bcd13f8d26072ef8a91b623d677766deac7f97ca815868cd41bf5e?s=96&d=mm&r=g","width":96,"height":96,"caption":"NBAsturias"}},{"@type":"WebPage","@id":"https:\/\/eldigitaldeasturias.com\/radio\/economistas-desestiman-una-recuperacion-rapida-de-la-coyuntura-alemana\/#webpage","url":"https:\/\/eldigitaldeasturias.com\/radio\/economistas-desestiman-una-recuperacion-rapida-de-la-coyuntura-alemana\/","name":"Economistas desestiman una recuperaci\u00f3n r\u00e1pida de la coyuntura alemana | El Digital de Asturias","description":"N\u00faremberg (Alemania), 23 nov (dpa) - Economistas de las principales entidades financieras de Alemania no creen que la coyuntura germana se recupere r\u00e1pidamente, seg\u00fan se\u00f1alaron hoy. \"No hay motivo de j\u00fabilo porque creemos que 2020 no ser\u00e1 mejor que 2019\", coment\u00f3 Katharina Uterm\u00f6hl, del grupo Allianz. Tambi\u00e9n Martin M\u00fcller, experto del banco estatal de desarrollo","inLanguage":"es-ES","isPartOf":{"@id":"https:\/\/eldigitaldeasturias.com\/radio\/#website"},"breadcrumb":{"@id":"https:\/\/eldigitaldeasturias.com\/radio\/economistas-desestiman-una-recuperacion-rapida-de-la-coyuntura-alemana\/#breadcrumblist"},"author":{"@id":"https:\/\/eldigitaldeasturias.com\/radio\/author\/nbasturias\/#author"},"creator":{"@id":"https:\/\/eldigitaldeasturias.com\/radio\/author\/nbasturias\/#author"},"image":{"@type":"ImageObject","url":"https:\/\/eldigitaldeasturias.com\/radio\/wp-content\/uploads\/2018\/10\/money-1005477_960_720.jpg","@id":"https:\/\/eldigitaldeasturias.com\/radio\/economistas-desestiman-una-recuperacion-rapida-de-la-coyuntura-alemana\/#mainImage","width":960,"height":640},"primaryImageOfPage":{"@id":"https:\/\/eldigitaldeasturias.com\/radio\/economistas-desestiman-una-recuperacion-rapida-de-la-coyuntura-alemana\/#mainImage"},"datePublished":"2019-11-24T15:39:05+01:00","dateModified":"2019-11-24T15:39:05+01:00"},{"@type":"WebSite","@id":"https:\/\/eldigitaldeasturias.com\/radio\/#website","url":"https:\/\/eldigitaldeasturias.com\/radio\/","name":"El Digital de Asturias","description":"Diario de informaci\u00f3n y noticias","inLanguage":"es-ES","publisher":{"@id":"https:\/\/eldigitaldeasturias.com\/radio\/#organization"}}]},"og:locale":"es_ES","og:site_name":"El Digital de Asturias | Diario de informaci\u00f3n y noticias","og:type":"article","og:title":"Economistas desestiman una recuperaci\u00f3n r\u00e1pida de la coyuntura alemana | El Digital de Asturias","og:description":"N\u00faremberg (Alemania), 23 nov (dpa) - Economistas de las principales entidades financieras de Alemania no creen que la coyuntura germana se recupere r\u00e1pidamente, seg\u00fan se\u00f1alaron hoy. &quot;No hay motivo de j\u00fabilo porque creemos que 2020 no ser\u00e1 mejor que 2019&quot;, coment\u00f3 Katharina Uterm\u00f6hl, del grupo Allianz. Tambi\u00e9n Martin M\u00fcller, experto del banco estatal de desarrollo","og:url":"https:\/\/eldigitaldeasturias.com\/radio\/economistas-desestiman-una-recuperacion-rapida-de-la-coyuntura-alemana\/","og:image":"https:\/\/eldigitaldeasturias.com\/radio\/wp-content\/uploads\/2018\/10\/money-1005477_960_720.jpg","og:image:secure_url":"https:\/\/eldigitaldeasturias.com\/radio\/wp-content\/uploads\/2018\/10\/money-1005477_960_720.jpg","og:image:width":960,"og:image:height":640,"article:published_time":"2019-11-24T15:39:05+00:00","article:modified_time":"2019-11-24T15:39:05+00:00","twitter:card":"summary_large_image","twitter:site":"@bercodi","twitter:title":"Economistas desestiman una recuperaci\u00f3n r\u00e1pida de la coyuntura alemana | El Digital de Asturias","twitter:description":"N\u00faremberg (Alemania), 23 nov (dpa) - Economistas de las principales entidades financieras de Alemania no creen que la coyuntura germana se recupere r\u00e1pidamente, seg\u00fan se\u00f1alaron hoy. &quot;No hay motivo de j\u00fabilo porque creemos que 2020 no ser\u00e1 mejor que 2019&quot;, coment\u00f3 Katharina Uterm\u00f6hl, del grupo Allianz. Tambi\u00e9n Martin M\u00fcller, experto del banco estatal de desarrollo","twitter:creator":"@bercodi","twitter:image":"https:\/\/eldigitaldeasturias.com\/radio\/wp-content\/uploads\/2018\/10\/money-1005477_960_720.jpg"},"aioseo_meta_data":{"post_id":"3567","title":null,"description":null,"keywords":null,"keyphrases":null,"primary_term":null,"canonical_url":null,"og_title":null,"og_description":null,"og_object_type":"default","og_image_type":"default","og_image_url":null,"og_image_width":null,"og_image_height":null,"og_image_custom_url":null,"og_image_custom_fields":null,"og_video":null,"og_custom_url":null,"og_article_section":null,"og_article_tags":null,"twitter_use_og":false,"twitter_card":"default","twitter_image_type":"default","twitter_image_url":null,"twitter_image_custom_url":null,"twitter_image_custom_fields":null,"twitter_title":null,"twitter_description":null,"schema":{"blockGraphs":[],"customGraphs":[],"default":{"data":{"Article":[],"Course":[],"Dataset":[],"FAQPage":[],"Movie":[],"Person":[],"Product":[],"ProductReview":[],"Car":[],"Recipe":[],"Service":[],"SoftwareApplication":[],"WebPage":[]},"graphName":"","isEnabled":true},"graphs":[],"defaultGraph":"","defaultPostTypeGraph":""},"schema_type":null,"schema_type_options":null,"pillar_content":false,"robots_default":true,"robots_noindex":false,"robots_noarchive":false,"robots_nosnippet":false,"robots_nofollow":false,"robots_noimageindex":false,"robots_noodp":false,"robots_notranslate":false,"robots_max_snippet":null,"robots_max_videopreview":null,"robots_max_imagepreview":"large","priority":null,"frequency":null,"location":null,"local_seo":null,"seo_analyzer_scan_date":"2025-08-28 14:24:26","breadcrumb_settings":null,"limit_modified_date":false,"open_ai":null,"ai":null,"created":"2021-03-26 21:23:37","updated":"2025-08-28 14:24:26"},"aioseo_breadcrumb":"<div class=\"aioseo-breadcrumbs\"><span class=\"aioseo-breadcrumb\">\n\t<a href=\"https:\/\/eldigitaldeasturias.com\/radio\" title=\"Inicio\">Inicio<\/a>\n<\/span><span class=\"aioseo-breadcrumb-separator\">&ndash;<\/span><span class=\"aioseo-breadcrumb\">\n\t<a href=\"https:\/\/eldigitaldeasturias.com\/radio\/category\/noticias\/\" title=\"Noticias\">Noticias<\/a>\n<\/span><span class=\"aioseo-breadcrumb-separator\">&ndash;<\/span><span class=\"aioseo-breadcrumb\">\n\tEconomistas desestiman una recuperaci\u00f3n r\u00e1pida de la coyuntura alemana\n<\/span><\/div>","aioseo_breadcrumb_json":[{"label":"Inicio","link":"https:\/\/eldigitaldeasturias.com\/radio"},{"label":"Noticias","link":"https:\/\/eldigitaldeasturias.com\/radio\/category\/noticias\/"},{"label":"Economistas desestiman una recuperaci\u00f3n r\u00e1pida de la coyuntura alemana","link":"https:\/\/eldigitaldeasturias.com\/radio\/economistas-desestiman-una-recuperacion-rapida-de-la-coyuntura-alemana\/"}],"_links":{"self":[{"href":"https:\/\/eldigitaldeasturias.com\/radio\/wp-json\/wp\/v2\/posts\/3567","targetHints":{"allow":["GET"]}}],"collection":[{"href":"https:\/\/eldigitaldeasturias.com\/radio\/wp-json\/wp\/v2\/posts"}],"about":[{"href":"https:\/\/eldigitaldeasturias.com\/radio\/wp-json\/wp\/v2\/types\/post"}],"author":[{"embeddable":true,"href":"https:\/\/eldigitaldeasturias.com\/radio\/wp-json\/wp\/v2\/users\/1"}],"replies":[{"embeddable":true,"href":"https:\/\/eldigitaldeasturias.com\/radio\/wp-json\/wp\/v2\/comments?post=3567"}],"version-history":[{"count":0,"href":"https:\/\/eldigitaldeasturias.com\/radio\/wp-json\/wp\/v2\/posts\/3567\/revisions"}],"wp:featuredmedia":[{"embeddable":true,"href":"https:\/\/eldigitaldeasturias.com\/radio\/wp-json\/wp\/v2\/media\/1471"}],"wp:attachment":[{"href":"https:\/\/eldigitaldeasturias.com\/radio\/wp-json\/wp\/v2\/media?parent=3567"}],"wp:term":[{"taxonomy":"category","embeddable":true,"href":"https:\/\/eldigitaldeasturias.com\/radio\/wp-json\/wp\/v2\/categories?post=3567"},{"taxonomy":"post_tag","embeddable":true,"href":"https:\/\/eldigitaldeasturias.com\/radio\/wp-json\/wp\/v2\/tags?post=3567"}],"curies":[{"name":"wp","href":"https:\/\/api.w.org\/{rel}","templated":true}]}}