{"id":3563,"date":"2019-11-24T15:37:03","date_gmt":"2019-11-24T15:37:03","guid":{"rendered":"http:\/\/www.eldigitaldeasturias.com\/radio\/?p=3563"},"modified":"2019-11-24T15:37:03","modified_gmt":"2019-11-24T15:37:03","slug":"miles-de-agricultores-alemanes-anuncian-mas-protestas-con-tractores","status":"publish","type":"post","link":"https:\/\/eldigitaldeasturias.com\/radio\/miles-de-agricultores-alemanes-anuncian-mas-protestas-con-tractores\/","title":{"rendered":"Miles de agricultores alemanes anuncian m\u00e1s protestas con tractores"},"content":{"rendered":"<p>Berl\u00edn, 23 nov (dpa) &#8211; Miles de agricultores de todas partes de Alemania protestar\u00e1n el martes con sus tractores en el centro de Berl\u00edn en reclamo de una mayor participaci\u00f3n en el dise\u00f1o de la pol\u00edtica agropecuaria germana, anticiparon los organizadores.<\/p>\n<p>Los agricultores demandan as\u00ed mismo un mayor respeto por su trabajo. Se espera la presencia de unas 10.000 personas y unos 2.000 tractores frente a la Puerta de Brandeburgo.<\/p>\n<p>Los manifestantes ser\u00e1n recibidos tambi\u00e9n el martes por la ministra alemana de Agricultura, Julia Kl\u00f6ckner.<\/p>\n<p>Seg\u00fan los organizadores de la protesta, las actuales pol\u00edticas de agricultura y medio ambiente est\u00e1n da\u00f1ando el poder econ\u00f3mico de Alemania y la armon\u00eda social.<\/p>\n<p>Los agricultores cuestionan la pol\u00edtica agr\u00edcola gubernamental que incluye medidas para proteger el medio ambiente y los insectos y que restringen el uso de fertilizantes.<\/p>\n<p>Adem\u00e1s, el sector est\u00e1 preocupado por el tratado de libre comercio entre la Uni\u00f3n Europea y el Mercosur, bloque integrado por Argentina, Brasil, Paraguay, Uruguay y Venezuela, aunque este se encuentra actualmente suspendido.<\/p>\n<p>La protesta fue convocada por la iniciativa Land schafft Verbindung (la tierra genera conexi\u00f3n), que re\u00fane a decenas de miles de agricultores en toda Alemania.<\/p>\n<p>\u00abLlamamos a sentarnos todos a la mesa para hablar entre todos, en vez de unos sobre otros\u00bb, subrayaron los organizadores, que demandan dialogar con Kl\u00f6ckner, con la ministra de Medio Ambiente, Svenja Schulze, y con organizaciones no gubernamentales.<\/p>\n<p>La protesta es respaldada por asociaciones agropecuarias comunales y de los distintos estados federados, destac\u00f3 la Asociaci\u00f3n de Agricultores Alemanes. Su secretario general, Bernhard Kr\u00fcsken, se\u00f1al\u00f3 que \u00abla manifestaci\u00f3n demostrar\u00e1 que debe haber un nuevo punto de partida en el di\u00e1logo social\u00bb.<\/p>\n<p>Hace un mes, los agricultores protagonizaron protestas en varias ciudades alemanas, entre ellas Berl\u00edn.<\/p>\n<p>En esa ocasi\u00f3n, cerca de 6.000 agricultores se congregaron en Bonn para alertar que su existencia se encontraba bajo amenaza por la actual pol\u00edtica agropecuaria. La semana pasada tambi\u00e9n realizaron protestas durante la conferencia de ministros de Medio Ambiente en Hamburgo.<\/p>\n","protected":false},"excerpt":{"rendered":"<p>Berl\u00edn, 23 nov (dpa) &#8211; Miles de agricultores de todas partes de Alemania protestar\u00e1n el martes con sus tractores en el centro de Berl\u00edn en reclamo de una mayor participaci\u00f3n en el dise\u00f1o de la pol\u00edtica agropecuaria germana, anticiparon los organizadores. Los agricultores demandan as\u00ed mismo un mayor respeto por su trabajo. Se espera la<\/p>\n","protected":false},"author":1,"featured_media":242,"comment_status":"closed","ping_status":"closed","sticky":false,"template":"","format":"standard","meta":{"footnotes":""},"categories":[1],"tags":[],"class_list":{"0":"post-3563","1":"post","2":"type-post","3":"status-publish","4":"format-standard","5":"has-post-thumbnail","7":"category-noticias"},"aioseo_notices":[],"aioseo_head":"\n\t\t<!-- All in One SEO Pro 4.9.6.2 - aioseo.com -->\n\t<meta name=\"description\" content=\"Berl\u00edn, 23 nov (dpa) - Miles de agricultores de todas partes de Alemania protestar\u00e1n el martes con sus tractores en el centro de Berl\u00edn en reclamo de una mayor participaci\u00f3n en el dise\u00f1o de la pol\u00edtica agropecuaria germana, anticiparon los organizadores. Los agricultores demandan as\u00ed mismo un mayor respeto por su trabajo. Se espera la\" \/>\n\t<meta name=\"robots\" content=\"max-image-preview:large\" \/>\n\t<meta name=\"author\" content=\"NBAsturias\"\/>\n\t<meta name=\"google-site-verification\" content=\"UA-38556648-1\" \/>\n\t<meta name=\"keywords\" content=\"noticias\" \/>\n\t<link rel=\"canonical\" href=\"https:\/\/eldigitaldeasturias.com\/radio\/miles-de-agricultores-alemanes-anuncian-mas-protestas-con-tractores\/\" \/>\n\t<meta name=\"generator\" content=\"All in One SEO Pro (AIOSEO) 4.9.6.2\" \/>\n\t\t<meta property=\"og:locale\" content=\"es_ES\" \/>\n\t\t<meta property=\"og:site_name\" content=\"El Digital de Asturias | Diario de informaci\u00f3n y noticias\" \/>\n\t\t<meta property=\"og:type\" content=\"article\" \/>\n\t\t<meta property=\"og:title\" content=\"Miles de agricultores alemanes anuncian m\u00e1s protestas con tractores | El Digital de Asturias\" \/>\n\t\t<meta property=\"og:description\" content=\"Berl\u00edn, 23 nov (dpa) - Miles de agricultores de todas partes de Alemania protestar\u00e1n el martes con sus tractores en el centro de Berl\u00edn en reclamo de una mayor participaci\u00f3n en el dise\u00f1o de la pol\u00edtica agropecuaria germana, anticiparon los organizadores. Los agricultores demandan as\u00ed mismo un mayor respeto por su trabajo. Se espera la\" \/>\n\t\t<meta property=\"og:url\" content=\"https:\/\/eldigitaldeasturias.com\/radio\/miles-de-agricultores-alemanes-anuncian-mas-protestas-con-tractores\/\" \/>\n\t\t<meta property=\"og:image\" content=\"https:\/\/eldigitaldeasturias.com\/radio\/wp-content\/uploads\/2018\/03\/technology-785742_1280.jpg\" \/>\n\t\t<meta property=\"og:image:secure_url\" content=\"https:\/\/eldigitaldeasturias.com\/radio\/wp-content\/uploads\/2018\/03\/technology-785742_1280.jpg\" \/>\n\t\t<meta property=\"og:image:width\" content=\"1280\" \/>\n\t\t<meta property=\"og:image:height\" content=\"853\" \/>\n\t\t<meta property=\"article:published_time\" content=\"2019-11-24T15:37:03+00:00\" \/>\n\t\t<meta property=\"article:modified_time\" content=\"2019-11-24T15:37:03+00:00\" \/>\n\t\t<meta name=\"twitter:card\" content=\"summary_large_image\" \/>\n\t\t<meta name=\"twitter:site\" content=\"@bercodi\" \/>\n\t\t<meta name=\"twitter:title\" content=\"Miles de agricultores alemanes anuncian m\u00e1s protestas con tractores | El Digital de Asturias\" \/>\n\t\t<meta name=\"twitter:description\" content=\"Berl\u00edn, 23 nov (dpa) - Miles de agricultores de todas partes de Alemania protestar\u00e1n el martes con sus tractores en el centro de Berl\u00edn en reclamo de una mayor participaci\u00f3n en el dise\u00f1o de la pol\u00edtica agropecuaria germana, anticiparon los organizadores. Los agricultores demandan as\u00ed mismo un mayor respeto por su trabajo. Se espera la\" \/>\n\t\t<meta name=\"twitter:creator\" content=\"@bercodi\" \/>\n\t\t<meta name=\"twitter:image\" content=\"https:\/\/eldigitaldeasturias.com\/radio\/wp-content\/uploads\/2018\/03\/technology-785742_1280.jpg\" \/>\n\t\t<script type=\"application\/ld+json\" class=\"aioseo-schema\">\n\t\t\t{\"@context\":\"https:\\\/\\\/schema.org\",\"@graph\":[{\"@type\":\"BreadcrumbList\",\"@id\":\"https:\\\/\\\/eldigitaldeasturias.com\\\/radio\\\/miles-de-agricultores-alemanes-anuncian-mas-protestas-con-tractores\\\/#breadcrumblist\",\"itemListElement\":[{\"@type\":\"ListItem\",\"@id\":\"https:\\\/\\\/eldigitaldeasturias.com\\\/radio#listItem\",\"position\":1,\"name\":\"Inicio\",\"item\":\"https:\\\/\\\/eldigitaldeasturias.com\\\/radio\",\"nextItem\":{\"@type\":\"ListItem\",\"@id\":\"https:\\\/\\\/eldigitaldeasturias.com\\\/radio\\\/category\\\/noticias\\\/#listItem\",\"name\":\"Noticias\"}},{\"@type\":\"ListItem\",\"@id\":\"https:\\\/\\\/eldigitaldeasturias.com\\\/radio\\\/category\\\/noticias\\\/#listItem\",\"position\":2,\"name\":\"Noticias\",\"item\":\"https:\\\/\\\/eldigitaldeasturias.com\\\/radio\\\/category\\\/noticias\\\/\",\"nextItem\":{\"@type\":\"ListItem\",\"@id\":\"https:\\\/\\\/eldigitaldeasturias.com\\\/radio\\\/miles-de-agricultores-alemanes-anuncian-mas-protestas-con-tractores\\\/#listItem\",\"name\":\"Miles de agricultores alemanes anuncian m\\u00e1s protestas con tractores\"},\"previousItem\":{\"@type\":\"ListItem\",\"@id\":\"https:\\\/\\\/eldigitaldeasturias.com\\\/radio#listItem\",\"name\":\"Inicio\"}},{\"@type\":\"ListItem\",\"@id\":\"https:\\\/\\\/eldigitaldeasturias.com\\\/radio\\\/miles-de-agricultores-alemanes-anuncian-mas-protestas-con-tractores\\\/#listItem\",\"position\":3,\"name\":\"Miles de agricultores alemanes anuncian m\\u00e1s protestas con tractores\",\"previousItem\":{\"@type\":\"ListItem\",\"@id\":\"https:\\\/\\\/eldigitaldeasturias.com\\\/radio\\\/category\\\/noticias\\\/#listItem\",\"name\":\"Noticias\"}}]},{\"@type\":\"NewsArticle\",\"@id\":\"https:\\\/\\\/eldigitaldeasturias.com\\\/radio\\\/miles-de-agricultores-alemanes-anuncian-mas-protestas-con-tractores\\\/#newsarticle\",\"name\":\"Miles de agricultores alemanes anuncian m\\u00e1s protestas con tractores | El Digital de Asturias\",\"headline\":\"Miles de agricultores alemanes anuncian m\\u00e1s protestas con tractores\",\"author\":{\"@id\":\"https:\\\/\\\/eldigitaldeasturias.com\\\/radio\\\/author\\\/nbasturias\\\/#author\"},\"publisher\":{\"@id\":\"https:\\\/\\\/eldigitaldeasturias.com\\\/radio\\\/#organization\"},\"image\":{\"@type\":\"ImageObject\",\"url\":\"https:\\\/\\\/eldigitaldeasturias.com\\\/radio\\\/wp-content\\\/uploads\\\/2018\\\/03\\\/technology-785742_1280.jpg\",\"width\":1280,\"height\":853},\"datePublished\":\"2019-11-24T15:37:03+01:00\",\"dateModified\":\"2019-11-24T15:37:03+01:00\",\"inLanguage\":\"es-ES\",\"mainEntityOfPage\":{\"@id\":\"https:\\\/\\\/eldigitaldeasturias.com\\\/radio\\\/miles-de-agricultores-alemanes-anuncian-mas-protestas-con-tractores\\\/#webpage\"},\"isPartOf\":{\"@id\":\"https:\\\/\\\/eldigitaldeasturias.com\\\/radio\\\/miles-de-agricultores-alemanes-anuncian-mas-protestas-con-tractores\\\/#webpage\"},\"articleSection\":\"Noticias\",\"dateline\":\"Publicado el noviembre 24, 2019.\"},{\"@type\":\"Organization\",\"@id\":\"https:\\\/\\\/eldigitaldeasturias.com\\\/radio\\\/#organization\",\"name\":\"El digital de Asturias Radio\",\"description\":\"Diario de informaci\\u00f3n y noticias\",\"url\":\"https:\\\/\\\/eldigitaldeasturias.com\\\/radio\\\/\",\"telephone\":\"+34652131393\",\"logo\":{\"@type\":\"ImageObject\",\"url\":\"https:\\\/\\\/www.eldigitaldeasturias.com\\\/radio\\\/wp-content\\\/uploads\\\/2021\\\/03\\\/EDA.jpg\",\"@id\":\"https:\\\/\\\/eldigitaldeasturias.com\\\/radio\\\/miles-de-agricultores-alemanes-anuncian-mas-protestas-con-tractores\\\/#organizationLogo\"},\"image\":{\"@id\":\"https:\\\/\\\/eldigitaldeasturias.com\\\/radio\\\/miles-de-agricultores-alemanes-anuncian-mas-protestas-con-tractores\\\/#organizationLogo\"},\"sameAs\":[\"https:\\\/\\\/www.facebook.com\\\/\",\"https:\\\/\\\/x.com\\\/bercodi\",\"https:\\\/\\\/www.instagram.com\\\/\",\"https:\\\/\\\/www.youtube.com\\\/channel\\\/UCZP-2wLEB9Rv6erhFmqVnvg\"]},{\"@type\":\"Person\",\"@id\":\"https:\\\/\\\/eldigitaldeasturias.com\\\/radio\\\/author\\\/nbasturias\\\/#author\",\"url\":\"https:\\\/\\\/eldigitaldeasturias.com\\\/radio\\\/author\\\/nbasturias\\\/\",\"name\":\"NBAsturias\",\"image\":{\"@type\":\"ImageObject\",\"@id\":\"https:\\\/\\\/eldigitaldeasturias.com\\\/radio\\\/miles-de-agricultores-alemanes-anuncian-mas-protestas-con-tractores\\\/#authorImage\",\"url\":\"https:\\\/\\\/secure.gravatar.com\\\/avatar\\\/df2aeffc32bcd13f8d26072ef8a91b623d677766deac7f97ca815868cd41bf5e?s=96&d=mm&r=g\",\"width\":96,\"height\":96,\"caption\":\"NBAsturias\"}},{\"@type\":\"WebPage\",\"@id\":\"https:\\\/\\\/eldigitaldeasturias.com\\\/radio\\\/miles-de-agricultores-alemanes-anuncian-mas-protestas-con-tractores\\\/#webpage\",\"url\":\"https:\\\/\\\/eldigitaldeasturias.com\\\/radio\\\/miles-de-agricultores-alemanes-anuncian-mas-protestas-con-tractores\\\/\",\"name\":\"Miles de agricultores alemanes anuncian m\\u00e1s protestas con tractores | El Digital de Asturias\",\"description\":\"Berl\\u00edn, 23 nov (dpa) - Miles de agricultores de todas partes de Alemania protestar\\u00e1n el martes con sus tractores en el centro de Berl\\u00edn en reclamo de una mayor participaci\\u00f3n en el dise\\u00f1o de la pol\\u00edtica agropecuaria germana, anticiparon los organizadores. Los agricultores demandan as\\u00ed mismo un mayor respeto por su trabajo. Se espera la\",\"inLanguage\":\"es-ES\",\"isPartOf\":{\"@id\":\"https:\\\/\\\/eldigitaldeasturias.com\\\/radio\\\/#website\"},\"breadcrumb\":{\"@id\":\"https:\\\/\\\/eldigitaldeasturias.com\\\/radio\\\/miles-de-agricultores-alemanes-anuncian-mas-protestas-con-tractores\\\/#breadcrumblist\"},\"author\":{\"@id\":\"https:\\\/\\\/eldigitaldeasturias.com\\\/radio\\\/author\\\/nbasturias\\\/#author\"},\"creator\":{\"@id\":\"https:\\\/\\\/eldigitaldeasturias.com\\\/radio\\\/author\\\/nbasturias\\\/#author\"},\"image\":{\"@type\":\"ImageObject\",\"url\":\"https:\\\/\\\/eldigitaldeasturias.com\\\/radio\\\/wp-content\\\/uploads\\\/2018\\\/03\\\/technology-785742_1280.jpg\",\"@id\":\"https:\\\/\\\/eldigitaldeasturias.com\\\/radio\\\/miles-de-agricultores-alemanes-anuncian-mas-protestas-con-tractores\\\/#mainImage\",\"width\":1280,\"height\":853},\"primaryImageOfPage\":{\"@id\":\"https:\\\/\\\/eldigitaldeasturias.com\\\/radio\\\/miles-de-agricultores-alemanes-anuncian-mas-protestas-con-tractores\\\/#mainImage\"},\"datePublished\":\"2019-11-24T15:37:03+01:00\",\"dateModified\":\"2019-11-24T15:37:03+01:00\"},{\"@type\":\"WebSite\",\"@id\":\"https:\\\/\\\/eldigitaldeasturias.com\\\/radio\\\/#website\",\"url\":\"https:\\\/\\\/eldigitaldeasturias.com\\\/radio\\\/\",\"name\":\"El Digital de Asturias\",\"description\":\"Diario de informaci\\u00f3n y noticias\",\"inLanguage\":\"es-ES\",\"publisher\":{\"@id\":\"https:\\\/\\\/eldigitaldeasturias.com\\\/radio\\\/#organization\"}}]}\n\t\t<\/script>\n\t\t<!-- All in One SEO Pro -->\r\n\t\t<title>Miles de agricultores alemanes anuncian m\u00e1s protestas con tractores | El Digital de Asturias<\/title>\n\n","aioseo_head_json":{"title":"Miles de agricultores alemanes anuncian m\u00e1s protestas con tractores | El Digital de Asturias","description":"Berl\u00edn, 23 nov (dpa) - Miles de agricultores de todas partes de Alemania protestar\u00e1n el martes con sus tractores en el centro de Berl\u00edn en reclamo de una mayor participaci\u00f3n en el dise\u00f1o de la pol\u00edtica agropecuaria germana, anticiparon los organizadores. Los agricultores demandan as\u00ed mismo un mayor respeto por su trabajo. Se espera la","canonical_url":"https:\/\/eldigitaldeasturias.com\/radio\/miles-de-agricultores-alemanes-anuncian-mas-protestas-con-tractores\/","robots":"max-image-preview:large","keywords":"noticias","webmasterTools":{"google-site-verification":"UA-38556648-1","miscellaneous":""},"schema":{"@context":"https:\/\/schema.org","@graph":[{"@type":"BreadcrumbList","@id":"https:\/\/eldigitaldeasturias.com\/radio\/miles-de-agricultores-alemanes-anuncian-mas-protestas-con-tractores\/#breadcrumblist","itemListElement":[{"@type":"ListItem","@id":"https:\/\/eldigitaldeasturias.com\/radio#listItem","position":1,"name":"Inicio","item":"https:\/\/eldigitaldeasturias.com\/radio","nextItem":{"@type":"ListItem","@id":"https:\/\/eldigitaldeasturias.com\/radio\/category\/noticias\/#listItem","name":"Noticias"}},{"@type":"ListItem","@id":"https:\/\/eldigitaldeasturias.com\/radio\/category\/noticias\/#listItem","position":2,"name":"Noticias","item":"https:\/\/eldigitaldeasturias.com\/radio\/category\/noticias\/","nextItem":{"@type":"ListItem","@id":"https:\/\/eldigitaldeasturias.com\/radio\/miles-de-agricultores-alemanes-anuncian-mas-protestas-con-tractores\/#listItem","name":"Miles de agricultores alemanes anuncian m\u00e1s protestas con tractores"},"previousItem":{"@type":"ListItem","@id":"https:\/\/eldigitaldeasturias.com\/radio#listItem","name":"Inicio"}},{"@type":"ListItem","@id":"https:\/\/eldigitaldeasturias.com\/radio\/miles-de-agricultores-alemanes-anuncian-mas-protestas-con-tractores\/#listItem","position":3,"name":"Miles de agricultores alemanes anuncian m\u00e1s protestas con tractores","previousItem":{"@type":"ListItem","@id":"https:\/\/eldigitaldeasturias.com\/radio\/category\/noticias\/#listItem","name":"Noticias"}}]},{"@type":"NewsArticle","@id":"https:\/\/eldigitaldeasturias.com\/radio\/miles-de-agricultores-alemanes-anuncian-mas-protestas-con-tractores\/#newsarticle","name":"Miles de agricultores alemanes anuncian m\u00e1s protestas con tractores | El Digital de Asturias","headline":"Miles de agricultores alemanes anuncian m\u00e1s protestas con tractores","author":{"@id":"https:\/\/eldigitaldeasturias.com\/radio\/author\/nbasturias\/#author"},"publisher":{"@id":"https:\/\/eldigitaldeasturias.com\/radio\/#organization"},"image":{"@type":"ImageObject","url":"https:\/\/eldigitaldeasturias.com\/radio\/wp-content\/uploads\/2018\/03\/technology-785742_1280.jpg","width":1280,"height":853},"datePublished":"2019-11-24T15:37:03+01:00","dateModified":"2019-11-24T15:37:03+01:00","inLanguage":"es-ES","mainEntityOfPage":{"@id":"https:\/\/eldigitaldeasturias.com\/radio\/miles-de-agricultores-alemanes-anuncian-mas-protestas-con-tractores\/#webpage"},"isPartOf":{"@id":"https:\/\/eldigitaldeasturias.com\/radio\/miles-de-agricultores-alemanes-anuncian-mas-protestas-con-tractores\/#webpage"},"articleSection":"Noticias","dateline":"Publicado el noviembre 24, 2019."},{"@type":"Organization","@id":"https:\/\/eldigitaldeasturias.com\/radio\/#organization","name":"El digital de Asturias Radio","description":"Diario de informaci\u00f3n y noticias","url":"https:\/\/eldigitaldeasturias.com\/radio\/","telephone":"+34652131393","logo":{"@type":"ImageObject","url":"https:\/\/www.eldigitaldeasturias.com\/radio\/wp-content\/uploads\/2021\/03\/EDA.jpg","@id":"https:\/\/eldigitaldeasturias.com\/radio\/miles-de-agricultores-alemanes-anuncian-mas-protestas-con-tractores\/#organizationLogo"},"image":{"@id":"https:\/\/eldigitaldeasturias.com\/radio\/miles-de-agricultores-alemanes-anuncian-mas-protestas-con-tractores\/#organizationLogo"},"sameAs":["https:\/\/www.facebook.com\/","https:\/\/x.com\/bercodi","https:\/\/www.instagram.com\/","https:\/\/www.youtube.com\/channel\/UCZP-2wLEB9Rv6erhFmqVnvg"]},{"@type":"Person","@id":"https:\/\/eldigitaldeasturias.com\/radio\/author\/nbasturias\/#author","url":"https:\/\/eldigitaldeasturias.com\/radio\/author\/nbasturias\/","name":"NBAsturias","image":{"@type":"ImageObject","@id":"https:\/\/eldigitaldeasturias.com\/radio\/miles-de-agricultores-alemanes-anuncian-mas-protestas-con-tractores\/#authorImage","url":"https:\/\/secure.gravatar.com\/avatar\/df2aeffc32bcd13f8d26072ef8a91b623d677766deac7f97ca815868cd41bf5e?s=96&d=mm&r=g","width":96,"height":96,"caption":"NBAsturias"}},{"@type":"WebPage","@id":"https:\/\/eldigitaldeasturias.com\/radio\/miles-de-agricultores-alemanes-anuncian-mas-protestas-con-tractores\/#webpage","url":"https:\/\/eldigitaldeasturias.com\/radio\/miles-de-agricultores-alemanes-anuncian-mas-protestas-con-tractores\/","name":"Miles de agricultores alemanes anuncian m\u00e1s protestas con tractores | El Digital de Asturias","description":"Berl\u00edn, 23 nov (dpa) - Miles de agricultores de todas partes de Alemania protestar\u00e1n el martes con sus tractores en el centro de Berl\u00edn en reclamo de una mayor participaci\u00f3n en el dise\u00f1o de la pol\u00edtica agropecuaria germana, anticiparon los organizadores. Los agricultores demandan as\u00ed mismo un mayor respeto por su trabajo. Se espera la","inLanguage":"es-ES","isPartOf":{"@id":"https:\/\/eldigitaldeasturias.com\/radio\/#website"},"breadcrumb":{"@id":"https:\/\/eldigitaldeasturias.com\/radio\/miles-de-agricultores-alemanes-anuncian-mas-protestas-con-tractores\/#breadcrumblist"},"author":{"@id":"https:\/\/eldigitaldeasturias.com\/radio\/author\/nbasturias\/#author"},"creator":{"@id":"https:\/\/eldigitaldeasturias.com\/radio\/author\/nbasturias\/#author"},"image":{"@type":"ImageObject","url":"https:\/\/eldigitaldeasturias.com\/radio\/wp-content\/uploads\/2018\/03\/technology-785742_1280.jpg","@id":"https:\/\/eldigitaldeasturias.com\/radio\/miles-de-agricultores-alemanes-anuncian-mas-protestas-con-tractores\/#mainImage","width":1280,"height":853},"primaryImageOfPage":{"@id":"https:\/\/eldigitaldeasturias.com\/radio\/miles-de-agricultores-alemanes-anuncian-mas-protestas-con-tractores\/#mainImage"},"datePublished":"2019-11-24T15:37:03+01:00","dateModified":"2019-11-24T15:37:03+01:00"},{"@type":"WebSite","@id":"https:\/\/eldigitaldeasturias.com\/radio\/#website","url":"https:\/\/eldigitaldeasturias.com\/radio\/","name":"El Digital de Asturias","description":"Diario de informaci\u00f3n y noticias","inLanguage":"es-ES","publisher":{"@id":"https:\/\/eldigitaldeasturias.com\/radio\/#organization"}}]},"og:locale":"es_ES","og:site_name":"El Digital de Asturias | Diario de informaci\u00f3n y noticias","og:type":"article","og:title":"Miles de agricultores alemanes anuncian m\u00e1s protestas con tractores | El Digital de Asturias","og:description":"Berl\u00edn, 23 nov (dpa) - Miles de agricultores de todas partes de Alemania protestar\u00e1n el martes con sus tractores en el centro de Berl\u00edn en reclamo de una mayor participaci\u00f3n en el dise\u00f1o de la pol\u00edtica agropecuaria germana, anticiparon los organizadores. Los agricultores demandan as\u00ed mismo un mayor respeto por su trabajo. Se espera la","og:url":"https:\/\/eldigitaldeasturias.com\/radio\/miles-de-agricultores-alemanes-anuncian-mas-protestas-con-tractores\/","og:image":"https:\/\/eldigitaldeasturias.com\/radio\/wp-content\/uploads\/2018\/03\/technology-785742_1280.jpg","og:image:secure_url":"https:\/\/eldigitaldeasturias.com\/radio\/wp-content\/uploads\/2018\/03\/technology-785742_1280.jpg","og:image:width":1280,"og:image:height":853,"article:published_time":"2019-11-24T15:37:03+00:00","article:modified_time":"2019-11-24T15:37:03+00:00","twitter:card":"summary_large_image","twitter:site":"@bercodi","twitter:title":"Miles de agricultores alemanes anuncian m\u00e1s protestas con tractores | El Digital de Asturias","twitter:description":"Berl\u00edn, 23 nov (dpa) - Miles de agricultores de todas partes de Alemania protestar\u00e1n el martes con sus tractores en el centro de Berl\u00edn en reclamo de una mayor participaci\u00f3n en el dise\u00f1o de la pol\u00edtica agropecuaria germana, anticiparon los organizadores. Los agricultores demandan as\u00ed mismo un mayor respeto por su trabajo. Se espera la","twitter:creator":"@bercodi","twitter:image":"https:\/\/eldigitaldeasturias.com\/radio\/wp-content\/uploads\/2018\/03\/technology-785742_1280.jpg"},"aioseo_meta_data":{"post_id":"3563","title":null,"description":null,"keywords":null,"keyphrases":null,"primary_term":null,"canonical_url":null,"og_title":null,"og_description":null,"og_object_type":"default","og_image_type":"default","og_image_url":null,"og_image_width":null,"og_image_height":null,"og_image_custom_url":null,"og_image_custom_fields":null,"og_video":null,"og_custom_url":null,"og_article_section":null,"og_article_tags":null,"twitter_use_og":false,"twitter_card":"default","twitter_image_type":"default","twitter_image_url":null,"twitter_image_custom_url":null,"twitter_image_custom_fields":null,"twitter_title":null,"twitter_description":null,"schema":{"blockGraphs":[],"customGraphs":[],"default":{"data":{"Article":[],"Course":[],"Dataset":[],"FAQPage":[],"Movie":[],"Person":[],"Product":[],"ProductReview":[],"Car":[],"Recipe":[],"Service":[],"SoftwareApplication":[],"WebPage":[]},"graphName":"","isEnabled":true},"graphs":[],"defaultGraph":"","defaultPostTypeGraph":""},"schema_type":null,"schema_type_options":null,"pillar_content":false,"robots_default":true,"robots_noindex":false,"robots_noarchive":false,"robots_nosnippet":false,"robots_nofollow":false,"robots_noimageindex":false,"robots_noodp":false,"robots_notranslate":false,"robots_max_snippet":null,"robots_max_videopreview":null,"robots_max_imagepreview":"large","priority":null,"frequency":null,"location":null,"local_seo":null,"seo_analyzer_scan_date":"2025-08-28 14:22:30","breadcrumb_settings":null,"limit_modified_date":false,"open_ai":null,"ai":null,"created":"2021-03-26 21:23:37","updated":"2025-08-28 14:22:30"},"aioseo_breadcrumb":"<div class=\"aioseo-breadcrumbs\"><span class=\"aioseo-breadcrumb\">\n\t<a href=\"https:\/\/eldigitaldeasturias.com\/radio\" title=\"Inicio\">Inicio<\/a>\n<\/span><span class=\"aioseo-breadcrumb-separator\">&ndash;<\/span><span class=\"aioseo-breadcrumb\">\n\t<a href=\"https:\/\/eldigitaldeasturias.com\/radio\/category\/noticias\/\" title=\"Noticias\">Noticias<\/a>\n<\/span><span class=\"aioseo-breadcrumb-separator\">&ndash;<\/span><span class=\"aioseo-breadcrumb\">\n\tMiles de agricultores alemanes anuncian m\u00e1s protestas con tractores\n<\/span><\/div>","aioseo_breadcrumb_json":[{"label":"Inicio","link":"https:\/\/eldigitaldeasturias.com\/radio"},{"label":"Noticias","link":"https:\/\/eldigitaldeasturias.com\/radio\/category\/noticias\/"},{"label":"Miles de agricultores alemanes anuncian m\u00e1s protestas con tractores","link":"https:\/\/eldigitaldeasturias.com\/radio\/miles-de-agricultores-alemanes-anuncian-mas-protestas-con-tractores\/"}],"_links":{"self":[{"href":"https:\/\/eldigitaldeasturias.com\/radio\/wp-json\/wp\/v2\/posts\/3563","targetHints":{"allow":["GET"]}}],"collection":[{"href":"https:\/\/eldigitaldeasturias.com\/radio\/wp-json\/wp\/v2\/posts"}],"about":[{"href":"https:\/\/eldigitaldeasturias.com\/radio\/wp-json\/wp\/v2\/types\/post"}],"author":[{"embeddable":true,"href":"https:\/\/eldigitaldeasturias.com\/radio\/wp-json\/wp\/v2\/users\/1"}],"replies":[{"embeddable":true,"href":"https:\/\/eldigitaldeasturias.com\/radio\/wp-json\/wp\/v2\/comments?post=3563"}],"version-history":[{"count":0,"href":"https:\/\/eldigitaldeasturias.com\/radio\/wp-json\/wp\/v2\/posts\/3563\/revisions"}],"wp:featuredmedia":[{"embeddable":true,"href":"https:\/\/eldigitaldeasturias.com\/radio\/wp-json\/wp\/v2\/media\/242"}],"wp:attachment":[{"href":"https:\/\/eldigitaldeasturias.com\/radio\/wp-json\/wp\/v2\/media?parent=3563"}],"wp:term":[{"taxonomy":"category","embeddable":true,"href":"https:\/\/eldigitaldeasturias.com\/radio\/wp-json\/wp\/v2\/categories?post=3563"},{"taxonomy":"post_tag","embeddable":true,"href":"https:\/\/eldigitaldeasturias.com\/radio\/wp-json\/wp\/v2\/tags?post=3563"}],"curies":[{"name":"wp","href":"https:\/\/api.w.org\/{rel}","templated":true}]}}