{"id":3548,"date":"2019-11-24T03:54:28","date_gmt":"2019-11-24T03:54:28","guid":{"rendered":"http:\/\/www.eldigitaldeasturias.com\/radio\/?p=3548"},"modified":"2019-11-24T03:54:28","modified_gmt":"2019-11-24T03:54:28","slug":"ejercito-aleman-reduce-un-10-por-ciento-las-emisiones-de-co2","status":"publish","type":"post","link":"https:\/\/eldigitaldeasturias.com\/radio\/ejercito-aleman-reduce-un-10-por-ciento-las-emisiones-de-co2\/","title":{"rendered":"Ej\u00e9rcito alem\u00e1n reduce un 10 por ciento las emisiones de CO2"},"content":{"rendered":"<p><img fetchpriority=\"high\" decoding=\"async\" class=\"alignleft size-medium wp-image-1352\" src=\"http:\/\/www.eldigitaldeasturias.com\/radio\/wp-content\/uploads\/2018\/10\/technology-785742_960_720-360x240.jpg\" alt=\"\" width=\"360\" height=\"240\" srcset=\"https:\/\/eldigitaldeasturias.com\/radio\/wp-content\/uploads\/2018\/10\/technology-785742_960_720-360x240.jpg 360w, https:\/\/eldigitaldeasturias.com\/radio\/wp-content\/uploads\/2018\/10\/technology-785742_960_720-768x512.jpg 768w, https:\/\/eldigitaldeasturias.com\/radio\/wp-content\/uploads\/2018\/10\/technology-785742_960_720.jpg 960w\" sizes=\"(max-width: 360px) 100vw, 360px\" \/>Berl\u00edn, 22 nov (dpa) &#8211; El Ministerio de Defensa alem\u00e1n anunci\u00f3 hoy que el Ej\u00e9rcito germano redujo sus emisiones de CO2 en un 10,6 por ciento en cinco a\u00f1os, en respuesta a una consulta del partido La Izquierda, seg\u00fan difundi\u00f3 hoy el medio RND.<\/p>\n<p>Las emisiones producidas por combustible disminuyeron de 0,75 a 0,67 millones de toneladas de CO2 en el periodo 2014-2018, incluso al contar con un aumento de la actividad del departamento, seg\u00fan la informaci\u00f3n proporcionada por el Ministerio.<\/p>\n<p>Las emisiones totales de CO2 de todas las unidades m\u00f3viles militares, incluidas las armas, fueron registradas anualmente desde 2014 de manera sistem\u00e1tica por imperativo legal.<\/p>\n<p>El porcentaje correspondiente al Ej\u00e9rcito respecto al total de las emisiones del total del tr\u00e1fico en Alemania fue de alrededor del 0,4 en el a\u00f1o 2015.<\/p>\n<p>Una investigaci\u00f3n cient\u00edfica indag\u00f3 si los \u00absistemas m\u00f3viles\u00bb del Ej\u00e9rcito alem\u00e1n podr\u00edan funcionar en el futuro de forma neutra, desde el punto de vista medioambiental.<\/p>\n<p>El resultado fue que tanto en las operaciones a\u00e9reas como en la \u00abmovilidad militar terrestre\u00bb, los motores de combusti\u00f3n y las turbinas seguir\u00e1n siendo utilizados a largo plazo.<\/p>\n<p>Seg\u00fan el Ministerio, el uso de combustibles sint\u00e9ticos sin impacto medioambiental depende de su disponibilidad en el mercado.<\/p>\n<p>En su respuesta parlamentaria, el Ministerio de Defensa tambi\u00e9n hizo p\u00fablico que desde 2000 se produjeron un total de 537 casos de desprendimiento de partes de aeronaves militares. El a\u00f1o pasado ya se dio cuenta de los incidentes ocurridos en los diez a\u00f1os anteriores, 351 desde 2008.<\/p>\n<p>El experto en defensa del grupo parlamentario de La Izquierda, Sevim Dagdelen, pidi\u00f3 que disminuyeran los vuelos militares para reducir el peligro para la poblaci\u00f3n, seg\u00fan difundi\u00f3 RND.<\/p>\n<p>El consiguiente \u00abaumento de las actividades militares no solo conduce a un mayor consumo de recursos y a emisiones perjudiciales para el medio ambiente, sino tambi\u00e9n a mayores riesgos, por ejemplo, a trav\u00e9s de m\u00e1s vuelos de aviones de combate sobre territorio alem\u00e1n\u00bb, advirti\u00f3 Dagdelen.<\/p>\n","protected":false},"excerpt":{"rendered":"<p>Berl\u00edn, 22 nov (dpa) &#8211; El Ministerio de Defensa alem\u00e1n anunci\u00f3 hoy que el Ej\u00e9rcito germano redujo sus emisiones de CO2 en un 10,6 por ciento en cinco a\u00f1os, en respuesta a una consulta del partido La Izquierda, seg\u00fan difundi\u00f3 hoy el medio RND. Las emisiones producidas por combustible disminuyeron de 0,75 a 0,67 millones<\/p>\n","protected":false},"author":1,"featured_media":1352,"comment_status":"closed","ping_status":"closed","sticky":false,"template":"","format":"standard","meta":{"footnotes":""},"categories":[1],"tags":[],"class_list":{"0":"post-3548","1":"post","2":"type-post","3":"status-publish","4":"format-standard","5":"has-post-thumbnail","7":"category-noticias"},"aioseo_notices":[],"aioseo_head":"\n\t\t<!-- All in One SEO Pro 4.9.6.2 - aioseo.com -->\n\t<meta name=\"description\" content=\"Berl\u00edn, 22 nov (dpa) - El Ministerio de Defensa alem\u00e1n anunci\u00f3 hoy que el Ej\u00e9rcito germano redujo sus emisiones de CO2 en un 10,6 por ciento en cinco a\u00f1os, en respuesta a una consulta del partido La Izquierda, seg\u00fan difundi\u00f3 hoy el medio RND. Las emisiones producidas por combustible disminuyeron de 0,75 a 0,67 millones\" \/>\n\t<meta name=\"robots\" content=\"max-image-preview:large\" \/>\n\t<meta name=\"author\" content=\"NBAsturias\"\/>\n\t<meta name=\"google-site-verification\" content=\"UA-38556648-1\" \/>\n\t<meta name=\"keywords\" content=\"noticias\" \/>\n\t<link rel=\"canonical\" href=\"https:\/\/eldigitaldeasturias.com\/radio\/ejercito-aleman-reduce-un-10-por-ciento-las-emisiones-de-co2\/\" \/>\n\t<meta name=\"generator\" content=\"All in One SEO Pro (AIOSEO) 4.9.6.2\" \/>\n\t\t<meta property=\"og:locale\" content=\"es_ES\" \/>\n\t\t<meta property=\"og:site_name\" content=\"El Digital de Asturias | Diario de informaci\u00f3n y noticias\" \/>\n\t\t<meta property=\"og:type\" content=\"article\" \/>\n\t\t<meta property=\"og:title\" content=\"Ej\u00e9rcito alem\u00e1n reduce un 10 por ciento las emisiones de CO2 | El Digital de Asturias\" \/>\n\t\t<meta property=\"og:description\" content=\"Berl\u00edn, 22 nov (dpa) - El Ministerio de Defensa alem\u00e1n anunci\u00f3 hoy que el Ej\u00e9rcito germano redujo sus emisiones de CO2 en un 10,6 por ciento en cinco a\u00f1os, en respuesta a una consulta del partido La Izquierda, seg\u00fan difundi\u00f3 hoy el medio RND. Las emisiones producidas por combustible disminuyeron de 0,75 a 0,67 millones\" \/>\n\t\t<meta property=\"og:url\" content=\"https:\/\/eldigitaldeasturias.com\/radio\/ejercito-aleman-reduce-un-10-por-ciento-las-emisiones-de-co2\/\" \/>\n\t\t<meta property=\"og:image\" content=\"https:\/\/eldigitaldeasturias.com\/radio\/wp-content\/uploads\/2018\/10\/technology-785742_960_720.jpg\" \/>\n\t\t<meta property=\"og:image:secure_url\" content=\"https:\/\/eldigitaldeasturias.com\/radio\/wp-content\/uploads\/2018\/10\/technology-785742_960_720.jpg\" \/>\n\t\t<meta property=\"og:image:width\" content=\"960\" \/>\n\t\t<meta property=\"og:image:height\" content=\"640\" \/>\n\t\t<meta property=\"article:published_time\" content=\"2019-11-24T03:54:28+00:00\" \/>\n\t\t<meta property=\"article:modified_time\" content=\"2019-11-24T03:54:28+00:00\" \/>\n\t\t<meta name=\"twitter:card\" content=\"summary_large_image\" \/>\n\t\t<meta name=\"twitter:site\" content=\"@bercodi\" \/>\n\t\t<meta name=\"twitter:title\" content=\"Ej\u00e9rcito alem\u00e1n reduce un 10 por ciento las emisiones de CO2 | El Digital de Asturias\" \/>\n\t\t<meta name=\"twitter:description\" content=\"Berl\u00edn, 22 nov (dpa) - El Ministerio de Defensa alem\u00e1n anunci\u00f3 hoy que el Ej\u00e9rcito germano redujo sus emisiones de CO2 en un 10,6 por ciento en cinco a\u00f1os, en respuesta a una consulta del partido La Izquierda, seg\u00fan difundi\u00f3 hoy el medio RND. Las emisiones producidas por combustible disminuyeron de 0,75 a 0,67 millones\" \/>\n\t\t<meta name=\"twitter:creator\" content=\"@bercodi\" \/>\n\t\t<meta name=\"twitter:image\" content=\"https:\/\/eldigitaldeasturias.com\/radio\/wp-content\/uploads\/2018\/10\/technology-785742_960_720.jpg\" \/>\n\t\t<script type=\"application\/ld+json\" class=\"aioseo-schema\">\n\t\t\t{\"@context\":\"https:\\\/\\\/schema.org\",\"@graph\":[{\"@type\":\"BreadcrumbList\",\"@id\":\"https:\\\/\\\/eldigitaldeasturias.com\\\/radio\\\/ejercito-aleman-reduce-un-10-por-ciento-las-emisiones-de-co2\\\/#breadcrumblist\",\"itemListElement\":[{\"@type\":\"ListItem\",\"@id\":\"https:\\\/\\\/eldigitaldeasturias.com\\\/radio#listItem\",\"position\":1,\"name\":\"Inicio\",\"item\":\"https:\\\/\\\/eldigitaldeasturias.com\\\/radio\",\"nextItem\":{\"@type\":\"ListItem\",\"@id\":\"https:\\\/\\\/eldigitaldeasturias.com\\\/radio\\\/category\\\/noticias\\\/#listItem\",\"name\":\"Noticias\"}},{\"@type\":\"ListItem\",\"@id\":\"https:\\\/\\\/eldigitaldeasturias.com\\\/radio\\\/category\\\/noticias\\\/#listItem\",\"position\":2,\"name\":\"Noticias\",\"item\":\"https:\\\/\\\/eldigitaldeasturias.com\\\/radio\\\/category\\\/noticias\\\/\",\"nextItem\":{\"@type\":\"ListItem\",\"@id\":\"https:\\\/\\\/eldigitaldeasturias.com\\\/radio\\\/ejercito-aleman-reduce-un-10-por-ciento-las-emisiones-de-co2\\\/#listItem\",\"name\":\"Ej\\u00e9rcito alem\\u00e1n reduce un 10 por ciento las emisiones de CO2\"},\"previousItem\":{\"@type\":\"ListItem\",\"@id\":\"https:\\\/\\\/eldigitaldeasturias.com\\\/radio#listItem\",\"name\":\"Inicio\"}},{\"@type\":\"ListItem\",\"@id\":\"https:\\\/\\\/eldigitaldeasturias.com\\\/radio\\\/ejercito-aleman-reduce-un-10-por-ciento-las-emisiones-de-co2\\\/#listItem\",\"position\":3,\"name\":\"Ej\\u00e9rcito alem\\u00e1n reduce un 10 por ciento las emisiones de CO2\",\"previousItem\":{\"@type\":\"ListItem\",\"@id\":\"https:\\\/\\\/eldigitaldeasturias.com\\\/radio\\\/category\\\/noticias\\\/#listItem\",\"name\":\"Noticias\"}}]},{\"@type\":\"NewsArticle\",\"@id\":\"https:\\\/\\\/eldigitaldeasturias.com\\\/radio\\\/ejercito-aleman-reduce-un-10-por-ciento-las-emisiones-de-co2\\\/#newsarticle\",\"name\":\"Ej\\u00e9rcito alem\\u00e1n reduce un 10 por ciento las emisiones de CO2 | El Digital de Asturias\",\"headline\":\"Ej\\u00e9rcito alem\\u00e1n reduce un 10 por ciento las emisiones de CO2\",\"author\":{\"@id\":\"https:\\\/\\\/eldigitaldeasturias.com\\\/radio\\\/author\\\/nbasturias\\\/#author\"},\"publisher\":{\"@id\":\"https:\\\/\\\/eldigitaldeasturias.com\\\/radio\\\/#organization\"},\"image\":{\"@type\":\"ImageObject\",\"url\":\"https:\\\/\\\/eldigitaldeasturias.com\\\/radio\\\/wp-content\\\/uploads\\\/2018\\\/10\\\/technology-785742_960_720.jpg\",\"width\":960,\"height\":640},\"datePublished\":\"2019-11-24T03:54:28+01:00\",\"dateModified\":\"2019-11-24T03:54:28+01:00\",\"inLanguage\":\"es-ES\",\"mainEntityOfPage\":{\"@id\":\"https:\\\/\\\/eldigitaldeasturias.com\\\/radio\\\/ejercito-aleman-reduce-un-10-por-ciento-las-emisiones-de-co2\\\/#webpage\"},\"isPartOf\":{\"@id\":\"https:\\\/\\\/eldigitaldeasturias.com\\\/radio\\\/ejercito-aleman-reduce-un-10-por-ciento-las-emisiones-de-co2\\\/#webpage\"},\"articleSection\":\"Noticias\",\"dateline\":\"Publicado el noviembre 24, 2019.\"},{\"@type\":\"Organization\",\"@id\":\"https:\\\/\\\/eldigitaldeasturias.com\\\/radio\\\/#organization\",\"name\":\"El digital de Asturias Radio\",\"description\":\"Diario de informaci\\u00f3n y noticias\",\"url\":\"https:\\\/\\\/eldigitaldeasturias.com\\\/radio\\\/\",\"telephone\":\"+34652131393\",\"logo\":{\"@type\":\"ImageObject\",\"url\":\"https:\\\/\\\/www.eldigitaldeasturias.com\\\/radio\\\/wp-content\\\/uploads\\\/2021\\\/03\\\/EDA.jpg\",\"@id\":\"https:\\\/\\\/eldigitaldeasturias.com\\\/radio\\\/ejercito-aleman-reduce-un-10-por-ciento-las-emisiones-de-co2\\\/#organizationLogo\"},\"image\":{\"@id\":\"https:\\\/\\\/eldigitaldeasturias.com\\\/radio\\\/ejercito-aleman-reduce-un-10-por-ciento-las-emisiones-de-co2\\\/#organizationLogo\"},\"sameAs\":[\"https:\\\/\\\/www.facebook.com\\\/\",\"https:\\\/\\\/x.com\\\/bercodi\",\"https:\\\/\\\/www.instagram.com\\\/\",\"https:\\\/\\\/www.youtube.com\\\/channel\\\/UCZP-2wLEB9Rv6erhFmqVnvg\"]},{\"@type\":\"Person\",\"@id\":\"https:\\\/\\\/eldigitaldeasturias.com\\\/radio\\\/author\\\/nbasturias\\\/#author\",\"url\":\"https:\\\/\\\/eldigitaldeasturias.com\\\/radio\\\/author\\\/nbasturias\\\/\",\"name\":\"NBAsturias\",\"image\":{\"@type\":\"ImageObject\",\"@id\":\"https:\\\/\\\/eldigitaldeasturias.com\\\/radio\\\/ejercito-aleman-reduce-un-10-por-ciento-las-emisiones-de-co2\\\/#authorImage\",\"url\":\"https:\\\/\\\/secure.gravatar.com\\\/avatar\\\/df2aeffc32bcd13f8d26072ef8a91b623d677766deac7f97ca815868cd41bf5e?s=96&d=mm&r=g\",\"width\":96,\"height\":96,\"caption\":\"NBAsturias\"}},{\"@type\":\"WebPage\",\"@id\":\"https:\\\/\\\/eldigitaldeasturias.com\\\/radio\\\/ejercito-aleman-reduce-un-10-por-ciento-las-emisiones-de-co2\\\/#webpage\",\"url\":\"https:\\\/\\\/eldigitaldeasturias.com\\\/radio\\\/ejercito-aleman-reduce-un-10-por-ciento-las-emisiones-de-co2\\\/\",\"name\":\"Ej\\u00e9rcito alem\\u00e1n reduce un 10 por ciento las emisiones de CO2 | El Digital de Asturias\",\"description\":\"Berl\\u00edn, 22 nov (dpa) - El Ministerio de Defensa alem\\u00e1n anunci\\u00f3 hoy que el Ej\\u00e9rcito germano redujo sus emisiones de CO2 en un 10,6 por ciento en cinco a\\u00f1os, en respuesta a una consulta del partido La Izquierda, seg\\u00fan difundi\\u00f3 hoy el medio RND. Las emisiones producidas por combustible disminuyeron de 0,75 a 0,67 millones\",\"inLanguage\":\"es-ES\",\"isPartOf\":{\"@id\":\"https:\\\/\\\/eldigitaldeasturias.com\\\/radio\\\/#website\"},\"breadcrumb\":{\"@id\":\"https:\\\/\\\/eldigitaldeasturias.com\\\/radio\\\/ejercito-aleman-reduce-un-10-por-ciento-las-emisiones-de-co2\\\/#breadcrumblist\"},\"author\":{\"@id\":\"https:\\\/\\\/eldigitaldeasturias.com\\\/radio\\\/author\\\/nbasturias\\\/#author\"},\"creator\":{\"@id\":\"https:\\\/\\\/eldigitaldeasturias.com\\\/radio\\\/author\\\/nbasturias\\\/#author\"},\"image\":{\"@type\":\"ImageObject\",\"url\":\"https:\\\/\\\/eldigitaldeasturias.com\\\/radio\\\/wp-content\\\/uploads\\\/2018\\\/10\\\/technology-785742_960_720.jpg\",\"@id\":\"https:\\\/\\\/eldigitaldeasturias.com\\\/radio\\\/ejercito-aleman-reduce-un-10-por-ciento-las-emisiones-de-co2\\\/#mainImage\",\"width\":960,\"height\":640},\"primaryImageOfPage\":{\"@id\":\"https:\\\/\\\/eldigitaldeasturias.com\\\/radio\\\/ejercito-aleman-reduce-un-10-por-ciento-las-emisiones-de-co2\\\/#mainImage\"},\"datePublished\":\"2019-11-24T03:54:28+01:00\",\"dateModified\":\"2019-11-24T03:54:28+01:00\"},{\"@type\":\"WebSite\",\"@id\":\"https:\\\/\\\/eldigitaldeasturias.com\\\/radio\\\/#website\",\"url\":\"https:\\\/\\\/eldigitaldeasturias.com\\\/radio\\\/\",\"name\":\"El Digital de Asturias\",\"description\":\"Diario de informaci\\u00f3n y noticias\",\"inLanguage\":\"es-ES\",\"publisher\":{\"@id\":\"https:\\\/\\\/eldigitaldeasturias.com\\\/radio\\\/#organization\"}}]}\n\t\t<\/script>\n\t\t<!-- All in One SEO Pro -->\r\n\t\t<title>Ej\u00e9rcito alem\u00e1n reduce un 10 por ciento las emisiones de CO2 | El Digital de Asturias<\/title>\n\n","aioseo_head_json":{"title":"Ej\u00e9rcito alem\u00e1n reduce un 10 por ciento las emisiones de CO2 | El Digital de Asturias","description":"Berl\u00edn, 22 nov (dpa) - El Ministerio de Defensa alem\u00e1n anunci\u00f3 hoy que el Ej\u00e9rcito germano redujo sus emisiones de CO2 en un 10,6 por ciento en cinco a\u00f1os, en respuesta a una consulta del partido La Izquierda, seg\u00fan difundi\u00f3 hoy el medio RND. Las emisiones producidas por combustible disminuyeron de 0,75 a 0,67 millones","canonical_url":"https:\/\/eldigitaldeasturias.com\/radio\/ejercito-aleman-reduce-un-10-por-ciento-las-emisiones-de-co2\/","robots":"max-image-preview:large","keywords":"noticias","webmasterTools":{"google-site-verification":"UA-38556648-1","miscellaneous":""},"schema":{"@context":"https:\/\/schema.org","@graph":[{"@type":"BreadcrumbList","@id":"https:\/\/eldigitaldeasturias.com\/radio\/ejercito-aleman-reduce-un-10-por-ciento-las-emisiones-de-co2\/#breadcrumblist","itemListElement":[{"@type":"ListItem","@id":"https:\/\/eldigitaldeasturias.com\/radio#listItem","position":1,"name":"Inicio","item":"https:\/\/eldigitaldeasturias.com\/radio","nextItem":{"@type":"ListItem","@id":"https:\/\/eldigitaldeasturias.com\/radio\/category\/noticias\/#listItem","name":"Noticias"}},{"@type":"ListItem","@id":"https:\/\/eldigitaldeasturias.com\/radio\/category\/noticias\/#listItem","position":2,"name":"Noticias","item":"https:\/\/eldigitaldeasturias.com\/radio\/category\/noticias\/","nextItem":{"@type":"ListItem","@id":"https:\/\/eldigitaldeasturias.com\/radio\/ejercito-aleman-reduce-un-10-por-ciento-las-emisiones-de-co2\/#listItem","name":"Ej\u00e9rcito alem\u00e1n reduce un 10 por ciento las emisiones de CO2"},"previousItem":{"@type":"ListItem","@id":"https:\/\/eldigitaldeasturias.com\/radio#listItem","name":"Inicio"}},{"@type":"ListItem","@id":"https:\/\/eldigitaldeasturias.com\/radio\/ejercito-aleman-reduce-un-10-por-ciento-las-emisiones-de-co2\/#listItem","position":3,"name":"Ej\u00e9rcito alem\u00e1n reduce un 10 por ciento las emisiones de CO2","previousItem":{"@type":"ListItem","@id":"https:\/\/eldigitaldeasturias.com\/radio\/category\/noticias\/#listItem","name":"Noticias"}}]},{"@type":"NewsArticle","@id":"https:\/\/eldigitaldeasturias.com\/radio\/ejercito-aleman-reduce-un-10-por-ciento-las-emisiones-de-co2\/#newsarticle","name":"Ej\u00e9rcito alem\u00e1n reduce un 10 por ciento las emisiones de CO2 | El Digital de Asturias","headline":"Ej\u00e9rcito alem\u00e1n reduce un 10 por ciento las emisiones de CO2","author":{"@id":"https:\/\/eldigitaldeasturias.com\/radio\/author\/nbasturias\/#author"},"publisher":{"@id":"https:\/\/eldigitaldeasturias.com\/radio\/#organization"},"image":{"@type":"ImageObject","url":"https:\/\/eldigitaldeasturias.com\/radio\/wp-content\/uploads\/2018\/10\/technology-785742_960_720.jpg","width":960,"height":640},"datePublished":"2019-11-24T03:54:28+01:00","dateModified":"2019-11-24T03:54:28+01:00","inLanguage":"es-ES","mainEntityOfPage":{"@id":"https:\/\/eldigitaldeasturias.com\/radio\/ejercito-aleman-reduce-un-10-por-ciento-las-emisiones-de-co2\/#webpage"},"isPartOf":{"@id":"https:\/\/eldigitaldeasturias.com\/radio\/ejercito-aleman-reduce-un-10-por-ciento-las-emisiones-de-co2\/#webpage"},"articleSection":"Noticias","dateline":"Publicado el noviembre 24, 2019."},{"@type":"Organization","@id":"https:\/\/eldigitaldeasturias.com\/radio\/#organization","name":"El digital de Asturias Radio","description":"Diario de informaci\u00f3n y noticias","url":"https:\/\/eldigitaldeasturias.com\/radio\/","telephone":"+34652131393","logo":{"@type":"ImageObject","url":"https:\/\/www.eldigitaldeasturias.com\/radio\/wp-content\/uploads\/2021\/03\/EDA.jpg","@id":"https:\/\/eldigitaldeasturias.com\/radio\/ejercito-aleman-reduce-un-10-por-ciento-las-emisiones-de-co2\/#organizationLogo"},"image":{"@id":"https:\/\/eldigitaldeasturias.com\/radio\/ejercito-aleman-reduce-un-10-por-ciento-las-emisiones-de-co2\/#organizationLogo"},"sameAs":["https:\/\/www.facebook.com\/","https:\/\/x.com\/bercodi","https:\/\/www.instagram.com\/","https:\/\/www.youtube.com\/channel\/UCZP-2wLEB9Rv6erhFmqVnvg"]},{"@type":"Person","@id":"https:\/\/eldigitaldeasturias.com\/radio\/author\/nbasturias\/#author","url":"https:\/\/eldigitaldeasturias.com\/radio\/author\/nbasturias\/","name":"NBAsturias","image":{"@type":"ImageObject","@id":"https:\/\/eldigitaldeasturias.com\/radio\/ejercito-aleman-reduce-un-10-por-ciento-las-emisiones-de-co2\/#authorImage","url":"https:\/\/secure.gravatar.com\/avatar\/df2aeffc32bcd13f8d26072ef8a91b623d677766deac7f97ca815868cd41bf5e?s=96&d=mm&r=g","width":96,"height":96,"caption":"NBAsturias"}},{"@type":"WebPage","@id":"https:\/\/eldigitaldeasturias.com\/radio\/ejercito-aleman-reduce-un-10-por-ciento-las-emisiones-de-co2\/#webpage","url":"https:\/\/eldigitaldeasturias.com\/radio\/ejercito-aleman-reduce-un-10-por-ciento-las-emisiones-de-co2\/","name":"Ej\u00e9rcito alem\u00e1n reduce un 10 por ciento las emisiones de CO2 | El Digital de Asturias","description":"Berl\u00edn, 22 nov (dpa) - El Ministerio de Defensa alem\u00e1n anunci\u00f3 hoy que el Ej\u00e9rcito germano redujo sus emisiones de CO2 en un 10,6 por ciento en cinco a\u00f1os, en respuesta a una consulta del partido La Izquierda, seg\u00fan difundi\u00f3 hoy el medio RND. Las emisiones producidas por combustible disminuyeron de 0,75 a 0,67 millones","inLanguage":"es-ES","isPartOf":{"@id":"https:\/\/eldigitaldeasturias.com\/radio\/#website"},"breadcrumb":{"@id":"https:\/\/eldigitaldeasturias.com\/radio\/ejercito-aleman-reduce-un-10-por-ciento-las-emisiones-de-co2\/#breadcrumblist"},"author":{"@id":"https:\/\/eldigitaldeasturias.com\/radio\/author\/nbasturias\/#author"},"creator":{"@id":"https:\/\/eldigitaldeasturias.com\/radio\/author\/nbasturias\/#author"},"image":{"@type":"ImageObject","url":"https:\/\/eldigitaldeasturias.com\/radio\/wp-content\/uploads\/2018\/10\/technology-785742_960_720.jpg","@id":"https:\/\/eldigitaldeasturias.com\/radio\/ejercito-aleman-reduce-un-10-por-ciento-las-emisiones-de-co2\/#mainImage","width":960,"height":640},"primaryImageOfPage":{"@id":"https:\/\/eldigitaldeasturias.com\/radio\/ejercito-aleman-reduce-un-10-por-ciento-las-emisiones-de-co2\/#mainImage"},"datePublished":"2019-11-24T03:54:28+01:00","dateModified":"2019-11-24T03:54:28+01:00"},{"@type":"WebSite","@id":"https:\/\/eldigitaldeasturias.com\/radio\/#website","url":"https:\/\/eldigitaldeasturias.com\/radio\/","name":"El Digital de Asturias","description":"Diario de informaci\u00f3n y noticias","inLanguage":"es-ES","publisher":{"@id":"https:\/\/eldigitaldeasturias.com\/radio\/#organization"}}]},"og:locale":"es_ES","og:site_name":"El Digital de Asturias | Diario de informaci\u00f3n y noticias","og:type":"article","og:title":"Ej\u00e9rcito alem\u00e1n reduce un 10 por ciento las emisiones de CO2 | El Digital de Asturias","og:description":"Berl\u00edn, 22 nov (dpa) - El Ministerio de Defensa alem\u00e1n anunci\u00f3 hoy que el Ej\u00e9rcito germano redujo sus emisiones de CO2 en un 10,6 por ciento en cinco a\u00f1os, en respuesta a una consulta del partido La Izquierda, seg\u00fan difundi\u00f3 hoy el medio RND. Las emisiones producidas por combustible disminuyeron de 0,75 a 0,67 millones","og:url":"https:\/\/eldigitaldeasturias.com\/radio\/ejercito-aleman-reduce-un-10-por-ciento-las-emisiones-de-co2\/","og:image":"https:\/\/eldigitaldeasturias.com\/radio\/wp-content\/uploads\/2018\/10\/technology-785742_960_720.jpg","og:image:secure_url":"https:\/\/eldigitaldeasturias.com\/radio\/wp-content\/uploads\/2018\/10\/technology-785742_960_720.jpg","og:image:width":960,"og:image:height":640,"article:published_time":"2019-11-24T03:54:28+00:00","article:modified_time":"2019-11-24T03:54:28+00:00","twitter:card":"summary_large_image","twitter:site":"@bercodi","twitter:title":"Ej\u00e9rcito alem\u00e1n reduce un 10 por ciento las emisiones de CO2 | El Digital de Asturias","twitter:description":"Berl\u00edn, 22 nov (dpa) - El Ministerio de Defensa alem\u00e1n anunci\u00f3 hoy que el Ej\u00e9rcito germano redujo sus emisiones de CO2 en un 10,6 por ciento en cinco a\u00f1os, en respuesta a una consulta del partido La Izquierda, seg\u00fan difundi\u00f3 hoy el medio RND. Las emisiones producidas por combustible disminuyeron de 0,75 a 0,67 millones","twitter:creator":"@bercodi","twitter:image":"https:\/\/eldigitaldeasturias.com\/radio\/wp-content\/uploads\/2018\/10\/technology-785742_960_720.jpg"},"aioseo_meta_data":{"post_id":"3548","title":null,"description":null,"keywords":null,"keyphrases":null,"primary_term":null,"canonical_url":null,"og_title":null,"og_description":null,"og_object_type":"default","og_image_type":"default","og_image_url":null,"og_image_width":null,"og_image_height":null,"og_image_custom_url":null,"og_image_custom_fields":null,"og_video":null,"og_custom_url":null,"og_article_section":null,"og_article_tags":null,"twitter_use_og":false,"twitter_card":"default","twitter_image_type":"default","twitter_image_url":null,"twitter_image_custom_url":null,"twitter_image_custom_fields":null,"twitter_title":null,"twitter_description":null,"schema":{"blockGraphs":[],"customGraphs":[],"default":{"data":{"Article":[],"Course":[],"Dataset":[],"FAQPage":[],"Movie":[],"Person":[],"Product":[],"ProductReview":[],"Car":[],"Recipe":[],"Service":[],"SoftwareApplication":[],"WebPage":[]},"graphName":"","isEnabled":true},"graphs":[],"defaultGraph":"","defaultPostTypeGraph":""},"schema_type":null,"schema_type_options":null,"pillar_content":false,"robots_default":true,"robots_noindex":false,"robots_noarchive":false,"robots_nosnippet":false,"robots_nofollow":false,"robots_noimageindex":false,"robots_noodp":false,"robots_notranslate":false,"robots_max_snippet":null,"robots_max_videopreview":null,"robots_max_imagepreview":"large","priority":null,"frequency":null,"location":null,"local_seo":null,"seo_analyzer_scan_date":"2025-08-28 14:20:24","breadcrumb_settings":null,"limit_modified_date":false,"open_ai":null,"ai":null,"created":"2021-03-26 21:23:37","updated":"2025-08-28 14:20:24"},"aioseo_breadcrumb":"<div class=\"aioseo-breadcrumbs\"><span class=\"aioseo-breadcrumb\">\n\t<a href=\"https:\/\/eldigitaldeasturias.com\/radio\" title=\"Inicio\">Inicio<\/a>\n<\/span><span class=\"aioseo-breadcrumb-separator\">&ndash;<\/span><span class=\"aioseo-breadcrumb\">\n\t<a href=\"https:\/\/eldigitaldeasturias.com\/radio\/category\/noticias\/\" title=\"Noticias\">Noticias<\/a>\n<\/span><span class=\"aioseo-breadcrumb-separator\">&ndash;<\/span><span class=\"aioseo-breadcrumb\">\n\tEj\u00e9rcito alem\u00e1n reduce un 10 por ciento las emisiones de CO2\n<\/span><\/div>","aioseo_breadcrumb_json":[{"label":"Inicio","link":"https:\/\/eldigitaldeasturias.com\/radio"},{"label":"Noticias","link":"https:\/\/eldigitaldeasturias.com\/radio\/category\/noticias\/"},{"label":"Ej\u00e9rcito alem\u00e1n reduce un 10 por ciento las emisiones de CO2","link":"https:\/\/eldigitaldeasturias.com\/radio\/ejercito-aleman-reduce-un-10-por-ciento-las-emisiones-de-co2\/"}],"_links":{"self":[{"href":"https:\/\/eldigitaldeasturias.com\/radio\/wp-json\/wp\/v2\/posts\/3548","targetHints":{"allow":["GET"]}}],"collection":[{"href":"https:\/\/eldigitaldeasturias.com\/radio\/wp-json\/wp\/v2\/posts"}],"about":[{"href":"https:\/\/eldigitaldeasturias.com\/radio\/wp-json\/wp\/v2\/types\/post"}],"author":[{"embeddable":true,"href":"https:\/\/eldigitaldeasturias.com\/radio\/wp-json\/wp\/v2\/users\/1"}],"replies":[{"embeddable":true,"href":"https:\/\/eldigitaldeasturias.com\/radio\/wp-json\/wp\/v2\/comments?post=3548"}],"version-history":[{"count":0,"href":"https:\/\/eldigitaldeasturias.com\/radio\/wp-json\/wp\/v2\/posts\/3548\/revisions"}],"wp:featuredmedia":[{"embeddable":true,"href":"https:\/\/eldigitaldeasturias.com\/radio\/wp-json\/wp\/v2\/media\/1352"}],"wp:attachment":[{"href":"https:\/\/eldigitaldeasturias.com\/radio\/wp-json\/wp\/v2\/media?parent=3548"}],"wp:term":[{"taxonomy":"category","embeddable":true,"href":"https:\/\/eldigitaldeasturias.com\/radio\/wp-json\/wp\/v2\/categories?post=3548"},{"taxonomy":"post_tag","embeddable":true,"href":"https:\/\/eldigitaldeasturias.com\/radio\/wp-json\/wp\/v2\/tags?post=3548"}],"curies":[{"name":"wp","href":"https:\/\/api.w.org\/{rel}","templated":true}]}}