{"id":3545,"date":"2019-11-24T03:52:59","date_gmt":"2019-11-24T03:52:59","guid":{"rendered":"http:\/\/www.eldigitaldeasturias.com\/radio\/?p=3545"},"modified":"2019-11-24T03:52:59","modified_gmt":"2019-11-24T03:52:59","slug":"las-guarderias-alemanas-recibiran-5-500-millones-de-euros-de-inversion","status":"publish","type":"post","link":"https:\/\/eldigitaldeasturias.com\/radio\/las-guarderias-alemanas-recibiran-5-500-millones-de-euros-de-inversion\/","title":{"rendered":"Las guarder\u00edas alemanas recibir\u00e1n 5.500 millones de euros de inversi\u00f3n"},"content":{"rendered":"<figure id=\"attachment_3546\" aria-describedby=\"caption-attachment-3546\" style=\"width: 360px\" class=\"wp-caption alignleft\"><img fetchpriority=\"high\" decoding=\"async\" class=\"size-medium wp-image-3546\" src=\"http:\/\/www.eldigitaldeasturias.com\/radio\/wp-content\/uploads\/2019\/11\/guarderias-alemanas-360x229.jpg\" alt=\"\" width=\"360\" height=\"229\" srcset=\"https:\/\/eldigitaldeasturias.com\/radio\/wp-content\/uploads\/2019\/11\/guarderias-alemanas-360x229.jpg 360w, https:\/\/eldigitaldeasturias.com\/radio\/wp-content\/uploads\/2019\/11\/guarderias-alemanas-1024x651.jpg 1024w, https:\/\/eldigitaldeasturias.com\/radio\/wp-content\/uploads\/2019\/11\/guarderias-alemanas-768x489.jpg 768w, https:\/\/eldigitaldeasturias.com\/radio\/wp-content\/uploads\/2019\/11\/guarderias-alemanas.jpg 1050w\" sizes=\"(max-width: 360px) 100vw, 360px\" \/><figcaption id=\"caption-attachment-3546\" class=\"wp-caption-text\">Varias mochilas cuelgan en la entrada de una guarder\u00eda alemana. Foto: Waltraud Grubitzsch\/zb\/dpa<\/figcaption><\/figure>\n<p>Berl\u00edn, 22 nov (dpa) &#8211; La ministra alemana de Familia, Franziska Giffey, anunci\u00f3 que los fondos de inversi\u00f3n dirigidos a las guarder\u00edas alemanas se empezar\u00e1n a desembolsar a partir de diciembre, tras la firma del acuerdo con los 16 estados federados.<\/p>\n<p>La inversi\u00f3n, que seg\u00fan la pol\u00edtica socialdem\u00f3crata se iniciar\u00e1 a partir del 10 de diciembre, debe ser todav\u00eda aprobada formalmente por el Ministerio de Finanzas, dirigido por Olaf Scholz.<\/p>\n<p>La cantidad establecida en la misma es de 5.500 millones de d\u00f3lares (6.082 millones de d\u00f3lares), a desembolsar hasta 2022. Una vez concluida, la ministra asegur\u00f3 que el Gobierno federal seguir\u00e1 proporcionando dinero para mejorar la calidad de la educaci\u00f3n preescolar.<\/p>\n<p>\u00abEsta tarea no habr\u00e1 terminado despu\u00e9s de 2022\u00bb, declar\u00f3.<\/p>\n<p>Los 16 estados federados firmaron acuerdos individuales con el Gobierno. Giffey destac\u00f3 que los estados quieren gastar dos tercios del total en mejorar la calidad de las guarder\u00edas, lo que implica la contrataci\u00f3n de m\u00e1s educadores o la formaci\u00f3n de personal especializado.<\/p>\n<p>Seg\u00fan la ministra, los estados pretenden invertir el tercio restante en reducir las cuotas mensuales que los padres deben pagar para que sus hijos vayan a la guarder\u00eda.<\/p>\n<p>En ese sentido, Giffey se manifest\u00f3 a favor de dicha pretensi\u00f3n, ya que consider\u00f3 profundamente injusto que una guarder\u00eda pueda costar varios cientos de euros en algunos estados y nada en otros.<\/p>\n<p>&nbsp;<\/p>\n","protected":false},"excerpt":{"rendered":"<p>Berl\u00edn, 22 nov (dpa) &#8211; La ministra alemana de Familia, Franziska Giffey, anunci\u00f3 que los fondos de inversi\u00f3n dirigidos a las guarder\u00edas alemanas se empezar\u00e1n a desembolsar a partir de diciembre, tras la firma del acuerdo con los 16 estados federados. La inversi\u00f3n, que seg\u00fan la pol\u00edtica socialdem\u00f3crata se iniciar\u00e1 a partir del 10 de<\/p>\n","protected":false},"author":1,"featured_media":3546,"comment_status":"closed","ping_status":"closed","sticky":false,"template":"","format":"standard","meta":{"footnotes":""},"categories":[1],"tags":[],"class_list":{"0":"post-3545","1":"post","2":"type-post","3":"status-publish","4":"format-standard","5":"has-post-thumbnail","7":"category-noticias"},"aioseo_notices":[],"aioseo_head":"\n\t\t<!-- All in One SEO Pro 4.9.6.2 - aioseo.com -->\n\t<meta name=\"description\" content=\"Berl\u00edn, 22 nov (dpa) - La ministra alemana de Familia, Franziska Giffey, anunci\u00f3 que los fondos de inversi\u00f3n dirigidos a las guarder\u00edas alemanas se empezar\u00e1n a desembolsar a partir de diciembre, tras la firma del acuerdo con los 16 estados federados. La inversi\u00f3n, que seg\u00fan la pol\u00edtica socialdem\u00f3crata se iniciar\u00e1 a partir del 10 de\" \/>\n\t<meta name=\"robots\" content=\"max-image-preview:large\" \/>\n\t<meta name=\"author\" content=\"NBAsturias\"\/>\n\t<meta name=\"google-site-verification\" content=\"UA-38556648-1\" \/>\n\t<meta name=\"keywords\" content=\"noticias\" \/>\n\t<link rel=\"canonical\" href=\"https:\/\/eldigitaldeasturias.com\/radio\/las-guarderias-alemanas-recibiran-5-500-millones-de-euros-de-inversion\/\" \/>\n\t<meta name=\"generator\" content=\"All in One SEO Pro (AIOSEO) 4.9.6.2\" \/>\n\t\t<meta property=\"og:locale\" content=\"es_ES\" \/>\n\t\t<meta property=\"og:site_name\" content=\"El Digital de Asturias | Diario de informaci\u00f3n y noticias\" \/>\n\t\t<meta property=\"og:type\" content=\"article\" \/>\n\t\t<meta property=\"og:title\" content=\"Las guarder\u00edas alemanas recibir\u00e1n 5.500 millones de euros de inversi\u00f3n | El Digital de Asturias\" \/>\n\t\t<meta property=\"og:description\" content=\"Berl\u00edn, 22 nov (dpa) - La ministra alemana de Familia, Franziska Giffey, anunci\u00f3 que los fondos de inversi\u00f3n dirigidos a las guarder\u00edas alemanas se empezar\u00e1n a desembolsar a partir de diciembre, tras la firma del acuerdo con los 16 estados federados. La inversi\u00f3n, que seg\u00fan la pol\u00edtica socialdem\u00f3crata se iniciar\u00e1 a partir del 10 de\" \/>\n\t\t<meta property=\"og:url\" content=\"https:\/\/eldigitaldeasturias.com\/radio\/las-guarderias-alemanas-recibiran-5-500-millones-de-euros-de-inversion\/\" \/>\n\t\t<meta property=\"og:image\" content=\"https:\/\/eldigitaldeasturias.com\/radio\/wp-content\/uploads\/2019\/11\/guarderias-alemanas.jpg\" \/>\n\t\t<meta property=\"og:image:secure_url\" content=\"https:\/\/eldigitaldeasturias.com\/radio\/wp-content\/uploads\/2019\/11\/guarderias-alemanas.jpg\" \/>\n\t\t<meta property=\"og:image:width\" content=\"1050\" \/>\n\t\t<meta property=\"og:image:height\" content=\"668\" \/>\n\t\t<meta property=\"article:published_time\" content=\"2019-11-24T03:52:59+00:00\" \/>\n\t\t<meta property=\"article:modified_time\" content=\"2019-11-24T03:52:59+00:00\" \/>\n\t\t<meta name=\"twitter:card\" content=\"summary_large_image\" \/>\n\t\t<meta name=\"twitter:site\" content=\"@bercodi\" \/>\n\t\t<meta name=\"twitter:title\" content=\"Las guarder\u00edas alemanas recibir\u00e1n 5.500 millones de euros de inversi\u00f3n | El Digital de Asturias\" \/>\n\t\t<meta name=\"twitter:description\" content=\"Berl\u00edn, 22 nov (dpa) - La ministra alemana de Familia, Franziska Giffey, anunci\u00f3 que los fondos de inversi\u00f3n dirigidos a las guarder\u00edas alemanas se empezar\u00e1n a desembolsar a partir de diciembre, tras la firma del acuerdo con los 16 estados federados. La inversi\u00f3n, que seg\u00fan la pol\u00edtica socialdem\u00f3crata se iniciar\u00e1 a partir del 10 de\" \/>\n\t\t<meta name=\"twitter:creator\" content=\"@bercodi\" \/>\n\t\t<meta name=\"twitter:image\" content=\"https:\/\/eldigitaldeasturias.com\/radio\/wp-content\/uploads\/2019\/11\/guarderias-alemanas.jpg\" \/>\n\t\t<script type=\"application\/ld+json\" class=\"aioseo-schema\">\n\t\t\t{\"@context\":\"https:\\\/\\\/schema.org\",\"@graph\":[{\"@type\":\"BreadcrumbList\",\"@id\":\"https:\\\/\\\/eldigitaldeasturias.com\\\/radio\\\/las-guarderias-alemanas-recibiran-5-500-millones-de-euros-de-inversion\\\/#breadcrumblist\",\"itemListElement\":[{\"@type\":\"ListItem\",\"@id\":\"https:\\\/\\\/eldigitaldeasturias.com\\\/radio#listItem\",\"position\":1,\"name\":\"Inicio\",\"item\":\"https:\\\/\\\/eldigitaldeasturias.com\\\/radio\",\"nextItem\":{\"@type\":\"ListItem\",\"@id\":\"https:\\\/\\\/eldigitaldeasturias.com\\\/radio\\\/category\\\/noticias\\\/#listItem\",\"name\":\"Noticias\"}},{\"@type\":\"ListItem\",\"@id\":\"https:\\\/\\\/eldigitaldeasturias.com\\\/radio\\\/category\\\/noticias\\\/#listItem\",\"position\":2,\"name\":\"Noticias\",\"item\":\"https:\\\/\\\/eldigitaldeasturias.com\\\/radio\\\/category\\\/noticias\\\/\",\"nextItem\":{\"@type\":\"ListItem\",\"@id\":\"https:\\\/\\\/eldigitaldeasturias.com\\\/radio\\\/las-guarderias-alemanas-recibiran-5-500-millones-de-euros-de-inversion\\\/#listItem\",\"name\":\"Las guarder\\u00edas alemanas recibir\\u00e1n 5.500 millones de euros de inversi\\u00f3n\"},\"previousItem\":{\"@type\":\"ListItem\",\"@id\":\"https:\\\/\\\/eldigitaldeasturias.com\\\/radio#listItem\",\"name\":\"Inicio\"}},{\"@type\":\"ListItem\",\"@id\":\"https:\\\/\\\/eldigitaldeasturias.com\\\/radio\\\/las-guarderias-alemanas-recibiran-5-500-millones-de-euros-de-inversion\\\/#listItem\",\"position\":3,\"name\":\"Las guarder\\u00edas alemanas recibir\\u00e1n 5.500 millones de euros de inversi\\u00f3n\",\"previousItem\":{\"@type\":\"ListItem\",\"@id\":\"https:\\\/\\\/eldigitaldeasturias.com\\\/radio\\\/category\\\/noticias\\\/#listItem\",\"name\":\"Noticias\"}}]},{\"@type\":\"NewsArticle\",\"@id\":\"https:\\\/\\\/eldigitaldeasturias.com\\\/radio\\\/las-guarderias-alemanas-recibiran-5-500-millones-de-euros-de-inversion\\\/#newsarticle\",\"name\":\"Las guarder\\u00edas alemanas recibir\\u00e1n 5.500 millones de euros de inversi\\u00f3n | El Digital de Asturias\",\"headline\":\"Las guarder\\u00edas alemanas recibir\\u00e1n 5.500 millones de euros de inversi\\u00f3n\",\"author\":{\"@id\":\"https:\\\/\\\/eldigitaldeasturias.com\\\/radio\\\/author\\\/nbasturias\\\/#author\"},\"publisher\":{\"@id\":\"https:\\\/\\\/eldigitaldeasturias.com\\\/radio\\\/#organization\"},\"image\":{\"@type\":\"ImageObject\",\"url\":\"https:\\\/\\\/eldigitaldeasturias.com\\\/radio\\\/wp-content\\\/uploads\\\/2019\\\/11\\\/guarderias-alemanas.jpg\",\"width\":1050,\"height\":668,\"caption\":\"Varias mochilas cuelgan en la entrada de una guarder\\u00eda alemana. Foto: Waltraud Grubitzsch\\\/zb\\\/dpa\"},\"datePublished\":\"2019-11-24T03:52:59+01:00\",\"dateModified\":\"2019-11-24T03:52:59+01:00\",\"inLanguage\":\"es-ES\",\"mainEntityOfPage\":{\"@id\":\"https:\\\/\\\/eldigitaldeasturias.com\\\/radio\\\/las-guarderias-alemanas-recibiran-5-500-millones-de-euros-de-inversion\\\/#webpage\"},\"isPartOf\":{\"@id\":\"https:\\\/\\\/eldigitaldeasturias.com\\\/radio\\\/las-guarderias-alemanas-recibiran-5-500-millones-de-euros-de-inversion\\\/#webpage\"},\"articleSection\":\"Noticias\",\"dateline\":\"Publicado el noviembre 24, 2019.\"},{\"@type\":\"Organization\",\"@id\":\"https:\\\/\\\/eldigitaldeasturias.com\\\/radio\\\/#organization\",\"name\":\"El digital de Asturias Radio\",\"description\":\"Diario de informaci\\u00f3n y noticias\",\"url\":\"https:\\\/\\\/eldigitaldeasturias.com\\\/radio\\\/\",\"telephone\":\"+34652131393\",\"logo\":{\"@type\":\"ImageObject\",\"url\":\"https:\\\/\\\/www.eldigitaldeasturias.com\\\/radio\\\/wp-content\\\/uploads\\\/2021\\\/03\\\/EDA.jpg\",\"@id\":\"https:\\\/\\\/eldigitaldeasturias.com\\\/radio\\\/las-guarderias-alemanas-recibiran-5-500-millones-de-euros-de-inversion\\\/#organizationLogo\"},\"image\":{\"@id\":\"https:\\\/\\\/eldigitaldeasturias.com\\\/radio\\\/las-guarderias-alemanas-recibiran-5-500-millones-de-euros-de-inversion\\\/#organizationLogo\"},\"sameAs\":[\"https:\\\/\\\/www.facebook.com\\\/\",\"https:\\\/\\\/x.com\\\/bercodi\",\"https:\\\/\\\/www.instagram.com\\\/\",\"https:\\\/\\\/www.youtube.com\\\/channel\\\/UCZP-2wLEB9Rv6erhFmqVnvg\"]},{\"@type\":\"Person\",\"@id\":\"https:\\\/\\\/eldigitaldeasturias.com\\\/radio\\\/author\\\/nbasturias\\\/#author\",\"url\":\"https:\\\/\\\/eldigitaldeasturias.com\\\/radio\\\/author\\\/nbasturias\\\/\",\"name\":\"NBAsturias\",\"image\":{\"@type\":\"ImageObject\",\"@id\":\"https:\\\/\\\/eldigitaldeasturias.com\\\/radio\\\/las-guarderias-alemanas-recibiran-5-500-millones-de-euros-de-inversion\\\/#authorImage\",\"url\":\"https:\\\/\\\/secure.gravatar.com\\\/avatar\\\/df2aeffc32bcd13f8d26072ef8a91b623d677766deac7f97ca815868cd41bf5e?s=96&d=mm&r=g\",\"width\":96,\"height\":96,\"caption\":\"NBAsturias\"}},{\"@type\":\"WebPage\",\"@id\":\"https:\\\/\\\/eldigitaldeasturias.com\\\/radio\\\/las-guarderias-alemanas-recibiran-5-500-millones-de-euros-de-inversion\\\/#webpage\",\"url\":\"https:\\\/\\\/eldigitaldeasturias.com\\\/radio\\\/las-guarderias-alemanas-recibiran-5-500-millones-de-euros-de-inversion\\\/\",\"name\":\"Las guarder\\u00edas alemanas recibir\\u00e1n 5.500 millones de euros de inversi\\u00f3n | El Digital de Asturias\",\"description\":\"Berl\\u00edn, 22 nov (dpa) - La ministra alemana de Familia, Franziska Giffey, anunci\\u00f3 que los fondos de inversi\\u00f3n dirigidos a las guarder\\u00edas alemanas se empezar\\u00e1n a desembolsar a partir de diciembre, tras la firma del acuerdo con los 16 estados federados. La inversi\\u00f3n, que seg\\u00fan la pol\\u00edtica socialdem\\u00f3crata se iniciar\\u00e1 a partir del 10 de\",\"inLanguage\":\"es-ES\",\"isPartOf\":{\"@id\":\"https:\\\/\\\/eldigitaldeasturias.com\\\/radio\\\/#website\"},\"breadcrumb\":{\"@id\":\"https:\\\/\\\/eldigitaldeasturias.com\\\/radio\\\/las-guarderias-alemanas-recibiran-5-500-millones-de-euros-de-inversion\\\/#breadcrumblist\"},\"author\":{\"@id\":\"https:\\\/\\\/eldigitaldeasturias.com\\\/radio\\\/author\\\/nbasturias\\\/#author\"},\"creator\":{\"@id\":\"https:\\\/\\\/eldigitaldeasturias.com\\\/radio\\\/author\\\/nbasturias\\\/#author\"},\"image\":{\"@type\":\"ImageObject\",\"url\":\"https:\\\/\\\/eldigitaldeasturias.com\\\/radio\\\/wp-content\\\/uploads\\\/2019\\\/11\\\/guarderias-alemanas.jpg\",\"@id\":\"https:\\\/\\\/eldigitaldeasturias.com\\\/radio\\\/las-guarderias-alemanas-recibiran-5-500-millones-de-euros-de-inversion\\\/#mainImage\",\"width\":1050,\"height\":668,\"caption\":\"Varias mochilas cuelgan en la entrada de una guarder\\u00eda alemana. Foto: Waltraud Grubitzsch\\\/zb\\\/dpa\"},\"primaryImageOfPage\":{\"@id\":\"https:\\\/\\\/eldigitaldeasturias.com\\\/radio\\\/las-guarderias-alemanas-recibiran-5-500-millones-de-euros-de-inversion\\\/#mainImage\"},\"datePublished\":\"2019-11-24T03:52:59+01:00\",\"dateModified\":\"2019-11-24T03:52:59+01:00\"},{\"@type\":\"WebSite\",\"@id\":\"https:\\\/\\\/eldigitaldeasturias.com\\\/radio\\\/#website\",\"url\":\"https:\\\/\\\/eldigitaldeasturias.com\\\/radio\\\/\",\"name\":\"El Digital de Asturias\",\"description\":\"Diario de informaci\\u00f3n y noticias\",\"inLanguage\":\"es-ES\",\"publisher\":{\"@id\":\"https:\\\/\\\/eldigitaldeasturias.com\\\/radio\\\/#organization\"}}]}\n\t\t<\/script>\n\t\t<!-- All in One SEO Pro -->\r\n\t\t<title>Las guarder\u00edas alemanas recibir\u00e1n 5.500 millones de euros de inversi\u00f3n | El Digital de Asturias<\/title>\n\n","aioseo_head_json":{"title":"Las guarder\u00edas alemanas recibir\u00e1n 5.500 millones de euros de inversi\u00f3n | El Digital de Asturias","description":"Berl\u00edn, 22 nov (dpa) - La ministra alemana de Familia, Franziska Giffey, anunci\u00f3 que los fondos de inversi\u00f3n dirigidos a las guarder\u00edas alemanas se empezar\u00e1n a desembolsar a partir de diciembre, tras la firma del acuerdo con los 16 estados federados. La inversi\u00f3n, que seg\u00fan la pol\u00edtica socialdem\u00f3crata se iniciar\u00e1 a partir del 10 de","canonical_url":"https:\/\/eldigitaldeasturias.com\/radio\/las-guarderias-alemanas-recibiran-5-500-millones-de-euros-de-inversion\/","robots":"max-image-preview:large","keywords":"noticias","webmasterTools":{"google-site-verification":"UA-38556648-1","miscellaneous":""},"schema":{"@context":"https:\/\/schema.org","@graph":[{"@type":"BreadcrumbList","@id":"https:\/\/eldigitaldeasturias.com\/radio\/las-guarderias-alemanas-recibiran-5-500-millones-de-euros-de-inversion\/#breadcrumblist","itemListElement":[{"@type":"ListItem","@id":"https:\/\/eldigitaldeasturias.com\/radio#listItem","position":1,"name":"Inicio","item":"https:\/\/eldigitaldeasturias.com\/radio","nextItem":{"@type":"ListItem","@id":"https:\/\/eldigitaldeasturias.com\/radio\/category\/noticias\/#listItem","name":"Noticias"}},{"@type":"ListItem","@id":"https:\/\/eldigitaldeasturias.com\/radio\/category\/noticias\/#listItem","position":2,"name":"Noticias","item":"https:\/\/eldigitaldeasturias.com\/radio\/category\/noticias\/","nextItem":{"@type":"ListItem","@id":"https:\/\/eldigitaldeasturias.com\/radio\/las-guarderias-alemanas-recibiran-5-500-millones-de-euros-de-inversion\/#listItem","name":"Las guarder\u00edas alemanas recibir\u00e1n 5.500 millones de euros de inversi\u00f3n"},"previousItem":{"@type":"ListItem","@id":"https:\/\/eldigitaldeasturias.com\/radio#listItem","name":"Inicio"}},{"@type":"ListItem","@id":"https:\/\/eldigitaldeasturias.com\/radio\/las-guarderias-alemanas-recibiran-5-500-millones-de-euros-de-inversion\/#listItem","position":3,"name":"Las guarder\u00edas alemanas recibir\u00e1n 5.500 millones de euros de inversi\u00f3n","previousItem":{"@type":"ListItem","@id":"https:\/\/eldigitaldeasturias.com\/radio\/category\/noticias\/#listItem","name":"Noticias"}}]},{"@type":"NewsArticle","@id":"https:\/\/eldigitaldeasturias.com\/radio\/las-guarderias-alemanas-recibiran-5-500-millones-de-euros-de-inversion\/#newsarticle","name":"Las guarder\u00edas alemanas recibir\u00e1n 5.500 millones de euros de inversi\u00f3n | El Digital de Asturias","headline":"Las guarder\u00edas alemanas recibir\u00e1n 5.500 millones de euros de inversi\u00f3n","author":{"@id":"https:\/\/eldigitaldeasturias.com\/radio\/author\/nbasturias\/#author"},"publisher":{"@id":"https:\/\/eldigitaldeasturias.com\/radio\/#organization"},"image":{"@type":"ImageObject","url":"https:\/\/eldigitaldeasturias.com\/radio\/wp-content\/uploads\/2019\/11\/guarderias-alemanas.jpg","width":1050,"height":668,"caption":"Varias mochilas cuelgan en la entrada de una guarder\u00eda alemana. Foto: Waltraud Grubitzsch\/zb\/dpa"},"datePublished":"2019-11-24T03:52:59+01:00","dateModified":"2019-11-24T03:52:59+01:00","inLanguage":"es-ES","mainEntityOfPage":{"@id":"https:\/\/eldigitaldeasturias.com\/radio\/las-guarderias-alemanas-recibiran-5-500-millones-de-euros-de-inversion\/#webpage"},"isPartOf":{"@id":"https:\/\/eldigitaldeasturias.com\/radio\/las-guarderias-alemanas-recibiran-5-500-millones-de-euros-de-inversion\/#webpage"},"articleSection":"Noticias","dateline":"Publicado el noviembre 24, 2019."},{"@type":"Organization","@id":"https:\/\/eldigitaldeasturias.com\/radio\/#organization","name":"El digital de Asturias Radio","description":"Diario de informaci\u00f3n y noticias","url":"https:\/\/eldigitaldeasturias.com\/radio\/","telephone":"+34652131393","logo":{"@type":"ImageObject","url":"https:\/\/www.eldigitaldeasturias.com\/radio\/wp-content\/uploads\/2021\/03\/EDA.jpg","@id":"https:\/\/eldigitaldeasturias.com\/radio\/las-guarderias-alemanas-recibiran-5-500-millones-de-euros-de-inversion\/#organizationLogo"},"image":{"@id":"https:\/\/eldigitaldeasturias.com\/radio\/las-guarderias-alemanas-recibiran-5-500-millones-de-euros-de-inversion\/#organizationLogo"},"sameAs":["https:\/\/www.facebook.com\/","https:\/\/x.com\/bercodi","https:\/\/www.instagram.com\/","https:\/\/www.youtube.com\/channel\/UCZP-2wLEB9Rv6erhFmqVnvg"]},{"@type":"Person","@id":"https:\/\/eldigitaldeasturias.com\/radio\/author\/nbasturias\/#author","url":"https:\/\/eldigitaldeasturias.com\/radio\/author\/nbasturias\/","name":"NBAsturias","image":{"@type":"ImageObject","@id":"https:\/\/eldigitaldeasturias.com\/radio\/las-guarderias-alemanas-recibiran-5-500-millones-de-euros-de-inversion\/#authorImage","url":"https:\/\/secure.gravatar.com\/avatar\/df2aeffc32bcd13f8d26072ef8a91b623d677766deac7f97ca815868cd41bf5e?s=96&d=mm&r=g","width":96,"height":96,"caption":"NBAsturias"}},{"@type":"WebPage","@id":"https:\/\/eldigitaldeasturias.com\/radio\/las-guarderias-alemanas-recibiran-5-500-millones-de-euros-de-inversion\/#webpage","url":"https:\/\/eldigitaldeasturias.com\/radio\/las-guarderias-alemanas-recibiran-5-500-millones-de-euros-de-inversion\/","name":"Las guarder\u00edas alemanas recibir\u00e1n 5.500 millones de euros de inversi\u00f3n | El Digital de Asturias","description":"Berl\u00edn, 22 nov (dpa) - La ministra alemana de Familia, Franziska Giffey, anunci\u00f3 que los fondos de inversi\u00f3n dirigidos a las guarder\u00edas alemanas se empezar\u00e1n a desembolsar a partir de diciembre, tras la firma del acuerdo con los 16 estados federados. La inversi\u00f3n, que seg\u00fan la pol\u00edtica socialdem\u00f3crata se iniciar\u00e1 a partir del 10 de","inLanguage":"es-ES","isPartOf":{"@id":"https:\/\/eldigitaldeasturias.com\/radio\/#website"},"breadcrumb":{"@id":"https:\/\/eldigitaldeasturias.com\/radio\/las-guarderias-alemanas-recibiran-5-500-millones-de-euros-de-inversion\/#breadcrumblist"},"author":{"@id":"https:\/\/eldigitaldeasturias.com\/radio\/author\/nbasturias\/#author"},"creator":{"@id":"https:\/\/eldigitaldeasturias.com\/radio\/author\/nbasturias\/#author"},"image":{"@type":"ImageObject","url":"https:\/\/eldigitaldeasturias.com\/radio\/wp-content\/uploads\/2019\/11\/guarderias-alemanas.jpg","@id":"https:\/\/eldigitaldeasturias.com\/radio\/las-guarderias-alemanas-recibiran-5-500-millones-de-euros-de-inversion\/#mainImage","width":1050,"height":668,"caption":"Varias mochilas cuelgan en la entrada de una guarder\u00eda alemana. Foto: Waltraud Grubitzsch\/zb\/dpa"},"primaryImageOfPage":{"@id":"https:\/\/eldigitaldeasturias.com\/radio\/las-guarderias-alemanas-recibiran-5-500-millones-de-euros-de-inversion\/#mainImage"},"datePublished":"2019-11-24T03:52:59+01:00","dateModified":"2019-11-24T03:52:59+01:00"},{"@type":"WebSite","@id":"https:\/\/eldigitaldeasturias.com\/radio\/#website","url":"https:\/\/eldigitaldeasturias.com\/radio\/","name":"El Digital de Asturias","description":"Diario de informaci\u00f3n y noticias","inLanguage":"es-ES","publisher":{"@id":"https:\/\/eldigitaldeasturias.com\/radio\/#organization"}}]},"og:locale":"es_ES","og:site_name":"El Digital de Asturias | Diario de informaci\u00f3n y noticias","og:type":"article","og:title":"Las guarder\u00edas alemanas recibir\u00e1n 5.500 millones de euros de inversi\u00f3n | El Digital de Asturias","og:description":"Berl\u00edn, 22 nov (dpa) - La ministra alemana de Familia, Franziska Giffey, anunci\u00f3 que los fondos de inversi\u00f3n dirigidos a las guarder\u00edas alemanas se empezar\u00e1n a desembolsar a partir de diciembre, tras la firma del acuerdo con los 16 estados federados. La inversi\u00f3n, que seg\u00fan la pol\u00edtica socialdem\u00f3crata se iniciar\u00e1 a partir del 10 de","og:url":"https:\/\/eldigitaldeasturias.com\/radio\/las-guarderias-alemanas-recibiran-5-500-millones-de-euros-de-inversion\/","og:image":"https:\/\/eldigitaldeasturias.com\/radio\/wp-content\/uploads\/2019\/11\/guarderias-alemanas.jpg","og:image:secure_url":"https:\/\/eldigitaldeasturias.com\/radio\/wp-content\/uploads\/2019\/11\/guarderias-alemanas.jpg","og:image:width":1050,"og:image:height":668,"article:published_time":"2019-11-24T03:52:59+00:00","article:modified_time":"2019-11-24T03:52:59+00:00","twitter:card":"summary_large_image","twitter:site":"@bercodi","twitter:title":"Las guarder\u00edas alemanas recibir\u00e1n 5.500 millones de euros de inversi\u00f3n | El Digital de Asturias","twitter:description":"Berl\u00edn, 22 nov (dpa) - La ministra alemana de Familia, Franziska Giffey, anunci\u00f3 que los fondos de inversi\u00f3n dirigidos a las guarder\u00edas alemanas se empezar\u00e1n a desembolsar a partir de diciembre, tras la firma del acuerdo con los 16 estados federados. La inversi\u00f3n, que seg\u00fan la pol\u00edtica socialdem\u00f3crata se iniciar\u00e1 a partir del 10 de","twitter:creator":"@bercodi","twitter:image":"https:\/\/eldigitaldeasturias.com\/radio\/wp-content\/uploads\/2019\/11\/guarderias-alemanas.jpg"},"aioseo_meta_data":{"post_id":"3545","title":null,"description":null,"keywords":null,"keyphrases":null,"primary_term":null,"canonical_url":null,"og_title":null,"og_description":null,"og_object_type":"default","og_image_type":"default","og_image_url":null,"og_image_width":null,"og_image_height":null,"og_image_custom_url":null,"og_image_custom_fields":null,"og_video":null,"og_custom_url":null,"og_article_section":null,"og_article_tags":null,"twitter_use_og":false,"twitter_card":"default","twitter_image_type":"default","twitter_image_url":null,"twitter_image_custom_url":null,"twitter_image_custom_fields":null,"twitter_title":null,"twitter_description":null,"schema":{"blockGraphs":[],"customGraphs":[],"default":{"data":{"Article":[],"Course":[],"Dataset":[],"FAQPage":[],"Movie":[],"Person":[],"Product":[],"ProductReview":[],"Car":[],"Recipe":[],"Service":[],"SoftwareApplication":[],"WebPage":[]},"graphName":"","isEnabled":true},"graphs":[]},"schema_type":null,"schema_type_options":null,"pillar_content":false,"robots_default":true,"robots_noindex":false,"robots_noarchive":false,"robots_nosnippet":false,"robots_nofollow":false,"robots_noimageindex":false,"robots_noodp":false,"robots_notranslate":false,"robots_max_snippet":null,"robots_max_videopreview":null,"robots_max_imagepreview":"large","priority":null,"frequency":null,"location":null,"local_seo":null,"seo_analyzer_scan_date":"2025-08-28 14:20:23","breadcrumb_settings":null,"limit_modified_date":false,"open_ai":null,"ai":null,"created":"2021-03-26 21:23:37","updated":"2025-08-28 14:20:23"},"aioseo_breadcrumb":"<div class=\"aioseo-breadcrumbs\"><span class=\"aioseo-breadcrumb\">\n\t<a href=\"https:\/\/eldigitaldeasturias.com\/radio\" title=\"Inicio\">Inicio<\/a>\n<\/span><span class=\"aioseo-breadcrumb-separator\">&ndash;<\/span><span class=\"aioseo-breadcrumb\">\n\t<a href=\"https:\/\/eldigitaldeasturias.com\/radio\/category\/noticias\/\" title=\"Noticias\">Noticias<\/a>\n<\/span><span class=\"aioseo-breadcrumb-separator\">&ndash;<\/span><span class=\"aioseo-breadcrumb\">\n\tLas guarder\u00edas alemanas recibir\u00e1n 5.500 millones de euros de inversi\u00f3n\n<\/span><\/div>","aioseo_breadcrumb_json":[{"label":"Inicio","link":"https:\/\/eldigitaldeasturias.com\/radio"},{"label":"Noticias","link":"https:\/\/eldigitaldeasturias.com\/radio\/category\/noticias\/"},{"label":"Las guarder\u00edas alemanas recibir\u00e1n 5.500 millones de euros de inversi\u00f3n","link":"https:\/\/eldigitaldeasturias.com\/radio\/las-guarderias-alemanas-recibiran-5-500-millones-de-euros-de-inversion\/"}],"_links":{"self":[{"href":"https:\/\/eldigitaldeasturias.com\/radio\/wp-json\/wp\/v2\/posts\/3545","targetHints":{"allow":["GET"]}}],"collection":[{"href":"https:\/\/eldigitaldeasturias.com\/radio\/wp-json\/wp\/v2\/posts"}],"about":[{"href":"https:\/\/eldigitaldeasturias.com\/radio\/wp-json\/wp\/v2\/types\/post"}],"author":[{"embeddable":true,"href":"https:\/\/eldigitaldeasturias.com\/radio\/wp-json\/wp\/v2\/users\/1"}],"replies":[{"embeddable":true,"href":"https:\/\/eldigitaldeasturias.com\/radio\/wp-json\/wp\/v2\/comments?post=3545"}],"version-history":[{"count":0,"href":"https:\/\/eldigitaldeasturias.com\/radio\/wp-json\/wp\/v2\/posts\/3545\/revisions"}],"wp:featuredmedia":[{"embeddable":true,"href":"https:\/\/eldigitaldeasturias.com\/radio\/wp-json\/wp\/v2\/media\/3546"}],"wp:attachment":[{"href":"https:\/\/eldigitaldeasturias.com\/radio\/wp-json\/wp\/v2\/media?parent=3545"}],"wp:term":[{"taxonomy":"category","embeddable":true,"href":"https:\/\/eldigitaldeasturias.com\/radio\/wp-json\/wp\/v2\/categories?post=3545"},{"taxonomy":"post_tag","embeddable":true,"href":"https:\/\/eldigitaldeasturias.com\/radio\/wp-json\/wp\/v2\/tags?post=3545"}],"curies":[{"name":"wp","href":"https:\/\/api.w.org\/{rel}","templated":true}]}}