{"id":3543,"date":"2019-11-24T03:49:44","date_gmt":"2019-11-24T03:49:44","guid":{"rendered":"http:\/\/www.eldigitaldeasturias.com\/radio\/?p=3543"},"modified":"2019-11-24T03:49:44","modified_gmt":"2019-11-24T03:49:44","slug":"el-tambor-de-hojalata-en-formato-virtual","status":"publish","type":"post","link":"https:\/\/eldigitaldeasturias.com\/radio\/el-tambor-de-hojalata-en-formato-virtual\/","title":{"rendered":"\u00abEl tambor de hojalata\u00bb en formato \u201cvirtual\u201d"},"content":{"rendered":"<p>L\u00fcbeck (Alemania), 22 nov (dpa) &#8211; La legendaria obra \u00abEl tambor de hojalata\u00bb podr\u00e1 ser experimentada a trav\u00e9s de la realidad virtual en una muestra inaugurada en la casa-museo del premio Nobel de Literatura, anunci\u00f3 hoy la instituci\u00f3n.<\/p>\n<p>Gracias a la iniciativa, los visitantes pueden sumergirse con unas gafas de realidad virtual en el mundo de la novela \u00abEl tambor de hojalata\u00bb de G\u00fcnter Grass, publicada en 1959.<\/p>\n<p>\u00abQueremos motivar a la gente a leer la novela por primera vez o una segunda lectura\u00bb, dijo J\u00f6rg-Philipp Thomsa, director de la casa-museo situada en L\u00fcbeck.<\/p>\n<p>Las gafas virtuales permiten a los visitantes del museo experimentar algunos de los lugares ficticios descritos en el \u00abTambor de hojalata\u00bb.<\/p>\n<p>El punto de partida es la tienda de un comerciante de Gdansk de los a\u00f1os 30, reconstruida en el museo. En la sala virtual, los visitantes pueden tocar objetos y sumergirse en el mundo de Oskar Matzerath, la figura clave de la novela.<\/p>\n<p>El proyecto cost\u00f3 alrededor de 220.000 euros (224.180 d\u00f3lares), de los cuales el 90 por ciento forman parte del presupuesto del gobierno alem\u00e1n.<\/p>\n","protected":false},"excerpt":{"rendered":"<p>L\u00fcbeck (Alemania), 22 nov (dpa) &#8211; La legendaria obra \u00abEl tambor de hojalata\u00bb podr\u00e1 ser experimentada a trav\u00e9s de la realidad virtual en una muestra inaugurada en la casa-museo del premio Nobel de Literatura, anunci\u00f3 hoy la instituci\u00f3n. Gracias a la iniciativa, los visitantes pueden sumergirse con unas gafas de realidad virtual en el mundo<\/p>\n","protected":false},"author":1,"featured_media":62,"comment_status":"closed","ping_status":"closed","sticky":false,"template":"","format":"standard","meta":{"footnotes":""},"categories":[1],"tags":[],"class_list":{"0":"post-3543","1":"post","2":"type-post","3":"status-publish","4":"format-standard","5":"has-post-thumbnail","7":"category-noticias"},"aioseo_notices":[],"aioseo_head":"\n\t\t<!-- All in One SEO Pro 4.9.6.2 - aioseo.com -->\n\t<meta name=\"description\" content=\"L\u00fcbeck (Alemania), 22 nov (dpa) - La legendaria obra &quot;El tambor de hojalata&quot; podr\u00e1 ser experimentada a trav\u00e9s de la realidad virtual en una muestra inaugurada en la casa-museo del premio Nobel de Literatura, anunci\u00f3 hoy la instituci\u00f3n. Gracias a la iniciativa, los visitantes pueden sumergirse con unas gafas de realidad virtual en el mundo\" \/>\n\t<meta name=\"robots\" content=\"max-image-preview:large\" \/>\n\t<meta name=\"author\" content=\"NBAsturias\"\/>\n\t<meta name=\"google-site-verification\" content=\"UA-38556648-1\" \/>\n\t<meta name=\"keywords\" content=\"noticias\" \/>\n\t<link rel=\"canonical\" href=\"https:\/\/eldigitaldeasturias.com\/radio\/el-tambor-de-hojalata-en-formato-virtual\/\" \/>\n\t<meta name=\"generator\" content=\"All in One SEO Pro (AIOSEO) 4.9.6.2\" \/>\n\t\t<meta property=\"og:locale\" content=\"es_ES\" \/>\n\t\t<meta property=\"og:site_name\" content=\"El Digital de Asturias | Diario de informaci\u00f3n y noticias\" \/>\n\t\t<meta property=\"og:type\" content=\"article\" \/>\n\t\t<meta property=\"og:title\" content=\"\u00abEl tambor de hojalata\u00bb en formato \u201cvirtual\u201d | El Digital de Asturias\" \/>\n\t\t<meta property=\"og:description\" content=\"L\u00fcbeck (Alemania), 22 nov (dpa) - La legendaria obra &quot;El tambor de hojalata&quot; podr\u00e1 ser experimentada a trav\u00e9s de la realidad virtual en una muestra inaugurada en la casa-museo del premio Nobel de Literatura, anunci\u00f3 hoy la instituci\u00f3n. Gracias a la iniciativa, los visitantes pueden sumergirse con unas gafas de realidad virtual en el mundo\" \/>\n\t\t<meta property=\"og:url\" content=\"https:\/\/eldigitaldeasturias.com\/radio\/el-tambor-de-hojalata-en-formato-virtual\/\" \/>\n\t\t<meta property=\"og:image\" content=\"https:\/\/eldigitaldeasturias.com\/radio\/wp-content\/uploads\/2018\/03\/macbook-577758_1280.jpg\" \/>\n\t\t<meta property=\"og:image:secure_url\" content=\"https:\/\/eldigitaldeasturias.com\/radio\/wp-content\/uploads\/2018\/03\/macbook-577758_1280.jpg\" \/>\n\t\t<meta property=\"og:image:width\" content=\"1280\" \/>\n\t\t<meta property=\"og:image:height\" content=\"850\" \/>\n\t\t<meta property=\"article:published_time\" content=\"2019-11-24T03:49:44+00:00\" \/>\n\t\t<meta property=\"article:modified_time\" content=\"2019-11-24T03:49:44+00:00\" \/>\n\t\t<meta name=\"twitter:card\" content=\"summary_large_image\" \/>\n\t\t<meta name=\"twitter:site\" content=\"@bercodi\" \/>\n\t\t<meta name=\"twitter:title\" content=\"\u00abEl tambor de hojalata\u00bb en formato \u201cvirtual\u201d | El Digital de Asturias\" \/>\n\t\t<meta name=\"twitter:description\" content=\"L\u00fcbeck (Alemania), 22 nov (dpa) - La legendaria obra &quot;El tambor de hojalata&quot; podr\u00e1 ser experimentada a trav\u00e9s de la realidad virtual en una muestra inaugurada en la casa-museo del premio Nobel de Literatura, anunci\u00f3 hoy la instituci\u00f3n. Gracias a la iniciativa, los visitantes pueden sumergirse con unas gafas de realidad virtual en el mundo\" \/>\n\t\t<meta name=\"twitter:creator\" content=\"@bercodi\" \/>\n\t\t<meta name=\"twitter:image\" content=\"https:\/\/eldigitaldeasturias.com\/radio\/wp-content\/uploads\/2018\/03\/macbook-577758_1280.jpg\" \/>\n\t\t<script type=\"application\/ld+json\" class=\"aioseo-schema\">\n\t\t\t{\"@context\":\"https:\\\/\\\/schema.org\",\"@graph\":[{\"@type\":\"BreadcrumbList\",\"@id\":\"https:\\\/\\\/eldigitaldeasturias.com\\\/radio\\\/el-tambor-de-hojalata-en-formato-virtual\\\/#breadcrumblist\",\"itemListElement\":[{\"@type\":\"ListItem\",\"@id\":\"https:\\\/\\\/eldigitaldeasturias.com\\\/radio#listItem\",\"position\":1,\"name\":\"Inicio\",\"item\":\"https:\\\/\\\/eldigitaldeasturias.com\\\/radio\",\"nextItem\":{\"@type\":\"ListItem\",\"@id\":\"https:\\\/\\\/eldigitaldeasturias.com\\\/radio\\\/category\\\/noticias\\\/#listItem\",\"name\":\"Noticias\"}},{\"@type\":\"ListItem\",\"@id\":\"https:\\\/\\\/eldigitaldeasturias.com\\\/radio\\\/category\\\/noticias\\\/#listItem\",\"position\":2,\"name\":\"Noticias\",\"item\":\"https:\\\/\\\/eldigitaldeasturias.com\\\/radio\\\/category\\\/noticias\\\/\",\"nextItem\":{\"@type\":\"ListItem\",\"@id\":\"https:\\\/\\\/eldigitaldeasturias.com\\\/radio\\\/el-tambor-de-hojalata-en-formato-virtual\\\/#listItem\",\"name\":\"\\u00abEl tambor de hojalata\\u00bb en formato \\u201cvirtual\\u201d\"},\"previousItem\":{\"@type\":\"ListItem\",\"@id\":\"https:\\\/\\\/eldigitaldeasturias.com\\\/radio#listItem\",\"name\":\"Inicio\"}},{\"@type\":\"ListItem\",\"@id\":\"https:\\\/\\\/eldigitaldeasturias.com\\\/radio\\\/el-tambor-de-hojalata-en-formato-virtual\\\/#listItem\",\"position\":3,\"name\":\"\\u00abEl tambor de hojalata\\u00bb en formato \\u201cvirtual\\u201d\",\"previousItem\":{\"@type\":\"ListItem\",\"@id\":\"https:\\\/\\\/eldigitaldeasturias.com\\\/radio\\\/category\\\/noticias\\\/#listItem\",\"name\":\"Noticias\"}}]},{\"@type\":\"NewsArticle\",\"@id\":\"https:\\\/\\\/eldigitaldeasturias.com\\\/radio\\\/el-tambor-de-hojalata-en-formato-virtual\\\/#newsarticle\",\"name\":\"\\u00abEl tambor de hojalata\\u00bb en formato \\u201cvirtual\\u201d | El Digital de Asturias\",\"headline\":\"\\u00abEl tambor de hojalata\\u00bb en formato \\u201cvirtual\\u201d\",\"author\":{\"@id\":\"https:\\\/\\\/eldigitaldeasturias.com\\\/radio\\\/author\\\/nbasturias\\\/#author\"},\"publisher\":{\"@id\":\"https:\\\/\\\/eldigitaldeasturias.com\\\/radio\\\/#organization\"},\"image\":{\"@type\":\"ImageObject\",\"url\":\"https:\\\/\\\/eldigitaldeasturias.com\\\/radio\\\/wp-content\\\/uploads\\\/2018\\\/03\\\/macbook-577758_1280.jpg\",\"width\":1280,\"height\":850},\"datePublished\":\"2019-11-24T03:49:44+01:00\",\"dateModified\":\"2019-11-24T03:49:44+01:00\",\"inLanguage\":\"es-ES\",\"mainEntityOfPage\":{\"@id\":\"https:\\\/\\\/eldigitaldeasturias.com\\\/radio\\\/el-tambor-de-hojalata-en-formato-virtual\\\/#webpage\"},\"isPartOf\":{\"@id\":\"https:\\\/\\\/eldigitaldeasturias.com\\\/radio\\\/el-tambor-de-hojalata-en-formato-virtual\\\/#webpage\"},\"articleSection\":\"Noticias\",\"dateline\":\"Publicado el noviembre 24, 2019.\"},{\"@type\":\"Organization\",\"@id\":\"https:\\\/\\\/eldigitaldeasturias.com\\\/radio\\\/#organization\",\"name\":\"El digital de Asturias Radio\",\"description\":\"Diario de informaci\\u00f3n y noticias\",\"url\":\"https:\\\/\\\/eldigitaldeasturias.com\\\/radio\\\/\",\"telephone\":\"+34652131393\",\"logo\":{\"@type\":\"ImageObject\",\"url\":\"https:\\\/\\\/www.eldigitaldeasturias.com\\\/radio\\\/wp-content\\\/uploads\\\/2021\\\/03\\\/EDA.jpg\",\"@id\":\"https:\\\/\\\/eldigitaldeasturias.com\\\/radio\\\/el-tambor-de-hojalata-en-formato-virtual\\\/#organizationLogo\"},\"image\":{\"@id\":\"https:\\\/\\\/eldigitaldeasturias.com\\\/radio\\\/el-tambor-de-hojalata-en-formato-virtual\\\/#organizationLogo\"},\"sameAs\":[\"https:\\\/\\\/www.facebook.com\\\/\",\"https:\\\/\\\/x.com\\\/bercodi\",\"https:\\\/\\\/www.instagram.com\\\/\",\"https:\\\/\\\/www.youtube.com\\\/channel\\\/UCZP-2wLEB9Rv6erhFmqVnvg\"]},{\"@type\":\"Person\",\"@id\":\"https:\\\/\\\/eldigitaldeasturias.com\\\/radio\\\/author\\\/nbasturias\\\/#author\",\"url\":\"https:\\\/\\\/eldigitaldeasturias.com\\\/radio\\\/author\\\/nbasturias\\\/\",\"name\":\"NBAsturias\",\"image\":{\"@type\":\"ImageObject\",\"@id\":\"https:\\\/\\\/eldigitaldeasturias.com\\\/radio\\\/el-tambor-de-hojalata-en-formato-virtual\\\/#authorImage\",\"url\":\"https:\\\/\\\/secure.gravatar.com\\\/avatar\\\/df2aeffc32bcd13f8d26072ef8a91b623d677766deac7f97ca815868cd41bf5e?s=96&d=mm&r=g\",\"width\":96,\"height\":96,\"caption\":\"NBAsturias\"}},{\"@type\":\"WebPage\",\"@id\":\"https:\\\/\\\/eldigitaldeasturias.com\\\/radio\\\/el-tambor-de-hojalata-en-formato-virtual\\\/#webpage\",\"url\":\"https:\\\/\\\/eldigitaldeasturias.com\\\/radio\\\/el-tambor-de-hojalata-en-formato-virtual\\\/\",\"name\":\"\\u00abEl tambor de hojalata\\u00bb en formato \\u201cvirtual\\u201d | El Digital de Asturias\",\"description\":\"L\\u00fcbeck (Alemania), 22 nov (dpa) - La legendaria obra \\\"El tambor de hojalata\\\" podr\\u00e1 ser experimentada a trav\\u00e9s de la realidad virtual en una muestra inaugurada en la casa-museo del premio Nobel de Literatura, anunci\\u00f3 hoy la instituci\\u00f3n. Gracias a la iniciativa, los visitantes pueden sumergirse con unas gafas de realidad virtual en el mundo\",\"inLanguage\":\"es-ES\",\"isPartOf\":{\"@id\":\"https:\\\/\\\/eldigitaldeasturias.com\\\/radio\\\/#website\"},\"breadcrumb\":{\"@id\":\"https:\\\/\\\/eldigitaldeasturias.com\\\/radio\\\/el-tambor-de-hojalata-en-formato-virtual\\\/#breadcrumblist\"},\"author\":{\"@id\":\"https:\\\/\\\/eldigitaldeasturias.com\\\/radio\\\/author\\\/nbasturias\\\/#author\"},\"creator\":{\"@id\":\"https:\\\/\\\/eldigitaldeasturias.com\\\/radio\\\/author\\\/nbasturias\\\/#author\"},\"image\":{\"@type\":\"ImageObject\",\"url\":\"https:\\\/\\\/eldigitaldeasturias.com\\\/radio\\\/wp-content\\\/uploads\\\/2018\\\/03\\\/macbook-577758_1280.jpg\",\"@id\":\"https:\\\/\\\/eldigitaldeasturias.com\\\/radio\\\/el-tambor-de-hojalata-en-formato-virtual\\\/#mainImage\",\"width\":1280,\"height\":850},\"primaryImageOfPage\":{\"@id\":\"https:\\\/\\\/eldigitaldeasturias.com\\\/radio\\\/el-tambor-de-hojalata-en-formato-virtual\\\/#mainImage\"},\"datePublished\":\"2019-11-24T03:49:44+01:00\",\"dateModified\":\"2019-11-24T03:49:44+01:00\"},{\"@type\":\"WebSite\",\"@id\":\"https:\\\/\\\/eldigitaldeasturias.com\\\/radio\\\/#website\",\"url\":\"https:\\\/\\\/eldigitaldeasturias.com\\\/radio\\\/\",\"name\":\"El Digital de Asturias\",\"description\":\"Diario de informaci\\u00f3n y noticias\",\"inLanguage\":\"es-ES\",\"publisher\":{\"@id\":\"https:\\\/\\\/eldigitaldeasturias.com\\\/radio\\\/#organization\"}}]}\n\t\t<\/script>\n\t\t<!-- All in One SEO Pro -->\r\n\t\t<title>\u00abEl tambor de hojalata\u00bb en formato \u201cvirtual\u201d | El Digital de Asturias<\/title>\n\n","aioseo_head_json":{"title":"\u00abEl tambor de hojalata\u00bb en formato \u201cvirtual\u201d | El Digital de Asturias","description":"L\u00fcbeck (Alemania), 22 nov (dpa) - La legendaria obra \"El tambor de hojalata\" podr\u00e1 ser experimentada a trav\u00e9s de la realidad virtual en una muestra inaugurada en la casa-museo del premio Nobel de Literatura, anunci\u00f3 hoy la instituci\u00f3n. Gracias a la iniciativa, los visitantes pueden sumergirse con unas gafas de realidad virtual en el mundo","canonical_url":"https:\/\/eldigitaldeasturias.com\/radio\/el-tambor-de-hojalata-en-formato-virtual\/","robots":"max-image-preview:large","keywords":"noticias","webmasterTools":{"google-site-verification":"UA-38556648-1","miscellaneous":""},"schema":{"@context":"https:\/\/schema.org","@graph":[{"@type":"BreadcrumbList","@id":"https:\/\/eldigitaldeasturias.com\/radio\/el-tambor-de-hojalata-en-formato-virtual\/#breadcrumblist","itemListElement":[{"@type":"ListItem","@id":"https:\/\/eldigitaldeasturias.com\/radio#listItem","position":1,"name":"Inicio","item":"https:\/\/eldigitaldeasturias.com\/radio","nextItem":{"@type":"ListItem","@id":"https:\/\/eldigitaldeasturias.com\/radio\/category\/noticias\/#listItem","name":"Noticias"}},{"@type":"ListItem","@id":"https:\/\/eldigitaldeasturias.com\/radio\/category\/noticias\/#listItem","position":2,"name":"Noticias","item":"https:\/\/eldigitaldeasturias.com\/radio\/category\/noticias\/","nextItem":{"@type":"ListItem","@id":"https:\/\/eldigitaldeasturias.com\/radio\/el-tambor-de-hojalata-en-formato-virtual\/#listItem","name":"\u00abEl tambor de hojalata\u00bb en formato \u201cvirtual\u201d"},"previousItem":{"@type":"ListItem","@id":"https:\/\/eldigitaldeasturias.com\/radio#listItem","name":"Inicio"}},{"@type":"ListItem","@id":"https:\/\/eldigitaldeasturias.com\/radio\/el-tambor-de-hojalata-en-formato-virtual\/#listItem","position":3,"name":"\u00abEl tambor de hojalata\u00bb en formato \u201cvirtual\u201d","previousItem":{"@type":"ListItem","@id":"https:\/\/eldigitaldeasturias.com\/radio\/category\/noticias\/#listItem","name":"Noticias"}}]},{"@type":"NewsArticle","@id":"https:\/\/eldigitaldeasturias.com\/radio\/el-tambor-de-hojalata-en-formato-virtual\/#newsarticle","name":"\u00abEl tambor de hojalata\u00bb en formato \u201cvirtual\u201d | El Digital de Asturias","headline":"\u00abEl tambor de hojalata\u00bb en formato \u201cvirtual\u201d","author":{"@id":"https:\/\/eldigitaldeasturias.com\/radio\/author\/nbasturias\/#author"},"publisher":{"@id":"https:\/\/eldigitaldeasturias.com\/radio\/#organization"},"image":{"@type":"ImageObject","url":"https:\/\/eldigitaldeasturias.com\/radio\/wp-content\/uploads\/2018\/03\/macbook-577758_1280.jpg","width":1280,"height":850},"datePublished":"2019-11-24T03:49:44+01:00","dateModified":"2019-11-24T03:49:44+01:00","inLanguage":"es-ES","mainEntityOfPage":{"@id":"https:\/\/eldigitaldeasturias.com\/radio\/el-tambor-de-hojalata-en-formato-virtual\/#webpage"},"isPartOf":{"@id":"https:\/\/eldigitaldeasturias.com\/radio\/el-tambor-de-hojalata-en-formato-virtual\/#webpage"},"articleSection":"Noticias","dateline":"Publicado el noviembre 24, 2019."},{"@type":"Organization","@id":"https:\/\/eldigitaldeasturias.com\/radio\/#organization","name":"El digital de Asturias Radio","description":"Diario de informaci\u00f3n y noticias","url":"https:\/\/eldigitaldeasturias.com\/radio\/","telephone":"+34652131393","logo":{"@type":"ImageObject","url":"https:\/\/www.eldigitaldeasturias.com\/radio\/wp-content\/uploads\/2021\/03\/EDA.jpg","@id":"https:\/\/eldigitaldeasturias.com\/radio\/el-tambor-de-hojalata-en-formato-virtual\/#organizationLogo"},"image":{"@id":"https:\/\/eldigitaldeasturias.com\/radio\/el-tambor-de-hojalata-en-formato-virtual\/#organizationLogo"},"sameAs":["https:\/\/www.facebook.com\/","https:\/\/x.com\/bercodi","https:\/\/www.instagram.com\/","https:\/\/www.youtube.com\/channel\/UCZP-2wLEB9Rv6erhFmqVnvg"]},{"@type":"Person","@id":"https:\/\/eldigitaldeasturias.com\/radio\/author\/nbasturias\/#author","url":"https:\/\/eldigitaldeasturias.com\/radio\/author\/nbasturias\/","name":"NBAsturias","image":{"@type":"ImageObject","@id":"https:\/\/eldigitaldeasturias.com\/radio\/el-tambor-de-hojalata-en-formato-virtual\/#authorImage","url":"https:\/\/secure.gravatar.com\/avatar\/df2aeffc32bcd13f8d26072ef8a91b623d677766deac7f97ca815868cd41bf5e?s=96&d=mm&r=g","width":96,"height":96,"caption":"NBAsturias"}},{"@type":"WebPage","@id":"https:\/\/eldigitaldeasturias.com\/radio\/el-tambor-de-hojalata-en-formato-virtual\/#webpage","url":"https:\/\/eldigitaldeasturias.com\/radio\/el-tambor-de-hojalata-en-formato-virtual\/","name":"\u00abEl tambor de hojalata\u00bb en formato \u201cvirtual\u201d | El Digital de Asturias","description":"L\u00fcbeck (Alemania), 22 nov (dpa) - La legendaria obra \"El tambor de hojalata\" podr\u00e1 ser experimentada a trav\u00e9s de la realidad virtual en una muestra inaugurada en la casa-museo del premio Nobel de Literatura, anunci\u00f3 hoy la instituci\u00f3n. Gracias a la iniciativa, los visitantes pueden sumergirse con unas gafas de realidad virtual en el mundo","inLanguage":"es-ES","isPartOf":{"@id":"https:\/\/eldigitaldeasturias.com\/radio\/#website"},"breadcrumb":{"@id":"https:\/\/eldigitaldeasturias.com\/radio\/el-tambor-de-hojalata-en-formato-virtual\/#breadcrumblist"},"author":{"@id":"https:\/\/eldigitaldeasturias.com\/radio\/author\/nbasturias\/#author"},"creator":{"@id":"https:\/\/eldigitaldeasturias.com\/radio\/author\/nbasturias\/#author"},"image":{"@type":"ImageObject","url":"https:\/\/eldigitaldeasturias.com\/radio\/wp-content\/uploads\/2018\/03\/macbook-577758_1280.jpg","@id":"https:\/\/eldigitaldeasturias.com\/radio\/el-tambor-de-hojalata-en-formato-virtual\/#mainImage","width":1280,"height":850},"primaryImageOfPage":{"@id":"https:\/\/eldigitaldeasturias.com\/radio\/el-tambor-de-hojalata-en-formato-virtual\/#mainImage"},"datePublished":"2019-11-24T03:49:44+01:00","dateModified":"2019-11-24T03:49:44+01:00"},{"@type":"WebSite","@id":"https:\/\/eldigitaldeasturias.com\/radio\/#website","url":"https:\/\/eldigitaldeasturias.com\/radio\/","name":"El Digital de Asturias","description":"Diario de informaci\u00f3n y noticias","inLanguage":"es-ES","publisher":{"@id":"https:\/\/eldigitaldeasturias.com\/radio\/#organization"}}]},"og:locale":"es_ES","og:site_name":"El Digital de Asturias | Diario de informaci\u00f3n y noticias","og:type":"article","og:title":"\u00abEl tambor de hojalata\u00bb en formato \u201cvirtual\u201d | El Digital de Asturias","og:description":"L\u00fcbeck (Alemania), 22 nov (dpa) - La legendaria obra &quot;El tambor de hojalata&quot; podr\u00e1 ser experimentada a trav\u00e9s de la realidad virtual en una muestra inaugurada en la casa-museo del premio Nobel de Literatura, anunci\u00f3 hoy la instituci\u00f3n. Gracias a la iniciativa, los visitantes pueden sumergirse con unas gafas de realidad virtual en el mundo","og:url":"https:\/\/eldigitaldeasturias.com\/radio\/el-tambor-de-hojalata-en-formato-virtual\/","og:image":"https:\/\/eldigitaldeasturias.com\/radio\/wp-content\/uploads\/2018\/03\/macbook-577758_1280.jpg","og:image:secure_url":"https:\/\/eldigitaldeasturias.com\/radio\/wp-content\/uploads\/2018\/03\/macbook-577758_1280.jpg","og:image:width":1280,"og:image:height":850,"article:published_time":"2019-11-24T03:49:44+00:00","article:modified_time":"2019-11-24T03:49:44+00:00","twitter:card":"summary_large_image","twitter:site":"@bercodi","twitter:title":"\u00abEl tambor de hojalata\u00bb en formato \u201cvirtual\u201d | El Digital de Asturias","twitter:description":"L\u00fcbeck (Alemania), 22 nov (dpa) - La legendaria obra &quot;El tambor de hojalata&quot; podr\u00e1 ser experimentada a trav\u00e9s de la realidad virtual en una muestra inaugurada en la casa-museo del premio Nobel de Literatura, anunci\u00f3 hoy la instituci\u00f3n. Gracias a la iniciativa, los visitantes pueden sumergirse con unas gafas de realidad virtual en el mundo","twitter:creator":"@bercodi","twitter:image":"https:\/\/eldigitaldeasturias.com\/radio\/wp-content\/uploads\/2018\/03\/macbook-577758_1280.jpg"},"aioseo_meta_data":{"post_id":"3543","title":null,"description":null,"keywords":null,"keyphrases":null,"primary_term":null,"canonical_url":null,"og_title":null,"og_description":null,"og_object_type":"default","og_image_type":"default","og_image_url":null,"og_image_width":null,"og_image_height":null,"og_image_custom_url":null,"og_image_custom_fields":null,"og_video":null,"og_custom_url":null,"og_article_section":null,"og_article_tags":null,"twitter_use_og":false,"twitter_card":"default","twitter_image_type":"default","twitter_image_url":null,"twitter_image_custom_url":null,"twitter_image_custom_fields":null,"twitter_title":null,"twitter_description":null,"schema":{"blockGraphs":[],"customGraphs":[],"default":{"data":{"Article":[],"Course":[],"Dataset":[],"FAQPage":[],"Movie":[],"Person":[],"Product":[],"ProductReview":[],"Car":[],"Recipe":[],"Service":[],"SoftwareApplication":[],"WebPage":[]},"graphName":"","isEnabled":true},"graphs":[],"defaultGraph":"","defaultPostTypeGraph":""},"schema_type":null,"schema_type_options":null,"pillar_content":false,"robots_default":true,"robots_noindex":false,"robots_noarchive":false,"robots_nosnippet":false,"robots_nofollow":false,"robots_noimageindex":false,"robots_noodp":false,"robots_notranslate":false,"robots_max_snippet":null,"robots_max_videopreview":null,"robots_max_imagepreview":"large","priority":null,"frequency":null,"location":null,"local_seo":null,"seo_analyzer_scan_date":"2025-08-28 14:20:22","breadcrumb_settings":null,"limit_modified_date":false,"open_ai":null,"ai":null,"created":"2021-03-26 21:23:37","updated":"2025-08-28 14:20:22"},"aioseo_breadcrumb":"<div class=\"aioseo-breadcrumbs\"><span class=\"aioseo-breadcrumb\">\n\t<a href=\"https:\/\/eldigitaldeasturias.com\/radio\" title=\"Inicio\">Inicio<\/a>\n<\/span><span class=\"aioseo-breadcrumb-separator\">&ndash;<\/span><span class=\"aioseo-breadcrumb\">\n\t<a href=\"https:\/\/eldigitaldeasturias.com\/radio\/category\/noticias\/\" title=\"Noticias\">Noticias<\/a>\n<\/span><span class=\"aioseo-breadcrumb-separator\">&ndash;<\/span><span class=\"aioseo-breadcrumb\">\n\t\u00abEl tambor de hojalata\u00bb en formato \u201cvirtual\u201d\n<\/span><\/div>","aioseo_breadcrumb_json":[{"label":"Inicio","link":"https:\/\/eldigitaldeasturias.com\/radio"},{"label":"Noticias","link":"https:\/\/eldigitaldeasturias.com\/radio\/category\/noticias\/"},{"label":"\u00abEl tambor de hojalata\u00bb en formato \u201cvirtual\u201d","link":"https:\/\/eldigitaldeasturias.com\/radio\/el-tambor-de-hojalata-en-formato-virtual\/"}],"_links":{"self":[{"href":"https:\/\/eldigitaldeasturias.com\/radio\/wp-json\/wp\/v2\/posts\/3543","targetHints":{"allow":["GET"]}}],"collection":[{"href":"https:\/\/eldigitaldeasturias.com\/radio\/wp-json\/wp\/v2\/posts"}],"about":[{"href":"https:\/\/eldigitaldeasturias.com\/radio\/wp-json\/wp\/v2\/types\/post"}],"author":[{"embeddable":true,"href":"https:\/\/eldigitaldeasturias.com\/radio\/wp-json\/wp\/v2\/users\/1"}],"replies":[{"embeddable":true,"href":"https:\/\/eldigitaldeasturias.com\/radio\/wp-json\/wp\/v2\/comments?post=3543"}],"version-history":[{"count":0,"href":"https:\/\/eldigitaldeasturias.com\/radio\/wp-json\/wp\/v2\/posts\/3543\/revisions"}],"wp:featuredmedia":[{"embeddable":true,"href":"https:\/\/eldigitaldeasturias.com\/radio\/wp-json\/wp\/v2\/media\/62"}],"wp:attachment":[{"href":"https:\/\/eldigitaldeasturias.com\/radio\/wp-json\/wp\/v2\/media?parent=3543"}],"wp:term":[{"taxonomy":"category","embeddable":true,"href":"https:\/\/eldigitaldeasturias.com\/radio\/wp-json\/wp\/v2\/categories?post=3543"},{"taxonomy":"post_tag","embeddable":true,"href":"https:\/\/eldigitaldeasturias.com\/radio\/wp-json\/wp\/v2\/tags?post=3543"}],"curies":[{"name":"wp","href":"https:\/\/api.w.org\/{rel}","templated":true}]}}