{"id":3539,"date":"2019-11-24T03:46:34","date_gmt":"2019-11-24T03:46:34","guid":{"rendered":"http:\/\/www.eldigitaldeasturias.com\/radio\/?p=3539"},"modified":"2019-11-24T03:46:34","modified_gmt":"2019-11-24T03:46:34","slug":"policia-alemana-afd-debilita-la-confianza-en-cuerpos-de-seguridad","status":"publish","type":"post","link":"https:\/\/eldigitaldeasturias.com\/radio\/policia-alemana-afd-debilita-la-confianza-en-cuerpos-de-seguridad\/","title":{"rendered":"Polic\u00eda alemana: AfD debilita la confianza en cuerpos de seguridad"},"content":{"rendered":"<p>Berl\u00edn, 22 nov (dpa) &#8211; La Federaci\u00f3n de la Pol\u00edcia Criminal Alemana (BDK) advirti\u00f3 que el partido ultraderechista AfD est\u00e1 minando la confianza en el trabajo de los cuerpos de seguridad alemanes, seg\u00fan dijo su presidente Sebastian Fiedler en el programa Morgenmagazin de ZDF, la segunda cadena de la televisi\u00f3n p\u00fablica.<\/p>\n<p>Si Alianza por Alemania (AfD) dejara de hacerlo, \u00abdespu\u00e9s todas sus l\u00edneas narrativas no funcionar\u00edan\u00bb, dijo Fiedler.<\/p>\n<p>\u00abPorque ellos hacen ver que est\u00e1n de nuestro lado -de parte de los cuerpos de seguridad- y luego se presentan como los \u00fanicos que ayudan a mejorar el sistema, por as\u00ed decirlo\u00bb, a\u00f1adi\u00f3 Fiedler.<\/p>\n<p>Seg\u00fan Fiedler, esta p\u00e9rdida de confianza es decisiva a la hora de influir en el sentimiento de seguridad de la poblaci\u00f3n, ya que las acciones espec\u00edficas no son tan decisivas.<\/p>\n<p>\u00abTanto los partidos de extrema izquierda como los de extrema derecha incluyen esto en concreto en su agenda\u00bb, prosigui\u00f3 Fiedler, quien tambi\u00e9n a\u00f1adi\u00f3 que no hay pruebas de que exista una relaci\u00f3n entre la evoluci\u00f3n de las estad\u00edsticas o la labor de la polic\u00eda y la sensaci\u00f3n de inseguridad de la poblaci\u00f3n.<\/p>\n<p>Seg\u00fan el Ministerio del Interior alem\u00e1n, el n\u00famero de delitos registrados en 2018 lleg\u00f3 a su nivel m\u00e1s bajo desde 1992, pero no est\u00e1 claro cu\u00e1ntos cr\u00edmenes quedan sin denunciar.<\/p>\n","protected":false},"excerpt":{"rendered":"<p>Berl\u00edn, 22 nov (dpa) &#8211; La Federaci\u00f3n de la Pol\u00edcia Criminal Alemana (BDK) advirti\u00f3 que el partido ultraderechista AfD est\u00e1 minando la confianza en el trabajo de los cuerpos de seguridad alemanes, seg\u00fan dijo su presidente Sebastian Fiedler en el programa Morgenmagazin de ZDF, la segunda cadena de la televisi\u00f3n p\u00fablica. Si Alianza por Alemania<\/p>\n","protected":false},"author":1,"featured_media":1352,"comment_status":"closed","ping_status":"closed","sticky":false,"template":"","format":"standard","meta":{"footnotes":""},"categories":[1],"tags":[],"class_list":{"0":"post-3539","1":"post","2":"type-post","3":"status-publish","4":"format-standard","5":"has-post-thumbnail","7":"category-noticias"},"aioseo_notices":[],"aioseo_head":"\n\t\t<!-- All in One SEO Pro 4.9.6.2 - aioseo.com -->\n\t<meta name=\"description\" content=\"Berl\u00edn, 22 nov (dpa) - La Federaci\u00f3n de la Pol\u00edcia Criminal Alemana (BDK) advirti\u00f3 que el partido ultraderechista AfD est\u00e1 minando la confianza en el trabajo de los cuerpos de seguridad alemanes, seg\u00fan dijo su presidente Sebastian Fiedler en el programa Morgenmagazin de ZDF, la segunda cadena de la televisi\u00f3n p\u00fablica. Si Alianza por Alemania\" \/>\n\t<meta name=\"robots\" content=\"max-image-preview:large\" \/>\n\t<meta name=\"author\" content=\"NBAsturias\"\/>\n\t<meta name=\"google-site-verification\" content=\"UA-38556648-1\" \/>\n\t<meta name=\"keywords\" content=\"noticias\" \/>\n\t<link rel=\"canonical\" href=\"https:\/\/eldigitaldeasturias.com\/radio\/policia-alemana-afd-debilita-la-confianza-en-cuerpos-de-seguridad\/\" \/>\n\t<meta name=\"generator\" content=\"All in One SEO Pro (AIOSEO) 4.9.6.2\" \/>\n\t\t<meta property=\"og:locale\" content=\"es_ES\" \/>\n\t\t<meta property=\"og:site_name\" content=\"El Digital de Asturias | Diario de informaci\u00f3n y noticias\" \/>\n\t\t<meta property=\"og:type\" content=\"article\" \/>\n\t\t<meta property=\"og:title\" content=\"Polic\u00eda alemana: AfD debilita la confianza en cuerpos de seguridad | El Digital de Asturias\" \/>\n\t\t<meta property=\"og:description\" content=\"Berl\u00edn, 22 nov (dpa) - La Federaci\u00f3n de la Pol\u00edcia Criminal Alemana (BDK) advirti\u00f3 que el partido ultraderechista AfD est\u00e1 minando la confianza en el trabajo de los cuerpos de seguridad alemanes, seg\u00fan dijo su presidente Sebastian Fiedler en el programa Morgenmagazin de ZDF, la segunda cadena de la televisi\u00f3n p\u00fablica. Si Alianza por Alemania\" \/>\n\t\t<meta property=\"og:url\" content=\"https:\/\/eldigitaldeasturias.com\/radio\/policia-alemana-afd-debilita-la-confianza-en-cuerpos-de-seguridad\/\" \/>\n\t\t<meta property=\"og:image\" content=\"https:\/\/eldigitaldeasturias.com\/radio\/wp-content\/uploads\/2018\/10\/technology-785742_960_720.jpg\" \/>\n\t\t<meta property=\"og:image:secure_url\" content=\"https:\/\/eldigitaldeasturias.com\/radio\/wp-content\/uploads\/2018\/10\/technology-785742_960_720.jpg\" \/>\n\t\t<meta property=\"og:image:width\" content=\"960\" \/>\n\t\t<meta property=\"og:image:height\" content=\"640\" \/>\n\t\t<meta property=\"article:published_time\" content=\"2019-11-24T03:46:34+00:00\" \/>\n\t\t<meta property=\"article:modified_time\" content=\"2019-11-24T03:46:34+00:00\" \/>\n\t\t<meta name=\"twitter:card\" content=\"summary_large_image\" \/>\n\t\t<meta name=\"twitter:site\" content=\"@bercodi\" \/>\n\t\t<meta name=\"twitter:title\" content=\"Polic\u00eda alemana: AfD debilita la confianza en cuerpos de seguridad | El Digital de Asturias\" \/>\n\t\t<meta name=\"twitter:description\" content=\"Berl\u00edn, 22 nov (dpa) - La Federaci\u00f3n de la Pol\u00edcia Criminal Alemana (BDK) advirti\u00f3 que el partido ultraderechista AfD est\u00e1 minando la confianza en el trabajo de los cuerpos de seguridad alemanes, seg\u00fan dijo su presidente Sebastian Fiedler en el programa Morgenmagazin de ZDF, la segunda cadena de la televisi\u00f3n p\u00fablica. Si Alianza por Alemania\" \/>\n\t\t<meta name=\"twitter:creator\" content=\"@bercodi\" \/>\n\t\t<meta name=\"twitter:image\" content=\"https:\/\/eldigitaldeasturias.com\/radio\/wp-content\/uploads\/2018\/10\/technology-785742_960_720.jpg\" \/>\n\t\t<script type=\"application\/ld+json\" class=\"aioseo-schema\">\n\t\t\t{\"@context\":\"https:\\\/\\\/schema.org\",\"@graph\":[{\"@type\":\"BreadcrumbList\",\"@id\":\"https:\\\/\\\/eldigitaldeasturias.com\\\/radio\\\/policia-alemana-afd-debilita-la-confianza-en-cuerpos-de-seguridad\\\/#breadcrumblist\",\"itemListElement\":[{\"@type\":\"ListItem\",\"@id\":\"https:\\\/\\\/eldigitaldeasturias.com\\\/radio#listItem\",\"position\":1,\"name\":\"Inicio\",\"item\":\"https:\\\/\\\/eldigitaldeasturias.com\\\/radio\",\"nextItem\":{\"@type\":\"ListItem\",\"@id\":\"https:\\\/\\\/eldigitaldeasturias.com\\\/radio\\\/category\\\/noticias\\\/#listItem\",\"name\":\"Noticias\"}},{\"@type\":\"ListItem\",\"@id\":\"https:\\\/\\\/eldigitaldeasturias.com\\\/radio\\\/category\\\/noticias\\\/#listItem\",\"position\":2,\"name\":\"Noticias\",\"item\":\"https:\\\/\\\/eldigitaldeasturias.com\\\/radio\\\/category\\\/noticias\\\/\",\"nextItem\":{\"@type\":\"ListItem\",\"@id\":\"https:\\\/\\\/eldigitaldeasturias.com\\\/radio\\\/policia-alemana-afd-debilita-la-confianza-en-cuerpos-de-seguridad\\\/#listItem\",\"name\":\"Polic\\u00eda alemana: AfD debilita la confianza en cuerpos de seguridad\"},\"previousItem\":{\"@type\":\"ListItem\",\"@id\":\"https:\\\/\\\/eldigitaldeasturias.com\\\/radio#listItem\",\"name\":\"Inicio\"}},{\"@type\":\"ListItem\",\"@id\":\"https:\\\/\\\/eldigitaldeasturias.com\\\/radio\\\/policia-alemana-afd-debilita-la-confianza-en-cuerpos-de-seguridad\\\/#listItem\",\"position\":3,\"name\":\"Polic\\u00eda alemana: AfD debilita la confianza en cuerpos de seguridad\",\"previousItem\":{\"@type\":\"ListItem\",\"@id\":\"https:\\\/\\\/eldigitaldeasturias.com\\\/radio\\\/category\\\/noticias\\\/#listItem\",\"name\":\"Noticias\"}}]},{\"@type\":\"NewsArticle\",\"@id\":\"https:\\\/\\\/eldigitaldeasturias.com\\\/radio\\\/policia-alemana-afd-debilita-la-confianza-en-cuerpos-de-seguridad\\\/#newsarticle\",\"name\":\"Polic\\u00eda alemana: AfD debilita la confianza en cuerpos de seguridad | El Digital de Asturias\",\"headline\":\"Polic\\u00eda alemana: AfD debilita la confianza en cuerpos de seguridad\",\"author\":{\"@id\":\"https:\\\/\\\/eldigitaldeasturias.com\\\/radio\\\/author\\\/nbasturias\\\/#author\"},\"publisher\":{\"@id\":\"https:\\\/\\\/eldigitaldeasturias.com\\\/radio\\\/#organization\"},\"image\":{\"@type\":\"ImageObject\",\"url\":\"https:\\\/\\\/eldigitaldeasturias.com\\\/radio\\\/wp-content\\\/uploads\\\/2018\\\/10\\\/technology-785742_960_720.jpg\",\"width\":960,\"height\":640},\"datePublished\":\"2019-11-24T03:46:34+01:00\",\"dateModified\":\"2019-11-24T03:46:34+01:00\",\"inLanguage\":\"es-ES\",\"mainEntityOfPage\":{\"@id\":\"https:\\\/\\\/eldigitaldeasturias.com\\\/radio\\\/policia-alemana-afd-debilita-la-confianza-en-cuerpos-de-seguridad\\\/#webpage\"},\"isPartOf\":{\"@id\":\"https:\\\/\\\/eldigitaldeasturias.com\\\/radio\\\/policia-alemana-afd-debilita-la-confianza-en-cuerpos-de-seguridad\\\/#webpage\"},\"articleSection\":\"Noticias\",\"dateline\":\"Publicado el noviembre 24, 2019.\"},{\"@type\":\"Organization\",\"@id\":\"https:\\\/\\\/eldigitaldeasturias.com\\\/radio\\\/#organization\",\"name\":\"El digital de Asturias Radio\",\"description\":\"Diario de informaci\\u00f3n y noticias\",\"url\":\"https:\\\/\\\/eldigitaldeasturias.com\\\/radio\\\/\",\"telephone\":\"+34652131393\",\"logo\":{\"@type\":\"ImageObject\",\"url\":\"https:\\\/\\\/www.eldigitaldeasturias.com\\\/radio\\\/wp-content\\\/uploads\\\/2021\\\/03\\\/EDA.jpg\",\"@id\":\"https:\\\/\\\/eldigitaldeasturias.com\\\/radio\\\/policia-alemana-afd-debilita-la-confianza-en-cuerpos-de-seguridad\\\/#organizationLogo\"},\"image\":{\"@id\":\"https:\\\/\\\/eldigitaldeasturias.com\\\/radio\\\/policia-alemana-afd-debilita-la-confianza-en-cuerpos-de-seguridad\\\/#organizationLogo\"},\"sameAs\":[\"https:\\\/\\\/www.facebook.com\\\/\",\"https:\\\/\\\/x.com\\\/bercodi\",\"https:\\\/\\\/www.instagram.com\\\/\",\"https:\\\/\\\/www.youtube.com\\\/channel\\\/UCZP-2wLEB9Rv6erhFmqVnvg\"]},{\"@type\":\"Person\",\"@id\":\"https:\\\/\\\/eldigitaldeasturias.com\\\/radio\\\/author\\\/nbasturias\\\/#author\",\"url\":\"https:\\\/\\\/eldigitaldeasturias.com\\\/radio\\\/author\\\/nbasturias\\\/\",\"name\":\"NBAsturias\",\"image\":{\"@type\":\"ImageObject\",\"@id\":\"https:\\\/\\\/eldigitaldeasturias.com\\\/radio\\\/policia-alemana-afd-debilita-la-confianza-en-cuerpos-de-seguridad\\\/#authorImage\",\"url\":\"https:\\\/\\\/secure.gravatar.com\\\/avatar\\\/df2aeffc32bcd13f8d26072ef8a91b623d677766deac7f97ca815868cd41bf5e?s=96&d=mm&r=g\",\"width\":96,\"height\":96,\"caption\":\"NBAsturias\"}},{\"@type\":\"WebPage\",\"@id\":\"https:\\\/\\\/eldigitaldeasturias.com\\\/radio\\\/policia-alemana-afd-debilita-la-confianza-en-cuerpos-de-seguridad\\\/#webpage\",\"url\":\"https:\\\/\\\/eldigitaldeasturias.com\\\/radio\\\/policia-alemana-afd-debilita-la-confianza-en-cuerpos-de-seguridad\\\/\",\"name\":\"Polic\\u00eda alemana: AfD debilita la confianza en cuerpos de seguridad | El Digital de Asturias\",\"description\":\"Berl\\u00edn, 22 nov (dpa) - La Federaci\\u00f3n de la Pol\\u00edcia Criminal Alemana (BDK) advirti\\u00f3 que el partido ultraderechista AfD est\\u00e1 minando la confianza en el trabajo de los cuerpos de seguridad alemanes, seg\\u00fan dijo su presidente Sebastian Fiedler en el programa Morgenmagazin de ZDF, la segunda cadena de la televisi\\u00f3n p\\u00fablica. Si Alianza por Alemania\",\"inLanguage\":\"es-ES\",\"isPartOf\":{\"@id\":\"https:\\\/\\\/eldigitaldeasturias.com\\\/radio\\\/#website\"},\"breadcrumb\":{\"@id\":\"https:\\\/\\\/eldigitaldeasturias.com\\\/radio\\\/policia-alemana-afd-debilita-la-confianza-en-cuerpos-de-seguridad\\\/#breadcrumblist\"},\"author\":{\"@id\":\"https:\\\/\\\/eldigitaldeasturias.com\\\/radio\\\/author\\\/nbasturias\\\/#author\"},\"creator\":{\"@id\":\"https:\\\/\\\/eldigitaldeasturias.com\\\/radio\\\/author\\\/nbasturias\\\/#author\"},\"image\":{\"@type\":\"ImageObject\",\"url\":\"https:\\\/\\\/eldigitaldeasturias.com\\\/radio\\\/wp-content\\\/uploads\\\/2018\\\/10\\\/technology-785742_960_720.jpg\",\"@id\":\"https:\\\/\\\/eldigitaldeasturias.com\\\/radio\\\/policia-alemana-afd-debilita-la-confianza-en-cuerpos-de-seguridad\\\/#mainImage\",\"width\":960,\"height\":640},\"primaryImageOfPage\":{\"@id\":\"https:\\\/\\\/eldigitaldeasturias.com\\\/radio\\\/policia-alemana-afd-debilita-la-confianza-en-cuerpos-de-seguridad\\\/#mainImage\"},\"datePublished\":\"2019-11-24T03:46:34+01:00\",\"dateModified\":\"2019-11-24T03:46:34+01:00\"},{\"@type\":\"WebSite\",\"@id\":\"https:\\\/\\\/eldigitaldeasturias.com\\\/radio\\\/#website\",\"url\":\"https:\\\/\\\/eldigitaldeasturias.com\\\/radio\\\/\",\"name\":\"El Digital de Asturias\",\"description\":\"Diario de informaci\\u00f3n y noticias\",\"inLanguage\":\"es-ES\",\"publisher\":{\"@id\":\"https:\\\/\\\/eldigitaldeasturias.com\\\/radio\\\/#organization\"}}]}\n\t\t<\/script>\n\t\t<!-- All in One SEO Pro -->\r\n\t\t<title>Polic\u00eda alemana: AfD debilita la confianza en cuerpos de seguridad | El Digital de Asturias<\/title>\n\n","aioseo_head_json":{"title":"Polic\u00eda alemana: AfD debilita la confianza en cuerpos de seguridad | El Digital de Asturias","description":"Berl\u00edn, 22 nov (dpa) - La Federaci\u00f3n de la Pol\u00edcia Criminal Alemana (BDK) advirti\u00f3 que el partido ultraderechista AfD est\u00e1 minando la confianza en el trabajo de los cuerpos de seguridad alemanes, seg\u00fan dijo su presidente Sebastian Fiedler en el programa Morgenmagazin de ZDF, la segunda cadena de la televisi\u00f3n p\u00fablica. Si Alianza por Alemania","canonical_url":"https:\/\/eldigitaldeasturias.com\/radio\/policia-alemana-afd-debilita-la-confianza-en-cuerpos-de-seguridad\/","robots":"max-image-preview:large","keywords":"noticias","webmasterTools":{"google-site-verification":"UA-38556648-1","miscellaneous":""},"schema":{"@context":"https:\/\/schema.org","@graph":[{"@type":"BreadcrumbList","@id":"https:\/\/eldigitaldeasturias.com\/radio\/policia-alemana-afd-debilita-la-confianza-en-cuerpos-de-seguridad\/#breadcrumblist","itemListElement":[{"@type":"ListItem","@id":"https:\/\/eldigitaldeasturias.com\/radio#listItem","position":1,"name":"Inicio","item":"https:\/\/eldigitaldeasturias.com\/radio","nextItem":{"@type":"ListItem","@id":"https:\/\/eldigitaldeasturias.com\/radio\/category\/noticias\/#listItem","name":"Noticias"}},{"@type":"ListItem","@id":"https:\/\/eldigitaldeasturias.com\/radio\/category\/noticias\/#listItem","position":2,"name":"Noticias","item":"https:\/\/eldigitaldeasturias.com\/radio\/category\/noticias\/","nextItem":{"@type":"ListItem","@id":"https:\/\/eldigitaldeasturias.com\/radio\/policia-alemana-afd-debilita-la-confianza-en-cuerpos-de-seguridad\/#listItem","name":"Polic\u00eda alemana: AfD debilita la confianza en cuerpos de seguridad"},"previousItem":{"@type":"ListItem","@id":"https:\/\/eldigitaldeasturias.com\/radio#listItem","name":"Inicio"}},{"@type":"ListItem","@id":"https:\/\/eldigitaldeasturias.com\/radio\/policia-alemana-afd-debilita-la-confianza-en-cuerpos-de-seguridad\/#listItem","position":3,"name":"Polic\u00eda alemana: AfD debilita la confianza en cuerpos de seguridad","previousItem":{"@type":"ListItem","@id":"https:\/\/eldigitaldeasturias.com\/radio\/category\/noticias\/#listItem","name":"Noticias"}}]},{"@type":"NewsArticle","@id":"https:\/\/eldigitaldeasturias.com\/radio\/policia-alemana-afd-debilita-la-confianza-en-cuerpos-de-seguridad\/#newsarticle","name":"Polic\u00eda alemana: AfD debilita la confianza en cuerpos de seguridad | El Digital de Asturias","headline":"Polic\u00eda alemana: AfD debilita la confianza en cuerpos de seguridad","author":{"@id":"https:\/\/eldigitaldeasturias.com\/radio\/author\/nbasturias\/#author"},"publisher":{"@id":"https:\/\/eldigitaldeasturias.com\/radio\/#organization"},"image":{"@type":"ImageObject","url":"https:\/\/eldigitaldeasturias.com\/radio\/wp-content\/uploads\/2018\/10\/technology-785742_960_720.jpg","width":960,"height":640},"datePublished":"2019-11-24T03:46:34+01:00","dateModified":"2019-11-24T03:46:34+01:00","inLanguage":"es-ES","mainEntityOfPage":{"@id":"https:\/\/eldigitaldeasturias.com\/radio\/policia-alemana-afd-debilita-la-confianza-en-cuerpos-de-seguridad\/#webpage"},"isPartOf":{"@id":"https:\/\/eldigitaldeasturias.com\/radio\/policia-alemana-afd-debilita-la-confianza-en-cuerpos-de-seguridad\/#webpage"},"articleSection":"Noticias","dateline":"Publicado el noviembre 24, 2019."},{"@type":"Organization","@id":"https:\/\/eldigitaldeasturias.com\/radio\/#organization","name":"El digital de Asturias Radio","description":"Diario de informaci\u00f3n y noticias","url":"https:\/\/eldigitaldeasturias.com\/radio\/","telephone":"+34652131393","logo":{"@type":"ImageObject","url":"https:\/\/www.eldigitaldeasturias.com\/radio\/wp-content\/uploads\/2021\/03\/EDA.jpg","@id":"https:\/\/eldigitaldeasturias.com\/radio\/policia-alemana-afd-debilita-la-confianza-en-cuerpos-de-seguridad\/#organizationLogo"},"image":{"@id":"https:\/\/eldigitaldeasturias.com\/radio\/policia-alemana-afd-debilita-la-confianza-en-cuerpos-de-seguridad\/#organizationLogo"},"sameAs":["https:\/\/www.facebook.com\/","https:\/\/x.com\/bercodi","https:\/\/www.instagram.com\/","https:\/\/www.youtube.com\/channel\/UCZP-2wLEB9Rv6erhFmqVnvg"]},{"@type":"Person","@id":"https:\/\/eldigitaldeasturias.com\/radio\/author\/nbasturias\/#author","url":"https:\/\/eldigitaldeasturias.com\/radio\/author\/nbasturias\/","name":"NBAsturias","image":{"@type":"ImageObject","@id":"https:\/\/eldigitaldeasturias.com\/radio\/policia-alemana-afd-debilita-la-confianza-en-cuerpos-de-seguridad\/#authorImage","url":"https:\/\/secure.gravatar.com\/avatar\/df2aeffc32bcd13f8d26072ef8a91b623d677766deac7f97ca815868cd41bf5e?s=96&d=mm&r=g","width":96,"height":96,"caption":"NBAsturias"}},{"@type":"WebPage","@id":"https:\/\/eldigitaldeasturias.com\/radio\/policia-alemana-afd-debilita-la-confianza-en-cuerpos-de-seguridad\/#webpage","url":"https:\/\/eldigitaldeasturias.com\/radio\/policia-alemana-afd-debilita-la-confianza-en-cuerpos-de-seguridad\/","name":"Polic\u00eda alemana: AfD debilita la confianza en cuerpos de seguridad | El Digital de Asturias","description":"Berl\u00edn, 22 nov (dpa) - La Federaci\u00f3n de la Pol\u00edcia Criminal Alemana (BDK) advirti\u00f3 que el partido ultraderechista AfD est\u00e1 minando la confianza en el trabajo de los cuerpos de seguridad alemanes, seg\u00fan dijo su presidente Sebastian Fiedler en el programa Morgenmagazin de ZDF, la segunda cadena de la televisi\u00f3n p\u00fablica. Si Alianza por Alemania","inLanguage":"es-ES","isPartOf":{"@id":"https:\/\/eldigitaldeasturias.com\/radio\/#website"},"breadcrumb":{"@id":"https:\/\/eldigitaldeasturias.com\/radio\/policia-alemana-afd-debilita-la-confianza-en-cuerpos-de-seguridad\/#breadcrumblist"},"author":{"@id":"https:\/\/eldigitaldeasturias.com\/radio\/author\/nbasturias\/#author"},"creator":{"@id":"https:\/\/eldigitaldeasturias.com\/radio\/author\/nbasturias\/#author"},"image":{"@type":"ImageObject","url":"https:\/\/eldigitaldeasturias.com\/radio\/wp-content\/uploads\/2018\/10\/technology-785742_960_720.jpg","@id":"https:\/\/eldigitaldeasturias.com\/radio\/policia-alemana-afd-debilita-la-confianza-en-cuerpos-de-seguridad\/#mainImage","width":960,"height":640},"primaryImageOfPage":{"@id":"https:\/\/eldigitaldeasturias.com\/radio\/policia-alemana-afd-debilita-la-confianza-en-cuerpos-de-seguridad\/#mainImage"},"datePublished":"2019-11-24T03:46:34+01:00","dateModified":"2019-11-24T03:46:34+01:00"},{"@type":"WebSite","@id":"https:\/\/eldigitaldeasturias.com\/radio\/#website","url":"https:\/\/eldigitaldeasturias.com\/radio\/","name":"El Digital de Asturias","description":"Diario de informaci\u00f3n y noticias","inLanguage":"es-ES","publisher":{"@id":"https:\/\/eldigitaldeasturias.com\/radio\/#organization"}}]},"og:locale":"es_ES","og:site_name":"El Digital de Asturias | Diario de informaci\u00f3n y noticias","og:type":"article","og:title":"Polic\u00eda alemana: AfD debilita la confianza en cuerpos de seguridad | El Digital de Asturias","og:description":"Berl\u00edn, 22 nov (dpa) - La Federaci\u00f3n de la Pol\u00edcia Criminal Alemana (BDK) advirti\u00f3 que el partido ultraderechista AfD est\u00e1 minando la confianza en el trabajo de los cuerpos de seguridad alemanes, seg\u00fan dijo su presidente Sebastian Fiedler en el programa Morgenmagazin de ZDF, la segunda cadena de la televisi\u00f3n p\u00fablica. Si Alianza por Alemania","og:url":"https:\/\/eldigitaldeasturias.com\/radio\/policia-alemana-afd-debilita-la-confianza-en-cuerpos-de-seguridad\/","og:image":"https:\/\/eldigitaldeasturias.com\/radio\/wp-content\/uploads\/2018\/10\/technology-785742_960_720.jpg","og:image:secure_url":"https:\/\/eldigitaldeasturias.com\/radio\/wp-content\/uploads\/2018\/10\/technology-785742_960_720.jpg","og:image:width":960,"og:image:height":640,"article:published_time":"2019-11-24T03:46:34+00:00","article:modified_time":"2019-11-24T03:46:34+00:00","twitter:card":"summary_large_image","twitter:site":"@bercodi","twitter:title":"Polic\u00eda alemana: AfD debilita la confianza en cuerpos de seguridad | El Digital de Asturias","twitter:description":"Berl\u00edn, 22 nov (dpa) - La Federaci\u00f3n de la Pol\u00edcia Criminal Alemana (BDK) advirti\u00f3 que el partido ultraderechista AfD est\u00e1 minando la confianza en el trabajo de los cuerpos de seguridad alemanes, seg\u00fan dijo su presidente Sebastian Fiedler en el programa Morgenmagazin de ZDF, la segunda cadena de la televisi\u00f3n p\u00fablica. Si Alianza por Alemania","twitter:creator":"@bercodi","twitter:image":"https:\/\/eldigitaldeasturias.com\/radio\/wp-content\/uploads\/2018\/10\/technology-785742_960_720.jpg"},"aioseo_meta_data":{"post_id":"3539","title":null,"description":null,"keywords":null,"keyphrases":null,"primary_term":null,"canonical_url":null,"og_title":null,"og_description":null,"og_object_type":"default","og_image_type":"default","og_image_url":null,"og_image_width":null,"og_image_height":null,"og_image_custom_url":null,"og_image_custom_fields":null,"og_video":null,"og_custom_url":null,"og_article_section":null,"og_article_tags":null,"twitter_use_og":false,"twitter_card":"default","twitter_image_type":"default","twitter_image_url":null,"twitter_image_custom_url":null,"twitter_image_custom_fields":null,"twitter_title":null,"twitter_description":null,"schema":{"blockGraphs":[],"customGraphs":[],"default":{"data":{"Article":[],"Course":[],"Dataset":[],"FAQPage":[],"Movie":[],"Person":[],"Product":[],"ProductReview":[],"Car":[],"Recipe":[],"Service":[],"SoftwareApplication":[],"WebPage":[]},"graphName":"","isEnabled":true},"graphs":[]},"schema_type":null,"schema_type_options":null,"pillar_content":false,"robots_default":true,"robots_noindex":false,"robots_noarchive":false,"robots_nosnippet":false,"robots_nofollow":false,"robots_noimageindex":false,"robots_noodp":false,"robots_notranslate":false,"robots_max_snippet":null,"robots_max_videopreview":null,"robots_max_imagepreview":"large","priority":null,"frequency":null,"location":null,"local_seo":null,"seo_analyzer_scan_date":"2025-08-28 14:18:27","breadcrumb_settings":null,"limit_modified_date":false,"open_ai":null,"ai":null,"created":"2021-03-26 03:31:21","updated":"2025-08-28 14:18:27"},"aioseo_breadcrumb":"<div class=\"aioseo-breadcrumbs\"><span class=\"aioseo-breadcrumb\">\n\t<a href=\"https:\/\/eldigitaldeasturias.com\/radio\" title=\"Inicio\">Inicio<\/a>\n<\/span><span class=\"aioseo-breadcrumb-separator\">&ndash;<\/span><span class=\"aioseo-breadcrumb\">\n\t<a href=\"https:\/\/eldigitaldeasturias.com\/radio\/category\/noticias\/\" title=\"Noticias\">Noticias<\/a>\n<\/span><span class=\"aioseo-breadcrumb-separator\">&ndash;<\/span><span class=\"aioseo-breadcrumb\">\n\tPolic\u00eda alemana: AfD debilita la confianza en cuerpos de seguridad\n<\/span><\/div>","aioseo_breadcrumb_json":[{"label":"Inicio","link":"https:\/\/eldigitaldeasturias.com\/radio"},{"label":"Noticias","link":"https:\/\/eldigitaldeasturias.com\/radio\/category\/noticias\/"},{"label":"Polic\u00eda alemana: AfD debilita la confianza en cuerpos de seguridad","link":"https:\/\/eldigitaldeasturias.com\/radio\/policia-alemana-afd-debilita-la-confianza-en-cuerpos-de-seguridad\/"}],"_links":{"self":[{"href":"https:\/\/eldigitaldeasturias.com\/radio\/wp-json\/wp\/v2\/posts\/3539","targetHints":{"allow":["GET"]}}],"collection":[{"href":"https:\/\/eldigitaldeasturias.com\/radio\/wp-json\/wp\/v2\/posts"}],"about":[{"href":"https:\/\/eldigitaldeasturias.com\/radio\/wp-json\/wp\/v2\/types\/post"}],"author":[{"embeddable":true,"href":"https:\/\/eldigitaldeasturias.com\/radio\/wp-json\/wp\/v2\/users\/1"}],"replies":[{"embeddable":true,"href":"https:\/\/eldigitaldeasturias.com\/radio\/wp-json\/wp\/v2\/comments?post=3539"}],"version-history":[{"count":0,"href":"https:\/\/eldigitaldeasturias.com\/radio\/wp-json\/wp\/v2\/posts\/3539\/revisions"}],"wp:featuredmedia":[{"embeddable":true,"href":"https:\/\/eldigitaldeasturias.com\/radio\/wp-json\/wp\/v2\/media\/1352"}],"wp:attachment":[{"href":"https:\/\/eldigitaldeasturias.com\/radio\/wp-json\/wp\/v2\/media?parent=3539"}],"wp:term":[{"taxonomy":"category","embeddable":true,"href":"https:\/\/eldigitaldeasturias.com\/radio\/wp-json\/wp\/v2\/categories?post=3539"},{"taxonomy":"post_tag","embeddable":true,"href":"https:\/\/eldigitaldeasturias.com\/radio\/wp-json\/wp\/v2\/tags?post=3539"}],"curies":[{"name":"wp","href":"https:\/\/api.w.org\/{rel}","templated":true}]}}