{"id":3531,"date":"2019-11-23T16:12:12","date_gmt":"2019-11-23T16:12:12","guid":{"rendered":"http:\/\/www.eldigitaldeasturias.com\/radio\/?p=3531"},"modified":"2019-11-23T16:12:12","modified_gmt":"2019-11-23T16:12:12","slug":"aprobada-la-subida-del-5-adicional-del-smi","status":"publish","type":"post","link":"https:\/\/eldigitaldeasturias.com\/radio\/aprobada-la-subida-del-5-adicional-del-smi\/","title":{"rendered":"Aprobada la subida del 5% adicional del SMI"},"content":{"rendered":"<p><img fetchpriority=\"high\" decoding=\"async\" class=\"alignleft size-medium wp-image-3532\" src=\"http:\/\/www.eldigitaldeasturias.com\/radio\/wp-content\/uploads\/2019\/11\/191119-valerio-smi1-360x239.jpg\" alt=\"\" width=\"360\" height=\"239\" srcset=\"https:\/\/eldigitaldeasturias.com\/radio\/wp-content\/uploads\/2019\/11\/191119-valerio-smi1-360x239.jpg 360w, https:\/\/eldigitaldeasturias.com\/radio\/wp-content\/uploads\/2019\/11\/191119-valerio-smi1.jpg 512w\" sizes=\"(max-width: 360px) 100vw, 360px\" \/>La ministra de Trabajo, Migraciones y Seguridad Social en funciones, Magdalena Valerio, ha presidido la LXXVI Conferencia Sectorial de Empleo y Asuntos Laborales en la que se ha aprobado la distribuci\u00f3n de 19,8 millones de euros para financiar este aumento.<\/p>\n<p>Concretamente, subir\u00e1, del 50% al 55%, el Salario M\u00ednimo Interprofesional (SMI) de las subvenciones destinadas al mantenimiento de puestos de trabajo con discapacidad severa en los Centros Especiales de Empleo. Estas subvenciones vinculan su cuant\u00eda al SMI en cada momento; por lo que se ven afectadas por la subida del salario m\u00ednimo interprofesional a 900 euros para 2019. Esta aportaci\u00f3n adicional, de car\u00e1cter extraordinario, se ha aprobado \u00fanicamente para 2019.<\/p>\n<p>&nbsp;<\/p>\n","protected":false},"excerpt":{"rendered":"<p>La ministra de Trabajo, Migraciones y Seguridad Social en funciones, Magdalena Valerio, ha presidido la LXXVI Conferencia Sectorial de Empleo y Asuntos Laborales en la que se ha aprobado la distribuci\u00f3n de 19,8 millones de euros para financiar este aumento. Concretamente, subir\u00e1, del 50% al 55%, el Salario M\u00ednimo Interprofesional (SMI) de las subvenciones destinadas<\/p>\n","protected":false},"author":1,"featured_media":3532,"comment_status":"closed","ping_status":"closed","sticky":false,"template":"","format":"standard","meta":{"footnotes":""},"categories":[1],"tags":[],"class_list":{"0":"post-3531","1":"post","2":"type-post","3":"status-publish","4":"format-standard","5":"has-post-thumbnail","7":"category-noticias"},"aioseo_notices":[],"aioseo_head":"\n\t\t<!-- All in One SEO Pro 4.9.6.2 - aioseo.com -->\n\t<meta name=\"description\" content=\"La ministra de Trabajo, Migraciones y Seguridad Social en funciones, Magdalena Valerio, ha presidido la LXXVI Conferencia Sectorial de Empleo y Asuntos Laborales en la que se ha aprobado la distribuci\u00f3n de 19,8 millones de euros para financiar este aumento. Concretamente, subir\u00e1, del 50% al 55%, el Salario M\u00ednimo Interprofesional (SMI) de las subvenciones destinadas\" \/>\n\t<meta name=\"robots\" content=\"max-image-preview:large\" \/>\n\t<meta name=\"author\" content=\"NBAsturias\"\/>\n\t<meta name=\"google-site-verification\" content=\"UA-38556648-1\" \/>\n\t<meta name=\"keywords\" content=\"noticias\" \/>\n\t<link rel=\"canonical\" href=\"https:\/\/eldigitaldeasturias.com\/radio\/aprobada-la-subida-del-5-adicional-del-smi\/\" \/>\n\t<meta name=\"generator\" content=\"All in One SEO Pro (AIOSEO) 4.9.6.2\" \/>\n\t\t<meta property=\"og:locale\" content=\"es_ES\" \/>\n\t\t<meta property=\"og:site_name\" content=\"El Digital de Asturias | Diario de informaci\u00f3n y noticias\" \/>\n\t\t<meta property=\"og:type\" content=\"article\" \/>\n\t\t<meta property=\"og:title\" content=\"Aprobada la subida del 5% adicional del SMI | El Digital de Asturias\" \/>\n\t\t<meta property=\"og:description\" content=\"La ministra de Trabajo, Migraciones y Seguridad Social en funciones, Magdalena Valerio, ha presidido la LXXVI Conferencia Sectorial de Empleo y Asuntos Laborales en la que se ha aprobado la distribuci\u00f3n de 19,8 millones de euros para financiar este aumento. Concretamente, subir\u00e1, del 50% al 55%, el Salario M\u00ednimo Interprofesional (SMI) de las subvenciones destinadas\" \/>\n\t\t<meta property=\"og:url\" content=\"https:\/\/eldigitaldeasturias.com\/radio\/aprobada-la-subida-del-5-adicional-del-smi\/\" \/>\n\t\t<meta property=\"og:image\" content=\"https:\/\/eldigitaldeasturias.com\/radio\/wp-content\/uploads\/2019\/11\/191119-valerio-smi1.jpg\" \/>\n\t\t<meta property=\"og:image:secure_url\" content=\"https:\/\/eldigitaldeasturias.com\/radio\/wp-content\/uploads\/2019\/11\/191119-valerio-smi1.jpg\" \/>\n\t\t<meta property=\"og:image:width\" content=\"512\" \/>\n\t\t<meta property=\"og:image:height\" content=\"340\" \/>\n\t\t<meta property=\"article:published_time\" content=\"2019-11-23T16:12:12+00:00\" \/>\n\t\t<meta property=\"article:modified_time\" content=\"2019-11-23T16:12:12+00:00\" \/>\n\t\t<meta name=\"twitter:card\" content=\"summary_large_image\" \/>\n\t\t<meta name=\"twitter:site\" content=\"@bercodi\" \/>\n\t\t<meta name=\"twitter:title\" content=\"Aprobada la subida del 5% adicional del SMI | El Digital de Asturias\" \/>\n\t\t<meta name=\"twitter:description\" content=\"La ministra de Trabajo, Migraciones y Seguridad Social en funciones, Magdalena Valerio, ha presidido la LXXVI Conferencia Sectorial de Empleo y Asuntos Laborales en la que se ha aprobado la distribuci\u00f3n de 19,8 millones de euros para financiar este aumento. Concretamente, subir\u00e1, del 50% al 55%, el Salario M\u00ednimo Interprofesional (SMI) de las subvenciones destinadas\" \/>\n\t\t<meta name=\"twitter:creator\" content=\"@bercodi\" \/>\n\t\t<meta name=\"twitter:image\" content=\"https:\/\/eldigitaldeasturias.com\/radio\/wp-content\/uploads\/2019\/11\/191119-valerio-smi1.jpg\" \/>\n\t\t<script type=\"application\/ld+json\" class=\"aioseo-schema\">\n\t\t\t{\"@context\":\"https:\\\/\\\/schema.org\",\"@graph\":[{\"@type\":\"BreadcrumbList\",\"@id\":\"https:\\\/\\\/eldigitaldeasturias.com\\\/radio\\\/aprobada-la-subida-del-5-adicional-del-smi\\\/#breadcrumblist\",\"itemListElement\":[{\"@type\":\"ListItem\",\"@id\":\"https:\\\/\\\/eldigitaldeasturias.com\\\/radio#listItem\",\"position\":1,\"name\":\"Inicio\",\"item\":\"https:\\\/\\\/eldigitaldeasturias.com\\\/radio\",\"nextItem\":{\"@type\":\"ListItem\",\"@id\":\"https:\\\/\\\/eldigitaldeasturias.com\\\/radio\\\/category\\\/noticias\\\/#listItem\",\"name\":\"Noticias\"}},{\"@type\":\"ListItem\",\"@id\":\"https:\\\/\\\/eldigitaldeasturias.com\\\/radio\\\/category\\\/noticias\\\/#listItem\",\"position\":2,\"name\":\"Noticias\",\"item\":\"https:\\\/\\\/eldigitaldeasturias.com\\\/radio\\\/category\\\/noticias\\\/\",\"nextItem\":{\"@type\":\"ListItem\",\"@id\":\"https:\\\/\\\/eldigitaldeasturias.com\\\/radio\\\/aprobada-la-subida-del-5-adicional-del-smi\\\/#listItem\",\"name\":\"Aprobada la subida del 5% adicional del SMI\"},\"previousItem\":{\"@type\":\"ListItem\",\"@id\":\"https:\\\/\\\/eldigitaldeasturias.com\\\/radio#listItem\",\"name\":\"Inicio\"}},{\"@type\":\"ListItem\",\"@id\":\"https:\\\/\\\/eldigitaldeasturias.com\\\/radio\\\/aprobada-la-subida-del-5-adicional-del-smi\\\/#listItem\",\"position\":3,\"name\":\"Aprobada la subida del 5% adicional del SMI\",\"previousItem\":{\"@type\":\"ListItem\",\"@id\":\"https:\\\/\\\/eldigitaldeasturias.com\\\/radio\\\/category\\\/noticias\\\/#listItem\",\"name\":\"Noticias\"}}]},{\"@type\":\"NewsArticle\",\"@id\":\"https:\\\/\\\/eldigitaldeasturias.com\\\/radio\\\/aprobada-la-subida-del-5-adicional-del-smi\\\/#newsarticle\",\"name\":\"Aprobada la subida del 5% adicional del SMI | El Digital de Asturias\",\"headline\":\"Aprobada la subida del 5% adicional del SMI\",\"author\":{\"@id\":\"https:\\\/\\\/eldigitaldeasturias.com\\\/radio\\\/author\\\/nbasturias\\\/#author\"},\"publisher\":{\"@id\":\"https:\\\/\\\/eldigitaldeasturias.com\\\/radio\\\/#organization\"},\"image\":{\"@type\":\"ImageObject\",\"url\":\"https:\\\/\\\/eldigitaldeasturias.com\\\/radio\\\/wp-content\\\/uploads\\\/2019\\\/11\\\/191119-valerio-smi1.jpg\",\"width\":512,\"height\":340},\"datePublished\":\"2019-11-23T16:12:12+01:00\",\"dateModified\":\"2019-11-23T16:12:12+01:00\",\"inLanguage\":\"es-ES\",\"mainEntityOfPage\":{\"@id\":\"https:\\\/\\\/eldigitaldeasturias.com\\\/radio\\\/aprobada-la-subida-del-5-adicional-del-smi\\\/#webpage\"},\"isPartOf\":{\"@id\":\"https:\\\/\\\/eldigitaldeasturias.com\\\/radio\\\/aprobada-la-subida-del-5-adicional-del-smi\\\/#webpage\"},\"articleSection\":\"Noticias\",\"dateline\":\"Publicado el noviembre 23, 2019.\"},{\"@type\":\"Organization\",\"@id\":\"https:\\\/\\\/eldigitaldeasturias.com\\\/radio\\\/#organization\",\"name\":\"El digital de Asturias Radio\",\"description\":\"Diario de informaci\\u00f3n y noticias\",\"url\":\"https:\\\/\\\/eldigitaldeasturias.com\\\/radio\\\/\",\"telephone\":\"+34652131393\",\"logo\":{\"@type\":\"ImageObject\",\"url\":\"https:\\\/\\\/www.eldigitaldeasturias.com\\\/radio\\\/wp-content\\\/uploads\\\/2021\\\/03\\\/EDA.jpg\",\"@id\":\"https:\\\/\\\/eldigitaldeasturias.com\\\/radio\\\/aprobada-la-subida-del-5-adicional-del-smi\\\/#organizationLogo\"},\"image\":{\"@id\":\"https:\\\/\\\/eldigitaldeasturias.com\\\/radio\\\/aprobada-la-subida-del-5-adicional-del-smi\\\/#organizationLogo\"},\"sameAs\":[\"https:\\\/\\\/www.facebook.com\\\/\",\"https:\\\/\\\/x.com\\\/bercodi\",\"https:\\\/\\\/www.instagram.com\\\/\",\"https:\\\/\\\/www.youtube.com\\\/channel\\\/UCZP-2wLEB9Rv6erhFmqVnvg\"]},{\"@type\":\"Person\",\"@id\":\"https:\\\/\\\/eldigitaldeasturias.com\\\/radio\\\/author\\\/nbasturias\\\/#author\",\"url\":\"https:\\\/\\\/eldigitaldeasturias.com\\\/radio\\\/author\\\/nbasturias\\\/\",\"name\":\"NBAsturias\",\"image\":{\"@type\":\"ImageObject\",\"@id\":\"https:\\\/\\\/eldigitaldeasturias.com\\\/radio\\\/aprobada-la-subida-del-5-adicional-del-smi\\\/#authorImage\",\"url\":\"https:\\\/\\\/secure.gravatar.com\\\/avatar\\\/df2aeffc32bcd13f8d26072ef8a91b623d677766deac7f97ca815868cd41bf5e?s=96&d=mm&r=g\",\"width\":96,\"height\":96,\"caption\":\"NBAsturias\"}},{\"@type\":\"WebPage\",\"@id\":\"https:\\\/\\\/eldigitaldeasturias.com\\\/radio\\\/aprobada-la-subida-del-5-adicional-del-smi\\\/#webpage\",\"url\":\"https:\\\/\\\/eldigitaldeasturias.com\\\/radio\\\/aprobada-la-subida-del-5-adicional-del-smi\\\/\",\"name\":\"Aprobada la subida del 5% adicional del SMI | El Digital de Asturias\",\"description\":\"La ministra de Trabajo, Migraciones y Seguridad Social en funciones, Magdalena Valerio, ha presidido la LXXVI Conferencia Sectorial de Empleo y Asuntos Laborales en la que se ha aprobado la distribuci\\u00f3n de 19,8 millones de euros para financiar este aumento. Concretamente, subir\\u00e1, del 50% al 55%, el Salario M\\u00ednimo Interprofesional (SMI) de las subvenciones destinadas\",\"inLanguage\":\"es-ES\",\"isPartOf\":{\"@id\":\"https:\\\/\\\/eldigitaldeasturias.com\\\/radio\\\/#website\"},\"breadcrumb\":{\"@id\":\"https:\\\/\\\/eldigitaldeasturias.com\\\/radio\\\/aprobada-la-subida-del-5-adicional-del-smi\\\/#breadcrumblist\"},\"author\":{\"@id\":\"https:\\\/\\\/eldigitaldeasturias.com\\\/radio\\\/author\\\/nbasturias\\\/#author\"},\"creator\":{\"@id\":\"https:\\\/\\\/eldigitaldeasturias.com\\\/radio\\\/author\\\/nbasturias\\\/#author\"},\"image\":{\"@type\":\"ImageObject\",\"url\":\"https:\\\/\\\/eldigitaldeasturias.com\\\/radio\\\/wp-content\\\/uploads\\\/2019\\\/11\\\/191119-valerio-smi1.jpg\",\"@id\":\"https:\\\/\\\/eldigitaldeasturias.com\\\/radio\\\/aprobada-la-subida-del-5-adicional-del-smi\\\/#mainImage\",\"width\":512,\"height\":340},\"primaryImageOfPage\":{\"@id\":\"https:\\\/\\\/eldigitaldeasturias.com\\\/radio\\\/aprobada-la-subida-del-5-adicional-del-smi\\\/#mainImage\"},\"datePublished\":\"2019-11-23T16:12:12+01:00\",\"dateModified\":\"2019-11-23T16:12:12+01:00\"},{\"@type\":\"WebSite\",\"@id\":\"https:\\\/\\\/eldigitaldeasturias.com\\\/radio\\\/#website\",\"url\":\"https:\\\/\\\/eldigitaldeasturias.com\\\/radio\\\/\",\"name\":\"El Digital de Asturias\",\"description\":\"Diario de informaci\\u00f3n y noticias\",\"inLanguage\":\"es-ES\",\"publisher\":{\"@id\":\"https:\\\/\\\/eldigitaldeasturias.com\\\/radio\\\/#organization\"}}]}\n\t\t<\/script>\n\t\t<!-- All in One SEO Pro -->\r\n\t\t<title>Aprobada la subida del 5% adicional del SMI | El Digital de Asturias<\/title>\n\n","aioseo_head_json":{"title":"Aprobada la subida del 5% adicional del SMI | El Digital de Asturias","description":"La ministra de Trabajo, Migraciones y Seguridad Social en funciones, Magdalena Valerio, ha presidido la LXXVI Conferencia Sectorial de Empleo y Asuntos Laborales en la que se ha aprobado la distribuci\u00f3n de 19,8 millones de euros para financiar este aumento. Concretamente, subir\u00e1, del 50% al 55%, el Salario M\u00ednimo Interprofesional (SMI) de las subvenciones destinadas","canonical_url":"https:\/\/eldigitaldeasturias.com\/radio\/aprobada-la-subida-del-5-adicional-del-smi\/","robots":"max-image-preview:large","keywords":"noticias","webmasterTools":{"google-site-verification":"UA-38556648-1","miscellaneous":""},"schema":{"@context":"https:\/\/schema.org","@graph":[{"@type":"BreadcrumbList","@id":"https:\/\/eldigitaldeasturias.com\/radio\/aprobada-la-subida-del-5-adicional-del-smi\/#breadcrumblist","itemListElement":[{"@type":"ListItem","@id":"https:\/\/eldigitaldeasturias.com\/radio#listItem","position":1,"name":"Inicio","item":"https:\/\/eldigitaldeasturias.com\/radio","nextItem":{"@type":"ListItem","@id":"https:\/\/eldigitaldeasturias.com\/radio\/category\/noticias\/#listItem","name":"Noticias"}},{"@type":"ListItem","@id":"https:\/\/eldigitaldeasturias.com\/radio\/category\/noticias\/#listItem","position":2,"name":"Noticias","item":"https:\/\/eldigitaldeasturias.com\/radio\/category\/noticias\/","nextItem":{"@type":"ListItem","@id":"https:\/\/eldigitaldeasturias.com\/radio\/aprobada-la-subida-del-5-adicional-del-smi\/#listItem","name":"Aprobada la subida del 5% adicional del SMI"},"previousItem":{"@type":"ListItem","@id":"https:\/\/eldigitaldeasturias.com\/radio#listItem","name":"Inicio"}},{"@type":"ListItem","@id":"https:\/\/eldigitaldeasturias.com\/radio\/aprobada-la-subida-del-5-adicional-del-smi\/#listItem","position":3,"name":"Aprobada la subida del 5% adicional del SMI","previousItem":{"@type":"ListItem","@id":"https:\/\/eldigitaldeasturias.com\/radio\/category\/noticias\/#listItem","name":"Noticias"}}]},{"@type":"NewsArticle","@id":"https:\/\/eldigitaldeasturias.com\/radio\/aprobada-la-subida-del-5-adicional-del-smi\/#newsarticle","name":"Aprobada la subida del 5% adicional del SMI | El Digital de Asturias","headline":"Aprobada la subida del 5% adicional del SMI","author":{"@id":"https:\/\/eldigitaldeasturias.com\/radio\/author\/nbasturias\/#author"},"publisher":{"@id":"https:\/\/eldigitaldeasturias.com\/radio\/#organization"},"image":{"@type":"ImageObject","url":"https:\/\/eldigitaldeasturias.com\/radio\/wp-content\/uploads\/2019\/11\/191119-valerio-smi1.jpg","width":512,"height":340},"datePublished":"2019-11-23T16:12:12+01:00","dateModified":"2019-11-23T16:12:12+01:00","inLanguage":"es-ES","mainEntityOfPage":{"@id":"https:\/\/eldigitaldeasturias.com\/radio\/aprobada-la-subida-del-5-adicional-del-smi\/#webpage"},"isPartOf":{"@id":"https:\/\/eldigitaldeasturias.com\/radio\/aprobada-la-subida-del-5-adicional-del-smi\/#webpage"},"articleSection":"Noticias","dateline":"Publicado el noviembre 23, 2019."},{"@type":"Organization","@id":"https:\/\/eldigitaldeasturias.com\/radio\/#organization","name":"El digital de Asturias Radio","description":"Diario de informaci\u00f3n y noticias","url":"https:\/\/eldigitaldeasturias.com\/radio\/","telephone":"+34652131393","logo":{"@type":"ImageObject","url":"https:\/\/www.eldigitaldeasturias.com\/radio\/wp-content\/uploads\/2021\/03\/EDA.jpg","@id":"https:\/\/eldigitaldeasturias.com\/radio\/aprobada-la-subida-del-5-adicional-del-smi\/#organizationLogo"},"image":{"@id":"https:\/\/eldigitaldeasturias.com\/radio\/aprobada-la-subida-del-5-adicional-del-smi\/#organizationLogo"},"sameAs":["https:\/\/www.facebook.com\/","https:\/\/x.com\/bercodi","https:\/\/www.instagram.com\/","https:\/\/www.youtube.com\/channel\/UCZP-2wLEB9Rv6erhFmqVnvg"]},{"@type":"Person","@id":"https:\/\/eldigitaldeasturias.com\/radio\/author\/nbasturias\/#author","url":"https:\/\/eldigitaldeasturias.com\/radio\/author\/nbasturias\/","name":"NBAsturias","image":{"@type":"ImageObject","@id":"https:\/\/eldigitaldeasturias.com\/radio\/aprobada-la-subida-del-5-adicional-del-smi\/#authorImage","url":"https:\/\/secure.gravatar.com\/avatar\/df2aeffc32bcd13f8d26072ef8a91b623d677766deac7f97ca815868cd41bf5e?s=96&d=mm&r=g","width":96,"height":96,"caption":"NBAsturias"}},{"@type":"WebPage","@id":"https:\/\/eldigitaldeasturias.com\/radio\/aprobada-la-subida-del-5-adicional-del-smi\/#webpage","url":"https:\/\/eldigitaldeasturias.com\/radio\/aprobada-la-subida-del-5-adicional-del-smi\/","name":"Aprobada la subida del 5% adicional del SMI | El Digital de Asturias","description":"La ministra de Trabajo, Migraciones y Seguridad Social en funciones, Magdalena Valerio, ha presidido la LXXVI Conferencia Sectorial de Empleo y Asuntos Laborales en la que se ha aprobado la distribuci\u00f3n de 19,8 millones de euros para financiar este aumento. Concretamente, subir\u00e1, del 50% al 55%, el Salario M\u00ednimo Interprofesional (SMI) de las subvenciones destinadas","inLanguage":"es-ES","isPartOf":{"@id":"https:\/\/eldigitaldeasturias.com\/radio\/#website"},"breadcrumb":{"@id":"https:\/\/eldigitaldeasturias.com\/radio\/aprobada-la-subida-del-5-adicional-del-smi\/#breadcrumblist"},"author":{"@id":"https:\/\/eldigitaldeasturias.com\/radio\/author\/nbasturias\/#author"},"creator":{"@id":"https:\/\/eldigitaldeasturias.com\/radio\/author\/nbasturias\/#author"},"image":{"@type":"ImageObject","url":"https:\/\/eldigitaldeasturias.com\/radio\/wp-content\/uploads\/2019\/11\/191119-valerio-smi1.jpg","@id":"https:\/\/eldigitaldeasturias.com\/radio\/aprobada-la-subida-del-5-adicional-del-smi\/#mainImage","width":512,"height":340},"primaryImageOfPage":{"@id":"https:\/\/eldigitaldeasturias.com\/radio\/aprobada-la-subida-del-5-adicional-del-smi\/#mainImage"},"datePublished":"2019-11-23T16:12:12+01:00","dateModified":"2019-11-23T16:12:12+01:00"},{"@type":"WebSite","@id":"https:\/\/eldigitaldeasturias.com\/radio\/#website","url":"https:\/\/eldigitaldeasturias.com\/radio\/","name":"El Digital de Asturias","description":"Diario de informaci\u00f3n y noticias","inLanguage":"es-ES","publisher":{"@id":"https:\/\/eldigitaldeasturias.com\/radio\/#organization"}}]},"og:locale":"es_ES","og:site_name":"El Digital de Asturias | Diario de informaci\u00f3n y noticias","og:type":"article","og:title":"Aprobada la subida del 5% adicional del SMI | El Digital de Asturias","og:description":"La ministra de Trabajo, Migraciones y Seguridad Social en funciones, Magdalena Valerio, ha presidido la LXXVI Conferencia Sectorial de Empleo y Asuntos Laborales en la que se ha aprobado la distribuci\u00f3n de 19,8 millones de euros para financiar este aumento. Concretamente, subir\u00e1, del 50% al 55%, el Salario M\u00ednimo Interprofesional (SMI) de las subvenciones destinadas","og:url":"https:\/\/eldigitaldeasturias.com\/radio\/aprobada-la-subida-del-5-adicional-del-smi\/","og:image":"https:\/\/eldigitaldeasturias.com\/radio\/wp-content\/uploads\/2019\/11\/191119-valerio-smi1.jpg","og:image:secure_url":"https:\/\/eldigitaldeasturias.com\/radio\/wp-content\/uploads\/2019\/11\/191119-valerio-smi1.jpg","og:image:width":512,"og:image:height":340,"article:published_time":"2019-11-23T16:12:12+00:00","article:modified_time":"2019-11-23T16:12:12+00:00","twitter:card":"summary_large_image","twitter:site":"@bercodi","twitter:title":"Aprobada la subida del 5% adicional del SMI | El Digital de Asturias","twitter:description":"La ministra de Trabajo, Migraciones y Seguridad Social en funciones, Magdalena Valerio, ha presidido la LXXVI Conferencia Sectorial de Empleo y Asuntos Laborales en la que se ha aprobado la distribuci\u00f3n de 19,8 millones de euros para financiar este aumento. Concretamente, subir\u00e1, del 50% al 55%, el Salario M\u00ednimo Interprofesional (SMI) de las subvenciones destinadas","twitter:creator":"@bercodi","twitter:image":"https:\/\/eldigitaldeasturias.com\/radio\/wp-content\/uploads\/2019\/11\/191119-valerio-smi1.jpg"},"aioseo_meta_data":{"post_id":"3531","title":null,"description":null,"keywords":null,"keyphrases":null,"primary_term":null,"canonical_url":null,"og_title":null,"og_description":null,"og_object_type":"default","og_image_type":"default","og_image_url":null,"og_image_width":null,"og_image_height":null,"og_image_custom_url":null,"og_image_custom_fields":null,"og_video":null,"og_custom_url":null,"og_article_section":null,"og_article_tags":null,"twitter_use_og":false,"twitter_card":"default","twitter_image_type":"default","twitter_image_url":null,"twitter_image_custom_url":null,"twitter_image_custom_fields":null,"twitter_title":null,"twitter_description":null,"schema":{"blockGraphs":[],"customGraphs":[],"default":{"data":{"Article":[],"Course":[],"Dataset":[],"FAQPage":[],"Movie":[],"Person":[],"Product":[],"ProductReview":[],"Car":[],"Recipe":[],"Service":[],"SoftwareApplication":[],"WebPage":[]},"graphName":"","isEnabled":true},"graphs":[],"defaultGraph":"","defaultPostTypeGraph":""},"schema_type":null,"schema_type_options":null,"pillar_content":false,"robots_default":true,"robots_noindex":false,"robots_noarchive":false,"robots_nosnippet":false,"robots_nofollow":false,"robots_noimageindex":false,"robots_noodp":false,"robots_notranslate":false,"robots_max_snippet":null,"robots_max_videopreview":null,"robots_max_imagepreview":"large","priority":null,"frequency":null,"location":null,"local_seo":null,"seo_analyzer_scan_date":"2025-08-28 14:18:25","breadcrumb_settings":null,"limit_modified_date":false,"open_ai":null,"ai":null,"created":"2021-03-27 11:43:17","updated":"2025-08-28 14:18:25"},"aioseo_breadcrumb":"<div class=\"aioseo-breadcrumbs\"><span class=\"aioseo-breadcrumb\">\n\t<a href=\"https:\/\/eldigitaldeasturias.com\/radio\" title=\"Inicio\">Inicio<\/a>\n<\/span><span class=\"aioseo-breadcrumb-separator\">&ndash;<\/span><span class=\"aioseo-breadcrumb\">\n\t<a href=\"https:\/\/eldigitaldeasturias.com\/radio\/category\/noticias\/\" title=\"Noticias\">Noticias<\/a>\n<\/span><span class=\"aioseo-breadcrumb-separator\">&ndash;<\/span><span class=\"aioseo-breadcrumb\">\n\tAprobada la subida del 5% adicional del SMI\n<\/span><\/div>","aioseo_breadcrumb_json":[{"label":"Inicio","link":"https:\/\/eldigitaldeasturias.com\/radio"},{"label":"Noticias","link":"https:\/\/eldigitaldeasturias.com\/radio\/category\/noticias\/"},{"label":"Aprobada la subida del 5% adicional del SMI","link":"https:\/\/eldigitaldeasturias.com\/radio\/aprobada-la-subida-del-5-adicional-del-smi\/"}],"_links":{"self":[{"href":"https:\/\/eldigitaldeasturias.com\/radio\/wp-json\/wp\/v2\/posts\/3531","targetHints":{"allow":["GET"]}}],"collection":[{"href":"https:\/\/eldigitaldeasturias.com\/radio\/wp-json\/wp\/v2\/posts"}],"about":[{"href":"https:\/\/eldigitaldeasturias.com\/radio\/wp-json\/wp\/v2\/types\/post"}],"author":[{"embeddable":true,"href":"https:\/\/eldigitaldeasturias.com\/radio\/wp-json\/wp\/v2\/users\/1"}],"replies":[{"embeddable":true,"href":"https:\/\/eldigitaldeasturias.com\/radio\/wp-json\/wp\/v2\/comments?post=3531"}],"version-history":[{"count":0,"href":"https:\/\/eldigitaldeasturias.com\/radio\/wp-json\/wp\/v2\/posts\/3531\/revisions"}],"wp:featuredmedia":[{"embeddable":true,"href":"https:\/\/eldigitaldeasturias.com\/radio\/wp-json\/wp\/v2\/media\/3532"}],"wp:attachment":[{"href":"https:\/\/eldigitaldeasturias.com\/radio\/wp-json\/wp\/v2\/media?parent=3531"}],"wp:term":[{"taxonomy":"category","embeddable":true,"href":"https:\/\/eldigitaldeasturias.com\/radio\/wp-json\/wp\/v2\/categories?post=3531"},{"taxonomy":"post_tag","embeddable":true,"href":"https:\/\/eldigitaldeasturias.com\/radio\/wp-json\/wp\/v2\/tags?post=3531"}],"curies":[{"name":"wp","href":"https:\/\/api.w.org\/{rel}","templated":true}]}}