{"id":3431,"date":"2019-11-06T03:19:19","date_gmt":"2019-11-06T03:19:19","guid":{"rendered":"http:\/\/eldigitaldeasturias.com\/radio\/?p=3431"},"modified":"2019-11-06T03:19:19","modified_gmt":"2019-11-06T03:19:19","slug":"las-claves-para-acompanar-a-la-adolescente-en-su-ciclo-menstrual","status":"publish","type":"post","link":"https:\/\/eldigitaldeasturias.com\/radio\/las-claves-para-acompanar-a-la-adolescente-en-su-ciclo-menstrual\/","title":{"rendered":"Las claves para acompa\u00f1ar a la adolescente en su ciclo menstrual"},"content":{"rendered":"<p><img fetchpriority=\"high\" decoding=\"async\" class=\"alignleft size-medium wp-image-3432\" src=\"https:\/\/eldigitaldeasturias.com\/radio\/wp-content\/uploads\/2019\/11\/1572877925_little_girl_3070206960_720-360x240.jpg\" alt=\"\" width=\"360\" height=\"240\" srcset=\"https:\/\/eldigitaldeasturias.com\/radio\/wp-content\/uploads\/2019\/11\/1572877925_little_girl_3070206960_720-360x240.jpg 360w, https:\/\/eldigitaldeasturias.com\/radio\/wp-content\/uploads\/2019\/11\/1572877925_little_girl_3070206960_720-768x512.jpg 768w, https:\/\/eldigitaldeasturias.com\/radio\/wp-content\/uploads\/2019\/11\/1572877925_little_girl_3070206960_720.jpg 960w\" sizes=\"(max-width: 360px) 100vw, 360px\" \/>Una de las fases m\u00e1s importantes dentro de la adolescencia de las ni\u00f1as, es el inicio de la pubertad y, con \u00e9l, la llegada de la menstruaci\u00f3n.\u00a0<strong><span style=\"color: #ff6600;\"><a style=\"color: #ff6600;\" href=\"https:\/\/sexualidadsabiduriaypoder.com\/\" target=\"_blank\" rel=\"nofollow noopener noreferrer\">Fernanda Palma<\/a><\/span>, una de las ponentes del\u00a0<span style=\"color: #ff6600;\"><a style=\"color: #ff6600;\" href=\"https:\/\/www.convivirconunadolescente.com\/\" target=\"_blank\" rel=\"nofollow noopener noreferrer\">II Congreso Internacional gratuito y online \u2018Convivir con un adolescente: Misi\u00f3n imposible\u2019<\/a><\/span><\/strong>, desgrana en este art\u00edculo valiosos consejos desde la biolog\u00eda para ayudarlas en el camino.<\/p>\n<p>Para poder acompa\u00f1ar a las adolescentes en su ciclo menstrual \u2013comienza- \u00ablo m\u00e1s importante es aprender a reconocernos y aceptarnos a nosotras mismas como c\u00edclicas. En la cultura en la que vivimos, muchas mujeres nos hemos desconectado de nuestros cuerpos y naturaleza llegando, incluso, a rechazar lo que nos caracteriza f\u00edsica, emocional y energ\u00e9ticamente como mujeres: Tener un \u00fatero que menstr\u00faa mes a mes y que es capaz de sostener la vida de un ser humano por 9 meses. Porque s\u00ed, a pesar de tener los mismos derechos hombres y mujeres, no somos iguales f\u00edsicamente. Y negar eso s\u00f3lo nos puede llevar a la falta de armon\u00eda, al caos y a la enfermedad\u00bb.<\/p>\n<p>La experta recomienda fijarse m\u00e1s en la naturaleza: \u00abSi la observamos podemos ver distintas representaciones de la energ\u00eda femenina y la energ\u00eda masculina (o yin y yang, como lo nombran en la cultura china). Tenemos, el calor y el fr\u00edo, lo lineal y lo c\u00edclico, el sol y la tierra, etc.\u00a0<strong>Nosotras traemos dentro la ciclicidad. Cambiamos mes a mes, igual que la luna cambia constantemente y la tierra cambia durante el a\u00f1o.<\/strong>\u00a0Todas las estaciones son diferentes y todas son necesarias y v\u00e1lidas. \u00bfO hay alguna que es menos Tierra? \u00bfTe has escuchado decir frases como: \u00c9sta no soy yo, es que estoy con la regla o \u2018no reconozco a\u00a0<em>Fulanita<\/em>, seguro est\u00e1 premenstrual?\u00bb\u00a0\u2013se pregunta.<\/p>\n<p>Como madres de adolescentes \u2013 explica &#8211; \u00abes probable que notemos que nuestras hijas cambian de humor constantemente y puede llegar a desesperarnos. Pero el secreto est\u00e1 en conocer qu\u00e9 pasa mes a mes y c\u00f3mo esos cambios hormonales nos afectan en todo sentido. Tu hija es siempre tu hija, y t\u00fa tambi\u00e9n eres siempre t\u00fa. Conocer tus propios cambios es fundamental para ver a tu hija con compasi\u00f3n y entender por qu\u00e9 se comporta tan distinto\u00bb.<\/p>\n<p><strong>Fases del ciclo menstrual<\/strong><\/p>\n<p><strong>Fase pre- ovulatoria:<\/strong>\u00a0se asemeja a la luna creciente y a la primavera, la adolescente-mujer estar\u00e1 llena de energ\u00eda. Se sentir\u00e1 floreciendo, activa, con ganas de hacer cosas. Su intelecto funciona mejor que en cualquier otra fase del mes y va a tener todo alineado para concentrarse en el colegio, en las tareas y aprender cosas que le puedan resultar m\u00e1s dif\u00edciles. Esta quiz\u00e1s la fase que \u00abm\u00e1s nos gusta\u00bb\u00a0-matiza, \u00abporque estamos en una sociedad que valora de sobremanera la acci\u00f3n, el intelecto y el salir al mundo\u00bb.<\/p>\n<p><strong>La siguiente fase es la ovulatoria<\/strong>, que se relaciona a la luna llena y al verano. \u00abAqu\u00ed estamos las mujeres f\u00edsicamente f\u00e9rtiles y energ\u00e9ticamente viviendo el arquetipo de la madre. Con esto me refiero a que estamos con la capacidad y disposici\u00f3n de nutrir y estar para los otros. Nuestras adolescentes estar\u00e1n m\u00e1s comprensivas, posiblemente sus amigas se le acercar\u00e1n para contarle sus problemas y, en estos d\u00edas, ser\u00e1n buenas escuchando y dando consejos. Tendr\u00e1n ganas de salir y de compartir. As\u00ed como en verano la Tierra nos nutre con sus frutas listas, las mujeres en esta fase estamos llenas (como la luna) para poder dar\u00bb.<\/p>\n<p><strong>Fase premenstrual.<\/strong>\u00a0Esta es quiz\u00e1s la menos popular de todas las fases, ya que, incluso, existen remedios para apaciguar los cambios f\u00edsicos y emocionales que se presentan. Esta fase se relaciona con el oto\u00f1o y con la luna menguante. Las energ\u00edas comienzan a bajar, igual que las hojas de los \u00e1rboles. Es un momento de comenzar a ir hacia adentro y conectarse con una misma. El \u00f3vulo que no fue fecundado tra\u00eda mucha energ\u00eda potencial creativa que no se us\u00f3 y, \u00absi no la sabemos canalizar, es cuando aparecen los cambios de humor y la sensaci\u00f3n de desagrado. Tu hija posiblemente estar\u00e1 m\u00e1s peleadora, con menos energ\u00eda, contestadora y le costar\u00e1 m\u00e1s concentrarse en sus estudios, ya que, comienzan a activarse otras aptitudes, como la creatividad, el arte, la intuici\u00f3n, etc. Es un excelente momento para canalizar esa energ\u00eda pintando, cantando, cocinando: creando con intenci\u00f3n\u00bb, sostiene.<\/p>\n<p><strong>La \u00faltima fase que es la menstruaci\u00f3n<\/strong>. Es el invierno y la luna nueva. Es el vac\u00edo. \u00abEs irse hacia adentro y revisar c\u00f3mo estuvo nuestro mes. Aqu\u00ed las mujeres no tenemos mucha energ\u00eda disponible y el cuerpo s\u00f3lo nos pide descansar y no hacer nada para recuperarnos en un par de d\u00edas. Es la sociedad masculinizada la que hace que muchas veces nos presionemos para que nuestra menstruaci\u00f3n no nos detenga y seamos tan fuertes y productivas como el resto del mes. Pero la verdad es que nuestro cuerpo nos dice otra cosa. Nos pide descanso. Y muchas veces el \u00fatero llega a gritarlo con fuertes dolores para que lo escuchemos. Si no nos respetamos nosotras mismas, \u00bfc\u00f3mo podemos pedir que la sociedad nos respete? Una gran ense\u00f1anza para tu hija adolescente es que aprenda a escuchar su cuerpo y, si no lo hace, invitarla a descansar y no socializar en exceso esos d\u00edas. Nuestro \u00fatero se irriga como en ning\u00fan d\u00eda del mes y, como la sangre no es infinita, llega menos al cerebro, por lo que nos costar\u00e1 m\u00e1s pensar y hacer ejercicios mentales. Si tu hija tiene que aprender algo que le cuesta, es mucho m\u00e1s efectivo que espere un par de d\u00edas a que lo intente mientras est\u00e1 menstruando\u00bb.<\/p>\n<p>Como madres \u2013 argumenta Fernanda Palma- \u00abpodemos acompa\u00f1ar a nuestras hijas, primero que nada, desde el ejemplo. Partir por nosotras conoci\u00e9ndonos, respet\u00e1ndonos, auto-cuid\u00e1ndonos, utilizando sistemas para la contenci\u00f3n de la sangre m\u00e1s amigables con el cuerpo y el medio ambiente, etc. Algo que pueden hacer en conjunto es utilizar un cuaderno para anotar el d\u00eda que est\u00e1n en el ciclo y una frase peque\u00f1a de c\u00f3mo estuvieron durante el d\u00eda. As\u00ed podr\u00e1n ir interpretando patrones de sensaciones, emociones y conductas asociadas a cada fase del ciclo\u00bb.<\/p>\n<p>El mayor aprendizaje que se puede obtener es el respeto a la biolog\u00eda, el respeto a ellas mismas y aprender a tratarse con amor. Adem\u00e1s, trae como consecuencia entender m\u00e1s a otras mujeres. \u00abEntender que no somos siempre iguales y que nuestro cuerpo nos est\u00e1 hablando mes a mes para mostrarnos cu\u00e1les son los dones que tenemos que aprovechar. Y para ti, que tienes una hija adolescente, aprender\u00e1s a entenderla m\u00e1s, saber que es mejor no discutir si ambas est\u00e1n premenstruales, no exigirle estudiar u ordenar su habitaci\u00f3n si est\u00e1 menstruando y no pretender que sea siempre igual. Porque ella es 4 hijas distintas durante el mes, al igual que t\u00fa eres 4 mam\u00e1s diferentes\u00bb, concluye.<\/p>\n","protected":false},"excerpt":{"rendered":"<p>Una de las fases m\u00e1s importantes dentro de la adolescencia de las ni\u00f1as, es el inicio de la pubertad y, con \u00e9l, la llegada de la menstruaci\u00f3n.\u00a0Fernanda Palma, una de las ponentes del\u00a0II Congreso Internacional gratuito y online \u2018Convivir con un adolescente: Misi\u00f3n imposible\u2019, desgrana en este art\u00edculo valiosos consejos desde la biolog\u00eda para ayudarlas<\/p>\n","protected":false},"author":1,"featured_media":3432,"comment_status":"closed","ping_status":"closed","sticky":false,"template":"","format":"standard","meta":{"footnotes":""},"categories":[38],"tags":[],"class_list":{"0":"post-3431","1":"post","2":"type-post","3":"status-publish","4":"format-standard","5":"has-post-thumbnail","7":"category-live"},"aioseo_notices":[],"aioseo_head":"\n\t\t<!-- All in One SEO Pro 4.9.6.2 - aioseo.com -->\n\t<meta name=\"description\" content=\"Una de las fases m\u00e1s importantes dentro de la adolescencia de las ni\u00f1as, es el inicio de la pubertad y, con \u00e9l, la llegada de la menstruaci\u00f3n. Fernanda Palma, una de las ponentes del II Congreso Internacional gratuito y online \u2018Convivir con un adolescente: Misi\u00f3n imposible\u2019, desgrana en este art\u00edculo valiosos consejos desde la biolog\u00eda para ayudarlas\" \/>\n\t<meta name=\"robots\" content=\"max-image-preview:large\" \/>\n\t<meta name=\"author\" content=\"NBAsturias\"\/>\n\t<meta name=\"google-site-verification\" content=\"UA-38556648-1\" \/>\n\t<meta name=\"keywords\" content=\"live\" \/>\n\t<link rel=\"canonical\" href=\"https:\/\/eldigitaldeasturias.com\/radio\/las-claves-para-acompanar-a-la-adolescente-en-su-ciclo-menstrual\/\" \/>\n\t<meta name=\"generator\" content=\"All in One SEO Pro (AIOSEO) 4.9.6.2\" \/>\n\t\t<meta property=\"og:locale\" content=\"es_ES\" \/>\n\t\t<meta property=\"og:site_name\" content=\"El Digital de Asturias | Diario de informaci\u00f3n y noticias\" \/>\n\t\t<meta property=\"og:type\" content=\"article\" \/>\n\t\t<meta property=\"og:title\" content=\"Las claves para acompa\u00f1ar a la adolescente en su ciclo menstrual | El Digital de Asturias\" \/>\n\t\t<meta property=\"og:description\" content=\"Una de las fases m\u00e1s importantes dentro de la adolescencia de las ni\u00f1as, es el inicio de la pubertad y, con \u00e9l, la llegada de la menstruaci\u00f3n. Fernanda Palma, una de las ponentes del II Congreso Internacional gratuito y online \u2018Convivir con un adolescente: Misi\u00f3n imposible\u2019, desgrana en este art\u00edculo valiosos consejos desde la biolog\u00eda para ayudarlas\" \/>\n\t\t<meta property=\"og:url\" content=\"https:\/\/eldigitaldeasturias.com\/radio\/las-claves-para-acompanar-a-la-adolescente-en-su-ciclo-menstrual\/\" \/>\n\t\t<meta property=\"og:image\" content=\"https:\/\/eldigitaldeasturias.com\/radio\/wp-content\/uploads\/2019\/11\/1572877925_little_girl_3070206960_720.jpg\" \/>\n\t\t<meta property=\"og:image:secure_url\" content=\"https:\/\/eldigitaldeasturias.com\/radio\/wp-content\/uploads\/2019\/11\/1572877925_little_girl_3070206960_720.jpg\" \/>\n\t\t<meta property=\"og:image:width\" content=\"960\" \/>\n\t\t<meta property=\"og:image:height\" content=\"640\" \/>\n\t\t<meta property=\"article:published_time\" content=\"2019-11-06T03:19:19+00:00\" \/>\n\t\t<meta property=\"article:modified_time\" content=\"2019-11-06T03:19:19+00:00\" \/>\n\t\t<meta name=\"twitter:card\" content=\"summary_large_image\" \/>\n\t\t<meta name=\"twitter:site\" content=\"@bercodi\" \/>\n\t\t<meta name=\"twitter:title\" content=\"Las claves para acompa\u00f1ar a la adolescente en su ciclo menstrual | El Digital de Asturias\" \/>\n\t\t<meta name=\"twitter:description\" content=\"Una de las fases m\u00e1s importantes dentro de la adolescencia de las ni\u00f1as, es el inicio de la pubertad y, con \u00e9l, la llegada de la menstruaci\u00f3n. Fernanda Palma, una de las ponentes del II Congreso Internacional gratuito y online \u2018Convivir con un adolescente: Misi\u00f3n imposible\u2019, desgrana en este art\u00edculo valiosos consejos desde la biolog\u00eda para ayudarlas\" \/>\n\t\t<meta name=\"twitter:creator\" content=\"@bercodi\" \/>\n\t\t<meta name=\"twitter:image\" content=\"https:\/\/eldigitaldeasturias.com\/radio\/wp-content\/uploads\/2019\/11\/1572877925_little_girl_3070206960_720.jpg\" \/>\n\t\t<script type=\"application\/ld+json\" class=\"aioseo-schema\">\n\t\t\t{\"@context\":\"https:\\\/\\\/schema.org\",\"@graph\":[{\"@type\":\"BreadcrumbList\",\"@id\":\"https:\\\/\\\/eldigitaldeasturias.com\\\/radio\\\/las-claves-para-acompanar-a-la-adolescente-en-su-ciclo-menstrual\\\/#breadcrumblist\",\"itemListElement\":[{\"@type\":\"ListItem\",\"@id\":\"https:\\\/\\\/eldigitaldeasturias.com\\\/radio#listItem\",\"position\":1,\"name\":\"Inicio\",\"item\":\"https:\\\/\\\/eldigitaldeasturias.com\\\/radio\",\"nextItem\":{\"@type\":\"ListItem\",\"@id\":\"https:\\\/\\\/eldigitaldeasturias.com\\\/radio\\\/category\\\/live\\\/#listItem\",\"name\":\"Live\"}},{\"@type\":\"ListItem\",\"@id\":\"https:\\\/\\\/eldigitaldeasturias.com\\\/radio\\\/category\\\/live\\\/#listItem\",\"position\":2,\"name\":\"Live\",\"item\":\"https:\\\/\\\/eldigitaldeasturias.com\\\/radio\\\/category\\\/live\\\/\",\"nextItem\":{\"@type\":\"ListItem\",\"@id\":\"https:\\\/\\\/eldigitaldeasturias.com\\\/radio\\\/las-claves-para-acompanar-a-la-adolescente-en-su-ciclo-menstrual\\\/#listItem\",\"name\":\"Las claves para acompa\\u00f1ar a la adolescente en su ciclo menstrual\"},\"previousItem\":{\"@type\":\"ListItem\",\"@id\":\"https:\\\/\\\/eldigitaldeasturias.com\\\/radio#listItem\",\"name\":\"Inicio\"}},{\"@type\":\"ListItem\",\"@id\":\"https:\\\/\\\/eldigitaldeasturias.com\\\/radio\\\/las-claves-para-acompanar-a-la-adolescente-en-su-ciclo-menstrual\\\/#listItem\",\"position\":3,\"name\":\"Las claves para acompa\\u00f1ar a la adolescente en su ciclo menstrual\",\"previousItem\":{\"@type\":\"ListItem\",\"@id\":\"https:\\\/\\\/eldigitaldeasturias.com\\\/radio\\\/category\\\/live\\\/#listItem\",\"name\":\"Live\"}}]},{\"@type\":\"NewsArticle\",\"@id\":\"https:\\\/\\\/eldigitaldeasturias.com\\\/radio\\\/las-claves-para-acompanar-a-la-adolescente-en-su-ciclo-menstrual\\\/#newsarticle\",\"name\":\"Las claves para acompa\\u00f1ar a la adolescente en su ciclo menstrual | El Digital de Asturias\",\"headline\":\"Las claves para acompa\\u00f1ar a la adolescente en su ciclo menstrual\",\"author\":{\"@id\":\"https:\\\/\\\/eldigitaldeasturias.com\\\/radio\\\/author\\\/nbasturias\\\/#author\"},\"publisher\":{\"@id\":\"https:\\\/\\\/eldigitaldeasturias.com\\\/radio\\\/#organization\"},\"image\":{\"@type\":\"ImageObject\",\"url\":\"https:\\\/\\\/eldigitaldeasturias.com\\\/radio\\\/wp-content\\\/uploads\\\/2019\\\/11\\\/1572877925_little_girl_3070206960_720.jpg\",\"width\":960,\"height\":640},\"datePublished\":\"2019-11-06T03:19:19+01:00\",\"dateModified\":\"2019-11-06T03:19:19+01:00\",\"inLanguage\":\"es-ES\",\"mainEntityOfPage\":{\"@id\":\"https:\\\/\\\/eldigitaldeasturias.com\\\/radio\\\/las-claves-para-acompanar-a-la-adolescente-en-su-ciclo-menstrual\\\/#webpage\"},\"isPartOf\":{\"@id\":\"https:\\\/\\\/eldigitaldeasturias.com\\\/radio\\\/las-claves-para-acompanar-a-la-adolescente-en-su-ciclo-menstrual\\\/#webpage\"},\"articleSection\":\"Live\",\"dateline\":\"Publicado el noviembre 6, 2019.\"},{\"@type\":\"Organization\",\"@id\":\"https:\\\/\\\/eldigitaldeasturias.com\\\/radio\\\/#organization\",\"name\":\"El digital de Asturias Radio\",\"description\":\"Diario de informaci\\u00f3n y noticias\",\"url\":\"https:\\\/\\\/eldigitaldeasturias.com\\\/radio\\\/\",\"telephone\":\"+34652131393\",\"logo\":{\"@type\":\"ImageObject\",\"url\":\"https:\\\/\\\/www.eldigitaldeasturias.com\\\/radio\\\/wp-content\\\/uploads\\\/2021\\\/03\\\/EDA.jpg\",\"@id\":\"https:\\\/\\\/eldigitaldeasturias.com\\\/radio\\\/las-claves-para-acompanar-a-la-adolescente-en-su-ciclo-menstrual\\\/#organizationLogo\"},\"image\":{\"@id\":\"https:\\\/\\\/eldigitaldeasturias.com\\\/radio\\\/las-claves-para-acompanar-a-la-adolescente-en-su-ciclo-menstrual\\\/#organizationLogo\"},\"sameAs\":[\"https:\\\/\\\/www.facebook.com\\\/\",\"https:\\\/\\\/x.com\\\/bercodi\",\"https:\\\/\\\/www.instagram.com\\\/\",\"https:\\\/\\\/www.youtube.com\\\/channel\\\/UCZP-2wLEB9Rv6erhFmqVnvg\"]},{\"@type\":\"Person\",\"@id\":\"https:\\\/\\\/eldigitaldeasturias.com\\\/radio\\\/author\\\/nbasturias\\\/#author\",\"url\":\"https:\\\/\\\/eldigitaldeasturias.com\\\/radio\\\/author\\\/nbasturias\\\/\",\"name\":\"NBAsturias\",\"image\":{\"@type\":\"ImageObject\",\"@id\":\"https:\\\/\\\/eldigitaldeasturias.com\\\/radio\\\/las-claves-para-acompanar-a-la-adolescente-en-su-ciclo-menstrual\\\/#authorImage\",\"url\":\"https:\\\/\\\/secure.gravatar.com\\\/avatar\\\/df2aeffc32bcd13f8d26072ef8a91b623d677766deac7f97ca815868cd41bf5e?s=96&d=mm&r=g\",\"width\":96,\"height\":96,\"caption\":\"NBAsturias\"}},{\"@type\":\"WebPage\",\"@id\":\"https:\\\/\\\/eldigitaldeasturias.com\\\/radio\\\/las-claves-para-acompanar-a-la-adolescente-en-su-ciclo-menstrual\\\/#webpage\",\"url\":\"https:\\\/\\\/eldigitaldeasturias.com\\\/radio\\\/las-claves-para-acompanar-a-la-adolescente-en-su-ciclo-menstrual\\\/\",\"name\":\"Las claves para acompa\\u00f1ar a la adolescente en su ciclo menstrual | El Digital de Asturias\",\"description\":\"Una de las fases m\\u00e1s importantes dentro de la adolescencia de las ni\\u00f1as, es el inicio de la pubertad y, con \\u00e9l, la llegada de la menstruaci\\u00f3n. Fernanda Palma, una de las ponentes del II Congreso Internacional gratuito y online \\u2018Convivir con un adolescente: Misi\\u00f3n imposible\\u2019, desgrana en este art\\u00edculo valiosos consejos desde la biolog\\u00eda para ayudarlas\",\"inLanguage\":\"es-ES\",\"isPartOf\":{\"@id\":\"https:\\\/\\\/eldigitaldeasturias.com\\\/radio\\\/#website\"},\"breadcrumb\":{\"@id\":\"https:\\\/\\\/eldigitaldeasturias.com\\\/radio\\\/las-claves-para-acompanar-a-la-adolescente-en-su-ciclo-menstrual\\\/#breadcrumblist\"},\"author\":{\"@id\":\"https:\\\/\\\/eldigitaldeasturias.com\\\/radio\\\/author\\\/nbasturias\\\/#author\"},\"creator\":{\"@id\":\"https:\\\/\\\/eldigitaldeasturias.com\\\/radio\\\/author\\\/nbasturias\\\/#author\"},\"image\":{\"@type\":\"ImageObject\",\"url\":\"https:\\\/\\\/eldigitaldeasturias.com\\\/radio\\\/wp-content\\\/uploads\\\/2019\\\/11\\\/1572877925_little_girl_3070206960_720.jpg\",\"@id\":\"https:\\\/\\\/eldigitaldeasturias.com\\\/radio\\\/las-claves-para-acompanar-a-la-adolescente-en-su-ciclo-menstrual\\\/#mainImage\",\"width\":960,\"height\":640},\"primaryImageOfPage\":{\"@id\":\"https:\\\/\\\/eldigitaldeasturias.com\\\/radio\\\/las-claves-para-acompanar-a-la-adolescente-en-su-ciclo-menstrual\\\/#mainImage\"},\"datePublished\":\"2019-11-06T03:19:19+01:00\",\"dateModified\":\"2019-11-06T03:19:19+01:00\"},{\"@type\":\"WebSite\",\"@id\":\"https:\\\/\\\/eldigitaldeasturias.com\\\/radio\\\/#website\",\"url\":\"https:\\\/\\\/eldigitaldeasturias.com\\\/radio\\\/\",\"name\":\"El Digital de Asturias\",\"description\":\"Diario de informaci\\u00f3n y noticias\",\"inLanguage\":\"es-ES\",\"publisher\":{\"@id\":\"https:\\\/\\\/eldigitaldeasturias.com\\\/radio\\\/#organization\"}}]}\n\t\t<\/script>\n\t\t<!-- All in One SEO Pro -->\r\n\t\t<title>Las claves para acompa\u00f1ar a la adolescente en su ciclo menstrual | El Digital de Asturias<\/title>\n\n","aioseo_head_json":{"title":"Las claves para acompa\u00f1ar a la adolescente en su ciclo menstrual | El Digital de Asturias","description":"Una de las fases m\u00e1s importantes dentro de la adolescencia de las ni\u00f1as, es el inicio de la pubertad y, con \u00e9l, la llegada de la menstruaci\u00f3n. Fernanda Palma, una de las ponentes del II Congreso Internacional gratuito y online \u2018Convivir con un adolescente: Misi\u00f3n imposible\u2019, desgrana en este art\u00edculo valiosos consejos desde la biolog\u00eda para ayudarlas","canonical_url":"https:\/\/eldigitaldeasturias.com\/radio\/las-claves-para-acompanar-a-la-adolescente-en-su-ciclo-menstrual\/","robots":"max-image-preview:large","keywords":"live","webmasterTools":{"google-site-verification":"UA-38556648-1","miscellaneous":""},"schema":{"@context":"https:\/\/schema.org","@graph":[{"@type":"BreadcrumbList","@id":"https:\/\/eldigitaldeasturias.com\/radio\/las-claves-para-acompanar-a-la-adolescente-en-su-ciclo-menstrual\/#breadcrumblist","itemListElement":[{"@type":"ListItem","@id":"https:\/\/eldigitaldeasturias.com\/radio#listItem","position":1,"name":"Inicio","item":"https:\/\/eldigitaldeasturias.com\/radio","nextItem":{"@type":"ListItem","@id":"https:\/\/eldigitaldeasturias.com\/radio\/category\/live\/#listItem","name":"Live"}},{"@type":"ListItem","@id":"https:\/\/eldigitaldeasturias.com\/radio\/category\/live\/#listItem","position":2,"name":"Live","item":"https:\/\/eldigitaldeasturias.com\/radio\/category\/live\/","nextItem":{"@type":"ListItem","@id":"https:\/\/eldigitaldeasturias.com\/radio\/las-claves-para-acompanar-a-la-adolescente-en-su-ciclo-menstrual\/#listItem","name":"Las claves para acompa\u00f1ar a la adolescente en su ciclo menstrual"},"previousItem":{"@type":"ListItem","@id":"https:\/\/eldigitaldeasturias.com\/radio#listItem","name":"Inicio"}},{"@type":"ListItem","@id":"https:\/\/eldigitaldeasturias.com\/radio\/las-claves-para-acompanar-a-la-adolescente-en-su-ciclo-menstrual\/#listItem","position":3,"name":"Las claves para acompa\u00f1ar a la adolescente en su ciclo menstrual","previousItem":{"@type":"ListItem","@id":"https:\/\/eldigitaldeasturias.com\/radio\/category\/live\/#listItem","name":"Live"}}]},{"@type":"NewsArticle","@id":"https:\/\/eldigitaldeasturias.com\/radio\/las-claves-para-acompanar-a-la-adolescente-en-su-ciclo-menstrual\/#newsarticle","name":"Las claves para acompa\u00f1ar a la adolescente en su ciclo menstrual | El Digital de Asturias","headline":"Las claves para acompa\u00f1ar a la adolescente en su ciclo menstrual","author":{"@id":"https:\/\/eldigitaldeasturias.com\/radio\/author\/nbasturias\/#author"},"publisher":{"@id":"https:\/\/eldigitaldeasturias.com\/radio\/#organization"},"image":{"@type":"ImageObject","url":"https:\/\/eldigitaldeasturias.com\/radio\/wp-content\/uploads\/2019\/11\/1572877925_little_girl_3070206960_720.jpg","width":960,"height":640},"datePublished":"2019-11-06T03:19:19+01:00","dateModified":"2019-11-06T03:19:19+01:00","inLanguage":"es-ES","mainEntityOfPage":{"@id":"https:\/\/eldigitaldeasturias.com\/radio\/las-claves-para-acompanar-a-la-adolescente-en-su-ciclo-menstrual\/#webpage"},"isPartOf":{"@id":"https:\/\/eldigitaldeasturias.com\/radio\/las-claves-para-acompanar-a-la-adolescente-en-su-ciclo-menstrual\/#webpage"},"articleSection":"Live","dateline":"Publicado el noviembre 6, 2019."},{"@type":"Organization","@id":"https:\/\/eldigitaldeasturias.com\/radio\/#organization","name":"El digital de Asturias Radio","description":"Diario de informaci\u00f3n y noticias","url":"https:\/\/eldigitaldeasturias.com\/radio\/","telephone":"+34652131393","logo":{"@type":"ImageObject","url":"https:\/\/www.eldigitaldeasturias.com\/radio\/wp-content\/uploads\/2021\/03\/EDA.jpg","@id":"https:\/\/eldigitaldeasturias.com\/radio\/las-claves-para-acompanar-a-la-adolescente-en-su-ciclo-menstrual\/#organizationLogo"},"image":{"@id":"https:\/\/eldigitaldeasturias.com\/radio\/las-claves-para-acompanar-a-la-adolescente-en-su-ciclo-menstrual\/#organizationLogo"},"sameAs":["https:\/\/www.facebook.com\/","https:\/\/x.com\/bercodi","https:\/\/www.instagram.com\/","https:\/\/www.youtube.com\/channel\/UCZP-2wLEB9Rv6erhFmqVnvg"]},{"@type":"Person","@id":"https:\/\/eldigitaldeasturias.com\/radio\/author\/nbasturias\/#author","url":"https:\/\/eldigitaldeasturias.com\/radio\/author\/nbasturias\/","name":"NBAsturias","image":{"@type":"ImageObject","@id":"https:\/\/eldigitaldeasturias.com\/radio\/las-claves-para-acompanar-a-la-adolescente-en-su-ciclo-menstrual\/#authorImage","url":"https:\/\/secure.gravatar.com\/avatar\/df2aeffc32bcd13f8d26072ef8a91b623d677766deac7f97ca815868cd41bf5e?s=96&d=mm&r=g","width":96,"height":96,"caption":"NBAsturias"}},{"@type":"WebPage","@id":"https:\/\/eldigitaldeasturias.com\/radio\/las-claves-para-acompanar-a-la-adolescente-en-su-ciclo-menstrual\/#webpage","url":"https:\/\/eldigitaldeasturias.com\/radio\/las-claves-para-acompanar-a-la-adolescente-en-su-ciclo-menstrual\/","name":"Las claves para acompa\u00f1ar a la adolescente en su ciclo menstrual | El Digital de Asturias","description":"Una de las fases m\u00e1s importantes dentro de la adolescencia de las ni\u00f1as, es el inicio de la pubertad y, con \u00e9l, la llegada de la menstruaci\u00f3n. Fernanda Palma, una de las ponentes del II Congreso Internacional gratuito y online \u2018Convivir con un adolescente: Misi\u00f3n imposible\u2019, desgrana en este art\u00edculo valiosos consejos desde la biolog\u00eda para ayudarlas","inLanguage":"es-ES","isPartOf":{"@id":"https:\/\/eldigitaldeasturias.com\/radio\/#website"},"breadcrumb":{"@id":"https:\/\/eldigitaldeasturias.com\/radio\/las-claves-para-acompanar-a-la-adolescente-en-su-ciclo-menstrual\/#breadcrumblist"},"author":{"@id":"https:\/\/eldigitaldeasturias.com\/radio\/author\/nbasturias\/#author"},"creator":{"@id":"https:\/\/eldigitaldeasturias.com\/radio\/author\/nbasturias\/#author"},"image":{"@type":"ImageObject","url":"https:\/\/eldigitaldeasturias.com\/radio\/wp-content\/uploads\/2019\/11\/1572877925_little_girl_3070206960_720.jpg","@id":"https:\/\/eldigitaldeasturias.com\/radio\/las-claves-para-acompanar-a-la-adolescente-en-su-ciclo-menstrual\/#mainImage","width":960,"height":640},"primaryImageOfPage":{"@id":"https:\/\/eldigitaldeasturias.com\/radio\/las-claves-para-acompanar-a-la-adolescente-en-su-ciclo-menstrual\/#mainImage"},"datePublished":"2019-11-06T03:19:19+01:00","dateModified":"2019-11-06T03:19:19+01:00"},{"@type":"WebSite","@id":"https:\/\/eldigitaldeasturias.com\/radio\/#website","url":"https:\/\/eldigitaldeasturias.com\/radio\/","name":"El Digital de Asturias","description":"Diario de informaci\u00f3n y noticias","inLanguage":"es-ES","publisher":{"@id":"https:\/\/eldigitaldeasturias.com\/radio\/#organization"}}]},"og:locale":"es_ES","og:site_name":"El Digital de Asturias | Diario de informaci\u00f3n y noticias","og:type":"article","og:title":"Las claves para acompa\u00f1ar a la adolescente en su ciclo menstrual | El Digital de Asturias","og:description":"Una de las fases m\u00e1s importantes dentro de la adolescencia de las ni\u00f1as, es el inicio de la pubertad y, con \u00e9l, la llegada de la menstruaci\u00f3n. Fernanda Palma, una de las ponentes del II Congreso Internacional gratuito y online \u2018Convivir con un adolescente: Misi\u00f3n imposible\u2019, desgrana en este art\u00edculo valiosos consejos desde la biolog\u00eda para ayudarlas","og:url":"https:\/\/eldigitaldeasturias.com\/radio\/las-claves-para-acompanar-a-la-adolescente-en-su-ciclo-menstrual\/","og:image":"https:\/\/eldigitaldeasturias.com\/radio\/wp-content\/uploads\/2019\/11\/1572877925_little_girl_3070206960_720.jpg","og:image:secure_url":"https:\/\/eldigitaldeasturias.com\/radio\/wp-content\/uploads\/2019\/11\/1572877925_little_girl_3070206960_720.jpg","og:image:width":960,"og:image:height":640,"article:published_time":"2019-11-06T03:19:19+00:00","article:modified_time":"2019-11-06T03:19:19+00:00","twitter:card":"summary_large_image","twitter:site":"@bercodi","twitter:title":"Las claves para acompa\u00f1ar a la adolescente en su ciclo menstrual | El Digital de Asturias","twitter:description":"Una de las fases m\u00e1s importantes dentro de la adolescencia de las ni\u00f1as, es el inicio de la pubertad y, con \u00e9l, la llegada de la menstruaci\u00f3n. Fernanda Palma, una de las ponentes del II Congreso Internacional gratuito y online \u2018Convivir con un adolescente: Misi\u00f3n imposible\u2019, desgrana en este art\u00edculo valiosos consejos desde la biolog\u00eda para ayudarlas","twitter:creator":"@bercodi","twitter:image":"https:\/\/eldigitaldeasturias.com\/radio\/wp-content\/uploads\/2019\/11\/1572877925_little_girl_3070206960_720.jpg"},"aioseo_meta_data":{"post_id":"3431","title":null,"description":null,"keywords":null,"keyphrases":null,"primary_term":null,"canonical_url":null,"og_title":null,"og_description":null,"og_object_type":"default","og_image_type":"default","og_image_url":null,"og_image_width":null,"og_image_height":null,"og_image_custom_url":null,"og_image_custom_fields":null,"og_video":null,"og_custom_url":null,"og_article_section":null,"og_article_tags":null,"twitter_use_og":false,"twitter_card":"default","twitter_image_type":"default","twitter_image_url":null,"twitter_image_custom_url":null,"twitter_image_custom_fields":null,"twitter_title":null,"twitter_description":null,"schema":{"blockGraphs":[],"customGraphs":[],"default":{"data":{"Article":[],"Course":[],"Dataset":[],"FAQPage":[],"Movie":[],"Person":[],"Product":[],"ProductReview":[],"Car":[],"Recipe":[],"Service":[],"SoftwareApplication":[],"WebPage":[]},"graphName":"","isEnabled":true},"graphs":[],"defaultGraph":"","defaultPostTypeGraph":""},"schema_type":null,"schema_type_options":null,"pillar_content":false,"robots_default":true,"robots_noindex":false,"robots_noarchive":false,"robots_nosnippet":false,"robots_nofollow":false,"robots_noimageindex":false,"robots_noodp":false,"robots_notranslate":false,"robots_max_snippet":null,"robots_max_videopreview":null,"robots_max_imagepreview":"large","priority":null,"frequency":null,"location":null,"local_seo":null,"seo_analyzer_scan_date":"2025-08-28 14:16:23","breadcrumb_settings":null,"limit_modified_date":false,"open_ai":null,"ai":null,"created":"2021-03-25 20:31:19","updated":"2025-08-28 14:16:23"},"aioseo_breadcrumb":"<div class=\"aioseo-breadcrumbs\"><span class=\"aioseo-breadcrumb\">\n\t<a href=\"https:\/\/eldigitaldeasturias.com\/radio\" title=\"Inicio\">Inicio<\/a>\n<\/span><span class=\"aioseo-breadcrumb-separator\">&ndash;<\/span><span class=\"aioseo-breadcrumb\">\n\t<a href=\"https:\/\/eldigitaldeasturias.com\/radio\/category\/live\/\" title=\"Live\">Live<\/a>\n<\/span><span class=\"aioseo-breadcrumb-separator\">&ndash;<\/span><span class=\"aioseo-breadcrumb\">\n\tLas claves para acompa\u00f1ar a la adolescente en su ciclo menstrual\n<\/span><\/div>","aioseo_breadcrumb_json":[{"label":"Inicio","link":"https:\/\/eldigitaldeasturias.com\/radio"},{"label":"Live","link":"https:\/\/eldigitaldeasturias.com\/radio\/category\/live\/"},{"label":"Las claves para acompa\u00f1ar a la adolescente en su ciclo menstrual","link":"https:\/\/eldigitaldeasturias.com\/radio\/las-claves-para-acompanar-a-la-adolescente-en-su-ciclo-menstrual\/"}],"_links":{"self":[{"href":"https:\/\/eldigitaldeasturias.com\/radio\/wp-json\/wp\/v2\/posts\/3431","targetHints":{"allow":["GET"]}}],"collection":[{"href":"https:\/\/eldigitaldeasturias.com\/radio\/wp-json\/wp\/v2\/posts"}],"about":[{"href":"https:\/\/eldigitaldeasturias.com\/radio\/wp-json\/wp\/v2\/types\/post"}],"author":[{"embeddable":true,"href":"https:\/\/eldigitaldeasturias.com\/radio\/wp-json\/wp\/v2\/users\/1"}],"replies":[{"embeddable":true,"href":"https:\/\/eldigitaldeasturias.com\/radio\/wp-json\/wp\/v2\/comments?post=3431"}],"version-history":[{"count":0,"href":"https:\/\/eldigitaldeasturias.com\/radio\/wp-json\/wp\/v2\/posts\/3431\/revisions"}],"wp:featuredmedia":[{"embeddable":true,"href":"https:\/\/eldigitaldeasturias.com\/radio\/wp-json\/wp\/v2\/media\/3432"}],"wp:attachment":[{"href":"https:\/\/eldigitaldeasturias.com\/radio\/wp-json\/wp\/v2\/media?parent=3431"}],"wp:term":[{"taxonomy":"category","embeddable":true,"href":"https:\/\/eldigitaldeasturias.com\/radio\/wp-json\/wp\/v2\/categories?post=3431"},{"taxonomy":"post_tag","embeddable":true,"href":"https:\/\/eldigitaldeasturias.com\/radio\/wp-json\/wp\/v2\/tags?post=3431"}],"curies":[{"name":"wp","href":"https:\/\/api.w.org\/{rel}","templated":true}]}}