{"id":3414,"date":"2019-11-06T00:48:27","date_gmt":"2019-11-06T00:48:27","guid":{"rendered":"http:\/\/eldigitaldeasturias.com\/radio\/?p=3414"},"modified":"2019-11-06T00:48:27","modified_gmt":"2019-11-06T00:48:27","slug":"segun-estudio-de-ave-fenix-mas-de-400-personas-declaradas-en-concurso-en-octubre","status":"publish","type":"post","link":"https:\/\/eldigitaldeasturias.com\/radio\/segun-estudio-de-ave-fenix-mas-de-400-personas-declaradas-en-concurso-en-octubre\/","title":{"rendered":"Seg\u00fan estudio de AVE F\u00c9NIX m\u00e1s de 400 personas declaradas en concurso en Octubre"},"content":{"rendered":"<p><img decoding=\"async\" class=\"alignleft size-full wp-image-3415\" src=\"https:\/\/eldigitaldeasturias.com\/radio\/wp-content\/uploads\/2019\/11\/1572516305_avada_music_logo_mobile_retina.png\" alt=\"\" width=\"80\" height=\"75\" \/>Por primera vez en la historia econ\u00f3mica de Espa\u00f1a, durante este pasado mes de octubre, m\u00e1s de 400 personas ser\u00e1n declaradas en concurso de acreedores en todo el territorio espa\u00f1ol, cifra que resulta relevante si se compara con la de octubre de 2015 y 2016, inferior a 100 personas.<\/p>\n<p>La principal raz\u00f3n para este crecimiento de las personas en concurso, cuya cifra se ha multiplicado por cuatro en solo 3 a\u00f1os, hay que buscarla en la denominada Ley de Segunda Oportunidad. El 29 de julio de 2015 se public\u00f3 en el BOE la Ley 25\/2015, de 28 de julio, de mecanismo de segunda oportunidad, reducci\u00f3n de la carga financiera y otras medidas de orden social. Esta ley supuso un cambio radical en el rigor legislativo sobre las personas f\u00edsicas que, como consecuencia de acontecimientos econ\u00f3micos, deven\u00edan en la insolvencia, ya que al contrario que las sociedades, que pueden extinguirse y con ellas sus deudas, las personas f\u00edsicas arrastraban las deudas toda su vida y eran heredadas.<\/p>\n<p>Con esta nueva Ley se abri\u00f3 la posibilidad de que al deudor de buena fe, le puede ser exonerada parte de su deuda, si cumple determinadas condiciones. Tal y como se indica en el Pre\u00e1mbulo de la Ley:<\/p>\n<p><em>Su objetivo no es otro que\u00a0<strong>permitir<\/strong>\u00a0lo que tan expresivamente describe su denominaci\u00f3n:\u00a0<strong>que una persona f\u00edsica<\/strong>, a pesar de un fracaso econ\u00f3mico empresarial o personal,\u00a0<strong>tenga la posibilidad de encarrilar nuevamente su vida\u00a0<\/strong>e incluso de arriesgarse a nuevas iniciativas, sin tener que arrastrar indefinidamente una losa de deuda que nunca podr\u00e1 satisfacer.<\/em><\/p>\n<p>El procedimiento previsto por la Ley supone una fase previa de negociaci\u00f3n en la que interviene la figura del mediador concursal, quien tratar\u00e1 de alcanzar un acuerdo de quita y espera con los acreedores y la fase de concurso de acreedores con la intervenci\u00f3n de un Juzgado, que nombrar\u00e1 un administrador concursal. Al final de este procedimiento, que supone la liquidaci\u00f3n de los bienes, se solicita la exoneraci\u00f3n del pasivo no satisfecho con la liquidaci\u00f3n.<\/p>\n<p>Este hito de m\u00e1s de 400 concursos de personas f\u00edsicas en un mes y con seguridad m\u00e1s de 3.000 en el a\u00f1o, hace que Espa\u00f1a se acerque a las cifras de otros pa\u00edses del\u00a0entorno donde el n\u00famero de concursos de personas f\u00edsicas supera los 5.000 en el caso de Portugal y alcanza cifras de 5 d\u00edgitos en Francia, Italia o Alemania.<\/p>\n<p>Fuente de los datos: AVE-F\u00c9NIX EMPIEZA DE CERO, S.L. (<a href=\"https:\/\/ave-fenix.es\" target=\"_blank\" rel=\"nofollow noopener noreferrer\"><span style=\"color: #ff6600;\"><strong>https:\/\/ave-fenix.es<\/strong><\/span><\/a>) elaboraci\u00f3n propia.<\/p>\n","protected":false},"excerpt":{"rendered":"<p>Por primera vez en la historia econ\u00f3mica de Espa\u00f1a, durante este pasado mes de octubre, m\u00e1s de 400 personas ser\u00e1n declaradas en concurso de acreedores en todo el territorio espa\u00f1ol, cifra que resulta relevante si se compara con la de octubre de 2015 y 2016, inferior a 100 personas. La principal raz\u00f3n para este crecimiento<\/p>\n","protected":false},"author":1,"featured_media":1352,"comment_status":"closed","ping_status":"closed","sticky":false,"template":"","format":"standard","meta":{"footnotes":""},"categories":[1],"tags":[],"class_list":{"0":"post-3414","1":"post","2":"type-post","3":"status-publish","4":"format-standard","5":"has-post-thumbnail","7":"category-noticias"},"aioseo_notices":[],"aioseo_head":"\n\t\t<!-- All in One SEO Pro 4.9.6.2 - aioseo.com -->\n\t<meta name=\"description\" content=\"Por primera vez en la historia econ\u00f3mica de Espa\u00f1a, durante este pasado mes de octubre, m\u00e1s de 400 personas ser\u00e1n declaradas en concurso de acreedores en todo el territorio espa\u00f1ol, cifra que resulta relevante si se compara con la de octubre de 2015 y 2016, inferior a 100 personas. La principal raz\u00f3n para este crecimiento\" \/>\n\t<meta name=\"robots\" content=\"max-image-preview:large\" \/>\n\t<meta name=\"author\" content=\"NBAsturias\"\/>\n\t<meta name=\"google-site-verification\" content=\"UA-38556648-1\" \/>\n\t<meta name=\"keywords\" content=\"noticias\" \/>\n\t<link rel=\"canonical\" href=\"https:\/\/eldigitaldeasturias.com\/radio\/segun-estudio-de-ave-fenix-mas-de-400-personas-declaradas-en-concurso-en-octubre\/\" \/>\n\t<meta name=\"generator\" content=\"All in One SEO Pro (AIOSEO) 4.9.6.2\" \/>\n\t\t<meta property=\"og:locale\" content=\"es_ES\" \/>\n\t\t<meta property=\"og:site_name\" content=\"El Digital de Asturias | Diario de informaci\u00f3n y noticias\" \/>\n\t\t<meta property=\"og:type\" content=\"article\" \/>\n\t\t<meta property=\"og:title\" content=\"Seg\u00fan estudio de AVE F\u00c9NIX m\u00e1s de 400 personas declaradas en concurso en Octubre | El Digital de Asturias\" \/>\n\t\t<meta property=\"og:description\" content=\"Por primera vez en la historia econ\u00f3mica de Espa\u00f1a, durante este pasado mes de octubre, m\u00e1s de 400 personas ser\u00e1n declaradas en concurso de acreedores en todo el territorio espa\u00f1ol, cifra que resulta relevante si se compara con la de octubre de 2015 y 2016, inferior a 100 personas. La principal raz\u00f3n para este crecimiento\" \/>\n\t\t<meta property=\"og:url\" content=\"https:\/\/eldigitaldeasturias.com\/radio\/segun-estudio-de-ave-fenix-mas-de-400-personas-declaradas-en-concurso-en-octubre\/\" \/>\n\t\t<meta property=\"og:image\" content=\"https:\/\/eldigitaldeasturias.com\/radio\/wp-content\/uploads\/2018\/10\/technology-785742_960_720.jpg\" \/>\n\t\t<meta property=\"og:image:secure_url\" content=\"https:\/\/eldigitaldeasturias.com\/radio\/wp-content\/uploads\/2018\/10\/technology-785742_960_720.jpg\" \/>\n\t\t<meta property=\"og:image:width\" content=\"960\" \/>\n\t\t<meta property=\"og:image:height\" content=\"640\" \/>\n\t\t<meta property=\"article:published_time\" content=\"2019-11-06T00:48:27+00:00\" \/>\n\t\t<meta property=\"article:modified_time\" content=\"2019-11-06T00:48:27+00:00\" \/>\n\t\t<meta name=\"twitter:card\" content=\"summary_large_image\" \/>\n\t\t<meta name=\"twitter:site\" content=\"@bercodi\" \/>\n\t\t<meta name=\"twitter:title\" content=\"Seg\u00fan estudio de AVE F\u00c9NIX m\u00e1s de 400 personas declaradas en concurso en Octubre | El Digital de Asturias\" \/>\n\t\t<meta name=\"twitter:description\" content=\"Por primera vez en la historia econ\u00f3mica de Espa\u00f1a, durante este pasado mes de octubre, m\u00e1s de 400 personas ser\u00e1n declaradas en concurso de acreedores en todo el territorio espa\u00f1ol, cifra que resulta relevante si se compara con la de octubre de 2015 y 2016, inferior a 100 personas. La principal raz\u00f3n para este crecimiento\" \/>\n\t\t<meta name=\"twitter:creator\" content=\"@bercodi\" \/>\n\t\t<meta name=\"twitter:image\" content=\"https:\/\/eldigitaldeasturias.com\/radio\/wp-content\/uploads\/2018\/10\/technology-785742_960_720.jpg\" \/>\n\t\t<script type=\"application\/ld+json\" class=\"aioseo-schema\">\n\t\t\t{\"@context\":\"https:\\\/\\\/schema.org\",\"@graph\":[{\"@type\":\"BreadcrumbList\",\"@id\":\"https:\\\/\\\/eldigitaldeasturias.com\\\/radio\\\/segun-estudio-de-ave-fenix-mas-de-400-personas-declaradas-en-concurso-en-octubre\\\/#breadcrumblist\",\"itemListElement\":[{\"@type\":\"ListItem\",\"@id\":\"https:\\\/\\\/eldigitaldeasturias.com\\\/radio#listItem\",\"position\":1,\"name\":\"Inicio\",\"item\":\"https:\\\/\\\/eldigitaldeasturias.com\\\/radio\",\"nextItem\":{\"@type\":\"ListItem\",\"@id\":\"https:\\\/\\\/eldigitaldeasturias.com\\\/radio\\\/category\\\/noticias\\\/#listItem\",\"name\":\"Noticias\"}},{\"@type\":\"ListItem\",\"@id\":\"https:\\\/\\\/eldigitaldeasturias.com\\\/radio\\\/category\\\/noticias\\\/#listItem\",\"position\":2,\"name\":\"Noticias\",\"item\":\"https:\\\/\\\/eldigitaldeasturias.com\\\/radio\\\/category\\\/noticias\\\/\",\"nextItem\":{\"@type\":\"ListItem\",\"@id\":\"https:\\\/\\\/eldigitaldeasturias.com\\\/radio\\\/segun-estudio-de-ave-fenix-mas-de-400-personas-declaradas-en-concurso-en-octubre\\\/#listItem\",\"name\":\"Seg\\u00fan estudio de AVE F\\u00c9NIX m\\u00e1s de 400 personas declaradas en concurso en Octubre\"},\"previousItem\":{\"@type\":\"ListItem\",\"@id\":\"https:\\\/\\\/eldigitaldeasturias.com\\\/radio#listItem\",\"name\":\"Inicio\"}},{\"@type\":\"ListItem\",\"@id\":\"https:\\\/\\\/eldigitaldeasturias.com\\\/radio\\\/segun-estudio-de-ave-fenix-mas-de-400-personas-declaradas-en-concurso-en-octubre\\\/#listItem\",\"position\":3,\"name\":\"Seg\\u00fan estudio de AVE F\\u00c9NIX m\\u00e1s de 400 personas declaradas en concurso en Octubre\",\"previousItem\":{\"@type\":\"ListItem\",\"@id\":\"https:\\\/\\\/eldigitaldeasturias.com\\\/radio\\\/category\\\/noticias\\\/#listItem\",\"name\":\"Noticias\"}}]},{\"@type\":\"NewsArticle\",\"@id\":\"https:\\\/\\\/eldigitaldeasturias.com\\\/radio\\\/segun-estudio-de-ave-fenix-mas-de-400-personas-declaradas-en-concurso-en-octubre\\\/#newsarticle\",\"name\":\"Seg\\u00fan estudio de AVE F\\u00c9NIX m\\u00e1s de 400 personas declaradas en concurso en Octubre | El Digital de Asturias\",\"headline\":\"Seg\\u00fan estudio de AVE F\\u00c9NIX m\\u00e1s de 400 personas declaradas en concurso en Octubre\",\"author\":{\"@id\":\"https:\\\/\\\/eldigitaldeasturias.com\\\/radio\\\/author\\\/nbasturias\\\/#author\"},\"publisher\":{\"@id\":\"https:\\\/\\\/eldigitaldeasturias.com\\\/radio\\\/#organization\"},\"image\":{\"@type\":\"ImageObject\",\"url\":\"https:\\\/\\\/eldigitaldeasturias.com\\\/radio\\\/wp-content\\\/uploads\\\/2018\\\/10\\\/technology-785742_960_720.jpg\",\"width\":960,\"height\":640},\"datePublished\":\"2019-11-06T00:48:27+01:00\",\"dateModified\":\"2019-11-06T00:48:27+01:00\",\"inLanguage\":\"es-ES\",\"mainEntityOfPage\":{\"@id\":\"https:\\\/\\\/eldigitaldeasturias.com\\\/radio\\\/segun-estudio-de-ave-fenix-mas-de-400-personas-declaradas-en-concurso-en-octubre\\\/#webpage\"},\"isPartOf\":{\"@id\":\"https:\\\/\\\/eldigitaldeasturias.com\\\/radio\\\/segun-estudio-de-ave-fenix-mas-de-400-personas-declaradas-en-concurso-en-octubre\\\/#webpage\"},\"articleSection\":\"Noticias\",\"dateline\":\"Publicado el noviembre 6, 2019.\"},{\"@type\":\"Organization\",\"@id\":\"https:\\\/\\\/eldigitaldeasturias.com\\\/radio\\\/#organization\",\"name\":\"El digital de Asturias Radio\",\"description\":\"Diario de informaci\\u00f3n y noticias\",\"url\":\"https:\\\/\\\/eldigitaldeasturias.com\\\/radio\\\/\",\"telephone\":\"+34652131393\",\"logo\":{\"@type\":\"ImageObject\",\"url\":\"https:\\\/\\\/www.eldigitaldeasturias.com\\\/radio\\\/wp-content\\\/uploads\\\/2021\\\/03\\\/EDA.jpg\",\"@id\":\"https:\\\/\\\/eldigitaldeasturias.com\\\/radio\\\/segun-estudio-de-ave-fenix-mas-de-400-personas-declaradas-en-concurso-en-octubre\\\/#organizationLogo\"},\"image\":{\"@id\":\"https:\\\/\\\/eldigitaldeasturias.com\\\/radio\\\/segun-estudio-de-ave-fenix-mas-de-400-personas-declaradas-en-concurso-en-octubre\\\/#organizationLogo\"},\"sameAs\":[\"https:\\\/\\\/www.facebook.com\\\/\",\"https:\\\/\\\/x.com\\\/bercodi\",\"https:\\\/\\\/www.instagram.com\\\/\",\"https:\\\/\\\/www.youtube.com\\\/channel\\\/UCZP-2wLEB9Rv6erhFmqVnvg\"]},{\"@type\":\"Person\",\"@id\":\"https:\\\/\\\/eldigitaldeasturias.com\\\/radio\\\/author\\\/nbasturias\\\/#author\",\"url\":\"https:\\\/\\\/eldigitaldeasturias.com\\\/radio\\\/author\\\/nbasturias\\\/\",\"name\":\"NBAsturias\",\"image\":{\"@type\":\"ImageObject\",\"@id\":\"https:\\\/\\\/eldigitaldeasturias.com\\\/radio\\\/segun-estudio-de-ave-fenix-mas-de-400-personas-declaradas-en-concurso-en-octubre\\\/#authorImage\",\"url\":\"https:\\\/\\\/secure.gravatar.com\\\/avatar\\\/df2aeffc32bcd13f8d26072ef8a91b623d677766deac7f97ca815868cd41bf5e?s=96&d=mm&r=g\",\"width\":96,\"height\":96,\"caption\":\"NBAsturias\"}},{\"@type\":\"WebPage\",\"@id\":\"https:\\\/\\\/eldigitaldeasturias.com\\\/radio\\\/segun-estudio-de-ave-fenix-mas-de-400-personas-declaradas-en-concurso-en-octubre\\\/#webpage\",\"url\":\"https:\\\/\\\/eldigitaldeasturias.com\\\/radio\\\/segun-estudio-de-ave-fenix-mas-de-400-personas-declaradas-en-concurso-en-octubre\\\/\",\"name\":\"Seg\\u00fan estudio de AVE F\\u00c9NIX m\\u00e1s de 400 personas declaradas en concurso en Octubre | El Digital de Asturias\",\"description\":\"Por primera vez en la historia econ\\u00f3mica de Espa\\u00f1a, durante este pasado mes de octubre, m\\u00e1s de 400 personas ser\\u00e1n declaradas en concurso de acreedores en todo el territorio espa\\u00f1ol, cifra que resulta relevante si se compara con la de octubre de 2015 y 2016, inferior a 100 personas. La principal raz\\u00f3n para este crecimiento\",\"inLanguage\":\"es-ES\",\"isPartOf\":{\"@id\":\"https:\\\/\\\/eldigitaldeasturias.com\\\/radio\\\/#website\"},\"breadcrumb\":{\"@id\":\"https:\\\/\\\/eldigitaldeasturias.com\\\/radio\\\/segun-estudio-de-ave-fenix-mas-de-400-personas-declaradas-en-concurso-en-octubre\\\/#breadcrumblist\"},\"author\":{\"@id\":\"https:\\\/\\\/eldigitaldeasturias.com\\\/radio\\\/author\\\/nbasturias\\\/#author\"},\"creator\":{\"@id\":\"https:\\\/\\\/eldigitaldeasturias.com\\\/radio\\\/author\\\/nbasturias\\\/#author\"},\"image\":{\"@type\":\"ImageObject\",\"url\":\"https:\\\/\\\/eldigitaldeasturias.com\\\/radio\\\/wp-content\\\/uploads\\\/2018\\\/10\\\/technology-785742_960_720.jpg\",\"@id\":\"https:\\\/\\\/eldigitaldeasturias.com\\\/radio\\\/segun-estudio-de-ave-fenix-mas-de-400-personas-declaradas-en-concurso-en-octubre\\\/#mainImage\",\"width\":960,\"height\":640},\"primaryImageOfPage\":{\"@id\":\"https:\\\/\\\/eldigitaldeasturias.com\\\/radio\\\/segun-estudio-de-ave-fenix-mas-de-400-personas-declaradas-en-concurso-en-octubre\\\/#mainImage\"},\"datePublished\":\"2019-11-06T00:48:27+01:00\",\"dateModified\":\"2019-11-06T00:48:27+01:00\"},{\"@type\":\"WebSite\",\"@id\":\"https:\\\/\\\/eldigitaldeasturias.com\\\/radio\\\/#website\",\"url\":\"https:\\\/\\\/eldigitaldeasturias.com\\\/radio\\\/\",\"name\":\"El Digital de Asturias\",\"description\":\"Diario de informaci\\u00f3n y noticias\",\"inLanguage\":\"es-ES\",\"publisher\":{\"@id\":\"https:\\\/\\\/eldigitaldeasturias.com\\\/radio\\\/#organization\"}}]}\n\t\t<\/script>\n\t\t<!-- All in One SEO Pro -->\r\n\t\t<title>Seg\u00fan estudio de AVE F\u00c9NIX m\u00e1s de 400 personas declaradas en concurso en Octubre | El Digital de Asturias<\/title>\n\n","aioseo_head_json":{"title":"Seg\u00fan estudio de AVE F\u00c9NIX m\u00e1s de 400 personas declaradas en concurso en Octubre | El Digital de Asturias","description":"Por primera vez en la historia econ\u00f3mica de Espa\u00f1a, durante este pasado mes de octubre, m\u00e1s de 400 personas ser\u00e1n declaradas en concurso de acreedores en todo el territorio espa\u00f1ol, cifra que resulta relevante si se compara con la de octubre de 2015 y 2016, inferior a 100 personas. La principal raz\u00f3n para este crecimiento","canonical_url":"https:\/\/eldigitaldeasturias.com\/radio\/segun-estudio-de-ave-fenix-mas-de-400-personas-declaradas-en-concurso-en-octubre\/","robots":"max-image-preview:large","keywords":"noticias","webmasterTools":{"google-site-verification":"UA-38556648-1","miscellaneous":""},"schema":{"@context":"https:\/\/schema.org","@graph":[{"@type":"BreadcrumbList","@id":"https:\/\/eldigitaldeasturias.com\/radio\/segun-estudio-de-ave-fenix-mas-de-400-personas-declaradas-en-concurso-en-octubre\/#breadcrumblist","itemListElement":[{"@type":"ListItem","@id":"https:\/\/eldigitaldeasturias.com\/radio#listItem","position":1,"name":"Inicio","item":"https:\/\/eldigitaldeasturias.com\/radio","nextItem":{"@type":"ListItem","@id":"https:\/\/eldigitaldeasturias.com\/radio\/category\/noticias\/#listItem","name":"Noticias"}},{"@type":"ListItem","@id":"https:\/\/eldigitaldeasturias.com\/radio\/category\/noticias\/#listItem","position":2,"name":"Noticias","item":"https:\/\/eldigitaldeasturias.com\/radio\/category\/noticias\/","nextItem":{"@type":"ListItem","@id":"https:\/\/eldigitaldeasturias.com\/radio\/segun-estudio-de-ave-fenix-mas-de-400-personas-declaradas-en-concurso-en-octubre\/#listItem","name":"Seg\u00fan estudio de AVE F\u00c9NIX m\u00e1s de 400 personas declaradas en concurso en Octubre"},"previousItem":{"@type":"ListItem","@id":"https:\/\/eldigitaldeasturias.com\/radio#listItem","name":"Inicio"}},{"@type":"ListItem","@id":"https:\/\/eldigitaldeasturias.com\/radio\/segun-estudio-de-ave-fenix-mas-de-400-personas-declaradas-en-concurso-en-octubre\/#listItem","position":3,"name":"Seg\u00fan estudio de AVE F\u00c9NIX m\u00e1s de 400 personas declaradas en concurso en Octubre","previousItem":{"@type":"ListItem","@id":"https:\/\/eldigitaldeasturias.com\/radio\/category\/noticias\/#listItem","name":"Noticias"}}]},{"@type":"NewsArticle","@id":"https:\/\/eldigitaldeasturias.com\/radio\/segun-estudio-de-ave-fenix-mas-de-400-personas-declaradas-en-concurso-en-octubre\/#newsarticle","name":"Seg\u00fan estudio de AVE F\u00c9NIX m\u00e1s de 400 personas declaradas en concurso en Octubre | El Digital de Asturias","headline":"Seg\u00fan estudio de AVE F\u00c9NIX m\u00e1s de 400 personas declaradas en concurso en Octubre","author":{"@id":"https:\/\/eldigitaldeasturias.com\/radio\/author\/nbasturias\/#author"},"publisher":{"@id":"https:\/\/eldigitaldeasturias.com\/radio\/#organization"},"image":{"@type":"ImageObject","url":"https:\/\/eldigitaldeasturias.com\/radio\/wp-content\/uploads\/2018\/10\/technology-785742_960_720.jpg","width":960,"height":640},"datePublished":"2019-11-06T00:48:27+01:00","dateModified":"2019-11-06T00:48:27+01:00","inLanguage":"es-ES","mainEntityOfPage":{"@id":"https:\/\/eldigitaldeasturias.com\/radio\/segun-estudio-de-ave-fenix-mas-de-400-personas-declaradas-en-concurso-en-octubre\/#webpage"},"isPartOf":{"@id":"https:\/\/eldigitaldeasturias.com\/radio\/segun-estudio-de-ave-fenix-mas-de-400-personas-declaradas-en-concurso-en-octubre\/#webpage"},"articleSection":"Noticias","dateline":"Publicado el noviembre 6, 2019."},{"@type":"Organization","@id":"https:\/\/eldigitaldeasturias.com\/radio\/#organization","name":"El digital de Asturias Radio","description":"Diario de informaci\u00f3n y noticias","url":"https:\/\/eldigitaldeasturias.com\/radio\/","telephone":"+34652131393","logo":{"@type":"ImageObject","url":"https:\/\/www.eldigitaldeasturias.com\/radio\/wp-content\/uploads\/2021\/03\/EDA.jpg","@id":"https:\/\/eldigitaldeasturias.com\/radio\/segun-estudio-de-ave-fenix-mas-de-400-personas-declaradas-en-concurso-en-octubre\/#organizationLogo"},"image":{"@id":"https:\/\/eldigitaldeasturias.com\/radio\/segun-estudio-de-ave-fenix-mas-de-400-personas-declaradas-en-concurso-en-octubre\/#organizationLogo"},"sameAs":["https:\/\/www.facebook.com\/","https:\/\/x.com\/bercodi","https:\/\/www.instagram.com\/","https:\/\/www.youtube.com\/channel\/UCZP-2wLEB9Rv6erhFmqVnvg"]},{"@type":"Person","@id":"https:\/\/eldigitaldeasturias.com\/radio\/author\/nbasturias\/#author","url":"https:\/\/eldigitaldeasturias.com\/radio\/author\/nbasturias\/","name":"NBAsturias","image":{"@type":"ImageObject","@id":"https:\/\/eldigitaldeasturias.com\/radio\/segun-estudio-de-ave-fenix-mas-de-400-personas-declaradas-en-concurso-en-octubre\/#authorImage","url":"https:\/\/secure.gravatar.com\/avatar\/df2aeffc32bcd13f8d26072ef8a91b623d677766deac7f97ca815868cd41bf5e?s=96&d=mm&r=g","width":96,"height":96,"caption":"NBAsturias"}},{"@type":"WebPage","@id":"https:\/\/eldigitaldeasturias.com\/radio\/segun-estudio-de-ave-fenix-mas-de-400-personas-declaradas-en-concurso-en-octubre\/#webpage","url":"https:\/\/eldigitaldeasturias.com\/radio\/segun-estudio-de-ave-fenix-mas-de-400-personas-declaradas-en-concurso-en-octubre\/","name":"Seg\u00fan estudio de AVE F\u00c9NIX m\u00e1s de 400 personas declaradas en concurso en Octubre | El Digital de Asturias","description":"Por primera vez en la historia econ\u00f3mica de Espa\u00f1a, durante este pasado mes de octubre, m\u00e1s de 400 personas ser\u00e1n declaradas en concurso de acreedores en todo el territorio espa\u00f1ol, cifra que resulta relevante si se compara con la de octubre de 2015 y 2016, inferior a 100 personas. La principal raz\u00f3n para este crecimiento","inLanguage":"es-ES","isPartOf":{"@id":"https:\/\/eldigitaldeasturias.com\/radio\/#website"},"breadcrumb":{"@id":"https:\/\/eldigitaldeasturias.com\/radio\/segun-estudio-de-ave-fenix-mas-de-400-personas-declaradas-en-concurso-en-octubre\/#breadcrumblist"},"author":{"@id":"https:\/\/eldigitaldeasturias.com\/radio\/author\/nbasturias\/#author"},"creator":{"@id":"https:\/\/eldigitaldeasturias.com\/radio\/author\/nbasturias\/#author"},"image":{"@type":"ImageObject","url":"https:\/\/eldigitaldeasturias.com\/radio\/wp-content\/uploads\/2018\/10\/technology-785742_960_720.jpg","@id":"https:\/\/eldigitaldeasturias.com\/radio\/segun-estudio-de-ave-fenix-mas-de-400-personas-declaradas-en-concurso-en-octubre\/#mainImage","width":960,"height":640},"primaryImageOfPage":{"@id":"https:\/\/eldigitaldeasturias.com\/radio\/segun-estudio-de-ave-fenix-mas-de-400-personas-declaradas-en-concurso-en-octubre\/#mainImage"},"datePublished":"2019-11-06T00:48:27+01:00","dateModified":"2019-11-06T00:48:27+01:00"},{"@type":"WebSite","@id":"https:\/\/eldigitaldeasturias.com\/radio\/#website","url":"https:\/\/eldigitaldeasturias.com\/radio\/","name":"El Digital de Asturias","description":"Diario de informaci\u00f3n y noticias","inLanguage":"es-ES","publisher":{"@id":"https:\/\/eldigitaldeasturias.com\/radio\/#organization"}}]},"og:locale":"es_ES","og:site_name":"El Digital de Asturias | Diario de informaci\u00f3n y noticias","og:type":"article","og:title":"Seg\u00fan estudio de AVE F\u00c9NIX m\u00e1s de 400 personas declaradas en concurso en Octubre | El Digital de Asturias","og:description":"Por primera vez en la historia econ\u00f3mica de Espa\u00f1a, durante este pasado mes de octubre, m\u00e1s de 400 personas ser\u00e1n declaradas en concurso de acreedores en todo el territorio espa\u00f1ol, cifra que resulta relevante si se compara con la de octubre de 2015 y 2016, inferior a 100 personas. La principal raz\u00f3n para este crecimiento","og:url":"https:\/\/eldigitaldeasturias.com\/radio\/segun-estudio-de-ave-fenix-mas-de-400-personas-declaradas-en-concurso-en-octubre\/","og:image":"https:\/\/eldigitaldeasturias.com\/radio\/wp-content\/uploads\/2018\/10\/technology-785742_960_720.jpg","og:image:secure_url":"https:\/\/eldigitaldeasturias.com\/radio\/wp-content\/uploads\/2018\/10\/technology-785742_960_720.jpg","og:image:width":960,"og:image:height":640,"article:published_time":"2019-11-06T00:48:27+00:00","article:modified_time":"2019-11-06T00:48:27+00:00","twitter:card":"summary_large_image","twitter:site":"@bercodi","twitter:title":"Seg\u00fan estudio de AVE F\u00c9NIX m\u00e1s de 400 personas declaradas en concurso en Octubre | El Digital de Asturias","twitter:description":"Por primera vez en la historia econ\u00f3mica de Espa\u00f1a, durante este pasado mes de octubre, m\u00e1s de 400 personas ser\u00e1n declaradas en concurso de acreedores en todo el territorio espa\u00f1ol, cifra que resulta relevante si se compara con la de octubre de 2015 y 2016, inferior a 100 personas. La principal raz\u00f3n para este crecimiento","twitter:creator":"@bercodi","twitter:image":"https:\/\/eldigitaldeasturias.com\/radio\/wp-content\/uploads\/2018\/10\/technology-785742_960_720.jpg"},"aioseo_meta_data":{"post_id":"3414","title":null,"description":null,"keywords":null,"keyphrases":null,"primary_term":null,"canonical_url":null,"og_title":null,"og_description":null,"og_object_type":"default","og_image_type":"default","og_image_url":null,"og_image_width":null,"og_image_height":null,"og_image_custom_url":null,"og_image_custom_fields":null,"og_video":null,"og_custom_url":null,"og_article_section":null,"og_article_tags":null,"twitter_use_og":false,"twitter_card":"default","twitter_image_type":"default","twitter_image_url":null,"twitter_image_custom_url":null,"twitter_image_custom_fields":null,"twitter_title":null,"twitter_description":null,"schema":{"blockGraphs":[],"customGraphs":[],"default":{"data":{"Article":[],"Course":[],"Dataset":[],"FAQPage":[],"Movie":[],"Person":[],"Product":[],"ProductReview":[],"Car":[],"Recipe":[],"Service":[],"SoftwareApplication":[],"WebPage":[]},"graphName":"","isEnabled":true},"graphs":[]},"schema_type":null,"schema_type_options":null,"pillar_content":false,"robots_default":true,"robots_noindex":false,"robots_noarchive":false,"robots_nosnippet":false,"robots_nofollow":false,"robots_noimageindex":false,"robots_noodp":false,"robots_notranslate":false,"robots_max_snippet":null,"robots_max_videopreview":null,"robots_max_imagepreview":"large","priority":null,"frequency":null,"location":null,"local_seo":null,"seo_analyzer_scan_date":"2025-08-28 14:12:28","breadcrumb_settings":null,"limit_modified_date":false,"open_ai":null,"ai":null,"created":"2021-03-26 09:35:32","updated":"2025-08-28 14:12:28"},"aioseo_breadcrumb":"<div class=\"aioseo-breadcrumbs\"><span class=\"aioseo-breadcrumb\">\n\t<a href=\"https:\/\/eldigitaldeasturias.com\/radio\" title=\"Inicio\">Inicio<\/a>\n<\/span><span class=\"aioseo-breadcrumb-separator\">&ndash;<\/span><span class=\"aioseo-breadcrumb\">\n\t<a href=\"https:\/\/eldigitaldeasturias.com\/radio\/category\/noticias\/\" title=\"Noticias\">Noticias<\/a>\n<\/span><span class=\"aioseo-breadcrumb-separator\">&ndash;<\/span><span class=\"aioseo-breadcrumb\">\n\tSeg\u00fan estudio de AVE F\u00c9NIX m\u00e1s de 400 personas declaradas en concurso en Octubre\n<\/span><\/div>","aioseo_breadcrumb_json":[{"label":"Inicio","link":"https:\/\/eldigitaldeasturias.com\/radio"},{"label":"Noticias","link":"https:\/\/eldigitaldeasturias.com\/radio\/category\/noticias\/"},{"label":"Seg\u00fan estudio de AVE F\u00c9NIX m\u00e1s de 400 personas declaradas en concurso en Octubre","link":"https:\/\/eldigitaldeasturias.com\/radio\/segun-estudio-de-ave-fenix-mas-de-400-personas-declaradas-en-concurso-en-octubre\/"}],"_links":{"self":[{"href":"https:\/\/eldigitaldeasturias.com\/radio\/wp-json\/wp\/v2\/posts\/3414","targetHints":{"allow":["GET"]}}],"collection":[{"href":"https:\/\/eldigitaldeasturias.com\/radio\/wp-json\/wp\/v2\/posts"}],"about":[{"href":"https:\/\/eldigitaldeasturias.com\/radio\/wp-json\/wp\/v2\/types\/post"}],"author":[{"embeddable":true,"href":"https:\/\/eldigitaldeasturias.com\/radio\/wp-json\/wp\/v2\/users\/1"}],"replies":[{"embeddable":true,"href":"https:\/\/eldigitaldeasturias.com\/radio\/wp-json\/wp\/v2\/comments?post=3414"}],"version-history":[{"count":0,"href":"https:\/\/eldigitaldeasturias.com\/radio\/wp-json\/wp\/v2\/posts\/3414\/revisions"}],"wp:featuredmedia":[{"embeddable":true,"href":"https:\/\/eldigitaldeasturias.com\/radio\/wp-json\/wp\/v2\/media\/1352"}],"wp:attachment":[{"href":"https:\/\/eldigitaldeasturias.com\/radio\/wp-json\/wp\/v2\/media?parent=3414"}],"wp:term":[{"taxonomy":"category","embeddable":true,"href":"https:\/\/eldigitaldeasturias.com\/radio\/wp-json\/wp\/v2\/categories?post=3414"},{"taxonomy":"post_tag","embeddable":true,"href":"https:\/\/eldigitaldeasturias.com\/radio\/wp-json\/wp\/v2\/tags?post=3414"}],"curies":[{"name":"wp","href":"https:\/\/api.w.org\/{rel}","templated":true}]}}