{"id":3386,"date":"2019-10-26T03:51:37","date_gmt":"2019-10-26T03:51:37","guid":{"rendered":"http:\/\/eldigitaldeasturias.com\/radio\/?p=3386"},"modified":"2019-10-26T03:51:37","modified_gmt":"2019-10-26T03:51:37","slug":"virgen-de-las-vinas-otorga-su-mencion-de-honor-al-escultor-espanol-pedro-quesada","status":"publish","type":"post","link":"https:\/\/eldigitaldeasturias.com\/radio\/virgen-de-las-vinas-otorga-su-mencion-de-honor-al-escultor-espanol-pedro-quesada\/","title":{"rendered":"Virgen de las Vi\u00f1as otorga su menci\u00f3n de honor al escultor espa\u00f1ol Pedro Quesada"},"content":{"rendered":"<p><img fetchpriority=\"high\" decoding=\"async\" class=\"alignleft size-medium wp-image-3387\" src=\"https:\/\/eldigitaldeasturias.com\/radio\/wp-content\/uploads\/2019\/10\/1571922573_rs-360x259.png\" alt=\"\" width=\"360\" height=\"259\" srcset=\"https:\/\/eldigitaldeasturias.com\/radio\/wp-content\/uploads\/2019\/10\/1571922573_rs-360x259.png 360w, https:\/\/eldigitaldeasturias.com\/radio\/wp-content\/uploads\/2019\/10\/1571922573_rs-768x552.png 768w, https:\/\/eldigitaldeasturias.com\/radio\/wp-content\/uploads\/2019\/10\/1571922573_rs.png 967w\" sizes=\"(max-width: 360px) 100vw, 360px\" \/>La XVIII edici\u00f3n del Certamen Cultural la Virgen de las Vi\u00f1as Bodega y Almazara ya tiene un claro ganador en su secci\u00f3n de escultura, Pedro Quesada. As\u00ed informaron desde la organizaci\u00f3n a trav\u00e9s de una nota de prensa.<\/p>\n<p>El\u00a0<strong>1er Premio pintura<\/strong>, patrocinado por \u201cVirgen de las Vi\u00f1as\u201d Bodega y Almazara, fue para Jorge Gallego Garc\u00eda por su obra \u201cEl poso del hombre\u201d.<\/p>\n<p>El jurado estuvo compuesto por la pintora Rosa Brun, el pintor Rafael Canogar, el te\u00f3rico y cr\u00edtico de arte Alfonso de la Torre, y el presidente de Virgen de las Vi\u00f1as Bodega y Almazara Rafael Torres Ugena.<\/p>\n<p>La colecci\u00f3n del Museo de Arte Contempor\u00e1neo Infanta Elena, se nutre de los cuadros ganadores en el certamen anual de pintura que se patrocina.<\/p>\n<p><strong>Sobre Pedro Quesada<\/strong><\/p>\n<p>Quesada naci\u00f3 en Madrid en noviembre de 1979. Entre los a\u00f1os 2002 al 2011 fue ayudante del pintor y escultor Antonio L\u00f3pez. En los c\u00edrculos art\u00edsticos espa\u00f1oles el escultor esta considerado como el sucesor natural de Antonio L\u00f3pez.<\/p>\n<p>Obtuvo el Primer Premio del Concurso para la colocaci\u00f3n de una escultura en la plaza del Olivo en Aravaca (Madrid, 2003), organizado entre la Empresa Municipal de la Vivienda de Madrid y la Facultad de Bellas Artes de la Universidad Complutense de Madrid.<\/p>\n<p>En 2018 gan\u00f3 la edici\u00f3n n\u00famero 52 del Premio Reina Sof\u00eda de Pintura y Escultura con su obra \u201cDesnudo\u201d. Una carrera mete\u00f3rica para un artista poco convencional.<\/p>\n<p>El trabajo de Quesada es principalmente figurativo ya que lo que le interesa es trabajar con la figura humana y todas las posibilidades expresivas que esta tiene. Seg\u00fan Quesada cada artista conecta con algunos aspectos de la vida. En su caso, la infancia juega un papel fundamental en su obra. Es aqu\u00ed donde el artista madrile\u00f1o muestra la inocencia, la quietud y lo sutil del ser humano. Quesada conecta con la vulnerabilidad y la fragilidad del ser humano y utiliza la infancia para expresarlas.<\/p>\n","protected":false},"excerpt":{"rendered":"<p>La XVIII edici\u00f3n del Certamen Cultural la Virgen de las Vi\u00f1as Bodega y Almazara ya tiene un claro ganador en su secci\u00f3n de escultura, Pedro Quesada. As\u00ed informaron desde la organizaci\u00f3n a trav\u00e9s de una nota de prensa. El\u00a01er Premio pintura, patrocinado por \u201cVirgen de las Vi\u00f1as\u201d Bodega y Almazara, fue para Jorge Gallego Garc\u00eda<\/p>\n","protected":false},"author":1,"featured_media":3387,"comment_status":"closed","ping_status":"closed","sticky":false,"template":"","format":"standard","meta":{"footnotes":""},"categories":[1],"tags":[],"class_list":{"0":"post-3386","1":"post","2":"type-post","3":"status-publish","4":"format-standard","5":"has-post-thumbnail","7":"category-noticias"},"aioseo_notices":[],"aioseo_head":"\n\t\t<!-- All in One SEO Pro 4.9.6.2 - aioseo.com -->\n\t<meta name=\"description\" content=\"La XVIII edici\u00f3n del Certamen Cultural la Virgen de las Vi\u00f1as Bodega y Almazara ya tiene un claro ganador en su secci\u00f3n de escultura, Pedro Quesada. As\u00ed informaron desde la organizaci\u00f3n a trav\u00e9s de una nota de prensa. El 1er Premio pintura, patrocinado por \u201cVirgen de las Vi\u00f1as\u201d Bodega y Almazara, fue para Jorge Gallego Garc\u00eda\" \/>\n\t<meta name=\"robots\" content=\"max-image-preview:large\" \/>\n\t<meta name=\"author\" content=\"NBAsturias\"\/>\n\t<meta name=\"google-site-verification\" content=\"UA-38556648-1\" \/>\n\t<meta name=\"keywords\" content=\"noticias\" \/>\n\t<link rel=\"canonical\" href=\"https:\/\/eldigitaldeasturias.com\/radio\/virgen-de-las-vinas-otorga-su-mencion-de-honor-al-escultor-espanol-pedro-quesada\/\" \/>\n\t<meta name=\"generator\" content=\"All in One SEO Pro (AIOSEO) 4.9.6.2\" \/>\n\t\t<meta property=\"og:locale\" content=\"es_ES\" \/>\n\t\t<meta property=\"og:site_name\" content=\"El Digital de Asturias | Diario de informaci\u00f3n y noticias\" \/>\n\t\t<meta property=\"og:type\" content=\"article\" \/>\n\t\t<meta property=\"og:title\" content=\"Virgen de las Vi\u00f1as otorga su menci\u00f3n de honor al escultor espa\u00f1ol Pedro Quesada | El Digital de Asturias\" \/>\n\t\t<meta property=\"og:description\" content=\"La XVIII edici\u00f3n del Certamen Cultural la Virgen de las Vi\u00f1as Bodega y Almazara ya tiene un claro ganador en su secci\u00f3n de escultura, Pedro Quesada. As\u00ed informaron desde la organizaci\u00f3n a trav\u00e9s de una nota de prensa. El 1er Premio pintura, patrocinado por \u201cVirgen de las Vi\u00f1as\u201d Bodega y Almazara, fue para Jorge Gallego Garc\u00eda\" \/>\n\t\t<meta property=\"og:url\" content=\"https:\/\/eldigitaldeasturias.com\/radio\/virgen-de-las-vinas-otorga-su-mencion-de-honor-al-escultor-espanol-pedro-quesada\/\" \/>\n\t\t<meta property=\"og:image\" content=\"https:\/\/eldigitaldeasturias.com\/radio\/wp-content\/uploads\/2019\/10\/1571922573_rs.png\" \/>\n\t\t<meta property=\"og:image:secure_url\" content=\"https:\/\/eldigitaldeasturias.com\/radio\/wp-content\/uploads\/2019\/10\/1571922573_rs.png\" \/>\n\t\t<meta property=\"og:image:width\" content=\"967\" \/>\n\t\t<meta property=\"og:image:height\" content=\"695\" \/>\n\t\t<meta property=\"article:published_time\" content=\"2019-10-26T03:51:37+00:00\" \/>\n\t\t<meta property=\"article:modified_time\" content=\"2019-10-26T03:51:37+00:00\" \/>\n\t\t<meta name=\"twitter:card\" content=\"summary_large_image\" \/>\n\t\t<meta name=\"twitter:site\" content=\"@bercodi\" \/>\n\t\t<meta name=\"twitter:title\" content=\"Virgen de las Vi\u00f1as otorga su menci\u00f3n de honor al escultor espa\u00f1ol Pedro Quesada | El Digital de Asturias\" \/>\n\t\t<meta name=\"twitter:description\" content=\"La XVIII edici\u00f3n del Certamen Cultural la Virgen de las Vi\u00f1as Bodega y Almazara ya tiene un claro ganador en su secci\u00f3n de escultura, Pedro Quesada. As\u00ed informaron desde la organizaci\u00f3n a trav\u00e9s de una nota de prensa. El 1er Premio pintura, patrocinado por \u201cVirgen de las Vi\u00f1as\u201d Bodega y Almazara, fue para Jorge Gallego Garc\u00eda\" \/>\n\t\t<meta name=\"twitter:creator\" content=\"@bercodi\" \/>\n\t\t<meta name=\"twitter:image\" content=\"https:\/\/eldigitaldeasturias.com\/radio\/wp-content\/uploads\/2019\/10\/1571922573_rs.png\" \/>\n\t\t<script type=\"application\/ld+json\" class=\"aioseo-schema\">\n\t\t\t{\"@context\":\"https:\\\/\\\/schema.org\",\"@graph\":[{\"@type\":\"BreadcrumbList\",\"@id\":\"https:\\\/\\\/eldigitaldeasturias.com\\\/radio\\\/virgen-de-las-vinas-otorga-su-mencion-de-honor-al-escultor-espanol-pedro-quesada\\\/#breadcrumblist\",\"itemListElement\":[{\"@type\":\"ListItem\",\"@id\":\"https:\\\/\\\/eldigitaldeasturias.com\\\/radio#listItem\",\"position\":1,\"name\":\"Inicio\",\"item\":\"https:\\\/\\\/eldigitaldeasturias.com\\\/radio\",\"nextItem\":{\"@type\":\"ListItem\",\"@id\":\"https:\\\/\\\/eldigitaldeasturias.com\\\/radio\\\/category\\\/noticias\\\/#listItem\",\"name\":\"Noticias\"}},{\"@type\":\"ListItem\",\"@id\":\"https:\\\/\\\/eldigitaldeasturias.com\\\/radio\\\/category\\\/noticias\\\/#listItem\",\"position\":2,\"name\":\"Noticias\",\"item\":\"https:\\\/\\\/eldigitaldeasturias.com\\\/radio\\\/category\\\/noticias\\\/\",\"nextItem\":{\"@type\":\"ListItem\",\"@id\":\"https:\\\/\\\/eldigitaldeasturias.com\\\/radio\\\/virgen-de-las-vinas-otorga-su-mencion-de-honor-al-escultor-espanol-pedro-quesada\\\/#listItem\",\"name\":\"Virgen de las Vi\\u00f1as otorga su menci\\u00f3n de honor al escultor espa\\u00f1ol Pedro Quesada\"},\"previousItem\":{\"@type\":\"ListItem\",\"@id\":\"https:\\\/\\\/eldigitaldeasturias.com\\\/radio#listItem\",\"name\":\"Inicio\"}},{\"@type\":\"ListItem\",\"@id\":\"https:\\\/\\\/eldigitaldeasturias.com\\\/radio\\\/virgen-de-las-vinas-otorga-su-mencion-de-honor-al-escultor-espanol-pedro-quesada\\\/#listItem\",\"position\":3,\"name\":\"Virgen de las Vi\\u00f1as otorga su menci\\u00f3n de honor al escultor espa\\u00f1ol Pedro Quesada\",\"previousItem\":{\"@type\":\"ListItem\",\"@id\":\"https:\\\/\\\/eldigitaldeasturias.com\\\/radio\\\/category\\\/noticias\\\/#listItem\",\"name\":\"Noticias\"}}]},{\"@type\":\"NewsArticle\",\"@id\":\"https:\\\/\\\/eldigitaldeasturias.com\\\/radio\\\/virgen-de-las-vinas-otorga-su-mencion-de-honor-al-escultor-espanol-pedro-quesada\\\/#newsarticle\",\"name\":\"Virgen de las Vi\\u00f1as otorga su menci\\u00f3n de honor al escultor espa\\u00f1ol Pedro Quesada | El Digital de Asturias\",\"headline\":\"Virgen de las Vi\\u00f1as otorga su menci\\u00f3n de honor al escultor espa\\u00f1ol Pedro Quesada\",\"author\":{\"@id\":\"https:\\\/\\\/eldigitaldeasturias.com\\\/radio\\\/author\\\/nbasturias\\\/#author\"},\"publisher\":{\"@id\":\"https:\\\/\\\/eldigitaldeasturias.com\\\/radio\\\/#organization\"},\"image\":{\"@type\":\"ImageObject\",\"url\":\"https:\\\/\\\/eldigitaldeasturias.com\\\/radio\\\/wp-content\\\/uploads\\\/2019\\\/10\\\/1571922573_rs.png\",\"width\":967,\"height\":695},\"datePublished\":\"2019-10-26T03:51:37+02:00\",\"dateModified\":\"2019-10-26T03:51:37+02:00\",\"inLanguage\":\"es-ES\",\"mainEntityOfPage\":{\"@id\":\"https:\\\/\\\/eldigitaldeasturias.com\\\/radio\\\/virgen-de-las-vinas-otorga-su-mencion-de-honor-al-escultor-espanol-pedro-quesada\\\/#webpage\"},\"isPartOf\":{\"@id\":\"https:\\\/\\\/eldigitaldeasturias.com\\\/radio\\\/virgen-de-las-vinas-otorga-su-mencion-de-honor-al-escultor-espanol-pedro-quesada\\\/#webpage\"},\"articleSection\":\"Noticias\",\"dateline\":\"Publicado el octubre 26, 2019.\"},{\"@type\":\"Organization\",\"@id\":\"https:\\\/\\\/eldigitaldeasturias.com\\\/radio\\\/#organization\",\"name\":\"El digital de Asturias Radio\",\"description\":\"Diario de informaci\\u00f3n y noticias\",\"url\":\"https:\\\/\\\/eldigitaldeasturias.com\\\/radio\\\/\",\"telephone\":\"+34652131393\",\"logo\":{\"@type\":\"ImageObject\",\"url\":\"https:\\\/\\\/www.eldigitaldeasturias.com\\\/radio\\\/wp-content\\\/uploads\\\/2021\\\/03\\\/EDA.jpg\",\"@id\":\"https:\\\/\\\/eldigitaldeasturias.com\\\/radio\\\/virgen-de-las-vinas-otorga-su-mencion-de-honor-al-escultor-espanol-pedro-quesada\\\/#organizationLogo\"},\"image\":{\"@id\":\"https:\\\/\\\/eldigitaldeasturias.com\\\/radio\\\/virgen-de-las-vinas-otorga-su-mencion-de-honor-al-escultor-espanol-pedro-quesada\\\/#organizationLogo\"},\"sameAs\":[\"https:\\\/\\\/www.facebook.com\\\/\",\"https:\\\/\\\/x.com\\\/bercodi\",\"https:\\\/\\\/www.instagram.com\\\/\",\"https:\\\/\\\/www.youtube.com\\\/channel\\\/UCZP-2wLEB9Rv6erhFmqVnvg\"]},{\"@type\":\"Person\",\"@id\":\"https:\\\/\\\/eldigitaldeasturias.com\\\/radio\\\/author\\\/nbasturias\\\/#author\",\"url\":\"https:\\\/\\\/eldigitaldeasturias.com\\\/radio\\\/author\\\/nbasturias\\\/\",\"name\":\"NBAsturias\",\"image\":{\"@type\":\"ImageObject\",\"@id\":\"https:\\\/\\\/eldigitaldeasturias.com\\\/radio\\\/virgen-de-las-vinas-otorga-su-mencion-de-honor-al-escultor-espanol-pedro-quesada\\\/#authorImage\",\"url\":\"https:\\\/\\\/secure.gravatar.com\\\/avatar\\\/df2aeffc32bcd13f8d26072ef8a91b623d677766deac7f97ca815868cd41bf5e?s=96&d=mm&r=g\",\"width\":96,\"height\":96,\"caption\":\"NBAsturias\"}},{\"@type\":\"WebPage\",\"@id\":\"https:\\\/\\\/eldigitaldeasturias.com\\\/radio\\\/virgen-de-las-vinas-otorga-su-mencion-de-honor-al-escultor-espanol-pedro-quesada\\\/#webpage\",\"url\":\"https:\\\/\\\/eldigitaldeasturias.com\\\/radio\\\/virgen-de-las-vinas-otorga-su-mencion-de-honor-al-escultor-espanol-pedro-quesada\\\/\",\"name\":\"Virgen de las Vi\\u00f1as otorga su menci\\u00f3n de honor al escultor espa\\u00f1ol Pedro Quesada | El Digital de Asturias\",\"description\":\"La XVIII edici\\u00f3n del Certamen Cultural la Virgen de las Vi\\u00f1as Bodega y Almazara ya tiene un claro ganador en su secci\\u00f3n de escultura, Pedro Quesada. As\\u00ed informaron desde la organizaci\\u00f3n a trav\\u00e9s de una nota de prensa. El 1er Premio pintura, patrocinado por \\u201cVirgen de las Vi\\u00f1as\\u201d Bodega y Almazara, fue para Jorge Gallego Garc\\u00eda\",\"inLanguage\":\"es-ES\",\"isPartOf\":{\"@id\":\"https:\\\/\\\/eldigitaldeasturias.com\\\/radio\\\/#website\"},\"breadcrumb\":{\"@id\":\"https:\\\/\\\/eldigitaldeasturias.com\\\/radio\\\/virgen-de-las-vinas-otorga-su-mencion-de-honor-al-escultor-espanol-pedro-quesada\\\/#breadcrumblist\"},\"author\":{\"@id\":\"https:\\\/\\\/eldigitaldeasturias.com\\\/radio\\\/author\\\/nbasturias\\\/#author\"},\"creator\":{\"@id\":\"https:\\\/\\\/eldigitaldeasturias.com\\\/radio\\\/author\\\/nbasturias\\\/#author\"},\"image\":{\"@type\":\"ImageObject\",\"url\":\"https:\\\/\\\/eldigitaldeasturias.com\\\/radio\\\/wp-content\\\/uploads\\\/2019\\\/10\\\/1571922573_rs.png\",\"@id\":\"https:\\\/\\\/eldigitaldeasturias.com\\\/radio\\\/virgen-de-las-vinas-otorga-su-mencion-de-honor-al-escultor-espanol-pedro-quesada\\\/#mainImage\",\"width\":967,\"height\":695},\"primaryImageOfPage\":{\"@id\":\"https:\\\/\\\/eldigitaldeasturias.com\\\/radio\\\/virgen-de-las-vinas-otorga-su-mencion-de-honor-al-escultor-espanol-pedro-quesada\\\/#mainImage\"},\"datePublished\":\"2019-10-26T03:51:37+02:00\",\"dateModified\":\"2019-10-26T03:51:37+02:00\"},{\"@type\":\"WebSite\",\"@id\":\"https:\\\/\\\/eldigitaldeasturias.com\\\/radio\\\/#website\",\"url\":\"https:\\\/\\\/eldigitaldeasturias.com\\\/radio\\\/\",\"name\":\"El Digital de Asturias\",\"description\":\"Diario de informaci\\u00f3n y noticias\",\"inLanguage\":\"es-ES\",\"publisher\":{\"@id\":\"https:\\\/\\\/eldigitaldeasturias.com\\\/radio\\\/#organization\"}}]}\n\t\t<\/script>\n\t\t<!-- All in One SEO Pro -->\r\n\t\t<title>Virgen de las Vi\u00f1as otorga su menci\u00f3n de honor al escultor espa\u00f1ol Pedro Quesada | El Digital de Asturias<\/title>\n\n","aioseo_head_json":{"title":"Virgen de las Vi\u00f1as otorga su menci\u00f3n de honor al escultor espa\u00f1ol Pedro Quesada | El Digital de Asturias","description":"La XVIII edici\u00f3n del Certamen Cultural la Virgen de las Vi\u00f1as Bodega y Almazara ya tiene un claro ganador en su secci\u00f3n de escultura, Pedro Quesada. As\u00ed informaron desde la organizaci\u00f3n a trav\u00e9s de una nota de prensa. El 1er Premio pintura, patrocinado por \u201cVirgen de las Vi\u00f1as\u201d Bodega y Almazara, fue para Jorge Gallego Garc\u00eda","canonical_url":"https:\/\/eldigitaldeasturias.com\/radio\/virgen-de-las-vinas-otorga-su-mencion-de-honor-al-escultor-espanol-pedro-quesada\/","robots":"max-image-preview:large","keywords":"noticias","webmasterTools":{"google-site-verification":"UA-38556648-1","miscellaneous":""},"schema":{"@context":"https:\/\/schema.org","@graph":[{"@type":"BreadcrumbList","@id":"https:\/\/eldigitaldeasturias.com\/radio\/virgen-de-las-vinas-otorga-su-mencion-de-honor-al-escultor-espanol-pedro-quesada\/#breadcrumblist","itemListElement":[{"@type":"ListItem","@id":"https:\/\/eldigitaldeasturias.com\/radio#listItem","position":1,"name":"Inicio","item":"https:\/\/eldigitaldeasturias.com\/radio","nextItem":{"@type":"ListItem","@id":"https:\/\/eldigitaldeasturias.com\/radio\/category\/noticias\/#listItem","name":"Noticias"}},{"@type":"ListItem","@id":"https:\/\/eldigitaldeasturias.com\/radio\/category\/noticias\/#listItem","position":2,"name":"Noticias","item":"https:\/\/eldigitaldeasturias.com\/radio\/category\/noticias\/","nextItem":{"@type":"ListItem","@id":"https:\/\/eldigitaldeasturias.com\/radio\/virgen-de-las-vinas-otorga-su-mencion-de-honor-al-escultor-espanol-pedro-quesada\/#listItem","name":"Virgen de las Vi\u00f1as otorga su menci\u00f3n de honor al escultor espa\u00f1ol Pedro Quesada"},"previousItem":{"@type":"ListItem","@id":"https:\/\/eldigitaldeasturias.com\/radio#listItem","name":"Inicio"}},{"@type":"ListItem","@id":"https:\/\/eldigitaldeasturias.com\/radio\/virgen-de-las-vinas-otorga-su-mencion-de-honor-al-escultor-espanol-pedro-quesada\/#listItem","position":3,"name":"Virgen de las Vi\u00f1as otorga su menci\u00f3n de honor al escultor espa\u00f1ol Pedro Quesada","previousItem":{"@type":"ListItem","@id":"https:\/\/eldigitaldeasturias.com\/radio\/category\/noticias\/#listItem","name":"Noticias"}}]},{"@type":"NewsArticle","@id":"https:\/\/eldigitaldeasturias.com\/radio\/virgen-de-las-vinas-otorga-su-mencion-de-honor-al-escultor-espanol-pedro-quesada\/#newsarticle","name":"Virgen de las Vi\u00f1as otorga su menci\u00f3n de honor al escultor espa\u00f1ol Pedro Quesada | El Digital de Asturias","headline":"Virgen de las Vi\u00f1as otorga su menci\u00f3n de honor al escultor espa\u00f1ol Pedro Quesada","author":{"@id":"https:\/\/eldigitaldeasturias.com\/radio\/author\/nbasturias\/#author"},"publisher":{"@id":"https:\/\/eldigitaldeasturias.com\/radio\/#organization"},"image":{"@type":"ImageObject","url":"https:\/\/eldigitaldeasturias.com\/radio\/wp-content\/uploads\/2019\/10\/1571922573_rs.png","width":967,"height":695},"datePublished":"2019-10-26T03:51:37+02:00","dateModified":"2019-10-26T03:51:37+02:00","inLanguage":"es-ES","mainEntityOfPage":{"@id":"https:\/\/eldigitaldeasturias.com\/radio\/virgen-de-las-vinas-otorga-su-mencion-de-honor-al-escultor-espanol-pedro-quesada\/#webpage"},"isPartOf":{"@id":"https:\/\/eldigitaldeasturias.com\/radio\/virgen-de-las-vinas-otorga-su-mencion-de-honor-al-escultor-espanol-pedro-quesada\/#webpage"},"articleSection":"Noticias","dateline":"Publicado el octubre 26, 2019."},{"@type":"Organization","@id":"https:\/\/eldigitaldeasturias.com\/radio\/#organization","name":"El digital de Asturias Radio","description":"Diario de informaci\u00f3n y noticias","url":"https:\/\/eldigitaldeasturias.com\/radio\/","telephone":"+34652131393","logo":{"@type":"ImageObject","url":"https:\/\/www.eldigitaldeasturias.com\/radio\/wp-content\/uploads\/2021\/03\/EDA.jpg","@id":"https:\/\/eldigitaldeasturias.com\/radio\/virgen-de-las-vinas-otorga-su-mencion-de-honor-al-escultor-espanol-pedro-quesada\/#organizationLogo"},"image":{"@id":"https:\/\/eldigitaldeasturias.com\/radio\/virgen-de-las-vinas-otorga-su-mencion-de-honor-al-escultor-espanol-pedro-quesada\/#organizationLogo"},"sameAs":["https:\/\/www.facebook.com\/","https:\/\/x.com\/bercodi","https:\/\/www.instagram.com\/","https:\/\/www.youtube.com\/channel\/UCZP-2wLEB9Rv6erhFmqVnvg"]},{"@type":"Person","@id":"https:\/\/eldigitaldeasturias.com\/radio\/author\/nbasturias\/#author","url":"https:\/\/eldigitaldeasturias.com\/radio\/author\/nbasturias\/","name":"NBAsturias","image":{"@type":"ImageObject","@id":"https:\/\/eldigitaldeasturias.com\/radio\/virgen-de-las-vinas-otorga-su-mencion-de-honor-al-escultor-espanol-pedro-quesada\/#authorImage","url":"https:\/\/secure.gravatar.com\/avatar\/df2aeffc32bcd13f8d26072ef8a91b623d677766deac7f97ca815868cd41bf5e?s=96&d=mm&r=g","width":96,"height":96,"caption":"NBAsturias"}},{"@type":"WebPage","@id":"https:\/\/eldigitaldeasturias.com\/radio\/virgen-de-las-vinas-otorga-su-mencion-de-honor-al-escultor-espanol-pedro-quesada\/#webpage","url":"https:\/\/eldigitaldeasturias.com\/radio\/virgen-de-las-vinas-otorga-su-mencion-de-honor-al-escultor-espanol-pedro-quesada\/","name":"Virgen de las Vi\u00f1as otorga su menci\u00f3n de honor al escultor espa\u00f1ol Pedro Quesada | El Digital de Asturias","description":"La XVIII edici\u00f3n del Certamen Cultural la Virgen de las Vi\u00f1as Bodega y Almazara ya tiene un claro ganador en su secci\u00f3n de escultura, Pedro Quesada. As\u00ed informaron desde la organizaci\u00f3n a trav\u00e9s de una nota de prensa. El 1er Premio pintura, patrocinado por \u201cVirgen de las Vi\u00f1as\u201d Bodega y Almazara, fue para Jorge Gallego Garc\u00eda","inLanguage":"es-ES","isPartOf":{"@id":"https:\/\/eldigitaldeasturias.com\/radio\/#website"},"breadcrumb":{"@id":"https:\/\/eldigitaldeasturias.com\/radio\/virgen-de-las-vinas-otorga-su-mencion-de-honor-al-escultor-espanol-pedro-quesada\/#breadcrumblist"},"author":{"@id":"https:\/\/eldigitaldeasturias.com\/radio\/author\/nbasturias\/#author"},"creator":{"@id":"https:\/\/eldigitaldeasturias.com\/radio\/author\/nbasturias\/#author"},"image":{"@type":"ImageObject","url":"https:\/\/eldigitaldeasturias.com\/radio\/wp-content\/uploads\/2019\/10\/1571922573_rs.png","@id":"https:\/\/eldigitaldeasturias.com\/radio\/virgen-de-las-vinas-otorga-su-mencion-de-honor-al-escultor-espanol-pedro-quesada\/#mainImage","width":967,"height":695},"primaryImageOfPage":{"@id":"https:\/\/eldigitaldeasturias.com\/radio\/virgen-de-las-vinas-otorga-su-mencion-de-honor-al-escultor-espanol-pedro-quesada\/#mainImage"},"datePublished":"2019-10-26T03:51:37+02:00","dateModified":"2019-10-26T03:51:37+02:00"},{"@type":"WebSite","@id":"https:\/\/eldigitaldeasturias.com\/radio\/#website","url":"https:\/\/eldigitaldeasturias.com\/radio\/","name":"El Digital de Asturias","description":"Diario de informaci\u00f3n y noticias","inLanguage":"es-ES","publisher":{"@id":"https:\/\/eldigitaldeasturias.com\/radio\/#organization"}}]},"og:locale":"es_ES","og:site_name":"El Digital de Asturias | Diario de informaci\u00f3n y noticias","og:type":"article","og:title":"Virgen de las Vi\u00f1as otorga su menci\u00f3n de honor al escultor espa\u00f1ol Pedro Quesada | El Digital de Asturias","og:description":"La XVIII edici\u00f3n del Certamen Cultural la Virgen de las Vi\u00f1as Bodega y Almazara ya tiene un claro ganador en su secci\u00f3n de escultura, Pedro Quesada. As\u00ed informaron desde la organizaci\u00f3n a trav\u00e9s de una nota de prensa. El 1er Premio pintura, patrocinado por \u201cVirgen de las Vi\u00f1as\u201d Bodega y Almazara, fue para Jorge Gallego Garc\u00eda","og:url":"https:\/\/eldigitaldeasturias.com\/radio\/virgen-de-las-vinas-otorga-su-mencion-de-honor-al-escultor-espanol-pedro-quesada\/","og:image":"https:\/\/eldigitaldeasturias.com\/radio\/wp-content\/uploads\/2019\/10\/1571922573_rs.png","og:image:secure_url":"https:\/\/eldigitaldeasturias.com\/radio\/wp-content\/uploads\/2019\/10\/1571922573_rs.png","og:image:width":967,"og:image:height":695,"article:published_time":"2019-10-26T03:51:37+00:00","article:modified_time":"2019-10-26T03:51:37+00:00","twitter:card":"summary_large_image","twitter:site":"@bercodi","twitter:title":"Virgen de las Vi\u00f1as otorga su menci\u00f3n de honor al escultor espa\u00f1ol Pedro Quesada | El Digital de Asturias","twitter:description":"La XVIII edici\u00f3n del Certamen Cultural la Virgen de las Vi\u00f1as Bodega y Almazara ya tiene un claro ganador en su secci\u00f3n de escultura, Pedro Quesada. As\u00ed informaron desde la organizaci\u00f3n a trav\u00e9s de una nota de prensa. El 1er Premio pintura, patrocinado por \u201cVirgen de las Vi\u00f1as\u201d Bodega y Almazara, fue para Jorge Gallego Garc\u00eda","twitter:creator":"@bercodi","twitter:image":"https:\/\/eldigitaldeasturias.com\/radio\/wp-content\/uploads\/2019\/10\/1571922573_rs.png"},"aioseo_meta_data":{"post_id":"3386","title":null,"description":null,"keywords":null,"keyphrases":null,"primary_term":null,"canonical_url":null,"og_title":null,"og_description":null,"og_object_type":"default","og_image_type":"default","og_image_url":null,"og_image_width":null,"og_image_height":null,"og_image_custom_url":null,"og_image_custom_fields":null,"og_video":null,"og_custom_url":null,"og_article_section":null,"og_article_tags":null,"twitter_use_og":false,"twitter_card":"default","twitter_image_type":"default","twitter_image_url":null,"twitter_image_custom_url":null,"twitter_image_custom_fields":null,"twitter_title":null,"twitter_description":null,"schema":{"blockGraphs":[],"customGraphs":[],"default":{"data":{"Article":[],"Course":[],"Dataset":[],"FAQPage":[],"Movie":[],"Person":[],"Product":[],"ProductReview":[],"Car":[],"Recipe":[],"Service":[],"SoftwareApplication":[],"WebPage":[]},"graphName":"","isEnabled":true},"graphs":[],"defaultGraph":"","defaultPostTypeGraph":""},"schema_type":null,"schema_type_options":null,"pillar_content":false,"robots_default":true,"robots_noindex":false,"robots_noarchive":false,"robots_nosnippet":false,"robots_nofollow":false,"robots_noimageindex":false,"robots_noodp":false,"robots_notranslate":false,"robots_max_snippet":null,"robots_max_videopreview":null,"robots_max_imagepreview":"large","priority":null,"frequency":null,"location":null,"local_seo":null,"seo_analyzer_scan_date":"2025-08-28 14:10:27","breadcrumb_settings":null,"limit_modified_date":false,"open_ai":null,"ai":null,"created":"2021-03-27 00:23:55","updated":"2025-08-28 14:10:27"},"aioseo_breadcrumb":"<div class=\"aioseo-breadcrumbs\"><span class=\"aioseo-breadcrumb\">\n\t<a href=\"https:\/\/eldigitaldeasturias.com\/radio\" title=\"Inicio\">Inicio<\/a>\n<\/span><span class=\"aioseo-breadcrumb-separator\">&ndash;<\/span><span class=\"aioseo-breadcrumb\">\n\t<a href=\"https:\/\/eldigitaldeasturias.com\/radio\/category\/noticias\/\" title=\"Noticias\">Noticias<\/a>\n<\/span><span class=\"aioseo-breadcrumb-separator\">&ndash;<\/span><span class=\"aioseo-breadcrumb\">\n\tVirgen de las Vi\u00f1as otorga su menci\u00f3n de honor al escultor espa\u00f1ol Pedro Quesada\n<\/span><\/div>","aioseo_breadcrumb_json":[{"label":"Inicio","link":"https:\/\/eldigitaldeasturias.com\/radio"},{"label":"Noticias","link":"https:\/\/eldigitaldeasturias.com\/radio\/category\/noticias\/"},{"label":"Virgen de las Vi\u00f1as otorga su menci\u00f3n de honor al escultor espa\u00f1ol Pedro Quesada","link":"https:\/\/eldigitaldeasturias.com\/radio\/virgen-de-las-vinas-otorga-su-mencion-de-honor-al-escultor-espanol-pedro-quesada\/"}],"_links":{"self":[{"href":"https:\/\/eldigitaldeasturias.com\/radio\/wp-json\/wp\/v2\/posts\/3386","targetHints":{"allow":["GET"]}}],"collection":[{"href":"https:\/\/eldigitaldeasturias.com\/radio\/wp-json\/wp\/v2\/posts"}],"about":[{"href":"https:\/\/eldigitaldeasturias.com\/radio\/wp-json\/wp\/v2\/types\/post"}],"author":[{"embeddable":true,"href":"https:\/\/eldigitaldeasturias.com\/radio\/wp-json\/wp\/v2\/users\/1"}],"replies":[{"embeddable":true,"href":"https:\/\/eldigitaldeasturias.com\/radio\/wp-json\/wp\/v2\/comments?post=3386"}],"version-history":[{"count":0,"href":"https:\/\/eldigitaldeasturias.com\/radio\/wp-json\/wp\/v2\/posts\/3386\/revisions"}],"wp:featuredmedia":[{"embeddable":true,"href":"https:\/\/eldigitaldeasturias.com\/radio\/wp-json\/wp\/v2\/media\/3387"}],"wp:attachment":[{"href":"https:\/\/eldigitaldeasturias.com\/radio\/wp-json\/wp\/v2\/media?parent=3386"}],"wp:term":[{"taxonomy":"category","embeddable":true,"href":"https:\/\/eldigitaldeasturias.com\/radio\/wp-json\/wp\/v2\/categories?post=3386"},{"taxonomy":"post_tag","embeddable":true,"href":"https:\/\/eldigitaldeasturias.com\/radio\/wp-json\/wp\/v2\/tags?post=3386"}],"curies":[{"name":"wp","href":"https:\/\/api.w.org\/{rel}","templated":true}]}}