{"id":3362,"date":"2019-10-26T03:10:51","date_gmt":"2019-10-26T03:10:51","guid":{"rendered":"http:\/\/eldigitaldeasturias.com\/radio\/?p=3362"},"modified":"2019-10-26T03:10:51","modified_gmt":"2019-10-26T03:10:51","slug":"arranca-la-campana-de-becas-de-ieduex-para-estudiar-en-usa-en-2020","status":"publish","type":"post","link":"https:\/\/eldigitaldeasturias.com\/radio\/arranca-la-campana-de-becas-de-ieduex-para-estudiar-en-usa-en-2020\/","title":{"rendered":"Arranca la campa\u00f1a de becas de iEduex para estudiar en USA en 2020"},"content":{"rendered":"<p><img fetchpriority=\"high\" decoding=\"async\" class=\"alignleft size-medium wp-image-3363\" src=\"https:\/\/eldigitaldeasturias.com\/radio\/wp-content\/uploads\/2019\/10\/1571740711_USAiEduEX-360x270.jpg\" alt=\"\" width=\"360\" height=\"270\" srcset=\"https:\/\/eldigitaldeasturias.com\/radio\/wp-content\/uploads\/2019\/10\/1571740711_USAiEduEX-360x270.jpg 360w, https:\/\/eldigitaldeasturias.com\/radio\/wp-content\/uploads\/2019\/10\/1571740711_USAiEduEX-1024x768.jpg 1024w, https:\/\/eldigitaldeasturias.com\/radio\/wp-content\/uploads\/2019\/10\/1571740711_USAiEduEX-768x576.jpg 768w, https:\/\/eldigitaldeasturias.com\/radio\/wp-content\/uploads\/2019\/10\/1571740711_USAiEduEX.jpg 1200w\" sizes=\"(max-width: 360px) 100vw, 360px\" \/>\u00abComenzamos esta nueva campa\u00f1a de becas para estudiar en USA motivados por el incre\u00edble \u00e9xito de las pasadas ediciones, en las que cientos de alumnos de entre 14 y 18 a\u00f1os tuvieron la oportunidad de reducir los gastos de Visado, Matriculaci\u00f3n y Alojamiento en el Programa Oficial de Intercambio de Los Estados con un Visado de Estudiante J1\u00bb, afirma Daniel Ortega.<\/p>\n<p>Aprovechando esta nueva convocatoria de las becas iEduex 2020 para estudiar en Estados Unidos, la agencia de idiomas, miembro oficial de la\u00a0<span style=\"color: #ff6600;\"><strong><a style=\"color: #ff6600;\" href=\"https:\/\/canadaespana.org\/conozcanos\/directorio-de-miembros\/\" target=\"_blank\" rel=\"nofollow noopener noreferrer\">C\u00e1mara de Comercio de Canad\u00e1<\/a><\/strong><\/span>\u00a0y Socio de la<span style=\"color: #ff6600;\"><strong>\u00a0<a style=\"color: #ff6600;\" href=\"https:\/\/www.amchamspain.com\/listado-de-socios\/\" target=\"_blank\" rel=\"nofollow noopener noreferrer\">C\u00e1mara de Comercio de EEUU<\/a><\/strong><\/span>, acaba de renovar su web con el objetivo de ofrecer a sus clientes y usuarios una experiencia m\u00e1s c\u00f3moda, eficiente y visualmente m\u00e1s atractiva.<\/p>\n<p>Un avance que sin duda agradecer\u00e1n padres y alumnos por igual, ya que seg\u00fan afirma Pablo Ortega, hermano de Daniel, \u00ablos cambios han ido acorde a las necesidades de nuestros clientes y usuarios en aras de ofrecerles un sitio web en el que puedan navegar con mayor facilidad y comodidad, y en el que los contenidos sean capaces de exponer de forma clara, transparente y concisa toda la informaci\u00f3n que necesitan para solicitar informaci\u00f3n sobre nuestras becas y programas para estudiar en el extranjero\u00bb.<\/p>\n<p>iEduex, adem\u00e1s, acaba de ampliar su oferta de centros escolares para estudiar en Canad\u00e1, alcanzando una cobertura de 60 distritos dentro de uno de los pa\u00edses m\u00e1s prestigiosos del mundo en lo que respecta a la calidad de su educaci\u00f3n y centros educativos.<\/p>\n<p>\u00abCanad\u00e1 es uno de nuestros pilares m\u00e1s fundamentales de nuestra agencia de idiomas en el extranjero, no s\u00f3lo por la calidad de la formaci\u00f3n que ofrece, sino tambi\u00e9n por la seriedad y profesionalidad del equipo docente y gerente de cada uno de sus centros escolares. Estamos muy orgullosos de haber ampliado nuestra oferta en este pa\u00eds, y esperamos que este avance contribuya a motivar a nuevos alumnos a decantarse por esta fant\u00e1stica opci\u00f3n para estudiar un curso escolar fuera de Espa\u00f1a\u00bb, explica Daniel Ortega.<\/p>\n<p>En lo que respecta a las becas para estudiar un a\u00f1o escolar en Estados Unidos, est\u00e1n dirigidas a estudiantes de secundaria de 14 a 18 a\u00f1os que muestren madurez y deseo por conocer la cultura americana a trav\u00e9s del Programa Oficial de Intercambio de los Estados Unidos.<\/p>\n<p>\u00abSe trata de una oportunidad \u00fanica para aprender ingl\u00e9s en un entorno completamente nativo, una experiencia tan educativa como enriquecedora para nuestros estudiantes en todos los sentidos. Adem\u00e1s, estamos especialmente satisfechos de que nuestra convocatoria de este a\u00f1o englobe un total de 150 plazas\u00bb, mantiene Pablo Ortega.<\/p>\n<p>Cualquier alumno que cumpla los requisitos que se mencionan en la convocatoria tiene hasta el 1 de junio de 2020 para reservar su beca. No obstante, seg\u00fan afirman los responsables de iEduex, \u00ablas plazas suelen agotarse a las pocas semanas de lanzarse cada convocatoria, de manera que los interesados en estudiar un curso escolar en Estados Unidos no tendr\u00e1n demasiado tiempo para decidirse. Como siempre, todo el equipo de iEduex estar\u00e1 a su entera disposici\u00f3n para asesorarles en torno a cualquier duda o cuesti\u00f3n que les pudiera surgir\u00bb.<\/p>\n<p>Mas informaci\u00f3n:\u00a0<span style=\"color: #ff6600;\"><strong><a style=\"color: #ff6600;\" href=\"https:\/\/ieduex.com\/\" target=\"_blank\" rel=\"nofollow noopener noreferrer\">https:\/\/ieduex.com\/<\/a><\/strong><\/span><\/p>\n","protected":false},"excerpt":{"rendered":"<p>\u00abComenzamos esta nueva campa\u00f1a de becas para estudiar en USA motivados por el incre\u00edble \u00e9xito de las pasadas ediciones, en las que cientos de alumnos de entre 14 y 18 a\u00f1os tuvieron la oportunidad de reducir los gastos de Visado, Matriculaci\u00f3n y Alojamiento en el Programa Oficial de Intercambio de Los Estados con un Visado<\/p>\n","protected":false},"author":1,"featured_media":3363,"comment_status":"closed","ping_status":"closed","sticky":false,"template":"","format":"standard","meta":{"footnotes":""},"categories":[1],"tags":[],"class_list":{"0":"post-3362","1":"post","2":"type-post","3":"status-publish","4":"format-standard","5":"has-post-thumbnail","7":"category-noticias"},"aioseo_notices":[],"aioseo_head":"\n\t\t<!-- All in One SEO Pro 4.9.6.2 - aioseo.com -->\n\t<meta name=\"description\" content=\"&quot;Comenzamos esta nueva campa\u00f1a de becas para estudiar en USA motivados por el incre\u00edble \u00e9xito de las pasadas ediciones, en las que cientos de alumnos de entre 14 y 18 a\u00f1os tuvieron la oportunidad de reducir los gastos de Visado, Matriculaci\u00f3n y Alojamiento en el Programa Oficial de Intercambio de Los Estados con un Visado\" \/>\n\t<meta name=\"robots\" content=\"max-image-preview:large\" \/>\n\t<meta name=\"author\" content=\"NBAsturias\"\/>\n\t<meta name=\"google-site-verification\" content=\"UA-38556648-1\" \/>\n\t<meta name=\"keywords\" content=\"noticias\" \/>\n\t<link rel=\"canonical\" href=\"https:\/\/eldigitaldeasturias.com\/radio\/arranca-la-campana-de-becas-de-ieduex-para-estudiar-en-usa-en-2020\/\" \/>\n\t<meta name=\"generator\" content=\"All in One SEO Pro (AIOSEO) 4.9.6.2\" \/>\n\t\t<meta property=\"og:locale\" content=\"es_ES\" \/>\n\t\t<meta property=\"og:site_name\" content=\"El Digital de Asturias | Diario de informaci\u00f3n y noticias\" \/>\n\t\t<meta property=\"og:type\" content=\"article\" \/>\n\t\t<meta property=\"og:title\" content=\"Arranca la campa\u00f1a de becas de iEduex para estudiar en USA en 2020 | El Digital de Asturias\" \/>\n\t\t<meta property=\"og:description\" content=\"&quot;Comenzamos esta nueva campa\u00f1a de becas para estudiar en USA motivados por el incre\u00edble \u00e9xito de las pasadas ediciones, en las que cientos de alumnos de entre 14 y 18 a\u00f1os tuvieron la oportunidad de reducir los gastos de Visado, Matriculaci\u00f3n y Alojamiento en el Programa Oficial de Intercambio de Los Estados con un Visado\" \/>\n\t\t<meta property=\"og:url\" content=\"https:\/\/eldigitaldeasturias.com\/radio\/arranca-la-campana-de-becas-de-ieduex-para-estudiar-en-usa-en-2020\/\" \/>\n\t\t<meta property=\"og:image\" content=\"https:\/\/eldigitaldeasturias.com\/radio\/wp-content\/uploads\/2019\/10\/1571740711_USAiEduEX.jpg\" \/>\n\t\t<meta property=\"og:image:secure_url\" content=\"https:\/\/eldigitaldeasturias.com\/radio\/wp-content\/uploads\/2019\/10\/1571740711_USAiEduEX.jpg\" \/>\n\t\t<meta property=\"og:image:width\" content=\"1200\" \/>\n\t\t<meta property=\"og:image:height\" content=\"900\" \/>\n\t\t<meta property=\"article:published_time\" content=\"2019-10-26T03:10:51+00:00\" \/>\n\t\t<meta property=\"article:modified_time\" content=\"2019-10-26T03:10:51+00:00\" \/>\n\t\t<meta name=\"twitter:card\" content=\"summary_large_image\" \/>\n\t\t<meta name=\"twitter:site\" content=\"@bercodi\" \/>\n\t\t<meta name=\"twitter:title\" content=\"Arranca la campa\u00f1a de becas de iEduex para estudiar en USA en 2020 | El Digital de Asturias\" \/>\n\t\t<meta name=\"twitter:description\" content=\"&quot;Comenzamos esta nueva campa\u00f1a de becas para estudiar en USA motivados por el incre\u00edble \u00e9xito de las pasadas ediciones, en las que cientos de alumnos de entre 14 y 18 a\u00f1os tuvieron la oportunidad de reducir los gastos de Visado, Matriculaci\u00f3n y Alojamiento en el Programa Oficial de Intercambio de Los Estados con un Visado\" \/>\n\t\t<meta name=\"twitter:creator\" content=\"@bercodi\" \/>\n\t\t<meta name=\"twitter:image\" content=\"https:\/\/eldigitaldeasturias.com\/radio\/wp-content\/uploads\/2019\/10\/1571740711_USAiEduEX.jpg\" \/>\n\t\t<script type=\"application\/ld+json\" class=\"aioseo-schema\">\n\t\t\t{\"@context\":\"https:\\\/\\\/schema.org\",\"@graph\":[{\"@type\":\"BreadcrumbList\",\"@id\":\"https:\\\/\\\/eldigitaldeasturias.com\\\/radio\\\/arranca-la-campana-de-becas-de-ieduex-para-estudiar-en-usa-en-2020\\\/#breadcrumblist\",\"itemListElement\":[{\"@type\":\"ListItem\",\"@id\":\"https:\\\/\\\/eldigitaldeasturias.com\\\/radio#listItem\",\"position\":1,\"name\":\"Inicio\",\"item\":\"https:\\\/\\\/eldigitaldeasturias.com\\\/radio\",\"nextItem\":{\"@type\":\"ListItem\",\"@id\":\"https:\\\/\\\/eldigitaldeasturias.com\\\/radio\\\/category\\\/noticias\\\/#listItem\",\"name\":\"Noticias\"}},{\"@type\":\"ListItem\",\"@id\":\"https:\\\/\\\/eldigitaldeasturias.com\\\/radio\\\/category\\\/noticias\\\/#listItem\",\"position\":2,\"name\":\"Noticias\",\"item\":\"https:\\\/\\\/eldigitaldeasturias.com\\\/radio\\\/category\\\/noticias\\\/\",\"nextItem\":{\"@type\":\"ListItem\",\"@id\":\"https:\\\/\\\/eldigitaldeasturias.com\\\/radio\\\/arranca-la-campana-de-becas-de-ieduex-para-estudiar-en-usa-en-2020\\\/#listItem\",\"name\":\"Arranca la campa\\u00f1a de becas de iEduex para estudiar en USA en 2020\"},\"previousItem\":{\"@type\":\"ListItem\",\"@id\":\"https:\\\/\\\/eldigitaldeasturias.com\\\/radio#listItem\",\"name\":\"Inicio\"}},{\"@type\":\"ListItem\",\"@id\":\"https:\\\/\\\/eldigitaldeasturias.com\\\/radio\\\/arranca-la-campana-de-becas-de-ieduex-para-estudiar-en-usa-en-2020\\\/#listItem\",\"position\":3,\"name\":\"Arranca la campa\\u00f1a de becas de iEduex para estudiar en USA en 2020\",\"previousItem\":{\"@type\":\"ListItem\",\"@id\":\"https:\\\/\\\/eldigitaldeasturias.com\\\/radio\\\/category\\\/noticias\\\/#listItem\",\"name\":\"Noticias\"}}]},{\"@type\":\"NewsArticle\",\"@id\":\"https:\\\/\\\/eldigitaldeasturias.com\\\/radio\\\/arranca-la-campana-de-becas-de-ieduex-para-estudiar-en-usa-en-2020\\\/#newsarticle\",\"name\":\"Arranca la campa\\u00f1a de becas de iEduex para estudiar en USA en 2020 | El Digital de Asturias\",\"headline\":\"Arranca la campa\\u00f1a de becas de iEduex para estudiar en USA en 2020\",\"author\":{\"@id\":\"https:\\\/\\\/eldigitaldeasturias.com\\\/radio\\\/author\\\/nbasturias\\\/#author\"},\"publisher\":{\"@id\":\"https:\\\/\\\/eldigitaldeasturias.com\\\/radio\\\/#organization\"},\"image\":{\"@type\":\"ImageObject\",\"url\":\"https:\\\/\\\/eldigitaldeasturias.com\\\/radio\\\/wp-content\\\/uploads\\\/2019\\\/10\\\/1571740711_USAiEduEX.jpg\",\"width\":1200,\"height\":900},\"datePublished\":\"2019-10-26T03:10:51+02:00\",\"dateModified\":\"2019-10-26T03:10:51+02:00\",\"inLanguage\":\"es-ES\",\"mainEntityOfPage\":{\"@id\":\"https:\\\/\\\/eldigitaldeasturias.com\\\/radio\\\/arranca-la-campana-de-becas-de-ieduex-para-estudiar-en-usa-en-2020\\\/#webpage\"},\"isPartOf\":{\"@id\":\"https:\\\/\\\/eldigitaldeasturias.com\\\/radio\\\/arranca-la-campana-de-becas-de-ieduex-para-estudiar-en-usa-en-2020\\\/#webpage\"},\"articleSection\":\"Noticias\",\"dateline\":\"Publicado el octubre 26, 2019.\"},{\"@type\":\"Organization\",\"@id\":\"https:\\\/\\\/eldigitaldeasturias.com\\\/radio\\\/#organization\",\"name\":\"El digital de Asturias Radio\",\"description\":\"Diario de informaci\\u00f3n y noticias\",\"url\":\"https:\\\/\\\/eldigitaldeasturias.com\\\/radio\\\/\",\"telephone\":\"+34652131393\",\"logo\":{\"@type\":\"ImageObject\",\"url\":\"https:\\\/\\\/www.eldigitaldeasturias.com\\\/radio\\\/wp-content\\\/uploads\\\/2021\\\/03\\\/EDA.jpg\",\"@id\":\"https:\\\/\\\/eldigitaldeasturias.com\\\/radio\\\/arranca-la-campana-de-becas-de-ieduex-para-estudiar-en-usa-en-2020\\\/#organizationLogo\"},\"image\":{\"@id\":\"https:\\\/\\\/eldigitaldeasturias.com\\\/radio\\\/arranca-la-campana-de-becas-de-ieduex-para-estudiar-en-usa-en-2020\\\/#organizationLogo\"},\"sameAs\":[\"https:\\\/\\\/www.facebook.com\\\/\",\"https:\\\/\\\/x.com\\\/bercodi\",\"https:\\\/\\\/www.instagram.com\\\/\",\"https:\\\/\\\/www.youtube.com\\\/channel\\\/UCZP-2wLEB9Rv6erhFmqVnvg\"]},{\"@type\":\"Person\",\"@id\":\"https:\\\/\\\/eldigitaldeasturias.com\\\/radio\\\/author\\\/nbasturias\\\/#author\",\"url\":\"https:\\\/\\\/eldigitaldeasturias.com\\\/radio\\\/author\\\/nbasturias\\\/\",\"name\":\"NBAsturias\",\"image\":{\"@type\":\"ImageObject\",\"@id\":\"https:\\\/\\\/eldigitaldeasturias.com\\\/radio\\\/arranca-la-campana-de-becas-de-ieduex-para-estudiar-en-usa-en-2020\\\/#authorImage\",\"url\":\"https:\\\/\\\/secure.gravatar.com\\\/avatar\\\/df2aeffc32bcd13f8d26072ef8a91b623d677766deac7f97ca815868cd41bf5e?s=96&d=mm&r=g\",\"width\":96,\"height\":96,\"caption\":\"NBAsturias\"}},{\"@type\":\"WebPage\",\"@id\":\"https:\\\/\\\/eldigitaldeasturias.com\\\/radio\\\/arranca-la-campana-de-becas-de-ieduex-para-estudiar-en-usa-en-2020\\\/#webpage\",\"url\":\"https:\\\/\\\/eldigitaldeasturias.com\\\/radio\\\/arranca-la-campana-de-becas-de-ieduex-para-estudiar-en-usa-en-2020\\\/\",\"name\":\"Arranca la campa\\u00f1a de becas de iEduex para estudiar en USA en 2020 | El Digital de Asturias\",\"description\":\"\\\"Comenzamos esta nueva campa\\u00f1a de becas para estudiar en USA motivados por el incre\\u00edble \\u00e9xito de las pasadas ediciones, en las que cientos de alumnos de entre 14 y 18 a\\u00f1os tuvieron la oportunidad de reducir los gastos de Visado, Matriculaci\\u00f3n y Alojamiento en el Programa Oficial de Intercambio de Los Estados con un Visado\",\"inLanguage\":\"es-ES\",\"isPartOf\":{\"@id\":\"https:\\\/\\\/eldigitaldeasturias.com\\\/radio\\\/#website\"},\"breadcrumb\":{\"@id\":\"https:\\\/\\\/eldigitaldeasturias.com\\\/radio\\\/arranca-la-campana-de-becas-de-ieduex-para-estudiar-en-usa-en-2020\\\/#breadcrumblist\"},\"author\":{\"@id\":\"https:\\\/\\\/eldigitaldeasturias.com\\\/radio\\\/author\\\/nbasturias\\\/#author\"},\"creator\":{\"@id\":\"https:\\\/\\\/eldigitaldeasturias.com\\\/radio\\\/author\\\/nbasturias\\\/#author\"},\"image\":{\"@type\":\"ImageObject\",\"url\":\"https:\\\/\\\/eldigitaldeasturias.com\\\/radio\\\/wp-content\\\/uploads\\\/2019\\\/10\\\/1571740711_USAiEduEX.jpg\",\"@id\":\"https:\\\/\\\/eldigitaldeasturias.com\\\/radio\\\/arranca-la-campana-de-becas-de-ieduex-para-estudiar-en-usa-en-2020\\\/#mainImage\",\"width\":1200,\"height\":900},\"primaryImageOfPage\":{\"@id\":\"https:\\\/\\\/eldigitaldeasturias.com\\\/radio\\\/arranca-la-campana-de-becas-de-ieduex-para-estudiar-en-usa-en-2020\\\/#mainImage\"},\"datePublished\":\"2019-10-26T03:10:51+02:00\",\"dateModified\":\"2019-10-26T03:10:51+02:00\"},{\"@type\":\"WebSite\",\"@id\":\"https:\\\/\\\/eldigitaldeasturias.com\\\/radio\\\/#website\",\"url\":\"https:\\\/\\\/eldigitaldeasturias.com\\\/radio\\\/\",\"name\":\"El Digital de Asturias\",\"description\":\"Diario de informaci\\u00f3n y noticias\",\"inLanguage\":\"es-ES\",\"publisher\":{\"@id\":\"https:\\\/\\\/eldigitaldeasturias.com\\\/radio\\\/#organization\"}}]}\n\t\t<\/script>\n\t\t<!-- All in One SEO Pro -->\r\n\t\t<title>Arranca la campa\u00f1a de becas de iEduex para estudiar en USA en 2020 | El Digital de Asturias<\/title>\n\n","aioseo_head_json":{"title":"Arranca la campa\u00f1a de becas de iEduex para estudiar en USA en 2020 | El Digital de Asturias","description":"\"Comenzamos esta nueva campa\u00f1a de becas para estudiar en USA motivados por el incre\u00edble \u00e9xito de las pasadas ediciones, en las que cientos de alumnos de entre 14 y 18 a\u00f1os tuvieron la oportunidad de reducir los gastos de Visado, Matriculaci\u00f3n y Alojamiento en el Programa Oficial de Intercambio de Los Estados con un Visado","canonical_url":"https:\/\/eldigitaldeasturias.com\/radio\/arranca-la-campana-de-becas-de-ieduex-para-estudiar-en-usa-en-2020\/","robots":"max-image-preview:large","keywords":"noticias","webmasterTools":{"google-site-verification":"UA-38556648-1","miscellaneous":""},"schema":{"@context":"https:\/\/schema.org","@graph":[{"@type":"BreadcrumbList","@id":"https:\/\/eldigitaldeasturias.com\/radio\/arranca-la-campana-de-becas-de-ieduex-para-estudiar-en-usa-en-2020\/#breadcrumblist","itemListElement":[{"@type":"ListItem","@id":"https:\/\/eldigitaldeasturias.com\/radio#listItem","position":1,"name":"Inicio","item":"https:\/\/eldigitaldeasturias.com\/radio","nextItem":{"@type":"ListItem","@id":"https:\/\/eldigitaldeasturias.com\/radio\/category\/noticias\/#listItem","name":"Noticias"}},{"@type":"ListItem","@id":"https:\/\/eldigitaldeasturias.com\/radio\/category\/noticias\/#listItem","position":2,"name":"Noticias","item":"https:\/\/eldigitaldeasturias.com\/radio\/category\/noticias\/","nextItem":{"@type":"ListItem","@id":"https:\/\/eldigitaldeasturias.com\/radio\/arranca-la-campana-de-becas-de-ieduex-para-estudiar-en-usa-en-2020\/#listItem","name":"Arranca la campa\u00f1a de becas de iEduex para estudiar en USA en 2020"},"previousItem":{"@type":"ListItem","@id":"https:\/\/eldigitaldeasturias.com\/radio#listItem","name":"Inicio"}},{"@type":"ListItem","@id":"https:\/\/eldigitaldeasturias.com\/radio\/arranca-la-campana-de-becas-de-ieduex-para-estudiar-en-usa-en-2020\/#listItem","position":3,"name":"Arranca la campa\u00f1a de becas de iEduex para estudiar en USA en 2020","previousItem":{"@type":"ListItem","@id":"https:\/\/eldigitaldeasturias.com\/radio\/category\/noticias\/#listItem","name":"Noticias"}}]},{"@type":"NewsArticle","@id":"https:\/\/eldigitaldeasturias.com\/radio\/arranca-la-campana-de-becas-de-ieduex-para-estudiar-en-usa-en-2020\/#newsarticle","name":"Arranca la campa\u00f1a de becas de iEduex para estudiar en USA en 2020 | El Digital de Asturias","headline":"Arranca la campa\u00f1a de becas de iEduex para estudiar en USA en 2020","author":{"@id":"https:\/\/eldigitaldeasturias.com\/radio\/author\/nbasturias\/#author"},"publisher":{"@id":"https:\/\/eldigitaldeasturias.com\/radio\/#organization"},"image":{"@type":"ImageObject","url":"https:\/\/eldigitaldeasturias.com\/radio\/wp-content\/uploads\/2019\/10\/1571740711_USAiEduEX.jpg","width":1200,"height":900},"datePublished":"2019-10-26T03:10:51+02:00","dateModified":"2019-10-26T03:10:51+02:00","inLanguage":"es-ES","mainEntityOfPage":{"@id":"https:\/\/eldigitaldeasturias.com\/radio\/arranca-la-campana-de-becas-de-ieduex-para-estudiar-en-usa-en-2020\/#webpage"},"isPartOf":{"@id":"https:\/\/eldigitaldeasturias.com\/radio\/arranca-la-campana-de-becas-de-ieduex-para-estudiar-en-usa-en-2020\/#webpage"},"articleSection":"Noticias","dateline":"Publicado el octubre 26, 2019."},{"@type":"Organization","@id":"https:\/\/eldigitaldeasturias.com\/radio\/#organization","name":"El digital de Asturias Radio","description":"Diario de informaci\u00f3n y noticias","url":"https:\/\/eldigitaldeasturias.com\/radio\/","telephone":"+34652131393","logo":{"@type":"ImageObject","url":"https:\/\/www.eldigitaldeasturias.com\/radio\/wp-content\/uploads\/2021\/03\/EDA.jpg","@id":"https:\/\/eldigitaldeasturias.com\/radio\/arranca-la-campana-de-becas-de-ieduex-para-estudiar-en-usa-en-2020\/#organizationLogo"},"image":{"@id":"https:\/\/eldigitaldeasturias.com\/radio\/arranca-la-campana-de-becas-de-ieduex-para-estudiar-en-usa-en-2020\/#organizationLogo"},"sameAs":["https:\/\/www.facebook.com\/","https:\/\/x.com\/bercodi","https:\/\/www.instagram.com\/","https:\/\/www.youtube.com\/channel\/UCZP-2wLEB9Rv6erhFmqVnvg"]},{"@type":"Person","@id":"https:\/\/eldigitaldeasturias.com\/radio\/author\/nbasturias\/#author","url":"https:\/\/eldigitaldeasturias.com\/radio\/author\/nbasturias\/","name":"NBAsturias","image":{"@type":"ImageObject","@id":"https:\/\/eldigitaldeasturias.com\/radio\/arranca-la-campana-de-becas-de-ieduex-para-estudiar-en-usa-en-2020\/#authorImage","url":"https:\/\/secure.gravatar.com\/avatar\/df2aeffc32bcd13f8d26072ef8a91b623d677766deac7f97ca815868cd41bf5e?s=96&d=mm&r=g","width":96,"height":96,"caption":"NBAsturias"}},{"@type":"WebPage","@id":"https:\/\/eldigitaldeasturias.com\/radio\/arranca-la-campana-de-becas-de-ieduex-para-estudiar-en-usa-en-2020\/#webpage","url":"https:\/\/eldigitaldeasturias.com\/radio\/arranca-la-campana-de-becas-de-ieduex-para-estudiar-en-usa-en-2020\/","name":"Arranca la campa\u00f1a de becas de iEduex para estudiar en USA en 2020 | El Digital de Asturias","description":"\"Comenzamos esta nueva campa\u00f1a de becas para estudiar en USA motivados por el incre\u00edble \u00e9xito de las pasadas ediciones, en las que cientos de alumnos de entre 14 y 18 a\u00f1os tuvieron la oportunidad de reducir los gastos de Visado, Matriculaci\u00f3n y Alojamiento en el Programa Oficial de Intercambio de Los Estados con un Visado","inLanguage":"es-ES","isPartOf":{"@id":"https:\/\/eldigitaldeasturias.com\/radio\/#website"},"breadcrumb":{"@id":"https:\/\/eldigitaldeasturias.com\/radio\/arranca-la-campana-de-becas-de-ieduex-para-estudiar-en-usa-en-2020\/#breadcrumblist"},"author":{"@id":"https:\/\/eldigitaldeasturias.com\/radio\/author\/nbasturias\/#author"},"creator":{"@id":"https:\/\/eldigitaldeasturias.com\/radio\/author\/nbasturias\/#author"},"image":{"@type":"ImageObject","url":"https:\/\/eldigitaldeasturias.com\/radio\/wp-content\/uploads\/2019\/10\/1571740711_USAiEduEX.jpg","@id":"https:\/\/eldigitaldeasturias.com\/radio\/arranca-la-campana-de-becas-de-ieduex-para-estudiar-en-usa-en-2020\/#mainImage","width":1200,"height":900},"primaryImageOfPage":{"@id":"https:\/\/eldigitaldeasturias.com\/radio\/arranca-la-campana-de-becas-de-ieduex-para-estudiar-en-usa-en-2020\/#mainImage"},"datePublished":"2019-10-26T03:10:51+02:00","dateModified":"2019-10-26T03:10:51+02:00"},{"@type":"WebSite","@id":"https:\/\/eldigitaldeasturias.com\/radio\/#website","url":"https:\/\/eldigitaldeasturias.com\/radio\/","name":"El Digital de Asturias","description":"Diario de informaci\u00f3n y noticias","inLanguage":"es-ES","publisher":{"@id":"https:\/\/eldigitaldeasturias.com\/radio\/#organization"}}]},"og:locale":"es_ES","og:site_name":"El Digital de Asturias | Diario de informaci\u00f3n y noticias","og:type":"article","og:title":"Arranca la campa\u00f1a de becas de iEduex para estudiar en USA en 2020 | El Digital de Asturias","og:description":"&quot;Comenzamos esta nueva campa\u00f1a de becas para estudiar en USA motivados por el incre\u00edble \u00e9xito de las pasadas ediciones, en las que cientos de alumnos de entre 14 y 18 a\u00f1os tuvieron la oportunidad de reducir los gastos de Visado, Matriculaci\u00f3n y Alojamiento en el Programa Oficial de Intercambio de Los Estados con un Visado","og:url":"https:\/\/eldigitaldeasturias.com\/radio\/arranca-la-campana-de-becas-de-ieduex-para-estudiar-en-usa-en-2020\/","og:image":"https:\/\/eldigitaldeasturias.com\/radio\/wp-content\/uploads\/2019\/10\/1571740711_USAiEduEX.jpg","og:image:secure_url":"https:\/\/eldigitaldeasturias.com\/radio\/wp-content\/uploads\/2019\/10\/1571740711_USAiEduEX.jpg","og:image:width":1200,"og:image:height":900,"article:published_time":"2019-10-26T03:10:51+00:00","article:modified_time":"2019-10-26T03:10:51+00:00","twitter:card":"summary_large_image","twitter:site":"@bercodi","twitter:title":"Arranca la campa\u00f1a de becas de iEduex para estudiar en USA en 2020 | El Digital de Asturias","twitter:description":"&quot;Comenzamos esta nueva campa\u00f1a de becas para estudiar en USA motivados por el incre\u00edble \u00e9xito de las pasadas ediciones, en las que cientos de alumnos de entre 14 y 18 a\u00f1os tuvieron la oportunidad de reducir los gastos de Visado, Matriculaci\u00f3n y Alojamiento en el Programa Oficial de Intercambio de Los Estados con un Visado","twitter:creator":"@bercodi","twitter:image":"https:\/\/eldigitaldeasturias.com\/radio\/wp-content\/uploads\/2019\/10\/1571740711_USAiEduEX.jpg"},"aioseo_meta_data":{"post_id":"3362","title":null,"description":null,"keywords":null,"keyphrases":null,"primary_term":null,"canonical_url":null,"og_title":null,"og_description":null,"og_object_type":"default","og_image_type":"default","og_image_url":null,"og_image_width":null,"og_image_height":null,"og_image_custom_url":null,"og_image_custom_fields":null,"og_video":null,"og_custom_url":null,"og_article_section":null,"og_article_tags":null,"twitter_use_og":false,"twitter_card":"default","twitter_image_type":"default","twitter_image_url":null,"twitter_image_custom_url":null,"twitter_image_custom_fields":null,"twitter_title":null,"twitter_description":null,"schema":{"blockGraphs":[],"customGraphs":[],"default":{"data":{"Article":[],"Course":[],"Dataset":[],"FAQPage":[],"Movie":[],"Person":[],"Product":[],"ProductReview":[],"Car":[],"Recipe":[],"Service":[],"SoftwareApplication":[],"WebPage":[]},"graphName":"","isEnabled":true},"graphs":[],"defaultGraph":"","defaultPostTypeGraph":""},"schema_type":null,"schema_type_options":null,"pillar_content":false,"robots_default":true,"robots_noindex":false,"robots_noarchive":false,"robots_nosnippet":false,"robots_nofollow":false,"robots_noimageindex":false,"robots_noodp":false,"robots_notranslate":false,"robots_max_snippet":null,"robots_max_videopreview":null,"robots_max_imagepreview":"large","priority":null,"frequency":null,"location":null,"local_seo":null,"seo_analyzer_scan_date":"2025-08-28 14:06:27","breadcrumb_settings":null,"limit_modified_date":false,"open_ai":null,"ai":null,"created":"2021-03-27 12:20:21","updated":"2025-08-28 14:06:27"},"aioseo_breadcrumb":"<div class=\"aioseo-breadcrumbs\"><span class=\"aioseo-breadcrumb\">\n\t<a href=\"https:\/\/eldigitaldeasturias.com\/radio\" title=\"Inicio\">Inicio<\/a>\n<\/span><span class=\"aioseo-breadcrumb-separator\">&ndash;<\/span><span class=\"aioseo-breadcrumb\">\n\t<a href=\"https:\/\/eldigitaldeasturias.com\/radio\/category\/noticias\/\" title=\"Noticias\">Noticias<\/a>\n<\/span><span class=\"aioseo-breadcrumb-separator\">&ndash;<\/span><span class=\"aioseo-breadcrumb\">\n\tArranca la campa\u00f1a de becas de iEduex para estudiar en USA en 2020\n<\/span><\/div>","aioseo_breadcrumb_json":[{"label":"Inicio","link":"https:\/\/eldigitaldeasturias.com\/radio"},{"label":"Noticias","link":"https:\/\/eldigitaldeasturias.com\/radio\/category\/noticias\/"},{"label":"Arranca la campa\u00f1a de becas de iEduex para estudiar en USA en 2020","link":"https:\/\/eldigitaldeasturias.com\/radio\/arranca-la-campana-de-becas-de-ieduex-para-estudiar-en-usa-en-2020\/"}],"_links":{"self":[{"href":"https:\/\/eldigitaldeasturias.com\/radio\/wp-json\/wp\/v2\/posts\/3362","targetHints":{"allow":["GET"]}}],"collection":[{"href":"https:\/\/eldigitaldeasturias.com\/radio\/wp-json\/wp\/v2\/posts"}],"about":[{"href":"https:\/\/eldigitaldeasturias.com\/radio\/wp-json\/wp\/v2\/types\/post"}],"author":[{"embeddable":true,"href":"https:\/\/eldigitaldeasturias.com\/radio\/wp-json\/wp\/v2\/users\/1"}],"replies":[{"embeddable":true,"href":"https:\/\/eldigitaldeasturias.com\/radio\/wp-json\/wp\/v2\/comments?post=3362"}],"version-history":[{"count":0,"href":"https:\/\/eldigitaldeasturias.com\/radio\/wp-json\/wp\/v2\/posts\/3362\/revisions"}],"wp:featuredmedia":[{"embeddable":true,"href":"https:\/\/eldigitaldeasturias.com\/radio\/wp-json\/wp\/v2\/media\/3363"}],"wp:attachment":[{"href":"https:\/\/eldigitaldeasturias.com\/radio\/wp-json\/wp\/v2\/media?parent=3362"}],"wp:term":[{"taxonomy":"category","embeddable":true,"href":"https:\/\/eldigitaldeasturias.com\/radio\/wp-json\/wp\/v2\/categories?post=3362"},{"taxonomy":"post_tag","embeddable":true,"href":"https:\/\/eldigitaldeasturias.com\/radio\/wp-json\/wp\/v2\/tags?post=3362"}],"curies":[{"name":"wp","href":"https:\/\/api.w.org\/{rel}","templated":true}]}}