{"id":3359,"date":"2019-10-26T03:09:17","date_gmt":"2019-10-26T03:09:17","guid":{"rendered":"http:\/\/eldigitaldeasturias.com\/radio\/?p=3359"},"modified":"2019-10-26T03:09:17","modified_gmt":"2019-10-26T03:09:17","slug":"arranca-la-iii-edicion-del-premio-de-historia-ordenes-espanolas","status":"publish","type":"post","link":"https:\/\/eldigitaldeasturias.com\/radio\/arranca-la-iii-edicion-del-premio-de-historia-ordenes-espanolas\/","title":{"rendered":"Arranca la III edici\u00f3n del Premio de Historia \u00d3rdenes Espa\u00f1olas"},"content":{"rendered":"<p><img fetchpriority=\"high\" decoding=\"async\" class=\"alignleft size-medium wp-image-3360\" src=\"https:\/\/eldigitaldeasturias.com\/radio\/wp-content\/uploads\/2019\/10\/1571749311_Don_Juan_Carlos_entrega_el_Premio_O_rdenes_Espan_olas_al_historiador_Miguel_A_ngel_Ladero_Quesada_en_2019_Ca-360x225.jpg\" alt=\"\" width=\"360\" height=\"225\" srcset=\"https:\/\/eldigitaldeasturias.com\/radio\/wp-content\/uploads\/2019\/10\/1571749311_Don_Juan_Carlos_entrega_el_Premio_O_rdenes_Espan_olas_al_historiador_Miguel_A_ngel_Ladero_Quesada_en_2019_Ca-360x225.jpg 360w, https:\/\/eldigitaldeasturias.com\/radio\/wp-content\/uploads\/2019\/10\/1571749311_Don_Juan_Carlos_entrega_el_Premio_O_rdenes_Espan_olas_al_historiador_Miguel_A_ngel_Ladero_Quesada_en_2019_Ca-1024x640.jpg 1024w, https:\/\/eldigitaldeasturias.com\/radio\/wp-content\/uploads\/2019\/10\/1571749311_Don_Juan_Carlos_entrega_el_Premio_O_rdenes_Espan_olas_al_historiador_Miguel_A_ngel_Ladero_Quesada_en_2019_Ca-768x480.jpg 768w, https:\/\/eldigitaldeasturias.com\/radio\/wp-content\/uploads\/2019\/10\/1571749311_Don_Juan_Carlos_entrega_el_Premio_O_rdenes_Espan_olas_al_historiador_Miguel_A_ngel_Ladero_Quesada_en_2019_Ca.jpg 1080w\" sizes=\"(max-width: 360px) 100vw, 360px\" \/>Las \u00d3rdenes Espa\u00f1olas de Santiago, Calatrava, Alc\u00e1ntara y Montesa, instituciones de vasta tradici\u00f3n cuyo trabajo al servicio de la cultura es uno de sus rasgos distintivos, convocan la tercera edici\u00f3n del Premio de Historia \u00d3rdenes Espa\u00f1olas. Se trata de un galard\u00f3n creado en 2017, que naci\u00f3 con la vocaci\u00f3n de constituirse como un referente de la ciencia de la historia, tanto en el \u00e1mbito acad\u00e9mico como en el de la sociedad.<\/p>\n<p>El Premio re\u00fane varias caracter\u00edsticas que lo convierten en un galard\u00f3n \u00fanico: su car\u00e1cter internacional; distinguir una trayectoria investigadora reconocida por la importancia y rigor de sus estudios; la altura cient\u00edfica de las entidades que proponen los candidatos (universidades con departamento de Historia, academias e instituciones que cumplen el mismo cometido); su dotaci\u00f3n econ\u00f3mica de 60.000 \u20ac, y la relevancia del Jurado y de los patrocinadores que lo apoyan.<\/p>\n<p>Los candidatos de esta III Edici\u00f3n podr\u00e1n ser propuestos por las Universidades con departamento de Historia, academias e instituciones que, con distintas denominaciones, cumplen el mismo cometido, representantes de las instituciones patrocinadoras, y cada uno de los galardonados en anteriores ediciones del Premio.<\/p>\n<p>El Jurado est\u00e1 presidido por el presidente del Real Consejo de las \u00d3rdenes, Pedro de Borb\u00f3n Dos Sicilias, y re\u00fane a destacados miembros del mundo acad\u00e9mico, cultural y empresarial, as\u00ed como al ganador de la \u00faltima convocatoria.<\/p>\n<p>En su primera edici\u00f3n, Felipe VI presidi\u00f3 la ceremonia de entrega del Premio, concedido al historiador brit\u00e1nico John H. Elliott, cuya candidatura fue presentada por la Universidad de Oxford. La ceremonia tuvo lugar en el Monasterio de El Escorial.<\/p>\n<p>En su discurso, el prestigioso hispanista hizo hincapi\u00e9 en la importancia de conocer la historia: \u201cVivimos en un mundo dominado por la posverdad y el populismo de izquierdas y derechas. Hace falta historia bien hecha contra los mitos malintencionados y oportunistas\u201d. La obra historiogr\u00e1fica de John H. Elliott destaca por su rigor y veracidad, virtudes acad\u00e9micas que el Premio valora especialmente.<\/p>\n<p>Por su parte, el rey Juan Carlos entreg\u00f3 el galard\u00f3n de la segunda edici\u00f3n al medievalista vallisoletano Miguel \u00c1ngel Ladero Quesada, tambi\u00e9n en el Monasterio de El Escorial. En su discurso, Ladero alert\u00f3 contra quienes pretenden escribir la Historia \u201cal dictado de intereses pol\u00edticos o ideol\u00f3gicos\u201d. El profesor Ladero fue propuesto por la Universidad de C\u00e1diz y su obra se compone de decenas de libros y centenares de trabajos sobre la Edad Media europea y espa\u00f1ola.<\/p>\n<p>El Premio de Historia \u00d3rdenes Espa\u00f1olas est\u00e1 gestionado por la Fundaci\u00f3n Lux Hispaniarum y cuenta con el apoyo de la Fundaci\u00f3n Areces, la Fundaci\u00f3n Talgo y el Grupo Siro. El plazo de presentaci\u00f3n de la documentaci\u00f3n de candidaturas se inicia el 8 de octubre de 2019 y finaliza el 28 de febrero de 2020. El fallo del jurado ser\u00e1 no m\u00e1s tarde del 11 de abril y la entrega del premio se realizar\u00e1 en mayo de 2020.<\/p>\n","protected":false},"excerpt":{"rendered":"<p>Las \u00d3rdenes Espa\u00f1olas de Santiago, Calatrava, Alc\u00e1ntara y Montesa, instituciones de vasta tradici\u00f3n cuyo trabajo al servicio de la cultura es uno de sus rasgos distintivos, convocan la tercera edici\u00f3n del Premio de Historia \u00d3rdenes Espa\u00f1olas. Se trata de un galard\u00f3n creado en 2017, que naci\u00f3 con la vocaci\u00f3n de constituirse como un referente de<\/p>\n","protected":false},"author":1,"featured_media":3360,"comment_status":"closed","ping_status":"closed","sticky":false,"template":"","format":"standard","meta":{"footnotes":""},"categories":[1],"tags":[],"class_list":{"0":"post-3359","1":"post","2":"type-post","3":"status-publish","4":"format-standard","5":"has-post-thumbnail","7":"category-noticias"},"aioseo_notices":[],"aioseo_head":"\n\t\t<!-- All in One SEO Pro 4.9.6.2 - aioseo.com -->\n\t<meta name=\"description\" content=\"Las \u00d3rdenes Espa\u00f1olas de Santiago, Calatrava, Alc\u00e1ntara y Montesa, instituciones de vasta tradici\u00f3n cuyo trabajo al servicio de la cultura es uno de sus rasgos distintivos, convocan la tercera edici\u00f3n del Premio de Historia \u00d3rdenes Espa\u00f1olas. Se trata de un galard\u00f3n creado en 2017, que naci\u00f3 con la vocaci\u00f3n de constituirse como un referente de\" \/>\n\t<meta name=\"robots\" content=\"max-image-preview:large\" \/>\n\t<meta name=\"author\" content=\"NBAsturias\"\/>\n\t<meta name=\"google-site-verification\" content=\"UA-38556648-1\" \/>\n\t<meta name=\"keywords\" content=\"noticias\" \/>\n\t<link rel=\"canonical\" href=\"https:\/\/eldigitaldeasturias.com\/radio\/arranca-la-iii-edicion-del-premio-de-historia-ordenes-espanolas\/\" \/>\n\t<meta name=\"generator\" content=\"All in One SEO Pro (AIOSEO) 4.9.6.2\" \/>\n\t\t<meta property=\"og:locale\" content=\"es_ES\" \/>\n\t\t<meta property=\"og:site_name\" content=\"El Digital de Asturias | Diario de informaci\u00f3n y noticias\" \/>\n\t\t<meta property=\"og:type\" content=\"article\" \/>\n\t\t<meta property=\"og:title\" content=\"Arranca la III edici\u00f3n del Premio de Historia \u00d3rdenes Espa\u00f1olas | El Digital de Asturias\" \/>\n\t\t<meta property=\"og:description\" content=\"Las \u00d3rdenes Espa\u00f1olas de Santiago, Calatrava, Alc\u00e1ntara y Montesa, instituciones de vasta tradici\u00f3n cuyo trabajo al servicio de la cultura es uno de sus rasgos distintivos, convocan la tercera edici\u00f3n del Premio de Historia \u00d3rdenes Espa\u00f1olas. Se trata de un galard\u00f3n creado en 2017, que naci\u00f3 con la vocaci\u00f3n de constituirse como un referente de\" \/>\n\t\t<meta property=\"og:url\" content=\"https:\/\/eldigitaldeasturias.com\/radio\/arranca-la-iii-edicion-del-premio-de-historia-ordenes-espanolas\/\" \/>\n\t\t<meta property=\"og:image\" content=\"https:\/\/eldigitaldeasturias.com\/radio\/wp-content\/uploads\/2019\/10\/1571749311_Don_Juan_Carlos_entrega_el_Premio_O_rdenes_Espan_olas_al_historiador_Miguel_A_ngel_Ladero_Quesada_en_2019_Ca.jpg\" \/>\n\t\t<meta property=\"og:image:secure_url\" content=\"https:\/\/eldigitaldeasturias.com\/radio\/wp-content\/uploads\/2019\/10\/1571749311_Don_Juan_Carlos_entrega_el_Premio_O_rdenes_Espan_olas_al_historiador_Miguel_A_ngel_Ladero_Quesada_en_2019_Ca.jpg\" \/>\n\t\t<meta property=\"og:image:width\" content=\"1080\" \/>\n\t\t<meta property=\"og:image:height\" content=\"675\" \/>\n\t\t<meta property=\"article:published_time\" content=\"2019-10-26T03:09:17+00:00\" \/>\n\t\t<meta property=\"article:modified_time\" content=\"2019-10-26T03:09:17+00:00\" \/>\n\t\t<meta name=\"twitter:card\" content=\"summary_large_image\" \/>\n\t\t<meta name=\"twitter:site\" content=\"@bercodi\" \/>\n\t\t<meta name=\"twitter:title\" content=\"Arranca la III edici\u00f3n del Premio de Historia \u00d3rdenes Espa\u00f1olas | El Digital de Asturias\" \/>\n\t\t<meta name=\"twitter:description\" content=\"Las \u00d3rdenes Espa\u00f1olas de Santiago, Calatrava, Alc\u00e1ntara y Montesa, instituciones de vasta tradici\u00f3n cuyo trabajo al servicio de la cultura es uno de sus rasgos distintivos, convocan la tercera edici\u00f3n del Premio de Historia \u00d3rdenes Espa\u00f1olas. Se trata de un galard\u00f3n creado en 2017, que naci\u00f3 con la vocaci\u00f3n de constituirse como un referente de\" \/>\n\t\t<meta name=\"twitter:creator\" content=\"@bercodi\" \/>\n\t\t<meta name=\"twitter:image\" content=\"https:\/\/eldigitaldeasturias.com\/radio\/wp-content\/uploads\/2019\/10\/1571749311_Don_Juan_Carlos_entrega_el_Premio_O_rdenes_Espan_olas_al_historiador_Miguel_A_ngel_Ladero_Quesada_en_2019_Ca.jpg\" \/>\n\t\t<script type=\"application\/ld+json\" class=\"aioseo-schema\">\n\t\t\t{\"@context\":\"https:\\\/\\\/schema.org\",\"@graph\":[{\"@type\":\"BreadcrumbList\",\"@id\":\"https:\\\/\\\/eldigitaldeasturias.com\\\/radio\\\/arranca-la-iii-edicion-del-premio-de-historia-ordenes-espanolas\\\/#breadcrumblist\",\"itemListElement\":[{\"@type\":\"ListItem\",\"@id\":\"https:\\\/\\\/eldigitaldeasturias.com\\\/radio#listItem\",\"position\":1,\"name\":\"Inicio\",\"item\":\"https:\\\/\\\/eldigitaldeasturias.com\\\/radio\",\"nextItem\":{\"@type\":\"ListItem\",\"@id\":\"https:\\\/\\\/eldigitaldeasturias.com\\\/radio\\\/category\\\/noticias\\\/#listItem\",\"name\":\"Noticias\"}},{\"@type\":\"ListItem\",\"@id\":\"https:\\\/\\\/eldigitaldeasturias.com\\\/radio\\\/category\\\/noticias\\\/#listItem\",\"position\":2,\"name\":\"Noticias\",\"item\":\"https:\\\/\\\/eldigitaldeasturias.com\\\/radio\\\/category\\\/noticias\\\/\",\"nextItem\":{\"@type\":\"ListItem\",\"@id\":\"https:\\\/\\\/eldigitaldeasturias.com\\\/radio\\\/arranca-la-iii-edicion-del-premio-de-historia-ordenes-espanolas\\\/#listItem\",\"name\":\"Arranca la III edici\\u00f3n del Premio de Historia \\u00d3rdenes Espa\\u00f1olas\"},\"previousItem\":{\"@type\":\"ListItem\",\"@id\":\"https:\\\/\\\/eldigitaldeasturias.com\\\/radio#listItem\",\"name\":\"Inicio\"}},{\"@type\":\"ListItem\",\"@id\":\"https:\\\/\\\/eldigitaldeasturias.com\\\/radio\\\/arranca-la-iii-edicion-del-premio-de-historia-ordenes-espanolas\\\/#listItem\",\"position\":3,\"name\":\"Arranca la III edici\\u00f3n del Premio de Historia \\u00d3rdenes Espa\\u00f1olas\",\"previousItem\":{\"@type\":\"ListItem\",\"@id\":\"https:\\\/\\\/eldigitaldeasturias.com\\\/radio\\\/category\\\/noticias\\\/#listItem\",\"name\":\"Noticias\"}}]},{\"@type\":\"NewsArticle\",\"@id\":\"https:\\\/\\\/eldigitaldeasturias.com\\\/radio\\\/arranca-la-iii-edicion-del-premio-de-historia-ordenes-espanolas\\\/#newsarticle\",\"name\":\"Arranca la III edici\\u00f3n del Premio de Historia \\u00d3rdenes Espa\\u00f1olas | El Digital de Asturias\",\"headline\":\"Arranca la III edici\\u00f3n del Premio de Historia \\u00d3rdenes Espa\\u00f1olas\",\"author\":{\"@id\":\"https:\\\/\\\/eldigitaldeasturias.com\\\/radio\\\/author\\\/nbasturias\\\/#author\"},\"publisher\":{\"@id\":\"https:\\\/\\\/eldigitaldeasturias.com\\\/radio\\\/#organization\"},\"image\":{\"@type\":\"ImageObject\",\"url\":\"https:\\\/\\\/eldigitaldeasturias.com\\\/radio\\\/wp-content\\\/uploads\\\/2019\\\/10\\\/1571749311_Don_Juan_Carlos_entrega_el_Premio_O_rdenes_Espan_olas_al_historiador_Miguel_A_ngel_Ladero_Quesada_en_2019_Ca.jpg\",\"width\":1080,\"height\":675},\"datePublished\":\"2019-10-26T03:09:17+02:00\",\"dateModified\":\"2019-10-26T03:09:17+02:00\",\"inLanguage\":\"es-ES\",\"mainEntityOfPage\":{\"@id\":\"https:\\\/\\\/eldigitaldeasturias.com\\\/radio\\\/arranca-la-iii-edicion-del-premio-de-historia-ordenes-espanolas\\\/#webpage\"},\"isPartOf\":{\"@id\":\"https:\\\/\\\/eldigitaldeasturias.com\\\/radio\\\/arranca-la-iii-edicion-del-premio-de-historia-ordenes-espanolas\\\/#webpage\"},\"articleSection\":\"Noticias\",\"dateline\":\"Publicado el octubre 26, 2019.\"},{\"@type\":\"Organization\",\"@id\":\"https:\\\/\\\/eldigitaldeasturias.com\\\/radio\\\/#organization\",\"name\":\"El digital de Asturias Radio\",\"description\":\"Diario de informaci\\u00f3n y noticias\",\"url\":\"https:\\\/\\\/eldigitaldeasturias.com\\\/radio\\\/\",\"telephone\":\"+34652131393\",\"logo\":{\"@type\":\"ImageObject\",\"url\":\"https:\\\/\\\/www.eldigitaldeasturias.com\\\/radio\\\/wp-content\\\/uploads\\\/2021\\\/03\\\/EDA.jpg\",\"@id\":\"https:\\\/\\\/eldigitaldeasturias.com\\\/radio\\\/arranca-la-iii-edicion-del-premio-de-historia-ordenes-espanolas\\\/#organizationLogo\"},\"image\":{\"@id\":\"https:\\\/\\\/eldigitaldeasturias.com\\\/radio\\\/arranca-la-iii-edicion-del-premio-de-historia-ordenes-espanolas\\\/#organizationLogo\"},\"sameAs\":[\"https:\\\/\\\/www.facebook.com\\\/\",\"https:\\\/\\\/x.com\\\/bercodi\",\"https:\\\/\\\/www.instagram.com\\\/\",\"https:\\\/\\\/www.youtube.com\\\/channel\\\/UCZP-2wLEB9Rv6erhFmqVnvg\"]},{\"@type\":\"Person\",\"@id\":\"https:\\\/\\\/eldigitaldeasturias.com\\\/radio\\\/author\\\/nbasturias\\\/#author\",\"url\":\"https:\\\/\\\/eldigitaldeasturias.com\\\/radio\\\/author\\\/nbasturias\\\/\",\"name\":\"NBAsturias\",\"image\":{\"@type\":\"ImageObject\",\"@id\":\"https:\\\/\\\/eldigitaldeasturias.com\\\/radio\\\/arranca-la-iii-edicion-del-premio-de-historia-ordenes-espanolas\\\/#authorImage\",\"url\":\"https:\\\/\\\/secure.gravatar.com\\\/avatar\\\/df2aeffc32bcd13f8d26072ef8a91b623d677766deac7f97ca815868cd41bf5e?s=96&d=mm&r=g\",\"width\":96,\"height\":96,\"caption\":\"NBAsturias\"}},{\"@type\":\"WebPage\",\"@id\":\"https:\\\/\\\/eldigitaldeasturias.com\\\/radio\\\/arranca-la-iii-edicion-del-premio-de-historia-ordenes-espanolas\\\/#webpage\",\"url\":\"https:\\\/\\\/eldigitaldeasturias.com\\\/radio\\\/arranca-la-iii-edicion-del-premio-de-historia-ordenes-espanolas\\\/\",\"name\":\"Arranca la III edici\\u00f3n del Premio de Historia \\u00d3rdenes Espa\\u00f1olas | El Digital de Asturias\",\"description\":\"Las \\u00d3rdenes Espa\\u00f1olas de Santiago, Calatrava, Alc\\u00e1ntara y Montesa, instituciones de vasta tradici\\u00f3n cuyo trabajo al servicio de la cultura es uno de sus rasgos distintivos, convocan la tercera edici\\u00f3n del Premio de Historia \\u00d3rdenes Espa\\u00f1olas. Se trata de un galard\\u00f3n creado en 2017, que naci\\u00f3 con la vocaci\\u00f3n de constituirse como un referente de\",\"inLanguage\":\"es-ES\",\"isPartOf\":{\"@id\":\"https:\\\/\\\/eldigitaldeasturias.com\\\/radio\\\/#website\"},\"breadcrumb\":{\"@id\":\"https:\\\/\\\/eldigitaldeasturias.com\\\/radio\\\/arranca-la-iii-edicion-del-premio-de-historia-ordenes-espanolas\\\/#breadcrumblist\"},\"author\":{\"@id\":\"https:\\\/\\\/eldigitaldeasturias.com\\\/radio\\\/author\\\/nbasturias\\\/#author\"},\"creator\":{\"@id\":\"https:\\\/\\\/eldigitaldeasturias.com\\\/radio\\\/author\\\/nbasturias\\\/#author\"},\"image\":{\"@type\":\"ImageObject\",\"url\":\"https:\\\/\\\/eldigitaldeasturias.com\\\/radio\\\/wp-content\\\/uploads\\\/2019\\\/10\\\/1571749311_Don_Juan_Carlos_entrega_el_Premio_O_rdenes_Espan_olas_al_historiador_Miguel_A_ngel_Ladero_Quesada_en_2019_Ca.jpg\",\"@id\":\"https:\\\/\\\/eldigitaldeasturias.com\\\/radio\\\/arranca-la-iii-edicion-del-premio-de-historia-ordenes-espanolas\\\/#mainImage\",\"width\":1080,\"height\":675},\"primaryImageOfPage\":{\"@id\":\"https:\\\/\\\/eldigitaldeasturias.com\\\/radio\\\/arranca-la-iii-edicion-del-premio-de-historia-ordenes-espanolas\\\/#mainImage\"},\"datePublished\":\"2019-10-26T03:09:17+02:00\",\"dateModified\":\"2019-10-26T03:09:17+02:00\"},{\"@type\":\"WebSite\",\"@id\":\"https:\\\/\\\/eldigitaldeasturias.com\\\/radio\\\/#website\",\"url\":\"https:\\\/\\\/eldigitaldeasturias.com\\\/radio\\\/\",\"name\":\"El Digital de Asturias\",\"description\":\"Diario de informaci\\u00f3n y noticias\",\"inLanguage\":\"es-ES\",\"publisher\":{\"@id\":\"https:\\\/\\\/eldigitaldeasturias.com\\\/radio\\\/#organization\"}}]}\n\t\t<\/script>\n\t\t<!-- All in One SEO Pro -->\r\n\t\t<title>Arranca la III edici\u00f3n del Premio de Historia \u00d3rdenes Espa\u00f1olas | El Digital de Asturias<\/title>\n\n","aioseo_head_json":{"title":"Arranca la III edici\u00f3n del Premio de Historia \u00d3rdenes Espa\u00f1olas | El Digital de Asturias","description":"Las \u00d3rdenes Espa\u00f1olas de Santiago, Calatrava, Alc\u00e1ntara y Montesa, instituciones de vasta tradici\u00f3n cuyo trabajo al servicio de la cultura es uno de sus rasgos distintivos, convocan la tercera edici\u00f3n del Premio de Historia \u00d3rdenes Espa\u00f1olas. Se trata de un galard\u00f3n creado en 2017, que naci\u00f3 con la vocaci\u00f3n de constituirse como un referente de","canonical_url":"https:\/\/eldigitaldeasturias.com\/radio\/arranca-la-iii-edicion-del-premio-de-historia-ordenes-espanolas\/","robots":"max-image-preview:large","keywords":"noticias","webmasterTools":{"google-site-verification":"UA-38556648-1","miscellaneous":""},"schema":{"@context":"https:\/\/schema.org","@graph":[{"@type":"BreadcrumbList","@id":"https:\/\/eldigitaldeasturias.com\/radio\/arranca-la-iii-edicion-del-premio-de-historia-ordenes-espanolas\/#breadcrumblist","itemListElement":[{"@type":"ListItem","@id":"https:\/\/eldigitaldeasturias.com\/radio#listItem","position":1,"name":"Inicio","item":"https:\/\/eldigitaldeasturias.com\/radio","nextItem":{"@type":"ListItem","@id":"https:\/\/eldigitaldeasturias.com\/radio\/category\/noticias\/#listItem","name":"Noticias"}},{"@type":"ListItem","@id":"https:\/\/eldigitaldeasturias.com\/radio\/category\/noticias\/#listItem","position":2,"name":"Noticias","item":"https:\/\/eldigitaldeasturias.com\/radio\/category\/noticias\/","nextItem":{"@type":"ListItem","@id":"https:\/\/eldigitaldeasturias.com\/radio\/arranca-la-iii-edicion-del-premio-de-historia-ordenes-espanolas\/#listItem","name":"Arranca la III edici\u00f3n del Premio de Historia \u00d3rdenes Espa\u00f1olas"},"previousItem":{"@type":"ListItem","@id":"https:\/\/eldigitaldeasturias.com\/radio#listItem","name":"Inicio"}},{"@type":"ListItem","@id":"https:\/\/eldigitaldeasturias.com\/radio\/arranca-la-iii-edicion-del-premio-de-historia-ordenes-espanolas\/#listItem","position":3,"name":"Arranca la III edici\u00f3n del Premio de Historia \u00d3rdenes Espa\u00f1olas","previousItem":{"@type":"ListItem","@id":"https:\/\/eldigitaldeasturias.com\/radio\/category\/noticias\/#listItem","name":"Noticias"}}]},{"@type":"NewsArticle","@id":"https:\/\/eldigitaldeasturias.com\/radio\/arranca-la-iii-edicion-del-premio-de-historia-ordenes-espanolas\/#newsarticle","name":"Arranca la III edici\u00f3n del Premio de Historia \u00d3rdenes Espa\u00f1olas | El Digital de Asturias","headline":"Arranca la III edici\u00f3n del Premio de Historia \u00d3rdenes Espa\u00f1olas","author":{"@id":"https:\/\/eldigitaldeasturias.com\/radio\/author\/nbasturias\/#author"},"publisher":{"@id":"https:\/\/eldigitaldeasturias.com\/radio\/#organization"},"image":{"@type":"ImageObject","url":"https:\/\/eldigitaldeasturias.com\/radio\/wp-content\/uploads\/2019\/10\/1571749311_Don_Juan_Carlos_entrega_el_Premio_O_rdenes_Espan_olas_al_historiador_Miguel_A_ngel_Ladero_Quesada_en_2019_Ca.jpg","width":1080,"height":675},"datePublished":"2019-10-26T03:09:17+02:00","dateModified":"2019-10-26T03:09:17+02:00","inLanguage":"es-ES","mainEntityOfPage":{"@id":"https:\/\/eldigitaldeasturias.com\/radio\/arranca-la-iii-edicion-del-premio-de-historia-ordenes-espanolas\/#webpage"},"isPartOf":{"@id":"https:\/\/eldigitaldeasturias.com\/radio\/arranca-la-iii-edicion-del-premio-de-historia-ordenes-espanolas\/#webpage"},"articleSection":"Noticias","dateline":"Publicado el octubre 26, 2019."},{"@type":"Organization","@id":"https:\/\/eldigitaldeasturias.com\/radio\/#organization","name":"El digital de Asturias Radio","description":"Diario de informaci\u00f3n y noticias","url":"https:\/\/eldigitaldeasturias.com\/radio\/","telephone":"+34652131393","logo":{"@type":"ImageObject","url":"https:\/\/www.eldigitaldeasturias.com\/radio\/wp-content\/uploads\/2021\/03\/EDA.jpg","@id":"https:\/\/eldigitaldeasturias.com\/radio\/arranca-la-iii-edicion-del-premio-de-historia-ordenes-espanolas\/#organizationLogo"},"image":{"@id":"https:\/\/eldigitaldeasturias.com\/radio\/arranca-la-iii-edicion-del-premio-de-historia-ordenes-espanolas\/#organizationLogo"},"sameAs":["https:\/\/www.facebook.com\/","https:\/\/x.com\/bercodi","https:\/\/www.instagram.com\/","https:\/\/www.youtube.com\/channel\/UCZP-2wLEB9Rv6erhFmqVnvg"]},{"@type":"Person","@id":"https:\/\/eldigitaldeasturias.com\/radio\/author\/nbasturias\/#author","url":"https:\/\/eldigitaldeasturias.com\/radio\/author\/nbasturias\/","name":"NBAsturias","image":{"@type":"ImageObject","@id":"https:\/\/eldigitaldeasturias.com\/radio\/arranca-la-iii-edicion-del-premio-de-historia-ordenes-espanolas\/#authorImage","url":"https:\/\/secure.gravatar.com\/avatar\/df2aeffc32bcd13f8d26072ef8a91b623d677766deac7f97ca815868cd41bf5e?s=96&d=mm&r=g","width":96,"height":96,"caption":"NBAsturias"}},{"@type":"WebPage","@id":"https:\/\/eldigitaldeasturias.com\/radio\/arranca-la-iii-edicion-del-premio-de-historia-ordenes-espanolas\/#webpage","url":"https:\/\/eldigitaldeasturias.com\/radio\/arranca-la-iii-edicion-del-premio-de-historia-ordenes-espanolas\/","name":"Arranca la III edici\u00f3n del Premio de Historia \u00d3rdenes Espa\u00f1olas | El Digital de Asturias","description":"Las \u00d3rdenes Espa\u00f1olas de Santiago, Calatrava, Alc\u00e1ntara y Montesa, instituciones de vasta tradici\u00f3n cuyo trabajo al servicio de la cultura es uno de sus rasgos distintivos, convocan la tercera edici\u00f3n del Premio de Historia \u00d3rdenes Espa\u00f1olas. Se trata de un galard\u00f3n creado en 2017, que naci\u00f3 con la vocaci\u00f3n de constituirse como un referente de","inLanguage":"es-ES","isPartOf":{"@id":"https:\/\/eldigitaldeasturias.com\/radio\/#website"},"breadcrumb":{"@id":"https:\/\/eldigitaldeasturias.com\/radio\/arranca-la-iii-edicion-del-premio-de-historia-ordenes-espanolas\/#breadcrumblist"},"author":{"@id":"https:\/\/eldigitaldeasturias.com\/radio\/author\/nbasturias\/#author"},"creator":{"@id":"https:\/\/eldigitaldeasturias.com\/radio\/author\/nbasturias\/#author"},"image":{"@type":"ImageObject","url":"https:\/\/eldigitaldeasturias.com\/radio\/wp-content\/uploads\/2019\/10\/1571749311_Don_Juan_Carlos_entrega_el_Premio_O_rdenes_Espan_olas_al_historiador_Miguel_A_ngel_Ladero_Quesada_en_2019_Ca.jpg","@id":"https:\/\/eldigitaldeasturias.com\/radio\/arranca-la-iii-edicion-del-premio-de-historia-ordenes-espanolas\/#mainImage","width":1080,"height":675},"primaryImageOfPage":{"@id":"https:\/\/eldigitaldeasturias.com\/radio\/arranca-la-iii-edicion-del-premio-de-historia-ordenes-espanolas\/#mainImage"},"datePublished":"2019-10-26T03:09:17+02:00","dateModified":"2019-10-26T03:09:17+02:00"},{"@type":"WebSite","@id":"https:\/\/eldigitaldeasturias.com\/radio\/#website","url":"https:\/\/eldigitaldeasturias.com\/radio\/","name":"El Digital de Asturias","description":"Diario de informaci\u00f3n y noticias","inLanguage":"es-ES","publisher":{"@id":"https:\/\/eldigitaldeasturias.com\/radio\/#organization"}}]},"og:locale":"es_ES","og:site_name":"El Digital de Asturias | Diario de informaci\u00f3n y noticias","og:type":"article","og:title":"Arranca la III edici\u00f3n del Premio de Historia \u00d3rdenes Espa\u00f1olas | El Digital de Asturias","og:description":"Las \u00d3rdenes Espa\u00f1olas de Santiago, Calatrava, Alc\u00e1ntara y Montesa, instituciones de vasta tradici\u00f3n cuyo trabajo al servicio de la cultura es uno de sus rasgos distintivos, convocan la tercera edici\u00f3n del Premio de Historia \u00d3rdenes Espa\u00f1olas. Se trata de un galard\u00f3n creado en 2017, que naci\u00f3 con la vocaci\u00f3n de constituirse como un referente de","og:url":"https:\/\/eldigitaldeasturias.com\/radio\/arranca-la-iii-edicion-del-premio-de-historia-ordenes-espanolas\/","og:image":"https:\/\/eldigitaldeasturias.com\/radio\/wp-content\/uploads\/2019\/10\/1571749311_Don_Juan_Carlos_entrega_el_Premio_O_rdenes_Espan_olas_al_historiador_Miguel_A_ngel_Ladero_Quesada_en_2019_Ca.jpg","og:image:secure_url":"https:\/\/eldigitaldeasturias.com\/radio\/wp-content\/uploads\/2019\/10\/1571749311_Don_Juan_Carlos_entrega_el_Premio_O_rdenes_Espan_olas_al_historiador_Miguel_A_ngel_Ladero_Quesada_en_2019_Ca.jpg","og:image:width":1080,"og:image:height":675,"article:published_time":"2019-10-26T03:09:17+00:00","article:modified_time":"2019-10-26T03:09:17+00:00","twitter:card":"summary_large_image","twitter:site":"@bercodi","twitter:title":"Arranca la III edici\u00f3n del Premio de Historia \u00d3rdenes Espa\u00f1olas | El Digital de Asturias","twitter:description":"Las \u00d3rdenes Espa\u00f1olas de Santiago, Calatrava, Alc\u00e1ntara y Montesa, instituciones de vasta tradici\u00f3n cuyo trabajo al servicio de la cultura es uno de sus rasgos distintivos, convocan la tercera edici\u00f3n del Premio de Historia \u00d3rdenes Espa\u00f1olas. Se trata de un galard\u00f3n creado en 2017, que naci\u00f3 con la vocaci\u00f3n de constituirse como un referente de","twitter:creator":"@bercodi","twitter:image":"https:\/\/eldigitaldeasturias.com\/radio\/wp-content\/uploads\/2019\/10\/1571749311_Don_Juan_Carlos_entrega_el_Premio_O_rdenes_Espan_olas_al_historiador_Miguel_A_ngel_Ladero_Quesada_en_2019_Ca.jpg"},"aioseo_meta_data":{"post_id":"3359","title":null,"description":null,"keywords":null,"keyphrases":null,"primary_term":null,"canonical_url":null,"og_title":null,"og_description":null,"og_object_type":"default","og_image_type":"default","og_image_url":null,"og_image_width":null,"og_image_height":null,"og_image_custom_url":null,"og_image_custom_fields":null,"og_video":null,"og_custom_url":null,"og_article_section":null,"og_article_tags":null,"twitter_use_og":false,"twitter_card":"default","twitter_image_type":"default","twitter_image_url":null,"twitter_image_custom_url":null,"twitter_image_custom_fields":null,"twitter_title":null,"twitter_description":null,"schema":{"blockGraphs":[],"customGraphs":[],"default":{"data":{"Article":[],"Course":[],"Dataset":[],"FAQPage":[],"Movie":[],"Person":[],"Product":[],"ProductReview":[],"Car":[],"Recipe":[],"Service":[],"SoftwareApplication":[],"WebPage":[]},"graphName":"","isEnabled":true},"graphs":[],"defaultGraph":"","defaultPostTypeGraph":""},"schema_type":null,"schema_type_options":null,"pillar_content":false,"robots_default":true,"robots_noindex":false,"robots_noarchive":false,"robots_nosnippet":false,"robots_nofollow":false,"robots_noimageindex":false,"robots_noodp":false,"robots_notranslate":false,"robots_max_snippet":null,"robots_max_videopreview":null,"robots_max_imagepreview":"large","priority":null,"frequency":null,"location":null,"local_seo":null,"seo_analyzer_scan_date":"2025-08-28 14:06:26","breadcrumb_settings":null,"limit_modified_date":false,"open_ai":null,"ai":null,"created":"2021-03-27 12:20:21","updated":"2025-08-28 14:06:26"},"aioseo_breadcrumb":"<div class=\"aioseo-breadcrumbs\"><span class=\"aioseo-breadcrumb\">\n\t<a href=\"https:\/\/eldigitaldeasturias.com\/radio\" title=\"Inicio\">Inicio<\/a>\n<\/span><span class=\"aioseo-breadcrumb-separator\">&ndash;<\/span><span class=\"aioseo-breadcrumb\">\n\t<a href=\"https:\/\/eldigitaldeasturias.com\/radio\/category\/noticias\/\" title=\"Noticias\">Noticias<\/a>\n<\/span><span class=\"aioseo-breadcrumb-separator\">&ndash;<\/span><span class=\"aioseo-breadcrumb\">\n\tArranca la III edici\u00f3n del Premio de Historia \u00d3rdenes Espa\u00f1olas\n<\/span><\/div>","aioseo_breadcrumb_json":[{"label":"Inicio","link":"https:\/\/eldigitaldeasturias.com\/radio"},{"label":"Noticias","link":"https:\/\/eldigitaldeasturias.com\/radio\/category\/noticias\/"},{"label":"Arranca la III edici\u00f3n del Premio de Historia \u00d3rdenes Espa\u00f1olas","link":"https:\/\/eldigitaldeasturias.com\/radio\/arranca-la-iii-edicion-del-premio-de-historia-ordenes-espanolas\/"}],"_links":{"self":[{"href":"https:\/\/eldigitaldeasturias.com\/radio\/wp-json\/wp\/v2\/posts\/3359","targetHints":{"allow":["GET"]}}],"collection":[{"href":"https:\/\/eldigitaldeasturias.com\/radio\/wp-json\/wp\/v2\/posts"}],"about":[{"href":"https:\/\/eldigitaldeasturias.com\/radio\/wp-json\/wp\/v2\/types\/post"}],"author":[{"embeddable":true,"href":"https:\/\/eldigitaldeasturias.com\/radio\/wp-json\/wp\/v2\/users\/1"}],"replies":[{"embeddable":true,"href":"https:\/\/eldigitaldeasturias.com\/radio\/wp-json\/wp\/v2\/comments?post=3359"}],"version-history":[{"count":0,"href":"https:\/\/eldigitaldeasturias.com\/radio\/wp-json\/wp\/v2\/posts\/3359\/revisions"}],"wp:featuredmedia":[{"embeddable":true,"href":"https:\/\/eldigitaldeasturias.com\/radio\/wp-json\/wp\/v2\/media\/3360"}],"wp:attachment":[{"href":"https:\/\/eldigitaldeasturias.com\/radio\/wp-json\/wp\/v2\/media?parent=3359"}],"wp:term":[{"taxonomy":"category","embeddable":true,"href":"https:\/\/eldigitaldeasturias.com\/radio\/wp-json\/wp\/v2\/categories?post=3359"},{"taxonomy":"post_tag","embeddable":true,"href":"https:\/\/eldigitaldeasturias.com\/radio\/wp-json\/wp\/v2\/tags?post=3359"}],"curies":[{"name":"wp","href":"https:\/\/api.w.org\/{rel}","templated":true}]}}