{"id":3353,"date":"2019-10-26T02:53:47","date_gmt":"2019-10-26T02:53:47","guid":{"rendered":"http:\/\/eldigitaldeasturias.com\/radio\/?p=3353"},"modified":"2019-10-26T02:53:47","modified_gmt":"2019-10-26T02:53:47","slug":"tui-lanza-una-ambiciosa-campana-para-promocionar-costa-rica","status":"publish","type":"post","link":"https:\/\/eldigitaldeasturias.com\/radio\/tui-lanza-una-ambiciosa-campana-para-promocionar-costa-rica\/","title":{"rendered":"TUI lanza una ambiciosa campa\u00f1a para promocionar Costa Rica"},"content":{"rendered":"<p><img fetchpriority=\"high\" decoding=\"async\" class=\"alignleft size-medium wp-image-3354\" src=\"https:\/\/eldigitaldeasturias.com\/radio\/wp-content\/uploads\/2019\/10\/1571675007_TUI_Feria_de_MAdrid_Enlace_12_-360x270.jpg\" alt=\"\" width=\"360\" height=\"270\" srcset=\"https:\/\/eldigitaldeasturias.com\/radio\/wp-content\/uploads\/2019\/10\/1571675007_TUI_Feria_de_MAdrid_Enlace_12_-360x270.jpg 360w, https:\/\/eldigitaldeasturias.com\/radio\/wp-content\/uploads\/2019\/10\/1571675007_TUI_Feria_de_MAdrid_Enlace_12_-1024x768.jpg 1024w, https:\/\/eldigitaldeasturias.com\/radio\/wp-content\/uploads\/2019\/10\/1571675007_TUI_Feria_de_MAdrid_Enlace_12_-768x576.jpg 768w, https:\/\/eldigitaldeasturias.com\/radio\/wp-content\/uploads\/2019\/10\/1571675007_TUI_Feria_de_MAdrid_Enlace_12_-1536x1152.jpg 1536w, https:\/\/eldigitaldeasturias.com\/radio\/wp-content\/uploads\/2019\/10\/1571675007_TUI_Feria_de_MAdrid_Enlace_12_.jpg 1600w\" sizes=\"(max-width: 360px) 100vw, 360px\" \/>Costa Rica es uno de los pa\u00edses m\u00e1s felices del mundo, y que cuenta con el 6% de la biodiversidad del planeta, lo que le ha convertido en uno de los destinos de referencia en grandes viajes. Y as\u00ed lo perciben los miles de espa\u00f1oles que cada a\u00f1o eligen pasar sus vacaciones en este para\u00edso tropical. Senderos de ensue\u00f1o que conducen a cascadas, lagos, cr\u00e1teres o playas bordeadas de selva. Ya sea a caballo, a pie o en kayak, Costa Rica es pura vida con todo tipo de aventuras para escoger.<\/p>\n<p>Coincidiendo con la feria 1001 Bodas que se celebrar\u00e1 en Madrid del 25 al 27 de octubre, una cita clave a nivel nacional para la oferta nupcial,\u00a0<strong>TUI<\/strong>, junto con la marca de pa\u00eds Esencial Costa Rica, deleita a los usuarios del Metro que en octubre pasen por la estaci\u00f3n Feria de Madrid con im\u00e1genes del destino, transmitiendo los valores que ofrece este bello pa\u00eds: playas, naturaleza salvaje, adrenalina, aventura, relax, etc.\u00a0Bajo el concepto creativo \u201cTodo comienza con un #PuraVida\u201d, la campa\u00f1a incluye creatividades en distintos medios y soportes, como telva.com, Zankyou o Social Media.<\/p>\n<p>Aunque la campa\u00f1a no solo se limita al segmento novios, sino que tambi\u00e9n llega a las familias con precios muy atractivos. Los transe\u00fantes de Barcelona y los usuarios de AVE de Sevilla podr\u00e1n disfrutar de la campa\u00f1a \u201cExperiencias #PuraVida en familia\u201d, adem\u00e1s de publireportajes en la revista Viajar y Sapos y Princesas.<\/p>\n<p>En definitiva, se trata de una campa\u00f1a 360\u00ba, que a\u00fana medios tradicionales y digitales, dirigida al consumidor final y segmentada en dos targets diferenciados: lunas de miel y viajes en familia.<\/p>\n<p>Una gran oportunidad para planificar el pr\u00f3ximo viaje.<\/p>\n","protected":false},"excerpt":{"rendered":"<p>Costa Rica es uno de los pa\u00edses m\u00e1s felices del mundo, y que cuenta con el 6% de la biodiversidad del planeta, lo que le ha convertido en uno de los destinos de referencia en grandes viajes. Y as\u00ed lo perciben los miles de espa\u00f1oles que cada a\u00f1o eligen pasar sus vacaciones en este para\u00edso<\/p>\n","protected":false},"author":1,"featured_media":3354,"comment_status":"closed","ping_status":"closed","sticky":false,"template":"","format":"standard","meta":{"footnotes":""},"categories":[34],"tags":[],"class_list":{"0":"post-3353","1":"post","2":"type-post","3":"status-publish","4":"format-standard","5":"has-post-thumbnail","7":"category-turismo"},"aioseo_notices":[],"aioseo_head":"\n\t\t<!-- All in One SEO Pro 4.9.6.2 - aioseo.com -->\n\t<meta name=\"description\" content=\"Costa Rica es uno de los pa\u00edses m\u00e1s felices del mundo, y que cuenta con el 6% de la biodiversidad del planeta, lo que le ha convertido en uno de los destinos de referencia en grandes viajes. Y as\u00ed lo perciben los miles de espa\u00f1oles que cada a\u00f1o eligen pasar sus vacaciones en este para\u00edso\" \/>\n\t<meta name=\"robots\" content=\"max-image-preview:large\" \/>\n\t<meta name=\"author\" content=\"NBAsturias\"\/>\n\t<meta name=\"google-site-verification\" content=\"UA-38556648-1\" \/>\n\t<meta name=\"keywords\" content=\"turismo\" \/>\n\t<link rel=\"canonical\" href=\"https:\/\/eldigitaldeasturias.com\/radio\/tui-lanza-una-ambiciosa-campana-para-promocionar-costa-rica\/\" \/>\n\t<meta name=\"generator\" content=\"All in One SEO Pro (AIOSEO) 4.9.6.2\" \/>\n\t\t<meta property=\"og:locale\" content=\"es_ES\" \/>\n\t\t<meta property=\"og:site_name\" content=\"El Digital de Asturias | Diario de informaci\u00f3n y noticias\" \/>\n\t\t<meta property=\"og:type\" content=\"article\" \/>\n\t\t<meta property=\"og:title\" content=\"TUI lanza una ambiciosa campa\u00f1a para promocionar Costa Rica | El Digital de Asturias\" \/>\n\t\t<meta property=\"og:description\" content=\"Costa Rica es uno de los pa\u00edses m\u00e1s felices del mundo, y que cuenta con el 6% de la biodiversidad del planeta, lo que le ha convertido en uno de los destinos de referencia en grandes viajes. Y as\u00ed lo perciben los miles de espa\u00f1oles que cada a\u00f1o eligen pasar sus vacaciones en este para\u00edso\" \/>\n\t\t<meta property=\"og:url\" content=\"https:\/\/eldigitaldeasturias.com\/radio\/tui-lanza-una-ambiciosa-campana-para-promocionar-costa-rica\/\" \/>\n\t\t<meta property=\"og:image\" content=\"https:\/\/eldigitaldeasturias.com\/radio\/wp-content\/uploads\/2019\/10\/1571675007_TUI_Feria_de_MAdrid_Enlace_12_.jpg\" \/>\n\t\t<meta property=\"og:image:secure_url\" content=\"https:\/\/eldigitaldeasturias.com\/radio\/wp-content\/uploads\/2019\/10\/1571675007_TUI_Feria_de_MAdrid_Enlace_12_.jpg\" \/>\n\t\t<meta property=\"og:image:width\" content=\"1600\" \/>\n\t\t<meta property=\"og:image:height\" content=\"1200\" \/>\n\t\t<meta property=\"article:published_time\" content=\"2019-10-26T02:53:47+00:00\" \/>\n\t\t<meta property=\"article:modified_time\" content=\"2019-10-26T02:53:47+00:00\" \/>\n\t\t<meta name=\"twitter:card\" content=\"summary_large_image\" \/>\n\t\t<meta name=\"twitter:site\" content=\"@bercodi\" \/>\n\t\t<meta name=\"twitter:title\" content=\"TUI lanza una ambiciosa campa\u00f1a para promocionar Costa Rica | El Digital de Asturias\" \/>\n\t\t<meta name=\"twitter:description\" content=\"Costa Rica es uno de los pa\u00edses m\u00e1s felices del mundo, y que cuenta con el 6% de la biodiversidad del planeta, lo que le ha convertido en uno de los destinos de referencia en grandes viajes. Y as\u00ed lo perciben los miles de espa\u00f1oles que cada a\u00f1o eligen pasar sus vacaciones en este para\u00edso\" \/>\n\t\t<meta name=\"twitter:creator\" content=\"@bercodi\" \/>\n\t\t<meta name=\"twitter:image\" content=\"https:\/\/eldigitaldeasturias.com\/radio\/wp-content\/uploads\/2019\/10\/1571675007_TUI_Feria_de_MAdrid_Enlace_12_.jpg\" \/>\n\t\t<script type=\"application\/ld+json\" class=\"aioseo-schema\">\n\t\t\t{\"@context\":\"https:\\\/\\\/schema.org\",\"@graph\":[{\"@type\":\"BreadcrumbList\",\"@id\":\"https:\\\/\\\/eldigitaldeasturias.com\\\/radio\\\/tui-lanza-una-ambiciosa-campana-para-promocionar-costa-rica\\\/#breadcrumblist\",\"itemListElement\":[{\"@type\":\"ListItem\",\"@id\":\"https:\\\/\\\/eldigitaldeasturias.com\\\/radio#listItem\",\"position\":1,\"name\":\"Inicio\",\"item\":\"https:\\\/\\\/eldigitaldeasturias.com\\\/radio\",\"nextItem\":{\"@type\":\"ListItem\",\"@id\":\"https:\\\/\\\/eldigitaldeasturias.com\\\/radio\\\/category\\\/turismo\\\/#listItem\",\"name\":\"Turismo\"}},{\"@type\":\"ListItem\",\"@id\":\"https:\\\/\\\/eldigitaldeasturias.com\\\/radio\\\/category\\\/turismo\\\/#listItem\",\"position\":2,\"name\":\"Turismo\",\"item\":\"https:\\\/\\\/eldigitaldeasturias.com\\\/radio\\\/category\\\/turismo\\\/\",\"nextItem\":{\"@type\":\"ListItem\",\"@id\":\"https:\\\/\\\/eldigitaldeasturias.com\\\/radio\\\/tui-lanza-una-ambiciosa-campana-para-promocionar-costa-rica\\\/#listItem\",\"name\":\"TUI lanza una ambiciosa campa\\u00f1a para promocionar Costa Rica\"},\"previousItem\":{\"@type\":\"ListItem\",\"@id\":\"https:\\\/\\\/eldigitaldeasturias.com\\\/radio#listItem\",\"name\":\"Inicio\"}},{\"@type\":\"ListItem\",\"@id\":\"https:\\\/\\\/eldigitaldeasturias.com\\\/radio\\\/tui-lanza-una-ambiciosa-campana-para-promocionar-costa-rica\\\/#listItem\",\"position\":3,\"name\":\"TUI lanza una ambiciosa campa\\u00f1a para promocionar Costa Rica\",\"previousItem\":{\"@type\":\"ListItem\",\"@id\":\"https:\\\/\\\/eldigitaldeasturias.com\\\/radio\\\/category\\\/turismo\\\/#listItem\",\"name\":\"Turismo\"}}]},{\"@type\":\"NewsArticle\",\"@id\":\"https:\\\/\\\/eldigitaldeasturias.com\\\/radio\\\/tui-lanza-una-ambiciosa-campana-para-promocionar-costa-rica\\\/#newsarticle\",\"name\":\"TUI lanza una ambiciosa campa\\u00f1a para promocionar Costa Rica | El Digital de Asturias\",\"headline\":\"TUI lanza una ambiciosa campa\\u00f1a para promocionar Costa Rica\",\"author\":{\"@id\":\"https:\\\/\\\/eldigitaldeasturias.com\\\/radio\\\/author\\\/nbasturias\\\/#author\"},\"publisher\":{\"@id\":\"https:\\\/\\\/eldigitaldeasturias.com\\\/radio\\\/#organization\"},\"image\":{\"@type\":\"ImageObject\",\"url\":\"https:\\\/\\\/eldigitaldeasturias.com\\\/radio\\\/wp-content\\\/uploads\\\/2019\\\/10\\\/1571675007_TUI_Feria_de_MAdrid_Enlace_12_.jpg\",\"width\":1600,\"height\":1200},\"datePublished\":\"2019-10-26T02:53:47+02:00\",\"dateModified\":\"2019-10-26T02:53:47+02:00\",\"inLanguage\":\"es-ES\",\"mainEntityOfPage\":{\"@id\":\"https:\\\/\\\/eldigitaldeasturias.com\\\/radio\\\/tui-lanza-una-ambiciosa-campana-para-promocionar-costa-rica\\\/#webpage\"},\"isPartOf\":{\"@id\":\"https:\\\/\\\/eldigitaldeasturias.com\\\/radio\\\/tui-lanza-una-ambiciosa-campana-para-promocionar-costa-rica\\\/#webpage\"},\"articleSection\":\"Turismo\",\"dateline\":\"Publicado el octubre 26, 2019.\"},{\"@type\":\"Organization\",\"@id\":\"https:\\\/\\\/eldigitaldeasturias.com\\\/radio\\\/#organization\",\"name\":\"El digital de Asturias Radio\",\"description\":\"Diario de informaci\\u00f3n y noticias\",\"url\":\"https:\\\/\\\/eldigitaldeasturias.com\\\/radio\\\/\",\"telephone\":\"+34652131393\",\"logo\":{\"@type\":\"ImageObject\",\"url\":\"https:\\\/\\\/www.eldigitaldeasturias.com\\\/radio\\\/wp-content\\\/uploads\\\/2021\\\/03\\\/EDA.jpg\",\"@id\":\"https:\\\/\\\/eldigitaldeasturias.com\\\/radio\\\/tui-lanza-una-ambiciosa-campana-para-promocionar-costa-rica\\\/#organizationLogo\"},\"image\":{\"@id\":\"https:\\\/\\\/eldigitaldeasturias.com\\\/radio\\\/tui-lanza-una-ambiciosa-campana-para-promocionar-costa-rica\\\/#organizationLogo\"},\"sameAs\":[\"https:\\\/\\\/www.facebook.com\\\/\",\"https:\\\/\\\/x.com\\\/bercodi\",\"https:\\\/\\\/www.instagram.com\\\/\",\"https:\\\/\\\/www.youtube.com\\\/channel\\\/UCZP-2wLEB9Rv6erhFmqVnvg\"]},{\"@type\":\"Person\",\"@id\":\"https:\\\/\\\/eldigitaldeasturias.com\\\/radio\\\/author\\\/nbasturias\\\/#author\",\"url\":\"https:\\\/\\\/eldigitaldeasturias.com\\\/radio\\\/author\\\/nbasturias\\\/\",\"name\":\"NBAsturias\",\"image\":{\"@type\":\"ImageObject\",\"@id\":\"https:\\\/\\\/eldigitaldeasturias.com\\\/radio\\\/tui-lanza-una-ambiciosa-campana-para-promocionar-costa-rica\\\/#authorImage\",\"url\":\"https:\\\/\\\/secure.gravatar.com\\\/avatar\\\/df2aeffc32bcd13f8d26072ef8a91b623d677766deac7f97ca815868cd41bf5e?s=96&d=mm&r=g\",\"width\":96,\"height\":96,\"caption\":\"NBAsturias\"}},{\"@type\":\"WebPage\",\"@id\":\"https:\\\/\\\/eldigitaldeasturias.com\\\/radio\\\/tui-lanza-una-ambiciosa-campana-para-promocionar-costa-rica\\\/#webpage\",\"url\":\"https:\\\/\\\/eldigitaldeasturias.com\\\/radio\\\/tui-lanza-una-ambiciosa-campana-para-promocionar-costa-rica\\\/\",\"name\":\"TUI lanza una ambiciosa campa\\u00f1a para promocionar Costa Rica | El Digital de Asturias\",\"description\":\"Costa Rica es uno de los pa\\u00edses m\\u00e1s felices del mundo, y que cuenta con el 6% de la biodiversidad del planeta, lo que le ha convertido en uno de los destinos de referencia en grandes viajes. Y as\\u00ed lo perciben los miles de espa\\u00f1oles que cada a\\u00f1o eligen pasar sus vacaciones en este para\\u00edso\",\"inLanguage\":\"es-ES\",\"isPartOf\":{\"@id\":\"https:\\\/\\\/eldigitaldeasturias.com\\\/radio\\\/#website\"},\"breadcrumb\":{\"@id\":\"https:\\\/\\\/eldigitaldeasturias.com\\\/radio\\\/tui-lanza-una-ambiciosa-campana-para-promocionar-costa-rica\\\/#breadcrumblist\"},\"author\":{\"@id\":\"https:\\\/\\\/eldigitaldeasturias.com\\\/radio\\\/author\\\/nbasturias\\\/#author\"},\"creator\":{\"@id\":\"https:\\\/\\\/eldigitaldeasturias.com\\\/radio\\\/author\\\/nbasturias\\\/#author\"},\"image\":{\"@type\":\"ImageObject\",\"url\":\"https:\\\/\\\/eldigitaldeasturias.com\\\/radio\\\/wp-content\\\/uploads\\\/2019\\\/10\\\/1571675007_TUI_Feria_de_MAdrid_Enlace_12_.jpg\",\"@id\":\"https:\\\/\\\/eldigitaldeasturias.com\\\/radio\\\/tui-lanza-una-ambiciosa-campana-para-promocionar-costa-rica\\\/#mainImage\",\"width\":1600,\"height\":1200},\"primaryImageOfPage\":{\"@id\":\"https:\\\/\\\/eldigitaldeasturias.com\\\/radio\\\/tui-lanza-una-ambiciosa-campana-para-promocionar-costa-rica\\\/#mainImage\"},\"datePublished\":\"2019-10-26T02:53:47+02:00\",\"dateModified\":\"2019-10-26T02:53:47+02:00\"},{\"@type\":\"WebSite\",\"@id\":\"https:\\\/\\\/eldigitaldeasturias.com\\\/radio\\\/#website\",\"url\":\"https:\\\/\\\/eldigitaldeasturias.com\\\/radio\\\/\",\"name\":\"El Digital de Asturias\",\"description\":\"Diario de informaci\\u00f3n y noticias\",\"inLanguage\":\"es-ES\",\"publisher\":{\"@id\":\"https:\\\/\\\/eldigitaldeasturias.com\\\/radio\\\/#organization\"}}]}\n\t\t<\/script>\n\t\t<!-- All in One SEO Pro -->\r\n\t\t<title>TUI lanza una ambiciosa campa\u00f1a para promocionar Costa Rica | El Digital de Asturias<\/title>\n\n","aioseo_head_json":{"title":"TUI lanza una ambiciosa campa\u00f1a para promocionar Costa Rica | El Digital de Asturias","description":"Costa Rica es uno de los pa\u00edses m\u00e1s felices del mundo, y que cuenta con el 6% de la biodiversidad del planeta, lo que le ha convertido en uno de los destinos de referencia en grandes viajes. Y as\u00ed lo perciben los miles de espa\u00f1oles que cada a\u00f1o eligen pasar sus vacaciones en este para\u00edso","canonical_url":"https:\/\/eldigitaldeasturias.com\/radio\/tui-lanza-una-ambiciosa-campana-para-promocionar-costa-rica\/","robots":"max-image-preview:large","keywords":"turismo","webmasterTools":{"google-site-verification":"UA-38556648-1","miscellaneous":""},"schema":{"@context":"https:\/\/schema.org","@graph":[{"@type":"BreadcrumbList","@id":"https:\/\/eldigitaldeasturias.com\/radio\/tui-lanza-una-ambiciosa-campana-para-promocionar-costa-rica\/#breadcrumblist","itemListElement":[{"@type":"ListItem","@id":"https:\/\/eldigitaldeasturias.com\/radio#listItem","position":1,"name":"Inicio","item":"https:\/\/eldigitaldeasturias.com\/radio","nextItem":{"@type":"ListItem","@id":"https:\/\/eldigitaldeasturias.com\/radio\/category\/turismo\/#listItem","name":"Turismo"}},{"@type":"ListItem","@id":"https:\/\/eldigitaldeasturias.com\/radio\/category\/turismo\/#listItem","position":2,"name":"Turismo","item":"https:\/\/eldigitaldeasturias.com\/radio\/category\/turismo\/","nextItem":{"@type":"ListItem","@id":"https:\/\/eldigitaldeasturias.com\/radio\/tui-lanza-una-ambiciosa-campana-para-promocionar-costa-rica\/#listItem","name":"TUI lanza una ambiciosa campa\u00f1a para promocionar Costa Rica"},"previousItem":{"@type":"ListItem","@id":"https:\/\/eldigitaldeasturias.com\/radio#listItem","name":"Inicio"}},{"@type":"ListItem","@id":"https:\/\/eldigitaldeasturias.com\/radio\/tui-lanza-una-ambiciosa-campana-para-promocionar-costa-rica\/#listItem","position":3,"name":"TUI lanza una ambiciosa campa\u00f1a para promocionar Costa Rica","previousItem":{"@type":"ListItem","@id":"https:\/\/eldigitaldeasturias.com\/radio\/category\/turismo\/#listItem","name":"Turismo"}}]},{"@type":"NewsArticle","@id":"https:\/\/eldigitaldeasturias.com\/radio\/tui-lanza-una-ambiciosa-campana-para-promocionar-costa-rica\/#newsarticle","name":"TUI lanza una ambiciosa campa\u00f1a para promocionar Costa Rica | El Digital de Asturias","headline":"TUI lanza una ambiciosa campa\u00f1a para promocionar Costa Rica","author":{"@id":"https:\/\/eldigitaldeasturias.com\/radio\/author\/nbasturias\/#author"},"publisher":{"@id":"https:\/\/eldigitaldeasturias.com\/radio\/#organization"},"image":{"@type":"ImageObject","url":"https:\/\/eldigitaldeasturias.com\/radio\/wp-content\/uploads\/2019\/10\/1571675007_TUI_Feria_de_MAdrid_Enlace_12_.jpg","width":1600,"height":1200},"datePublished":"2019-10-26T02:53:47+02:00","dateModified":"2019-10-26T02:53:47+02:00","inLanguage":"es-ES","mainEntityOfPage":{"@id":"https:\/\/eldigitaldeasturias.com\/radio\/tui-lanza-una-ambiciosa-campana-para-promocionar-costa-rica\/#webpage"},"isPartOf":{"@id":"https:\/\/eldigitaldeasturias.com\/radio\/tui-lanza-una-ambiciosa-campana-para-promocionar-costa-rica\/#webpage"},"articleSection":"Turismo","dateline":"Publicado el octubre 26, 2019."},{"@type":"Organization","@id":"https:\/\/eldigitaldeasturias.com\/radio\/#organization","name":"El digital de Asturias Radio","description":"Diario de informaci\u00f3n y noticias","url":"https:\/\/eldigitaldeasturias.com\/radio\/","telephone":"+34652131393","logo":{"@type":"ImageObject","url":"https:\/\/www.eldigitaldeasturias.com\/radio\/wp-content\/uploads\/2021\/03\/EDA.jpg","@id":"https:\/\/eldigitaldeasturias.com\/radio\/tui-lanza-una-ambiciosa-campana-para-promocionar-costa-rica\/#organizationLogo"},"image":{"@id":"https:\/\/eldigitaldeasturias.com\/radio\/tui-lanza-una-ambiciosa-campana-para-promocionar-costa-rica\/#organizationLogo"},"sameAs":["https:\/\/www.facebook.com\/","https:\/\/x.com\/bercodi","https:\/\/www.instagram.com\/","https:\/\/www.youtube.com\/channel\/UCZP-2wLEB9Rv6erhFmqVnvg"]},{"@type":"Person","@id":"https:\/\/eldigitaldeasturias.com\/radio\/author\/nbasturias\/#author","url":"https:\/\/eldigitaldeasturias.com\/radio\/author\/nbasturias\/","name":"NBAsturias","image":{"@type":"ImageObject","@id":"https:\/\/eldigitaldeasturias.com\/radio\/tui-lanza-una-ambiciosa-campana-para-promocionar-costa-rica\/#authorImage","url":"https:\/\/secure.gravatar.com\/avatar\/df2aeffc32bcd13f8d26072ef8a91b623d677766deac7f97ca815868cd41bf5e?s=96&d=mm&r=g","width":96,"height":96,"caption":"NBAsturias"}},{"@type":"WebPage","@id":"https:\/\/eldigitaldeasturias.com\/radio\/tui-lanza-una-ambiciosa-campana-para-promocionar-costa-rica\/#webpage","url":"https:\/\/eldigitaldeasturias.com\/radio\/tui-lanza-una-ambiciosa-campana-para-promocionar-costa-rica\/","name":"TUI lanza una ambiciosa campa\u00f1a para promocionar Costa Rica | El Digital de Asturias","description":"Costa Rica es uno de los pa\u00edses m\u00e1s felices del mundo, y que cuenta con el 6% de la biodiversidad del planeta, lo que le ha convertido en uno de los destinos de referencia en grandes viajes. Y as\u00ed lo perciben los miles de espa\u00f1oles que cada a\u00f1o eligen pasar sus vacaciones en este para\u00edso","inLanguage":"es-ES","isPartOf":{"@id":"https:\/\/eldigitaldeasturias.com\/radio\/#website"},"breadcrumb":{"@id":"https:\/\/eldigitaldeasturias.com\/radio\/tui-lanza-una-ambiciosa-campana-para-promocionar-costa-rica\/#breadcrumblist"},"author":{"@id":"https:\/\/eldigitaldeasturias.com\/radio\/author\/nbasturias\/#author"},"creator":{"@id":"https:\/\/eldigitaldeasturias.com\/radio\/author\/nbasturias\/#author"},"image":{"@type":"ImageObject","url":"https:\/\/eldigitaldeasturias.com\/radio\/wp-content\/uploads\/2019\/10\/1571675007_TUI_Feria_de_MAdrid_Enlace_12_.jpg","@id":"https:\/\/eldigitaldeasturias.com\/radio\/tui-lanza-una-ambiciosa-campana-para-promocionar-costa-rica\/#mainImage","width":1600,"height":1200},"primaryImageOfPage":{"@id":"https:\/\/eldigitaldeasturias.com\/radio\/tui-lanza-una-ambiciosa-campana-para-promocionar-costa-rica\/#mainImage"},"datePublished":"2019-10-26T02:53:47+02:00","dateModified":"2019-10-26T02:53:47+02:00"},{"@type":"WebSite","@id":"https:\/\/eldigitaldeasturias.com\/radio\/#website","url":"https:\/\/eldigitaldeasturias.com\/radio\/","name":"El Digital de Asturias","description":"Diario de informaci\u00f3n y noticias","inLanguage":"es-ES","publisher":{"@id":"https:\/\/eldigitaldeasturias.com\/radio\/#organization"}}]},"og:locale":"es_ES","og:site_name":"El Digital de Asturias | Diario de informaci\u00f3n y noticias","og:type":"article","og:title":"TUI lanza una ambiciosa campa\u00f1a para promocionar Costa Rica | El Digital de Asturias","og:description":"Costa Rica es uno de los pa\u00edses m\u00e1s felices del mundo, y que cuenta con el 6% de la biodiversidad del planeta, lo que le ha convertido en uno de los destinos de referencia en grandes viajes. Y as\u00ed lo perciben los miles de espa\u00f1oles que cada a\u00f1o eligen pasar sus vacaciones en este para\u00edso","og:url":"https:\/\/eldigitaldeasturias.com\/radio\/tui-lanza-una-ambiciosa-campana-para-promocionar-costa-rica\/","og:image":"https:\/\/eldigitaldeasturias.com\/radio\/wp-content\/uploads\/2019\/10\/1571675007_TUI_Feria_de_MAdrid_Enlace_12_.jpg","og:image:secure_url":"https:\/\/eldigitaldeasturias.com\/radio\/wp-content\/uploads\/2019\/10\/1571675007_TUI_Feria_de_MAdrid_Enlace_12_.jpg","og:image:width":1600,"og:image:height":1200,"article:published_time":"2019-10-26T02:53:47+00:00","article:modified_time":"2019-10-26T02:53:47+00:00","twitter:card":"summary_large_image","twitter:site":"@bercodi","twitter:title":"TUI lanza una ambiciosa campa\u00f1a para promocionar Costa Rica | El Digital de Asturias","twitter:description":"Costa Rica es uno de los pa\u00edses m\u00e1s felices del mundo, y que cuenta con el 6% de la biodiversidad del planeta, lo que le ha convertido en uno de los destinos de referencia en grandes viajes. Y as\u00ed lo perciben los miles de espa\u00f1oles que cada a\u00f1o eligen pasar sus vacaciones en este para\u00edso","twitter:creator":"@bercodi","twitter:image":"https:\/\/eldigitaldeasturias.com\/radio\/wp-content\/uploads\/2019\/10\/1571675007_TUI_Feria_de_MAdrid_Enlace_12_.jpg"},"aioseo_meta_data":{"post_id":"3353","title":null,"description":null,"keywords":null,"keyphrases":null,"primary_term":null,"canonical_url":null,"og_title":null,"og_description":null,"og_object_type":"default","og_image_type":"default","og_image_url":null,"og_image_width":null,"og_image_height":null,"og_image_custom_url":null,"og_image_custom_fields":null,"og_video":null,"og_custom_url":null,"og_article_section":null,"og_article_tags":null,"twitter_use_og":false,"twitter_card":"default","twitter_image_type":"default","twitter_image_url":null,"twitter_image_custom_url":null,"twitter_image_custom_fields":null,"twitter_title":null,"twitter_description":null,"schema":{"blockGraphs":[],"customGraphs":[],"default":{"data":{"Article":[],"Course":[],"Dataset":[],"FAQPage":[],"Movie":[],"Person":[],"Product":[],"ProductReview":[],"Car":[],"Recipe":[],"Service":[],"SoftwareApplication":[],"WebPage":[]},"graphName":"","isEnabled":true},"graphs":[],"defaultGraph":"","defaultPostTypeGraph":""},"schema_type":null,"schema_type_options":null,"pillar_content":false,"robots_default":true,"robots_noindex":false,"robots_noarchive":false,"robots_nosnippet":false,"robots_nofollow":false,"robots_noimageindex":false,"robots_noodp":false,"robots_notranslate":false,"robots_max_snippet":null,"robots_max_videopreview":null,"robots_max_imagepreview":"large","priority":null,"frequency":null,"location":null,"local_seo":null,"seo_analyzer_scan_date":"2025-08-28 14:04:27","breadcrumb_settings":null,"limit_modified_date":false,"open_ai":null,"ai":null,"created":"2021-03-25 12:41:54","updated":"2025-08-28 14:04:27"},"aioseo_breadcrumb":"<div class=\"aioseo-breadcrumbs\"><span class=\"aioseo-breadcrumb\">\n\t<a href=\"https:\/\/eldigitaldeasturias.com\/radio\" title=\"Inicio\">Inicio<\/a>\n<\/span><span class=\"aioseo-breadcrumb-separator\">&ndash;<\/span><span class=\"aioseo-breadcrumb\">\n\t<a href=\"https:\/\/eldigitaldeasturias.com\/radio\/category\/turismo\/\" title=\"Turismo\">Turismo<\/a>\n<\/span><span class=\"aioseo-breadcrumb-separator\">&ndash;<\/span><span class=\"aioseo-breadcrumb\">\n\tTUI lanza una ambiciosa campa\u00f1a para promocionar Costa Rica\n<\/span><\/div>","aioseo_breadcrumb_json":[{"label":"Inicio","link":"https:\/\/eldigitaldeasturias.com\/radio"},{"label":"Turismo","link":"https:\/\/eldigitaldeasturias.com\/radio\/category\/turismo\/"},{"label":"TUI lanza una ambiciosa campa\u00f1a para promocionar Costa Rica","link":"https:\/\/eldigitaldeasturias.com\/radio\/tui-lanza-una-ambiciosa-campana-para-promocionar-costa-rica\/"}],"_links":{"self":[{"href":"https:\/\/eldigitaldeasturias.com\/radio\/wp-json\/wp\/v2\/posts\/3353","targetHints":{"allow":["GET"]}}],"collection":[{"href":"https:\/\/eldigitaldeasturias.com\/radio\/wp-json\/wp\/v2\/posts"}],"about":[{"href":"https:\/\/eldigitaldeasturias.com\/radio\/wp-json\/wp\/v2\/types\/post"}],"author":[{"embeddable":true,"href":"https:\/\/eldigitaldeasturias.com\/radio\/wp-json\/wp\/v2\/users\/1"}],"replies":[{"embeddable":true,"href":"https:\/\/eldigitaldeasturias.com\/radio\/wp-json\/wp\/v2\/comments?post=3353"}],"version-history":[{"count":0,"href":"https:\/\/eldigitaldeasturias.com\/radio\/wp-json\/wp\/v2\/posts\/3353\/revisions"}],"wp:featuredmedia":[{"embeddable":true,"href":"https:\/\/eldigitaldeasturias.com\/radio\/wp-json\/wp\/v2\/media\/3354"}],"wp:attachment":[{"href":"https:\/\/eldigitaldeasturias.com\/radio\/wp-json\/wp\/v2\/media?parent=3353"}],"wp:term":[{"taxonomy":"category","embeddable":true,"href":"https:\/\/eldigitaldeasturias.com\/radio\/wp-json\/wp\/v2\/categories?post=3353"},{"taxonomy":"post_tag","embeddable":true,"href":"https:\/\/eldigitaldeasturias.com\/radio\/wp-json\/wp\/v2\/tags?post=3353"}],"curies":[{"name":"wp","href":"https:\/\/api.w.org\/{rel}","templated":true}]}}