{"id":3347,"date":"2019-10-26T02:26:11","date_gmt":"2019-10-26T02:26:11","guid":{"rendered":"http:\/\/eldigitaldeasturias.com\/radio\/?p=3347"},"modified":"2019-10-26T02:26:11","modified_gmt":"2019-10-26T02:26:11","slug":"la-cerdanya-territorio-idoneo-para-la-practica-del-turismo-de-salud","status":"publish","type":"post","link":"https:\/\/eldigitaldeasturias.com\/radio\/la-cerdanya-territorio-idoneo-para-la-practica-del-turismo-de-salud\/","title":{"rendered":"La Cerdanya, territorio id\u00f3neo para la pr\u00e1ctica del Turismo de Salud"},"content":{"rendered":"<p><img fetchpriority=\"high\" decoding=\"async\" class=\"alignleft size-medium wp-image-3348\" src=\"https:\/\/eldigitaldeasturias.com\/radio\/wp-content\/uploads\/2019\/10\/1571682009_Captura_de_Pantalla_2019_10_21_a_les_20.16.49-360x264.png\" alt=\"\" width=\"360\" height=\"264\" srcset=\"https:\/\/eldigitaldeasturias.com\/radio\/wp-content\/uploads\/2019\/10\/1571682009_Captura_de_Pantalla_2019_10_21_a_les_20.16.49-360x264.png 360w, https:\/\/eldigitaldeasturias.com\/radio\/wp-content\/uploads\/2019\/10\/1571682009_Captura_de_Pantalla_2019_10_21_a_les_20.16.49.png 564w\" sizes=\"(max-width: 360px) 100vw, 360px\" \/>En el siglo XIX, cuando apenas empezaba a extenderse el concepto tur\u00edstico, en la comarca de la<strong>\u00a0Cerdanya<\/strong>\u00a0ya proliferaba el turismo de salud, despu\u00e9s de que la nobleza y la burgues\u00eda catalana descubrieran el valle, como un destino id\u00f3neo para disfrutar de sus vacaciones y poder realizar largas estancias de salud, en especial para curar enfermedades respiratorias o tuberculosas. Sin ir m\u00e1s lejos, en 1911, el arquitecto Antoni Gaud\u00ed viaj\u00f3 hasta Puigcerd\u00e0 para curarse de la fiebre de malta, una enfermedad infecciosa de distribuci\u00f3n mundial.<\/p>\n<p>En la actualidad, la Cerdanya es la comarca que genera m\u00e1s bienestar en Catalunya. As\u00ed lo indica un\u00a0<span style=\"color: #ff6600;\"><strong><a style=\"color: #ff6600;\" href=\"mailto:https:\/\/www.lavanguardia.com\/local\/girona\/20180625\/45395406900\/calidad-vida-cerdanya-poria-superar-catalunya.html\" target=\"_blank\" rel=\"nofollow noopener noreferrer\">estudio<\/a><\/strong><\/span>\u00a0en el que participan las universidades de Perpignan y Girona, el hospital de Puigcerd\u00e0 y el cl\u00faster Sol dels Pirineus, cuyos resultados servir\u00e1n para dise\u00f1ar y ofrecer productos y servicios espec\u00edficos relacionados con los beneficios para la salud y el bienestar que ofrece vivir o visitar la comarca cerdana. Adem\u00e1s, el reciente\u00a0<span style=\"color: #ff6600;\"><strong><a style=\"color: #ff6600;\" href=\"mailto:https:\/\/catsalut.gencat.cat\/web\/.content\/minisite\/catsalut\/catsalut_territori\/alt-pirineu-aran\/pla-de-salut-rs-alt-pirineu-aran-2016-2020.pdf\" target=\"_blank\" rel=\"nofollow noopener noreferrer\">Plan de Salud de la Regi\u00f3n Sanitaria del Alt Pirineu y Aran 2016-2020<\/a><\/strong><\/span>, se\u00f1ala que un 93,8 de los residentes declaran tener una percepci\u00f3n positiva del estado de salud, muy por encima de la media catalana que se sit\u00faa en el 82%.<\/p>\n<p>La alimentaci\u00f3n y los estilos de vida saludables, sumados a la altura sobre el mar y la calidad del aire, convierten a la Cerdanya en un destino ideal desde el punto de vista de la salud. Una buena prueba de ello la ofrece en primera persona<strong>\u00a0Edu Vidal,<\/strong>\u00a0gerente del\u00a0<span style=\"color: #ff6600;\"><a style=\"color: #ff6600;\" href=\"http:\/\/www.hotelesquirol.net\/\" target=\"_blank\" rel=\"nofollow noopener noreferrer\"><strong>Hotel Esquirol situado en Ll\u00edvia<\/strong><\/a><\/span>. \u00abEn noviembre de 2013 me operaron a coraz\u00f3n abierto y me implantaron 3 bypass. Recuerdo perfectamente que mi cardi\u00f3logo del Centro M\u00e9dico Teknon, me advirti\u00f3 que me olvidara de esquiar durante ese invierno. No s\u00e9 si fue el aire puro de la Cerdanya, pero en poco m\u00e1s de un mes ya estaba disfrutando del esqu\u00ed. Y a partir de entonces, cada d\u00eda iba realizando un paso de gigante en mi recuperaci\u00f3n, que me permiti\u00f3 disfrutar de casi 60 d\u00edas de esqu\u00ed durante esa temporada\u00bb.<\/p>\n<p><strong>Ba\u00f1os termales en Ll\u00edvia<\/strong><\/p>\n<p>Precisamente el municipio de Livia, inaugurar\u00e1 el pr\u00f3ximo mes de noviembre unos ba\u00f1os termales, gracias a las aguas calientes sulfurosas que se encontraron el pasado a\u00f1o en la zona del Parc de Sant Guillem. \u00abSin lugar a dudas, las aguas termales en el municipio ser\u00e1n un gran atractivo tur\u00edstico y de salud para la campa\u00f1a de invierno que empezar\u00e1 en breve\u00bb se\u00f1ala el gerente del\u00a0<span style=\"color: #ff6600;\"><a style=\"color: #ff6600;\" href=\"http:\/\/www.hotelesquirol.net\/\" target=\"_blank\" rel=\"nofollow noopener noreferrer\"><strong>Hotel Esquirol.<\/strong><\/a><\/span>\u00a0Uno de los valores a\u00f1adidos del alojamiento tur\u00edstico, es su privilegiada situaci\u00f3n, que permite disfrutar de una estancia de relax, naturaleza y tranquilidad, en un entorno ideal para la pr\u00e1ctica de los deportes de invierno.<\/p>\n<p><strong>Sobre el Hotel Esquirol<\/strong><\/p>\n<p>El <span style=\"color: #ff6600;\"><strong><a style=\"color: #ff6600;\" href=\"http:\/\/www.hotelesquirol.net\/\" target=\"_blank\" rel=\"nofollow noopener noreferrer\">Hotel Esquirol<\/a><\/strong><\/span>\u00a0est\u00e1 situado en la localidad gerundense de Ll\u00edvia, en el Pirineo Espa\u00f1ol, y est\u00e1 completamente rodeado por territorio franc\u00e9s. La frontera principal entre Espa\u00f1a y Francia se halla a tan solo 2km. El alojamiento, acogedor y familiar, cuenta con 20 habitaciones, y es un punto de partida ideal para esquiar o visitar la zona. El hotel alberga un spa con sauna y piscina al aire libre, dispone de guarda esqu\u00edes, ofrece un servicio de alquiler de equipamiento de esqu\u00ed y la posibilidad de adquirir el forfait. Adem\u00e1s, cuanta con el Restaurante Esquirol, que ofrece un amplio men\u00fa diario y de fin de semana, donde poder degustar platos t\u00edpicos de la zona.<\/p>\n<p>&nbsp;<\/p>\n","protected":false},"excerpt":{"rendered":"<p>En el siglo XIX, cuando apenas empezaba a extenderse el concepto tur\u00edstico, en la comarca de la\u00a0Cerdanya\u00a0ya proliferaba el turismo de salud, despu\u00e9s de que la nobleza y la burgues\u00eda catalana descubrieran el valle, como un destino id\u00f3neo para disfrutar de sus vacaciones y poder realizar largas estancias de salud, en especial para curar enfermedades<\/p>\n","protected":false},"author":1,"featured_media":3348,"comment_status":"closed","ping_status":"closed","sticky":false,"template":"","format":"standard","meta":{"footnotes":""},"categories":[34],"tags":[],"class_list":{"0":"post-3347","1":"post","2":"type-post","3":"status-publish","4":"format-standard","5":"has-post-thumbnail","7":"category-turismo"},"aioseo_notices":[],"aioseo_head":"\n\t\t<!-- All in One SEO Pro 4.9.6.2 - aioseo.com -->\n\t<meta name=\"description\" content=\"En el siglo XIX, cuando apenas empezaba a extenderse el concepto tur\u00edstico, en la comarca de la Cerdanya ya proliferaba el turismo de salud, despu\u00e9s de que la nobleza y la burgues\u00eda catalana descubrieran el valle, como un destino id\u00f3neo para disfrutar de sus vacaciones y poder realizar largas estancias de salud, en especial para curar enfermedades\" \/>\n\t<meta name=\"robots\" content=\"max-image-preview:large\" \/>\n\t<meta name=\"author\" content=\"NBAsturias\"\/>\n\t<meta name=\"google-site-verification\" content=\"UA-38556648-1\" \/>\n\t<meta name=\"keywords\" content=\"turismo\" \/>\n\t<link rel=\"canonical\" href=\"https:\/\/eldigitaldeasturias.com\/radio\/la-cerdanya-territorio-idoneo-para-la-practica-del-turismo-de-salud\/\" \/>\n\t<meta name=\"generator\" content=\"All in One SEO Pro (AIOSEO) 4.9.6.2\" \/>\n\t\t<meta property=\"og:locale\" content=\"es_ES\" \/>\n\t\t<meta property=\"og:site_name\" content=\"El Digital de Asturias | Diario de informaci\u00f3n y noticias\" \/>\n\t\t<meta property=\"og:type\" content=\"article\" \/>\n\t\t<meta property=\"og:title\" content=\"La Cerdanya, territorio id\u00f3neo para la pr\u00e1ctica del Turismo de Salud | El Digital de Asturias\" \/>\n\t\t<meta property=\"og:description\" content=\"En el siglo XIX, cuando apenas empezaba a extenderse el concepto tur\u00edstico, en la comarca de la Cerdanya ya proliferaba el turismo de salud, despu\u00e9s de que la nobleza y la burgues\u00eda catalana descubrieran el valle, como un destino id\u00f3neo para disfrutar de sus vacaciones y poder realizar largas estancias de salud, en especial para curar enfermedades\" \/>\n\t\t<meta property=\"og:url\" content=\"https:\/\/eldigitaldeasturias.com\/radio\/la-cerdanya-territorio-idoneo-para-la-practica-del-turismo-de-salud\/\" \/>\n\t\t<meta property=\"og:image\" content=\"https:\/\/eldigitaldeasturias.com\/radio\/wp-content\/uploads\/2019\/10\/1571682009_Captura_de_Pantalla_2019_10_21_a_les_20.16.49.png\" \/>\n\t\t<meta property=\"og:image:secure_url\" content=\"https:\/\/eldigitaldeasturias.com\/radio\/wp-content\/uploads\/2019\/10\/1571682009_Captura_de_Pantalla_2019_10_21_a_les_20.16.49.png\" \/>\n\t\t<meta property=\"og:image:width\" content=\"564\" \/>\n\t\t<meta property=\"og:image:height\" content=\"413\" \/>\n\t\t<meta property=\"article:published_time\" content=\"2019-10-26T02:26:11+00:00\" \/>\n\t\t<meta property=\"article:modified_time\" content=\"2019-10-26T02:26:11+00:00\" \/>\n\t\t<meta name=\"twitter:card\" content=\"summary_large_image\" \/>\n\t\t<meta name=\"twitter:site\" content=\"@bercodi\" \/>\n\t\t<meta name=\"twitter:title\" content=\"La Cerdanya, territorio id\u00f3neo para la pr\u00e1ctica del Turismo de Salud | El Digital de Asturias\" \/>\n\t\t<meta name=\"twitter:description\" content=\"En el siglo XIX, cuando apenas empezaba a extenderse el concepto tur\u00edstico, en la comarca de la Cerdanya ya proliferaba el turismo de salud, despu\u00e9s de que la nobleza y la burgues\u00eda catalana descubrieran el valle, como un destino id\u00f3neo para disfrutar de sus vacaciones y poder realizar largas estancias de salud, en especial para curar enfermedades\" \/>\n\t\t<meta name=\"twitter:creator\" content=\"@bercodi\" \/>\n\t\t<meta name=\"twitter:image\" content=\"https:\/\/eldigitaldeasturias.com\/radio\/wp-content\/uploads\/2019\/10\/1571682009_Captura_de_Pantalla_2019_10_21_a_les_20.16.49.png\" \/>\n\t\t<script type=\"application\/ld+json\" class=\"aioseo-schema\">\n\t\t\t{\"@context\":\"https:\\\/\\\/schema.org\",\"@graph\":[{\"@type\":\"BreadcrumbList\",\"@id\":\"https:\\\/\\\/eldigitaldeasturias.com\\\/radio\\\/la-cerdanya-territorio-idoneo-para-la-practica-del-turismo-de-salud\\\/#breadcrumblist\",\"itemListElement\":[{\"@type\":\"ListItem\",\"@id\":\"https:\\\/\\\/eldigitaldeasturias.com\\\/radio#listItem\",\"position\":1,\"name\":\"Inicio\",\"item\":\"https:\\\/\\\/eldigitaldeasturias.com\\\/radio\",\"nextItem\":{\"@type\":\"ListItem\",\"@id\":\"https:\\\/\\\/eldigitaldeasturias.com\\\/radio\\\/category\\\/turismo\\\/#listItem\",\"name\":\"Turismo\"}},{\"@type\":\"ListItem\",\"@id\":\"https:\\\/\\\/eldigitaldeasturias.com\\\/radio\\\/category\\\/turismo\\\/#listItem\",\"position\":2,\"name\":\"Turismo\",\"item\":\"https:\\\/\\\/eldigitaldeasturias.com\\\/radio\\\/category\\\/turismo\\\/\",\"nextItem\":{\"@type\":\"ListItem\",\"@id\":\"https:\\\/\\\/eldigitaldeasturias.com\\\/radio\\\/la-cerdanya-territorio-idoneo-para-la-practica-del-turismo-de-salud\\\/#listItem\",\"name\":\"La Cerdanya, territorio id\\u00f3neo para la pr\\u00e1ctica del Turismo de Salud\"},\"previousItem\":{\"@type\":\"ListItem\",\"@id\":\"https:\\\/\\\/eldigitaldeasturias.com\\\/radio#listItem\",\"name\":\"Inicio\"}},{\"@type\":\"ListItem\",\"@id\":\"https:\\\/\\\/eldigitaldeasturias.com\\\/radio\\\/la-cerdanya-territorio-idoneo-para-la-practica-del-turismo-de-salud\\\/#listItem\",\"position\":3,\"name\":\"La Cerdanya, territorio id\\u00f3neo para la pr\\u00e1ctica del Turismo de Salud\",\"previousItem\":{\"@type\":\"ListItem\",\"@id\":\"https:\\\/\\\/eldigitaldeasturias.com\\\/radio\\\/category\\\/turismo\\\/#listItem\",\"name\":\"Turismo\"}}]},{\"@type\":\"NewsArticle\",\"@id\":\"https:\\\/\\\/eldigitaldeasturias.com\\\/radio\\\/la-cerdanya-territorio-idoneo-para-la-practica-del-turismo-de-salud\\\/#newsarticle\",\"name\":\"La Cerdanya, territorio id\\u00f3neo para la pr\\u00e1ctica del Turismo de Salud | El Digital de Asturias\",\"headline\":\"La Cerdanya, territorio id\\u00f3neo para la pr\\u00e1ctica del Turismo de Salud\",\"author\":{\"@id\":\"https:\\\/\\\/eldigitaldeasturias.com\\\/radio\\\/author\\\/nbasturias\\\/#author\"},\"publisher\":{\"@id\":\"https:\\\/\\\/eldigitaldeasturias.com\\\/radio\\\/#organization\"},\"image\":{\"@type\":\"ImageObject\",\"url\":\"https:\\\/\\\/eldigitaldeasturias.com\\\/radio\\\/wp-content\\\/uploads\\\/2019\\\/10\\\/1571682009_Captura_de_Pantalla_2019_10_21_a_les_20.16.49.png\",\"width\":564,\"height\":413},\"datePublished\":\"2019-10-26T02:26:11+02:00\",\"dateModified\":\"2019-10-26T02:26:11+02:00\",\"inLanguage\":\"es-ES\",\"mainEntityOfPage\":{\"@id\":\"https:\\\/\\\/eldigitaldeasturias.com\\\/radio\\\/la-cerdanya-territorio-idoneo-para-la-practica-del-turismo-de-salud\\\/#webpage\"},\"isPartOf\":{\"@id\":\"https:\\\/\\\/eldigitaldeasturias.com\\\/radio\\\/la-cerdanya-territorio-idoneo-para-la-practica-del-turismo-de-salud\\\/#webpage\"},\"articleSection\":\"Turismo\",\"dateline\":\"Publicado el octubre 26, 2019.\"},{\"@type\":\"Organization\",\"@id\":\"https:\\\/\\\/eldigitaldeasturias.com\\\/radio\\\/#organization\",\"name\":\"El digital de Asturias Radio\",\"description\":\"Diario de informaci\\u00f3n y noticias\",\"url\":\"https:\\\/\\\/eldigitaldeasturias.com\\\/radio\\\/\",\"telephone\":\"+34652131393\",\"logo\":{\"@type\":\"ImageObject\",\"url\":\"https:\\\/\\\/www.eldigitaldeasturias.com\\\/radio\\\/wp-content\\\/uploads\\\/2021\\\/03\\\/EDA.jpg\",\"@id\":\"https:\\\/\\\/eldigitaldeasturias.com\\\/radio\\\/la-cerdanya-territorio-idoneo-para-la-practica-del-turismo-de-salud\\\/#organizationLogo\"},\"image\":{\"@id\":\"https:\\\/\\\/eldigitaldeasturias.com\\\/radio\\\/la-cerdanya-territorio-idoneo-para-la-practica-del-turismo-de-salud\\\/#organizationLogo\"},\"sameAs\":[\"https:\\\/\\\/www.facebook.com\\\/\",\"https:\\\/\\\/x.com\\\/bercodi\",\"https:\\\/\\\/www.instagram.com\\\/\",\"https:\\\/\\\/www.youtube.com\\\/channel\\\/UCZP-2wLEB9Rv6erhFmqVnvg\"]},{\"@type\":\"Person\",\"@id\":\"https:\\\/\\\/eldigitaldeasturias.com\\\/radio\\\/author\\\/nbasturias\\\/#author\",\"url\":\"https:\\\/\\\/eldigitaldeasturias.com\\\/radio\\\/author\\\/nbasturias\\\/\",\"name\":\"NBAsturias\",\"image\":{\"@type\":\"ImageObject\",\"@id\":\"https:\\\/\\\/eldigitaldeasturias.com\\\/radio\\\/la-cerdanya-territorio-idoneo-para-la-practica-del-turismo-de-salud\\\/#authorImage\",\"url\":\"https:\\\/\\\/secure.gravatar.com\\\/avatar\\\/df2aeffc32bcd13f8d26072ef8a91b623d677766deac7f97ca815868cd41bf5e?s=96&d=mm&r=g\",\"width\":96,\"height\":96,\"caption\":\"NBAsturias\"}},{\"@type\":\"WebPage\",\"@id\":\"https:\\\/\\\/eldigitaldeasturias.com\\\/radio\\\/la-cerdanya-territorio-idoneo-para-la-practica-del-turismo-de-salud\\\/#webpage\",\"url\":\"https:\\\/\\\/eldigitaldeasturias.com\\\/radio\\\/la-cerdanya-territorio-idoneo-para-la-practica-del-turismo-de-salud\\\/\",\"name\":\"La Cerdanya, territorio id\\u00f3neo para la pr\\u00e1ctica del Turismo de Salud | El Digital de Asturias\",\"description\":\"En el siglo XIX, cuando apenas empezaba a extenderse el concepto tur\\u00edstico, en la comarca de la Cerdanya ya proliferaba el turismo de salud, despu\\u00e9s de que la nobleza y la burgues\\u00eda catalana descubrieran el valle, como un destino id\\u00f3neo para disfrutar de sus vacaciones y poder realizar largas estancias de salud, en especial para curar enfermedades\",\"inLanguage\":\"es-ES\",\"isPartOf\":{\"@id\":\"https:\\\/\\\/eldigitaldeasturias.com\\\/radio\\\/#website\"},\"breadcrumb\":{\"@id\":\"https:\\\/\\\/eldigitaldeasturias.com\\\/radio\\\/la-cerdanya-territorio-idoneo-para-la-practica-del-turismo-de-salud\\\/#breadcrumblist\"},\"author\":{\"@id\":\"https:\\\/\\\/eldigitaldeasturias.com\\\/radio\\\/author\\\/nbasturias\\\/#author\"},\"creator\":{\"@id\":\"https:\\\/\\\/eldigitaldeasturias.com\\\/radio\\\/author\\\/nbasturias\\\/#author\"},\"image\":{\"@type\":\"ImageObject\",\"url\":\"https:\\\/\\\/eldigitaldeasturias.com\\\/radio\\\/wp-content\\\/uploads\\\/2019\\\/10\\\/1571682009_Captura_de_Pantalla_2019_10_21_a_les_20.16.49.png\",\"@id\":\"https:\\\/\\\/eldigitaldeasturias.com\\\/radio\\\/la-cerdanya-territorio-idoneo-para-la-practica-del-turismo-de-salud\\\/#mainImage\",\"width\":564,\"height\":413},\"primaryImageOfPage\":{\"@id\":\"https:\\\/\\\/eldigitaldeasturias.com\\\/radio\\\/la-cerdanya-territorio-idoneo-para-la-practica-del-turismo-de-salud\\\/#mainImage\"},\"datePublished\":\"2019-10-26T02:26:11+02:00\",\"dateModified\":\"2019-10-26T02:26:11+02:00\"},{\"@type\":\"WebSite\",\"@id\":\"https:\\\/\\\/eldigitaldeasturias.com\\\/radio\\\/#website\",\"url\":\"https:\\\/\\\/eldigitaldeasturias.com\\\/radio\\\/\",\"name\":\"El Digital de Asturias\",\"description\":\"Diario de informaci\\u00f3n y noticias\",\"inLanguage\":\"es-ES\",\"publisher\":{\"@id\":\"https:\\\/\\\/eldigitaldeasturias.com\\\/radio\\\/#organization\"}}]}\n\t\t<\/script>\n\t\t<!-- All in One SEO Pro -->\r\n\t\t<title>La Cerdanya, territorio id\u00f3neo para la pr\u00e1ctica del Turismo de Salud | El Digital de Asturias<\/title>\n\n","aioseo_head_json":{"title":"La Cerdanya, territorio id\u00f3neo para la pr\u00e1ctica del Turismo de Salud | El Digital de Asturias","description":"En el siglo XIX, cuando apenas empezaba a extenderse el concepto tur\u00edstico, en la comarca de la Cerdanya ya proliferaba el turismo de salud, despu\u00e9s de que la nobleza y la burgues\u00eda catalana descubrieran el valle, como un destino id\u00f3neo para disfrutar de sus vacaciones y poder realizar largas estancias de salud, en especial para curar enfermedades","canonical_url":"https:\/\/eldigitaldeasturias.com\/radio\/la-cerdanya-territorio-idoneo-para-la-practica-del-turismo-de-salud\/","robots":"max-image-preview:large","keywords":"turismo","webmasterTools":{"google-site-verification":"UA-38556648-1","miscellaneous":""},"schema":{"@context":"https:\/\/schema.org","@graph":[{"@type":"BreadcrumbList","@id":"https:\/\/eldigitaldeasturias.com\/radio\/la-cerdanya-territorio-idoneo-para-la-practica-del-turismo-de-salud\/#breadcrumblist","itemListElement":[{"@type":"ListItem","@id":"https:\/\/eldigitaldeasturias.com\/radio#listItem","position":1,"name":"Inicio","item":"https:\/\/eldigitaldeasturias.com\/radio","nextItem":{"@type":"ListItem","@id":"https:\/\/eldigitaldeasturias.com\/radio\/category\/turismo\/#listItem","name":"Turismo"}},{"@type":"ListItem","@id":"https:\/\/eldigitaldeasturias.com\/radio\/category\/turismo\/#listItem","position":2,"name":"Turismo","item":"https:\/\/eldigitaldeasturias.com\/radio\/category\/turismo\/","nextItem":{"@type":"ListItem","@id":"https:\/\/eldigitaldeasturias.com\/radio\/la-cerdanya-territorio-idoneo-para-la-practica-del-turismo-de-salud\/#listItem","name":"La Cerdanya, territorio id\u00f3neo para la pr\u00e1ctica del Turismo de Salud"},"previousItem":{"@type":"ListItem","@id":"https:\/\/eldigitaldeasturias.com\/radio#listItem","name":"Inicio"}},{"@type":"ListItem","@id":"https:\/\/eldigitaldeasturias.com\/radio\/la-cerdanya-territorio-idoneo-para-la-practica-del-turismo-de-salud\/#listItem","position":3,"name":"La Cerdanya, territorio id\u00f3neo para la pr\u00e1ctica del Turismo de Salud","previousItem":{"@type":"ListItem","@id":"https:\/\/eldigitaldeasturias.com\/radio\/category\/turismo\/#listItem","name":"Turismo"}}]},{"@type":"NewsArticle","@id":"https:\/\/eldigitaldeasturias.com\/radio\/la-cerdanya-territorio-idoneo-para-la-practica-del-turismo-de-salud\/#newsarticle","name":"La Cerdanya, territorio id\u00f3neo para la pr\u00e1ctica del Turismo de Salud | El Digital de Asturias","headline":"La Cerdanya, territorio id\u00f3neo para la pr\u00e1ctica del Turismo de Salud","author":{"@id":"https:\/\/eldigitaldeasturias.com\/radio\/author\/nbasturias\/#author"},"publisher":{"@id":"https:\/\/eldigitaldeasturias.com\/radio\/#organization"},"image":{"@type":"ImageObject","url":"https:\/\/eldigitaldeasturias.com\/radio\/wp-content\/uploads\/2019\/10\/1571682009_Captura_de_Pantalla_2019_10_21_a_les_20.16.49.png","width":564,"height":413},"datePublished":"2019-10-26T02:26:11+02:00","dateModified":"2019-10-26T02:26:11+02:00","inLanguage":"es-ES","mainEntityOfPage":{"@id":"https:\/\/eldigitaldeasturias.com\/radio\/la-cerdanya-territorio-idoneo-para-la-practica-del-turismo-de-salud\/#webpage"},"isPartOf":{"@id":"https:\/\/eldigitaldeasturias.com\/radio\/la-cerdanya-territorio-idoneo-para-la-practica-del-turismo-de-salud\/#webpage"},"articleSection":"Turismo","dateline":"Publicado el octubre 26, 2019."},{"@type":"Organization","@id":"https:\/\/eldigitaldeasturias.com\/radio\/#organization","name":"El digital de Asturias Radio","description":"Diario de informaci\u00f3n y noticias","url":"https:\/\/eldigitaldeasturias.com\/radio\/","telephone":"+34652131393","logo":{"@type":"ImageObject","url":"https:\/\/www.eldigitaldeasturias.com\/radio\/wp-content\/uploads\/2021\/03\/EDA.jpg","@id":"https:\/\/eldigitaldeasturias.com\/radio\/la-cerdanya-territorio-idoneo-para-la-practica-del-turismo-de-salud\/#organizationLogo"},"image":{"@id":"https:\/\/eldigitaldeasturias.com\/radio\/la-cerdanya-territorio-idoneo-para-la-practica-del-turismo-de-salud\/#organizationLogo"},"sameAs":["https:\/\/www.facebook.com\/","https:\/\/x.com\/bercodi","https:\/\/www.instagram.com\/","https:\/\/www.youtube.com\/channel\/UCZP-2wLEB9Rv6erhFmqVnvg"]},{"@type":"Person","@id":"https:\/\/eldigitaldeasturias.com\/radio\/author\/nbasturias\/#author","url":"https:\/\/eldigitaldeasturias.com\/radio\/author\/nbasturias\/","name":"NBAsturias","image":{"@type":"ImageObject","@id":"https:\/\/eldigitaldeasturias.com\/radio\/la-cerdanya-territorio-idoneo-para-la-practica-del-turismo-de-salud\/#authorImage","url":"https:\/\/secure.gravatar.com\/avatar\/df2aeffc32bcd13f8d26072ef8a91b623d677766deac7f97ca815868cd41bf5e?s=96&d=mm&r=g","width":96,"height":96,"caption":"NBAsturias"}},{"@type":"WebPage","@id":"https:\/\/eldigitaldeasturias.com\/radio\/la-cerdanya-territorio-idoneo-para-la-practica-del-turismo-de-salud\/#webpage","url":"https:\/\/eldigitaldeasturias.com\/radio\/la-cerdanya-territorio-idoneo-para-la-practica-del-turismo-de-salud\/","name":"La Cerdanya, territorio id\u00f3neo para la pr\u00e1ctica del Turismo de Salud | El Digital de Asturias","description":"En el siglo XIX, cuando apenas empezaba a extenderse el concepto tur\u00edstico, en la comarca de la Cerdanya ya proliferaba el turismo de salud, despu\u00e9s de que la nobleza y la burgues\u00eda catalana descubrieran el valle, como un destino id\u00f3neo para disfrutar de sus vacaciones y poder realizar largas estancias de salud, en especial para curar enfermedades","inLanguage":"es-ES","isPartOf":{"@id":"https:\/\/eldigitaldeasturias.com\/radio\/#website"},"breadcrumb":{"@id":"https:\/\/eldigitaldeasturias.com\/radio\/la-cerdanya-territorio-idoneo-para-la-practica-del-turismo-de-salud\/#breadcrumblist"},"author":{"@id":"https:\/\/eldigitaldeasturias.com\/radio\/author\/nbasturias\/#author"},"creator":{"@id":"https:\/\/eldigitaldeasturias.com\/radio\/author\/nbasturias\/#author"},"image":{"@type":"ImageObject","url":"https:\/\/eldigitaldeasturias.com\/radio\/wp-content\/uploads\/2019\/10\/1571682009_Captura_de_Pantalla_2019_10_21_a_les_20.16.49.png","@id":"https:\/\/eldigitaldeasturias.com\/radio\/la-cerdanya-territorio-idoneo-para-la-practica-del-turismo-de-salud\/#mainImage","width":564,"height":413},"primaryImageOfPage":{"@id":"https:\/\/eldigitaldeasturias.com\/radio\/la-cerdanya-territorio-idoneo-para-la-practica-del-turismo-de-salud\/#mainImage"},"datePublished":"2019-10-26T02:26:11+02:00","dateModified":"2019-10-26T02:26:11+02:00"},{"@type":"WebSite","@id":"https:\/\/eldigitaldeasturias.com\/radio\/#website","url":"https:\/\/eldigitaldeasturias.com\/radio\/","name":"El Digital de Asturias","description":"Diario de informaci\u00f3n y noticias","inLanguage":"es-ES","publisher":{"@id":"https:\/\/eldigitaldeasturias.com\/radio\/#organization"}}]},"og:locale":"es_ES","og:site_name":"El Digital de Asturias | Diario de informaci\u00f3n y noticias","og:type":"article","og:title":"La Cerdanya, territorio id\u00f3neo para la pr\u00e1ctica del Turismo de Salud | El Digital de Asturias","og:description":"En el siglo XIX, cuando apenas empezaba a extenderse el concepto tur\u00edstico, en la comarca de la Cerdanya ya proliferaba el turismo de salud, despu\u00e9s de que la nobleza y la burgues\u00eda catalana descubrieran el valle, como un destino id\u00f3neo para disfrutar de sus vacaciones y poder realizar largas estancias de salud, en especial para curar enfermedades","og:url":"https:\/\/eldigitaldeasturias.com\/radio\/la-cerdanya-territorio-idoneo-para-la-practica-del-turismo-de-salud\/","og:image":"https:\/\/eldigitaldeasturias.com\/radio\/wp-content\/uploads\/2019\/10\/1571682009_Captura_de_Pantalla_2019_10_21_a_les_20.16.49.png","og:image:secure_url":"https:\/\/eldigitaldeasturias.com\/radio\/wp-content\/uploads\/2019\/10\/1571682009_Captura_de_Pantalla_2019_10_21_a_les_20.16.49.png","og:image:width":564,"og:image:height":413,"article:published_time":"2019-10-26T02:26:11+00:00","article:modified_time":"2019-10-26T02:26:11+00:00","twitter:card":"summary_large_image","twitter:site":"@bercodi","twitter:title":"La Cerdanya, territorio id\u00f3neo para la pr\u00e1ctica del Turismo de Salud | El Digital de Asturias","twitter:description":"En el siglo XIX, cuando apenas empezaba a extenderse el concepto tur\u00edstico, en la comarca de la Cerdanya ya proliferaba el turismo de salud, despu\u00e9s de que la nobleza y la burgues\u00eda catalana descubrieran el valle, como un destino id\u00f3neo para disfrutar de sus vacaciones y poder realizar largas estancias de salud, en especial para curar enfermedades","twitter:creator":"@bercodi","twitter:image":"https:\/\/eldigitaldeasturias.com\/radio\/wp-content\/uploads\/2019\/10\/1571682009_Captura_de_Pantalla_2019_10_21_a_les_20.16.49.png"},"aioseo_meta_data":{"post_id":"3347","title":null,"description":null,"keywords":null,"keyphrases":null,"primary_term":null,"canonical_url":null,"og_title":null,"og_description":null,"og_object_type":"default","og_image_type":"default","og_image_url":null,"og_image_width":null,"og_image_height":null,"og_image_custom_url":null,"og_image_custom_fields":null,"og_video":null,"og_custom_url":null,"og_article_section":null,"og_article_tags":null,"twitter_use_og":false,"twitter_card":"default","twitter_image_type":"default","twitter_image_url":null,"twitter_image_custom_url":null,"twitter_image_custom_fields":null,"twitter_title":null,"twitter_description":null,"schema":{"blockGraphs":[],"customGraphs":[],"default":{"data":{"Article":[],"Course":[],"Dataset":[],"FAQPage":[],"Movie":[],"Person":[],"Product":[],"ProductReview":[],"Car":[],"Recipe":[],"Service":[],"SoftwareApplication":[],"WebPage":[]},"graphName":"","isEnabled":true},"graphs":[],"defaultGraph":"","defaultPostTypeGraph":""},"schema_type":null,"schema_type_options":null,"pillar_content":false,"robots_default":true,"robots_noindex":false,"robots_noarchive":false,"robots_nosnippet":false,"robots_nofollow":false,"robots_noimageindex":false,"robots_noodp":false,"robots_notranslate":false,"robots_max_snippet":null,"robots_max_videopreview":null,"robots_max_imagepreview":"large","priority":null,"frequency":null,"location":null,"local_seo":null,"seo_analyzer_scan_date":"2025-08-28 14:04:25","breadcrumb_settings":null,"limit_modified_date":false,"open_ai":null,"ai":null,"created":"2021-03-25 12:41:54","updated":"2025-08-28 14:04:25"},"aioseo_breadcrumb":"<div class=\"aioseo-breadcrumbs\"><span class=\"aioseo-breadcrumb\">\n\t<a href=\"https:\/\/eldigitaldeasturias.com\/radio\" title=\"Inicio\">Inicio<\/a>\n<\/span><span class=\"aioseo-breadcrumb-separator\">&ndash;<\/span><span class=\"aioseo-breadcrumb\">\n\t<a href=\"https:\/\/eldigitaldeasturias.com\/radio\/category\/turismo\/\" title=\"Turismo\">Turismo<\/a>\n<\/span><span class=\"aioseo-breadcrumb-separator\">&ndash;<\/span><span class=\"aioseo-breadcrumb\">\n\tLa Cerdanya, territorio id\u00f3neo para la pr\u00e1ctica del Turismo de Salud\n<\/span><\/div>","aioseo_breadcrumb_json":[{"label":"Inicio","link":"https:\/\/eldigitaldeasturias.com\/radio"},{"label":"Turismo","link":"https:\/\/eldigitaldeasturias.com\/radio\/category\/turismo\/"},{"label":"La Cerdanya, territorio id\u00f3neo para la pr\u00e1ctica del Turismo de Salud","link":"https:\/\/eldigitaldeasturias.com\/radio\/la-cerdanya-territorio-idoneo-para-la-practica-del-turismo-de-salud\/"}],"_links":{"self":[{"href":"https:\/\/eldigitaldeasturias.com\/radio\/wp-json\/wp\/v2\/posts\/3347","targetHints":{"allow":["GET"]}}],"collection":[{"href":"https:\/\/eldigitaldeasturias.com\/radio\/wp-json\/wp\/v2\/posts"}],"about":[{"href":"https:\/\/eldigitaldeasturias.com\/radio\/wp-json\/wp\/v2\/types\/post"}],"author":[{"embeddable":true,"href":"https:\/\/eldigitaldeasturias.com\/radio\/wp-json\/wp\/v2\/users\/1"}],"replies":[{"embeddable":true,"href":"https:\/\/eldigitaldeasturias.com\/radio\/wp-json\/wp\/v2\/comments?post=3347"}],"version-history":[{"count":0,"href":"https:\/\/eldigitaldeasturias.com\/radio\/wp-json\/wp\/v2\/posts\/3347\/revisions"}],"wp:featuredmedia":[{"embeddable":true,"href":"https:\/\/eldigitaldeasturias.com\/radio\/wp-json\/wp\/v2\/media\/3348"}],"wp:attachment":[{"href":"https:\/\/eldigitaldeasturias.com\/radio\/wp-json\/wp\/v2\/media?parent=3347"}],"wp:term":[{"taxonomy":"category","embeddable":true,"href":"https:\/\/eldigitaldeasturias.com\/radio\/wp-json\/wp\/v2\/categories?post=3347"},{"taxonomy":"post_tag","embeddable":true,"href":"https:\/\/eldigitaldeasturias.com\/radio\/wp-json\/wp\/v2\/tags?post=3347"}],"curies":[{"name":"wp","href":"https:\/\/api.w.org\/{rel}","templated":true}]}}