{"id":3323,"date":"2019-10-26T00:55:28","date_gmt":"2019-10-26T00:55:28","guid":{"rendered":"http:\/\/eldigitaldeasturias.com\/radio\/?p=3323"},"modified":"2019-10-26T00:55:28","modified_gmt":"2019-10-26T00:55:28","slug":"asesores-de-arrabe-integra-perciben-un-aumento-de-consultas-sobre-permisos-retribuidos-ante-las-elecciones","status":"publish","type":"post","link":"https:\/\/eldigitaldeasturias.com\/radio\/asesores-de-arrabe-integra-perciben-un-aumento-de-consultas-sobre-permisos-retribuidos-ante-las-elecciones\/","title":{"rendered":"Asesores de Arrabe Integra perciben un aumento de consultas sobre permisos retribuidos ante las elecciones"},"content":{"rendered":"<p><img fetchpriority=\"high\" decoding=\"async\" class=\"alignleft size-medium wp-image-3324\" src=\"https:\/\/eldigitaldeasturias.com\/radio\/wp-content\/uploads\/2019\/10\/1571124514_permisos_retribuidos_votar-360x240.jpg\" alt=\"\" width=\"360\" height=\"240\" srcset=\"https:\/\/eldigitaldeasturias.com\/radio\/wp-content\/uploads\/2019\/10\/1571124514_permisos_retribuidos_votar-360x240.jpg 360w, https:\/\/eldigitaldeasturias.com\/radio\/wp-content\/uploads\/2019\/10\/1571124514_permisos_retribuidos_votar-768x512.jpg 768w, https:\/\/eldigitaldeasturias.com\/radio\/wp-content\/uploads\/2019\/10\/1571124514_permisos_retribuidos_votar.jpg 900w\" sizes=\"(max-width: 360px) 100vw, 360px\" \/>Las pr\u00f3ximas elecciones generales se han marcado para el pr\u00f3ximo domingo d\u00eda 10 de Noviembre. Sin entrar a valorar factores pol\u00edticos, a nivel social, vuelve a surgir la duda del ciudadano sobre el hecho de acudir a votar durante la jornada laboral.<\/p>\n<p>En Espa\u00f1a apenas un\u00a0<strong><a href=\"https:\/\/www.expansion.com\/economia\/2017\/04\/16\/58e60a9f268e3eef5a8b4602.html\" target=\"_blank\" rel=\"nofollow noopener noreferrer\"><span style=\"color: #ff6600;\">23% de los trabajadores acuden en domingo a trabajar<\/span><\/a><\/strong>\u00a0. Y parte de ellos no lo hacen todos los domingos del mes. Pero, para aquellos empleados que deben acudir el pr\u00f3ximo d\u00eda 10 de Noviembre a trabajar y quieren ejercer su derecho a voto, vuelven a surgir las dudas.<\/p>\n<p>La Ley Org\u00e1nica 5\/1985 del R\u00e9gimen Electoral General es la que recoge la informaci\u00f3n relativa al permiso laboral retribuido en caso de elecciones.<\/p>\n<p>La ley favorece el derecho a voto de todos los ciudadanos, solo en funci\u00f3n de la coincidencia del horario laboral del trabajador con el de la apertura de los colegios electorales y es cada Comunidad Aut\u00f3noma la que decide la duraci\u00f3n m\u00e1xima de los permisos. Como es habitual, dicho horario ser\u00e1 de 9 de la ma\u00f1ana hasta las 8 de la tarde.<\/p>\n<h3><strong>Supuestos generales para la disposici\u00f3n del permiso laboral retribuido<\/strong><\/h3>\n<p>En caso de que el horario de apertura del colegio asignado al trabajador no coincida o lo haga menos de dos horas, no se tendr\u00e1 disposici\u00f3n del permiso. Se entiende que el empleado tiene margen suficiente para acudir a ejercer su derecho a voto fuera de la jornada laboral.<\/p>\n<p>Si coincidiera entre 2 y 4 horas, el permiso tendr\u00e1 una duraci\u00f3n general de 2 horas. Si lo hace entre 4 y 6 horas, el permiso aumentar\u00e1 a 3 horas. En el supuesto de coincidir m\u00e1s de 6 horas, el empleado tendr\u00e1, por regla general, un permiso retribuido de 4 horas de duraci\u00f3n.<\/p>\n<p>La empresa, por su parte tiene adem\u00e1s el derecho de solicitar al empleado el justificante de haber acudido a su mesa electoral correspondiente. En las mesas disponen de este modelo, y ser\u00e1 el presidente de mesa el que aporte su firma.<\/p>\n<p>En caso de que el trabajador sea exigido como presidente de la mesa, vocal, interventor, apoderado o suplente, tambi\u00e9n la ley marca los procedimientos y derechos en cada caso.<\/p>\n<p>Compatibilizar la jornada laboral con el derecho a voto es posible y tiene una serie de condiciones seg\u00fan lo marcado en la Ley Org\u00e1nica 5\/1985. El\u00a0<span style=\"color: #ff6600;\"><strong><a style=\"color: #ff6600;\" href=\"https:\/\/www.arrabeintegra.es\/noticia\/permiso-laboral-retribuido-para-votar\/\" target=\"_blank\" rel=\"nofollow noopener noreferrer\">permiso laboral retribuido para votar<\/a><\/strong><\/span>\u00a0es una realidad. Empresas y trabajadores deber\u00e1n colaborar en las pr\u00f3ximas elecciones del d\u00eda 10 de Noviembre para que estos derechos y obligaciones sean satisfechos y no se perjudique a parte alguna.<\/p>\n","protected":false},"excerpt":{"rendered":"<p>Las pr\u00f3ximas elecciones generales se han marcado para el pr\u00f3ximo domingo d\u00eda 10 de Noviembre. Sin entrar a valorar factores pol\u00edticos, a nivel social, vuelve a surgir la duda del ciudadano sobre el hecho de acudir a votar durante la jornada laboral. En Espa\u00f1a apenas un\u00a023% de los trabajadores acuden en domingo a trabajar\u00a0. Y<\/p>\n","protected":false},"author":1,"featured_media":3324,"comment_status":"closed","ping_status":"closed","sticky":false,"template":"","format":"standard","meta":{"footnotes":""},"categories":[1],"tags":[],"class_list":{"0":"post-3323","1":"post","2":"type-post","3":"status-publish","4":"format-standard","5":"has-post-thumbnail","7":"category-noticias"},"aioseo_notices":[],"aioseo_head":"\n\t\t<!-- All in One SEO Pro 4.9.6.2 - aioseo.com -->\n\t<meta name=\"description\" content=\"Las pr\u00f3ximas elecciones generales se han marcado para el pr\u00f3ximo domingo d\u00eda 10 de Noviembre. Sin entrar a valorar factores pol\u00edticos, a nivel social, vuelve a surgir la duda del ciudadano sobre el hecho de acudir a votar durante la jornada laboral. En Espa\u00f1a apenas un 23% de los trabajadores acuden en domingo a trabajar . Y\" \/>\n\t<meta name=\"robots\" content=\"max-image-preview:large\" \/>\n\t<meta name=\"author\" content=\"NBAsturias\"\/>\n\t<meta name=\"google-site-verification\" content=\"UA-38556648-1\" \/>\n\t<meta name=\"keywords\" content=\"noticias\" \/>\n\t<link rel=\"canonical\" href=\"https:\/\/eldigitaldeasturias.com\/radio\/asesores-de-arrabe-integra-perciben-un-aumento-de-consultas-sobre-permisos-retribuidos-ante-las-elecciones\/\" \/>\n\t<meta name=\"generator\" content=\"All in One SEO Pro (AIOSEO) 4.9.6.2\" \/>\n\t\t<meta property=\"og:locale\" content=\"es_ES\" \/>\n\t\t<meta property=\"og:site_name\" content=\"El Digital de Asturias | Diario de informaci\u00f3n y noticias\" \/>\n\t\t<meta property=\"og:type\" content=\"article\" \/>\n\t\t<meta property=\"og:title\" content=\"Asesores de Arrabe Integra perciben un aumento de consultas sobre permisos retribuidos ante las elecciones | El Digital de Asturias\" \/>\n\t\t<meta property=\"og:description\" content=\"Las pr\u00f3ximas elecciones generales se han marcado para el pr\u00f3ximo domingo d\u00eda 10 de Noviembre. Sin entrar a valorar factores pol\u00edticos, a nivel social, vuelve a surgir la duda del ciudadano sobre el hecho de acudir a votar durante la jornada laboral. En Espa\u00f1a apenas un 23% de los trabajadores acuden en domingo a trabajar . Y\" \/>\n\t\t<meta property=\"og:url\" content=\"https:\/\/eldigitaldeasturias.com\/radio\/asesores-de-arrabe-integra-perciben-un-aumento-de-consultas-sobre-permisos-retribuidos-ante-las-elecciones\/\" \/>\n\t\t<meta property=\"og:image\" content=\"https:\/\/eldigitaldeasturias.com\/radio\/wp-content\/uploads\/2019\/10\/1571124514_permisos_retribuidos_votar.jpg\" \/>\n\t\t<meta property=\"og:image:secure_url\" content=\"https:\/\/eldigitaldeasturias.com\/radio\/wp-content\/uploads\/2019\/10\/1571124514_permisos_retribuidos_votar.jpg\" \/>\n\t\t<meta property=\"og:image:width\" content=\"900\" \/>\n\t\t<meta property=\"og:image:height\" content=\"600\" \/>\n\t\t<meta property=\"article:published_time\" content=\"2019-10-26T00:55:28+00:00\" \/>\n\t\t<meta property=\"article:modified_time\" content=\"2019-10-26T00:55:28+00:00\" \/>\n\t\t<meta name=\"twitter:card\" content=\"summary_large_image\" \/>\n\t\t<meta name=\"twitter:site\" content=\"@bercodi\" \/>\n\t\t<meta name=\"twitter:title\" content=\"Asesores de Arrabe Integra perciben un aumento de consultas sobre permisos retribuidos ante las elecciones | El Digital de Asturias\" \/>\n\t\t<meta name=\"twitter:description\" content=\"Las pr\u00f3ximas elecciones generales se han marcado para el pr\u00f3ximo domingo d\u00eda 10 de Noviembre. Sin entrar a valorar factores pol\u00edticos, a nivel social, vuelve a surgir la duda del ciudadano sobre el hecho de acudir a votar durante la jornada laboral. En Espa\u00f1a apenas un 23% de los trabajadores acuden en domingo a trabajar . Y\" \/>\n\t\t<meta name=\"twitter:creator\" content=\"@bercodi\" \/>\n\t\t<meta name=\"twitter:image\" content=\"https:\/\/eldigitaldeasturias.com\/radio\/wp-content\/uploads\/2019\/10\/1571124514_permisos_retribuidos_votar.jpg\" \/>\n\t\t<script type=\"application\/ld+json\" class=\"aioseo-schema\">\n\t\t\t{\"@context\":\"https:\\\/\\\/schema.org\",\"@graph\":[{\"@type\":\"BreadcrumbList\",\"@id\":\"https:\\\/\\\/eldigitaldeasturias.com\\\/radio\\\/asesores-de-arrabe-integra-perciben-un-aumento-de-consultas-sobre-permisos-retribuidos-ante-las-elecciones\\\/#breadcrumblist\",\"itemListElement\":[{\"@type\":\"ListItem\",\"@id\":\"https:\\\/\\\/eldigitaldeasturias.com\\\/radio#listItem\",\"position\":1,\"name\":\"Inicio\",\"item\":\"https:\\\/\\\/eldigitaldeasturias.com\\\/radio\",\"nextItem\":{\"@type\":\"ListItem\",\"@id\":\"https:\\\/\\\/eldigitaldeasturias.com\\\/radio\\\/category\\\/noticias\\\/#listItem\",\"name\":\"Noticias\"}},{\"@type\":\"ListItem\",\"@id\":\"https:\\\/\\\/eldigitaldeasturias.com\\\/radio\\\/category\\\/noticias\\\/#listItem\",\"position\":2,\"name\":\"Noticias\",\"item\":\"https:\\\/\\\/eldigitaldeasturias.com\\\/radio\\\/category\\\/noticias\\\/\",\"nextItem\":{\"@type\":\"ListItem\",\"@id\":\"https:\\\/\\\/eldigitaldeasturias.com\\\/radio\\\/asesores-de-arrabe-integra-perciben-un-aumento-de-consultas-sobre-permisos-retribuidos-ante-las-elecciones\\\/#listItem\",\"name\":\"Asesores de Arrabe Integra perciben un aumento de consultas sobre permisos retribuidos ante las elecciones\"},\"previousItem\":{\"@type\":\"ListItem\",\"@id\":\"https:\\\/\\\/eldigitaldeasturias.com\\\/radio#listItem\",\"name\":\"Inicio\"}},{\"@type\":\"ListItem\",\"@id\":\"https:\\\/\\\/eldigitaldeasturias.com\\\/radio\\\/asesores-de-arrabe-integra-perciben-un-aumento-de-consultas-sobre-permisos-retribuidos-ante-las-elecciones\\\/#listItem\",\"position\":3,\"name\":\"Asesores de Arrabe Integra perciben un aumento de consultas sobre permisos retribuidos ante las elecciones\",\"previousItem\":{\"@type\":\"ListItem\",\"@id\":\"https:\\\/\\\/eldigitaldeasturias.com\\\/radio\\\/category\\\/noticias\\\/#listItem\",\"name\":\"Noticias\"}}]},{\"@type\":\"NewsArticle\",\"@id\":\"https:\\\/\\\/eldigitaldeasturias.com\\\/radio\\\/asesores-de-arrabe-integra-perciben-un-aumento-de-consultas-sobre-permisos-retribuidos-ante-las-elecciones\\\/#newsarticle\",\"name\":\"Asesores de Arrabe Integra perciben un aumento de consultas sobre permisos retribuidos ante las elecciones | El Digital de Asturias\",\"headline\":\"Asesores de Arrabe Integra perciben un aumento de consultas sobre permisos retribuidos ante las elecciones\",\"author\":{\"@id\":\"https:\\\/\\\/eldigitaldeasturias.com\\\/radio\\\/author\\\/nbasturias\\\/#author\"},\"publisher\":{\"@id\":\"https:\\\/\\\/eldigitaldeasturias.com\\\/radio\\\/#organization\"},\"image\":{\"@type\":\"ImageObject\",\"url\":\"https:\\\/\\\/eldigitaldeasturias.com\\\/radio\\\/wp-content\\\/uploads\\\/2019\\\/10\\\/1571124514_permisos_retribuidos_votar.jpg\",\"width\":900,\"height\":600},\"datePublished\":\"2019-10-26T00:55:28+02:00\",\"dateModified\":\"2019-10-26T00:55:28+02:00\",\"inLanguage\":\"es-ES\",\"mainEntityOfPage\":{\"@id\":\"https:\\\/\\\/eldigitaldeasturias.com\\\/radio\\\/asesores-de-arrabe-integra-perciben-un-aumento-de-consultas-sobre-permisos-retribuidos-ante-las-elecciones\\\/#webpage\"},\"isPartOf\":{\"@id\":\"https:\\\/\\\/eldigitaldeasturias.com\\\/radio\\\/asesores-de-arrabe-integra-perciben-un-aumento-de-consultas-sobre-permisos-retribuidos-ante-las-elecciones\\\/#webpage\"},\"articleSection\":\"Noticias\",\"dateline\":\"Publicado el octubre 26, 2019.\"},{\"@type\":\"Organization\",\"@id\":\"https:\\\/\\\/eldigitaldeasturias.com\\\/radio\\\/#organization\",\"name\":\"El digital de Asturias Radio\",\"description\":\"Diario de informaci\\u00f3n y noticias\",\"url\":\"https:\\\/\\\/eldigitaldeasturias.com\\\/radio\\\/\",\"telephone\":\"+34652131393\",\"logo\":{\"@type\":\"ImageObject\",\"url\":\"https:\\\/\\\/www.eldigitaldeasturias.com\\\/radio\\\/wp-content\\\/uploads\\\/2021\\\/03\\\/EDA.jpg\",\"@id\":\"https:\\\/\\\/eldigitaldeasturias.com\\\/radio\\\/asesores-de-arrabe-integra-perciben-un-aumento-de-consultas-sobre-permisos-retribuidos-ante-las-elecciones\\\/#organizationLogo\"},\"image\":{\"@id\":\"https:\\\/\\\/eldigitaldeasturias.com\\\/radio\\\/asesores-de-arrabe-integra-perciben-un-aumento-de-consultas-sobre-permisos-retribuidos-ante-las-elecciones\\\/#organizationLogo\"},\"sameAs\":[\"https:\\\/\\\/www.facebook.com\\\/\",\"https:\\\/\\\/x.com\\\/bercodi\",\"https:\\\/\\\/www.instagram.com\\\/\",\"https:\\\/\\\/www.youtube.com\\\/channel\\\/UCZP-2wLEB9Rv6erhFmqVnvg\"]},{\"@type\":\"Person\",\"@id\":\"https:\\\/\\\/eldigitaldeasturias.com\\\/radio\\\/author\\\/nbasturias\\\/#author\",\"url\":\"https:\\\/\\\/eldigitaldeasturias.com\\\/radio\\\/author\\\/nbasturias\\\/\",\"name\":\"NBAsturias\",\"image\":{\"@type\":\"ImageObject\",\"@id\":\"https:\\\/\\\/eldigitaldeasturias.com\\\/radio\\\/asesores-de-arrabe-integra-perciben-un-aumento-de-consultas-sobre-permisos-retribuidos-ante-las-elecciones\\\/#authorImage\",\"url\":\"https:\\\/\\\/secure.gravatar.com\\\/avatar\\\/df2aeffc32bcd13f8d26072ef8a91b623d677766deac7f97ca815868cd41bf5e?s=96&d=mm&r=g\",\"width\":96,\"height\":96,\"caption\":\"NBAsturias\"}},{\"@type\":\"WebPage\",\"@id\":\"https:\\\/\\\/eldigitaldeasturias.com\\\/radio\\\/asesores-de-arrabe-integra-perciben-un-aumento-de-consultas-sobre-permisos-retribuidos-ante-las-elecciones\\\/#webpage\",\"url\":\"https:\\\/\\\/eldigitaldeasturias.com\\\/radio\\\/asesores-de-arrabe-integra-perciben-un-aumento-de-consultas-sobre-permisos-retribuidos-ante-las-elecciones\\\/\",\"name\":\"Asesores de Arrabe Integra perciben un aumento de consultas sobre permisos retribuidos ante las elecciones | El Digital de Asturias\",\"description\":\"Las pr\\u00f3ximas elecciones generales se han marcado para el pr\\u00f3ximo domingo d\\u00eda 10 de Noviembre. Sin entrar a valorar factores pol\\u00edticos, a nivel social, vuelve a surgir la duda del ciudadano sobre el hecho de acudir a votar durante la jornada laboral. En Espa\\u00f1a apenas un 23% de los trabajadores acuden en domingo a trabajar . Y\",\"inLanguage\":\"es-ES\",\"isPartOf\":{\"@id\":\"https:\\\/\\\/eldigitaldeasturias.com\\\/radio\\\/#website\"},\"breadcrumb\":{\"@id\":\"https:\\\/\\\/eldigitaldeasturias.com\\\/radio\\\/asesores-de-arrabe-integra-perciben-un-aumento-de-consultas-sobre-permisos-retribuidos-ante-las-elecciones\\\/#breadcrumblist\"},\"author\":{\"@id\":\"https:\\\/\\\/eldigitaldeasturias.com\\\/radio\\\/author\\\/nbasturias\\\/#author\"},\"creator\":{\"@id\":\"https:\\\/\\\/eldigitaldeasturias.com\\\/radio\\\/author\\\/nbasturias\\\/#author\"},\"image\":{\"@type\":\"ImageObject\",\"url\":\"https:\\\/\\\/eldigitaldeasturias.com\\\/radio\\\/wp-content\\\/uploads\\\/2019\\\/10\\\/1571124514_permisos_retribuidos_votar.jpg\",\"@id\":\"https:\\\/\\\/eldigitaldeasturias.com\\\/radio\\\/asesores-de-arrabe-integra-perciben-un-aumento-de-consultas-sobre-permisos-retribuidos-ante-las-elecciones\\\/#mainImage\",\"width\":900,\"height\":600},\"primaryImageOfPage\":{\"@id\":\"https:\\\/\\\/eldigitaldeasturias.com\\\/radio\\\/asesores-de-arrabe-integra-perciben-un-aumento-de-consultas-sobre-permisos-retribuidos-ante-las-elecciones\\\/#mainImage\"},\"datePublished\":\"2019-10-26T00:55:28+02:00\",\"dateModified\":\"2019-10-26T00:55:28+02:00\"},{\"@type\":\"WebSite\",\"@id\":\"https:\\\/\\\/eldigitaldeasturias.com\\\/radio\\\/#website\",\"url\":\"https:\\\/\\\/eldigitaldeasturias.com\\\/radio\\\/\",\"name\":\"El Digital de Asturias\",\"description\":\"Diario de informaci\\u00f3n y noticias\",\"inLanguage\":\"es-ES\",\"publisher\":{\"@id\":\"https:\\\/\\\/eldigitaldeasturias.com\\\/radio\\\/#organization\"}}]}\n\t\t<\/script>\n\t\t<!-- All in One SEO Pro -->\r\n\t\t<title>Asesores de Arrabe Integra perciben un aumento de consultas sobre permisos retribuidos ante las elecciones | El Digital de Asturias<\/title>\n\n","aioseo_head_json":{"title":"Asesores de Arrabe Integra perciben un aumento de consultas sobre permisos retribuidos ante las elecciones | El Digital de Asturias","description":"Las pr\u00f3ximas elecciones generales se han marcado para el pr\u00f3ximo domingo d\u00eda 10 de Noviembre. Sin entrar a valorar factores pol\u00edticos, a nivel social, vuelve a surgir la duda del ciudadano sobre el hecho de acudir a votar durante la jornada laboral. En Espa\u00f1a apenas un 23% de los trabajadores acuden en domingo a trabajar . Y","canonical_url":"https:\/\/eldigitaldeasturias.com\/radio\/asesores-de-arrabe-integra-perciben-un-aumento-de-consultas-sobre-permisos-retribuidos-ante-las-elecciones\/","robots":"max-image-preview:large","keywords":"noticias","webmasterTools":{"google-site-verification":"UA-38556648-1","miscellaneous":""},"schema":{"@context":"https:\/\/schema.org","@graph":[{"@type":"BreadcrumbList","@id":"https:\/\/eldigitaldeasturias.com\/radio\/asesores-de-arrabe-integra-perciben-un-aumento-de-consultas-sobre-permisos-retribuidos-ante-las-elecciones\/#breadcrumblist","itemListElement":[{"@type":"ListItem","@id":"https:\/\/eldigitaldeasturias.com\/radio#listItem","position":1,"name":"Inicio","item":"https:\/\/eldigitaldeasturias.com\/radio","nextItem":{"@type":"ListItem","@id":"https:\/\/eldigitaldeasturias.com\/radio\/category\/noticias\/#listItem","name":"Noticias"}},{"@type":"ListItem","@id":"https:\/\/eldigitaldeasturias.com\/radio\/category\/noticias\/#listItem","position":2,"name":"Noticias","item":"https:\/\/eldigitaldeasturias.com\/radio\/category\/noticias\/","nextItem":{"@type":"ListItem","@id":"https:\/\/eldigitaldeasturias.com\/radio\/asesores-de-arrabe-integra-perciben-un-aumento-de-consultas-sobre-permisos-retribuidos-ante-las-elecciones\/#listItem","name":"Asesores de Arrabe Integra perciben un aumento de consultas sobre permisos retribuidos ante las elecciones"},"previousItem":{"@type":"ListItem","@id":"https:\/\/eldigitaldeasturias.com\/radio#listItem","name":"Inicio"}},{"@type":"ListItem","@id":"https:\/\/eldigitaldeasturias.com\/radio\/asesores-de-arrabe-integra-perciben-un-aumento-de-consultas-sobre-permisos-retribuidos-ante-las-elecciones\/#listItem","position":3,"name":"Asesores de Arrabe Integra perciben un aumento de consultas sobre permisos retribuidos ante las elecciones","previousItem":{"@type":"ListItem","@id":"https:\/\/eldigitaldeasturias.com\/radio\/category\/noticias\/#listItem","name":"Noticias"}}]},{"@type":"NewsArticle","@id":"https:\/\/eldigitaldeasturias.com\/radio\/asesores-de-arrabe-integra-perciben-un-aumento-de-consultas-sobre-permisos-retribuidos-ante-las-elecciones\/#newsarticle","name":"Asesores de Arrabe Integra perciben un aumento de consultas sobre permisos retribuidos ante las elecciones | El Digital de Asturias","headline":"Asesores de Arrabe Integra perciben un aumento de consultas sobre permisos retribuidos ante las elecciones","author":{"@id":"https:\/\/eldigitaldeasturias.com\/radio\/author\/nbasturias\/#author"},"publisher":{"@id":"https:\/\/eldigitaldeasturias.com\/radio\/#organization"},"image":{"@type":"ImageObject","url":"https:\/\/eldigitaldeasturias.com\/radio\/wp-content\/uploads\/2019\/10\/1571124514_permisos_retribuidos_votar.jpg","width":900,"height":600},"datePublished":"2019-10-26T00:55:28+02:00","dateModified":"2019-10-26T00:55:28+02:00","inLanguage":"es-ES","mainEntityOfPage":{"@id":"https:\/\/eldigitaldeasturias.com\/radio\/asesores-de-arrabe-integra-perciben-un-aumento-de-consultas-sobre-permisos-retribuidos-ante-las-elecciones\/#webpage"},"isPartOf":{"@id":"https:\/\/eldigitaldeasturias.com\/radio\/asesores-de-arrabe-integra-perciben-un-aumento-de-consultas-sobre-permisos-retribuidos-ante-las-elecciones\/#webpage"},"articleSection":"Noticias","dateline":"Publicado el octubre 26, 2019."},{"@type":"Organization","@id":"https:\/\/eldigitaldeasturias.com\/radio\/#organization","name":"El digital de Asturias Radio","description":"Diario de informaci\u00f3n y noticias","url":"https:\/\/eldigitaldeasturias.com\/radio\/","telephone":"+34652131393","logo":{"@type":"ImageObject","url":"https:\/\/www.eldigitaldeasturias.com\/radio\/wp-content\/uploads\/2021\/03\/EDA.jpg","@id":"https:\/\/eldigitaldeasturias.com\/radio\/asesores-de-arrabe-integra-perciben-un-aumento-de-consultas-sobre-permisos-retribuidos-ante-las-elecciones\/#organizationLogo"},"image":{"@id":"https:\/\/eldigitaldeasturias.com\/radio\/asesores-de-arrabe-integra-perciben-un-aumento-de-consultas-sobre-permisos-retribuidos-ante-las-elecciones\/#organizationLogo"},"sameAs":["https:\/\/www.facebook.com\/","https:\/\/x.com\/bercodi","https:\/\/www.instagram.com\/","https:\/\/www.youtube.com\/channel\/UCZP-2wLEB9Rv6erhFmqVnvg"]},{"@type":"Person","@id":"https:\/\/eldigitaldeasturias.com\/radio\/author\/nbasturias\/#author","url":"https:\/\/eldigitaldeasturias.com\/radio\/author\/nbasturias\/","name":"NBAsturias","image":{"@type":"ImageObject","@id":"https:\/\/eldigitaldeasturias.com\/radio\/asesores-de-arrabe-integra-perciben-un-aumento-de-consultas-sobre-permisos-retribuidos-ante-las-elecciones\/#authorImage","url":"https:\/\/secure.gravatar.com\/avatar\/df2aeffc32bcd13f8d26072ef8a91b623d677766deac7f97ca815868cd41bf5e?s=96&d=mm&r=g","width":96,"height":96,"caption":"NBAsturias"}},{"@type":"WebPage","@id":"https:\/\/eldigitaldeasturias.com\/radio\/asesores-de-arrabe-integra-perciben-un-aumento-de-consultas-sobre-permisos-retribuidos-ante-las-elecciones\/#webpage","url":"https:\/\/eldigitaldeasturias.com\/radio\/asesores-de-arrabe-integra-perciben-un-aumento-de-consultas-sobre-permisos-retribuidos-ante-las-elecciones\/","name":"Asesores de Arrabe Integra perciben un aumento de consultas sobre permisos retribuidos ante las elecciones | El Digital de Asturias","description":"Las pr\u00f3ximas elecciones generales se han marcado para el pr\u00f3ximo domingo d\u00eda 10 de Noviembre. Sin entrar a valorar factores pol\u00edticos, a nivel social, vuelve a surgir la duda del ciudadano sobre el hecho de acudir a votar durante la jornada laboral. En Espa\u00f1a apenas un 23% de los trabajadores acuden en domingo a trabajar . Y","inLanguage":"es-ES","isPartOf":{"@id":"https:\/\/eldigitaldeasturias.com\/radio\/#website"},"breadcrumb":{"@id":"https:\/\/eldigitaldeasturias.com\/radio\/asesores-de-arrabe-integra-perciben-un-aumento-de-consultas-sobre-permisos-retribuidos-ante-las-elecciones\/#breadcrumblist"},"author":{"@id":"https:\/\/eldigitaldeasturias.com\/radio\/author\/nbasturias\/#author"},"creator":{"@id":"https:\/\/eldigitaldeasturias.com\/radio\/author\/nbasturias\/#author"},"image":{"@type":"ImageObject","url":"https:\/\/eldigitaldeasturias.com\/radio\/wp-content\/uploads\/2019\/10\/1571124514_permisos_retribuidos_votar.jpg","@id":"https:\/\/eldigitaldeasturias.com\/radio\/asesores-de-arrabe-integra-perciben-un-aumento-de-consultas-sobre-permisos-retribuidos-ante-las-elecciones\/#mainImage","width":900,"height":600},"primaryImageOfPage":{"@id":"https:\/\/eldigitaldeasturias.com\/radio\/asesores-de-arrabe-integra-perciben-un-aumento-de-consultas-sobre-permisos-retribuidos-ante-las-elecciones\/#mainImage"},"datePublished":"2019-10-26T00:55:28+02:00","dateModified":"2019-10-26T00:55:28+02:00"},{"@type":"WebSite","@id":"https:\/\/eldigitaldeasturias.com\/radio\/#website","url":"https:\/\/eldigitaldeasturias.com\/radio\/","name":"El Digital de Asturias","description":"Diario de informaci\u00f3n y noticias","inLanguage":"es-ES","publisher":{"@id":"https:\/\/eldigitaldeasturias.com\/radio\/#organization"}}]},"og:locale":"es_ES","og:site_name":"El Digital de Asturias | Diario de informaci\u00f3n y noticias","og:type":"article","og:title":"Asesores de Arrabe Integra perciben un aumento de consultas sobre permisos retribuidos ante las elecciones | El Digital de Asturias","og:description":"Las pr\u00f3ximas elecciones generales se han marcado para el pr\u00f3ximo domingo d\u00eda 10 de Noviembre. Sin entrar a valorar factores pol\u00edticos, a nivel social, vuelve a surgir la duda del ciudadano sobre el hecho de acudir a votar durante la jornada laboral. En Espa\u00f1a apenas un 23% de los trabajadores acuden en domingo a trabajar . Y","og:url":"https:\/\/eldigitaldeasturias.com\/radio\/asesores-de-arrabe-integra-perciben-un-aumento-de-consultas-sobre-permisos-retribuidos-ante-las-elecciones\/","og:image":"https:\/\/eldigitaldeasturias.com\/radio\/wp-content\/uploads\/2019\/10\/1571124514_permisos_retribuidos_votar.jpg","og:image:secure_url":"https:\/\/eldigitaldeasturias.com\/radio\/wp-content\/uploads\/2019\/10\/1571124514_permisos_retribuidos_votar.jpg","og:image:width":900,"og:image:height":600,"article:published_time":"2019-10-26T00:55:28+00:00","article:modified_time":"2019-10-26T00:55:28+00:00","twitter:card":"summary_large_image","twitter:site":"@bercodi","twitter:title":"Asesores de Arrabe Integra perciben un aumento de consultas sobre permisos retribuidos ante las elecciones | El Digital de Asturias","twitter:description":"Las pr\u00f3ximas elecciones generales se han marcado para el pr\u00f3ximo domingo d\u00eda 10 de Noviembre. Sin entrar a valorar factores pol\u00edticos, a nivel social, vuelve a surgir la duda del ciudadano sobre el hecho de acudir a votar durante la jornada laboral. En Espa\u00f1a apenas un 23% de los trabajadores acuden en domingo a trabajar . Y","twitter:creator":"@bercodi","twitter:image":"https:\/\/eldigitaldeasturias.com\/radio\/wp-content\/uploads\/2019\/10\/1571124514_permisos_retribuidos_votar.jpg"},"aioseo_meta_data":{"post_id":"3323","title":null,"description":null,"keywords":null,"keyphrases":null,"primary_term":null,"canonical_url":null,"og_title":null,"og_description":null,"og_object_type":"default","og_image_type":"default","og_image_url":null,"og_image_width":null,"og_image_height":null,"og_image_custom_url":null,"og_image_custom_fields":null,"og_video":null,"og_custom_url":null,"og_article_section":null,"og_article_tags":null,"twitter_use_og":false,"twitter_card":"default","twitter_image_type":"default","twitter_image_url":null,"twitter_image_custom_url":null,"twitter_image_custom_fields":null,"twitter_title":null,"twitter_description":null,"schema":{"blockGraphs":[],"customGraphs":[],"default":{"data":{"Article":[],"Course":[],"Dataset":[],"FAQPage":[],"Movie":[],"Person":[],"Product":[],"ProductReview":[],"Car":[],"Recipe":[],"Service":[],"SoftwareApplication":[],"WebPage":[]},"graphName":"","isEnabled":true},"graphs":[],"defaultGraph":"","defaultPostTypeGraph":""},"schema_type":null,"schema_type_options":null,"pillar_content":false,"robots_default":true,"robots_noindex":false,"robots_noarchive":false,"robots_nosnippet":false,"robots_nofollow":false,"robots_noimageindex":false,"robots_noodp":false,"robots_notranslate":false,"robots_max_snippet":null,"robots_max_videopreview":null,"robots_max_imagepreview":"large","priority":null,"frequency":null,"location":null,"local_seo":null,"seo_analyzer_scan_date":"2025-08-28 14:00:27","breadcrumb_settings":null,"limit_modified_date":false,"open_ai":null,"ai":null,"created":"2021-03-28 09:43:38","updated":"2025-08-28 14:00:27"},"aioseo_breadcrumb":"<div class=\"aioseo-breadcrumbs\"><span class=\"aioseo-breadcrumb\">\n\t<a href=\"https:\/\/eldigitaldeasturias.com\/radio\" title=\"Inicio\">Inicio<\/a>\n<\/span><span class=\"aioseo-breadcrumb-separator\">&ndash;<\/span><span class=\"aioseo-breadcrumb\">\n\t<a href=\"https:\/\/eldigitaldeasturias.com\/radio\/category\/noticias\/\" title=\"Noticias\">Noticias<\/a>\n<\/span><span class=\"aioseo-breadcrumb-separator\">&ndash;<\/span><span class=\"aioseo-breadcrumb\">\n\tAsesores de Arrabe Integra perciben un aumento de consultas sobre permisos retribuidos ante las elecciones\n<\/span><\/div>","aioseo_breadcrumb_json":[{"label":"Inicio","link":"https:\/\/eldigitaldeasturias.com\/radio"},{"label":"Noticias","link":"https:\/\/eldigitaldeasturias.com\/radio\/category\/noticias\/"},{"label":"Asesores de Arrabe Integra perciben un aumento de consultas sobre permisos retribuidos ante las elecciones","link":"https:\/\/eldigitaldeasturias.com\/radio\/asesores-de-arrabe-integra-perciben-un-aumento-de-consultas-sobre-permisos-retribuidos-ante-las-elecciones\/"}],"_links":{"self":[{"href":"https:\/\/eldigitaldeasturias.com\/radio\/wp-json\/wp\/v2\/posts\/3323","targetHints":{"allow":["GET"]}}],"collection":[{"href":"https:\/\/eldigitaldeasturias.com\/radio\/wp-json\/wp\/v2\/posts"}],"about":[{"href":"https:\/\/eldigitaldeasturias.com\/radio\/wp-json\/wp\/v2\/types\/post"}],"author":[{"embeddable":true,"href":"https:\/\/eldigitaldeasturias.com\/radio\/wp-json\/wp\/v2\/users\/1"}],"replies":[{"embeddable":true,"href":"https:\/\/eldigitaldeasturias.com\/radio\/wp-json\/wp\/v2\/comments?post=3323"}],"version-history":[{"count":0,"href":"https:\/\/eldigitaldeasturias.com\/radio\/wp-json\/wp\/v2\/posts\/3323\/revisions"}],"wp:featuredmedia":[{"embeddable":true,"href":"https:\/\/eldigitaldeasturias.com\/radio\/wp-json\/wp\/v2\/media\/3324"}],"wp:attachment":[{"href":"https:\/\/eldigitaldeasturias.com\/radio\/wp-json\/wp\/v2\/media?parent=3323"}],"wp:term":[{"taxonomy":"category","embeddable":true,"href":"https:\/\/eldigitaldeasturias.com\/radio\/wp-json\/wp\/v2\/categories?post=3323"},{"taxonomy":"post_tag","embeddable":true,"href":"https:\/\/eldigitaldeasturias.com\/radio\/wp-json\/wp\/v2\/tags?post=3323"}],"curies":[{"name":"wp","href":"https:\/\/api.w.org\/{rel}","templated":true}]}}